{"id":13545,"date":"2021-04-27T10:51:10","date_gmt":"2021-04-27T08:51:10","guid":{"rendered":"https:\/\/exaudi.org\/?p=13545"},"modified":"2021-04-27T15:51:02","modified_gmt":"2021-04-27T13:51:02","slug":"venerable-enrique-shaw-primer-empresario-camino-altares-2021","status":"publish","type":"post","link":"https:\/\/exaudi.org\/es\/venerable-enrique-shaw-primer-empresario-camino-altares-2021\/","title":{"rendered":"Venerable Enrique Shaw, primer empresario camino de los altares"},"content":{"rendered":"<p>El pasado s\u00e1bado 24 de abril de 2021, el Papa Francisco recibi\u00f3 en audiencia al cardenal Marcello Semeraro, prefecto de la\u00a0<a href=\"http:\/\/www.causesanti.va\/it.html\" target=\"_blank\" rel=\"noopener noreferrer\">Congregaci\u00f3n de las Causas de los Santos<\/a>, para promulgar el decreto que <a href=\"https:\/\/exaudi.org\/es\/papa-virtudes-heroicas-de-amparo-portilla-y-ernesto-shaw\/\" target=\"_blank\" rel=\"noopener noreferrer\">reconoce las virtudes heroicas de Enrique Shaw<\/a>, laico y padre de familia argentino, por lo que se le concede el t\u00edtulo de venerable, siendo el primer empresario camino de los altares.<\/p>\n<h4><strong>Venerable Enrique Shaw<\/strong><\/h4>\n<p>Tal y como informa la <a href=\"https:\/\/aica.org\/\" target=\"_blank\" rel=\"noopener noreferrer\">agencia de noticias AICA<\/a>, Enrique Shaw naci\u00f3 el 26 de febrero de 1921 en Par\u00eds, Francia. Perdi\u00f3 a su madre siendo muy peque\u00f1o en 1925, y su padre, cumpliendo con el pedido de su esposa, confi\u00f3 la formaci\u00f3n de su hijo a un sacerdote.<\/p>\n<p>Fue alumno del Colegio de La Salle y despu\u00e9s ingres\u00f3 en la Escuela Naval Militar, donde aflor\u00f3 su extraordinario testimonio de fe. Mientras surcaba los mares del sur descubri\u00f3 su compromiso por la labor apost\u00f3lica. En 1943 se cas\u00f3 con Cecilia Bunge, con quien tuvo hasta nueve hijos. En 1945 pidi\u00f3 la baja en la Armada Argentina para responder a su vocaci\u00f3n por Dios con una especial misi\u00f3n.<\/p>\n<p>Su coraz\u00f3n lo llev\u00f3 a querer convertirse en obrero, pero el consejo de un sacerdote le abri\u00f3 otra perspectiva y decidi\u00f3 llevar el Evangelio al empresariado. Lleg\u00f3 a ser director delegado en Cristaler\u00edas Rigolleau S.A. siendo un ejemplo en la direcci\u00f3n de la empresa, que se preocup\u00f3 por cada empleado como si se tratara de un hermano, dando sin medir a todos los que necesitaban algo de \u00e9l hasta el d\u00eda de su muerte.<\/p>\n<p>Desde muy joven, Shaw tuvo el prop\u00f3sito de avanzar en el camino de la santidad. Su vida fue testimonio de virtudes cristianas, demostr\u00f3 que es posible conducir con eficacia una empresa aplicando los principios de la Doctrina Social de la Iglesia.<\/p>\n<p>Fue uno de los impulsores de la creaci\u00f3n de la <a href=\"https:\/\/acde.org.ar\/\" target=\"_blank\" rel=\"noopener noreferrer\">Asociaci\u00f3n Cristiana de Dirigentes de Empresa (ACDE)<\/a> y fue su primer presidente. Integr\u00f3 el Primer Consejo de Administraci\u00f3n de la UCA, trabaj\u00f3 para conformar la <a href=\"http:\/\/www.accioncatolica.org.ar\/\" target=\"_blank\" rel=\"noopener noreferrer\">Acci\u00f3n Cat\u00f3lica Argentina (ACA)<\/a> y el <a href=\"https:\/\/movimientofamiliarcristiano.es\/\" target=\"_blank\" rel=\"noopener noreferrer\">Movimiento Familiar Cristiano (MFC)<\/a> y promovi\u00f3 la sanci\u00f3n de la Ley de Asignaciones Familiares.<\/p>\n<h4><strong>Alegr\u00eda en la Iglesia argentina<\/strong><\/h4>\n<p>Seg\u00fan indic\u00f3 el Consejo Episcopal Latinoamericano en un art\u00edculo, la noticia del reconocimiento de las virtudes heroicas de Enrique Shaw ha provocado una gran alegr\u00eda en la Iglesia argentina. Fue monse\u00f1or Santiago Oliveira, delegado para la Congregaci\u00f3n para las Causas de los Santos de la <a href=\"https:\/\/www.episcopado.org\/\" target=\"_blank\" rel=\"noopener noreferrer\">Conferencia Episcopal Argentina (CEA)<\/a>, quien defini\u00f3 al venerable como alguien que \u201csupo integrar en su vida cotidiana la respuesta evang\u00e9lica bautismal de la santidad\u201d.<\/p>\n<p>El obispo castrense afirm\u00f3 que \u201cse estudiar\u00e1 a partir de ahora en Roma un presunto milagro atribuido a la intercesi\u00f3n del venerable Enrique Shaw\u201d, por lo que pidi\u00f3 oraciones. El texto, que recoge una oraci\u00f3n en la que se pide la intercesi\u00f3n del nuevo Siervo de Dios, llama a \u201c\u00a1que pronto pueda ser beatificado y canonizado!\u201d.<\/p>\n","protected":false},"excerpt":{"rendered":"<p>El Papa reconoci\u00f3 sus virtudes heroicas<\/p>\n","protected":false},"author":6,"featured_media":13553,"comment_status":"closed","ping_status":"closed","sticky":false,"template":"","format":"standard","meta":{"_acf_changed":false,"_crdt_document":"","inline_featured_image":false,"footnotes":""},"categories":[98,298],"tags":[1634,1929],"class_list":["post-13545","post","type-post","status-publish","format-standard","has-post-thumbnail","hentry","category-testimonios","category-ultimas-noticias","tag-congregacion-para-las-causas-de-los-santos","tag-enrique-shaw"],"acf":[],"yoast_head":"<!-- This site is optimized with the Yoast SEO plugin v27.5 - https:\/\/yoast.com\/product\/yoast-seo-wordpress\/ -->\n<title>Venerable Enrique Shaw, primer empresario camino de los altares - Exaudi<\/title>\n<meta name=\"description\" content=\"El Papa Francisco reconoci\u00f3 las virtudes heroicas de Enrique Shaw, laico y padre de familia argentino y primer empresario venerable.\" \/>\n<meta name=\"robots\" content=\"index, follow, max-snippet:-1, max-image-preview:large, max-video-preview:-1\" \/>\n<link rel=\"canonical\" href=\"https:\/\/exaudi.org\/es\/venerable-enrique-shaw-primer-empresario-camino-altares-2021\/\" \/>\n<meta property=\"og:locale\" content=\"es_ES\" \/>\n<meta property=\"og:type\" content=\"article\" \/>\n<meta property=\"og:title\" content=\"Venerable Enrique Shaw, primer empresario camino de los altares - Exaudi\" \/>\n<meta property=\"og:description\" content=\"El Papa Francisco reconoci\u00f3 las virtudes heroicas de Enrique Shaw, laico y padre de familia argentino y primer empresario venerable.\" \/>\n<meta property=\"og:url\" content=\"https:\/\/exaudi.org\/es\/venerable-enrique-shaw-primer-empresario-camino-altares-2021\/\" \/>\n<meta property=\"og:site_name\" content=\"Exaudi\" \/>\n<meta property=\"article:publisher\" content=\"https:\/\/www.facebook.com\/ExaudiNews\" \/>\n<meta property=\"article:published_time\" content=\"2021-04-27T08:51:10+00:00\" \/>\n<meta property=\"article:modified_time\" content=\"2021-04-27T13:51:02+00:00\" \/>\n<meta property=\"og:image\" content=\"https:\/\/exaudi.org\/wp-content\/uploads\/2021\/04\/Enrique-Shaw-1.jpg\" \/>\n\t<meta property=\"og:image:width\" content=\"714\" \/>\n\t<meta property=\"og:image:height\" content=\"401\" \/>\n\t<meta property=\"og:image:type\" content=\"image\/jpeg\" \/>\n<meta name=\"author\" content=\"Gabriel Sales\" \/>\n<meta name=\"twitter:card\" content=\"summary_large_image\" \/>\n<meta name=\"twitter:creator\" content=\"@habemusman\" \/>\n<meta name=\"twitter:site\" content=\"@Exaudi_News\" \/>\n<meta name=\"twitter:label1\" content=\"Escrito por\" \/>\n\t<meta name=\"twitter:data1\" content=\"Gabriel Sales\" \/>\n\t<meta name=\"twitter:label2\" content=\"Tiempo de lectura\" \/>\n\t<meta name=\"twitter:data2\" content=\"3 minutos\" \/>\n<script type=\"application\/ld+json\" class=\"yoast-schema-graph\">{\"@context\":\"https:\\\/\\\/schema.org\",\"@graph\":[{\"@type\":\"Article\",\"@id\":\"https:\\\/\\\/exaudi.org\\\/es\\\/venerable-enrique-shaw-primer-empresario-camino-altares-2021\\\/#article\",\"isPartOf\":{\"@id\":\"https:\\\/\\\/exaudi.org\\\/es\\\/venerable-enrique-shaw-primer-empresario-camino-altares-2021\\\/\"},\"author\":{\"name\":\"Gabriel Sales\",\"@id\":\"https:\\\/\\\/exaudi.org\\\/#\\\/schema\\\/person\\\/d134b96438278131ce90c90c03fda6cd\"},\"headline\":\"Venerable Enrique Shaw, primer empresario camino de los altares\",\"datePublished\":\"2021-04-27T08:51:10+00:00\",\"dateModified\":\"2021-04-27T13:51:02+00:00\",\"mainEntityOfPage\":{\"@id\":\"https:\\\/\\\/exaudi.org\\\/es\\\/venerable-enrique-shaw-primer-empresario-camino-altares-2021\\\/\"},\"wordCount\":518,\"image\":{\"@id\":\"https:\\\/\\\/exaudi.org\\\/es\\\/venerable-enrique-shaw-primer-empresario-camino-altares-2021\\\/#primaryimage\"},\"thumbnailUrl\":\"https:\\\/\\\/exaudi.org\\\/wp-content\\\/uploads\\\/2021\\\/04\\\/Enrique-Shaw-1.jpg\",\"keywords\":[\"Congregaci\u00f3n para las Causas de los Santos\",\"Enrique Shaw\"],\"articleSection\":[\"Testimonios\",\"\u00daltimas noticias\"],\"inLanguage\":\"es\"},{\"@type\":\"WebPage\",\"@id\":\"https:\\\/\\\/exaudi.org\\\/es\\\/venerable-enrique-shaw-primer-empresario-camino-altares-2021\\\/\",\"url\":\"https:\\\/\\\/exaudi.org\\\/es\\\/venerable-enrique-shaw-primer-empresario-camino-altares-2021\\\/\",\"name\":\"Venerable Enrique Shaw, primer empresario camino de los altares - Exaudi\",\"isPartOf\":{\"@id\":\"https:\\\/\\\/exaudi.org\\\/#website\"},\"primaryImageOfPage\":{\"@id\":\"https:\\\/\\\/exaudi.org\\\/es\\\/venerable-enrique-shaw-primer-empresario-camino-altares-2021\\\/#primaryimage\"},\"image\":{\"@id\":\"https:\\\/\\\/exaudi.org\\\/es\\\/venerable-enrique-shaw-primer-empresario-camino-altares-2021\\\/#primaryimage\"},\"thumbnailUrl\":\"https:\\\/\\\/exaudi.org\\\/wp-content\\\/uploads\\\/2021\\\/04\\\/Enrique-Shaw-1.jpg\",\"datePublished\":\"2021-04-27T08:51:10+00:00\",\"dateModified\":\"2021-04-27T13:51:02+00:00\",\"author\":{\"@id\":\"https:\\\/\\\/exaudi.org\\\/#\\\/schema\\\/person\\\/d134b96438278131ce90c90c03fda6cd\"},\"description\":\"El Papa Francisco reconoci\u00f3 las virtudes heroicas de Enrique Shaw, laico y padre de familia argentino y primer empresario venerable.\",\"breadcrumb\":{\"@id\":\"https:\\\/\\\/exaudi.org\\\/es\\\/venerable-enrique-shaw-primer-empresario-camino-altares-2021\\\/#breadcrumb\"},\"inLanguage\":\"es\",\"potentialAction\":[{\"@type\":\"ReadAction\",\"target\":[\"https:\\\/\\\/exaudi.org\\\/es\\\/venerable-enrique-shaw-primer-empresario-camino-altares-2021\\\/\"]}]},{\"@type\":\"ImageObject\",\"inLanguage\":\"es\",\"@id\":\"https:\\\/\\\/exaudi.org\\\/es\\\/venerable-enrique-shaw-primer-empresario-camino-altares-2021\\\/#primaryimage\",\"url\":\"https:\\\/\\\/exaudi.org\\\/wp-content\\\/uploads\\\/2021\\\/04\\\/Enrique-Shaw-1.jpg\",\"contentUrl\":\"https:\\\/\\\/exaudi.org\\\/wp-content\\\/uploads\\\/2021\\\/04\\\/Enrique-Shaw-1.jpg\",\"width\":714,\"height\":401,\"caption\":\"Enrique Shaw \u00a9 AICA\"},{\"@type\":\"BreadcrumbList\",\"@id\":\"https:\\\/\\\/exaudi.org\\\/es\\\/venerable-enrique-shaw-primer-empresario-camino-altares-2021\\\/#breadcrumb\",\"itemListElement\":[{\"@type\":\"ListItem\",\"position\":1,\"name\":\"Portada\",\"item\":\"https:\\\/\\\/exaudi.org\\\/es\\\/\"},{\"@type\":\"ListItem\",\"position\":2,\"name\":\"Venerable Enrique Shaw, primer empresario camino de los altares\"}]},{\"@type\":\"WebSite\",\"@id\":\"https:\\\/\\\/exaudi.org\\\/#website\",\"url\":\"https:\\\/\\\/exaudi.org\\\/\",\"name\":\"Exaudi\",\"description\":\"News\",\"potentialAction\":[{\"@type\":\"SearchAction\",\"target\":{\"@type\":\"EntryPoint\",\"urlTemplate\":\"https:\\\/\\\/exaudi.org\\\/?s={search_term_string}\"},\"query-input\":{\"@type\":\"PropertyValueSpecification\",\"valueRequired\":true,\"valueName\":\"search_term_string\"}}],\"inLanguage\":\"es\"},{\"@type\":\"Person\",\"@id\":\"https:\\\/\\\/exaudi.org\\\/#\\\/schema\\\/person\\\/d134b96438278131ce90c90c03fda6cd\",\"name\":\"Gabriel Sales\",\"image\":{\"@type\":\"ImageObject\",\"inLanguage\":\"es\",\"@id\":\"https:\\\/\\\/secure.gravatar.com\\\/avatar\\\/9b1269566f6a063ed26ffb3532b66a373cdde231ce5d0effb266167437fdaffd?s=96&d=mm&r=g\",\"url\":\"https:\\\/\\\/secure.gravatar.com\\\/avatar\\\/9b1269566f6a063ed26ffb3532b66a373cdde231ce5d0effb266167437fdaffd?s=96&d=mm&r=g\",\"contentUrl\":\"https:\\\/\\\/secure.gravatar.com\\\/avatar\\\/9b1269566f6a063ed26ffb3532b66a373cdde231ce5d0effb266167437fdaffd?s=96&d=mm&r=g\",\"caption\":\"Gabriel Sales\"},\"description\":\"Periodista y especialista en Comunicaci\u00f3n y Branding digital. Cin\u00e9filo y cr\u00edtico de cine y series de televisi\u00f3n.\",\"sameAs\":[\"https:\\\/\\\/www.instagram.com\\\/cine90segundos\\\/\",\"www.linkedin.com\\\/in\\\/habemusman\",\"https:\\\/\\\/x.com\\\/habemusman\",\"https:\\\/\\\/www.youtube.com\\\/channel\\\/UCVfCiOMkJ_C7T7OpyjuaLDg\"],\"url\":\"https:\\\/\\\/exaudi.org\\\/es\\\/author\\\/gsalesexaudi-org\\\/\"}]}<\/script>\n<!-- \/ Yoast SEO plugin. -->","yoast_head_json":{"title":"Venerable Enrique Shaw, primer empresario camino de los altares - Exaudi","description":"El Papa Francisco reconoci\u00f3 las virtudes heroicas de Enrique Shaw, laico y padre de familia argentino y primer empresario venerable.","robots":{"index":"index","follow":"follow","max-snippet":"max-snippet:-1","max-image-preview":"max-image-preview:large","max-video-preview":"max-video-preview:-1"},"canonical":"https:\/\/exaudi.org\/es\/venerable-enrique-shaw-primer-empresario-camino-altares-2021\/","og_locale":"es_ES","og_type":"article","og_title":"Venerable Enrique Shaw, primer empresario camino de los altares - Exaudi","og_description":"El Papa Francisco reconoci\u00f3 las virtudes heroicas de Enrique Shaw, laico y padre de familia argentino y primer empresario venerable.","og_url":"https:\/\/exaudi.org\/es\/venerable-enrique-shaw-primer-empresario-camino-altares-2021\/","og_site_name":"Exaudi","article_publisher":"https:\/\/www.facebook.com\/ExaudiNews","article_published_time":"2021-04-27T08:51:10+00:00","article_modified_time":"2021-04-27T13:51:02+00:00","og_image":[{"width":714,"height":401,"url":"https:\/\/exaudi.org\/wp-content\/uploads\/2021\/04\/Enrique-Shaw-1.jpg","type":"image\/jpeg"}],"author":"Gabriel Sales","twitter_card":"summary_large_image","twitter_creator":"@habemusman","twitter_site":"@Exaudi_News","twitter_misc":{"Escrito por":"Gabriel Sales","Tiempo de lectura":"3 minutos"},"schema":{"@context":"https:\/\/schema.org","@graph":[{"@type":"Article","@id":"https:\/\/exaudi.org\/es\/venerable-enrique-shaw-primer-empresario-camino-altares-2021\/#article","isPartOf":{"@id":"https:\/\/exaudi.org\/es\/venerable-enrique-shaw-primer-empresario-camino-altares-2021\/"},"author":{"name":"Gabriel Sales","@id":"https:\/\/exaudi.org\/#\/schema\/person\/d134b96438278131ce90c90c03fda6cd"},"headline":"Venerable Enrique Shaw, primer empresario camino de los altares","datePublished":"2021-04-27T08:51:10+00:00","dateModified":"2021-04-27T13:51:02+00:00","mainEntityOfPage":{"@id":"https:\/\/exaudi.org\/es\/venerable-enrique-shaw-primer-empresario-camino-altares-2021\/"},"wordCount":518,"image":{"@id":"https:\/\/exaudi.org\/es\/venerable-enrique-shaw-primer-empresario-camino-altares-2021\/#primaryimage"},"thumbnailUrl":"https:\/\/exaudi.org\/wp-content\/uploads\/2021\/04\/Enrique-Shaw-1.jpg","keywords":["Congregaci\u00f3n para las Causas de los Santos","Enrique Shaw"],"articleSection":["Testimonios","\u00daltimas noticias"],"inLanguage":"es"},{"@type":"WebPage","@id":"https:\/\/exaudi.org\/es\/venerable-enrique-shaw-primer-empresario-camino-altares-2021\/","url":"https:\/\/exaudi.org\/es\/venerable-enrique-shaw-primer-empresario-camino-altares-2021\/","name":"Venerable Enrique Shaw, primer empresario camino de los altares - Exaudi","isPartOf":{"@id":"https:\/\/exaudi.org\/#website"},"primaryImageOfPage":{"@id":"https:\/\/exaudi.org\/es\/venerable-enrique-shaw-primer-empresario-camino-altares-2021\/#primaryimage"},"image":{"@id":"https:\/\/exaudi.org\/es\/venerable-enrique-shaw-primer-empresario-camino-altares-2021\/#primaryimage"},"thumbnailUrl":"https:\/\/exaudi.org\/wp-content\/uploads\/2021\/04\/Enrique-Shaw-1.jpg","datePublished":"2021-04-27T08:51:10+00:00","dateModified":"2021-04-27T13:51:02+00:00","author":{"@id":"https:\/\/exaudi.org\/#\/schema\/person\/d134b96438278131ce90c90c03fda6cd"},"description":"El Papa Francisco reconoci\u00f3 las virtudes heroicas de Enrique Shaw, laico y padre de familia argentino y primer empresario venerable.","breadcrumb":{"@id":"https:\/\/exaudi.org\/es\/venerable-enrique-shaw-primer-empresario-camino-altares-2021\/#breadcrumb"},"inLanguage":"es","potentialAction":[{"@type":"ReadAction","target":["https:\/\/exaudi.org\/es\/venerable-enrique-shaw-primer-empresario-camino-altares-2021\/"]}]},{"@type":"ImageObject","inLanguage":"es","@id":"https:\/\/exaudi.org\/es\/venerable-enrique-shaw-primer-empresario-camino-altares-2021\/#primaryimage","url":"https:\/\/exaudi.org\/wp-content\/uploads\/2021\/04\/Enrique-Shaw-1.jpg","contentUrl":"https:\/\/exaudi.org\/wp-content\/uploads\/2021\/04\/Enrique-Shaw-1.jpg","width":714,"height":401,"caption":"Enrique Shaw \u00a9 AICA"},{"@type":"BreadcrumbList","@id":"https:\/\/exaudi.org\/es\/venerable-enrique-shaw-primer-empresario-camino-altares-2021\/#breadcrumb","itemListElement":[{"@type":"ListItem","position":1,"name":"Portada","item":"https:\/\/exaudi.org\/es\/"},{"@type":"ListItem","position":2,"name":"Venerable Enrique Shaw, primer empresario camino de los altares"}]},{"@type":"WebSite","@id":"https:\/\/exaudi.org\/#website","url":"https:\/\/exaudi.org\/","name":"Exaudi","description":"News","potentialAction":[{"@type":"SearchAction","target":{"@type":"EntryPoint","urlTemplate":"https:\/\/exaudi.org\/?s={search_term_string}"},"query-input":{"@type":"PropertyValueSpecification","valueRequired":true,"valueName":"search_term_string"}}],"inLanguage":"es"},{"@type":"Person","@id":"https:\/\/exaudi.org\/#\/schema\/person\/d134b96438278131ce90c90c03fda6cd","name":"Gabriel Sales","image":{"@type":"ImageObject","inLanguage":"es","@id":"https:\/\/secure.gravatar.com\/avatar\/9b1269566f6a063ed26ffb3532b66a373cdde231ce5d0effb266167437fdaffd?s=96&d=mm&r=g","url":"https:\/\/secure.gravatar.com\/avatar\/9b1269566f6a063ed26ffb3532b66a373cdde231ce5d0effb266167437fdaffd?s=96&d=mm&r=g","contentUrl":"https:\/\/secure.gravatar.com\/avatar\/9b1269566f6a063ed26ffb3532b66a373cdde231ce5d0effb266167437fdaffd?s=96&d=mm&r=g","caption":"Gabriel Sales"},"description":"Periodista y especialista en Comunicaci\u00f3n y Branding digital. Cin\u00e9filo y cr\u00edtico de cine y series de televisi\u00f3n.","sameAs":["https:\/\/www.instagram.com\/cine90segundos\/","www.linkedin.com\/in\/habemusman","https:\/\/x.com\/habemusman","https:\/\/www.youtube.com\/channel\/UCVfCiOMkJ_C7T7OpyjuaLDg"],"url":"https:\/\/exaudi.org\/es\/author\/gsalesexaudi-org\/"}]}},"jetpack_featured_media_url":"https:\/\/exaudi.org\/wp-content\/uploads\/2021\/04\/Enrique-Shaw-1.jpg","jetpack_shortlink":"https:\/\/wp.me\/pgKjF2-3wt","_links":{"self":[{"href":"https:\/\/exaudi.org\/es\/wp-json\/wp\/v2\/posts\/13545","targetHints":{"allow":["GET"]}}],"collection":[{"href":"https:\/\/exaudi.org\/es\/wp-json\/wp\/v2\/posts"}],"about":[{"href":"https:\/\/exaudi.org\/es\/wp-json\/wp\/v2\/types\/post"}],"author":[{"embeddable":true,"href":"https:\/\/exaudi.org\/es\/wp-json\/wp\/v2\/users\/6"}],"replies":[{"embeddable":true,"href":"https:\/\/exaudi.org\/es\/wp-json\/wp\/v2\/comments?post=13545"}],"version-history":[{"count":0,"href":"https:\/\/exaudi.org\/es\/wp-json\/wp\/v2\/posts\/13545\/revisions"}],"wp:featuredmedia":[{"embeddable":true,"href":"https:\/\/exaudi.org\/es\/wp-json\/wp\/v2\/media\/13553"}],"wp:attachment":[{"href":"https:\/\/exaudi.org\/es\/wp-json\/wp\/v2\/media?parent=13545"}],"wp:term":[{"taxonomy":"category","embeddable":true,"href":"https:\/\/exaudi.org\/es\/wp-json\/wp\/v2\/categories?post=13545"},{"taxonomy":"post_tag","embeddable":true,"href":"https:\/\/exaudi.org\/es\/wp-json\/wp\/v2\/tags?post=13545"}],"curies":[{"name":"wp","href":"https:\/\/api.w.org\/{rel}","templated":true}]}}