{"id":135045,"date":"2025-09-16T07:55:21","date_gmt":"2025-09-16T05:55:21","guid":{"rendered":"https:\/\/exaudi.org\/?p=135045"},"modified":"2025-09-16T09:51:06","modified_gmt":"2025-09-16T07:51:06","slug":"nuevo-pelicula-sobre-carlos-acutis-presentada-al-papa-leon-y-a-sus-papas","status":"publish","type":"post","link":"https:\/\/exaudi.org\/es\/nuevo-pelicula-sobre-carlos-acutis-presentada-al-papa-leon-y-a-sus-papas\/","title":{"rendered":"Nuevo pel\u00edcula sobre Carlos Acutis presentada al Papa Le\u00f3n y a sus pap\u00e1s"},"content":{"rendered":"<p>Juan Carlos Carredano, productor mexicano y CEO de <strong>CCC of America<\/strong>, tuvo el honor de saludar personalmente al Santo Padre Le\u00f3n en el Vaticano y entregarle la primera copia oficial de la \u00fanica pel\u00edcula animada en su tipo sobre el nuevo Santo, <strong>Carlo Acutis<\/strong>. El <strong>Papa Le\u00f3n<\/strong> visiblemente contento, agradeci\u00f3 el gesto invitando a seguir compartiendo este tipo de historias en los medios de comunicaci\u00f3n. Al t\u00e9rmino del saludo, extendi\u00f3 sus saludos y agradecimiento a todos quienes hicieron posible este proyecto. Este momento hist\u00f3rico refleja nuestro profundo deseo de llevar el testimonio luminoso de este \u201cinfluencer de Dios\u201d al coraz\u00f3n de la Iglesia y a todo el mundo.<\/p>\n<p>Previamente a la audiencia, otra copia tambi\u00e9n fue entregada a los padres del reci\u00e9n nombrado Santo. Antonia, su madre, conmovida y quien esperaba con gusto el t\u00e9rmino del proyecto, expres\u00f3 gran gratitud y comparti\u00f3 ideas valiosas para seguir transmitiendo el legado de su hijo.<\/p>\n<p><img data-recalc-dims=\"1\" fetchpriority=\"high\" decoding=\"async\" class=\"size-full wp-image-135050 alignnone\" src=\"https:\/\/i0.wp.com\/exaudi.org\/wp-content\/uploads\/2025\/09\/WhatsApp-Image-2025-09-15-at-21.00.16.jpeg?resize=1600%2C1502&#038;ssl=1\" alt=\"\" width=\"1600\" height=\"1502\" srcset=\"https:\/\/i0.wp.com\/exaudi.org\/wp-content\/uploads\/2025\/09\/WhatsApp-Image-2025-09-15-at-21.00.16.jpeg?w=1600&amp;ssl=1 1600w, https:\/\/i0.wp.com\/exaudi.org\/wp-content\/uploads\/2025\/09\/WhatsApp-Image-2025-09-15-at-21.00.16.jpeg?resize=300%2C282&amp;ssl=1 300w, https:\/\/i0.wp.com\/exaudi.org\/wp-content\/uploads\/2025\/09\/WhatsApp-Image-2025-09-15-at-21.00.16.jpeg?resize=1024%2C961&amp;ssl=1 1024w, https:\/\/i0.wp.com\/exaudi.org\/wp-content\/uploads\/2025\/09\/WhatsApp-Image-2025-09-15-at-21.00.16.jpeg?resize=770%2C723&amp;ssl=1 770w, https:\/\/i0.wp.com\/exaudi.org\/wp-content\/uploads\/2025\/09\/WhatsApp-Image-2025-09-15-at-21.00.16.jpeg?resize=1536%2C1442&amp;ssl=1 1536w, https:\/\/i0.wp.com\/exaudi.org\/wp-content\/uploads\/2025\/09\/WhatsApp-Image-2025-09-15-at-21.00.16.jpeg?resize=500%2C469&amp;ssl=1 500w\" sizes=\"(max-width: 1000px) 100vw, 1000px\" \/><\/p>\n<p>Este proyecto ha sido posible gracias a la colaboraci\u00f3n entre CCC of America y el Augustine Institute, instituciones comprometidas con la evangelizaci\u00f3n y promoci\u00f3n de valores en los medios de comunicaci\u00f3n.<\/p>\n<p>La pel\u00edcula animada est\u00e1 disponible en Formed.org (en ingl\u00e9s) y Famflix.mx<br \/>\n(en espa\u00f1ol) para que familias completas puedan inspirarse con la vida del Santo millenial que supo transformar el mundo digital en camino hacia Dios.<\/p>\n<p>Con m\u00e1s de 40 a\u00f1os de misi\u00f3n, CCC of America reafirma su compromiso de seguir creando contenido que inspiren fe, esperanza, valores y amor a Dios.<\/p>\n<p><iframe title=\"&quot;CARLO ACUTIS: El influencer de Dios&quot; (TRAILER)\" width=\"500\" height=\"281\" src=\"https:\/\/www.youtube.com\/embed\/25wrL4pm84M?feature=oembed\" frameborder=\"0\" allow=\"accelerometer; autoplay; clipboard-write; encrypted-media; gyroscope; picture-in-picture; web-share\" referrerpolicy=\"strict-origin-when-cross-origin\" allowfullscreen><\/iframe><\/p>\n<p><img data-recalc-dims=\"1\" decoding=\"async\" class=\"size-full wp-image-135053 alignnone\" src=\"https:\/\/i0.wp.com\/exaudi.org\/wp-content\/uploads\/2025\/09\/POSTER-dedicated-by-Mrs-Acutis-scaled.jpg?resize=1970%2C2560&#038;ssl=1\" alt=\"\" width=\"1970\" height=\"2560\" srcset=\"https:\/\/i0.wp.com\/exaudi.org\/wp-content\/uploads\/2025\/09\/POSTER-dedicated-by-Mrs-Acutis-scaled.jpg?w=1970&amp;ssl=1 1970w, https:\/\/i0.wp.com\/exaudi.org\/wp-content\/uploads\/2025\/09\/POSTER-dedicated-by-Mrs-Acutis-scaled.jpg?resize=231%2C300&amp;ssl=1 231w, https:\/\/i0.wp.com\/exaudi.org\/wp-content\/uploads\/2025\/09\/POSTER-dedicated-by-Mrs-Acutis-scaled.jpg?resize=788%2C1024&amp;ssl=1 788w, https:\/\/i0.wp.com\/exaudi.org\/wp-content\/uploads\/2025\/09\/POSTER-dedicated-by-Mrs-Acutis-scaled.jpg?resize=770%2C1001&amp;ssl=1 770w, https:\/\/i0.wp.com\/exaudi.org\/wp-content\/uploads\/2025\/09\/POSTER-dedicated-by-Mrs-Acutis-scaled.jpg?resize=1182%2C1536&amp;ssl=1 1182w, https:\/\/i0.wp.com\/exaudi.org\/wp-content\/uploads\/2025\/09\/POSTER-dedicated-by-Mrs-Acutis-scaled.jpg?resize=1576%2C2048&amp;ssl=1 1576w, https:\/\/i0.wp.com\/exaudi.org\/wp-content\/uploads\/2025\/09\/POSTER-dedicated-by-Mrs-Acutis-scaled.jpg?resize=500%2C650&amp;ssl=1 500w\" sizes=\"(max-width: 1000px) 100vw, 1000px\" \/><\/p>\n","protected":false},"excerpt":{"rendered":"<p>Una cinta animada sobre el joven beato llega al Vaticano<\/p>\n","protected":false},"author":15,"featured_media":135047,"comment_status":"closed","ping_status":"closed","sticky":false,"template":"","format":"standard","meta":{"_acf_changed":false,"inline_featured_image":false,"_wpcom_ai_launchpad_first_post":false,"footnotes":"","jetpack_post_was_ever_published":false},"categories":[74],"tags":[45890,4455,2673,6516,5224,72808,72803,17412,45888,72806,45885,72804,16441,59422,72802,45886,72805,72807,20480,58880,272],"class_list":["post-135045","post","type-post","status-publish","format-standard","has-post-thumbnail","hentry","category-iglesia-y-mundo","tag-augustine-institute","tag-beato-carlo-acutis","tag-carlo-acutis","tag-ccc-of-america","tag-cine-catolico","tag-cine-de-fe","tag-estreno-pelicula-catolica","tag-evangelizacion-digital","tag-famflix","tag-formed-org","tag-influencer-de-dios","tag-juan-carlos-carredano","tag-nuevo-santo","tag-papa-leon","tag-pelicula-animada-carlo-acutis","tag-pelicula-carlo-acutis","tag-pelicula-catolica-animada","tag-pelicula-sobre-santos","tag-santo-millennial","tag-trending-es-151","tag-vaticano-es"],"acf":[],"yoast_head":"<!-- This site is optimized with the Yoast SEO plugin v28.4 - https:\/\/yoast.com\/product\/yoast-seo-wordpress\/ -->\n<title>Nuevo pel\u00edcula sobre Carlos Acutis presentada al Papa Le\u00f3n y a sus pap\u00e1s &#8211; Exaudi<\/title>\n<meta name=\"robots\" content=\"index, follow, max-snippet:-1, max-image-preview:large, max-video-preview:-1\" \/>\n<link rel=\"canonical\" href=\"https:\/\/exaudi.org\/es\/nuevo-pelicula-sobre-carlos-acutis-presentada-al-papa-leon-y-a-sus-papas\/\" \/>\n<meta property=\"og:locale\" content=\"es_ES\" \/>\n<meta property=\"og:type\" content=\"article\" \/>\n<meta property=\"og:title\" content=\"Nuevo pel\u00edcula sobre Carlos Acutis presentada al Papa Le\u00f3n y a sus pap\u00e1s &#8211; Exaudi\" \/>\n<meta property=\"og:description\" content=\"Una cinta animada sobre el joven beato llega al Vaticano\" \/>\n<meta property=\"og:url\" content=\"https:\/\/exaudi.org\/es\/nuevo-pelicula-sobre-carlos-acutis-presentada-al-papa-leon-y-a-sus-papas\/\" \/>\n<meta property=\"og:site_name\" content=\"Exaudi\" \/>\n<meta property=\"article:publisher\" content=\"https:\/\/www.facebook.com\/ExaudiNews\" \/>\n<meta property=\"article:author\" content=\"https:\/\/www.facebook.com\/ExaudiNoticias\/\" \/>\n<meta property=\"article:published_time\" content=\"2025-09-16T05:55:21+00:00\" \/>\n<meta property=\"article:modified_time\" content=\"2025-09-16T07:51:06+00:00\" \/>\n<meta property=\"og:image\" content=\"https:\/\/exaudi.org\/wp-content\/uploads\/2025\/09\/WhatsApp-Image-2025-09-15-at-21.00.16-1.jpeg\" \/>\n\t<meta property=\"og:image:width\" content=\"1280\" \/>\n\t<meta property=\"og:image:height\" content=\"853\" \/>\n\t<meta property=\"og:image:type\" content=\"image\/jpeg\" \/>\n<meta name=\"author\" content=\"Exaudi Redacci\u00f3n\" \/>\n<meta name=\"twitter:card\" content=\"summary_large_image\" \/>\n<meta name=\"twitter:creator\" content=\"@Exaudi_noticias\" \/>\n<meta name=\"twitter:site\" content=\"@Exaudi_News\" \/>\n<meta name=\"twitter:label1\" content=\"Escrito por\" \/>\n\t<meta name=\"twitter:data1\" content=\"Exaudi Redacci\u00f3n\" \/>\n\t<meta name=\"twitter:label2\" content=\"Tiempo de lectura\" \/>\n\t<meta name=\"twitter:data2\" content=\"1 minuto\" \/>\n<script type=\"application\/ld+json\" class=\"yoast-schema-graph\">{\"@context\":\"https:\\\/\\\/schema.org\",\"@graph\":[{\"@type\":\"Article\",\"@id\":\"https:\\\/\\\/exaudi.org\\\/es\\\/nuevo-pelicula-sobre-carlos-acutis-presentada-al-papa-leon-y-a-sus-papas\\\/#article\",\"isPartOf\":{\"@id\":\"https:\\\/\\\/exaudi.org\\\/es\\\/nuevo-pelicula-sobre-carlos-acutis-presentada-al-papa-leon-y-a-sus-papas\\\/\"},\"author\":{\"name\":\"Exaudi Redacci\u00f3n\",\"@id\":\"https:\\\/\\\/exaudi.org\\\/#\\\/schema\\\/person\\\/f5fc8f063065e38742da7afe15f25df7\"},\"headline\":\"Nuevo pel\u00edcula sobre Carlos Acutis presentada al Papa Le\u00f3n y a sus pap\u00e1s\",\"datePublished\":\"2025-09-16T05:55:21+00:00\",\"dateModified\":\"2025-09-16T07:51:06+00:00\",\"mainEntityOfPage\":{\"@id\":\"https:\\\/\\\/exaudi.org\\\/es\\\/nuevo-pelicula-sobre-carlos-acutis-presentada-al-papa-leon-y-a-sus-papas\\\/\"},\"wordCount\":290,\"image\":{\"@id\":\"https:\\\/\\\/exaudi.org\\\/es\\\/nuevo-pelicula-sobre-carlos-acutis-presentada-al-papa-leon-y-a-sus-papas\\\/#primaryimage\"},\"thumbnailUrl\":\"https:\\\/\\\/i0.wp.com\\\/exaudi.org\\\/wp-content\\\/uploads\\\/2025\\\/09\\\/WhatsApp-Image-2025-09-15-at-21.00.16-1.jpeg?fit=1280%2C853&ssl=1\",\"keywords\":[\"augustine institute\",\"Beato Carlo Acutis\",\"Carlo Acutis\",\"CCC of America\",\"cine cat\u00f3lico\",\"cine de fe\",\"estreno pel\u00edcula cat\u00f3lica\",\"evangelizaci\u00f3n digital\",\"famflix\",\"formed org\",\"influencer de dios\",\"juan carlos carredano\",\"nuevo santo\",\"papa Le\u00f3n\",\"pel\u00edcula animada carlo acutis\",\"pel\u00edcula carlo acutis\",\"pel\u00edcula cat\u00f3lica animada\",\"pel\u00edcula sobre santos\",\"Santo millennial\",\"Trending\",\"Vaticano\"],\"articleSection\":[\"Iglesia y Mundo\"],\"inLanguage\":\"es\"},{\"@type\":\"WebPage\",\"@id\":\"https:\\\/\\\/exaudi.org\\\/es\\\/nuevo-pelicula-sobre-carlos-acutis-presentada-al-papa-leon-y-a-sus-papas\\\/\",\"url\":\"https:\\\/\\\/exaudi.org\\\/es\\\/nuevo-pelicula-sobre-carlos-acutis-presentada-al-papa-leon-y-a-sus-papas\\\/\",\"name\":\"Nuevo pel\u00edcula sobre Carlos Acutis presentada al Papa Le\u00f3n y a sus pap\u00e1s &#8211; Exaudi\",\"isPartOf\":{\"@id\":\"https:\\\/\\\/exaudi.org\\\/#website\"},\"primaryImageOfPage\":{\"@id\":\"https:\\\/\\\/exaudi.org\\\/es\\\/nuevo-pelicula-sobre-carlos-acutis-presentada-al-papa-leon-y-a-sus-papas\\\/#primaryimage\"},\"image\":{\"@id\":\"https:\\\/\\\/exaudi.org\\\/es\\\/nuevo-pelicula-sobre-carlos-acutis-presentada-al-papa-leon-y-a-sus-papas\\\/#primaryimage\"},\"thumbnailUrl\":\"https:\\\/\\\/i0.wp.com\\\/exaudi.org\\\/wp-content\\\/uploads\\\/2025\\\/09\\\/WhatsApp-Image-2025-09-15-at-21.00.16-1.jpeg?fit=1280%2C853&ssl=1\",\"datePublished\":\"2025-09-16T05:55:21+00:00\",\"dateModified\":\"2025-09-16T07:51:06+00:00\",\"author\":{\"@id\":\"https:\\\/\\\/exaudi.org\\\/#\\\/schema\\\/person\\\/f5fc8f063065e38742da7afe15f25df7\"},\"breadcrumb\":{\"@id\":\"https:\\\/\\\/exaudi.org\\\/es\\\/nuevo-pelicula-sobre-carlos-acutis-presentada-al-papa-leon-y-a-sus-papas\\\/#breadcrumb\"},\"inLanguage\":\"es\",\"potentialAction\":[{\"@type\":\"ReadAction\",\"target\":[\"https:\\\/\\\/exaudi.org\\\/es\\\/nuevo-pelicula-sobre-carlos-acutis-presentada-al-papa-leon-y-a-sus-papas\\\/\"]}]},{\"@type\":\"ImageObject\",\"inLanguage\":\"es\",\"@id\":\"https:\\\/\\\/exaudi.org\\\/es\\\/nuevo-pelicula-sobre-carlos-acutis-presentada-al-papa-leon-y-a-sus-papas\\\/#primaryimage\",\"url\":\"https:\\\/\\\/i0.wp.com\\\/exaudi.org\\\/wp-content\\\/uploads\\\/2025\\\/09\\\/WhatsApp-Image-2025-09-15-at-21.00.16-1.jpeg?fit=1280%2C853&ssl=1\",\"contentUrl\":\"https:\\\/\\\/i0.wp.com\\\/exaudi.org\\\/wp-content\\\/uploads\\\/2025\\\/09\\\/WhatsApp-Image-2025-09-15-at-21.00.16-1.jpeg?fit=1280%2C853&ssl=1\",\"width\":1280,\"height\":853},{\"@type\":\"BreadcrumbList\",\"@id\":\"https:\\\/\\\/exaudi.org\\\/es\\\/nuevo-pelicula-sobre-carlos-acutis-presentada-al-papa-leon-y-a-sus-papas\\\/#breadcrumb\",\"itemListElement\":[{\"@type\":\"ListItem\",\"position\":1,\"name\":\"Portada\",\"item\":\"https:\\\/\\\/exaudi.org\\\/es\\\/\"},{\"@type\":\"ListItem\",\"position\":2,\"name\":\"Nuevo pel\u00edcula sobre Carlos Acutis presentada al Papa Le\u00f3n y a sus pap\u00e1s\"}]},{\"@type\":\"WebSite\",\"@id\":\"https:\\\/\\\/exaudi.org\\\/#website\",\"url\":\"https:\\\/\\\/exaudi.org\\\/\",\"name\":\"Exaudi\",\"description\":\"News\",\"potentialAction\":[{\"@type\":\"SearchAction\",\"target\":{\"@type\":\"EntryPoint\",\"urlTemplate\":\"https:\\\/\\\/exaudi.org\\\/?s={search_term_string}\"},\"query-input\":{\"@type\":\"PropertyValueSpecification\",\"valueRequired\":true,\"valueName\":\"search_term_string\"}}],\"inLanguage\":\"es\"},{\"@type\":\"Person\",\"@id\":\"https:\\\/\\\/exaudi.org\\\/#\\\/schema\\\/person\\\/f5fc8f063065e38742da7afe15f25df7\",\"name\":\"Exaudi Redacci\u00f3n\",\"image\":{\"@type\":\"ImageObject\",\"inLanguage\":\"es\",\"@id\":\"https:\\\/\\\/secure.gravatar.com\\\/avatar\\\/fe0f6a059fb68d9b3e11bc5850dd4899b1c7492091a3cb6dd9b01b56ad828be2?s=96&d=mm&r=g\",\"url\":\"https:\\\/\\\/secure.gravatar.com\\\/avatar\\\/fe0f6a059fb68d9b3e11bc5850dd4899b1c7492091a3cb6dd9b01b56ad828be2?s=96&d=mm&r=g\",\"contentUrl\":\"https:\\\/\\\/secure.gravatar.com\\\/avatar\\\/fe0f6a059fb68d9b3e11bc5850dd4899b1c7492091a3cb6dd9b01b56ad828be2?s=96&d=mm&r=g\",\"caption\":\"Exaudi Redacci\u00f3n\"},\"description\":\"\u00bfQu\u00e9 es Exaudi News? Exaudi News es un medio de comunicaci\u00f3n cat\u00f3lico internacional que informa, forma y transforma, diariamente en espa\u00f1ol, ingl\u00e9s e italiano. A trav\u00e9s de noticias, art\u00edculos de an\u00e1lisis y transmisiones en directo de los eventos del Papa, Exaudi busca fortalecer la unidad de los cristianos y contribuir a la evangelizaci\u00f3n del mundo, siempre guiados por la doctrina social de la Iglesia. Trabajamos para acercar la verdad y los valores cristianos a cada rinc\u00f3n del planeta. \u00a1Ay\u00fadanos a transformar el mundo con Exaudi! En Exaudi creemos que la evangelizaci\u00f3n y la informaci\u00f3n de calidad pueden cambiar vidas. Para continuar con nuestra misi\u00f3n y expandir nuestro alcance, necesitamos tu ayuda. Adem\u00e1s, buscamos personas comprometidas que deseen unirse a nuestro equipo. Con tu apoyo, lograremos llegar a m\u00e1s personas, difundir el mensaje de Cristo y reforzar la unidad de los cristianos. \u00bfTe unes a nuestra misi\u00f3n? Para m\u00e1s informaci\u00f3n sobre c\u00f3mo colaborar, visita Exaudi.org\\\/es o cont\u00e1ctanos directamente: info@exaudi.org Exaudi: Informa, forma y transforma.\",\"sameAs\":[\"https:\\\/\\\/www.facebook.com\\\/ExaudiNoticias\\\/\",\"https:\\\/\\\/www.instagram.com\\\/exaudi_noticias\\\/\",\"https:\\\/\\\/x.com\\\/Exaudi_noticias\",\"https:\\\/\\\/www.youtube.com\\\/@exaudicatholicnews\"],\"url\":\"https:\\\/\\\/exaudi.org\\\/es\\\/author\\\/redaccionexaudi\\\/\"}]}<\/script>\n<!-- \/ Yoast SEO plugin. -->","yoast_head_json":{"title":"Nuevo pel\u00edcula sobre Carlos Acutis presentada al Papa Le\u00f3n y a sus pap\u00e1s &#8211; Exaudi","robots":{"index":"index","follow":"follow","max-snippet":"max-snippet:-1","max-image-preview":"max-image-preview:large","max-video-preview":"max-video-preview:-1"},"canonical":"https:\/\/exaudi.org\/es\/nuevo-pelicula-sobre-carlos-acutis-presentada-al-papa-leon-y-a-sus-papas\/","og_locale":"es_ES","og_type":"article","og_title":"Nuevo pel\u00edcula sobre Carlos Acutis presentada al Papa Le\u00f3n y a sus pap\u00e1s &#8211; Exaudi","og_description":"Una cinta animada sobre el joven beato llega al Vaticano","og_url":"https:\/\/exaudi.org\/es\/nuevo-pelicula-sobre-carlos-acutis-presentada-al-papa-leon-y-a-sus-papas\/","og_site_name":"Exaudi","article_publisher":"https:\/\/www.facebook.com\/ExaudiNews","article_author":"https:\/\/www.facebook.com\/ExaudiNoticias\/","article_published_time":"2025-09-16T05:55:21+00:00","article_modified_time":"2025-09-16T07:51:06+00:00","og_image":[{"width":1280,"height":853,"url":"https:\/\/exaudi.org\/wp-content\/uploads\/2025\/09\/WhatsApp-Image-2025-09-15-at-21.00.16-1.jpeg","type":"image\/jpeg"}],"author":"Exaudi Redacci\u00f3n","twitter_card":"summary_large_image","twitter_creator":"@Exaudi_noticias","twitter_site":"@Exaudi_News","twitter_misc":{"Escrito por":"Exaudi Redacci\u00f3n","Tiempo de lectura":"1 minuto"},"schema":{"@context":"https:\/\/schema.org","@graph":[{"@type":"Article","@id":"https:\/\/exaudi.org\/es\/nuevo-pelicula-sobre-carlos-acutis-presentada-al-papa-leon-y-a-sus-papas\/#article","isPartOf":{"@id":"https:\/\/exaudi.org\/es\/nuevo-pelicula-sobre-carlos-acutis-presentada-al-papa-leon-y-a-sus-papas\/"},"author":{"name":"Exaudi Redacci\u00f3n","@id":"https:\/\/exaudi.org\/#\/schema\/person\/f5fc8f063065e38742da7afe15f25df7"},"headline":"Nuevo pel\u00edcula sobre Carlos Acutis presentada al Papa Le\u00f3n y a sus pap\u00e1s","datePublished":"2025-09-16T05:55:21+00:00","dateModified":"2025-09-16T07:51:06+00:00","mainEntityOfPage":{"@id":"https:\/\/exaudi.org\/es\/nuevo-pelicula-sobre-carlos-acutis-presentada-al-papa-leon-y-a-sus-papas\/"},"wordCount":290,"image":{"@id":"https:\/\/exaudi.org\/es\/nuevo-pelicula-sobre-carlos-acutis-presentada-al-papa-leon-y-a-sus-papas\/#primaryimage"},"thumbnailUrl":"https:\/\/i0.wp.com\/exaudi.org\/wp-content\/uploads\/2025\/09\/WhatsApp-Image-2025-09-15-at-21.00.16-1.jpeg?fit=1280%2C853&ssl=1","keywords":["augustine institute","Beato Carlo Acutis","Carlo Acutis","CCC of America","cine cat\u00f3lico","cine de fe","estreno pel\u00edcula cat\u00f3lica","evangelizaci\u00f3n digital","famflix","formed org","influencer de dios","juan carlos carredano","nuevo santo","papa Le\u00f3n","pel\u00edcula animada carlo acutis","pel\u00edcula carlo acutis","pel\u00edcula cat\u00f3lica animada","pel\u00edcula sobre santos","Santo millennial","Trending","Vaticano"],"articleSection":["Iglesia y Mundo"],"inLanguage":"es"},{"@type":"WebPage","@id":"https:\/\/exaudi.org\/es\/nuevo-pelicula-sobre-carlos-acutis-presentada-al-papa-leon-y-a-sus-papas\/","url":"https:\/\/exaudi.org\/es\/nuevo-pelicula-sobre-carlos-acutis-presentada-al-papa-leon-y-a-sus-papas\/","name":"Nuevo pel\u00edcula sobre Carlos Acutis presentada al Papa Le\u00f3n y a sus pap\u00e1s &#8211; Exaudi","isPartOf":{"@id":"https:\/\/exaudi.org\/#website"},"primaryImageOfPage":{"@id":"https:\/\/exaudi.org\/es\/nuevo-pelicula-sobre-carlos-acutis-presentada-al-papa-leon-y-a-sus-papas\/#primaryimage"},"image":{"@id":"https:\/\/exaudi.org\/es\/nuevo-pelicula-sobre-carlos-acutis-presentada-al-papa-leon-y-a-sus-papas\/#primaryimage"},"thumbnailUrl":"https:\/\/i0.wp.com\/exaudi.org\/wp-content\/uploads\/2025\/09\/WhatsApp-Image-2025-09-15-at-21.00.16-1.jpeg?fit=1280%2C853&ssl=1","datePublished":"2025-09-16T05:55:21+00:00","dateModified":"2025-09-16T07:51:06+00:00","author":{"@id":"https:\/\/exaudi.org\/#\/schema\/person\/f5fc8f063065e38742da7afe15f25df7"},"breadcrumb":{"@id":"https:\/\/exaudi.org\/es\/nuevo-pelicula-sobre-carlos-acutis-presentada-al-papa-leon-y-a-sus-papas\/#breadcrumb"},"inLanguage":"es","potentialAction":[{"@type":"ReadAction","target":["https:\/\/exaudi.org\/es\/nuevo-pelicula-sobre-carlos-acutis-presentada-al-papa-leon-y-a-sus-papas\/"]}]},{"@type":"ImageObject","inLanguage":"es","@id":"https:\/\/exaudi.org\/es\/nuevo-pelicula-sobre-carlos-acutis-presentada-al-papa-leon-y-a-sus-papas\/#primaryimage","url":"https:\/\/i0.wp.com\/exaudi.org\/wp-content\/uploads\/2025\/09\/WhatsApp-Image-2025-09-15-at-21.00.16-1.jpeg?fit=1280%2C853&ssl=1","contentUrl":"https:\/\/i0.wp.com\/exaudi.org\/wp-content\/uploads\/2025\/09\/WhatsApp-Image-2025-09-15-at-21.00.16-1.jpeg?fit=1280%2C853&ssl=1","width":1280,"height":853},{"@type":"BreadcrumbList","@id":"https:\/\/exaudi.org\/es\/nuevo-pelicula-sobre-carlos-acutis-presentada-al-papa-leon-y-a-sus-papas\/#breadcrumb","itemListElement":[{"@type":"ListItem","position":1,"name":"Portada","item":"https:\/\/exaudi.org\/es\/"},{"@type":"ListItem","position":2,"name":"Nuevo pel\u00edcula sobre Carlos Acutis presentada al Papa Le\u00f3n y a sus pap\u00e1s"}]},{"@type":"WebSite","@id":"https:\/\/exaudi.org\/#website","url":"https:\/\/exaudi.org\/","name":"Exaudi","description":"News","potentialAction":[{"@type":"SearchAction","target":{"@type":"EntryPoint","urlTemplate":"https:\/\/exaudi.org\/?s={search_term_string}"},"query-input":{"@type":"PropertyValueSpecification","valueRequired":true,"valueName":"search_term_string"}}],"inLanguage":"es"},{"@type":"Person","@id":"https:\/\/exaudi.org\/#\/schema\/person\/f5fc8f063065e38742da7afe15f25df7","name":"Exaudi Redacci\u00f3n","image":{"@type":"ImageObject","inLanguage":"es","@id":"https:\/\/secure.gravatar.com\/avatar\/fe0f6a059fb68d9b3e11bc5850dd4899b1c7492091a3cb6dd9b01b56ad828be2?s=96&d=mm&r=g","url":"https:\/\/secure.gravatar.com\/avatar\/fe0f6a059fb68d9b3e11bc5850dd4899b1c7492091a3cb6dd9b01b56ad828be2?s=96&d=mm&r=g","contentUrl":"https:\/\/secure.gravatar.com\/avatar\/fe0f6a059fb68d9b3e11bc5850dd4899b1c7492091a3cb6dd9b01b56ad828be2?s=96&d=mm&r=g","caption":"Exaudi Redacci\u00f3n"},"description":"\u00bfQu\u00e9 es Exaudi News? Exaudi News es un medio de comunicaci\u00f3n cat\u00f3lico internacional que informa, forma y transforma, diariamente en espa\u00f1ol, ingl\u00e9s e italiano. A trav\u00e9s de noticias, art\u00edculos de an\u00e1lisis y transmisiones en directo de los eventos del Papa, Exaudi busca fortalecer la unidad de los cristianos y contribuir a la evangelizaci\u00f3n del mundo, siempre guiados por la doctrina social de la Iglesia. Trabajamos para acercar la verdad y los valores cristianos a cada rinc\u00f3n del planeta. \u00a1Ay\u00fadanos a transformar el mundo con Exaudi! En Exaudi creemos que la evangelizaci\u00f3n y la informaci\u00f3n de calidad pueden cambiar vidas. Para continuar con nuestra misi\u00f3n y expandir nuestro alcance, necesitamos tu ayuda. Adem\u00e1s, buscamos personas comprometidas que deseen unirse a nuestro equipo. Con tu apoyo, lograremos llegar a m\u00e1s personas, difundir el mensaje de Cristo y reforzar la unidad de los cristianos. \u00bfTe unes a nuestra misi\u00f3n? Para m\u00e1s informaci\u00f3n sobre c\u00f3mo colaborar, visita Exaudi.org\/es o cont\u00e1ctanos directamente: info@exaudi.org Exaudi: Informa, forma y transforma.","sameAs":["https:\/\/www.facebook.com\/ExaudiNoticias\/","https:\/\/www.instagram.com\/exaudi_noticias\/","https:\/\/x.com\/Exaudi_noticias","https:\/\/www.youtube.com\/@exaudicatholicnews"],"url":"https:\/\/exaudi.org\/es\/author\/redaccionexaudi\/"}]}},"jetpack_shortlink":"https:\/\/wp.me\/pgKjF2-z89","jetpack_featured_media_url":"https:\/\/i0.wp.com\/exaudi.org\/wp-content\/uploads\/2025\/09\/WhatsApp-Image-2025-09-15-at-21.00.16-1.jpeg?fit=1280%2C853&ssl=1","_links":{"self":[{"href":"https:\/\/exaudi.org\/es\/wp-json\/wp\/v2\/posts\/135045","targetHints":{"allow":["GET"]}}],"collection":[{"href":"https:\/\/exaudi.org\/es\/wp-json\/wp\/v2\/posts"}],"about":[{"href":"https:\/\/exaudi.org\/es\/wp-json\/wp\/v2\/types\/post"}],"author":[{"embeddable":true,"href":"https:\/\/exaudi.org\/es\/wp-json\/wp\/v2\/users\/15"}],"replies":[{"embeddable":true,"href":"https:\/\/exaudi.org\/es\/wp-json\/wp\/v2\/comments?post=135045"}],"version-history":[{"count":4,"href":"https:\/\/exaudi.org\/es\/wp-json\/wp\/v2\/posts\/135045\/revisions"}],"predecessor-version":[{"id":135058,"href":"https:\/\/exaudi.org\/es\/wp-json\/wp\/v2\/posts\/135045\/revisions\/135058"}],"wp:featuredmedia":[{"embeddable":true,"href":"https:\/\/exaudi.org\/es\/wp-json\/wp\/v2\/media\/135047"}],"wp:attachment":[{"href":"https:\/\/exaudi.org\/es\/wp-json\/wp\/v2\/media?parent=135045"}],"wp:term":[{"taxonomy":"category","embeddable":true,"href":"https:\/\/exaudi.org\/es\/wp-json\/wp\/v2\/categories?post=135045"},{"taxonomy":"post_tag","embeddable":true,"href":"https:\/\/exaudi.org\/es\/wp-json\/wp\/v2\/tags?post=135045"}],"curies":[{"name":"wp","href":"https:\/\/api.w.org\/{rel}","templated":true}]}}