{"id":134863,"date":"2025-09-16T08:15:01","date_gmt":"2025-09-16T06:15:01","guid":{"rendered":"https:\/\/exaudi.org\/?p=134863"},"modified":"2025-09-15T14:03:55","modified_gmt":"2025-09-15T12:03:55","slug":"la-puerta-sin-pomo-sin-llave","status":"publish","type":"post","link":"https:\/\/exaudi.org\/es\/la-puerta-sin-pomo-sin-llave\/","title":{"rendered":"La puerta sin pomo, sin llave"},"content":{"rendered":"<p>La intimidad no se roba, se entrega. No se fuerza, se abre desde dentro. En un mundo donde todo parece compartirse, exponerse y hasta mercantilizarse, descubrir ese reducto inviolable del yo es <strong>un desaf\u00edo y una invitaci\u00f3n<\/strong> para crecer.<\/p>\n<p><iframe title=\"Spotify Embed: La puerta sin pomo, sin llave\" style=\"border-radius: 12px\" width=\"100%\" height=\"152\" frameborder=\"0\" allowfullscreen allow=\"autoplay; clipboard-write; encrypted-media; fullscreen; picture-in-picture\" loading=\"lazy\" src=\"https:\/\/open.spotify.com\/embed\/episode\/1eBvu96rGLiwD7ilqxYcEV?si=j6zbVIFZRwuRU-o1cQJYBg&#038;utm_source=oembed\"><\/iframe><\/p>\n<p>Hablar de intimidad es balbucear: las palabras siempre resultan insuficientes, porque tocan lo m\u00e1s hondo de la persona. <strong><em>Lo inefable<\/em><\/strong><\/p>\n<h3><strong>Distinci\u00f3n entre conceptos<\/strong><\/h3>\n<p>Hablemos de intimidad<\/p>\n<p>Intimidad <strong>no es privacidad<\/strong>. La privacidad es a las cosas lo que la intimidad a la persona. Privada es una carta, que no se abre si t\u00fa no eres el destinatario. No se violenta una caja cerrada, ni se husmea un ordenador o tel\u00e9fono ajeno. La intimidad se protege con la privacidad: <strong><em>si todo es de todos, nada es de nadie.<\/em><\/strong><\/p>\n<p>La privacidad custodia, pone un l\u00edmite sano: hay espacios que no son de acceso p\u00fablico, que necesitan cerrarse para que la persona se preserve y se proteja de miradas curiosas<\/p>\n<p>Intimidad <strong>tampoco es interioridad en sentido estricto<\/strong>. Interiores son los pensamientos, los deseos, los sufrimientos, las frustraciones\u2026 La interioridad se vuelve visible si nosotros la revelamos. <strong><em>La intimidad no es interioridad, pero se alimenta y se expresa a trav\u00e9s de ella.<\/em><\/strong><\/p>\n<p>La interioridad es ese di\u00e1logo con uno mismo, ese espejo que devuelve voces de \u00e1nimo o de duda, y que nos revela lo que llevamos dentro.<\/p>\n<h3><strong>Hablemos, entonces, de intimidad.<\/strong><\/h3>\n<h3><strong>La intimidad, como esa puerta sin llave\u2026<\/strong><\/h3>\n<p>La intimidad es de otra galaxia de estrellas. Exige finura para asomarnos sin invadir y sin invadirnos. Michael Ende, en *La historia interminable*, lo expresa con la alegor\u00eda de la Puerta sin llave: una hoja cerrada hecha de un material indestructible que se resiste m\u00e1s cuanto mayor es la voluntad de abrirla. Solo se abre cuando alguien logra olvidar sus intenciones y no pretende invadir\u2026<\/p>\n<p>La intimidad requiere espera, delicadeza, respeto por los tiempos de apertura.<\/p>\n<p><iframe title=\"Spotify Embed: La intimidad no se roba, se entrega\" style=\"border-radius: 12px\" width=\"100%\" height=\"152\" frameborder=\"0\" allowfullscreen allow=\"autoplay; clipboard-write; encrypted-media; fullscreen; picture-in-picture\" loading=\"lazy\" src=\"https:\/\/open.spotify.com\/embed\/episode\/1FLx8LDqRHldxuhUs60eGK?si=jFlMjuyAQDG29iaYYzL0YQ&#038;utm_source=oembed\"><\/iframe><\/p>\n<h3><strong>Un reducto inviolable<\/strong><\/h3>\n<p>Cuando trabajaba esta alegor\u00eda con mis alumnos adolescentes, descubr\u00edamos juntos que la puerta de la intimidad solo se abre desde dentro. Se abre con libertad, no con fuerza. En ella reside nuestro yo m\u00e1s aut\u00e9ntico.<\/p>\n<p>Recuerdo a un amigo que rezaba todos los d\u00edas: \u00abSe\u00f1or, no dejes que me vuelva loco. Porque si me vuelvo loco, har\u00e9 locuras\u00bb. Sab\u00eda que en esa intimidad habitaba su autonom\u00eda, esa capacidad de decidir con distancia respecto a los acontecimientos. Ah\u00ed radica tambi\u00e9n nuestra singularidad: somos irrepetibles, \u00fanicos, con una dignidad que nadie puede negociar.<\/p>\n<p style=\"text-align: center;\"><strong><em>\u00abAlguien que es el solo y \u00fanico patr\u00f3n de s\u00ed mismo, dotado de libre arbitrio, inalienable. Su valor no est\u00e1 sujeto a contrato y nunca puede ser usado como medio\u2026\u00bb<\/em><\/strong><\/p>\n<p style=\"text-align: center;\">Mariolina Ceriotti<\/p>\n<p>El fil\u00f3sofo Juli\u00e1n Mar\u00edas lo recordaba con otra expresi\u00f3n luminosa:<\/p>\n<p style=\"text-align: center;\">\u00a0<strong><em>\u00abLa persona, ese alguien corporal, es libre en ese reducto inviolable que es la intimidad.\u00bb<\/em><\/strong><\/p>\n<h3><strong>El cuerpo y la intimidad<\/strong><\/h3>\n<p><strong><em>transparencia y custodia<\/em><\/strong><\/p>\n<p>La intimidad no es un concepto abstracto: se encarna y se expresa a trav\u00e9s del cuerpo.<\/p>\n<p>Vestimos el cuerpo no solo por convenci\u00f3n social, sino para proteger esa intimidad que no puede ser desvelada desde fuera.<\/p>\n<p>El vestido es custodia, transparencia, mediaci\u00f3n.<\/p>\n<p>Pero cuando perdemos este sentido, el vestido se convierte en disfraz. En lugar de revelar, oculta. En vez de engalanar, desfigura. Entonces se rompe la unidad entre lo que soy y lo que muestro: ya no es la persona quien se expresa, sino un personaje que se interpone.<\/p>\n<h3><strong><em>Balbuceo y desaf\u00edo<\/em><\/strong><\/h3>\n<p>La intimidad se resiste a ser atrapada. Es difusa, din\u00e1mica, siempre nueva. Ni siquiera yo mismo termino de poseerla del todo: me descubro siempre un poco extra\u00f1o a m\u00ed mismo, sorprendido de lo que late dentro. Por eso, al hablar de intimidad, balbuceo.<\/p>\n<p>Y, sin embargo, en ese balbuceo se abre un horizonte inmenso: la certeza de que dentro de m\u00ed hay un lugar inviolable donde soy libre, \u00fanico, irrepetible\u2026 y capaz de amar sin m\u00e1scaras.<\/p>\n<h3><strong>El coraz\u00f3n y la intimidad<\/strong><\/h3>\n<p>\u201cEl <strong>coraz\u00f3n<\/strong> y la <strong>intimidad son buenos amigos. <\/strong>Rota esa relaci\u00f3n, el coraz\u00f3n mendiga en los basureros\u201d (El yo y sus met\u00e1foras\u201d Rosa Montenegro)<\/p>\n<p>Conozco a una persona que cuando la droga le daba malos viajes se escond\u00eda en un armario porque el exterior le produc\u00eda miedo y guardo sus palabras oscuras, para no olvidarlas nunca:<\/p>\n<p style=\"text-align: center;\">Mi cama: ata\u00fad alquilado por horas.<\/p>\n<p style=\"text-align: center;\">Mi habitaci\u00f3n: una ciudad asquerosamente fr\u00eda.<\/p>\n<p style=\"text-align: center;\">Mi ropa: el baile de disfraces.<\/p>\n<p style=\"text-align: center;\">Mis padres: el mundo que te pisa los talones<\/p>\n<p>Hoy me gustar\u00eda que llegara a ti esta poes\u00eda. Podr\u00eda llevar tu nombre o, tal vez, otros muchos, incluso el m\u00edo\u2026<\/p>\n<p><em>\u00a0\u201cHay gritos que no se oyen,<\/em><\/p>\n<p><em>Hay palabras que no dicen nada,<\/em><\/p>\n<p style=\"text-align: center;\"><em>Hay silencios llenos<\/em><\/p>\n<p style=\"text-align: center;\"><em>en tus l\u00e1grimas<\/em><\/p>\n<p style=\"text-align: center;\"><em>C\u00f3gelas en tus manos<\/em><\/p>\n<p style=\"text-align: center;\"><em>Ver\u00e1s como entre los dedos se escapan.<\/em><\/p>\n<p style=\"text-align: center;\"><em>No llores,<\/em><\/p>\n<p style=\"text-align: center;\"><em>No lo hagas callada.<\/em><\/p>\n<p style=\"text-align: center;\"><em>Porque en tu vereda hay mil varitas m\u00e1gicas<\/em><\/p>\n<p style=\"text-align: center;\"><em>Que har\u00e1n con tus l\u00e1grimas<\/em><\/p>\n<p style=\"text-align: center;\"><em>Un collar de n\u00e1car.<\/em><\/p>\n<p style=\"text-align: center;\"><em>Si eres valiente<\/em><\/p>\n<p style=\"text-align: center;\"><em>Oir\u00e1s gritar el silencio,<\/em><\/p>\n<p style=\"text-align: center;\"><em>Llamar sin palabras,<\/em><\/p>\n<p style=\"text-align: center;\"><em>Sabr\u00e1s que en el llanto<\/em><\/p>\n<p style=\"text-align: center;\"><em>Siempre hay una ansiedad del alma.\u201d<\/em><\/p>\n<p style=\"text-align: center;\"><strong><em>(Rosa Montenegro)<\/em><\/strong><\/p>\n<p><img loading=\"lazy\" decoding=\"async\" class=\"alignleft size-full wp-image-134868\" src=\"https:\/\/exaudi.org\/wp-content\/uploads\/2025\/09\/Copia-de-voces-1.jpg\" alt=\"\" width=\"1080\" height=\"1080\" srcset=\"https:\/\/exaudi.org\/wp-content\/uploads\/2025\/09\/Copia-de-voces-1.jpg 1080w, https:\/\/exaudi.org\/wp-content\/uploads\/2025\/09\/Copia-de-voces-1-300x300.jpg 300w, https:\/\/exaudi.org\/wp-content\/uploads\/2025\/09\/Copia-de-voces-1-1024x1024.jpg 1024w, https:\/\/exaudi.org\/wp-content\/uploads\/2025\/09\/Copia-de-voces-1-100x100.jpg?crop=1 100w, https:\/\/exaudi.org\/wp-content\/uploads\/2025\/09\/Copia-de-voces-1-770x770.jpg 770w, https:\/\/exaudi.org\/wp-content\/uploads\/2025\/09\/Copia-de-voces-1-500x500.jpg 500w\" sizes=\"auto, (max-width: 1080px) 100vw, 1080px\" \/><\/p>\n<p>&nbsp;<\/p>\n","protected":false},"excerpt":{"rendered":"<p>El balbuceo de la intimidad<\/p>\n","protected":false},"author":164,"featured_media":134865,"comment_status":"closed","ping_status":"closed","sticky":false,"template":"","format":"standard","meta":{"_acf_changed":false,"_crdt_document":"","inline_featured_image":false,"footnotes":""},"categories":[130],"tags":[72624,72626,72631,72620,18438,72613,72627,72615,72614,72617,56574,4531,72629,72619,70157,72621,11474,60541,72611,1542,72623,72622,72628,7325,72616,8986,63637,72630,72612,16639,2026,58880,72618,72625],"class_list":["post-134863","post","type-post","status-publish","format-standard","has-post-thumbnail","hentry","category-voces","tag-alegoria","tag-amor-sin-mascaras","tag-ansiedad-del-alma","tag-apertura-desde-dentro","tag-autonomia","tag-balbuceo-de-la-intimidad","tag-corazon-y-intimidad","tag-cuerpo-y-intimidad","tag-cuidado-del-yo","tag-custodia-2","tag-delicadeza","tag-dignidad","tag-emociones-profundas","tag-espacio-inviolable","tag-esperar","tag-finura","tag-interioridad","tag-intimidad","tag-la-puerta-sin-pomo","tag-libertad","tag-michael-ende","tag-no-invadir","tag-poesia-de-la-intimidad","tag-privacidad","tag-proteccion-personal","tag-respeto","tag-rosa-montenegro","tag-silencios-llenos","tag-sin-llave","tag-singularidad","tag-transparencia","tag-trending-es-151","tag-vestido-y-expresion","tag-yo-autentico"],"acf":[],"yoast_head":"<!-- This site is optimized with the Yoast SEO plugin v27.4 - https:\/\/yoast.com\/product\/yoast-seo-wordpress\/ -->\n<title>La puerta sin pomo, sin llave &#8211; Exaudi<\/title>\n<meta name=\"robots\" content=\"index, follow, max-snippet:-1, max-image-preview:large, max-video-preview:-1\" \/>\n<link rel=\"canonical\" href=\"https:\/\/exaudi.org\/es\/la-puerta-sin-pomo-sin-llave\/\" \/>\n<meta property=\"og:locale\" content=\"es_ES\" \/>\n<meta property=\"og:type\" content=\"article\" \/>\n<meta property=\"og:title\" content=\"La puerta sin pomo, sin llave &#8211; Exaudi\" \/>\n<meta property=\"og:description\" content=\"El balbuceo de la intimidad\" \/>\n<meta property=\"og:url\" content=\"https:\/\/exaudi.org\/es\/la-puerta-sin-pomo-sin-llave\/\" \/>\n<meta property=\"og:site_name\" content=\"Exaudi\" \/>\n<meta property=\"article:publisher\" content=\"https:\/\/www.facebook.com\/ExaudiNews\" \/>\n<meta property=\"article:author\" content=\"https:\/\/www.facebook.com\/metaforasenrosa\/\" \/>\n<meta property=\"article:published_time\" content=\"2025-09-16T06:15:01+00:00\" \/>\n<meta property=\"og:image\" content=\"https:\/\/exaudi.org\/wp-content\/uploads\/2025\/09\/pexels-asphotograpy-101808-scaled.jpg\" \/>\n\t<meta property=\"og:image:width\" content=\"2560\" \/>\n\t<meta property=\"og:image:height\" content=\"1707\" \/>\n\t<meta property=\"og:image:type\" content=\"image\/jpeg\" \/>\n<meta name=\"author\" content=\"Rosa Montenegro\" \/>\n<meta name=\"twitter:card\" content=\"summary_large_image\" \/>\n<meta name=\"twitter:creator\" content=\"@coachingalicia\" \/>\n<meta name=\"twitter:site\" content=\"@Exaudi_News\" \/>\n<meta name=\"twitter:label1\" content=\"Escrito por\" \/>\n\t<meta name=\"twitter:data1\" content=\"Rosa Montenegro\" \/>\n\t<meta name=\"twitter:label2\" content=\"Tiempo de lectura\" \/>\n\t<meta name=\"twitter:data2\" content=\"5 minutos\" \/>\n<script type=\"application\/ld+json\" class=\"yoast-schema-graph\">{\"@context\":\"https:\\\/\\\/schema.org\",\"@graph\":[{\"@type\":\"Article\",\"@id\":\"https:\\\/\\\/exaudi.org\\\/es\\\/la-puerta-sin-pomo-sin-llave\\\/#article\",\"isPartOf\":{\"@id\":\"https:\\\/\\\/exaudi.org\\\/es\\\/la-puerta-sin-pomo-sin-llave\\\/\"},\"author\":{\"name\":\"Rosa Montenegro\",\"@id\":\"https:\\\/\\\/exaudi.org\\\/#\\\/schema\\\/person\\\/85388ea135d433877a2634f921d5567c\"},\"headline\":\"La puerta sin pomo, sin llave\",\"datePublished\":\"2025-09-16T06:15:01+00:00\",\"mainEntityOfPage\":{\"@id\":\"https:\\\/\\\/exaudi.org\\\/es\\\/la-puerta-sin-pomo-sin-llave\\\/\"},\"wordCount\":908,\"image\":{\"@id\":\"https:\\\/\\\/exaudi.org\\\/es\\\/la-puerta-sin-pomo-sin-llave\\\/#primaryimage\"},\"thumbnailUrl\":\"https:\\\/\\\/exaudi.org\\\/wp-content\\\/uploads\\\/2025\\\/09\\\/pexels-asphotograpy-101808-scaled.jpg\",\"keywords\":[\"alegor\u00eda\",\"amor sin m\u00e1scaras\",\"ansiedad del alma\",\"apertura desde dentro\",\"autonom\u00eda\",\"balbuceo de la intimidad\",\"coraz\u00f3n y intimidad\",\"cuerpo y intimidad\",\"cuidado del yo\",\"custodia\",\"delicadeza\",\"Dignidad\",\"emociones profundas\",\"espacio inviolable\",\"Esperar\",\"finura\",\"Interioridad\",\"intimidad\",\"La puerta sin pomo\",\"Libertad\",\"Michael Ende\",\"no invadir\",\"poes\u00eda de la intimidad\",\"Privacidad\",\"protecci\u00f3n personal\",\"Respeto\",\"Rosa Montenegro\",\"silencios llenos\",\"sin llave\",\"singularidad\",\"Transparencia\",\"Trending\",\"vestido y expresi\u00f3n\",\"yo aut\u00e9ntico\"],\"articleSection\":[\"Voces\"],\"inLanguage\":\"es\"},{\"@type\":\"WebPage\",\"@id\":\"https:\\\/\\\/exaudi.org\\\/es\\\/la-puerta-sin-pomo-sin-llave\\\/\",\"url\":\"https:\\\/\\\/exaudi.org\\\/es\\\/la-puerta-sin-pomo-sin-llave\\\/\",\"name\":\"La puerta sin pomo, sin llave &#8211; Exaudi\",\"isPartOf\":{\"@id\":\"https:\\\/\\\/exaudi.org\\\/#website\"},\"primaryImageOfPage\":{\"@id\":\"https:\\\/\\\/exaudi.org\\\/es\\\/la-puerta-sin-pomo-sin-llave\\\/#primaryimage\"},\"image\":{\"@id\":\"https:\\\/\\\/exaudi.org\\\/es\\\/la-puerta-sin-pomo-sin-llave\\\/#primaryimage\"},\"thumbnailUrl\":\"https:\\\/\\\/exaudi.org\\\/wp-content\\\/uploads\\\/2025\\\/09\\\/pexels-asphotograpy-101808-scaled.jpg\",\"datePublished\":\"2025-09-16T06:15:01+00:00\",\"author\":{\"@id\":\"https:\\\/\\\/exaudi.org\\\/#\\\/schema\\\/person\\\/85388ea135d433877a2634f921d5567c\"},\"breadcrumb\":{\"@id\":\"https:\\\/\\\/exaudi.org\\\/es\\\/la-puerta-sin-pomo-sin-llave\\\/#breadcrumb\"},\"inLanguage\":\"es\",\"potentialAction\":[{\"@type\":\"ReadAction\",\"target\":[\"https:\\\/\\\/exaudi.org\\\/es\\\/la-puerta-sin-pomo-sin-llave\\\/\"]}]},{\"@type\":\"ImageObject\",\"inLanguage\":\"es\",\"@id\":\"https:\\\/\\\/exaudi.org\\\/es\\\/la-puerta-sin-pomo-sin-llave\\\/#primaryimage\",\"url\":\"https:\\\/\\\/exaudi.org\\\/wp-content\\\/uploads\\\/2025\\\/09\\\/pexels-asphotograpy-101808-scaled.jpg\",\"contentUrl\":\"https:\\\/\\\/exaudi.org\\\/wp-content\\\/uploads\\\/2025\\\/09\\\/pexels-asphotograpy-101808-scaled.jpg\",\"width\":2560,\"height\":1707},{\"@type\":\"BreadcrumbList\",\"@id\":\"https:\\\/\\\/exaudi.org\\\/es\\\/la-puerta-sin-pomo-sin-llave\\\/#breadcrumb\",\"itemListElement\":[{\"@type\":\"ListItem\",\"position\":1,\"name\":\"Portada\",\"item\":\"https:\\\/\\\/exaudi.org\\\/es\\\/\"},{\"@type\":\"ListItem\",\"position\":2,\"name\":\"La puerta sin pomo, sin llave\"}]},{\"@type\":\"WebSite\",\"@id\":\"https:\\\/\\\/exaudi.org\\\/#website\",\"url\":\"https:\\\/\\\/exaudi.org\\\/\",\"name\":\"Exaudi\",\"description\":\"News\",\"potentialAction\":[{\"@type\":\"SearchAction\",\"target\":{\"@type\":\"EntryPoint\",\"urlTemplate\":\"https:\\\/\\\/exaudi.org\\\/?s={search_term_string}\"},\"query-input\":{\"@type\":\"PropertyValueSpecification\",\"valueRequired\":true,\"valueName\":\"search_term_string\"}}],\"inLanguage\":\"es\"},{\"@type\":\"Person\",\"@id\":\"https:\\\/\\\/exaudi.org\\\/#\\\/schema\\\/person\\\/85388ea135d433877a2634f921d5567c\",\"name\":\"Rosa Montenegro\",\"image\":{\"@type\":\"ImageObject\",\"inLanguage\":\"es\",\"@id\":\"https:\\\/\\\/secure.gravatar.com\\\/avatar\\\/0fc49e154ba2f960002488bc6c90128a74660ddaabe7e2096076c8659f3d49fa?s=96&d=mm&r=g\",\"url\":\"https:\\\/\\\/secure.gravatar.com\\\/avatar\\\/0fc49e154ba2f960002488bc6c90128a74660ddaabe7e2096076c8659f3d49fa?s=96&d=mm&r=g\",\"contentUrl\":\"https:\\\/\\\/secure.gravatar.com\\\/avatar\\\/0fc49e154ba2f960002488bc6c90128a74660ddaabe7e2096076c8659f3d49fa?s=96&d=mm&r=g\",\"caption\":\"Rosa Montenegro\"},\"description\":\"Pedagoga, orientadora familiar (UNAV) y autora del libro \u201cEl yo y sus met\u00e1foras\u201d libro de antropolog\u00eda para gente sencilla. Con una extensa experiencia internacional en asesoramiento, formaci\u00f3n y coaching, acompa\u00f1a procesos de reconstrucci\u00f3n personal y promueve el fortalecimiento de la identidad desde un enfoque humanista y transformador.\",\"sameAs\":[\"https:\\\/\\\/metaforasenrosa.com\\\/\",\"https:\\\/\\\/www.facebook.com\\\/metaforasenrosa\\\/\",\"https:\\\/\\\/www.instagram.com\\\/metaforasenrosa\\\/\",\"https:\\\/\\\/x.com\\\/coachingalicia\"],\"url\":\"https:\\\/\\\/exaudi.org\\\/es\\\/author\\\/rosa-montenegro\\\/\"}]}<\/script>\n<!-- \/ Yoast SEO plugin. -->","yoast_head_json":{"title":"La puerta sin pomo, sin llave &#8211; Exaudi","robots":{"index":"index","follow":"follow","max-snippet":"max-snippet:-1","max-image-preview":"max-image-preview:large","max-video-preview":"max-video-preview:-1"},"canonical":"https:\/\/exaudi.org\/es\/la-puerta-sin-pomo-sin-llave\/","og_locale":"es_ES","og_type":"article","og_title":"La puerta sin pomo, sin llave &#8211; Exaudi","og_description":"El balbuceo de la intimidad","og_url":"https:\/\/exaudi.org\/es\/la-puerta-sin-pomo-sin-llave\/","og_site_name":"Exaudi","article_publisher":"https:\/\/www.facebook.com\/ExaudiNews","article_author":"https:\/\/www.facebook.com\/metaforasenrosa\/","article_published_time":"2025-09-16T06:15:01+00:00","og_image":[{"width":2560,"height":1707,"url":"https:\/\/exaudi.org\/wp-content\/uploads\/2025\/09\/pexels-asphotograpy-101808-scaled.jpg","type":"image\/jpeg"}],"author":"Rosa Montenegro","twitter_card":"summary_large_image","twitter_creator":"@coachingalicia","twitter_site":"@Exaudi_News","twitter_misc":{"Escrito por":"Rosa Montenegro","Tiempo de lectura":"5 minutos"},"schema":{"@context":"https:\/\/schema.org","@graph":[{"@type":"Article","@id":"https:\/\/exaudi.org\/es\/la-puerta-sin-pomo-sin-llave\/#article","isPartOf":{"@id":"https:\/\/exaudi.org\/es\/la-puerta-sin-pomo-sin-llave\/"},"author":{"name":"Rosa Montenegro","@id":"https:\/\/exaudi.org\/#\/schema\/person\/85388ea135d433877a2634f921d5567c"},"headline":"La puerta sin pomo, sin llave","datePublished":"2025-09-16T06:15:01+00:00","mainEntityOfPage":{"@id":"https:\/\/exaudi.org\/es\/la-puerta-sin-pomo-sin-llave\/"},"wordCount":908,"image":{"@id":"https:\/\/exaudi.org\/es\/la-puerta-sin-pomo-sin-llave\/#primaryimage"},"thumbnailUrl":"https:\/\/exaudi.org\/wp-content\/uploads\/2025\/09\/pexels-asphotograpy-101808-scaled.jpg","keywords":["alegor\u00eda","amor sin m\u00e1scaras","ansiedad del alma","apertura desde dentro","autonom\u00eda","balbuceo de la intimidad","coraz\u00f3n y intimidad","cuerpo y intimidad","cuidado del yo","custodia","delicadeza","Dignidad","emociones profundas","espacio inviolable","Esperar","finura","Interioridad","intimidad","La puerta sin pomo","Libertad","Michael Ende","no invadir","poes\u00eda de la intimidad","Privacidad","protecci\u00f3n personal","Respeto","Rosa Montenegro","silencios llenos","sin llave","singularidad","Transparencia","Trending","vestido y expresi\u00f3n","yo aut\u00e9ntico"],"articleSection":["Voces"],"inLanguage":"es"},{"@type":"WebPage","@id":"https:\/\/exaudi.org\/es\/la-puerta-sin-pomo-sin-llave\/","url":"https:\/\/exaudi.org\/es\/la-puerta-sin-pomo-sin-llave\/","name":"La puerta sin pomo, sin llave &#8211; Exaudi","isPartOf":{"@id":"https:\/\/exaudi.org\/#website"},"primaryImageOfPage":{"@id":"https:\/\/exaudi.org\/es\/la-puerta-sin-pomo-sin-llave\/#primaryimage"},"image":{"@id":"https:\/\/exaudi.org\/es\/la-puerta-sin-pomo-sin-llave\/#primaryimage"},"thumbnailUrl":"https:\/\/exaudi.org\/wp-content\/uploads\/2025\/09\/pexels-asphotograpy-101808-scaled.jpg","datePublished":"2025-09-16T06:15:01+00:00","author":{"@id":"https:\/\/exaudi.org\/#\/schema\/person\/85388ea135d433877a2634f921d5567c"},"breadcrumb":{"@id":"https:\/\/exaudi.org\/es\/la-puerta-sin-pomo-sin-llave\/#breadcrumb"},"inLanguage":"es","potentialAction":[{"@type":"ReadAction","target":["https:\/\/exaudi.org\/es\/la-puerta-sin-pomo-sin-llave\/"]}]},{"@type":"ImageObject","inLanguage":"es","@id":"https:\/\/exaudi.org\/es\/la-puerta-sin-pomo-sin-llave\/#primaryimage","url":"https:\/\/exaudi.org\/wp-content\/uploads\/2025\/09\/pexels-asphotograpy-101808-scaled.jpg","contentUrl":"https:\/\/exaudi.org\/wp-content\/uploads\/2025\/09\/pexels-asphotograpy-101808-scaled.jpg","width":2560,"height":1707},{"@type":"BreadcrumbList","@id":"https:\/\/exaudi.org\/es\/la-puerta-sin-pomo-sin-llave\/#breadcrumb","itemListElement":[{"@type":"ListItem","position":1,"name":"Portada","item":"https:\/\/exaudi.org\/es\/"},{"@type":"ListItem","position":2,"name":"La puerta sin pomo, sin llave"}]},{"@type":"WebSite","@id":"https:\/\/exaudi.org\/#website","url":"https:\/\/exaudi.org\/","name":"Exaudi","description":"News","potentialAction":[{"@type":"SearchAction","target":{"@type":"EntryPoint","urlTemplate":"https:\/\/exaudi.org\/?s={search_term_string}"},"query-input":{"@type":"PropertyValueSpecification","valueRequired":true,"valueName":"search_term_string"}}],"inLanguage":"es"},{"@type":"Person","@id":"https:\/\/exaudi.org\/#\/schema\/person\/85388ea135d433877a2634f921d5567c","name":"Rosa Montenegro","image":{"@type":"ImageObject","inLanguage":"es","@id":"https:\/\/secure.gravatar.com\/avatar\/0fc49e154ba2f960002488bc6c90128a74660ddaabe7e2096076c8659f3d49fa?s=96&d=mm&r=g","url":"https:\/\/secure.gravatar.com\/avatar\/0fc49e154ba2f960002488bc6c90128a74660ddaabe7e2096076c8659f3d49fa?s=96&d=mm&r=g","contentUrl":"https:\/\/secure.gravatar.com\/avatar\/0fc49e154ba2f960002488bc6c90128a74660ddaabe7e2096076c8659f3d49fa?s=96&d=mm&r=g","caption":"Rosa Montenegro"},"description":"Pedagoga, orientadora familiar (UNAV) y autora del libro \u201cEl yo y sus met\u00e1foras\u201d libro de antropolog\u00eda para gente sencilla. Con una extensa experiencia internacional en asesoramiento, formaci\u00f3n y coaching, acompa\u00f1a procesos de reconstrucci\u00f3n personal y promueve el fortalecimiento de la identidad desde un enfoque humanista y transformador.","sameAs":["https:\/\/metaforasenrosa.com\/","https:\/\/www.facebook.com\/metaforasenrosa\/","https:\/\/www.instagram.com\/metaforasenrosa\/","https:\/\/x.com\/coachingalicia"],"url":"https:\/\/exaudi.org\/es\/author\/rosa-montenegro\/"}]}},"jetpack_featured_media_url":"https:\/\/exaudi.org\/wp-content\/uploads\/2025\/09\/pexels-asphotograpy-101808-scaled.jpg","jetpack_shortlink":"https:\/\/wp.me\/pgKjF2-z5d","_links":{"self":[{"href":"https:\/\/exaudi.org\/es\/wp-json\/wp\/v2\/posts\/134863","targetHints":{"allow":["GET"]}}],"collection":[{"href":"https:\/\/exaudi.org\/es\/wp-json\/wp\/v2\/posts"}],"about":[{"href":"https:\/\/exaudi.org\/es\/wp-json\/wp\/v2\/types\/post"}],"author":[{"embeddable":true,"href":"https:\/\/exaudi.org\/es\/wp-json\/wp\/v2\/users\/164"}],"replies":[{"embeddable":true,"href":"https:\/\/exaudi.org\/es\/wp-json\/wp\/v2\/comments?post=134863"}],"version-history":[{"count":6,"href":"https:\/\/exaudi.org\/es\/wp-json\/wp\/v2\/posts\/134863\/revisions"}],"predecessor-version":[{"id":134879,"href":"https:\/\/exaudi.org\/es\/wp-json\/wp\/v2\/posts\/134863\/revisions\/134879"}],"wp:featuredmedia":[{"embeddable":true,"href":"https:\/\/exaudi.org\/es\/wp-json\/wp\/v2\/media\/134865"}],"wp:attachment":[{"href":"https:\/\/exaudi.org\/es\/wp-json\/wp\/v2\/media?parent=134863"}],"wp:term":[{"taxonomy":"category","embeddable":true,"href":"https:\/\/exaudi.org\/es\/wp-json\/wp\/v2\/categories?post=134863"},{"taxonomy":"post_tag","embeddable":true,"href":"https:\/\/exaudi.org\/es\/wp-json\/wp\/v2\/tags?post=134863"}],"curies":[{"name":"wp","href":"https:\/\/api.w.org\/{rel}","templated":true}]}}