{"id":134849,"date":"2025-09-15T11:54:14","date_gmt":"2025-09-15T09:54:14","guid":{"rendered":"https:\/\/exaudi.org\/?p=134849"},"modified":"2025-09-15T13:10:57","modified_gmt":"2025-09-15T11:10:57","slug":"grace-for-the-world-un-espectaculo-que-ilumino-la-plaza-de-san-pedro","status":"publish","type":"post","link":"https:\/\/exaudi.org\/es\/grace-for-the-world-un-espectaculo-que-ilumino-la-plaza-de-san-pedro\/","title":{"rendered":"\u00abGrace for the World\u00bb: un espect\u00e1culo que ilumin\u00f3 la Plaza de San Pedro"},"content":{"rendered":"<p data-start=\"367\" data-end=\"800\">La Plaza de San Pedro se transform\u00f3 anoche, 13 de septiembre, en el escenario de <em data-start=\"448\" data-end=\"469\">Grace for the World<\/em>, un evento internacional que combin\u00f3 arte, m\u00fasica y mensajes de fraternidad, marcando el cierre del Encuentro Mundial sobre la Fraternidad Humana. Lo que comenz\u00f3 como jornadas de debate, mesas redondas y talleres con la participaci\u00f3n de figuras internacionales encontr\u00f3 en este espect\u00e1culo su momento m\u00e1s espectacular y emotivo.<\/p>\n<p data-start=\"367\" data-end=\"800\"><img loading=\"lazy\" decoding=\"async\" class=\"size-full wp-image-134854 alignnone\" src=\"https:\/\/exaudi.org\/wp-content\/uploads\/2025\/09\/cq5dam.thumbnail.cropped.1000.563-1.jpeg\" alt=\"\" width=\"1000\" height=\"563\" srcset=\"https:\/\/exaudi.org\/wp-content\/uploads\/2025\/09\/cq5dam.thumbnail.cropped.1000.563-1.jpeg 1000w, https:\/\/exaudi.org\/wp-content\/uploads\/2025\/09\/cq5dam.thumbnail.cropped.1000.563-1-300x169.jpeg 300w, https:\/\/exaudi.org\/wp-content\/uploads\/2025\/09\/cq5dam.thumbnail.cropped.1000.563-1-770x434.jpeg 770w, https:\/\/exaudi.org\/wp-content\/uploads\/2025\/09\/cq5dam.thumbnail.cropped.1000.563-1-500x282.jpeg 500w\" sizes=\"auto, (max-width: 1000px) 100vw, 1000px\" \/><\/p>\n<h3 data-start=\"802\" data-end=\"839\"><strong>Una velada de arte y fraternidad<\/strong><\/h3>\n<p data-start=\"841\" data-end=\"1320\">A las 18:00 h, las puertas de la columnata de San Pedro se abrieron para recibir al p\u00fablico en una noche donde las voces y testimonios se alternaron con actuaciones art\u00edsticas de primer nivel. Entre los protagonistas estuvieron Andrea Bocelli, Pharrell Williams acompa\u00f1ado del coro gospel <em data-start=\"1130\" data-end=\"1146\">Voices of Fire<\/em>, John Legend, Il Volo y el coro de la Di\u00f3cesis de Roma bajo la direcci\u00f3n del maestro Marco Frisina, adem\u00e1s de la cantautora colombiana Karol G y otros destacados artistas.<\/p>\n<p data-start=\"1322\" data-end=\"1594\">El espect\u00e1culo no solo se limit\u00f3 a la m\u00fasica: m\u00e1s de 3.000 drones y un juego de luces a\u00e9reas recrearon im\u00e1genes inspiradas en los frescos de la Capilla Sixtina, creando un ambiente m\u00e1gico que ilumin\u00f3 la c\u00fapula de San Pedro y dej\u00f3 una huella imborrable en los asistentes.<\/p>\n<p data-start=\"1322\" data-end=\"1594\"><img loading=\"lazy\" decoding=\"async\" class=\"size-full wp-image-134857 alignnone\" src=\"https:\/\/exaudi.org\/wp-content\/uploads\/2025\/09\/cq5dam.thumbnail.cropped.1000.563-6.jpeg\" alt=\"\" width=\"1000\" height=\"563\" srcset=\"https:\/\/exaudi.org\/wp-content\/uploads\/2025\/09\/cq5dam.thumbnail.cropped.1000.563-6.jpeg 1000w, https:\/\/exaudi.org\/wp-content\/uploads\/2025\/09\/cq5dam.thumbnail.cropped.1000.563-6-300x169.jpeg 300w, https:\/\/exaudi.org\/wp-content\/uploads\/2025\/09\/cq5dam.thumbnail.cropped.1000.563-6-770x434.jpeg 770w, https:\/\/exaudi.org\/wp-content\/uploads\/2025\/09\/cq5dam.thumbnail.cropped.1000.563-6-500x282.jpeg 500w\" sizes=\"auto, (max-width: 1000px) 100vw, 1000px\" \/><\/p>\n<h3 data-start=\"1596\" data-end=\"1631\"><strong>Un \u00ababrazo simb\u00f3lico\u00bb al mundo<\/strong><\/h3>\n<p data-start=\"1633\" data-end=\"2037\"><em data-start=\"1633\" data-end=\"1654\">Grace for the World<\/em> no fue solo un concierto; fue un proyecto cultural que busc\u00f3 unir debate, arte y testimonio. Seg\u00fan el comunicado oficial, el evento celebra \u00abla fuerza de la fraternidad\u00bb y lanza al mundo \u00abun abrazo simb\u00f3lico y un renovado compromiso colectivo por la protecci\u00f3n de la Creaci\u00f3n\u00bb. Una invitaci\u00f3n a reflexionar y a compartir un mensaje de unidad global a trav\u00e9s del arte y la cultura.<\/p>\n","protected":false},"excerpt":{"rendered":"<p>El cierre del Encuentro Mundial sobre la Fraternidad Humana brill\u00f3 con m\u00fasica, luces y artistas de talla internacional<\/p>\n","protected":false},"author":15,"featured_media":134850,"comment_status":"closed","ping_status":"closed","sticky":false,"template":"","format":"standard","meta":{"_acf_changed":false,"_crdt_document":"","inline_featured_image":false,"footnotes":""},"categories":[132],"tags":[47239,72607,40314,7968,17681,72609,9402,72604,72608,240,72599,72602,72601,72603,72605,27501,72606,72600,1180,72610,20676,58880],"class_list":["post-134849","post","type-post","status-publish","format-standard","has-post-thumbnail","hentry","category-vaticano-es","tag-andrea-bocelli","tag-arte-y-fraternidad","tag-capilla-sixtina","tag-concierto-en-el-vaticano","tag-coro-de-la-diocesis-de-roma","tag-coro-voices-of-fire","tag-encuentro-mundial-sobre-la-fraternidad-humana","tag-espectaculo-de-drones","tag-evento-internacional","tag-fraternidad","tag-grace-for-the-world","tag-il-volo","tag-john-legend","tag-karol-g","tag-luces-aereas","tag-marco-frisina","tag-musica-en-vivo","tag-pharrell-williams","tag-plaza-de-san-pedro","tag-proteccion-de-la-creacion","tag-proyecto-cultural","tag-trending-es-151"],"acf":[],"yoast_head":"<!-- This site is optimized with the Yoast SEO plugin v27.5 - https:\/\/yoast.com\/product\/yoast-seo-wordpress\/ -->\n<title>\u00abGrace for the World\u00bb: un espect\u00e1culo que ilumin\u00f3 la Plaza de San Pedro &#8211; Exaudi<\/title>\n<meta name=\"robots\" content=\"index, follow, max-snippet:-1, max-image-preview:large, max-video-preview:-1\" \/>\n<link rel=\"canonical\" href=\"https:\/\/exaudi.org\/es\/grace-for-the-world-un-espectaculo-que-ilumino-la-plaza-de-san-pedro\/\" \/>\n<meta property=\"og:locale\" content=\"es_ES\" \/>\n<meta property=\"og:type\" content=\"article\" \/>\n<meta property=\"og:title\" content=\"\u00abGrace for the World\u00bb: un espect\u00e1culo que ilumin\u00f3 la Plaza de San Pedro &#8211; Exaudi\" \/>\n<meta property=\"og:description\" content=\"El cierre del Encuentro Mundial sobre la Fraternidad Humana brill\u00f3 con m\u00fasica, luces y artistas de talla internacional\" \/>\n<meta property=\"og:url\" content=\"https:\/\/exaudi.org\/es\/grace-for-the-world-un-espectaculo-que-ilumino-la-plaza-de-san-pedro\/\" \/>\n<meta property=\"og:site_name\" content=\"Exaudi\" \/>\n<meta property=\"article:publisher\" content=\"https:\/\/www.facebook.com\/ExaudiNews\" \/>\n<meta property=\"article:author\" content=\"https:\/\/www.facebook.com\/ExaudiNoticias\/\" \/>\n<meta property=\"article:published_time\" content=\"2025-09-15T09:54:14+00:00\" \/>\n<meta property=\"article:modified_time\" content=\"2025-09-15T11:10:57+00:00\" \/>\n<meta property=\"og:image\" content=\"https:\/\/exaudi.org\/wp-content\/uploads\/2025\/09\/cq5dam.thumbnail.cropped.1000.563-4.jpeg\" \/>\n\t<meta property=\"og:image:width\" content=\"1000\" \/>\n\t<meta property=\"og:image:height\" content=\"563\" \/>\n\t<meta property=\"og:image:type\" content=\"image\/jpeg\" \/>\n<meta name=\"author\" content=\"Exaudi Redacci\u00f3n\" \/>\n<meta name=\"twitter:card\" content=\"summary_large_image\" \/>\n<meta name=\"twitter:creator\" content=\"@Exaudi_noticias\" \/>\n<meta name=\"twitter:site\" content=\"@Exaudi_News\" \/>\n<meta name=\"twitter:label1\" content=\"Escrito por\" \/>\n\t<meta name=\"twitter:data1\" content=\"Exaudi Redacci\u00f3n\" \/>\n\t<meta name=\"twitter:label2\" content=\"Tiempo de lectura\" \/>\n\t<meta name=\"twitter:data2\" content=\"1 minuto\" \/>\n<script type=\"application\/ld+json\" class=\"yoast-schema-graph\">{\"@context\":\"https:\\\/\\\/schema.org\",\"@graph\":[{\"@type\":\"Article\",\"@id\":\"https:\\\/\\\/exaudi.org\\\/es\\\/grace-for-the-world-un-espectaculo-que-ilumino-la-plaza-de-san-pedro\\\/#article\",\"isPartOf\":{\"@id\":\"https:\\\/\\\/exaudi.org\\\/es\\\/grace-for-the-world-un-espectaculo-que-ilumino-la-plaza-de-san-pedro\\\/\"},\"author\":{\"name\":\"Exaudi Redacci\u00f3n\",\"@id\":\"https:\\\/\\\/exaudi.org\\\/#\\\/schema\\\/person\\\/f5fc8f063065e38742da7afe15f25df7\"},\"headline\":\"\u00abGrace for the World\u00bb: un espect\u00e1culo que ilumin\u00f3 la Plaza de San Pedro\",\"datePublished\":\"2025-09-15T09:54:14+00:00\",\"dateModified\":\"2025-09-15T11:10:57+00:00\",\"mainEntityOfPage\":{\"@id\":\"https:\\\/\\\/exaudi.org\\\/es\\\/grace-for-the-world-un-espectaculo-que-ilumino-la-plaza-de-san-pedro\\\/\"},\"wordCount\":309,\"image\":{\"@id\":\"https:\\\/\\\/exaudi.org\\\/es\\\/grace-for-the-world-un-espectaculo-que-ilumino-la-plaza-de-san-pedro\\\/#primaryimage\"},\"thumbnailUrl\":\"https:\\\/\\\/exaudi.org\\\/wp-content\\\/uploads\\\/2025\\\/09\\\/cq5dam.thumbnail.cropped.1000.563-4.jpeg\",\"keywords\":[\"Andrea Bocelli\",\"arte y fraternidad\",\"Capilla Sixtina\",\"Concierto en el vaticano\",\"Coro de la Di\u00f3cesis de Roma\",\"coro Voices of Fire\",\"Encuentro Mundial sobre la Fraternidad Humana\",\"espect\u00e1culo de drones\",\"evento internacional\",\"fraternidad\",\"Grace for the World\",\"Il Volo\",\"John Legend\",\"Karol G\",\"luces a\u00e9reas\",\"Marco Frisina\",\"m\u00fasica en vivo\",\"Pharrell Williams\",\"Plaza de San Pedro\",\"protecci\u00f3n de la Creaci\u00f3n\",\"proyecto cultural\",\"Trending\"],\"articleSection\":[\"Vaticano\"],\"inLanguage\":\"es\"},{\"@type\":\"WebPage\",\"@id\":\"https:\\\/\\\/exaudi.org\\\/es\\\/grace-for-the-world-un-espectaculo-que-ilumino-la-plaza-de-san-pedro\\\/\",\"url\":\"https:\\\/\\\/exaudi.org\\\/es\\\/grace-for-the-world-un-espectaculo-que-ilumino-la-plaza-de-san-pedro\\\/\",\"name\":\"\u00abGrace for the World\u00bb: un espect\u00e1culo que ilumin\u00f3 la Plaza de San Pedro &#8211; Exaudi\",\"isPartOf\":{\"@id\":\"https:\\\/\\\/exaudi.org\\\/#website\"},\"primaryImageOfPage\":{\"@id\":\"https:\\\/\\\/exaudi.org\\\/es\\\/grace-for-the-world-un-espectaculo-que-ilumino-la-plaza-de-san-pedro\\\/#primaryimage\"},\"image\":{\"@id\":\"https:\\\/\\\/exaudi.org\\\/es\\\/grace-for-the-world-un-espectaculo-que-ilumino-la-plaza-de-san-pedro\\\/#primaryimage\"},\"thumbnailUrl\":\"https:\\\/\\\/exaudi.org\\\/wp-content\\\/uploads\\\/2025\\\/09\\\/cq5dam.thumbnail.cropped.1000.563-4.jpeg\",\"datePublished\":\"2025-09-15T09:54:14+00:00\",\"dateModified\":\"2025-09-15T11:10:57+00:00\",\"author\":{\"@id\":\"https:\\\/\\\/exaudi.org\\\/#\\\/schema\\\/person\\\/f5fc8f063065e38742da7afe15f25df7\"},\"breadcrumb\":{\"@id\":\"https:\\\/\\\/exaudi.org\\\/es\\\/grace-for-the-world-un-espectaculo-que-ilumino-la-plaza-de-san-pedro\\\/#breadcrumb\"},\"inLanguage\":\"es\",\"potentialAction\":[{\"@type\":\"ReadAction\",\"target\":[\"https:\\\/\\\/exaudi.org\\\/es\\\/grace-for-the-world-un-espectaculo-que-ilumino-la-plaza-de-san-pedro\\\/\"]}]},{\"@type\":\"ImageObject\",\"inLanguage\":\"es\",\"@id\":\"https:\\\/\\\/exaudi.org\\\/es\\\/grace-for-the-world-un-espectaculo-que-ilumino-la-plaza-de-san-pedro\\\/#primaryimage\",\"url\":\"https:\\\/\\\/exaudi.org\\\/wp-content\\\/uploads\\\/2025\\\/09\\\/cq5dam.thumbnail.cropped.1000.563-4.jpeg\",\"contentUrl\":\"https:\\\/\\\/exaudi.org\\\/wp-content\\\/uploads\\\/2025\\\/09\\\/cq5dam.thumbnail.cropped.1000.563-4.jpeg\",\"width\":1000,\"height\":563},{\"@type\":\"BreadcrumbList\",\"@id\":\"https:\\\/\\\/exaudi.org\\\/es\\\/grace-for-the-world-un-espectaculo-que-ilumino-la-plaza-de-san-pedro\\\/#breadcrumb\",\"itemListElement\":[{\"@type\":\"ListItem\",\"position\":1,\"name\":\"Portada\",\"item\":\"https:\\\/\\\/exaudi.org\\\/es\\\/\"},{\"@type\":\"ListItem\",\"position\":2,\"name\":\"\u00abGrace for the World\u00bb: un espect\u00e1culo que ilumin\u00f3 la Plaza de San Pedro\"}]},{\"@type\":\"WebSite\",\"@id\":\"https:\\\/\\\/exaudi.org\\\/#website\",\"url\":\"https:\\\/\\\/exaudi.org\\\/\",\"name\":\"Exaudi\",\"description\":\"News\",\"potentialAction\":[{\"@type\":\"SearchAction\",\"target\":{\"@type\":\"EntryPoint\",\"urlTemplate\":\"https:\\\/\\\/exaudi.org\\\/?s={search_term_string}\"},\"query-input\":{\"@type\":\"PropertyValueSpecification\",\"valueRequired\":true,\"valueName\":\"search_term_string\"}}],\"inLanguage\":\"es\"},{\"@type\":\"Person\",\"@id\":\"https:\\\/\\\/exaudi.org\\\/#\\\/schema\\\/person\\\/f5fc8f063065e38742da7afe15f25df7\",\"name\":\"Exaudi Redacci\u00f3n\",\"image\":{\"@type\":\"ImageObject\",\"inLanguage\":\"es\",\"@id\":\"https:\\\/\\\/secure.gravatar.com\\\/avatar\\\/fe0f6a059fb68d9b3e11bc5850dd4899b1c7492091a3cb6dd9b01b56ad828be2?s=96&d=mm&r=g\",\"url\":\"https:\\\/\\\/secure.gravatar.com\\\/avatar\\\/fe0f6a059fb68d9b3e11bc5850dd4899b1c7492091a3cb6dd9b01b56ad828be2?s=96&d=mm&r=g\",\"contentUrl\":\"https:\\\/\\\/secure.gravatar.com\\\/avatar\\\/fe0f6a059fb68d9b3e11bc5850dd4899b1c7492091a3cb6dd9b01b56ad828be2?s=96&d=mm&r=g\",\"caption\":\"Exaudi Redacci\u00f3n\"},\"description\":\"\u00bfQu\u00e9 es Exaudi News? Exaudi News es un medio de comunicaci\u00f3n cat\u00f3lico internacional que informa, forma y transforma, diariamente en espa\u00f1ol, ingl\u00e9s e italiano. A trav\u00e9s de noticias, art\u00edculos de an\u00e1lisis y transmisiones en directo de los eventos del Papa, Exaudi busca fortalecer la unidad de los cristianos y contribuir a la evangelizaci\u00f3n del mundo, siempre guiados por la doctrina social de la Iglesia. Trabajamos para acercar la verdad y los valores cristianos a cada rinc\u00f3n del planeta. \u00a1Ay\u00fadanos a transformar el mundo con Exaudi! En Exaudi creemos que la evangelizaci\u00f3n y la informaci\u00f3n de calidad pueden cambiar vidas. Para continuar con nuestra misi\u00f3n y expandir nuestro alcance, necesitamos tu ayuda. Adem\u00e1s, buscamos personas comprometidas que deseen unirse a nuestro equipo. Con tu apoyo, lograremos llegar a m\u00e1s personas, difundir el mensaje de Cristo y reforzar la unidad de los cristianos. \u00bfTe unes a nuestra misi\u00f3n? Para m\u00e1s informaci\u00f3n sobre c\u00f3mo colaborar, visita Exaudi.org\\\/es o cont\u00e1ctanos directamente: info@exaudi.org Exaudi: Informa, forma y transforma.\",\"sameAs\":[\"https:\\\/\\\/www.facebook.com\\\/ExaudiNoticias\\\/\",\"https:\\\/\\\/www.instagram.com\\\/exaudi_noticias\\\/\",\"https:\\\/\\\/x.com\\\/Exaudi_noticias\",\"https:\\\/\\\/www.youtube.com\\\/@exaudicatholicnews\"],\"url\":\"https:\\\/\\\/exaudi.org\\\/es\\\/author\\\/redaccionexaudi\\\/\"}]}<\/script>\n<!-- \/ Yoast SEO plugin. -->","yoast_head_json":{"title":"\u00abGrace for the World\u00bb: un espect\u00e1culo que ilumin\u00f3 la Plaza de San Pedro &#8211; Exaudi","robots":{"index":"index","follow":"follow","max-snippet":"max-snippet:-1","max-image-preview":"max-image-preview:large","max-video-preview":"max-video-preview:-1"},"canonical":"https:\/\/exaudi.org\/es\/grace-for-the-world-un-espectaculo-que-ilumino-la-plaza-de-san-pedro\/","og_locale":"es_ES","og_type":"article","og_title":"\u00abGrace for the World\u00bb: un espect\u00e1culo que ilumin\u00f3 la Plaza de San Pedro &#8211; Exaudi","og_description":"El cierre del Encuentro Mundial sobre la Fraternidad Humana brill\u00f3 con m\u00fasica, luces y artistas de talla internacional","og_url":"https:\/\/exaudi.org\/es\/grace-for-the-world-un-espectaculo-que-ilumino-la-plaza-de-san-pedro\/","og_site_name":"Exaudi","article_publisher":"https:\/\/www.facebook.com\/ExaudiNews","article_author":"https:\/\/www.facebook.com\/ExaudiNoticias\/","article_published_time":"2025-09-15T09:54:14+00:00","article_modified_time":"2025-09-15T11:10:57+00:00","og_image":[{"width":1000,"height":563,"url":"https:\/\/exaudi.org\/wp-content\/uploads\/2025\/09\/cq5dam.thumbnail.cropped.1000.563-4.jpeg","type":"image\/jpeg"}],"author":"Exaudi Redacci\u00f3n","twitter_card":"summary_large_image","twitter_creator":"@Exaudi_noticias","twitter_site":"@Exaudi_News","twitter_misc":{"Escrito por":"Exaudi Redacci\u00f3n","Tiempo de lectura":"1 minuto"},"schema":{"@context":"https:\/\/schema.org","@graph":[{"@type":"Article","@id":"https:\/\/exaudi.org\/es\/grace-for-the-world-un-espectaculo-que-ilumino-la-plaza-de-san-pedro\/#article","isPartOf":{"@id":"https:\/\/exaudi.org\/es\/grace-for-the-world-un-espectaculo-que-ilumino-la-plaza-de-san-pedro\/"},"author":{"name":"Exaudi Redacci\u00f3n","@id":"https:\/\/exaudi.org\/#\/schema\/person\/f5fc8f063065e38742da7afe15f25df7"},"headline":"\u00abGrace for the World\u00bb: un espect\u00e1culo que ilumin\u00f3 la Plaza de San Pedro","datePublished":"2025-09-15T09:54:14+00:00","dateModified":"2025-09-15T11:10:57+00:00","mainEntityOfPage":{"@id":"https:\/\/exaudi.org\/es\/grace-for-the-world-un-espectaculo-que-ilumino-la-plaza-de-san-pedro\/"},"wordCount":309,"image":{"@id":"https:\/\/exaudi.org\/es\/grace-for-the-world-un-espectaculo-que-ilumino-la-plaza-de-san-pedro\/#primaryimage"},"thumbnailUrl":"https:\/\/exaudi.org\/wp-content\/uploads\/2025\/09\/cq5dam.thumbnail.cropped.1000.563-4.jpeg","keywords":["Andrea Bocelli","arte y fraternidad","Capilla Sixtina","Concierto en el vaticano","Coro de la Di\u00f3cesis de Roma","coro Voices of Fire","Encuentro Mundial sobre la Fraternidad Humana","espect\u00e1culo de drones","evento internacional","fraternidad","Grace for the World","Il Volo","John Legend","Karol G","luces a\u00e9reas","Marco Frisina","m\u00fasica en vivo","Pharrell Williams","Plaza de San Pedro","protecci\u00f3n de la Creaci\u00f3n","proyecto cultural","Trending"],"articleSection":["Vaticano"],"inLanguage":"es"},{"@type":"WebPage","@id":"https:\/\/exaudi.org\/es\/grace-for-the-world-un-espectaculo-que-ilumino-la-plaza-de-san-pedro\/","url":"https:\/\/exaudi.org\/es\/grace-for-the-world-un-espectaculo-que-ilumino-la-plaza-de-san-pedro\/","name":"\u00abGrace for the World\u00bb: un espect\u00e1culo que ilumin\u00f3 la Plaza de San Pedro &#8211; Exaudi","isPartOf":{"@id":"https:\/\/exaudi.org\/#website"},"primaryImageOfPage":{"@id":"https:\/\/exaudi.org\/es\/grace-for-the-world-un-espectaculo-que-ilumino-la-plaza-de-san-pedro\/#primaryimage"},"image":{"@id":"https:\/\/exaudi.org\/es\/grace-for-the-world-un-espectaculo-que-ilumino-la-plaza-de-san-pedro\/#primaryimage"},"thumbnailUrl":"https:\/\/exaudi.org\/wp-content\/uploads\/2025\/09\/cq5dam.thumbnail.cropped.1000.563-4.jpeg","datePublished":"2025-09-15T09:54:14+00:00","dateModified":"2025-09-15T11:10:57+00:00","author":{"@id":"https:\/\/exaudi.org\/#\/schema\/person\/f5fc8f063065e38742da7afe15f25df7"},"breadcrumb":{"@id":"https:\/\/exaudi.org\/es\/grace-for-the-world-un-espectaculo-que-ilumino-la-plaza-de-san-pedro\/#breadcrumb"},"inLanguage":"es","potentialAction":[{"@type":"ReadAction","target":["https:\/\/exaudi.org\/es\/grace-for-the-world-un-espectaculo-que-ilumino-la-plaza-de-san-pedro\/"]}]},{"@type":"ImageObject","inLanguage":"es","@id":"https:\/\/exaudi.org\/es\/grace-for-the-world-un-espectaculo-que-ilumino-la-plaza-de-san-pedro\/#primaryimage","url":"https:\/\/exaudi.org\/wp-content\/uploads\/2025\/09\/cq5dam.thumbnail.cropped.1000.563-4.jpeg","contentUrl":"https:\/\/exaudi.org\/wp-content\/uploads\/2025\/09\/cq5dam.thumbnail.cropped.1000.563-4.jpeg","width":1000,"height":563},{"@type":"BreadcrumbList","@id":"https:\/\/exaudi.org\/es\/grace-for-the-world-un-espectaculo-que-ilumino-la-plaza-de-san-pedro\/#breadcrumb","itemListElement":[{"@type":"ListItem","position":1,"name":"Portada","item":"https:\/\/exaudi.org\/es\/"},{"@type":"ListItem","position":2,"name":"\u00abGrace for the World\u00bb: un espect\u00e1culo que ilumin\u00f3 la Plaza de San Pedro"}]},{"@type":"WebSite","@id":"https:\/\/exaudi.org\/#website","url":"https:\/\/exaudi.org\/","name":"Exaudi","description":"News","potentialAction":[{"@type":"SearchAction","target":{"@type":"EntryPoint","urlTemplate":"https:\/\/exaudi.org\/?s={search_term_string}"},"query-input":{"@type":"PropertyValueSpecification","valueRequired":true,"valueName":"search_term_string"}}],"inLanguage":"es"},{"@type":"Person","@id":"https:\/\/exaudi.org\/#\/schema\/person\/f5fc8f063065e38742da7afe15f25df7","name":"Exaudi Redacci\u00f3n","image":{"@type":"ImageObject","inLanguage":"es","@id":"https:\/\/secure.gravatar.com\/avatar\/fe0f6a059fb68d9b3e11bc5850dd4899b1c7492091a3cb6dd9b01b56ad828be2?s=96&d=mm&r=g","url":"https:\/\/secure.gravatar.com\/avatar\/fe0f6a059fb68d9b3e11bc5850dd4899b1c7492091a3cb6dd9b01b56ad828be2?s=96&d=mm&r=g","contentUrl":"https:\/\/secure.gravatar.com\/avatar\/fe0f6a059fb68d9b3e11bc5850dd4899b1c7492091a3cb6dd9b01b56ad828be2?s=96&d=mm&r=g","caption":"Exaudi Redacci\u00f3n"},"description":"\u00bfQu\u00e9 es Exaudi News? Exaudi News es un medio de comunicaci\u00f3n cat\u00f3lico internacional que informa, forma y transforma, diariamente en espa\u00f1ol, ingl\u00e9s e italiano. A trav\u00e9s de noticias, art\u00edculos de an\u00e1lisis y transmisiones en directo de los eventos del Papa, Exaudi busca fortalecer la unidad de los cristianos y contribuir a la evangelizaci\u00f3n del mundo, siempre guiados por la doctrina social de la Iglesia. Trabajamos para acercar la verdad y los valores cristianos a cada rinc\u00f3n del planeta. \u00a1Ay\u00fadanos a transformar el mundo con Exaudi! En Exaudi creemos que la evangelizaci\u00f3n y la informaci\u00f3n de calidad pueden cambiar vidas. Para continuar con nuestra misi\u00f3n y expandir nuestro alcance, necesitamos tu ayuda. Adem\u00e1s, buscamos personas comprometidas que deseen unirse a nuestro equipo. Con tu apoyo, lograremos llegar a m\u00e1s personas, difundir el mensaje de Cristo y reforzar la unidad de los cristianos. \u00bfTe unes a nuestra misi\u00f3n? Para m\u00e1s informaci\u00f3n sobre c\u00f3mo colaborar, visita Exaudi.org\/es o cont\u00e1ctanos directamente: info@exaudi.org Exaudi: Informa, forma y transforma.","sameAs":["https:\/\/www.facebook.com\/ExaudiNoticias\/","https:\/\/www.instagram.com\/exaudi_noticias\/","https:\/\/x.com\/Exaudi_noticias","https:\/\/www.youtube.com\/@exaudicatholicnews"],"url":"https:\/\/exaudi.org\/es\/author\/redaccionexaudi\/"}]}},"jetpack_featured_media_url":"https:\/\/exaudi.org\/wp-content\/uploads\/2025\/09\/cq5dam.thumbnail.cropped.1000.563-4.jpeg","jetpack_shortlink":"https:\/\/wp.me\/pgKjF2-z4Z","_links":{"self":[{"href":"https:\/\/exaudi.org\/es\/wp-json\/wp\/v2\/posts\/134849","targetHints":{"allow":["GET"]}}],"collection":[{"href":"https:\/\/exaudi.org\/es\/wp-json\/wp\/v2\/posts"}],"about":[{"href":"https:\/\/exaudi.org\/es\/wp-json\/wp\/v2\/types\/post"}],"author":[{"embeddable":true,"href":"https:\/\/exaudi.org\/es\/wp-json\/wp\/v2\/users\/15"}],"replies":[{"embeddable":true,"href":"https:\/\/exaudi.org\/es\/wp-json\/wp\/v2\/comments?post=134849"}],"version-history":[{"count":4,"href":"https:\/\/exaudi.org\/es\/wp-json\/wp\/v2\/posts\/134849\/revisions"}],"predecessor-version":[{"id":134862,"href":"https:\/\/exaudi.org\/es\/wp-json\/wp\/v2\/posts\/134849\/revisions\/134862"}],"wp:featuredmedia":[{"embeddable":true,"href":"https:\/\/exaudi.org\/es\/wp-json\/wp\/v2\/media\/134850"}],"wp:attachment":[{"href":"https:\/\/exaudi.org\/es\/wp-json\/wp\/v2\/media?parent=134849"}],"wp:term":[{"taxonomy":"category","embeddable":true,"href":"https:\/\/exaudi.org\/es\/wp-json\/wp\/v2\/categories?post=134849"},{"taxonomy":"post_tag","embeddable":true,"href":"https:\/\/exaudi.org\/es\/wp-json\/wp\/v2\/tags?post=134849"}],"curies":[{"name":"wp","href":"https:\/\/api.w.org\/{rel}","templated":true}]}}