{"id":13464,"date":"2026-04-27T07:30:43","date_gmt":"2026-04-27T05:30:43","guid":{"rendered":"https:\/\/exaudi.org\/?p=13464"},"modified":"2026-04-27T08:06:19","modified_gmt":"2026-04-27T06:06:19","slug":"beata-maria-antonia-bandres-y-elosegui-27-abril","status":"publish","type":"post","link":"https:\/\/exaudi.org\/es\/beata-maria-antonia-bandres-y-elosegui-27-abril\/","title":{"rendered":"Beata Mar\u00eda Antonia Bandr\u00e9s y El\u00f3segui, 27 de abril"},"content":{"rendered":"<p><span style=\"font-weight: 400;\">En un hogar acomodado de Tolosa, Guip\u00fazcoa, Espa\u00f1a, naci\u00f3 esta beata el 6 de marzo de 1898, Mar\u00eda Antonia Bandr\u00e9s y El\u00f3segui. Su padre Raimundo Bandr\u00e9s era un reputado jurista que hab\u00eda formado una gran familia junto a Teresa El\u00f3segui. Antonia fue la segunda de quince hermanos. Naci\u00f3 fr\u00e1gil y recibi\u00f3 cuidados y ternura a raudales que hicieron mella en su forma de ser. <\/span><span style=\"font-weight: 400;\">Tanto derroche de atenciones revertieron en su personalidad en tal grado que durante los primeros a\u00f1os fue una persona inmadura en la que se apreciaba una hipersensibilidad preocupante.\u00a0<\/span><\/p>\n<p><iframe title=\"Spotify Embed: Beata Mar\u00eda Antonia Bandr\u00e9s y El\u00f3segui, 27 de abril\" style=\"border-radius: 12px\" width=\"100%\" height=\"152\" frameborder=\"0\" allowfullscreen allow=\"autoplay; clipboard-write; encrypted-media; fullscreen; picture-in-picture\" loading=\"lazy\" src=\"https:\/\/open.spotify.com\/embed\/episode\/039bflIHOUgi2LPHcWD1wm?si=26bd07d56c3a41fa&amp;utm_source=oembed\"><\/iframe><\/p>\n<p><span style=\"font-weight: 400;\">Su madre se hab\u00eda ocupado de inculcarle muchos valores que, unidos a su gran devoci\u00f3n a Mar\u00eda, fueron abri\u00e9ndole luminosos caminos. Pero en el transcurso de su adolescencia, esta madre generosa y llena de piedad, no ocult\u00f3 su inquietud: \u201c\u00a1Qu\u00e9 chiquilla m\u00e1s fastidiosa!, dec\u00eda, \u00a1cu\u00e1nto vas a sufrir con ese car\u00e1cter!\u201d. <\/span><\/p>\n<p><span style=\"font-weight: 400;\">Sin embargo, el germen de tan buen ejemplo ya estaba larvado en el coraz\u00f3n de la joven. Comenz\u00f3 una labor caritativa con los pobres y necesitados que malviv\u00edan en los suburbios acompa\u00f1ando a su madre de la que aprendi\u00f3 a contemplar el rostro de Cristo en ellos.<\/span><\/p>\n<p><span style=\"font-weight: 400;\"> Tambi\u00e9n contaba con la discreci\u00f3n de una empleada dom\u00e9stica que la segu\u00eda sol\u00edcita en esta acci\u00f3n solidaria que llevaba a cabo y que iba dejando una huella indeleble en los agraciados, conmovidos por su esp\u00edritu humilde, sencillo y generoso. Finura de trato y el tacto que brotaba de su caridad le permitieron suavizar las aristas que hall\u00f3 en personas dif\u00edciles de h\u00e1bitos violentos.<\/span><\/p>\n<p><span style=\"font-weight: 400;\">Hab\u00eda cursado estudios en el colegio de san Jos\u00e9, de Tolosa, erigido por la Madre C\u00e1ndida, fundadora de las Hijas de Jes\u00fas, qui\u00e9n al conocerla, seducida por su virtud, vislumbr\u00f3 en ella una futura vocaci\u00f3n. La espiritualidad mariana del centro, que ten\u00eda como objeto directo de su devoci\u00f3n a la Virgen del Amor Hermoso, hicieron que reviviese en Antonia el amor a Mar\u00eda que su buena madre le infundi\u00f3. <\/span><\/p>\n<p><span style=\"font-weight: 400;\">En 1915, a la edad de 17 a\u00f1os, como en medio de su fr\u00e1gil salud emerg\u00eda la fortaleza que proviene de la gracia divina, no dud\u00f3 en consagrarse. Cumplir\u00eda as\u00ed el vaticinio que la fundadora le hizo cuando era una adolescente: \u201cT\u00fa ser\u00e1s Hija de Jes\u00fas\u201d. Antonia entrevi\u00f3 la llamada en medio de la oraci\u00f3n cuando realizaba los ejercicios espirituales en Loyola.<\/span><\/p>\n<p><span style=\"font-weight: 400;\"> El profundo y leg\u00edtimo cari\u00f1o que le vinculaba a su familia no fue un escollo. Y aunque experimentaba el dolor de la separaci\u00f3n, sigui\u00f3 en pos de Cristo. Eso s\u00ed, reconocer\u00eda con toda sencillez en el noviciado: \u201cSolo por Dios los he dejado\u201d. Un t\u00edo suyo, Ant\u00f3n, agn\u00f3stico declarado, no vio con buenos ojos esta decisi\u00f3n, sentimiento que no pas\u00f3 desapercibido para la beata.<\/span><\/p>\n<p><span style=\"font-weight: 400;\">En 1918, la beata Mar\u00eda Antonia Bandr\u00e9s y El\u00f3segui profes\u00f3 en Salamanca y, casi a la par, su salud fue quebr\u00e1ndose irremisiblemente. La sonrisa en medio del sufrimiento era una constante en su rostro, como lo fue la fortaleza y paz que mostr\u00f3 en todo instante dejando conmovido a su m\u00e9dico, el egregio Dr. Filiberto Villalobos.<\/span><\/p>\n<p><span style=\"font-weight: 400;\"> \u00c9ste comentaba con doctos amigos, como el gran Miguel de Unamuno, el impacto que le causaba ver tanta conformidad y fe en su paciente, que caminaba gozosa a un final indeclinable porque sab\u00eda que le aguardaban los brazos del Padre celestial. \u201c\u00a1Qu\u00e9 errada es nuestra vida! \u2013exclamaba\u2013. Esto s\u00ed que es morir!\u201d.<\/span><\/p>\n<p><span style=\"font-weight: 400;\"> Una reflexi\u00f3n que cal\u00f3 en el \u00e1nimo de sus interlocutores. El hecho es que Antonia hab\u00eda ofrecido su vida a Dios por la conversi\u00f3n de su t\u00edo Ant\u00f3n, gracia que le fue concedida y que se materializ\u00f3 cuando \u00e9l se percat\u00f3 de la grandeza de su sobrina, hallando la paz en el perd\u00f3n y la misericordia divina ante la imagen de la Virgen de Ar\u00e1nzazu.<\/span><\/p>\n<p><span style=\"font-weight: 400;\">\u00a1Qui\u00e9n hubiera dicho que aqu\u00e9lla fr\u00e1gil adolescente que mostraba la herida de sus sentimientos a la primera de cambio, impulsada por una enfermiza sensibilidad, iba a actuar con tanta entereza! Que se hubiera propuesto con esa firmeza con que lo hizo: \u201cEs preciso llegar a la cumbre\u201d, enfrent\u00e1ndose con bravura a una muerte inevitable que asumi\u00f3 uni\u00e9ndose a Cristo sabedora de que \u00c9l nunca la abandonaba, creyendo que le ser\u00eda otorgada la petici\u00f3n que hizo para su querido padrino.<\/span><\/p>\n<p><span style=\"font-weight: 400;\"> Si Cristo hab\u00eda sufrido, por qu\u00e9 no iba a hacerlo ella. Resoluta, clara, indeclinable en esta determinaci\u00f3n de morir para ser dadora de vida con \u00c9l, ten\u00eda claro que ese af\u00e1n de ofrenda ten\u00eda que cumplirlo con este cariz: \u201cde hacerla, hacerla entera\u201d.<\/span><\/p>\n<p><span style=\"font-weight: 400;\">En medio de sus sufrimientos, Dios no quiso dejarla hu\u00e9rfana de consuelo, y ella lleg\u00f3 a manifestar: \u201c\u00bfEsto es morir? \u00a1Qu\u00e9 dulce es morir en la vida religiosa! Siento que la Virgen est\u00e1 a mi lado, que Jes\u00fas me ama y yo lo amo\u2026\u201d. <\/span><\/p>\n<p><span style=\"font-weight: 400;\">El 27 de abril de 1919, festividad de Nuestra Se\u00f1ora de Montserrat, culmin\u00f3 su calvario y entr\u00f3 en la gloria. Ten\u00eda 21 a\u00f1os reci\u00e9n cumplidos. Fue beatificada por Juan Pablo II el 12 de mayo de 1996 junto a su fundadora, la Madre C\u00e1ndida Mar\u00eda de Jes\u00fas.<\/span><\/p>\n<p><img loading=\"lazy\" decoding=\"async\" class=\"size-full wp-image-162956 alignnone\" src=\"https:\/\/exaudi.org\/wp-content\/uploads\/2025\/04\/Copia-de-Santoral-7.jpg\" alt=\"\" width=\"1080\" height=\"1080\" srcset=\"https:\/\/exaudi.org\/wp-content\/uploads\/2025\/04\/Copia-de-Santoral-7.jpg 1080w, https:\/\/exaudi.org\/wp-content\/uploads\/2025\/04\/Copia-de-Santoral-7-300x300.jpg 300w, https:\/\/exaudi.org\/wp-content\/uploads\/2025\/04\/Copia-de-Santoral-7-1024x1024.jpg 1024w, https:\/\/exaudi.org\/wp-content\/uploads\/2025\/04\/Copia-de-Santoral-7-100x100.jpg?crop=1 100w, https:\/\/exaudi.org\/wp-content\/uploads\/2025\/04\/Copia-de-Santoral-7-770x770.jpg 770w, https:\/\/exaudi.org\/wp-content\/uploads\/2025\/04\/Copia-de-Santoral-7-500x500.jpg 500w\" sizes=\"auto, (max-width: 1080px) 100vw, 1080px\" \/><\/p>\n<p><img loading=\"lazy\" decoding=\"async\" class=\"alignright wp-image-2208\" src=\"https:\/\/exaudi.org\/wp-content\/uploads\/2021\/02\/santoral-scaled-1-725x1024.jpg\" alt=\"santoral Isabel Orellana\" width=\"262\" height=\"370\" \/><\/p>\n<div class=\"page\" title=\"Page 4\">\n<div class=\"layoutArea\">\n<div class=\"column\">\n<h6><em>\u00a9 <a href=\"https:\/\/exaudi.org\/es\/author\/isabelorellana\/\" target=\"_blank\" rel=\"noopener noreferrer\">Isabel Orellana Vilches<\/a>, 2018<\/em><br \/>\n<em>Autora vinculada a<\/em><br \/>\n<img loading=\"lazy\" decoding=\"async\" class=\"alignnone size-full wp-image-41949\" src=\"https:\/\/www.idente.org\/wp-content\/uploads\/logo-cedro-v01-843x295-1-e1603384654546.png\" alt=\"\" width=\"80\" height=\"28\" \/><br \/>\nObra protegida por derechos de autor.<br \/>\nInscrita en el Registro de la Propiedad Intelectual el 24 de noviembre de 2014.<br \/>\n________________<br \/>\nDerechos de edici\u00f3n reservados:<br \/>\nFundaci\u00f3n <a href=\"https:\/\/rielo.com\/\" target=\"_blank\" rel=\"noopener noreferrer\">Fernando Rielo<\/a><br \/>\nGoya 20, 4.\u00ba izq. int. 28001 Madrid<br \/>\nTlf.: (34) 91 575 40 91<br \/>\nCorreo electr\u00f3nico: fundacion@rielo.com<\/h6>\n<div class=\"page\" title=\"Page 4\">\n<div class=\"layoutArea\">\n<div class=\"column\">\n<h6>Dep\u00f3sito legal: M-18664-2020<br \/>\nISBN: 978-84-946646-6-3<\/h6>\n<\/div>\n<\/div>\n<\/div>\n<\/div>\n<\/div>\n<\/div>\n","protected":false},"excerpt":{"rendered":"<p>Religiosa de las Hijas de Jes\u00fas<\/p>\n","protected":false},"author":23,"featured_media":13470,"comment_status":"closed","ping_status":"closed","sticky":false,"template":"","format":"standard","meta":{"_acf_changed":false,"_crdt_document":"","inline_featured_image":false,"footnotes":""},"categories":[74,2772],"tags":[1948,388,387,58880],"class_list":["post-13464","post","type-post","status-publish","format-standard","has-post-thumbnail","hentry","category-iglesia-y-mundo","category-santoral","tag-beata-maria-antonia-bandres-y-elosegui","tag-isabel-orellana-vilches","tag-santoral","tag-trending-es-151"],"acf":[],"yoast_head":"<!-- This site is optimized with the Yoast SEO plugin v27.5 - https:\/\/yoast.com\/product\/yoast-seo-wordpress\/ -->\n<title>Beata Mar\u00eda Antonia Bandr\u00e9s y El\u00f3segui, 27 de abril - Exaudi<\/title>\n<meta name=\"description\" content=\"Santoral del 27 de abril sobre la beata Mar\u00eda Antonia Bandr\u00e9s y El\u00f3segui, por Isabel Orellana Vilches y la Fundaci\u00f3n Fernando Rielo.\" \/>\n<meta name=\"robots\" content=\"index, follow, max-snippet:-1, max-image-preview:large, max-video-preview:-1\" \/>\n<link rel=\"canonical\" href=\"https:\/\/exaudi.org\/es\/beata-maria-antonia-bandres-y-elosegui-27-abril\/\" \/>\n<meta property=\"og:locale\" content=\"es_ES\" \/>\n<meta property=\"og:type\" content=\"article\" \/>\n<meta property=\"og:title\" content=\"Beata Mar\u00eda Antonia Bandr\u00e9s y El\u00f3segui, 27 de abril - Exaudi\" \/>\n<meta property=\"og:description\" content=\"Santoral del 27 de abril sobre la beata Mar\u00eda Antonia Bandr\u00e9s y El\u00f3segui, por Isabel Orellana Vilches y la Fundaci\u00f3n Fernando Rielo.\" \/>\n<meta property=\"og:url\" content=\"https:\/\/exaudi.org\/es\/beata-maria-antonia-bandres-y-elosegui-27-abril\/\" \/>\n<meta property=\"og:site_name\" content=\"Exaudi\" \/>\n<meta property=\"article:publisher\" content=\"https:\/\/www.facebook.com\/ExaudiNews\" \/>\n<meta property=\"article:published_time\" content=\"2026-04-27T05:30:43+00:00\" \/>\n<meta property=\"article:modified_time\" content=\"2026-04-27T06:06:19+00:00\" \/>\n<meta property=\"og:image\" content=\"https:\/\/exaudi.org\/wp-content\/uploads\/2021\/04\/Beata-Maria-Antonia-Bandres-y-Elosegui.jpg\" \/>\n\t<meta property=\"og:image:width\" content=\"1059\" \/>\n\t<meta property=\"og:image:height\" content=\"704\" \/>\n\t<meta property=\"og:image:type\" content=\"image\/jpeg\" \/>\n<meta name=\"author\" content=\"Isabel Orellana\" \/>\n<meta name=\"twitter:card\" content=\"summary_large_image\" \/>\n<meta name=\"twitter:creator\" content=\"@Exaudi_News\" \/>\n<meta name=\"twitter:site\" content=\"@Exaudi_News\" \/>\n<meta name=\"twitter:label1\" content=\"Escrito por\" \/>\n\t<meta name=\"twitter:data1\" content=\"Isabel Orellana\" \/>\n\t<meta name=\"twitter:label2\" content=\"Tiempo de lectura\" \/>\n\t<meta name=\"twitter:data2\" content=\"5 minutos\" \/>\n<script type=\"application\/ld+json\" class=\"yoast-schema-graph\">{\"@context\":\"https:\\\/\\\/schema.org\",\"@graph\":[{\"@type\":\"Article\",\"@id\":\"https:\\\/\\\/exaudi.org\\\/es\\\/beata-maria-antonia-bandres-y-elosegui-27-abril\\\/#article\",\"isPartOf\":{\"@id\":\"https:\\\/\\\/exaudi.org\\\/es\\\/beata-maria-antonia-bandres-y-elosegui-27-abril\\\/\"},\"author\":{\"name\":\"Isabel Orellana\",\"@id\":\"https:\\\/\\\/exaudi.org\\\/#\\\/schema\\\/person\\\/64e18b96fd6118559a9217b5b3375fdc\"},\"headline\":\"Beata Mar\u00eda Antonia Bandr\u00e9s y El\u00f3segui, 27 de abril\",\"datePublished\":\"2026-04-27T05:30:43+00:00\",\"dateModified\":\"2026-04-27T06:06:19+00:00\",\"mainEntityOfPage\":{\"@id\":\"https:\\\/\\\/exaudi.org\\\/es\\\/beata-maria-antonia-bandres-y-elosegui-27-abril\\\/\"},\"wordCount\":990,\"image\":{\"@id\":\"https:\\\/\\\/exaudi.org\\\/es\\\/beata-maria-antonia-bandres-y-elosegui-27-abril\\\/#primaryimage\"},\"thumbnailUrl\":\"https:\\\/\\\/exaudi.org\\\/wp-content\\\/uploads\\\/2021\\\/04\\\/Beata-Maria-Antonia-Bandres-y-Elosegui.jpg\",\"keywords\":[\"Beata Mar\u00eda Antonia Bandr\u00e9s y El\u00f3segui\",\"Isabel Orellana Vilches\",\"Santoral\",\"Trending\"],\"articleSection\":[\"Iglesia y Mundo\",\"Santoral\"],\"inLanguage\":\"es\"},{\"@type\":\"WebPage\",\"@id\":\"https:\\\/\\\/exaudi.org\\\/es\\\/beata-maria-antonia-bandres-y-elosegui-27-abril\\\/\",\"url\":\"https:\\\/\\\/exaudi.org\\\/es\\\/beata-maria-antonia-bandres-y-elosegui-27-abril\\\/\",\"name\":\"Beata Mar\u00eda Antonia Bandr\u00e9s y El\u00f3segui, 27 de abril - Exaudi\",\"isPartOf\":{\"@id\":\"https:\\\/\\\/exaudi.org\\\/#website\"},\"primaryImageOfPage\":{\"@id\":\"https:\\\/\\\/exaudi.org\\\/es\\\/beata-maria-antonia-bandres-y-elosegui-27-abril\\\/#primaryimage\"},\"image\":{\"@id\":\"https:\\\/\\\/exaudi.org\\\/es\\\/beata-maria-antonia-bandres-y-elosegui-27-abril\\\/#primaryimage\"},\"thumbnailUrl\":\"https:\\\/\\\/exaudi.org\\\/wp-content\\\/uploads\\\/2021\\\/04\\\/Beata-Maria-Antonia-Bandres-y-Elosegui.jpg\",\"datePublished\":\"2026-04-27T05:30:43+00:00\",\"dateModified\":\"2026-04-27T06:06:19+00:00\",\"author\":{\"@id\":\"https:\\\/\\\/exaudi.org\\\/#\\\/schema\\\/person\\\/64e18b96fd6118559a9217b5b3375fdc\"},\"description\":\"Santoral del 27 de abril sobre la beata Mar\u00eda Antonia Bandr\u00e9s y El\u00f3segui, por Isabel Orellana Vilches y la Fundaci\u00f3n Fernando Rielo.\",\"breadcrumb\":{\"@id\":\"https:\\\/\\\/exaudi.org\\\/es\\\/beata-maria-antonia-bandres-y-elosegui-27-abril\\\/#breadcrumb\"},\"inLanguage\":\"es\",\"potentialAction\":[{\"@type\":\"ReadAction\",\"target\":[\"https:\\\/\\\/exaudi.org\\\/es\\\/beata-maria-antonia-bandres-y-elosegui-27-abril\\\/\"]}]},{\"@type\":\"ImageObject\",\"inLanguage\":\"es\",\"@id\":\"https:\\\/\\\/exaudi.org\\\/es\\\/beata-maria-antonia-bandres-y-elosegui-27-abril\\\/#primaryimage\",\"url\":\"https:\\\/\\\/exaudi.org\\\/wp-content\\\/uploads\\\/2021\\\/04\\\/Beata-Maria-Antonia-Bandres-y-Elosegui.jpg\",\"contentUrl\":\"https:\\\/\\\/exaudi.org\\\/wp-content\\\/uploads\\\/2021\\\/04\\\/Beata-Maria-Antonia-Bandres-y-Elosegui.jpg\",\"width\":1059,\"height\":704,\"caption\":\"Beata Mar\u00eda Antonia Bandr\u00e9s y El\u00f3segui \u00a9 Madrecandidamariadejesus.Blogspot.Com\"},{\"@type\":\"BreadcrumbList\",\"@id\":\"https:\\\/\\\/exaudi.org\\\/es\\\/beata-maria-antonia-bandres-y-elosegui-27-abril\\\/#breadcrumb\",\"itemListElement\":[{\"@type\":\"ListItem\",\"position\":1,\"name\":\"Portada\",\"item\":\"https:\\\/\\\/exaudi.org\\\/es\\\/\"},{\"@type\":\"ListItem\",\"position\":2,\"name\":\"Beata Mar\u00eda Antonia Bandr\u00e9s y El\u00f3segui, 27 de abril\"}]},{\"@type\":\"WebSite\",\"@id\":\"https:\\\/\\\/exaudi.org\\\/#website\",\"url\":\"https:\\\/\\\/exaudi.org\\\/\",\"name\":\"Exaudi\",\"description\":\"News\",\"potentialAction\":[{\"@type\":\"SearchAction\",\"target\":{\"@type\":\"EntryPoint\",\"urlTemplate\":\"https:\\\/\\\/exaudi.org\\\/?s={search_term_string}\"},\"query-input\":{\"@type\":\"PropertyValueSpecification\",\"valueRequired\":true,\"valueName\":\"search_term_string\"}}],\"inLanguage\":\"es\"},{\"@type\":\"Person\",\"@id\":\"https:\\\/\\\/exaudi.org\\\/#\\\/schema\\\/person\\\/64e18b96fd6118559a9217b5b3375fdc\",\"name\":\"Isabel Orellana\",\"image\":{\"@type\":\"ImageObject\",\"inLanguage\":\"es\",\"@id\":\"https:\\\/\\\/secure.gravatar.com\\\/avatar\\\/51968380bbb6b22ae85c605634860366fd9a2a611c6341125115bca32cd6c171?s=96&d=mm&r=g\",\"url\":\"https:\\\/\\\/secure.gravatar.com\\\/avatar\\\/51968380bbb6b22ae85c605634860366fd9a2a611c6341125115bca32cd6c171?s=96&d=mm&r=g\",\"contentUrl\":\"https:\\\/\\\/secure.gravatar.com\\\/avatar\\\/51968380bbb6b22ae85c605634860366fd9a2a611c6341125115bca32cd6c171?s=96&d=mm&r=g\",\"caption\":\"Isabel Orellana\"},\"description\":\"Isabel Orellana Vilches Misionera idente. Doctora en Filosof\u00eda por la Universidad Aut\u00f3noma de Barcelona con la tesis Realismo y progreso cient\u00edfico en la epistemolog\u00eda popperiana. Ha cursado estudios de teolog\u00eda en la Universidad Pontificia de Salamanca. Con amplia actividad docente desde 1986, ha publicado libros como: Realismo y progreso cient\u00edfico en la epistemolog\u00eda popperiana, Universitat Aut\u00f2noma de Barcelona, 1993; El evangelio habla a los j\u00f3venes, Atenas, Madrid, 1997; Qu\u00e9 es... LA TOLERANCIA, Paulinas, Madrid, 1999; Pedagog\u00eda del dolor. Ensayo antropol\u00f3gico, Palabra, Madrid, 1999; En colaboraci\u00f3n con Enrique Rivera de Ventosa (\u2020) OFM. Cap. San Francisco de As\u00eds y Fernando Rielo: Convergencias. Respuestas desde la fe a los interrogantes del hombre de hoy, Universidad Pontificia, Salamanca, 2001; La \\\"mirada\\\" del cine. Recursos did\u00e1cticos del s\u00e9ptimo arte. Librer\u00eda Cervantes, Salamanca, 2001; Paradojas de la convivencia, San Pablo, Madrid, 2002; En la Universidad T\u00e9cnica Particular de Loja, Ecuador, ha publicado: La confianza. El arte de amar, 2002; Educar para la responsabilidad, 2003; Apuntes de \u00e9tica en Karl R. Popper, 2003; De soledades y comunicaci\u00f3n, 2005; Yo educo; t\u00fa respondes, 2008; Humanismo y fe en un crisol de culturas, 2008; Repensar lo cotidiano, 2008; Convivir: un constante desaf\u00edo, 2009; La l\u00f3gica del amor, 2010; El dolor del amor. Apuntes sobre la enfermedad y el dolor en relaci\u00f3n con la virtud heroica, el martirio y la vida santa. Seminario Diocesano de M\u00e1laga, 2006 y Universidad T\u00e9cnica Particular de Loja, Ecuador (2007). Cuenta con numerosas colaboraciones en obras colectivas, as\u00ed como relatos, cuentos, f\u00e1bula y novela juvenil, adem\u00e1s de art\u00edculos de tem\u00e1tica cient\u00edfica, pedag\u00f3gica y espiritual, que viene publicando en distintas revistas nacionales e internacionales. En 2012 culmin\u00f3 el santoral Llamados a ser santos y poco m\u00e1s tarde Epopeyas de amor prologado por mons. Fernando Sebasti\u00e1n. Es la bi\u00f3grafa oficial del fundador de su familia espiritual, autora de Fernando Rielo Pardal. Fundador de los Misioneros Identes, Descl\u00e9e de Brouwer, Bilbao, 2009. Culmina la biograf\u00eda completa. Encargada del santoral de ZENIT desde 2012 a 2020 y ahora en Exaudi\",\"url\":\"https:\\\/\\\/exaudi.org\\\/es\\\/author\\\/isabelorellana\\\/\"}]}<\/script>\n<!-- \/ Yoast SEO plugin. -->","yoast_head_json":{"title":"Beata Mar\u00eda Antonia Bandr\u00e9s y El\u00f3segui, 27 de abril - Exaudi","description":"Santoral del 27 de abril sobre la beata Mar\u00eda Antonia Bandr\u00e9s y El\u00f3segui, por Isabel Orellana Vilches y la Fundaci\u00f3n Fernando Rielo.","robots":{"index":"index","follow":"follow","max-snippet":"max-snippet:-1","max-image-preview":"max-image-preview:large","max-video-preview":"max-video-preview:-1"},"canonical":"https:\/\/exaudi.org\/es\/beata-maria-antonia-bandres-y-elosegui-27-abril\/","og_locale":"es_ES","og_type":"article","og_title":"Beata Mar\u00eda Antonia Bandr\u00e9s y El\u00f3segui, 27 de abril - Exaudi","og_description":"Santoral del 27 de abril sobre la beata Mar\u00eda Antonia Bandr\u00e9s y El\u00f3segui, por Isabel Orellana Vilches y la Fundaci\u00f3n Fernando Rielo.","og_url":"https:\/\/exaudi.org\/es\/beata-maria-antonia-bandres-y-elosegui-27-abril\/","og_site_name":"Exaudi","article_publisher":"https:\/\/www.facebook.com\/ExaudiNews","article_published_time":"2026-04-27T05:30:43+00:00","article_modified_time":"2026-04-27T06:06:19+00:00","og_image":[{"width":1059,"height":704,"url":"https:\/\/exaudi.org\/wp-content\/uploads\/2021\/04\/Beata-Maria-Antonia-Bandres-y-Elosegui.jpg","type":"image\/jpeg"}],"author":"Isabel Orellana","twitter_card":"summary_large_image","twitter_creator":"@Exaudi_News","twitter_site":"@Exaudi_News","twitter_misc":{"Escrito por":"Isabel Orellana","Tiempo de lectura":"5 minutos"},"schema":{"@context":"https:\/\/schema.org","@graph":[{"@type":"Article","@id":"https:\/\/exaudi.org\/es\/beata-maria-antonia-bandres-y-elosegui-27-abril\/#article","isPartOf":{"@id":"https:\/\/exaudi.org\/es\/beata-maria-antonia-bandres-y-elosegui-27-abril\/"},"author":{"name":"Isabel Orellana","@id":"https:\/\/exaudi.org\/#\/schema\/person\/64e18b96fd6118559a9217b5b3375fdc"},"headline":"Beata Mar\u00eda Antonia Bandr\u00e9s y El\u00f3segui, 27 de abril","datePublished":"2026-04-27T05:30:43+00:00","dateModified":"2026-04-27T06:06:19+00:00","mainEntityOfPage":{"@id":"https:\/\/exaudi.org\/es\/beata-maria-antonia-bandres-y-elosegui-27-abril\/"},"wordCount":990,"image":{"@id":"https:\/\/exaudi.org\/es\/beata-maria-antonia-bandres-y-elosegui-27-abril\/#primaryimage"},"thumbnailUrl":"https:\/\/exaudi.org\/wp-content\/uploads\/2021\/04\/Beata-Maria-Antonia-Bandres-y-Elosegui.jpg","keywords":["Beata Mar\u00eda Antonia Bandr\u00e9s y El\u00f3segui","Isabel Orellana Vilches","Santoral","Trending"],"articleSection":["Iglesia y Mundo","Santoral"],"inLanguage":"es"},{"@type":"WebPage","@id":"https:\/\/exaudi.org\/es\/beata-maria-antonia-bandres-y-elosegui-27-abril\/","url":"https:\/\/exaudi.org\/es\/beata-maria-antonia-bandres-y-elosegui-27-abril\/","name":"Beata Mar\u00eda Antonia Bandr\u00e9s y El\u00f3segui, 27 de abril - Exaudi","isPartOf":{"@id":"https:\/\/exaudi.org\/#website"},"primaryImageOfPage":{"@id":"https:\/\/exaudi.org\/es\/beata-maria-antonia-bandres-y-elosegui-27-abril\/#primaryimage"},"image":{"@id":"https:\/\/exaudi.org\/es\/beata-maria-antonia-bandres-y-elosegui-27-abril\/#primaryimage"},"thumbnailUrl":"https:\/\/exaudi.org\/wp-content\/uploads\/2021\/04\/Beata-Maria-Antonia-Bandres-y-Elosegui.jpg","datePublished":"2026-04-27T05:30:43+00:00","dateModified":"2026-04-27T06:06:19+00:00","author":{"@id":"https:\/\/exaudi.org\/#\/schema\/person\/64e18b96fd6118559a9217b5b3375fdc"},"description":"Santoral del 27 de abril sobre la beata Mar\u00eda Antonia Bandr\u00e9s y El\u00f3segui, por Isabel Orellana Vilches y la Fundaci\u00f3n Fernando Rielo.","breadcrumb":{"@id":"https:\/\/exaudi.org\/es\/beata-maria-antonia-bandres-y-elosegui-27-abril\/#breadcrumb"},"inLanguage":"es","potentialAction":[{"@type":"ReadAction","target":["https:\/\/exaudi.org\/es\/beata-maria-antonia-bandres-y-elosegui-27-abril\/"]}]},{"@type":"ImageObject","inLanguage":"es","@id":"https:\/\/exaudi.org\/es\/beata-maria-antonia-bandres-y-elosegui-27-abril\/#primaryimage","url":"https:\/\/exaudi.org\/wp-content\/uploads\/2021\/04\/Beata-Maria-Antonia-Bandres-y-Elosegui.jpg","contentUrl":"https:\/\/exaudi.org\/wp-content\/uploads\/2021\/04\/Beata-Maria-Antonia-Bandres-y-Elosegui.jpg","width":1059,"height":704,"caption":"Beata Mar\u00eda Antonia Bandr\u00e9s y El\u00f3segui \u00a9 Madrecandidamariadejesus.Blogspot.Com"},{"@type":"BreadcrumbList","@id":"https:\/\/exaudi.org\/es\/beata-maria-antonia-bandres-y-elosegui-27-abril\/#breadcrumb","itemListElement":[{"@type":"ListItem","position":1,"name":"Portada","item":"https:\/\/exaudi.org\/es\/"},{"@type":"ListItem","position":2,"name":"Beata Mar\u00eda Antonia Bandr\u00e9s y El\u00f3segui, 27 de abril"}]},{"@type":"WebSite","@id":"https:\/\/exaudi.org\/#website","url":"https:\/\/exaudi.org\/","name":"Exaudi","description":"News","potentialAction":[{"@type":"SearchAction","target":{"@type":"EntryPoint","urlTemplate":"https:\/\/exaudi.org\/?s={search_term_string}"},"query-input":{"@type":"PropertyValueSpecification","valueRequired":true,"valueName":"search_term_string"}}],"inLanguage":"es"},{"@type":"Person","@id":"https:\/\/exaudi.org\/#\/schema\/person\/64e18b96fd6118559a9217b5b3375fdc","name":"Isabel Orellana","image":{"@type":"ImageObject","inLanguage":"es","@id":"https:\/\/secure.gravatar.com\/avatar\/51968380bbb6b22ae85c605634860366fd9a2a611c6341125115bca32cd6c171?s=96&d=mm&r=g","url":"https:\/\/secure.gravatar.com\/avatar\/51968380bbb6b22ae85c605634860366fd9a2a611c6341125115bca32cd6c171?s=96&d=mm&r=g","contentUrl":"https:\/\/secure.gravatar.com\/avatar\/51968380bbb6b22ae85c605634860366fd9a2a611c6341125115bca32cd6c171?s=96&d=mm&r=g","caption":"Isabel Orellana"},"description":"Isabel Orellana Vilches Misionera idente. Doctora en Filosof\u00eda por la Universidad Aut\u00f3noma de Barcelona con la tesis Realismo y progreso cient\u00edfico en la epistemolog\u00eda popperiana. Ha cursado estudios de teolog\u00eda en la Universidad Pontificia de Salamanca. Con amplia actividad docente desde 1986, ha publicado libros como: Realismo y progreso cient\u00edfico en la epistemolog\u00eda popperiana, Universitat Aut\u00f2noma de Barcelona, 1993; El evangelio habla a los j\u00f3venes, Atenas, Madrid, 1997; Qu\u00e9 es... LA TOLERANCIA, Paulinas, Madrid, 1999; Pedagog\u00eda del dolor. Ensayo antropol\u00f3gico, Palabra, Madrid, 1999; En colaboraci\u00f3n con Enrique Rivera de Ventosa (\u2020) OFM. Cap. San Francisco de As\u00eds y Fernando Rielo: Convergencias. Respuestas desde la fe a los interrogantes del hombre de hoy, Universidad Pontificia, Salamanca, 2001; La \"mirada\" del cine. Recursos did\u00e1cticos del s\u00e9ptimo arte. Librer\u00eda Cervantes, Salamanca, 2001; Paradojas de la convivencia, San Pablo, Madrid, 2002; En la Universidad T\u00e9cnica Particular de Loja, Ecuador, ha publicado: La confianza. El arte de amar, 2002; Educar para la responsabilidad, 2003; Apuntes de \u00e9tica en Karl R. Popper, 2003; De soledades y comunicaci\u00f3n, 2005; Yo educo; t\u00fa respondes, 2008; Humanismo y fe en un crisol de culturas, 2008; Repensar lo cotidiano, 2008; Convivir: un constante desaf\u00edo, 2009; La l\u00f3gica del amor, 2010; El dolor del amor. Apuntes sobre la enfermedad y el dolor en relaci\u00f3n con la virtud heroica, el martirio y la vida santa. Seminario Diocesano de M\u00e1laga, 2006 y Universidad T\u00e9cnica Particular de Loja, Ecuador (2007). Cuenta con numerosas colaboraciones en obras colectivas, as\u00ed como relatos, cuentos, f\u00e1bula y novela juvenil, adem\u00e1s de art\u00edculos de tem\u00e1tica cient\u00edfica, pedag\u00f3gica y espiritual, que viene publicando en distintas revistas nacionales e internacionales. En 2012 culmin\u00f3 el santoral Llamados a ser santos y poco m\u00e1s tarde Epopeyas de amor prologado por mons. Fernando Sebasti\u00e1n. Es la bi\u00f3grafa oficial del fundador de su familia espiritual, autora de Fernando Rielo Pardal. Fundador de los Misioneros Identes, Descl\u00e9e de Brouwer, Bilbao, 2009. Culmina la biograf\u00eda completa. Encargada del santoral de ZENIT desde 2012 a 2020 y ahora en Exaudi","url":"https:\/\/exaudi.org\/es\/author\/isabelorellana\/"}]}},"jetpack_featured_media_url":"https:\/\/exaudi.org\/wp-content\/uploads\/2021\/04\/Beata-Maria-Antonia-Bandres-y-Elosegui.jpg","jetpack_shortlink":"https:\/\/wp.me\/pgKjF2-3va","_links":{"self":[{"href":"https:\/\/exaudi.org\/es\/wp-json\/wp\/v2\/posts\/13464","targetHints":{"allow":["GET"]}}],"collection":[{"href":"https:\/\/exaudi.org\/es\/wp-json\/wp\/v2\/posts"}],"about":[{"href":"https:\/\/exaudi.org\/es\/wp-json\/wp\/v2\/types\/post"}],"author":[{"embeddable":true,"href":"https:\/\/exaudi.org\/es\/wp-json\/wp\/v2\/users\/23"}],"replies":[{"embeddable":true,"href":"https:\/\/exaudi.org\/es\/wp-json\/wp\/v2\/comments?post=13464"}],"version-history":[{"count":3,"href":"https:\/\/exaudi.org\/es\/wp-json\/wp\/v2\/posts\/13464\/revisions"}],"predecessor-version":[{"id":168344,"href":"https:\/\/exaudi.org\/es\/wp-json\/wp\/v2\/posts\/13464\/revisions\/168344"}],"wp:featuredmedia":[{"embeddable":true,"href":"https:\/\/exaudi.org\/es\/wp-json\/wp\/v2\/media\/13470"}],"wp:attachment":[{"href":"https:\/\/exaudi.org\/es\/wp-json\/wp\/v2\/media?parent=13464"}],"wp:term":[{"taxonomy":"category","embeddable":true,"href":"https:\/\/exaudi.org\/es\/wp-json\/wp\/v2\/categories?post=13464"},{"taxonomy":"post_tag","embeddable":true,"href":"https:\/\/exaudi.org\/es\/wp-json\/wp\/v2\/tags?post=13464"}],"curies":[{"name":"wp","href":"https:\/\/api.w.org\/{rel}","templated":true}]}}