{"id":134637,"date":"2025-09-13T15:28:01","date_gmt":"2025-09-13T13:28:01","guid":{"rendered":"https:\/\/exaudi.org\/?p=134637"},"modified":"2025-09-13T16:01:15","modified_gmt":"2025-09-13T14:01:15","slug":"el-anhelo-metafisico-la-llama-que-impulsa-el-espiritu-humano","status":"publish","type":"post","link":"https:\/\/exaudi.org\/es\/el-anhelo-metafisico-la-llama-que-impulsa-el-espiritu-humano\/","title":{"rendered":"El anhelo metaf\u00edsico: la llama que impulsa el esp\u00edritu humano"},"content":{"rendered":"<p>Desde el nacimiento \u2013y, en algunos aspectos, antes de \u00e9l\u2013 la vida nos rodea, nos penetra y nos llena hasta el arrebato. Si, durante los primeros a\u00f1os de existencia, nos limitamos a vivirla y experimentarla, llega un momento en que su seductora presencia nos fuerza tambi\u00e9n a tener que pensarla. Pero, aunque ello resulta atractivo, la tarea no es sencilla. Ante nosotros se abre el inmenso panorama de lo inabordable en s\u00ed. \u00bfC\u00f3mo hablar de la vida si es algo semejante a tener que contar una pel\u00edcula de cine de la que no hemos visto su comienzo, ni veremos su final, y de la que, mientras permanecemos en la sala de proyecci\u00f3n, no comprendemos la mayor parte de cuanto observamos en la pantalla?<\/p>\n<p><iframe title=\"Spotify Embed: El anhelo metaf\u00edsico: la llama que impulsa el esp\u00edritu humano\" style=\"border-radius: 12px\" width=\"100%\" height=\"152\" frameborder=\"0\" allowfullscreen allow=\"autoplay; clipboard-write; encrypted-media; fullscreen; picture-in-picture\" loading=\"lazy\" src=\"https:\/\/open.spotify.com\/embed\/episode\/3oOXgkVHWO2dWbopvhuqEa?si=Lqo3YJhVQ1-OEo7DqS4O7A&#038;utm_source=oembed\"><\/iframe><\/p>\n<p>Frente a nuestros ojos discurren las diversas escenas, aparecen algunos protagonistas, vemos sus movimientos, nos percatamos de algunas de sus acciones, pero \u00bfqu\u00e9 decir de la totalidad de los detalles, de las intenciones de sus personajes, de cada uno de los planos, de c\u00f3mo se entrelazan los diversos acontecimientos\u2026? Y lo que es m\u00e1s significativo, \u00bfc\u00f3mo conocer la interior tramoya que permite la elaboraci\u00f3n material de la pel\u00edcula, sus componentes t\u00e9cnicos, su guion completo, lo que est\u00e1 en la mente creadora del director\u2026? \u00a1Todo un mundo desconocido e inacabable!<\/p>\n<div id=\"primary\">\n<div id=\"content\" role=\"main\">\n<article id=\"post-13399\" class=\"post-13399 post type-post status-publish format-standard has-post-thumbnail hentry category-espiritualidad category-sentido-de-la-vida\">\n<div class=\"entry-content\">\n<p>Sin embargo, la pretensi\u00f3n de conocer la vida es pertinaz. Especialmente cuando se tienen diecis\u00e9is a\u00f1os y la asignatura de Filosof\u00eda que se estudia en el bachillerato ofrece un interminable cat\u00e1logo de propuestas. Es lo que me sucedi\u00f3 en 1969: era la apertura de mi mente a un horizonte de fascinaci\u00f3n en el que todo ten\u00eda su respuesta. En 1971, cuando comenc\u00e9 los estudios universitarios en dicha materia, la voluntad de pensar la vida increment\u00f3 su potencia, pero, unos a\u00f1os despu\u00e9s de finalizar este per\u00edodo de formaci\u00f3n y ya asentado profesionalmente, tom\u00e9 conciencia de la imposibilidad de abarcar una visi\u00f3n plena de la vida desde la perspectiva filos\u00f3fica.<\/p>\n<p>Entonces \u2013en torno a 1982\u2013, las innumerables interpretaciones ofrecidas por este saber me resultaban insatisfactorias por la insuficiencia de sus planteamientos. Mi mente, en errante vagabundeo, saltaba de una a otra especulaci\u00f3n portadora de \u00abun\u00bb sentido de la vida. En el mejor de los casos, en su af\u00e1n de aplacar aquella inquietud existencial, lograba sumar entre s\u00ed varios de estos sentidos, pero el esfuerzo resultaba in\u00fatil: en mi esp\u00edritu anidaba la necesidad de encontrar no \u00abun\u00bb sentido \u2013ni siquiera varios\u2013 sino \u00abel\u00bb sentido.<\/p>\n<p>Me resultaba imprescindible encontrar la raz\u00f3n de ser que hace que todas las cosas sean lo que son y alcancen su autenticidad: cualquier otra que no tuviera esta caracter\u00edstica me parec\u00eda una p\u00e9rdida de tiempo. En esa coyuntura, decid\u00ed seguir el anhelo metaf\u00edsico de buscar el punto de encuentro de todos los caminos donde aparece el mensaje de la vida, aquel que est\u00e1 grabado en el coraz\u00f3n del hombre, en el centro de toda acci\u00f3n y en la part\u00edcula m\u00e1s \u00edntima de cuanto existe. Descubrir ese mensaje supondr\u00eda descifrar la clave con la que est\u00e1 escrito el universo, pues el sentido de este no radica tanto en ser por s\u00ed mismo cuanto que la Vida se significa en \u00e9l.<\/p>\n<p>As\u00ed, el sentido de nuestra vida, la de cada uno, vendr\u00eda dado no como algo aparte sino en tanto que constituyendo la misma trayectoria del sentido de la totalidad en su unidad con una existencia absoluta. Ser\u00eda, por decirlo as\u00ed, un sentido dentro de otro sentido m\u00e1s amplio, o la conjunci\u00f3n de varios sentidos conc\u00e9ntricos. Se tratar\u00eda del \u00edmpetu de ser en una realidad trascendente e irradiadora de vida. Si no fuera as\u00ed, si la vida no condujera a la trascendencia, no llevar\u00eda a sitio alguno.<\/p>\n<p>Hace cuarenta a\u00f1os descubr\u00ed esta necesidad que de Dios tiene constitutivamente el hombre. Pero, como su inevitabilidad ha de ser personalmente vivida, desde el momento en que \u00c9l se revela en la persona de Cristo y se encarna en la Historia, esta necesidad que el hombre tiene de Dios se plasma en la necesidad del Cristo vivo, que, como tal, nos incita a una vida eterna. En \u00c9l habito desde entonces. Solo \u00c9l es el cumplimiento perfecto de mi juvenil anhelo metaf\u00edsico. \u00bfC\u00f3mo poder olvidarlo?<\/p>\n<p><em><strong>Pedro Paricio . <a href=\"https:\/\/dametresminutos.wordpress.com\/2025\/09\/13\/el-anhelo-metafisico-por-pedro-paricio\/\">Dame tres minutos<\/a><\/strong><\/em><\/p>\n<p><img loading=\"lazy\" decoding=\"async\" class=\"size-full wp-image-134649 alignnone\" src=\"https:\/\/exaudi.org\/wp-content\/uploads\/2025\/09\/Marta-Luquero-1.jpg\" alt=\"\" width=\"1080\" height=\"1080\" srcset=\"https:\/\/exaudi.org\/wp-content\/uploads\/2025\/09\/Marta-Luquero-1.jpg 1080w, https:\/\/exaudi.org\/wp-content\/uploads\/2025\/09\/Marta-Luquero-1-300x300.jpg 300w, https:\/\/exaudi.org\/wp-content\/uploads\/2025\/09\/Marta-Luquero-1-1024x1024.jpg 1024w, https:\/\/exaudi.org\/wp-content\/uploads\/2025\/09\/Marta-Luquero-1-100x100.jpg?crop=1 100w, https:\/\/exaudi.org\/wp-content\/uploads\/2025\/09\/Marta-Luquero-1-770x770.jpg 770w, https:\/\/exaudi.org\/wp-content\/uploads\/2025\/09\/Marta-Luquero-1-500x500.jpg 500w\" sizes=\"auto, (max-width: 1080px) 100vw, 1080px\" \/><\/p>\n<\/div>\n<\/article>\n<\/div>\n<\/div>\n","protected":false},"excerpt":{"rendered":"<p>Cuando la filosof\u00eda, la pasi\u00f3n y la fe convergen para revelar el sentido profundo de la vida<\/p>\n","protected":false},"author":15,"featured_media":134644,"comment_status":"closed","ping_status":"closed","sticky":false,"template":"","format":"standard","meta":{"_acf_changed":false,"_crdt_document":"","inline_featured_image":false,"footnotes":""},"categories":[130],"tags":[72475,72477,72473,72474,1371,11506,34335,4054,11474,4407,9366,72479,72476,12901,28813,15848,9482,58880,36299,72478],"class_list":["post-134637","post","type-post","status-publish","format-standard","has-post-thumbnail","hentry","category-voces","tag-anhelo-metafisico","tag-busqueda-espiritual","tag-el-anhelo-metafisico","tag-espiritu-humano","tag-espiritualidad","tag-existencia","tag-fe-y-razon","tag-filosofia","tag-interioridad","tag-metafisica","tag-misterio","tag-pasion-humana","tag-pedro-paricio","tag-pensamiento","tag-reflexion-filosofica","tag-sentido-de-la-vida","tag-trascendencia","tag-trending-es-151","tag-verdad-absoluta","tag-viaje-interior"],"acf":[],"yoast_head":"<!-- This site is optimized with the Yoast SEO plugin v27.5 - https:\/\/yoast.com\/product\/yoast-seo-wordpress\/ -->\n<title>El anhelo metaf\u00edsico: la llama que impulsa el esp\u00edritu humano &#8211; Exaudi<\/title>\n<meta name=\"robots\" content=\"index, follow, max-snippet:-1, max-image-preview:large, max-video-preview:-1\" \/>\n<link rel=\"canonical\" href=\"https:\/\/exaudi.org\/es\/el-anhelo-metafisico-la-llama-que-impulsa-el-espiritu-humano\/\" \/>\n<meta property=\"og:locale\" content=\"es_ES\" \/>\n<meta property=\"og:type\" content=\"article\" \/>\n<meta property=\"og:title\" content=\"El anhelo metaf\u00edsico: la llama que impulsa el esp\u00edritu humano &#8211; Exaudi\" \/>\n<meta property=\"og:description\" content=\"Cuando la filosof\u00eda, la pasi\u00f3n y la fe convergen para revelar el sentido profundo de la vida\" \/>\n<meta property=\"og:url\" content=\"https:\/\/exaudi.org\/es\/el-anhelo-metafisico-la-llama-que-impulsa-el-espiritu-humano\/\" \/>\n<meta property=\"og:site_name\" content=\"Exaudi\" \/>\n<meta property=\"article:publisher\" content=\"https:\/\/www.facebook.com\/ExaudiNews\" \/>\n<meta property=\"article:author\" content=\"https:\/\/www.facebook.com\/ExaudiNoticias\/\" \/>\n<meta property=\"article:published_time\" content=\"2025-09-13T13:28:01+00:00\" \/>\n<meta property=\"article:modified_time\" content=\"2025-09-13T14:01:15+00:00\" \/>\n<meta property=\"og:image\" content=\"https:\/\/exaudi.org\/wp-content\/uploads\/2025\/09\/pexels-david-kanigan-239927285-18731423-scaled.jpg\" \/>\n\t<meta property=\"og:image:width\" content=\"2560\" \/>\n\t<meta property=\"og:image:height\" content=\"1708\" \/>\n\t<meta property=\"og:image:type\" content=\"image\/jpeg\" \/>\n<meta name=\"author\" content=\"Exaudi Redacci\u00f3n\" \/>\n<meta name=\"twitter:card\" content=\"summary_large_image\" \/>\n<meta name=\"twitter:creator\" content=\"@Exaudi_noticias\" \/>\n<meta name=\"twitter:site\" content=\"@Exaudi_News\" \/>\n<meta name=\"twitter:label1\" content=\"Escrito por\" \/>\n\t<meta name=\"twitter:data1\" content=\"Exaudi Redacci\u00f3n\" \/>\n\t<meta name=\"twitter:label2\" content=\"Tiempo de lectura\" \/>\n\t<meta name=\"twitter:data2\" content=\"4 minutos\" \/>\n<script type=\"application\/ld+json\" class=\"yoast-schema-graph\">{\"@context\":\"https:\\\/\\\/schema.org\",\"@graph\":[{\"@type\":\"Article\",\"@id\":\"https:\\\/\\\/exaudi.org\\\/es\\\/el-anhelo-metafisico-la-llama-que-impulsa-el-espiritu-humano\\\/#article\",\"isPartOf\":{\"@id\":\"https:\\\/\\\/exaudi.org\\\/es\\\/el-anhelo-metafisico-la-llama-que-impulsa-el-espiritu-humano\\\/\"},\"author\":{\"name\":\"Exaudi Redacci\u00f3n\",\"@id\":\"https:\\\/\\\/exaudi.org\\\/#\\\/schema\\\/person\\\/f5fc8f063065e38742da7afe15f25df7\"},\"headline\":\"El anhelo metaf\u00edsico: la llama que impulsa el esp\u00edritu humano\",\"datePublished\":\"2025-09-13T13:28:01+00:00\",\"dateModified\":\"2025-09-13T14:01:15+00:00\",\"mainEntityOfPage\":{\"@id\":\"https:\\\/\\\/exaudi.org\\\/es\\\/el-anhelo-metafisico-la-llama-que-impulsa-el-espiritu-humano\\\/\"},\"wordCount\":769,\"image\":{\"@id\":\"https:\\\/\\\/exaudi.org\\\/es\\\/el-anhelo-metafisico-la-llama-que-impulsa-el-espiritu-humano\\\/#primaryimage\"},\"thumbnailUrl\":\"https:\\\/\\\/exaudi.org\\\/wp-content\\\/uploads\\\/2025\\\/09\\\/pexels-david-kanigan-239927285-18731423-scaled.jpg\",\"keywords\":[\"anhelo metaf\u00edsico\",\"b\u00fasqueda espiritual\",\"El anhelo metaf\u00edsico:\",\"esp\u00edritu humano\",\"Espiritualidad\",\"Existencia\",\"Fe y Raz\u00f3n\",\"Filosof\u00eda\",\"Interioridad\",\"Metaf\u00edsica\",\"misterio\",\"pasi\u00f3n humana\",\"Pedro Paricio\",\"PENSAMIENTO\",\"Reflexi\u00f3n filos\u00f3fica\",\"sentido de la vida\",\"trascendencia\",\"Trending\",\"Verdad absoluta\",\"viaje interior\"],\"articleSection\":[\"Voces\"],\"inLanguage\":\"es\"},{\"@type\":\"WebPage\",\"@id\":\"https:\\\/\\\/exaudi.org\\\/es\\\/el-anhelo-metafisico-la-llama-que-impulsa-el-espiritu-humano\\\/\",\"url\":\"https:\\\/\\\/exaudi.org\\\/es\\\/el-anhelo-metafisico-la-llama-que-impulsa-el-espiritu-humano\\\/\",\"name\":\"El anhelo metaf\u00edsico: la llama que impulsa el esp\u00edritu humano &#8211; Exaudi\",\"isPartOf\":{\"@id\":\"https:\\\/\\\/exaudi.org\\\/#website\"},\"primaryImageOfPage\":{\"@id\":\"https:\\\/\\\/exaudi.org\\\/es\\\/el-anhelo-metafisico-la-llama-que-impulsa-el-espiritu-humano\\\/#primaryimage\"},\"image\":{\"@id\":\"https:\\\/\\\/exaudi.org\\\/es\\\/el-anhelo-metafisico-la-llama-que-impulsa-el-espiritu-humano\\\/#primaryimage\"},\"thumbnailUrl\":\"https:\\\/\\\/exaudi.org\\\/wp-content\\\/uploads\\\/2025\\\/09\\\/pexels-david-kanigan-239927285-18731423-scaled.jpg\",\"datePublished\":\"2025-09-13T13:28:01+00:00\",\"dateModified\":\"2025-09-13T14:01:15+00:00\",\"author\":{\"@id\":\"https:\\\/\\\/exaudi.org\\\/#\\\/schema\\\/person\\\/f5fc8f063065e38742da7afe15f25df7\"},\"breadcrumb\":{\"@id\":\"https:\\\/\\\/exaudi.org\\\/es\\\/el-anhelo-metafisico-la-llama-que-impulsa-el-espiritu-humano\\\/#breadcrumb\"},\"inLanguage\":\"es\",\"potentialAction\":[{\"@type\":\"ReadAction\",\"target\":[\"https:\\\/\\\/exaudi.org\\\/es\\\/el-anhelo-metafisico-la-llama-que-impulsa-el-espiritu-humano\\\/\"]}]},{\"@type\":\"ImageObject\",\"inLanguage\":\"es\",\"@id\":\"https:\\\/\\\/exaudi.org\\\/es\\\/el-anhelo-metafisico-la-llama-que-impulsa-el-espiritu-humano\\\/#primaryimage\",\"url\":\"https:\\\/\\\/exaudi.org\\\/wp-content\\\/uploads\\\/2025\\\/09\\\/pexels-david-kanigan-239927285-18731423-scaled.jpg\",\"contentUrl\":\"https:\\\/\\\/exaudi.org\\\/wp-content\\\/uploads\\\/2025\\\/09\\\/pexels-david-kanigan-239927285-18731423-scaled.jpg\",\"width\":2560,\"height\":1708},{\"@type\":\"BreadcrumbList\",\"@id\":\"https:\\\/\\\/exaudi.org\\\/es\\\/el-anhelo-metafisico-la-llama-que-impulsa-el-espiritu-humano\\\/#breadcrumb\",\"itemListElement\":[{\"@type\":\"ListItem\",\"position\":1,\"name\":\"Portada\",\"item\":\"https:\\\/\\\/exaudi.org\\\/es\\\/\"},{\"@type\":\"ListItem\",\"position\":2,\"name\":\"El anhelo metaf\u00edsico: la llama que impulsa el esp\u00edritu humano\"}]},{\"@type\":\"WebSite\",\"@id\":\"https:\\\/\\\/exaudi.org\\\/#website\",\"url\":\"https:\\\/\\\/exaudi.org\\\/\",\"name\":\"Exaudi\",\"description\":\"News\",\"potentialAction\":[{\"@type\":\"SearchAction\",\"target\":{\"@type\":\"EntryPoint\",\"urlTemplate\":\"https:\\\/\\\/exaudi.org\\\/?s={search_term_string}\"},\"query-input\":{\"@type\":\"PropertyValueSpecification\",\"valueRequired\":true,\"valueName\":\"search_term_string\"}}],\"inLanguage\":\"es\"},{\"@type\":\"Person\",\"@id\":\"https:\\\/\\\/exaudi.org\\\/#\\\/schema\\\/person\\\/f5fc8f063065e38742da7afe15f25df7\",\"name\":\"Exaudi Redacci\u00f3n\",\"image\":{\"@type\":\"ImageObject\",\"inLanguage\":\"es\",\"@id\":\"https:\\\/\\\/secure.gravatar.com\\\/avatar\\\/fe0f6a059fb68d9b3e11bc5850dd4899b1c7492091a3cb6dd9b01b56ad828be2?s=96&d=mm&r=g\",\"url\":\"https:\\\/\\\/secure.gravatar.com\\\/avatar\\\/fe0f6a059fb68d9b3e11bc5850dd4899b1c7492091a3cb6dd9b01b56ad828be2?s=96&d=mm&r=g\",\"contentUrl\":\"https:\\\/\\\/secure.gravatar.com\\\/avatar\\\/fe0f6a059fb68d9b3e11bc5850dd4899b1c7492091a3cb6dd9b01b56ad828be2?s=96&d=mm&r=g\",\"caption\":\"Exaudi Redacci\u00f3n\"},\"description\":\"\u00bfQu\u00e9 es Exaudi News? Exaudi News es un medio de comunicaci\u00f3n cat\u00f3lico internacional que informa, forma y transforma, diariamente en espa\u00f1ol, ingl\u00e9s e italiano. A trav\u00e9s de noticias, art\u00edculos de an\u00e1lisis y transmisiones en directo de los eventos del Papa, Exaudi busca fortalecer la unidad de los cristianos y contribuir a la evangelizaci\u00f3n del mundo, siempre guiados por la doctrina social de la Iglesia. Trabajamos para acercar la verdad y los valores cristianos a cada rinc\u00f3n del planeta. \u00a1Ay\u00fadanos a transformar el mundo con Exaudi! En Exaudi creemos que la evangelizaci\u00f3n y la informaci\u00f3n de calidad pueden cambiar vidas. Para continuar con nuestra misi\u00f3n y expandir nuestro alcance, necesitamos tu ayuda. Adem\u00e1s, buscamos personas comprometidas que deseen unirse a nuestro equipo. Con tu apoyo, lograremos llegar a m\u00e1s personas, difundir el mensaje de Cristo y reforzar la unidad de los cristianos. \u00bfTe unes a nuestra misi\u00f3n? Para m\u00e1s informaci\u00f3n sobre c\u00f3mo colaborar, visita Exaudi.org\\\/es o cont\u00e1ctanos directamente: info@exaudi.org Exaudi: Informa, forma y transforma.\",\"sameAs\":[\"https:\\\/\\\/www.facebook.com\\\/ExaudiNoticias\\\/\",\"https:\\\/\\\/www.instagram.com\\\/exaudi_noticias\\\/\",\"https:\\\/\\\/x.com\\\/Exaudi_noticias\",\"https:\\\/\\\/www.youtube.com\\\/@exaudicatholicnews\"],\"url\":\"https:\\\/\\\/exaudi.org\\\/es\\\/author\\\/redaccionexaudi\\\/\"}]}<\/script>\n<!-- \/ Yoast SEO plugin. -->","yoast_head_json":{"title":"El anhelo metaf\u00edsico: la llama que impulsa el esp\u00edritu humano &#8211; Exaudi","robots":{"index":"index","follow":"follow","max-snippet":"max-snippet:-1","max-image-preview":"max-image-preview:large","max-video-preview":"max-video-preview:-1"},"canonical":"https:\/\/exaudi.org\/es\/el-anhelo-metafisico-la-llama-que-impulsa-el-espiritu-humano\/","og_locale":"es_ES","og_type":"article","og_title":"El anhelo metaf\u00edsico: la llama que impulsa el esp\u00edritu humano &#8211; Exaudi","og_description":"Cuando la filosof\u00eda, la pasi\u00f3n y la fe convergen para revelar el sentido profundo de la vida","og_url":"https:\/\/exaudi.org\/es\/el-anhelo-metafisico-la-llama-que-impulsa-el-espiritu-humano\/","og_site_name":"Exaudi","article_publisher":"https:\/\/www.facebook.com\/ExaudiNews","article_author":"https:\/\/www.facebook.com\/ExaudiNoticias\/","article_published_time":"2025-09-13T13:28:01+00:00","article_modified_time":"2025-09-13T14:01:15+00:00","og_image":[{"width":2560,"height":1708,"url":"https:\/\/exaudi.org\/wp-content\/uploads\/2025\/09\/pexels-david-kanigan-239927285-18731423-scaled.jpg","type":"image\/jpeg"}],"author":"Exaudi Redacci\u00f3n","twitter_card":"summary_large_image","twitter_creator":"@Exaudi_noticias","twitter_site":"@Exaudi_News","twitter_misc":{"Escrito por":"Exaudi Redacci\u00f3n","Tiempo de lectura":"4 minutos"},"schema":{"@context":"https:\/\/schema.org","@graph":[{"@type":"Article","@id":"https:\/\/exaudi.org\/es\/el-anhelo-metafisico-la-llama-que-impulsa-el-espiritu-humano\/#article","isPartOf":{"@id":"https:\/\/exaudi.org\/es\/el-anhelo-metafisico-la-llama-que-impulsa-el-espiritu-humano\/"},"author":{"name":"Exaudi Redacci\u00f3n","@id":"https:\/\/exaudi.org\/#\/schema\/person\/f5fc8f063065e38742da7afe15f25df7"},"headline":"El anhelo metaf\u00edsico: la llama que impulsa el esp\u00edritu humano","datePublished":"2025-09-13T13:28:01+00:00","dateModified":"2025-09-13T14:01:15+00:00","mainEntityOfPage":{"@id":"https:\/\/exaudi.org\/es\/el-anhelo-metafisico-la-llama-que-impulsa-el-espiritu-humano\/"},"wordCount":769,"image":{"@id":"https:\/\/exaudi.org\/es\/el-anhelo-metafisico-la-llama-que-impulsa-el-espiritu-humano\/#primaryimage"},"thumbnailUrl":"https:\/\/exaudi.org\/wp-content\/uploads\/2025\/09\/pexels-david-kanigan-239927285-18731423-scaled.jpg","keywords":["anhelo metaf\u00edsico","b\u00fasqueda espiritual","El anhelo metaf\u00edsico:","esp\u00edritu humano","Espiritualidad","Existencia","Fe y Raz\u00f3n","Filosof\u00eda","Interioridad","Metaf\u00edsica","misterio","pasi\u00f3n humana","Pedro Paricio","PENSAMIENTO","Reflexi\u00f3n filos\u00f3fica","sentido de la vida","trascendencia","Trending","Verdad absoluta","viaje interior"],"articleSection":["Voces"],"inLanguage":"es"},{"@type":"WebPage","@id":"https:\/\/exaudi.org\/es\/el-anhelo-metafisico-la-llama-que-impulsa-el-espiritu-humano\/","url":"https:\/\/exaudi.org\/es\/el-anhelo-metafisico-la-llama-que-impulsa-el-espiritu-humano\/","name":"El anhelo metaf\u00edsico: la llama que impulsa el esp\u00edritu humano &#8211; Exaudi","isPartOf":{"@id":"https:\/\/exaudi.org\/#website"},"primaryImageOfPage":{"@id":"https:\/\/exaudi.org\/es\/el-anhelo-metafisico-la-llama-que-impulsa-el-espiritu-humano\/#primaryimage"},"image":{"@id":"https:\/\/exaudi.org\/es\/el-anhelo-metafisico-la-llama-que-impulsa-el-espiritu-humano\/#primaryimage"},"thumbnailUrl":"https:\/\/exaudi.org\/wp-content\/uploads\/2025\/09\/pexels-david-kanigan-239927285-18731423-scaled.jpg","datePublished":"2025-09-13T13:28:01+00:00","dateModified":"2025-09-13T14:01:15+00:00","author":{"@id":"https:\/\/exaudi.org\/#\/schema\/person\/f5fc8f063065e38742da7afe15f25df7"},"breadcrumb":{"@id":"https:\/\/exaudi.org\/es\/el-anhelo-metafisico-la-llama-que-impulsa-el-espiritu-humano\/#breadcrumb"},"inLanguage":"es","potentialAction":[{"@type":"ReadAction","target":["https:\/\/exaudi.org\/es\/el-anhelo-metafisico-la-llama-que-impulsa-el-espiritu-humano\/"]}]},{"@type":"ImageObject","inLanguage":"es","@id":"https:\/\/exaudi.org\/es\/el-anhelo-metafisico-la-llama-que-impulsa-el-espiritu-humano\/#primaryimage","url":"https:\/\/exaudi.org\/wp-content\/uploads\/2025\/09\/pexels-david-kanigan-239927285-18731423-scaled.jpg","contentUrl":"https:\/\/exaudi.org\/wp-content\/uploads\/2025\/09\/pexels-david-kanigan-239927285-18731423-scaled.jpg","width":2560,"height":1708},{"@type":"BreadcrumbList","@id":"https:\/\/exaudi.org\/es\/el-anhelo-metafisico-la-llama-que-impulsa-el-espiritu-humano\/#breadcrumb","itemListElement":[{"@type":"ListItem","position":1,"name":"Portada","item":"https:\/\/exaudi.org\/es\/"},{"@type":"ListItem","position":2,"name":"El anhelo metaf\u00edsico: la llama que impulsa el esp\u00edritu humano"}]},{"@type":"WebSite","@id":"https:\/\/exaudi.org\/#website","url":"https:\/\/exaudi.org\/","name":"Exaudi","description":"News","potentialAction":[{"@type":"SearchAction","target":{"@type":"EntryPoint","urlTemplate":"https:\/\/exaudi.org\/?s={search_term_string}"},"query-input":{"@type":"PropertyValueSpecification","valueRequired":true,"valueName":"search_term_string"}}],"inLanguage":"es"},{"@type":"Person","@id":"https:\/\/exaudi.org\/#\/schema\/person\/f5fc8f063065e38742da7afe15f25df7","name":"Exaudi Redacci\u00f3n","image":{"@type":"ImageObject","inLanguage":"es","@id":"https:\/\/secure.gravatar.com\/avatar\/fe0f6a059fb68d9b3e11bc5850dd4899b1c7492091a3cb6dd9b01b56ad828be2?s=96&d=mm&r=g","url":"https:\/\/secure.gravatar.com\/avatar\/fe0f6a059fb68d9b3e11bc5850dd4899b1c7492091a3cb6dd9b01b56ad828be2?s=96&d=mm&r=g","contentUrl":"https:\/\/secure.gravatar.com\/avatar\/fe0f6a059fb68d9b3e11bc5850dd4899b1c7492091a3cb6dd9b01b56ad828be2?s=96&d=mm&r=g","caption":"Exaudi Redacci\u00f3n"},"description":"\u00bfQu\u00e9 es Exaudi News? Exaudi News es un medio de comunicaci\u00f3n cat\u00f3lico internacional que informa, forma y transforma, diariamente en espa\u00f1ol, ingl\u00e9s e italiano. A trav\u00e9s de noticias, art\u00edculos de an\u00e1lisis y transmisiones en directo de los eventos del Papa, Exaudi busca fortalecer la unidad de los cristianos y contribuir a la evangelizaci\u00f3n del mundo, siempre guiados por la doctrina social de la Iglesia. Trabajamos para acercar la verdad y los valores cristianos a cada rinc\u00f3n del planeta. \u00a1Ay\u00fadanos a transformar el mundo con Exaudi! En Exaudi creemos que la evangelizaci\u00f3n y la informaci\u00f3n de calidad pueden cambiar vidas. Para continuar con nuestra misi\u00f3n y expandir nuestro alcance, necesitamos tu ayuda. Adem\u00e1s, buscamos personas comprometidas que deseen unirse a nuestro equipo. Con tu apoyo, lograremos llegar a m\u00e1s personas, difundir el mensaje de Cristo y reforzar la unidad de los cristianos. \u00bfTe unes a nuestra misi\u00f3n? Para m\u00e1s informaci\u00f3n sobre c\u00f3mo colaborar, visita Exaudi.org\/es o cont\u00e1ctanos directamente: info@exaudi.org Exaudi: Informa, forma y transforma.","sameAs":["https:\/\/www.facebook.com\/ExaudiNoticias\/","https:\/\/www.instagram.com\/exaudi_noticias\/","https:\/\/x.com\/Exaudi_noticias","https:\/\/www.youtube.com\/@exaudicatholicnews"],"url":"https:\/\/exaudi.org\/es\/author\/redaccionexaudi\/"}]}},"jetpack_featured_media_url":"https:\/\/exaudi.org\/wp-content\/uploads\/2025\/09\/pexels-david-kanigan-239927285-18731423-scaled.jpg","jetpack_shortlink":"https:\/\/wp.me\/pgKjF2-z1z","_links":{"self":[{"href":"https:\/\/exaudi.org\/es\/wp-json\/wp\/v2\/posts\/134637","targetHints":{"allow":["GET"]}}],"collection":[{"href":"https:\/\/exaudi.org\/es\/wp-json\/wp\/v2\/posts"}],"about":[{"href":"https:\/\/exaudi.org\/es\/wp-json\/wp\/v2\/types\/post"}],"author":[{"embeddable":true,"href":"https:\/\/exaudi.org\/es\/wp-json\/wp\/v2\/users\/15"}],"replies":[{"embeddable":true,"href":"https:\/\/exaudi.org\/es\/wp-json\/wp\/v2\/comments?post=134637"}],"version-history":[{"count":10,"href":"https:\/\/exaudi.org\/es\/wp-json\/wp\/v2\/posts\/134637\/revisions"}],"predecessor-version":[{"id":134653,"href":"https:\/\/exaudi.org\/es\/wp-json\/wp\/v2\/posts\/134637\/revisions\/134653"}],"wp:featuredmedia":[{"embeddable":true,"href":"https:\/\/exaudi.org\/es\/wp-json\/wp\/v2\/media\/134644"}],"wp:attachment":[{"href":"https:\/\/exaudi.org\/es\/wp-json\/wp\/v2\/media?parent=134637"}],"wp:term":[{"taxonomy":"category","embeddable":true,"href":"https:\/\/exaudi.org\/es\/wp-json\/wp\/v2\/categories?post=134637"},{"taxonomy":"post_tag","embeddable":true,"href":"https:\/\/exaudi.org\/es\/wp-json\/wp\/v2\/tags?post=134637"}],"curies":[{"name":"wp","href":"https:\/\/api.w.org\/{rel}","templated":true}]}}