{"id":13374,"date":"2021-04-26T14:22:49","date_gmt":"2021-04-26T12:22:49","guid":{"rendered":"https:\/\/exaudi.org\/?p=13374"},"modified":"2021-04-26T16:32:16","modified_gmt":"2021-04-26T14:32:16","slug":"consistorio-para-el-voto-de-7-causas-de-canonizacion","status":"publish","type":"post","link":"https:\/\/exaudi.org\/es\/consistorio-para-el-voto-de-7-causas-de-canonizacion\/","title":{"rendered":"Consistorio para el voto de 7 causas de Canonizaci\u00f3n"},"content":{"rendered":"<p>7 nuevos santos para la Iglesia Cat\u00f3lica, el pr\u00f3ximo lunes 3 de mayo, a las 10 horas, en la Sala del Consistorio del Palacio Apost\u00f3lico Vaticano, el Papa Francisco presidir\u00e1 la celebraci\u00f3n de la Tercera Hora y el Consistorio p\u00fablico ordinario para el voto de la canonizaci\u00f3n de 7 beatos.<\/p>\n<p>Se trata de L\u00e1zaro, conocido como Devasahayam, laico, m\u00e1rtir; C\u00e9sar de Bus, sacerdote, fundador de la Congregaci\u00f3n de los Padres de la Doctrina Cristiana; Luigi Mar\u00eda Palazzolo, sacerdote, fundador del Instituto de las Hermanas de los Pobres &#8211; Instituto Palazzolo; Justino Mar\u00eda Russolillo, sacerdote, fundador de la Sociedad de las Divinas Vocaciones y de la Congregaci\u00f3n de las Hermanas de las Divinas Vocaciones; Carlos de Foucauld, sacerdote diocesano; <a href=\"https:\/\/iglesiacatolica.org.uy\/beata-madre-francisca-rubatto\/\" target=\"_blank\" rel=\"noopener noreferrer\">Mar\u00eda Francisca de Jes\u00fas<\/a> (nacida: Anna Maria Rubatto), fundadora de las Terciarias Capuchinas de Loano; Maria Domenica Mantovani, cofundadora y primera superiora general del Instituto de las Hermanitas de la Sagrada Familia.<\/p>\n<h4><strong>Charles de Foucauld<\/strong><\/h4>\n<p>El m\u00e1s conocido de este grupo de nuevos santos es probablemente Carlos de Foucauld, religioso franc\u00e9s beatificado en 2005 por el Papa <a href=\"https:\/\/exaudi.org\/es\/benedicto-xvi-renuncia-conciencia\/\" target=\"_blank\" rel=\"noopener noreferrer\">Benedicto XVI<\/a>. Noble (era vizconde de Pontbriand), originario de Estrasburgo, despu\u00e9s de una vida agitada como soldado y explorador en \u00c1frica y de varias aventuras amorosas, a principios de 1889 en Nazaret comprendi\u00f3 la necesidad de cambiar su vida. Su conversi\u00f3n le llev\u00f3 primero a entrar en un comedor social, y despu\u00e9s, tras un nuevo viaje interior, culmin\u00f3 con su ordenaci\u00f3n sacerdotal en 1901.<\/p>\n<p>Se traslad\u00f3 a Argelia, donde estableci\u00f3 una ermita e intent\u00f3, sin \u00e9xito, fundar una congregaci\u00f3n religiosa. Solo consigui\u00f3 fundar una asociaci\u00f3n de fieles laicos, los Hermanos y Hermanas del Sagrado Coraz\u00f3n de Jes\u00fas. Charles de Foucauld muri\u00f3 el 1 de diciembre de 1916, durante un asalto de los merodeadores al fuerte que hab\u00eda construido para defender a los habitantes de la ermita de Tamanrasset. Tras su muerte, sus escritos y su fama dieron lugar a una amplia familia espiritual e inspiraron, entre otros, a Kiko Arguello, fundador del <a href=\"https:\/\/neocatechumenaleiter.org\/\" target=\"_blank\" rel=\"noopener noreferrer\">Camino Neocatecumenal<\/a>.<\/p>\n<h4><strong>Luigi Maria Palazzolo<\/strong><\/h4>\n<p>Tambi\u00e9n se convertir\u00e1 en santo el sacerdote bergamasco Luigi Maria Palazzolo, fallecido en 1886, que fund\u00f3 el Instituto de las Clarisas el 22 de mayo de 1869.<\/p>\n<p>El Instituto est\u00e1 ahora repartido por Italia, Sudam\u00e9rica y \u00c1frica. En las \u00faltimas semanas, el Papa Francisco hab\u00eda declarado venerables a seis hermanas de la congregaci\u00f3n que perdieron la vida en el Congo ayudando a la poblaci\u00f3n local durante la epidemia de \u00e9bola entre abril y mayo de 1995.<\/p>\n<h4><strong>L\u00e1zaro Devasahayam<\/strong><\/h4>\n<p>Entre los nuevos santos est\u00e1 L\u00e1zaro, conocido como Devasahayam, un m\u00e1rtir indio que vivi\u00f3 en el siglo XVIII en la corte del rey de Travancore. Nacido en el seno de una rica familia hind\u00fa, se convirti\u00f3 al cristianismo gracias a un misionero jesuita, el padre Juan Bautista Buttari.<\/p>\n<p>Fue bautizado en 1745, a la edad de 23 a\u00f1os. En 1749 fue detenido y comenz\u00f3 un periodo de torturas y humillaciones hasta que fue desterrado a las fronteras del reino. Sin embargo, nunca abandon\u00f3 su labor evangelizadora, gracias a la cual consigui\u00f3 numerosas conversiones al cristianismo. El 17 de enero de 1752 un grupo de soldados lo asesin\u00f3 con cinco disparos de fusil.<\/p>\n<h4><strong>C\u00e9sar de Bus<\/strong><\/h4>\n<p>Nacido en Francia en 1544 en el seno de una familia noble originaria de Como, C\u00e9sar de Bus, uno de los nuevos santos, particip\u00f3 en las guerras contra los hugonotes. Se hizo sacerdote en 1582 y fund\u00f3 la Congregaci\u00f3n de Sacerdotes de la Doctrina Cristiana. Su cuerpo descansa en Roma, en la iglesia de Santa Mar\u00eda in Monticelli, curia general de la Congregaci\u00f3n.<\/p>\n<h4><strong>El ap\u00f3stol de las vocaciones<\/strong><\/h4>\n<p>Giustino Maria Russolillo fue un sacerdote napolitano que muri\u00f3 en 1955 y fue beatificado por el Papa Benedicto en 2011. Se le considera el ap\u00f3stol de las vocaciones porque, adem\u00e1s de fundar la Sociedad de las Divinas Vocaciones y la Congregaci\u00f3n de las Hermanas de las Divinas Vocaciones, en su ministerio pastoral como p\u00e1rroco y predicador de ejercicios espirituales fue un incansable gu\u00eda de los j\u00f3venes en el discernimiento vocacional.<\/p>\n<h4><strong>Dos religiosas italianas<\/strong><\/h4>\n<p>Las dos \u00faltimas nuevas santas son dos religiosas italianas: Maria Francesca di Ges\u00f9, originaria de Carmagnola, fallecida en 1904 en Montevideo, y Maria Domenica Mantovani, de Verona, fallecida en 1934, ambas beatificadas por San Juan Pablo II.<\/p>\n","protected":false},"excerpt":{"rendered":"<p>Nuevos santos para la Iglesia<\/p>\n","protected":false},"author":18,"featured_media":13375,"comment_status":"closed","ping_status":"closed","sticky":false,"template":"","format":"standard","meta":{"_acf_changed":false,"_crdt_document":"","inline_featured_image":false,"footnotes":""},"categories":[146,68,298],"tags":[1940,1939,1938,1941,158],"class_list":["post-13374","post","type-post","status-publish","format-standard","has-post-thumbnail","hentry","category-ciudad-del-vaticano","category-leon-xiv","category-ultimas-noticias","tag-cardenales","tag-causas-de-canonizacion","tag-consistorio","tag-george-de-foucald","tag-papa-francisco"],"acf":[],"yoast_head":"<!-- This site is optimized with the Yoast SEO plugin v27.5 - https:\/\/yoast.com\/product\/yoast-seo-wordpress\/ -->\n<title>Consistorio para el voto de 7 causas de Canonizaci\u00f3n &#8211; Exaudi<\/title>\n<meta name=\"description\" content=\"El Papa Francisco presidir\u00e1 la celebraci\u00f3n de la Tercera Hora y el Consistorio para el voto de 7 nuevas causas de canonizaci\u00f3n\" \/>\n<meta name=\"robots\" content=\"index, follow, max-snippet:-1, max-image-preview:large, max-video-preview:-1\" \/>\n<link rel=\"canonical\" href=\"https:\/\/exaudi.org\/es\/consistorio-para-el-voto-de-7-causas-de-canonizacion\/\" \/>\n<meta property=\"og:locale\" content=\"es_ES\" \/>\n<meta property=\"og:type\" content=\"article\" \/>\n<meta property=\"og:title\" content=\"Consistorio para el voto de 7 causas de Canonizaci\u00f3n &#8211; Exaudi\" \/>\n<meta property=\"og:description\" content=\"El Papa Francisco presidir\u00e1 la celebraci\u00f3n de la Tercera Hora y el Consistorio para el voto de 7 nuevas causas de canonizaci\u00f3n\" \/>\n<meta property=\"og:url\" content=\"https:\/\/exaudi.org\/es\/consistorio-para-el-voto-de-7-causas-de-canonizacion\/\" \/>\n<meta property=\"og:site_name\" content=\"Exaudi\" \/>\n<meta property=\"article:publisher\" content=\"https:\/\/www.facebook.com\/ExaudiNews\" \/>\n<meta property=\"article:published_time\" content=\"2021-04-26T12:22:49+00:00\" \/>\n<meta property=\"article:modified_time\" content=\"2021-04-26T14:32:16+00:00\" \/>\n<meta property=\"og:image\" content=\"https:\/\/exaudi.org\/wp-content\/uploads\/2021\/04\/El-Papa-preside-un-Consistorio.jpeg\" \/>\n\t<meta property=\"og:image:width\" content=\"1280\" \/>\n\t<meta property=\"og:image:height\" content=\"720\" \/>\n\t<meta property=\"og:image:type\" content=\"image\/jpeg\" \/>\n<meta name=\"author\" content=\"Andrea Acali\" \/>\n<meta name=\"twitter:card\" content=\"summary_large_image\" \/>\n<meta name=\"twitter:creator\" content=\"@Exaudi_News\" \/>\n<meta name=\"twitter:site\" content=\"@Exaudi_News\" \/>\n<meta name=\"twitter:label1\" content=\"Escrito por\" \/>\n\t<meta name=\"twitter:data1\" content=\"Andrea Acali\" \/>\n\t<meta name=\"twitter:label2\" content=\"Tiempo de lectura\" \/>\n\t<meta name=\"twitter:data2\" content=\"4 minutos\" \/>\n<script type=\"application\/ld+json\" class=\"yoast-schema-graph\">{\"@context\":\"https:\\\/\\\/schema.org\",\"@graph\":[{\"@type\":\"Article\",\"@id\":\"https:\\\/\\\/exaudi.org\\\/es\\\/consistorio-para-el-voto-de-7-causas-de-canonizacion\\\/#article\",\"isPartOf\":{\"@id\":\"https:\\\/\\\/exaudi.org\\\/es\\\/consistorio-para-el-voto-de-7-causas-de-canonizacion\\\/\"},\"author\":{\"name\":\"Andrea Acali\",\"@id\":\"https:\\\/\\\/exaudi.org\\\/#\\\/schema\\\/person\\\/127735be832481a6d3c410c5837bb61a\"},\"headline\":\"Consistorio para el voto de 7 causas de Canonizaci\u00f3n\",\"datePublished\":\"2021-04-26T12:22:49+00:00\",\"dateModified\":\"2021-04-26T14:32:16+00:00\",\"mainEntityOfPage\":{\"@id\":\"https:\\\/\\\/exaudi.org\\\/es\\\/consistorio-para-el-voto-de-7-causas-de-canonizacion\\\/\"},\"wordCount\":735,\"image\":{\"@id\":\"https:\\\/\\\/exaudi.org\\\/es\\\/consistorio-para-el-voto-de-7-causas-de-canonizacion\\\/#primaryimage\"},\"thumbnailUrl\":\"https:\\\/\\\/exaudi.org\\\/wp-content\\\/uploads\\\/2021\\\/04\\\/El-Papa-preside-un-Consistorio.jpeg\",\"keywords\":[\"Cardenales\",\"Causas de Canonizaci\u00f3n\",\"Consistorio\",\"George de Foucald\",\"papa francisco\"],\"articleSection\":[\"Ciudad del Vaticano\",\"Le\u00f3n XIV\",\"\u00daltimas noticias\"],\"inLanguage\":\"es\"},{\"@type\":\"WebPage\",\"@id\":\"https:\\\/\\\/exaudi.org\\\/es\\\/consistorio-para-el-voto-de-7-causas-de-canonizacion\\\/\",\"url\":\"https:\\\/\\\/exaudi.org\\\/es\\\/consistorio-para-el-voto-de-7-causas-de-canonizacion\\\/\",\"name\":\"Consistorio para el voto de 7 causas de Canonizaci\u00f3n &#8211; Exaudi\",\"isPartOf\":{\"@id\":\"https:\\\/\\\/exaudi.org\\\/#website\"},\"primaryImageOfPage\":{\"@id\":\"https:\\\/\\\/exaudi.org\\\/es\\\/consistorio-para-el-voto-de-7-causas-de-canonizacion\\\/#primaryimage\"},\"image\":{\"@id\":\"https:\\\/\\\/exaudi.org\\\/es\\\/consistorio-para-el-voto-de-7-causas-de-canonizacion\\\/#primaryimage\"},\"thumbnailUrl\":\"https:\\\/\\\/exaudi.org\\\/wp-content\\\/uploads\\\/2021\\\/04\\\/El-Papa-preside-un-Consistorio.jpeg\",\"datePublished\":\"2021-04-26T12:22:49+00:00\",\"dateModified\":\"2021-04-26T14:32:16+00:00\",\"author\":{\"@id\":\"https:\\\/\\\/exaudi.org\\\/#\\\/schema\\\/person\\\/127735be832481a6d3c410c5837bb61a\"},\"description\":\"El Papa Francisco presidir\u00e1 la celebraci\u00f3n de la Tercera Hora y el Consistorio para el voto de 7 nuevas causas de canonizaci\u00f3n\",\"breadcrumb\":{\"@id\":\"https:\\\/\\\/exaudi.org\\\/es\\\/consistorio-para-el-voto-de-7-causas-de-canonizacion\\\/#breadcrumb\"},\"inLanguage\":\"es\",\"potentialAction\":[{\"@type\":\"ReadAction\",\"target\":[\"https:\\\/\\\/exaudi.org\\\/es\\\/consistorio-para-el-voto-de-7-causas-de-canonizacion\\\/\"]}]},{\"@type\":\"ImageObject\",\"inLanguage\":\"es\",\"@id\":\"https:\\\/\\\/exaudi.org\\\/es\\\/consistorio-para-el-voto-de-7-causas-de-canonizacion\\\/#primaryimage\",\"url\":\"https:\\\/\\\/exaudi.org\\\/wp-content\\\/uploads\\\/2021\\\/04\\\/El-Papa-preside-un-Consistorio.jpeg\",\"contentUrl\":\"https:\\\/\\\/exaudi.org\\\/wp-content\\\/uploads\\\/2021\\\/04\\\/El-Papa-preside-un-Consistorio.jpeg\",\"width\":1280,\"height\":720,\"caption\":\"El Papa preside un Consistorio \u00a9 Vatican Media\"},{\"@type\":\"BreadcrumbList\",\"@id\":\"https:\\\/\\\/exaudi.org\\\/es\\\/consistorio-para-el-voto-de-7-causas-de-canonizacion\\\/#breadcrumb\",\"itemListElement\":[{\"@type\":\"ListItem\",\"position\":1,\"name\":\"Portada\",\"item\":\"https:\\\/\\\/exaudi.org\\\/es\\\/\"},{\"@type\":\"ListItem\",\"position\":2,\"name\":\"Consistorio para el voto de 7 causas de Canonizaci\u00f3n\"}]},{\"@type\":\"WebSite\",\"@id\":\"https:\\\/\\\/exaudi.org\\\/#website\",\"url\":\"https:\\\/\\\/exaudi.org\\\/\",\"name\":\"Exaudi\",\"description\":\"News\",\"potentialAction\":[{\"@type\":\"SearchAction\",\"target\":{\"@type\":\"EntryPoint\",\"urlTemplate\":\"https:\\\/\\\/exaudi.org\\\/?s={search_term_string}\"},\"query-input\":{\"@type\":\"PropertyValueSpecification\",\"valueRequired\":true,\"valueName\":\"search_term_string\"}}],\"inLanguage\":\"es\"},{\"@type\":\"Person\",\"@id\":\"https:\\\/\\\/exaudi.org\\\/#\\\/schema\\\/person\\\/127735be832481a6d3c410c5837bb61a\",\"name\":\"Andrea Acali\",\"image\":{\"@type\":\"ImageObject\",\"inLanguage\":\"es\",\"@id\":\"https:\\\/\\\/secure.gravatar.com\\\/avatar\\\/2abf8e528c4f8c571ab456e5ef9ac66b04b987863e3ab3fd9546150699bb9259?s=96&d=mm&r=g\",\"url\":\"https:\\\/\\\/secure.gravatar.com\\\/avatar\\\/2abf8e528c4f8c571ab456e5ef9ac66b04b987863e3ab3fd9546150699bb9259?s=96&d=mm&r=g\",\"contentUrl\":\"https:\\\/\\\/secure.gravatar.com\\\/avatar\\\/2abf8e528c4f8c571ab456e5ef9ac66b04b987863e3ab3fd9546150699bb9259?s=96&d=mm&r=g\",\"caption\":\"Andrea Acali\"},\"description\":\"Andrea Acali es un periodista y comunicador italiano con una larga trayectoria en el \u00e1mbito de la informaci\u00f3n religiosa, social y deportiva. Durante casi treinta a\u00f1os trabaj\u00f3 en el diario Il Tempo como vaticanista y jefe de secci\u00f3n, especializ\u00e1ndose en la cobertura de la actualidad del Vaticano y de la Iglesia cat\u00f3lica. Desde 2016 colabora como periodista web en RomaSette y tambi\u00e9n escribe para el peri\u00f3dico Avvenire. Desde 2019 ejerce como comunicador en la Delegazione della Generalitat de Catalunya in Italia, con sede en Roma, donde combina su experiencia period\u00edstica con la comunicaci\u00f3n institucional\",\"sameAs\":[\"https:\\\/\\\/www.linkedin.com\\\/in\\\/andrea-acali-505567125\\\/?originalSubdomain=it\"],\"url\":\"https:\\\/\\\/exaudi.org\\\/es\\\/author\\\/aacaliexaudi-org\\\/\"}]}<\/script>\n<!-- \/ Yoast SEO plugin. -->","yoast_head_json":{"title":"Consistorio para el voto de 7 causas de Canonizaci\u00f3n &#8211; Exaudi","description":"El Papa Francisco presidir\u00e1 la celebraci\u00f3n de la Tercera Hora y el Consistorio para el voto de 7 nuevas causas de canonizaci\u00f3n","robots":{"index":"index","follow":"follow","max-snippet":"max-snippet:-1","max-image-preview":"max-image-preview:large","max-video-preview":"max-video-preview:-1"},"canonical":"https:\/\/exaudi.org\/es\/consistorio-para-el-voto-de-7-causas-de-canonizacion\/","og_locale":"es_ES","og_type":"article","og_title":"Consistorio para el voto de 7 causas de Canonizaci\u00f3n &#8211; Exaudi","og_description":"El Papa Francisco presidir\u00e1 la celebraci\u00f3n de la Tercera Hora y el Consistorio para el voto de 7 nuevas causas de canonizaci\u00f3n","og_url":"https:\/\/exaudi.org\/es\/consistorio-para-el-voto-de-7-causas-de-canonizacion\/","og_site_name":"Exaudi","article_publisher":"https:\/\/www.facebook.com\/ExaudiNews","article_published_time":"2021-04-26T12:22:49+00:00","article_modified_time":"2021-04-26T14:32:16+00:00","og_image":[{"width":1280,"height":720,"url":"https:\/\/exaudi.org\/wp-content\/uploads\/2021\/04\/El-Papa-preside-un-Consistorio.jpeg","type":"image\/jpeg"}],"author":"Andrea Acali","twitter_card":"summary_large_image","twitter_creator":"@Exaudi_News","twitter_site":"@Exaudi_News","twitter_misc":{"Escrito por":"Andrea Acali","Tiempo de lectura":"4 minutos"},"schema":{"@context":"https:\/\/schema.org","@graph":[{"@type":"Article","@id":"https:\/\/exaudi.org\/es\/consistorio-para-el-voto-de-7-causas-de-canonizacion\/#article","isPartOf":{"@id":"https:\/\/exaudi.org\/es\/consistorio-para-el-voto-de-7-causas-de-canonizacion\/"},"author":{"name":"Andrea Acali","@id":"https:\/\/exaudi.org\/#\/schema\/person\/127735be832481a6d3c410c5837bb61a"},"headline":"Consistorio para el voto de 7 causas de Canonizaci\u00f3n","datePublished":"2021-04-26T12:22:49+00:00","dateModified":"2021-04-26T14:32:16+00:00","mainEntityOfPage":{"@id":"https:\/\/exaudi.org\/es\/consistorio-para-el-voto-de-7-causas-de-canonizacion\/"},"wordCount":735,"image":{"@id":"https:\/\/exaudi.org\/es\/consistorio-para-el-voto-de-7-causas-de-canonizacion\/#primaryimage"},"thumbnailUrl":"https:\/\/exaudi.org\/wp-content\/uploads\/2021\/04\/El-Papa-preside-un-Consistorio.jpeg","keywords":["Cardenales","Causas de Canonizaci\u00f3n","Consistorio","George de Foucald","papa francisco"],"articleSection":["Ciudad del Vaticano","Le\u00f3n XIV","\u00daltimas noticias"],"inLanguage":"es"},{"@type":"WebPage","@id":"https:\/\/exaudi.org\/es\/consistorio-para-el-voto-de-7-causas-de-canonizacion\/","url":"https:\/\/exaudi.org\/es\/consistorio-para-el-voto-de-7-causas-de-canonizacion\/","name":"Consistorio para el voto de 7 causas de Canonizaci\u00f3n &#8211; Exaudi","isPartOf":{"@id":"https:\/\/exaudi.org\/#website"},"primaryImageOfPage":{"@id":"https:\/\/exaudi.org\/es\/consistorio-para-el-voto-de-7-causas-de-canonizacion\/#primaryimage"},"image":{"@id":"https:\/\/exaudi.org\/es\/consistorio-para-el-voto-de-7-causas-de-canonizacion\/#primaryimage"},"thumbnailUrl":"https:\/\/exaudi.org\/wp-content\/uploads\/2021\/04\/El-Papa-preside-un-Consistorio.jpeg","datePublished":"2021-04-26T12:22:49+00:00","dateModified":"2021-04-26T14:32:16+00:00","author":{"@id":"https:\/\/exaudi.org\/#\/schema\/person\/127735be832481a6d3c410c5837bb61a"},"description":"El Papa Francisco presidir\u00e1 la celebraci\u00f3n de la Tercera Hora y el Consistorio para el voto de 7 nuevas causas de canonizaci\u00f3n","breadcrumb":{"@id":"https:\/\/exaudi.org\/es\/consistorio-para-el-voto-de-7-causas-de-canonizacion\/#breadcrumb"},"inLanguage":"es","potentialAction":[{"@type":"ReadAction","target":["https:\/\/exaudi.org\/es\/consistorio-para-el-voto-de-7-causas-de-canonizacion\/"]}]},{"@type":"ImageObject","inLanguage":"es","@id":"https:\/\/exaudi.org\/es\/consistorio-para-el-voto-de-7-causas-de-canonizacion\/#primaryimage","url":"https:\/\/exaudi.org\/wp-content\/uploads\/2021\/04\/El-Papa-preside-un-Consistorio.jpeg","contentUrl":"https:\/\/exaudi.org\/wp-content\/uploads\/2021\/04\/El-Papa-preside-un-Consistorio.jpeg","width":1280,"height":720,"caption":"El Papa preside un Consistorio \u00a9 Vatican Media"},{"@type":"BreadcrumbList","@id":"https:\/\/exaudi.org\/es\/consistorio-para-el-voto-de-7-causas-de-canonizacion\/#breadcrumb","itemListElement":[{"@type":"ListItem","position":1,"name":"Portada","item":"https:\/\/exaudi.org\/es\/"},{"@type":"ListItem","position":2,"name":"Consistorio para el voto de 7 causas de Canonizaci\u00f3n"}]},{"@type":"WebSite","@id":"https:\/\/exaudi.org\/#website","url":"https:\/\/exaudi.org\/","name":"Exaudi","description":"News","potentialAction":[{"@type":"SearchAction","target":{"@type":"EntryPoint","urlTemplate":"https:\/\/exaudi.org\/?s={search_term_string}"},"query-input":{"@type":"PropertyValueSpecification","valueRequired":true,"valueName":"search_term_string"}}],"inLanguage":"es"},{"@type":"Person","@id":"https:\/\/exaudi.org\/#\/schema\/person\/127735be832481a6d3c410c5837bb61a","name":"Andrea Acali","image":{"@type":"ImageObject","inLanguage":"es","@id":"https:\/\/secure.gravatar.com\/avatar\/2abf8e528c4f8c571ab456e5ef9ac66b04b987863e3ab3fd9546150699bb9259?s=96&d=mm&r=g","url":"https:\/\/secure.gravatar.com\/avatar\/2abf8e528c4f8c571ab456e5ef9ac66b04b987863e3ab3fd9546150699bb9259?s=96&d=mm&r=g","contentUrl":"https:\/\/secure.gravatar.com\/avatar\/2abf8e528c4f8c571ab456e5ef9ac66b04b987863e3ab3fd9546150699bb9259?s=96&d=mm&r=g","caption":"Andrea Acali"},"description":"Andrea Acali es un periodista y comunicador italiano con una larga trayectoria en el \u00e1mbito de la informaci\u00f3n religiosa, social y deportiva. Durante casi treinta a\u00f1os trabaj\u00f3 en el diario Il Tempo como vaticanista y jefe de secci\u00f3n, especializ\u00e1ndose en la cobertura de la actualidad del Vaticano y de la Iglesia cat\u00f3lica. Desde 2016 colabora como periodista web en RomaSette y tambi\u00e9n escribe para el peri\u00f3dico Avvenire. Desde 2019 ejerce como comunicador en la Delegazione della Generalitat de Catalunya in Italia, con sede en Roma, donde combina su experiencia period\u00edstica con la comunicaci\u00f3n institucional","sameAs":["https:\/\/www.linkedin.com\/in\/andrea-acali-505567125\/?originalSubdomain=it"],"url":"https:\/\/exaudi.org\/es\/author\/aacaliexaudi-org\/"}]}},"jetpack_featured_media_url":"https:\/\/exaudi.org\/wp-content\/uploads\/2021\/04\/El-Papa-preside-un-Consistorio.jpeg","jetpack_shortlink":"https:\/\/wp.me\/pgKjF2-3tI","_links":{"self":[{"href":"https:\/\/exaudi.org\/es\/wp-json\/wp\/v2\/posts\/13374","targetHints":{"allow":["GET"]}}],"collection":[{"href":"https:\/\/exaudi.org\/es\/wp-json\/wp\/v2\/posts"}],"about":[{"href":"https:\/\/exaudi.org\/es\/wp-json\/wp\/v2\/types\/post"}],"author":[{"embeddable":true,"href":"https:\/\/exaudi.org\/es\/wp-json\/wp\/v2\/users\/18"}],"replies":[{"embeddable":true,"href":"https:\/\/exaudi.org\/es\/wp-json\/wp\/v2\/comments?post=13374"}],"version-history":[{"count":0,"href":"https:\/\/exaudi.org\/es\/wp-json\/wp\/v2\/posts\/13374\/revisions"}],"wp:featuredmedia":[{"embeddable":true,"href":"https:\/\/exaudi.org\/es\/wp-json\/wp\/v2\/media\/13375"}],"wp:attachment":[{"href":"https:\/\/exaudi.org\/es\/wp-json\/wp\/v2\/media?parent=13374"}],"wp:term":[{"taxonomy":"category","embeddable":true,"href":"https:\/\/exaudi.org\/es\/wp-json\/wp\/v2\/categories?post=13374"},{"taxonomy":"post_tag","embeddable":true,"href":"https:\/\/exaudi.org\/es\/wp-json\/wp\/v2\/tags?post=13374"}],"curies":[{"name":"wp","href":"https:\/\/api.w.org\/{rel}","templated":true}]}}