{"id":133301,"date":"2025-09-05T09:30:38","date_gmt":"2025-09-05T07:30:38","guid":{"rendered":"https:\/\/exaudi.org\/?p=133301"},"modified":"2025-09-05T10:27:18","modified_gmt":"2025-09-05T08:27:18","slug":"celebrar-la-vida-el-valor-del-nacimiento-en-tiempos-de-baja-natalidad","status":"publish","type":"post","link":"https:\/\/exaudi.org\/es\/celebrar-la-vida-el-valor-del-nacimiento-en-tiempos-de-baja-natalidad\/","title":{"rendered":"Celebrar la vida: el valor del nacimiento en tiempos de baja natalidad"},"content":{"rendered":"<p data-start=\"337\" data-end=\"792\">En una Europa y Latinoam\u00e9rica marcadas por el \u00abinvierno demogr\u00e1fico\u00bb, la Iglesia Cat\u00f3lica alza una voz de esperanza y acci\u00f3n. Frente a cifras preocupantes \u2014 como las tasas de fecundidad por debajo del nivel de reemplazo\u2014, la vida humana sigue siendo un regalo sagrado y motor de futuro. En este horizonte, las familias abiertas a la vida encarnan un testimonio luminoso: no solo como reproducci\u00f3n biol\u00f3gica, sino como vocaci\u00f3n llena de sentido y donaci\u00f3n.<\/p>\n<p><iframe title=\"Spotify Embed: Celebrar la vida: el valor del nacimiento en tiempos de baja natalidad\" style=\"border-radius: 12px\" width=\"100%\" height=\"152\" frameborder=\"0\" allowfullscreen allow=\"autoplay; clipboard-write; encrypted-media; fullscreen; picture-in-picture\" loading=\"lazy\" src=\"https:\/\/open.spotify.com\/embed\/episode\/2PPdEwE0tEKODxhgmCLthg?si=y1XlDwAbTxy_0wHkGFApTg&#038;utm_source=oembed\"><\/iframe><\/p>\n<h3 data-start=\"799\" data-end=\"855\"><strong data-start=\"803\" data-end=\"855\">El drama demogr\u00e1fico como crisis de esperanza<\/strong><\/h3>\n<p data-start=\"857\" data-end=\"1202\">Mons. Jos\u00e9 Ignacio Munilla, obispo de San Sebasti\u00e1n, alerta que en Espa\u00f1a hay m\u00e1s muertes que nacimientos, con una fecundidad que ha ca\u00eddo un 30 % en la \u00faltima d\u00e9cada y una tasa de aproximadamente 1,25 hijos por pareja.<br data-start=\"1076\" data-end=\"1079\" \/>Esta situaci\u00f3n no solo frena el futuro demogr\u00e1fico, sino que simboliza una <strong data-start=\"1154\" data-end=\"1179\">\u201ccrisis de esperanza\u201d<\/strong>, seg\u00fan sus palabras.<\/p>\n<h3 data-start=\"1209\" data-end=\"1271\"><strong data-start=\"1213\" data-end=\"1271\">La Iglesia espa\u00f1ola responde con esperanza y acci\u00f3n<\/strong><\/h3>\n<p data-start=\"1273\" data-end=\"1813\">Con motivo de la Jornada por la Vida, los obispos espa\u00f1oles exhortaron a promover el <strong data-start=\"1358\" data-end=\"1375\">amor conyugal<\/strong> como fundamento para revertir la crisis demogr\u00e1fica. Subrayan que los matrimonios cristianos \u2014aquellos que trascienden el deseo individual y la comodidad\u2014 son <strong data-start=\"1535\" data-end=\"1552\">luz de futuro<\/strong>, donde los hijos son estrellas que iluminan el ma\u00f1ana.<br data-start=\"1607\" data-end=\"1610\" \/>En su mensaje, insistieron en que la maternidad es una <strong data-start=\"1665\" data-end=\"1712\">vocaci\u00f3n que merece celebrarse y protegerse<\/strong>, y que las pol\u00edticas p\u00fablicas deben facilitar que las madres no se sientan solas ni sobrecargadas.<\/p>\n<h3 data-start=\"1820\" data-end=\"1879\"><strong data-start=\"1824\" data-end=\"1879\">Una emergencia global: la voz del Papa Francisco<\/strong><\/h3>\n<p data-start=\"1881\" data-end=\"2459\">El Papa Francisco calific\u00f3 la baja natalidad como \u201cuna verdadera emergencia social\u201d, y advirti\u00f3 que esta realidad, aunque no siempre visible, empobrece el futuro colectivo.<br data-start=\"2053\" data-end=\"2056\" \/>Denunci\u00f3 la \u201cnueva pobreza\u201d \u2014existencial y social\u2014 que viven muchas mujeres y parejas que desean tener hijos, pero se lo impide la inseguridad laboral o los costos crecientes de la crianza.<br data-start=\"2245\" data-end=\"2248\" \/>Francisco tambi\u00e9n alent\u00f3 a diversos sectores \u2014instituciones, empresas, medios y sociedad civil\u2014 a unir esfuerzos para promover respuestas concretas, pues <em data-start=\"2402\" data-end=\"2425\">\u201cse puede hacer algo\u201d<\/em> frente al invierno demogr\u00e1fico.<\/p>\n<h3 data-start=\"2466\" data-end=\"2544\"><strong data-start=\"2470\" data-end=\"2544\">La Iglesia en Am\u00e9rica Latina alza su voz por el relevo generacional<\/strong><\/h3>\n<p data-start=\"2546\" data-end=\"3095\">En Latinoam\u00e9rica, la Iglesia mexicana expres\u00f3 su preocupaci\u00f3n por una <strong data-start=\"2616\" data-end=\"2670\">\u201ctransformaci\u00f3n demogr\u00e1fica profunda y silenciosa\u201d<\/strong>, donde el envejecimiento ya no es una amenaza lejana, sino una realidad que compromete la convivencia familiar y social.<br data-start=\"2791\" data-end=\"2794\" \/>Frente a esta situaci\u00f3n, reclam\u00f3 <strong data-start=\"2827\" data-end=\"2849\">pol\u00edticas p\u00fablicas<\/strong> que sit\u00faen a la familia como una <strong data-start=\"2883\" data-end=\"2903\">prioridad social<\/strong>: acompa\u00f1ando maternidades y paternidades responsables, promoviendo la conciliaci\u00f3n, fortaleciendo lazos intergeneracionales, y reconociendo a la familia como n\u00facleo vital del tejido social.<\/p>\n<h3 data-start=\"3102\" data-end=\"3183\"><strong data-start=\"3106\" data-end=\"3183\">Testimonios de vida: la fuerza de las familias que apuestan por el don<\/strong><\/h3>\n<p data-start=\"3185\" data-end=\"3480\">Catherine Pakaluk, economista cat\u00f3lica y madre de ocho hijos, destaca una realidad profunda: muchas parejas hoy eligen la fecundidad no por condiciones materiales, sino por una valoraci\u00f3n espiritual de los hijos como <strong data-start=\"3402\" data-end=\"3441\">bendiciones de Dios y bien absoluto<\/strong>, m\u00e1s all\u00e1 de su capacidad econ\u00f3mica.<\/p>\n<p data-start=\"3482\" data-end=\"3532\">A esto se suman ejemplos sencillos y cotidianos:<\/p>\n<ul data-start=\"3534\" data-end=\"4134\">\n<li data-start=\"3534\" data-end=\"3814\">\n<p data-start=\"3536\" data-end=\"3814\"><strong data-start=\"3536\" data-end=\"3577\">Mar\u00eda y Javier, padres de cinco hijos<\/strong>, cuentan: <em data-start=\"3588\" data-end=\"3811\">\u201cMuchos nos dec\u00edan que est\u00e1bamos locos por tener una familia grande. Pero nosotros hemos descubierto que cada hijo trae consigo una alegr\u00eda nueva y una manera distinta de confiar en Dios. Nunca nos ha faltado lo esencial\u201d<\/em>.<\/p>\n<\/li>\n<li data-start=\"3816\" data-end=\"4134\">\n<p data-start=\"3818\" data-end=\"4134\"><strong data-start=\"3818\" data-end=\"3857\">Luc\u00eda, madre de tres hijos peque\u00f1os<\/strong>, comparte: <em data-start=\"3869\" data-end=\"4131\">\u201cCuando naci\u00f3 nuestro tercer hijo, no sab\u00edamos c\u00f3mo \u00edbamos a organizarnos. Hoy miramos atr\u00e1s y entendemos que lo que parec\u00eda un problema se convirti\u00f3 en bendici\u00f3n: nuestros hijos se cuidan y se quieren entre ellos, y nosotros hemos crecido en paciencia y amor\u201d<\/em>.<\/p>\n<\/li>\n<\/ul>\n<p data-start=\"4136\" data-end=\"4270\">Estos testimonios nos ense\u00f1an que acoger vidas humanas no es un lujo o carga, sino un acto generador de alegr\u00eda, legado y esperanza.<\/p>\n<h3 data-start=\"4277\" data-end=\"4336\"><strong data-start=\"4281\" data-end=\"4336\">Un llamado cristiano a celebrar la vida<\/strong><\/h3>\n<p data-start=\"4338\" data-end=\"4459\">Celebrar la vida en estos tiempos de baja natalidad es m\u00e1s necesario que nunca. Desde la fe, podemos ofrecer tres claves:<\/p>\n<ol data-start=\"4461\" data-end=\"4884\">\n<li data-start=\"4461\" data-end=\"4582\">\n<p data-start=\"4464\" data-end=\"4582\"><strong data-start=\"4464\" data-end=\"4514\">Redescubrimiento de la natalidad como vocaci\u00f3n<\/strong>: no como imposici\u00f3n, sino como respuesta generosa al don de Dios.<\/p>\n<\/li>\n<li data-start=\"4583\" data-end=\"4738\">\n<p data-start=\"4586\" data-end=\"4738\"><strong data-start=\"4586\" data-end=\"4608\">Cultura de la vida<\/strong>: inspirados por Juan Pablo II, reafirmar a la familia como \u201csantuario de la vida\u201d, base donde la vida es protegida y promovida.<\/p>\n<\/li>\n<li data-start=\"4739\" data-end=\"4884\">\n<p data-start=\"4742\" data-end=\"4884\"><strong data-start=\"4742\" data-end=\"4774\">Acci\u00f3n comunitaria y p\u00fablica<\/strong>: apoyar a las familias, crear ambientes favorables y brindar acompa\u00f1amiento real a quienes desean dar vida.<\/p>\n<\/li>\n<\/ol>\n<p data-start=\"4891\" data-end=\"5282\"><b>E<\/b>n medio de estad\u00edsticas impersonales, la Iglesia propone <strong data-start=\"4970\" data-end=\"5064\">vidas concretas, casas llenas, rostros de padres y madres que abrazan la vida con valent\u00eda<\/strong>. Celebrar la vida no es ret\u00f3rica: es compromiso, solidaridad, y testimonio encarnado. Que cada nacimiento en una familia abierta a la vida sea un canto al Dios creador, y un signo de esperanza para nuestra sociedad.<\/p>\n<p data-start=\"4891\" data-end=\"5282\"><img loading=\"lazy\" decoding=\"async\" class=\"size-full wp-image-133307 alignnone\" src=\"https:\/\/exaudi.org\/wp-content\/uploads\/2025\/09\/Laetare.jpg\" alt=\"\" width=\"940\" height=\"788\" srcset=\"https:\/\/exaudi.org\/wp-content\/uploads\/2025\/09\/Laetare.jpg 940w, https:\/\/exaudi.org\/wp-content\/uploads\/2025\/09\/Laetare-300x251.jpg 300w, https:\/\/exaudi.org\/wp-content\/uploads\/2025\/09\/Laetare-770x645.jpg 770w, https:\/\/exaudi.org\/wp-content\/uploads\/2025\/09\/Laetare-500x419.jpg 500w\" sizes=\"auto, (max-width: 940px) 100vw, 940px\" \/><\/p>\n","protected":false},"excerpt":{"rendered":"<p>Una luz de esperanza desde la fe y el testimonio de familias abiertas a la vida<\/p>\n","protected":false},"author":154,"featured_media":133304,"comment_status":"closed","ping_status":"closed","sticky":false,"template":"","format":"standard","meta":{"_acf_changed":false,"_crdt_document":"","inline_featured_image":false,"footnotes":""},"categories":[72],"tags":[71282,71286,71283,21738,1214,14707,71288,41623,449,623,71287,5512,71291,32946,71285,71284,4425,71290,71289,63985,63984],"class_list":["post-133301","post","type-post","status-publish","format-standard","has-post-thumbnail","hentry","category-analisis","tag-baja-natalidad","tag-celebracion-de-la-vida","tag-crisis-demografica","tag-cultura-de-la-vida","tag-defensa-de-la-vida","tag-esperanza-cristiana","tag-familia-abierta-a-la-vida","tag-familia-catolica","tag-iglesia-catolica","tag-iglesia-domestica","tag-iglesia-latinoamerica-natalidad","tag-invierno-demografico","tag-jornada-por-la-vida","tag-laetare","tag-obispos-espanoles-vida","tag-papa-francisco-natalidad","tag-pastoral-familiar","tag-san-juan-pablo-ii-familia","tag-testimonio-familias-numerosas","tag-vocacion-a-la-maternidad","tag-vocacion-a-la-paternidad"],"acf":[],"yoast_head":"<!-- This site is optimized with the Yoast SEO plugin v27.5 - https:\/\/yoast.com\/product\/yoast-seo-wordpress\/ -->\n<title>Celebrar la vida: el valor del nacimiento en tiempos de baja natalidad &#8211; Exaudi<\/title>\n<meta name=\"robots\" content=\"index, follow, max-snippet:-1, max-image-preview:large, max-video-preview:-1\" \/>\n<link rel=\"canonical\" href=\"https:\/\/exaudi.org\/es\/celebrar-la-vida-el-valor-del-nacimiento-en-tiempos-de-baja-natalidad\/\" \/>\n<meta property=\"og:locale\" content=\"es_ES\" \/>\n<meta property=\"og:type\" content=\"article\" \/>\n<meta property=\"og:title\" content=\"Celebrar la vida: el valor del nacimiento en tiempos de baja natalidad &#8211; Exaudi\" \/>\n<meta property=\"og:description\" content=\"Una luz de esperanza desde la fe y el testimonio de familias abiertas a la vida\" \/>\n<meta property=\"og:url\" content=\"https:\/\/exaudi.org\/es\/celebrar-la-vida-el-valor-del-nacimiento-en-tiempos-de-baja-natalidad\/\" \/>\n<meta property=\"og:site_name\" content=\"Exaudi\" \/>\n<meta property=\"article:publisher\" content=\"https:\/\/www.facebook.com\/ExaudiNews\" \/>\n<meta property=\"article:published_time\" content=\"2025-09-05T07:30:38+00:00\" \/>\n<meta property=\"article:modified_time\" content=\"2025-09-05T08:27:18+00:00\" \/>\n<meta property=\"og:image\" content=\"https:\/\/exaudi.org\/wp-content\/uploads\/2025\/09\/pexels-kelvinocta16-1973270-scaled.jpg\" \/>\n\t<meta property=\"og:image:width\" content=\"2560\" \/>\n\t<meta property=\"og:image:height\" content=\"1707\" \/>\n\t<meta property=\"og:image:type\" content=\"image\/jpeg\" \/>\n<meta name=\"author\" content=\"Laetare\" \/>\n<meta name=\"twitter:card\" content=\"summary_large_image\" \/>\n<meta name=\"twitter:creator\" content=\"@Exaudi_News\" \/>\n<meta name=\"twitter:site\" content=\"@Exaudi_News\" \/>\n<meta name=\"twitter:label1\" content=\"Escrito por\" \/>\n\t<meta name=\"twitter:data1\" content=\"Laetare\" \/>\n\t<meta name=\"twitter:label2\" content=\"Tiempo de lectura\" \/>\n\t<meta name=\"twitter:data2\" content=\"4 minutos\" \/>\n<script type=\"application\/ld+json\" class=\"yoast-schema-graph\">{\"@context\":\"https:\\\/\\\/schema.org\",\"@graph\":[{\"@type\":\"Article\",\"@id\":\"https:\\\/\\\/exaudi.org\\\/es\\\/celebrar-la-vida-el-valor-del-nacimiento-en-tiempos-de-baja-natalidad\\\/#article\",\"isPartOf\":{\"@id\":\"https:\\\/\\\/exaudi.org\\\/es\\\/celebrar-la-vida-el-valor-del-nacimiento-en-tiempos-de-baja-natalidad\\\/\"},\"author\":{\"name\":\"Laetare\",\"@id\":\"https:\\\/\\\/exaudi.org\\\/#\\\/schema\\\/person\\\/b4f60770b050db60868378f3d473b3d4\"},\"headline\":\"Celebrar la vida: el valor del nacimiento en tiempos de baja natalidad\",\"datePublished\":\"2025-09-05T07:30:38+00:00\",\"dateModified\":\"2025-09-05T08:27:18+00:00\",\"mainEntityOfPage\":{\"@id\":\"https:\\\/\\\/exaudi.org\\\/es\\\/celebrar-la-vida-el-valor-del-nacimiento-en-tiempos-de-baja-natalidad\\\/\"},\"wordCount\":822,\"image\":{\"@id\":\"https:\\\/\\\/exaudi.org\\\/es\\\/celebrar-la-vida-el-valor-del-nacimiento-en-tiempos-de-baja-natalidad\\\/#primaryimage\"},\"thumbnailUrl\":\"https:\\\/\\\/exaudi.org\\\/wp-content\\\/uploads\\\/2025\\\/09\\\/pexels-kelvinocta16-1973270-scaled.jpg\",\"keywords\":[\"baja natalidad\",\"celebraci\u00f3n de la vida\",\"crisis demogr\u00e1fica\",\"cultura de la vida\",\"Defensa de la Vida\",\"esperanza cristiana\",\"familia abierta a la vida\",\"familia cat\u00f3lica\",\"Iglesia cat\u00f3lica\",\"Iglesia dom\u00e9stica\",\"iglesia latinoam\u00e9rica natalidad\",\"Invierno demogr\u00e1fico\",\"jornada por la vida\",\"Laetare\",\"obispos espa\u00f1oles vida\",\"papa francisco natalidad\",\"Pastoral familiar\",\"san juan pablo ii familia\",\"testimonio familias numerosas\",\"vocaci\u00f3n a la maternidad\",\"vocaci\u00f3n a la paternidad\"],\"articleSection\":[\"An\u00e1lisis\"],\"inLanguage\":\"es\"},{\"@type\":\"WebPage\",\"@id\":\"https:\\\/\\\/exaudi.org\\\/es\\\/celebrar-la-vida-el-valor-del-nacimiento-en-tiempos-de-baja-natalidad\\\/\",\"url\":\"https:\\\/\\\/exaudi.org\\\/es\\\/celebrar-la-vida-el-valor-del-nacimiento-en-tiempos-de-baja-natalidad\\\/\",\"name\":\"Celebrar la vida: el valor del nacimiento en tiempos de baja natalidad &#8211; Exaudi\",\"isPartOf\":{\"@id\":\"https:\\\/\\\/exaudi.org\\\/#website\"},\"primaryImageOfPage\":{\"@id\":\"https:\\\/\\\/exaudi.org\\\/es\\\/celebrar-la-vida-el-valor-del-nacimiento-en-tiempos-de-baja-natalidad\\\/#primaryimage\"},\"image\":{\"@id\":\"https:\\\/\\\/exaudi.org\\\/es\\\/celebrar-la-vida-el-valor-del-nacimiento-en-tiempos-de-baja-natalidad\\\/#primaryimage\"},\"thumbnailUrl\":\"https:\\\/\\\/exaudi.org\\\/wp-content\\\/uploads\\\/2025\\\/09\\\/pexels-kelvinocta16-1973270-scaled.jpg\",\"datePublished\":\"2025-09-05T07:30:38+00:00\",\"dateModified\":\"2025-09-05T08:27:18+00:00\",\"author\":{\"@id\":\"https:\\\/\\\/exaudi.org\\\/#\\\/schema\\\/person\\\/b4f60770b050db60868378f3d473b3d4\"},\"breadcrumb\":{\"@id\":\"https:\\\/\\\/exaudi.org\\\/es\\\/celebrar-la-vida-el-valor-del-nacimiento-en-tiempos-de-baja-natalidad\\\/#breadcrumb\"},\"inLanguage\":\"es\",\"potentialAction\":[{\"@type\":\"ReadAction\",\"target\":[\"https:\\\/\\\/exaudi.org\\\/es\\\/celebrar-la-vida-el-valor-del-nacimiento-en-tiempos-de-baja-natalidad\\\/\"]}]},{\"@type\":\"ImageObject\",\"inLanguage\":\"es\",\"@id\":\"https:\\\/\\\/exaudi.org\\\/es\\\/celebrar-la-vida-el-valor-del-nacimiento-en-tiempos-de-baja-natalidad\\\/#primaryimage\",\"url\":\"https:\\\/\\\/exaudi.org\\\/wp-content\\\/uploads\\\/2025\\\/09\\\/pexels-kelvinocta16-1973270-scaled.jpg\",\"contentUrl\":\"https:\\\/\\\/exaudi.org\\\/wp-content\\\/uploads\\\/2025\\\/09\\\/pexels-kelvinocta16-1973270-scaled.jpg\",\"width\":2560,\"height\":1707},{\"@type\":\"BreadcrumbList\",\"@id\":\"https:\\\/\\\/exaudi.org\\\/es\\\/celebrar-la-vida-el-valor-del-nacimiento-en-tiempos-de-baja-natalidad\\\/#breadcrumb\",\"itemListElement\":[{\"@type\":\"ListItem\",\"position\":1,\"name\":\"Portada\",\"item\":\"https:\\\/\\\/exaudi.org\\\/es\\\/\"},{\"@type\":\"ListItem\",\"position\":2,\"name\":\"Celebrar la vida: el valor del nacimiento en tiempos de baja natalidad\"}]},{\"@type\":\"WebSite\",\"@id\":\"https:\\\/\\\/exaudi.org\\\/#website\",\"url\":\"https:\\\/\\\/exaudi.org\\\/\",\"name\":\"Exaudi\",\"description\":\"News\",\"potentialAction\":[{\"@type\":\"SearchAction\",\"target\":{\"@type\":\"EntryPoint\",\"urlTemplate\":\"https:\\\/\\\/exaudi.org\\\/?s={search_term_string}\"},\"query-input\":{\"@type\":\"PropertyValueSpecification\",\"valueRequired\":true,\"valueName\":\"search_term_string\"}}],\"inLanguage\":\"es\"},{\"@type\":\"Person\",\"@id\":\"https:\\\/\\\/exaudi.org\\\/#\\\/schema\\\/person\\\/b4f60770b050db60868378f3d473b3d4\",\"name\":\"Laetare\",\"image\":{\"@type\":\"ImageObject\",\"inLanguage\":\"es\",\"@id\":\"https:\\\/\\\/secure.gravatar.com\\\/avatar\\\/239ae5fc763d8bf7c26706d150679faa0bec9e2d51089775f40e9decb4806f15?s=96&d=mm&r=g\",\"url\":\"https:\\\/\\\/secure.gravatar.com\\\/avatar\\\/239ae5fc763d8bf7c26706d150679faa0bec9e2d51089775f40e9decb4806f15?s=96&d=mm&r=g\",\"contentUrl\":\"https:\\\/\\\/secure.gravatar.com\\\/avatar\\\/239ae5fc763d8bf7c26706d150679faa0bec9e2d51089775f40e9decb4806f15?s=96&d=mm&r=g\",\"caption\":\"Laetare\"},\"description\":\"Laetare es una asociaci\u00f3n fundada por Gabriel N\u00fa\u00f1ez, nacida en Sevilla con el prop\u00f3sito de defender y promover el desarrollo integral de la familia cristiana. Su actividad se organiza en cuatro ejes fundamentales: sensibilizar, orar, formar y servir. La asociaci\u00f3n trabaja en la preservaci\u00f3n de la familia como pilar de la sociedad, ofreciendo formaci\u00f3n especializada, retiros espirituales y apoyo integral a matrimonios en crisis, con un enfoque basado en la doctrina cat\u00f3lica y la acci\u00f3n comunitaria.\",\"url\":\"https:\\\/\\\/exaudi.org\\\/es\\\/author\\\/laetare\\\/\"}]}<\/script>\n<!-- \/ Yoast SEO plugin. -->","yoast_head_json":{"title":"Celebrar la vida: el valor del nacimiento en tiempos de baja natalidad &#8211; Exaudi","robots":{"index":"index","follow":"follow","max-snippet":"max-snippet:-1","max-image-preview":"max-image-preview:large","max-video-preview":"max-video-preview:-1"},"canonical":"https:\/\/exaudi.org\/es\/celebrar-la-vida-el-valor-del-nacimiento-en-tiempos-de-baja-natalidad\/","og_locale":"es_ES","og_type":"article","og_title":"Celebrar la vida: el valor del nacimiento en tiempos de baja natalidad &#8211; Exaudi","og_description":"Una luz de esperanza desde la fe y el testimonio de familias abiertas a la vida","og_url":"https:\/\/exaudi.org\/es\/celebrar-la-vida-el-valor-del-nacimiento-en-tiempos-de-baja-natalidad\/","og_site_name":"Exaudi","article_publisher":"https:\/\/www.facebook.com\/ExaudiNews","article_published_time":"2025-09-05T07:30:38+00:00","article_modified_time":"2025-09-05T08:27:18+00:00","og_image":[{"width":2560,"height":1707,"url":"https:\/\/exaudi.org\/wp-content\/uploads\/2025\/09\/pexels-kelvinocta16-1973270-scaled.jpg","type":"image\/jpeg"}],"author":"Laetare","twitter_card":"summary_large_image","twitter_creator":"@Exaudi_News","twitter_site":"@Exaudi_News","twitter_misc":{"Escrito por":"Laetare","Tiempo de lectura":"4 minutos"},"schema":{"@context":"https:\/\/schema.org","@graph":[{"@type":"Article","@id":"https:\/\/exaudi.org\/es\/celebrar-la-vida-el-valor-del-nacimiento-en-tiempos-de-baja-natalidad\/#article","isPartOf":{"@id":"https:\/\/exaudi.org\/es\/celebrar-la-vida-el-valor-del-nacimiento-en-tiempos-de-baja-natalidad\/"},"author":{"name":"Laetare","@id":"https:\/\/exaudi.org\/#\/schema\/person\/b4f60770b050db60868378f3d473b3d4"},"headline":"Celebrar la vida: el valor del nacimiento en tiempos de baja natalidad","datePublished":"2025-09-05T07:30:38+00:00","dateModified":"2025-09-05T08:27:18+00:00","mainEntityOfPage":{"@id":"https:\/\/exaudi.org\/es\/celebrar-la-vida-el-valor-del-nacimiento-en-tiempos-de-baja-natalidad\/"},"wordCount":822,"image":{"@id":"https:\/\/exaudi.org\/es\/celebrar-la-vida-el-valor-del-nacimiento-en-tiempos-de-baja-natalidad\/#primaryimage"},"thumbnailUrl":"https:\/\/exaudi.org\/wp-content\/uploads\/2025\/09\/pexels-kelvinocta16-1973270-scaled.jpg","keywords":["baja natalidad","celebraci\u00f3n de la vida","crisis demogr\u00e1fica","cultura de la vida","Defensa de la Vida","esperanza cristiana","familia abierta a la vida","familia cat\u00f3lica","Iglesia cat\u00f3lica","Iglesia dom\u00e9stica","iglesia latinoam\u00e9rica natalidad","Invierno demogr\u00e1fico","jornada por la vida","Laetare","obispos espa\u00f1oles vida","papa francisco natalidad","Pastoral familiar","san juan pablo ii familia","testimonio familias numerosas","vocaci\u00f3n a la maternidad","vocaci\u00f3n a la paternidad"],"articleSection":["An\u00e1lisis"],"inLanguage":"es"},{"@type":"WebPage","@id":"https:\/\/exaudi.org\/es\/celebrar-la-vida-el-valor-del-nacimiento-en-tiempos-de-baja-natalidad\/","url":"https:\/\/exaudi.org\/es\/celebrar-la-vida-el-valor-del-nacimiento-en-tiempos-de-baja-natalidad\/","name":"Celebrar la vida: el valor del nacimiento en tiempos de baja natalidad &#8211; Exaudi","isPartOf":{"@id":"https:\/\/exaudi.org\/#website"},"primaryImageOfPage":{"@id":"https:\/\/exaudi.org\/es\/celebrar-la-vida-el-valor-del-nacimiento-en-tiempos-de-baja-natalidad\/#primaryimage"},"image":{"@id":"https:\/\/exaudi.org\/es\/celebrar-la-vida-el-valor-del-nacimiento-en-tiempos-de-baja-natalidad\/#primaryimage"},"thumbnailUrl":"https:\/\/exaudi.org\/wp-content\/uploads\/2025\/09\/pexels-kelvinocta16-1973270-scaled.jpg","datePublished":"2025-09-05T07:30:38+00:00","dateModified":"2025-09-05T08:27:18+00:00","author":{"@id":"https:\/\/exaudi.org\/#\/schema\/person\/b4f60770b050db60868378f3d473b3d4"},"breadcrumb":{"@id":"https:\/\/exaudi.org\/es\/celebrar-la-vida-el-valor-del-nacimiento-en-tiempos-de-baja-natalidad\/#breadcrumb"},"inLanguage":"es","potentialAction":[{"@type":"ReadAction","target":["https:\/\/exaudi.org\/es\/celebrar-la-vida-el-valor-del-nacimiento-en-tiempos-de-baja-natalidad\/"]}]},{"@type":"ImageObject","inLanguage":"es","@id":"https:\/\/exaudi.org\/es\/celebrar-la-vida-el-valor-del-nacimiento-en-tiempos-de-baja-natalidad\/#primaryimage","url":"https:\/\/exaudi.org\/wp-content\/uploads\/2025\/09\/pexels-kelvinocta16-1973270-scaled.jpg","contentUrl":"https:\/\/exaudi.org\/wp-content\/uploads\/2025\/09\/pexels-kelvinocta16-1973270-scaled.jpg","width":2560,"height":1707},{"@type":"BreadcrumbList","@id":"https:\/\/exaudi.org\/es\/celebrar-la-vida-el-valor-del-nacimiento-en-tiempos-de-baja-natalidad\/#breadcrumb","itemListElement":[{"@type":"ListItem","position":1,"name":"Portada","item":"https:\/\/exaudi.org\/es\/"},{"@type":"ListItem","position":2,"name":"Celebrar la vida: el valor del nacimiento en tiempos de baja natalidad"}]},{"@type":"WebSite","@id":"https:\/\/exaudi.org\/#website","url":"https:\/\/exaudi.org\/","name":"Exaudi","description":"News","potentialAction":[{"@type":"SearchAction","target":{"@type":"EntryPoint","urlTemplate":"https:\/\/exaudi.org\/?s={search_term_string}"},"query-input":{"@type":"PropertyValueSpecification","valueRequired":true,"valueName":"search_term_string"}}],"inLanguage":"es"},{"@type":"Person","@id":"https:\/\/exaudi.org\/#\/schema\/person\/b4f60770b050db60868378f3d473b3d4","name":"Laetare","image":{"@type":"ImageObject","inLanguage":"es","@id":"https:\/\/secure.gravatar.com\/avatar\/239ae5fc763d8bf7c26706d150679faa0bec9e2d51089775f40e9decb4806f15?s=96&d=mm&r=g","url":"https:\/\/secure.gravatar.com\/avatar\/239ae5fc763d8bf7c26706d150679faa0bec9e2d51089775f40e9decb4806f15?s=96&d=mm&r=g","contentUrl":"https:\/\/secure.gravatar.com\/avatar\/239ae5fc763d8bf7c26706d150679faa0bec9e2d51089775f40e9decb4806f15?s=96&d=mm&r=g","caption":"Laetare"},"description":"Laetare es una asociaci\u00f3n fundada por Gabriel N\u00fa\u00f1ez, nacida en Sevilla con el prop\u00f3sito de defender y promover el desarrollo integral de la familia cristiana. Su actividad se organiza en cuatro ejes fundamentales: sensibilizar, orar, formar y servir. La asociaci\u00f3n trabaja en la preservaci\u00f3n de la familia como pilar de la sociedad, ofreciendo formaci\u00f3n especializada, retiros espirituales y apoyo integral a matrimonios en crisis, con un enfoque basado en la doctrina cat\u00f3lica y la acci\u00f3n comunitaria.","url":"https:\/\/exaudi.org\/es\/author\/laetare\/"}]}},"jetpack_featured_media_url":"https:\/\/exaudi.org\/wp-content\/uploads\/2025\/09\/pexels-kelvinocta16-1973270-scaled.jpg","jetpack_shortlink":"https:\/\/wp.me\/pgKjF2-yG1","_links":{"self":[{"href":"https:\/\/exaudi.org\/es\/wp-json\/wp\/v2\/posts\/133301","targetHints":{"allow":["GET"]}}],"collection":[{"href":"https:\/\/exaudi.org\/es\/wp-json\/wp\/v2\/posts"}],"about":[{"href":"https:\/\/exaudi.org\/es\/wp-json\/wp\/v2\/types\/post"}],"author":[{"embeddable":true,"href":"https:\/\/exaudi.org\/es\/wp-json\/wp\/v2\/users\/154"}],"replies":[{"embeddable":true,"href":"https:\/\/exaudi.org\/es\/wp-json\/wp\/v2\/comments?post=133301"}],"version-history":[{"count":5,"href":"https:\/\/exaudi.org\/es\/wp-json\/wp\/v2\/posts\/133301\/revisions"}],"predecessor-version":[{"id":133455,"href":"https:\/\/exaudi.org\/es\/wp-json\/wp\/v2\/posts\/133301\/revisions\/133455"}],"wp:featuredmedia":[{"embeddable":true,"href":"https:\/\/exaudi.org\/es\/wp-json\/wp\/v2\/media\/133304"}],"wp:attachment":[{"href":"https:\/\/exaudi.org\/es\/wp-json\/wp\/v2\/media?parent=133301"}],"wp:term":[{"taxonomy":"category","embeddable":true,"href":"https:\/\/exaudi.org\/es\/wp-json\/wp\/v2\/categories?post=133301"},{"taxonomy":"post_tag","embeddable":true,"href":"https:\/\/exaudi.org\/es\/wp-json\/wp\/v2\/tags?post=133301"}],"curies":[{"name":"wp","href":"https:\/\/api.w.org\/{rel}","templated":true}]}}