{"id":132972,"date":"2025-09-03T08:00:31","date_gmt":"2025-09-03T06:00:31","guid":{"rendered":"https:\/\/exaudi.org\/?p=132972"},"modified":"2025-09-03T08:07:34","modified_gmt":"2025-09-03T06:07:34","slug":"la-plenitud-mas-grande-es-una-vida-ofrecida-del-todo","status":"publish","type":"post","link":"https:\/\/exaudi.org\/es\/la-plenitud-mas-grande-es-una-vida-ofrecida-del-todo\/","title":{"rendered":"\u00abLa plenitud m\u00e1s grande es una vida ofrecida del todo\u00bb"},"content":{"rendered":"<p>La vocaci\u00f3n y el testimonio de Giovanni, que naci\u00f3 en Reggio Emilia (Italia) el 29 de julio de 1992, muestra c\u00f3mo Dios act\u00faa en lo concreto, sembrando se\u00f1ales, despertando preguntas y abriendo caminos.<\/p>\n<p><iframe title=\"Spotify Embed: \u00abLa plenitud m\u00e1s grande es una vida ofrecida del todo\u00bb\" style=\"border-radius: 12px\" width=\"100%\" height=\"152\" frameborder=\"0\" allowfullscreen allow=\"autoplay; clipboard-write; encrypted-media; fullscreen; picture-in-picture\" loading=\"lazy\" src=\"https:\/\/open.spotify.com\/embed\/episode\/7kMNbkysPIXJ9HyF1X7Aj5?si=C0jub_VUQXqzdBZTjC6GGg&#038;utm_source=oembed\"><\/iframe><\/p>\n<p>Este joven est\u00e1 terminando el Bachillerato en Teolog\u00eda en Roma gracias a una\u00a0<a href=\"https:\/\/fundacioncarf.org\/donar\/\" target=\"_blank\" rel=\"noreferrer noopener\" data-type=\"link\" data-id=\"https:\/\/fundacioncarf.org\/donar\/\">ayuda de la Fundaci\u00f3n CARF<\/a>, que sostiene su formaci\u00f3n y de sus hermanos de la Fraternidad san Carlos Borromeo, comunidad de sacerdotes misioneros nacida en el seno del movimiento Comuni\u00f3n y Liberaci\u00f3n.<\/p>\n<p>A pocos d\u00edas de su ordenaci\u00f3n diaconal, que fue el pasado 21 de junio, nos comparte su camino de vida.<\/p>\n<h3 class=\"wp-block-heading\"><strong>Un adolescente que so\u00f1aba con ser justo<\/strong><\/h3>\n<p>\u00abMe llamo Giovanni Ferrari, nac\u00ed el 29 de julio de 1992 en Reggio Emilia, una peque\u00f1a ciudad entre Mil\u00e1n y Bolonia. Es una tierra de campesinos, gente sencilla y trabajadora, pero tambi\u00e9n acogedora y rica en valores.<\/p>\n<p>Nac\u00ed en una familia cat\u00f3lica, donde la fe me fue transmitida por \u00f3smosis, a trav\u00e9s de los muchos amigos que siempre pasaban por nuestra casa. Adem\u00e1s de una hermana mayor, recibimos el regalo de una hermana adoptiva proveniente de Nigeria, quien enriqueci\u00f3 y ampli\u00f3 los horizontes de nuestra familia.<\/p>\n<p>De ni\u00f1o me encantaba jugar al f\u00fatbol, pero pronto tuve que aceptar que nunca llegar\u00eda a ser futbolista profesional. A cambio, me iba bien en la escuela, y durante los a\u00f1os de Bachillerato naci\u00f3 en m\u00ed el deseo de ser juez alg\u00fan d\u00eda. Me atra\u00eda la idea de entregar mi vida por un ideal de justicia, ideal que con frecuencia ve\u00eda frustrado por la realidad. Las muchas situaciones de injusticia me tocaban profundamente, y la profesi\u00f3n de juez me parec\u00eda una manera concreta de responder a ello.<\/p>\n<p>Durante el Bachillerato surgieron las primeras amistades importantes, primero en la parroquia y luego en una organizaci\u00f3n que recaudaba fondos para misiones en Am\u00e9rica Latina, donde en el tiempo libre hac\u00edamos trabajos manuales.<\/p>\n<p>Poco a poco comprend\u00ed que las amistades que val\u00eda la pena cultivar eran aquellas con las que compart\u00eda un ideal por el que val\u00eda la pena entregarse. En esos a\u00f1os, decid\u00ed dejar el f\u00fatbol para dedicarme m\u00e1s al voluntariado\u00bb.<\/p>\n<p><img loading=\"lazy\" decoding=\"async\" class=\"size-full wp-image-132978 alignnone\" src=\"https:\/\/exaudi.org\/wp-content\/uploads\/2025\/09\/FotoOrdinazione2025-12-dimensioni-grandi.png\" alt=\"\" width=\"800\" height=\"533\" srcset=\"https:\/\/exaudi.org\/wp-content\/uploads\/2025\/09\/FotoOrdinazione2025-12-dimensioni-grandi.png 800w, https:\/\/exaudi.org\/wp-content\/uploads\/2025\/09\/FotoOrdinazione2025-12-dimensioni-grandi-300x200.png 300w, https:\/\/exaudi.org\/wp-content\/uploads\/2025\/09\/FotoOrdinazione2025-12-dimensioni-grandi-770x513.png 770w, https:\/\/exaudi.org\/wp-content\/uploads\/2025\/09\/FotoOrdinazione2025-12-dimensioni-grandi-360x240.png?crop=1 360w, https:\/\/exaudi.org\/wp-content\/uploads\/2025\/09\/FotoOrdinazione2025-12-dimensioni-grandi-500x333.png 500w\" sizes=\"auto, (max-width: 800px) 100vw, 800px\" \/><\/p>\n<h3 class=\"wp-block-heading\"><strong>La inspiraci\u00f3n misionera de Daniele Badiali<\/strong><\/h3>\n<p><strong>El ejemplo del padre\u00a0<a href=\"https:\/\/es.wikipedia.org\/wiki\/Daniel_Badiali\" target=\"_blank\" rel=\"noreferrer noopener\" data-type=\"link\" data-id=\"https:\/\/es.wikipedia.org\/wiki\/Daniel_Badiali\">Daniele Badiali<\/a><\/strong>, un sacerdote misionero italiano asesinado en Per\u00fa en 1997, tras ofrecerse como reh\u00e9n en lugar de una misionera. El padre Badiali sirvi\u00f3 con sencillez y entrega entre los pobres de la di\u00f3cesis de Huari. Es considerado un m\u00e1rtir por su testimonio de fe y amor radical<strong>.<\/strong><\/p>\n<p>\u00abEn la adolescencia conoc\u00ed su historia. Cuanto m\u00e1s le\u00eda sus cartas, m\u00e1s deseaba vivir una vida intensa y totalmente entregada como la suya. M\u00e1s que una vida truncada, me parec\u00eda una vida cumplida.<\/p>\n<p>La vida sigui\u00f3 su curso y decid\u00ed inscribirme en Derecho para alcanzar mi sue\u00f1o de ser juez. En los primeros a\u00f1os de universidad conoc\u00ed la historia de otro sacerdote que me conmovi\u00f3 profundamente: el padre\u00a0<strong>Anton Luli<\/strong>, un jesuita alban\u00e9s que pas\u00f3 gran parte de su vida en prisi\u00f3n y trabajos forzados bajo el r\u00e9gimen comunista.<\/p>\n<p>Terminaba su testimonio diciendo que lo m\u00e1s valioso de su vida hab\u00eda sido su fidelidad a Cristo. Yo, que lo ten\u00eda todo, no lograba ser tan libre y feliz como ese hombre que lo hab\u00eda perdido todo por amor a una persona\u00bb.<\/p>\n<h3 class=\"wp-block-heading\"><strong>Misi\u00f3n en Brasil y primera llamada<\/strong><\/h3>\n<p>\u00abFue entonces cuando decid\u00ed pasar cuatro meses en Brasil, en una misi\u00f3n diocesana, para ver si esa posibilidad de entregarme as\u00ed era para m\u00ed o no. Durante esos meses, en una peregrinaci\u00f3n a un santuario mariano, sent\u00ed una fuerte intuici\u00f3n de dejarlo todo y entrar en los jesuitas, pero esa convicci\u00f3n dur\u00f3 solo tres d\u00edas. Al regresar de Brasil, retom\u00e9 la universidad como si nada hubiera pasado.<\/p>\n<p>Poco despu\u00e9s, conoc\u00ed a unos nuevos sacerdotes que acababan de llegar a mi ciudad. Eran j\u00f3venes, viv\u00edan juntos, eran amigos e inteligentes, y era un gusto estar con ellos. Pertenec\u00edan a la\u00a0<strong>Fraternidad san Carlos<\/strong>, una comunidad de sacerdotes misioneros\u00a0<strong>vinculada al carisma de Comuni\u00f3n y Liberaci\u00f3n,<\/strong>\u00a0el movimiento fundado por don\u00a0<a href=\"https:\/\/www.clonline.org\/es\/luigi-giussani\" target=\"_blank\" rel=\"noreferrer noopener\" data-type=\"link\" data-id=\"https:\/\/www.clonline.org\/es\/luigi-giussani\">Luigi Giussani<\/a>.<\/p>\n<p>Gracias a la invitaci\u00f3n de un amigo a un aperitivo con estos sacerdotes, naci\u00f3 una amistad que poco a poco se volvi\u00f3 totalizante. Iba a su casa a cenar, estudiar, jugar, ver pel\u00edculas&#8230; mi vida, como la de muchos amigos, giraba en torno a esa casa de sacerdotes.<\/p>\n<p>Sent\u00eda que el Se\u00f1or, a trav\u00e9s de ese encuentro, estaba respondiendo a todos los deseos de entregarme a \u00c9l que hab\u00eda experimentado a\u00f1os atr\u00e1s. \u00ab\u00bfPor qu\u00e9 me siento tan en casa con ellos?\u00bb, era la pregunta que ten\u00eda dentro, pero a\u00fan no me atrev\u00eda a formularla\u00bb.<\/p>\n<p><img loading=\"lazy\" decoding=\"async\" class=\"size-full wp-image-132984 alignnone\" src=\"https:\/\/exaudi.org\/wp-content\/uploads\/2025\/09\/IMG-20200925-WA0000.png\" alt=\"\" width=\"640\" height=\"427\" srcset=\"https:\/\/exaudi.org\/wp-content\/uploads\/2025\/09\/IMG-20200925-WA0000.png 640w, https:\/\/exaudi.org\/wp-content\/uploads\/2025\/09\/IMG-20200925-WA0000-300x200.png 300w, https:\/\/exaudi.org\/wp-content\/uploads\/2025\/09\/IMG-20200925-WA0000-360x240.png?crop=1 360w, https:\/\/exaudi.org\/wp-content\/uploads\/2025\/09\/IMG-20200925-WA0000-500x334.png 500w\" sizes=\"auto, (max-width: 640px) 100vw, 640px\" \/><\/p>\n<h3 class=\"wp-block-heading\"><strong>La muerte de un amigo y la pregunta decisiva<\/strong><\/h3>\n<p>\u00abEl momento decisivo lleg\u00f3 cuando un querido amigo m\u00edo muri\u00f3 a los 24 a\u00f1os, tras un a\u00f1o y medio de enfermedad. Se llamaba Cristian y vivi\u00f3 su enfermedad con santidad.<\/p>\n<p>Uno de estos sacerdotes, poco antes de que muriera, dijo en una homil\u00eda que, a trav\u00e9s de la vida de Cristian, Dios estaba preguntando a cada uno: \u00ab\u00bfQuieres darme tu vida? \u00bfQuieres d\u00e1rmela para el mundo entero? Cada uno, en su coraz\u00f3n, debe preparar su respuesta\u00bb. Yo ya sab\u00eda cu\u00e1l era mi respuesta, pero a\u00fan necesitaba tiempo\u00bb.<\/p>\n<h3 class=\"wp-block-heading\"><strong>\u00daltima etapa en Derecho y decisi\u00f3n final<\/strong><\/h3>\n<p>\u00abDespu\u00e9s de graduarme, trabaj\u00e9 un par de a\u00f1os en un estudio jur\u00eddico en Mil\u00e1n e hice la escuela de especializaci\u00f3n para las profesiones legales, que me habilitaba para el concurso de magistratura.<\/p>\n<p>Pero cuando ya estaba todo listo para presentarme, entend\u00ed que hab\u00eda llegado el momento de dar un paso importante: entrar en el seminario. Comprend\u00ed el deseo de renunciar al sue\u00f1o de una carrera y de formar una familia, por la esperanza de una vida plena en la virtud de la castidad, el sacerdocio, la vida com\u00fan y la misi\u00f3n.<\/p>\n<p>Como escribi\u00f3 Von Balthasar, era demasiado fuerte la intuici\u00f3n de que \u201c<strong>dej\u00e1ndolo todo, finalmente lo ganar\u00eda todo<\/strong>\u201d\u00bb.<\/p>\n<p><img loading=\"lazy\" decoding=\"async\" class=\"size-full wp-image-132981 alignnone\" src=\"https:\/\/exaudi.org\/wp-content\/uploads\/2025\/09\/FotoOrdinazione2025-29-dimensioni-grandi.png\" alt=\"\" width=\"800\" height=\"533\" srcset=\"https:\/\/exaudi.org\/wp-content\/uploads\/2025\/09\/FotoOrdinazione2025-29-dimensioni-grandi.png 800w, https:\/\/exaudi.org\/wp-content\/uploads\/2025\/09\/FotoOrdinazione2025-29-dimensioni-grandi-300x200.png 300w, https:\/\/exaudi.org\/wp-content\/uploads\/2025\/09\/FotoOrdinazione2025-29-dimensioni-grandi-770x513.png 770w, https:\/\/exaudi.org\/wp-content\/uploads\/2025\/09\/FotoOrdinazione2025-29-dimensioni-grandi-360x240.png?crop=1 360w, https:\/\/exaudi.org\/wp-content\/uploads\/2025\/09\/FotoOrdinazione2025-29-dimensioni-grandi-500x333.png 500w\" sizes=\"auto, (max-width: 800px) 100vw, 800px\" \/><\/p>\n<h3 class=\"wp-block-heading\"><strong>Entrada al seminario y vocaci\u00f3n misionera<\/strong><\/h3>\n<p>\u00abAs\u00ed fue como decid\u00ed entrar en el\u00a0<a href=\"https:\/\/sancarlo.org\/es\/\" target=\"_blank\" rel=\"noreferrer noopener\" data-type=\"link\" data-id=\"https:\/\/sancarlo.org\/es\/\">seminario de la Fraternidad san Carlos Borromeo<\/a>\u00a0en 2018. El pasado 21 de junio fui ordenado di\u00e1cono y pronto partir\u00e9 en misi\u00f3n.<\/p>\n<p>Hoy solo puedo decir que Dios me ha dado mucho m\u00e1s de lo que jam\u00e1s hubiera imaginado, ante todo una plenitud de sentido para mi vida.<\/p>\n<p>Deseo agradecer a la Fundaci\u00f3n CARF y a todos los benefactores que colaboran con ella por la valiosa ayuda recibida durante estos a\u00f1os de estudio y por las oraciones.<\/p>\n<p>Estos a\u00f1os en la\u00a0<a href=\"https:\/\/es.pusc.it\/\" target=\"_blank\" rel=\"noreferrer noopener\" data-type=\"link\" data-id=\"https:\/\/es.pusc.it\/\">Universidad Pontificia de la Santa Cruz<\/a>\u00a0han sido muy formativos. He podido apreciar la universalidad de la Iglesia conociendo a j\u00f3venes de todo el mundo, y recibir una excelente formaci\u00f3n teol\u00f3gica.<\/p>\n<p>Por todo esto, les estoy profundamente agradecido por la ayuda y por el hermoso servicio que prestan en favor de toda la Iglesia\u00bb.<\/p>\n<p><img loading=\"lazy\" decoding=\"async\" class=\"size-full wp-image-132993 alignnone\" src=\"https:\/\/exaudi.org\/wp-content\/uploads\/2025\/09\/voces-2.jpg\" alt=\"\" width=\"940\" height=\"788\" srcset=\"https:\/\/exaudi.org\/wp-content\/uploads\/2025\/09\/voces-2.jpg 940w, https:\/\/exaudi.org\/wp-content\/uploads\/2025\/09\/voces-2-300x251.jpg 300w, https:\/\/exaudi.org\/wp-content\/uploads\/2025\/09\/voces-2-770x645.jpg 770w, https:\/\/exaudi.org\/wp-content\/uploads\/2025\/09\/voces-2-500x419.jpg 500w\" sizes=\"auto, (max-width: 940px) 100vw, 940px\" \/><\/p>\n","protected":false},"excerpt":{"rendered":"<p>La historia de Giovanni Ferrari es el relato de una vocaci\u00f3n nacida en el coraz\u00f3n de la vida ordinaria, entre amistades, estudios de Derecho, ideales de justicia y encuentros providenciales<\/p>\n","protected":false},"author":119,"featured_media":132987,"comment_status":"closed","ping_status":"closed","sticky":false,"template":"","format":"standard","meta":{"_acf_changed":false,"_crdt_document":"","inline_featured_image":false,"footnotes":""},"categories":[98],"tags":[50088,3739,26460,70876,70869,9879,70868,70878,70879,43045,70867,70875,70873,70871,58802,33611,70874,70872,70880,1603,1926,41387,70870,23044,850,58880,11517,14212,70877,61731,7440,4663],"class_list":["post-132972","post","type-post","status-publish","format-standard","has-post-thumbnail","hentry","category-testimonios","tag-camino-vocacional","tag-comunion-y-liberacion","tag-entrega-a-cristo","tag-formacion-en-teologia","tag-fraternidad-san-carlos-borromeo","tag-fundacion-carf","tag-giovanni-ferrari","tag-historia-de-vocacion","tag-ideal-de-justicia","tag-juventud-y-vocacion","tag-la-plenitud-mas-grande-es-una-vida-ofrecida-del-todo","tag-llamado-al-sacerdocio","tag-martir-misionero","tag-mision-en-brasil","tag-mision-en-peru","tag-ordenacion-diaconal","tag-padre-anton-luli","tag-padre-daniele-badiali","tag-reggio-emilia-2","tag-sacerdocio","tag-sacerdote","tag-sacerdotes-misioneros","tag-seminarista-en-roma","tag-testimonio-cristiano","tag-testimonio-de-fe","tag-trending-es-151","tag-universidad-pontificia-de-la-santa-cruz","tag-vida-cristiana","tag-vida-ofrecida-a-dios","tag-vida-plena-en-dios","tag-vocacion","tag-vocacion-sacerdotal"],"acf":[],"yoast_head":"<!-- This site is optimized with the Yoast SEO plugin v27.5 - https:\/\/yoast.com\/product\/yoast-seo-wordpress\/ -->\n<title>&quot;La plenitud m\u00e1s grande es una vida ofrecida del todo&quot; &#8211; Exaudi<\/title>\n<meta name=\"robots\" content=\"index, follow, max-snippet:-1, max-image-preview:large, max-video-preview:-1\" \/>\n<link rel=\"canonical\" href=\"https:\/\/exaudi.org\/es\/la-plenitud-mas-grande-es-una-vida-ofrecida-del-todo\/\" \/>\n<meta property=\"og:locale\" content=\"es_ES\" \/>\n<meta property=\"og:type\" content=\"article\" \/>\n<meta property=\"og:title\" content=\"&quot;La plenitud m\u00e1s grande es una vida ofrecida del todo&quot; &#8211; Exaudi\" \/>\n<meta property=\"og:description\" content=\"La historia de Giovanni Ferrari es el relato de una vocaci\u00f3n nacida en el coraz\u00f3n de la vida ordinaria, entre amistades, estudios de Derecho, ideales de justicia y encuentros providenciales\" \/>\n<meta property=\"og:url\" content=\"https:\/\/exaudi.org\/es\/la-plenitud-mas-grande-es-una-vida-ofrecida-del-todo\/\" \/>\n<meta property=\"og:site_name\" content=\"Exaudi\" \/>\n<meta property=\"article:publisher\" content=\"https:\/\/www.facebook.com\/ExaudiNews\" \/>\n<meta property=\"article:author\" content=\"https:\/\/www.facebook.com\/fundacioncarf\/\" \/>\n<meta property=\"article:published_time\" content=\"2025-09-03T06:00:31+00:00\" \/>\n<meta property=\"article:modified_time\" content=\"2025-09-03T06:07:34+00:00\" \/>\n<meta property=\"og:image\" content=\"https:\/\/exaudi.org\/wp-content\/uploads\/2025\/09\/IMG-20240305-WA0016.png\" \/>\n\t<meta property=\"og:image:width\" content=\"640\" \/>\n\t<meta property=\"og:image:height\" content=\"426\" \/>\n\t<meta property=\"og:image:type\" content=\"image\/png\" \/>\n<meta name=\"author\" content=\"Fundaci\u00f3n CARF\" \/>\n<meta name=\"twitter:card\" content=\"summary_large_image\" \/>\n<meta name=\"twitter:creator\" content=\"@https:\/\/x.com\/fundacioncarf\" \/>\n<meta name=\"twitter:site\" content=\"@Exaudi_News\" \/>\n<meta name=\"twitter:label1\" content=\"Escrito por\" \/>\n\t<meta name=\"twitter:data1\" content=\"Fundaci\u00f3n CARF\" \/>\n\t<meta name=\"twitter:label2\" content=\"Tiempo de lectura\" \/>\n\t<meta name=\"twitter:data2\" content=\"6 minutos\" \/>\n<script type=\"application\/ld+json\" class=\"yoast-schema-graph\">{\"@context\":\"https:\\\/\\\/schema.org\",\"@graph\":[{\"@type\":\"Article\",\"@id\":\"https:\\\/\\\/exaudi.org\\\/es\\\/la-plenitud-mas-grande-es-una-vida-ofrecida-del-todo\\\/#article\",\"isPartOf\":{\"@id\":\"https:\\\/\\\/exaudi.org\\\/es\\\/la-plenitud-mas-grande-es-una-vida-ofrecida-del-todo\\\/\"},\"author\":{\"name\":\"Fundaci\u00f3n CARF\",\"@id\":\"https:\\\/\\\/exaudi.org\\\/#\\\/schema\\\/person\\\/fab8261a088ccf38cb54b3c50baa7baf\"},\"headline\":\"\u00abLa plenitud m\u00e1s grande es una vida ofrecida del todo\u00bb\",\"datePublished\":\"2025-09-03T06:00:31+00:00\",\"dateModified\":\"2025-09-03T06:07:34+00:00\",\"mainEntityOfPage\":{\"@id\":\"https:\\\/\\\/exaudi.org\\\/es\\\/la-plenitud-mas-grande-es-una-vida-ofrecida-del-todo\\\/\"},\"wordCount\":1247,\"image\":{\"@id\":\"https:\\\/\\\/exaudi.org\\\/es\\\/la-plenitud-mas-grande-es-una-vida-ofrecida-del-todo\\\/#primaryimage\"},\"thumbnailUrl\":\"https:\\\/\\\/exaudi.org\\\/wp-content\\\/uploads\\\/2025\\\/09\\\/IMG-20240305-WA0016.png\",\"keywords\":[\"camino vocacional\",\"Comuni\u00f3n y Liberaci\u00f3n\",\"entrega a Cristo\",\"formaci\u00f3n en teolog\u00eda\",\"Fraternidad san Carlos Borromeo\",\"Fundaci\u00f3n CARF\",\"Giovanni Ferrari\",\"historia de vocaci\u00f3n\",\"ideal de justicia\",\"juventud y vocaci\u00f3n\",\"La plenitud m\u00e1s grande es una vida ofrecida del todo\",\"llamado al sacerdocio\",\"m\u00e1rtir misionero\",\"misi\u00f3n en Brasil\",\"misi\u00f3n en per\u00fa\",\"ordenaci\u00f3n diaconal\",\"padre Anton Luli\",\"padre Daniele Badiali\",\"Reggio Emilia\",\"Sacerdocio\",\"Sacerdote\",\"sacerdotes misioneros\",\"seminarista en Roma\",\"testimonio cristiano\",\"Testimonio de fe\",\"Trending\",\"Universidad Pontificia de la Santa Cruz.\",\"vida cristiana\",\"vida ofrecida a Dios\",\"vida plena en Dios\",\"Vocaci\u00f3n\",\"Vocaci\u00f3n sacerdotal\"],\"articleSection\":[\"Testimonios\"],\"inLanguage\":\"es\"},{\"@type\":\"WebPage\",\"@id\":\"https:\\\/\\\/exaudi.org\\\/es\\\/la-plenitud-mas-grande-es-una-vida-ofrecida-del-todo\\\/\",\"url\":\"https:\\\/\\\/exaudi.org\\\/es\\\/la-plenitud-mas-grande-es-una-vida-ofrecida-del-todo\\\/\",\"name\":\"\\\"La plenitud m\u00e1s grande es una vida ofrecida del todo\\\" &#8211; Exaudi\",\"isPartOf\":{\"@id\":\"https:\\\/\\\/exaudi.org\\\/#website\"},\"primaryImageOfPage\":{\"@id\":\"https:\\\/\\\/exaudi.org\\\/es\\\/la-plenitud-mas-grande-es-una-vida-ofrecida-del-todo\\\/#primaryimage\"},\"image\":{\"@id\":\"https:\\\/\\\/exaudi.org\\\/es\\\/la-plenitud-mas-grande-es-una-vida-ofrecida-del-todo\\\/#primaryimage\"},\"thumbnailUrl\":\"https:\\\/\\\/exaudi.org\\\/wp-content\\\/uploads\\\/2025\\\/09\\\/IMG-20240305-WA0016.png\",\"datePublished\":\"2025-09-03T06:00:31+00:00\",\"dateModified\":\"2025-09-03T06:07:34+00:00\",\"author\":{\"@id\":\"https:\\\/\\\/exaudi.org\\\/#\\\/schema\\\/person\\\/fab8261a088ccf38cb54b3c50baa7baf\"},\"breadcrumb\":{\"@id\":\"https:\\\/\\\/exaudi.org\\\/es\\\/la-plenitud-mas-grande-es-una-vida-ofrecida-del-todo\\\/#breadcrumb\"},\"inLanguage\":\"es\",\"potentialAction\":[{\"@type\":\"ReadAction\",\"target\":[\"https:\\\/\\\/exaudi.org\\\/es\\\/la-plenitud-mas-grande-es-una-vida-ofrecida-del-todo\\\/\"]}]},{\"@type\":\"ImageObject\",\"inLanguage\":\"es\",\"@id\":\"https:\\\/\\\/exaudi.org\\\/es\\\/la-plenitud-mas-grande-es-una-vida-ofrecida-del-todo\\\/#primaryimage\",\"url\":\"https:\\\/\\\/exaudi.org\\\/wp-content\\\/uploads\\\/2025\\\/09\\\/IMG-20240305-WA0016.png\",\"contentUrl\":\"https:\\\/\\\/exaudi.org\\\/wp-content\\\/uploads\\\/2025\\\/09\\\/IMG-20240305-WA0016.png\",\"width\":640,\"height\":426},{\"@type\":\"BreadcrumbList\",\"@id\":\"https:\\\/\\\/exaudi.org\\\/es\\\/la-plenitud-mas-grande-es-una-vida-ofrecida-del-todo\\\/#breadcrumb\",\"itemListElement\":[{\"@type\":\"ListItem\",\"position\":1,\"name\":\"Portada\",\"item\":\"https:\\\/\\\/exaudi.org\\\/es\\\/\"},{\"@type\":\"ListItem\",\"position\":2,\"name\":\"\u00abLa plenitud m\u00e1s grande es una vida ofrecida del todo\u00bb\"}]},{\"@type\":\"WebSite\",\"@id\":\"https:\\\/\\\/exaudi.org\\\/#website\",\"url\":\"https:\\\/\\\/exaudi.org\\\/\",\"name\":\"Exaudi\",\"description\":\"News\",\"potentialAction\":[{\"@type\":\"SearchAction\",\"target\":{\"@type\":\"EntryPoint\",\"urlTemplate\":\"https:\\\/\\\/exaudi.org\\\/?s={search_term_string}\"},\"query-input\":{\"@type\":\"PropertyValueSpecification\",\"valueRequired\":true,\"valueName\":\"search_term_string\"}}],\"inLanguage\":\"es\"},{\"@type\":\"Person\",\"@id\":\"https:\\\/\\\/exaudi.org\\\/#\\\/schema\\\/person\\\/fab8261a088ccf38cb54b3c50baa7baf\",\"name\":\"Fundaci\u00f3n CARF\",\"image\":{\"@type\":\"ImageObject\",\"inLanguage\":\"es\",\"@id\":\"https:\\\/\\\/secure.gravatar.com\\\/avatar\\\/ab292d3529973c0d1cf4cda9208c6a8a7ee52923f0a291c39104715fa46aae4b?s=96&d=mm&r=g\",\"url\":\"https:\\\/\\\/secure.gravatar.com\\\/avatar\\\/ab292d3529973c0d1cf4cda9208c6a8a7ee52923f0a291c39104715fa46aae4b?s=96&d=mm&r=g\",\"contentUrl\":\"https:\\\/\\\/secure.gravatar.com\\\/avatar\\\/ab292d3529973c0d1cf4cda9208c6a8a7ee52923f0a291c39104715fa46aae4b?s=96&d=mm&r=g\",\"caption\":\"Fundaci\u00f3n CARF\"},\"description\":\"Trabajamos para llevar la sonrisa de Dios a todos los rincones del mundo a trav\u00e9s de los sacerdotes y ayudando a su formaci\u00f3n. Gracias a nuestros benefactores, ayudamos a la formaci\u00f3n de los sacerdotes, difundimos su buen nombre y rezamos por su fidelidad y las vocaciones. Trabajamos para servir a la Iglesia y que ninguna vocaci\u00f3n se pierda y luego ellos puedan transmitir en su labor pastoral toda la luz, ciencia y doctrina recibida. Acad\u00e9mico Las licenciaturas, programas de especializacio\u0301n o doctorados, otorgan a cada candidato una formaci\u00f3n espec\u00edfica en Teologi\u0301a, Filosofi\u0301a, Derecho Cano\u0301nico o Comunicacio\u0301n Social Institucional. Espiritual Los seminaristas y sacerdotes complementan su formacio\u0301n acade\u0301mica y humana con la espiritual, ya que deben estar preparados para seguir su vocaci\u00f3n y prestar su cuerpo y su espi\u0301ritu al Sen\u0303or. Humano A trave\u0301s del ambiente de familia y de preparaci\u00f3n, se consigue el desarrollo de actitudes, capacidades y valores que impactan en el crecimiento personal y social de los sacerdotes.\",\"sameAs\":[\"https:\\\/\\\/fundacioncarf.org\\\/\",\"https:\\\/\\\/www.facebook.com\\\/fundacioncarf\\\/\",\"https:\\\/\\\/www.instagram.com\\\/fundacioncarf\\\/\",\"https:\\\/\\\/www.linkedin.com\\\/company\\\/fundacioncarf\\\/posts\\\/?feedView=all\",\"https:\\\/\\\/x.com\\\/https:\\\/\\\/x.com\\\/fundacioncarf\",\"https:\\\/\\\/www.youtube.com\\\/c\\\/fundacioncarf\"],\"url\":\"https:\\\/\\\/exaudi.org\\\/es\\\/author\\\/carf\\\/\"}]}<\/script>\n<!-- \/ Yoast SEO plugin. -->","yoast_head_json":{"title":"\"La plenitud m\u00e1s grande es una vida ofrecida del todo\" &#8211; Exaudi","robots":{"index":"index","follow":"follow","max-snippet":"max-snippet:-1","max-image-preview":"max-image-preview:large","max-video-preview":"max-video-preview:-1"},"canonical":"https:\/\/exaudi.org\/es\/la-plenitud-mas-grande-es-una-vida-ofrecida-del-todo\/","og_locale":"es_ES","og_type":"article","og_title":"\"La plenitud m\u00e1s grande es una vida ofrecida del todo\" &#8211; Exaudi","og_description":"La historia de Giovanni Ferrari es el relato de una vocaci\u00f3n nacida en el coraz\u00f3n de la vida ordinaria, entre amistades, estudios de Derecho, ideales de justicia y encuentros providenciales","og_url":"https:\/\/exaudi.org\/es\/la-plenitud-mas-grande-es-una-vida-ofrecida-del-todo\/","og_site_name":"Exaudi","article_publisher":"https:\/\/www.facebook.com\/ExaudiNews","article_author":"https:\/\/www.facebook.com\/fundacioncarf\/","article_published_time":"2025-09-03T06:00:31+00:00","article_modified_time":"2025-09-03T06:07:34+00:00","og_image":[{"width":640,"height":426,"url":"https:\/\/exaudi.org\/wp-content\/uploads\/2025\/09\/IMG-20240305-WA0016.png","type":"image\/png"}],"author":"Fundaci\u00f3n CARF","twitter_card":"summary_large_image","twitter_creator":"@https:\/\/x.com\/fundacioncarf","twitter_site":"@Exaudi_News","twitter_misc":{"Escrito por":"Fundaci\u00f3n CARF","Tiempo de lectura":"6 minutos"},"schema":{"@context":"https:\/\/schema.org","@graph":[{"@type":"Article","@id":"https:\/\/exaudi.org\/es\/la-plenitud-mas-grande-es-una-vida-ofrecida-del-todo\/#article","isPartOf":{"@id":"https:\/\/exaudi.org\/es\/la-plenitud-mas-grande-es-una-vida-ofrecida-del-todo\/"},"author":{"name":"Fundaci\u00f3n CARF","@id":"https:\/\/exaudi.org\/#\/schema\/person\/fab8261a088ccf38cb54b3c50baa7baf"},"headline":"\u00abLa plenitud m\u00e1s grande es una vida ofrecida del todo\u00bb","datePublished":"2025-09-03T06:00:31+00:00","dateModified":"2025-09-03T06:07:34+00:00","mainEntityOfPage":{"@id":"https:\/\/exaudi.org\/es\/la-plenitud-mas-grande-es-una-vida-ofrecida-del-todo\/"},"wordCount":1247,"image":{"@id":"https:\/\/exaudi.org\/es\/la-plenitud-mas-grande-es-una-vida-ofrecida-del-todo\/#primaryimage"},"thumbnailUrl":"https:\/\/exaudi.org\/wp-content\/uploads\/2025\/09\/IMG-20240305-WA0016.png","keywords":["camino vocacional","Comuni\u00f3n y Liberaci\u00f3n","entrega a Cristo","formaci\u00f3n en teolog\u00eda","Fraternidad san Carlos Borromeo","Fundaci\u00f3n CARF","Giovanni Ferrari","historia de vocaci\u00f3n","ideal de justicia","juventud y vocaci\u00f3n","La plenitud m\u00e1s grande es una vida ofrecida del todo","llamado al sacerdocio","m\u00e1rtir misionero","misi\u00f3n en Brasil","misi\u00f3n en per\u00fa","ordenaci\u00f3n diaconal","padre Anton Luli","padre Daniele Badiali","Reggio Emilia","Sacerdocio","Sacerdote","sacerdotes misioneros","seminarista en Roma","testimonio cristiano","Testimonio de fe","Trending","Universidad Pontificia de la Santa Cruz.","vida cristiana","vida ofrecida a Dios","vida plena en Dios","Vocaci\u00f3n","Vocaci\u00f3n sacerdotal"],"articleSection":["Testimonios"],"inLanguage":"es"},{"@type":"WebPage","@id":"https:\/\/exaudi.org\/es\/la-plenitud-mas-grande-es-una-vida-ofrecida-del-todo\/","url":"https:\/\/exaudi.org\/es\/la-plenitud-mas-grande-es-una-vida-ofrecida-del-todo\/","name":"\"La plenitud m\u00e1s grande es una vida ofrecida del todo\" &#8211; Exaudi","isPartOf":{"@id":"https:\/\/exaudi.org\/#website"},"primaryImageOfPage":{"@id":"https:\/\/exaudi.org\/es\/la-plenitud-mas-grande-es-una-vida-ofrecida-del-todo\/#primaryimage"},"image":{"@id":"https:\/\/exaudi.org\/es\/la-plenitud-mas-grande-es-una-vida-ofrecida-del-todo\/#primaryimage"},"thumbnailUrl":"https:\/\/exaudi.org\/wp-content\/uploads\/2025\/09\/IMG-20240305-WA0016.png","datePublished":"2025-09-03T06:00:31+00:00","dateModified":"2025-09-03T06:07:34+00:00","author":{"@id":"https:\/\/exaudi.org\/#\/schema\/person\/fab8261a088ccf38cb54b3c50baa7baf"},"breadcrumb":{"@id":"https:\/\/exaudi.org\/es\/la-plenitud-mas-grande-es-una-vida-ofrecida-del-todo\/#breadcrumb"},"inLanguage":"es","potentialAction":[{"@type":"ReadAction","target":["https:\/\/exaudi.org\/es\/la-plenitud-mas-grande-es-una-vida-ofrecida-del-todo\/"]}]},{"@type":"ImageObject","inLanguage":"es","@id":"https:\/\/exaudi.org\/es\/la-plenitud-mas-grande-es-una-vida-ofrecida-del-todo\/#primaryimage","url":"https:\/\/exaudi.org\/wp-content\/uploads\/2025\/09\/IMG-20240305-WA0016.png","contentUrl":"https:\/\/exaudi.org\/wp-content\/uploads\/2025\/09\/IMG-20240305-WA0016.png","width":640,"height":426},{"@type":"BreadcrumbList","@id":"https:\/\/exaudi.org\/es\/la-plenitud-mas-grande-es-una-vida-ofrecida-del-todo\/#breadcrumb","itemListElement":[{"@type":"ListItem","position":1,"name":"Portada","item":"https:\/\/exaudi.org\/es\/"},{"@type":"ListItem","position":2,"name":"\u00abLa plenitud m\u00e1s grande es una vida ofrecida del todo\u00bb"}]},{"@type":"WebSite","@id":"https:\/\/exaudi.org\/#website","url":"https:\/\/exaudi.org\/","name":"Exaudi","description":"News","potentialAction":[{"@type":"SearchAction","target":{"@type":"EntryPoint","urlTemplate":"https:\/\/exaudi.org\/?s={search_term_string}"},"query-input":{"@type":"PropertyValueSpecification","valueRequired":true,"valueName":"search_term_string"}}],"inLanguage":"es"},{"@type":"Person","@id":"https:\/\/exaudi.org\/#\/schema\/person\/fab8261a088ccf38cb54b3c50baa7baf","name":"Fundaci\u00f3n CARF","image":{"@type":"ImageObject","inLanguage":"es","@id":"https:\/\/secure.gravatar.com\/avatar\/ab292d3529973c0d1cf4cda9208c6a8a7ee52923f0a291c39104715fa46aae4b?s=96&d=mm&r=g","url":"https:\/\/secure.gravatar.com\/avatar\/ab292d3529973c0d1cf4cda9208c6a8a7ee52923f0a291c39104715fa46aae4b?s=96&d=mm&r=g","contentUrl":"https:\/\/secure.gravatar.com\/avatar\/ab292d3529973c0d1cf4cda9208c6a8a7ee52923f0a291c39104715fa46aae4b?s=96&d=mm&r=g","caption":"Fundaci\u00f3n CARF"},"description":"Trabajamos para llevar la sonrisa de Dios a todos los rincones del mundo a trav\u00e9s de los sacerdotes y ayudando a su formaci\u00f3n. Gracias a nuestros benefactores, ayudamos a la formaci\u00f3n de los sacerdotes, difundimos su buen nombre y rezamos por su fidelidad y las vocaciones. Trabajamos para servir a la Iglesia y que ninguna vocaci\u00f3n se pierda y luego ellos puedan transmitir en su labor pastoral toda la luz, ciencia y doctrina recibida. Acad\u00e9mico Las licenciaturas, programas de especializacio\u0301n o doctorados, otorgan a cada candidato una formaci\u00f3n espec\u00edfica en Teologi\u0301a, Filosofi\u0301a, Derecho Cano\u0301nico o Comunicacio\u0301n Social Institucional. Espiritual Los seminaristas y sacerdotes complementan su formacio\u0301n acade\u0301mica y humana con la espiritual, ya que deben estar preparados para seguir su vocaci\u00f3n y prestar su cuerpo y su espi\u0301ritu al Sen\u0303or. Humano A trave\u0301s del ambiente de familia y de preparaci\u00f3n, se consigue el desarrollo de actitudes, capacidades y valores que impactan en el crecimiento personal y social de los sacerdotes.","sameAs":["https:\/\/fundacioncarf.org\/","https:\/\/www.facebook.com\/fundacioncarf\/","https:\/\/www.instagram.com\/fundacioncarf\/","https:\/\/www.linkedin.com\/company\/fundacioncarf\/posts\/?feedView=all","https:\/\/x.com\/https:\/\/x.com\/fundacioncarf","https:\/\/www.youtube.com\/c\/fundacioncarf"],"url":"https:\/\/exaudi.org\/es\/author\/carf\/"}]}},"jetpack_featured_media_url":"https:\/\/exaudi.org\/wp-content\/uploads\/2025\/09\/IMG-20240305-WA0016.png","jetpack_shortlink":"https:\/\/wp.me\/pgKjF2-yAI","_links":{"self":[{"href":"https:\/\/exaudi.org\/es\/wp-json\/wp\/v2\/posts\/132972","targetHints":{"allow":["GET"]}}],"collection":[{"href":"https:\/\/exaudi.org\/es\/wp-json\/wp\/v2\/posts"}],"about":[{"href":"https:\/\/exaudi.org\/es\/wp-json\/wp\/v2\/types\/post"}],"author":[{"embeddable":true,"href":"https:\/\/exaudi.org\/es\/wp-json\/wp\/v2\/users\/119"}],"replies":[{"embeddable":true,"href":"https:\/\/exaudi.org\/es\/wp-json\/wp\/v2\/comments?post=132972"}],"version-history":[{"count":7,"href":"https:\/\/exaudi.org\/es\/wp-json\/wp\/v2\/posts\/132972\/revisions"}],"predecessor-version":[{"id":133165,"href":"https:\/\/exaudi.org\/es\/wp-json\/wp\/v2\/posts\/132972\/revisions\/133165"}],"wp:featuredmedia":[{"embeddable":true,"href":"https:\/\/exaudi.org\/es\/wp-json\/wp\/v2\/media\/132987"}],"wp:attachment":[{"href":"https:\/\/exaudi.org\/es\/wp-json\/wp\/v2\/media?parent=132972"}],"wp:term":[{"taxonomy":"category","embeddable":true,"href":"https:\/\/exaudi.org\/es\/wp-json\/wp\/v2\/categories?post=132972"},{"taxonomy":"post_tag","embeddable":true,"href":"https:\/\/exaudi.org\/es\/wp-json\/wp\/v2\/tags?post=132972"}],"curies":[{"name":"wp","href":"https:\/\/api.w.org\/{rel}","templated":true}]}}