{"id":132060,"date":"2025-08-26T09:28:54","date_gmt":"2025-08-26T07:28:54","guid":{"rendered":"https:\/\/exaudi.org\/?p=132060"},"modified":"2025-08-26T10:08:05","modified_gmt":"2025-08-26T08:08:05","slug":"el-vaticano-y-la-discapacidad-una-apuesta-por-la-dignidad-humana-en-clave-evangelica-y-de-derechos","status":"publish","type":"post","link":"https:\/\/exaudi.org\/es\/el-vaticano-y-la-discapacidad-una-apuesta-por-la-dignidad-humana-en-clave-evangelica-y-de-derechos\/","title":{"rendered":"El Vaticano y la discapacidad: una apuesta por la dignidad humana en clave evang\u00e9lica y de derechos"},"content":{"rendered":"<p>M\u00e1s de 1.300 millones de personas en el mundo viven con alguna discapacidad significativa, lo que representa aproximadamente el 16% de la poblaci\u00f3n global, seg\u00fan datos de la Organizaci\u00f3n Mundial de la Salud. En la mayor\u00eda de los casos, estas personas enfrentan los desaf\u00edos de sociedades que a\u00fan no promueven plenamente sus derechos, ni su desarrollo integral.<\/p>\n<p>Sin embargo, hay un pa\u00eds que ha impulsado una iniciativa verdaderamente destacable: el Vaticano. Este peque\u00f1o Estado, con apenas 882 habitantes \u2014lo que representa un 0,000011\u202f% de la poblaci\u00f3n mundial\u2014, es una de las \u00faltimas monarqu\u00edas vigentes, con una historia milenaria. Actualmente est\u00e1 gobernado por el Papa Le\u00f3n XIV, cuya elecci\u00f3n, a diferencia de las democracias occidentales con mandatos de entre 4 y 6 a\u00f1os, no tiene un l\u00edmite temporal definido.<\/p>\n<p>Bajo su liderazgo, el Vaticano ha enfrentado con decisi\u00f3n un desaf\u00edo global \u2018la necesidad de reconocer los derechos hist\u00f3ricamente construidos por la lucha de las personas con discapacidad y sus familias, que hacen a los apoyos e igualdad de oportunidades\u2019<\/p>\n<p>En una cultura marcada por el descarte \u2014como lo denunciaba su antecesor, el Papa Francisco\u2014, Le\u00f3n XIV ha dado un giro significativo, asumiendo ese legado y profundizando en la promoci\u00f3n de espacios de acogida, cuidado, acompa\u00f1amiento y en defensa de la dignidad humana. Su acci\u00f3n pastoral reafirma que toda vida merece ser valorada, acompa\u00f1ada y celebrada desde la diversidad.<\/p>\n<p>Un art\u00edculo publicado en Vatican News el pasado 11 de agosto destac\u00f3 una iniciativa promovida por el Papa Le\u00f3n XIV, que introduce importantes novedades en materia de permisos de paternidad, derechos laborales para padres de hijos con discapacidad grave y la concesi\u00f3n de subsidios familiares. Esta medida representa un avance significativo en la protecci\u00f3n de la infancia y en el reconocimiento del rol activo de las familias en el acompa\u00f1amiento de personas con discapacidad.<\/p>\n<h3><strong>\u00bfPero qu\u00e9 m\u00e1s se puede hacer?<\/strong><\/h3>\n<p>La atenci\u00f3n y promoci\u00f3n de las personas con discapacidad dentro de la Iglesia es un tema de gran relevancia. Sin embargo,<strong> \u00bfsomos realmente conscientes de su peso y urgencia?<\/strong><\/p>\n<h3><strong>Antecedentes eclesiales de discapacidad<\/strong><\/h3>\n<p>Ya en 2017, la Archidi\u00f3cesis de Madrid, de la mano del Cardenal Carlos Osoro, se public\u00f3 la Gu\u00eda para la acogida eclesial de la discapacidad. All\u00ed se afirmaba con claridad que las personas con discapacidad no son objeto pasivo de \u2018cuidados\u2019, sino protagonistas activos de la vida eclesial, en sinton\u00eda con el Art\u00edculo 19 de la Convenci\u00f3n Internacional de los Derechos de las Personas con Discapacidad, en dicho desarrollo se propone una acci\u00f3n comunitaria para el acompa\u00f1amiento.<\/p>\n<p>En <em>Fratelli Tutti<\/em>, el Papa Francisco nos recuerda que todos somos hermanos y hermanas, llamados a construir una fraternidad universal que no excluya a nadie. En ese horizonte, la discapacidad aparece como un espejo que revela cu\u00e1nto nos falta a\u00fan para vivir una verdadera cultura del encuentro. <em>Muchas veces<\/em> \u2014dice el Papa\u2014 las personas con discapacidad son tratadas como \u201c<em>exiliados ocultos<\/em>\u201d, invisibilizados, Frente a esta injusticia, la enc\u00edclica nos invita a mirar con ternura y reconocer que cada persona, m\u00e1s all\u00e1 de cualquier diversidad, tiene un valor \u00fanico e irrepetible que enriquece al conjunto. Es necesario retomar la palabra de Dios para romper con viejos prejuicios y creencias negativas en torno a la discapacidad.<\/p>\n<h3><strong>Juan 9, 1-3 <\/strong><\/h3>\n<p><em>\u00abAl pasar, Jes\u00fas vio a un hombre ciego de nacimiento. Sus disc\u00edpulos le preguntaron: &#8216;Maestro, \u00bfqui\u00e9n pec\u00f3, \u00e9l o sus padres, para que haya nacido ciego?&#8217; Jes\u00fas respondi\u00f3: &#8216;Ni \u00e9l pec\u00f3 ni sus padres; es para que se manifiesten en \u00e9l las obras de Dios&#8217;.\u00bb<\/em><\/p>\n<p>Este texto es fundamental porque desvincula la discapacidad del pecado o de una culpa personal o familiar. Jes\u00fas pone la mirada en la dignidad de la persona y en la posibilidad de que, a trav\u00e9s de su vida, se manifieste el amor y la obra de Dios. Francisco insiste en que la fraternidad no consiste solo en cuidar, sino en dar lugar real a la participaci\u00f3n. Esto coincide con la Convenci\u00f3n sobre los Derechos de las Personas con Discapacidad: no basta con incluir, hay que abrir espacios de protagonismo en la vida social, cultural y eclesial. Desde la fe, la discapacidad no es un obst\u00e1culo, sino una oportunidad para descubrir la fuerza de la diversidad, del amor fraterno y de justicia, el desaf\u00edo constituye en el pasaje del dicho al hecho, generando acciones comunitarias que permitan\u00a0caminar hacia una sociedad m\u00e1s justa, tierna y humana. Fiel a su estilo, el Papa Francisco fue, en tiempos de incertidumbre, una voz prof\u00e9tica que acompa\u00f1\u00f3 y gu\u00edo a esta enciclica con ternura, firmeza y esperanza.<\/p>\n<h3><strong>Una Iglesia que camina con la Convenci\u00f3n Internacional de los Derechos de las Personas con Discapacidad (CDPD)<\/strong><\/h3>\n<p>La convergencia entre las disposiciones del Vaticano y los lineamientos de la Convenci\u00f3n Internacional no es casual. Ambas se apoyan en un mismo principio: la dignidad inherente e inalienable de toda persona humana.<\/p>\n<p>La CDPD exige a los Estados remover barreras, garantizar apoyos y promover la igualdad de oportunidades. La Iglesia Cat\u00f3lica, desde su misi\u00f3n pastoral, reafirma que cada vida es un don sagrado, llamada a la comuni\u00f3n y a la participaci\u00f3n.<\/p>\n<p>En este sentido, iniciativas como la alianza entre la Academia Internacional de L\u00edderes Cat\u00f3licos y la Universidad del Salvador (Argentina) buscan fortalecer la promoci\u00f3n de la igualdad de derechos, que atiendan el camino de la inclusi\u00f3n, a la convivencia\u00a0y la formaci\u00f3n con un enfoque humano, mostrando que la acci\u00f3n conjunta entre fe, educaci\u00f3n y compromiso social puede dar frutos concretos.<\/p>\n<p>En el Seminario Internacional de Discapacidad \u2018Puentes de Inclusi\u00f3n\u2019, se inscribieron m\u00e1s de 400 participantes provenientes de m\u00e1s de 12 pa\u00edses, de Am\u00e9rica Latina reflejando la riqueza de comunidades diversas en un continente, donde 85 millones de personas viven con discapacidad.<\/p>\n<p>All\u00ed se compartieron clases magistrales de expertos de todo el mundo con testimonios concretos: sacerdotes ciegos que proclaman la homil\u00eda en braille, presb\u00edteros que se forman en lengua de se\u00f1as para que la cultura sorda florezca en medio de la inmediatez digital. Experiencias que confirman la necesidad de multiplicar estas buenas pr\u00e1cticas en un mundo donde la mirada humana parece ser reemplazada por la inteligencia artificial. Frente a este desaf\u00edo, nos proponemos ser peregrinos de la esperanza, con acciones que transformen y, como dec\u00eda el querido Papa Francisco, que \u201chagan l\u00edo\u201d en nuestras comunidades.<\/p>\n<p>La pregunta, sin embargo, sigue vigente: \u00bfqu\u00e9 m\u00e1s se puede hacer? El compromiso del Vaticano abre caminos, pero la tarea requiere la adhesi\u00f3n de los Estados, la sociedad civil y cada comunidad cristiana. La CDPD ofrece el marco jur\u00eddico, y el Evangelio, la br\u00fajula espiritual. Hoy, la Iglesia recuerda que la discapacidad no es un l\u00edmite para la vida plena, sino una oportunidad de comuni\u00f3n.<\/p>\n<p><em><strong>Flavia Palavecino . Profesora de la Universidad del Salvador \u2013 Argentina<\/strong><\/em><\/p>\n<p><em><strong>Joaqu\u00edn Eguiluz . Coordinador de Comunicaciones de la Academia Internacional de L\u00edderes Cat\u00f3licos &#8211; Chile<\/strong><\/em><\/p>\n<p><img loading=\"lazy\" decoding=\"async\" class=\"size-full wp-image-132110 alignnone\" src=\"https:\/\/exaudi.org\/wp-content\/uploads\/2025\/08\/Cortina-2.jpg\" alt=\"\" width=\"940\" height=\"788\" srcset=\"https:\/\/exaudi.org\/wp-content\/uploads\/2025\/08\/Cortina-2.jpg 940w, https:\/\/exaudi.org\/wp-content\/uploads\/2025\/08\/Cortina-2-300x251.jpg 300w, https:\/\/exaudi.org\/wp-content\/uploads\/2025\/08\/Cortina-2-770x645.jpg 770w, https:\/\/exaudi.org\/wp-content\/uploads\/2025\/08\/Cortina-2-500x419.jpg 500w\" sizes=\"auto, (max-width: 940px) 100vw, 940px\" \/><\/p>\n","protected":false},"excerpt":{"rendered":"<p>Con nuevas pol\u00edticas familiares y laborales, el Vaticano apuesta por la inclusi\u00f3n de las personas con discapacidad, en sinton\u00eda con la Convenci\u00f3n Internacional y el legado pastoral de una Iglesia sin exclusiones<\/p>\n","protected":false},"author":15,"featured_media":132064,"comment_status":"closed","ping_status":"closed","sticky":false,"template":"","format":"standard","meta":{"_acf_changed":false,"_crdt_document":"","inline_featured_image":false,"footnotes":""},"categories":[],"tags":[28214,70110,20332,70109,802,66206,5200,70111,490,449,63957,20494,58111,68435,70113,7038,70112,58880,272],"class_list":["post-132060","post","type-post","status-publish","format-standard","has-post-thumbnail","hentry","tag-accesibilidad","tag-cdpd","tag-comunidad-cristiana","tag-convencion-internacional-sobre-los-derechos-de-las-personas-con-discapacidad","tag-derechos-humanos","tag-derechos-laborales","tag-discapacidad","tag-fe-y-derechos","tag-fratelli-tutti-es","tag-iglesia-catolica","tag-inclusion-eclesial","tag-inclusion-social","tag-papa-leon-xiv","tag-pastoral-inclusiva","tag-paternidad-e-inclusion","tag-personas-con-discapacidad","tag-subsidios-familiares","tag-trending-es-151","tag-vaticano-es"],"acf":[],"yoast_head":"<!-- This site is optimized with the Yoast SEO plugin v27.5 - https:\/\/yoast.com\/product\/yoast-seo-wordpress\/ -->\n<title>El Vaticano y la discapacidad: una apuesta por la dignidad humana en clave evang\u00e9lica y de derechos &#8211; Exaudi<\/title>\n<meta name=\"robots\" content=\"index, follow, max-snippet:-1, max-image-preview:large, max-video-preview:-1\" \/>\n<link rel=\"canonical\" href=\"https:\/\/exaudi.org\/es\/el-vaticano-y-la-discapacidad-una-apuesta-por-la-dignidad-humana-en-clave-evangelica-y-de-derechos\/\" \/>\n<meta property=\"og:locale\" content=\"es_ES\" \/>\n<meta property=\"og:type\" content=\"article\" \/>\n<meta property=\"og:title\" content=\"El Vaticano y la discapacidad: una apuesta por la dignidad humana en clave evang\u00e9lica y de derechos &#8211; Exaudi\" \/>\n<meta property=\"og:description\" content=\"Con nuevas pol\u00edticas familiares y laborales, el Vaticano apuesta por la inclusi\u00f3n de las personas con discapacidad, en sinton\u00eda con la Convenci\u00f3n Internacional y el legado pastoral de una Iglesia sin exclusiones\" \/>\n<meta property=\"og:url\" content=\"https:\/\/exaudi.org\/es\/el-vaticano-y-la-discapacidad-una-apuesta-por-la-dignidad-humana-en-clave-evangelica-y-de-derechos\/\" \/>\n<meta property=\"og:site_name\" content=\"Exaudi\" \/>\n<meta property=\"article:publisher\" content=\"https:\/\/www.facebook.com\/ExaudiNews\" \/>\n<meta property=\"article:author\" content=\"https:\/\/www.facebook.com\/ExaudiNoticias\/\" \/>\n<meta property=\"article:published_time\" content=\"2025-08-26T07:28:54+00:00\" \/>\n<meta property=\"article:modified_time\" content=\"2025-08-26T08:08:05+00:00\" \/>\n<meta property=\"og:image\" content=\"https:\/\/exaudi.org\/wp-content\/uploads\/2025\/08\/subtstack-29.jpg\" \/>\n\t<meta property=\"og:image:width\" content=\"1456\" \/>\n\t<meta property=\"og:image:height\" content=\"1048\" \/>\n\t<meta property=\"og:image:type\" content=\"image\/jpeg\" \/>\n<meta name=\"author\" content=\"Exaudi Redacci\u00f3n\" \/>\n<meta name=\"twitter:card\" content=\"summary_large_image\" \/>\n<meta name=\"twitter:creator\" content=\"@Exaudi_noticias\" \/>\n<meta name=\"twitter:site\" content=\"@Exaudi_News\" \/>\n<meta name=\"twitter:label1\" content=\"Escrito por\" \/>\n\t<meta name=\"twitter:data1\" content=\"Exaudi Redacci\u00f3n\" \/>\n\t<meta name=\"twitter:label2\" content=\"Tiempo de lectura\" \/>\n\t<meta name=\"twitter:data2\" content=\"6 minutos\" \/>\n<script type=\"application\/ld+json\" class=\"yoast-schema-graph\">{\"@context\":\"https:\\\/\\\/schema.org\",\"@graph\":[{\"@type\":\"Article\",\"@id\":\"https:\\\/\\\/exaudi.org\\\/es\\\/el-vaticano-y-la-discapacidad-una-apuesta-por-la-dignidad-humana-en-clave-evangelica-y-de-derechos\\\/#article\",\"isPartOf\":{\"@id\":\"https:\\\/\\\/exaudi.org\\\/es\\\/el-vaticano-y-la-discapacidad-una-apuesta-por-la-dignidad-humana-en-clave-evangelica-y-de-derechos\\\/\"},\"author\":{\"name\":\"Exaudi Redacci\u00f3n\",\"@id\":\"https:\\\/\\\/exaudi.org\\\/#\\\/schema\\\/person\\\/f5fc8f063065e38742da7afe15f25df7\"},\"headline\":\"El Vaticano y la discapacidad: una apuesta por la dignidad humana en clave evang\u00e9lica y de derechos\",\"datePublished\":\"2025-08-26T07:28:54+00:00\",\"dateModified\":\"2025-08-26T08:08:05+00:00\",\"mainEntityOfPage\":{\"@id\":\"https:\\\/\\\/exaudi.org\\\/es\\\/el-vaticano-y-la-discapacidad-una-apuesta-por-la-dignidad-humana-en-clave-evangelica-y-de-derechos\\\/\"},\"wordCount\":1218,\"image\":{\"@id\":\"https:\\\/\\\/exaudi.org\\\/es\\\/el-vaticano-y-la-discapacidad-una-apuesta-por-la-dignidad-humana-en-clave-evangelica-y-de-derechos\\\/#primaryimage\"},\"thumbnailUrl\":\"https:\\\/\\\/exaudi.org\\\/wp-content\\\/uploads\\\/2025\\\/08\\\/subtstack-29.jpg\",\"keywords\":[\"accesibilidad\",\"CDPD\",\"comunidad cristiana\",\"Convenci\u00f3n Internacional sobre los Derechos de las Personas con Discapacidad\",\"Derechos Humanos\",\"derechos laborales\",\"Discapacidad\",\"fe y derechos\",\"Fratelli Tutti\",\"Iglesia cat\u00f3lica\",\"inclusi\u00f3n eclesial\",\"inclusi\u00f3n social\",\"papa le\u00f3n xiv\",\"pastoral inclusiva\",\"paternidad e inclusi\u00f3n\",\"Personas con discapacidad\",\"subsidios familiares\",\"Trending\",\"Vaticano\"],\"inLanguage\":\"es\"},{\"@type\":\"WebPage\",\"@id\":\"https:\\\/\\\/exaudi.org\\\/es\\\/el-vaticano-y-la-discapacidad-una-apuesta-por-la-dignidad-humana-en-clave-evangelica-y-de-derechos\\\/\",\"url\":\"https:\\\/\\\/exaudi.org\\\/es\\\/el-vaticano-y-la-discapacidad-una-apuesta-por-la-dignidad-humana-en-clave-evangelica-y-de-derechos\\\/\",\"name\":\"El Vaticano y la discapacidad: una apuesta por la dignidad humana en clave evang\u00e9lica y de derechos &#8211; Exaudi\",\"isPartOf\":{\"@id\":\"https:\\\/\\\/exaudi.org\\\/#website\"},\"primaryImageOfPage\":{\"@id\":\"https:\\\/\\\/exaudi.org\\\/es\\\/el-vaticano-y-la-discapacidad-una-apuesta-por-la-dignidad-humana-en-clave-evangelica-y-de-derechos\\\/#primaryimage\"},\"image\":{\"@id\":\"https:\\\/\\\/exaudi.org\\\/es\\\/el-vaticano-y-la-discapacidad-una-apuesta-por-la-dignidad-humana-en-clave-evangelica-y-de-derechos\\\/#primaryimage\"},\"thumbnailUrl\":\"https:\\\/\\\/exaudi.org\\\/wp-content\\\/uploads\\\/2025\\\/08\\\/subtstack-29.jpg\",\"datePublished\":\"2025-08-26T07:28:54+00:00\",\"dateModified\":\"2025-08-26T08:08:05+00:00\",\"author\":{\"@id\":\"https:\\\/\\\/exaudi.org\\\/#\\\/schema\\\/person\\\/f5fc8f063065e38742da7afe15f25df7\"},\"breadcrumb\":{\"@id\":\"https:\\\/\\\/exaudi.org\\\/es\\\/el-vaticano-y-la-discapacidad-una-apuesta-por-la-dignidad-humana-en-clave-evangelica-y-de-derechos\\\/#breadcrumb\"},\"inLanguage\":\"es\",\"potentialAction\":[{\"@type\":\"ReadAction\",\"target\":[\"https:\\\/\\\/exaudi.org\\\/es\\\/el-vaticano-y-la-discapacidad-una-apuesta-por-la-dignidad-humana-en-clave-evangelica-y-de-derechos\\\/\"]}]},{\"@type\":\"ImageObject\",\"inLanguage\":\"es\",\"@id\":\"https:\\\/\\\/exaudi.org\\\/es\\\/el-vaticano-y-la-discapacidad-una-apuesta-por-la-dignidad-humana-en-clave-evangelica-y-de-derechos\\\/#primaryimage\",\"url\":\"https:\\\/\\\/exaudi.org\\\/wp-content\\\/uploads\\\/2025\\\/08\\\/subtstack-29.jpg\",\"contentUrl\":\"https:\\\/\\\/exaudi.org\\\/wp-content\\\/uploads\\\/2025\\\/08\\\/subtstack-29.jpg\",\"width\":1456,\"height\":1048},{\"@type\":\"BreadcrumbList\",\"@id\":\"https:\\\/\\\/exaudi.org\\\/es\\\/el-vaticano-y-la-discapacidad-una-apuesta-por-la-dignidad-humana-en-clave-evangelica-y-de-derechos\\\/#breadcrumb\",\"itemListElement\":[{\"@type\":\"ListItem\",\"position\":1,\"name\":\"Portada\",\"item\":\"https:\\\/\\\/exaudi.org\\\/es\\\/\"},{\"@type\":\"ListItem\",\"position\":2,\"name\":\"El Vaticano y la discapacidad: una apuesta por la dignidad humana en clave evang\u00e9lica y de derechos\"}]},{\"@type\":\"WebSite\",\"@id\":\"https:\\\/\\\/exaudi.org\\\/#website\",\"url\":\"https:\\\/\\\/exaudi.org\\\/\",\"name\":\"Exaudi\",\"description\":\"News\",\"potentialAction\":[{\"@type\":\"SearchAction\",\"target\":{\"@type\":\"EntryPoint\",\"urlTemplate\":\"https:\\\/\\\/exaudi.org\\\/?s={search_term_string}\"},\"query-input\":{\"@type\":\"PropertyValueSpecification\",\"valueRequired\":true,\"valueName\":\"search_term_string\"}}],\"inLanguage\":\"es\"},{\"@type\":\"Person\",\"@id\":\"https:\\\/\\\/exaudi.org\\\/#\\\/schema\\\/person\\\/f5fc8f063065e38742da7afe15f25df7\",\"name\":\"Exaudi Redacci\u00f3n\",\"image\":{\"@type\":\"ImageObject\",\"inLanguage\":\"es\",\"@id\":\"https:\\\/\\\/secure.gravatar.com\\\/avatar\\\/fe0f6a059fb68d9b3e11bc5850dd4899b1c7492091a3cb6dd9b01b56ad828be2?s=96&d=mm&r=g\",\"url\":\"https:\\\/\\\/secure.gravatar.com\\\/avatar\\\/fe0f6a059fb68d9b3e11bc5850dd4899b1c7492091a3cb6dd9b01b56ad828be2?s=96&d=mm&r=g\",\"contentUrl\":\"https:\\\/\\\/secure.gravatar.com\\\/avatar\\\/fe0f6a059fb68d9b3e11bc5850dd4899b1c7492091a3cb6dd9b01b56ad828be2?s=96&d=mm&r=g\",\"caption\":\"Exaudi Redacci\u00f3n\"},\"description\":\"\u00bfQu\u00e9 es Exaudi News? Exaudi News es un medio de comunicaci\u00f3n cat\u00f3lico internacional que informa, forma y transforma, diariamente en espa\u00f1ol, ingl\u00e9s e italiano. A trav\u00e9s de noticias, art\u00edculos de an\u00e1lisis y transmisiones en directo de los eventos del Papa, Exaudi busca fortalecer la unidad de los cristianos y contribuir a la evangelizaci\u00f3n del mundo, siempre guiados por la doctrina social de la Iglesia. Trabajamos para acercar la verdad y los valores cristianos a cada rinc\u00f3n del planeta. \u00a1Ay\u00fadanos a transformar el mundo con Exaudi! En Exaudi creemos que la evangelizaci\u00f3n y la informaci\u00f3n de calidad pueden cambiar vidas. Para continuar con nuestra misi\u00f3n y expandir nuestro alcance, necesitamos tu ayuda. Adem\u00e1s, buscamos personas comprometidas que deseen unirse a nuestro equipo. Con tu apoyo, lograremos llegar a m\u00e1s personas, difundir el mensaje de Cristo y reforzar la unidad de los cristianos. \u00bfTe unes a nuestra misi\u00f3n? Para m\u00e1s informaci\u00f3n sobre c\u00f3mo colaborar, visita Exaudi.org\\\/es o cont\u00e1ctanos directamente: info@exaudi.org Exaudi: Informa, forma y transforma.\",\"sameAs\":[\"https:\\\/\\\/www.facebook.com\\\/ExaudiNoticias\\\/\",\"https:\\\/\\\/www.instagram.com\\\/exaudi_noticias\\\/\",\"https:\\\/\\\/x.com\\\/Exaudi_noticias\",\"https:\\\/\\\/www.youtube.com\\\/@exaudicatholicnews\"],\"url\":\"https:\\\/\\\/exaudi.org\\\/es\\\/author\\\/redaccionexaudi\\\/\"}]}<\/script>\n<!-- \/ Yoast SEO plugin. -->","yoast_head_json":{"title":"El Vaticano y la discapacidad: una apuesta por la dignidad humana en clave evang\u00e9lica y de derechos &#8211; Exaudi","robots":{"index":"index","follow":"follow","max-snippet":"max-snippet:-1","max-image-preview":"max-image-preview:large","max-video-preview":"max-video-preview:-1"},"canonical":"https:\/\/exaudi.org\/es\/el-vaticano-y-la-discapacidad-una-apuesta-por-la-dignidad-humana-en-clave-evangelica-y-de-derechos\/","og_locale":"es_ES","og_type":"article","og_title":"El Vaticano y la discapacidad: una apuesta por la dignidad humana en clave evang\u00e9lica y de derechos &#8211; Exaudi","og_description":"Con nuevas pol\u00edticas familiares y laborales, el Vaticano apuesta por la inclusi\u00f3n de las personas con discapacidad, en sinton\u00eda con la Convenci\u00f3n Internacional y el legado pastoral de una Iglesia sin exclusiones","og_url":"https:\/\/exaudi.org\/es\/el-vaticano-y-la-discapacidad-una-apuesta-por-la-dignidad-humana-en-clave-evangelica-y-de-derechos\/","og_site_name":"Exaudi","article_publisher":"https:\/\/www.facebook.com\/ExaudiNews","article_author":"https:\/\/www.facebook.com\/ExaudiNoticias\/","article_published_time":"2025-08-26T07:28:54+00:00","article_modified_time":"2025-08-26T08:08:05+00:00","og_image":[{"width":1456,"height":1048,"url":"https:\/\/exaudi.org\/wp-content\/uploads\/2025\/08\/subtstack-29.jpg","type":"image\/jpeg"}],"author":"Exaudi Redacci\u00f3n","twitter_card":"summary_large_image","twitter_creator":"@Exaudi_noticias","twitter_site":"@Exaudi_News","twitter_misc":{"Escrito por":"Exaudi Redacci\u00f3n","Tiempo de lectura":"6 minutos"},"schema":{"@context":"https:\/\/schema.org","@graph":[{"@type":"Article","@id":"https:\/\/exaudi.org\/es\/el-vaticano-y-la-discapacidad-una-apuesta-por-la-dignidad-humana-en-clave-evangelica-y-de-derechos\/#article","isPartOf":{"@id":"https:\/\/exaudi.org\/es\/el-vaticano-y-la-discapacidad-una-apuesta-por-la-dignidad-humana-en-clave-evangelica-y-de-derechos\/"},"author":{"name":"Exaudi Redacci\u00f3n","@id":"https:\/\/exaudi.org\/#\/schema\/person\/f5fc8f063065e38742da7afe15f25df7"},"headline":"El Vaticano y la discapacidad: una apuesta por la dignidad humana en clave evang\u00e9lica y de derechos","datePublished":"2025-08-26T07:28:54+00:00","dateModified":"2025-08-26T08:08:05+00:00","mainEntityOfPage":{"@id":"https:\/\/exaudi.org\/es\/el-vaticano-y-la-discapacidad-una-apuesta-por-la-dignidad-humana-en-clave-evangelica-y-de-derechos\/"},"wordCount":1218,"image":{"@id":"https:\/\/exaudi.org\/es\/el-vaticano-y-la-discapacidad-una-apuesta-por-la-dignidad-humana-en-clave-evangelica-y-de-derechos\/#primaryimage"},"thumbnailUrl":"https:\/\/exaudi.org\/wp-content\/uploads\/2025\/08\/subtstack-29.jpg","keywords":["accesibilidad","CDPD","comunidad cristiana","Convenci\u00f3n Internacional sobre los Derechos de las Personas con Discapacidad","Derechos Humanos","derechos laborales","Discapacidad","fe y derechos","Fratelli Tutti","Iglesia cat\u00f3lica","inclusi\u00f3n eclesial","inclusi\u00f3n social","papa le\u00f3n xiv","pastoral inclusiva","paternidad e inclusi\u00f3n","Personas con discapacidad","subsidios familiares","Trending","Vaticano"],"inLanguage":"es"},{"@type":"WebPage","@id":"https:\/\/exaudi.org\/es\/el-vaticano-y-la-discapacidad-una-apuesta-por-la-dignidad-humana-en-clave-evangelica-y-de-derechos\/","url":"https:\/\/exaudi.org\/es\/el-vaticano-y-la-discapacidad-una-apuesta-por-la-dignidad-humana-en-clave-evangelica-y-de-derechos\/","name":"El Vaticano y la discapacidad: una apuesta por la dignidad humana en clave evang\u00e9lica y de derechos &#8211; Exaudi","isPartOf":{"@id":"https:\/\/exaudi.org\/#website"},"primaryImageOfPage":{"@id":"https:\/\/exaudi.org\/es\/el-vaticano-y-la-discapacidad-una-apuesta-por-la-dignidad-humana-en-clave-evangelica-y-de-derechos\/#primaryimage"},"image":{"@id":"https:\/\/exaudi.org\/es\/el-vaticano-y-la-discapacidad-una-apuesta-por-la-dignidad-humana-en-clave-evangelica-y-de-derechos\/#primaryimage"},"thumbnailUrl":"https:\/\/exaudi.org\/wp-content\/uploads\/2025\/08\/subtstack-29.jpg","datePublished":"2025-08-26T07:28:54+00:00","dateModified":"2025-08-26T08:08:05+00:00","author":{"@id":"https:\/\/exaudi.org\/#\/schema\/person\/f5fc8f063065e38742da7afe15f25df7"},"breadcrumb":{"@id":"https:\/\/exaudi.org\/es\/el-vaticano-y-la-discapacidad-una-apuesta-por-la-dignidad-humana-en-clave-evangelica-y-de-derechos\/#breadcrumb"},"inLanguage":"es","potentialAction":[{"@type":"ReadAction","target":["https:\/\/exaudi.org\/es\/el-vaticano-y-la-discapacidad-una-apuesta-por-la-dignidad-humana-en-clave-evangelica-y-de-derechos\/"]}]},{"@type":"ImageObject","inLanguage":"es","@id":"https:\/\/exaudi.org\/es\/el-vaticano-y-la-discapacidad-una-apuesta-por-la-dignidad-humana-en-clave-evangelica-y-de-derechos\/#primaryimage","url":"https:\/\/exaudi.org\/wp-content\/uploads\/2025\/08\/subtstack-29.jpg","contentUrl":"https:\/\/exaudi.org\/wp-content\/uploads\/2025\/08\/subtstack-29.jpg","width":1456,"height":1048},{"@type":"BreadcrumbList","@id":"https:\/\/exaudi.org\/es\/el-vaticano-y-la-discapacidad-una-apuesta-por-la-dignidad-humana-en-clave-evangelica-y-de-derechos\/#breadcrumb","itemListElement":[{"@type":"ListItem","position":1,"name":"Portada","item":"https:\/\/exaudi.org\/es\/"},{"@type":"ListItem","position":2,"name":"El Vaticano y la discapacidad: una apuesta por la dignidad humana en clave evang\u00e9lica y de derechos"}]},{"@type":"WebSite","@id":"https:\/\/exaudi.org\/#website","url":"https:\/\/exaudi.org\/","name":"Exaudi","description":"News","potentialAction":[{"@type":"SearchAction","target":{"@type":"EntryPoint","urlTemplate":"https:\/\/exaudi.org\/?s={search_term_string}"},"query-input":{"@type":"PropertyValueSpecification","valueRequired":true,"valueName":"search_term_string"}}],"inLanguage":"es"},{"@type":"Person","@id":"https:\/\/exaudi.org\/#\/schema\/person\/f5fc8f063065e38742da7afe15f25df7","name":"Exaudi Redacci\u00f3n","image":{"@type":"ImageObject","inLanguage":"es","@id":"https:\/\/secure.gravatar.com\/avatar\/fe0f6a059fb68d9b3e11bc5850dd4899b1c7492091a3cb6dd9b01b56ad828be2?s=96&d=mm&r=g","url":"https:\/\/secure.gravatar.com\/avatar\/fe0f6a059fb68d9b3e11bc5850dd4899b1c7492091a3cb6dd9b01b56ad828be2?s=96&d=mm&r=g","contentUrl":"https:\/\/secure.gravatar.com\/avatar\/fe0f6a059fb68d9b3e11bc5850dd4899b1c7492091a3cb6dd9b01b56ad828be2?s=96&d=mm&r=g","caption":"Exaudi Redacci\u00f3n"},"description":"\u00bfQu\u00e9 es Exaudi News? Exaudi News es un medio de comunicaci\u00f3n cat\u00f3lico internacional que informa, forma y transforma, diariamente en espa\u00f1ol, ingl\u00e9s e italiano. A trav\u00e9s de noticias, art\u00edculos de an\u00e1lisis y transmisiones en directo de los eventos del Papa, Exaudi busca fortalecer la unidad de los cristianos y contribuir a la evangelizaci\u00f3n del mundo, siempre guiados por la doctrina social de la Iglesia. Trabajamos para acercar la verdad y los valores cristianos a cada rinc\u00f3n del planeta. \u00a1Ay\u00fadanos a transformar el mundo con Exaudi! En Exaudi creemos que la evangelizaci\u00f3n y la informaci\u00f3n de calidad pueden cambiar vidas. Para continuar con nuestra misi\u00f3n y expandir nuestro alcance, necesitamos tu ayuda. Adem\u00e1s, buscamos personas comprometidas que deseen unirse a nuestro equipo. Con tu apoyo, lograremos llegar a m\u00e1s personas, difundir el mensaje de Cristo y reforzar la unidad de los cristianos. \u00bfTe unes a nuestra misi\u00f3n? Para m\u00e1s informaci\u00f3n sobre c\u00f3mo colaborar, visita Exaudi.org\/es o cont\u00e1ctanos directamente: info@exaudi.org Exaudi: Informa, forma y transforma.","sameAs":["https:\/\/www.facebook.com\/ExaudiNoticias\/","https:\/\/www.instagram.com\/exaudi_noticias\/","https:\/\/x.com\/Exaudi_noticias","https:\/\/www.youtube.com\/@exaudicatholicnews"],"url":"https:\/\/exaudi.org\/es\/author\/redaccionexaudi\/"}]}},"jetpack_featured_media_url":"https:\/\/exaudi.org\/wp-content\/uploads\/2025\/08\/subtstack-29.jpg","jetpack_shortlink":"https:\/\/wp.me\/pgKjF2-ym0","_links":{"self":[{"href":"https:\/\/exaudi.org\/es\/wp-json\/wp\/v2\/posts\/132060","targetHints":{"allow":["GET"]}}],"collection":[{"href":"https:\/\/exaudi.org\/es\/wp-json\/wp\/v2\/posts"}],"about":[{"href":"https:\/\/exaudi.org\/es\/wp-json\/wp\/v2\/types\/post"}],"author":[{"embeddable":true,"href":"https:\/\/exaudi.org\/es\/wp-json\/wp\/v2\/users\/15"}],"replies":[{"embeddable":true,"href":"https:\/\/exaudi.org\/es\/wp-json\/wp\/v2\/comments?post=132060"}],"version-history":[{"count":6,"href":"https:\/\/exaudi.org\/es\/wp-json\/wp\/v2\/posts\/132060\/revisions"}],"predecessor-version":[{"id":132201,"href":"https:\/\/exaudi.org\/es\/wp-json\/wp\/v2\/posts\/132060\/revisions\/132201"}],"wp:featuredmedia":[{"embeddable":true,"href":"https:\/\/exaudi.org\/es\/wp-json\/wp\/v2\/media\/132064"}],"wp:attachment":[{"href":"https:\/\/exaudi.org\/es\/wp-json\/wp\/v2\/media?parent=132060"}],"wp:term":[{"taxonomy":"category","embeddable":true,"href":"https:\/\/exaudi.org\/es\/wp-json\/wp\/v2\/categories?post=132060"},{"taxonomy":"post_tag","embeddable":true,"href":"https:\/\/exaudi.org\/es\/wp-json\/wp\/v2\/tags?post=132060"}],"curies":[{"name":"wp","href":"https:\/\/api.w.org\/{rel}","templated":true}]}}