{"id":131968,"date":"2025-08-25T09:04:26","date_gmt":"2025-08-25T07:04:26","guid":{"rendered":"https:\/\/exaudi.org\/?p=131968"},"modified":"2025-08-25T09:29:19","modified_gmt":"2025-08-25T07:29:19","slug":"dra-emilce-cuda-reconocimiento-william-h-sadlier-2025-por-el-ministerio-hispano-latino","status":"publish","type":"post","link":"https:\/\/exaudi.org\/es\/dra-emilce-cuda-reconocimiento-william-h-sadlier-2025-por-el-ministerio-hispano-latino\/","title":{"rendered":"Dra. Emilce Cuda, Secretaria de la Pontificia Comisi\u00f3n para Am\u00e9rica Latina del Vaticano, recibir\u00e1 el Reconocimiento William H. Sadlier 2025 por el Ministerio Hispano\/Latino"},"content":{"rendered":"<p>El Consejo Nacional Cat\u00f3lico para el Ministerio Hispano (NCCHM, por sus siglas en ingl\u00e9s) se honra en anunciar que la Dra. Emilce Cuda, Secretaria de la Pontificia Comisi\u00f3n para Am\u00e9rica Latina, ha sido seleccionada para recibir el Reconocimiento William H. Sadlier por Excelencia en Catequesis y Servicio en el Ministerio Hispano. El premio se entregar\u00e1 el domingo 5 de octubre de 2025, durante la Reuni\u00f3n Anual del NCCHM y el Jubileo de los Migrantes en la Casa Generalicia de los Hermanos Lasallistas en Roma.<\/p>\n<p>El Premio Sadlier, establecido en 2007 en colaboraci\u00f3n con William H. Sadlier, Inc., se otorga anualmente a\u00a0l\u00edderes visionarios cuyo testimonio prof\u00e9tico ha fortalecido el compromiso de la Iglesia con el ministerio y la catequesis hispana\/latina en los Estados Unidos. La Dra. Emilce Cuda, es te\u00f3loga, profesora y alta funcionaria del Vaticano, cuyo acompa\u00f1amiento a l\u00edderes cat\u00f3licos hispanos en los Estados Unidos ha transformado vidas y ministerios. Desde su hist\u00f3rica ponencia en el Capitolio durante Ra\u00edces y Alas 2022\u2014enviada por el Papa\u00a0Francisco para abogar por los inmigrantes\u2014hasta su defensa constante y apasionada de los migrantes y de los trabajadores considerados descartados, la Dra. Cuda se ha convertido en una voz poderosa de comuni\u00f3n,\u00a0justicia e inclusi\u00f3n eclesial. Ha sido fundamental para profundizar la colaboraci\u00f3n entre la Iglesia en los Estados Unidos y el CELAM (Consejo Episcopal Latinoamericano), ofreciendo marcos teol\u00f3gicos y pastorales que\u00a0renuevan el compromiso de la Iglesia con las periferias.<\/p>\n<p>En una reuni\u00f3n clave de 2022 en el Vaticano con el liderazgo del NCCHM, la Dra. Cuda comparti\u00f3 que el Papa Francisco llamaba a la Iglesia en los Estados Unidos a poner a los migrantes en el coraz\u00f3n de su misi\u00f3n\u00a0pastoral. Su consejo se convirti\u00f3 en un momento definitivo en el discernimiento del NCCHM, que llev\u00f3 a un\u00a0renovado enfoque en la migraci\u00f3n como una expresi\u00f3n central del Pilar de Acci\u00f3n de Justicia Social de Ra\u00edces y Alas. En respuesta, el NCCHM lanz\u00f3 una campa\u00f1a nacional de formaci\u00f3n, organizando seminarios virtuales con l\u00edderes pastorales de Estados Unidos y Am\u00e9rica Latina en colaboraci\u00f3n con CELAM y CEBITEPAL para explorar las dimensiones espirituales, sociales y pol\u00edticas de la experiencia migrante. Este camino de reflexi\u00f3n y acci\u00f3n\u00a0culmina en el Jubileo de los Migrantes, una peregrinaci\u00f3n hist\u00f3rica a Roma guiada por el Esp\u00edritu Santo, donde\u00a0ahora se honrar\u00e1 a la Dra. Cuda por su liderazgo visionario.<\/p>\n<p><img loading=\"lazy\" decoding=\"async\" class=\"size-full wp-image-131975 alignnone\" src=\"https:\/\/exaudi.org\/wp-content\/uploads\/2025\/08\/IMG_9597_Original-scaled.jpg\" alt=\"\" width=\"2560\" height=\"1706\" srcset=\"https:\/\/exaudi.org\/wp-content\/uploads\/2025\/08\/IMG_9597_Original-scaled.jpg 2560w, https:\/\/exaudi.org\/wp-content\/uploads\/2025\/08\/IMG_9597_Original-300x200.jpg 300w, https:\/\/exaudi.org\/wp-content\/uploads\/2025\/08\/IMG_9597_Original-1024x683.jpg 1024w, https:\/\/exaudi.org\/wp-content\/uploads\/2025\/08\/IMG_9597_Original-770x513.jpg 770w, https:\/\/exaudi.org\/wp-content\/uploads\/2025\/08\/IMG_9597_Original-1536x1024.jpg 1536w, https:\/\/exaudi.org\/wp-content\/uploads\/2025\/08\/IMG_9597_Original-2048x1365.jpg 2048w, https:\/\/exaudi.org\/wp-content\/uploads\/2025\/08\/IMG_9597_Original-360x240.jpg?crop=1 360w, https:\/\/exaudi.org\/wp-content\/uploads\/2025\/08\/IMG_9597_Original-500x333.jpg 500w\" sizes=\"auto, (max-width: 2560px) 100vw, 2560px\" \/><\/p>\n<p>En respuesta al anuncio, la Dra. Cuda comparti\u00f3 la siguiente reflexi\u00f3n: \u00abTengo un profundo afecto por los\u00a0cat\u00f3licos en los Estados Unidos, especialmente por aquellos que, movidos por la virtud de la esperanza, cruzan desiertos de sufrimiento, agresi\u00f3n y desolaci\u00f3n para que tengan vida y la tengan en abundancia: la misma\u00a0raz\u00f3n por la que nuestro Se\u00f1or Jesucristo nos dice que vino a nosotros. Todos somos migrantes en esta tierra, que fue creada para todos, todos, todos\u2014y nadie debe quedar atr\u00e1s. S\u00e9 cu\u00e1nto trabajan para acoger, integrar y acompa\u00f1ar a todos los que llegan a sus orillas. Saber que entre tantas personas de bien, pensaron en m\u00ed\u2026 es inimaginable. Esto me da fuerza para continuar.\u00bb<\/p>\n<p>Elisabeth Rom\u00e1n, Presidenta del NCCHM, a\u00f1adi\u00f3: \u201cEl liderazgo de la Dra. Cuda es tanto pastoral como\u00a0prof\u00e9tico. No solo ha caminado con nuestras comunidades: ella cree en nosotros. Este reconocimiento es una profunda expresi\u00f3n de gratitud de un pueblo al que ella ayuda a vivir con sabidur\u00eda, valent\u00eda y amor.\u201d<\/p>\n<p>Desde 2007, el Reconocimiento William H. Sadlier a la Excelencia en Catequesis y Servicio en el Ministerio\u00a0Hispano se ha otorgado a personas cuya visi\u00f3n pastoral, sabidur\u00eda cultural y servicio constante han dado forma y fortalecido el ministerio hispano en los Estados Unidos. El NCCHM expresa un agradecimiento especial al\u00a0fallecido William H. \u201cBill\u201d Dinger, expresidente de William H. Sadlier, Inc., cuya profunda dedicaci\u00f3n a la Iglesia y a la comunidad cat\u00f3lica hispana llev\u00f3 a la creaci\u00f3n de este premio. Su legado contin\u00faa inspirando a nuevas generaciones de l\u00edderes pastorales a caminar con fe, valent\u00eda y amor al servicio del Pueblo de Dios.<\/p>\n<p>El Consejo Nacional Cat\u00f3lico para el Ministerio Hispano es una red de organizaciones cat\u00f3licas nacionales y\u00a0regionales, di\u00f3cesis, comunidades religiosas, instituciones acad\u00e9micas y l\u00edderes pastorales comprometidos en servir a la comunidad hispana\/latina en los Estados Unidos. Enraizado en una visi\u00f3n de pastoral de conjunto, durante 35 a\u00f1os el NCCHM ha promovido la formaci\u00f3n de l\u00edderes, el trabajo en red y la incidencia para\u00a0empoderar a los cat\u00f3licos hispanos como disc\u00edpulos misioneros.<\/p>\n<p>La misi\u00f3n del NCCHM es unir y elevar las voces prof\u00e9ticas del ministerio hispano en la Iglesia y la sociedad, promover el desarrollo de liderazgo y responder prof\u00e9ticamente a las necesidades espirituales, sociales y culturales de las comunidades hispanas. A trav\u00e9s de sus cuatro pilares de acci\u00f3n\u2014familia, pastoral juvenil hispana, justicia social y formaci\u00f3n pastoral\u2014arraigados en Ra\u00edces y Alas y el V Encuentro, el NCCHM sirve\u00a0como un puente vital entre la Iglesia en los Estados Unidos, la Iglesia universal y las realidades vividas de los cat\u00f3licos hispanos hoy.<\/p>\n","protected":false},"excerpt":{"rendered":"<p>Un reconocimiento a su liderazgo prof\u00e9tico, compromiso con los migrantes y servicio al ministerio hispano en los Estados Unidos<\/p>\n","protected":false},"author":15,"featured_media":131970,"comment_status":"closed","ping_status":"closed","sticky":false,"template":"","format":"standard","meta":{"_acf_changed":false,"_crdt_document":"","inline_featured_image":false,"footnotes":""},"categories":[74],"tags":[182,5295,464,70026,8192,70016,70023,70020,63957,70019,1767,31255,70025,1964,30868,70018,7865,70027,70021,70022,786,70024,8035,70017,33615,58880,272],"class_list":["post-131968","post","type-post","status-publish","format-standard","has-post-thumbnail","hentry","category-iglesia-y-mundo","tag-catequesis","tag-cebitepal","tag-celam","tag-comunidad-catolica-latina","tag-consejo-nacional-catolico-para-el-ministerio-hispano","tag-dra-emilce-cuda","tag-formacion-pastoral","tag-iglesia-catolica-en-estados-unidos","tag-inclusion-eclesial","tag-jubileo-de-los-migrantes","tag-justicia-social","tag-liderazgo-eclesial","tag-lideres-catolicos-hispanos","tag-migrantes","tag-ministerio-hispano","tag-ministerio-latino","tag-ncchm-2","tag-pastoral-de-conjunto","tag-pastoral-hispana-2","tag-pastoral-latina","tag-pontificia-comision-para-america-latina","tag-premio-eclesial","tag-raices-y-alas","tag-reconocimiento-william-h-sadlier-2025","tag-servicio-pastoral","tag-trending-es-151","tag-vaticano-es"],"acf":[],"yoast_head":"<!-- This site is optimized with the Yoast SEO plugin v27.5 - https:\/\/yoast.com\/product\/yoast-seo-wordpress\/ -->\n<title>Dra. Emilce Cuda, Secretaria de la Pontificia Comisi\u00f3n para Am\u00e9rica Latina del Vaticano, recibir\u00e1 el Reconocimiento William H. Sadlier 2025 por el Ministerio Hispano\/Latino &#8211; Exaudi<\/title>\n<meta name=\"robots\" content=\"index, follow, max-snippet:-1, max-image-preview:large, max-video-preview:-1\" \/>\n<link rel=\"canonical\" href=\"https:\/\/exaudi.org\/es\/dra-emilce-cuda-reconocimiento-william-h-sadlier-2025-por-el-ministerio-hispano-latino\/\" \/>\n<meta property=\"og:locale\" content=\"es_ES\" \/>\n<meta property=\"og:type\" content=\"article\" \/>\n<meta property=\"og:title\" content=\"Dra. Emilce Cuda, Secretaria de la Pontificia Comisi\u00f3n para Am\u00e9rica Latina del Vaticano, recibir\u00e1 el Reconocimiento William H. Sadlier 2025 por el Ministerio Hispano\/Latino &#8211; Exaudi\" \/>\n<meta property=\"og:description\" content=\"Un reconocimiento a su liderazgo prof\u00e9tico, compromiso con los migrantes y servicio al ministerio hispano en los Estados Unidos\" \/>\n<meta property=\"og:url\" content=\"https:\/\/exaudi.org\/es\/dra-emilce-cuda-reconocimiento-william-h-sadlier-2025-por-el-ministerio-hispano-latino\/\" \/>\n<meta property=\"og:site_name\" content=\"Exaudi\" \/>\n<meta property=\"article:publisher\" content=\"https:\/\/www.facebook.com\/ExaudiNews\" \/>\n<meta property=\"article:author\" content=\"https:\/\/www.facebook.com\/ExaudiNoticias\/\" \/>\n<meta property=\"article:published_time\" content=\"2025-08-25T07:04:26+00:00\" \/>\n<meta property=\"article:modified_time\" content=\"2025-08-25T07:29:19+00:00\" \/>\n<meta property=\"og:image\" content=\"https:\/\/exaudi.org\/wp-content\/uploads\/2025\/08\/En-Roma-con-lideres-de-EEUU.jpg\" \/>\n\t<meta property=\"og:image:width\" content=\"1024\" \/>\n\t<meta property=\"og:image:height\" content=\"557\" \/>\n\t<meta property=\"og:image:type\" content=\"image\/jpeg\" \/>\n<meta name=\"author\" content=\"Exaudi Redacci\u00f3n\" \/>\n<meta name=\"twitter:card\" content=\"summary_large_image\" \/>\n<meta name=\"twitter:creator\" content=\"@Exaudi_noticias\" \/>\n<meta name=\"twitter:site\" content=\"@Exaudi_News\" \/>\n<meta name=\"twitter:label1\" content=\"Escrito por\" \/>\n\t<meta name=\"twitter:data1\" content=\"Exaudi Redacci\u00f3n\" \/>\n\t<meta name=\"twitter:label2\" content=\"Tiempo de lectura\" \/>\n\t<meta name=\"twitter:data2\" content=\"4 minutos\" \/>\n<script type=\"application\/ld+json\" class=\"yoast-schema-graph\">{\"@context\":\"https:\\\/\\\/schema.org\",\"@graph\":[{\"@type\":\"Article\",\"@id\":\"https:\\\/\\\/exaudi.org\\\/es\\\/dra-emilce-cuda-reconocimiento-william-h-sadlier-2025-por-el-ministerio-hispano-latino\\\/#article\",\"isPartOf\":{\"@id\":\"https:\\\/\\\/exaudi.org\\\/es\\\/dra-emilce-cuda-reconocimiento-william-h-sadlier-2025-por-el-ministerio-hispano-latino\\\/\"},\"author\":{\"name\":\"Exaudi Redacci\u00f3n\",\"@id\":\"https:\\\/\\\/exaudi.org\\\/#\\\/schema\\\/person\\\/f5fc8f063065e38742da7afe15f25df7\"},\"headline\":\"Dra. Emilce Cuda, Secretaria de la Pontificia Comisi\u00f3n para Am\u00e9rica Latina del Vaticano, recibir\u00e1 el Reconocimiento William H. Sadlier 2025 por el Ministerio Hispano\\\/Latino\",\"datePublished\":\"2025-08-25T07:04:26+00:00\",\"dateModified\":\"2025-08-25T07:29:19+00:00\",\"mainEntityOfPage\":{\"@id\":\"https:\\\/\\\/exaudi.org\\\/es\\\/dra-emilce-cuda-reconocimiento-william-h-sadlier-2025-por-el-ministerio-hispano-latino\\\/\"},\"wordCount\":923,\"image\":{\"@id\":\"https:\\\/\\\/exaudi.org\\\/es\\\/dra-emilce-cuda-reconocimiento-william-h-sadlier-2025-por-el-ministerio-hispano-latino\\\/#primaryimage\"},\"thumbnailUrl\":\"https:\\\/\\\/exaudi.org\\\/wp-content\\\/uploads\\\/2025\\\/08\\\/En-Roma-con-lideres-de-EEUU.jpg\",\"keywords\":[\"catequesis\",\"CEBITEPAL\",\"CELAM\",\"comunidad cat\u00f3lica latina\",\"Consejo Nacional Cat\u00f3lico para el Ministerio Hispano\",\"Dra. Emilce Cuda\",\"formaci\u00f3n pastoral\",\"Iglesia Cat\u00f3lica en Estados Unidos\",\"inclusi\u00f3n eclesial\",\"Jubileo de los Migrantes\",\"Justicia Social\",\"liderazgo eclesial\",\"l\u00edderes cat\u00f3licos hispanos\",\"Migrantes\",\"ministerio hispano\",\"Ministerio Latino\",\"NCCHM\",\"pastoral de conjunto\",\"pastoral hispana\",\"pastoral latina\",\"Pontificia Comisi\u00f3n para Am\u00e9rica Latina\",\"premio eclesial\",\"Ra\u00edces y Alas\",\"Reconocimiento William H. Sadlier 2025\",\"servicio pastoral\",\"Trending\",\"Vaticano\"],\"articleSection\":[\"Iglesia y Mundo\"],\"inLanguage\":\"es\"},{\"@type\":\"WebPage\",\"@id\":\"https:\\\/\\\/exaudi.org\\\/es\\\/dra-emilce-cuda-reconocimiento-william-h-sadlier-2025-por-el-ministerio-hispano-latino\\\/\",\"url\":\"https:\\\/\\\/exaudi.org\\\/es\\\/dra-emilce-cuda-reconocimiento-william-h-sadlier-2025-por-el-ministerio-hispano-latino\\\/\",\"name\":\"Dra. Emilce Cuda, Secretaria de la Pontificia Comisi\u00f3n para Am\u00e9rica Latina del Vaticano, recibir\u00e1 el Reconocimiento William H. Sadlier 2025 por el Ministerio Hispano\\\/Latino &#8211; Exaudi\",\"isPartOf\":{\"@id\":\"https:\\\/\\\/exaudi.org\\\/#website\"},\"primaryImageOfPage\":{\"@id\":\"https:\\\/\\\/exaudi.org\\\/es\\\/dra-emilce-cuda-reconocimiento-william-h-sadlier-2025-por-el-ministerio-hispano-latino\\\/#primaryimage\"},\"image\":{\"@id\":\"https:\\\/\\\/exaudi.org\\\/es\\\/dra-emilce-cuda-reconocimiento-william-h-sadlier-2025-por-el-ministerio-hispano-latino\\\/#primaryimage\"},\"thumbnailUrl\":\"https:\\\/\\\/exaudi.org\\\/wp-content\\\/uploads\\\/2025\\\/08\\\/En-Roma-con-lideres-de-EEUU.jpg\",\"datePublished\":\"2025-08-25T07:04:26+00:00\",\"dateModified\":\"2025-08-25T07:29:19+00:00\",\"author\":{\"@id\":\"https:\\\/\\\/exaudi.org\\\/#\\\/schema\\\/person\\\/f5fc8f063065e38742da7afe15f25df7\"},\"breadcrumb\":{\"@id\":\"https:\\\/\\\/exaudi.org\\\/es\\\/dra-emilce-cuda-reconocimiento-william-h-sadlier-2025-por-el-ministerio-hispano-latino\\\/#breadcrumb\"},\"inLanguage\":\"es\",\"potentialAction\":[{\"@type\":\"ReadAction\",\"target\":[\"https:\\\/\\\/exaudi.org\\\/es\\\/dra-emilce-cuda-reconocimiento-william-h-sadlier-2025-por-el-ministerio-hispano-latino\\\/\"]}]},{\"@type\":\"ImageObject\",\"inLanguage\":\"es\",\"@id\":\"https:\\\/\\\/exaudi.org\\\/es\\\/dra-emilce-cuda-reconocimiento-william-h-sadlier-2025-por-el-ministerio-hispano-latino\\\/#primaryimage\",\"url\":\"https:\\\/\\\/exaudi.org\\\/wp-content\\\/uploads\\\/2025\\\/08\\\/En-Roma-con-lideres-de-EEUU.jpg\",\"contentUrl\":\"https:\\\/\\\/exaudi.org\\\/wp-content\\\/uploads\\\/2025\\\/08\\\/En-Roma-con-lideres-de-EEUU.jpg\",\"width\":1024,\"height\":557},{\"@type\":\"BreadcrumbList\",\"@id\":\"https:\\\/\\\/exaudi.org\\\/es\\\/dra-emilce-cuda-reconocimiento-william-h-sadlier-2025-por-el-ministerio-hispano-latino\\\/#breadcrumb\",\"itemListElement\":[{\"@type\":\"ListItem\",\"position\":1,\"name\":\"Portada\",\"item\":\"https:\\\/\\\/exaudi.org\\\/es\\\/\"},{\"@type\":\"ListItem\",\"position\":2,\"name\":\"Dra. Emilce Cuda, Secretaria de la Pontificia Comisi\u00f3n para Am\u00e9rica Latina del Vaticano, recibir\u00e1 el Reconocimiento William H. Sadlier 2025 por el Ministerio Hispano\\\/Latino\"}]},{\"@type\":\"WebSite\",\"@id\":\"https:\\\/\\\/exaudi.org\\\/#website\",\"url\":\"https:\\\/\\\/exaudi.org\\\/\",\"name\":\"Exaudi\",\"description\":\"News\",\"potentialAction\":[{\"@type\":\"SearchAction\",\"target\":{\"@type\":\"EntryPoint\",\"urlTemplate\":\"https:\\\/\\\/exaudi.org\\\/?s={search_term_string}\"},\"query-input\":{\"@type\":\"PropertyValueSpecification\",\"valueRequired\":true,\"valueName\":\"search_term_string\"}}],\"inLanguage\":\"es\"},{\"@type\":\"Person\",\"@id\":\"https:\\\/\\\/exaudi.org\\\/#\\\/schema\\\/person\\\/f5fc8f063065e38742da7afe15f25df7\",\"name\":\"Exaudi Redacci\u00f3n\",\"image\":{\"@type\":\"ImageObject\",\"inLanguage\":\"es\",\"@id\":\"https:\\\/\\\/secure.gravatar.com\\\/avatar\\\/fe0f6a059fb68d9b3e11bc5850dd4899b1c7492091a3cb6dd9b01b56ad828be2?s=96&d=mm&r=g\",\"url\":\"https:\\\/\\\/secure.gravatar.com\\\/avatar\\\/fe0f6a059fb68d9b3e11bc5850dd4899b1c7492091a3cb6dd9b01b56ad828be2?s=96&d=mm&r=g\",\"contentUrl\":\"https:\\\/\\\/secure.gravatar.com\\\/avatar\\\/fe0f6a059fb68d9b3e11bc5850dd4899b1c7492091a3cb6dd9b01b56ad828be2?s=96&d=mm&r=g\",\"caption\":\"Exaudi Redacci\u00f3n\"},\"description\":\"\u00bfQu\u00e9 es Exaudi News? Exaudi News es un medio de comunicaci\u00f3n cat\u00f3lico internacional que informa, forma y transforma, diariamente en espa\u00f1ol, ingl\u00e9s e italiano. A trav\u00e9s de noticias, art\u00edculos de an\u00e1lisis y transmisiones en directo de los eventos del Papa, Exaudi busca fortalecer la unidad de los cristianos y contribuir a la evangelizaci\u00f3n del mundo, siempre guiados por la doctrina social de la Iglesia. Trabajamos para acercar la verdad y los valores cristianos a cada rinc\u00f3n del planeta. \u00a1Ay\u00fadanos a transformar el mundo con Exaudi! En Exaudi creemos que la evangelizaci\u00f3n y la informaci\u00f3n de calidad pueden cambiar vidas. Para continuar con nuestra misi\u00f3n y expandir nuestro alcance, necesitamos tu ayuda. Adem\u00e1s, buscamos personas comprometidas que deseen unirse a nuestro equipo. Con tu apoyo, lograremos llegar a m\u00e1s personas, difundir el mensaje de Cristo y reforzar la unidad de los cristianos. \u00bfTe unes a nuestra misi\u00f3n? Para m\u00e1s informaci\u00f3n sobre c\u00f3mo colaborar, visita Exaudi.org\\\/es o cont\u00e1ctanos directamente: info@exaudi.org Exaudi: Informa, forma y transforma.\",\"sameAs\":[\"https:\\\/\\\/www.facebook.com\\\/ExaudiNoticias\\\/\",\"https:\\\/\\\/www.instagram.com\\\/exaudi_noticias\\\/\",\"https:\\\/\\\/x.com\\\/Exaudi_noticias\",\"https:\\\/\\\/www.youtube.com\\\/@exaudicatholicnews\"],\"url\":\"https:\\\/\\\/exaudi.org\\\/es\\\/author\\\/redaccionexaudi\\\/\"}]}<\/script>\n<!-- \/ Yoast SEO plugin. -->","yoast_head_json":{"title":"Dra. Emilce Cuda, Secretaria de la Pontificia Comisi\u00f3n para Am\u00e9rica Latina del Vaticano, recibir\u00e1 el Reconocimiento William H. Sadlier 2025 por el Ministerio Hispano\/Latino &#8211; Exaudi","robots":{"index":"index","follow":"follow","max-snippet":"max-snippet:-1","max-image-preview":"max-image-preview:large","max-video-preview":"max-video-preview:-1"},"canonical":"https:\/\/exaudi.org\/es\/dra-emilce-cuda-reconocimiento-william-h-sadlier-2025-por-el-ministerio-hispano-latino\/","og_locale":"es_ES","og_type":"article","og_title":"Dra. Emilce Cuda, Secretaria de la Pontificia Comisi\u00f3n para Am\u00e9rica Latina del Vaticano, recibir\u00e1 el Reconocimiento William H. Sadlier 2025 por el Ministerio Hispano\/Latino &#8211; Exaudi","og_description":"Un reconocimiento a su liderazgo prof\u00e9tico, compromiso con los migrantes y servicio al ministerio hispano en los Estados Unidos","og_url":"https:\/\/exaudi.org\/es\/dra-emilce-cuda-reconocimiento-william-h-sadlier-2025-por-el-ministerio-hispano-latino\/","og_site_name":"Exaudi","article_publisher":"https:\/\/www.facebook.com\/ExaudiNews","article_author":"https:\/\/www.facebook.com\/ExaudiNoticias\/","article_published_time":"2025-08-25T07:04:26+00:00","article_modified_time":"2025-08-25T07:29:19+00:00","og_image":[{"width":1024,"height":557,"url":"https:\/\/exaudi.org\/wp-content\/uploads\/2025\/08\/En-Roma-con-lideres-de-EEUU.jpg","type":"image\/jpeg"}],"author":"Exaudi Redacci\u00f3n","twitter_card":"summary_large_image","twitter_creator":"@Exaudi_noticias","twitter_site":"@Exaudi_News","twitter_misc":{"Escrito por":"Exaudi Redacci\u00f3n","Tiempo de lectura":"4 minutos"},"schema":{"@context":"https:\/\/schema.org","@graph":[{"@type":"Article","@id":"https:\/\/exaudi.org\/es\/dra-emilce-cuda-reconocimiento-william-h-sadlier-2025-por-el-ministerio-hispano-latino\/#article","isPartOf":{"@id":"https:\/\/exaudi.org\/es\/dra-emilce-cuda-reconocimiento-william-h-sadlier-2025-por-el-ministerio-hispano-latino\/"},"author":{"name":"Exaudi Redacci\u00f3n","@id":"https:\/\/exaudi.org\/#\/schema\/person\/f5fc8f063065e38742da7afe15f25df7"},"headline":"Dra. Emilce Cuda, Secretaria de la Pontificia Comisi\u00f3n para Am\u00e9rica Latina del Vaticano, recibir\u00e1 el Reconocimiento William H. Sadlier 2025 por el Ministerio Hispano\/Latino","datePublished":"2025-08-25T07:04:26+00:00","dateModified":"2025-08-25T07:29:19+00:00","mainEntityOfPage":{"@id":"https:\/\/exaudi.org\/es\/dra-emilce-cuda-reconocimiento-william-h-sadlier-2025-por-el-ministerio-hispano-latino\/"},"wordCount":923,"image":{"@id":"https:\/\/exaudi.org\/es\/dra-emilce-cuda-reconocimiento-william-h-sadlier-2025-por-el-ministerio-hispano-latino\/#primaryimage"},"thumbnailUrl":"https:\/\/exaudi.org\/wp-content\/uploads\/2025\/08\/En-Roma-con-lideres-de-EEUU.jpg","keywords":["catequesis","CEBITEPAL","CELAM","comunidad cat\u00f3lica latina","Consejo Nacional Cat\u00f3lico para el Ministerio Hispano","Dra. Emilce Cuda","formaci\u00f3n pastoral","Iglesia Cat\u00f3lica en Estados Unidos","inclusi\u00f3n eclesial","Jubileo de los Migrantes","Justicia Social","liderazgo eclesial","l\u00edderes cat\u00f3licos hispanos","Migrantes","ministerio hispano","Ministerio Latino","NCCHM","pastoral de conjunto","pastoral hispana","pastoral latina","Pontificia Comisi\u00f3n para Am\u00e9rica Latina","premio eclesial","Ra\u00edces y Alas","Reconocimiento William H. Sadlier 2025","servicio pastoral","Trending","Vaticano"],"articleSection":["Iglesia y Mundo"],"inLanguage":"es"},{"@type":"WebPage","@id":"https:\/\/exaudi.org\/es\/dra-emilce-cuda-reconocimiento-william-h-sadlier-2025-por-el-ministerio-hispano-latino\/","url":"https:\/\/exaudi.org\/es\/dra-emilce-cuda-reconocimiento-william-h-sadlier-2025-por-el-ministerio-hispano-latino\/","name":"Dra. Emilce Cuda, Secretaria de la Pontificia Comisi\u00f3n para Am\u00e9rica Latina del Vaticano, recibir\u00e1 el Reconocimiento William H. Sadlier 2025 por el Ministerio Hispano\/Latino &#8211; Exaudi","isPartOf":{"@id":"https:\/\/exaudi.org\/#website"},"primaryImageOfPage":{"@id":"https:\/\/exaudi.org\/es\/dra-emilce-cuda-reconocimiento-william-h-sadlier-2025-por-el-ministerio-hispano-latino\/#primaryimage"},"image":{"@id":"https:\/\/exaudi.org\/es\/dra-emilce-cuda-reconocimiento-william-h-sadlier-2025-por-el-ministerio-hispano-latino\/#primaryimage"},"thumbnailUrl":"https:\/\/exaudi.org\/wp-content\/uploads\/2025\/08\/En-Roma-con-lideres-de-EEUU.jpg","datePublished":"2025-08-25T07:04:26+00:00","dateModified":"2025-08-25T07:29:19+00:00","author":{"@id":"https:\/\/exaudi.org\/#\/schema\/person\/f5fc8f063065e38742da7afe15f25df7"},"breadcrumb":{"@id":"https:\/\/exaudi.org\/es\/dra-emilce-cuda-reconocimiento-william-h-sadlier-2025-por-el-ministerio-hispano-latino\/#breadcrumb"},"inLanguage":"es","potentialAction":[{"@type":"ReadAction","target":["https:\/\/exaudi.org\/es\/dra-emilce-cuda-reconocimiento-william-h-sadlier-2025-por-el-ministerio-hispano-latino\/"]}]},{"@type":"ImageObject","inLanguage":"es","@id":"https:\/\/exaudi.org\/es\/dra-emilce-cuda-reconocimiento-william-h-sadlier-2025-por-el-ministerio-hispano-latino\/#primaryimage","url":"https:\/\/exaudi.org\/wp-content\/uploads\/2025\/08\/En-Roma-con-lideres-de-EEUU.jpg","contentUrl":"https:\/\/exaudi.org\/wp-content\/uploads\/2025\/08\/En-Roma-con-lideres-de-EEUU.jpg","width":1024,"height":557},{"@type":"BreadcrumbList","@id":"https:\/\/exaudi.org\/es\/dra-emilce-cuda-reconocimiento-william-h-sadlier-2025-por-el-ministerio-hispano-latino\/#breadcrumb","itemListElement":[{"@type":"ListItem","position":1,"name":"Portada","item":"https:\/\/exaudi.org\/es\/"},{"@type":"ListItem","position":2,"name":"Dra. Emilce Cuda, Secretaria de la Pontificia Comisi\u00f3n para Am\u00e9rica Latina del Vaticano, recibir\u00e1 el Reconocimiento William H. Sadlier 2025 por el Ministerio Hispano\/Latino"}]},{"@type":"WebSite","@id":"https:\/\/exaudi.org\/#website","url":"https:\/\/exaudi.org\/","name":"Exaudi","description":"News","potentialAction":[{"@type":"SearchAction","target":{"@type":"EntryPoint","urlTemplate":"https:\/\/exaudi.org\/?s={search_term_string}"},"query-input":{"@type":"PropertyValueSpecification","valueRequired":true,"valueName":"search_term_string"}}],"inLanguage":"es"},{"@type":"Person","@id":"https:\/\/exaudi.org\/#\/schema\/person\/f5fc8f063065e38742da7afe15f25df7","name":"Exaudi Redacci\u00f3n","image":{"@type":"ImageObject","inLanguage":"es","@id":"https:\/\/secure.gravatar.com\/avatar\/fe0f6a059fb68d9b3e11bc5850dd4899b1c7492091a3cb6dd9b01b56ad828be2?s=96&d=mm&r=g","url":"https:\/\/secure.gravatar.com\/avatar\/fe0f6a059fb68d9b3e11bc5850dd4899b1c7492091a3cb6dd9b01b56ad828be2?s=96&d=mm&r=g","contentUrl":"https:\/\/secure.gravatar.com\/avatar\/fe0f6a059fb68d9b3e11bc5850dd4899b1c7492091a3cb6dd9b01b56ad828be2?s=96&d=mm&r=g","caption":"Exaudi Redacci\u00f3n"},"description":"\u00bfQu\u00e9 es Exaudi News? Exaudi News es un medio de comunicaci\u00f3n cat\u00f3lico internacional que informa, forma y transforma, diariamente en espa\u00f1ol, ingl\u00e9s e italiano. A trav\u00e9s de noticias, art\u00edculos de an\u00e1lisis y transmisiones en directo de los eventos del Papa, Exaudi busca fortalecer la unidad de los cristianos y contribuir a la evangelizaci\u00f3n del mundo, siempre guiados por la doctrina social de la Iglesia. Trabajamos para acercar la verdad y los valores cristianos a cada rinc\u00f3n del planeta. \u00a1Ay\u00fadanos a transformar el mundo con Exaudi! En Exaudi creemos que la evangelizaci\u00f3n y la informaci\u00f3n de calidad pueden cambiar vidas. Para continuar con nuestra misi\u00f3n y expandir nuestro alcance, necesitamos tu ayuda. Adem\u00e1s, buscamos personas comprometidas que deseen unirse a nuestro equipo. Con tu apoyo, lograremos llegar a m\u00e1s personas, difundir el mensaje de Cristo y reforzar la unidad de los cristianos. \u00bfTe unes a nuestra misi\u00f3n? Para m\u00e1s informaci\u00f3n sobre c\u00f3mo colaborar, visita Exaudi.org\/es o cont\u00e1ctanos directamente: info@exaudi.org Exaudi: Informa, forma y transforma.","sameAs":["https:\/\/www.facebook.com\/ExaudiNoticias\/","https:\/\/www.instagram.com\/exaudi_noticias\/","https:\/\/x.com\/Exaudi_noticias","https:\/\/www.youtube.com\/@exaudicatholicnews"],"url":"https:\/\/exaudi.org\/es\/author\/redaccionexaudi\/"}]}},"jetpack_featured_media_url":"https:\/\/exaudi.org\/wp-content\/uploads\/2025\/08\/En-Roma-con-lideres-de-EEUU.jpg","jetpack_shortlink":"https:\/\/wp.me\/pgKjF2-ykw","_links":{"self":[{"href":"https:\/\/exaudi.org\/es\/wp-json\/wp\/v2\/posts\/131968","targetHints":{"allow":["GET"]}}],"collection":[{"href":"https:\/\/exaudi.org\/es\/wp-json\/wp\/v2\/posts"}],"about":[{"href":"https:\/\/exaudi.org\/es\/wp-json\/wp\/v2\/types\/post"}],"author":[{"embeddable":true,"href":"https:\/\/exaudi.org\/es\/wp-json\/wp\/v2\/users\/15"}],"replies":[{"embeddable":true,"href":"https:\/\/exaudi.org\/es\/wp-json\/wp\/v2\/comments?post=131968"}],"version-history":[{"count":4,"href":"https:\/\/exaudi.org\/es\/wp-json\/wp\/v2\/posts\/131968\/revisions"}],"predecessor-version":[{"id":131978,"href":"https:\/\/exaudi.org\/es\/wp-json\/wp\/v2\/posts\/131968\/revisions\/131978"}],"wp:featuredmedia":[{"embeddable":true,"href":"https:\/\/exaudi.org\/es\/wp-json\/wp\/v2\/media\/131970"}],"wp:attachment":[{"href":"https:\/\/exaudi.org\/es\/wp-json\/wp\/v2\/media?parent=131968"}],"wp:term":[{"taxonomy":"category","embeddable":true,"href":"https:\/\/exaudi.org\/es\/wp-json\/wp\/v2\/categories?post=131968"},{"taxonomy":"post_tag","embeddable":true,"href":"https:\/\/exaudi.org\/es\/wp-json\/wp\/v2\/tags?post=131968"}],"curies":[{"name":"wp","href":"https:\/\/api.w.org\/{rel}","templated":true}]}}