{"id":131288,"date":"2025-08-08T10:37:44","date_gmt":"2025-08-08T08:37:44","guid":{"rendered":"https:\/\/exaudi.org\/?p=131288"},"modified":"2025-08-08T12:02:40","modified_gmt":"2025-08-08T10:02:40","slug":"y-si-rezar-no-fuera-tan-complicado","status":"publish","type":"post","link":"https:\/\/exaudi.org\/es\/y-si-rezar-no-fuera-tan-complicado\/","title":{"rendered":"\u00bfY si rezar no fuera tan complicado?"},"content":{"rendered":"<h3><strong>Orar\u2026 \u00bfde verdad no es tan dif\u00edcil?<\/strong><\/h3>\n<p>La oraci\u00f3n no es un ritual reservado a expertos; es simplemente una conversaci\u00f3n con Aquel que nos ama. Como ense\u00f1aba san Agust\u00edn, la oraci\u00f3n es el encuentro de la sed de Dios y de la sed del hombre: un di\u00e1logo cercano, sincero, libre.<\/p>\n<p><iframe title=\"Spotify Embed: \u00bfY si rezar no fuera tan complicado?\" style=\"border-radius: 12px\" width=\"100%\" height=\"152\" frameborder=\"0\" allowfullscreen allow=\"autoplay; clipboard-write; encrypted-media; fullscreen; picture-in-picture\" loading=\"lazy\" src=\"https:\/\/open.spotify.com\/embed\/episode\/4nS4vFoE7WJ4bPI7Ccpr35?si=ph4Rs4A_R42MU8rLoTmDVA&#038;utm_source=oembed\"><\/iframe><\/p>\n<h3><strong>Pocos ingredientes, gran experiencia: humildad y constancia<\/strong><\/h3>\n<p>El Catecismo de la Iglesia Cat\u00f3lica recuerda que la oraci\u00f3n aut\u00e9ntica nace de la humildad y se sostiene con perseverancia. No se trata de encontrar las palabras \u201cperfectas\u201d, sino de acercarse con confianza, con el coraz\u00f3n abierto y sin m\u00e1scaras. No hay recetas m\u00e1gicas, pero s\u00ed una actitud: la de quien se sabe hijo y se deja mirar por el Padre.<\/p>\n<h3><strong>Tres claves para simplificar la oraci\u00f3n diaria<\/strong><\/h3>\n<p><strong>1. Busca silencio\u2026 incluso unos minutos.<\/strong><\/p>\n<p>No necesitas una capilla ni una hora entera. Basta con unos minutos en silencio, en un rinc\u00f3n de casa o durante el trayecto al trabajo. Basta con decir: \u201cSe\u00f1or, aqu\u00ed estoy\u201d.<\/p>\n<p><strong>2. Olvida f\u00f3rmulas m\u00e1gicas\u2026 pero conserva lo esencial.<\/strong><\/p>\n<p>Jes\u00fas nos dej\u00f3 el Padre Nuestro. No es solo una oraci\u00f3n, es un modelo: reconoce a Dios, pide lo justo, se entrega con confianza. Usar oraciones tradicionales es bueno, pero tambi\u00e9n hablar con tus propias palabras.<\/p>\n<p><strong>3. Haz oraci\u00f3n a tu estilo.<\/strong><\/p>\n<p>Cada persona tiene su camino. Algunos rezan meditando un salmo, otros con el rosario, otros con una imagen, otros escribiendo en un cuaderno. Lo importante no es el m\u00e9todo, sino el encuentro. Ponerse cara a cara con el Se\u00f1or y hablarle.<\/p>\n<h3><strong>Biblias, susurros y paz: haz silencio y escucha<\/strong><\/h3>\n<p>La \u201cLectio Divina\u201d \u2014lectura orante de la Palabra\u2014 es una de las formas m\u00e1s sencillas y profundas de oraci\u00f3n. No se trata de estudiar la Biblia, sino de dejar que Dios te hable a trav\u00e9s de un vers\u00edculo, una imagen, una frase. Es leer, meditar, responder y luego&#8230; simplemente estar.<\/p>\n<h3><strong>Cuando no sabes qu\u00e9 decir\u2026 Dios te entiende<\/strong><\/h3>\n<p>A veces las palabras no salen. A veces lo \u00fanico que puedes decir es un suspiro, un \u201cay\u00fadame\u201d, o un \u201cno entiendo nada\u201d. Y eso tambi\u00e9n es oraci\u00f3n. Porque el Esp\u00edritu Santo ora en nosotros cuando nuestro lenguaje se queda corto. Dios no necesita discursos: necesita tu verdad.<\/p>\n<h3><strong>Perseverar\u2026 aunque el silencio duela<\/strong><\/h3>\n<p>Habr\u00e1 d\u00edas en que la oraci\u00f3n te parezca una fiesta interior, y otros en que sea un desierto. No pasa nada. Tambi\u00e9n Jes\u00fas vivi\u00f3 momentos de oscuridad ante el Padre. Perseverar en la oraci\u00f3n es una forma de amar sin condiciones. Y esa fidelidad silenciosa transforma.<\/p>\n<p><strong>Rezar<\/strong> no es una tarea pesada, sino un gesto de amor. Es dejar que Dios entre en tu vida con su luz, su consuelo y su verdad. No hace falta hacerlo perfecto: basta con hacerlo desde el coraz\u00f3n.<\/p>\n<p>Empieza hoy. Un minuto, una frase, un suspiro. Dile: \u201cSe\u00f1or, aqu\u00ed estoy\u201d. Y deja que todo lo dem\u00e1s lo haga \u00c9l.<\/p>\n<p><img loading=\"lazy\" decoding=\"async\" class=\"size-full wp-image-131293 alignnone\" src=\"https:\/\/exaudi.org\/wp-content\/uploads\/2025\/08\/Copy.jpg\" alt=\"\" width=\"940\" height=\"788\" srcset=\"https:\/\/exaudi.org\/wp-content\/uploads\/2025\/08\/Copy.jpg 940w, https:\/\/exaudi.org\/wp-content\/uploads\/2025\/08\/Copy-300x251.jpg 300w, https:\/\/exaudi.org\/wp-content\/uploads\/2025\/08\/Copy-770x645.jpg 770w, https:\/\/exaudi.org\/wp-content\/uploads\/2025\/08\/Copy-500x419.jpg 500w\" sizes=\"auto, (max-width: 940px) 100vw, 940px\" \/><\/p>\n","protected":false},"excerpt":{"rendered":"<p>Claves sencillas para redescubrir el di\u00e1logo con Dios<\/p>\n","protected":false},"author":151,"featured_media":131289,"comment_status":"closed","ping_status":"closed","sticky":false,"template":"","format":"standard","meta":{"_acf_changed":false,"_crdt_document":"","inline_featured_image":false,"footnotes":""},"categories":[],"tags":[69396,69398,69390,69389,18039,69394,69397,69393,69392,22344,69391,61283,35275,69395],"class_list":["post-131288","post","type-post","status-publish","format-standard","has-post-thumbnail","hentry","tag-aprender-a-rezar","tag-como-hablar-con-dios","tag-como-rezar-facilmente","tag-desmitificar-la-oracion","tag-dialogo-con-dios","tag-espiritu-santo-ayuda","tag-guia-para-orar","tag-humildad-al-orar","tag-lectio-divina","tag-oracion-catolica","tag-oracion-cotidiana","tag-oracion-sencilla","tag-patricia-jimenez-ramirez","tag-perseverar-en-la-oracion"],"acf":[],"yoast_head":"<!-- This site is optimized with the Yoast SEO plugin v27.4 - https:\/\/yoast.com\/product\/yoast-seo-wordpress\/ -->\n<title>\u00bfY si rezar no fuera tan complicado? &#8211; Exaudi<\/title>\n<meta name=\"robots\" content=\"index, follow, max-snippet:-1, max-image-preview:large, max-video-preview:-1\" \/>\n<link rel=\"canonical\" href=\"https:\/\/exaudi.org\/es\/y-si-rezar-no-fuera-tan-complicado\/\" \/>\n<meta property=\"og:locale\" content=\"es_ES\" \/>\n<meta property=\"og:type\" content=\"article\" \/>\n<meta property=\"og:title\" content=\"\u00bfY si rezar no fuera tan complicado? &#8211; Exaudi\" \/>\n<meta property=\"og:description\" content=\"Claves sencillas para redescubrir el di\u00e1logo con Dios\" \/>\n<meta property=\"og:url\" content=\"https:\/\/exaudi.org\/es\/y-si-rezar-no-fuera-tan-complicado\/\" \/>\n<meta property=\"og:site_name\" content=\"Exaudi\" \/>\n<meta property=\"article:publisher\" content=\"https:\/\/www.facebook.com\/ExaudiNews\" \/>\n<meta property=\"article:published_time\" content=\"2025-08-08T08:37:44+00:00\" \/>\n<meta property=\"article:modified_time\" content=\"2025-08-08T10:02:40+00:00\" \/>\n<meta property=\"og:image\" content=\"https:\/\/exaudi.org\/wp-content\/uploads\/2025\/08\/pexels-rdne-5875069-scaled.jpg\" \/>\n\t<meta property=\"og:image:width\" content=\"2560\" \/>\n\t<meta property=\"og:image:height\" content=\"1707\" \/>\n\t<meta property=\"og:image:type\" content=\"image\/jpeg\" \/>\n<meta name=\"author\" content=\"Patricia Jim\u00e9nez Ram\u00edrez\" \/>\n<meta name=\"twitter:card\" content=\"summary_large_image\" \/>\n<meta name=\"twitter:creator\" content=\"@Exaudi_News\" \/>\n<meta name=\"twitter:site\" content=\"@Exaudi_News\" \/>\n<meta name=\"twitter:label1\" content=\"Escrito por\" \/>\n\t<meta name=\"twitter:data1\" content=\"Patricia Jim\u00e9nez Ram\u00edrez\" \/>\n\t<meta name=\"twitter:label2\" content=\"Tiempo de lectura\" \/>\n\t<meta name=\"twitter:data2\" content=\"3 minutos\" \/>\n<script type=\"application\/ld+json\" class=\"yoast-schema-graph\">{\"@context\":\"https:\\\/\\\/schema.org\",\"@graph\":[{\"@type\":\"Article\",\"@id\":\"https:\\\/\\\/exaudi.org\\\/es\\\/y-si-rezar-no-fuera-tan-complicado\\\/#article\",\"isPartOf\":{\"@id\":\"https:\\\/\\\/exaudi.org\\\/es\\\/y-si-rezar-no-fuera-tan-complicado\\\/\"},\"author\":{\"name\":\"Patricia Jim\u00e9nez Ram\u00edrez\",\"@id\":\"https:\\\/\\\/exaudi.org\\\/#\\\/schema\\\/person\\\/e7ff749045cafab5d7b926bb4edeaa51\"},\"headline\":\"\u00bfY si rezar no fuera tan complicado?\",\"datePublished\":\"2025-08-08T08:37:44+00:00\",\"dateModified\":\"2025-08-08T10:02:40+00:00\",\"mainEntityOfPage\":{\"@id\":\"https:\\\/\\\/exaudi.org\\\/es\\\/y-si-rezar-no-fuera-tan-complicado\\\/\"},\"wordCount\":538,\"image\":{\"@id\":\"https:\\\/\\\/exaudi.org\\\/es\\\/y-si-rezar-no-fuera-tan-complicado\\\/#primaryimage\"},\"thumbnailUrl\":\"https:\\\/\\\/exaudi.org\\\/wp-content\\\/uploads\\\/2025\\\/08\\\/pexels-rdne-5875069-scaled.jpg\",\"keywords\":[\"aprender a rezar\",\"c\u00f3mo hablar con Dios\",\"c\u00f3mo rezar f\u00e1cilmente\",\"desmitificar la oraci\u00f3n\",\"di\u00e1logo con Dios\",\"Esp\u00edritu Santo ayuda\",\"gu\u00eda para orar\",\"humildad al orar\",\"Lectio Divina\",\"oraci\u00f3n cat\u00f3lica\",\"oraci\u00f3n cotidiana\",\"oraci\u00f3n sencilla\",\"Patricia Jim\u00e9nez Ram\u00edrez\",\"perseverar en la oraci\u00f3n\"],\"inLanguage\":\"es\"},{\"@type\":\"WebPage\",\"@id\":\"https:\\\/\\\/exaudi.org\\\/es\\\/y-si-rezar-no-fuera-tan-complicado\\\/\",\"url\":\"https:\\\/\\\/exaudi.org\\\/es\\\/y-si-rezar-no-fuera-tan-complicado\\\/\",\"name\":\"\u00bfY si rezar no fuera tan complicado? &#8211; Exaudi\",\"isPartOf\":{\"@id\":\"https:\\\/\\\/exaudi.org\\\/#website\"},\"primaryImageOfPage\":{\"@id\":\"https:\\\/\\\/exaudi.org\\\/es\\\/y-si-rezar-no-fuera-tan-complicado\\\/#primaryimage\"},\"image\":{\"@id\":\"https:\\\/\\\/exaudi.org\\\/es\\\/y-si-rezar-no-fuera-tan-complicado\\\/#primaryimage\"},\"thumbnailUrl\":\"https:\\\/\\\/exaudi.org\\\/wp-content\\\/uploads\\\/2025\\\/08\\\/pexels-rdne-5875069-scaled.jpg\",\"datePublished\":\"2025-08-08T08:37:44+00:00\",\"dateModified\":\"2025-08-08T10:02:40+00:00\",\"author\":{\"@id\":\"https:\\\/\\\/exaudi.org\\\/#\\\/schema\\\/person\\\/e7ff749045cafab5d7b926bb4edeaa51\"},\"breadcrumb\":{\"@id\":\"https:\\\/\\\/exaudi.org\\\/es\\\/y-si-rezar-no-fuera-tan-complicado\\\/#breadcrumb\"},\"inLanguage\":\"es\",\"potentialAction\":[{\"@type\":\"ReadAction\",\"target\":[\"https:\\\/\\\/exaudi.org\\\/es\\\/y-si-rezar-no-fuera-tan-complicado\\\/\"]}]},{\"@type\":\"ImageObject\",\"inLanguage\":\"es\",\"@id\":\"https:\\\/\\\/exaudi.org\\\/es\\\/y-si-rezar-no-fuera-tan-complicado\\\/#primaryimage\",\"url\":\"https:\\\/\\\/exaudi.org\\\/wp-content\\\/uploads\\\/2025\\\/08\\\/pexels-rdne-5875069-scaled.jpg\",\"contentUrl\":\"https:\\\/\\\/exaudi.org\\\/wp-content\\\/uploads\\\/2025\\\/08\\\/pexels-rdne-5875069-scaled.jpg\",\"width\":2560,\"height\":1707},{\"@type\":\"BreadcrumbList\",\"@id\":\"https:\\\/\\\/exaudi.org\\\/es\\\/y-si-rezar-no-fuera-tan-complicado\\\/#breadcrumb\",\"itemListElement\":[{\"@type\":\"ListItem\",\"position\":1,\"name\":\"Portada\",\"item\":\"https:\\\/\\\/exaudi.org\\\/es\\\/\"},{\"@type\":\"ListItem\",\"position\":2,\"name\":\"\u00bfY si rezar no fuera tan complicado?\"}]},{\"@type\":\"WebSite\",\"@id\":\"https:\\\/\\\/exaudi.org\\\/#website\",\"url\":\"https:\\\/\\\/exaudi.org\\\/\",\"name\":\"Exaudi\",\"description\":\"News\",\"potentialAction\":[{\"@type\":\"SearchAction\",\"target\":{\"@type\":\"EntryPoint\",\"urlTemplate\":\"https:\\\/\\\/exaudi.org\\\/?s={search_term_string}\"},\"query-input\":{\"@type\":\"PropertyValueSpecification\",\"valueRequired\":true,\"valueName\":\"search_term_string\"}}],\"inLanguage\":\"es\"},{\"@type\":\"Person\",\"@id\":\"https:\\\/\\\/exaudi.org\\\/#\\\/schema\\\/person\\\/e7ff749045cafab5d7b926bb4edeaa51\",\"name\":\"Patricia Jim\u00e9nez Ram\u00edrez\",\"image\":{\"@type\":\"ImageObject\",\"inLanguage\":\"es\",\"@id\":\"https:\\\/\\\/secure.gravatar.com\\\/avatar\\\/c1f016f3010698237250f552cc424d09fd3f545baa3b0e2f5008eae3181ed438?s=96&d=mm&r=g\",\"url\":\"https:\\\/\\\/secure.gravatar.com\\\/avatar\\\/c1f016f3010698237250f552cc424d09fd3f545baa3b0e2f5008eae3181ed438?s=96&d=mm&r=g\",\"contentUrl\":\"https:\\\/\\\/secure.gravatar.com\\\/avatar\\\/c1f016f3010698237250f552cc424d09fd3f545baa3b0e2f5008eae3181ed438?s=96&d=mm&r=g\",\"caption\":\"Patricia Jim\u00e9nez Ram\u00edrez\"},\"description\":\"Soy una mujer comprometida con mi familia, con una s\u00f3lida experiencia empresarial y una profunda dedicaci\u00f3n al hogar. Durante a\u00f1os trabaj\u00e9 en diversos entornos empresariales, liderando equipos y gestionando proyectos de impacto. Sin embargo, en los \u00faltimos a\u00f1os he tomado la decisi\u00f3n de centrarme en mi hogar y dedicar m\u00e1s tiempo a mi marido e hijos, quienes son mi mayor prioridad. Mi experiencia en el \u00e1mbito empresarial me ha brindado valiosas habilidades en gesti\u00f3n del tiempo, organizaci\u00f3n, liderazgo y resoluci\u00f3n de problemas, que ahora aplico en mi vida familiar para fomentar un ambiente armonioso y saludable para todos\",\"url\":\"https:\\\/\\\/exaudi.org\\\/es\\\/author\\\/patricia-jimenez-ramirez\\\/\"}]}<\/script>\n<!-- \/ Yoast SEO plugin. -->","yoast_head_json":{"title":"\u00bfY si rezar no fuera tan complicado? &#8211; Exaudi","robots":{"index":"index","follow":"follow","max-snippet":"max-snippet:-1","max-image-preview":"max-image-preview:large","max-video-preview":"max-video-preview:-1"},"canonical":"https:\/\/exaudi.org\/es\/y-si-rezar-no-fuera-tan-complicado\/","og_locale":"es_ES","og_type":"article","og_title":"\u00bfY si rezar no fuera tan complicado? &#8211; Exaudi","og_description":"Claves sencillas para redescubrir el di\u00e1logo con Dios","og_url":"https:\/\/exaudi.org\/es\/y-si-rezar-no-fuera-tan-complicado\/","og_site_name":"Exaudi","article_publisher":"https:\/\/www.facebook.com\/ExaudiNews","article_published_time":"2025-08-08T08:37:44+00:00","article_modified_time":"2025-08-08T10:02:40+00:00","og_image":[{"width":2560,"height":1707,"url":"https:\/\/exaudi.org\/wp-content\/uploads\/2025\/08\/pexels-rdne-5875069-scaled.jpg","type":"image\/jpeg"}],"author":"Patricia Jim\u00e9nez Ram\u00edrez","twitter_card":"summary_large_image","twitter_creator":"@Exaudi_News","twitter_site":"@Exaudi_News","twitter_misc":{"Escrito por":"Patricia Jim\u00e9nez Ram\u00edrez","Tiempo de lectura":"3 minutos"},"schema":{"@context":"https:\/\/schema.org","@graph":[{"@type":"Article","@id":"https:\/\/exaudi.org\/es\/y-si-rezar-no-fuera-tan-complicado\/#article","isPartOf":{"@id":"https:\/\/exaudi.org\/es\/y-si-rezar-no-fuera-tan-complicado\/"},"author":{"name":"Patricia Jim\u00e9nez Ram\u00edrez","@id":"https:\/\/exaudi.org\/#\/schema\/person\/e7ff749045cafab5d7b926bb4edeaa51"},"headline":"\u00bfY si rezar no fuera tan complicado?","datePublished":"2025-08-08T08:37:44+00:00","dateModified":"2025-08-08T10:02:40+00:00","mainEntityOfPage":{"@id":"https:\/\/exaudi.org\/es\/y-si-rezar-no-fuera-tan-complicado\/"},"wordCount":538,"image":{"@id":"https:\/\/exaudi.org\/es\/y-si-rezar-no-fuera-tan-complicado\/#primaryimage"},"thumbnailUrl":"https:\/\/exaudi.org\/wp-content\/uploads\/2025\/08\/pexels-rdne-5875069-scaled.jpg","keywords":["aprender a rezar","c\u00f3mo hablar con Dios","c\u00f3mo rezar f\u00e1cilmente","desmitificar la oraci\u00f3n","di\u00e1logo con Dios","Esp\u00edritu Santo ayuda","gu\u00eda para orar","humildad al orar","Lectio Divina","oraci\u00f3n cat\u00f3lica","oraci\u00f3n cotidiana","oraci\u00f3n sencilla","Patricia Jim\u00e9nez Ram\u00edrez","perseverar en la oraci\u00f3n"],"inLanguage":"es"},{"@type":"WebPage","@id":"https:\/\/exaudi.org\/es\/y-si-rezar-no-fuera-tan-complicado\/","url":"https:\/\/exaudi.org\/es\/y-si-rezar-no-fuera-tan-complicado\/","name":"\u00bfY si rezar no fuera tan complicado? &#8211; Exaudi","isPartOf":{"@id":"https:\/\/exaudi.org\/#website"},"primaryImageOfPage":{"@id":"https:\/\/exaudi.org\/es\/y-si-rezar-no-fuera-tan-complicado\/#primaryimage"},"image":{"@id":"https:\/\/exaudi.org\/es\/y-si-rezar-no-fuera-tan-complicado\/#primaryimage"},"thumbnailUrl":"https:\/\/exaudi.org\/wp-content\/uploads\/2025\/08\/pexels-rdne-5875069-scaled.jpg","datePublished":"2025-08-08T08:37:44+00:00","dateModified":"2025-08-08T10:02:40+00:00","author":{"@id":"https:\/\/exaudi.org\/#\/schema\/person\/e7ff749045cafab5d7b926bb4edeaa51"},"breadcrumb":{"@id":"https:\/\/exaudi.org\/es\/y-si-rezar-no-fuera-tan-complicado\/#breadcrumb"},"inLanguage":"es","potentialAction":[{"@type":"ReadAction","target":["https:\/\/exaudi.org\/es\/y-si-rezar-no-fuera-tan-complicado\/"]}]},{"@type":"ImageObject","inLanguage":"es","@id":"https:\/\/exaudi.org\/es\/y-si-rezar-no-fuera-tan-complicado\/#primaryimage","url":"https:\/\/exaudi.org\/wp-content\/uploads\/2025\/08\/pexels-rdne-5875069-scaled.jpg","contentUrl":"https:\/\/exaudi.org\/wp-content\/uploads\/2025\/08\/pexels-rdne-5875069-scaled.jpg","width":2560,"height":1707},{"@type":"BreadcrumbList","@id":"https:\/\/exaudi.org\/es\/y-si-rezar-no-fuera-tan-complicado\/#breadcrumb","itemListElement":[{"@type":"ListItem","position":1,"name":"Portada","item":"https:\/\/exaudi.org\/es\/"},{"@type":"ListItem","position":2,"name":"\u00bfY si rezar no fuera tan complicado?"}]},{"@type":"WebSite","@id":"https:\/\/exaudi.org\/#website","url":"https:\/\/exaudi.org\/","name":"Exaudi","description":"News","potentialAction":[{"@type":"SearchAction","target":{"@type":"EntryPoint","urlTemplate":"https:\/\/exaudi.org\/?s={search_term_string}"},"query-input":{"@type":"PropertyValueSpecification","valueRequired":true,"valueName":"search_term_string"}}],"inLanguage":"es"},{"@type":"Person","@id":"https:\/\/exaudi.org\/#\/schema\/person\/e7ff749045cafab5d7b926bb4edeaa51","name":"Patricia Jim\u00e9nez Ram\u00edrez","image":{"@type":"ImageObject","inLanguage":"es","@id":"https:\/\/secure.gravatar.com\/avatar\/c1f016f3010698237250f552cc424d09fd3f545baa3b0e2f5008eae3181ed438?s=96&d=mm&r=g","url":"https:\/\/secure.gravatar.com\/avatar\/c1f016f3010698237250f552cc424d09fd3f545baa3b0e2f5008eae3181ed438?s=96&d=mm&r=g","contentUrl":"https:\/\/secure.gravatar.com\/avatar\/c1f016f3010698237250f552cc424d09fd3f545baa3b0e2f5008eae3181ed438?s=96&d=mm&r=g","caption":"Patricia Jim\u00e9nez Ram\u00edrez"},"description":"Soy una mujer comprometida con mi familia, con una s\u00f3lida experiencia empresarial y una profunda dedicaci\u00f3n al hogar. Durante a\u00f1os trabaj\u00e9 en diversos entornos empresariales, liderando equipos y gestionando proyectos de impacto. Sin embargo, en los \u00faltimos a\u00f1os he tomado la decisi\u00f3n de centrarme en mi hogar y dedicar m\u00e1s tiempo a mi marido e hijos, quienes son mi mayor prioridad. Mi experiencia en el \u00e1mbito empresarial me ha brindado valiosas habilidades en gesti\u00f3n del tiempo, organizaci\u00f3n, liderazgo y resoluci\u00f3n de problemas, que ahora aplico en mi vida familiar para fomentar un ambiente armonioso y saludable para todos","url":"https:\/\/exaudi.org\/es\/author\/patricia-jimenez-ramirez\/"}]}},"jetpack_featured_media_url":"https:\/\/exaudi.org\/wp-content\/uploads\/2025\/08\/pexels-rdne-5875069-scaled.jpg","jetpack_shortlink":"https:\/\/wp.me\/pgKjF2-y9y","_links":{"self":[{"href":"https:\/\/exaudi.org\/es\/wp-json\/wp\/v2\/posts\/131288","targetHints":{"allow":["GET"]}}],"collection":[{"href":"https:\/\/exaudi.org\/es\/wp-json\/wp\/v2\/posts"}],"about":[{"href":"https:\/\/exaudi.org\/es\/wp-json\/wp\/v2\/types\/post"}],"author":[{"embeddable":true,"href":"https:\/\/exaudi.org\/es\/wp-json\/wp\/v2\/users\/151"}],"replies":[{"embeddable":true,"href":"https:\/\/exaudi.org\/es\/wp-json\/wp\/v2\/comments?post=131288"}],"version-history":[{"count":1,"href":"https:\/\/exaudi.org\/es\/wp-json\/wp\/v2\/posts\/131288\/revisions"}],"predecessor-version":[{"id":131292,"href":"https:\/\/exaudi.org\/es\/wp-json\/wp\/v2\/posts\/131288\/revisions\/131292"}],"wp:featuredmedia":[{"embeddable":true,"href":"https:\/\/exaudi.org\/es\/wp-json\/wp\/v2\/media\/131289"}],"wp:attachment":[{"href":"https:\/\/exaudi.org\/es\/wp-json\/wp\/v2\/media?parent=131288"}],"wp:term":[{"taxonomy":"category","embeddable":true,"href":"https:\/\/exaudi.org\/es\/wp-json\/wp\/v2\/categories?post=131288"},{"taxonomy":"post_tag","embeddable":true,"href":"https:\/\/exaudi.org\/es\/wp-json\/wp\/v2\/tags?post=131288"}],"curies":[{"name":"wp","href":"https:\/\/api.w.org\/{rel}","templated":true}]}}