{"id":131184,"date":"2025-08-06T08:00:42","date_gmt":"2025-08-06T06:00:42","guid":{"rendered":"https:\/\/exaudi.org\/?p=131184"},"modified":"2025-08-06T08:51:37","modified_gmt":"2025-08-06T06:51:37","slug":"los-nuevos-patriotas","status":"publish","type":"post","link":"https:\/\/exaudi.org\/es\/los-nuevos-patriotas\/","title":{"rendered":"Los nuevos patriotas"},"content":{"rendered":"<p>Hace pocos d\u00edas celebramos en el Per\u00fa nuestro aniversario patrio. Es una fecha para recordar a los pr\u00f3ceres y a una legi\u00f3n inmensa de patriotas an\u00f3nimos que consolidaron nuestra independencia. No esta dem\u00e1s recordar tambi\u00e9n que a lo largo de nuestra vida republicana hemos enfrentado conflictos b\u00e9licos y en esos momentos han surgido muchos patriotas que han defendido nuestro pa\u00eds, inclusive dando la vida.<\/p>\n<p><iframe title=\"Spotify Embed: Los nuevos patriotas\" style=\"border-radius: 12px\" width=\"100%\" height=\"152\" frameborder=\"0\" allowfullscreen allow=\"autoplay; clipboard-write; encrypted-media; fullscreen; picture-in-picture\" loading=\"lazy\" src=\"https:\/\/open.spotify.com\/embed\/episode\/5iAnMheWX8CD9vF1popEo1?si=PhB0Kp1ZRPi_o6N4UcxYLQ&#038;utm_source=oembed\"><\/iframe><\/p>\n<p>Al respecto, como saben tenemos cuatro virtudes cardinales que son: prudencia, justicia, fortaleza y templanza. \u00c9stas se llaman cardinales porque c\u00f3mo indica Wikipedia, dicha palabra viene del lat\u00edn \u201ccardo\u201d, que significa bisagra; indicando que las virtudes cardinales son el eje sobre el cual giran todas las dem\u00e1s virtudes.<\/p>\n<p>En esta oportunidad deseo abordar la virtud cardinal de la Justicia, por considerar que tiene vasos comunicantes con la virtud del patriotismo. Por eso, quisiera iniciar con la reconocida definici\u00f3n de Justicia del jurista romano Domicio Ulpiano: \u201cJusticia es la constante y perpetua voluntad de dar a cada uno su derecho\u201d es decir \u00abDar a cada uno lo que les corresponde.<\/p>\n<p>En ese sentido, t\u00fa y yo, no necesitamos de un conflicto b\u00e9lico para defender al Per\u00fa y evidenciar amor por nuestro pa\u00eds. Por ello, te comparto algunas cosas sencillas y cotidianas que podemos hacer para demostrar nuestro patriotismo.<\/p>\n<p>Testifiquemos nuestro amor por el Per\u00fa, dando siempre gracias por haber nacido en esta tierra.<\/p>\n<p>Defendamos derechos y valores fundamentales de nuestra sociedad (derecho a la vida, el valor de la familia, decirle no a la corrupci\u00f3n, sea en la forma que sea, sin importar si es entre entes privados o p\u00fablicos-privados).<\/p>\n<p>Ayudemos a construir un mejor Per\u00fa, a trav\u00e9s del cumplimiento de nuestros deberes, tales como pagar los impuestos, cumplir todas las leyes, dejar de lado la famosa \u201ccriollada\u201d, respetar las se\u00f1ales de tr\u00e1nsito, etc.<\/p>\n<p>A prop\u00f3sito de estos tres puntos mencionados y tomando como referencia el slogan de nuestra PNP, el cual es: DIOS, PATRIA y LEY. Les propongo que el slogan de los nuevos patriotas sea: DIOS, PATRIA y EDIFICAR un PER\u00da mejor, m\u00e1s grande y solidario.<\/p>\n<p>Adjunto, dos frases asociadas al patriotismo, oportunas al presente art\u00edculo y slogan.<\/p>\n<p>\u201cNuestra naci\u00f3n, se enriquece con cada uno de sus ciudadanos\u201d<\/p>\n<p>\u201cLa patria es un sentimiento que no conoce fronteras\u201d<\/p>\n<p>\u00bfQu\u00e9 dices? Te unes al grupo de los nuevos patriotas, que con cosas sencillas y cotidianas, vamos a demostrar que amamos, defendemos y edificamos un PER\u00da mejor, m\u00e1s grande y solidario\u2026 \u00a1Vamos! que se puede, solo es cuesti\u00f3n de practicar, practicar y practicar estos h\u00e1bitos para incorporar a nuestro ADN la virtud del patriotismo. As\u00ed que \u00e1nimo.<\/p>\n<p>\u00a1A seguir remando contra corriente!<\/p>\n<p><img loading=\"lazy\" decoding=\"async\" class=\"size-full wp-image-131188 alignnone\" src=\"https:\/\/exaudi.org\/wp-content\/uploads\/2025\/08\/Cortina.jpg\" alt=\"\" width=\"940\" height=\"788\" srcset=\"https:\/\/exaudi.org\/wp-content\/uploads\/2025\/08\/Cortina.jpg 940w, https:\/\/exaudi.org\/wp-content\/uploads\/2025\/08\/Cortina-300x251.jpg 300w, https:\/\/exaudi.org\/wp-content\/uploads\/2025\/08\/Cortina-770x645.jpg 770w, https:\/\/exaudi.org\/wp-content\/uploads\/2025\/08\/Cortina-500x419.jpg 500w\" sizes=\"auto, (max-width: 940px) 100vw, 940px\" \/><\/p>\n","protected":false},"excerpt":{"rendered":"<p>M\u00e1s all\u00e1 de los h\u00e9roes del pasado, el Per\u00fa necesita hoy ciudadanos que vivan la justicia, defiendan los valores y construyan el pa\u00eds desde lo cotidiano<\/p>\n","protected":false},"author":134,"featured_media":131185,"comment_status":"closed","ping_status":"closed","sticky":false,"template":"","format":"standard","meta":{"_acf_changed":false,"_crdt_document":"","inline_featured_image":false,"footnotes":""},"categories":[130],"tags":[69244,69245,48028,69248,69246,15535,69241,69240,69247,4953,4953,4953,69243,69242],"class_list":{"0":"post-131184","1":"post","2":"type-post","3":"status-publish","4":"format-standard","5":"has-post-thumbnail","6":"hentry","7":"category-voces","8":"tag-amor-por-el-peru","9":"tag-aniversario-patrio","10":"tag-civismo","11":"tag-dios-patria-y-ley","12":"tag-edificar-el-pais","13":"tag-hugo-saldana-estrada","14":"tag-nuevos-patriotas","15":"tag-patriotismo","16":"tag-responsabilidad-ciudadana","17":"tag-trending-es","20":"tag-valores-ciudadanos","21":"tag-virtud-de-la-justicia"},"acf":[],"yoast_head":"<!-- This site is optimized with the Yoast SEO plugin v27.5 - https:\/\/yoast.com\/product\/yoast-seo-wordpress\/ -->\n<title>Los nuevos patriotas &#8211; Exaudi<\/title>\n<meta name=\"robots\" content=\"index, follow, max-snippet:-1, max-image-preview:large, max-video-preview:-1\" \/>\n<link rel=\"canonical\" href=\"https:\/\/exaudi.org\/es\/los-nuevos-patriotas\/\" \/>\n<meta property=\"og:locale\" content=\"es_ES\" \/>\n<meta property=\"og:type\" content=\"article\" \/>\n<meta property=\"og:title\" content=\"Los nuevos patriotas &#8211; Exaudi\" \/>\n<meta property=\"og:description\" content=\"M\u00e1s all\u00e1 de los h\u00e9roes del pasado, el Per\u00fa necesita hoy ciudadanos que vivan la justicia, defiendan los valores y construyan el pa\u00eds desde lo cotidiano\" \/>\n<meta property=\"og:url\" content=\"https:\/\/exaudi.org\/es\/los-nuevos-patriotas\/\" \/>\n<meta property=\"og:site_name\" content=\"Exaudi\" \/>\n<meta property=\"article:publisher\" content=\"https:\/\/www.facebook.com\/ExaudiNews\" \/>\n<meta property=\"article:published_time\" content=\"2025-08-06T06:00:42+00:00\" \/>\n<meta property=\"article:modified_time\" content=\"2025-08-06T06:51:37+00:00\" \/>\n<meta property=\"og:image\" content=\"https:\/\/exaudi.org\/wp-content\/uploads\/2025\/08\/pexels-ketut-subiyanto-4559744-scaled.jpg\" \/>\n\t<meta property=\"og:image:width\" content=\"2560\" \/>\n\t<meta property=\"og:image:height\" content=\"1707\" \/>\n\t<meta property=\"og:image:type\" content=\"image\/jpeg\" \/>\n<meta name=\"author\" content=\"Hugo Salda\u00f1a Estrada\" \/>\n<meta name=\"twitter:card\" content=\"summary_large_image\" \/>\n<meta name=\"twitter:creator\" content=\"@Exaudi_News\" \/>\n<meta name=\"twitter:site\" content=\"@Exaudi_News\" \/>\n<meta name=\"twitter:label1\" content=\"Escrito por\" \/>\n\t<meta name=\"twitter:data1\" content=\"Hugo Salda\u00f1a Estrada\" \/>\n\t<meta name=\"twitter:label2\" content=\"Tiempo de lectura\" \/>\n\t<meta name=\"twitter:data2\" content=\"2 minutos\" \/>\n<script type=\"application\/ld+json\" class=\"yoast-schema-graph\">{\"@context\":\"https:\\\/\\\/schema.org\",\"@graph\":[{\"@type\":\"Article\",\"@id\":\"https:\\\/\\\/exaudi.org\\\/es\\\/los-nuevos-patriotas\\\/#article\",\"isPartOf\":{\"@id\":\"https:\\\/\\\/exaudi.org\\\/es\\\/los-nuevos-patriotas\\\/\"},\"author\":{\"name\":\"Hugo Salda\u00f1a Estrada\",\"@id\":\"https:\\\/\\\/exaudi.org\\\/#\\\/schema\\\/person\\\/353d70da24ff03991a0f19b1948992e3\"},\"headline\":\"Los nuevos patriotas\",\"datePublished\":\"2025-08-06T06:00:42+00:00\",\"dateModified\":\"2025-08-06T06:51:37+00:00\",\"mainEntityOfPage\":{\"@id\":\"https:\\\/\\\/exaudi.org\\\/es\\\/los-nuevos-patriotas\\\/\"},\"wordCount\":479,\"image\":{\"@id\":\"https:\\\/\\\/exaudi.org\\\/es\\\/los-nuevos-patriotas\\\/#primaryimage\"},\"thumbnailUrl\":\"https:\\\/\\\/exaudi.org\\\/wp-content\\\/uploads\\\/2025\\\/08\\\/pexels-ketut-subiyanto-4559744-scaled.jpg\",\"keywords\":[\"amor por el Per\u00fa\",\"aniversario patrio\",\"civismo\",\"Dios Patria y Ley\",\"edificar el pa\u00eds\",\"Hugo Salda\u00f1a Estrada\",\"nuevos patriotas\",\"patriotismo\",\"responsabilidad ciudadana\",\"Trending\",\"Trending\",\"Trending\",\"valores ciudadanos\",\"virtud de la justicia\"],\"articleSection\":[\"Voces\"],\"inLanguage\":\"es\"},{\"@type\":\"WebPage\",\"@id\":\"https:\\\/\\\/exaudi.org\\\/es\\\/los-nuevos-patriotas\\\/\",\"url\":\"https:\\\/\\\/exaudi.org\\\/es\\\/los-nuevos-patriotas\\\/\",\"name\":\"Los nuevos patriotas &#8211; Exaudi\",\"isPartOf\":{\"@id\":\"https:\\\/\\\/exaudi.org\\\/#website\"},\"primaryImageOfPage\":{\"@id\":\"https:\\\/\\\/exaudi.org\\\/es\\\/los-nuevos-patriotas\\\/#primaryimage\"},\"image\":{\"@id\":\"https:\\\/\\\/exaudi.org\\\/es\\\/los-nuevos-patriotas\\\/#primaryimage\"},\"thumbnailUrl\":\"https:\\\/\\\/exaudi.org\\\/wp-content\\\/uploads\\\/2025\\\/08\\\/pexels-ketut-subiyanto-4559744-scaled.jpg\",\"datePublished\":\"2025-08-06T06:00:42+00:00\",\"dateModified\":\"2025-08-06T06:51:37+00:00\",\"author\":{\"@id\":\"https:\\\/\\\/exaudi.org\\\/#\\\/schema\\\/person\\\/353d70da24ff03991a0f19b1948992e3\"},\"breadcrumb\":{\"@id\":\"https:\\\/\\\/exaudi.org\\\/es\\\/los-nuevos-patriotas\\\/#breadcrumb\"},\"inLanguage\":\"es\",\"potentialAction\":[{\"@type\":\"ReadAction\",\"target\":[\"https:\\\/\\\/exaudi.org\\\/es\\\/los-nuevos-patriotas\\\/\"]}]},{\"@type\":\"ImageObject\",\"inLanguage\":\"es\",\"@id\":\"https:\\\/\\\/exaudi.org\\\/es\\\/los-nuevos-patriotas\\\/#primaryimage\",\"url\":\"https:\\\/\\\/exaudi.org\\\/wp-content\\\/uploads\\\/2025\\\/08\\\/pexels-ketut-subiyanto-4559744-scaled.jpg\",\"contentUrl\":\"https:\\\/\\\/exaudi.org\\\/wp-content\\\/uploads\\\/2025\\\/08\\\/pexels-ketut-subiyanto-4559744-scaled.jpg\",\"width\":2560,\"height\":1707},{\"@type\":\"BreadcrumbList\",\"@id\":\"https:\\\/\\\/exaudi.org\\\/es\\\/los-nuevos-patriotas\\\/#breadcrumb\",\"itemListElement\":[{\"@type\":\"ListItem\",\"position\":1,\"name\":\"Portada\",\"item\":\"https:\\\/\\\/exaudi.org\\\/es\\\/\"},{\"@type\":\"ListItem\",\"position\":2,\"name\":\"Los nuevos patriotas\"}]},{\"@type\":\"WebSite\",\"@id\":\"https:\\\/\\\/exaudi.org\\\/#website\",\"url\":\"https:\\\/\\\/exaudi.org\\\/\",\"name\":\"Exaudi\",\"description\":\"News\",\"potentialAction\":[{\"@type\":\"SearchAction\",\"target\":{\"@type\":\"EntryPoint\",\"urlTemplate\":\"https:\\\/\\\/exaudi.org\\\/?s={search_term_string}\"},\"query-input\":{\"@type\":\"PropertyValueSpecification\",\"valueRequired\":true,\"valueName\":\"search_term_string\"}}],\"inLanguage\":\"es\"},{\"@type\":\"Person\",\"@id\":\"https:\\\/\\\/exaudi.org\\\/#\\\/schema\\\/person\\\/353d70da24ff03991a0f19b1948992e3\",\"name\":\"Hugo Salda\u00f1a Estrada\",\"image\":{\"@type\":\"ImageObject\",\"inLanguage\":\"es\",\"@id\":\"https:\\\/\\\/secure.gravatar.com\\\/avatar\\\/aec371521ec3d7c6916577aaa96c57dd491f5cbb6c5480ff969ad34bc7f63c6a?s=96&d=mm&r=g\",\"url\":\"https:\\\/\\\/secure.gravatar.com\\\/avatar\\\/aec371521ec3d7c6916577aaa96c57dd491f5cbb6c5480ff969ad34bc7f63c6a?s=96&d=mm&r=g\",\"contentUrl\":\"https:\\\/\\\/secure.gravatar.com\\\/avatar\\\/aec371521ec3d7c6916577aaa96c57dd491f5cbb6c5480ff969ad34bc7f63c6a?s=96&d=mm&r=g\",\"caption\":\"Hugo Salda\u00f1a Estrada\"},\"description\":\"Gerente de Showroom Ventas en Roca SAC. Veinte a\u00f1os de experiencia, generando valor en empresas transnacionales y de primer nivel a trav\u00e9s de la gesti\u00f3n integral de procesos de recursos humanos, tales como selecci\u00f3n de talento, estrategias de compensaciones, evaluaci\u00f3n del desempe\u00f1o y gesti\u00f3n del clima laboral.\",\"sameAs\":[\"https:\\\/\\\/www.linkedin.com\\\/in\\\/hugosaldanaestrada\\\/\"],\"url\":\"https:\\\/\\\/exaudi.org\\\/es\\\/author\\\/hugo-saldana-estrada\\\/\"}]}<\/script>\n<!-- \/ Yoast SEO plugin. -->","yoast_head_json":{"title":"Los nuevos patriotas &#8211; Exaudi","robots":{"index":"index","follow":"follow","max-snippet":"max-snippet:-1","max-image-preview":"max-image-preview:large","max-video-preview":"max-video-preview:-1"},"canonical":"https:\/\/exaudi.org\/es\/los-nuevos-patriotas\/","og_locale":"es_ES","og_type":"article","og_title":"Los nuevos patriotas &#8211; Exaudi","og_description":"M\u00e1s all\u00e1 de los h\u00e9roes del pasado, el Per\u00fa necesita hoy ciudadanos que vivan la justicia, defiendan los valores y construyan el pa\u00eds desde lo cotidiano","og_url":"https:\/\/exaudi.org\/es\/los-nuevos-patriotas\/","og_site_name":"Exaudi","article_publisher":"https:\/\/www.facebook.com\/ExaudiNews","article_published_time":"2025-08-06T06:00:42+00:00","article_modified_time":"2025-08-06T06:51:37+00:00","og_image":[{"width":2560,"height":1707,"url":"https:\/\/exaudi.org\/wp-content\/uploads\/2025\/08\/pexels-ketut-subiyanto-4559744-scaled.jpg","type":"image\/jpeg"}],"author":"Hugo Salda\u00f1a Estrada","twitter_card":"summary_large_image","twitter_creator":"@Exaudi_News","twitter_site":"@Exaudi_News","twitter_misc":{"Escrito por":"Hugo Salda\u00f1a Estrada","Tiempo de lectura":"2 minutos"},"schema":{"@context":"https:\/\/schema.org","@graph":[{"@type":"Article","@id":"https:\/\/exaudi.org\/es\/los-nuevos-patriotas\/#article","isPartOf":{"@id":"https:\/\/exaudi.org\/es\/los-nuevos-patriotas\/"},"author":{"name":"Hugo Salda\u00f1a Estrada","@id":"https:\/\/exaudi.org\/#\/schema\/person\/353d70da24ff03991a0f19b1948992e3"},"headline":"Los nuevos patriotas","datePublished":"2025-08-06T06:00:42+00:00","dateModified":"2025-08-06T06:51:37+00:00","mainEntityOfPage":{"@id":"https:\/\/exaudi.org\/es\/los-nuevos-patriotas\/"},"wordCount":479,"image":{"@id":"https:\/\/exaudi.org\/es\/los-nuevos-patriotas\/#primaryimage"},"thumbnailUrl":"https:\/\/exaudi.org\/wp-content\/uploads\/2025\/08\/pexels-ketut-subiyanto-4559744-scaled.jpg","keywords":["amor por el Per\u00fa","aniversario patrio","civismo","Dios Patria y Ley","edificar el pa\u00eds","Hugo Salda\u00f1a Estrada","nuevos patriotas","patriotismo","responsabilidad ciudadana","Trending","Trending","Trending","valores ciudadanos","virtud de la justicia"],"articleSection":["Voces"],"inLanguage":"es"},{"@type":"WebPage","@id":"https:\/\/exaudi.org\/es\/los-nuevos-patriotas\/","url":"https:\/\/exaudi.org\/es\/los-nuevos-patriotas\/","name":"Los nuevos patriotas &#8211; Exaudi","isPartOf":{"@id":"https:\/\/exaudi.org\/#website"},"primaryImageOfPage":{"@id":"https:\/\/exaudi.org\/es\/los-nuevos-patriotas\/#primaryimage"},"image":{"@id":"https:\/\/exaudi.org\/es\/los-nuevos-patriotas\/#primaryimage"},"thumbnailUrl":"https:\/\/exaudi.org\/wp-content\/uploads\/2025\/08\/pexels-ketut-subiyanto-4559744-scaled.jpg","datePublished":"2025-08-06T06:00:42+00:00","dateModified":"2025-08-06T06:51:37+00:00","author":{"@id":"https:\/\/exaudi.org\/#\/schema\/person\/353d70da24ff03991a0f19b1948992e3"},"breadcrumb":{"@id":"https:\/\/exaudi.org\/es\/los-nuevos-patriotas\/#breadcrumb"},"inLanguage":"es","potentialAction":[{"@type":"ReadAction","target":["https:\/\/exaudi.org\/es\/los-nuevos-patriotas\/"]}]},{"@type":"ImageObject","inLanguage":"es","@id":"https:\/\/exaudi.org\/es\/los-nuevos-patriotas\/#primaryimage","url":"https:\/\/exaudi.org\/wp-content\/uploads\/2025\/08\/pexels-ketut-subiyanto-4559744-scaled.jpg","contentUrl":"https:\/\/exaudi.org\/wp-content\/uploads\/2025\/08\/pexels-ketut-subiyanto-4559744-scaled.jpg","width":2560,"height":1707},{"@type":"BreadcrumbList","@id":"https:\/\/exaudi.org\/es\/los-nuevos-patriotas\/#breadcrumb","itemListElement":[{"@type":"ListItem","position":1,"name":"Portada","item":"https:\/\/exaudi.org\/es\/"},{"@type":"ListItem","position":2,"name":"Los nuevos patriotas"}]},{"@type":"WebSite","@id":"https:\/\/exaudi.org\/#website","url":"https:\/\/exaudi.org\/","name":"Exaudi","description":"News","potentialAction":[{"@type":"SearchAction","target":{"@type":"EntryPoint","urlTemplate":"https:\/\/exaudi.org\/?s={search_term_string}"},"query-input":{"@type":"PropertyValueSpecification","valueRequired":true,"valueName":"search_term_string"}}],"inLanguage":"es"},{"@type":"Person","@id":"https:\/\/exaudi.org\/#\/schema\/person\/353d70da24ff03991a0f19b1948992e3","name":"Hugo Salda\u00f1a Estrada","image":{"@type":"ImageObject","inLanguage":"es","@id":"https:\/\/secure.gravatar.com\/avatar\/aec371521ec3d7c6916577aaa96c57dd491f5cbb6c5480ff969ad34bc7f63c6a?s=96&d=mm&r=g","url":"https:\/\/secure.gravatar.com\/avatar\/aec371521ec3d7c6916577aaa96c57dd491f5cbb6c5480ff969ad34bc7f63c6a?s=96&d=mm&r=g","contentUrl":"https:\/\/secure.gravatar.com\/avatar\/aec371521ec3d7c6916577aaa96c57dd491f5cbb6c5480ff969ad34bc7f63c6a?s=96&d=mm&r=g","caption":"Hugo Salda\u00f1a Estrada"},"description":"Gerente de Showroom Ventas en Roca SAC. Veinte a\u00f1os de experiencia, generando valor en empresas transnacionales y de primer nivel a trav\u00e9s de la gesti\u00f3n integral de procesos de recursos humanos, tales como selecci\u00f3n de talento, estrategias de compensaciones, evaluaci\u00f3n del desempe\u00f1o y gesti\u00f3n del clima laboral.","sameAs":["https:\/\/www.linkedin.com\/in\/hugosaldanaestrada\/"],"url":"https:\/\/exaudi.org\/es\/author\/hugo-saldana-estrada\/"}]}},"jetpack_featured_media_url":"https:\/\/exaudi.org\/wp-content\/uploads\/2025\/08\/pexels-ketut-subiyanto-4559744-scaled.jpg","jetpack_shortlink":"https:\/\/wp.me\/pgKjF2-y7S","_links":{"self":[{"href":"https:\/\/exaudi.org\/es\/wp-json\/wp\/v2\/posts\/131184","targetHints":{"allow":["GET"]}}],"collection":[{"href":"https:\/\/exaudi.org\/es\/wp-json\/wp\/v2\/posts"}],"about":[{"href":"https:\/\/exaudi.org\/es\/wp-json\/wp\/v2\/types\/post"}],"author":[{"embeddable":true,"href":"https:\/\/exaudi.org\/es\/wp-json\/wp\/v2\/users\/134"}],"replies":[{"embeddable":true,"href":"https:\/\/exaudi.org\/es\/wp-json\/wp\/v2\/comments?post=131184"}],"version-history":[{"count":0,"href":"https:\/\/exaudi.org\/es\/wp-json\/wp\/v2\/posts\/131184\/revisions"}],"wp:featuredmedia":[{"embeddable":true,"href":"https:\/\/exaudi.org\/es\/wp-json\/wp\/v2\/media\/131185"}],"wp:attachment":[{"href":"https:\/\/exaudi.org\/es\/wp-json\/wp\/v2\/media?parent=131184"}],"wp:term":[{"taxonomy":"category","embeddable":true,"href":"https:\/\/exaudi.org\/es\/wp-json\/wp\/v2\/categories?post=131184"},{"taxonomy":"post_tag","embeddable":true,"href":"https:\/\/exaudi.org\/es\/wp-json\/wp\/v2\/tags?post=131184"}],"curies":[{"name":"wp","href":"https:\/\/api.w.org\/{rel}","templated":true}]}}