{"id":13110,"date":"2021-04-23T16:10:02","date_gmt":"2021-04-23T14:10:02","guid":{"rendered":"https:\/\/exaudi.org\/?p=13110"},"modified":"2021-04-23T16:15:29","modified_gmt":"2021-04-23T14:15:29","slug":"vaticano-jornada-estudio-la-disolucion-del-matrimonio-in-favorem-fidei","status":"publish","type":"post","link":"https:\/\/exaudi.org\/es\/vaticano-jornada-estudio-la-disolucion-del-matrimonio-in-favorem-fidei\/","title":{"rendered":"Jornada de estudio \u201cLa disoluci\u00f3n del matrimonio &#8216;in favorem fidei&#8217;\u201d"},"content":{"rendered":"<p>La <a href=\"https:\/\/exaudi.org\/es\/congregacion-doctrina-fe-subsecretario-adjunto-2021\/\" target=\"_blank\" rel=\"noopener noreferrer\">Congregaci\u00f3n para la Doctrina de la Fe<\/a>, en colaboraci\u00f3n con la Pontificia Universidad Lateranense, ha organizado una jornada de estudio sobre el tema \u201cLa disoluci\u00f3n del matrimonio <em>in favorem fidei\u201d.<\/em> Veinte a\u00f1os despu\u00e9s de la Instrucci\u00f3n <em>Potestas Ecclesiae<\/em> (2001-2021)\u201d, que se celebrar\u00e1 el pr\u00f3ximo martes 27 de abril de 2021.<\/p>\n<p>Tal y como ha informado la Oficina de Prensa de la Santa Sede, el evento est\u00e1 dirigido a estudiantes de universidades pontificias, becarios y colaboradores de las curias diocesanas.<\/p>\n<h4><strong>Evento de estudio<\/strong><\/h4>\n<p>La nota tambi\u00e9n explica que la ma\u00f1ana, inaugurada por los saludos del rector, el profesor Vincenzo Buonomo, y del prefecto cardenal Luis Francisco Ladaria Ferrer, estar\u00e1 dedicada al estudio teol\u00f3gico y jur\u00eddico de la Instrucci\u00f3n. La tarde, en cambio, se reserva para el examen de algunos casos pr\u00e1cticos en grupos de estudio, reunidos en modalidad online y moderados por un experto. Se crear\u00e1n grupos en funci\u00f3n del idioma para los inscritos que participen desde Italia.<\/p>\n<p>En funci\u00f3n de la situaci\u00f3n de la pandemia y de las posibles restricciones sanitarias vigentes, ser\u00e1 posible seguir las presentaciones de la ma\u00f1ana tanto presencialmente como en transmisi\u00f3n en directo.<\/p>\n<h4><strong>Ponencias<\/strong><\/h4>\n<p>Algunos de los ponentes son monse\u00f1or Giordano Caberletti, prelado auditor de la Rota Romana, el profesor Luigi Sabbarese, de la Pontificia Universidad Urbaniana, el reverendo Johannes Furnkranz, de la Congregaci\u00f3n para la Doctrina de la Fe, o el profesor Francesco Catozzella, de la Pontificia Universidad Lateranense.<\/p>\n<p>Las ponencias de la ma\u00f1ana se impartir\u00e1n en italiano y podr\u00e1n ser seguidas tambi\u00e9n por quienes no se hayan inscrito formalmente, a trav\u00e9s de la transmisi\u00f3n en directo en el <a href=\"https:\/\/www.youtube.com\/watch?v=H-m1BjkSsMs\" target=\"_blank\" rel=\"noopener noreferrer\">canal de <em>YouTube<\/em> de la Pontificia Universidad Lateranense<\/a>. Otras comunicaciones estar\u00e1n disponibles en la secci\u00f3n &#8216;Oficina Matrimonial&#8217; del <a href=\"http:\/\/www.vatican.va\/roman_curia\/congregations\/cfaith\/ufficiomatrimoniale_cdf_index_it.htm\" target=\"_blank\" rel=\"noopener noreferrer\">sitio web de la Congregaci\u00f3n para la Doctrina de la Fe.<\/a><\/p>\n<h4><strong>Congregaci\u00f3n para la Doctrina de la Fe<\/strong><\/h4>\n<p>Tal y como describe la Santa Sede, la Congregaci\u00f3n est\u00e1 constituida por un colegio de miembros (cardenales y obispos), encabezado por el prefecto, asistido por el secretario, con la ayuda del subsecretario y el promotor de Justicia. En ella prestan servicio diversos Oficiales que, bajo la coordinaci\u00f3n de los respectivos Jefes de Secci\u00f3n, se ocupan de las diversas cuestiones seg\u00fan la propia competencia y las necesidades de la Congregaci\u00f3n.<\/p>\n<p>Actualmente existen cuatro oficinas:<\/p>\n<p>\u2013\u00a0La\u00a0Secci\u00f3n Doctrinal, que se ocupa de todo lo relacionado con la promoci\u00f3n y tutela de la doctrina de la fe y la moral.<\/p>\n<p>\u2013 La Secci\u00f3n Disciplinar\u00a0se ocupa de los delitos contra la fe, as\u00ed como de los delitos m\u00e1s graves cometidos contra la moral y en la celebraci\u00f3n de los sacramentos. Tambi\u00e9n examina otros asuntos relacionados con la disciplina de la fe.<\/p>\n<p>\u2013 La Secci\u00f3n Matrimonial\u00a0se ocupa del\u00a0<i>privilegium fidei<\/i>, esto es, las causas de disoluci\u00f3n del matrimonio\u00a0<i>in favorem fidei<\/i>, as\u00ed como de otros aspectos del v\u00ednculo matrimonial ligados a la validez del Sacramento.<\/p>\n<p>\u2013 La Oficina de la Quarta Secci\u1f79n\u00a0se ocupa de todo lo que era de la competencia de la Pontif\u00edcia Comisi\u1f79n\u00a0<i>Ecclesia Dei<\/i>, es decir de la relaci\u1f79n con todos los Institutos que celebran la Lit\u00fargia Romana seg\u00fan el\u00a0<i>usus antiquior<\/i>\u00a0(forma extraordin\u00e1ria).<\/p>\n<p>Un grupo de Consultores asisten a la Congregaci\u00f3n en la realizaci\u00f3n de sus estudios. Las reuniones de los Consultores se tienen generalmente una vez a la semana. Los temas debatidos y las opiniones de los Consultores son luego discutidos por el Colegio de Miembros de la Congregaci\u00f3n, quienes emiten un voto de car\u00e1cter deliberativo. Sus decisiones se someten sucesivamente a la aprobaci\u00f3n del Sumo Pont\u00edfice, durante la correspondiente Audiencia.<\/p>\n<p>En la Congregaci\u00f3n para la Doctrina de la Fe tienen tambi\u00e9n su sede la\u00a0<a href=\"https:\/\/www.vatican.va\/roman_curia\/congregations\/cfaith\/pcb_index_sp.htm\" target=\"_blank\" rel=\"noopener noreferrer\">Pontificia Comisi\u00f3n B\u00edblica<\/a>\u00a0y la\u00a0<a href=\"https:\/\/www.vatican.va\/roman_curia\/congregations\/cfaith\/cti_index_sp.htm\" target=\"_blank\" rel=\"noopener noreferrer\">Comisi\u00f3n Teol\u00f3gica Internacional<\/a>, las cuales, bajo la presidencia del Prefecto, act\u00faan de acuerdo con sus propias reglas. La Congregaci\u00f3n conserva su Archivo hist\u00f3rico, accesible a la consulta de estudiosos cualificados, a norma del propio Reglamento.<\/p>\n","protected":false},"excerpt":{"rendered":"<p>\u201cVeinte a\u00f1os despu\u00e9s de la Instrucci\u00f3n &#8216;Potestas Ecclesiae&#8217;\u201d<\/p>\n","protected":false},"author":6,"featured_media":13113,"comment_status":"closed","ping_status":"closed","sticky":false,"template":"","format":"standard","meta":{"_acf_changed":false,"_crdt_document":"","inline_featured_image":false,"footnotes":""},"categories":[138,298],"tags":[166,1908],"class_list":["post-13110","post","type-post","status-publish","format-standard","has-post-thumbnail","hentry","category-dicasterios","category-ultimas-noticias","tag-congregacion-para-la-doctrina-de-la-fe","tag-jornada-de-estudio"],"acf":[],"yoast_head":"<!-- This site is optimized with the Yoast SEO plugin v27.5 - https:\/\/yoast.com\/product\/yoast-seo-wordpress\/ -->\n<title>Jornada de estudio \u201cLa disoluci\u00f3n del matrimonio &#039;in favorem fidei&#039;\u201d- Exaudi<\/title>\n<meta name=\"description\" content=\"La Congregaci\u00f3n para la Doctrina de la Fe organiza la jornada de estudio bajo el tema \u201cLa disoluci\u00f3n del matrimonio in favorem fidei&quot;.\" \/>\n<meta name=\"robots\" content=\"index, follow, max-snippet:-1, max-image-preview:large, max-video-preview:-1\" \/>\n<link rel=\"canonical\" href=\"https:\/\/exaudi.org\/es\/vaticano-jornada-estudio-la-disolucion-del-matrimonio-in-favorem-fidei\/\" \/>\n<meta property=\"og:locale\" content=\"es_ES\" \/>\n<meta property=\"og:type\" content=\"article\" \/>\n<meta property=\"og:title\" content=\"Jornada de estudio \u201cLa disoluci\u00f3n del matrimonio &#039;in favorem fidei&#039;\u201d- Exaudi\" \/>\n<meta property=\"og:description\" content=\"La Congregaci\u00f3n para la Doctrina de la Fe organiza la jornada de estudio bajo el tema \u201cLa disoluci\u00f3n del matrimonio in favorem fidei&quot;.\" \/>\n<meta property=\"og:url\" content=\"https:\/\/exaudi.org\/es\/vaticano-jornada-estudio-la-disolucion-del-matrimonio-in-favorem-fidei\/\" \/>\n<meta property=\"og:site_name\" content=\"Exaudi\" \/>\n<meta property=\"article:publisher\" content=\"https:\/\/www.facebook.com\/ExaudiNews\" \/>\n<meta property=\"article:published_time\" content=\"2021-04-23T14:10:02+00:00\" \/>\n<meta property=\"article:modified_time\" content=\"2021-04-23T14:15:29+00:00\" \/>\n<meta property=\"og:image\" content=\"https:\/\/exaudi.org\/wp-content\/uploads\/2021\/04\/cathopic_1533134349657179-scaled.jpg\" \/>\n\t<meta property=\"og:image:width\" content=\"2560\" \/>\n\t<meta property=\"og:image:height\" content=\"1438\" \/>\n\t<meta property=\"og:image:type\" content=\"image\/jpeg\" \/>\n<meta name=\"author\" content=\"Gabriel Sales\" \/>\n<meta name=\"twitter:card\" content=\"summary_large_image\" \/>\n<meta name=\"twitter:creator\" content=\"@habemusman\" \/>\n<meta name=\"twitter:site\" content=\"@Exaudi_News\" \/>\n<meta name=\"twitter:label1\" content=\"Escrito por\" \/>\n\t<meta name=\"twitter:data1\" content=\"Gabriel Sales\" \/>\n\t<meta name=\"twitter:label2\" content=\"Tiempo de lectura\" \/>\n\t<meta name=\"twitter:data2\" content=\"3 minutos\" \/>\n<script type=\"application\/ld+json\" class=\"yoast-schema-graph\">{\"@context\":\"https:\\\/\\\/schema.org\",\"@graph\":[{\"@type\":\"Article\",\"@id\":\"https:\\\/\\\/exaudi.org\\\/es\\\/vaticano-jornada-estudio-la-disolucion-del-matrimonio-in-favorem-fidei\\\/#article\",\"isPartOf\":{\"@id\":\"https:\\\/\\\/exaudi.org\\\/es\\\/vaticano-jornada-estudio-la-disolucion-del-matrimonio-in-favorem-fidei\\\/\"},\"author\":{\"name\":\"Gabriel Sales\",\"@id\":\"https:\\\/\\\/exaudi.org\\\/#\\\/schema\\\/person\\\/d134b96438278131ce90c90c03fda6cd\"},\"headline\":\"Jornada de estudio \u201cLa disoluci\u00f3n del matrimonio &#8216;in favorem fidei&#8217;\u201d\",\"datePublished\":\"2021-04-23T14:10:02+00:00\",\"dateModified\":\"2021-04-23T14:15:29+00:00\",\"mainEntityOfPage\":{\"@id\":\"https:\\\/\\\/exaudi.org\\\/es\\\/vaticano-jornada-estudio-la-disolucion-del-matrimonio-in-favorem-fidei\\\/\"},\"wordCount\":712,\"image\":{\"@id\":\"https:\\\/\\\/exaudi.org\\\/es\\\/vaticano-jornada-estudio-la-disolucion-del-matrimonio-in-favorem-fidei\\\/#primaryimage\"},\"thumbnailUrl\":\"https:\\\/\\\/exaudi.org\\\/wp-content\\\/uploads\\\/2021\\\/04\\\/cathopic_1533134349657179-scaled.jpg\",\"keywords\":[\"Congregaci\u00f3n para la Doctrina de la Fe\",\"Jornada de estudio\"],\"articleSection\":[\"Dicasterios\",\"\u00daltimas noticias\"],\"inLanguage\":\"es\"},{\"@type\":\"WebPage\",\"@id\":\"https:\\\/\\\/exaudi.org\\\/es\\\/vaticano-jornada-estudio-la-disolucion-del-matrimonio-in-favorem-fidei\\\/\",\"url\":\"https:\\\/\\\/exaudi.org\\\/es\\\/vaticano-jornada-estudio-la-disolucion-del-matrimonio-in-favorem-fidei\\\/\",\"name\":\"Jornada de estudio \u201cLa disoluci\u00f3n del matrimonio 'in favorem fidei'\u201d- Exaudi\",\"isPartOf\":{\"@id\":\"https:\\\/\\\/exaudi.org\\\/#website\"},\"primaryImageOfPage\":{\"@id\":\"https:\\\/\\\/exaudi.org\\\/es\\\/vaticano-jornada-estudio-la-disolucion-del-matrimonio-in-favorem-fidei\\\/#primaryimage\"},\"image\":{\"@id\":\"https:\\\/\\\/exaudi.org\\\/es\\\/vaticano-jornada-estudio-la-disolucion-del-matrimonio-in-favorem-fidei\\\/#primaryimage\"},\"thumbnailUrl\":\"https:\\\/\\\/exaudi.org\\\/wp-content\\\/uploads\\\/2021\\\/04\\\/cathopic_1533134349657179-scaled.jpg\",\"datePublished\":\"2021-04-23T14:10:02+00:00\",\"dateModified\":\"2021-04-23T14:15:29+00:00\",\"author\":{\"@id\":\"https:\\\/\\\/exaudi.org\\\/#\\\/schema\\\/person\\\/d134b96438278131ce90c90c03fda6cd\"},\"description\":\"La Congregaci\u00f3n para la Doctrina de la Fe organiza la jornada de estudio bajo el tema \u201cLa disoluci\u00f3n del matrimonio in favorem fidei\\\".\",\"breadcrumb\":{\"@id\":\"https:\\\/\\\/exaudi.org\\\/es\\\/vaticano-jornada-estudio-la-disolucion-del-matrimonio-in-favorem-fidei\\\/#breadcrumb\"},\"inLanguage\":\"es\",\"potentialAction\":[{\"@type\":\"ReadAction\",\"target\":[\"https:\\\/\\\/exaudi.org\\\/es\\\/vaticano-jornada-estudio-la-disolucion-del-matrimonio-in-favorem-fidei\\\/\"]}]},{\"@type\":\"ImageObject\",\"inLanguage\":\"es\",\"@id\":\"https:\\\/\\\/exaudi.org\\\/es\\\/vaticano-jornada-estudio-la-disolucion-del-matrimonio-in-favorem-fidei\\\/#primaryimage\",\"url\":\"https:\\\/\\\/exaudi.org\\\/wp-content\\\/uploads\\\/2021\\\/04\\\/cathopic_1533134349657179-scaled.jpg\",\"contentUrl\":\"https:\\\/\\\/exaudi.org\\\/wp-content\\\/uploads\\\/2021\\\/04\\\/cathopic_1533134349657179-scaled.jpg\",\"width\":2560,\"height\":1438,\"caption\":\"Matrimonio observando el Sant\u00edsimo \u00a9 Vatican Media\"},{\"@type\":\"BreadcrumbList\",\"@id\":\"https:\\\/\\\/exaudi.org\\\/es\\\/vaticano-jornada-estudio-la-disolucion-del-matrimonio-in-favorem-fidei\\\/#breadcrumb\",\"itemListElement\":[{\"@type\":\"ListItem\",\"position\":1,\"name\":\"Portada\",\"item\":\"https:\\\/\\\/exaudi.org\\\/es\\\/\"},{\"@type\":\"ListItem\",\"position\":2,\"name\":\"Jornada de estudio \u201cLa disoluci\u00f3n del matrimonio &#8216;in favorem fidei&#8217;\u201d\"}]},{\"@type\":\"WebSite\",\"@id\":\"https:\\\/\\\/exaudi.org\\\/#website\",\"url\":\"https:\\\/\\\/exaudi.org\\\/\",\"name\":\"Exaudi\",\"description\":\"News\",\"potentialAction\":[{\"@type\":\"SearchAction\",\"target\":{\"@type\":\"EntryPoint\",\"urlTemplate\":\"https:\\\/\\\/exaudi.org\\\/?s={search_term_string}\"},\"query-input\":{\"@type\":\"PropertyValueSpecification\",\"valueRequired\":true,\"valueName\":\"search_term_string\"}}],\"inLanguage\":\"es\"},{\"@type\":\"Person\",\"@id\":\"https:\\\/\\\/exaudi.org\\\/#\\\/schema\\\/person\\\/d134b96438278131ce90c90c03fda6cd\",\"name\":\"Gabriel Sales\",\"image\":{\"@type\":\"ImageObject\",\"inLanguage\":\"es\",\"@id\":\"https:\\\/\\\/secure.gravatar.com\\\/avatar\\\/9b1269566f6a063ed26ffb3532b66a373cdde231ce5d0effb266167437fdaffd?s=96&d=mm&r=g\",\"url\":\"https:\\\/\\\/secure.gravatar.com\\\/avatar\\\/9b1269566f6a063ed26ffb3532b66a373cdde231ce5d0effb266167437fdaffd?s=96&d=mm&r=g\",\"contentUrl\":\"https:\\\/\\\/secure.gravatar.com\\\/avatar\\\/9b1269566f6a063ed26ffb3532b66a373cdde231ce5d0effb266167437fdaffd?s=96&d=mm&r=g\",\"caption\":\"Gabriel Sales\"},\"description\":\"Periodista y especialista en Comunicaci\u00f3n y Branding digital. Cin\u00e9filo y cr\u00edtico de cine y series de televisi\u00f3n.\",\"sameAs\":[\"https:\\\/\\\/www.instagram.com\\\/cine90segundos\\\/\",\"www.linkedin.com\\\/in\\\/habemusman\",\"https:\\\/\\\/x.com\\\/habemusman\",\"https:\\\/\\\/www.youtube.com\\\/channel\\\/UCVfCiOMkJ_C7T7OpyjuaLDg\"],\"url\":\"https:\\\/\\\/exaudi.org\\\/es\\\/author\\\/gsalesexaudi-org\\\/\"}]}<\/script>\n<!-- \/ Yoast SEO plugin. -->","yoast_head_json":{"title":"Jornada de estudio \u201cLa disoluci\u00f3n del matrimonio 'in favorem fidei'\u201d- Exaudi","description":"La Congregaci\u00f3n para la Doctrina de la Fe organiza la jornada de estudio bajo el tema \u201cLa disoluci\u00f3n del matrimonio in favorem fidei\".","robots":{"index":"index","follow":"follow","max-snippet":"max-snippet:-1","max-image-preview":"max-image-preview:large","max-video-preview":"max-video-preview:-1"},"canonical":"https:\/\/exaudi.org\/es\/vaticano-jornada-estudio-la-disolucion-del-matrimonio-in-favorem-fidei\/","og_locale":"es_ES","og_type":"article","og_title":"Jornada de estudio \u201cLa disoluci\u00f3n del matrimonio 'in favorem fidei'\u201d- Exaudi","og_description":"La Congregaci\u00f3n para la Doctrina de la Fe organiza la jornada de estudio bajo el tema \u201cLa disoluci\u00f3n del matrimonio in favorem fidei\".","og_url":"https:\/\/exaudi.org\/es\/vaticano-jornada-estudio-la-disolucion-del-matrimonio-in-favorem-fidei\/","og_site_name":"Exaudi","article_publisher":"https:\/\/www.facebook.com\/ExaudiNews","article_published_time":"2021-04-23T14:10:02+00:00","article_modified_time":"2021-04-23T14:15:29+00:00","og_image":[{"width":2560,"height":1438,"url":"https:\/\/exaudi.org\/wp-content\/uploads\/2021\/04\/cathopic_1533134349657179-scaled.jpg","type":"image\/jpeg"}],"author":"Gabriel Sales","twitter_card":"summary_large_image","twitter_creator":"@habemusman","twitter_site":"@Exaudi_News","twitter_misc":{"Escrito por":"Gabriel Sales","Tiempo de lectura":"3 minutos"},"schema":{"@context":"https:\/\/schema.org","@graph":[{"@type":"Article","@id":"https:\/\/exaudi.org\/es\/vaticano-jornada-estudio-la-disolucion-del-matrimonio-in-favorem-fidei\/#article","isPartOf":{"@id":"https:\/\/exaudi.org\/es\/vaticano-jornada-estudio-la-disolucion-del-matrimonio-in-favorem-fidei\/"},"author":{"name":"Gabriel Sales","@id":"https:\/\/exaudi.org\/#\/schema\/person\/d134b96438278131ce90c90c03fda6cd"},"headline":"Jornada de estudio \u201cLa disoluci\u00f3n del matrimonio &#8216;in favorem fidei&#8217;\u201d","datePublished":"2021-04-23T14:10:02+00:00","dateModified":"2021-04-23T14:15:29+00:00","mainEntityOfPage":{"@id":"https:\/\/exaudi.org\/es\/vaticano-jornada-estudio-la-disolucion-del-matrimonio-in-favorem-fidei\/"},"wordCount":712,"image":{"@id":"https:\/\/exaudi.org\/es\/vaticano-jornada-estudio-la-disolucion-del-matrimonio-in-favorem-fidei\/#primaryimage"},"thumbnailUrl":"https:\/\/exaudi.org\/wp-content\/uploads\/2021\/04\/cathopic_1533134349657179-scaled.jpg","keywords":["Congregaci\u00f3n para la Doctrina de la Fe","Jornada de estudio"],"articleSection":["Dicasterios","\u00daltimas noticias"],"inLanguage":"es"},{"@type":"WebPage","@id":"https:\/\/exaudi.org\/es\/vaticano-jornada-estudio-la-disolucion-del-matrimonio-in-favorem-fidei\/","url":"https:\/\/exaudi.org\/es\/vaticano-jornada-estudio-la-disolucion-del-matrimonio-in-favorem-fidei\/","name":"Jornada de estudio \u201cLa disoluci\u00f3n del matrimonio 'in favorem fidei'\u201d- Exaudi","isPartOf":{"@id":"https:\/\/exaudi.org\/#website"},"primaryImageOfPage":{"@id":"https:\/\/exaudi.org\/es\/vaticano-jornada-estudio-la-disolucion-del-matrimonio-in-favorem-fidei\/#primaryimage"},"image":{"@id":"https:\/\/exaudi.org\/es\/vaticano-jornada-estudio-la-disolucion-del-matrimonio-in-favorem-fidei\/#primaryimage"},"thumbnailUrl":"https:\/\/exaudi.org\/wp-content\/uploads\/2021\/04\/cathopic_1533134349657179-scaled.jpg","datePublished":"2021-04-23T14:10:02+00:00","dateModified":"2021-04-23T14:15:29+00:00","author":{"@id":"https:\/\/exaudi.org\/#\/schema\/person\/d134b96438278131ce90c90c03fda6cd"},"description":"La Congregaci\u00f3n para la Doctrina de la Fe organiza la jornada de estudio bajo el tema \u201cLa disoluci\u00f3n del matrimonio in favorem fidei\".","breadcrumb":{"@id":"https:\/\/exaudi.org\/es\/vaticano-jornada-estudio-la-disolucion-del-matrimonio-in-favorem-fidei\/#breadcrumb"},"inLanguage":"es","potentialAction":[{"@type":"ReadAction","target":["https:\/\/exaudi.org\/es\/vaticano-jornada-estudio-la-disolucion-del-matrimonio-in-favorem-fidei\/"]}]},{"@type":"ImageObject","inLanguage":"es","@id":"https:\/\/exaudi.org\/es\/vaticano-jornada-estudio-la-disolucion-del-matrimonio-in-favorem-fidei\/#primaryimage","url":"https:\/\/exaudi.org\/wp-content\/uploads\/2021\/04\/cathopic_1533134349657179-scaled.jpg","contentUrl":"https:\/\/exaudi.org\/wp-content\/uploads\/2021\/04\/cathopic_1533134349657179-scaled.jpg","width":2560,"height":1438,"caption":"Matrimonio observando el Sant\u00edsimo \u00a9 Vatican Media"},{"@type":"BreadcrumbList","@id":"https:\/\/exaudi.org\/es\/vaticano-jornada-estudio-la-disolucion-del-matrimonio-in-favorem-fidei\/#breadcrumb","itemListElement":[{"@type":"ListItem","position":1,"name":"Portada","item":"https:\/\/exaudi.org\/es\/"},{"@type":"ListItem","position":2,"name":"Jornada de estudio \u201cLa disoluci\u00f3n del matrimonio &#8216;in favorem fidei&#8217;\u201d"}]},{"@type":"WebSite","@id":"https:\/\/exaudi.org\/#website","url":"https:\/\/exaudi.org\/","name":"Exaudi","description":"News","potentialAction":[{"@type":"SearchAction","target":{"@type":"EntryPoint","urlTemplate":"https:\/\/exaudi.org\/?s={search_term_string}"},"query-input":{"@type":"PropertyValueSpecification","valueRequired":true,"valueName":"search_term_string"}}],"inLanguage":"es"},{"@type":"Person","@id":"https:\/\/exaudi.org\/#\/schema\/person\/d134b96438278131ce90c90c03fda6cd","name":"Gabriel Sales","image":{"@type":"ImageObject","inLanguage":"es","@id":"https:\/\/secure.gravatar.com\/avatar\/9b1269566f6a063ed26ffb3532b66a373cdde231ce5d0effb266167437fdaffd?s=96&d=mm&r=g","url":"https:\/\/secure.gravatar.com\/avatar\/9b1269566f6a063ed26ffb3532b66a373cdde231ce5d0effb266167437fdaffd?s=96&d=mm&r=g","contentUrl":"https:\/\/secure.gravatar.com\/avatar\/9b1269566f6a063ed26ffb3532b66a373cdde231ce5d0effb266167437fdaffd?s=96&d=mm&r=g","caption":"Gabriel Sales"},"description":"Periodista y especialista en Comunicaci\u00f3n y Branding digital. Cin\u00e9filo y cr\u00edtico de cine y series de televisi\u00f3n.","sameAs":["https:\/\/www.instagram.com\/cine90segundos\/","www.linkedin.com\/in\/habemusman","https:\/\/x.com\/habemusman","https:\/\/www.youtube.com\/channel\/UCVfCiOMkJ_C7T7OpyjuaLDg"],"url":"https:\/\/exaudi.org\/es\/author\/gsalesexaudi-org\/"}]}},"jetpack_featured_media_url":"https:\/\/exaudi.org\/wp-content\/uploads\/2021\/04\/cathopic_1533134349657179-scaled.jpg","jetpack_shortlink":"https:\/\/wp.me\/pgKjF2-3ps","_links":{"self":[{"href":"https:\/\/exaudi.org\/es\/wp-json\/wp\/v2\/posts\/13110","targetHints":{"allow":["GET"]}}],"collection":[{"href":"https:\/\/exaudi.org\/es\/wp-json\/wp\/v2\/posts"}],"about":[{"href":"https:\/\/exaudi.org\/es\/wp-json\/wp\/v2\/types\/post"}],"author":[{"embeddable":true,"href":"https:\/\/exaudi.org\/es\/wp-json\/wp\/v2\/users\/6"}],"replies":[{"embeddable":true,"href":"https:\/\/exaudi.org\/es\/wp-json\/wp\/v2\/comments?post=13110"}],"version-history":[{"count":0,"href":"https:\/\/exaudi.org\/es\/wp-json\/wp\/v2\/posts\/13110\/revisions"}],"wp:featuredmedia":[{"embeddable":true,"href":"https:\/\/exaudi.org\/es\/wp-json\/wp\/v2\/media\/13113"}],"wp:attachment":[{"href":"https:\/\/exaudi.org\/es\/wp-json\/wp\/v2\/media?parent=13110"}],"wp:term":[{"taxonomy":"category","embeddable":true,"href":"https:\/\/exaudi.org\/es\/wp-json\/wp\/v2\/categories?post=13110"},{"taxonomy":"post_tag","embeddable":true,"href":"https:\/\/exaudi.org\/es\/wp-json\/wp\/v2\/tags?post=13110"}],"curies":[{"name":"wp","href":"https:\/\/api.w.org\/{rel}","templated":true}]}}