{"id":130954,"date":"2025-07-31T08:30:05","date_gmt":"2025-07-31T06:30:05","guid":{"rendered":"https:\/\/exaudi.org\/?p=130954"},"modified":"2025-07-31T01:05:38","modified_gmt":"2025-07-30T23:05:38","slug":"san-ignacio-hoy-brujula-para-jovenes-e-influencers-en-busca-de-sentido","status":"publish","type":"post","link":"https:\/\/exaudi.org\/es\/san-ignacio-hoy-brujula-para-jovenes-e-influencers-en-busca-de-sentido\/","title":{"rendered":"San Ignacio hoy: br\u00fajula para j\u00f3venes e influencers en busca de sentido"},"content":{"rendered":"<p>En un mundo donde el <strong>scroll <\/strong>no se detiene y las notificaciones compiten con el silencio, la figura de San Ignacio de Loyola emerge como un maestro actual\u00edsimo. No es solo el fundador de los jesuitas, sino tambi\u00e9n un entrenador del coraz\u00f3n, un coach espiritual <strong>avant la lettre<\/strong>, que puede iluminar la vida de j\u00f3venes, comunicadores, influencers y buscadores de hoy.<\/p>\n<p><iframe title=\"Spotify Embed: San Ignacio hoy: br\u00fajula para j\u00f3venes e influencers en busca de sentido\" style=\"border-radius: 12px\" width=\"100%\" height=\"152\" frameborder=\"0\" allowfullscreen allow=\"autoplay; clipboard-write; encrypted-media; fullscreen; picture-in-picture\" loading=\"lazy\" src=\"https:\/\/open.spotify.com\/embed\/episode\/4RaIiDPlfDPDtkXydDQkQ8?si=SB1QuADeSxK0hwCkl2W3MQ&#038;utm_source=oembed\"><\/iframe><\/p>\n<h3><strong>El deseo profundo: la chispa ignaciana<\/strong><\/h3>\n<p>Ignacio no comienza con normas ni con mandamientos. Comienza con el deseo. \u201cEl hombre es creado para alabar, hacer reverencia y servir a Dios nuestro Se\u00f1or, y mediante esto salvar su alma\u201d, escribe en los <strong>Ejercicios Espirituales<\/strong>. No es un planteamiento cerrado, sino una invitaci\u00f3n a la libertad. Lo primero es preguntarse: <strong>\u00bfqu\u00e9 busco de verdad?<\/strong>\u00a0En medio del ruido digital, esta pregunta es m\u00e1s vital que nunca.<\/p>\n<p>Los j\u00f3venes que participaron este mes en el Jubileo en Roma, al igual que los comunicadores convocados por el Papa Le\u00f3n XIV, sienten esa necesidad: descubrir qui\u00e9nes son, para qu\u00e9 est\u00e1n aqu\u00ed y c\u00f3mo vivir con prop\u00f3sito. San Ignacio ense\u00f1a a leer los movimientos del alma, a distinguir la voz de Dios del ruido del ego, del miedo o de la vanidad.<\/p>\n<h3><strong>Influencers con alma: discernir, decidir, actuar<\/strong><\/h3>\n<p>Ignacio hablaba de \u201cdiscernir los esp\u00edritus\u201d. Hoy podr\u00edamos decir: aprender a filtrar no solo contenidos, sino tambi\u00e9n pensamientos, motivaciones y caminos. Para quienes viven en el \u00e1mbito digital, esta sabidur\u00eda es clave. Un influencer ignaciano no es el que acumula seguidores, sino quien los conduce a lo esencial, a lo verdadero, a lo bueno.<\/p>\n<p>En un reciente mensaje a los comunicadores cat\u00f3licos, el Papa Le\u00f3n XIV los exhort\u00f3 a ser \u201cagentes de comuni\u00f3n, no solo transmisores de informaci\u00f3n\u201d. Ignacio a\u00f1adir\u00eda: <strong>No te dejes llevar por lo primero. Haz examen. Pregunta. Ora. Decide desde la paz.<\/strong><\/p>\n<h3><strong>Caminar con Jes\u00fas en lo cotidiano<\/strong><\/h3>\n<p>Otra clave ignaciana es el encuentro personal con Cristo. No con un concepto, sino con una persona viva que camina contigo. En los <strong>Ejercicios<\/strong>, Ignacio invita a imaginar, contemplar, hablar con Jes\u00fas \u201ccomo un amigo habla con otro amigo\u201d. Una fe encarnada, cercana, alegre.<\/p>\n<p>En Roma, los j\u00f3venes han redescubierto que Jes\u00fas no est\u00e1 solo en los templos, sino tambi\u00e9n en las redes, en la amistad, en las decisiones, en la creatividad, en el servicio. Ignacio los alentar\u00eda: <strong>No tengan miedo de so\u00f1ar en grande. Si Dios est\u00e1 con ustedes, \u00bfqui\u00e9n contra ustedes?<\/strong><\/p>\n<h3><strong>Un mundo por transformar\u2026 desde dentro<\/strong><\/h3>\n<p>La espiritualidad ignaciana no es intimista ni evasiva. Es profundamente transformadora. Invita a \u201cencontrar a Dios en todas las cosas\u201d y a servir \u201cen todo amar y servir\u201d. Desde el aula hasta el plat\u00f3, desde TikTok hasta una parroquia, todo es lugar de misi\u00f3n si hay discernimiento y amor.<\/p>\n<p>En tiempos de superficialidad, San Ignacio ense\u00f1a profundidad. En tiempos de dispersi\u00f3n, ense\u00f1a foco. En tiempos de ansiedad, ense\u00f1a paz.<\/p>\n<h3><strong>Un santo para esta generaci\u00f3n<\/strong><\/h3>\n<p>San Ignacio no hablaba de algoritmos, pero hablaba de libertad interior. No conoc\u00eda las redes sociales, pero s\u00ed las redes del coraz\u00f3n humano. Hoy, en pleno Jubileo de la juventud y de los comunicadores cat\u00f3licos, su mensaje es m\u00e1s actual que nunca: <em><strong>Atr\u00e9vete a mirar dentro. Escucha. Elige lo mejor. Y hazlo con todo el coraz\u00f3n.<\/strong><\/em><\/p>\n<p>\u00bfQuieres seguir profundizando? Haz un rato de silencio. Preg\u00fantate con honestidad:<\/p>\n<p>\u00bfQu\u00e9 me mueve por dentro? \u00bfQu\u00e9 me da paz? \u00bfD\u00f3nde siento a Dios?<\/p>\n<p>San Ignacio te dir\u00eda: por ah\u00ed empieza todo.<\/p>\n<p><img loading=\"lazy\" decoding=\"async\" class=\"size-full wp-image-130961 alignnone\" src=\"https:\/\/exaudi.org\/wp-content\/uploads\/2025\/07\/Alfons-gea.jpg\" alt=\"\" width=\"1080\" height=\"1080\" srcset=\"https:\/\/exaudi.org\/wp-content\/uploads\/2025\/07\/Alfons-gea.jpg 1080w, https:\/\/exaudi.org\/wp-content\/uploads\/2025\/07\/Alfons-gea-300x300.jpg 300w, https:\/\/exaudi.org\/wp-content\/uploads\/2025\/07\/Alfons-gea-1024x1024.jpg 1024w, https:\/\/exaudi.org\/wp-content\/uploads\/2025\/07\/Alfons-gea-100x100.jpg?crop=1 100w, https:\/\/exaudi.org\/wp-content\/uploads\/2025\/07\/Alfons-gea-770x770.jpg 770w, https:\/\/exaudi.org\/wp-content\/uploads\/2025\/07\/Alfons-gea-500x500.jpg 500w\" sizes=\"auto, (max-width: 1080px) 100vw, 1080px\" \/><\/p>\n","protected":false},"excerpt":{"rendered":"<p>Desde el Jubileo de los j\u00f3venes en Roma hasta los nuevos \u00abinfluencers del alma\u00bb, su legado resuena con fuerza en el siglo XXI<\/p>\n","protected":false},"author":149,"featured_media":130958,"comment_status":"closed","ping_status":"closed","sticky":false,"template":"","format":"standard","meta":{"_acf_changed":false,"_crdt_document":"","inline_featured_image":false,"footnotes":""},"categories":[130],"tags":[68778,49138,68908,6905,2229,22659,39528,68907,18116,68909,33964,68911,25210,2576,21502,68906,36302,48020,22855,58111,2407,68910,53843,4953],"class_list":["post-130954","post","type-post","status-publish","format-standard","has-post-thumbnail","hentry","category-voces","tag-agentes-de-comunion","tag-comunicacion-catolica","tag-dios-en-todas-las-cosas","tag-discernimiento","tag-ejercicios-espirituales","tag-encuentro-con-cristo","tag-espiritualidad-ignaciana","tag-fe-y-redes-sociales","tag-formacion-espiritual","tag-ignacio-hoy","tag-influencers-catolicos","tag-influencers-del-alma","tag-javier-ferrer-garcia","tag-jesuitas","tag-jovenes-catolicos","tag-jubileo-de-los-jovenes-2025","tag-juventud-y-fe","tag-libertad-interior","tag-mision-digital","tag-papa-leon-xiv","tag-san-ignacio-de-loyola","tag-santos-actuales","tag-transformacion-interior","tag-trending-es"],"acf":[],"yoast_head":"<!-- This site is optimized with the Yoast SEO plugin v27.5 - https:\/\/yoast.com\/product\/yoast-seo-wordpress\/ -->\n<title>San Ignacio hoy: br\u00fajula para j\u00f3venes e influencers en busca de sentido &#8211; Exaudi<\/title>\n<meta name=\"robots\" content=\"index, follow, max-snippet:-1, max-image-preview:large, max-video-preview:-1\" \/>\n<link rel=\"canonical\" href=\"https:\/\/exaudi.org\/es\/san-ignacio-hoy-brujula-para-jovenes-e-influencers-en-busca-de-sentido\/\" \/>\n<meta property=\"og:locale\" content=\"es_ES\" \/>\n<meta property=\"og:type\" content=\"article\" \/>\n<meta property=\"og:title\" content=\"San Ignacio hoy: br\u00fajula para j\u00f3venes e influencers en busca de sentido &#8211; Exaudi\" \/>\n<meta property=\"og:description\" content=\"Desde el Jubileo de los j\u00f3venes en Roma hasta los nuevos &quot;influencers del alma&quot;, su legado resuena con fuerza en el siglo XXI\" \/>\n<meta property=\"og:url\" content=\"https:\/\/exaudi.org\/es\/san-ignacio-hoy-brujula-para-jovenes-e-influencers-en-busca-de-sentido\/\" \/>\n<meta property=\"og:site_name\" content=\"Exaudi\" \/>\n<meta property=\"article:publisher\" content=\"https:\/\/www.facebook.com\/ExaudiNews\" \/>\n<meta property=\"article:published_time\" content=\"2025-07-31T06:30:05+00:00\" \/>\n<meta property=\"og:image\" content=\"https:\/\/exaudi.org\/wp-content\/uploads\/2025\/07\/5e42c1e1-ede2-4655-ab90-bc555e184952.png\" \/>\n\t<meta property=\"og:image:width\" content=\"1280\" \/>\n\t<meta property=\"og:image:height\" content=\"720\" \/>\n\t<meta property=\"og:image:type\" content=\"image\/png\" \/>\n<meta name=\"author\" content=\"Javier Ferrer Garc\u00eda\" \/>\n<meta name=\"twitter:card\" content=\"summary_large_image\" \/>\n<meta name=\"twitter:creator\" content=\"@Exaudi_News\" \/>\n<meta name=\"twitter:site\" content=\"@Exaudi_News\" \/>\n<meta name=\"twitter:label1\" content=\"Escrito por\" \/>\n\t<meta name=\"twitter:data1\" content=\"Javier Ferrer Garc\u00eda\" \/>\n\t<meta name=\"twitter:label2\" content=\"Tiempo de lectura\" \/>\n\t<meta name=\"twitter:data2\" content=\"3 minutos\" \/>\n<script type=\"application\/ld+json\" class=\"yoast-schema-graph\">{\"@context\":\"https:\\\/\\\/schema.org\",\"@graph\":[{\"@type\":\"Article\",\"@id\":\"https:\\\/\\\/exaudi.org\\\/es\\\/san-ignacio-hoy-brujula-para-jovenes-e-influencers-en-busca-de-sentido\\\/#article\",\"isPartOf\":{\"@id\":\"https:\\\/\\\/exaudi.org\\\/es\\\/san-ignacio-hoy-brujula-para-jovenes-e-influencers-en-busca-de-sentido\\\/\"},\"author\":{\"name\":\"Javier Ferrer Garc\u00eda\",\"@id\":\"https:\\\/\\\/exaudi.org\\\/#\\\/schema\\\/person\\\/0428626ea256fe1d193098fe0ee2b91d\"},\"headline\":\"San Ignacio hoy: br\u00fajula para j\u00f3venes e influencers en busca de sentido\",\"datePublished\":\"2025-07-31T06:30:05+00:00\",\"mainEntityOfPage\":{\"@id\":\"https:\\\/\\\/exaudi.org\\\/es\\\/san-ignacio-hoy-brujula-para-jovenes-e-influencers-en-busca-de-sentido\\\/\"},\"wordCount\":638,\"image\":{\"@id\":\"https:\\\/\\\/exaudi.org\\\/es\\\/san-ignacio-hoy-brujula-para-jovenes-e-influencers-en-busca-de-sentido\\\/#primaryimage\"},\"thumbnailUrl\":\"https:\\\/\\\/exaudi.org\\\/wp-content\\\/uploads\\\/2025\\\/07\\\/5e42c1e1-ede2-4655-ab90-bc555e184952.png\",\"keywords\":[\"agentes de comuni\u00f3n\",\"comunicaci\u00f3n cat\u00f3lica\",\"dios en todas las cosas\",\"discernimiento\",\"Ejercicios espirituales\",\"encuentro con Cristo\",\"espiritualidad ignaciana\",\"fe y redes sociales\",\"formaci\u00f3n espiritual\",\"ignacio hoy\",\"influencers cat\u00f3licos\",\"influencers del alma\",\"Javier Ferrer Garc\u00eda\",\"Jesuitas\",\"j\u00f3venes cat\u00f3licos\",\"jubileo de los j\u00f3venes 2025\",\"Juventud y fe\",\"libertad interior\",\"misi\u00f3n digital\",\"papa le\u00f3n xiv\",\"San Ignacio de Loyola\",\"santos actuales\",\"transformaci\u00f3n interior\",\"Trending\"],\"articleSection\":[\"Voces\"],\"inLanguage\":\"es\"},{\"@type\":\"WebPage\",\"@id\":\"https:\\\/\\\/exaudi.org\\\/es\\\/san-ignacio-hoy-brujula-para-jovenes-e-influencers-en-busca-de-sentido\\\/\",\"url\":\"https:\\\/\\\/exaudi.org\\\/es\\\/san-ignacio-hoy-brujula-para-jovenes-e-influencers-en-busca-de-sentido\\\/\",\"name\":\"San Ignacio hoy: br\u00fajula para j\u00f3venes e influencers en busca de sentido &#8211; Exaudi\",\"isPartOf\":{\"@id\":\"https:\\\/\\\/exaudi.org\\\/#website\"},\"primaryImageOfPage\":{\"@id\":\"https:\\\/\\\/exaudi.org\\\/es\\\/san-ignacio-hoy-brujula-para-jovenes-e-influencers-en-busca-de-sentido\\\/#primaryimage\"},\"image\":{\"@id\":\"https:\\\/\\\/exaudi.org\\\/es\\\/san-ignacio-hoy-brujula-para-jovenes-e-influencers-en-busca-de-sentido\\\/#primaryimage\"},\"thumbnailUrl\":\"https:\\\/\\\/exaudi.org\\\/wp-content\\\/uploads\\\/2025\\\/07\\\/5e42c1e1-ede2-4655-ab90-bc555e184952.png\",\"datePublished\":\"2025-07-31T06:30:05+00:00\",\"author\":{\"@id\":\"https:\\\/\\\/exaudi.org\\\/#\\\/schema\\\/person\\\/0428626ea256fe1d193098fe0ee2b91d\"},\"breadcrumb\":{\"@id\":\"https:\\\/\\\/exaudi.org\\\/es\\\/san-ignacio-hoy-brujula-para-jovenes-e-influencers-en-busca-de-sentido\\\/#breadcrumb\"},\"inLanguage\":\"es\",\"potentialAction\":[{\"@type\":\"ReadAction\",\"target\":[\"https:\\\/\\\/exaudi.org\\\/es\\\/san-ignacio-hoy-brujula-para-jovenes-e-influencers-en-busca-de-sentido\\\/\"]}]},{\"@type\":\"ImageObject\",\"inLanguage\":\"es\",\"@id\":\"https:\\\/\\\/exaudi.org\\\/es\\\/san-ignacio-hoy-brujula-para-jovenes-e-influencers-en-busca-de-sentido\\\/#primaryimage\",\"url\":\"https:\\\/\\\/exaudi.org\\\/wp-content\\\/uploads\\\/2025\\\/07\\\/5e42c1e1-ede2-4655-ab90-bc555e184952.png\",\"contentUrl\":\"https:\\\/\\\/exaudi.org\\\/wp-content\\\/uploads\\\/2025\\\/07\\\/5e42c1e1-ede2-4655-ab90-bc555e184952.png\",\"width\":1280,\"height\":720},{\"@type\":\"BreadcrumbList\",\"@id\":\"https:\\\/\\\/exaudi.org\\\/es\\\/san-ignacio-hoy-brujula-para-jovenes-e-influencers-en-busca-de-sentido\\\/#breadcrumb\",\"itemListElement\":[{\"@type\":\"ListItem\",\"position\":1,\"name\":\"Portada\",\"item\":\"https:\\\/\\\/exaudi.org\\\/es\\\/\"},{\"@type\":\"ListItem\",\"position\":2,\"name\":\"San Ignacio hoy: br\u00fajula para j\u00f3venes e influencers en busca de sentido\"}]},{\"@type\":\"WebSite\",\"@id\":\"https:\\\/\\\/exaudi.org\\\/#website\",\"url\":\"https:\\\/\\\/exaudi.org\\\/\",\"name\":\"Exaudi\",\"description\":\"News\",\"potentialAction\":[{\"@type\":\"SearchAction\",\"target\":{\"@type\":\"EntryPoint\",\"urlTemplate\":\"https:\\\/\\\/exaudi.org\\\/?s={search_term_string}\"},\"query-input\":{\"@type\":\"PropertyValueSpecification\",\"valueRequired\":true,\"valueName\":\"search_term_string\"}}],\"inLanguage\":\"es\"},{\"@type\":\"Person\",\"@id\":\"https:\\\/\\\/exaudi.org\\\/#\\\/schema\\\/person\\\/0428626ea256fe1d193098fe0ee2b91d\",\"name\":\"Javier Ferrer Garc\u00eda\",\"image\":{\"@type\":\"ImageObject\",\"inLanguage\":\"es\",\"@id\":\"https:\\\/\\\/secure.gravatar.com\\\/avatar\\\/c7bc1aef05f4433794cef4a55499c99ae6c0d617e2aa24ba4876a5432af93b2d?s=96&d=mm&r=g\",\"url\":\"https:\\\/\\\/secure.gravatar.com\\\/avatar\\\/c7bc1aef05f4433794cef4a55499c99ae6c0d617e2aa24ba4876a5432af93b2d?s=96&d=mm&r=g\",\"contentUrl\":\"https:\\\/\\\/secure.gravatar.com\\\/avatar\\\/c7bc1aef05f4433794cef4a55499c99ae6c0d617e2aa24ba4876a5432af93b2d?s=96&d=mm&r=g\",\"caption\":\"Javier Ferrer Garc\u00eda\"},\"description\":\"Soy un apasionado de la vida. Fil\u00f3sofo y economista. Mi carrera profesional se ha enriquecido con el constante deseo de aprender y crecer tanto en el \u00e1mbito acad\u00e9mico como en el personal. Me considero un ferviente lector y amante del cine, lo cual me permite tener una perspectiva amplia y diversa sobre el mundo que nos rodea. Como cat\u00f3lico comprometido, busco integrar mis valores en cada aspecto de mi vida, desde mi carrera profesional hasta mi rol como esposo y padre de familia\",\"url\":\"https:\\\/\\\/exaudi.org\\\/es\\\/author\\\/javier-ferrer-garcia\\\/\"}]}<\/script>\n<!-- \/ Yoast SEO plugin. -->","yoast_head_json":{"title":"San Ignacio hoy: br\u00fajula para j\u00f3venes e influencers en busca de sentido &#8211; Exaudi","robots":{"index":"index","follow":"follow","max-snippet":"max-snippet:-1","max-image-preview":"max-image-preview:large","max-video-preview":"max-video-preview:-1"},"canonical":"https:\/\/exaudi.org\/es\/san-ignacio-hoy-brujula-para-jovenes-e-influencers-en-busca-de-sentido\/","og_locale":"es_ES","og_type":"article","og_title":"San Ignacio hoy: br\u00fajula para j\u00f3venes e influencers en busca de sentido &#8211; Exaudi","og_description":"Desde el Jubileo de los j\u00f3venes en Roma hasta los nuevos \"influencers del alma\", su legado resuena con fuerza en el siglo XXI","og_url":"https:\/\/exaudi.org\/es\/san-ignacio-hoy-brujula-para-jovenes-e-influencers-en-busca-de-sentido\/","og_site_name":"Exaudi","article_publisher":"https:\/\/www.facebook.com\/ExaudiNews","article_published_time":"2025-07-31T06:30:05+00:00","og_image":[{"width":1280,"height":720,"url":"https:\/\/exaudi.org\/wp-content\/uploads\/2025\/07\/5e42c1e1-ede2-4655-ab90-bc555e184952.png","type":"image\/png"}],"author":"Javier Ferrer Garc\u00eda","twitter_card":"summary_large_image","twitter_creator":"@Exaudi_News","twitter_site":"@Exaudi_News","twitter_misc":{"Escrito por":"Javier Ferrer Garc\u00eda","Tiempo de lectura":"3 minutos"},"schema":{"@context":"https:\/\/schema.org","@graph":[{"@type":"Article","@id":"https:\/\/exaudi.org\/es\/san-ignacio-hoy-brujula-para-jovenes-e-influencers-en-busca-de-sentido\/#article","isPartOf":{"@id":"https:\/\/exaudi.org\/es\/san-ignacio-hoy-brujula-para-jovenes-e-influencers-en-busca-de-sentido\/"},"author":{"name":"Javier Ferrer Garc\u00eda","@id":"https:\/\/exaudi.org\/#\/schema\/person\/0428626ea256fe1d193098fe0ee2b91d"},"headline":"San Ignacio hoy: br\u00fajula para j\u00f3venes e influencers en busca de sentido","datePublished":"2025-07-31T06:30:05+00:00","mainEntityOfPage":{"@id":"https:\/\/exaudi.org\/es\/san-ignacio-hoy-brujula-para-jovenes-e-influencers-en-busca-de-sentido\/"},"wordCount":638,"image":{"@id":"https:\/\/exaudi.org\/es\/san-ignacio-hoy-brujula-para-jovenes-e-influencers-en-busca-de-sentido\/#primaryimage"},"thumbnailUrl":"https:\/\/exaudi.org\/wp-content\/uploads\/2025\/07\/5e42c1e1-ede2-4655-ab90-bc555e184952.png","keywords":["agentes de comuni\u00f3n","comunicaci\u00f3n cat\u00f3lica","dios en todas las cosas","discernimiento","Ejercicios espirituales","encuentro con Cristo","espiritualidad ignaciana","fe y redes sociales","formaci\u00f3n espiritual","ignacio hoy","influencers cat\u00f3licos","influencers del alma","Javier Ferrer Garc\u00eda","Jesuitas","j\u00f3venes cat\u00f3licos","jubileo de los j\u00f3venes 2025","Juventud y fe","libertad interior","misi\u00f3n digital","papa le\u00f3n xiv","San Ignacio de Loyola","santos actuales","transformaci\u00f3n interior","Trending"],"articleSection":["Voces"],"inLanguage":"es"},{"@type":"WebPage","@id":"https:\/\/exaudi.org\/es\/san-ignacio-hoy-brujula-para-jovenes-e-influencers-en-busca-de-sentido\/","url":"https:\/\/exaudi.org\/es\/san-ignacio-hoy-brujula-para-jovenes-e-influencers-en-busca-de-sentido\/","name":"San Ignacio hoy: br\u00fajula para j\u00f3venes e influencers en busca de sentido &#8211; Exaudi","isPartOf":{"@id":"https:\/\/exaudi.org\/#website"},"primaryImageOfPage":{"@id":"https:\/\/exaudi.org\/es\/san-ignacio-hoy-brujula-para-jovenes-e-influencers-en-busca-de-sentido\/#primaryimage"},"image":{"@id":"https:\/\/exaudi.org\/es\/san-ignacio-hoy-brujula-para-jovenes-e-influencers-en-busca-de-sentido\/#primaryimage"},"thumbnailUrl":"https:\/\/exaudi.org\/wp-content\/uploads\/2025\/07\/5e42c1e1-ede2-4655-ab90-bc555e184952.png","datePublished":"2025-07-31T06:30:05+00:00","author":{"@id":"https:\/\/exaudi.org\/#\/schema\/person\/0428626ea256fe1d193098fe0ee2b91d"},"breadcrumb":{"@id":"https:\/\/exaudi.org\/es\/san-ignacio-hoy-brujula-para-jovenes-e-influencers-en-busca-de-sentido\/#breadcrumb"},"inLanguage":"es","potentialAction":[{"@type":"ReadAction","target":["https:\/\/exaudi.org\/es\/san-ignacio-hoy-brujula-para-jovenes-e-influencers-en-busca-de-sentido\/"]}]},{"@type":"ImageObject","inLanguage":"es","@id":"https:\/\/exaudi.org\/es\/san-ignacio-hoy-brujula-para-jovenes-e-influencers-en-busca-de-sentido\/#primaryimage","url":"https:\/\/exaudi.org\/wp-content\/uploads\/2025\/07\/5e42c1e1-ede2-4655-ab90-bc555e184952.png","contentUrl":"https:\/\/exaudi.org\/wp-content\/uploads\/2025\/07\/5e42c1e1-ede2-4655-ab90-bc555e184952.png","width":1280,"height":720},{"@type":"BreadcrumbList","@id":"https:\/\/exaudi.org\/es\/san-ignacio-hoy-brujula-para-jovenes-e-influencers-en-busca-de-sentido\/#breadcrumb","itemListElement":[{"@type":"ListItem","position":1,"name":"Portada","item":"https:\/\/exaudi.org\/es\/"},{"@type":"ListItem","position":2,"name":"San Ignacio hoy: br\u00fajula para j\u00f3venes e influencers en busca de sentido"}]},{"@type":"WebSite","@id":"https:\/\/exaudi.org\/#website","url":"https:\/\/exaudi.org\/","name":"Exaudi","description":"News","potentialAction":[{"@type":"SearchAction","target":{"@type":"EntryPoint","urlTemplate":"https:\/\/exaudi.org\/?s={search_term_string}"},"query-input":{"@type":"PropertyValueSpecification","valueRequired":true,"valueName":"search_term_string"}}],"inLanguage":"es"},{"@type":"Person","@id":"https:\/\/exaudi.org\/#\/schema\/person\/0428626ea256fe1d193098fe0ee2b91d","name":"Javier Ferrer Garc\u00eda","image":{"@type":"ImageObject","inLanguage":"es","@id":"https:\/\/secure.gravatar.com\/avatar\/c7bc1aef05f4433794cef4a55499c99ae6c0d617e2aa24ba4876a5432af93b2d?s=96&d=mm&r=g","url":"https:\/\/secure.gravatar.com\/avatar\/c7bc1aef05f4433794cef4a55499c99ae6c0d617e2aa24ba4876a5432af93b2d?s=96&d=mm&r=g","contentUrl":"https:\/\/secure.gravatar.com\/avatar\/c7bc1aef05f4433794cef4a55499c99ae6c0d617e2aa24ba4876a5432af93b2d?s=96&d=mm&r=g","caption":"Javier Ferrer Garc\u00eda"},"description":"Soy un apasionado de la vida. Fil\u00f3sofo y economista. Mi carrera profesional se ha enriquecido con el constante deseo de aprender y crecer tanto en el \u00e1mbito acad\u00e9mico como en el personal. Me considero un ferviente lector y amante del cine, lo cual me permite tener una perspectiva amplia y diversa sobre el mundo que nos rodea. Como cat\u00f3lico comprometido, busco integrar mis valores en cada aspecto de mi vida, desde mi carrera profesional hasta mi rol como esposo y padre de familia","url":"https:\/\/exaudi.org\/es\/author\/javier-ferrer-garcia\/"}]}},"jetpack_featured_media_url":"https:\/\/exaudi.org\/wp-content\/uploads\/2025\/07\/5e42c1e1-ede2-4655-ab90-bc555e184952.png","jetpack_shortlink":"https:\/\/wp.me\/pgKjF2-y4a","_links":{"self":[{"href":"https:\/\/exaudi.org\/es\/wp-json\/wp\/v2\/posts\/130954","targetHints":{"allow":["GET"]}}],"collection":[{"href":"https:\/\/exaudi.org\/es\/wp-json\/wp\/v2\/posts"}],"about":[{"href":"https:\/\/exaudi.org\/es\/wp-json\/wp\/v2\/types\/post"}],"author":[{"embeddable":true,"href":"https:\/\/exaudi.org\/es\/wp-json\/wp\/v2\/users\/149"}],"replies":[{"embeddable":true,"href":"https:\/\/exaudi.org\/es\/wp-json\/wp\/v2\/comments?post=130954"}],"version-history":[{"count":0,"href":"https:\/\/exaudi.org\/es\/wp-json\/wp\/v2\/posts\/130954\/revisions"}],"wp:featuredmedia":[{"embeddable":true,"href":"https:\/\/exaudi.org\/es\/wp-json\/wp\/v2\/media\/130958"}],"wp:attachment":[{"href":"https:\/\/exaudi.org\/es\/wp-json\/wp\/v2\/media?parent=130954"}],"wp:term":[{"taxonomy":"category","embeddable":true,"href":"https:\/\/exaudi.org\/es\/wp-json\/wp\/v2\/categories?post=130954"},{"taxonomy":"post_tag","embeddable":true,"href":"https:\/\/exaudi.org\/es\/wp-json\/wp\/v2\/tags?post=130954"}],"curies":[{"name":"wp","href":"https:\/\/api.w.org\/{rel}","templated":true}]}}