{"id":130559,"date":"2025-07-23T10:55:18","date_gmt":"2025-07-23T08:55:18","guid":{"rendered":"https:\/\/exaudi.org\/?p=130559"},"modified":"2025-07-23T10:58:14","modified_gmt":"2025-07-23T08:58:14","slug":"el-cardenal-pizzaballa-en-gaza-cristo-esta-crucificado-entre-los-heridos-sepultado-bajo-los-escombros","status":"publish","type":"post","link":"https:\/\/exaudi.org\/es\/el-cardenal-pizzaballa-en-gaza-cristo-esta-crucificado-entre-los-heridos-sepultado-bajo-los-escombros\/","title":{"rendered":"El Cardenal Pizzaballa en Gaza: \u201cCristo est\u00e1 crucificado entre los heridos, sepultado bajo los escombros\u201d"},"content":{"rendered":"<p>El Card. Pizzaballa en Gaza: \u201cCristo no est\u00e1 ausente, est\u00e1 all\u00ed crucificado en los heridos, sepultado bajo los escombros\u201d<\/p>\n<p>Ciudad del Vaticano, 23 jul. 2025 &#8211; \u201cCristo no est\u00e1 ausente de Gaza. Est\u00e1 all\u00ed, crucificado en los heridos, sepultado bajo los escombros\u201d. Palabras m\u00e1s duras que estas, pronunciadas ayer por el cardenal italiano Pierbattista Pizzabala tras su visita pastoral a Gaza, son dif\u00edciles de imaginar.<\/p>\n<p>Como las de su beatitud Teofilo III, del Patriarcado Ortodoxo Griego de Jerusal\u00e9n que en la conferencia de prensa conjunta a\u00f1adi\u00f3: \u201cA la comunidad internacional, decimos: el silencio ante el sufrimiento es una traici\u00f3n a la conciencia\u201d.<\/p>\n<p>Desde el ataque terrorista de Hamas del 7 de octubre de 2023, durante la fiesta hebraica de Simchat Torah, donde los extremistas palestinos asesinaron a unas 1.200 personas y secuestraron a otras 350, de los cuales unos 50 rehenes a\u00fan se encuentran secuestrados, Israel respondi\u00f3 con todos sus medios, sin respetar entretanto la proporcionalidad que el Derecho Internacional exige.<\/p>\n<p>Hasta el momento las cifras oficiales hablan de casi 60 mil palestinos muertos, de los cuales 17.400 ni\u00f1os, tras los bombardeos indiscriminados a la poblaci\u00f3n civil, hospitales y colegios durante la represi\u00f3n, recibiendo innumerables denuncias de violaci\u00f3n de derechos humanos por parte de las Naciones Unidas, de entes independientes, y de masacres, las cuales cada d\u00eda registran los medios de informaci\u00f3n, con una situaci\u00f3n humanitaria al l\u00edmite del colapso total.<\/p>\n<p>Los dos Patriarcas hicieron un llamamiento conjunto a los l\u00edderes mundiales y a los responsables pol\u00edticos, pidiendo el fin de la guerra, la liberaci\u00f3n de los detenidos y el inicio de un verdadero proceso de sanaci\u00f3n que restaure la vida y la dignidad en Gaza y en toda Tierra Santa.<\/p>\n<p>Tambi\u00e9n recordaron las palabras del Papa Le\u00f3n XIV durante la oraci\u00f3n del \u00c1ngelus, en las que inst\u00f3 a la comunidad internacional a \u00abRespetar el derecho humanitario y la obligaci\u00f3n de proteger a los civiles, as\u00ed como la prohibici\u00f3n de los castigos colectivos, el uso indiscriminado de la fuerza y el desplazamiento forzoso de la poblaci\u00f3n\u00bb.<\/p>\n<p>\u00abNon fuimos como enviados pol\u00edticos sino como pastores. La Iglesia no abandonar\u00e1 a su pueblo\u00bb, indic\u00f3 el cardenal italiano.<\/p>\n<p>Describi\u00f3 la escena que vio como devastadora pero llena de una humanidad maravillosa, ofreciendo ejemplos descriptivos de \u00abmadres preparando comida para otros\u201d en medio de las \u00abtiendas de campa\u00f1a que se han convertido en hogares para quienes lo han perdido todo\u00bb.<\/p>\n<p>Su Beatitud hizo hincapi\u00e9 en que la misi\u00f3n de la Iglesia en Gaza es universal e inclusiva: \u00abNuestros hospitales, refugios, escuelas, parroquias -San Porfirio, la Sagrada Familia, el Hospital \u00c1rabe Al-Ahli, C\u00e1ritas- son lugares de encuentro y compartir para todos: cristianos, musulmanes, creyentes, esc\u00e9pticos, refugiados, ni\u00f1os. La ayuda humanitaria no solo es necesaria, sino que es una cuesti\u00f3n de vida o muerte. Rechazarla no es un retraso, sino una condena. Cada hora sin comida, agua, medicina y refugio causa un da\u00f1o profundo\u00bb.<\/p>\n<p>Concluy\u00f3 reafirmando que una paz verdadera y duradera requiere un camino de reconciliaci\u00f3n \u00abgenuina, dolorosa y valiente. No olvidando, sino perdonando. No borrando las heridas, sino transform\u00e1ndolas en sabidur\u00eda. Solo ese camino puede hacer posible la paz, no solo pol\u00edticamente, sino tambi\u00e9n humanamente\u00bb.<\/p>\n<p>Tras las declaraciones de apertura, se ley\u00f3 en voz alta el emotivo comunicado de Su Alteza Real el Pr\u00edncipe El Hassan bin Talal, en el que expres\u00f3 su profundo dolor por el bombardeo de la Iglesia de la Sagrada Familia, que caus\u00f3 v\u00edctimas y heridos. Afirm\u00f3 que las iglesias y las mezquitas, como casas de Dios, deben ser respetadas y preservadas de los horrores de la guerra.<\/p>\n<p>Discurso textual de su beatitud<\/p>\n<p><a href=\"https:\/\/lpj.org\/es\/news\/adress-by-his-beatitude-theophilos-iii\" target=\"_blank\" rel=\"noopener\">https:\/\/lpj.org\/es\/news\/adress-by-his-beatitude-theophilos-iii<\/a><\/p>\n<p><a href=\"https:\/\/lpj.org\/es\/news\/cardinal-pizzaballas-speech\" target=\"_blank\" rel=\"noopener\">https:\/\/lpj.org\/es\/news\/cardinal-pizzaballas-speech<\/a><\/p>\n<p><iframe loading=\"lazy\" title=\"Video on the Situation in Gaza \u2013 July 22, 2025\" width=\"500\" height=\"281\" src=\"https:\/\/www.youtube.com\/embed\/rD0UGzM1w60?feature=oembed\" frameborder=\"0\" allow=\"accelerometer; autoplay; clipboard-write; encrypted-media; gyroscope; picture-in-picture; web-share\" referrerpolicy=\"strict-origin-when-cross-origin\" allowfullscreen><\/iframe><\/p>\n","protected":false},"excerpt":{"rendered":"<p>Tras una devastadora visita pastoral, l\u00edderes cristianos denuncian el sufrimiento en Gaza, llaman al fin de la guerra y reclaman acci\u00f3n a la comunidad internacional: \u201cEl silencio es una traici\u00f3n a la conciencia\u201d<\/p>\n","protected":false},"author":100,"featured_media":130560,"comment_status":"closed","ping_status":"closed","sticky":false,"template":"","format":"standard","meta":{"_acf_changed":false,"_crdt_document":"","inline_featured_image":false,"footnotes":""},"categories":[74],"tags":[67798,67804,67794,67801,67172,42016,67799,67803,10401,67795,67800,449,57487,26418,67797,67078,67805,46202,67796,4953,67802],"class_list":["post-130559","post","type-post","status-publish","format-standard","has-post-thumbnail","hentry","category-iglesia-y-mundo","tag-ayuda-humanitaria-gaza","tag-bombardeo-iglesias","tag-cardenal-pizzaballa","tag-caritas-gaza","tag-conflicto-israel-palestina","tag-cristianos-en-gaza","tag-cristo-en-los-escombros","tag-derechos-humanos-gaza","tag-gaza-2","tag-guerra-en-medio-oriente","tag-hospital-arabe-al-ahli","tag-iglesia-catolica","tag-iglesia-en-gaza","tag-llamado-a-la-paz","tag-mensaje-del-vaticano","tag-paz-en-medio-oriente","tag-reconciliacion-en-tierra-santa","tag-sagrada-familia-gaza","tag-teofilo-iii","tag-trending-es","tag-victimas-civiles"],"acf":[],"yoast_head":"<!-- This site is optimized with the Yoast SEO plugin v27.5 - https:\/\/yoast.com\/product\/yoast-seo-wordpress\/ -->\n<title>El Cardenal Pizzaballa en Gaza: \u201cCristo est\u00e1 crucificado entre los heridos, sepultado bajo los escombros\u201d &#8211; Exaudi<\/title>\n<meta name=\"robots\" content=\"index, follow, max-snippet:-1, max-image-preview:large, max-video-preview:-1\" \/>\n<link rel=\"canonical\" href=\"https:\/\/exaudi.org\/es\/el-cardenal-pizzaballa-en-gaza-cristo-esta-crucificado-entre-los-heridos-sepultado-bajo-los-escombros\/\" \/>\n<meta property=\"og:locale\" content=\"es_ES\" \/>\n<meta property=\"og:type\" content=\"article\" \/>\n<meta property=\"og:title\" content=\"El Cardenal Pizzaballa en Gaza: \u201cCristo est\u00e1 crucificado entre los heridos, sepultado bajo los escombros\u201d &#8211; Exaudi\" \/>\n<meta property=\"og:description\" content=\"Tras una devastadora visita pastoral, l\u00edderes cristianos denuncian el sufrimiento en Gaza, llaman al fin de la guerra y reclaman acci\u00f3n a la comunidad internacional: \u201cEl silencio es una traici\u00f3n a la conciencia\u201d\" \/>\n<meta property=\"og:url\" content=\"https:\/\/exaudi.org\/es\/el-cardenal-pizzaballa-en-gaza-cristo-esta-crucificado-entre-los-heridos-sepultado-bajo-los-escombros\/\" \/>\n<meta property=\"og:site_name\" content=\"Exaudi\" \/>\n<meta property=\"article:publisher\" content=\"https:\/\/www.facebook.com\/ExaudiNews\" \/>\n<meta property=\"article:published_time\" content=\"2025-07-23T08:55:18+00:00\" \/>\n<meta property=\"article:modified_time\" content=\"2025-07-23T08:58:14+00:00\" \/>\n<meta property=\"og:image\" content=\"https:\/\/exaudi.org\/wp-content\/uploads\/2025\/07\/WhatsApp-Image-2025-07-23-at-10.19.02.jpeg\" \/>\n\t<meta property=\"og:image:width\" content=\"750\" \/>\n\t<meta property=\"og:image:height\" content=\"380\" \/>\n\t<meta property=\"og:image:type\" content=\"image\/jpeg\" \/>\n<meta name=\"author\" content=\"Hern\u00e1n Sergio Mora\" \/>\n<meta name=\"twitter:card\" content=\"summary_large_image\" \/>\n<meta name=\"twitter:creator\" content=\"@Exaudi_News\" \/>\n<meta name=\"twitter:site\" content=\"@Exaudi_News\" \/>\n<meta name=\"twitter:label1\" content=\"Escrito por\" \/>\n\t<meta name=\"twitter:data1\" content=\"Hern\u00e1n Sergio Mora\" \/>\n\t<meta name=\"twitter:label2\" content=\"Tiempo de lectura\" \/>\n\t<meta name=\"twitter:data2\" content=\"3 minutos\" \/>\n<script type=\"application\/ld+json\" class=\"yoast-schema-graph\">{\"@context\":\"https:\\\/\\\/schema.org\",\"@graph\":[{\"@type\":\"Article\",\"@id\":\"https:\\\/\\\/exaudi.org\\\/es\\\/el-cardenal-pizzaballa-en-gaza-cristo-esta-crucificado-entre-los-heridos-sepultado-bajo-los-escombros\\\/#article\",\"isPartOf\":{\"@id\":\"https:\\\/\\\/exaudi.org\\\/es\\\/el-cardenal-pizzaballa-en-gaza-cristo-esta-crucificado-entre-los-heridos-sepultado-bajo-los-escombros\\\/\"},\"author\":{\"name\":\"Hern\u00e1n Sergio Mora\",\"@id\":\"https:\\\/\\\/exaudi.org\\\/#\\\/schema\\\/person\\\/3e7333f465f16fd2182fe9d6b1fdcae2\"},\"headline\":\"El Cardenal Pizzaballa en Gaza: \u201cCristo est\u00e1 crucificado entre los heridos, sepultado bajo los escombros\u201d\",\"datePublished\":\"2025-07-23T08:55:18+00:00\",\"dateModified\":\"2025-07-23T08:58:14+00:00\",\"mainEntityOfPage\":{\"@id\":\"https:\\\/\\\/exaudi.org\\\/es\\\/el-cardenal-pizzaballa-en-gaza-cristo-esta-crucificado-entre-los-heridos-sepultado-bajo-los-escombros\\\/\"},\"wordCount\":659,\"image\":{\"@id\":\"https:\\\/\\\/exaudi.org\\\/es\\\/el-cardenal-pizzaballa-en-gaza-cristo-esta-crucificado-entre-los-heridos-sepultado-bajo-los-escombros\\\/#primaryimage\"},\"thumbnailUrl\":\"https:\\\/\\\/exaudi.org\\\/wp-content\\\/uploads\\\/2025\\\/07\\\/WhatsApp-Image-2025-07-23-at-10.19.02.jpeg\",\"keywords\":[\"ayuda humanitaria gaza\",\"bombardeo iglesias\",\"cardenal pizzaballa\",\"caritas gaza\",\"conflicto israel palestina\",\"cristianos en Gaza\",\"cristo en los escombros\",\"derechos humanos gaza\",\"Gaza\",\"guerra en medio oriente\",\"hospital \u00e1rabe al-ahli\",\"Iglesia cat\u00f3lica\",\"iglesia en gaza\",\"Llamado a la paz\",\"mensaje del vaticano\",\"paz en medio oriente\",\"reconciliaci\u00f3n en tierra santa\",\"Sagrada Familia Gaza\",\"teofilo III\",\"Trending\",\"v\u00edctimas civiles\"],\"articleSection\":[\"Iglesia y Mundo\"],\"inLanguage\":\"es\"},{\"@type\":\"WebPage\",\"@id\":\"https:\\\/\\\/exaudi.org\\\/es\\\/el-cardenal-pizzaballa-en-gaza-cristo-esta-crucificado-entre-los-heridos-sepultado-bajo-los-escombros\\\/\",\"url\":\"https:\\\/\\\/exaudi.org\\\/es\\\/el-cardenal-pizzaballa-en-gaza-cristo-esta-crucificado-entre-los-heridos-sepultado-bajo-los-escombros\\\/\",\"name\":\"El Cardenal Pizzaballa en Gaza: \u201cCristo est\u00e1 crucificado entre los heridos, sepultado bajo los escombros\u201d &#8211; Exaudi\",\"isPartOf\":{\"@id\":\"https:\\\/\\\/exaudi.org\\\/#website\"},\"primaryImageOfPage\":{\"@id\":\"https:\\\/\\\/exaudi.org\\\/es\\\/el-cardenal-pizzaballa-en-gaza-cristo-esta-crucificado-entre-los-heridos-sepultado-bajo-los-escombros\\\/#primaryimage\"},\"image\":{\"@id\":\"https:\\\/\\\/exaudi.org\\\/es\\\/el-cardenal-pizzaballa-en-gaza-cristo-esta-crucificado-entre-los-heridos-sepultado-bajo-los-escombros\\\/#primaryimage\"},\"thumbnailUrl\":\"https:\\\/\\\/exaudi.org\\\/wp-content\\\/uploads\\\/2025\\\/07\\\/WhatsApp-Image-2025-07-23-at-10.19.02.jpeg\",\"datePublished\":\"2025-07-23T08:55:18+00:00\",\"dateModified\":\"2025-07-23T08:58:14+00:00\",\"author\":{\"@id\":\"https:\\\/\\\/exaudi.org\\\/#\\\/schema\\\/person\\\/3e7333f465f16fd2182fe9d6b1fdcae2\"},\"breadcrumb\":{\"@id\":\"https:\\\/\\\/exaudi.org\\\/es\\\/el-cardenal-pizzaballa-en-gaza-cristo-esta-crucificado-entre-los-heridos-sepultado-bajo-los-escombros\\\/#breadcrumb\"},\"inLanguage\":\"es\",\"potentialAction\":[{\"@type\":\"ReadAction\",\"target\":[\"https:\\\/\\\/exaudi.org\\\/es\\\/el-cardenal-pizzaballa-en-gaza-cristo-esta-crucificado-entre-los-heridos-sepultado-bajo-los-escombros\\\/\"]}]},{\"@type\":\"ImageObject\",\"inLanguage\":\"es\",\"@id\":\"https:\\\/\\\/exaudi.org\\\/es\\\/el-cardenal-pizzaballa-en-gaza-cristo-esta-crucificado-entre-los-heridos-sepultado-bajo-los-escombros\\\/#primaryimage\",\"url\":\"https:\\\/\\\/exaudi.org\\\/wp-content\\\/uploads\\\/2025\\\/07\\\/WhatsApp-Image-2025-07-23-at-10.19.02.jpeg\",\"contentUrl\":\"https:\\\/\\\/exaudi.org\\\/wp-content\\\/uploads\\\/2025\\\/07\\\/WhatsApp-Image-2025-07-23-at-10.19.02.jpeg\",\"width\":750,\"height\":380},{\"@type\":\"BreadcrumbList\",\"@id\":\"https:\\\/\\\/exaudi.org\\\/es\\\/el-cardenal-pizzaballa-en-gaza-cristo-esta-crucificado-entre-los-heridos-sepultado-bajo-los-escombros\\\/#breadcrumb\",\"itemListElement\":[{\"@type\":\"ListItem\",\"position\":1,\"name\":\"Portada\",\"item\":\"https:\\\/\\\/exaudi.org\\\/es\\\/\"},{\"@type\":\"ListItem\",\"position\":2,\"name\":\"El Cardenal Pizzaballa en Gaza: \u201cCristo est\u00e1 crucificado entre los heridos, sepultado bajo los escombros\u201d\"}]},{\"@type\":\"WebSite\",\"@id\":\"https:\\\/\\\/exaudi.org\\\/#website\",\"url\":\"https:\\\/\\\/exaudi.org\\\/\",\"name\":\"Exaudi\",\"description\":\"News\",\"potentialAction\":[{\"@type\":\"SearchAction\",\"target\":{\"@type\":\"EntryPoint\",\"urlTemplate\":\"https:\\\/\\\/exaudi.org\\\/?s={search_term_string}\"},\"query-input\":{\"@type\":\"PropertyValueSpecification\",\"valueRequired\":true,\"valueName\":\"search_term_string\"}}],\"inLanguage\":\"es\"},{\"@type\":\"Person\",\"@id\":\"https:\\\/\\\/exaudi.org\\\/#\\\/schema\\\/person\\\/3e7333f465f16fd2182fe9d6b1fdcae2\",\"name\":\"Hern\u00e1n Sergio Mora\",\"image\":{\"@type\":\"ImageObject\",\"inLanguage\":\"es\",\"@id\":\"https:\\\/\\\/secure.gravatar.com\\\/avatar\\\/556d88f9a25514abbe43c87f0ee46f86e5c496f9303998d1c6a585e6ffd9025b?s=96&d=mm&r=g\",\"url\":\"https:\\\/\\\/secure.gravatar.com\\\/avatar\\\/556d88f9a25514abbe43c87f0ee46f86e5c496f9303998d1c6a585e6ffd9025b?s=96&d=mm&r=g\",\"contentUrl\":\"https:\\\/\\\/secure.gravatar.com\\\/avatar\\\/556d88f9a25514abbe43c87f0ee46f86e5c496f9303998d1c6a585e6ffd9025b?s=96&d=mm&r=g\",\"caption\":\"Hern\u00e1n Sergio Mora\"},\"description\":\"Hern\u00e1n Sergio Mora, periodista profesional de la Associazione Stampa Estera, nacido en Buenos Aires. Desde hace 30 a\u00f1os en Roma, trabaj\u00f3 para diversos medios, El Pa\u00eds, BBC en espa\u00f1ol, Zenit.org. Ahora colabora con Exaudi\",\"sameAs\":[\"https:\\\/\\\/www.latinosenitalia.it\\\/\"],\"url\":\"https:\\\/\\\/exaudi.org\\\/es\\\/author\\\/sergiomora\\\/\"}]}<\/script>\n<!-- \/ Yoast SEO plugin. -->","yoast_head_json":{"title":"El Cardenal Pizzaballa en Gaza: \u201cCristo est\u00e1 crucificado entre los heridos, sepultado bajo los escombros\u201d &#8211; Exaudi","robots":{"index":"index","follow":"follow","max-snippet":"max-snippet:-1","max-image-preview":"max-image-preview:large","max-video-preview":"max-video-preview:-1"},"canonical":"https:\/\/exaudi.org\/es\/el-cardenal-pizzaballa-en-gaza-cristo-esta-crucificado-entre-los-heridos-sepultado-bajo-los-escombros\/","og_locale":"es_ES","og_type":"article","og_title":"El Cardenal Pizzaballa en Gaza: \u201cCristo est\u00e1 crucificado entre los heridos, sepultado bajo los escombros\u201d &#8211; Exaudi","og_description":"Tras una devastadora visita pastoral, l\u00edderes cristianos denuncian el sufrimiento en Gaza, llaman al fin de la guerra y reclaman acci\u00f3n a la comunidad internacional: \u201cEl silencio es una traici\u00f3n a la conciencia\u201d","og_url":"https:\/\/exaudi.org\/es\/el-cardenal-pizzaballa-en-gaza-cristo-esta-crucificado-entre-los-heridos-sepultado-bajo-los-escombros\/","og_site_name":"Exaudi","article_publisher":"https:\/\/www.facebook.com\/ExaudiNews","article_published_time":"2025-07-23T08:55:18+00:00","article_modified_time":"2025-07-23T08:58:14+00:00","og_image":[{"width":750,"height":380,"url":"https:\/\/exaudi.org\/wp-content\/uploads\/2025\/07\/WhatsApp-Image-2025-07-23-at-10.19.02.jpeg","type":"image\/jpeg"}],"author":"Hern\u00e1n Sergio Mora","twitter_card":"summary_large_image","twitter_creator":"@Exaudi_News","twitter_site":"@Exaudi_News","twitter_misc":{"Escrito por":"Hern\u00e1n Sergio Mora","Tiempo de lectura":"3 minutos"},"schema":{"@context":"https:\/\/schema.org","@graph":[{"@type":"Article","@id":"https:\/\/exaudi.org\/es\/el-cardenal-pizzaballa-en-gaza-cristo-esta-crucificado-entre-los-heridos-sepultado-bajo-los-escombros\/#article","isPartOf":{"@id":"https:\/\/exaudi.org\/es\/el-cardenal-pizzaballa-en-gaza-cristo-esta-crucificado-entre-los-heridos-sepultado-bajo-los-escombros\/"},"author":{"name":"Hern\u00e1n Sergio Mora","@id":"https:\/\/exaudi.org\/#\/schema\/person\/3e7333f465f16fd2182fe9d6b1fdcae2"},"headline":"El Cardenal Pizzaballa en Gaza: \u201cCristo est\u00e1 crucificado entre los heridos, sepultado bajo los escombros\u201d","datePublished":"2025-07-23T08:55:18+00:00","dateModified":"2025-07-23T08:58:14+00:00","mainEntityOfPage":{"@id":"https:\/\/exaudi.org\/es\/el-cardenal-pizzaballa-en-gaza-cristo-esta-crucificado-entre-los-heridos-sepultado-bajo-los-escombros\/"},"wordCount":659,"image":{"@id":"https:\/\/exaudi.org\/es\/el-cardenal-pizzaballa-en-gaza-cristo-esta-crucificado-entre-los-heridos-sepultado-bajo-los-escombros\/#primaryimage"},"thumbnailUrl":"https:\/\/exaudi.org\/wp-content\/uploads\/2025\/07\/WhatsApp-Image-2025-07-23-at-10.19.02.jpeg","keywords":["ayuda humanitaria gaza","bombardeo iglesias","cardenal pizzaballa","caritas gaza","conflicto israel palestina","cristianos en Gaza","cristo en los escombros","derechos humanos gaza","Gaza","guerra en medio oriente","hospital \u00e1rabe al-ahli","Iglesia cat\u00f3lica","iglesia en gaza","Llamado a la paz","mensaje del vaticano","paz en medio oriente","reconciliaci\u00f3n en tierra santa","Sagrada Familia Gaza","teofilo III","Trending","v\u00edctimas civiles"],"articleSection":["Iglesia y Mundo"],"inLanguage":"es"},{"@type":"WebPage","@id":"https:\/\/exaudi.org\/es\/el-cardenal-pizzaballa-en-gaza-cristo-esta-crucificado-entre-los-heridos-sepultado-bajo-los-escombros\/","url":"https:\/\/exaudi.org\/es\/el-cardenal-pizzaballa-en-gaza-cristo-esta-crucificado-entre-los-heridos-sepultado-bajo-los-escombros\/","name":"El Cardenal Pizzaballa en Gaza: \u201cCristo est\u00e1 crucificado entre los heridos, sepultado bajo los escombros\u201d &#8211; Exaudi","isPartOf":{"@id":"https:\/\/exaudi.org\/#website"},"primaryImageOfPage":{"@id":"https:\/\/exaudi.org\/es\/el-cardenal-pizzaballa-en-gaza-cristo-esta-crucificado-entre-los-heridos-sepultado-bajo-los-escombros\/#primaryimage"},"image":{"@id":"https:\/\/exaudi.org\/es\/el-cardenal-pizzaballa-en-gaza-cristo-esta-crucificado-entre-los-heridos-sepultado-bajo-los-escombros\/#primaryimage"},"thumbnailUrl":"https:\/\/exaudi.org\/wp-content\/uploads\/2025\/07\/WhatsApp-Image-2025-07-23-at-10.19.02.jpeg","datePublished":"2025-07-23T08:55:18+00:00","dateModified":"2025-07-23T08:58:14+00:00","author":{"@id":"https:\/\/exaudi.org\/#\/schema\/person\/3e7333f465f16fd2182fe9d6b1fdcae2"},"breadcrumb":{"@id":"https:\/\/exaudi.org\/es\/el-cardenal-pizzaballa-en-gaza-cristo-esta-crucificado-entre-los-heridos-sepultado-bajo-los-escombros\/#breadcrumb"},"inLanguage":"es","potentialAction":[{"@type":"ReadAction","target":["https:\/\/exaudi.org\/es\/el-cardenal-pizzaballa-en-gaza-cristo-esta-crucificado-entre-los-heridos-sepultado-bajo-los-escombros\/"]}]},{"@type":"ImageObject","inLanguage":"es","@id":"https:\/\/exaudi.org\/es\/el-cardenal-pizzaballa-en-gaza-cristo-esta-crucificado-entre-los-heridos-sepultado-bajo-los-escombros\/#primaryimage","url":"https:\/\/exaudi.org\/wp-content\/uploads\/2025\/07\/WhatsApp-Image-2025-07-23-at-10.19.02.jpeg","contentUrl":"https:\/\/exaudi.org\/wp-content\/uploads\/2025\/07\/WhatsApp-Image-2025-07-23-at-10.19.02.jpeg","width":750,"height":380},{"@type":"BreadcrumbList","@id":"https:\/\/exaudi.org\/es\/el-cardenal-pizzaballa-en-gaza-cristo-esta-crucificado-entre-los-heridos-sepultado-bajo-los-escombros\/#breadcrumb","itemListElement":[{"@type":"ListItem","position":1,"name":"Portada","item":"https:\/\/exaudi.org\/es\/"},{"@type":"ListItem","position":2,"name":"El Cardenal Pizzaballa en Gaza: \u201cCristo est\u00e1 crucificado entre los heridos, sepultado bajo los escombros\u201d"}]},{"@type":"WebSite","@id":"https:\/\/exaudi.org\/#website","url":"https:\/\/exaudi.org\/","name":"Exaudi","description":"News","potentialAction":[{"@type":"SearchAction","target":{"@type":"EntryPoint","urlTemplate":"https:\/\/exaudi.org\/?s={search_term_string}"},"query-input":{"@type":"PropertyValueSpecification","valueRequired":true,"valueName":"search_term_string"}}],"inLanguage":"es"},{"@type":"Person","@id":"https:\/\/exaudi.org\/#\/schema\/person\/3e7333f465f16fd2182fe9d6b1fdcae2","name":"Hern\u00e1n Sergio Mora","image":{"@type":"ImageObject","inLanguage":"es","@id":"https:\/\/secure.gravatar.com\/avatar\/556d88f9a25514abbe43c87f0ee46f86e5c496f9303998d1c6a585e6ffd9025b?s=96&d=mm&r=g","url":"https:\/\/secure.gravatar.com\/avatar\/556d88f9a25514abbe43c87f0ee46f86e5c496f9303998d1c6a585e6ffd9025b?s=96&d=mm&r=g","contentUrl":"https:\/\/secure.gravatar.com\/avatar\/556d88f9a25514abbe43c87f0ee46f86e5c496f9303998d1c6a585e6ffd9025b?s=96&d=mm&r=g","caption":"Hern\u00e1n Sergio Mora"},"description":"Hern\u00e1n Sergio Mora, periodista profesional de la Associazione Stampa Estera, nacido en Buenos Aires. Desde hace 30 a\u00f1os en Roma, trabaj\u00f3 para diversos medios, El Pa\u00eds, BBC en espa\u00f1ol, Zenit.org. Ahora colabora con Exaudi","sameAs":["https:\/\/www.latinosenitalia.it\/"],"url":"https:\/\/exaudi.org\/es\/author\/sergiomora\/"}]}},"jetpack_featured_media_url":"https:\/\/exaudi.org\/wp-content\/uploads\/2025\/07\/WhatsApp-Image-2025-07-23-at-10.19.02.jpeg","jetpack_shortlink":"https:\/\/wp.me\/pgKjF2-xXN","_links":{"self":[{"href":"https:\/\/exaudi.org\/es\/wp-json\/wp\/v2\/posts\/130559","targetHints":{"allow":["GET"]}}],"collection":[{"href":"https:\/\/exaudi.org\/es\/wp-json\/wp\/v2\/posts"}],"about":[{"href":"https:\/\/exaudi.org\/es\/wp-json\/wp\/v2\/types\/post"}],"author":[{"embeddable":true,"href":"https:\/\/exaudi.org\/es\/wp-json\/wp\/v2\/users\/100"}],"replies":[{"embeddable":true,"href":"https:\/\/exaudi.org\/es\/wp-json\/wp\/v2\/comments?post=130559"}],"version-history":[{"count":0,"href":"https:\/\/exaudi.org\/es\/wp-json\/wp\/v2\/posts\/130559\/revisions"}],"wp:featuredmedia":[{"embeddable":true,"href":"https:\/\/exaudi.org\/es\/wp-json\/wp\/v2\/media\/130560"}],"wp:attachment":[{"href":"https:\/\/exaudi.org\/es\/wp-json\/wp\/v2\/media?parent=130559"}],"wp:term":[{"taxonomy":"category","embeddable":true,"href":"https:\/\/exaudi.org\/es\/wp-json\/wp\/v2\/categories?post=130559"},{"taxonomy":"post_tag","embeddable":true,"href":"https:\/\/exaudi.org\/es\/wp-json\/wp\/v2\/tags?post=130559"}],"curies":[{"name":"wp","href":"https:\/\/api.w.org\/{rel}","templated":true}]}}