{"id":130516,"date":"2025-07-24T08:30:30","date_gmt":"2025-07-24T06:30:30","guid":{"rendered":"https:\/\/exaudi.org\/?p=130516"},"modified":"2025-07-24T13:13:42","modified_gmt":"2025-07-24T11:13:42","slug":"claves-espirituales-para-vivir-con-paz-cada-dia-de-la-mano-de-un-santo-papa","status":"publish","type":"post","link":"https:\/\/exaudi.org\/es\/claves-espirituales-para-vivir-con-paz-cada-dia-de-la-mano-de-un-santo-papa\/","title":{"rendered":"Claves espirituales para vivir con paz cada d\u00eda"},"content":{"rendered":"<p data-start=\"301\" data-end=\"665\"><strong data-start=\"301\" data-end=\"319\">San Juan XXIII<\/strong>, conocido como el \u00abPapa Bueno\u00bb, dej\u00f3 un legado de ternura, sabidur\u00eda y profunda confianza en Dios. Entre sus escritos espirituales m\u00e1s entra\u00f1ables y pr\u00e1cticos est\u00e1 el <strong data-start=\"487\" data-end=\"515\">Dec\u00e1logo de la Serenidad<\/strong>, un conjunto de 10 principios breves que nos ense\u00f1an a vivir el presente con sencillez y fe, dejando a un lado las angustias del pasado y del futuro.<\/p>\n<p><iframe title=\"Spotify Embed: Claves espirituales para vivir con paz cada d\u00eda\" style=\"border-radius: 12px\" width=\"100%\" height=\"152\" frameborder=\"0\" allowfullscreen allow=\"autoplay; clipboard-write; encrypted-media; fullscreen; picture-in-picture\" loading=\"lazy\" src=\"https:\/\/open.spotify.com\/embed\/episode\/6YVQjKXo68XcWntSAYU2jJ?si=UZbM7jGnSzqxDUg94ynyeQ&#038;utm_source=oembed\"><\/iframe><\/p>\n<p data-start=\"667\" data-end=\"855\">Este dec\u00e1logo, que \u00e9l mismo aplicaba en su vida diaria, refleja su espiritualidad centrada en la humildad, la paz interior y la entrega confiada a la voluntad de Dios. Aqu\u00ed lo presentamos:<\/p>\n<h3 data-start=\"862\" data-end=\"897\"><strong data-start=\"869\" data-end=\"897\">Dec\u00e1logo de la Serenidad<\/strong><\/h3>\n<ol data-start=\"899\" data-end=\"2855\">\n<li data-start=\"899\" data-end=\"1096\">\n<p data-start=\"902\" data-end=\"1096\"><strong data-start=\"902\" data-end=\"1019\">Solo por hoy tratar\u00e9 de vivir exclusivamente el d\u00eda, sin querer resolver los problemas de mi vida todos a la vez.<\/strong><br data-start=\"1019\" data-end=\"1022\" \/>\u2192 Una invitaci\u00f3n a vivir el presente, sin agobiarnos por lo que vendr\u00e1.<\/p>\n<\/li>\n<li data-start=\"1098\" data-end=\"1336\">\n<p data-start=\"1101\" data-end=\"1336\"><strong data-start=\"1101\" data-end=\"1265\">Solo por hoy tendr\u00e9 el m\u00e1ximo cuidado de mi aspecto: cort\u00e9s en mis modales, no criticar\u00e9 a nadie y no pretender\u00e9 mejorar o disciplinar a nadie, sino a m\u00ed mismo.<\/strong><br data-start=\"1265\" data-end=\"1268\" \/>\u2192 El autocontrol y la caridad como camino de conversi\u00f3n personal.<\/p>\n<\/li>\n<li data-start=\"1338\" data-end=\"1531\">\n<p data-start=\"1341\" data-end=\"1531\"><strong data-start=\"1341\" data-end=\"1471\">Solo por hoy ser\u00e9 feliz con la certeza de haber sido creado para la felicidad, no s\u00f3lo en el otro mundo, sino tambi\u00e9n en \u00e9ste.<\/strong><br data-start=\"1471\" data-end=\"1474\" \/>\u2192 La alegr\u00eda cristiana nace de saberse amado por Dios.<\/p>\n<\/li>\n<li data-start=\"1533\" data-end=\"1725\">\n<p data-start=\"1536\" data-end=\"1725\"><strong data-start=\"1536\" data-end=\"1648\">Solo por hoy me adaptar\u00e9 a las circunstancias, sin pretender que las circunstancias se adapten a mis deseos.<\/strong><br data-start=\"1648\" data-end=\"1651\" \/>\u2192 La aceptaci\u00f3n de la realidad como expresi\u00f3n de la providencia divina.<\/p>\n<\/li>\n<li data-start=\"1727\" data-end=\"1947\">\n<p data-start=\"1730\" data-end=\"1947\"><strong data-start=\"1730\" data-end=\"1882\">Solo por hoy dedicar\u00e9 diez minutos a una buena lectura, recordando que, como el alimento es necesario al cuerpo, as\u00ed la buena lectura lo es al alma.<\/strong><br data-start=\"1882\" data-end=\"1885\" \/>\u2192 La formaci\u00f3n espiritual es parte de una vida equilibrada.<\/p>\n<\/li>\n<li data-start=\"1949\" data-end=\"2067\">\n<p data-start=\"1952\" data-end=\"2067\"><strong data-start=\"1952\" data-end=\"2012\">Solo por hoy har\u00e9 una buena acci\u00f3n y no lo dir\u00e9 a nadie.<\/strong><br data-start=\"2012\" data-end=\"2015\" \/>\u2192 La caridad silenciosa, vivida desde el coraz\u00f3n.<\/p>\n<\/li>\n<li data-start=\"2069\" data-end=\"2291\">\n<p data-start=\"2072\" data-end=\"2291\"><strong data-start=\"2072\" data-end=\"2228\">Solo por hoy me har\u00e9 un programa detallado. Quiz\u00e1s no lo cumpla del todo, pero lo redactar\u00e9. Y me guardar\u00e9 de dos calamidades: la prisa y la indecisi\u00f3n.<\/strong><br data-start=\"2228\" data-end=\"2231\" \/>\u2192 El orden interior se construye tambi\u00e9n en lo cotidiano.<\/p>\n<\/li>\n<li data-start=\"2293\" data-end=\"2508\">\n<p data-start=\"2296\" data-end=\"2508\"><strong data-start=\"2296\" data-end=\"2455\">Solo por hoy creer\u00e9 firmemente \u2013aunque las circunstancias demuestren lo contrario\u2013 que la bondad divina se ocupa de m\u00ed como si nadie existiera en el mundo.<\/strong><br data-start=\"2455\" data-end=\"2458\" \/>\u2192 La confianza total en la Providencia de Dios.<\/p>\n<\/li>\n<li data-start=\"2510\" data-end=\"2703\">\n<p data-start=\"2513\" data-end=\"2703\"><strong data-start=\"2513\" data-end=\"2637\">Solo por hoy no tendr\u00e9 miedo. De manera particular, no tendr\u00e9 miedo de gozar de lo que es bello y de creer en la bondad.<\/strong><br data-start=\"2637\" data-end=\"2640\" \/>\u2192 El miedo paraliza; la belleza y la bondad liberan el alma.<\/p>\n<\/li>\n<li data-start=\"2705\" data-end=\"2855\">\n<p data-start=\"2709\" data-end=\"2855\"><strong data-start=\"2709\" data-end=\"2809\">Solo por hoy me propondr\u00e9 vivir a fondo el d\u00eda sin dejarme arrastrar por el problema del ma\u00f1ana.<\/strong><br data-start=\"2809\" data-end=\"2812\" \/>\u2192 Vivir cada d\u00eda como un regalo, en paz.<\/p>\n<\/li>\n<\/ol>\n<h3 data-start=\"2862\" data-end=\"2919\"><strong data-start=\"2869\" data-end=\"2919\">Un camino sencillo hacia la santidad cotidiana<\/strong><\/h3>\n<p data-start=\"2921\" data-end=\"3307\">El Dec\u00e1logo de la Serenidad no es solo una lista de buenos prop\u00f3sitos. Es una <strong data-start=\"2999\" data-end=\"3039\">espiritualidad del instante presente<\/strong>, un m\u00e9todo profundamente evang\u00e9lico para combatir el estr\u00e9s, la ansiedad y la dispersi\u00f3n de la vida moderna. San Juan XXIII lo vivi\u00f3 con sencillez y alegr\u00eda, y hoy nos sigue invitando a hacer lo mismo: <strong data-start=\"3242\" data-end=\"3306\">confiar en Dios y vivir el d\u00eda de hoy como si fuera el \u00fanico<\/strong>.<\/p>\n<blockquote data-start=\"3309\" data-end=\"3428\">\n<p data-start=\"3311\" data-end=\"3428\">\u201cEl Se\u00f1or me lo ha dado, el Se\u00f1or me lo puede quitar. Sea lo que fuere, bendito sea el Se\u00f1or.\u201d<br data-start=\"3405\" data-end=\"3408\" \/>\u2014 <em data-start=\"3412\" data-end=\"3428\">San Juan XXIII<\/em><\/p>\n<\/blockquote>\n<p data-start=\"3311\" data-end=\"3428\"><img loading=\"lazy\" decoding=\"async\" class=\"size-full wp-image-130629 alignnone\" src=\"https:\/\/exaudi.org\/wp-content\/uploads\/2025\/07\/Copia-de-Invitacion-de-boda-con-fotos-minimalista-y-moderna.jpg\" alt=\"\" width=\"1240\" height=\"1748\" srcset=\"https:\/\/exaudi.org\/wp-content\/uploads\/2025\/07\/Copia-de-Invitacion-de-boda-con-fotos-minimalista-y-moderna.jpg 1240w, https:\/\/exaudi.org\/wp-content\/uploads\/2025\/07\/Copia-de-Invitacion-de-boda-con-fotos-minimalista-y-moderna-213x300.jpg 213w, https:\/\/exaudi.org\/wp-content\/uploads\/2025\/07\/Copia-de-Invitacion-de-boda-con-fotos-minimalista-y-moderna-726x1024.jpg 726w, https:\/\/exaudi.org\/wp-content\/uploads\/2025\/07\/Copia-de-Invitacion-de-boda-con-fotos-minimalista-y-moderna-770x1085.jpg 770w, https:\/\/exaudi.org\/wp-content\/uploads\/2025\/07\/Copia-de-Invitacion-de-boda-con-fotos-minimalista-y-moderna-1090x1536.jpg 1090w, https:\/\/exaudi.org\/wp-content\/uploads\/2025\/07\/Copia-de-Invitacion-de-boda-con-fotos-minimalista-y-moderna-500x705.jpg 500w\" sizes=\"auto, (max-width: 1240px) 100vw, 1240px\" \/><\/p>\n","protected":false},"excerpt":{"rendered":"<p>El Dec\u00e1logo de la Serenidad de San Juan XXIII<\/p>\n","protected":false},"author":151,"featured_media":130517,"comment_status":"closed","ping_status":"closed","sticky":false,"template":"","format":"standard","meta":{"_acf_changed":false,"_crdt_document":"","inline_featured_image":false,"footnotes":""},"categories":[130],"tags":[8422,67648,1442,67645,15214,67643,20343,40310,67646,449,7237,20811,18192,35275,23014,39932,67644,67647,67649,4953,14212,26415],"class_list":["post-130516","post","type-post","status-publish","format-standard","has-post-thumbnail","hentry","category-voces","tag-catolicismo","tag-como-vivir-con-paz","tag-confianza-en-dios","tag-consejos-de-san-juan-xxiii","tag-crecimiento-espiritual","tag-decalogo-de-la-serenidad","tag-espiritualidad-catolica","tag-espiritualidad-diaria","tag-frases-del-papa-juan-xxiii","tag-iglesia-catolica","tag-juan-xxiii","tag-oracion-diaria","tag-papa-bueno","tag-patricia-jimenez-ramirez","tag-paz-interior","tag-santidad-cotidiana","tag-serenidad-cristiana","tag-serenidad-diaria","tag-solo-por-hoy","tag-trending-es","tag-vida-cristiana","tag-vivir-el-presente"],"acf":[],"yoast_head":"<!-- This site is optimized with the Yoast SEO plugin v27.5 - https:\/\/yoast.com\/product\/yoast-seo-wordpress\/ -->\n<title>Claves espirituales para vivir con paz cada d\u00eda &#8211; Exaudi<\/title>\n<meta name=\"robots\" content=\"index, follow, max-snippet:-1, max-image-preview:large, max-video-preview:-1\" \/>\n<link rel=\"canonical\" href=\"https:\/\/exaudi.org\/es\/claves-espirituales-para-vivir-con-paz-cada-dia-de-la-mano-de-un-santo-papa\/\" \/>\n<meta property=\"og:locale\" content=\"es_ES\" \/>\n<meta property=\"og:type\" content=\"article\" \/>\n<meta property=\"og:title\" content=\"Claves espirituales para vivir con paz cada d\u00eda &#8211; Exaudi\" \/>\n<meta property=\"og:description\" content=\"El Dec\u00e1logo de la Serenidad de San Juan XXIII\" \/>\n<meta property=\"og:url\" content=\"https:\/\/exaudi.org\/es\/claves-espirituales-para-vivir-con-paz-cada-dia-de-la-mano-de-un-santo-papa\/\" \/>\n<meta property=\"og:site_name\" content=\"Exaudi\" \/>\n<meta property=\"article:publisher\" content=\"https:\/\/www.facebook.com\/ExaudiNews\" \/>\n<meta property=\"article:published_time\" content=\"2025-07-24T06:30:30+00:00\" \/>\n<meta property=\"article:modified_time\" content=\"2025-07-24T11:13:42+00:00\" \/>\n<meta property=\"og:image\" content=\"https:\/\/exaudi.org\/wp-content\/uploads\/2025\/07\/pexels-joshsorenson-378271-scaled.jpg\" \/>\n\t<meta property=\"og:image:width\" content=\"2560\" \/>\n\t<meta property=\"og:image:height\" content=\"1919\" \/>\n\t<meta property=\"og:image:type\" content=\"image\/jpeg\" \/>\n<meta name=\"author\" content=\"Patricia Jim\u00e9nez Ram\u00edrez\" \/>\n<meta name=\"twitter:card\" content=\"summary_large_image\" \/>\n<meta name=\"twitter:creator\" content=\"@Exaudi_News\" \/>\n<meta name=\"twitter:site\" content=\"@Exaudi_News\" \/>\n<meta name=\"twitter:label1\" content=\"Escrito por\" \/>\n\t<meta name=\"twitter:data1\" content=\"Patricia Jim\u00e9nez Ram\u00edrez\" \/>\n\t<meta name=\"twitter:label2\" content=\"Tiempo de lectura\" \/>\n\t<meta name=\"twitter:data2\" content=\"3 minutos\" \/>\n<script type=\"application\/ld+json\" class=\"yoast-schema-graph\">{\"@context\":\"https:\\\/\\\/schema.org\",\"@graph\":[{\"@type\":\"Article\",\"@id\":\"https:\\\/\\\/exaudi.org\\\/es\\\/claves-espirituales-para-vivir-con-paz-cada-dia-de-la-mano-de-un-santo-papa\\\/#article\",\"isPartOf\":{\"@id\":\"https:\\\/\\\/exaudi.org\\\/es\\\/claves-espirituales-para-vivir-con-paz-cada-dia-de-la-mano-de-un-santo-papa\\\/\"},\"author\":{\"name\":\"Patricia Jim\u00e9nez Ram\u00edrez\",\"@id\":\"https:\\\/\\\/exaudi.org\\\/#\\\/schema\\\/person\\\/e7ff749045cafab5d7b926bb4edeaa51\"},\"headline\":\"Claves espirituales para vivir con paz cada d\u00eda\",\"datePublished\":\"2025-07-24T06:30:30+00:00\",\"dateModified\":\"2025-07-24T11:13:42+00:00\",\"mainEntityOfPage\":{\"@id\":\"https:\\\/\\\/exaudi.org\\\/es\\\/claves-espirituales-para-vivir-con-paz-cada-dia-de-la-mano-de-un-santo-papa\\\/\"},\"wordCount\":578,\"image\":{\"@id\":\"https:\\\/\\\/exaudi.org\\\/es\\\/claves-espirituales-para-vivir-con-paz-cada-dia-de-la-mano-de-un-santo-papa\\\/#primaryimage\"},\"thumbnailUrl\":\"https:\\\/\\\/exaudi.org\\\/wp-content\\\/uploads\\\/2025\\\/07\\\/pexels-joshsorenson-378271-scaled.jpg\",\"keywords\":[\"Catolicismo\",\"c\u00f3mo vivir con paz\",\"Confianza en Dios\",\"consejos de san Juan XXIII\",\"crecimiento espiritual\",\"dec\u00e1logo de la serenidad\",\"espiritualidad cat\u00f3lica\",\"espiritualidad diaria\",\"frases del Papa Juan XXIII\",\"Iglesia cat\u00f3lica\",\"Juan XXIII\",\"oraci\u00f3n diaria\",\"Papa Bueno\",\"Patricia Jim\u00e9nez Ram\u00edrez\",\"paz interior\",\"santidad cotidiana\",\"serenidad cristiana\",\"serenidad diaria\",\"solo por hoy\",\"Trending\",\"vida cristiana\",\"vivir el presente\"],\"articleSection\":[\"Voces\"],\"inLanguage\":\"es\"},{\"@type\":\"WebPage\",\"@id\":\"https:\\\/\\\/exaudi.org\\\/es\\\/claves-espirituales-para-vivir-con-paz-cada-dia-de-la-mano-de-un-santo-papa\\\/\",\"url\":\"https:\\\/\\\/exaudi.org\\\/es\\\/claves-espirituales-para-vivir-con-paz-cada-dia-de-la-mano-de-un-santo-papa\\\/\",\"name\":\"Claves espirituales para vivir con paz cada d\u00eda &#8211; Exaudi\",\"isPartOf\":{\"@id\":\"https:\\\/\\\/exaudi.org\\\/#website\"},\"primaryImageOfPage\":{\"@id\":\"https:\\\/\\\/exaudi.org\\\/es\\\/claves-espirituales-para-vivir-con-paz-cada-dia-de-la-mano-de-un-santo-papa\\\/#primaryimage\"},\"image\":{\"@id\":\"https:\\\/\\\/exaudi.org\\\/es\\\/claves-espirituales-para-vivir-con-paz-cada-dia-de-la-mano-de-un-santo-papa\\\/#primaryimage\"},\"thumbnailUrl\":\"https:\\\/\\\/exaudi.org\\\/wp-content\\\/uploads\\\/2025\\\/07\\\/pexels-joshsorenson-378271-scaled.jpg\",\"datePublished\":\"2025-07-24T06:30:30+00:00\",\"dateModified\":\"2025-07-24T11:13:42+00:00\",\"author\":{\"@id\":\"https:\\\/\\\/exaudi.org\\\/#\\\/schema\\\/person\\\/e7ff749045cafab5d7b926bb4edeaa51\"},\"breadcrumb\":{\"@id\":\"https:\\\/\\\/exaudi.org\\\/es\\\/claves-espirituales-para-vivir-con-paz-cada-dia-de-la-mano-de-un-santo-papa\\\/#breadcrumb\"},\"inLanguage\":\"es\",\"potentialAction\":[{\"@type\":\"ReadAction\",\"target\":[\"https:\\\/\\\/exaudi.org\\\/es\\\/claves-espirituales-para-vivir-con-paz-cada-dia-de-la-mano-de-un-santo-papa\\\/\"]}]},{\"@type\":\"ImageObject\",\"inLanguage\":\"es\",\"@id\":\"https:\\\/\\\/exaudi.org\\\/es\\\/claves-espirituales-para-vivir-con-paz-cada-dia-de-la-mano-de-un-santo-papa\\\/#primaryimage\",\"url\":\"https:\\\/\\\/exaudi.org\\\/wp-content\\\/uploads\\\/2025\\\/07\\\/pexels-joshsorenson-378271-scaled.jpg\",\"contentUrl\":\"https:\\\/\\\/exaudi.org\\\/wp-content\\\/uploads\\\/2025\\\/07\\\/pexels-joshsorenson-378271-scaled.jpg\",\"width\":2560,\"height\":1919},{\"@type\":\"BreadcrumbList\",\"@id\":\"https:\\\/\\\/exaudi.org\\\/es\\\/claves-espirituales-para-vivir-con-paz-cada-dia-de-la-mano-de-un-santo-papa\\\/#breadcrumb\",\"itemListElement\":[{\"@type\":\"ListItem\",\"position\":1,\"name\":\"Portada\",\"item\":\"https:\\\/\\\/exaudi.org\\\/es\\\/\"},{\"@type\":\"ListItem\",\"position\":2,\"name\":\"Claves espirituales para vivir con paz cada d\u00eda\"}]},{\"@type\":\"WebSite\",\"@id\":\"https:\\\/\\\/exaudi.org\\\/#website\",\"url\":\"https:\\\/\\\/exaudi.org\\\/\",\"name\":\"Exaudi\",\"description\":\"News\",\"potentialAction\":[{\"@type\":\"SearchAction\",\"target\":{\"@type\":\"EntryPoint\",\"urlTemplate\":\"https:\\\/\\\/exaudi.org\\\/?s={search_term_string}\"},\"query-input\":{\"@type\":\"PropertyValueSpecification\",\"valueRequired\":true,\"valueName\":\"search_term_string\"}}],\"inLanguage\":\"es\"},{\"@type\":\"Person\",\"@id\":\"https:\\\/\\\/exaudi.org\\\/#\\\/schema\\\/person\\\/e7ff749045cafab5d7b926bb4edeaa51\",\"name\":\"Patricia Jim\u00e9nez Ram\u00edrez\",\"image\":{\"@type\":\"ImageObject\",\"inLanguage\":\"es\",\"@id\":\"https:\\\/\\\/secure.gravatar.com\\\/avatar\\\/c1f016f3010698237250f552cc424d09fd3f545baa3b0e2f5008eae3181ed438?s=96&d=mm&r=g\",\"url\":\"https:\\\/\\\/secure.gravatar.com\\\/avatar\\\/c1f016f3010698237250f552cc424d09fd3f545baa3b0e2f5008eae3181ed438?s=96&d=mm&r=g\",\"contentUrl\":\"https:\\\/\\\/secure.gravatar.com\\\/avatar\\\/c1f016f3010698237250f552cc424d09fd3f545baa3b0e2f5008eae3181ed438?s=96&d=mm&r=g\",\"caption\":\"Patricia Jim\u00e9nez Ram\u00edrez\"},\"description\":\"Soy una mujer comprometida con mi familia, con una s\u00f3lida experiencia empresarial y una profunda dedicaci\u00f3n al hogar. Durante a\u00f1os trabaj\u00e9 en diversos entornos empresariales, liderando equipos y gestionando proyectos de impacto. Sin embargo, en los \u00faltimos a\u00f1os he tomado la decisi\u00f3n de centrarme en mi hogar y dedicar m\u00e1s tiempo a mi marido e hijos, quienes son mi mayor prioridad. Mi experiencia en el \u00e1mbito empresarial me ha brindado valiosas habilidades en gesti\u00f3n del tiempo, organizaci\u00f3n, liderazgo y resoluci\u00f3n de problemas, que ahora aplico en mi vida familiar para fomentar un ambiente armonioso y saludable para todos\",\"url\":\"https:\\\/\\\/exaudi.org\\\/es\\\/author\\\/patricia-jimenez-ramirez\\\/\"}]}<\/script>\n<!-- \/ Yoast SEO plugin. -->","yoast_head_json":{"title":"Claves espirituales para vivir con paz cada d\u00eda &#8211; Exaudi","robots":{"index":"index","follow":"follow","max-snippet":"max-snippet:-1","max-image-preview":"max-image-preview:large","max-video-preview":"max-video-preview:-1"},"canonical":"https:\/\/exaudi.org\/es\/claves-espirituales-para-vivir-con-paz-cada-dia-de-la-mano-de-un-santo-papa\/","og_locale":"es_ES","og_type":"article","og_title":"Claves espirituales para vivir con paz cada d\u00eda &#8211; Exaudi","og_description":"El Dec\u00e1logo de la Serenidad de San Juan XXIII","og_url":"https:\/\/exaudi.org\/es\/claves-espirituales-para-vivir-con-paz-cada-dia-de-la-mano-de-un-santo-papa\/","og_site_name":"Exaudi","article_publisher":"https:\/\/www.facebook.com\/ExaudiNews","article_published_time":"2025-07-24T06:30:30+00:00","article_modified_time":"2025-07-24T11:13:42+00:00","og_image":[{"width":2560,"height":1919,"url":"https:\/\/exaudi.org\/wp-content\/uploads\/2025\/07\/pexels-joshsorenson-378271-scaled.jpg","type":"image\/jpeg"}],"author":"Patricia Jim\u00e9nez Ram\u00edrez","twitter_card":"summary_large_image","twitter_creator":"@Exaudi_News","twitter_site":"@Exaudi_News","twitter_misc":{"Escrito por":"Patricia Jim\u00e9nez Ram\u00edrez","Tiempo de lectura":"3 minutos"},"schema":{"@context":"https:\/\/schema.org","@graph":[{"@type":"Article","@id":"https:\/\/exaudi.org\/es\/claves-espirituales-para-vivir-con-paz-cada-dia-de-la-mano-de-un-santo-papa\/#article","isPartOf":{"@id":"https:\/\/exaudi.org\/es\/claves-espirituales-para-vivir-con-paz-cada-dia-de-la-mano-de-un-santo-papa\/"},"author":{"name":"Patricia Jim\u00e9nez Ram\u00edrez","@id":"https:\/\/exaudi.org\/#\/schema\/person\/e7ff749045cafab5d7b926bb4edeaa51"},"headline":"Claves espirituales para vivir con paz cada d\u00eda","datePublished":"2025-07-24T06:30:30+00:00","dateModified":"2025-07-24T11:13:42+00:00","mainEntityOfPage":{"@id":"https:\/\/exaudi.org\/es\/claves-espirituales-para-vivir-con-paz-cada-dia-de-la-mano-de-un-santo-papa\/"},"wordCount":578,"image":{"@id":"https:\/\/exaudi.org\/es\/claves-espirituales-para-vivir-con-paz-cada-dia-de-la-mano-de-un-santo-papa\/#primaryimage"},"thumbnailUrl":"https:\/\/exaudi.org\/wp-content\/uploads\/2025\/07\/pexels-joshsorenson-378271-scaled.jpg","keywords":["Catolicismo","c\u00f3mo vivir con paz","Confianza en Dios","consejos de san Juan XXIII","crecimiento espiritual","dec\u00e1logo de la serenidad","espiritualidad cat\u00f3lica","espiritualidad diaria","frases del Papa Juan XXIII","Iglesia cat\u00f3lica","Juan XXIII","oraci\u00f3n diaria","Papa Bueno","Patricia Jim\u00e9nez Ram\u00edrez","paz interior","santidad cotidiana","serenidad cristiana","serenidad diaria","solo por hoy","Trending","vida cristiana","vivir el presente"],"articleSection":["Voces"],"inLanguage":"es"},{"@type":"WebPage","@id":"https:\/\/exaudi.org\/es\/claves-espirituales-para-vivir-con-paz-cada-dia-de-la-mano-de-un-santo-papa\/","url":"https:\/\/exaudi.org\/es\/claves-espirituales-para-vivir-con-paz-cada-dia-de-la-mano-de-un-santo-papa\/","name":"Claves espirituales para vivir con paz cada d\u00eda &#8211; Exaudi","isPartOf":{"@id":"https:\/\/exaudi.org\/#website"},"primaryImageOfPage":{"@id":"https:\/\/exaudi.org\/es\/claves-espirituales-para-vivir-con-paz-cada-dia-de-la-mano-de-un-santo-papa\/#primaryimage"},"image":{"@id":"https:\/\/exaudi.org\/es\/claves-espirituales-para-vivir-con-paz-cada-dia-de-la-mano-de-un-santo-papa\/#primaryimage"},"thumbnailUrl":"https:\/\/exaudi.org\/wp-content\/uploads\/2025\/07\/pexels-joshsorenson-378271-scaled.jpg","datePublished":"2025-07-24T06:30:30+00:00","dateModified":"2025-07-24T11:13:42+00:00","author":{"@id":"https:\/\/exaudi.org\/#\/schema\/person\/e7ff749045cafab5d7b926bb4edeaa51"},"breadcrumb":{"@id":"https:\/\/exaudi.org\/es\/claves-espirituales-para-vivir-con-paz-cada-dia-de-la-mano-de-un-santo-papa\/#breadcrumb"},"inLanguage":"es","potentialAction":[{"@type":"ReadAction","target":["https:\/\/exaudi.org\/es\/claves-espirituales-para-vivir-con-paz-cada-dia-de-la-mano-de-un-santo-papa\/"]}]},{"@type":"ImageObject","inLanguage":"es","@id":"https:\/\/exaudi.org\/es\/claves-espirituales-para-vivir-con-paz-cada-dia-de-la-mano-de-un-santo-papa\/#primaryimage","url":"https:\/\/exaudi.org\/wp-content\/uploads\/2025\/07\/pexels-joshsorenson-378271-scaled.jpg","contentUrl":"https:\/\/exaudi.org\/wp-content\/uploads\/2025\/07\/pexels-joshsorenson-378271-scaled.jpg","width":2560,"height":1919},{"@type":"BreadcrumbList","@id":"https:\/\/exaudi.org\/es\/claves-espirituales-para-vivir-con-paz-cada-dia-de-la-mano-de-un-santo-papa\/#breadcrumb","itemListElement":[{"@type":"ListItem","position":1,"name":"Portada","item":"https:\/\/exaudi.org\/es\/"},{"@type":"ListItem","position":2,"name":"Claves espirituales para vivir con paz cada d\u00eda"}]},{"@type":"WebSite","@id":"https:\/\/exaudi.org\/#website","url":"https:\/\/exaudi.org\/","name":"Exaudi","description":"News","potentialAction":[{"@type":"SearchAction","target":{"@type":"EntryPoint","urlTemplate":"https:\/\/exaudi.org\/?s={search_term_string}"},"query-input":{"@type":"PropertyValueSpecification","valueRequired":true,"valueName":"search_term_string"}}],"inLanguage":"es"},{"@type":"Person","@id":"https:\/\/exaudi.org\/#\/schema\/person\/e7ff749045cafab5d7b926bb4edeaa51","name":"Patricia Jim\u00e9nez Ram\u00edrez","image":{"@type":"ImageObject","inLanguage":"es","@id":"https:\/\/secure.gravatar.com\/avatar\/c1f016f3010698237250f552cc424d09fd3f545baa3b0e2f5008eae3181ed438?s=96&d=mm&r=g","url":"https:\/\/secure.gravatar.com\/avatar\/c1f016f3010698237250f552cc424d09fd3f545baa3b0e2f5008eae3181ed438?s=96&d=mm&r=g","contentUrl":"https:\/\/secure.gravatar.com\/avatar\/c1f016f3010698237250f552cc424d09fd3f545baa3b0e2f5008eae3181ed438?s=96&d=mm&r=g","caption":"Patricia Jim\u00e9nez Ram\u00edrez"},"description":"Soy una mujer comprometida con mi familia, con una s\u00f3lida experiencia empresarial y una profunda dedicaci\u00f3n al hogar. Durante a\u00f1os trabaj\u00e9 en diversos entornos empresariales, liderando equipos y gestionando proyectos de impacto. Sin embargo, en los \u00faltimos a\u00f1os he tomado la decisi\u00f3n de centrarme en mi hogar y dedicar m\u00e1s tiempo a mi marido e hijos, quienes son mi mayor prioridad. Mi experiencia en el \u00e1mbito empresarial me ha brindado valiosas habilidades en gesti\u00f3n del tiempo, organizaci\u00f3n, liderazgo y resoluci\u00f3n de problemas, que ahora aplico en mi vida familiar para fomentar un ambiente armonioso y saludable para todos","url":"https:\/\/exaudi.org\/es\/author\/patricia-jimenez-ramirez\/"}]}},"jetpack_featured_media_url":"https:\/\/exaudi.org\/wp-content\/uploads\/2025\/07\/pexels-joshsorenson-378271-scaled.jpg","jetpack_shortlink":"https:\/\/wp.me\/pgKjF2-xX6","_links":{"self":[{"href":"https:\/\/exaudi.org\/es\/wp-json\/wp\/v2\/posts\/130516","targetHints":{"allow":["GET"]}}],"collection":[{"href":"https:\/\/exaudi.org\/es\/wp-json\/wp\/v2\/posts"}],"about":[{"href":"https:\/\/exaudi.org\/es\/wp-json\/wp\/v2\/types\/post"}],"author":[{"embeddable":true,"href":"https:\/\/exaudi.org\/es\/wp-json\/wp\/v2\/users\/151"}],"replies":[{"embeddable":true,"href":"https:\/\/exaudi.org\/es\/wp-json\/wp\/v2\/comments?post=130516"}],"version-history":[{"count":0,"href":"https:\/\/exaudi.org\/es\/wp-json\/wp\/v2\/posts\/130516\/revisions"}],"wp:featuredmedia":[{"embeddable":true,"href":"https:\/\/exaudi.org\/es\/wp-json\/wp\/v2\/media\/130517"}],"wp:attachment":[{"href":"https:\/\/exaudi.org\/es\/wp-json\/wp\/v2\/media?parent=130516"}],"wp:term":[{"taxonomy":"category","embeddable":true,"href":"https:\/\/exaudi.org\/es\/wp-json\/wp\/v2\/categories?post=130516"},{"taxonomy":"post_tag","embeddable":true,"href":"https:\/\/exaudi.org\/es\/wp-json\/wp\/v2\/tags?post=130516"}],"curies":[{"name":"wp","href":"https:\/\/api.w.org\/{rel}","templated":true}]}}