{"id":130280,"date":"2025-07-20T08:30:12","date_gmt":"2025-07-20T06:30:12","guid":{"rendered":"https:\/\/exaudi.org\/?p=130280"},"modified":"2025-07-20T09:40:53","modified_gmt":"2025-07-20T07:40:53","slug":"juan-pablo-ii-en-las-imagenes-de-un-gran-fotografo-gianni-giansanti","status":"publish","type":"post","link":"https:\/\/exaudi.org\/es\/juan-pablo-ii-en-las-imagenes-de-un-gran-fotografo-gianni-giansanti\/","title":{"rendered":"Juan Pablo II en las im\u00e1genes de un gran fot\u00f3grafo: Gianni Giansanti"},"content":{"rendered":"<p data-start=\"210\" data-end=\"879\">Castel Sant&#8217;Angelo es uno de los monumentos m\u00e1s importantes de Roma, uno de los s\u00edmbolos de la Ciudad Eterna. Domina la ribera derecha del T\u00edber frente al puente Sant\u2019Angelo (antiguo <em data-start=\"393\" data-end=\"406\">Pons Aelius<\/em>). Esta gigantesca construcci\u00f3n se alza en el cielo de Roma desde el a\u00f1o 139, cuando el emperador Adriano pidi\u00f3 al arquitecto Demetrio construir un mausoleo funerario para \u00e9l y su familia, inspir\u00e1ndose en el modelo del mausoleo de Augusto. El mausoleo fue transformado en castillo y modificado varias veces durante la \u00e9poca medieval y renacentista. Por voluntad de los papas, fue conectado con el Vaticano a trav\u00e9s de un corredor fortificado llamado \u201c<em data-start=\"857\" data-end=\"877\">passetto del Borgo<\/em>\u201d.<\/p>\n<p><iframe title=\"Spotify Embed: Juan Pablo II en las im\u00e1genes de un gran fot\u00f3grafo: Gianni Giansanti\" style=\"border-radius: 12px\" width=\"100%\" height=\"152\" frameborder=\"0\" allowfullscreen allow=\"autoplay; clipboard-write; encrypted-media; fullscreen; picture-in-picture\" loading=\"lazy\" src=\"https:\/\/open.spotify.com\/embed\/episode\/6coVCpUMT0nW8Y7NkWSxDE?si=N_BMviPcRuSAXlmHKCxf4Q&#038;utm_source=oembed\"><\/iframe><\/p>\n<p data-start=\"881\" data-end=\"1271\">Hoy en d\u00eda es un gran museo, uno de los m\u00e1s visitados de Roma, que tambi\u00e9n alberga importantes exposiciones temporales. El mi\u00e9rcoles 16 de julio se inaugur\u00f3 en las salas de Castel Sant\u2019Angelo una nueva muestra: la exposici\u00f3n fotogr\u00e1fica <em data-start=\"1118\" data-end=\"1192\">\u00abJuan Pablo II: Hombre, Papa, Santo en las im\u00e1genes de Gianni Giansanti\u00bb<\/em>. Es un homenaje de Italia y de la ciudad al Papa Wojtyla en el A\u00f1o Santo 2025.<\/p>\n<p data-start=\"1273\" data-end=\"1741\">La muestra fue organizada por la prestigiosa instituci\u00f3n italiana Civita Mostre e Musei. Fue realizada en colaboraci\u00f3n con el Ministerio de Bienes y Actividades Culturales, la Comisi\u00f3n Parlamentaria de Cultura (estuvo presente su presidente, el Hon. Federico Mollicone), la Embajada de Polonia ante la Rep\u00fablica Italiana, la Fundaci\u00f3n Vaticana Juan Pablo II y el Colegio Pontificio Polaco. En la preparaci\u00f3n de la exposici\u00f3n tambi\u00e9n particip\u00f3 la familia del fot\u00f3grafo.<\/p>\n<figure id=\"attachment_130293\" aria-describedby=\"caption-attachment-130293\" style=\"width: 2560px\" class=\"wp-caption alignnone\"><img loading=\"lazy\" decoding=\"async\" class=\"size-full wp-image-130293\" src=\"https:\/\/exaudi.org\/wp-content\/uploads\/2025\/07\/mostra-GPII-foto-Giansanti-Castel-santAngelo-scaled.jpg\" alt=\"\" width=\"2560\" height=\"1920\" srcset=\"https:\/\/exaudi.org\/wp-content\/uploads\/2025\/07\/mostra-GPII-foto-Giansanti-Castel-santAngelo-scaled.jpg 2560w, https:\/\/exaudi.org\/wp-content\/uploads\/2025\/07\/mostra-GPII-foto-Giansanti-Castel-santAngelo-300x225.jpg 300w, https:\/\/exaudi.org\/wp-content\/uploads\/2025\/07\/mostra-GPII-foto-Giansanti-Castel-santAngelo-1024x768.jpg 1024w, https:\/\/exaudi.org\/wp-content\/uploads\/2025\/07\/mostra-GPII-foto-Giansanti-Castel-santAngelo-770x578.jpg 770w, https:\/\/exaudi.org\/wp-content\/uploads\/2025\/07\/mostra-GPII-foto-Giansanti-Castel-santAngelo-1536x1152.jpg 1536w, https:\/\/exaudi.org\/wp-content\/uploads\/2025\/07\/mostra-GPII-foto-Giansanti-Castel-santAngelo-2048x1536.jpg 2048w, https:\/\/exaudi.org\/wp-content\/uploads\/2025\/07\/mostra-GPII-foto-Giansanti-Castel-santAngelo-500x375.jpg 500w\" sizes=\"auto, (max-width: 2560px) 100vw, 2560px\" \/><figcaption id=\"caption-attachment-130293\" class=\"wp-caption-text\">Foto Wlodzimierz Redzioch<\/figcaption><\/figure>\n<p data-start=\"1743\" data-end=\"2327\">Como escriben los organizadores: \u201cLa iniciativa nace con el prop\u00f3sito de celebrar la memoria y el legado espiritual de Juan Pablo II, pero tambi\u00e9n de valorizar la fotograf\u00eda de Gianni Giansanti como instrumento de narraci\u00f3n y testimonio. En un lugar simb\u00f3lico como Castel Sant\u2019Angelo, que en el gran jubileo del 2000 vio la reapertura del <em data-start=\"2082\" data-end=\"2102\">Passetto del Borgo<\/em>, la exposici\u00f3n se convierte en un puente entre la memoria y el presente, entre el arte y la espiritualidad. Una ocasi\u00f3n \u00fanica para redescubrir la figura de Juan Pablo II y reflexionar sobre el valor de la fe y la humanidad\u201d.<\/p>\n<p data-start=\"2329\" data-end=\"2795\">Durante la inauguraci\u00f3n, la curadora de la muestra, Ilaria Schiaffini, profesora de historia de la fotograf\u00eda en La Sapienza, gui\u00f3 a los participantes a trav\u00e9s de la exposici\u00f3n e ilustr\u00f3 el arte de Giansanti mediante una selecci\u00f3n de fotograf\u00edas. Giansanti era un documentalista excepcional, pero tambi\u00e9n un artista de la fotograf\u00eda. Su inter\u00e9s por el Papa estaba estrechamente ligado a su inter\u00e9s por la historia contempor\u00e1nea, la pol\u00edtica y los fen\u00f3menos sociales.<\/p>\n<p data-start=\"2797\" data-end=\"3091\">Pero la exposici\u00f3n no se limita solo a fotograf\u00edas: en la primera sala se exhiben objetos personales de Juan Pablo II, provenientes del Colegio Polaco de Roma y del Centro de Documentaci\u00f3n y Estudio del Pontificado de Juan Pablo II en Roma. Entre ellos est\u00e1n su sotana blanca y su reclinatorio.<\/p>\n<figure id=\"attachment_130290\" aria-describedby=\"caption-attachment-130290\" style=\"width: 2560px\" class=\"wp-caption alignnone\"><img loading=\"lazy\" decoding=\"async\" class=\"size-full wp-image-130290\" src=\"https:\/\/exaudi.org\/wp-content\/uploads\/2025\/07\/mostra-foto-Giansanti-curatrice-prof.-Ilaria-Schiaffini-3-scaled.jpg\" alt=\"\" width=\"2560\" height=\"2094\" srcset=\"https:\/\/exaudi.org\/wp-content\/uploads\/2025\/07\/mostra-foto-Giansanti-curatrice-prof.-Ilaria-Schiaffini-3-scaled.jpg 2560w, https:\/\/exaudi.org\/wp-content\/uploads\/2025\/07\/mostra-foto-Giansanti-curatrice-prof.-Ilaria-Schiaffini-3-300x245.jpg 300w, https:\/\/exaudi.org\/wp-content\/uploads\/2025\/07\/mostra-foto-Giansanti-curatrice-prof.-Ilaria-Schiaffini-3-1024x838.jpg 1024w, https:\/\/exaudi.org\/wp-content\/uploads\/2025\/07\/mostra-foto-Giansanti-curatrice-prof.-Ilaria-Schiaffini-3-770x630.jpg 770w, https:\/\/exaudi.org\/wp-content\/uploads\/2025\/07\/mostra-foto-Giansanti-curatrice-prof.-Ilaria-Schiaffini-3-1536x1256.jpg 1536w, https:\/\/exaudi.org\/wp-content\/uploads\/2025\/07\/mostra-foto-Giansanti-curatrice-prof.-Ilaria-Schiaffini-3-2048x1675.jpg 2048w, https:\/\/exaudi.org\/wp-content\/uploads\/2025\/07\/mostra-foto-Giansanti-curatrice-prof.-Ilaria-Schiaffini-3-500x409.jpg 500w\" sizes=\"auto, (max-width: 2560px) 100vw, 2560px\" \/><figcaption id=\"caption-attachment-130290\" class=\"wp-caption-text\">Foto Wlodzimierz Redzioch<\/figcaption><\/figure>\n<p data-start=\"3093\" data-end=\"3301\">Cabe destacar que en la biblioteca del Centro se conservan varias publicaciones de Giansanti y pr\u00f3ximamente se publicar\u00e1 un volumen relacionado con la exposici\u00f3n, que incluir\u00e1 numerosos ensayos de estudiosos.<\/p>\n<p data-start=\"3303\" data-end=\"3354\">La muestra estar\u00e1 abierta hasta el 30 de noviembre.<\/p>\n<p data-start=\"3356\" data-end=\"3440\">Con motivo de la inauguraci\u00f3n, entrevistamos a la curadora, la profesora Schiaffini.<\/p>\n<p data-start=\"3442\" data-end=\"3662\"><strong data-start=\"3442\" data-end=\"3662\">\u2013 Profesora, la muestra que usted ha curado pretende ser hist\u00f3rica pero tambi\u00e9n art\u00edstica: narra la vida de un Pont\u00edfice y al mismo tiempo presenta el arte de un importante fot\u00f3grafo italiano. \u00bfC\u00f3mo abord\u00f3 este reto?<\/strong><\/p>\n<p data-start=\"3664\" data-end=\"4159\">\u2013 Es cierto, trabaj\u00e9 sobre esos dos ejes. Part\u00ed del hecho de que Giansanti sigui\u00f3 a Juan Pablo II durante casi 27 a\u00f1os de su pontificado. Dispon\u00edamos de much\u00edsimas fotograf\u00edas tomadas a lo largo de esos a\u00f1os. Hay que recordar que Giansanti particip\u00f3 en m\u00e1s de 50 viajes papales. Ten\u00edamos mucho material representativo y trat\u00e9 de contar la historia en orden cronol\u00f3gico. As\u00ed recordamos la gran herencia del Papa. Pero al mismo tiempo destaqu\u00e9 las fotos que muestran la humanidad de Juan Pablo II.<\/p>\n<p data-start=\"4161\" data-end=\"4781\">Hay que subrayar que entre el Papa y Giansanti exist\u00eda una empat\u00eda. A finales de los a\u00f1os 80, el fot\u00f3grafo fue admitido en los apartamentos pontificios con permiso para captar momentos muy \u00edntimos: durante la oraci\u00f3n, el desayuno (se exhibe una famosa foto en la mesa con los secretarios y obispos de Corea). Tambi\u00e9n hay una foto del Papa en el avi\u00f3n, durante el vuelo desde Argentina, leyendo el breviario. Eran fotos in\u00e9ditas, nunca publicadas antes, por lo \u00edntimas pero aut\u00e9nticas. \u00c9l ten\u00eda una gran capacidad para leer las situaciones y captar los instantes. Eso es lo que distingue a los grandes fot\u00f3grafos como \u00e9l.<\/p>\n<figure id=\"attachment_130287\" aria-describedby=\"caption-attachment-130287\" style=\"width: 2560px\" class=\"wp-caption alignnone\"><img loading=\"lazy\" decoding=\"async\" class=\"size-full wp-image-130287\" src=\"https:\/\/exaudi.org\/wp-content\/uploads\/2025\/07\/MOSTRA_3-scaled.jpg\" alt=\"\" width=\"2560\" height=\"2002\" srcset=\"https:\/\/exaudi.org\/wp-content\/uploads\/2025\/07\/MOSTRA_3-scaled.jpg 2560w, https:\/\/exaudi.org\/wp-content\/uploads\/2025\/07\/MOSTRA_3-300x235.jpg 300w, https:\/\/exaudi.org\/wp-content\/uploads\/2025\/07\/MOSTRA_3-1024x801.jpg 1024w, https:\/\/exaudi.org\/wp-content\/uploads\/2025\/07\/MOSTRA_3-770x602.jpg 770w, https:\/\/exaudi.org\/wp-content\/uploads\/2025\/07\/MOSTRA_3-1536x1201.jpg 1536w, https:\/\/exaudi.org\/wp-content\/uploads\/2025\/07\/MOSTRA_3-2048x1601.jpg 2048w, https:\/\/exaudi.org\/wp-content\/uploads\/2025\/07\/MOSTRA_3-500x391.jpg 500w\" sizes=\"auto, (max-width: 2560px) 100vw, 2560px\" \/><figcaption id=\"caption-attachment-130287\" class=\"wp-caption-text\">Foto Wlodzimierz Redzioch<\/figcaption><\/figure>\n<p data-start=\"4783\" data-end=\"4912\"><strong data-start=\"4783\" data-end=\"4912\">\u2013 Entonces hay una cronolog\u00eda del pontificado, pero tambi\u00e9n momentos \u00edntimos, retratos personales fuera del tiempo hist\u00f3rico\u2026<\/strong><\/p>\n<p data-start=\"4914\" data-end=\"5443\">\u2013 S\u00ed, hay fotos que cuentan la historia, pero tambi\u00e9n retratos \u201cfuera del tiempo\u201d, en varios momentos de cansancio o meditaci\u00f3n. Hay una foto que impresiona mucho: muestra al Papa sobre un fondo rojo, con un gesto de fatiga, casi de sufrimiento. Hay que destacar que Giansanti era un gran colorista, por eso algunas fotos tienen una gran calidad crom\u00e1tica, sobre todo las escenas nocturnas. La \u00faltima foto que cierra la exposici\u00f3n es bell\u00edsima: un paisaje con la bas\u00edlica de San Pedro al fondo, una imagen que parece una pintura.<\/p>\n<p data-start=\"5445\" data-end=\"5557\"><strong data-start=\"5445\" data-end=\"5557\">\u2013 Todos conocemos a Juan Pablo II. Pero usted, al preparar esta exposici\u00f3n, \u00bfqu\u00e9 aprendi\u00f3 de nuevo sobre \u00e9l?<\/strong><\/p>\n<p data-start=\"5559\" data-end=\"5728\">\u2013 Viv\u00ed esos a\u00f1os, conozco la autoridad de un Papa que hizo historia. Quiz\u00e1 lo que descubr\u00ed como novedad es la personalidad del Papa, el retrato del hombre Karol Wojty\u0142a.<\/p>\n<figure id=\"attachment_130284\" aria-describedby=\"caption-attachment-130284\" style=\"width: 2560px\" class=\"wp-caption alignnone\"><img loading=\"lazy\" decoding=\"async\" class=\"size-full wp-image-130284\" src=\"https:\/\/exaudi.org\/wp-content\/uploads\/2025\/07\/mostra-GPII-foto-Giansanti-inaugurazione-scaled.jpg\" alt=\"\" width=\"2560\" height=\"2013\" srcset=\"https:\/\/exaudi.org\/wp-content\/uploads\/2025\/07\/mostra-GPII-foto-Giansanti-inaugurazione-scaled.jpg 2560w, https:\/\/exaudi.org\/wp-content\/uploads\/2025\/07\/mostra-GPII-foto-Giansanti-inaugurazione-300x236.jpg 300w, https:\/\/exaudi.org\/wp-content\/uploads\/2025\/07\/mostra-GPII-foto-Giansanti-inaugurazione-1024x805.jpg 1024w, https:\/\/exaudi.org\/wp-content\/uploads\/2025\/07\/mostra-GPII-foto-Giansanti-inaugurazione-770x605.jpg 770w, https:\/\/exaudi.org\/wp-content\/uploads\/2025\/07\/mostra-GPII-foto-Giansanti-inaugurazione-1536x1208.jpg 1536w, https:\/\/exaudi.org\/wp-content\/uploads\/2025\/07\/mostra-GPII-foto-Giansanti-inaugurazione-2048x1610.jpg 2048w, https:\/\/exaudi.org\/wp-content\/uploads\/2025\/07\/mostra-GPII-foto-Giansanti-inaugurazione-500x393.jpg 500w\" sizes=\"auto, (max-width: 2560px) 100vw, 2560px\" \/><figcaption id=\"caption-attachment-130284\" class=\"wp-caption-text\">Foto Wlodzimierz Redzioch<\/figcaption><\/figure>\n","protected":false},"excerpt":{"rendered":"<p>Exposici\u00f3n fotogr\u00e1fica en Castel Sant\u2019Angelo<\/p>\n","protected":false},"author":85,"featured_media":130281,"comment_status":"closed","ping_status":"closed","sticky":false,"template":"","format":"standard","meta":{"_acf_changed":false,"_crdt_document":"","inline_featured_image":false,"footnotes":""},"categories":[74],"tags":[30739,33442,52120,67283,67287,31755,67298,67282,67292,67291,67297,67289,67285,67281,67294,67290,795,67293,67295,67286,67284,67288,30543,67296,1533,4953],"class_list":["post-130280","post","type-post","status-publish","format-standard","has-post-thumbnail","hentry","category-iglesia-y-mundo","tag-ano-santo-2025","tag-arte-religioso","tag-arte-y-espiritualidad","tag-castel-santangelo","tag-civita-mostre-e-musei-2","tag-cultura-vaticana","tag-eventos-roma-2025","tag-exposicion-fotografica","tag-exposicion-roma-2025","tag-fotografia-artistica","tag-fotografia-catolica","tag-fotografia-documental","tag-fotografia-historica","tag-gianni-giansanti","tag-giansanti-juan-pablo-ii","tag-historia-del-pontificado","tag-juan-pablo-ii","tag-juan-pablo-ii-fotografo","tag-muestra-fotografica-roma","tag-museo-de-roma","tag-papa-wojtyla-2","tag-passetto-del-borgo","tag-pontificado-juan-pablo-ii","tag-retratos-del-papa","tag-roma-es","tag-trending-es"],"acf":[],"yoast_head":"<!-- This site is optimized with the Yoast SEO plugin v27.5 - https:\/\/yoast.com\/product\/yoast-seo-wordpress\/ -->\n<title>Juan Pablo II en las im\u00e1genes de un gran fot\u00f3grafo: Gianni Giansanti &#8211; Exaudi<\/title>\n<meta name=\"robots\" content=\"index, follow, max-snippet:-1, max-image-preview:large, max-video-preview:-1\" \/>\n<link rel=\"canonical\" href=\"https:\/\/exaudi.org\/es\/juan-pablo-ii-en-las-imagenes-de-un-gran-fotografo-gianni-giansanti\/\" \/>\n<meta property=\"og:locale\" content=\"es_ES\" \/>\n<meta property=\"og:type\" content=\"article\" \/>\n<meta property=\"og:title\" content=\"Juan Pablo II en las im\u00e1genes de un gran fot\u00f3grafo: Gianni Giansanti &#8211; Exaudi\" \/>\n<meta property=\"og:description\" content=\"Exposici\u00f3n fotogr\u00e1fica en Castel Sant\u2019Angelo\" \/>\n<meta property=\"og:url\" content=\"https:\/\/exaudi.org\/es\/juan-pablo-ii-en-las-imagenes-de-un-gran-fotografo-gianni-giansanti\/\" \/>\n<meta property=\"og:site_name\" content=\"Exaudi\" \/>\n<meta property=\"article:publisher\" content=\"https:\/\/www.facebook.com\/ExaudiNews\" \/>\n<meta property=\"article:published_time\" content=\"2025-07-20T06:30:12+00:00\" \/>\n<meta property=\"article:modified_time\" content=\"2025-07-20T07:40:53+00:00\" \/>\n<meta property=\"og:image\" content=\"https:\/\/exaudi.org\/wp-content\/uploads\/2025\/07\/mostra-foto-Giansanti-curatrice-prof.-Ilaria-Schiaffini-scaled.jpg\" \/>\n\t<meta property=\"og:image:width\" content=\"2560\" \/>\n\t<meta property=\"og:image:height\" content=\"1913\" \/>\n\t<meta property=\"og:image:type\" content=\"image\/jpeg\" \/>\n<meta name=\"author\" content=\"Wlodzimierz Redzioch\" \/>\n<meta name=\"twitter:card\" content=\"summary_large_image\" \/>\n<meta name=\"twitter:creator\" content=\"@Exaudi_News\" \/>\n<meta name=\"twitter:site\" content=\"@Exaudi_News\" \/>\n<meta name=\"twitter:label1\" content=\"Escrito por\" \/>\n\t<meta name=\"twitter:data1\" content=\"Wlodzimierz Redzioch\" \/>\n\t<meta name=\"twitter:label2\" content=\"Tiempo de lectura\" \/>\n\t<meta name=\"twitter:data2\" content=\"5 minutos\" \/>\n<script type=\"application\/ld+json\" class=\"yoast-schema-graph\">{\"@context\":\"https:\\\/\\\/schema.org\",\"@graph\":[{\"@type\":\"Article\",\"@id\":\"https:\\\/\\\/exaudi.org\\\/es\\\/juan-pablo-ii-en-las-imagenes-de-un-gran-fotografo-gianni-giansanti\\\/#article\",\"isPartOf\":{\"@id\":\"https:\\\/\\\/exaudi.org\\\/es\\\/juan-pablo-ii-en-las-imagenes-de-un-gran-fotografo-gianni-giansanti\\\/\"},\"author\":{\"name\":\"Wlodzimierz Redzioch\",\"@id\":\"https:\\\/\\\/exaudi.org\\\/#\\\/schema\\\/person\\\/558b6cc7524c4488c69704f46c2578e0\"},\"headline\":\"Juan Pablo II en las im\u00e1genes de un gran fot\u00f3grafo: Gianni Giansanti\",\"datePublished\":\"2025-07-20T06:30:12+00:00\",\"dateModified\":\"2025-07-20T07:40:53+00:00\",\"mainEntityOfPage\":{\"@id\":\"https:\\\/\\\/exaudi.org\\\/es\\\/juan-pablo-ii-en-las-imagenes-de-un-gran-fotografo-gianni-giansanti\\\/\"},\"wordCount\":1043,\"image\":{\"@id\":\"https:\\\/\\\/exaudi.org\\\/es\\\/juan-pablo-ii-en-las-imagenes-de-un-gran-fotografo-gianni-giansanti\\\/#primaryimage\"},\"thumbnailUrl\":\"https:\\\/\\\/exaudi.org\\\/wp-content\\\/uploads\\\/2025\\\/07\\\/mostra-foto-Giansanti-curatrice-prof.-Ilaria-Schiaffini-scaled.jpg\",\"keywords\":[\"A\u00f1o Santo 2025\",\"arte religioso\",\"arte y espiritualidad\",\"castel sant\u2019angelo\",\"civita mostre e musei\",\"cultura vaticana\",\"eventos roma 2025\",\"exposici\u00f3n fotogr\u00e1fica\",\"exposici\u00f3n roma 2025\",\"fotograf\u00eda art\u00edstica\",\"fotograf\u00eda cat\u00f3lica\",\"fotograf\u00eda documental\",\"fotograf\u00eda hist\u00f3rica\",\"gianni giansanti\",\"giansanti juan pablo ii\",\"historia del pontificado\",\"Juan Pablo II\",\"juan pablo ii fot\u00f3grafo\",\"muestra fotogr\u00e1fica roma\",\"museo de roma\",\"papa wojtyla\",\"passetto del borgo\",\"pontificado Juan Pablo II\",\"retratos del papa\",\"Roma\",\"Trending\"],\"articleSection\":[\"Iglesia y Mundo\"],\"inLanguage\":\"es\"},{\"@type\":\"WebPage\",\"@id\":\"https:\\\/\\\/exaudi.org\\\/es\\\/juan-pablo-ii-en-las-imagenes-de-un-gran-fotografo-gianni-giansanti\\\/\",\"url\":\"https:\\\/\\\/exaudi.org\\\/es\\\/juan-pablo-ii-en-las-imagenes-de-un-gran-fotografo-gianni-giansanti\\\/\",\"name\":\"Juan Pablo II en las im\u00e1genes de un gran fot\u00f3grafo: Gianni Giansanti &#8211; Exaudi\",\"isPartOf\":{\"@id\":\"https:\\\/\\\/exaudi.org\\\/#website\"},\"primaryImageOfPage\":{\"@id\":\"https:\\\/\\\/exaudi.org\\\/es\\\/juan-pablo-ii-en-las-imagenes-de-un-gran-fotografo-gianni-giansanti\\\/#primaryimage\"},\"image\":{\"@id\":\"https:\\\/\\\/exaudi.org\\\/es\\\/juan-pablo-ii-en-las-imagenes-de-un-gran-fotografo-gianni-giansanti\\\/#primaryimage\"},\"thumbnailUrl\":\"https:\\\/\\\/exaudi.org\\\/wp-content\\\/uploads\\\/2025\\\/07\\\/mostra-foto-Giansanti-curatrice-prof.-Ilaria-Schiaffini-scaled.jpg\",\"datePublished\":\"2025-07-20T06:30:12+00:00\",\"dateModified\":\"2025-07-20T07:40:53+00:00\",\"author\":{\"@id\":\"https:\\\/\\\/exaudi.org\\\/#\\\/schema\\\/person\\\/558b6cc7524c4488c69704f46c2578e0\"},\"breadcrumb\":{\"@id\":\"https:\\\/\\\/exaudi.org\\\/es\\\/juan-pablo-ii-en-las-imagenes-de-un-gran-fotografo-gianni-giansanti\\\/#breadcrumb\"},\"inLanguage\":\"es\",\"potentialAction\":[{\"@type\":\"ReadAction\",\"target\":[\"https:\\\/\\\/exaudi.org\\\/es\\\/juan-pablo-ii-en-las-imagenes-de-un-gran-fotografo-gianni-giansanti\\\/\"]}]},{\"@type\":\"ImageObject\",\"inLanguage\":\"es\",\"@id\":\"https:\\\/\\\/exaudi.org\\\/es\\\/juan-pablo-ii-en-las-imagenes-de-un-gran-fotografo-gianni-giansanti\\\/#primaryimage\",\"url\":\"https:\\\/\\\/exaudi.org\\\/wp-content\\\/uploads\\\/2025\\\/07\\\/mostra-foto-Giansanti-curatrice-prof.-Ilaria-Schiaffini-scaled.jpg\",\"contentUrl\":\"https:\\\/\\\/exaudi.org\\\/wp-content\\\/uploads\\\/2025\\\/07\\\/mostra-foto-Giansanti-curatrice-prof.-Ilaria-Schiaffini-scaled.jpg\",\"width\":2560,\"height\":1913,\"caption\":\"Foto Wlodzimierz Redzioch\"},{\"@type\":\"BreadcrumbList\",\"@id\":\"https:\\\/\\\/exaudi.org\\\/es\\\/juan-pablo-ii-en-las-imagenes-de-un-gran-fotografo-gianni-giansanti\\\/#breadcrumb\",\"itemListElement\":[{\"@type\":\"ListItem\",\"position\":1,\"name\":\"Portada\",\"item\":\"https:\\\/\\\/exaudi.org\\\/es\\\/\"},{\"@type\":\"ListItem\",\"position\":2,\"name\":\"Juan Pablo II en las im\u00e1genes de un gran fot\u00f3grafo: Gianni Giansanti\"}]},{\"@type\":\"WebSite\",\"@id\":\"https:\\\/\\\/exaudi.org\\\/#website\",\"url\":\"https:\\\/\\\/exaudi.org\\\/\",\"name\":\"Exaudi\",\"description\":\"News\",\"potentialAction\":[{\"@type\":\"SearchAction\",\"target\":{\"@type\":\"EntryPoint\",\"urlTemplate\":\"https:\\\/\\\/exaudi.org\\\/?s={search_term_string}\"},\"query-input\":{\"@type\":\"PropertyValueSpecification\",\"valueRequired\":true,\"valueName\":\"search_term_string\"}}],\"inLanguage\":\"es\"},{\"@type\":\"Person\",\"@id\":\"https:\\\/\\\/exaudi.org\\\/#\\\/schema\\\/person\\\/558b6cc7524c4488c69704f46c2578e0\",\"name\":\"Wlodzimierz Redzioch\",\"image\":{\"@type\":\"ImageObject\",\"inLanguage\":\"es\",\"@id\":\"https:\\\/\\\/secure.gravatar.com\\\/avatar\\\/6d24a03e044ad402c01b933d454ac413e287e5a6d92238dd5d98c5c6073d9b49?s=96&d=mm&r=g\",\"url\":\"https:\\\/\\\/secure.gravatar.com\\\/avatar\\\/6d24a03e044ad402c01b933d454ac413e287e5a6d92238dd5d98c5c6073d9b49?s=96&d=mm&r=g\",\"contentUrl\":\"https:\\\/\\\/secure.gravatar.com\\\/avatar\\\/6d24a03e044ad402c01b933d454ac413e287e5a6d92238dd5d98c5c6073d9b49?s=96&d=mm&r=g\",\"caption\":\"Wlodzimierz Redzioch\"},\"description\":\"Wlodzimierz Redzioch \u00e8 nato a Czestochowa (Polonia), si \u00e8 laureato in Ingegneria nel Politecnico. Dopo aver continuato gli studi nell\u2019Universit\u00e0 di Varsavia, presso l\u2019Istituto degli Studi africani, nel 1980 ha lavorato presso il Centro per i pellegrini polacchi a Roma. Dal 1981 al 2012 ha lavorato presso L\u2019Osservatore romano. Dal 1995 collabora con il settimanale cattolico polacco Niedziela come corrispondente dal Vaticano e dall\u2019Italia. Per la sua attivit\u00e0 di vaticanista il 23 settembre 2000 ha ricevuto in Polonia il premio cattolico per il giornalismo \u00abMater Verbi\u00bb; mentre il 14 luglio 2006 Sua Santit\u00e0 Benedetto XVI gli ha conferito il titolo di commendatore dell\u2019Ordine di San Silvestro papa. Autore prolifico, ha scritto diversi volumi sul Vaticano e guide ai due principali santuari mariani: Lourdes e Fatima. Promotore in Polonia del pellegrinaggio a Santiago de Compostela. In occasione della canonizzazione di Giovanni Paolo II ha pubblicato il libro \u201cAccanto a Giovanni Paolo II. Gli amici e i collaboratori raccontano\u201d (Edizioni Ares, Milano 2014), con 22 interviste, compresa la testimonianza d\u2019eccezione di Papa emerito Benedetto XVI. Nel 2024, per commemorare il 40mo anniversario dell\u2019assassinio di don Jerzy Popie\u0142uszko, ha pubblicato la sua biografia \u201cJerzy Popie\u0142uszko. Martire del comunismo\u201d (Edizioni Ares Milano 2024).\",\"url\":\"https:\\\/\\\/exaudi.org\\\/es\\\/author\\\/wlodzimierzredzioc\\\/\"}]}<\/script>\n<!-- \/ Yoast SEO plugin. -->","yoast_head_json":{"title":"Juan Pablo II en las im\u00e1genes de un gran fot\u00f3grafo: Gianni Giansanti &#8211; Exaudi","robots":{"index":"index","follow":"follow","max-snippet":"max-snippet:-1","max-image-preview":"max-image-preview:large","max-video-preview":"max-video-preview:-1"},"canonical":"https:\/\/exaudi.org\/es\/juan-pablo-ii-en-las-imagenes-de-un-gran-fotografo-gianni-giansanti\/","og_locale":"es_ES","og_type":"article","og_title":"Juan Pablo II en las im\u00e1genes de un gran fot\u00f3grafo: Gianni Giansanti &#8211; Exaudi","og_description":"Exposici\u00f3n fotogr\u00e1fica en Castel Sant\u2019Angelo","og_url":"https:\/\/exaudi.org\/es\/juan-pablo-ii-en-las-imagenes-de-un-gran-fotografo-gianni-giansanti\/","og_site_name":"Exaudi","article_publisher":"https:\/\/www.facebook.com\/ExaudiNews","article_published_time":"2025-07-20T06:30:12+00:00","article_modified_time":"2025-07-20T07:40:53+00:00","og_image":[{"width":2560,"height":1913,"url":"https:\/\/exaudi.org\/wp-content\/uploads\/2025\/07\/mostra-foto-Giansanti-curatrice-prof.-Ilaria-Schiaffini-scaled.jpg","type":"image\/jpeg"}],"author":"Wlodzimierz Redzioch","twitter_card":"summary_large_image","twitter_creator":"@Exaudi_News","twitter_site":"@Exaudi_News","twitter_misc":{"Escrito por":"Wlodzimierz Redzioch","Tiempo de lectura":"5 minutos"},"schema":{"@context":"https:\/\/schema.org","@graph":[{"@type":"Article","@id":"https:\/\/exaudi.org\/es\/juan-pablo-ii-en-las-imagenes-de-un-gran-fotografo-gianni-giansanti\/#article","isPartOf":{"@id":"https:\/\/exaudi.org\/es\/juan-pablo-ii-en-las-imagenes-de-un-gran-fotografo-gianni-giansanti\/"},"author":{"name":"Wlodzimierz Redzioch","@id":"https:\/\/exaudi.org\/#\/schema\/person\/558b6cc7524c4488c69704f46c2578e0"},"headline":"Juan Pablo II en las im\u00e1genes de un gran fot\u00f3grafo: Gianni Giansanti","datePublished":"2025-07-20T06:30:12+00:00","dateModified":"2025-07-20T07:40:53+00:00","mainEntityOfPage":{"@id":"https:\/\/exaudi.org\/es\/juan-pablo-ii-en-las-imagenes-de-un-gran-fotografo-gianni-giansanti\/"},"wordCount":1043,"image":{"@id":"https:\/\/exaudi.org\/es\/juan-pablo-ii-en-las-imagenes-de-un-gran-fotografo-gianni-giansanti\/#primaryimage"},"thumbnailUrl":"https:\/\/exaudi.org\/wp-content\/uploads\/2025\/07\/mostra-foto-Giansanti-curatrice-prof.-Ilaria-Schiaffini-scaled.jpg","keywords":["A\u00f1o Santo 2025","arte religioso","arte y espiritualidad","castel sant\u2019angelo","civita mostre e musei","cultura vaticana","eventos roma 2025","exposici\u00f3n fotogr\u00e1fica","exposici\u00f3n roma 2025","fotograf\u00eda art\u00edstica","fotograf\u00eda cat\u00f3lica","fotograf\u00eda documental","fotograf\u00eda hist\u00f3rica","gianni giansanti","giansanti juan pablo ii","historia del pontificado","Juan Pablo II","juan pablo ii fot\u00f3grafo","muestra fotogr\u00e1fica roma","museo de roma","papa wojtyla","passetto del borgo","pontificado Juan Pablo II","retratos del papa","Roma","Trending"],"articleSection":["Iglesia y Mundo"],"inLanguage":"es"},{"@type":"WebPage","@id":"https:\/\/exaudi.org\/es\/juan-pablo-ii-en-las-imagenes-de-un-gran-fotografo-gianni-giansanti\/","url":"https:\/\/exaudi.org\/es\/juan-pablo-ii-en-las-imagenes-de-un-gran-fotografo-gianni-giansanti\/","name":"Juan Pablo II en las im\u00e1genes de un gran fot\u00f3grafo: Gianni Giansanti &#8211; Exaudi","isPartOf":{"@id":"https:\/\/exaudi.org\/#website"},"primaryImageOfPage":{"@id":"https:\/\/exaudi.org\/es\/juan-pablo-ii-en-las-imagenes-de-un-gran-fotografo-gianni-giansanti\/#primaryimage"},"image":{"@id":"https:\/\/exaudi.org\/es\/juan-pablo-ii-en-las-imagenes-de-un-gran-fotografo-gianni-giansanti\/#primaryimage"},"thumbnailUrl":"https:\/\/exaudi.org\/wp-content\/uploads\/2025\/07\/mostra-foto-Giansanti-curatrice-prof.-Ilaria-Schiaffini-scaled.jpg","datePublished":"2025-07-20T06:30:12+00:00","dateModified":"2025-07-20T07:40:53+00:00","author":{"@id":"https:\/\/exaudi.org\/#\/schema\/person\/558b6cc7524c4488c69704f46c2578e0"},"breadcrumb":{"@id":"https:\/\/exaudi.org\/es\/juan-pablo-ii-en-las-imagenes-de-un-gran-fotografo-gianni-giansanti\/#breadcrumb"},"inLanguage":"es","potentialAction":[{"@type":"ReadAction","target":["https:\/\/exaudi.org\/es\/juan-pablo-ii-en-las-imagenes-de-un-gran-fotografo-gianni-giansanti\/"]}]},{"@type":"ImageObject","inLanguage":"es","@id":"https:\/\/exaudi.org\/es\/juan-pablo-ii-en-las-imagenes-de-un-gran-fotografo-gianni-giansanti\/#primaryimage","url":"https:\/\/exaudi.org\/wp-content\/uploads\/2025\/07\/mostra-foto-Giansanti-curatrice-prof.-Ilaria-Schiaffini-scaled.jpg","contentUrl":"https:\/\/exaudi.org\/wp-content\/uploads\/2025\/07\/mostra-foto-Giansanti-curatrice-prof.-Ilaria-Schiaffini-scaled.jpg","width":2560,"height":1913,"caption":"Foto Wlodzimierz Redzioch"},{"@type":"BreadcrumbList","@id":"https:\/\/exaudi.org\/es\/juan-pablo-ii-en-las-imagenes-de-un-gran-fotografo-gianni-giansanti\/#breadcrumb","itemListElement":[{"@type":"ListItem","position":1,"name":"Portada","item":"https:\/\/exaudi.org\/es\/"},{"@type":"ListItem","position":2,"name":"Juan Pablo II en las im\u00e1genes de un gran fot\u00f3grafo: Gianni Giansanti"}]},{"@type":"WebSite","@id":"https:\/\/exaudi.org\/#website","url":"https:\/\/exaudi.org\/","name":"Exaudi","description":"News","potentialAction":[{"@type":"SearchAction","target":{"@type":"EntryPoint","urlTemplate":"https:\/\/exaudi.org\/?s={search_term_string}"},"query-input":{"@type":"PropertyValueSpecification","valueRequired":true,"valueName":"search_term_string"}}],"inLanguage":"es"},{"@type":"Person","@id":"https:\/\/exaudi.org\/#\/schema\/person\/558b6cc7524c4488c69704f46c2578e0","name":"Wlodzimierz Redzioch","image":{"@type":"ImageObject","inLanguage":"es","@id":"https:\/\/secure.gravatar.com\/avatar\/6d24a03e044ad402c01b933d454ac413e287e5a6d92238dd5d98c5c6073d9b49?s=96&d=mm&r=g","url":"https:\/\/secure.gravatar.com\/avatar\/6d24a03e044ad402c01b933d454ac413e287e5a6d92238dd5d98c5c6073d9b49?s=96&d=mm&r=g","contentUrl":"https:\/\/secure.gravatar.com\/avatar\/6d24a03e044ad402c01b933d454ac413e287e5a6d92238dd5d98c5c6073d9b49?s=96&d=mm&r=g","caption":"Wlodzimierz Redzioch"},"description":"Wlodzimierz Redzioch \u00e8 nato a Czestochowa (Polonia), si \u00e8 laureato in Ingegneria nel Politecnico. Dopo aver continuato gli studi nell\u2019Universit\u00e0 di Varsavia, presso l\u2019Istituto degli Studi africani, nel 1980 ha lavorato presso il Centro per i pellegrini polacchi a Roma. Dal 1981 al 2012 ha lavorato presso L\u2019Osservatore romano. Dal 1995 collabora con il settimanale cattolico polacco Niedziela come corrispondente dal Vaticano e dall\u2019Italia. Per la sua attivit\u00e0 di vaticanista il 23 settembre 2000 ha ricevuto in Polonia il premio cattolico per il giornalismo \u00abMater Verbi\u00bb; mentre il 14 luglio 2006 Sua Santit\u00e0 Benedetto XVI gli ha conferito il titolo di commendatore dell\u2019Ordine di San Silvestro papa. Autore prolifico, ha scritto diversi volumi sul Vaticano e guide ai due principali santuari mariani: Lourdes e Fatima. Promotore in Polonia del pellegrinaggio a Santiago de Compostela. In occasione della canonizzazione di Giovanni Paolo II ha pubblicato il libro \u201cAccanto a Giovanni Paolo II. Gli amici e i collaboratori raccontano\u201d (Edizioni Ares, Milano 2014), con 22 interviste, compresa la testimonianza d\u2019eccezione di Papa emerito Benedetto XVI. Nel 2024, per commemorare il 40mo anniversario dell\u2019assassinio di don Jerzy Popie\u0142uszko, ha pubblicato la sua biografia \u201cJerzy Popie\u0142uszko. Martire del comunismo\u201d (Edizioni Ares Milano 2024).","url":"https:\/\/exaudi.org\/es\/author\/wlodzimierzredzioc\/"}]}},"jetpack_featured_media_url":"https:\/\/exaudi.org\/wp-content\/uploads\/2025\/07\/mostra-foto-Giansanti-curatrice-prof.-Ilaria-Schiaffini-scaled.jpg","jetpack_shortlink":"https:\/\/wp.me\/pgKjF2-xTi","_links":{"self":[{"href":"https:\/\/exaudi.org\/es\/wp-json\/wp\/v2\/posts\/130280","targetHints":{"allow":["GET"]}}],"collection":[{"href":"https:\/\/exaudi.org\/es\/wp-json\/wp\/v2\/posts"}],"about":[{"href":"https:\/\/exaudi.org\/es\/wp-json\/wp\/v2\/types\/post"}],"author":[{"embeddable":true,"href":"https:\/\/exaudi.org\/es\/wp-json\/wp\/v2\/users\/85"}],"replies":[{"embeddable":true,"href":"https:\/\/exaudi.org\/es\/wp-json\/wp\/v2\/comments?post=130280"}],"version-history":[{"count":0,"href":"https:\/\/exaudi.org\/es\/wp-json\/wp\/v2\/posts\/130280\/revisions"}],"wp:featuredmedia":[{"embeddable":true,"href":"https:\/\/exaudi.org\/es\/wp-json\/wp\/v2\/media\/130281"}],"wp:attachment":[{"href":"https:\/\/exaudi.org\/es\/wp-json\/wp\/v2\/media?parent=130280"}],"wp:term":[{"taxonomy":"category","embeddable":true,"href":"https:\/\/exaudi.org\/es\/wp-json\/wp\/v2\/categories?post=130280"},{"taxonomy":"post_tag","embeddable":true,"href":"https:\/\/exaudi.org\/es\/wp-json\/wp\/v2\/tags?post=130280"}],"curies":[{"name":"wp","href":"https:\/\/api.w.org\/{rel}","templated":true}]}}