{"id":130259,"date":"2025-07-21T08:30:25","date_gmt":"2025-07-21T06:30:25","guid":{"rendered":"https:\/\/exaudi.org\/?p=130259"},"modified":"2025-07-21T09:36:32","modified_gmt":"2025-07-21T07:36:32","slug":"helados-y-otras-chucherias","status":"publish","type":"post","link":"https:\/\/exaudi.org\/es\/helados-y-otras-chucherias\/","title":{"rendered":"Helados y otras \u201cchucher\u00edas\u201d"},"content":{"rendered":"<p>El verano huele a salitre, a campos dorados y m\u00faltiples tonalidades de verde, horizontes rojizos al atardecer, descanso\u2026 amigos y gastronom\u00eda. \u00a1Vacaciones!<\/p>\n<p><iframe title=\"Spotify Embed: Helados y otras \u201cchucher\u00edas\u201d\" style=\"border-radius: 12px\" width=\"100%\" height=\"152\" frameborder=\"0\" allowfullscreen allow=\"autoplay; clipboard-write; encrypted-media; fullscreen; picture-in-picture\" loading=\"lazy\" src=\"https:\/\/open.spotify.com\/embed\/episode\/24yptMrRQNFL0z0BMcxZIv?si=_sG-tkuZS5aylK3HdFjAJA&#038;utm_source=oembed\"><\/iframe><\/p>\n<p>Es libertad, pero en muchas ocasiones debido al cansancio acumulado, libertad en \u201cestado et\u00e9reo\u201d. Sin horarios ni para comer, ni para dormir. Sin dieta, no es el momento de sufrir sino de disfrutar. De tumbona, cuerpos al sol, ba\u00f1os de espuma de mar\u2026hay que broncearse, la vitamina D es importante\u2026<\/p>\n<p>Tengo un amigo que, cuando sus hijos eran peque\u00f1os, dec\u00eda <strong><em>\u201cEl verano son cuatro fines de semana\u201d<\/em><\/strong> que pueden borrar lo aprendido o revelar su foto.<\/p>\n<p>Pero\u2026No solo es pasto verde o arena.<\/p>\n<p>Otro amigo dec\u00eda, <strong><em>\u201cel verano es el momento malo de los ni\u00f1os buenos\u201d <\/em><\/strong>no por el verano en s\u00ed, sino por el abandono de las normas, los l\u00edmites\u2026<\/p>\n<h3><strong>Quiero hablarte de algo distinto<\/strong><\/h3>\n<p><strong>\u00a1Un estilo de descanso diferente! <\/strong><\/p>\n<p><strong>\u00a1El descanso de la familia De Dios!<\/strong><\/p>\n<p>\u201cNo te pido que los saques del mundo, sino que los preserves del mal \u201cSan Juan 17,<\/p>\n<p>El equipaje depende del DESTINO y tenemos la mirada fija en nuestra meta.<\/p>\n<p>\u00bfQu\u00e9 llevamos en la maleta?<\/p>\n<p>Los \u201cpor si acaso\u201d no caben \u00a1ligeros de equipaje!<\/p>\n<p>Nunca se ha tenido tanto y tan disponible.<\/p>\n<p>Se ha generado una patolog\u00eda \u201cdel deseo\u201d que si no es <strong><em>satisfecho de modo inmediato genera<\/em><\/strong> frustraci\u00f3n que, si se convierte en <em>necesidad imperativa,<\/em> se puede transformar en una <strong><em>adicci\u00f3n.<\/em><\/strong><\/p>\n<p><strong><em>La libertad<\/em><\/strong> se pone en juego: ya no tenemos,<\/p>\n<p><strong><em>Somos-tenidos <\/em><\/strong>(Arist\u00f3teles lo define como esclavitud)<\/p>\n<p>La aut\u00e9ntica libertad se revela en <strong><em>se\u00f1or\u00edo<\/em><\/strong> -se\u00f1or de mi mismo- que expresa <strong><em>autodominio<\/em><\/strong> y <strong><em>autogobierno &#8211; <\/em><\/strong>que no vienen en el paquete original- y necesitan entrenamiento en la <strong><em>virtud<\/em><\/strong> (sobriedad y templanza).<\/p>\n<p>Se\u00f1or\u00edo para <strong><em>servir<\/em><\/strong> (es el para qu\u00e9).<\/p>\n<p><strong><em>Tener-se<\/em><\/strong> para <strong><em>entregar-se<\/em><\/strong>.<\/p>\n<p>Solo quien tiene puede dar.<\/p>\n<p>Solo quien se tiene, puede entregarse (no dejarse robar)<\/p>\n<p>Es necesario no confundir entrenamiento con adiestramiento.<\/p>\n<p>El entrenamiento potencia el desarrollo de la libertad personal. A toda la persona (cabeza, coraz\u00f3n y acci\u00f3n).<\/p>\n<p>Pero no es una tarea de gimnasio. Tampoco es un programa de desintoxicaci\u00f3n, un \u201cdetox\u201d a la carta para lograr una vida exitosa.<\/p>\n<p><strong><em>\u00bfTe comprar\u00edas un coche sin frenos?<\/em><\/strong><\/p>\n<h3><strong><em>La Voracidad del Verano<\/em><\/strong><\/h3>\n<p>Ser <strong><em>voraz<\/em><\/strong> es la falta de freno, en la comida, en la bebida, en horarios\u2026 propio de la avidez de un \u201cdescanso falsificado\u201d<\/p>\n<p>No hablamos de <strong><em>negaci\u00f3n -un no puedo &#8211; <\/em><\/strong>sino de<strong><em> autodominio<\/em><\/strong> \u2013 puedo, pero no quiero- del autogobierno: moderar, atenuar, aplazar\u2026<\/p>\n<p>La negaci\u00f3n, cuando no parte de la libertad asumida, es dependencia.<\/p>\n<p>La decisi\u00f3n del estilo de vida sobrio es por un \u201cbien mayor\u201d y ese bien mayor busca soltar todas las cadenas.<\/p>\n<p>Este es el combate por nuestra grandeza&#8230;<\/p>\n<p>\u201cVol\u00e9 tan alto, tan alto<\/p>\n<p>Que le di a la caza alcance\u201d<\/p>\n<p>Con las alas atadas no se puede volar.<\/p>\n<p>\u201cPara servir, servir\u201d<\/p>\n<p>Tomar las riendas de la propia vida se puede concretar en un plan, peque\u00f1o pero constante, de entrenamiento:<\/p>\n<p><strong>ajustar<\/strong> el sue\u00f1o a la necesidad del descanso, <strong>renunciar<\/strong> a perderse en series de tv o en comunicaciones fr\u00edvolas de \u201creality show\u201d, redes sociales etc.<\/p>\n<p>Se trata de <strong>delimitar<\/strong>, de modo intencional, espacios de silencio para <strong>ENCONTRAR-NOS<\/strong> en estos d\u00edas de descanso.<\/p>\n<p><strong>HABLAMOS DE DISTANCIA<\/strong> CON LOS EST\u00cdMULOS,<\/p>\n<p><strong>De TEMPLAR LA URGENCIA<\/strong> de la satisfacci\u00f3n inmediata.<\/p>\n<p><strong><em>VORACIDAD Y GULA se relacionan.<\/em><\/strong><\/p>\n<p><em>(la gula es la madre de todas las pasiones)<\/em><\/p>\n<p>La <strong><em>voracidad<\/em><\/strong> es la cara visible de la gula.<\/p>\n<p>Y esa voracidad se manifiesta en todos los niveles de la persona: comida, compras, afectos, tecnolog\u00eda, perfecci\u00f3n&#8230; y no tiene fin.<\/p>\n<p>El verano es una etapa \u00f3ptima para educar en la virtud del desprendimiento.<\/p>\n<p>La gula puede combatirse no como restricci\u00f3n, sino como palanca. Es el primer escal\u00f3n, el m\u00e1s costoso, pero con excelentes frutos en la construcci\u00f3n de nuestro edificio interior.<\/p>\n<p>Cuando alcanzamos un objetivo, esperamos una compensaci\u00f3n, en este instante se pone en pie la libertad personal: puedo decir que no o que s\u00ed, puedo aplazar\u2026<\/p>\n<p>Es un mil\u00edmetro, un segundo para pensar y decidir. \u00bfLo necesito ahora?<\/p>\n<p>En el \u00e1mbito de la perfecci\u00f3n alguien me dijo un d\u00eda <strong><em>\u00abLa obra de arte no se termina, se abandona\u00bb<\/em><\/strong><\/p>\n<p>Hoy la generaci\u00f3n de<\/p>\n<p>\u00a1la nevera siempre disponible!<\/p>\n<p>\u00a1De las marcas!<\/p>\n<p>\u00a1De la nocturnidad!<\/p>\n<p>\u00a1Del sexo indiscriminado!<\/p>\n<p>Una generaci\u00f3n del \u201cbuenismo\u201d que fomenta un estilo de vida -ser y hacer- \u201cextenso, blando y dulce\u201d que reblandece el coraz\u00f3n con relaciones epid\u00e9rmicas, oculta la grandeza a la que hemos sido llamados.<\/p>\n<h3><strong>\u00a0\u00bfC\u00f3mo ense\u00f1ar a nuestros hijos a conducir su propio coche?<\/strong><\/h3>\n<p>Tu hijo ser\u00e1 feliz si es capaz de amar y <strong><em>un voraz<\/em><\/strong> no puede ser \u201calguien para alguien\u201d.<\/p>\n<p>Solo busca alimentarse, de cosas, personas\u2026<\/p>\n<p><strong><em>NO PUEDE ALIMENTAR. Es insaciable<\/em><\/strong><\/p>\n<p>Aprovecha el verano con tus hijos para lidiar con esa voracidad y no cambiar\u00e1 su vida por <strong>\u201cun plato de lentejas\u201d \u201cpor chucher\u00edas\u201d<\/strong><\/p>\n<p>Un ejemplo \u00fatil tomado de la Odisea de Homero<\/p>\n<p>(la recuerdas, la estudiaste)<\/p>\n<p>Ulises y las sirenas<\/p>\n<p>Ulises lo ten\u00eda claro. Su objetivo era volver a casa, y para lograrlo tuvo que atarse al m\u00e1stil para resistir el canto seductor de las sirenas.<\/p>\n<p>Nosotros tambi\u00e9n necesitamos un prop\u00f3sito. Porque quien no sabe a d\u00f3nde va, termina donde no quiere.<\/p>\n<p>Y m\u00e1s a\u00fan, necesitamos una estrategia:<\/p>\n<p>Un l\u00edmite que nos preserve<\/p>\n<p>Un m\u00e1stil que nos ancle<\/p>\n<p>Unos amigos que compartan el mismo deseo de llegar<\/p>\n<p>Un destino com\u00fan<\/p>\n<p><strong><em>\u00a0\u00a0\u00a0\u00a0\u00a0\u00a0\u00a0\u00a0\u00a0\u00a0\u00a0\u00a0\u00a0\u00a0\u00a0\u00a0\u00a0\u00a0\u00a0\u00a0\u00a0\u00a0\u00a0\u00a0\u00a0\u00a0\u00a0\u00a0\u00a0\u00a0\u00a0\u00a0\u00a0\u00a0\u00a0\u00a0\u00a0\u00a0\u00a0\u00a0\u00a0\u00a0\u00a0\u00a0\u00a0\u00a0\u00a0\u00a0\u00a0\u00a0\u00a0 Licencia para vivir <\/em><\/strong><\/p>\n<p><strong><em>\u00a0\u00a0\u00a0\u00a0\u00a0\u00a0\u00a0\u00a0\u00a0\u00a0\u00a0\u00a0\u00a0\u00a0\u00a0\u00a0\u00a0\u00a0\u00a0\u00a0\u00a0\u00a0\u00a0\u00a0\u00a0\u00a0\u00a0\u00a0\u00a0\u00a0\u00a0\u00a0\u00a0\u00a0\u00a0\u00a0\u00a0\u00a0\u00a0\u00a0\u00a0\u00a0\u00a0\u00a0\u00a0\u00a0\u00a0\u00a0\u00a0\u00a0\u00a0 Un vuelo cerca del sol<\/em><\/strong><\/p>\n<p>&nbsp;<\/p>\n<p><strong>#libertad<\/strong><\/p>\n<p><strong>#se\u00f1or\u00edo<\/strong><\/p>\n<p><strong>#autogobierno<\/strong><\/p>\n<p><strong>#autodominio<\/strong><\/p>\n<p><iframe loading=\"lazy\" title=\"LA PRUEBA DEL MALVAVISCO SUBTITULADA\" width=\"500\" height=\"281\" src=\"https:\/\/www.youtube.com\/embed\/bdYcgb0-nsA?feature=oembed\" frameborder=\"0\" allow=\"accelerometer; autoplay; clipboard-write; encrypted-media; gyroscope; picture-in-picture; web-share\" referrerpolicy=\"strict-origin-when-cross-origin\" allowfullscreen><\/iframe><\/p>\n<p><img loading=\"lazy\" decoding=\"async\" class=\"size-full wp-image-130263 alignnone\" src=\"https:\/\/exaudi.org\/wp-content\/uploads\/2025\/07\/Rosa-Montenegro-2.jpg\" alt=\"\" width=\"940\" height=\"788\" srcset=\"https:\/\/exaudi.org\/wp-content\/uploads\/2025\/07\/Rosa-Montenegro-2.jpg 940w, https:\/\/exaudi.org\/wp-content\/uploads\/2025\/07\/Rosa-Montenegro-2-300x251.jpg 300w, https:\/\/exaudi.org\/wp-content\/uploads\/2025\/07\/Rosa-Montenegro-2-770x645.jpg 770w, https:\/\/exaudi.org\/wp-content\/uploads\/2025\/07\/Rosa-Montenegro-2-500x419.jpg 500w\" sizes=\"auto, (max-width: 940px) 100vw, 940px\" \/><\/p>\n","protected":false},"excerpt":{"rendered":"<p>Licencia para vivir (o para morir)<\/p>\n","protected":false},"author":164,"featured_media":130260,"comment_status":"closed","ping_status":"closed","sticky":false,"template":"","format":"standard","meta":{"_acf_changed":false,"_crdt_document":"","inline_featured_image":false,"footnotes":""},"categories":[130],"tags":[15877,1761,67255,67256,67254,9689,67263,16400,67262,2470,7236,67257,27133,67259,9688,617,4625,48012,67253,1542,9966,48564,1196,16337,34276,463,63637,65852,13648,8676,67261,51638,11783,24309,4953,67260,3151,7218,3152,11092,38146,67258],"class_list":["post-130259","post","type-post","status-publish","format-standard","has-post-thumbnail","hentry","category-voces","tag-adiccion","tag-amor","tag-autodominio","tag-autogobierno","tag-chucherias","tag-consumo","tag-control-de-impulsos","tag-crecimiento-personal","tag-cultura-del-deseo","tag-descanso","tag-deseo","tag-educacion-en-virtudes","tag-educacion-familiar","tag-entrenamiento","tag-estilo-de-vida","tag-familia","tag-felicidad","tag-gula","tag-helados","tag-libertad","tag-limites","tag-moderacion","tag-ninos","tag-odisea","tag-proposito","tag-redes-sociales","tag-rosa-montenegro","tag-senorio","tag-sentido-de-vida","tag-silencio","tag-sirenas","tag-sobriedad","tag-tecnologia-2","tag-templanza","tag-trending-es","tag-ulises","tag-vacaciones","tag-valores","tag-verano","tag-vida-interior","tag-virtudes-humanas","tag-voracidad"],"acf":[],"yoast_head":"<!-- This site is optimized with the Yoast SEO plugin v27.4 - https:\/\/yoast.com\/product\/yoast-seo-wordpress\/ -->\n<title>Helados y otras \u201cchucher\u00edas\u201d &#8211; Exaudi<\/title>\n<meta name=\"robots\" content=\"index, follow, max-snippet:-1, max-image-preview:large, max-video-preview:-1\" \/>\n<link rel=\"canonical\" href=\"https:\/\/exaudi.org\/es\/helados-y-otras-chucherias\/\" \/>\n<meta property=\"og:locale\" content=\"es_ES\" \/>\n<meta property=\"og:type\" content=\"article\" \/>\n<meta property=\"og:title\" content=\"Helados y otras \u201cchucher\u00edas\u201d &#8211; Exaudi\" \/>\n<meta property=\"og:description\" content=\"Licencia para vivir (o para morir)\" \/>\n<meta property=\"og:url\" content=\"https:\/\/exaudi.org\/es\/helados-y-otras-chucherias\/\" \/>\n<meta property=\"og:site_name\" content=\"Exaudi\" \/>\n<meta property=\"article:publisher\" content=\"https:\/\/www.facebook.com\/ExaudiNews\" \/>\n<meta property=\"article:author\" content=\"https:\/\/www.facebook.com\/metaforasenrosa\/\" \/>\n<meta property=\"article:published_time\" content=\"2025-07-21T06:30:25+00:00\" \/>\n<meta property=\"article:modified_time\" content=\"2025-07-21T07:36:32+00:00\" \/>\n<meta property=\"og:image\" content=\"https:\/\/exaudi.org\/wp-content\/uploads\/2025\/07\/pexels-kindelmedia-8093182-scaled.jpg\" \/>\n\t<meta property=\"og:image:width\" content=\"2560\" \/>\n\t<meta property=\"og:image:height\" content=\"1920\" \/>\n\t<meta property=\"og:image:type\" content=\"image\/jpeg\" \/>\n<meta name=\"author\" content=\"Rosa Montenegro\" \/>\n<meta name=\"twitter:card\" content=\"summary_large_image\" \/>\n<meta name=\"twitter:creator\" content=\"@coachingalicia\" \/>\n<meta name=\"twitter:site\" content=\"@Exaudi_News\" \/>\n<meta name=\"twitter:label1\" content=\"Escrito por\" \/>\n\t<meta name=\"twitter:data1\" content=\"Rosa Montenegro\" \/>\n\t<meta name=\"twitter:label2\" content=\"Tiempo de lectura\" \/>\n\t<meta name=\"twitter:data2\" content=\"5 minutos\" \/>\n<script type=\"application\/ld+json\" class=\"yoast-schema-graph\">{\"@context\":\"https:\\\/\\\/schema.org\",\"@graph\":[{\"@type\":\"Article\",\"@id\":\"https:\\\/\\\/exaudi.org\\\/es\\\/helados-y-otras-chucherias\\\/#article\",\"isPartOf\":{\"@id\":\"https:\\\/\\\/exaudi.org\\\/es\\\/helados-y-otras-chucherias\\\/\"},\"author\":{\"name\":\"Rosa Montenegro\",\"@id\":\"https:\\\/\\\/exaudi.org\\\/#\\\/schema\\\/person\\\/85388ea135d433877a2634f921d5567c\"},\"headline\":\"Helados y otras \u201cchucher\u00edas\u201d\",\"datePublished\":\"2025-07-21T06:30:25+00:00\",\"dateModified\":\"2025-07-21T07:36:32+00:00\",\"mainEntityOfPage\":{\"@id\":\"https:\\\/\\\/exaudi.org\\\/es\\\/helados-y-otras-chucherias\\\/\"},\"wordCount\":982,\"image\":{\"@id\":\"https:\\\/\\\/exaudi.org\\\/es\\\/helados-y-otras-chucherias\\\/#primaryimage\"},\"thumbnailUrl\":\"https:\\\/\\\/exaudi.org\\\/wp-content\\\/uploads\\\/2025\\\/07\\\/pexels-kindelmedia-8093182-scaled.jpg\",\"keywords\":[\"adicci\u00f3n\",\"Amor\",\"autodominio\",\"autogobierno\",\"chucher\u00edas\",\"consumo\",\"control de impulsos\",\"crecimiento personal\",\"cultura del deseo\",\"Descanso\",\"Deseo\",\"educaci\u00f3n en virtudes\",\"Educaci\u00f3n familiar\",\"entrenamiento\",\"Estilo de vida\",\"Familia\",\"Felicidad\",\"gula\",\"helados\",\"Libertad\",\"L\u00edmites\",\"moderaci\u00f3n\",\"Ni\u00f1os\",\"Odisea\",\"prop\u00f3sito\",\"Redes sociales\",\"Rosa Montenegro\",\"se\u00f1or\u00edo\",\"Sentido de vida\",\"Silencio\",\"sirenas\",\"Sobriedad\",\"Tecnolog\u00eda\",\"templanza\",\"Trending\",\"Ulises\",\"Vacaciones\",\"Valores\",\"Verano\",\"Vida Interior\",\"virtudes humanas\",\"voracidad\"],\"articleSection\":[\"Voces\"],\"inLanguage\":\"es\"},{\"@type\":\"WebPage\",\"@id\":\"https:\\\/\\\/exaudi.org\\\/es\\\/helados-y-otras-chucherias\\\/\",\"url\":\"https:\\\/\\\/exaudi.org\\\/es\\\/helados-y-otras-chucherias\\\/\",\"name\":\"Helados y otras \u201cchucher\u00edas\u201d &#8211; Exaudi\",\"isPartOf\":{\"@id\":\"https:\\\/\\\/exaudi.org\\\/#website\"},\"primaryImageOfPage\":{\"@id\":\"https:\\\/\\\/exaudi.org\\\/es\\\/helados-y-otras-chucherias\\\/#primaryimage\"},\"image\":{\"@id\":\"https:\\\/\\\/exaudi.org\\\/es\\\/helados-y-otras-chucherias\\\/#primaryimage\"},\"thumbnailUrl\":\"https:\\\/\\\/exaudi.org\\\/wp-content\\\/uploads\\\/2025\\\/07\\\/pexels-kindelmedia-8093182-scaled.jpg\",\"datePublished\":\"2025-07-21T06:30:25+00:00\",\"dateModified\":\"2025-07-21T07:36:32+00:00\",\"author\":{\"@id\":\"https:\\\/\\\/exaudi.org\\\/#\\\/schema\\\/person\\\/85388ea135d433877a2634f921d5567c\"},\"breadcrumb\":{\"@id\":\"https:\\\/\\\/exaudi.org\\\/es\\\/helados-y-otras-chucherias\\\/#breadcrumb\"},\"inLanguage\":\"es\",\"potentialAction\":[{\"@type\":\"ReadAction\",\"target\":[\"https:\\\/\\\/exaudi.org\\\/es\\\/helados-y-otras-chucherias\\\/\"]}]},{\"@type\":\"ImageObject\",\"inLanguage\":\"es\",\"@id\":\"https:\\\/\\\/exaudi.org\\\/es\\\/helados-y-otras-chucherias\\\/#primaryimage\",\"url\":\"https:\\\/\\\/exaudi.org\\\/wp-content\\\/uploads\\\/2025\\\/07\\\/pexels-kindelmedia-8093182-scaled.jpg\",\"contentUrl\":\"https:\\\/\\\/exaudi.org\\\/wp-content\\\/uploads\\\/2025\\\/07\\\/pexels-kindelmedia-8093182-scaled.jpg\",\"width\":2560,\"height\":1920},{\"@type\":\"BreadcrumbList\",\"@id\":\"https:\\\/\\\/exaudi.org\\\/es\\\/helados-y-otras-chucherias\\\/#breadcrumb\",\"itemListElement\":[{\"@type\":\"ListItem\",\"position\":1,\"name\":\"Portada\",\"item\":\"https:\\\/\\\/exaudi.org\\\/es\\\/\"},{\"@type\":\"ListItem\",\"position\":2,\"name\":\"Helados y otras \u201cchucher\u00edas\u201d\"}]},{\"@type\":\"WebSite\",\"@id\":\"https:\\\/\\\/exaudi.org\\\/#website\",\"url\":\"https:\\\/\\\/exaudi.org\\\/\",\"name\":\"Exaudi\",\"description\":\"News\",\"potentialAction\":[{\"@type\":\"SearchAction\",\"target\":{\"@type\":\"EntryPoint\",\"urlTemplate\":\"https:\\\/\\\/exaudi.org\\\/?s={search_term_string}\"},\"query-input\":{\"@type\":\"PropertyValueSpecification\",\"valueRequired\":true,\"valueName\":\"search_term_string\"}}],\"inLanguage\":\"es\"},{\"@type\":\"Person\",\"@id\":\"https:\\\/\\\/exaudi.org\\\/#\\\/schema\\\/person\\\/85388ea135d433877a2634f921d5567c\",\"name\":\"Rosa Montenegro\",\"image\":{\"@type\":\"ImageObject\",\"inLanguage\":\"es\",\"@id\":\"https:\\\/\\\/secure.gravatar.com\\\/avatar\\\/0fc49e154ba2f960002488bc6c90128a74660ddaabe7e2096076c8659f3d49fa?s=96&d=mm&r=g\",\"url\":\"https:\\\/\\\/secure.gravatar.com\\\/avatar\\\/0fc49e154ba2f960002488bc6c90128a74660ddaabe7e2096076c8659f3d49fa?s=96&d=mm&r=g\",\"contentUrl\":\"https:\\\/\\\/secure.gravatar.com\\\/avatar\\\/0fc49e154ba2f960002488bc6c90128a74660ddaabe7e2096076c8659f3d49fa?s=96&d=mm&r=g\",\"caption\":\"Rosa Montenegro\"},\"description\":\"Pedagoga, orientadora familiar (UNAV) y autora del libro \u201cEl yo y sus met\u00e1foras\u201d libro de antropolog\u00eda para gente sencilla. Con una extensa experiencia internacional en asesoramiento, formaci\u00f3n y coaching, acompa\u00f1a procesos de reconstrucci\u00f3n personal y promueve el fortalecimiento de la identidad desde un enfoque humanista y transformador.\",\"sameAs\":[\"https:\\\/\\\/metaforasenrosa.com\\\/\",\"https:\\\/\\\/www.facebook.com\\\/metaforasenrosa\\\/\",\"https:\\\/\\\/www.instagram.com\\\/metaforasenrosa\\\/\",\"https:\\\/\\\/x.com\\\/coachingalicia\"],\"url\":\"https:\\\/\\\/exaudi.org\\\/es\\\/author\\\/rosa-montenegro\\\/\"}]}<\/script>\n<!-- \/ Yoast SEO plugin. -->","yoast_head_json":{"title":"Helados y otras \u201cchucher\u00edas\u201d &#8211; Exaudi","robots":{"index":"index","follow":"follow","max-snippet":"max-snippet:-1","max-image-preview":"max-image-preview:large","max-video-preview":"max-video-preview:-1"},"canonical":"https:\/\/exaudi.org\/es\/helados-y-otras-chucherias\/","og_locale":"es_ES","og_type":"article","og_title":"Helados y otras \u201cchucher\u00edas\u201d &#8211; Exaudi","og_description":"Licencia para vivir (o para morir)","og_url":"https:\/\/exaudi.org\/es\/helados-y-otras-chucherias\/","og_site_name":"Exaudi","article_publisher":"https:\/\/www.facebook.com\/ExaudiNews","article_author":"https:\/\/www.facebook.com\/metaforasenrosa\/","article_published_time":"2025-07-21T06:30:25+00:00","article_modified_time":"2025-07-21T07:36:32+00:00","og_image":[{"width":2560,"height":1920,"url":"https:\/\/exaudi.org\/wp-content\/uploads\/2025\/07\/pexels-kindelmedia-8093182-scaled.jpg","type":"image\/jpeg"}],"author":"Rosa Montenegro","twitter_card":"summary_large_image","twitter_creator":"@coachingalicia","twitter_site":"@Exaudi_News","twitter_misc":{"Escrito por":"Rosa Montenegro","Tiempo de lectura":"5 minutos"},"schema":{"@context":"https:\/\/schema.org","@graph":[{"@type":"Article","@id":"https:\/\/exaudi.org\/es\/helados-y-otras-chucherias\/#article","isPartOf":{"@id":"https:\/\/exaudi.org\/es\/helados-y-otras-chucherias\/"},"author":{"name":"Rosa Montenegro","@id":"https:\/\/exaudi.org\/#\/schema\/person\/85388ea135d433877a2634f921d5567c"},"headline":"Helados y otras \u201cchucher\u00edas\u201d","datePublished":"2025-07-21T06:30:25+00:00","dateModified":"2025-07-21T07:36:32+00:00","mainEntityOfPage":{"@id":"https:\/\/exaudi.org\/es\/helados-y-otras-chucherias\/"},"wordCount":982,"image":{"@id":"https:\/\/exaudi.org\/es\/helados-y-otras-chucherias\/#primaryimage"},"thumbnailUrl":"https:\/\/exaudi.org\/wp-content\/uploads\/2025\/07\/pexels-kindelmedia-8093182-scaled.jpg","keywords":["adicci\u00f3n","Amor","autodominio","autogobierno","chucher\u00edas","consumo","control de impulsos","crecimiento personal","cultura del deseo","Descanso","Deseo","educaci\u00f3n en virtudes","Educaci\u00f3n familiar","entrenamiento","Estilo de vida","Familia","Felicidad","gula","helados","Libertad","L\u00edmites","moderaci\u00f3n","Ni\u00f1os","Odisea","prop\u00f3sito","Redes sociales","Rosa Montenegro","se\u00f1or\u00edo","Sentido de vida","Silencio","sirenas","Sobriedad","Tecnolog\u00eda","templanza","Trending","Ulises","Vacaciones","Valores","Verano","Vida Interior","virtudes humanas","voracidad"],"articleSection":["Voces"],"inLanguage":"es"},{"@type":"WebPage","@id":"https:\/\/exaudi.org\/es\/helados-y-otras-chucherias\/","url":"https:\/\/exaudi.org\/es\/helados-y-otras-chucherias\/","name":"Helados y otras \u201cchucher\u00edas\u201d &#8211; Exaudi","isPartOf":{"@id":"https:\/\/exaudi.org\/#website"},"primaryImageOfPage":{"@id":"https:\/\/exaudi.org\/es\/helados-y-otras-chucherias\/#primaryimage"},"image":{"@id":"https:\/\/exaudi.org\/es\/helados-y-otras-chucherias\/#primaryimage"},"thumbnailUrl":"https:\/\/exaudi.org\/wp-content\/uploads\/2025\/07\/pexels-kindelmedia-8093182-scaled.jpg","datePublished":"2025-07-21T06:30:25+00:00","dateModified":"2025-07-21T07:36:32+00:00","author":{"@id":"https:\/\/exaudi.org\/#\/schema\/person\/85388ea135d433877a2634f921d5567c"},"breadcrumb":{"@id":"https:\/\/exaudi.org\/es\/helados-y-otras-chucherias\/#breadcrumb"},"inLanguage":"es","potentialAction":[{"@type":"ReadAction","target":["https:\/\/exaudi.org\/es\/helados-y-otras-chucherias\/"]}]},{"@type":"ImageObject","inLanguage":"es","@id":"https:\/\/exaudi.org\/es\/helados-y-otras-chucherias\/#primaryimage","url":"https:\/\/exaudi.org\/wp-content\/uploads\/2025\/07\/pexels-kindelmedia-8093182-scaled.jpg","contentUrl":"https:\/\/exaudi.org\/wp-content\/uploads\/2025\/07\/pexels-kindelmedia-8093182-scaled.jpg","width":2560,"height":1920},{"@type":"BreadcrumbList","@id":"https:\/\/exaudi.org\/es\/helados-y-otras-chucherias\/#breadcrumb","itemListElement":[{"@type":"ListItem","position":1,"name":"Portada","item":"https:\/\/exaudi.org\/es\/"},{"@type":"ListItem","position":2,"name":"Helados y otras \u201cchucher\u00edas\u201d"}]},{"@type":"WebSite","@id":"https:\/\/exaudi.org\/#website","url":"https:\/\/exaudi.org\/","name":"Exaudi","description":"News","potentialAction":[{"@type":"SearchAction","target":{"@type":"EntryPoint","urlTemplate":"https:\/\/exaudi.org\/?s={search_term_string}"},"query-input":{"@type":"PropertyValueSpecification","valueRequired":true,"valueName":"search_term_string"}}],"inLanguage":"es"},{"@type":"Person","@id":"https:\/\/exaudi.org\/#\/schema\/person\/85388ea135d433877a2634f921d5567c","name":"Rosa Montenegro","image":{"@type":"ImageObject","inLanguage":"es","@id":"https:\/\/secure.gravatar.com\/avatar\/0fc49e154ba2f960002488bc6c90128a74660ddaabe7e2096076c8659f3d49fa?s=96&d=mm&r=g","url":"https:\/\/secure.gravatar.com\/avatar\/0fc49e154ba2f960002488bc6c90128a74660ddaabe7e2096076c8659f3d49fa?s=96&d=mm&r=g","contentUrl":"https:\/\/secure.gravatar.com\/avatar\/0fc49e154ba2f960002488bc6c90128a74660ddaabe7e2096076c8659f3d49fa?s=96&d=mm&r=g","caption":"Rosa Montenegro"},"description":"Pedagoga, orientadora familiar (UNAV) y autora del libro \u201cEl yo y sus met\u00e1foras\u201d libro de antropolog\u00eda para gente sencilla. Con una extensa experiencia internacional en asesoramiento, formaci\u00f3n y coaching, acompa\u00f1a procesos de reconstrucci\u00f3n personal y promueve el fortalecimiento de la identidad desde un enfoque humanista y transformador.","sameAs":["https:\/\/metaforasenrosa.com\/","https:\/\/www.facebook.com\/metaforasenrosa\/","https:\/\/www.instagram.com\/metaforasenrosa\/","https:\/\/x.com\/coachingalicia"],"url":"https:\/\/exaudi.org\/es\/author\/rosa-montenegro\/"}]}},"jetpack_featured_media_url":"https:\/\/exaudi.org\/wp-content\/uploads\/2025\/07\/pexels-kindelmedia-8093182-scaled.jpg","jetpack_shortlink":"https:\/\/wp.me\/pgKjF2-xSX","_links":{"self":[{"href":"https:\/\/exaudi.org\/es\/wp-json\/wp\/v2\/posts\/130259","targetHints":{"allow":["GET"]}}],"collection":[{"href":"https:\/\/exaudi.org\/es\/wp-json\/wp\/v2\/posts"}],"about":[{"href":"https:\/\/exaudi.org\/es\/wp-json\/wp\/v2\/types\/post"}],"author":[{"embeddable":true,"href":"https:\/\/exaudi.org\/es\/wp-json\/wp\/v2\/users\/164"}],"replies":[{"embeddable":true,"href":"https:\/\/exaudi.org\/es\/wp-json\/wp\/v2\/comments?post=130259"}],"version-history":[{"count":1,"href":"https:\/\/exaudi.org\/es\/wp-json\/wp\/v2\/posts\/130259\/revisions"}],"predecessor-version":[{"id":130266,"href":"https:\/\/exaudi.org\/es\/wp-json\/wp\/v2\/posts\/130259\/revisions\/130266"}],"wp:featuredmedia":[{"embeddable":true,"href":"https:\/\/exaudi.org\/es\/wp-json\/wp\/v2\/media\/130260"}],"wp:attachment":[{"href":"https:\/\/exaudi.org\/es\/wp-json\/wp\/v2\/media?parent=130259"}],"wp:term":[{"taxonomy":"category","embeddable":true,"href":"https:\/\/exaudi.org\/es\/wp-json\/wp\/v2\/categories?post=130259"},{"taxonomy":"post_tag","embeddable":true,"href":"https:\/\/exaudi.org\/es\/wp-json\/wp\/v2\/tags?post=130259"}],"curies":[{"name":"wp","href":"https:\/\/api.w.org\/{rel}","templated":true}]}}