{"id":130070,"date":"2025-07-16T10:18:22","date_gmt":"2025-07-16T08:18:22","guid":{"rendered":"https:\/\/exaudi.org\/?p=130070"},"modified":"2025-07-16T10:25:34","modified_gmt":"2025-07-16T08:25:34","slug":"cardenal-arizmendi-muy-catolicas-pero","status":"publish","type":"post","link":"https:\/\/exaudi.org\/es\/cardenal-arizmendi-muy-catolicas-pero\/","title":{"rendered":"Cardenal Arizmendi: Muy cat\u00f3licas, pero&#8230;"},"content":{"rendered":"<p>El <a href=\"https:\/\/exaudi.org\/es\/author\/felipearizmendi\/\">cardenal Felipe Arizmendi<\/a>, obispo em\u00e9rito de San Crist\u00f3bal de Las Casas y responsable de la Doctrina de la Fe en la <a href=\"https:\/\/www.cem.org.mx\/\">Conferencia del Episcopado Mexicano (CEM)<\/a>, ofrece a los lectores de Exaudi su art\u00edculo semanal.<\/p>\n<h3><strong>HECHOS<\/strong><\/h3>\n<p>En d\u00edas pasados, celebr\u00e9 la Primera Comuni\u00f3n de varios ni\u00f1os y ni\u00f1as. Antes de la Misa, el p\u00e1rroco me dijo que, entre ellos, estaba la hija del l\u00edder local del grupo armado dedicado a la extorsi\u00f3n, quien ya no vive en la comunidad, pero su hija particip\u00f3 en la catequesis parroquial. El pap\u00e1 no estuvo en la celebraci\u00f3n. Hasta all\u00ed, nada preocupante. En la homil\u00eda y en la oraci\u00f3n de los fieles, hice alguna breve alusi\u00f3n a que Dios no est\u00e1 de acuerdo con el abuso de las armas. Al t\u00e9rmino de la celebraci\u00f3n, el p\u00e1rroco se dio cuenta de que el padrino de la ni\u00f1a era el l\u00edder municipal de dicho grupo armado, y lo m\u00e1s grave, que estuvo en la Misa con su arma corta al cinto. No sabemos si antes se confes\u00f3 en otra parte y si recibi\u00f3 la Comuni\u00f3n. Adem\u00e1s, despu\u00e9s de la Misa me platicaron que, durante la celebraci\u00f3n, estuvieron en las puertas del atrio parroquial dos camionetas con j\u00f3venes con armas largas, quiz\u00e1 para proteger a su l\u00edder\u2026<\/p>\n<p>Algo semejante pasa en algunas celebraciones religiosas. Esos criminales participan en ellas, pero siguen extorsionando a todo mundo, incluso asesinan y levantan a quien no se somete a sus \u00f3rdenes. Son la nueva autoridad en nuestros territorios. Hay di\u00f3cesis donde levantan a un sacerdote y lo obligan a que vaya a alg\u00fan lugar de la monta\u00f1a a celebrar un bautismo, unos quince a\u00f1os o una boda, sin seguir todos los procedimientos normales para estos casos. Algunos obispos han dicho a los sacerdotes que no se pueden resistir violentamente y que vayan y celebren lo que se les pide, pero que hagan muy larga la celebraci\u00f3n, supliendo de esa manera las catequesis presacramentales que no han recibido. Hay ocasiones en que los sacerdotes piden a los que llevan armas que las dejen en la sacrist\u00eda o en otro lugar de la parroquia, mientras es la celebraci\u00f3n; despu\u00e9s, las vuelven a llevar, como acostumbran. La mayor\u00eda de estos grupos son cat\u00f3licos y llevan alg\u00fan escapulario u otra imagen religiosa, pero no viven conforme a nuestra fe. Muy cat\u00f3licos, pero a su manera. \u00a1Eso no es verdadero catolicismo!<\/p>\n<p>Algunas instituciones de nuestro episcopado, con ayuda de la Universidad Pontificia de M\u00e9xico, han impartido unas charlas a sacerdotes para que sepan c\u00f3mo dialogar, no negociar, con esos grupos criminales. Yo he hablado con dos l\u00edderes de mi regi\u00f3n, e intento hacerlo con otro, no para negociar intereses personales, sino para invitarles a cambiar de vida y para que respeten a las personas y a nuestros pueblos. No podemos quedarnos s\u00f3lo en lamentos y en cr\u00edticas a las autoridades que no hacen lo suficiente para detener el crimen de la extorsi\u00f3n.<\/p>\n<p>Esto no pasa s\u00f3lo con grupos armados. En cualquier celebraci\u00f3n, por ejemplo del Bautismo o de la Confirmaci\u00f3n, en que pap\u00e1s y padrinos se comprometen a renunciar a las obras del demonio y mantenerse firmes en la fe cat\u00f3lica, al terminar el rito hacen grandes fiestas con borracheras que la costumbre considera como normales, siendo que son contrarias a la fe. O siguen viviendo en su vida ordinaria como si no fueran creyentes.<\/p>\n<h3><strong>ILUMINACI\u00d3N<\/strong><\/h3>\n<p>El Papa Le\u00f3n XIV, en diversos momentos, nos ha dicho: \u201cLa Iglesia y el mundo no necesitan personas que cumplen con sus deberes religiosos mostrando su fe como una etiqueta exterior; necesitan, en cambio, obreros deseosos de trabajar en el campo de la misi\u00f3n, disc\u00edpulos enamorados que den testimonio del Reino de Dios dondequiera que se encuentren. Quiz\u00e1s no falten los \u2018cristianos de ocasi\u00f3n\u2019, que de vez en cuando dan cabida a alg\u00fan buen sentimiento religioso o participan en alg\u00fan evento; pero son pocos los que est\u00e1n dispuestos a trabajar cada d\u00eda en el campo de Dios, cultivando en su coraz\u00f3n la semilla del Evangelio para luego llevarla a la vida cotidiana, a la familia, a los lugares de trabajo y de estudio, a los diversos entornos sociales y a quienes se encuentran en necesidad. Para hacer esto no se necesitan demasiadas ideas te\u00f3ricas sobre conceptos pastorales; se necesita, sobre todo, rezar al due\u00f1o de la mies. En primer lugar, pues, est\u00e1 la relaci\u00f3n con el Se\u00f1or, cultivar el di\u00e1logo con \u00c9l. Entonces \u00c9l nos convertir\u00e1 en sus obreros y nos enviar\u00e1 al campo del mundo como testigos de su Reino\u201d (6-VII-2025).<\/p>\n<p>La par\u00e1bola del buen samaritano \u201csigue desafi\u00e1ndonos tambi\u00e9n hoy, interpela nuestra vida, sacude la tranquilidad de nuestras conciencias adormecidas o distra\u00eddas y nos provoca contra el riesgo de una fe acomodada, ordenada en la observancia exterior de la ley, pero incapaz de sentir y actuar con las mismas entra\u00f1as compasivas de Dios. La compasi\u00f3n, en efecto, est\u00e1 en el centro de la par\u00e1bola.<\/p>\n<p>La par\u00e1bola nos desaf\u00eda tambi\u00e9n a cada uno de nosotros, por el hecho de que Cristo es manifestaci\u00f3n de un Dios compasivo. Creer en \u00c9l y seguirlo como sus disc\u00edpulos significa dejarse transformar para que tambi\u00e9n nosotros podamos tener sus mismos sentimientos; un coraz\u00f3n que se conmueve, una mirada que ve y no pasa de largo, dos manos que socorren y alivian las heridas, los hombros fuertes que se hacen cargo de quien tiene necesidad.<\/p>\n<p>Obedecer a los mandamientos del Se\u00f1or y convertirse a \u00c9l no significa multiplicar actos exteriores, sino, al contrario, se trata de volver al propio coraz\u00f3n para descubrir que precisamente all\u00ed Dios ha escrito su ley del amor. Si en lo \u00edntimo de nuestra vida descubrimos que Cristo, como buen samaritano, nos ama y se hace cargo de nosotros, tambi\u00e9n nosotros somos impulsados a amar del mismo modo y seremos compasivos como \u00c9l. Sanados y amados por Cristo, nos convertimos tambi\u00e9n nosotros en signos de su amor y de su compasi\u00f3n en el mundo. Esto nos hace pr\u00f3jimos los unos de los otros, genera una aut\u00e9ntica fraternidad, derriba muros y vallas. Y finalmente el amor se abre camino, volvi\u00e9ndose m\u00e1s fuerte que el mal y que la muerte\u201d (13-VII-2025).<\/p>\n<h3><strong>ACCIONES<\/strong><\/h3>\n<p>Tratemos de ser coherentes con nuestra fe cat\u00f3lica. Si decimos creer en Dios y estar dispuestos a vivir conforme a sus mandamientos, am\u00e9moslo a El con todo el coraz\u00f3n y am\u00e9monos unos a otros, procurando siempre el bien de los dem\u00e1s, sin hacerles da\u00f1o.<\/p>\n<p><img loading=\"lazy\" decoding=\"async\" class=\"size-full wp-image-130075 alignnone\" src=\"https:\/\/exaudi.org\/wp-content\/uploads\/2025\/07\/Arizmendi-2.jpg\" alt=\"\" width=\"1080\" height=\"1080\" srcset=\"https:\/\/exaudi.org\/wp-content\/uploads\/2025\/07\/Arizmendi-2.jpg 1080w, https:\/\/exaudi.org\/wp-content\/uploads\/2025\/07\/Arizmendi-2-300x300.jpg 300w, https:\/\/exaudi.org\/wp-content\/uploads\/2025\/07\/Arizmendi-2-1024x1024.jpg 1024w, https:\/\/exaudi.org\/wp-content\/uploads\/2025\/07\/Arizmendi-2-100x100.jpg?crop=1 100w, https:\/\/exaudi.org\/wp-content\/uploads\/2025\/07\/Arizmendi-2-770x770.jpg 770w, https:\/\/exaudi.org\/wp-content\/uploads\/2025\/07\/Arizmendi-2-500x500.jpg 500w\" sizes=\"auto, (max-width: 1080px) 100vw, 1080px\" \/><\/p>\n","protected":false},"excerpt":{"rendered":"<p>Cuando la fe se usa como apariencia, pero no transforma la vida<\/p>\n","protected":false},"author":24,"featured_media":130072,"comment_status":"closed","ping_status":"closed","sticky":false,"template":"","format":"standard","meta":{"_acf_changed":false,"_crdt_document":"","inline_featured_image":false,"footnotes":""},"categories":[130],"tags":[3727,66975,4441,66978,32366,587,66982,66108,9585,66979,66981,36791,64449,2419,66976,17346,66977,66974,58111,66980,26147,23044],"class_list":["post-130070","post","type-post","status-publish","format-standard","has-post-thumbnail","hentry","category-voces","tag-cardenal-felipe-arizmendi","tag-catolicismo-y-crimen","tag-catolicos","tag-catolicos-y-extorsion","tag-compasion-cristiana","tag-conferencia-del-episcopado-mexicano","tag-conversion-verdadera","tag-cristianos-de-ocasion","tag-doctrina-de-la-fe","tag-escapularios-y-armas","tag-evangelizacion-y-coherencia","tag-fe-autentica","tag-fe-y-violencia","tag-featured","tag-grupos-armados-mexico","tag-iglesia-catolica-mexico","tag-incoherencia-religiosa","tag-muy-catolicas-pero","tag-papa-leon-xiv","tag-pastoral-en-zonas-violentas","tag-primera-comunion","tag-testimonio-cristiano"],"acf":[],"yoast_head":"<!-- This site is optimized with the Yoast SEO plugin v27.5 - https:\/\/yoast.com\/product\/yoast-seo-wordpress\/ -->\n<title>Cardenal Arizmendi: Muy cat\u00f3licas, pero... &#8211; Exaudi<\/title>\n<meta name=\"robots\" content=\"index, follow, max-snippet:-1, max-image-preview:large, max-video-preview:-1\" \/>\n<link rel=\"canonical\" href=\"https:\/\/exaudi.org\/es\/cardenal-arizmendi-muy-catolicas-pero\/\" \/>\n<meta property=\"og:locale\" content=\"es_ES\" \/>\n<meta property=\"og:type\" content=\"article\" \/>\n<meta property=\"og:title\" content=\"Cardenal Arizmendi: Muy cat\u00f3licas, pero... &#8211; Exaudi\" \/>\n<meta property=\"og:description\" content=\"Cuando la fe se usa como apariencia, pero no transforma la vida\" \/>\n<meta property=\"og:url\" content=\"https:\/\/exaudi.org\/es\/cardenal-arizmendi-muy-catolicas-pero\/\" \/>\n<meta property=\"og:site_name\" content=\"Exaudi\" \/>\n<meta property=\"article:publisher\" content=\"https:\/\/www.facebook.com\/ExaudiNews\" \/>\n<meta property=\"article:published_time\" content=\"2025-07-16T08:18:22+00:00\" \/>\n<meta property=\"article:modified_time\" content=\"2025-07-16T08:25:34+00:00\" \/>\n<meta property=\"og:image\" content=\"https:\/\/exaudi.org\/wp-content\/uploads\/2025\/07\/pexels-pawel-l-435199-1245055-scaled.jpg\" \/>\n\t<meta property=\"og:image:width\" content=\"2560\" \/>\n\t<meta property=\"og:image:height\" content=\"1707\" \/>\n\t<meta property=\"og:image:type\" content=\"image\/jpeg\" \/>\n<meta name=\"author\" content=\"Cardenal Felipe Arizmendi\" \/>\n<meta name=\"twitter:card\" content=\"summary_large_image\" \/>\n<meta name=\"twitter:creator\" content=\"@Exaudi_News\" \/>\n<meta name=\"twitter:site\" content=\"@Exaudi_News\" \/>\n<meta name=\"twitter:label1\" content=\"Escrito por\" \/>\n\t<meta name=\"twitter:data1\" content=\"Cardenal Felipe Arizmendi\" \/>\n\t<meta name=\"twitter:label2\" content=\"Tiempo de lectura\" \/>\n\t<meta name=\"twitter:data2\" content=\"6 minutos\" \/>\n<script type=\"application\/ld+json\" class=\"yoast-schema-graph\">{\"@context\":\"https:\\\/\\\/schema.org\",\"@graph\":[{\"@type\":\"Article\",\"@id\":\"https:\\\/\\\/exaudi.org\\\/es\\\/cardenal-arizmendi-muy-catolicas-pero\\\/#article\",\"isPartOf\":{\"@id\":\"https:\\\/\\\/exaudi.org\\\/es\\\/cardenal-arizmendi-muy-catolicas-pero\\\/\"},\"author\":{\"name\":\"Cardenal Felipe Arizmendi\",\"@id\":\"https:\\\/\\\/exaudi.org\\\/#\\\/schema\\\/person\\\/c7d223f87e58f1105d044d8da1439102\"},\"headline\":\"Cardenal Arizmendi: Muy cat\u00f3licas, pero&#8230;\",\"datePublished\":\"2025-07-16T08:18:22+00:00\",\"dateModified\":\"2025-07-16T08:25:34+00:00\",\"mainEntityOfPage\":{\"@id\":\"https:\\\/\\\/exaudi.org\\\/es\\\/cardenal-arizmendi-muy-catolicas-pero\\\/\"},\"wordCount\":1165,\"image\":{\"@id\":\"https:\\\/\\\/exaudi.org\\\/es\\\/cardenal-arizmendi-muy-catolicas-pero\\\/#primaryimage\"},\"thumbnailUrl\":\"https:\\\/\\\/exaudi.org\\\/wp-content\\\/uploads\\\/2025\\\/07\\\/pexels-pawel-l-435199-1245055-scaled.jpg\",\"keywords\":[\"Cardenal Felipe Arizmendi\",\"catolicismo y crimen\",\"Cat\u00f3licos\",\"cat\u00f3licos y extorsi\u00f3n\",\"compasi\u00f3n cristiana\",\"Conferencia del episcopado mexicano\",\"conversi\u00f3n verdadera\",\"cristianos de ocasi\u00f3n\",\"Doctrina de la Fe\",\"escapularios y armas\",\"evangelizaci\u00f3n y coherencia\",\"fe aut\u00e9ntica\",\"fe y violencia\",\"Featured\",\"grupos armados M\u00e9xico\",\"Iglesia cat\u00f3lica M\u00e9xico\",\"incoherencia religiosa\",\"muy cat\u00f3licas pero\",\"papa le\u00f3n xiv\",\"pastoral en zonas violentas\",\"primera comuni\u00f3n\",\"testimonio cristiano\"],\"articleSection\":[\"Voces\"],\"inLanguage\":\"es\"},{\"@type\":\"WebPage\",\"@id\":\"https:\\\/\\\/exaudi.org\\\/es\\\/cardenal-arizmendi-muy-catolicas-pero\\\/\",\"url\":\"https:\\\/\\\/exaudi.org\\\/es\\\/cardenal-arizmendi-muy-catolicas-pero\\\/\",\"name\":\"Cardenal Arizmendi: Muy cat\u00f3licas, pero... &#8211; Exaudi\",\"isPartOf\":{\"@id\":\"https:\\\/\\\/exaudi.org\\\/#website\"},\"primaryImageOfPage\":{\"@id\":\"https:\\\/\\\/exaudi.org\\\/es\\\/cardenal-arizmendi-muy-catolicas-pero\\\/#primaryimage\"},\"image\":{\"@id\":\"https:\\\/\\\/exaudi.org\\\/es\\\/cardenal-arizmendi-muy-catolicas-pero\\\/#primaryimage\"},\"thumbnailUrl\":\"https:\\\/\\\/exaudi.org\\\/wp-content\\\/uploads\\\/2025\\\/07\\\/pexels-pawel-l-435199-1245055-scaled.jpg\",\"datePublished\":\"2025-07-16T08:18:22+00:00\",\"dateModified\":\"2025-07-16T08:25:34+00:00\",\"author\":{\"@id\":\"https:\\\/\\\/exaudi.org\\\/#\\\/schema\\\/person\\\/c7d223f87e58f1105d044d8da1439102\"},\"breadcrumb\":{\"@id\":\"https:\\\/\\\/exaudi.org\\\/es\\\/cardenal-arizmendi-muy-catolicas-pero\\\/#breadcrumb\"},\"inLanguage\":\"es\",\"potentialAction\":[{\"@type\":\"ReadAction\",\"target\":[\"https:\\\/\\\/exaudi.org\\\/es\\\/cardenal-arizmendi-muy-catolicas-pero\\\/\"]}]},{\"@type\":\"ImageObject\",\"inLanguage\":\"es\",\"@id\":\"https:\\\/\\\/exaudi.org\\\/es\\\/cardenal-arizmendi-muy-catolicas-pero\\\/#primaryimage\",\"url\":\"https:\\\/\\\/exaudi.org\\\/wp-content\\\/uploads\\\/2025\\\/07\\\/pexels-pawel-l-435199-1245055-scaled.jpg\",\"contentUrl\":\"https:\\\/\\\/exaudi.org\\\/wp-content\\\/uploads\\\/2025\\\/07\\\/pexels-pawel-l-435199-1245055-scaled.jpg\",\"width\":2560,\"height\":1707},{\"@type\":\"BreadcrumbList\",\"@id\":\"https:\\\/\\\/exaudi.org\\\/es\\\/cardenal-arizmendi-muy-catolicas-pero\\\/#breadcrumb\",\"itemListElement\":[{\"@type\":\"ListItem\",\"position\":1,\"name\":\"Portada\",\"item\":\"https:\\\/\\\/exaudi.org\\\/es\\\/\"},{\"@type\":\"ListItem\",\"position\":2,\"name\":\"Cardenal Arizmendi: Muy cat\u00f3licas, pero&#8230;\"}]},{\"@type\":\"WebSite\",\"@id\":\"https:\\\/\\\/exaudi.org\\\/#website\",\"url\":\"https:\\\/\\\/exaudi.org\\\/\",\"name\":\"Exaudi\",\"description\":\"News\",\"potentialAction\":[{\"@type\":\"SearchAction\",\"target\":{\"@type\":\"EntryPoint\",\"urlTemplate\":\"https:\\\/\\\/exaudi.org\\\/?s={search_term_string}\"},\"query-input\":{\"@type\":\"PropertyValueSpecification\",\"valueRequired\":true,\"valueName\":\"search_term_string\"}}],\"inLanguage\":\"es\"},{\"@type\":\"Person\",\"@id\":\"https:\\\/\\\/exaudi.org\\\/#\\\/schema\\\/person\\\/c7d223f87e58f1105d044d8da1439102\",\"name\":\"Cardenal Felipe Arizmendi\",\"image\":{\"@type\":\"ImageObject\",\"inLanguage\":\"es\",\"@id\":\"https:\\\/\\\/secure.gravatar.com\\\/avatar\\\/4ffc5520d896b86d39346168903de33a17ef0f23d16de0ff45062c1ff422ed2f?s=96&d=mm&r=g\",\"url\":\"https:\\\/\\\/secure.gravatar.com\\\/avatar\\\/4ffc5520d896b86d39346168903de33a17ef0f23d16de0ff45062c1ff422ed2f?s=96&d=mm&r=g\",\"contentUrl\":\"https:\\\/\\\/secure.gravatar.com\\\/avatar\\\/4ffc5520d896b86d39346168903de33a17ef0f23d16de0ff45062c1ff422ed2f?s=96&d=mm&r=g\",\"caption\":\"Cardenal Felipe Arizmendi\"},\"description\":\"Nacido en Chiltepec el 1 de mayo de 1940. Estudi\u00f3 Humanidades y Filosof\u00eda en el Seminario de Toluca, de 1952 a 1959. Curs\u00f3 la Teolog\u00eda en la Universidad Pontificia de Salamanca, Espa\u00f1a, de 1959 a 1963, obteniendo la licenciatura en Teolog\u00eda Dogm\u00e1tica. Por su cuenta, se especializ\u00f3 en Liturgia. Fue ordenado sacerdote el 25 de agosto de 1963 en Toluca. Sirvi\u00f3 como Vicario Parroquial en tres parroquias por tres a\u00f1os y medio y fue p\u00e1rroco de una comunidad ind\u00edgena otom\u00ed, de 1967 a 1970. Fue Director Espiritual del Seminario de Toluca por diez a\u00f1os, y Rector del mismo de 1981 a 1991. El 7 de marzo de 1991, fue ordenado obispo de la di\u00f3cesis de Tapachula, donde estuvo hasta el 30 de abril del a\u00f1o 2000. El 1 de mayo del 2000, inici\u00f3 su ministerio episcopal como XLVI obispo de la di\u00f3cesis de San Crist\u00f3bal de las Casas, Chiapas, una de las di\u00f3cesis m\u00e1s antiguas de M\u00e9xico, erigida en 1539; all\u00ed sirvi\u00f3 por casi 18 a\u00f1os. Ha ocupado diversos cargos en la Conferencia del Episcopado Mexicano y en el CELAM. El 3 de noviembre de 2017, el Papa Francisco le acept\u00f3, por edad, su renuncia al servicio episcopal en esta di\u00f3cesis, que entreg\u00f3 a su sucesor el 3 de enero de 2018. Desde entonces, reside en la ciudad de Toluca. Desde 1979, escribe art\u00edculos de actualidad en varios medios religiosos y civiles. Es autor de varias publicaciones.\",\"url\":\"https:\\\/\\\/exaudi.org\\\/es\\\/author\\\/felipearizmendi\\\/\"}]}<\/script>\n<!-- \/ Yoast SEO plugin. -->","yoast_head_json":{"title":"Cardenal Arizmendi: Muy cat\u00f3licas, pero... &#8211; Exaudi","robots":{"index":"index","follow":"follow","max-snippet":"max-snippet:-1","max-image-preview":"max-image-preview:large","max-video-preview":"max-video-preview:-1"},"canonical":"https:\/\/exaudi.org\/es\/cardenal-arizmendi-muy-catolicas-pero\/","og_locale":"es_ES","og_type":"article","og_title":"Cardenal Arizmendi: Muy cat\u00f3licas, pero... &#8211; Exaudi","og_description":"Cuando la fe se usa como apariencia, pero no transforma la vida","og_url":"https:\/\/exaudi.org\/es\/cardenal-arizmendi-muy-catolicas-pero\/","og_site_name":"Exaudi","article_publisher":"https:\/\/www.facebook.com\/ExaudiNews","article_published_time":"2025-07-16T08:18:22+00:00","article_modified_time":"2025-07-16T08:25:34+00:00","og_image":[{"width":2560,"height":1707,"url":"https:\/\/exaudi.org\/wp-content\/uploads\/2025\/07\/pexels-pawel-l-435199-1245055-scaled.jpg","type":"image\/jpeg"}],"author":"Cardenal Felipe Arizmendi","twitter_card":"summary_large_image","twitter_creator":"@Exaudi_News","twitter_site":"@Exaudi_News","twitter_misc":{"Escrito por":"Cardenal Felipe Arizmendi","Tiempo de lectura":"6 minutos"},"schema":{"@context":"https:\/\/schema.org","@graph":[{"@type":"Article","@id":"https:\/\/exaudi.org\/es\/cardenal-arizmendi-muy-catolicas-pero\/#article","isPartOf":{"@id":"https:\/\/exaudi.org\/es\/cardenal-arizmendi-muy-catolicas-pero\/"},"author":{"name":"Cardenal Felipe Arizmendi","@id":"https:\/\/exaudi.org\/#\/schema\/person\/c7d223f87e58f1105d044d8da1439102"},"headline":"Cardenal Arizmendi: Muy cat\u00f3licas, pero&#8230;","datePublished":"2025-07-16T08:18:22+00:00","dateModified":"2025-07-16T08:25:34+00:00","mainEntityOfPage":{"@id":"https:\/\/exaudi.org\/es\/cardenal-arizmendi-muy-catolicas-pero\/"},"wordCount":1165,"image":{"@id":"https:\/\/exaudi.org\/es\/cardenal-arizmendi-muy-catolicas-pero\/#primaryimage"},"thumbnailUrl":"https:\/\/exaudi.org\/wp-content\/uploads\/2025\/07\/pexels-pawel-l-435199-1245055-scaled.jpg","keywords":["Cardenal Felipe Arizmendi","catolicismo y crimen","Cat\u00f3licos","cat\u00f3licos y extorsi\u00f3n","compasi\u00f3n cristiana","Conferencia del episcopado mexicano","conversi\u00f3n verdadera","cristianos de ocasi\u00f3n","Doctrina de la Fe","escapularios y armas","evangelizaci\u00f3n y coherencia","fe aut\u00e9ntica","fe y violencia","Featured","grupos armados M\u00e9xico","Iglesia cat\u00f3lica M\u00e9xico","incoherencia religiosa","muy cat\u00f3licas pero","papa le\u00f3n xiv","pastoral en zonas violentas","primera comuni\u00f3n","testimonio cristiano"],"articleSection":["Voces"],"inLanguage":"es"},{"@type":"WebPage","@id":"https:\/\/exaudi.org\/es\/cardenal-arizmendi-muy-catolicas-pero\/","url":"https:\/\/exaudi.org\/es\/cardenal-arizmendi-muy-catolicas-pero\/","name":"Cardenal Arizmendi: Muy cat\u00f3licas, pero... &#8211; Exaudi","isPartOf":{"@id":"https:\/\/exaudi.org\/#website"},"primaryImageOfPage":{"@id":"https:\/\/exaudi.org\/es\/cardenal-arizmendi-muy-catolicas-pero\/#primaryimage"},"image":{"@id":"https:\/\/exaudi.org\/es\/cardenal-arizmendi-muy-catolicas-pero\/#primaryimage"},"thumbnailUrl":"https:\/\/exaudi.org\/wp-content\/uploads\/2025\/07\/pexels-pawel-l-435199-1245055-scaled.jpg","datePublished":"2025-07-16T08:18:22+00:00","dateModified":"2025-07-16T08:25:34+00:00","author":{"@id":"https:\/\/exaudi.org\/#\/schema\/person\/c7d223f87e58f1105d044d8da1439102"},"breadcrumb":{"@id":"https:\/\/exaudi.org\/es\/cardenal-arizmendi-muy-catolicas-pero\/#breadcrumb"},"inLanguage":"es","potentialAction":[{"@type":"ReadAction","target":["https:\/\/exaudi.org\/es\/cardenal-arizmendi-muy-catolicas-pero\/"]}]},{"@type":"ImageObject","inLanguage":"es","@id":"https:\/\/exaudi.org\/es\/cardenal-arizmendi-muy-catolicas-pero\/#primaryimage","url":"https:\/\/exaudi.org\/wp-content\/uploads\/2025\/07\/pexels-pawel-l-435199-1245055-scaled.jpg","contentUrl":"https:\/\/exaudi.org\/wp-content\/uploads\/2025\/07\/pexels-pawel-l-435199-1245055-scaled.jpg","width":2560,"height":1707},{"@type":"BreadcrumbList","@id":"https:\/\/exaudi.org\/es\/cardenal-arizmendi-muy-catolicas-pero\/#breadcrumb","itemListElement":[{"@type":"ListItem","position":1,"name":"Portada","item":"https:\/\/exaudi.org\/es\/"},{"@type":"ListItem","position":2,"name":"Cardenal Arizmendi: Muy cat\u00f3licas, pero&#8230;"}]},{"@type":"WebSite","@id":"https:\/\/exaudi.org\/#website","url":"https:\/\/exaudi.org\/","name":"Exaudi","description":"News","potentialAction":[{"@type":"SearchAction","target":{"@type":"EntryPoint","urlTemplate":"https:\/\/exaudi.org\/?s={search_term_string}"},"query-input":{"@type":"PropertyValueSpecification","valueRequired":true,"valueName":"search_term_string"}}],"inLanguage":"es"},{"@type":"Person","@id":"https:\/\/exaudi.org\/#\/schema\/person\/c7d223f87e58f1105d044d8da1439102","name":"Cardenal Felipe Arizmendi","image":{"@type":"ImageObject","inLanguage":"es","@id":"https:\/\/secure.gravatar.com\/avatar\/4ffc5520d896b86d39346168903de33a17ef0f23d16de0ff45062c1ff422ed2f?s=96&d=mm&r=g","url":"https:\/\/secure.gravatar.com\/avatar\/4ffc5520d896b86d39346168903de33a17ef0f23d16de0ff45062c1ff422ed2f?s=96&d=mm&r=g","contentUrl":"https:\/\/secure.gravatar.com\/avatar\/4ffc5520d896b86d39346168903de33a17ef0f23d16de0ff45062c1ff422ed2f?s=96&d=mm&r=g","caption":"Cardenal Felipe Arizmendi"},"description":"Nacido en Chiltepec el 1 de mayo de 1940. Estudi\u00f3 Humanidades y Filosof\u00eda en el Seminario de Toluca, de 1952 a 1959. Curs\u00f3 la Teolog\u00eda en la Universidad Pontificia de Salamanca, Espa\u00f1a, de 1959 a 1963, obteniendo la licenciatura en Teolog\u00eda Dogm\u00e1tica. Por su cuenta, se especializ\u00f3 en Liturgia. Fue ordenado sacerdote el 25 de agosto de 1963 en Toluca. Sirvi\u00f3 como Vicario Parroquial en tres parroquias por tres a\u00f1os y medio y fue p\u00e1rroco de una comunidad ind\u00edgena otom\u00ed, de 1967 a 1970. Fue Director Espiritual del Seminario de Toluca por diez a\u00f1os, y Rector del mismo de 1981 a 1991. El 7 de marzo de 1991, fue ordenado obispo de la di\u00f3cesis de Tapachula, donde estuvo hasta el 30 de abril del a\u00f1o 2000. El 1 de mayo del 2000, inici\u00f3 su ministerio episcopal como XLVI obispo de la di\u00f3cesis de San Crist\u00f3bal de las Casas, Chiapas, una de las di\u00f3cesis m\u00e1s antiguas de M\u00e9xico, erigida en 1539; all\u00ed sirvi\u00f3 por casi 18 a\u00f1os. Ha ocupado diversos cargos en la Conferencia del Episcopado Mexicano y en el CELAM. El 3 de noviembre de 2017, el Papa Francisco le acept\u00f3, por edad, su renuncia al servicio episcopal en esta di\u00f3cesis, que entreg\u00f3 a su sucesor el 3 de enero de 2018. Desde entonces, reside en la ciudad de Toluca. Desde 1979, escribe art\u00edculos de actualidad en varios medios religiosos y civiles. Es autor de varias publicaciones.","url":"https:\/\/exaudi.org\/es\/author\/felipearizmendi\/"}]}},"jetpack_featured_media_url":"https:\/\/exaudi.org\/wp-content\/uploads\/2025\/07\/pexels-pawel-l-435199-1245055-scaled.jpg","jetpack_shortlink":"https:\/\/wp.me\/pgKjF2-xPU","_links":{"self":[{"href":"https:\/\/exaudi.org\/es\/wp-json\/wp\/v2\/posts\/130070","targetHints":{"allow":["GET"]}}],"collection":[{"href":"https:\/\/exaudi.org\/es\/wp-json\/wp\/v2\/posts"}],"about":[{"href":"https:\/\/exaudi.org\/es\/wp-json\/wp\/v2\/types\/post"}],"author":[{"embeddable":true,"href":"https:\/\/exaudi.org\/es\/wp-json\/wp\/v2\/users\/24"}],"replies":[{"embeddable":true,"href":"https:\/\/exaudi.org\/es\/wp-json\/wp\/v2\/comments?post=130070"}],"version-history":[{"count":1,"href":"https:\/\/exaudi.org\/es\/wp-json\/wp\/v2\/posts\/130070\/revisions"}],"predecessor-version":[{"id":130071,"href":"https:\/\/exaudi.org\/es\/wp-json\/wp\/v2\/posts\/130070\/revisions\/130071"}],"wp:featuredmedia":[{"embeddable":true,"href":"https:\/\/exaudi.org\/es\/wp-json\/wp\/v2\/media\/130072"}],"wp:attachment":[{"href":"https:\/\/exaudi.org\/es\/wp-json\/wp\/v2\/media?parent=130070"}],"wp:term":[{"taxonomy":"category","embeddable":true,"href":"https:\/\/exaudi.org\/es\/wp-json\/wp\/v2\/categories?post=130070"},{"taxonomy":"post_tag","embeddable":true,"href":"https:\/\/exaudi.org\/es\/wp-json\/wp\/v2\/tags?post=130070"}],"curies":[{"name":"wp","href":"https:\/\/api.w.org\/{rel}","templated":true}]}}