{"id":129978,"date":"2025-07-14T10:37:07","date_gmt":"2025-07-14T08:37:07","guid":{"rendered":"https:\/\/exaudi.org\/?p=129978"},"modified":"2025-07-14T10:50:38","modified_gmt":"2025-07-14T08:50:38","slug":"la-inhabitacion-de-la-trinidad-dios-en-el-alma-del-creyente","status":"publish","type":"post","link":"https:\/\/exaudi.org\/es\/la-inhabitacion-de-la-trinidad-dios-en-el-alma-del-creyente\/","title":{"rendered":"La inhabitaci\u00f3n de la Trinidad: Dios en el alma del creyente"},"content":{"rendered":"<p>El d\u00eda de Pentecost\u00e9s, los ap\u00f3stoles estaban reunidos en el Cen\u00e1culo cuando el Esp\u00edritu Santo descendi\u00f3 sobre ellos. Se cumpl\u00eda as\u00ed la promesa de Jesucristo: \u00ab<strong>Quien me ama cumplir\u00e1 mi palabra, y mi Padre lo amar\u00e1, y vendremos a \u00e9l y haremos morada en \u00e9l.<\/strong>\u00bb Ese d\u00eda marca el comienzo de una realidad espiritual profunda: la inhabitaci\u00f3n de la Trinidad en el alma humana.<\/p>\n<p><iframe title=\"Spotify Embed: La inhabitaci\u00f3n de la Trinidad: Dios en el alma del creyente\" style=\"border-radius: 12px\" width=\"100%\" height=\"152\" frameborder=\"0\" allowfullscreen allow=\"autoplay; clipboard-write; encrypted-media; fullscreen; picture-in-picture\" loading=\"lazy\" src=\"https:\/\/open.spotify.com\/embed\/episode\/34UyzFF8xwwNIZnwqU2lwk?si=4Vb1MgUFRf69WcJ7t9M-VQ&#038;utm_source=oembed\"><\/iframe><\/p>\n<p>Hasta entonces, Dios estaba en el mundo como Creador y sustentador de todo cuanto existe. Todo es porque Dios lo piensa y lo ama; sin \u00c9l, la creaci\u00f3n volver\u00eda a la nada. Sin embargo, con la Encarnaci\u00f3n, Dios inicia una nueva forma de presencia: cercana, afectiva, redentora. En Cristo, Dios entra en competencia con todas las realidades que intentan ocupar el coraz\u00f3n humano.<\/p>\n<p>Pentecost\u00e9s da un paso m\u00e1s: Dios ya no est\u00e1 solamente con los ap\u00f3stoles, sino dentro de ellos. Es la inhabitaci\u00f3n trinitaria: el Padre, el Hijo y el Esp\u00edritu Santo hacen morada en el alma creyente. Pero esta presencia no es autom\u00e1tica: exige relaci\u00f3n, correspondencia. Dios ama primero, llama, entra\u2026 pero espera ser reconocido, acogido, amado.<\/p>\n<p>Una aut\u00e9ntica relaci\u00f3n personal comienza cuando dos personas se reconocen mutuamente en su dignidad absoluta. Esto es precisamente la gracia: Dios habita en el alma, y esa alma no solo es conocida y amada por \u00c9l, sino que tambi\u00e9n le reconoce y responde.<\/p>\n<p>Siguiendo al te\u00f3logo Franz Jalics, pueden distinguirse tres formas de corresponder a esta presencia:<\/p>\n<p>1. <strong>Una fe infantil<\/strong>, en la que Dios y la gracia se perciben como algo m\u00e1gico o paralelo a la vida real. Es una relaci\u00f3n superficial, sin integraci\u00f3n vital. Como el ni\u00f1o que reza antes del examen sin haber estudiado.<\/p>\n<p>2. <strong>Una fe adulta<\/strong>, m\u00e1s frecuente entre los practicantes, donde la relaci\u00f3n con Dios se mide en t\u00e9rminos de eficiencia, resultados, cumplimiento. Es una fe que funciona, pero que no siempre toca el coraz\u00f3n.<\/p>\n<p>3. <strong>Una fe madura<\/strong>, la m\u00e1s plena, donde se reconoce la inhabitaci\u00f3n de Dios como una relaci\u00f3n personal de amor. El alma se sabe amada, se entrega, acoge, corresponde. Como en la Trinidad: el Padre da, el Hijo recibe y devuelve todo, el Esp\u00edritu es esa comuni\u00f3n de amor.<\/p>\n<p>Quien vive esta fe madura experimenta una transformaci\u00f3n real. Ya no act\u00faa desde fuera, sino desde dentro. La gracia lo identifica con Cristo. Mira con sus ojos, siente con su coraz\u00f3n.<\/p>\n<p>Y esta transformaci\u00f3n se manifiesta en tres dimensiones clave:<\/p>\n<p>* <strong>Humildad<\/strong>: Mirarse a uno mismo como Dios lo ve, sin m\u00e1scaras ni exageraciones. Como dec\u00eda Santa Teresa, \u201chumildad es andar en verdad\u201d.<\/p>\n<p>* <strong>Castidad del coraz\u00f3n<\/strong>: Mirar a los dem\u00e1s como Dios los mira, con respeto, ternura y reconocimiento de su dignidad absoluta. Solo desde ah\u00ed nace una aut\u00e9ntica pureza del coraz\u00f3n.<\/p>\n<p>* <strong>Desprendimiento<\/strong>: Ver las cosas como medios y no como fines. No vivir para poseer, sino para amar. No dejarse enga\u00f1ar por el espejismo del tener, sino valorar lo que sirve para amar m\u00e1s y mejor.<\/p>\n<p>As\u00ed, mientras el \u201ccoraz\u00f3n\u201d es como el hardware donde act\u00faa el Esp\u00edritu, la inhabitaci\u00f3n es el \u201csoftware\u201d que lo llena, lo impulsa, lo configura con Cristo.<\/p>\n<p>El ejemplo perfecto de esta relaci\u00f3n lo encontramos en Mar\u00eda. Ella es la Hija predilecta del Padre, Madre del Hijo, Esposa del Esp\u00edritu Santo. Es el santuario vivo de la Trinidad. Como dec\u00eda san Josemar\u00eda: \u201c<strong>M\u00e1s que t\u00fa, solo Dios<\/strong>.\u201d<\/p>\n<p><iframe loading=\"lazy\" title=\"4. INHABITACI\u00d3N\" width=\"500\" height=\"281\" src=\"https:\/\/www.youtube.com\/embed\/MwBZj8fR0yg?feature=oembed\" frameborder=\"0\" allow=\"accelerometer; autoplay; clipboard-write; encrypted-media; gyroscope; picture-in-picture; web-share\" referrerpolicy=\"strict-origin-when-cross-origin\" allowfullscreen><\/iframe><\/p>\n<p><img loading=\"lazy\" decoding=\"async\" class=\"size-full wp-image-129983 alignnone\" src=\"https:\/\/exaudi.org\/wp-content\/uploads\/2025\/07\/Proyecto-Anima.jpg\" alt=\"\" width=\"940\" height=\"788\" srcset=\"https:\/\/exaudi.org\/wp-content\/uploads\/2025\/07\/Proyecto-Anima.jpg 940w, https:\/\/exaudi.org\/wp-content\/uploads\/2025\/07\/Proyecto-Anima-300x251.jpg 300w, https:\/\/exaudi.org\/wp-content\/uploads\/2025\/07\/Proyecto-Anima-770x645.jpg 770w, https:\/\/exaudi.org\/wp-content\/uploads\/2025\/07\/Proyecto-Anima-500x419.jpg 500w\" sizes=\"auto, (max-width: 940px) 100vw, 940px\" \/><\/p>\n","protected":false},"excerpt":{"rendered":"<p>Pentecost\u00e9s inaugura una presencia divina \u00edntima y transformadora en el cristiano: no solo junto a \u00e9l, sino dentro de \u00e9l<\/p>\n","protected":false},"author":126,"featured_media":129980,"comment_status":"closed","ping_status":"closed","sticky":false,"template":"","format":"standard","meta":{"_acf_changed":false,"_crdt_document":"","inline_featured_image":false,"footnotes":""},"categories":[72],"tags":[21177,66822,66821,66823,18321,448,66819,4310,26514,66818,66820,2381,13564,66824,4953,6375,11092],"class_list":["post-129978","post","type-post","status-publish","format-standard","has-post-thumbnail","hentry","category-analisis","tag-alma-cristiana","tag-castidad-del-corazon","tag-corazon-cristiano","tag-desprendimiento-cristiano","tag-don-luis-herrera-campo","tag-espiritu-santo","tag-fe-madura","tag-gracia","tag-humildad-cristiana","tag-inhabitacion-trinitaria","tag-maria-trinidad","tag-pentecostes","tag-presencia-de-dios","tag-teologia-espiritual","tag-trending-es","tag-trinidad","tag-vida-interior"],"acf":[],"yoast_head":"<!-- This site is optimized with the Yoast SEO plugin v27.4 - https:\/\/yoast.com\/product\/yoast-seo-wordpress\/ -->\n<title>La inhabitaci\u00f3n de la Trinidad: Dios en el alma del creyente &#8211; Exaudi<\/title>\n<meta name=\"robots\" content=\"index, follow, max-snippet:-1, max-image-preview:large, max-video-preview:-1\" \/>\n<link rel=\"canonical\" href=\"https:\/\/exaudi.org\/es\/la-inhabitacion-de-la-trinidad-dios-en-el-alma-del-creyente\/\" \/>\n<meta property=\"og:locale\" content=\"es_ES\" \/>\n<meta property=\"og:type\" content=\"article\" \/>\n<meta property=\"og:title\" content=\"La inhabitaci\u00f3n de la Trinidad: Dios en el alma del creyente &#8211; Exaudi\" \/>\n<meta property=\"og:description\" content=\"Pentecost\u00e9s inaugura una presencia divina \u00edntima y transformadora en el cristiano: no solo junto a \u00e9l, sino dentro de \u00e9l\" \/>\n<meta property=\"og:url\" content=\"https:\/\/exaudi.org\/es\/la-inhabitacion-de-la-trinidad-dios-en-el-alma-del-creyente\/\" \/>\n<meta property=\"og:site_name\" content=\"Exaudi\" \/>\n<meta property=\"article:publisher\" content=\"https:\/\/www.facebook.com\/ExaudiNews\" \/>\n<meta property=\"article:published_time\" content=\"2025-07-14T08:37:07+00:00\" \/>\n<meta property=\"article:modified_time\" content=\"2025-07-14T08:50:38+00:00\" \/>\n<meta property=\"og:image\" content=\"https:\/\/exaudi.org\/wp-content\/uploads\/2025\/07\/la-obra-pentecostes-de-el-greco-representa-al-6H27IJKBYBBK5HF3F2T5YDUBK4.jpg\" \/>\n\t<meta property=\"og:image:width\" content=\"768\" \/>\n\t<meta property=\"og:image:height\" content=\"512\" \/>\n\t<meta property=\"og:image:type\" content=\"image\/jpeg\" \/>\n<meta name=\"author\" content=\"Luis Herrera Campo\" \/>\n<meta name=\"twitter:card\" content=\"summary_large_image\" \/>\n<meta name=\"twitter:creator\" content=\"@Exaudi_News\" \/>\n<meta name=\"twitter:site\" content=\"@Exaudi_News\" \/>\n<meta name=\"twitter:label1\" content=\"Escrito por\" \/>\n\t<meta name=\"twitter:data1\" content=\"Luis Herrera Campo\" \/>\n\t<meta name=\"twitter:label2\" content=\"Tiempo de lectura\" \/>\n\t<meta name=\"twitter:data2\" content=\"3 minutos\" \/>\n<script type=\"application\/ld+json\" class=\"yoast-schema-graph\">{\"@context\":\"https:\\\/\\\/schema.org\",\"@graph\":[{\"@type\":\"Article\",\"@id\":\"https:\\\/\\\/exaudi.org\\\/es\\\/la-inhabitacion-de-la-trinidad-dios-en-el-alma-del-creyente\\\/#article\",\"isPartOf\":{\"@id\":\"https:\\\/\\\/exaudi.org\\\/es\\\/la-inhabitacion-de-la-trinidad-dios-en-el-alma-del-creyente\\\/\"},\"author\":{\"name\":\"Luis Herrera Campo\",\"@id\":\"https:\\\/\\\/exaudi.org\\\/#\\\/schema\\\/person\\\/8ba25804983f8e88d3d71c3808a804bc\"},\"headline\":\"La inhabitaci\u00f3n de la Trinidad: Dios en el alma del creyente\",\"datePublished\":\"2025-07-14T08:37:07+00:00\",\"dateModified\":\"2025-07-14T08:50:38+00:00\",\"mainEntityOfPage\":{\"@id\":\"https:\\\/\\\/exaudi.org\\\/es\\\/la-inhabitacion-de-la-trinidad-dios-en-el-alma-del-creyente\\\/\"},\"wordCount\":646,\"image\":{\"@id\":\"https:\\\/\\\/exaudi.org\\\/es\\\/la-inhabitacion-de-la-trinidad-dios-en-el-alma-del-creyente\\\/#primaryimage\"},\"thumbnailUrl\":\"https:\\\/\\\/exaudi.org\\\/wp-content\\\/uploads\\\/2025\\\/07\\\/la-obra-pentecostes-de-el-greco-representa-al-6H27IJKBYBBK5HF3F2T5YDUBK4.jpg\",\"keywords\":[\"alma cristiana\",\"castidad del coraz\u00f3n\",\"coraz\u00f3n cristiano\",\"desprendimiento cristiano\",\"Don Luis Herrera Campo\",\"Esp\u00edritu Santo\",\"fe madura\",\"Gracia\",\"humildad cristiana\",\"inhabitaci\u00f3n trinitaria\",\"Mar\u00eda Trinidad\",\"Pentecost\u00e9s\",\"Presencia de Dios\",\"teolog\u00eda espiritual\",\"Trending\",\"Trinidad\",\"Vida Interior\"],\"articleSection\":[\"An\u00e1lisis\"],\"inLanguage\":\"es\"},{\"@type\":\"WebPage\",\"@id\":\"https:\\\/\\\/exaudi.org\\\/es\\\/la-inhabitacion-de-la-trinidad-dios-en-el-alma-del-creyente\\\/\",\"url\":\"https:\\\/\\\/exaudi.org\\\/es\\\/la-inhabitacion-de-la-trinidad-dios-en-el-alma-del-creyente\\\/\",\"name\":\"La inhabitaci\u00f3n de la Trinidad: Dios en el alma del creyente &#8211; Exaudi\",\"isPartOf\":{\"@id\":\"https:\\\/\\\/exaudi.org\\\/#website\"},\"primaryImageOfPage\":{\"@id\":\"https:\\\/\\\/exaudi.org\\\/es\\\/la-inhabitacion-de-la-trinidad-dios-en-el-alma-del-creyente\\\/#primaryimage\"},\"image\":{\"@id\":\"https:\\\/\\\/exaudi.org\\\/es\\\/la-inhabitacion-de-la-trinidad-dios-en-el-alma-del-creyente\\\/#primaryimage\"},\"thumbnailUrl\":\"https:\\\/\\\/exaudi.org\\\/wp-content\\\/uploads\\\/2025\\\/07\\\/la-obra-pentecostes-de-el-greco-representa-al-6H27IJKBYBBK5HF3F2T5YDUBK4.jpg\",\"datePublished\":\"2025-07-14T08:37:07+00:00\",\"dateModified\":\"2025-07-14T08:50:38+00:00\",\"author\":{\"@id\":\"https:\\\/\\\/exaudi.org\\\/#\\\/schema\\\/person\\\/8ba25804983f8e88d3d71c3808a804bc\"},\"breadcrumb\":{\"@id\":\"https:\\\/\\\/exaudi.org\\\/es\\\/la-inhabitacion-de-la-trinidad-dios-en-el-alma-del-creyente\\\/#breadcrumb\"},\"inLanguage\":\"es\",\"potentialAction\":[{\"@type\":\"ReadAction\",\"target\":[\"https:\\\/\\\/exaudi.org\\\/es\\\/la-inhabitacion-de-la-trinidad-dios-en-el-alma-del-creyente\\\/\"]}]},{\"@type\":\"ImageObject\",\"inLanguage\":\"es\",\"@id\":\"https:\\\/\\\/exaudi.org\\\/es\\\/la-inhabitacion-de-la-trinidad-dios-en-el-alma-del-creyente\\\/#primaryimage\",\"url\":\"https:\\\/\\\/exaudi.org\\\/wp-content\\\/uploads\\\/2025\\\/07\\\/la-obra-pentecostes-de-el-greco-representa-al-6H27IJKBYBBK5HF3F2T5YDUBK4.jpg\",\"contentUrl\":\"https:\\\/\\\/exaudi.org\\\/wp-content\\\/uploads\\\/2025\\\/07\\\/la-obra-pentecostes-de-el-greco-representa-al-6H27IJKBYBBK5HF3F2T5YDUBK4.jpg\",\"width\":768,\"height\":512},{\"@type\":\"BreadcrumbList\",\"@id\":\"https:\\\/\\\/exaudi.org\\\/es\\\/la-inhabitacion-de-la-trinidad-dios-en-el-alma-del-creyente\\\/#breadcrumb\",\"itemListElement\":[{\"@type\":\"ListItem\",\"position\":1,\"name\":\"Portada\",\"item\":\"https:\\\/\\\/exaudi.org\\\/es\\\/\"},{\"@type\":\"ListItem\",\"position\":2,\"name\":\"La inhabitaci\u00f3n de la Trinidad: Dios en el alma del creyente\"}]},{\"@type\":\"WebSite\",\"@id\":\"https:\\\/\\\/exaudi.org\\\/#website\",\"url\":\"https:\\\/\\\/exaudi.org\\\/\",\"name\":\"Exaudi\",\"description\":\"News\",\"potentialAction\":[{\"@type\":\"SearchAction\",\"target\":{\"@type\":\"EntryPoint\",\"urlTemplate\":\"https:\\\/\\\/exaudi.org\\\/?s={search_term_string}\"},\"query-input\":{\"@type\":\"PropertyValueSpecification\",\"valueRequired\":true,\"valueName\":\"search_term_string\"}}],\"inLanguage\":\"es\"},{\"@type\":\"Person\",\"@id\":\"https:\\\/\\\/exaudi.org\\\/#\\\/schema\\\/person\\\/8ba25804983f8e88d3d71c3808a804bc\",\"name\":\"Luis Herrera Campo\",\"image\":{\"@type\":\"ImageObject\",\"inLanguage\":\"es\",\"@id\":\"https:\\\/\\\/secure.gravatar.com\\\/avatar\\\/eac7d1a3c11ac010e320a821607af7cd107b34e1bdffe2f58efdf2b0a8d1c6e5?s=96&d=mm&r=g\",\"url\":\"https:\\\/\\\/secure.gravatar.com\\\/avatar\\\/eac7d1a3c11ac010e320a821607af7cd107b34e1bdffe2f58efdf2b0a8d1c6e5?s=96&d=mm&r=g\",\"contentUrl\":\"https:\\\/\\\/secure.gravatar.com\\\/avatar\\\/eac7d1a3c11ac010e320a821607af7cd107b34e1bdffe2f58efdf2b0a8d1c6e5?s=96&d=mm&r=g\",\"caption\":\"Luis Herrera Campo\"},\"description\":\"Nac\u00ed en Burgos, donde vivo. Soy sacerdote del Opus Dei.\",\"sameAs\":[\"https:\\\/\\\/www.youtube.com\\\/@luisherreracampo\\\/featured\"],\"url\":\"https:\\\/\\\/exaudi.org\\\/es\\\/author\\\/luis-herrera-campo\\\/\"}]}<\/script>\n<!-- \/ Yoast SEO plugin. -->","yoast_head_json":{"title":"La inhabitaci\u00f3n de la Trinidad: Dios en el alma del creyente &#8211; Exaudi","robots":{"index":"index","follow":"follow","max-snippet":"max-snippet:-1","max-image-preview":"max-image-preview:large","max-video-preview":"max-video-preview:-1"},"canonical":"https:\/\/exaudi.org\/es\/la-inhabitacion-de-la-trinidad-dios-en-el-alma-del-creyente\/","og_locale":"es_ES","og_type":"article","og_title":"La inhabitaci\u00f3n de la Trinidad: Dios en el alma del creyente &#8211; Exaudi","og_description":"Pentecost\u00e9s inaugura una presencia divina \u00edntima y transformadora en el cristiano: no solo junto a \u00e9l, sino dentro de \u00e9l","og_url":"https:\/\/exaudi.org\/es\/la-inhabitacion-de-la-trinidad-dios-en-el-alma-del-creyente\/","og_site_name":"Exaudi","article_publisher":"https:\/\/www.facebook.com\/ExaudiNews","article_published_time":"2025-07-14T08:37:07+00:00","article_modified_time":"2025-07-14T08:50:38+00:00","og_image":[{"width":768,"height":512,"url":"https:\/\/exaudi.org\/wp-content\/uploads\/2025\/07\/la-obra-pentecostes-de-el-greco-representa-al-6H27IJKBYBBK5HF3F2T5YDUBK4.jpg","type":"image\/jpeg"}],"author":"Luis Herrera Campo","twitter_card":"summary_large_image","twitter_creator":"@Exaudi_News","twitter_site":"@Exaudi_News","twitter_misc":{"Escrito por":"Luis Herrera Campo","Tiempo de lectura":"3 minutos"},"schema":{"@context":"https:\/\/schema.org","@graph":[{"@type":"Article","@id":"https:\/\/exaudi.org\/es\/la-inhabitacion-de-la-trinidad-dios-en-el-alma-del-creyente\/#article","isPartOf":{"@id":"https:\/\/exaudi.org\/es\/la-inhabitacion-de-la-trinidad-dios-en-el-alma-del-creyente\/"},"author":{"name":"Luis Herrera Campo","@id":"https:\/\/exaudi.org\/#\/schema\/person\/8ba25804983f8e88d3d71c3808a804bc"},"headline":"La inhabitaci\u00f3n de la Trinidad: Dios en el alma del creyente","datePublished":"2025-07-14T08:37:07+00:00","dateModified":"2025-07-14T08:50:38+00:00","mainEntityOfPage":{"@id":"https:\/\/exaudi.org\/es\/la-inhabitacion-de-la-trinidad-dios-en-el-alma-del-creyente\/"},"wordCount":646,"image":{"@id":"https:\/\/exaudi.org\/es\/la-inhabitacion-de-la-trinidad-dios-en-el-alma-del-creyente\/#primaryimage"},"thumbnailUrl":"https:\/\/exaudi.org\/wp-content\/uploads\/2025\/07\/la-obra-pentecostes-de-el-greco-representa-al-6H27IJKBYBBK5HF3F2T5YDUBK4.jpg","keywords":["alma cristiana","castidad del coraz\u00f3n","coraz\u00f3n cristiano","desprendimiento cristiano","Don Luis Herrera Campo","Esp\u00edritu Santo","fe madura","Gracia","humildad cristiana","inhabitaci\u00f3n trinitaria","Mar\u00eda Trinidad","Pentecost\u00e9s","Presencia de Dios","teolog\u00eda espiritual","Trending","Trinidad","Vida Interior"],"articleSection":["An\u00e1lisis"],"inLanguage":"es"},{"@type":"WebPage","@id":"https:\/\/exaudi.org\/es\/la-inhabitacion-de-la-trinidad-dios-en-el-alma-del-creyente\/","url":"https:\/\/exaudi.org\/es\/la-inhabitacion-de-la-trinidad-dios-en-el-alma-del-creyente\/","name":"La inhabitaci\u00f3n de la Trinidad: Dios en el alma del creyente &#8211; Exaudi","isPartOf":{"@id":"https:\/\/exaudi.org\/#website"},"primaryImageOfPage":{"@id":"https:\/\/exaudi.org\/es\/la-inhabitacion-de-la-trinidad-dios-en-el-alma-del-creyente\/#primaryimage"},"image":{"@id":"https:\/\/exaudi.org\/es\/la-inhabitacion-de-la-trinidad-dios-en-el-alma-del-creyente\/#primaryimage"},"thumbnailUrl":"https:\/\/exaudi.org\/wp-content\/uploads\/2025\/07\/la-obra-pentecostes-de-el-greco-representa-al-6H27IJKBYBBK5HF3F2T5YDUBK4.jpg","datePublished":"2025-07-14T08:37:07+00:00","dateModified":"2025-07-14T08:50:38+00:00","author":{"@id":"https:\/\/exaudi.org\/#\/schema\/person\/8ba25804983f8e88d3d71c3808a804bc"},"breadcrumb":{"@id":"https:\/\/exaudi.org\/es\/la-inhabitacion-de-la-trinidad-dios-en-el-alma-del-creyente\/#breadcrumb"},"inLanguage":"es","potentialAction":[{"@type":"ReadAction","target":["https:\/\/exaudi.org\/es\/la-inhabitacion-de-la-trinidad-dios-en-el-alma-del-creyente\/"]}]},{"@type":"ImageObject","inLanguage":"es","@id":"https:\/\/exaudi.org\/es\/la-inhabitacion-de-la-trinidad-dios-en-el-alma-del-creyente\/#primaryimage","url":"https:\/\/exaudi.org\/wp-content\/uploads\/2025\/07\/la-obra-pentecostes-de-el-greco-representa-al-6H27IJKBYBBK5HF3F2T5YDUBK4.jpg","contentUrl":"https:\/\/exaudi.org\/wp-content\/uploads\/2025\/07\/la-obra-pentecostes-de-el-greco-representa-al-6H27IJKBYBBK5HF3F2T5YDUBK4.jpg","width":768,"height":512},{"@type":"BreadcrumbList","@id":"https:\/\/exaudi.org\/es\/la-inhabitacion-de-la-trinidad-dios-en-el-alma-del-creyente\/#breadcrumb","itemListElement":[{"@type":"ListItem","position":1,"name":"Portada","item":"https:\/\/exaudi.org\/es\/"},{"@type":"ListItem","position":2,"name":"La inhabitaci\u00f3n de la Trinidad: Dios en el alma del creyente"}]},{"@type":"WebSite","@id":"https:\/\/exaudi.org\/#website","url":"https:\/\/exaudi.org\/","name":"Exaudi","description":"News","potentialAction":[{"@type":"SearchAction","target":{"@type":"EntryPoint","urlTemplate":"https:\/\/exaudi.org\/?s={search_term_string}"},"query-input":{"@type":"PropertyValueSpecification","valueRequired":true,"valueName":"search_term_string"}}],"inLanguage":"es"},{"@type":"Person","@id":"https:\/\/exaudi.org\/#\/schema\/person\/8ba25804983f8e88d3d71c3808a804bc","name":"Luis Herrera Campo","image":{"@type":"ImageObject","inLanguage":"es","@id":"https:\/\/secure.gravatar.com\/avatar\/eac7d1a3c11ac010e320a821607af7cd107b34e1bdffe2f58efdf2b0a8d1c6e5?s=96&d=mm&r=g","url":"https:\/\/secure.gravatar.com\/avatar\/eac7d1a3c11ac010e320a821607af7cd107b34e1bdffe2f58efdf2b0a8d1c6e5?s=96&d=mm&r=g","contentUrl":"https:\/\/secure.gravatar.com\/avatar\/eac7d1a3c11ac010e320a821607af7cd107b34e1bdffe2f58efdf2b0a8d1c6e5?s=96&d=mm&r=g","caption":"Luis Herrera Campo"},"description":"Nac\u00ed en Burgos, donde vivo. Soy sacerdote del Opus Dei.","sameAs":["https:\/\/www.youtube.com\/@luisherreracampo\/featured"],"url":"https:\/\/exaudi.org\/es\/author\/luis-herrera-campo\/"}]}},"jetpack_featured_media_url":"https:\/\/exaudi.org\/wp-content\/uploads\/2025\/07\/la-obra-pentecostes-de-el-greco-representa-al-6H27IJKBYBBK5HF3F2T5YDUBK4.jpg","jetpack_shortlink":"https:\/\/wp.me\/pgKjF2-xOq","_links":{"self":[{"href":"https:\/\/exaudi.org\/es\/wp-json\/wp\/v2\/posts\/129978","targetHints":{"allow":["GET"]}}],"collection":[{"href":"https:\/\/exaudi.org\/es\/wp-json\/wp\/v2\/posts"}],"about":[{"href":"https:\/\/exaudi.org\/es\/wp-json\/wp\/v2\/types\/post"}],"author":[{"embeddable":true,"href":"https:\/\/exaudi.org\/es\/wp-json\/wp\/v2\/users\/126"}],"replies":[{"embeddable":true,"href":"https:\/\/exaudi.org\/es\/wp-json\/wp\/v2\/comments?post=129978"}],"version-history":[{"count":1,"href":"https:\/\/exaudi.org\/es\/wp-json\/wp\/v2\/posts\/129978\/revisions"}],"predecessor-version":[{"id":129979,"href":"https:\/\/exaudi.org\/es\/wp-json\/wp\/v2\/posts\/129978\/revisions\/129979"}],"wp:featuredmedia":[{"embeddable":true,"href":"https:\/\/exaudi.org\/es\/wp-json\/wp\/v2\/media\/129980"}],"wp:attachment":[{"href":"https:\/\/exaudi.org\/es\/wp-json\/wp\/v2\/media?parent=129978"}],"wp:term":[{"taxonomy":"category","embeddable":true,"href":"https:\/\/exaudi.org\/es\/wp-json\/wp\/v2\/categories?post=129978"},{"taxonomy":"post_tag","embeddable":true,"href":"https:\/\/exaudi.org\/es\/wp-json\/wp\/v2\/tags?post=129978"}],"curies":[{"name":"wp","href":"https:\/\/api.w.org\/{rel}","templated":true}]}}