{"id":129697,"date":"2025-07-09T08:15:24","date_gmt":"2025-07-09T06:15:24","guid":{"rendered":"https:\/\/exaudi.org\/?p=129697"},"modified":"2025-07-09T10:27:04","modified_gmt":"2025-07-09T08:27:04","slug":"vivienda-digna-el-gran-desafio-social-a-la-luz-de-la-doctrina-social-de-la-iglesia","status":"publish","type":"post","link":"https:\/\/exaudi.org\/es\/vivienda-digna-el-gran-desafio-social-a-la-luz-de-la-doctrina-social-de-la-iglesia\/","title":{"rendered":"Vivienda digna: el gran desaf\u00edo social a la luz de la Doctrina Social de la Iglesia"},"content":{"rendered":"<p>Reproducimos a continuaci\u00f3n el discurso del presidente de la Fundaci\u00f3n Pablo VI,\u00a0<strong>Mons. Gin\u00e9s Garc\u00eda Beltr\u00e1n,<\/strong>\u00a0para la clausura del Curso de Doctrina Social de la Iglesia, -organizado conjuntamente por la Comisi\u00f3n Episcopal para la Pastoral Social y Promoci\u00f3n Humana, la Fundaci\u00f3n Pablo VI y la Facultad de Ciencias Pol\u00edticas y Sociolog\u00eda de la UPSA-, que, en su XXX edici\u00f3n, ha abordado la crisis de la vivienda. Una \u201cemergencia social\u201d, como ha calificado el propio presidente, cuyo abordaje compromete a todos: instituciones p\u00fablicas, sector privado, a la responsabilidad individual y colectiva y a la propia Iglesia, que tiene en la Doctrina Social de la Iglesia una gu\u00eda para su an\u00e1lisis y sus posibles soluciones. En el curso, se ha contado con numerosos expertos que han dado un enfoque interdisciplinar:\u00a0<a href=\"https:\/\/www.youtube.com\/live\/kBo4_5exEF4\" target=\"_blank\" rel=\"noopener\">el derecho<\/a>,\u00a0<a href=\"https:\/\/www.youtube.com\/live\/_A64QwcQGY4\" target=\"_blank\" rel=\"noopener\">la pol\u00edtica, la econom\u00eda<\/a>,\u00a0<a href=\"https:\/\/www.youtube.com\/watch?v=qeAIDid3K0U\" target=\"_blank\" rel=\"noopener\">la teolog\u00eda<\/a>,\u00a0<a href=\"https:\/\/www.youtube.com\/live\/SiZdw5BRGfU\" target=\"_blank\" rel=\"noopener\">la \u00e9tica<\/a>\u00a0o la sociolog\u00eda. Se han conocido los datos\u00a0<a href=\"https:\/\/www.youtube.com\/live\/bk7lrgByUrg\" target=\"_blank\" rel=\"noopener\">del nuevo informe FOESSA<\/a>, que ser\u00e1 presentado en el mes de noviembre; as\u00ed como\u00a0<a href=\"https:\/\/www.youtube.com\/watch?v=sn8t8x9Q4Kk&amp;t=355s\" target=\"_blank\" rel=\"noopener\">experiencias de acompa\u00f1amiento a personas sin hogar<\/a>\u00a0y en procesos de desahucio dentro y fuera de la Iglesia. Todo ello ha dado lugar a un amplio material de reflexi\u00f3n, no solo para observar, sino tambi\u00e9n para pasar a la acci\u00f3n ante una situaci\u00f3n que se ha convertido en el gran desaf\u00edo de nuestro tiempo.<\/p>\n<p><iframe title=\"Spotify Embed: Vivienda digna: el gran desaf\u00edo social a la luz de la Doctrina Social de la Iglesia\" style=\"border-radius: 12px\" width=\"100%\" height=\"152\" frameborder=\"0\" allowfullscreen allow=\"autoplay; clipboard-write; encrypted-media; fullscreen; picture-in-picture\" loading=\"lazy\" src=\"https:\/\/open.spotify.com\/embed\/episode\/5baBIOvIy1T5tad3Tb82zX?si=e1ceceb3a91e4222&#038;utm_source=oembed\"><\/iframe><\/p>\n<h3><strong>Una emergencia social<\/strong><\/h3>\n<p>Treinta a\u00f1os de reflexi\u00f3n, formaci\u00f3n y compromiso nos hablan de una trayectoria fecunda al servicio del Evangelio en medio de los desaf\u00edos de nuestro tiempo. Y este a\u00f1o, el tema que nos ha convocado &#8211;<em>la vivienda, el gran desaf\u00edo de nuestro tiempo<\/em>&#8211; pone el acento en una realidad de dolorosa actualidad, que nos interpela y nos llama a vivir en justicia y solidaridad.<\/p>\n<h3><strong>La vivienda como derecho y como vocaci\u00f3n comunitaria<\/strong><\/h3>\n<p>La vivienda no es solo un bien econ\u00f3mico o un recurso urbano. Es, ante todo, el lugar donde se construye la intimidad familiar, donde germina la vida, donde se educa, se sue\u00f1a y se sufre. Desde la Doctrina Social de la Iglesia, afirmamos que el acceso a una vivienda digna es un derecho humano fundamental. No puede considerarse un lujo ni un privilegio, sino una exigencia b\u00e1sica de la dignidad de la persona.<\/p>\n<p>Desde el G\u00e9nesis, donde Dios establece un hogar para Ad\u00e1n y Eva, hasta los textos prof\u00e9ticos que claman por justicia para los pobres, el concepto de hogar est\u00e1 profundamente vinculado a la dignidad, la protecci\u00f3n y el sentido de pertenencia. La familia, en este contexto, no solo es una instituci\u00f3n social, sino una comunidad de amor y apoyo en la que se transmiten los valores espirituales y se refleja el cuidado divino. La vivienda no se ve meramente como una estructura f\u00edsica, sino como el entorno donde florecen los lazos familiares y se cultiva la fe.<\/p>\n<p>La Iglesia, en su opci\u00f3n preferencial por los pobres, nos urge a mirar esta realidad desde los m\u00e1rgenes, desde los que viven en infraviviendas, desde las familias expulsadas por la especulaci\u00f3n, desde los j\u00f3venes sin acceso al alquiler, desde los ancianos que habitan en soledad, Y, sobre todo, desde aquellos a los que la indiferencia ha convertido en invisibles.<\/p>\n<h3><strong>Lectura desde el magisterio de la Iglesia<\/strong><\/h3>\n<p>Durante las sesiones de este curso, hab\u00e9is escuchado voces expertas que han abordado a el fen\u00f3meno de la vivienda desde m\u00faltiples perspectivas: econ\u00f3mica, sociol\u00f3gica, pol\u00edtica, teol\u00f3gica. Pienso ahora en la evoluci\u00f3n del mercado inmobiliario, el impacto de las pol\u00edticas p\u00fablicas, el crecimiento de la exclusi\u00f3n habitacional, como tambi\u00e9n quiero hacerlo sobre el modelo de ciudad que estamos construyendo y c\u00f3mo \u00e9sta afecta directamente al bienestar integral de las personas.<\/p>\n<p>Recordemos el Magisterio, desde la\u00a0<em>Populorum Progressio<\/em>\u00a0hasta la enc\u00edclica\u00a0<em>Fratelli Tutti<\/em>, que nos llaman a desarrollar comunidades abiertas, inclusivas y solidarias.<\/p>\n<h3><strong>La mirada desde nuestras parroquias<\/strong><\/h3>\n<p>Pero m\u00e1s all\u00e1 de los datos y diagn\u00f3sticos, la Iglesia se nutre de la vida concreta de nuestras comunidades. Y en nuestras parroquias, en barrios humildes y periferias urbanas, somos testigos de c\u00f3mo el problema de la vivienda se convierte en drama cotidiano. Familias que acuden a nosotros porque han perdido su hogar, o los que vienen de otros lugares y dif\u00edcilmente los encuentran, o teniendo un trabajo no pueden encontrarla por los precios. El escenario es muy variado.<\/p>\n<p>Desde ah\u00ed, la Iglesia act\u00faa, no como experta en urbanismo, sino como madre que acoge y consuela. Nuestros voluntarios, trabajadores sociales, sacerdotes y laicos se convierten en canal de esperanza. Porque el Evangelio siempre tiene algo que decir: tiene rostro, tiene manos, y habita entre los pobres.<\/p>\n<h3><strong>Compromiso eclesial ante este desaf\u00edo<\/strong><\/h3>\n<p>Hemos clausurado este curso con la convicci\u00f3n de que el problema de la vivienda no puede esperar. No es solo una cuesti\u00f3n t\u00e9cnica: es una urgencia moral. El papa Francisco nos recuerda que \u201cla falta de vivienda a implica la negaci\u00f3n de los derechos m\u00e1s elementales. Y, como Iglesia, estamos llamados a denunciar esta injusticia, a promover alternativas y a acompa\u00f1ar a los m\u00e1s vulnerables\u201d<\/p>\n<p>Ante la crisis de la vivienda que afecta a tantas personas, no podemos dejar de plantear la pregunta: \u00bfqu\u00e9 papel deben tener los cristianos en esta situaci\u00f3n? Sin duda, y a ejemplo del Se\u00f1or, tenemos la responsabilidad \u00e9tica de actuar. Esto puede implicar desde apoyar iniciativas de vivienda social, hasta abrir espacios de di\u00e1logo y servicio comunitario; abogar por pol\u00edticas justas, tender la mano al sintecho, y ofrecer tiempo y recursos para transformar realidades. La implicaci\u00f3n cristiana es una expresi\u00f3n viva del mandamiento de amar al pr\u00f3jimo.<\/p>\n","protected":false},"excerpt":{"rendered":"<p>Un an\u00e1lisis interdisciplinar y un llamado a la acci\u00f3n desde la Iglesia para enfrentar la crisis de la vivienda como una emergencia social y un derecho fundamental<\/p>\n","protected":false},"author":15,"featured_media":129698,"comment_status":"closed","ping_status":"closed","sticky":false,"template":"","format":"standard","meta":{"_acf_changed":false,"_crdt_document":"","inline_featured_image":false,"footnotes":""},"categories":[74],"tags":[66400,66394,542,27268,66389,66397,66390,2523,66391,66392,17014,66396,66399,1767,66398,66395,66393,726,4953,66388],"class_list":["post-129697","post","type-post","status-publish","format-standard","has-post-thumbnail","hentry","category-iglesia-y-mundo","tag-acceso-a-vivienda","tag-acompanamiento-personas-sin-hogar","tag-bien-comun","tag-compromiso-cristiano","tag-crisis-de-la-vivienda","tag-curso-doctrina-social-iglesia","tag-derecho-a-la-vivienda","tag-doctrina-social-de-la-iglesia","tag-emergencia-social","tag-exclusion-habitacional","tag-exclusion-social","tag-familias-vulnerables","tag-hogar-y-familia","tag-justicia-social","tag-magisterio-iglesia-vivienda","tag-papa-francisco-vivienda","tag-politicas-publicas-vivienda","tag-solidaridad","tag-trending-es","tag-vivienda-digna"],"acf":[],"yoast_head":"<!-- This site is optimized with the Yoast SEO plugin v27.5 - https:\/\/yoast.com\/product\/yoast-seo-wordpress\/ -->\n<title>Vivienda digna: el gran desaf\u00edo social a la luz de la Doctrina Social de la Iglesia &#8211; Exaudi<\/title>\n<meta name=\"robots\" content=\"index, follow, max-snippet:-1, max-image-preview:large, max-video-preview:-1\" \/>\n<link rel=\"canonical\" href=\"https:\/\/exaudi.org\/es\/vivienda-digna-el-gran-desafio-social-a-la-luz-de-la-doctrina-social-de-la-iglesia\/\" \/>\n<meta property=\"og:locale\" content=\"es_ES\" \/>\n<meta property=\"og:type\" content=\"article\" \/>\n<meta property=\"og:title\" content=\"Vivienda digna: el gran desaf\u00edo social a la luz de la Doctrina Social de la Iglesia &#8211; Exaudi\" \/>\n<meta property=\"og:description\" content=\"Un an\u00e1lisis interdisciplinar y un llamado a la acci\u00f3n desde la Iglesia para enfrentar la crisis de la vivienda como una emergencia social y un derecho fundamental\" \/>\n<meta property=\"og:url\" content=\"https:\/\/exaudi.org\/es\/vivienda-digna-el-gran-desafio-social-a-la-luz-de-la-doctrina-social-de-la-iglesia\/\" \/>\n<meta property=\"og:site_name\" content=\"Exaudi\" \/>\n<meta property=\"article:publisher\" content=\"https:\/\/www.facebook.com\/ExaudiNews\" \/>\n<meta property=\"article:author\" content=\"https:\/\/www.facebook.com\/ExaudiNoticias\/\" \/>\n<meta property=\"article:published_time\" content=\"2025-07-09T06:15:24+00:00\" \/>\n<meta property=\"article:modified_time\" content=\"2025-07-09T08:27:04+00:00\" \/>\n<meta property=\"og:image\" content=\"https:\/\/exaudi.org\/wp-content\/uploads\/2025\/07\/gines.jpg\" \/>\n\t<meta property=\"og:image:width\" content=\"1000\" \/>\n\t<meta property=\"og:image:height\" content=\"563\" \/>\n\t<meta property=\"og:image:type\" content=\"image\/jpeg\" \/>\n<meta name=\"author\" content=\"Exaudi Redacci\u00f3n\" \/>\n<meta name=\"twitter:card\" content=\"summary_large_image\" \/>\n<meta name=\"twitter:creator\" content=\"@Exaudi_noticias\" \/>\n<meta name=\"twitter:site\" content=\"@Exaudi_News\" \/>\n<meta name=\"twitter:label1\" content=\"Escrito por\" \/>\n\t<meta name=\"twitter:data1\" content=\"Exaudi Redacci\u00f3n\" \/>\n\t<meta name=\"twitter:label2\" content=\"Tiempo de lectura\" \/>\n\t<meta name=\"twitter:data2\" content=\"5 minutos\" \/>\n<script type=\"application\/ld+json\" class=\"yoast-schema-graph\">{\"@context\":\"https:\\\/\\\/schema.org\",\"@graph\":[{\"@type\":\"Article\",\"@id\":\"https:\\\/\\\/exaudi.org\\\/es\\\/vivienda-digna-el-gran-desafio-social-a-la-luz-de-la-doctrina-social-de-la-iglesia\\\/#article\",\"isPartOf\":{\"@id\":\"https:\\\/\\\/exaudi.org\\\/es\\\/vivienda-digna-el-gran-desafio-social-a-la-luz-de-la-doctrina-social-de-la-iglesia\\\/\"},\"author\":{\"name\":\"Exaudi Redacci\u00f3n\",\"@id\":\"https:\\\/\\\/exaudi.org\\\/#\\\/schema\\\/person\\\/f5fc8f063065e38742da7afe15f25df7\"},\"headline\":\"Vivienda digna: el gran desaf\u00edo social a la luz de la Doctrina Social de la Iglesia\",\"datePublished\":\"2025-07-09T06:15:24+00:00\",\"dateModified\":\"2025-07-09T08:27:04+00:00\",\"mainEntityOfPage\":{\"@id\":\"https:\\\/\\\/exaudi.org\\\/es\\\/vivienda-digna-el-gran-desafio-social-a-la-luz-de-la-doctrina-social-de-la-iglesia\\\/\"},\"wordCount\":1013,\"image\":{\"@id\":\"https:\\\/\\\/exaudi.org\\\/es\\\/vivienda-digna-el-gran-desafio-social-a-la-luz-de-la-doctrina-social-de-la-iglesia\\\/#primaryimage\"},\"thumbnailUrl\":\"https:\\\/\\\/exaudi.org\\\/wp-content\\\/uploads\\\/2025\\\/07\\\/gines.jpg\",\"keywords\":[\"acceso a vivienda\",\"acompa\u00f1amiento personas sin hogar\",\"Bien com\u00fan\",\"compromiso cristiano\",\"crisis de la vivienda\",\"curso doctrina social iglesia\",\"derecho a la vivienda\",\"Doctrina Social de la Iglesia\",\"emergencia social\",\"exclusi\u00f3n habitacional\",\"exclusi\u00f3n social\",\"familias vulnerables\",\"hogar y familia\",\"Justicia Social\",\"magisterio iglesia vivienda\",\"papa francisco vivienda\",\"pol\u00edticas p\u00fablicas vivienda\",\"solidaridad\",\"Trending\",\"vivienda digna\"],\"articleSection\":[\"Iglesia y Mundo\"],\"inLanguage\":\"es\"},{\"@type\":\"WebPage\",\"@id\":\"https:\\\/\\\/exaudi.org\\\/es\\\/vivienda-digna-el-gran-desafio-social-a-la-luz-de-la-doctrina-social-de-la-iglesia\\\/\",\"url\":\"https:\\\/\\\/exaudi.org\\\/es\\\/vivienda-digna-el-gran-desafio-social-a-la-luz-de-la-doctrina-social-de-la-iglesia\\\/\",\"name\":\"Vivienda digna: el gran desaf\u00edo social a la luz de la Doctrina Social de la Iglesia &#8211; Exaudi\",\"isPartOf\":{\"@id\":\"https:\\\/\\\/exaudi.org\\\/#website\"},\"primaryImageOfPage\":{\"@id\":\"https:\\\/\\\/exaudi.org\\\/es\\\/vivienda-digna-el-gran-desafio-social-a-la-luz-de-la-doctrina-social-de-la-iglesia\\\/#primaryimage\"},\"image\":{\"@id\":\"https:\\\/\\\/exaudi.org\\\/es\\\/vivienda-digna-el-gran-desafio-social-a-la-luz-de-la-doctrina-social-de-la-iglesia\\\/#primaryimage\"},\"thumbnailUrl\":\"https:\\\/\\\/exaudi.org\\\/wp-content\\\/uploads\\\/2025\\\/07\\\/gines.jpg\",\"datePublished\":\"2025-07-09T06:15:24+00:00\",\"dateModified\":\"2025-07-09T08:27:04+00:00\",\"author\":{\"@id\":\"https:\\\/\\\/exaudi.org\\\/#\\\/schema\\\/person\\\/f5fc8f063065e38742da7afe15f25df7\"},\"breadcrumb\":{\"@id\":\"https:\\\/\\\/exaudi.org\\\/es\\\/vivienda-digna-el-gran-desafio-social-a-la-luz-de-la-doctrina-social-de-la-iglesia\\\/#breadcrumb\"},\"inLanguage\":\"es\",\"potentialAction\":[{\"@type\":\"ReadAction\",\"target\":[\"https:\\\/\\\/exaudi.org\\\/es\\\/vivienda-digna-el-gran-desafio-social-a-la-luz-de-la-doctrina-social-de-la-iglesia\\\/\"]}]},{\"@type\":\"ImageObject\",\"inLanguage\":\"es\",\"@id\":\"https:\\\/\\\/exaudi.org\\\/es\\\/vivienda-digna-el-gran-desafio-social-a-la-luz-de-la-doctrina-social-de-la-iglesia\\\/#primaryimage\",\"url\":\"https:\\\/\\\/exaudi.org\\\/wp-content\\\/uploads\\\/2025\\\/07\\\/gines.jpg\",\"contentUrl\":\"https:\\\/\\\/exaudi.org\\\/wp-content\\\/uploads\\\/2025\\\/07\\\/gines.jpg\",\"width\":1000,\"height\":563},{\"@type\":\"BreadcrumbList\",\"@id\":\"https:\\\/\\\/exaudi.org\\\/es\\\/vivienda-digna-el-gran-desafio-social-a-la-luz-de-la-doctrina-social-de-la-iglesia\\\/#breadcrumb\",\"itemListElement\":[{\"@type\":\"ListItem\",\"position\":1,\"name\":\"Portada\",\"item\":\"https:\\\/\\\/exaudi.org\\\/es\\\/\"},{\"@type\":\"ListItem\",\"position\":2,\"name\":\"Vivienda digna: el gran desaf\u00edo social a la luz de la Doctrina Social de la Iglesia\"}]},{\"@type\":\"WebSite\",\"@id\":\"https:\\\/\\\/exaudi.org\\\/#website\",\"url\":\"https:\\\/\\\/exaudi.org\\\/\",\"name\":\"Exaudi\",\"description\":\"News\",\"potentialAction\":[{\"@type\":\"SearchAction\",\"target\":{\"@type\":\"EntryPoint\",\"urlTemplate\":\"https:\\\/\\\/exaudi.org\\\/?s={search_term_string}\"},\"query-input\":{\"@type\":\"PropertyValueSpecification\",\"valueRequired\":true,\"valueName\":\"search_term_string\"}}],\"inLanguage\":\"es\"},{\"@type\":\"Person\",\"@id\":\"https:\\\/\\\/exaudi.org\\\/#\\\/schema\\\/person\\\/f5fc8f063065e38742da7afe15f25df7\",\"name\":\"Exaudi Redacci\u00f3n\",\"image\":{\"@type\":\"ImageObject\",\"inLanguage\":\"es\",\"@id\":\"https:\\\/\\\/secure.gravatar.com\\\/avatar\\\/fe0f6a059fb68d9b3e11bc5850dd4899b1c7492091a3cb6dd9b01b56ad828be2?s=96&d=mm&r=g\",\"url\":\"https:\\\/\\\/secure.gravatar.com\\\/avatar\\\/fe0f6a059fb68d9b3e11bc5850dd4899b1c7492091a3cb6dd9b01b56ad828be2?s=96&d=mm&r=g\",\"contentUrl\":\"https:\\\/\\\/secure.gravatar.com\\\/avatar\\\/fe0f6a059fb68d9b3e11bc5850dd4899b1c7492091a3cb6dd9b01b56ad828be2?s=96&d=mm&r=g\",\"caption\":\"Exaudi Redacci\u00f3n\"},\"description\":\"\u00bfQu\u00e9 es Exaudi News? Exaudi News es un medio de comunicaci\u00f3n cat\u00f3lico internacional que informa, forma y transforma, diariamente en espa\u00f1ol, ingl\u00e9s e italiano. A trav\u00e9s de noticias, art\u00edculos de an\u00e1lisis y transmisiones en directo de los eventos del Papa, Exaudi busca fortalecer la unidad de los cristianos y contribuir a la evangelizaci\u00f3n del mundo, siempre guiados por la doctrina social de la Iglesia. Trabajamos para acercar la verdad y los valores cristianos a cada rinc\u00f3n del planeta. \u00a1Ay\u00fadanos a transformar el mundo con Exaudi! En Exaudi creemos que la evangelizaci\u00f3n y la informaci\u00f3n de calidad pueden cambiar vidas. Para continuar con nuestra misi\u00f3n y expandir nuestro alcance, necesitamos tu ayuda. Adem\u00e1s, buscamos personas comprometidas que deseen unirse a nuestro equipo. Con tu apoyo, lograremos llegar a m\u00e1s personas, difundir el mensaje de Cristo y reforzar la unidad de los cristianos. \u00bfTe unes a nuestra misi\u00f3n? Para m\u00e1s informaci\u00f3n sobre c\u00f3mo colaborar, visita Exaudi.org\\\/es o cont\u00e1ctanos directamente: info@exaudi.org Exaudi: Informa, forma y transforma.\",\"sameAs\":[\"https:\\\/\\\/www.facebook.com\\\/ExaudiNoticias\\\/\",\"https:\\\/\\\/www.instagram.com\\\/exaudi_noticias\\\/\",\"https:\\\/\\\/x.com\\\/Exaudi_noticias\",\"https:\\\/\\\/www.youtube.com\\\/@exaudicatholicnews\"],\"url\":\"https:\\\/\\\/exaudi.org\\\/es\\\/author\\\/redaccionexaudi\\\/\"}]}<\/script>\n<!-- \/ Yoast SEO plugin. -->","yoast_head_json":{"title":"Vivienda digna: el gran desaf\u00edo social a la luz de la Doctrina Social de la Iglesia &#8211; Exaudi","robots":{"index":"index","follow":"follow","max-snippet":"max-snippet:-1","max-image-preview":"max-image-preview:large","max-video-preview":"max-video-preview:-1"},"canonical":"https:\/\/exaudi.org\/es\/vivienda-digna-el-gran-desafio-social-a-la-luz-de-la-doctrina-social-de-la-iglesia\/","og_locale":"es_ES","og_type":"article","og_title":"Vivienda digna: el gran desaf\u00edo social a la luz de la Doctrina Social de la Iglesia &#8211; Exaudi","og_description":"Un an\u00e1lisis interdisciplinar y un llamado a la acci\u00f3n desde la Iglesia para enfrentar la crisis de la vivienda como una emergencia social y un derecho fundamental","og_url":"https:\/\/exaudi.org\/es\/vivienda-digna-el-gran-desafio-social-a-la-luz-de-la-doctrina-social-de-la-iglesia\/","og_site_name":"Exaudi","article_publisher":"https:\/\/www.facebook.com\/ExaudiNews","article_author":"https:\/\/www.facebook.com\/ExaudiNoticias\/","article_published_time":"2025-07-09T06:15:24+00:00","article_modified_time":"2025-07-09T08:27:04+00:00","og_image":[{"width":1000,"height":563,"url":"https:\/\/exaudi.org\/wp-content\/uploads\/2025\/07\/gines.jpg","type":"image\/jpeg"}],"author":"Exaudi Redacci\u00f3n","twitter_card":"summary_large_image","twitter_creator":"@Exaudi_noticias","twitter_site":"@Exaudi_News","twitter_misc":{"Escrito por":"Exaudi Redacci\u00f3n","Tiempo de lectura":"5 minutos"},"schema":{"@context":"https:\/\/schema.org","@graph":[{"@type":"Article","@id":"https:\/\/exaudi.org\/es\/vivienda-digna-el-gran-desafio-social-a-la-luz-de-la-doctrina-social-de-la-iglesia\/#article","isPartOf":{"@id":"https:\/\/exaudi.org\/es\/vivienda-digna-el-gran-desafio-social-a-la-luz-de-la-doctrina-social-de-la-iglesia\/"},"author":{"name":"Exaudi Redacci\u00f3n","@id":"https:\/\/exaudi.org\/#\/schema\/person\/f5fc8f063065e38742da7afe15f25df7"},"headline":"Vivienda digna: el gran desaf\u00edo social a la luz de la Doctrina Social de la Iglesia","datePublished":"2025-07-09T06:15:24+00:00","dateModified":"2025-07-09T08:27:04+00:00","mainEntityOfPage":{"@id":"https:\/\/exaudi.org\/es\/vivienda-digna-el-gran-desafio-social-a-la-luz-de-la-doctrina-social-de-la-iglesia\/"},"wordCount":1013,"image":{"@id":"https:\/\/exaudi.org\/es\/vivienda-digna-el-gran-desafio-social-a-la-luz-de-la-doctrina-social-de-la-iglesia\/#primaryimage"},"thumbnailUrl":"https:\/\/exaudi.org\/wp-content\/uploads\/2025\/07\/gines.jpg","keywords":["acceso a vivienda","acompa\u00f1amiento personas sin hogar","Bien com\u00fan","compromiso cristiano","crisis de la vivienda","curso doctrina social iglesia","derecho a la vivienda","Doctrina Social de la Iglesia","emergencia social","exclusi\u00f3n habitacional","exclusi\u00f3n social","familias vulnerables","hogar y familia","Justicia Social","magisterio iglesia vivienda","papa francisco vivienda","pol\u00edticas p\u00fablicas vivienda","solidaridad","Trending","vivienda digna"],"articleSection":["Iglesia y Mundo"],"inLanguage":"es"},{"@type":"WebPage","@id":"https:\/\/exaudi.org\/es\/vivienda-digna-el-gran-desafio-social-a-la-luz-de-la-doctrina-social-de-la-iglesia\/","url":"https:\/\/exaudi.org\/es\/vivienda-digna-el-gran-desafio-social-a-la-luz-de-la-doctrina-social-de-la-iglesia\/","name":"Vivienda digna: el gran desaf\u00edo social a la luz de la Doctrina Social de la Iglesia &#8211; Exaudi","isPartOf":{"@id":"https:\/\/exaudi.org\/#website"},"primaryImageOfPage":{"@id":"https:\/\/exaudi.org\/es\/vivienda-digna-el-gran-desafio-social-a-la-luz-de-la-doctrina-social-de-la-iglesia\/#primaryimage"},"image":{"@id":"https:\/\/exaudi.org\/es\/vivienda-digna-el-gran-desafio-social-a-la-luz-de-la-doctrina-social-de-la-iglesia\/#primaryimage"},"thumbnailUrl":"https:\/\/exaudi.org\/wp-content\/uploads\/2025\/07\/gines.jpg","datePublished":"2025-07-09T06:15:24+00:00","dateModified":"2025-07-09T08:27:04+00:00","author":{"@id":"https:\/\/exaudi.org\/#\/schema\/person\/f5fc8f063065e38742da7afe15f25df7"},"breadcrumb":{"@id":"https:\/\/exaudi.org\/es\/vivienda-digna-el-gran-desafio-social-a-la-luz-de-la-doctrina-social-de-la-iglesia\/#breadcrumb"},"inLanguage":"es","potentialAction":[{"@type":"ReadAction","target":["https:\/\/exaudi.org\/es\/vivienda-digna-el-gran-desafio-social-a-la-luz-de-la-doctrina-social-de-la-iglesia\/"]}]},{"@type":"ImageObject","inLanguage":"es","@id":"https:\/\/exaudi.org\/es\/vivienda-digna-el-gran-desafio-social-a-la-luz-de-la-doctrina-social-de-la-iglesia\/#primaryimage","url":"https:\/\/exaudi.org\/wp-content\/uploads\/2025\/07\/gines.jpg","contentUrl":"https:\/\/exaudi.org\/wp-content\/uploads\/2025\/07\/gines.jpg","width":1000,"height":563},{"@type":"BreadcrumbList","@id":"https:\/\/exaudi.org\/es\/vivienda-digna-el-gran-desafio-social-a-la-luz-de-la-doctrina-social-de-la-iglesia\/#breadcrumb","itemListElement":[{"@type":"ListItem","position":1,"name":"Portada","item":"https:\/\/exaudi.org\/es\/"},{"@type":"ListItem","position":2,"name":"Vivienda digna: el gran desaf\u00edo social a la luz de la Doctrina Social de la Iglesia"}]},{"@type":"WebSite","@id":"https:\/\/exaudi.org\/#website","url":"https:\/\/exaudi.org\/","name":"Exaudi","description":"News","potentialAction":[{"@type":"SearchAction","target":{"@type":"EntryPoint","urlTemplate":"https:\/\/exaudi.org\/?s={search_term_string}"},"query-input":{"@type":"PropertyValueSpecification","valueRequired":true,"valueName":"search_term_string"}}],"inLanguage":"es"},{"@type":"Person","@id":"https:\/\/exaudi.org\/#\/schema\/person\/f5fc8f063065e38742da7afe15f25df7","name":"Exaudi Redacci\u00f3n","image":{"@type":"ImageObject","inLanguage":"es","@id":"https:\/\/secure.gravatar.com\/avatar\/fe0f6a059fb68d9b3e11bc5850dd4899b1c7492091a3cb6dd9b01b56ad828be2?s=96&d=mm&r=g","url":"https:\/\/secure.gravatar.com\/avatar\/fe0f6a059fb68d9b3e11bc5850dd4899b1c7492091a3cb6dd9b01b56ad828be2?s=96&d=mm&r=g","contentUrl":"https:\/\/secure.gravatar.com\/avatar\/fe0f6a059fb68d9b3e11bc5850dd4899b1c7492091a3cb6dd9b01b56ad828be2?s=96&d=mm&r=g","caption":"Exaudi Redacci\u00f3n"},"description":"\u00bfQu\u00e9 es Exaudi News? Exaudi News es un medio de comunicaci\u00f3n cat\u00f3lico internacional que informa, forma y transforma, diariamente en espa\u00f1ol, ingl\u00e9s e italiano. A trav\u00e9s de noticias, art\u00edculos de an\u00e1lisis y transmisiones en directo de los eventos del Papa, Exaudi busca fortalecer la unidad de los cristianos y contribuir a la evangelizaci\u00f3n del mundo, siempre guiados por la doctrina social de la Iglesia. Trabajamos para acercar la verdad y los valores cristianos a cada rinc\u00f3n del planeta. \u00a1Ay\u00fadanos a transformar el mundo con Exaudi! En Exaudi creemos que la evangelizaci\u00f3n y la informaci\u00f3n de calidad pueden cambiar vidas. Para continuar con nuestra misi\u00f3n y expandir nuestro alcance, necesitamos tu ayuda. Adem\u00e1s, buscamos personas comprometidas que deseen unirse a nuestro equipo. Con tu apoyo, lograremos llegar a m\u00e1s personas, difundir el mensaje de Cristo y reforzar la unidad de los cristianos. \u00bfTe unes a nuestra misi\u00f3n? Para m\u00e1s informaci\u00f3n sobre c\u00f3mo colaborar, visita Exaudi.org\/es o cont\u00e1ctanos directamente: info@exaudi.org Exaudi: Informa, forma y transforma.","sameAs":["https:\/\/www.facebook.com\/ExaudiNoticias\/","https:\/\/www.instagram.com\/exaudi_noticias\/","https:\/\/x.com\/Exaudi_noticias","https:\/\/www.youtube.com\/@exaudicatholicnews"],"url":"https:\/\/exaudi.org\/es\/author\/redaccionexaudi\/"}]}},"jetpack_featured_media_url":"https:\/\/exaudi.org\/wp-content\/uploads\/2025\/07\/gines.jpg","jetpack_shortlink":"https:\/\/wp.me\/pgKjF2-xJT","_links":{"self":[{"href":"https:\/\/exaudi.org\/es\/wp-json\/wp\/v2\/posts\/129697","targetHints":{"allow":["GET"]}}],"collection":[{"href":"https:\/\/exaudi.org\/es\/wp-json\/wp\/v2\/posts"}],"about":[{"href":"https:\/\/exaudi.org\/es\/wp-json\/wp\/v2\/types\/post"}],"author":[{"embeddable":true,"href":"https:\/\/exaudi.org\/es\/wp-json\/wp\/v2\/users\/15"}],"replies":[{"embeddable":true,"href":"https:\/\/exaudi.org\/es\/wp-json\/wp\/v2\/comments?post=129697"}],"version-history":[{"count":0,"href":"https:\/\/exaudi.org\/es\/wp-json\/wp\/v2\/posts\/129697\/revisions"}],"wp:featuredmedia":[{"embeddable":true,"href":"https:\/\/exaudi.org\/es\/wp-json\/wp\/v2\/media\/129698"}],"wp:attachment":[{"href":"https:\/\/exaudi.org\/es\/wp-json\/wp\/v2\/media?parent=129697"}],"wp:term":[{"taxonomy":"category","embeddable":true,"href":"https:\/\/exaudi.org\/es\/wp-json\/wp\/v2\/categories?post=129697"},{"taxonomy":"post_tag","embeddable":true,"href":"https:\/\/exaudi.org\/es\/wp-json\/wp\/v2\/tags?post=129697"}],"curies":[{"name":"wp","href":"https:\/\/api.w.org\/{rel}","templated":true}]}}