{"id":129348,"date":"2025-07-03T10:44:12","date_gmt":"2025-07-03T08:44:12","guid":{"rendered":"https:\/\/exaudi.org\/?p=129348"},"modified":"2025-07-03T10:44:12","modified_gmt":"2025-07-03T08:44:12","slug":"el-papa-la-santa-madre-de-dios-esta-con-nosotros-rezo-para-que-la-paz-vuelva-cuanto-antes-a-vuestra-patria","status":"publish","type":"post","link":"https:\/\/exaudi.org\/es\/el-papa-la-santa-madre-de-dios-esta-con-nosotros-rezo-para-que-la-paz-vuelva-cuanto-antes-a-vuestra-patria\/","title":{"rendered":"El Papa: La Santa Madre de Dios est\u00e1 con nosotros, rezo para que la paz vuelva cuanto antes a vuestra patria."},"content":{"rendered":"<p>Este mi\u00e9rcoles 2 de julio de 2025, en la Sala del Concilio del Palacio Apost\u00f3lico Vaticano, el Santo Padre Le\u00f3n XIV ha recibido en audiencia a los miembros del S\u00ednodo de la Iglesia greco-cat\u00f3lica ucraniano.<\/p>\n<p>El Papa recuerda el encuentro con los fieles ucranianos en San Pedro y les pide que reciten juntos el canto del Padrenuestro.<\/p>\n<p>A continuaci\u00f3n publicamos el discurso que el Papa ha dirigido a los presentes durante el encuentro:<\/p>\n<p>***<\/p>\n<p>En el nombre del Padre, del Hijo y del Esp\u00edritu Santo.<br \/>\n\u00a1La paz est\u00e9 con vosotros!<\/p>\n<p>Beatitud, Eminencia,<br \/>\nqueridos hermanos en el episcopado:<\/p>\n<p>Despu\u00e9s de haber saludado el s\u00e1bado pasado a los numerosos peregrinos de la Iglesia greco-cat\u00f3lica ucraniana reunidos en la Bas\u00edlica de San Pedro, hoy tengo la alegr\u00eda de encontrarme con vosotros, que est\u00e1is celebrando vuestra asamblea sinodal.<\/p>\n<p>Este momento tan importante para vosotros se desarrolla en el contexto del A\u00f1o Jubilar, que invita a todo el Pueblo de Dios a renovarse en la esperanza. Como sol\u00eda repetir el Papa Francisco, la esperanza no defrauda, porque se basa en el amor de Dios en Cristo Jes\u00fas, nuestro Se\u00f1or.<\/p>\n<p>Ciertamente, en el contexto hist\u00f3rico actual no es f\u00e1cil hablar de esperanza a vosotros y al pueblo confiado a vuestro cuidado pastoral. No es f\u00e1cil encontrar palabras de consuelo para las familias que han perdido a sus seres queridos en esta guerra sin sentido. Imagino que tambi\u00e9n lo es para vosotros, que est\u00e1is en contacto cada d\u00eda con personas heridas en el coraz\u00f3n y en la carne. A pesar de ello, recibo muchos testimonios de fe y esperanza por parte de hombres y mujeres de vuestro pueblo. Esto es se\u00f1al de la fuerza de Dios que se manifiesta en medio de los escombros de la destrucci\u00f3n.<\/p>\n<p>Soy consciente de que ten\u00e9is muchas necesidades que afrontar, tanto en el \u00e1mbito eclesial como en el humanitario. Est\u00e1is llamados a servir a Cristo en cada persona herida y angustiada que acude a vuestras comunidades pidiendo ayuda concreta.<\/p>\n<p>Estoy cerca de vosotros y, a trav\u00e9s de vosotros, estoy cerca de todos los fieles de vuestra Iglesia. Permanezcamos unidos en la \u00fanica fe y en la \u00fanica esperanza. Nuestra comuni\u00f3n es un gran misterio: es comuni\u00f3n real tambi\u00e9n con todos los hermanos y hermanas cuya vida ha sido arrancada de esta tierra, pero acogida por Dios. En \u00c9l todo vive y encuentra su pleno sentido.<\/p>\n<p>Queridos hermanos, nos reconforta siempre la certeza de que la Santa Madre de Dios est\u00e1 con nosotros, nos asiste, nos gu\u00eda hacia su Hijo, que es nuestra paz. Por su materna intercesi\u00f3n, rezo para que la paz vuelva cuanto antes a vuestra patria.<\/p>\n<p>Os doy las gracias y os bendigo de coraz\u00f3n.<\/p>\n<p>El otro d\u00eda nos gust\u00f3 mucho&#8230; [contin\u00faa en ingl\u00e9s] nos gust\u00f3 mucho el canto del \u00abPadre Nuestro\u00bb en ucraniano. Si quer\u00e9is cantar para nosotros, podr\u00edamos cantar el \u00abPadre Nuestro\u00bb.<\/p>\n<p>Cantan el \u00abPadre Nuestro\u00bb en ucraniano.<\/p>\n<p>Bendici\u00f3n del Santo Padre.<\/p>\n<p>&nbsp;<\/p>\n","protected":false},"excerpt":{"rendered":"<p>Audiencia a los obispos del S\u00ednodo de la Iglesia greco-cat\u00f3lica ucraniana<\/p>\n","protected":false},"author":15,"featured_media":129349,"comment_status":"closed","ping_status":"closed","sticky":false,"template":"","format":"standard","meta":{"_acf_changed":false,"_crdt_document":"","inline_featured_image":false,"footnotes":""},"categories":[68],"tags":[65753,168,4953],"class_list":["post-129348","post","type-post","status-publish","format-standard","has-post-thumbnail","hentry","category-leon-xiv","tag-a-los-obispos-del-sinodo-de-la-iglesia-greco-catolica-ucraniana","tag-audiencia","tag-trending-es"],"acf":[],"yoast_head":"<!-- This site is optimized with the Yoast SEO plugin v27.5 - https:\/\/yoast.com\/product\/yoast-seo-wordpress\/ -->\n<title>El Papa: La Santa Madre de Dios est\u00e1 con nosotros, rezo para que la paz vuelva cuanto antes a vuestra patria. &#8211; Exaudi<\/title>\n<meta name=\"robots\" content=\"index, follow, max-snippet:-1, max-image-preview:large, max-video-preview:-1\" \/>\n<link rel=\"canonical\" href=\"https:\/\/exaudi.org\/es\/el-papa-la-santa-madre-de-dios-esta-con-nosotros-rezo-para-que-la-paz-vuelva-cuanto-antes-a-vuestra-patria\/\" \/>\n<meta property=\"og:locale\" content=\"es_ES\" \/>\n<meta property=\"og:type\" content=\"article\" \/>\n<meta property=\"og:title\" content=\"El Papa: La Santa Madre de Dios est\u00e1 con nosotros, rezo para que la paz vuelva cuanto antes a vuestra patria. &#8211; Exaudi\" \/>\n<meta property=\"og:description\" content=\"Audiencia a los obispos del S\u00ednodo de la Iglesia greco-cat\u00f3lica ucraniana\" \/>\n<meta property=\"og:url\" content=\"https:\/\/exaudi.org\/es\/el-papa-la-santa-madre-de-dios-esta-con-nosotros-rezo-para-que-la-paz-vuelva-cuanto-antes-a-vuestra-patria\/\" \/>\n<meta property=\"og:site_name\" content=\"Exaudi\" \/>\n<meta property=\"article:publisher\" content=\"https:\/\/www.facebook.com\/ExaudiNews\" \/>\n<meta property=\"article:author\" content=\"https:\/\/www.facebook.com\/ExaudiNoticias\/\" \/>\n<meta property=\"article:published_time\" content=\"2025-07-03T08:44:12+00:00\" \/>\n<meta property=\"og:image\" content=\"https:\/\/exaudi.org\/wp-content\/uploads\/2025\/07\/cq5dam.web_.800.800-2025-07-03T104321.211.jpeg\" \/>\n\t<meta property=\"og:image:width\" content=\"800\" \/>\n\t<meta property=\"og:image:height\" content=\"533\" \/>\n\t<meta property=\"og:image:type\" content=\"image\/jpeg\" \/>\n<meta name=\"author\" content=\"Exaudi Redacci\u00f3n\" \/>\n<meta name=\"twitter:card\" content=\"summary_large_image\" \/>\n<meta name=\"twitter:creator\" content=\"@Exaudi_noticias\" \/>\n<meta name=\"twitter:site\" content=\"@Exaudi_News\" \/>\n<meta name=\"twitter:label1\" content=\"Escrito por\" \/>\n\t<meta name=\"twitter:data1\" content=\"Exaudi Redacci\u00f3n\" \/>\n\t<meta name=\"twitter:label2\" content=\"Tiempo de lectura\" \/>\n\t<meta name=\"twitter:data2\" content=\"3 minutos\" \/>\n<script type=\"application\/ld+json\" class=\"yoast-schema-graph\">{\"@context\":\"https:\\\/\\\/schema.org\",\"@graph\":[{\"@type\":\"Article\",\"@id\":\"https:\\\/\\\/exaudi.org\\\/es\\\/el-papa-la-santa-madre-de-dios-esta-con-nosotros-rezo-para-que-la-paz-vuelva-cuanto-antes-a-vuestra-patria\\\/#article\",\"isPartOf\":{\"@id\":\"https:\\\/\\\/exaudi.org\\\/es\\\/el-papa-la-santa-madre-de-dios-esta-con-nosotros-rezo-para-que-la-paz-vuelva-cuanto-antes-a-vuestra-patria\\\/\"},\"author\":{\"name\":\"Exaudi Redacci\u00f3n\",\"@id\":\"https:\\\/\\\/exaudi.org\\\/#\\\/schema\\\/person\\\/f5fc8f063065e38742da7afe15f25df7\"},\"headline\":\"El Papa: La Santa Madre de Dios est\u00e1 con nosotros, rezo para que la paz vuelva cuanto antes a vuestra patria.\",\"datePublished\":\"2025-07-03T08:44:12+00:00\",\"mainEntityOfPage\":{\"@id\":\"https:\\\/\\\/exaudi.org\\\/es\\\/el-papa-la-santa-madre-de-dios-esta-con-nosotros-rezo-para-que-la-paz-vuelva-cuanto-antes-a-vuestra-patria\\\/\"},\"wordCount\":545,\"image\":{\"@id\":\"https:\\\/\\\/exaudi.org\\\/es\\\/el-papa-la-santa-madre-de-dios-esta-con-nosotros-rezo-para-que-la-paz-vuelva-cuanto-antes-a-vuestra-patria\\\/#primaryimage\"},\"thumbnailUrl\":\"https:\\\/\\\/exaudi.org\\\/wp-content\\\/uploads\\\/2025\\\/07\\\/cq5dam.web_.800.800-2025-07-03T104321.211.jpeg\",\"keywords\":[\"A los obispos del S\u00ednodo de la Iglesia greco-cat\u00f3lica ucraniana\",\"audiencia\",\"Trending\"],\"articleSection\":[\"Le\u00f3n XIV\"],\"inLanguage\":\"es\"},{\"@type\":\"WebPage\",\"@id\":\"https:\\\/\\\/exaudi.org\\\/es\\\/el-papa-la-santa-madre-de-dios-esta-con-nosotros-rezo-para-que-la-paz-vuelva-cuanto-antes-a-vuestra-patria\\\/\",\"url\":\"https:\\\/\\\/exaudi.org\\\/es\\\/el-papa-la-santa-madre-de-dios-esta-con-nosotros-rezo-para-que-la-paz-vuelva-cuanto-antes-a-vuestra-patria\\\/\",\"name\":\"El Papa: La Santa Madre de Dios est\u00e1 con nosotros, rezo para que la paz vuelva cuanto antes a vuestra patria. &#8211; Exaudi\",\"isPartOf\":{\"@id\":\"https:\\\/\\\/exaudi.org\\\/#website\"},\"primaryImageOfPage\":{\"@id\":\"https:\\\/\\\/exaudi.org\\\/es\\\/el-papa-la-santa-madre-de-dios-esta-con-nosotros-rezo-para-que-la-paz-vuelva-cuanto-antes-a-vuestra-patria\\\/#primaryimage\"},\"image\":{\"@id\":\"https:\\\/\\\/exaudi.org\\\/es\\\/el-papa-la-santa-madre-de-dios-esta-con-nosotros-rezo-para-que-la-paz-vuelva-cuanto-antes-a-vuestra-patria\\\/#primaryimage\"},\"thumbnailUrl\":\"https:\\\/\\\/exaudi.org\\\/wp-content\\\/uploads\\\/2025\\\/07\\\/cq5dam.web_.800.800-2025-07-03T104321.211.jpeg\",\"datePublished\":\"2025-07-03T08:44:12+00:00\",\"author\":{\"@id\":\"https:\\\/\\\/exaudi.org\\\/#\\\/schema\\\/person\\\/f5fc8f063065e38742da7afe15f25df7\"},\"breadcrumb\":{\"@id\":\"https:\\\/\\\/exaudi.org\\\/es\\\/el-papa-la-santa-madre-de-dios-esta-con-nosotros-rezo-para-que-la-paz-vuelva-cuanto-antes-a-vuestra-patria\\\/#breadcrumb\"},\"inLanguage\":\"es\",\"potentialAction\":[{\"@type\":\"ReadAction\",\"target\":[\"https:\\\/\\\/exaudi.org\\\/es\\\/el-papa-la-santa-madre-de-dios-esta-con-nosotros-rezo-para-que-la-paz-vuelva-cuanto-antes-a-vuestra-patria\\\/\"]}]},{\"@type\":\"ImageObject\",\"inLanguage\":\"es\",\"@id\":\"https:\\\/\\\/exaudi.org\\\/es\\\/el-papa-la-santa-madre-de-dios-esta-con-nosotros-rezo-para-que-la-paz-vuelva-cuanto-antes-a-vuestra-patria\\\/#primaryimage\",\"url\":\"https:\\\/\\\/exaudi.org\\\/wp-content\\\/uploads\\\/2025\\\/07\\\/cq5dam.web_.800.800-2025-07-03T104321.211.jpeg\",\"contentUrl\":\"https:\\\/\\\/exaudi.org\\\/wp-content\\\/uploads\\\/2025\\\/07\\\/cq5dam.web_.800.800-2025-07-03T104321.211.jpeg\",\"width\":800,\"height\":533},{\"@type\":\"BreadcrumbList\",\"@id\":\"https:\\\/\\\/exaudi.org\\\/es\\\/el-papa-la-santa-madre-de-dios-esta-con-nosotros-rezo-para-que-la-paz-vuelva-cuanto-antes-a-vuestra-patria\\\/#breadcrumb\",\"itemListElement\":[{\"@type\":\"ListItem\",\"position\":1,\"name\":\"Portada\",\"item\":\"https:\\\/\\\/exaudi.org\\\/es\\\/\"},{\"@type\":\"ListItem\",\"position\":2,\"name\":\"El Papa: La Santa Madre de Dios est\u00e1 con nosotros, rezo para que la paz vuelva cuanto antes a vuestra patria.\"}]},{\"@type\":\"WebSite\",\"@id\":\"https:\\\/\\\/exaudi.org\\\/#website\",\"url\":\"https:\\\/\\\/exaudi.org\\\/\",\"name\":\"Exaudi\",\"description\":\"News\",\"potentialAction\":[{\"@type\":\"SearchAction\",\"target\":{\"@type\":\"EntryPoint\",\"urlTemplate\":\"https:\\\/\\\/exaudi.org\\\/?s={search_term_string}\"},\"query-input\":{\"@type\":\"PropertyValueSpecification\",\"valueRequired\":true,\"valueName\":\"search_term_string\"}}],\"inLanguage\":\"es\"},{\"@type\":\"Person\",\"@id\":\"https:\\\/\\\/exaudi.org\\\/#\\\/schema\\\/person\\\/f5fc8f063065e38742da7afe15f25df7\",\"name\":\"Exaudi Redacci\u00f3n\",\"image\":{\"@type\":\"ImageObject\",\"inLanguage\":\"es\",\"@id\":\"https:\\\/\\\/secure.gravatar.com\\\/avatar\\\/fe0f6a059fb68d9b3e11bc5850dd4899b1c7492091a3cb6dd9b01b56ad828be2?s=96&d=mm&r=g\",\"url\":\"https:\\\/\\\/secure.gravatar.com\\\/avatar\\\/fe0f6a059fb68d9b3e11bc5850dd4899b1c7492091a3cb6dd9b01b56ad828be2?s=96&d=mm&r=g\",\"contentUrl\":\"https:\\\/\\\/secure.gravatar.com\\\/avatar\\\/fe0f6a059fb68d9b3e11bc5850dd4899b1c7492091a3cb6dd9b01b56ad828be2?s=96&d=mm&r=g\",\"caption\":\"Exaudi Redacci\u00f3n\"},\"description\":\"\u00bfQu\u00e9 es Exaudi News? Exaudi News es un medio de comunicaci\u00f3n cat\u00f3lico internacional que informa, forma y transforma, diariamente en espa\u00f1ol, ingl\u00e9s e italiano. A trav\u00e9s de noticias, art\u00edculos de an\u00e1lisis y transmisiones en directo de los eventos del Papa, Exaudi busca fortalecer la unidad de los cristianos y contribuir a la evangelizaci\u00f3n del mundo, siempre guiados por la doctrina social de la Iglesia. Trabajamos para acercar la verdad y los valores cristianos a cada rinc\u00f3n del planeta. \u00a1Ay\u00fadanos a transformar el mundo con Exaudi! En Exaudi creemos que la evangelizaci\u00f3n y la informaci\u00f3n de calidad pueden cambiar vidas. Para continuar con nuestra misi\u00f3n y expandir nuestro alcance, necesitamos tu ayuda. Adem\u00e1s, buscamos personas comprometidas que deseen unirse a nuestro equipo. Con tu apoyo, lograremos llegar a m\u00e1s personas, difundir el mensaje de Cristo y reforzar la unidad de los cristianos. \u00bfTe unes a nuestra misi\u00f3n? Para m\u00e1s informaci\u00f3n sobre c\u00f3mo colaborar, visita Exaudi.org\\\/es o cont\u00e1ctanos directamente: info@exaudi.org Exaudi: Informa, forma y transforma.\",\"sameAs\":[\"https:\\\/\\\/www.facebook.com\\\/ExaudiNoticias\\\/\",\"https:\\\/\\\/www.instagram.com\\\/exaudi_noticias\\\/\",\"https:\\\/\\\/x.com\\\/Exaudi_noticias\",\"https:\\\/\\\/www.youtube.com\\\/@exaudicatholicnews\"],\"url\":\"https:\\\/\\\/exaudi.org\\\/es\\\/author\\\/redaccionexaudi\\\/\"}]}<\/script>\n<!-- \/ Yoast SEO plugin. -->","yoast_head_json":{"title":"El Papa: La Santa Madre de Dios est\u00e1 con nosotros, rezo para que la paz vuelva cuanto antes a vuestra patria. &#8211; Exaudi","robots":{"index":"index","follow":"follow","max-snippet":"max-snippet:-1","max-image-preview":"max-image-preview:large","max-video-preview":"max-video-preview:-1"},"canonical":"https:\/\/exaudi.org\/es\/el-papa-la-santa-madre-de-dios-esta-con-nosotros-rezo-para-que-la-paz-vuelva-cuanto-antes-a-vuestra-patria\/","og_locale":"es_ES","og_type":"article","og_title":"El Papa: La Santa Madre de Dios est\u00e1 con nosotros, rezo para que la paz vuelva cuanto antes a vuestra patria. &#8211; Exaudi","og_description":"Audiencia a los obispos del S\u00ednodo de la Iglesia greco-cat\u00f3lica ucraniana","og_url":"https:\/\/exaudi.org\/es\/el-papa-la-santa-madre-de-dios-esta-con-nosotros-rezo-para-que-la-paz-vuelva-cuanto-antes-a-vuestra-patria\/","og_site_name":"Exaudi","article_publisher":"https:\/\/www.facebook.com\/ExaudiNews","article_author":"https:\/\/www.facebook.com\/ExaudiNoticias\/","article_published_time":"2025-07-03T08:44:12+00:00","og_image":[{"width":800,"height":533,"url":"https:\/\/exaudi.org\/wp-content\/uploads\/2025\/07\/cq5dam.web_.800.800-2025-07-03T104321.211.jpeg","type":"image\/jpeg"}],"author":"Exaudi Redacci\u00f3n","twitter_card":"summary_large_image","twitter_creator":"@Exaudi_noticias","twitter_site":"@Exaudi_News","twitter_misc":{"Escrito por":"Exaudi Redacci\u00f3n","Tiempo de lectura":"3 minutos"},"schema":{"@context":"https:\/\/schema.org","@graph":[{"@type":"Article","@id":"https:\/\/exaudi.org\/es\/el-papa-la-santa-madre-de-dios-esta-con-nosotros-rezo-para-que-la-paz-vuelva-cuanto-antes-a-vuestra-patria\/#article","isPartOf":{"@id":"https:\/\/exaudi.org\/es\/el-papa-la-santa-madre-de-dios-esta-con-nosotros-rezo-para-que-la-paz-vuelva-cuanto-antes-a-vuestra-patria\/"},"author":{"name":"Exaudi Redacci\u00f3n","@id":"https:\/\/exaudi.org\/#\/schema\/person\/f5fc8f063065e38742da7afe15f25df7"},"headline":"El Papa: La Santa Madre de Dios est\u00e1 con nosotros, rezo para que la paz vuelva cuanto antes a vuestra patria.","datePublished":"2025-07-03T08:44:12+00:00","mainEntityOfPage":{"@id":"https:\/\/exaudi.org\/es\/el-papa-la-santa-madre-de-dios-esta-con-nosotros-rezo-para-que-la-paz-vuelva-cuanto-antes-a-vuestra-patria\/"},"wordCount":545,"image":{"@id":"https:\/\/exaudi.org\/es\/el-papa-la-santa-madre-de-dios-esta-con-nosotros-rezo-para-que-la-paz-vuelva-cuanto-antes-a-vuestra-patria\/#primaryimage"},"thumbnailUrl":"https:\/\/exaudi.org\/wp-content\/uploads\/2025\/07\/cq5dam.web_.800.800-2025-07-03T104321.211.jpeg","keywords":["A los obispos del S\u00ednodo de la Iglesia greco-cat\u00f3lica ucraniana","audiencia","Trending"],"articleSection":["Le\u00f3n XIV"],"inLanguage":"es"},{"@type":"WebPage","@id":"https:\/\/exaudi.org\/es\/el-papa-la-santa-madre-de-dios-esta-con-nosotros-rezo-para-que-la-paz-vuelva-cuanto-antes-a-vuestra-patria\/","url":"https:\/\/exaudi.org\/es\/el-papa-la-santa-madre-de-dios-esta-con-nosotros-rezo-para-que-la-paz-vuelva-cuanto-antes-a-vuestra-patria\/","name":"El Papa: La Santa Madre de Dios est\u00e1 con nosotros, rezo para que la paz vuelva cuanto antes a vuestra patria. &#8211; Exaudi","isPartOf":{"@id":"https:\/\/exaudi.org\/#website"},"primaryImageOfPage":{"@id":"https:\/\/exaudi.org\/es\/el-papa-la-santa-madre-de-dios-esta-con-nosotros-rezo-para-que-la-paz-vuelva-cuanto-antes-a-vuestra-patria\/#primaryimage"},"image":{"@id":"https:\/\/exaudi.org\/es\/el-papa-la-santa-madre-de-dios-esta-con-nosotros-rezo-para-que-la-paz-vuelva-cuanto-antes-a-vuestra-patria\/#primaryimage"},"thumbnailUrl":"https:\/\/exaudi.org\/wp-content\/uploads\/2025\/07\/cq5dam.web_.800.800-2025-07-03T104321.211.jpeg","datePublished":"2025-07-03T08:44:12+00:00","author":{"@id":"https:\/\/exaudi.org\/#\/schema\/person\/f5fc8f063065e38742da7afe15f25df7"},"breadcrumb":{"@id":"https:\/\/exaudi.org\/es\/el-papa-la-santa-madre-de-dios-esta-con-nosotros-rezo-para-que-la-paz-vuelva-cuanto-antes-a-vuestra-patria\/#breadcrumb"},"inLanguage":"es","potentialAction":[{"@type":"ReadAction","target":["https:\/\/exaudi.org\/es\/el-papa-la-santa-madre-de-dios-esta-con-nosotros-rezo-para-que-la-paz-vuelva-cuanto-antes-a-vuestra-patria\/"]}]},{"@type":"ImageObject","inLanguage":"es","@id":"https:\/\/exaudi.org\/es\/el-papa-la-santa-madre-de-dios-esta-con-nosotros-rezo-para-que-la-paz-vuelva-cuanto-antes-a-vuestra-patria\/#primaryimage","url":"https:\/\/exaudi.org\/wp-content\/uploads\/2025\/07\/cq5dam.web_.800.800-2025-07-03T104321.211.jpeg","contentUrl":"https:\/\/exaudi.org\/wp-content\/uploads\/2025\/07\/cq5dam.web_.800.800-2025-07-03T104321.211.jpeg","width":800,"height":533},{"@type":"BreadcrumbList","@id":"https:\/\/exaudi.org\/es\/el-papa-la-santa-madre-de-dios-esta-con-nosotros-rezo-para-que-la-paz-vuelva-cuanto-antes-a-vuestra-patria\/#breadcrumb","itemListElement":[{"@type":"ListItem","position":1,"name":"Portada","item":"https:\/\/exaudi.org\/es\/"},{"@type":"ListItem","position":2,"name":"El Papa: La Santa Madre de Dios est\u00e1 con nosotros, rezo para que la paz vuelva cuanto antes a vuestra patria."}]},{"@type":"WebSite","@id":"https:\/\/exaudi.org\/#website","url":"https:\/\/exaudi.org\/","name":"Exaudi","description":"News","potentialAction":[{"@type":"SearchAction","target":{"@type":"EntryPoint","urlTemplate":"https:\/\/exaudi.org\/?s={search_term_string}"},"query-input":{"@type":"PropertyValueSpecification","valueRequired":true,"valueName":"search_term_string"}}],"inLanguage":"es"},{"@type":"Person","@id":"https:\/\/exaudi.org\/#\/schema\/person\/f5fc8f063065e38742da7afe15f25df7","name":"Exaudi Redacci\u00f3n","image":{"@type":"ImageObject","inLanguage":"es","@id":"https:\/\/secure.gravatar.com\/avatar\/fe0f6a059fb68d9b3e11bc5850dd4899b1c7492091a3cb6dd9b01b56ad828be2?s=96&d=mm&r=g","url":"https:\/\/secure.gravatar.com\/avatar\/fe0f6a059fb68d9b3e11bc5850dd4899b1c7492091a3cb6dd9b01b56ad828be2?s=96&d=mm&r=g","contentUrl":"https:\/\/secure.gravatar.com\/avatar\/fe0f6a059fb68d9b3e11bc5850dd4899b1c7492091a3cb6dd9b01b56ad828be2?s=96&d=mm&r=g","caption":"Exaudi Redacci\u00f3n"},"description":"\u00bfQu\u00e9 es Exaudi News? Exaudi News es un medio de comunicaci\u00f3n cat\u00f3lico internacional que informa, forma y transforma, diariamente en espa\u00f1ol, ingl\u00e9s e italiano. A trav\u00e9s de noticias, art\u00edculos de an\u00e1lisis y transmisiones en directo de los eventos del Papa, Exaudi busca fortalecer la unidad de los cristianos y contribuir a la evangelizaci\u00f3n del mundo, siempre guiados por la doctrina social de la Iglesia. Trabajamos para acercar la verdad y los valores cristianos a cada rinc\u00f3n del planeta. \u00a1Ay\u00fadanos a transformar el mundo con Exaudi! En Exaudi creemos que la evangelizaci\u00f3n y la informaci\u00f3n de calidad pueden cambiar vidas. Para continuar con nuestra misi\u00f3n y expandir nuestro alcance, necesitamos tu ayuda. Adem\u00e1s, buscamos personas comprometidas que deseen unirse a nuestro equipo. Con tu apoyo, lograremos llegar a m\u00e1s personas, difundir el mensaje de Cristo y reforzar la unidad de los cristianos. \u00bfTe unes a nuestra misi\u00f3n? Para m\u00e1s informaci\u00f3n sobre c\u00f3mo colaborar, visita Exaudi.org\/es o cont\u00e1ctanos directamente: info@exaudi.org Exaudi: Informa, forma y transforma.","sameAs":["https:\/\/www.facebook.com\/ExaudiNoticias\/","https:\/\/www.instagram.com\/exaudi_noticias\/","https:\/\/x.com\/Exaudi_noticias","https:\/\/www.youtube.com\/@exaudicatholicnews"],"url":"https:\/\/exaudi.org\/es\/author\/redaccionexaudi\/"}]}},"jetpack_featured_media_url":"https:\/\/exaudi.org\/wp-content\/uploads\/2025\/07\/cq5dam.web_.800.800-2025-07-03T104321.211.jpeg","jetpack_shortlink":"https:\/\/wp.me\/pgKjF2-xEg","_links":{"self":[{"href":"https:\/\/exaudi.org\/es\/wp-json\/wp\/v2\/posts\/129348","targetHints":{"allow":["GET"]}}],"collection":[{"href":"https:\/\/exaudi.org\/es\/wp-json\/wp\/v2\/posts"}],"about":[{"href":"https:\/\/exaudi.org\/es\/wp-json\/wp\/v2\/types\/post"}],"author":[{"embeddable":true,"href":"https:\/\/exaudi.org\/es\/wp-json\/wp\/v2\/users\/15"}],"replies":[{"embeddable":true,"href":"https:\/\/exaudi.org\/es\/wp-json\/wp\/v2\/comments?post=129348"}],"version-history":[{"count":0,"href":"https:\/\/exaudi.org\/es\/wp-json\/wp\/v2\/posts\/129348\/revisions"}],"wp:featuredmedia":[{"embeddable":true,"href":"https:\/\/exaudi.org\/es\/wp-json\/wp\/v2\/media\/129349"}],"wp:attachment":[{"href":"https:\/\/exaudi.org\/es\/wp-json\/wp\/v2\/media?parent=129348"}],"wp:term":[{"taxonomy":"category","embeddable":true,"href":"https:\/\/exaudi.org\/es\/wp-json\/wp\/v2\/categories?post=129348"},{"taxonomy":"post_tag","embeddable":true,"href":"https:\/\/exaudi.org\/es\/wp-json\/wp\/v2\/tags?post=129348"}],"curies":[{"name":"wp","href":"https:\/\/api.w.org\/{rel}","templated":true}]}}