{"id":129265,"date":"2025-07-02T08:00:56","date_gmt":"2025-07-02T06:00:56","guid":{"rendered":"https:\/\/exaudi.org\/?p=129265"},"modified":"2025-07-01T17:05:09","modified_gmt":"2025-07-01T15:05:09","slug":"cuando-fallan-los-cuidados-avanza-la-eutanasia-una-pendiente-resbaladiza-en-espana","status":"publish","type":"post","link":"https:\/\/exaudi.org\/es\/cuando-fallan-los-cuidados-avanza-la-eutanasia-una-pendiente-resbaladiza-en-espana\/","title":{"rendered":"Cuando fallan los cuidados, avanza la eutanasia: una pendiente resbaladiza en Espa\u00f1a"},"content":{"rendered":"<p class=\"ai-optimize-6\">M\u00e1s de 1.000 personas han logrado ayuda para morir en Espa\u00f1a desde la entrada en vigor de la\u00a0<strong><a href=\"https:\/\/www.boe.es\/diario_boe\/txt.php?id=BOE-A-2021-4628\" target=\"_blank\" rel=\"noopener\">Ley de eutanasia<\/a><\/strong>\u00a0hace ahora cuatro a\u00f1os. En concreto, si hasta el pasado a\u00f1o pasado se realizaron un total de 1.034 eutanasias, seg\u00fan la asociaci\u00f3n Derecho a Morir Dignamente ya se habr\u00edan superado las 1.300 en lo que llevamos de 2025. En este momento se estar\u00edan aprobando m\u00e1s del 40 %de las solicitudes de ayuda para morir.<\/p>\n<p class=\"ai-optimize-7\">\u00abEstamos ante el inicio del fen\u00f3meno de la pendiente resbaladiza\u00bb, afirma Julio Tudela, director del\u00a0<strong><a href=\"https:\/\/www.observatoriobioetica.org\/\" target=\"_blank\" rel=\"noreferrer noopener\">Observatorio de Bio\u00e9tica de la Universidad Cat\u00f3lica de Valencia<\/a><\/strong>, que cuenta que \u00abhemos pasado ya la primera resistencia legal a la ilegalizaci\u00f3n de\u00a0matar a alguien deliberadamente\u00bb.<\/p>\n<p><img loading=\"lazy\" decoding=\"async\" class=\"size-full wp-image-129270 alignnone\" src=\"https:\/\/exaudi.org\/wp-content\/uploads\/2025\/07\/manos-1320x371.png.jpg\" alt=\"\" width=\"1320\" height=\"371\" srcset=\"https:\/\/exaudi.org\/wp-content\/uploads\/2025\/07\/manos-1320x371.png.jpg 1320w, https:\/\/exaudi.org\/wp-content\/uploads\/2025\/07\/manos-1320x371.png-300x84.jpg 300w, https:\/\/exaudi.org\/wp-content\/uploads\/2025\/07\/manos-1320x371.png-1024x288.jpg 1024w, https:\/\/exaudi.org\/wp-content\/uploads\/2025\/07\/manos-1320x371.png-770x216.jpg 770w, https:\/\/exaudi.org\/wp-content\/uploads\/2025\/07\/manos-1320x371.png-500x141.jpg 500w\" sizes=\"auto, (max-width: 1320px) 100vw, 1320px\" \/><\/p>\n<p class=\"ai-optimize-8\">Una vez que ya se ha pasado\u00a0\u00abla primera l\u00ednea roja\u00bb\u00a0de la aprobaci\u00f3n legal, \u00ablo que nos espera es un proceso paulatino de relajaci\u00f3n\u00bb, algo ya observado en naciones con m\u00e1s recorrido en este campo como\u00a0Pa\u00edses Bajos y B\u00e9lgica. \u00abPoco a poco se va ampliando el alcance a m\u00e1s casos de los que se permit\u00edan al principio, y as\u00ed se est\u00e1 llegando ya a pacientes sin dolor intratable, que no est\u00e1n al final de su vida, con enfermedades mentales, sin consentimiento, con depresi\u00f3n, cansados de vivir o pacientes sin patolog\u00eda alguna, e incluso se est\u00e1 aplicando la eutanasia\u00a0a menores de edad\u00bb, cuenta Tudela.<\/p>\n<p class=\"ai-optimize-9\">En\u00a0Espa\u00f1a\u00a0estamos \u00aben el punto de la relajaci\u00f3n inicial\u00bb a la hora de la\u00a0definici\u00f3n de criterios\u00a0para la aplicaci\u00f3n de eutanasia, por lo que el presidente del Observatorio de Bio\u00e9tica advierte que \u00abel peso de la decisi\u00f3n se descarga cada vez m\u00e1s en el paciente, de modo que lo importante es lo que este diga\u00a0de manera aut\u00f3noma\u00bb.<\/p>\n<p class=\"ai-optimize-10\">Despu\u00e9s de este primer paso, \u00abllega el contagio social,\u00a0<strong><a href=\"https:\/\/alfayomega.es\/la-ley-de-eutanasia-esta-produciendo-un-fenomeno-llamada\/\" target=\"_blank\" rel=\"noreferrer noopener\">el efecto mim\u00e9tico<\/a><\/strong>\u00bb, por el que \u00absi una actitud inicialmente reproblable socialmente se repite con frecuencia creciente, entonces va a modificar lapercepci\u00f3n moral\u00a0del resto de la poblaci\u00f3n\u00bb. Este fen\u00f3meno afecta ya al sector m\u00e9dico, pues \u00absi el n\u00famero de\u00a0facultativos permisivos\u00a0con la eutanasia aumenta, esto contagiar\u00e1 a sus compa\u00f1eros\u00bb.<\/p>\n<p class=\"ai-optimize-11\">Todo esto sucede \u00abcuanta menos\u00a0formaci\u00f3n \u00e9tica\u00a0tenga la sociedad, pues se limita a repetir acr\u00edticamente el comportamiento de la manada alrededor\u00bb. Para Tudela, \u00abeste es el problema de base, en la gente en general y en los facultativos\u00bb, denomin\u00e1ndolo como\u00a0\u00abanalfabetismo bio\u00e9tico\u00bb.<\/p>\n<p class=\"ai-optimize-12\">En tercer lugar, Julio Tudela denuncia \u00abel fracaso de los cuidados paliativos en Espa\u00f1a\u00bb, y cifra en\u00a070.000\u00a0los pacientes que mueren en Espa\u00f1a con\u00a0dolor intenso evitable\u00a0porque no se implementan los cuidados paliativos que necesitan. \u00abEsta es la gasolina de la eutanasia, la dejadez en tono a este tema\u00bb, lamenta, mencionando expl\u00edcitamente a los\u00a0enfermos de ELA\u00a0y una ley anunciada para ellos que a\u00fan no se ha aprobado. \u00ab\u00bfA d\u00f3nde les estamos empujando?\u00bb, concluye.<\/p>\n<ul>\n<li class=\"ai-optimize-7\"><strong><a href=\"https:\/\/alfayomega.es\/las-1-300-muertes-por-eutanasia-en-espana-reflejan-el-analfabetismo-etico-de-la-sociedad-y-de-los-medicos\/\" target=\"_blank\" rel=\"noopener\">Art\u00edculo publicado en Alfa y Omega<\/a><\/strong><\/li>\n<\/ul>\n","protected":false},"excerpt":{"rendered":"<p>El fracaso de los cuidados paliativos en Espa\u00f1a detr\u00e1s del aumento de casos de eutanasia<\/p>\n","protected":false},"author":87,"featured_media":129266,"comment_status":"closed","ping_status":"closed","sticky":false,"template":"","format":"standard","meta":{"_acf_changed":false,"_crdt_document":"","inline_featured_image":false,"footnotes":""},"categories":[72],"tags":[32049,728,65519,65524,29657,2394,65521,25133,65515,65522,65523,65516,9981,65518,10790,630,65517,65520,4953,3049],"class_list":["post-129265","post","type-post","status-publish","format-standard","has-post-thumbnail","hentry","category-analisis","tag-medicina-paliativa","tag-bioetica","tag-casos-de-eutanasia-en-espana","tag-crisis-etica-sanitaria","tag-cuidados-al-final-de-la-vida","tag-cuidados-paliativos","tag-enfermos-ela","tag-etica-medica","tag-eutanasia-en-espana","tag-eutanasia-menores","tag-eutanasia-sin-consentimiento","tag-fracaso-paliativos-espana","tag-julio-tudela","tag-ley-de-eutanasia","tag-observatorio-de-bioetica","tag-observatorio-de-bioetica-de-la-universidad-catolica-de-valencia","tag-pendiente-resbaladiza-eutanasia","tag-sufrimiento-evitable","tag-trending-es","tag-universidad-catolica-de-valencia"],"acf":[],"yoast_head":"<!-- This site is optimized with the Yoast SEO plugin v27.4 - https:\/\/yoast.com\/product\/yoast-seo-wordpress\/ -->\n<title>Cuando fallan los cuidados, avanza la eutanasia: una pendiente resbaladiza en Espa\u00f1a &#8211; Exaudi<\/title>\n<meta name=\"robots\" content=\"index, follow, max-snippet:-1, max-image-preview:large, max-video-preview:-1\" \/>\n<link rel=\"canonical\" href=\"https:\/\/exaudi.org\/es\/cuando-fallan-los-cuidados-avanza-la-eutanasia-una-pendiente-resbaladiza-en-espana\/\" \/>\n<meta property=\"og:locale\" content=\"es_ES\" \/>\n<meta property=\"og:type\" content=\"article\" \/>\n<meta property=\"og:title\" content=\"Cuando fallan los cuidados, avanza la eutanasia: una pendiente resbaladiza en Espa\u00f1a &#8211; Exaudi\" \/>\n<meta property=\"og:description\" content=\"El fracaso de los cuidados paliativos en Espa\u00f1a detr\u00e1s del aumento de casos de eutanasia\" \/>\n<meta property=\"og:url\" content=\"https:\/\/exaudi.org\/es\/cuando-fallan-los-cuidados-avanza-la-eutanasia-una-pendiente-resbaladiza-en-espana\/\" \/>\n<meta property=\"og:site_name\" content=\"Exaudi\" \/>\n<meta property=\"article:publisher\" content=\"https:\/\/www.facebook.com\/ExaudiNews\" \/>\n<meta property=\"article:author\" content=\"https:\/\/www.facebook.com\/observatoriodebioetica\/\" \/>\n<meta property=\"article:published_time\" content=\"2025-07-02T06:00:56+00:00\" \/>\n<meta property=\"og:image\" content=\"https:\/\/exaudi.org\/wp-content\/uploads\/2025\/07\/eutanasiaweb-scaled.jpg-scaled.jpg\" \/>\n\t<meta property=\"og:image:width\" content=\"2560\" \/>\n\t<meta property=\"og:image:height\" content=\"994\" \/>\n\t<meta property=\"og:image:type\" content=\"image\/jpeg\" \/>\n<meta name=\"author\" content=\"Observatorio de Bio\u00e9tica UCV\" \/>\n<meta name=\"twitter:card\" content=\"summary_large_image\" \/>\n<meta name=\"twitter:creator\" content=\"@obioetica\" \/>\n<meta name=\"twitter:site\" content=\"@Exaudi_News\" \/>\n<meta name=\"twitter:label1\" content=\"Escrito por\" \/>\n\t<meta name=\"twitter:data1\" content=\"Observatorio de Bio\u00e9tica UCV\" \/>\n\t<meta name=\"twitter:label2\" content=\"Tiempo de lectura\" \/>\n\t<meta name=\"twitter:data2\" content=\"3 minutos\" \/>\n<script type=\"application\/ld+json\" class=\"yoast-schema-graph\">{\"@context\":\"https:\\\/\\\/schema.org\",\"@graph\":[{\"@type\":\"Article\",\"@id\":\"https:\\\/\\\/exaudi.org\\\/es\\\/cuando-fallan-los-cuidados-avanza-la-eutanasia-una-pendiente-resbaladiza-en-espana\\\/#article\",\"isPartOf\":{\"@id\":\"https:\\\/\\\/exaudi.org\\\/es\\\/cuando-fallan-los-cuidados-avanza-la-eutanasia-una-pendiente-resbaladiza-en-espana\\\/\"},\"author\":{\"name\":\"Observatorio de Bio\u00e9tica UCV\",\"@id\":\"https:\\\/\\\/exaudi.org\\\/#\\\/schema\\\/person\\\/05d1c06e56ecb5490e9bff0d27026595\"},\"headline\":\"Cuando fallan los cuidados, avanza la eutanasia: una pendiente resbaladiza en Espa\u00f1a\",\"datePublished\":\"2025-07-02T06:00:56+00:00\",\"mainEntityOfPage\":{\"@id\":\"https:\\\/\\\/exaudi.org\\\/es\\\/cuando-fallan-los-cuidados-avanza-la-eutanasia-una-pendiente-resbaladiza-en-espana\\\/\"},\"wordCount\":526,\"image\":{\"@id\":\"https:\\\/\\\/exaudi.org\\\/es\\\/cuando-fallan-los-cuidados-avanza-la-eutanasia-una-pendiente-resbaladiza-en-espana\\\/#primaryimage\"},\"thumbnailUrl\":\"https:\\\/\\\/exaudi.org\\\/wp-content\\\/uploads\\\/2025\\\/07\\\/eutanasiaweb-scaled.jpg-scaled.jpg\",\"keywords\":[\"\\\"Medicina paliativa\\\"\",\"Bio\u00e9tica\",\"casos de eutanasia en Espa\u00f1a\",\"crisis \u00e9tica sanitaria\",\"Cuidados al final de la vida\",\"Cuidados paliativos\",\"enfermos ELA\",\"\u00c9tica m\u00e9dica\",\"eutanasia en Espa\u00f1a\",\"eutanasia menores\",\"eutanasia sin consentimiento\",\"fracaso paliativos Espa\u00f1a\",\"Julio Tudela\",\"ley de eutanasia\",\"Observatorio de Bio\u00e9tica\",\"Observatorio de Bio\u00e9tica de la Universidad Cat\u00f3lica de Valencia\",\"pendiente resbaladiza eutanasia\",\"sufrimiento evitable\",\"Trending\",\"Universidad Cat\u00f3lica de Valencia\"],\"articleSection\":[\"An\u00e1lisis\"],\"inLanguage\":\"es\"},{\"@type\":\"WebPage\",\"@id\":\"https:\\\/\\\/exaudi.org\\\/es\\\/cuando-fallan-los-cuidados-avanza-la-eutanasia-una-pendiente-resbaladiza-en-espana\\\/\",\"url\":\"https:\\\/\\\/exaudi.org\\\/es\\\/cuando-fallan-los-cuidados-avanza-la-eutanasia-una-pendiente-resbaladiza-en-espana\\\/\",\"name\":\"Cuando fallan los cuidados, avanza la eutanasia: una pendiente resbaladiza en Espa\u00f1a &#8211; Exaudi\",\"isPartOf\":{\"@id\":\"https:\\\/\\\/exaudi.org\\\/#website\"},\"primaryImageOfPage\":{\"@id\":\"https:\\\/\\\/exaudi.org\\\/es\\\/cuando-fallan-los-cuidados-avanza-la-eutanasia-una-pendiente-resbaladiza-en-espana\\\/#primaryimage\"},\"image\":{\"@id\":\"https:\\\/\\\/exaudi.org\\\/es\\\/cuando-fallan-los-cuidados-avanza-la-eutanasia-una-pendiente-resbaladiza-en-espana\\\/#primaryimage\"},\"thumbnailUrl\":\"https:\\\/\\\/exaudi.org\\\/wp-content\\\/uploads\\\/2025\\\/07\\\/eutanasiaweb-scaled.jpg-scaled.jpg\",\"datePublished\":\"2025-07-02T06:00:56+00:00\",\"author\":{\"@id\":\"https:\\\/\\\/exaudi.org\\\/#\\\/schema\\\/person\\\/05d1c06e56ecb5490e9bff0d27026595\"},\"breadcrumb\":{\"@id\":\"https:\\\/\\\/exaudi.org\\\/es\\\/cuando-fallan-los-cuidados-avanza-la-eutanasia-una-pendiente-resbaladiza-en-espana\\\/#breadcrumb\"},\"inLanguage\":\"es\",\"potentialAction\":[{\"@type\":\"ReadAction\",\"target\":[\"https:\\\/\\\/exaudi.org\\\/es\\\/cuando-fallan-los-cuidados-avanza-la-eutanasia-una-pendiente-resbaladiza-en-espana\\\/\"]}]},{\"@type\":\"ImageObject\",\"inLanguage\":\"es\",\"@id\":\"https:\\\/\\\/exaudi.org\\\/es\\\/cuando-fallan-los-cuidados-avanza-la-eutanasia-una-pendiente-resbaladiza-en-espana\\\/#primaryimage\",\"url\":\"https:\\\/\\\/exaudi.org\\\/wp-content\\\/uploads\\\/2025\\\/07\\\/eutanasiaweb-scaled.jpg-scaled.jpg\",\"contentUrl\":\"https:\\\/\\\/exaudi.org\\\/wp-content\\\/uploads\\\/2025\\\/07\\\/eutanasiaweb-scaled.jpg-scaled.jpg\",\"width\":2560,\"height\":994},{\"@type\":\"BreadcrumbList\",\"@id\":\"https:\\\/\\\/exaudi.org\\\/es\\\/cuando-fallan-los-cuidados-avanza-la-eutanasia-una-pendiente-resbaladiza-en-espana\\\/#breadcrumb\",\"itemListElement\":[{\"@type\":\"ListItem\",\"position\":1,\"name\":\"Portada\",\"item\":\"https:\\\/\\\/exaudi.org\\\/es\\\/\"},{\"@type\":\"ListItem\",\"position\":2,\"name\":\"Cuando fallan los cuidados, avanza la eutanasia: una pendiente resbaladiza en Espa\u00f1a\"}]},{\"@type\":\"WebSite\",\"@id\":\"https:\\\/\\\/exaudi.org\\\/#website\",\"url\":\"https:\\\/\\\/exaudi.org\\\/\",\"name\":\"Exaudi\",\"description\":\"News\",\"potentialAction\":[{\"@type\":\"SearchAction\",\"target\":{\"@type\":\"EntryPoint\",\"urlTemplate\":\"https:\\\/\\\/exaudi.org\\\/?s={search_term_string}\"},\"query-input\":{\"@type\":\"PropertyValueSpecification\",\"valueRequired\":true,\"valueName\":\"search_term_string\"}}],\"inLanguage\":\"es\"},{\"@type\":\"Person\",\"@id\":\"https:\\\/\\\/exaudi.org\\\/#\\\/schema\\\/person\\\/05d1c06e56ecb5490e9bff0d27026595\",\"name\":\"Observatorio de Bio\u00e9tica UCV\",\"image\":{\"@type\":\"ImageObject\",\"inLanguage\":\"es\",\"@id\":\"https:\\\/\\\/secure.gravatar.com\\\/avatar\\\/086563f59595a89fb0851de25d712a03657b1cdfa8af3c9cd0a1ee122fc5d596?s=96&d=mm&r=g\",\"url\":\"https:\\\/\\\/secure.gravatar.com\\\/avatar\\\/086563f59595a89fb0851de25d712a03657b1cdfa8af3c9cd0a1ee122fc5d596?s=96&d=mm&r=g\",\"contentUrl\":\"https:\\\/\\\/secure.gravatar.com\\\/avatar\\\/086563f59595a89fb0851de25d712a03657b1cdfa8af3c9cd0a1ee122fc5d596?s=96&d=mm&r=g\",\"caption\":\"Observatorio de Bio\u00e9tica UCV\"},\"description\":\"El Observatorio de Bio\u00e9tica se encuentra dentro del Instituto Ciencias de la vida de la Universidad Cat\u00f3lica de Valencia \u201cSan Vicente M\u00e1rtir\u201d . En el trasfondo de sus publicaciones, se defiende la vida humana desde la fecundaci\u00f3n a la muerte natural y la dignidad de la persona, teniendo como objetivo aunar esfuerzos para difundir la cultura de la vida como la define la Evangelium Vitae.\",\"sameAs\":[\"https:\\\/\\\/www.observatoriobioetica.org\\\/\",\"https:\\\/\\\/www.facebook.com\\\/observatoriodebioetica\\\/\",\"https:\\\/\\\/x.com\\\/obioetica\",\"https:\\\/\\\/www.youtube.com\\\/channel\\\/UC_Tr4WS5-TXoNo5e1MdQc7w\"],\"url\":\"https:\\\/\\\/exaudi.org\\\/es\\\/author\\\/observatoriodebioeticaucv\\\/\"}]}<\/script>\n<!-- \/ Yoast SEO plugin. -->","yoast_head_json":{"title":"Cuando fallan los cuidados, avanza la eutanasia: una pendiente resbaladiza en Espa\u00f1a &#8211; Exaudi","robots":{"index":"index","follow":"follow","max-snippet":"max-snippet:-1","max-image-preview":"max-image-preview:large","max-video-preview":"max-video-preview:-1"},"canonical":"https:\/\/exaudi.org\/es\/cuando-fallan-los-cuidados-avanza-la-eutanasia-una-pendiente-resbaladiza-en-espana\/","og_locale":"es_ES","og_type":"article","og_title":"Cuando fallan los cuidados, avanza la eutanasia: una pendiente resbaladiza en Espa\u00f1a &#8211; Exaudi","og_description":"El fracaso de los cuidados paliativos en Espa\u00f1a detr\u00e1s del aumento de casos de eutanasia","og_url":"https:\/\/exaudi.org\/es\/cuando-fallan-los-cuidados-avanza-la-eutanasia-una-pendiente-resbaladiza-en-espana\/","og_site_name":"Exaudi","article_publisher":"https:\/\/www.facebook.com\/ExaudiNews","article_author":"https:\/\/www.facebook.com\/observatoriodebioetica\/","article_published_time":"2025-07-02T06:00:56+00:00","og_image":[{"width":2560,"height":994,"url":"https:\/\/exaudi.org\/wp-content\/uploads\/2025\/07\/eutanasiaweb-scaled.jpg-scaled.jpg","type":"image\/jpeg"}],"author":"Observatorio de Bio\u00e9tica UCV","twitter_card":"summary_large_image","twitter_creator":"@obioetica","twitter_site":"@Exaudi_News","twitter_misc":{"Escrito por":"Observatorio de Bio\u00e9tica UCV","Tiempo de lectura":"3 minutos"},"schema":{"@context":"https:\/\/schema.org","@graph":[{"@type":"Article","@id":"https:\/\/exaudi.org\/es\/cuando-fallan-los-cuidados-avanza-la-eutanasia-una-pendiente-resbaladiza-en-espana\/#article","isPartOf":{"@id":"https:\/\/exaudi.org\/es\/cuando-fallan-los-cuidados-avanza-la-eutanasia-una-pendiente-resbaladiza-en-espana\/"},"author":{"name":"Observatorio de Bio\u00e9tica UCV","@id":"https:\/\/exaudi.org\/#\/schema\/person\/05d1c06e56ecb5490e9bff0d27026595"},"headline":"Cuando fallan los cuidados, avanza la eutanasia: una pendiente resbaladiza en Espa\u00f1a","datePublished":"2025-07-02T06:00:56+00:00","mainEntityOfPage":{"@id":"https:\/\/exaudi.org\/es\/cuando-fallan-los-cuidados-avanza-la-eutanasia-una-pendiente-resbaladiza-en-espana\/"},"wordCount":526,"image":{"@id":"https:\/\/exaudi.org\/es\/cuando-fallan-los-cuidados-avanza-la-eutanasia-una-pendiente-resbaladiza-en-espana\/#primaryimage"},"thumbnailUrl":"https:\/\/exaudi.org\/wp-content\/uploads\/2025\/07\/eutanasiaweb-scaled.jpg-scaled.jpg","keywords":["\"Medicina paliativa\"","Bio\u00e9tica","casos de eutanasia en Espa\u00f1a","crisis \u00e9tica sanitaria","Cuidados al final de la vida","Cuidados paliativos","enfermos ELA","\u00c9tica m\u00e9dica","eutanasia en Espa\u00f1a","eutanasia menores","eutanasia sin consentimiento","fracaso paliativos Espa\u00f1a","Julio Tudela","ley de eutanasia","Observatorio de Bio\u00e9tica","Observatorio de Bio\u00e9tica de la Universidad Cat\u00f3lica de Valencia","pendiente resbaladiza eutanasia","sufrimiento evitable","Trending","Universidad Cat\u00f3lica de Valencia"],"articleSection":["An\u00e1lisis"],"inLanguage":"es"},{"@type":"WebPage","@id":"https:\/\/exaudi.org\/es\/cuando-fallan-los-cuidados-avanza-la-eutanasia-una-pendiente-resbaladiza-en-espana\/","url":"https:\/\/exaudi.org\/es\/cuando-fallan-los-cuidados-avanza-la-eutanasia-una-pendiente-resbaladiza-en-espana\/","name":"Cuando fallan los cuidados, avanza la eutanasia: una pendiente resbaladiza en Espa\u00f1a &#8211; Exaudi","isPartOf":{"@id":"https:\/\/exaudi.org\/#website"},"primaryImageOfPage":{"@id":"https:\/\/exaudi.org\/es\/cuando-fallan-los-cuidados-avanza-la-eutanasia-una-pendiente-resbaladiza-en-espana\/#primaryimage"},"image":{"@id":"https:\/\/exaudi.org\/es\/cuando-fallan-los-cuidados-avanza-la-eutanasia-una-pendiente-resbaladiza-en-espana\/#primaryimage"},"thumbnailUrl":"https:\/\/exaudi.org\/wp-content\/uploads\/2025\/07\/eutanasiaweb-scaled.jpg-scaled.jpg","datePublished":"2025-07-02T06:00:56+00:00","author":{"@id":"https:\/\/exaudi.org\/#\/schema\/person\/05d1c06e56ecb5490e9bff0d27026595"},"breadcrumb":{"@id":"https:\/\/exaudi.org\/es\/cuando-fallan-los-cuidados-avanza-la-eutanasia-una-pendiente-resbaladiza-en-espana\/#breadcrumb"},"inLanguage":"es","potentialAction":[{"@type":"ReadAction","target":["https:\/\/exaudi.org\/es\/cuando-fallan-los-cuidados-avanza-la-eutanasia-una-pendiente-resbaladiza-en-espana\/"]}]},{"@type":"ImageObject","inLanguage":"es","@id":"https:\/\/exaudi.org\/es\/cuando-fallan-los-cuidados-avanza-la-eutanasia-una-pendiente-resbaladiza-en-espana\/#primaryimage","url":"https:\/\/exaudi.org\/wp-content\/uploads\/2025\/07\/eutanasiaweb-scaled.jpg-scaled.jpg","contentUrl":"https:\/\/exaudi.org\/wp-content\/uploads\/2025\/07\/eutanasiaweb-scaled.jpg-scaled.jpg","width":2560,"height":994},{"@type":"BreadcrumbList","@id":"https:\/\/exaudi.org\/es\/cuando-fallan-los-cuidados-avanza-la-eutanasia-una-pendiente-resbaladiza-en-espana\/#breadcrumb","itemListElement":[{"@type":"ListItem","position":1,"name":"Portada","item":"https:\/\/exaudi.org\/es\/"},{"@type":"ListItem","position":2,"name":"Cuando fallan los cuidados, avanza la eutanasia: una pendiente resbaladiza en Espa\u00f1a"}]},{"@type":"WebSite","@id":"https:\/\/exaudi.org\/#website","url":"https:\/\/exaudi.org\/","name":"Exaudi","description":"News","potentialAction":[{"@type":"SearchAction","target":{"@type":"EntryPoint","urlTemplate":"https:\/\/exaudi.org\/?s={search_term_string}"},"query-input":{"@type":"PropertyValueSpecification","valueRequired":true,"valueName":"search_term_string"}}],"inLanguage":"es"},{"@type":"Person","@id":"https:\/\/exaudi.org\/#\/schema\/person\/05d1c06e56ecb5490e9bff0d27026595","name":"Observatorio de Bio\u00e9tica UCV","image":{"@type":"ImageObject","inLanguage":"es","@id":"https:\/\/secure.gravatar.com\/avatar\/086563f59595a89fb0851de25d712a03657b1cdfa8af3c9cd0a1ee122fc5d596?s=96&d=mm&r=g","url":"https:\/\/secure.gravatar.com\/avatar\/086563f59595a89fb0851de25d712a03657b1cdfa8af3c9cd0a1ee122fc5d596?s=96&d=mm&r=g","contentUrl":"https:\/\/secure.gravatar.com\/avatar\/086563f59595a89fb0851de25d712a03657b1cdfa8af3c9cd0a1ee122fc5d596?s=96&d=mm&r=g","caption":"Observatorio de Bio\u00e9tica UCV"},"description":"El Observatorio de Bio\u00e9tica se encuentra dentro del Instituto Ciencias de la vida de la Universidad Cat\u00f3lica de Valencia \u201cSan Vicente M\u00e1rtir\u201d . En el trasfondo de sus publicaciones, se defiende la vida humana desde la fecundaci\u00f3n a la muerte natural y la dignidad de la persona, teniendo como objetivo aunar esfuerzos para difundir la cultura de la vida como la define la Evangelium Vitae.","sameAs":["https:\/\/www.observatoriobioetica.org\/","https:\/\/www.facebook.com\/observatoriodebioetica\/","https:\/\/x.com\/obioetica","https:\/\/www.youtube.com\/channel\/UC_Tr4WS5-TXoNo5e1MdQc7w"],"url":"https:\/\/exaudi.org\/es\/author\/observatoriodebioeticaucv\/"}]}},"jetpack_featured_media_url":"https:\/\/exaudi.org\/wp-content\/uploads\/2025\/07\/eutanasiaweb-scaled.jpg-scaled.jpg","jetpack_shortlink":"https:\/\/wp.me\/pgKjF2-xCV","_links":{"self":[{"href":"https:\/\/exaudi.org\/es\/wp-json\/wp\/v2\/posts\/129265","targetHints":{"allow":["GET"]}}],"collection":[{"href":"https:\/\/exaudi.org\/es\/wp-json\/wp\/v2\/posts"}],"about":[{"href":"https:\/\/exaudi.org\/es\/wp-json\/wp\/v2\/types\/post"}],"author":[{"embeddable":true,"href":"https:\/\/exaudi.org\/es\/wp-json\/wp\/v2\/users\/87"}],"replies":[{"embeddable":true,"href":"https:\/\/exaudi.org\/es\/wp-json\/wp\/v2\/comments?post=129265"}],"version-history":[{"count":1,"href":"https:\/\/exaudi.org\/es\/wp-json\/wp\/v2\/posts\/129265\/revisions"}],"predecessor-version":[{"id":129269,"href":"https:\/\/exaudi.org\/es\/wp-json\/wp\/v2\/posts\/129265\/revisions\/129269"}],"wp:featuredmedia":[{"embeddable":true,"href":"https:\/\/exaudi.org\/es\/wp-json\/wp\/v2\/media\/129266"}],"wp:attachment":[{"href":"https:\/\/exaudi.org\/es\/wp-json\/wp\/v2\/media?parent=129265"}],"wp:term":[{"taxonomy":"category","embeddable":true,"href":"https:\/\/exaudi.org\/es\/wp-json\/wp\/v2\/categories?post=129265"},{"taxonomy":"post_tag","embeddable":true,"href":"https:\/\/exaudi.org\/es\/wp-json\/wp\/v2\/tags?post=129265"}],"curies":[{"name":"wp","href":"https:\/\/api.w.org\/{rel}","templated":true}]}}