{"id":129169,"date":"2025-06-30T07:35:42","date_gmt":"2025-06-30T05:35:42","guid":{"rendered":"https:\/\/exaudi.org\/?p=129169"},"modified":"2025-06-30T09:32:29","modified_gmt":"2025-06-30T07:32:29","slug":"formacion-y-fe-en-el-jubileo-2025-la-academia-internacional-de-lideres-catolicos-y-la-universidad-antonianum-convocan-al-x-diplomado-internacional-en-roma","status":"publish","type":"post","link":"https:\/\/exaudi.org\/es\/formacion-y-fe-en-el-jubileo-2025-la-academia-internacional-de-lideres-catolicos-y-la-universidad-antonianum-convocan-al-x-diplomado-internacional-en-roma\/","title":{"rendered":"Formaci\u00f3n y Fe en el Jubileo 2025: la Academia Internacional de L\u00edderes Cat\u00f3licos y la Universidad Antonianum convocan al X Diplomado Internacional en Roma"},"content":{"rendered":"<p>Octubre marcar\u00e1 un momento hist\u00f3rico para la <strong>Academia Internacional de L\u00edderes Cat\u00f3licos<\/strong>. En plena celebraci\u00f3n del Jubileo de la Educaci\u00f3n convocado por el Papa Francisco, la instituci\u00f3n celebrar\u00e1 su <strong>X Diplomado Internacional en Doctrina Social de la Iglesia<\/strong>, una instancia formativa que a\u00f1o tras a\u00f1o re\u00fane a decenas de l\u00edderes cat\u00f3licos de Am\u00e9rica y Europa. La prestigiosa <strong>Universidad Antonianum<\/strong> de Roma certificar\u00e1 a los asistentes al Diplomado.<\/p>\n<p>El programa lleva por t\u00edtulo <strong>\u201cEl Liderazgo Cat\u00f3lico de la Esperanza<\/strong>\u201d y se desarrollar\u00e1 en dos etapas: una <strong>virtual<\/strong>, con sesiones online los d\u00edas <strong>6, 13, 20 y 27 de septiembre<\/strong>, y una <strong>presencial<\/strong>, del <strong>23 al 27 de octubre en Roma<\/strong>, en el Centro de Espiritualidad Fraterna Domus.<\/p>\n<p>\u201cEl coraz\u00f3n del Jubileo late fuerte en este diplomado\u201d, comenta <strong>Lara Bersano<\/strong>, directora ejecutiva de la Academia Internacional de L\u00edderes Cat\u00f3licos. \u201cEn Octubre reuniremos en Roma a l\u00edderes pol\u00edticos, sociales, eclesiales, comunitarios y acad\u00e9micos de m\u00e1s de 10 pa\u00edses para trabajar sinodalmente en la promoci\u00f3n de la paz la fraternidad y a la caridad como formas de superar los desaf\u00edos del mundo actual. Seguimos el ejemplo del Papa Francisco y del Papa Le\u00f3n XIV: hoy, nuestra responsabilidad como l\u00edderes en cada una de nuestras comunidades debe tener un gran compromiso con la Paz\u201d.<\/p>\n<p>Uno de los momentos centrales del diplomado ser\u00e1 la <strong>peregrinaci\u00f3n a la Puerta Santa en la Bas\u00edlica de San Pedro<\/strong>, en se\u00f1al de compromiso con la reconciliaci\u00f3n, la esperanza y la construcci\u00f3n de una cultura de paz.<\/p>\n<p>\u201cBuscamos una representaci\u00f3n m\u00faltiple de nacionalidades, realidades sociales y compromisos de responsabilidad de liderazgo\u201d, adelanta <strong>Mario Paredes presidente del Consejo Directivo Internacional de la <\/strong>Academia Internacional de Lideres Cat\u00f3licos. \u201cPor eso adem\u00e1s de contar con docentes, conferencistas y profesores de alto nivel, sabemos que este ser\u00e1 un verdadero <strong>encuentro de l\u00edderes cat\u00f3licos<\/strong>, que inspire y encienda vocaciones de servicio al bien com\u00fan\u201d.<\/p>\n<p>Con <strong>solo 50 cupos disponibles<\/strong>, la postulaci\u00f3n ya est\u00e1 abierta en el sitio web oficial: <a href=\"http:\/\/www.liderescatolicos.net\/diplomado2025\/\" target=\"_blank\" rel=\"noopener\">www.liderescatolicos.net\/diplomado2025\/<\/a> y cierra el <strong>30 de julio<\/strong>. Los postulantes seleccionados ser\u00e1n anunciados el <strong>15 de agosto<\/strong>.<\/p>\n<p><strong>Sobre la Academia Internacional de L\u00edderes Cat\u00f3licos<\/strong><\/p>\n<p>La <strong>Academia Internacional de L\u00edderes Cat\u00f3licos<\/strong> es una instituci\u00f3n presente en <strong>15 pa\u00edses y en alianza activa con m\u00e1s de 58 di\u00f3cesis<\/strong>, donde impulsa programas de formaci\u00f3n en liderazgo a la luz de la <strong>Doctrina Social de la Iglesia<\/strong>. Trabaja de manera directa con obispos, parroquias y comunidades locales, promoviendo la creaci\u00f3n de Escuelas Diocesanas de Formaci\u00f3n que fortalecen el compromiso de los laicos en la vida p\u00fablica, social y pastoral. Con m\u00e1s de <strong>35.000 egresados<\/strong> de sus diplomados y cursos presenciales y virtuales, la Academia se ha consolidado como un referente en la <strong>formaci\u00f3n de l\u00edderes con conciencia cristiana<\/strong>, comprometidos con la transformaci\u00f3n del mundo desde los valores del Evangelio y el servicio al bien com\u00fan. M\u00e1s informaci\u00f3n en <a href=\"http:\/\/www.liderescatolicos.net\" target=\"_blank\" rel=\"noopener\">www.liderescatolicos.net<\/a><\/p>\n<p><a href=\"https:\/\/exaudi.org\/wp-content\/uploads\/2025\/06\/Diptico-X-Diplomado-Internacional-de-Doctrina-Social-de-la-Iglesia-1.pdf\">Diptico X Diplomado Internacional de Doctrina Social de la Iglesia (1)<\/a><\/p>\n","protected":false},"excerpt":{"rendered":"<p>Las Actividades del Diplomado incluyen la Peregrinaci\u00f3n a la Puerta Santa en la Bas\u00edlica de San Pedro<\/p>\n","protected":false},"author":107,"featured_media":129170,"comment_status":"closed","ping_status":"closed","sticky":false,"template":"","format":"standard","meta":{"_acf_changed":false,"_crdt_document":"","inline_featured_image":false,"footnotes":""},"categories":[74],"tags":[11767,65426,5856,1533,4953,65427,65428],"class_list":["post-129169","post","type-post","status-publish","format-standard","has-post-thumbnail","hentry","category-iglesia-y-mundo","tag-academia-internacional-de-lideres-catolicos","tag-formacion-y-fe","tag-jubileo-2025","tag-roma-es","tag-trending-es","tag-universidad-antonianum","tag-x-diplomado-internacional"],"acf":[],"yoast_head":"<!-- This site is optimized with the Yoast SEO plugin v27.4 - https:\/\/yoast.com\/product\/yoast-seo-wordpress\/ -->\n<title>Formaci\u00f3n y Fe en el Jubileo 2025: la Academia Internacional de L\u00edderes Cat\u00f3licos y la Universidad Antonianum convocan al X Diplomado Internacional en Roma &#8211; Exaudi<\/title>\n<meta name=\"robots\" content=\"index, follow, max-snippet:-1, max-image-preview:large, max-video-preview:-1\" \/>\n<link rel=\"canonical\" href=\"https:\/\/exaudi.org\/es\/formacion-y-fe-en-el-jubileo-2025-la-academia-internacional-de-lideres-catolicos-y-la-universidad-antonianum-convocan-al-x-diplomado-internacional-en-roma\/\" \/>\n<meta property=\"og:locale\" content=\"es_ES\" \/>\n<meta property=\"og:type\" content=\"article\" \/>\n<meta property=\"og:title\" content=\"Formaci\u00f3n y Fe en el Jubileo 2025: la Academia Internacional de L\u00edderes Cat\u00f3licos y la Universidad Antonianum convocan al X Diplomado Internacional en Roma &#8211; Exaudi\" \/>\n<meta property=\"og:description\" content=\"Las Actividades del Diplomado incluyen la Peregrinaci\u00f3n a la Puerta Santa en la Bas\u00edlica de San Pedro\" \/>\n<meta property=\"og:url\" content=\"https:\/\/exaudi.org\/es\/formacion-y-fe-en-el-jubileo-2025-la-academia-internacional-de-lideres-catolicos-y-la-universidad-antonianum-convocan-al-x-diplomado-internacional-en-roma\/\" \/>\n<meta property=\"og:site_name\" content=\"Exaudi\" \/>\n<meta property=\"article:publisher\" content=\"https:\/\/www.facebook.com\/ExaudiNews\" \/>\n<meta property=\"article:published_time\" content=\"2025-06-30T05:35:42+00:00\" \/>\n<meta property=\"article:modified_time\" content=\"2025-06-30T07:32:29+00:00\" \/>\n<meta property=\"og:image\" content=\"https:\/\/exaudi.org\/wp-content\/uploads\/2025\/06\/feed-instagram-flyer-X-Diplomado-Internacional-de-Doctrina-Social-de-la-Iglesia-1-1-819x1024.png\" \/>\n\t<meta property=\"og:image:width\" content=\"819\" \/>\n\t<meta property=\"og:image:height\" content=\"1024\" \/>\n\t<meta property=\"og:image:type\" content=\"image\/png\" \/>\n<meta name=\"author\" content=\"Academia de L\u00edderes Cat\u00f3licos\" \/>\n<meta name=\"twitter:card\" content=\"summary_large_image\" \/>\n<meta name=\"twitter:creator\" content=\"@Exaudi_News\" \/>\n<meta name=\"twitter:site\" content=\"@Exaudi_News\" \/>\n<meta name=\"twitter:label1\" content=\"Escrito por\" \/>\n\t<meta name=\"twitter:data1\" content=\"Academia de L\u00edderes Cat\u00f3licos\" \/>\n\t<meta name=\"twitter:label2\" content=\"Tiempo de lectura\" \/>\n\t<meta name=\"twitter:data2\" content=\"3 minutos\" \/>\n<script type=\"application\/ld+json\" class=\"yoast-schema-graph\">{\"@context\":\"https:\\\/\\\/schema.org\",\"@graph\":[{\"@type\":\"Article\",\"@id\":\"https:\\\/\\\/exaudi.org\\\/es\\\/formacion-y-fe-en-el-jubileo-2025-la-academia-internacional-de-lideres-catolicos-y-la-universidad-antonianum-convocan-al-x-diplomado-internacional-en-roma\\\/#article\",\"isPartOf\":{\"@id\":\"https:\\\/\\\/exaudi.org\\\/es\\\/formacion-y-fe-en-el-jubileo-2025-la-academia-internacional-de-lideres-catolicos-y-la-universidad-antonianum-convocan-al-x-diplomado-internacional-en-roma\\\/\"},\"author\":{\"name\":\"Academia de L\u00edderes Cat\u00f3licos\",\"@id\":\"https:\\\/\\\/exaudi.org\\\/#\\\/schema\\\/person\\\/334968a332d5dad9f94e08897852c6af\"},\"headline\":\"Formaci\u00f3n y Fe en el Jubileo 2025: la Academia Internacional de L\u00edderes Cat\u00f3licos y la Universidad Antonianum convocan al X Diplomado Internacional en Roma\",\"datePublished\":\"2025-06-30T05:35:42+00:00\",\"dateModified\":\"2025-06-30T07:32:29+00:00\",\"mainEntityOfPage\":{\"@id\":\"https:\\\/\\\/exaudi.org\\\/es\\\/formacion-y-fe-en-el-jubileo-2025-la-academia-internacional-de-lideres-catolicos-y-la-universidad-antonianum-convocan-al-x-diplomado-internacional-en-roma\\\/\"},\"wordCount\":555,\"image\":{\"@id\":\"https:\\\/\\\/exaudi.org\\\/es\\\/formacion-y-fe-en-el-jubileo-2025-la-academia-internacional-de-lideres-catolicos-y-la-universidad-antonianum-convocan-al-x-diplomado-internacional-en-roma\\\/#primaryimage\"},\"thumbnailUrl\":\"https:\\\/\\\/exaudi.org\\\/wp-content\\\/uploads\\\/2025\\\/06\\\/feed-instagram-flyer-X-Diplomado-Internacional-de-Doctrina-Social-de-la-Iglesia-1-1.png\",\"keywords\":[\"Academia Internacional de L\u00edderes Cat\u00f3licos\",\"Formaci\u00f3n y Fe\",\"Jubileo 2025\",\"Roma\",\"Trending\",\"Universidad Antonianum\",\"X Diplomado Internacional\"],\"articleSection\":[\"Iglesia y Mundo\"],\"inLanguage\":\"es\"},{\"@type\":\"WebPage\",\"@id\":\"https:\\\/\\\/exaudi.org\\\/es\\\/formacion-y-fe-en-el-jubileo-2025-la-academia-internacional-de-lideres-catolicos-y-la-universidad-antonianum-convocan-al-x-diplomado-internacional-en-roma\\\/\",\"url\":\"https:\\\/\\\/exaudi.org\\\/es\\\/formacion-y-fe-en-el-jubileo-2025-la-academia-internacional-de-lideres-catolicos-y-la-universidad-antonianum-convocan-al-x-diplomado-internacional-en-roma\\\/\",\"name\":\"Formaci\u00f3n y Fe en el Jubileo 2025: la Academia Internacional de L\u00edderes Cat\u00f3licos y la Universidad Antonianum convocan al X Diplomado Internacional en Roma &#8211; Exaudi\",\"isPartOf\":{\"@id\":\"https:\\\/\\\/exaudi.org\\\/#website\"},\"primaryImageOfPage\":{\"@id\":\"https:\\\/\\\/exaudi.org\\\/es\\\/formacion-y-fe-en-el-jubileo-2025-la-academia-internacional-de-lideres-catolicos-y-la-universidad-antonianum-convocan-al-x-diplomado-internacional-en-roma\\\/#primaryimage\"},\"image\":{\"@id\":\"https:\\\/\\\/exaudi.org\\\/es\\\/formacion-y-fe-en-el-jubileo-2025-la-academia-internacional-de-lideres-catolicos-y-la-universidad-antonianum-convocan-al-x-diplomado-internacional-en-roma\\\/#primaryimage\"},\"thumbnailUrl\":\"https:\\\/\\\/exaudi.org\\\/wp-content\\\/uploads\\\/2025\\\/06\\\/feed-instagram-flyer-X-Diplomado-Internacional-de-Doctrina-Social-de-la-Iglesia-1-1.png\",\"datePublished\":\"2025-06-30T05:35:42+00:00\",\"dateModified\":\"2025-06-30T07:32:29+00:00\",\"author\":{\"@id\":\"https:\\\/\\\/exaudi.org\\\/#\\\/schema\\\/person\\\/334968a332d5dad9f94e08897852c6af\"},\"breadcrumb\":{\"@id\":\"https:\\\/\\\/exaudi.org\\\/es\\\/formacion-y-fe-en-el-jubileo-2025-la-academia-internacional-de-lideres-catolicos-y-la-universidad-antonianum-convocan-al-x-diplomado-internacional-en-roma\\\/#breadcrumb\"},\"inLanguage\":\"es\",\"potentialAction\":[{\"@type\":\"ReadAction\",\"target\":[\"https:\\\/\\\/exaudi.org\\\/es\\\/formacion-y-fe-en-el-jubileo-2025-la-academia-internacional-de-lideres-catolicos-y-la-universidad-antonianum-convocan-al-x-diplomado-internacional-en-roma\\\/\"]}]},{\"@type\":\"ImageObject\",\"inLanguage\":\"es\",\"@id\":\"https:\\\/\\\/exaudi.org\\\/es\\\/formacion-y-fe-en-el-jubileo-2025-la-academia-internacional-de-lideres-catolicos-y-la-universidad-antonianum-convocan-al-x-diplomado-internacional-en-roma\\\/#primaryimage\",\"url\":\"https:\\\/\\\/exaudi.org\\\/wp-content\\\/uploads\\\/2025\\\/06\\\/feed-instagram-flyer-X-Diplomado-Internacional-de-Doctrina-Social-de-la-Iglesia-1-1.png\",\"contentUrl\":\"https:\\\/\\\/exaudi.org\\\/wp-content\\\/uploads\\\/2025\\\/06\\\/feed-instagram-flyer-X-Diplomado-Internacional-de-Doctrina-Social-de-la-Iglesia-1-1.png\",\"width\":2250,\"height\":2813},{\"@type\":\"BreadcrumbList\",\"@id\":\"https:\\\/\\\/exaudi.org\\\/es\\\/formacion-y-fe-en-el-jubileo-2025-la-academia-internacional-de-lideres-catolicos-y-la-universidad-antonianum-convocan-al-x-diplomado-internacional-en-roma\\\/#breadcrumb\",\"itemListElement\":[{\"@type\":\"ListItem\",\"position\":1,\"name\":\"Portada\",\"item\":\"https:\\\/\\\/exaudi.org\\\/es\\\/\"},{\"@type\":\"ListItem\",\"position\":2,\"name\":\"Formaci\u00f3n y Fe en el Jubileo 2025: la Academia Internacional de L\u00edderes Cat\u00f3licos y la Universidad Antonianum convocan al X Diplomado Internacional en Roma\"}]},{\"@type\":\"WebSite\",\"@id\":\"https:\\\/\\\/exaudi.org\\\/#website\",\"url\":\"https:\\\/\\\/exaudi.org\\\/\",\"name\":\"Exaudi\",\"description\":\"News\",\"potentialAction\":[{\"@type\":\"SearchAction\",\"target\":{\"@type\":\"EntryPoint\",\"urlTemplate\":\"https:\\\/\\\/exaudi.org\\\/?s={search_term_string}\"},\"query-input\":{\"@type\":\"PropertyValueSpecification\",\"valueRequired\":true,\"valueName\":\"search_term_string\"}}],\"inLanguage\":\"es\"},{\"@type\":\"Person\",\"@id\":\"https:\\\/\\\/exaudi.org\\\/#\\\/schema\\\/person\\\/334968a332d5dad9f94e08897852c6af\",\"name\":\"Academia de L\u00edderes Cat\u00f3licos\",\"image\":{\"@type\":\"ImageObject\",\"inLanguage\":\"es\",\"@id\":\"https:\\\/\\\/secure.gravatar.com\\\/avatar\\\/80d80b1e34d8fa01f6b95d10e695853ca4ea7e054050e21ad1a15d546d4600ca?s=96&d=mm&r=g\",\"url\":\"https:\\\/\\\/secure.gravatar.com\\\/avatar\\\/80d80b1e34d8fa01f6b95d10e695853ca4ea7e054050e21ad1a15d546d4600ca?s=96&d=mm&r=g\",\"contentUrl\":\"https:\\\/\\\/secure.gravatar.com\\\/avatar\\\/80d80b1e34d8fa01f6b95d10e695853ca4ea7e054050e21ad1a15d546d4600ca?s=96&d=mm&r=g\",\"caption\":\"Academia de L\u00edderes Cat\u00f3licos\"},\"description\":\"Es una fundaci\u00f3n de derecho privado sin fines de lucro que busca formar cat\u00f3licos que a partir de la experiencia cristiana desarrollen su vocaci\u00f3n pol\u00edtica con la ayuda de la Doctrina Social de la Iglesia. La Academia Latinoamericana de L\u00edderes Cat\u00f3licos tiene como misi\u00f3n, formar l\u00edderes desde una perspectiva cat\u00f3lica, arraigados en la fe de la Iglesia, para transformar el mundo social, pol\u00edtico y econ\u00f3mico a la luz de la Doctrina Social de la Iglesia. Formar una nueva generaci\u00f3n de cat\u00f3licos latinoamericanos con responsabilidades pol\u00edticas y sociales para que transformen el rostro del continente al servicio de sus pueblos, a la luz del Magisterio de la Iglesia y de cara a los Jubileos del V Centenario Guadalupano y de los dos mil a\u00f1os de la redenci\u00f3n.\",\"sameAs\":[\"https:\\\/\\\/liderescatolicos.net\\\/\",\"https:\\\/\\\/www.youtube.com\\\/c\\\/LderesCatlicos\"],\"url\":\"https:\\\/\\\/exaudi.org\\\/es\\\/author\\\/academia-de-lideres-catolicos\\\/\"}]}<\/script>\n<!-- \/ Yoast SEO plugin. -->","yoast_head_json":{"title":"Formaci\u00f3n y Fe en el Jubileo 2025: la Academia Internacional de L\u00edderes Cat\u00f3licos y la Universidad Antonianum convocan al X Diplomado Internacional en Roma &#8211; Exaudi","robots":{"index":"index","follow":"follow","max-snippet":"max-snippet:-1","max-image-preview":"max-image-preview:large","max-video-preview":"max-video-preview:-1"},"canonical":"https:\/\/exaudi.org\/es\/formacion-y-fe-en-el-jubileo-2025-la-academia-internacional-de-lideres-catolicos-y-la-universidad-antonianum-convocan-al-x-diplomado-internacional-en-roma\/","og_locale":"es_ES","og_type":"article","og_title":"Formaci\u00f3n y Fe en el Jubileo 2025: la Academia Internacional de L\u00edderes Cat\u00f3licos y la Universidad Antonianum convocan al X Diplomado Internacional en Roma &#8211; Exaudi","og_description":"Las Actividades del Diplomado incluyen la Peregrinaci\u00f3n a la Puerta Santa en la Bas\u00edlica de San Pedro","og_url":"https:\/\/exaudi.org\/es\/formacion-y-fe-en-el-jubileo-2025-la-academia-internacional-de-lideres-catolicos-y-la-universidad-antonianum-convocan-al-x-diplomado-internacional-en-roma\/","og_site_name":"Exaudi","article_publisher":"https:\/\/www.facebook.com\/ExaudiNews","article_published_time":"2025-06-30T05:35:42+00:00","article_modified_time":"2025-06-30T07:32:29+00:00","og_image":[{"width":819,"height":1024,"url":"https:\/\/exaudi.org\/wp-content\/uploads\/2025\/06\/feed-instagram-flyer-X-Diplomado-Internacional-de-Doctrina-Social-de-la-Iglesia-1-1-819x1024.png","type":"image\/png"}],"author":"Academia de L\u00edderes Cat\u00f3licos","twitter_card":"summary_large_image","twitter_creator":"@Exaudi_News","twitter_site":"@Exaudi_News","twitter_misc":{"Escrito por":"Academia de L\u00edderes Cat\u00f3licos","Tiempo de lectura":"3 minutos"},"schema":{"@context":"https:\/\/schema.org","@graph":[{"@type":"Article","@id":"https:\/\/exaudi.org\/es\/formacion-y-fe-en-el-jubileo-2025-la-academia-internacional-de-lideres-catolicos-y-la-universidad-antonianum-convocan-al-x-diplomado-internacional-en-roma\/#article","isPartOf":{"@id":"https:\/\/exaudi.org\/es\/formacion-y-fe-en-el-jubileo-2025-la-academia-internacional-de-lideres-catolicos-y-la-universidad-antonianum-convocan-al-x-diplomado-internacional-en-roma\/"},"author":{"name":"Academia de L\u00edderes Cat\u00f3licos","@id":"https:\/\/exaudi.org\/#\/schema\/person\/334968a332d5dad9f94e08897852c6af"},"headline":"Formaci\u00f3n y Fe en el Jubileo 2025: la Academia Internacional de L\u00edderes Cat\u00f3licos y la Universidad Antonianum convocan al X Diplomado Internacional en Roma","datePublished":"2025-06-30T05:35:42+00:00","dateModified":"2025-06-30T07:32:29+00:00","mainEntityOfPage":{"@id":"https:\/\/exaudi.org\/es\/formacion-y-fe-en-el-jubileo-2025-la-academia-internacional-de-lideres-catolicos-y-la-universidad-antonianum-convocan-al-x-diplomado-internacional-en-roma\/"},"wordCount":555,"image":{"@id":"https:\/\/exaudi.org\/es\/formacion-y-fe-en-el-jubileo-2025-la-academia-internacional-de-lideres-catolicos-y-la-universidad-antonianum-convocan-al-x-diplomado-internacional-en-roma\/#primaryimage"},"thumbnailUrl":"https:\/\/exaudi.org\/wp-content\/uploads\/2025\/06\/feed-instagram-flyer-X-Diplomado-Internacional-de-Doctrina-Social-de-la-Iglesia-1-1.png","keywords":["Academia Internacional de L\u00edderes Cat\u00f3licos","Formaci\u00f3n y Fe","Jubileo 2025","Roma","Trending","Universidad Antonianum","X Diplomado Internacional"],"articleSection":["Iglesia y Mundo"],"inLanguage":"es"},{"@type":"WebPage","@id":"https:\/\/exaudi.org\/es\/formacion-y-fe-en-el-jubileo-2025-la-academia-internacional-de-lideres-catolicos-y-la-universidad-antonianum-convocan-al-x-diplomado-internacional-en-roma\/","url":"https:\/\/exaudi.org\/es\/formacion-y-fe-en-el-jubileo-2025-la-academia-internacional-de-lideres-catolicos-y-la-universidad-antonianum-convocan-al-x-diplomado-internacional-en-roma\/","name":"Formaci\u00f3n y Fe en el Jubileo 2025: la Academia Internacional de L\u00edderes Cat\u00f3licos y la Universidad Antonianum convocan al X Diplomado Internacional en Roma &#8211; Exaudi","isPartOf":{"@id":"https:\/\/exaudi.org\/#website"},"primaryImageOfPage":{"@id":"https:\/\/exaudi.org\/es\/formacion-y-fe-en-el-jubileo-2025-la-academia-internacional-de-lideres-catolicos-y-la-universidad-antonianum-convocan-al-x-diplomado-internacional-en-roma\/#primaryimage"},"image":{"@id":"https:\/\/exaudi.org\/es\/formacion-y-fe-en-el-jubileo-2025-la-academia-internacional-de-lideres-catolicos-y-la-universidad-antonianum-convocan-al-x-diplomado-internacional-en-roma\/#primaryimage"},"thumbnailUrl":"https:\/\/exaudi.org\/wp-content\/uploads\/2025\/06\/feed-instagram-flyer-X-Diplomado-Internacional-de-Doctrina-Social-de-la-Iglesia-1-1.png","datePublished":"2025-06-30T05:35:42+00:00","dateModified":"2025-06-30T07:32:29+00:00","author":{"@id":"https:\/\/exaudi.org\/#\/schema\/person\/334968a332d5dad9f94e08897852c6af"},"breadcrumb":{"@id":"https:\/\/exaudi.org\/es\/formacion-y-fe-en-el-jubileo-2025-la-academia-internacional-de-lideres-catolicos-y-la-universidad-antonianum-convocan-al-x-diplomado-internacional-en-roma\/#breadcrumb"},"inLanguage":"es","potentialAction":[{"@type":"ReadAction","target":["https:\/\/exaudi.org\/es\/formacion-y-fe-en-el-jubileo-2025-la-academia-internacional-de-lideres-catolicos-y-la-universidad-antonianum-convocan-al-x-diplomado-internacional-en-roma\/"]}]},{"@type":"ImageObject","inLanguage":"es","@id":"https:\/\/exaudi.org\/es\/formacion-y-fe-en-el-jubileo-2025-la-academia-internacional-de-lideres-catolicos-y-la-universidad-antonianum-convocan-al-x-diplomado-internacional-en-roma\/#primaryimage","url":"https:\/\/exaudi.org\/wp-content\/uploads\/2025\/06\/feed-instagram-flyer-X-Diplomado-Internacional-de-Doctrina-Social-de-la-Iglesia-1-1.png","contentUrl":"https:\/\/exaudi.org\/wp-content\/uploads\/2025\/06\/feed-instagram-flyer-X-Diplomado-Internacional-de-Doctrina-Social-de-la-Iglesia-1-1.png","width":2250,"height":2813},{"@type":"BreadcrumbList","@id":"https:\/\/exaudi.org\/es\/formacion-y-fe-en-el-jubileo-2025-la-academia-internacional-de-lideres-catolicos-y-la-universidad-antonianum-convocan-al-x-diplomado-internacional-en-roma\/#breadcrumb","itemListElement":[{"@type":"ListItem","position":1,"name":"Portada","item":"https:\/\/exaudi.org\/es\/"},{"@type":"ListItem","position":2,"name":"Formaci\u00f3n y Fe en el Jubileo 2025: la Academia Internacional de L\u00edderes Cat\u00f3licos y la Universidad Antonianum convocan al X Diplomado Internacional en Roma"}]},{"@type":"WebSite","@id":"https:\/\/exaudi.org\/#website","url":"https:\/\/exaudi.org\/","name":"Exaudi","description":"News","potentialAction":[{"@type":"SearchAction","target":{"@type":"EntryPoint","urlTemplate":"https:\/\/exaudi.org\/?s={search_term_string}"},"query-input":{"@type":"PropertyValueSpecification","valueRequired":true,"valueName":"search_term_string"}}],"inLanguage":"es"},{"@type":"Person","@id":"https:\/\/exaudi.org\/#\/schema\/person\/334968a332d5dad9f94e08897852c6af","name":"Academia de L\u00edderes Cat\u00f3licos","image":{"@type":"ImageObject","inLanguage":"es","@id":"https:\/\/secure.gravatar.com\/avatar\/80d80b1e34d8fa01f6b95d10e695853ca4ea7e054050e21ad1a15d546d4600ca?s=96&d=mm&r=g","url":"https:\/\/secure.gravatar.com\/avatar\/80d80b1e34d8fa01f6b95d10e695853ca4ea7e054050e21ad1a15d546d4600ca?s=96&d=mm&r=g","contentUrl":"https:\/\/secure.gravatar.com\/avatar\/80d80b1e34d8fa01f6b95d10e695853ca4ea7e054050e21ad1a15d546d4600ca?s=96&d=mm&r=g","caption":"Academia de L\u00edderes Cat\u00f3licos"},"description":"Es una fundaci\u00f3n de derecho privado sin fines de lucro que busca formar cat\u00f3licos que a partir de la experiencia cristiana desarrollen su vocaci\u00f3n pol\u00edtica con la ayuda de la Doctrina Social de la Iglesia. La Academia Latinoamericana de L\u00edderes Cat\u00f3licos tiene como misi\u00f3n, formar l\u00edderes desde una perspectiva cat\u00f3lica, arraigados en la fe de la Iglesia, para transformar el mundo social, pol\u00edtico y econ\u00f3mico a la luz de la Doctrina Social de la Iglesia. Formar una nueva generaci\u00f3n de cat\u00f3licos latinoamericanos con responsabilidades pol\u00edticas y sociales para que transformen el rostro del continente al servicio de sus pueblos, a la luz del Magisterio de la Iglesia y de cara a los Jubileos del V Centenario Guadalupano y de los dos mil a\u00f1os de la redenci\u00f3n.","sameAs":["https:\/\/liderescatolicos.net\/","https:\/\/www.youtube.com\/c\/LderesCatlicos"],"url":"https:\/\/exaudi.org\/es\/author\/academia-de-lideres-catolicos\/"}]}},"jetpack_featured_media_url":"https:\/\/exaudi.org\/wp-content\/uploads\/2025\/06\/feed-instagram-flyer-X-Diplomado-Internacional-de-Doctrina-Social-de-la-Iglesia-1-1.png","jetpack_shortlink":"https:\/\/wp.me\/pgKjF2-xBn","_links":{"self":[{"href":"https:\/\/exaudi.org\/es\/wp-json\/wp\/v2\/posts\/129169","targetHints":{"allow":["GET"]}}],"collection":[{"href":"https:\/\/exaudi.org\/es\/wp-json\/wp\/v2\/posts"}],"about":[{"href":"https:\/\/exaudi.org\/es\/wp-json\/wp\/v2\/types\/post"}],"author":[{"embeddable":true,"href":"https:\/\/exaudi.org\/es\/wp-json\/wp\/v2\/users\/107"}],"replies":[{"embeddable":true,"href":"https:\/\/exaudi.org\/es\/wp-json\/wp\/v2\/comments?post=129169"}],"version-history":[{"count":0,"href":"https:\/\/exaudi.org\/es\/wp-json\/wp\/v2\/posts\/129169\/revisions"}],"wp:featuredmedia":[{"embeddable":true,"href":"https:\/\/exaudi.org\/es\/wp-json\/wp\/v2\/media\/129170"}],"wp:attachment":[{"href":"https:\/\/exaudi.org\/es\/wp-json\/wp\/v2\/media?parent=129169"}],"wp:term":[{"taxonomy":"category","embeddable":true,"href":"https:\/\/exaudi.org\/es\/wp-json\/wp\/v2\/categories?post=129169"},{"taxonomy":"post_tag","embeddable":true,"href":"https:\/\/exaudi.org\/es\/wp-json\/wp\/v2\/tags?post=129169"}],"curies":[{"name":"wp","href":"https:\/\/api.w.org\/{rel}","templated":true}]}}