{"id":129168,"date":"2025-06-29T08:59:40","date_gmt":"2025-06-29T06:59:40","guid":{"rendered":"https:\/\/exaudi.org\/?p=129168"},"modified":"2025-07-01T08:18:52","modified_gmt":"2025-07-01T06:18:52","slug":"san-pedro-y-san-pablo-dos-columnas-de-la-iglesia-una-misma-mision","status":"publish","type":"post","link":"https:\/\/exaudi.org\/es\/san-pedro-y-san-pablo-dos-columnas-de-la-iglesia-una-misma-mision\/","title":{"rendered":"San Pedro y San Pablo: Dos columnas de la Iglesia, una misma misi\u00f3n"},"content":{"rendered":"<p data-start=\"395\" data-end=\"726\">Cada a\u00f1o, el 29 de junio, celebramos con alegr\u00eda y devoci\u00f3n la fiesta de San Pedro y San Pablo, dos figuras esenciales en la historia de la Iglesia. Esta solemnidad no es solo un recuerdo lit\u00fargico, sino un testimonio vivo de c\u00f3mo Dios escoge y env\u00eda a quienes confiesan su nombre y entregan su vida por el Evangelio.<\/p>\n<p><iframe title=\"Spotify Embed: San Pedro y San Pablo: Dos columnas de la Iglesia, una misma misi\u00f3n\" style=\"border-radius: 12px\" width=\"100%\" height=\"152\" frameborder=\"0\" allowfullscreen allow=\"autoplay; clipboard-write; encrypted-media; fullscreen; picture-in-picture\" loading=\"lazy\" src=\"https:\/\/open.spotify.com\/embed\/episode\/2GnIDJUf7tDXCu2o2UTvEF?si=5352c1dfc4e74d9c&#038;utm_source=oembed\"><\/iframe><\/p>\n<p data-start=\"728\" data-end=\"1141\">Pedro, el primer vicario de Cristo, es llamado por Jes\u00fas con su nombre original, Sim\u00f3n, cuando confiesa con fe: \u00abT\u00fa eres el Mes\u00edas, el Hijo de Dios vivo\u00bb. Esta declaraci\u00f3n no fue fruto del razonamiento humano, sino revelaci\u00f3n directa del Padre. Jes\u00fas entonces lo llama \u00abPedro\u00bb, es decir, \u00abpiedra\u00bb, y sobre esta roca promete edificar su Iglesia, asegurando que las puertas del infierno no prevalecer\u00e1n contra ella.<\/p>\n<p data-start=\"1143\" data-end=\"1408\">Episodios como el de la carrera al sepulcro, en la que Juan cede el paso a Pedro, muestran que desde los primeros momentos de la Iglesia, Pedro fue reconocido como autoridad espiritual, a pesar de sus ca\u00eddas y negaciones. Su papel como piedra sigue siendo esencial.<\/p>\n<p data-start=\"1410\" data-end=\"1894\">Pablo, por su parte, vivi\u00f3 una conversi\u00f3n radical. De perseguidor de cristianos pas\u00f3 a ser \u00abap\u00f3stol de los gentiles\u00bb. En el camino a Damasco, Jes\u00fas mismo se le aparece y le dice: \u00abYo soy Jes\u00fas, a quien t\u00fa persigues\u00bb. As\u00ed, el Se\u00f1or se identifica plenamente con su Iglesia. Pablo, ciego por la luz divina, es bautizado y enviado a predicar a todas las naciones. Aunque no fue uno de los doce, fue llamado directamente por Cristo y se convirti\u00f3 en uno de los m\u00e1s grandes evangelizadores.<\/p>\n<p data-start=\"1896\" data-end=\"2198\">Pedro se dedic\u00f3 principalmente a los jud\u00edos; Pablo, a los pueblos gentiles. Ambos murieron en Roma, durante la persecuci\u00f3n de Ner\u00f3n, y en su honor se levantaron las bas\u00edlicas de San Pedro y San Pablo. No hay duda de que sus vidas y muertes dejaron una huella profunda que a\u00fan hoy sostiene a la Iglesia.<\/p>\n<p data-start=\"2200\" data-end=\"2484\">\u00bfQu\u00e9 celebramos el 29 de junio? Que Jes\u00fas eligi\u00f3 a un hombre y le dijo: \u201cT\u00fa eres Pedro, y sobre esta piedra edificar\u00e9 mi Iglesia\u2026 a ti te doy las llaves del Reino\u201d. Que Jes\u00fas se apareci\u00f3 a otro hombre y le dijo: \u201cYo soy Jes\u00fas, a quien t\u00fa persigues\u2026 te env\u00edo como luz de las naciones\u201d.<\/p>\n<p data-start=\"2486\" data-end=\"2675\">Por eso esta es una gran fiesta. San Pedro y San Pablo son modelos de fe, valent\u00eda y entrega. Celebremos este d\u00eda con todo el coraz\u00f3n, sigamos su ejemplo y hagamos todo el bien que podamos.<\/p>\n<p><iframe loading=\"lazy\" title=\"San Pedro y San Pablo - Padre \u00c1ngel Espinosa de los Monteros\" width=\"500\" height=\"281\" src=\"https:\/\/www.youtube.com\/embed\/ojLHn3mHumI?feature=oembed\" frameborder=\"0\" allow=\"accelerometer; autoplay; clipboard-write; encrypted-media; gyroscope; picture-in-picture; web-share\" referrerpolicy=\"strict-origin-when-cross-origin\" allowfullscreen><\/iframe><\/p>\n","protected":false},"excerpt":{"rendered":"<p>Cada 29 de junio, la Iglesia celebra con gozo la solemnidad de los santos ap\u00f3stoles Pedro y Pablo, pilares fundamentales de la fe cristiana y testigos privilegiados del amor de Cristo<\/p>\n","protected":false},"author":147,"featured_media":129235,"comment_status":"closed","ping_status":"closed","sticky":false,"template":"","format":"standard","meta":{"_acf_changed":false,"_crdt_document":"","inline_featured_image":false,"footnotes":""},"categories":[72,2772],"tags":[449,18032,65477,3110,4953],"class_list":["post-129168","post","type-post","status-publish","format-standard","has-post-thumbnail","hentry","category-analisis","category-santoral","tag-iglesia-catolica","tag-padre-angel-espinosa-de-los-monteros","tag-pilares","tag-san-pedro-y-san-pablo","tag-trending-es"],"acf":[],"yoast_head":"<!-- This site is optimized with the Yoast SEO plugin v27.4 - https:\/\/yoast.com\/product\/yoast-seo-wordpress\/ -->\n<title>San Pedro y San Pablo: Dos columnas de la Iglesia, una misma misi\u00f3n &#8211; Exaudi<\/title>\n<meta name=\"robots\" content=\"index, follow, max-snippet:-1, max-image-preview:large, max-video-preview:-1\" \/>\n<link rel=\"canonical\" href=\"https:\/\/exaudi.org\/es\/san-pedro-y-san-pablo-dos-columnas-de-la-iglesia-una-misma-mision\/\" \/>\n<meta property=\"og:locale\" content=\"es_ES\" \/>\n<meta property=\"og:type\" content=\"article\" \/>\n<meta property=\"og:title\" content=\"San Pedro y San Pablo: Dos columnas de la Iglesia, una misma misi\u00f3n &#8211; Exaudi\" \/>\n<meta property=\"og:description\" content=\"Cada 29 de junio, la Iglesia celebra con gozo la solemnidad de los santos ap\u00f3stoles Pedro y Pablo, pilares fundamentales de la fe cristiana y testigos privilegiados del amor de Cristo\" \/>\n<meta property=\"og:url\" content=\"https:\/\/exaudi.org\/es\/san-pedro-y-san-pablo-dos-columnas-de-la-iglesia-una-misma-mision\/\" \/>\n<meta property=\"og:site_name\" content=\"Exaudi\" \/>\n<meta property=\"article:publisher\" content=\"https:\/\/www.facebook.com\/ExaudiNews\" \/>\n<meta property=\"article:author\" content=\"https:\/\/www.facebook.com\/padreangelespinosadelosmonteros\" \/>\n<meta property=\"article:published_time\" content=\"2025-06-29T06:59:40+00:00\" \/>\n<meta property=\"article:modified_time\" content=\"2025-07-01T06:18:52+00:00\" \/>\n<meta property=\"og:image\" content=\"https:\/\/exaudi.org\/wp-content\/uploads\/2025\/06\/16564938618504.png\" \/>\n\t<meta property=\"og:image:width\" content=\"828\" \/>\n\t<meta property=\"og:image:height\" content=\"552\" \/>\n\t<meta property=\"og:image:type\" content=\"image\/png\" \/>\n<meta name=\"author\" content=\"P Angel Espinosa de los Monteros\" \/>\n<meta name=\"twitter:card\" content=\"summary_large_image\" \/>\n<meta name=\"twitter:creator\" content=\"@Exaudi_News\" \/>\n<meta name=\"twitter:site\" content=\"@Exaudi_News\" \/>\n<meta name=\"twitter:label1\" content=\"Escrito por\" \/>\n\t<meta name=\"twitter:data1\" content=\"P Angel Espinosa de los Monteros\" \/>\n\t<meta name=\"twitter:label2\" content=\"Tiempo de lectura\" \/>\n\t<meta name=\"twitter:data2\" content=\"2 minutos\" \/>\n<script type=\"application\/ld+json\" class=\"yoast-schema-graph\">{\"@context\":\"https:\\\/\\\/schema.org\",\"@graph\":[{\"@type\":\"Article\",\"@id\":\"https:\\\/\\\/exaudi.org\\\/es\\\/san-pedro-y-san-pablo-dos-columnas-de-la-iglesia-una-misma-mision\\\/#article\",\"isPartOf\":{\"@id\":\"https:\\\/\\\/exaudi.org\\\/es\\\/san-pedro-y-san-pablo-dos-columnas-de-la-iglesia-una-misma-mision\\\/\"},\"author\":{\"name\":\"P Angel Espinosa de los Monteros\",\"@id\":\"https:\\\/\\\/exaudi.org\\\/#\\\/schema\\\/person\\\/7bbb76287fda2b4f0ee1ef8eaf16876e\"},\"headline\":\"San Pedro y San Pablo: Dos columnas de la Iglesia, una misma misi\u00f3n\",\"datePublished\":\"2025-06-29T06:59:40+00:00\",\"dateModified\":\"2025-07-01T06:18:52+00:00\",\"mainEntityOfPage\":{\"@id\":\"https:\\\/\\\/exaudi.org\\\/es\\\/san-pedro-y-san-pablo-dos-columnas-de-la-iglesia-una-misma-mision\\\/\"},\"wordCount\":472,\"image\":{\"@id\":\"https:\\\/\\\/exaudi.org\\\/es\\\/san-pedro-y-san-pablo-dos-columnas-de-la-iglesia-una-misma-mision\\\/#primaryimage\"},\"thumbnailUrl\":\"https:\\\/\\\/exaudi.org\\\/wp-content\\\/uploads\\\/2025\\\/06\\\/16564938618504.png\",\"keywords\":[\"Iglesia cat\u00f3lica\",\"Padre \u00c1ngel Espinosa de los Monteros\",\"pilares\",\"San Pedro y San Pablo\",\"Trending\"],\"articleSection\":[\"An\u00e1lisis\",\"Santoral\"],\"inLanguage\":\"es\"},{\"@type\":\"WebPage\",\"@id\":\"https:\\\/\\\/exaudi.org\\\/es\\\/san-pedro-y-san-pablo-dos-columnas-de-la-iglesia-una-misma-mision\\\/\",\"url\":\"https:\\\/\\\/exaudi.org\\\/es\\\/san-pedro-y-san-pablo-dos-columnas-de-la-iglesia-una-misma-mision\\\/\",\"name\":\"San Pedro y San Pablo: Dos columnas de la Iglesia, una misma misi\u00f3n &#8211; Exaudi\",\"isPartOf\":{\"@id\":\"https:\\\/\\\/exaudi.org\\\/#website\"},\"primaryImageOfPage\":{\"@id\":\"https:\\\/\\\/exaudi.org\\\/es\\\/san-pedro-y-san-pablo-dos-columnas-de-la-iglesia-una-misma-mision\\\/#primaryimage\"},\"image\":{\"@id\":\"https:\\\/\\\/exaudi.org\\\/es\\\/san-pedro-y-san-pablo-dos-columnas-de-la-iglesia-una-misma-mision\\\/#primaryimage\"},\"thumbnailUrl\":\"https:\\\/\\\/exaudi.org\\\/wp-content\\\/uploads\\\/2025\\\/06\\\/16564938618504.png\",\"datePublished\":\"2025-06-29T06:59:40+00:00\",\"dateModified\":\"2025-07-01T06:18:52+00:00\",\"author\":{\"@id\":\"https:\\\/\\\/exaudi.org\\\/#\\\/schema\\\/person\\\/7bbb76287fda2b4f0ee1ef8eaf16876e\"},\"breadcrumb\":{\"@id\":\"https:\\\/\\\/exaudi.org\\\/es\\\/san-pedro-y-san-pablo-dos-columnas-de-la-iglesia-una-misma-mision\\\/#breadcrumb\"},\"inLanguage\":\"es\",\"potentialAction\":[{\"@type\":\"ReadAction\",\"target\":[\"https:\\\/\\\/exaudi.org\\\/es\\\/san-pedro-y-san-pablo-dos-columnas-de-la-iglesia-una-misma-mision\\\/\"]}]},{\"@type\":\"ImageObject\",\"inLanguage\":\"es\",\"@id\":\"https:\\\/\\\/exaudi.org\\\/es\\\/san-pedro-y-san-pablo-dos-columnas-de-la-iglesia-una-misma-mision\\\/#primaryimage\",\"url\":\"https:\\\/\\\/exaudi.org\\\/wp-content\\\/uploads\\\/2025\\\/06\\\/16564938618504.png\",\"contentUrl\":\"https:\\\/\\\/exaudi.org\\\/wp-content\\\/uploads\\\/2025\\\/06\\\/16564938618504.png\",\"width\":828,\"height\":552},{\"@type\":\"BreadcrumbList\",\"@id\":\"https:\\\/\\\/exaudi.org\\\/es\\\/san-pedro-y-san-pablo-dos-columnas-de-la-iglesia-una-misma-mision\\\/#breadcrumb\",\"itemListElement\":[{\"@type\":\"ListItem\",\"position\":1,\"name\":\"Portada\",\"item\":\"https:\\\/\\\/exaudi.org\\\/es\\\/\"},{\"@type\":\"ListItem\",\"position\":2,\"name\":\"San Pedro y San Pablo: Dos columnas de la Iglesia, una misma misi\u00f3n\"}]},{\"@type\":\"WebSite\",\"@id\":\"https:\\\/\\\/exaudi.org\\\/#website\",\"url\":\"https:\\\/\\\/exaudi.org\\\/\",\"name\":\"Exaudi\",\"description\":\"News\",\"potentialAction\":[{\"@type\":\"SearchAction\",\"target\":{\"@type\":\"EntryPoint\",\"urlTemplate\":\"https:\\\/\\\/exaudi.org\\\/?s={search_term_string}\"},\"query-input\":{\"@type\":\"PropertyValueSpecification\",\"valueRequired\":true,\"valueName\":\"search_term_string\"}}],\"inLanguage\":\"es\"},{\"@type\":\"Person\",\"@id\":\"https:\\\/\\\/exaudi.org\\\/#\\\/schema\\\/person\\\/7bbb76287fda2b4f0ee1ef8eaf16876e\",\"name\":\"P Angel Espinosa de los Monteros\",\"image\":{\"@type\":\"ImageObject\",\"inLanguage\":\"es\",\"@id\":\"https:\\\/\\\/secure.gravatar.com\\\/avatar\\\/effca3f571ae6f2f0e49f4978ed61eb7db325b2e3b3cfc4528dcd50d2ed847be?s=96&d=mm&r=g\",\"url\":\"https:\\\/\\\/secure.gravatar.com\\\/avatar\\\/effca3f571ae6f2f0e49f4978ed61eb7db325b2e3b3cfc4528dcd50d2ed847be?s=96&d=mm&r=g\",\"contentUrl\":\"https:\\\/\\\/secure.gravatar.com\\\/avatar\\\/effca3f571ae6f2f0e49f4978ed61eb7db325b2e3b3cfc4528dcd50d2ed847be?s=96&d=mm&r=g\",\"caption\":\"P Angel Espinosa de los Monteros\"},\"description\":\"El Padre \u00c1ngel Espinosa de los Monteros ha impartido m\u00e1s de 4,000 conferencias sobre matrimonio, valores familiares y espiritualidad en diferentes ciudades de M\u00e9xico, Estados Unidos, Francia, Italia, Espa\u00f1a y Sudam\u00e9rica. Ha atendido a cientos de matrimonios ofreciendo consejos y programas de crecimiento conyugal y familiar. Es autor del libro \u00abEl anillo es para siempre\u00bb, traducido a diferentes lenguas y a partir de las cuales ha dictado m\u00e1s de 20 t\u00edtulos de conferencias. Actualmente se dedica de tiempo completo a impartir conferencias y renovaciones matrimoniales en 20 pa\u00edses del mundo.\",\"sameAs\":[\"https:\\\/\\\/padreangelespinosadelosmonteros.lookmydc.com\\\/\",\"https:\\\/\\\/www.facebook.com\\\/padreangelespinosadelosmonteros\",\"https:\\\/\\\/www.instagram.com\\\/padreangel.espinosa\\\/\",\"https:\\\/\\\/www.youtube.com\\\/channel\\\/UCL38v1PSZX6VWoC6lXmTRbA\"],\"url\":\"https:\\\/\\\/exaudi.org\\\/es\\\/author\\\/padre-angel-espinosa-de-los-monteros\\\/\"}]}<\/script>\n<!-- \/ Yoast SEO plugin. -->","yoast_head_json":{"title":"San Pedro y San Pablo: Dos columnas de la Iglesia, una misma misi\u00f3n &#8211; Exaudi","robots":{"index":"index","follow":"follow","max-snippet":"max-snippet:-1","max-image-preview":"max-image-preview:large","max-video-preview":"max-video-preview:-1"},"canonical":"https:\/\/exaudi.org\/es\/san-pedro-y-san-pablo-dos-columnas-de-la-iglesia-una-misma-mision\/","og_locale":"es_ES","og_type":"article","og_title":"San Pedro y San Pablo: Dos columnas de la Iglesia, una misma misi\u00f3n &#8211; Exaudi","og_description":"Cada 29 de junio, la Iglesia celebra con gozo la solemnidad de los santos ap\u00f3stoles Pedro y Pablo, pilares fundamentales de la fe cristiana y testigos privilegiados del amor de Cristo","og_url":"https:\/\/exaudi.org\/es\/san-pedro-y-san-pablo-dos-columnas-de-la-iglesia-una-misma-mision\/","og_site_name":"Exaudi","article_publisher":"https:\/\/www.facebook.com\/ExaudiNews","article_author":"https:\/\/www.facebook.com\/padreangelespinosadelosmonteros","article_published_time":"2025-06-29T06:59:40+00:00","article_modified_time":"2025-07-01T06:18:52+00:00","og_image":[{"width":828,"height":552,"url":"https:\/\/exaudi.org\/wp-content\/uploads\/2025\/06\/16564938618504.png","type":"image\/png"}],"author":"P Angel Espinosa de los Monteros","twitter_card":"summary_large_image","twitter_creator":"@Exaudi_News","twitter_site":"@Exaudi_News","twitter_misc":{"Escrito por":"P Angel Espinosa de los Monteros","Tiempo de lectura":"2 minutos"},"schema":{"@context":"https:\/\/schema.org","@graph":[{"@type":"Article","@id":"https:\/\/exaudi.org\/es\/san-pedro-y-san-pablo-dos-columnas-de-la-iglesia-una-misma-mision\/#article","isPartOf":{"@id":"https:\/\/exaudi.org\/es\/san-pedro-y-san-pablo-dos-columnas-de-la-iglesia-una-misma-mision\/"},"author":{"name":"P Angel Espinosa de los Monteros","@id":"https:\/\/exaudi.org\/#\/schema\/person\/7bbb76287fda2b4f0ee1ef8eaf16876e"},"headline":"San Pedro y San Pablo: Dos columnas de la Iglesia, una misma misi\u00f3n","datePublished":"2025-06-29T06:59:40+00:00","dateModified":"2025-07-01T06:18:52+00:00","mainEntityOfPage":{"@id":"https:\/\/exaudi.org\/es\/san-pedro-y-san-pablo-dos-columnas-de-la-iglesia-una-misma-mision\/"},"wordCount":472,"image":{"@id":"https:\/\/exaudi.org\/es\/san-pedro-y-san-pablo-dos-columnas-de-la-iglesia-una-misma-mision\/#primaryimage"},"thumbnailUrl":"https:\/\/exaudi.org\/wp-content\/uploads\/2025\/06\/16564938618504.png","keywords":["Iglesia cat\u00f3lica","Padre \u00c1ngel Espinosa de los Monteros","pilares","San Pedro y San Pablo","Trending"],"articleSection":["An\u00e1lisis","Santoral"],"inLanguage":"es"},{"@type":"WebPage","@id":"https:\/\/exaudi.org\/es\/san-pedro-y-san-pablo-dos-columnas-de-la-iglesia-una-misma-mision\/","url":"https:\/\/exaudi.org\/es\/san-pedro-y-san-pablo-dos-columnas-de-la-iglesia-una-misma-mision\/","name":"San Pedro y San Pablo: Dos columnas de la Iglesia, una misma misi\u00f3n &#8211; Exaudi","isPartOf":{"@id":"https:\/\/exaudi.org\/#website"},"primaryImageOfPage":{"@id":"https:\/\/exaudi.org\/es\/san-pedro-y-san-pablo-dos-columnas-de-la-iglesia-una-misma-mision\/#primaryimage"},"image":{"@id":"https:\/\/exaudi.org\/es\/san-pedro-y-san-pablo-dos-columnas-de-la-iglesia-una-misma-mision\/#primaryimage"},"thumbnailUrl":"https:\/\/exaudi.org\/wp-content\/uploads\/2025\/06\/16564938618504.png","datePublished":"2025-06-29T06:59:40+00:00","dateModified":"2025-07-01T06:18:52+00:00","author":{"@id":"https:\/\/exaudi.org\/#\/schema\/person\/7bbb76287fda2b4f0ee1ef8eaf16876e"},"breadcrumb":{"@id":"https:\/\/exaudi.org\/es\/san-pedro-y-san-pablo-dos-columnas-de-la-iglesia-una-misma-mision\/#breadcrumb"},"inLanguage":"es","potentialAction":[{"@type":"ReadAction","target":["https:\/\/exaudi.org\/es\/san-pedro-y-san-pablo-dos-columnas-de-la-iglesia-una-misma-mision\/"]}]},{"@type":"ImageObject","inLanguage":"es","@id":"https:\/\/exaudi.org\/es\/san-pedro-y-san-pablo-dos-columnas-de-la-iglesia-una-misma-mision\/#primaryimage","url":"https:\/\/exaudi.org\/wp-content\/uploads\/2025\/06\/16564938618504.png","contentUrl":"https:\/\/exaudi.org\/wp-content\/uploads\/2025\/06\/16564938618504.png","width":828,"height":552},{"@type":"BreadcrumbList","@id":"https:\/\/exaudi.org\/es\/san-pedro-y-san-pablo-dos-columnas-de-la-iglesia-una-misma-mision\/#breadcrumb","itemListElement":[{"@type":"ListItem","position":1,"name":"Portada","item":"https:\/\/exaudi.org\/es\/"},{"@type":"ListItem","position":2,"name":"San Pedro y San Pablo: Dos columnas de la Iglesia, una misma misi\u00f3n"}]},{"@type":"WebSite","@id":"https:\/\/exaudi.org\/#website","url":"https:\/\/exaudi.org\/","name":"Exaudi","description":"News","potentialAction":[{"@type":"SearchAction","target":{"@type":"EntryPoint","urlTemplate":"https:\/\/exaudi.org\/?s={search_term_string}"},"query-input":{"@type":"PropertyValueSpecification","valueRequired":true,"valueName":"search_term_string"}}],"inLanguage":"es"},{"@type":"Person","@id":"https:\/\/exaudi.org\/#\/schema\/person\/7bbb76287fda2b4f0ee1ef8eaf16876e","name":"P Angel Espinosa de los Monteros","image":{"@type":"ImageObject","inLanguage":"es","@id":"https:\/\/secure.gravatar.com\/avatar\/effca3f571ae6f2f0e49f4978ed61eb7db325b2e3b3cfc4528dcd50d2ed847be?s=96&d=mm&r=g","url":"https:\/\/secure.gravatar.com\/avatar\/effca3f571ae6f2f0e49f4978ed61eb7db325b2e3b3cfc4528dcd50d2ed847be?s=96&d=mm&r=g","contentUrl":"https:\/\/secure.gravatar.com\/avatar\/effca3f571ae6f2f0e49f4978ed61eb7db325b2e3b3cfc4528dcd50d2ed847be?s=96&d=mm&r=g","caption":"P Angel Espinosa de los Monteros"},"description":"El Padre \u00c1ngel Espinosa de los Monteros ha impartido m\u00e1s de 4,000 conferencias sobre matrimonio, valores familiares y espiritualidad en diferentes ciudades de M\u00e9xico, Estados Unidos, Francia, Italia, Espa\u00f1a y Sudam\u00e9rica. Ha atendido a cientos de matrimonios ofreciendo consejos y programas de crecimiento conyugal y familiar. Es autor del libro \u00abEl anillo es para siempre\u00bb, traducido a diferentes lenguas y a partir de las cuales ha dictado m\u00e1s de 20 t\u00edtulos de conferencias. Actualmente se dedica de tiempo completo a impartir conferencias y renovaciones matrimoniales en 20 pa\u00edses del mundo.","sameAs":["https:\/\/padreangelespinosadelosmonteros.lookmydc.com\/","https:\/\/www.facebook.com\/padreangelespinosadelosmonteros","https:\/\/www.instagram.com\/padreangel.espinosa\/","https:\/\/www.youtube.com\/channel\/UCL38v1PSZX6VWoC6lXmTRbA"],"url":"https:\/\/exaudi.org\/es\/author\/padre-angel-espinosa-de-los-monteros\/"}]}},"jetpack_featured_media_url":"https:\/\/exaudi.org\/wp-content\/uploads\/2025\/06\/16564938618504.png","jetpack_shortlink":"https:\/\/wp.me\/pgKjF2-xBm","_links":{"self":[{"href":"https:\/\/exaudi.org\/es\/wp-json\/wp\/v2\/posts\/129168","targetHints":{"allow":["GET"]}}],"collection":[{"href":"https:\/\/exaudi.org\/es\/wp-json\/wp\/v2\/posts"}],"about":[{"href":"https:\/\/exaudi.org\/es\/wp-json\/wp\/v2\/types\/post"}],"author":[{"embeddable":true,"href":"https:\/\/exaudi.org\/es\/wp-json\/wp\/v2\/users\/147"}],"replies":[{"embeddable":true,"href":"https:\/\/exaudi.org\/es\/wp-json\/wp\/v2\/comments?post=129168"}],"version-history":[{"count":0,"href":"https:\/\/exaudi.org\/es\/wp-json\/wp\/v2\/posts\/129168\/revisions"}],"wp:featuredmedia":[{"embeddable":true,"href":"https:\/\/exaudi.org\/es\/wp-json\/wp\/v2\/media\/129235"}],"wp:attachment":[{"href":"https:\/\/exaudi.org\/es\/wp-json\/wp\/v2\/media?parent=129168"}],"wp:term":[{"taxonomy":"category","embeddable":true,"href":"https:\/\/exaudi.org\/es\/wp-json\/wp\/v2\/categories?post=129168"},{"taxonomy":"post_tag","embeddable":true,"href":"https:\/\/exaudi.org\/es\/wp-json\/wp\/v2\/tags?post=129168"}],"curies":[{"name":"wp","href":"https:\/\/api.w.org\/{rel}","templated":true}]}}