{"id":12915,"date":"2021-04-22T17:00:44","date_gmt":"2021-04-22T15:00:44","guid":{"rendered":"https:\/\/exaudi.org\/?p=12915"},"modified":"2021-04-22T17:39:39","modified_gmt":"2021-04-22T15:39:39","slug":"covid-19-dosis-vacuna-pobres-vaticano-2021","status":"publish","type":"post","link":"https:\/\/exaudi.org\/es\/covid-19-dosis-vacuna-pobres-vaticano-2021\/","title":{"rendered":"COVID-19: Segunda dosis de la vacuna para 600 pobres en el Vaticano"},"content":{"rendered":"<p>La <a href=\"https:\/\/www.vatican.va\/roman_curia\/institutions_connected\/elem_apost\/index_sp.htm\" target=\"_blank\" rel=\"noopener noreferrer\">Limosner\u00eda Apost\u00f3lica<\/a> ha recordado mediante un comunicado, hoy jueves 22 de abril de 2021, que ma\u00f1ana viernes d\u00eda de la memoria lit\u00fargica de san Jorge M\u00e1rtir y onom\u00e1stica del Papa Francisco, un grupo de 600 pobres, \u201centre los m\u00e1s fr\u00e1giles y marginados\u201d, recibir\u00e1 en el Aula Pablo VI del Vaticano la segunda dosis de la vacuna COVID-19.<\/p>\n<p>La informaci\u00f3n se\u00f1ala c\u00f3mo estos hombres y mujeres formar\u00e1n parte de los aproximadamente 1.400 beneficiarios de la campa\u00f1a de vacunaci\u00f3n iniciada en Semana Santa por la misma Limosner\u00eda, en colaboraci\u00f3n con otras asociaciones. Asimismo, aclara que este grupo de personas participar\u00e1 en la fiesta del Santo Padre con una sorpresa ofrecida por el mismo.<\/p>\n<p>Tambi\u00e9n se ha aprovechado la nota para \u201cagradecer su generosidad a muchas personas y realidades que han participado en la iniciativa, permitiendo, con un peque\u00f1o gesto de proximidad, a pa\u00edses que de otro modo no podr\u00edan acceder a la vacuna\u201d.<\/p>\n<h4><strong>Primera dosis<\/strong><\/h4>\n<p>El pasado 31 de marzo de 2021 <a href=\"https:\/\/exaudi.org\/es\/covid-19-vacunados-mas-de-100-pobres-en-el-vaticano\/\" target=\"_blank\" rel=\"noopener noreferrer\">se administr\u00f3 la primera dosis<\/a> de la vacuna de COVID-19 \u201ca un grupo de m\u00e1s de 100 personas pobres acogidas en la residencia de las Misioneras de la Caridad de San Gregorio al Celio y residentes en otras estructuras romanas\u201d.<\/p>\n<p>El limosnero de Su Santidad, cardenal Konrad Krajewski, dio la bienvenida a todos: \u201cEn los pr\u00f3ximos d\u00edas se vacunar\u00e1 a otros grupos de personas, acompa\u00f1ados por voluntarios de la Comunidad de Sant\u2019Egidio, C\u00e1ritas Roma, las Misioneras de la Caridad y otras asociaciones\u201d.<\/p>\n<p>Las dosis de la vacuna\u00a0<em>Pfizer-BioNTech,<\/em>\u00a0la misma administrada al Papa y a los empleados vaticanos, <a href=\"https:\/\/exaudi.org\/es\/la-limosneria-apostolica-destina-1-200-vacunas-a-los-mas-pobres\/\" target=\"_blank\" rel=\"noopener noreferrer\">fueron compradas por la Santa Sede<\/a> y ofrecidas por el Hospital Lazzaro Spallanzani, a trav\u00e9s de la\u00a0<a href=\"https:\/\/www.humandevelopment.va\/es\/vatican-covid-19.html\">Comisi\u00f3n Vaticana COVID-19<\/a>, y est\u00e1n siendo aplicadas a \u201clos m\u00e1s pobres y marginados, que son los m\u00e1s expuestos al virus por su condici\u00f3n\u201d.<\/p>\n","protected":false},"excerpt":{"rendered":"<p>Campa\u00f1a de la Limosner\u00eda Apost\u00f3lica<\/p>\n","protected":false},"author":6,"featured_media":12933,"comment_status":"closed","ping_status":"closed","sticky":false,"template":"","format":"standard","meta":{"_acf_changed":false,"_crdt_document":"","inline_featured_image":false,"footnotes":""},"categories":[146,298],"tags":[1886,541,1248],"class_list":["post-12915","post","type-post","status-publish","format-standard","has-post-thumbnail","hentry","category-ciudad-del-vaticano","category-ultimas-noticias","tag-campana-de-vacunacion","tag-covid-19","tag-limosneria-apostolica"],"acf":[],"yoast_head":"<!-- This site is optimized with the Yoast SEO plugin v27.5 - https:\/\/yoast.com\/product\/yoast-seo-wordpress\/ -->\n<title>COVID-19: Segunda dosis de la vacuna para 600 pobres en el Vaticano<\/title>\n<meta name=\"description\" content=\"La Limosner\u00eda Apost\u00f3lica ha recordado que ma\u00f1ana viernes un grupo de 600 pobres recibir\u00e1n la segunda dosis de la vacuna COVID-19.\" \/>\n<meta name=\"robots\" content=\"index, follow, max-snippet:-1, max-image-preview:large, max-video-preview:-1\" \/>\n<link rel=\"canonical\" href=\"https:\/\/exaudi.org\/es\/covid-19-dosis-vacuna-pobres-vaticano-2021\/\" \/>\n<meta property=\"og:locale\" content=\"es_ES\" \/>\n<meta property=\"og:type\" content=\"article\" \/>\n<meta property=\"og:title\" content=\"COVID-19: Segunda dosis de la vacuna para 600 pobres en el Vaticano\" \/>\n<meta property=\"og:description\" content=\"La Limosner\u00eda Apost\u00f3lica ha recordado que ma\u00f1ana viernes un grupo de 600 pobres recibir\u00e1n la segunda dosis de la vacuna COVID-19.\" \/>\n<meta property=\"og:url\" content=\"https:\/\/exaudi.org\/es\/covid-19-dosis-vacuna-pobres-vaticano-2021\/\" \/>\n<meta property=\"og:site_name\" content=\"Exaudi\" \/>\n<meta property=\"article:publisher\" content=\"https:\/\/www.facebook.com\/ExaudiNews\" \/>\n<meta property=\"article:published_time\" content=\"2021-04-22T15:00:44+00:00\" \/>\n<meta property=\"article:modified_time\" content=\"2021-04-22T15:39:39+00:00\" \/>\n<meta property=\"og:image\" content=\"https:\/\/exaudi.org\/wp-content\/uploads\/2021\/04\/cq5dam.thumbnail.cropped.1500.844-1-3.jpeg\" \/>\n\t<meta property=\"og:image:width\" content=\"1280\" \/>\n\t<meta property=\"og:image:height\" content=\"720\" \/>\n\t<meta property=\"og:image:type\" content=\"image\/jpeg\" \/>\n<meta name=\"author\" content=\"Gabriel Sales\" \/>\n<meta name=\"twitter:card\" content=\"summary_large_image\" \/>\n<meta name=\"twitter:creator\" content=\"@habemusman\" \/>\n<meta name=\"twitter:site\" content=\"@Exaudi_News\" \/>\n<meta name=\"twitter:label1\" content=\"Escrito por\" \/>\n\t<meta name=\"twitter:data1\" content=\"Gabriel Sales\" \/>\n\t<meta name=\"twitter:label2\" content=\"Tiempo de lectura\" \/>\n\t<meta name=\"twitter:data2\" content=\"2 minutos\" \/>\n<script type=\"application\/ld+json\" class=\"yoast-schema-graph\">{\"@context\":\"https:\\\/\\\/schema.org\",\"@graph\":[{\"@type\":\"Article\",\"@id\":\"https:\\\/\\\/exaudi.org\\\/es\\\/covid-19-dosis-vacuna-pobres-vaticano-2021\\\/#article\",\"isPartOf\":{\"@id\":\"https:\\\/\\\/exaudi.org\\\/es\\\/covid-19-dosis-vacuna-pobres-vaticano-2021\\\/\"},\"author\":{\"name\":\"Gabriel Sales\",\"@id\":\"https:\\\/\\\/exaudi.org\\\/#\\\/schema\\\/person\\\/d134b96438278131ce90c90c03fda6cd\"},\"headline\":\"COVID-19: Segunda dosis de la vacuna para 600 pobres en el Vaticano\",\"datePublished\":\"2021-04-22T15:00:44+00:00\",\"dateModified\":\"2021-04-22T15:39:39+00:00\",\"mainEntityOfPage\":{\"@id\":\"https:\\\/\\\/exaudi.org\\\/es\\\/covid-19-dosis-vacuna-pobres-vaticano-2021\\\/\"},\"wordCount\":336,\"image\":{\"@id\":\"https:\\\/\\\/exaudi.org\\\/es\\\/covid-19-dosis-vacuna-pobres-vaticano-2021\\\/#primaryimage\"},\"thumbnailUrl\":\"https:\\\/\\\/exaudi.org\\\/wp-content\\\/uploads\\\/2021\\\/04\\\/cq5dam.thumbnail.cropped.1500.844-1-3.jpeg\",\"keywords\":[\"Campa\u00f1a de vacunaci\u00f3n\",\"COVID-19\",\"Limosner\u00eda Apost\u00f3lica\"],\"articleSection\":[\"Ciudad del Vaticano\",\"\u00daltimas noticias\"],\"inLanguage\":\"es\"},{\"@type\":\"WebPage\",\"@id\":\"https:\\\/\\\/exaudi.org\\\/es\\\/covid-19-dosis-vacuna-pobres-vaticano-2021\\\/\",\"url\":\"https:\\\/\\\/exaudi.org\\\/es\\\/covid-19-dosis-vacuna-pobres-vaticano-2021\\\/\",\"name\":\"COVID-19: Segunda dosis de la vacuna para 600 pobres en el Vaticano\",\"isPartOf\":{\"@id\":\"https:\\\/\\\/exaudi.org\\\/#website\"},\"primaryImageOfPage\":{\"@id\":\"https:\\\/\\\/exaudi.org\\\/es\\\/covid-19-dosis-vacuna-pobres-vaticano-2021\\\/#primaryimage\"},\"image\":{\"@id\":\"https:\\\/\\\/exaudi.org\\\/es\\\/covid-19-dosis-vacuna-pobres-vaticano-2021\\\/#primaryimage\"},\"thumbnailUrl\":\"https:\\\/\\\/exaudi.org\\\/wp-content\\\/uploads\\\/2021\\\/04\\\/cq5dam.thumbnail.cropped.1500.844-1-3.jpeg\",\"datePublished\":\"2021-04-22T15:00:44+00:00\",\"dateModified\":\"2021-04-22T15:39:39+00:00\",\"author\":{\"@id\":\"https:\\\/\\\/exaudi.org\\\/#\\\/schema\\\/person\\\/d134b96438278131ce90c90c03fda6cd\"},\"description\":\"La Limosner\u00eda Apost\u00f3lica ha recordado que ma\u00f1ana viernes un grupo de 600 pobres recibir\u00e1n la segunda dosis de la vacuna COVID-19.\",\"breadcrumb\":{\"@id\":\"https:\\\/\\\/exaudi.org\\\/es\\\/covid-19-dosis-vacuna-pobres-vaticano-2021\\\/#breadcrumb\"},\"inLanguage\":\"es\",\"potentialAction\":[{\"@type\":\"ReadAction\",\"target\":[\"https:\\\/\\\/exaudi.org\\\/es\\\/covid-19-dosis-vacuna-pobres-vaticano-2021\\\/\"]}]},{\"@type\":\"ImageObject\",\"inLanguage\":\"es\",\"@id\":\"https:\\\/\\\/exaudi.org\\\/es\\\/covid-19-dosis-vacuna-pobres-vaticano-2021\\\/#primaryimage\",\"url\":\"https:\\\/\\\/exaudi.org\\\/wp-content\\\/uploads\\\/2021\\\/04\\\/cq5dam.thumbnail.cropped.1500.844-1-3.jpeg\",\"contentUrl\":\"https:\\\/\\\/exaudi.org\\\/wp-content\\\/uploads\\\/2021\\\/04\\\/cq5dam.thumbnail.cropped.1500.844-1-3.jpeg\",\"width\":1280,\"height\":720,\"caption\":\"Aula de vacunaci\u00f3n de la Santa Sede \u00a9 Vatican Media\"},{\"@type\":\"BreadcrumbList\",\"@id\":\"https:\\\/\\\/exaudi.org\\\/es\\\/covid-19-dosis-vacuna-pobres-vaticano-2021\\\/#breadcrumb\",\"itemListElement\":[{\"@type\":\"ListItem\",\"position\":1,\"name\":\"Portada\",\"item\":\"https:\\\/\\\/exaudi.org\\\/es\\\/\"},{\"@type\":\"ListItem\",\"position\":2,\"name\":\"COVID-19: Segunda dosis de la vacuna para 600 pobres en el Vaticano\"}]},{\"@type\":\"WebSite\",\"@id\":\"https:\\\/\\\/exaudi.org\\\/#website\",\"url\":\"https:\\\/\\\/exaudi.org\\\/\",\"name\":\"Exaudi\",\"description\":\"News\",\"potentialAction\":[{\"@type\":\"SearchAction\",\"target\":{\"@type\":\"EntryPoint\",\"urlTemplate\":\"https:\\\/\\\/exaudi.org\\\/?s={search_term_string}\"},\"query-input\":{\"@type\":\"PropertyValueSpecification\",\"valueRequired\":true,\"valueName\":\"search_term_string\"}}],\"inLanguage\":\"es\"},{\"@type\":\"Person\",\"@id\":\"https:\\\/\\\/exaudi.org\\\/#\\\/schema\\\/person\\\/d134b96438278131ce90c90c03fda6cd\",\"name\":\"Gabriel Sales\",\"image\":{\"@type\":\"ImageObject\",\"inLanguage\":\"es\",\"@id\":\"https:\\\/\\\/secure.gravatar.com\\\/avatar\\\/9b1269566f6a063ed26ffb3532b66a373cdde231ce5d0effb266167437fdaffd?s=96&d=mm&r=g\",\"url\":\"https:\\\/\\\/secure.gravatar.com\\\/avatar\\\/9b1269566f6a063ed26ffb3532b66a373cdde231ce5d0effb266167437fdaffd?s=96&d=mm&r=g\",\"contentUrl\":\"https:\\\/\\\/secure.gravatar.com\\\/avatar\\\/9b1269566f6a063ed26ffb3532b66a373cdde231ce5d0effb266167437fdaffd?s=96&d=mm&r=g\",\"caption\":\"Gabriel Sales\"},\"description\":\"Periodista y especialista en Comunicaci\u00f3n y Branding digital. Cin\u00e9filo y cr\u00edtico de cine y series de televisi\u00f3n.\",\"sameAs\":[\"https:\\\/\\\/www.instagram.com\\\/cine90segundos\\\/\",\"www.linkedin.com\\\/in\\\/habemusman\",\"https:\\\/\\\/x.com\\\/habemusman\",\"https:\\\/\\\/www.youtube.com\\\/channel\\\/UCVfCiOMkJ_C7T7OpyjuaLDg\"],\"url\":\"https:\\\/\\\/exaudi.org\\\/es\\\/author\\\/gsalesexaudi-org\\\/\"}]}<\/script>\n<!-- \/ Yoast SEO plugin. -->","yoast_head_json":{"title":"COVID-19: Segunda dosis de la vacuna para 600 pobres en el Vaticano","description":"La Limosner\u00eda Apost\u00f3lica ha recordado que ma\u00f1ana viernes un grupo de 600 pobres recibir\u00e1n la segunda dosis de la vacuna COVID-19.","robots":{"index":"index","follow":"follow","max-snippet":"max-snippet:-1","max-image-preview":"max-image-preview:large","max-video-preview":"max-video-preview:-1"},"canonical":"https:\/\/exaudi.org\/es\/covid-19-dosis-vacuna-pobres-vaticano-2021\/","og_locale":"es_ES","og_type":"article","og_title":"COVID-19: Segunda dosis de la vacuna para 600 pobres en el Vaticano","og_description":"La Limosner\u00eda Apost\u00f3lica ha recordado que ma\u00f1ana viernes un grupo de 600 pobres recibir\u00e1n la segunda dosis de la vacuna COVID-19.","og_url":"https:\/\/exaudi.org\/es\/covid-19-dosis-vacuna-pobres-vaticano-2021\/","og_site_name":"Exaudi","article_publisher":"https:\/\/www.facebook.com\/ExaudiNews","article_published_time":"2021-04-22T15:00:44+00:00","article_modified_time":"2021-04-22T15:39:39+00:00","og_image":[{"width":1280,"height":720,"url":"https:\/\/exaudi.org\/wp-content\/uploads\/2021\/04\/cq5dam.thumbnail.cropped.1500.844-1-3.jpeg","type":"image\/jpeg"}],"author":"Gabriel Sales","twitter_card":"summary_large_image","twitter_creator":"@habemusman","twitter_site":"@Exaudi_News","twitter_misc":{"Escrito por":"Gabriel Sales","Tiempo de lectura":"2 minutos"},"schema":{"@context":"https:\/\/schema.org","@graph":[{"@type":"Article","@id":"https:\/\/exaudi.org\/es\/covid-19-dosis-vacuna-pobres-vaticano-2021\/#article","isPartOf":{"@id":"https:\/\/exaudi.org\/es\/covid-19-dosis-vacuna-pobres-vaticano-2021\/"},"author":{"name":"Gabriel Sales","@id":"https:\/\/exaudi.org\/#\/schema\/person\/d134b96438278131ce90c90c03fda6cd"},"headline":"COVID-19: Segunda dosis de la vacuna para 600 pobres en el Vaticano","datePublished":"2021-04-22T15:00:44+00:00","dateModified":"2021-04-22T15:39:39+00:00","mainEntityOfPage":{"@id":"https:\/\/exaudi.org\/es\/covid-19-dosis-vacuna-pobres-vaticano-2021\/"},"wordCount":336,"image":{"@id":"https:\/\/exaudi.org\/es\/covid-19-dosis-vacuna-pobres-vaticano-2021\/#primaryimage"},"thumbnailUrl":"https:\/\/exaudi.org\/wp-content\/uploads\/2021\/04\/cq5dam.thumbnail.cropped.1500.844-1-3.jpeg","keywords":["Campa\u00f1a de vacunaci\u00f3n","COVID-19","Limosner\u00eda Apost\u00f3lica"],"articleSection":["Ciudad del Vaticano","\u00daltimas noticias"],"inLanguage":"es"},{"@type":"WebPage","@id":"https:\/\/exaudi.org\/es\/covid-19-dosis-vacuna-pobres-vaticano-2021\/","url":"https:\/\/exaudi.org\/es\/covid-19-dosis-vacuna-pobres-vaticano-2021\/","name":"COVID-19: Segunda dosis de la vacuna para 600 pobres en el Vaticano","isPartOf":{"@id":"https:\/\/exaudi.org\/#website"},"primaryImageOfPage":{"@id":"https:\/\/exaudi.org\/es\/covid-19-dosis-vacuna-pobres-vaticano-2021\/#primaryimage"},"image":{"@id":"https:\/\/exaudi.org\/es\/covid-19-dosis-vacuna-pobres-vaticano-2021\/#primaryimage"},"thumbnailUrl":"https:\/\/exaudi.org\/wp-content\/uploads\/2021\/04\/cq5dam.thumbnail.cropped.1500.844-1-3.jpeg","datePublished":"2021-04-22T15:00:44+00:00","dateModified":"2021-04-22T15:39:39+00:00","author":{"@id":"https:\/\/exaudi.org\/#\/schema\/person\/d134b96438278131ce90c90c03fda6cd"},"description":"La Limosner\u00eda Apost\u00f3lica ha recordado que ma\u00f1ana viernes un grupo de 600 pobres recibir\u00e1n la segunda dosis de la vacuna COVID-19.","breadcrumb":{"@id":"https:\/\/exaudi.org\/es\/covid-19-dosis-vacuna-pobres-vaticano-2021\/#breadcrumb"},"inLanguage":"es","potentialAction":[{"@type":"ReadAction","target":["https:\/\/exaudi.org\/es\/covid-19-dosis-vacuna-pobres-vaticano-2021\/"]}]},{"@type":"ImageObject","inLanguage":"es","@id":"https:\/\/exaudi.org\/es\/covid-19-dosis-vacuna-pobres-vaticano-2021\/#primaryimage","url":"https:\/\/exaudi.org\/wp-content\/uploads\/2021\/04\/cq5dam.thumbnail.cropped.1500.844-1-3.jpeg","contentUrl":"https:\/\/exaudi.org\/wp-content\/uploads\/2021\/04\/cq5dam.thumbnail.cropped.1500.844-1-3.jpeg","width":1280,"height":720,"caption":"Aula de vacunaci\u00f3n de la Santa Sede \u00a9 Vatican Media"},{"@type":"BreadcrumbList","@id":"https:\/\/exaudi.org\/es\/covid-19-dosis-vacuna-pobres-vaticano-2021\/#breadcrumb","itemListElement":[{"@type":"ListItem","position":1,"name":"Portada","item":"https:\/\/exaudi.org\/es\/"},{"@type":"ListItem","position":2,"name":"COVID-19: Segunda dosis de la vacuna para 600 pobres en el Vaticano"}]},{"@type":"WebSite","@id":"https:\/\/exaudi.org\/#website","url":"https:\/\/exaudi.org\/","name":"Exaudi","description":"News","potentialAction":[{"@type":"SearchAction","target":{"@type":"EntryPoint","urlTemplate":"https:\/\/exaudi.org\/?s={search_term_string}"},"query-input":{"@type":"PropertyValueSpecification","valueRequired":true,"valueName":"search_term_string"}}],"inLanguage":"es"},{"@type":"Person","@id":"https:\/\/exaudi.org\/#\/schema\/person\/d134b96438278131ce90c90c03fda6cd","name":"Gabriel Sales","image":{"@type":"ImageObject","inLanguage":"es","@id":"https:\/\/secure.gravatar.com\/avatar\/9b1269566f6a063ed26ffb3532b66a373cdde231ce5d0effb266167437fdaffd?s=96&d=mm&r=g","url":"https:\/\/secure.gravatar.com\/avatar\/9b1269566f6a063ed26ffb3532b66a373cdde231ce5d0effb266167437fdaffd?s=96&d=mm&r=g","contentUrl":"https:\/\/secure.gravatar.com\/avatar\/9b1269566f6a063ed26ffb3532b66a373cdde231ce5d0effb266167437fdaffd?s=96&d=mm&r=g","caption":"Gabriel Sales"},"description":"Periodista y especialista en Comunicaci\u00f3n y Branding digital. Cin\u00e9filo y cr\u00edtico de cine y series de televisi\u00f3n.","sameAs":["https:\/\/www.instagram.com\/cine90segundos\/","www.linkedin.com\/in\/habemusman","https:\/\/x.com\/habemusman","https:\/\/www.youtube.com\/channel\/UCVfCiOMkJ_C7T7OpyjuaLDg"],"url":"https:\/\/exaudi.org\/es\/author\/gsalesexaudi-org\/"}]}},"jetpack_featured_media_url":"https:\/\/exaudi.org\/wp-content\/uploads\/2021\/04\/cq5dam.thumbnail.cropped.1500.844-1-3.jpeg","jetpack_shortlink":"https:\/\/wp.me\/pgKjF2-3mj","_links":{"self":[{"href":"https:\/\/exaudi.org\/es\/wp-json\/wp\/v2\/posts\/12915","targetHints":{"allow":["GET"]}}],"collection":[{"href":"https:\/\/exaudi.org\/es\/wp-json\/wp\/v2\/posts"}],"about":[{"href":"https:\/\/exaudi.org\/es\/wp-json\/wp\/v2\/types\/post"}],"author":[{"embeddable":true,"href":"https:\/\/exaudi.org\/es\/wp-json\/wp\/v2\/users\/6"}],"replies":[{"embeddable":true,"href":"https:\/\/exaudi.org\/es\/wp-json\/wp\/v2\/comments?post=12915"}],"version-history":[{"count":0,"href":"https:\/\/exaudi.org\/es\/wp-json\/wp\/v2\/posts\/12915\/revisions"}],"wp:featuredmedia":[{"embeddable":true,"href":"https:\/\/exaudi.org\/es\/wp-json\/wp\/v2\/media\/12933"}],"wp:attachment":[{"href":"https:\/\/exaudi.org\/es\/wp-json\/wp\/v2\/media?parent=12915"}],"wp:term":[{"taxonomy":"category","embeddable":true,"href":"https:\/\/exaudi.org\/es\/wp-json\/wp\/v2\/categories?post=12915"},{"taxonomy":"post_tag","embeddable":true,"href":"https:\/\/exaudi.org\/es\/wp-json\/wp\/v2\/tags?post=12915"}],"curies":[{"name":"wp","href":"https:\/\/api.w.org\/{rel}","templated":true}]}}