{"id":129039,"date":"2025-06-27T11:44:07","date_gmt":"2025-06-27T09:44:07","guid":{"rendered":"https:\/\/exaudi.org\/?p=129039"},"modified":"2025-06-27T11:54:24","modified_gmt":"2025-06-27T09:54:24","slug":"leon-xiv-a-los-nuevos-sacerdotes-amad-a-dios-y-orad-con-fervor","status":"publish","type":"post","link":"https:\/\/exaudi.org\/es\/leon-xiv-a-los-nuevos-sacerdotes-amad-a-dios-y-orad-con-fervor\/","title":{"rendered":"Le\u00f3n XIV a los nuevos sacerdotes: \u201cAmad a Dios y orad con fervor\u201d"},"content":{"rendered":"<p data-start=\"390\" data-end=\"635\">Durante la Misa celebrada con motivo de la ordenaci\u00f3n sacerdotal de nuevos presb\u00edteros, el Papa Le\u00f3n XIV dirigi\u00f3 un mensaje claro y profundo: vivir el ministerio con una fe ardiente, oraci\u00f3n constante y una entrega generosa a Dios y a su pueblo.<\/p>\n<h3 data-start=\"642\" data-end=\"689\"><strong data-start=\"646\" data-end=\"689\">1. Un sacerdocio nacido del amor a Dios<\/strong><\/h3>\n<p data-start=\"691\" data-end=\"983\">Le\u00f3n XIV comenz\u00f3 su homil\u00eda recordando que el fundamento de toda vocaci\u00f3n sacerdotal es una relaci\u00f3n viva y personal con el Se\u00f1or. \u201cSin amor a Dios no hay sacerdocio verdadero\u201d, afirm\u00f3. Anim\u00f3 a los nuevos sacerdotes a cultivar ese v\u00ednculo cada d\u00eda como fuente de sentido, fortaleza y alegr\u00eda.<\/p>\n<h3 data-start=\"985\" data-end=\"1035\"><strong data-start=\"989\" data-end=\"1035\">2. La oraci\u00f3n, ox\u00edgeno del alma sacerdotal<\/strong><\/h3>\n<p data-start=\"1037\" data-end=\"1322\">El Pont\u00edfice insisti\u00f3 en que la oraci\u00f3n debe ser el eje de la vida del presb\u00edtero. \u201cUn sacerdote que no ora, se apaga lentamente\u201d, advirti\u00f3. Invit\u00f3 a practicar una oraci\u00f3n perseverante, confiada, tanto en lo \u00edntimo como en lo comunitario, que regenere su esp\u00edritu y sostenga su misi\u00f3n.<\/p>\n<p data-start=\"1037\" data-end=\"1322\"><img loading=\"lazy\" decoding=\"async\" class=\"size-full wp-image-129049 alignnone\" src=\"https:\/\/exaudi.org\/wp-content\/uploads\/2025\/06\/cq5dam.thumbnail.cropped.750.422-14.jpeg\" alt=\"\" width=\"750\" height=\"422\" srcset=\"https:\/\/exaudi.org\/wp-content\/uploads\/2025\/06\/cq5dam.thumbnail.cropped.750.422-14.jpeg 750w, https:\/\/exaudi.org\/wp-content\/uploads\/2025\/06\/cq5dam.thumbnail.cropped.750.422-14-300x169.jpeg 300w, https:\/\/exaudi.org\/wp-content\/uploads\/2025\/06\/cq5dam.thumbnail.cropped.750.422-14-500x281.jpeg 500w\" sizes=\"auto, (max-width: 750px) 100vw, 750px\" \/><\/p>\n<h3 data-start=\"1324\" data-end=\"1364\"><strong data-start=\"1328\" data-end=\"1364\">3. Servir con alegr\u00eda y valent\u00eda<\/strong><\/h3>\n<p data-start=\"1366\" data-end=\"1698\">Le\u00f3n XIV anim\u00f3 a los nuevos ordenados a ejercer un ministerio marcado por la entrega y la cercan\u00eda al pueblo de Dios. \u201cSed pastores con olor a oveja\u201d, les pidi\u00f3, usando una expresi\u00f3n ya emblem\u00e1tica. Los urgi\u00f3 a no temer el cansancio, las dificultades o los contextos hostiles, sino a responder con humildad, creatividad y esperanza.<\/p>\n<h3 data-start=\"1700\" data-end=\"1758\"><strong data-start=\"1704\" data-end=\"1758\">4. Fraternidad entre sacerdotes, signo de comuni\u00f3n<\/strong><\/h3>\n<p data-start=\"1760\" data-end=\"2022\">El Papa tambi\u00e9n insisti\u00f3 en la importancia de la fraternidad sacerdotal como testimonio evang\u00e9lico. \u201cNo est\u00e1is solos\u201d, les asegur\u00f3. Se\u00f1al\u00f3 que vivir unidos como hermanos fortalece la identidad presbiteral y refleja la comuni\u00f3n trinitaria a la que est\u00e1n llamados.<\/p>\n<p data-start=\"1760\" data-end=\"2022\"><img loading=\"lazy\" decoding=\"async\" class=\"size-full wp-image-129040 alignnone\" src=\"https:\/\/exaudi.org\/wp-content\/uploads\/2025\/06\/cq5dam.thumbnail.cropped.750.422-3-5.jpeg\" alt=\"\" width=\"750\" height=\"422\" srcset=\"https:\/\/exaudi.org\/wp-content\/uploads\/2025\/06\/cq5dam.thumbnail.cropped.750.422-3-5.jpeg 750w, https:\/\/exaudi.org\/wp-content\/uploads\/2025\/06\/cq5dam.thumbnail.cropped.750.422-3-5-300x169.jpeg 300w, https:\/\/exaudi.org\/wp-content\/uploads\/2025\/06\/cq5dam.thumbnail.cropped.750.422-3-5-500x281.jpeg 500w\" sizes=\"auto, (max-width: 750px) 100vw, 750px\" \/><\/p>\n<h3 data-start=\"2024\" data-end=\"2074\"><strong data-start=\"2028\" data-end=\"2074\">5. Proclamadores valientes de la esperanza<\/strong><\/h3>\n<p data-start=\"2076\" data-end=\"2348\">Para concluir, Le\u00f3n XIV los inst\u00f3 a anunciar el Evangelio sin temor y con alegr\u00eda, especialmente entre los j\u00f3venes. \u201cEl mundo necesita testigos, no funcionarios\u201d, remarc\u00f3. Les pidi\u00f3 ser creativos en el Esp\u00edritu, audaces en la misi\u00f3n y misericordiosos en el trato pastoral.<\/p>\n<p data-start=\"2355\" data-end=\"2657\"><strong data-start=\"2355\" data-end=\"2369\">En resumen<\/strong>, Le\u00f3n XIV quiso dejarles grabado un mensaje sencillo pero exigente: amad profundamente a Dios, orad cada d\u00eda, servid con alegr\u00eda, vivid como hermanos y anunciad la esperanza sin miedo. As\u00ed, dijo, el sacerdocio ser\u00e1 no solo fecundo, sino tambi\u00e9n fuente de renovaci\u00f3n para toda la Iglesia.<\/p>\n","protected":false},"excerpt":{"rendered":"<p>El Papa exhorta a los reci\u00e9n ordenados a vivir un sacerdocio arraigado en el amor divino, sostenido por la oraci\u00f3n y entregado al servicio de los dem\u00e1s<\/p>\n","protected":false},"author":15,"featured_media":129046,"comment_status":"closed","ping_status":"closed","sticky":false,"template":"","format":"standard","meta":{"_acf_changed":false,"_crdt_document":"","inline_featured_image":false,"footnotes":""},"categories":[],"tags":[29996,14707,1019,2419,65267,7074,449,53861,58067,14207,61031,65266,1920,45874,58111,65268,704,33615,9779,4663],"class_list":["post-129039","post","type-post","status-publish","format-standard","has-post-thumbnail","hentry","tag-amor-a-dios","tag-esperanza-cristiana","tag-evangelizacion","tag-featured","tag-fraternidad-sacerdotal","tag-homilia-del-papa","tag-iglesia-catolica","tag-iglesia-y-juventud","tag-leon-xiv","tag-ministerio-sacerdotal","tag-nuevos-sacerdotes","tag-oracion-sacerdotal","tag-ordenacion-sacerdotal","tag-papa-2025","tag-papa-leon-xiv","tag-papa-y-sacerdotes","tag-santa-misa","tag-servicio-pastoral","tag-vida-consagrada","tag-vocacion-sacerdotal"],"acf":[],"yoast_head":"<!-- This site is optimized with the Yoast SEO plugin v27.4 - https:\/\/yoast.com\/product\/yoast-seo-wordpress\/ -->\n<title>Le\u00f3n XIV a los nuevos sacerdotes: \u201cAmad a Dios y orad con fervor\u201d &#8211; Exaudi<\/title>\n<meta name=\"robots\" content=\"index, follow, max-snippet:-1, max-image-preview:large, max-video-preview:-1\" \/>\n<link rel=\"canonical\" href=\"https:\/\/exaudi.org\/es\/leon-xiv-a-los-nuevos-sacerdotes-amad-a-dios-y-orad-con-fervor\/\" \/>\n<meta property=\"og:locale\" content=\"es_ES\" \/>\n<meta property=\"og:type\" content=\"article\" \/>\n<meta property=\"og:title\" content=\"Le\u00f3n XIV a los nuevos sacerdotes: \u201cAmad a Dios y orad con fervor\u201d &#8211; Exaudi\" \/>\n<meta property=\"og:description\" content=\"El Papa exhorta a los reci\u00e9n ordenados a vivir un sacerdocio arraigado en el amor divino, sostenido por la oraci\u00f3n y entregado al servicio de los dem\u00e1s\" \/>\n<meta property=\"og:url\" content=\"https:\/\/exaudi.org\/es\/leon-xiv-a-los-nuevos-sacerdotes-amad-a-dios-y-orad-con-fervor\/\" \/>\n<meta property=\"og:site_name\" content=\"Exaudi\" \/>\n<meta property=\"article:publisher\" content=\"https:\/\/www.facebook.com\/ExaudiNews\" \/>\n<meta property=\"article:author\" content=\"https:\/\/www.facebook.com\/ExaudiNoticias\/\" \/>\n<meta property=\"article:published_time\" content=\"2025-06-27T09:44:07+00:00\" \/>\n<meta property=\"article:modified_time\" content=\"2025-06-27T09:54:24+00:00\" \/>\n<meta property=\"og:image\" content=\"https:\/\/exaudi.org\/wp-content\/uploads\/2025\/06\/cq5dam.thumbnail.cropped.750.422-1-6.jpeg\" \/>\n\t<meta property=\"og:image:width\" content=\"750\" \/>\n\t<meta property=\"og:image:height\" content=\"422\" \/>\n\t<meta property=\"og:image:type\" content=\"image\/jpeg\" \/>\n<meta name=\"author\" content=\"Exaudi Redacci\u00f3n\" \/>\n<meta name=\"twitter:card\" content=\"summary_large_image\" \/>\n<meta name=\"twitter:creator\" content=\"@Exaudi_noticias\" \/>\n<meta name=\"twitter:site\" content=\"@Exaudi_News\" \/>\n<meta name=\"twitter:label1\" content=\"Escrito por\" \/>\n\t<meta name=\"twitter:data1\" content=\"Exaudi Redacci\u00f3n\" \/>\n\t<meta name=\"twitter:label2\" content=\"Tiempo de lectura\" \/>\n\t<meta name=\"twitter:data2\" content=\"2 minutos\" \/>\n<script type=\"application\/ld+json\" class=\"yoast-schema-graph\">{\"@context\":\"https:\\\/\\\/schema.org\",\"@graph\":[{\"@type\":\"Article\",\"@id\":\"https:\\\/\\\/exaudi.org\\\/es\\\/leon-xiv-a-los-nuevos-sacerdotes-amad-a-dios-y-orad-con-fervor\\\/#article\",\"isPartOf\":{\"@id\":\"https:\\\/\\\/exaudi.org\\\/es\\\/leon-xiv-a-los-nuevos-sacerdotes-amad-a-dios-y-orad-con-fervor\\\/\"},\"author\":{\"name\":\"Exaudi Redacci\u00f3n\",\"@id\":\"https:\\\/\\\/exaudi.org\\\/#\\\/schema\\\/person\\\/f5fc8f063065e38742da7afe15f25df7\"},\"headline\":\"Le\u00f3n XIV a los nuevos sacerdotes: \u201cAmad a Dios y orad con fervor\u201d\",\"datePublished\":\"2025-06-27T09:44:07+00:00\",\"dateModified\":\"2025-06-27T09:54:24+00:00\",\"mainEntityOfPage\":{\"@id\":\"https:\\\/\\\/exaudi.org\\\/es\\\/leon-xiv-a-los-nuevos-sacerdotes-amad-a-dios-y-orad-con-fervor\\\/\"},\"wordCount\":411,\"image\":{\"@id\":\"https:\\\/\\\/exaudi.org\\\/es\\\/leon-xiv-a-los-nuevos-sacerdotes-amad-a-dios-y-orad-con-fervor\\\/#primaryimage\"},\"thumbnailUrl\":\"https:\\\/\\\/exaudi.org\\\/wp-content\\\/uploads\\\/2025\\\/06\\\/cq5dam.thumbnail.cropped.750.422-1-6.jpeg\",\"keywords\":[\"amor a Dios\",\"esperanza cristiana\",\"Evangelizaci\u00f3n\",\"Featured\",\"fraternidad sacerdotal\",\"Homil\u00eda del Papa\",\"Iglesia cat\u00f3lica\",\"Iglesia y juventud\",\"Le\u00f3n XIV\",\"Ministerio sacerdotal\",\"nuevos sacerdotes\",\"oraci\u00f3n sacerdotal\",\"Ordenaci\u00f3n sacerdotal\",\"papa 2025\",\"papa le\u00f3n xiv\",\"papa y sacerdotes\",\"Santa Misa\",\"servicio pastoral\",\"VIDA CONSAGRADA\",\"Vocaci\u00f3n sacerdotal\"],\"inLanguage\":\"es\"},{\"@type\":\"WebPage\",\"@id\":\"https:\\\/\\\/exaudi.org\\\/es\\\/leon-xiv-a-los-nuevos-sacerdotes-amad-a-dios-y-orad-con-fervor\\\/\",\"url\":\"https:\\\/\\\/exaudi.org\\\/es\\\/leon-xiv-a-los-nuevos-sacerdotes-amad-a-dios-y-orad-con-fervor\\\/\",\"name\":\"Le\u00f3n XIV a los nuevos sacerdotes: \u201cAmad a Dios y orad con fervor\u201d &#8211; Exaudi\",\"isPartOf\":{\"@id\":\"https:\\\/\\\/exaudi.org\\\/#website\"},\"primaryImageOfPage\":{\"@id\":\"https:\\\/\\\/exaudi.org\\\/es\\\/leon-xiv-a-los-nuevos-sacerdotes-amad-a-dios-y-orad-con-fervor\\\/#primaryimage\"},\"image\":{\"@id\":\"https:\\\/\\\/exaudi.org\\\/es\\\/leon-xiv-a-los-nuevos-sacerdotes-amad-a-dios-y-orad-con-fervor\\\/#primaryimage\"},\"thumbnailUrl\":\"https:\\\/\\\/exaudi.org\\\/wp-content\\\/uploads\\\/2025\\\/06\\\/cq5dam.thumbnail.cropped.750.422-1-6.jpeg\",\"datePublished\":\"2025-06-27T09:44:07+00:00\",\"dateModified\":\"2025-06-27T09:54:24+00:00\",\"author\":{\"@id\":\"https:\\\/\\\/exaudi.org\\\/#\\\/schema\\\/person\\\/f5fc8f063065e38742da7afe15f25df7\"},\"breadcrumb\":{\"@id\":\"https:\\\/\\\/exaudi.org\\\/es\\\/leon-xiv-a-los-nuevos-sacerdotes-amad-a-dios-y-orad-con-fervor\\\/#breadcrumb\"},\"inLanguage\":\"es\",\"potentialAction\":[{\"@type\":\"ReadAction\",\"target\":[\"https:\\\/\\\/exaudi.org\\\/es\\\/leon-xiv-a-los-nuevos-sacerdotes-amad-a-dios-y-orad-con-fervor\\\/\"]}]},{\"@type\":\"ImageObject\",\"inLanguage\":\"es\",\"@id\":\"https:\\\/\\\/exaudi.org\\\/es\\\/leon-xiv-a-los-nuevos-sacerdotes-amad-a-dios-y-orad-con-fervor\\\/#primaryimage\",\"url\":\"https:\\\/\\\/exaudi.org\\\/wp-content\\\/uploads\\\/2025\\\/06\\\/cq5dam.thumbnail.cropped.750.422-1-6.jpeg\",\"contentUrl\":\"https:\\\/\\\/exaudi.org\\\/wp-content\\\/uploads\\\/2025\\\/06\\\/cq5dam.thumbnail.cropped.750.422-1-6.jpeg\",\"width\":750,\"height\":422},{\"@type\":\"BreadcrumbList\",\"@id\":\"https:\\\/\\\/exaudi.org\\\/es\\\/leon-xiv-a-los-nuevos-sacerdotes-amad-a-dios-y-orad-con-fervor\\\/#breadcrumb\",\"itemListElement\":[{\"@type\":\"ListItem\",\"position\":1,\"name\":\"Portada\",\"item\":\"https:\\\/\\\/exaudi.org\\\/es\\\/\"},{\"@type\":\"ListItem\",\"position\":2,\"name\":\"Le\u00f3n XIV a los nuevos sacerdotes: \u201cAmad a Dios y orad con fervor\u201d\"}]},{\"@type\":\"WebSite\",\"@id\":\"https:\\\/\\\/exaudi.org\\\/#website\",\"url\":\"https:\\\/\\\/exaudi.org\\\/\",\"name\":\"Exaudi\",\"description\":\"News\",\"potentialAction\":[{\"@type\":\"SearchAction\",\"target\":{\"@type\":\"EntryPoint\",\"urlTemplate\":\"https:\\\/\\\/exaudi.org\\\/?s={search_term_string}\"},\"query-input\":{\"@type\":\"PropertyValueSpecification\",\"valueRequired\":true,\"valueName\":\"search_term_string\"}}],\"inLanguage\":\"es\"},{\"@type\":\"Person\",\"@id\":\"https:\\\/\\\/exaudi.org\\\/#\\\/schema\\\/person\\\/f5fc8f063065e38742da7afe15f25df7\",\"name\":\"Exaudi Redacci\u00f3n\",\"image\":{\"@type\":\"ImageObject\",\"inLanguage\":\"es\",\"@id\":\"https:\\\/\\\/secure.gravatar.com\\\/avatar\\\/fe0f6a059fb68d9b3e11bc5850dd4899b1c7492091a3cb6dd9b01b56ad828be2?s=96&d=mm&r=g\",\"url\":\"https:\\\/\\\/secure.gravatar.com\\\/avatar\\\/fe0f6a059fb68d9b3e11bc5850dd4899b1c7492091a3cb6dd9b01b56ad828be2?s=96&d=mm&r=g\",\"contentUrl\":\"https:\\\/\\\/secure.gravatar.com\\\/avatar\\\/fe0f6a059fb68d9b3e11bc5850dd4899b1c7492091a3cb6dd9b01b56ad828be2?s=96&d=mm&r=g\",\"caption\":\"Exaudi Redacci\u00f3n\"},\"description\":\"\u00bfQu\u00e9 es Exaudi News? Exaudi News es un medio de comunicaci\u00f3n cat\u00f3lico internacional que informa, forma y transforma, diariamente en espa\u00f1ol, ingl\u00e9s e italiano. A trav\u00e9s de noticias, art\u00edculos de an\u00e1lisis y transmisiones en directo de los eventos del Papa, Exaudi busca fortalecer la unidad de los cristianos y contribuir a la evangelizaci\u00f3n del mundo, siempre guiados por la doctrina social de la Iglesia. Trabajamos para acercar la verdad y los valores cristianos a cada rinc\u00f3n del planeta. \u00a1Ay\u00fadanos a transformar el mundo con Exaudi! En Exaudi creemos que la evangelizaci\u00f3n y la informaci\u00f3n de calidad pueden cambiar vidas. Para continuar con nuestra misi\u00f3n y expandir nuestro alcance, necesitamos tu ayuda. Adem\u00e1s, buscamos personas comprometidas que deseen unirse a nuestro equipo. Con tu apoyo, lograremos llegar a m\u00e1s personas, difundir el mensaje de Cristo y reforzar la unidad de los cristianos. \u00bfTe unes a nuestra misi\u00f3n? Para m\u00e1s informaci\u00f3n sobre c\u00f3mo colaborar, visita Exaudi.org\\\/es o cont\u00e1ctanos directamente: info@exaudi.org Exaudi: Informa, forma y transforma.\",\"sameAs\":[\"https:\\\/\\\/www.facebook.com\\\/ExaudiNoticias\\\/\",\"https:\\\/\\\/www.instagram.com\\\/exaudi_noticias\\\/\",\"https:\\\/\\\/x.com\\\/Exaudi_noticias\",\"https:\\\/\\\/www.youtube.com\\\/@exaudicatholicnews\"],\"url\":\"https:\\\/\\\/exaudi.org\\\/es\\\/author\\\/redaccionexaudi\\\/\"}]}<\/script>\n<!-- \/ Yoast SEO plugin. -->","yoast_head_json":{"title":"Le\u00f3n XIV a los nuevos sacerdotes: \u201cAmad a Dios y orad con fervor\u201d &#8211; Exaudi","robots":{"index":"index","follow":"follow","max-snippet":"max-snippet:-1","max-image-preview":"max-image-preview:large","max-video-preview":"max-video-preview:-1"},"canonical":"https:\/\/exaudi.org\/es\/leon-xiv-a-los-nuevos-sacerdotes-amad-a-dios-y-orad-con-fervor\/","og_locale":"es_ES","og_type":"article","og_title":"Le\u00f3n XIV a los nuevos sacerdotes: \u201cAmad a Dios y orad con fervor\u201d &#8211; Exaudi","og_description":"El Papa exhorta a los reci\u00e9n ordenados a vivir un sacerdocio arraigado en el amor divino, sostenido por la oraci\u00f3n y entregado al servicio de los dem\u00e1s","og_url":"https:\/\/exaudi.org\/es\/leon-xiv-a-los-nuevos-sacerdotes-amad-a-dios-y-orad-con-fervor\/","og_site_name":"Exaudi","article_publisher":"https:\/\/www.facebook.com\/ExaudiNews","article_author":"https:\/\/www.facebook.com\/ExaudiNoticias\/","article_published_time":"2025-06-27T09:44:07+00:00","article_modified_time":"2025-06-27T09:54:24+00:00","og_image":[{"width":750,"height":422,"url":"https:\/\/exaudi.org\/wp-content\/uploads\/2025\/06\/cq5dam.thumbnail.cropped.750.422-1-6.jpeg","type":"image\/jpeg"}],"author":"Exaudi Redacci\u00f3n","twitter_card":"summary_large_image","twitter_creator":"@Exaudi_noticias","twitter_site":"@Exaudi_News","twitter_misc":{"Escrito por":"Exaudi Redacci\u00f3n","Tiempo de lectura":"2 minutos"},"schema":{"@context":"https:\/\/schema.org","@graph":[{"@type":"Article","@id":"https:\/\/exaudi.org\/es\/leon-xiv-a-los-nuevos-sacerdotes-amad-a-dios-y-orad-con-fervor\/#article","isPartOf":{"@id":"https:\/\/exaudi.org\/es\/leon-xiv-a-los-nuevos-sacerdotes-amad-a-dios-y-orad-con-fervor\/"},"author":{"name":"Exaudi Redacci\u00f3n","@id":"https:\/\/exaudi.org\/#\/schema\/person\/f5fc8f063065e38742da7afe15f25df7"},"headline":"Le\u00f3n XIV a los nuevos sacerdotes: \u201cAmad a Dios y orad con fervor\u201d","datePublished":"2025-06-27T09:44:07+00:00","dateModified":"2025-06-27T09:54:24+00:00","mainEntityOfPage":{"@id":"https:\/\/exaudi.org\/es\/leon-xiv-a-los-nuevos-sacerdotes-amad-a-dios-y-orad-con-fervor\/"},"wordCount":411,"image":{"@id":"https:\/\/exaudi.org\/es\/leon-xiv-a-los-nuevos-sacerdotes-amad-a-dios-y-orad-con-fervor\/#primaryimage"},"thumbnailUrl":"https:\/\/exaudi.org\/wp-content\/uploads\/2025\/06\/cq5dam.thumbnail.cropped.750.422-1-6.jpeg","keywords":["amor a Dios","esperanza cristiana","Evangelizaci\u00f3n","Featured","fraternidad sacerdotal","Homil\u00eda del Papa","Iglesia cat\u00f3lica","Iglesia y juventud","Le\u00f3n XIV","Ministerio sacerdotal","nuevos sacerdotes","oraci\u00f3n sacerdotal","Ordenaci\u00f3n sacerdotal","papa 2025","papa le\u00f3n xiv","papa y sacerdotes","Santa Misa","servicio pastoral","VIDA CONSAGRADA","Vocaci\u00f3n sacerdotal"],"inLanguage":"es"},{"@type":"WebPage","@id":"https:\/\/exaudi.org\/es\/leon-xiv-a-los-nuevos-sacerdotes-amad-a-dios-y-orad-con-fervor\/","url":"https:\/\/exaudi.org\/es\/leon-xiv-a-los-nuevos-sacerdotes-amad-a-dios-y-orad-con-fervor\/","name":"Le\u00f3n XIV a los nuevos sacerdotes: \u201cAmad a Dios y orad con fervor\u201d &#8211; Exaudi","isPartOf":{"@id":"https:\/\/exaudi.org\/#website"},"primaryImageOfPage":{"@id":"https:\/\/exaudi.org\/es\/leon-xiv-a-los-nuevos-sacerdotes-amad-a-dios-y-orad-con-fervor\/#primaryimage"},"image":{"@id":"https:\/\/exaudi.org\/es\/leon-xiv-a-los-nuevos-sacerdotes-amad-a-dios-y-orad-con-fervor\/#primaryimage"},"thumbnailUrl":"https:\/\/exaudi.org\/wp-content\/uploads\/2025\/06\/cq5dam.thumbnail.cropped.750.422-1-6.jpeg","datePublished":"2025-06-27T09:44:07+00:00","dateModified":"2025-06-27T09:54:24+00:00","author":{"@id":"https:\/\/exaudi.org\/#\/schema\/person\/f5fc8f063065e38742da7afe15f25df7"},"breadcrumb":{"@id":"https:\/\/exaudi.org\/es\/leon-xiv-a-los-nuevos-sacerdotes-amad-a-dios-y-orad-con-fervor\/#breadcrumb"},"inLanguage":"es","potentialAction":[{"@type":"ReadAction","target":["https:\/\/exaudi.org\/es\/leon-xiv-a-los-nuevos-sacerdotes-amad-a-dios-y-orad-con-fervor\/"]}]},{"@type":"ImageObject","inLanguage":"es","@id":"https:\/\/exaudi.org\/es\/leon-xiv-a-los-nuevos-sacerdotes-amad-a-dios-y-orad-con-fervor\/#primaryimage","url":"https:\/\/exaudi.org\/wp-content\/uploads\/2025\/06\/cq5dam.thumbnail.cropped.750.422-1-6.jpeg","contentUrl":"https:\/\/exaudi.org\/wp-content\/uploads\/2025\/06\/cq5dam.thumbnail.cropped.750.422-1-6.jpeg","width":750,"height":422},{"@type":"BreadcrumbList","@id":"https:\/\/exaudi.org\/es\/leon-xiv-a-los-nuevos-sacerdotes-amad-a-dios-y-orad-con-fervor\/#breadcrumb","itemListElement":[{"@type":"ListItem","position":1,"name":"Portada","item":"https:\/\/exaudi.org\/es\/"},{"@type":"ListItem","position":2,"name":"Le\u00f3n XIV a los nuevos sacerdotes: \u201cAmad a Dios y orad con fervor\u201d"}]},{"@type":"WebSite","@id":"https:\/\/exaudi.org\/#website","url":"https:\/\/exaudi.org\/","name":"Exaudi","description":"News","potentialAction":[{"@type":"SearchAction","target":{"@type":"EntryPoint","urlTemplate":"https:\/\/exaudi.org\/?s={search_term_string}"},"query-input":{"@type":"PropertyValueSpecification","valueRequired":true,"valueName":"search_term_string"}}],"inLanguage":"es"},{"@type":"Person","@id":"https:\/\/exaudi.org\/#\/schema\/person\/f5fc8f063065e38742da7afe15f25df7","name":"Exaudi Redacci\u00f3n","image":{"@type":"ImageObject","inLanguage":"es","@id":"https:\/\/secure.gravatar.com\/avatar\/fe0f6a059fb68d9b3e11bc5850dd4899b1c7492091a3cb6dd9b01b56ad828be2?s=96&d=mm&r=g","url":"https:\/\/secure.gravatar.com\/avatar\/fe0f6a059fb68d9b3e11bc5850dd4899b1c7492091a3cb6dd9b01b56ad828be2?s=96&d=mm&r=g","contentUrl":"https:\/\/secure.gravatar.com\/avatar\/fe0f6a059fb68d9b3e11bc5850dd4899b1c7492091a3cb6dd9b01b56ad828be2?s=96&d=mm&r=g","caption":"Exaudi Redacci\u00f3n"},"description":"\u00bfQu\u00e9 es Exaudi News? Exaudi News es un medio de comunicaci\u00f3n cat\u00f3lico internacional que informa, forma y transforma, diariamente en espa\u00f1ol, ingl\u00e9s e italiano. A trav\u00e9s de noticias, art\u00edculos de an\u00e1lisis y transmisiones en directo de los eventos del Papa, Exaudi busca fortalecer la unidad de los cristianos y contribuir a la evangelizaci\u00f3n del mundo, siempre guiados por la doctrina social de la Iglesia. Trabajamos para acercar la verdad y los valores cristianos a cada rinc\u00f3n del planeta. \u00a1Ay\u00fadanos a transformar el mundo con Exaudi! En Exaudi creemos que la evangelizaci\u00f3n y la informaci\u00f3n de calidad pueden cambiar vidas. Para continuar con nuestra misi\u00f3n y expandir nuestro alcance, necesitamos tu ayuda. Adem\u00e1s, buscamos personas comprometidas que deseen unirse a nuestro equipo. Con tu apoyo, lograremos llegar a m\u00e1s personas, difundir el mensaje de Cristo y reforzar la unidad de los cristianos. \u00bfTe unes a nuestra misi\u00f3n? Para m\u00e1s informaci\u00f3n sobre c\u00f3mo colaborar, visita Exaudi.org\/es o cont\u00e1ctanos directamente: info@exaudi.org Exaudi: Informa, forma y transforma.","sameAs":["https:\/\/www.facebook.com\/ExaudiNoticias\/","https:\/\/www.instagram.com\/exaudi_noticias\/","https:\/\/x.com\/Exaudi_noticias","https:\/\/www.youtube.com\/@exaudicatholicnews"],"url":"https:\/\/exaudi.org\/es\/author\/redaccionexaudi\/"}]}},"jetpack_featured_media_url":"https:\/\/exaudi.org\/wp-content\/uploads\/2025\/06\/cq5dam.thumbnail.cropped.750.422-1-6.jpeg","jetpack_shortlink":"https:\/\/wp.me\/pgKjF2-xzh","_links":{"self":[{"href":"https:\/\/exaudi.org\/es\/wp-json\/wp\/v2\/posts\/129039","targetHints":{"allow":["GET"]}}],"collection":[{"href":"https:\/\/exaudi.org\/es\/wp-json\/wp\/v2\/posts"}],"about":[{"href":"https:\/\/exaudi.org\/es\/wp-json\/wp\/v2\/types\/post"}],"author":[{"embeddable":true,"href":"https:\/\/exaudi.org\/es\/wp-json\/wp\/v2\/users\/15"}],"replies":[{"embeddable":true,"href":"https:\/\/exaudi.org\/es\/wp-json\/wp\/v2\/comments?post=129039"}],"version-history":[{"count":0,"href":"https:\/\/exaudi.org\/es\/wp-json\/wp\/v2\/posts\/129039\/revisions"}],"wp:featuredmedia":[{"embeddable":true,"href":"https:\/\/exaudi.org\/es\/wp-json\/wp\/v2\/media\/129046"}],"wp:attachment":[{"href":"https:\/\/exaudi.org\/es\/wp-json\/wp\/v2\/media?parent=129039"}],"wp:term":[{"taxonomy":"category","embeddable":true,"href":"https:\/\/exaudi.org\/es\/wp-json\/wp\/v2\/categories?post=129039"},{"taxonomy":"post_tag","embeddable":true,"href":"https:\/\/exaudi.org\/es\/wp-json\/wp\/v2\/tags?post=129039"}],"curies":[{"name":"wp","href":"https:\/\/api.w.org\/{rel}","templated":true}]}}