{"id":12900,"date":"2022-06-23T11:53:32","date_gmt":"2022-06-23T09:53:32","guid":{"rendered":"https:\/\/exaudi.org\/?p=12900"},"modified":"2022-06-23T12:17:47","modified_gmt":"2022-06-23T10:17:47","slug":"x-encuentro-mundial-familias-2022-oracion-oficial","status":"publish","type":"post","link":"https:\/\/exaudi.org\/es\/x-encuentro-mundial-familias-2022-oracion-oficial\/","title":{"rendered":"X Encuentro Mundial de las Familias Roma 2022: Oraci\u00f3n oficial"},"content":{"rendered":"<p>La di\u00f3cesis de Roma y el <a href=\"http:\/\/www.laityfamilylife.va\/content\/laityfamilylife\/es.html\" target=\"_blank\" rel=\"noopener noreferrer\">Dicasterio para los Laicos, la Familia y la Vida<\/a> han presentado la oraci\u00f3n oficial para el X Encuentro Mundial de las Familias que se celebrar\u00e1 en Roma del 22 al 26 de junio del a\u00f1o 2022. As\u00ed lo han transmitido a trav\u00e9s de un comunicado conjunto hoy, jueves 22 de abril de 2021.<\/p>\n<h4><strong>Rezar con\u00a0<em>Amoris Laetitia<\/em><\/strong><\/h4>\n<p>El comunicado tambi\u00e9n informa de que el cardenal Joseph Kevin Farrell, prefecto del Dicasterio, ha comentado la noticia afirmando que\u00a0\u201crezar es una forma de entrar en el coraz\u00f3n del <a href=\"https:\/\/exaudi.org\/es\/comienza-el-ano-especial-familia-amoris-laetitia\/\" target=\"_blank\" rel=\"noopener noreferrer\">A\u00f1o\u00a0<em>Amoris Laetitia<\/em><\/a> y en la preparaci\u00f3n del evento que tendr\u00e1 lugar en Roma\u201d, y que \u201cmuchas familias y comunidades han esperado mucho tiempo para poder llegar, al menos espiritualmente, a Roma. La oraci\u00f3n les acompa\u00f1ar\u00e1 y les ayudar\u00e1 a acoger el mensaje del encuentro\u201d.<\/p>\n<p>\u201cLa oraci\u00f3n estar\u00e1 en el coraz\u00f3n del camino de preparaci\u00f3n, guiar\u00e1 los trabajos e inspirar\u00e1 las reflexiones para discernir, a la luz de la fe, los nuevos desaf\u00edos que la emergencia pand\u00e9mica plantea a la comunidad eclesial en relaci\u00f3n con las familias\u201d, ha a\u00f1adido el vicario Angelo De Donatis, y ha invitado \u201ca todos a prepararse para este acontecimiento de gracia que la Iglesia de Roma tiene la alegr\u00eda de organizar, dirigiendo esta oraci\u00f3n al Se\u00f1or en la intimidad de la propia familia, junto con la comunidad parroquial y diocesana\u201d.<\/p>\n<h4><strong>Sobre la oraci\u00f3n oficial<\/strong><\/h4>\n<p>Igualmente, la nota del Dicasterio destaca que la oraci\u00f3n oficial del Encuentro Mundial de las Familias en Roma \u201cnace de un profundo agradecimiento al Padre Celestial por el gran don de la Familia, lugar privilegiado de relaciones amorosas\u201d. Est\u00e1 inspirado en el tema elegido por el Papa Francisco para el evento, y est\u00e1 pensada \u201ccomo una herramienta pastoral: puede recitarse desde ahora en las parroquias, en las comunidades, en casa, para prepararse al evento internacional del pr\u00f3ximo a\u00f1o\u201d.<\/p>\n<p>El purpurado Farrell ha subrayado que \u201cdel amor vivido en la familia nace la vocaci\u00f3n de cada hijo; es el amor saboreado en el hogar el que traza las primeras sendas del camino de la santidad\u201d, y que \u201cla experiencia de la oraci\u00f3n nos introduce en el sentido profundo y salv\u00edfico de las relaciones en la vida cotidiana\u201d.<\/p>\n<p>Los binomios <i>familia <\/i>y<i> vocaci\u00f3n<\/i>, junto con\u00a0<i>familia y santidad<\/i>, prosigue, \u201cmuestran c\u00f3mo las relaciones familiares tienen una importancia b\u00e1sica en la generaci\u00f3n del amor. En una \u00e9poca caracterizada por las pruebas y las dificultades, en la que la familia vive y afronta retos y dificultades, hablar de santidad familiar podr\u00eda parecer anacr\u00f3nico o inapropiado. De ah\u00ed la importancia de la oraci\u00f3n para vivir plenamente el sacramento del matrimonio\u201d.<\/p>\n<p>\u201cLa relaci\u00f3n con Dios, en efecto, permite a los esposos cristianos revivir cada d\u00eda la Gracia recibida que los sostiene en sus fatigas y luchas cotidianas. Nuestra vida puede ser siempre un camino de santidad personal, de pareja o de familia, un camino para crecer en el amor a los dem\u00e1s. Cada miembro de la familia, ni\u00f1o, joven, padre o abuelo, est\u00e1 llamado a redescubrir en s\u00ed mismo una llamada a la santidad. En este sentido, la vida familiar puede convertirse en una expresi\u00f3n del \u2018rostro m\u00e1s bello de la Iglesia\u2019 (GE 9). Esto revela la fecundidad de una lectura cruzada de <i><a href=\"http:\/\/www.vatican.va\/content\/francesco\/es\/apost_exhortations\/documents\/papa-francesco_esortazione-ap_20160319_amoris-laetitia.html\" target=\"_blank\" rel=\"noopener noreferrer\">Amoris Laetitia<\/a>\u00a0<\/i>y\u00a0<a href=\"http:\/\/www.vatican.va\/content\/francesco\/es\/apost_exhortations\/documents\/papa-francesco_esortazione-ap_20180319_gaudete-et-exsultate.html\" target=\"_blank\" rel=\"noopener noreferrer\"><i>Gaudete et Exsultate<\/i><\/a>, que el Papa Francisco nos propone en el tema del Encuentro para comprender plenamente la vocaci\u00f3n de la familia\u201d, manifiesta.<\/p>\n<p>Para concluir, el cardenal De Donatis ha dicho que los esposos cristianos, \u201csiguiendo las huellas de ilustres santos y beatos y sostenidos por su intercesi\u00f3n, est\u00e1n invitados a recorrer juntos su camino de santidad. Siguiendo el ejemplo de los padres de santa Teresa de Lisieux o del matrimonio Beltrame Quattrocchi, est\u00e1n llamados a vivir con confianza las pruebas dolorosas de la vida y a ver en la trama de su amor la presencia fiel de Cristo. Del impulso de esperanza generado por el amor fiel de Dios nace el deseo de anunciar su amor y hacer de la familia \u2018v\u00eda de la Iglesia\u2019 (AL 69), lugar donde se alimentan nuevas vocaciones\u201d.<\/p>\n<p>A continuaci\u00f3n, sigue el texto \u00edntegro de la oraci\u00f3n oficial del Encuentro Mundial de las Familias en Roma 2022.<\/p>\n<p style=\"text-align: center\">***<\/p>\n<h4 style=\"text-align: center\"><strong><b>El amor familiar: vocaci\u00f3n y camino de santidad<\/b><\/strong><\/h4>\n<p style=\"text-align: center\">Oraci\u00f3n oficial para el\u00a0<i>X Encuentro Mundial de las Familias 22-26 de junio de 2022<\/i><\/p>\n<p>Padre Santo, estamos aqu\u00ed ante Ti<\/p>\n<p>para alabarte y agradecerte el gran don de la familia.<\/p>\n<p>&nbsp;<\/p>\n<p>Te pedimos por las familias<\/p>\n<p>consagradas en el sacramento del matrimonio, para que redescubran cada d\u00eda la gracia recibida y, como peque\u00f1as Iglesias dom\u00e9sticas,<\/p>\n<p>sepan dar testimonio de tu Presencia<\/p>\n<p>y del amor con el que Cristo ama a la Iglesia.<\/p>\n<p>&nbsp;<\/p>\n<p>Te pedimos por las familias<\/p>\n<p>que pasan por dificultades y sufrimientos,<\/p>\n<p>por enfermedad, o aprietos que s\u00f3lo T\u00fa conoces:<\/p>\n<p>Sostenlas y hazlas conscientes<\/p>\n<p>del camino de santificaci\u00f3n al que las llamas,<\/p>\n<p>para que puedan experimentar Tu infinita misericordia y encontrar nuevas formas de crecer en el amor.<\/p>\n<p>&nbsp;<\/p>\n<p>Te pedimos por los ni\u00f1os y los j\u00f3venes, para que puedan encontrarte<\/p>\n<p>y responder con alegr\u00eda a la vocaci\u00f3n que has pensado para ellos;<\/p>\n<p>por los padres y los abuelos, para que sean conscientes de que son signo de la paternidad y maternidad de Dios<\/p>\n<p>en el cuidado de los ni\u00f1os que, en la carne y en el esp\u00edritu, T\u00fa les encomiendas;<\/p>\n<p>y por la experiencia de fraternidad que la familia puede dar al mundo.<\/p>\n<p>&nbsp;<\/p>\n<p>Se\u00f1or, haz que cada familia<\/p>\n<p>pueda vivir su propia vocaci\u00f3n a la santidad en la Iglesia como una llamada a ser protagonista de la evangelizaci\u00f3n, al servicio de la vida y de la paz,<\/p>\n<p>en comuni\u00f3n con los sacerdotes y todo estado de vida.<\/p>\n<p>&nbsp;<\/p>\n<p>Bendice el Encuentro Mundial de las Familias<\/p>\n<p>Am\u00e9n<\/p>\n<p><strong>\u00a9 Librer\u00eda Editora Vaticana<\/strong><\/p>\n","protected":false},"excerpt":{"rendered":"<p>\u201cEl amor familiar: vocaci\u00f3n y camino de santidad\u201d<\/p>\n","protected":false},"author":6,"featured_media":12904,"comment_status":"closed","ping_status":"closed","sticky":false,"template":"","format":"standard","meta":{"_acf_changed":false,"_crdt_document":"","inline_featured_image":false,"footnotes":""},"categories":[116,298],"tags":[1880,1533,1879],"class_list":["post-12900","post","type-post","status-publish","format-standard","has-post-thumbnail","hentry","category-encuentros","category-ultimas-noticias","tag-oracion-oficial","tag-roma-es","tag-x-encuentro-mundial-de-las-familias"],"acf":[],"yoast_head":"<!-- This site is optimized with the Yoast SEO plugin v27.5 - https:\/\/yoast.com\/product\/yoast-seo-wordpress\/ -->\n<title>X Encuentro Mundial de las Familias Roma 2022: Oraci\u00f3n oficial<\/title>\n<meta name=\"description\" content=\"La di\u00f3cesis de Roma y el Dicasterio para los Laicos, la Familia y la Vida presentan la oraci\u00f3n del X Encuentro Mundial de las Familias.\" \/>\n<meta name=\"robots\" content=\"index, follow, max-snippet:-1, max-image-preview:large, max-video-preview:-1\" \/>\n<link rel=\"canonical\" href=\"https:\/\/exaudi.org\/es\/x-encuentro-mundial-familias-2022-oracion-oficial\/\" \/>\n<meta property=\"og:locale\" content=\"es_ES\" \/>\n<meta property=\"og:type\" content=\"article\" \/>\n<meta property=\"og:title\" content=\"X Encuentro Mundial de las Familias Roma 2022: Oraci\u00f3n oficial\" \/>\n<meta property=\"og:description\" content=\"La di\u00f3cesis de Roma y el Dicasterio para los Laicos, la Familia y la Vida presentan la oraci\u00f3n del X Encuentro Mundial de las Familias.\" \/>\n<meta property=\"og:url\" content=\"https:\/\/exaudi.org\/es\/x-encuentro-mundial-familias-2022-oracion-oficial\/\" \/>\n<meta property=\"og:site_name\" content=\"Exaudi\" \/>\n<meta property=\"article:publisher\" content=\"https:\/\/www.facebook.com\/ExaudiNews\" \/>\n<meta property=\"article:published_time\" content=\"2022-06-23T09:53:32+00:00\" \/>\n<meta property=\"article:modified_time\" content=\"2022-06-23T10:17:47+00:00\" \/>\n<meta property=\"og:image\" content=\"https:\/\/exaudi.org\/wp-content\/uploads\/2021\/04\/cq5dam.thumbnail.cropped.1500.844-13.jpeg\" \/>\n\t<meta property=\"og:image:width\" content=\"1280\" \/>\n\t<meta property=\"og:image:height\" content=\"844\" \/>\n\t<meta property=\"og:image:type\" content=\"image\/jpeg\" \/>\n<meta name=\"author\" content=\"Gabriel Sales\" \/>\n<meta name=\"twitter:card\" content=\"summary_large_image\" \/>\n<meta name=\"twitter:creator\" content=\"@habemusman\" \/>\n<meta name=\"twitter:site\" content=\"@Exaudi_News\" \/>\n<meta name=\"twitter:label1\" content=\"Escrito por\" \/>\n\t<meta name=\"twitter:data1\" content=\"Gabriel Sales\" \/>\n\t<meta name=\"twitter:label2\" content=\"Tiempo de lectura\" \/>\n\t<meta name=\"twitter:data2\" content=\"5 minutos\" \/>\n<script type=\"application\/ld+json\" class=\"yoast-schema-graph\">{\"@context\":\"https:\\\/\\\/schema.org\",\"@graph\":[{\"@type\":\"Article\",\"@id\":\"https:\\\/\\\/exaudi.org\\\/es\\\/x-encuentro-mundial-familias-2022-oracion-oficial\\\/#article\",\"isPartOf\":{\"@id\":\"https:\\\/\\\/exaudi.org\\\/es\\\/x-encuentro-mundial-familias-2022-oracion-oficial\\\/\"},\"author\":{\"name\":\"Gabriel Sales\",\"@id\":\"https:\\\/\\\/exaudi.org\\\/#\\\/schema\\\/person\\\/d134b96438278131ce90c90c03fda6cd\"},\"headline\":\"X Encuentro Mundial de las Familias Roma 2022: Oraci\u00f3n oficial\",\"datePublished\":\"2022-06-23T09:53:32+00:00\",\"dateModified\":\"2022-06-23T10:17:47+00:00\",\"mainEntityOfPage\":{\"@id\":\"https:\\\/\\\/exaudi.org\\\/es\\\/x-encuentro-mundial-familias-2022-oracion-oficial\\\/\"},\"wordCount\":1024,\"image\":{\"@id\":\"https:\\\/\\\/exaudi.org\\\/es\\\/x-encuentro-mundial-familias-2022-oracion-oficial\\\/#primaryimage\"},\"thumbnailUrl\":\"https:\\\/\\\/exaudi.org\\\/wp-content\\\/uploads\\\/2021\\\/04\\\/cq5dam.thumbnail.cropped.1500.844-13.jpeg\",\"keywords\":[\"Oraci\u00f3n oficial\",\"Roma\",\"X Encuentro Mundial de las Familias\"],\"articleSection\":[\"Encuentros\",\"\u00daltimas noticias\"],\"inLanguage\":\"es\"},{\"@type\":\"WebPage\",\"@id\":\"https:\\\/\\\/exaudi.org\\\/es\\\/x-encuentro-mundial-familias-2022-oracion-oficial\\\/\",\"url\":\"https:\\\/\\\/exaudi.org\\\/es\\\/x-encuentro-mundial-familias-2022-oracion-oficial\\\/\",\"name\":\"X Encuentro Mundial de las Familias Roma 2022: Oraci\u00f3n oficial\",\"isPartOf\":{\"@id\":\"https:\\\/\\\/exaudi.org\\\/#website\"},\"primaryImageOfPage\":{\"@id\":\"https:\\\/\\\/exaudi.org\\\/es\\\/x-encuentro-mundial-familias-2022-oracion-oficial\\\/#primaryimage\"},\"image\":{\"@id\":\"https:\\\/\\\/exaudi.org\\\/es\\\/x-encuentro-mundial-familias-2022-oracion-oficial\\\/#primaryimage\"},\"thumbnailUrl\":\"https:\\\/\\\/exaudi.org\\\/wp-content\\\/uploads\\\/2021\\\/04\\\/cq5dam.thumbnail.cropped.1500.844-13.jpeg\",\"datePublished\":\"2022-06-23T09:53:32+00:00\",\"dateModified\":\"2022-06-23T10:17:47+00:00\",\"author\":{\"@id\":\"https:\\\/\\\/exaudi.org\\\/#\\\/schema\\\/person\\\/d134b96438278131ce90c90c03fda6cd\"},\"description\":\"La di\u00f3cesis de Roma y el Dicasterio para los Laicos, la Familia y la Vida presentan la oraci\u00f3n del X Encuentro Mundial de las Familias.\",\"breadcrumb\":{\"@id\":\"https:\\\/\\\/exaudi.org\\\/es\\\/x-encuentro-mundial-familias-2022-oracion-oficial\\\/#breadcrumb\"},\"inLanguage\":\"es\",\"potentialAction\":[{\"@type\":\"ReadAction\",\"target\":[\"https:\\\/\\\/exaudi.org\\\/es\\\/x-encuentro-mundial-familias-2022-oracion-oficial\\\/\"]}]},{\"@type\":\"ImageObject\",\"inLanguage\":\"es\",\"@id\":\"https:\\\/\\\/exaudi.org\\\/es\\\/x-encuentro-mundial-familias-2022-oracion-oficial\\\/#primaryimage\",\"url\":\"https:\\\/\\\/exaudi.org\\\/wp-content\\\/uploads\\\/2021\\\/04\\\/cq5dam.thumbnail.cropped.1500.844-13.jpeg\",\"contentUrl\":\"https:\\\/\\\/exaudi.org\\\/wp-content\\\/uploads\\\/2021\\\/04\\\/cq5dam.thumbnail.cropped.1500.844-13.jpeg\",\"width\":1280,\"height\":844,\"caption\":\"El Papa cogiendo a una ni\u00f1a en brazos \u00a9 Vatican Media\"},{\"@type\":\"BreadcrumbList\",\"@id\":\"https:\\\/\\\/exaudi.org\\\/es\\\/x-encuentro-mundial-familias-2022-oracion-oficial\\\/#breadcrumb\",\"itemListElement\":[{\"@type\":\"ListItem\",\"position\":1,\"name\":\"Portada\",\"item\":\"https:\\\/\\\/exaudi.org\\\/es\\\/\"},{\"@type\":\"ListItem\",\"position\":2,\"name\":\"X Encuentro Mundial de las Familias Roma 2022: Oraci\u00f3n oficial\"}]},{\"@type\":\"WebSite\",\"@id\":\"https:\\\/\\\/exaudi.org\\\/#website\",\"url\":\"https:\\\/\\\/exaudi.org\\\/\",\"name\":\"Exaudi\",\"description\":\"News\",\"potentialAction\":[{\"@type\":\"SearchAction\",\"target\":{\"@type\":\"EntryPoint\",\"urlTemplate\":\"https:\\\/\\\/exaudi.org\\\/?s={search_term_string}\"},\"query-input\":{\"@type\":\"PropertyValueSpecification\",\"valueRequired\":true,\"valueName\":\"search_term_string\"}}],\"inLanguage\":\"es\"},{\"@type\":\"Person\",\"@id\":\"https:\\\/\\\/exaudi.org\\\/#\\\/schema\\\/person\\\/d134b96438278131ce90c90c03fda6cd\",\"name\":\"Gabriel Sales\",\"image\":{\"@type\":\"ImageObject\",\"inLanguage\":\"es\",\"@id\":\"https:\\\/\\\/secure.gravatar.com\\\/avatar\\\/9b1269566f6a063ed26ffb3532b66a373cdde231ce5d0effb266167437fdaffd?s=96&d=mm&r=g\",\"url\":\"https:\\\/\\\/secure.gravatar.com\\\/avatar\\\/9b1269566f6a063ed26ffb3532b66a373cdde231ce5d0effb266167437fdaffd?s=96&d=mm&r=g\",\"contentUrl\":\"https:\\\/\\\/secure.gravatar.com\\\/avatar\\\/9b1269566f6a063ed26ffb3532b66a373cdde231ce5d0effb266167437fdaffd?s=96&d=mm&r=g\",\"caption\":\"Gabriel Sales\"},\"description\":\"Periodista y especialista en Comunicaci\u00f3n y Branding digital. Cin\u00e9filo y cr\u00edtico de cine y series de televisi\u00f3n.\",\"sameAs\":[\"https:\\\/\\\/www.instagram.com\\\/cine90segundos\\\/\",\"www.linkedin.com\\\/in\\\/habemusman\",\"https:\\\/\\\/x.com\\\/habemusman\",\"https:\\\/\\\/www.youtube.com\\\/channel\\\/UCVfCiOMkJ_C7T7OpyjuaLDg\"],\"url\":\"https:\\\/\\\/exaudi.org\\\/es\\\/author\\\/gsalesexaudi-org\\\/\"}]}<\/script>\n<!-- \/ Yoast SEO plugin. -->","yoast_head_json":{"title":"X Encuentro Mundial de las Familias Roma 2022: Oraci\u00f3n oficial","description":"La di\u00f3cesis de Roma y el Dicasterio para los Laicos, la Familia y la Vida presentan la oraci\u00f3n del X Encuentro Mundial de las Familias.","robots":{"index":"index","follow":"follow","max-snippet":"max-snippet:-1","max-image-preview":"max-image-preview:large","max-video-preview":"max-video-preview:-1"},"canonical":"https:\/\/exaudi.org\/es\/x-encuentro-mundial-familias-2022-oracion-oficial\/","og_locale":"es_ES","og_type":"article","og_title":"X Encuentro Mundial de las Familias Roma 2022: Oraci\u00f3n oficial","og_description":"La di\u00f3cesis de Roma y el Dicasterio para los Laicos, la Familia y la Vida presentan la oraci\u00f3n del X Encuentro Mundial de las Familias.","og_url":"https:\/\/exaudi.org\/es\/x-encuentro-mundial-familias-2022-oracion-oficial\/","og_site_name":"Exaudi","article_publisher":"https:\/\/www.facebook.com\/ExaudiNews","article_published_time":"2022-06-23T09:53:32+00:00","article_modified_time":"2022-06-23T10:17:47+00:00","og_image":[{"width":1280,"height":844,"url":"https:\/\/exaudi.org\/wp-content\/uploads\/2021\/04\/cq5dam.thumbnail.cropped.1500.844-13.jpeg","type":"image\/jpeg"}],"author":"Gabriel Sales","twitter_card":"summary_large_image","twitter_creator":"@habemusman","twitter_site":"@Exaudi_News","twitter_misc":{"Escrito por":"Gabriel Sales","Tiempo de lectura":"5 minutos"},"schema":{"@context":"https:\/\/schema.org","@graph":[{"@type":"Article","@id":"https:\/\/exaudi.org\/es\/x-encuentro-mundial-familias-2022-oracion-oficial\/#article","isPartOf":{"@id":"https:\/\/exaudi.org\/es\/x-encuentro-mundial-familias-2022-oracion-oficial\/"},"author":{"name":"Gabriel Sales","@id":"https:\/\/exaudi.org\/#\/schema\/person\/d134b96438278131ce90c90c03fda6cd"},"headline":"X Encuentro Mundial de las Familias Roma 2022: Oraci\u00f3n oficial","datePublished":"2022-06-23T09:53:32+00:00","dateModified":"2022-06-23T10:17:47+00:00","mainEntityOfPage":{"@id":"https:\/\/exaudi.org\/es\/x-encuentro-mundial-familias-2022-oracion-oficial\/"},"wordCount":1024,"image":{"@id":"https:\/\/exaudi.org\/es\/x-encuentro-mundial-familias-2022-oracion-oficial\/#primaryimage"},"thumbnailUrl":"https:\/\/exaudi.org\/wp-content\/uploads\/2021\/04\/cq5dam.thumbnail.cropped.1500.844-13.jpeg","keywords":["Oraci\u00f3n oficial","Roma","X Encuentro Mundial de las Familias"],"articleSection":["Encuentros","\u00daltimas noticias"],"inLanguage":"es"},{"@type":"WebPage","@id":"https:\/\/exaudi.org\/es\/x-encuentro-mundial-familias-2022-oracion-oficial\/","url":"https:\/\/exaudi.org\/es\/x-encuentro-mundial-familias-2022-oracion-oficial\/","name":"X Encuentro Mundial de las Familias Roma 2022: Oraci\u00f3n oficial","isPartOf":{"@id":"https:\/\/exaudi.org\/#website"},"primaryImageOfPage":{"@id":"https:\/\/exaudi.org\/es\/x-encuentro-mundial-familias-2022-oracion-oficial\/#primaryimage"},"image":{"@id":"https:\/\/exaudi.org\/es\/x-encuentro-mundial-familias-2022-oracion-oficial\/#primaryimage"},"thumbnailUrl":"https:\/\/exaudi.org\/wp-content\/uploads\/2021\/04\/cq5dam.thumbnail.cropped.1500.844-13.jpeg","datePublished":"2022-06-23T09:53:32+00:00","dateModified":"2022-06-23T10:17:47+00:00","author":{"@id":"https:\/\/exaudi.org\/#\/schema\/person\/d134b96438278131ce90c90c03fda6cd"},"description":"La di\u00f3cesis de Roma y el Dicasterio para los Laicos, la Familia y la Vida presentan la oraci\u00f3n del X Encuentro Mundial de las Familias.","breadcrumb":{"@id":"https:\/\/exaudi.org\/es\/x-encuentro-mundial-familias-2022-oracion-oficial\/#breadcrumb"},"inLanguage":"es","potentialAction":[{"@type":"ReadAction","target":["https:\/\/exaudi.org\/es\/x-encuentro-mundial-familias-2022-oracion-oficial\/"]}]},{"@type":"ImageObject","inLanguage":"es","@id":"https:\/\/exaudi.org\/es\/x-encuentro-mundial-familias-2022-oracion-oficial\/#primaryimage","url":"https:\/\/exaudi.org\/wp-content\/uploads\/2021\/04\/cq5dam.thumbnail.cropped.1500.844-13.jpeg","contentUrl":"https:\/\/exaudi.org\/wp-content\/uploads\/2021\/04\/cq5dam.thumbnail.cropped.1500.844-13.jpeg","width":1280,"height":844,"caption":"El Papa cogiendo a una ni\u00f1a en brazos \u00a9 Vatican Media"},{"@type":"BreadcrumbList","@id":"https:\/\/exaudi.org\/es\/x-encuentro-mundial-familias-2022-oracion-oficial\/#breadcrumb","itemListElement":[{"@type":"ListItem","position":1,"name":"Portada","item":"https:\/\/exaudi.org\/es\/"},{"@type":"ListItem","position":2,"name":"X Encuentro Mundial de las Familias Roma 2022: Oraci\u00f3n oficial"}]},{"@type":"WebSite","@id":"https:\/\/exaudi.org\/#website","url":"https:\/\/exaudi.org\/","name":"Exaudi","description":"News","potentialAction":[{"@type":"SearchAction","target":{"@type":"EntryPoint","urlTemplate":"https:\/\/exaudi.org\/?s={search_term_string}"},"query-input":{"@type":"PropertyValueSpecification","valueRequired":true,"valueName":"search_term_string"}}],"inLanguage":"es"},{"@type":"Person","@id":"https:\/\/exaudi.org\/#\/schema\/person\/d134b96438278131ce90c90c03fda6cd","name":"Gabriel Sales","image":{"@type":"ImageObject","inLanguage":"es","@id":"https:\/\/secure.gravatar.com\/avatar\/9b1269566f6a063ed26ffb3532b66a373cdde231ce5d0effb266167437fdaffd?s=96&d=mm&r=g","url":"https:\/\/secure.gravatar.com\/avatar\/9b1269566f6a063ed26ffb3532b66a373cdde231ce5d0effb266167437fdaffd?s=96&d=mm&r=g","contentUrl":"https:\/\/secure.gravatar.com\/avatar\/9b1269566f6a063ed26ffb3532b66a373cdde231ce5d0effb266167437fdaffd?s=96&d=mm&r=g","caption":"Gabriel Sales"},"description":"Periodista y especialista en Comunicaci\u00f3n y Branding digital. Cin\u00e9filo y cr\u00edtico de cine y series de televisi\u00f3n.","sameAs":["https:\/\/www.instagram.com\/cine90segundos\/","www.linkedin.com\/in\/habemusman","https:\/\/x.com\/habemusman","https:\/\/www.youtube.com\/channel\/UCVfCiOMkJ_C7T7OpyjuaLDg"],"url":"https:\/\/exaudi.org\/es\/author\/gsalesexaudi-org\/"}]}},"jetpack_featured_media_url":"https:\/\/exaudi.org\/wp-content\/uploads\/2021\/04\/cq5dam.thumbnail.cropped.1500.844-13.jpeg","jetpack_shortlink":"https:\/\/wp.me\/pgKjF2-3m4","_links":{"self":[{"href":"https:\/\/exaudi.org\/es\/wp-json\/wp\/v2\/posts\/12900","targetHints":{"allow":["GET"]}}],"collection":[{"href":"https:\/\/exaudi.org\/es\/wp-json\/wp\/v2\/posts"}],"about":[{"href":"https:\/\/exaudi.org\/es\/wp-json\/wp\/v2\/types\/post"}],"author":[{"embeddable":true,"href":"https:\/\/exaudi.org\/es\/wp-json\/wp\/v2\/users\/6"}],"replies":[{"embeddable":true,"href":"https:\/\/exaudi.org\/es\/wp-json\/wp\/v2\/comments?post=12900"}],"version-history":[{"count":0,"href":"https:\/\/exaudi.org\/es\/wp-json\/wp\/v2\/posts\/12900\/revisions"}],"wp:featuredmedia":[{"embeddable":true,"href":"https:\/\/exaudi.org\/es\/wp-json\/wp\/v2\/media\/12904"}],"wp:attachment":[{"href":"https:\/\/exaudi.org\/es\/wp-json\/wp\/v2\/media?parent=12900"}],"wp:term":[{"taxonomy":"category","embeddable":true,"href":"https:\/\/exaudi.org\/es\/wp-json\/wp\/v2\/categories?post=12900"},{"taxonomy":"post_tag","embeddable":true,"href":"https:\/\/exaudi.org\/es\/wp-json\/wp\/v2\/tags?post=12900"}],"curies":[{"name":"wp","href":"https:\/\/api.w.org\/{rel}","templated":true}]}}