{"id":128759,"date":"2025-06-24T13:11:38","date_gmt":"2025-06-24T11:11:38","guid":{"rendered":"https:\/\/exaudi.org\/?p=128759"},"modified":"2025-06-24T13:29:43","modified_gmt":"2025-06-24T11:29:43","slug":"con-el-corazon-de-cristo-meditacion-leon-xiv-seminaristas-jubileo","status":"publish","type":"post","link":"https:\/\/exaudi.org\/es\/con-el-corazon-de-cristo-meditacion-leon-xiv-seminaristas-jubileo\/","title":{"rendered":"Con el coraz\u00f3n de Cristo: Meditaci\u00f3n del Papa Le\u00f3n XIV a los seminaristas en su Jubileo"},"content":{"rendered":"<p data-start=\"358\" data-end=\"824\">El martes 24 de junio de 2025, en el Altar de la Confesi\u00f3n de la Bas\u00edlica de San Pedro, el Papa Le\u00f3n XIV dirigi\u00f3 una meditaci\u00f3n profundamente espiritual a los seminaristas congregados con motivo de su Jubileo. Acompa\u00f1ados por sus formadores y provenientes de diversas di\u00f3cesis del mundo, los futuros sacerdotes recibieron palabras de aliento, exigencia y ternura por parte del Santo Padre, quien los exhort\u00f3 a vivir con autenticidad y alegr\u00eda su vocaci\u00f3n sacerdotal.<\/p>\n<p data-start=\"826\" data-end=\"1270\">Desde el primer momento, el Papa expres\u00f3 su gratitud por la presencia y el entusiasmo de los seminaristas: \u201cGracias porque con vuestra energ\u00eda aliment\u00e1is la llama de la esperanza en la vida de la Iglesia\u201d, dijo con emoci\u00f3n. Reconoci\u00f3 el valor que supone responder al llamado de Cristo en tiempos dif\u00edciles y los anim\u00f3 a no tener miedo: \u201cGracias por haber aceptado con valent\u00eda la invitaci\u00f3n del Se\u00f1or&#8230; Hay que ser valientes y no tener miedo\u201d.<\/p>\n<h3 data-start=\"1272\" data-end=\"1299\"><strong data-start=\"1272\" data-end=\"1299\">Una escuela del coraz\u00f3n<\/strong><\/h3>\n<p data-start=\"1301\" data-end=\"1638\">Le\u00f3n XIV centr\u00f3 su meditaci\u00f3n en la formaci\u00f3n del coraz\u00f3n, destacando que el seminario debe ser, ante todo, una \u201cescuela de los afectos\u201d. En un mundo marcado por el conflicto y el narcisismo, afirm\u00f3, es urgente aprender a amar como Jes\u00fas. \u201cComo Cristo am\u00f3 con coraz\u00f3n de hombre, vosotros est\u00e1is llamados a amar con el Coraz\u00f3n de Cristo\u201d.<\/p>\n<p data-start=\"1640\" data-end=\"1924\">Invit\u00f3 a los seminaristas a no temer entrar en su interioridad, incluso si esta esconde heridas: \u201cDe esas heridas nacer\u00e1 la capacidad de acompa\u00f1ar a quienes sufren\u201d. La vida interior, record\u00f3, es el lugar donde Dios habla: \u201cDios nos habla en el coraz\u00f3n, tenemos que saber escucharlo\u201d.<\/p>\n<h3 data-start=\"1926\" data-end=\"1959\"><strong data-start=\"1926\" data-end=\"1959\">Discernimiento y autenticidad<\/strong><\/h3>\n<p data-start=\"1961\" data-end=\"2295\">El Papa insisti\u00f3 en la necesidad del discernimiento como arte que se aprende con oraci\u00f3n, silencio y reflexi\u00f3n. \u201cCuando somos j\u00f3venes, el coraz\u00f3n est\u00e1 lleno de deseos, sue\u00f1os y ambiciones&#8230; Hay que aprender a poner juntos los fragmentos de la vida, a la luz de la oraci\u00f3n\u201d, explic\u00f3, haciendo referencia al ejemplo de la Virgen Mar\u00eda.<\/p>\n<p data-start=\"2297\" data-end=\"2586\">Tambi\u00e9n abord\u00f3 la importancia de la madurez afectiva y la autenticidad, animando a los seminaristas a no esconder sus fragilidades, sino a vivirlas como oportunidades de gracia. \u201cLas crisis, los l\u00edmites, las fragilidades no son para ocultar, sino que pueden ser experiencia pascual\u201d, dijo.<\/p>\n<p data-start=\"2297\" data-end=\"2586\"><img loading=\"lazy\" decoding=\"async\" class=\"size-full wp-image-128763 alignnone\" src=\"https:\/\/exaudi.org\/wp-content\/uploads\/2025\/06\/aiease_1750763533759.jpg\" alt=\"\" width=\"800\" height=\"533\" srcset=\"https:\/\/exaudi.org\/wp-content\/uploads\/2025\/06\/aiease_1750763533759.jpg 800w, https:\/\/exaudi.org\/wp-content\/uploads\/2025\/06\/aiease_1750763533759-300x200.jpg 300w, https:\/\/exaudi.org\/wp-content\/uploads\/2025\/06\/aiease_1750763533759-770x513.jpg 770w, https:\/\/exaudi.org\/wp-content\/uploads\/2025\/06\/aiease_1750763533759-360x240.jpg?crop=1 360w, https:\/\/exaudi.org\/wp-content\/uploads\/2025\/06\/aiease_1750763533759-500x333.jpg 500w\" sizes=\"auto, (max-width: 800px) 100vw, 800px\" \/><\/p>\n<h3 data-start=\"2588\" data-end=\"2636\"><strong data-start=\"2588\" data-end=\"2636\">Un coraz\u00f3n que se deja ungir por el Esp\u00edritu<\/strong><\/h3>\n<p data-start=\"2638\" data-end=\"3050\">El Santo Padre anim\u00f3 a invocar frecuentemente al Esp\u00edritu Santo, para que modele en ellos un coraz\u00f3n d\u00f3cil y sensible a la voz de Dios, tambi\u00e9n a trav\u00e9s de la belleza de la naturaleza, el arte, la poes\u00eda o los desaf\u00edos de la inteligencia artificial y las redes sociales. Pero sobre todo, los exhort\u00f3 a escuchar el \u201cgrito silencioso de los peque\u00f1os, los pobres, los oprimidos y tantos j\u00f3venes que buscan sentido\u201d.<\/p>\n<h3 data-start=\"3052\" data-end=\"3084\"><strong data-start=\"3052\" data-end=\"3084\">\u201cSed puentes, no obst\u00e1culos\u201d<\/strong><\/h3>\n<p data-start=\"3086\" data-end=\"3396\">Como conclusi\u00f3n, el Papa record\u00f3 que el coraz\u00f3n del sacerdote debe ser el del Buen Samaritano: \u201cHaced de vuestra vida un don de amor\u201d. Afirm\u00f3 que la vocaci\u00f3n no puede vivirse con mediocridad o pasividad, sino con un coraz\u00f3n apasionado y prof\u00e9tico. \u201cSed puentes, no obst\u00e1culos al encuentro con Cristo\u201d, subray\u00f3.<\/p>\n<p data-start=\"3398\" data-end=\"3597\">Finalmente, anim\u00f3 a todos a renovar, junto a \u00e9l, la fe del Bautismo sobre la tumba del ap\u00f3stol Pedro, y concluy\u00f3 su meditaci\u00f3n con una oraci\u00f3n para que Dios complete la obra que ha iniciado en ellos.<\/p>\n<p style=\"text-align: center;\" data-start=\"3601\" data-end=\"3731\">\u201cEl coraz\u00f3n de Cristo palpita de amor por vosotros y por toda la humanidad. \u00a1Buen camino! Os acompa\u00f1o con mi bendici\u00f3n\u201d, concluy\u00f3.<\/p>\n<p data-start=\"3601\" data-end=\"3731\"><strong>Texto completo de la meditaci\u00f3n:<\/strong><\/p>\n<p data-start=\"111\" data-end=\"195\"><strong data-start=\"111\" data-end=\"195\">Meditaci\u00f3n del Santo Padre Le\u00f3n XIV a los seminaristas con ocasi\u00f3n de su Jubileo<\/strong><\/p>\n<p data-start=\"197\" data-end=\"275\"><strong data-start=\"197\" data-end=\"275\">Bas\u00edlica de San Pedro, Altar de la Confesi\u00f3n<br data-start=\"243\" data-end=\"246\" \/>Martes, 24 de junio de 2025<\/strong><\/p>\n<p data-start=\"303\" data-end=\"328\">Gracias, gracias a todos.<\/p>\n<p data-start=\"330\" data-end=\"410\">En el nombre del Padre, del Hijo y del Esp\u00edritu Santo. \u00a1La paz est\u00e9 con ustedes!<\/p>\n<p data-start=\"412\" data-end=\"514\">Eminencias, excelencias, formadores y especialmente todos ustedes, seminaristas, \u00a1buenos d\u00edas a todos!<\/p>\n<p data-start=\"516\" data-end=\"782\">Estoy muy contento de encontrarme con ustedes y agradezco a todos, seminaristas y formadores, por su c\u00e1lida presencia. Gracias ante todo por su alegr\u00eda y entusiasmo. Gracias porque, con su energ\u00eda, ustedes alimentan la llama de la esperanza en la vida de la Iglesia.<\/p>\n<p data-start=\"784\" data-end=\"1155\">Hoy no son solo peregrinos, sino tambi\u00e9n testigos de esperanza: la testifican a m\u00ed y a todos, porque se han dejado involucrar en la fascinante aventura de la vocaci\u00f3n sacerdotal en un tiempo no f\u00e1cil. Han respondido al llamado a convertirse en anunciadores, suaves pero firmes, de la Palabra que salva; servidores de una Iglesia abierta y una Iglesia en salida misionera.<\/p>\n<p data-start=\"1157\" data-end=\"1356\">Y digo tambi\u00e9n una palabra en espa\u00f1ol: gracias por haber aceptado con valent\u00eda la invitaci\u00f3n del Se\u00f1or a seguirlo, a ser disc\u00edpulos, a entrar en el seminario. Hay que ser valientes y no tengan miedo.<\/p>\n<p data-start=\"1358\" data-end=\"1583\">A Cristo que llama ustedes est\u00e1n diciendo \u201cs\u00ed\u201d, con humildad y coraje; y ese \u201caqu\u00ed estoy\u201d que le ofrecen a \u00c9l germina dentro de la vida de la Iglesia, y se deja acompa\u00f1ar por el necesario camino de discernimiento y formaci\u00f3n.<\/p>\n<p data-start=\"1585\" data-end=\"2211\">Jes\u00fas, lo saben, los llama ante todo a vivir una experiencia de amistad con \u00c9l y con los compa\u00f1eros de traves\u00eda (cf. Mc 3,13); una experiencia destinada a crecer permanentemente incluso despu\u00e9s de la Ordenaci\u00f3n y que abarca todos los aspectos de la vida. No hay nada de ustedes que deba ser descartado, sino que todo debe ser acogido y transformado seg\u00fan la l\u00f3gica del grano de trigo, para llegar a ser personas y sacerdotes felices, \u201cpuentes\u201d y no obst\u00e1culos al encuentro con Cristo por parte de todos aquellos que se acercan a ustedes. S\u00ed, \u00c9l debe crecer y nosotros disminuir, para que podamos ser pastores seg\u00fan su Coraz\u00f3n.<\/p>\n<p data-start=\"2213\" data-end=\"2732\">Hablando del Coraz\u00f3n de Jesucristo, \u00bfc\u00f3mo no recordar la Enc\u00edclica <em data-start=\"2280\" data-end=\"2293\">Dilexit nos<\/em>, donatada por el amado Papa Francisco? Justo en este tiempo que est\u00e1n viviendo, es decir, el tiempo de formaci\u00f3n y de discernimiento, es importante volver la atenci\u00f3n al centro, al \u201cmotor\u201d de todo su camino: el coraz\u00f3n. El seminario, en cualquier modalidad que se conciba, debe ser una escuela de los afectos. Hoy en un contexto social y cultural marcado por el conflicto y el narcisismo, necesitamos aprender a amar y hacerlo como Jes\u00fas.<\/p>\n<p data-start=\"2734\" data-end=\"4322\">Como Cristo am\u00f3 con coraz\u00f3n de hombre, \u00a1ustedes est\u00e1n llamados a amar con el Coraz\u00f3n de Cristo! Amar con el coraz\u00f3n de Jes\u00fas. Pero para aprender esta arte hay que trabajar en la propia interioridad, donde Dios hace sentir su voz y de donde surgen las decisiones m\u00e1s profundas; pero es tambi\u00e9n lugar de tensiones y de luchas (cf. Mc 7,14\u201123), que hay que convertir para que toda su humanidad huela a Evangelio. El primer trabajo, por tanto, se hace en la interioridad. Recuerden bien la invitaci\u00f3n de San Agust\u00edn a \u201cvolver al coraz\u00f3n\u201d, porque all\u00ed encontramos las huellas de Dios. Descender al coraz\u00f3n a veces nos asusta, porque en \u00e9l hay tambi\u00e9n heridas. No tengan miedo de atenderlas, d\u00e9jense ayudar, porque ah\u00ed nacer\u00e1 la capacidad de acompa\u00f1ar a quienes sufren. Sin la vida interior no es posible la vida espiritual, porque Dios nos habla precisamente all\u00ed, en el coraz\u00f3n. Dios nos habla en el coraz\u00f3n, tenemos que saber escucharlo. Este trabajo interior incluye tambi\u00e9n el entrenamiento para aprender a reconocer los movimientos del coraz\u00f3n: no solo las emociones r\u00e1pidas e inmediatas que caracterizan el \u00e1nimo de los j\u00f3venes, sino sobre todo sus sentimientos, que los ayudan a descubrir la direcci\u00f3n de su vida. Si aprenden a conocer su coraz\u00f3n, ser\u00e1n cada vez m\u00e1s aut\u00e9nticos y no necesitar\u00e1n ponerse m\u00e1scaras. Y el camino privilegiado que nos lleva al interior es la oraci\u00f3n: en una \u00e9poca en la que estamos hiperconectados, se vuelve cada vez m\u00e1s dif\u00edcil experimentar el silencio y la soledad. Sin el encuentro con \u00c9l, ni siquiera podemos conocernos verdaderamente a nosotros mismos.<\/p>\n<p data-start=\"4324\" data-end=\"5020\">Les invito a invocar frecuentemente al Esp\u00edritu Santo, para que molde sus corazones, haci\u00e9ndolos d\u00f3ciles y capaces de captar la presencia de Dios, tambi\u00e9n escuchando las voces de la naturaleza y del arte, de la poes\u00eda, de la literatura y de la m\u00fasica, as\u00ed como de las ciencias humanas. En el riguroso compromiso del estudio teol\u00f3gico, sepan tambi\u00e9n escuchar con mente y coraz\u00f3n abiertos las voces de la cultura, como los recientes desaf\u00edos de la inteligencia artificial y los de las redes sociales. Sobre todo, como hac\u00eda Jes\u00fas, sepan escuchar el grito a menudo silencioso de los peque\u00f1os, de los pobres y de los oprimidos y de tantos, especialmente j\u00f3venes, que buscan un sentido para sus vidas.<\/p>\n<p data-start=\"5022\" data-end=\"5786\">Si cuidan su coraz\u00f3n, con momentos diarios de silencio, meditaci\u00f3n y oraci\u00f3n, podr\u00e1n aprender el arte del discernimiento. Esto tambi\u00e9n es un trabajo importante: aprender a discernir. Cuando somos j\u00f3venes, llevamos dentro muchos deseos, muchos sue\u00f1os y ambiciones. El coraz\u00f3n est\u00e1 a menudo atestado y nos puede hacer sentir confundidos. En cambio, al estilo de la Virgen Mar\u00eda, nuestra interioridad debe volverse capaz de custodiar y meditar. Capaz de <em data-start=\"5473\" data-end=\"5485\">synballein<\/em> \u2013 como escribe el evangelista Lucas (2,19.51): poner juntos los fragmentos. Cuidado con la superficialidad, y junten los fragmentos de la vida en la oraci\u00f3n y en la meditaci\u00f3n, pregunt\u00e1ndose: \u00bfqu\u00e9 me ense\u00f1a lo que estoy viviendo? \u00bfQu\u00e9 est\u00e1 diciendo a mi camino? \u00bfHacia d\u00f3nde me est\u00e1 guiando el Se\u00f1or?<\/p>\n<p data-start=\"5788\" data-end=\"6478\">Querid\u00edsimos, tengan un coraz\u00f3n manso y humilde como el de Jes\u00fas (cf. Mt 11,29). Al ejemplo del ap\u00f3stol Pablo (cf. Flp 2,5ss), puedan asumir los sentimientos de Cristo, para avanzar en la madurez humana, especialmente afectiva y relacional. Es importante, m\u00e1s bien necesario, desde el tiempo del Seminario, apostar fuertemente por la maduraci\u00f3n humana, rechazando todo enmascaramiento e hipocres\u00eda. Con la mirada puesta en Jes\u00fas, hay que aprender tambi\u00e9n a nombrar y expresar la tristeza, el miedo, la angustia, la indignaci\u00f3n, llevando todo ello en la relaci\u00f3n con Dios. Las crisis, los l\u00edmites, las fragilidades no deben ocultarse, sino que son ocasi\u00f3n de gracia y de experiencia pascual.<\/p>\n<p data-start=\"6480\" data-end=\"6913\">En un mundo donde a menudo prevalece la ingratitud y la sed de poder, donde a veces parece reinar la l\u00f3gica del descarte, ustedes est\u00e1n llamados a testimoniar la gratitud y la gratuidad de Cristo, la exaltaci\u00f3n y la alegr\u00eda, la ternura y la misericordia de su Coraz\u00f3n. A practicar el estilo de acogida y cercan\u00eda, de servicio generoso y desinteresado, dejando que el Esp\u00edritu Santo \u201cunge\u201d su humanidad incluso antes de la ordenaci\u00f3n.<\/p>\n<p data-start=\"6915\" data-end=\"7357\">El Coraz\u00f3n de Cristo est\u00e1 animado por una compasi\u00f3n inmensa: es el Buen Samaritano de la humanidad y nos dice: \u201cVe y haz t\u00fa lo mismo\u201d (Lc 10,37). Esta compasi\u00f3n lo impulsa a repartir para las multitudes el pan de la Palabra y la comuni\u00f3n (cf. Mc 6,30\u201144), anunciando el gesto del Cen\u00e1culo y de la Cruz, cuando \u00c9l mismo se entrega como alimento, y nos dice: \u201cDense ustedes mismos de comer\u201d (Mc 6,37); es decir, hagan de su vida un don de amor.<\/p>\n<p data-start=\"7359\" data-end=\"8123\">Queridos seminaristas, la sabidur\u00eda de la Madre Iglesia, asistida por el Esp\u00edritu Santo, a lo largo del tiempo siempre busca los modos m\u00e1s adecuados para la formaci\u00f3n de los ministros ordenados, de acuerdo con las exigencias de los lugares. En este esfuerzo, \u00bfcu\u00e1l es su tarea? Es no conformarse jam\u00e1s, no contentarse, no ser receptores pasivos, sino apasionarse por la vida sacerdotal, viviendo el presente y mirando el futuro con coraz\u00f3n prof\u00e9tico. Espero que este encuentro ayude a cada uno de ustedes a profundizar el di\u00e1logo personal con el Se\u00f1or, en el que le pidan integrar cada vez m\u00e1s los sentimientos de Cristo, los sentimientos de su Coraz\u00f3n. Ese Coraz\u00f3n que late de amor por ustedes y por toda la humanidad. \u00a1Buen camino! Les acompa\u00f1o con mi bendici\u00f3n.<\/p>\n<hr data-start=\"8125\" data-end=\"8128\" \/>\n<p data-start=\"8130\" data-end=\"8156\"><strong data-start=\"8130\" data-end=\"8156\">Queridos seminaristas,<\/strong><\/p>\n<p data-start=\"8158\" data-end=\"8808\">Me alegra poder acompa\u00f1arles esta ma\u00f1ana, con motivo de su Jubileo, junto a los sacerdotes que les gu\u00edan en el camino formativo. Proceden de varias Iglesias en el mundo y tienen experiencias de vida muy diversas, pero en el Se\u00f1or formamos todos un solo cuerpo. De hecho, una sola es la esperanza a la que han sido llamados, la de su vocaci\u00f3n (cf. Ef 4,4). Hoy, sobre la tumba del ap\u00f3stol Pedro y junto a m\u00ed, su Sucesor, renuevan solemnemente la fe de su Bautismo. Este Credo sea la ra\u00edz de donde brote el \u201caqu\u00ed estoy\u201d que con alegr\u00eda pronunciar\u00e1n el d\u00eda de su ordenaci\u00f3n sacerdotal. Que Dios, que ha comenzado en ustedes su obra, la lleve a plenitud.<\/p>\n<p data-start=\"8810\" data-end=\"8840\"><em data-start=\"8810\" data-end=\"8840\">[Recital del Credo en lat\u00edn]<\/em><\/p>\n<p data-start=\"8842\" data-end=\"9387\">Oremos. Padre, en este A\u00f1o jubilar, abre a tu Iglesia el camino de la salvaci\u00f3n, acoge nuestros prop\u00f3sitos de bien y concede a nosotros el deseo de convertir nuestras vidas a ti para llegar a ser aut\u00e9nticos testigos del Evangelio. Con la gracia del Esp\u00edritu Santo gu\u00eda nuestros pasos hacia la bienaventurada esperanza de encontrar tu rostro en la Jerusal\u00e9n celestial, donde tu Reino alcanzar\u00e1 su pleno y perfecto cumplimiento, y todo ser\u00e1 realizado en Cristo tu Hijo. \u00c9l vive y reina contigo y con el Esp\u00edritu Santo por los siglos de los siglos.<\/p>\n<p data-start=\"9389\" data-end=\"9402\"><em data-start=\"9389\" data-end=\"9402\">[Bendici\u00f3n]<\/em><\/p>\n<p data-start=\"9404\" data-end=\"9470\">\u00a1Muchos deseos a todos ustedes y feliz peregrinaci\u00f3n de esperanza!<\/p>\n<p><iframe loading=\"lazy\" title=\"Jubileo de los Seminaristas: Meditaci\u00f3n del Papa Le\u00f3n XIV - 24 de junio de 2025\" width=\"500\" height=\"281\" src=\"https:\/\/www.youtube.com\/embed\/ip-owZZ_TzI?feature=oembed\" frameborder=\"0\" allow=\"accelerometer; autoplay; clipboard-write; encrypted-media; gyroscope; picture-in-picture; web-share\" referrerpolicy=\"strict-origin-when-cross-origin\" allowfullscreen><\/iframe><\/p>\n","protected":false},"excerpt":{"rendered":"<p>En la Bas\u00edlica de San Pedro, el Papa alienta a los futuros sacerdotes a cultivar una profunda vida interior, a discernir con valent\u00eda y a vivir la alegr\u00eda de la vocaci\u00f3n con un coraz\u00f3n manso y abierto<\/p>\n","protected":false},"author":15,"featured_media":128760,"comment_status":"closed","ping_status":"closed","sticky":false,"template":"","format":"standard","meta":{"_acf_changed":false,"_crdt_document":"","inline_featured_image":false,"footnotes":""},"categories":[124,68],"tags":[64220,64223,20803,39466,448,2419,15373,64225,449,49007,5856,58067,16857,59803,64224,2574,64221,17700,58111,1603,2423,2791,64222,9779,15380,11092,33618,4663],"class_list":["post-128759","post","type-post","status-publish","format-standard","has-post-thumbnail","hentry","category-discursos","category-leon-xiv","tag-corazon-de-cristo","tag-cristianos-jovenes","tag-discernimiento-vocacional","tag-entrega-a-dios","tag-espiritu-santo","tag-featured","tag-formacion-sacerdotal","tag-formadores-del-seminario","tag-iglesia-catolica","tag-iglesia-en-salida","tag-jubileo-2025","tag-leon-xiv","tag-llamado-de-dios","tag-madurez-afectiva","tag-meditacion-del-papa","tag-mensaje-del-papa","tag-oracion-y-silencio","tag-palabra-de-dios","tag-papa-leon-xiv","tag-sacerdocio","tag-seminario","tag-seminaristas","tag-seminaristas-catolicos","tag-vida-consagrada","tag-vida-espiritual","tag-vida-interior","tag-vocacion-religiosa","tag-vocacion-sacerdotal"],"acf":[],"yoast_head":"<!-- This site is optimized with the Yoast SEO plugin v27.5 - https:\/\/yoast.com\/product\/yoast-seo-wordpress\/ -->\n<title>Con el coraz\u00f3n de Cristo: Meditaci\u00f3n del Papa Le\u00f3n XIV a los seminaristas en su Jubileo &#8211; Exaudi<\/title>\n<meta name=\"robots\" content=\"index, follow, max-snippet:-1, max-image-preview:large, max-video-preview:-1\" \/>\n<link rel=\"canonical\" href=\"https:\/\/exaudi.org\/es\/con-el-corazon-de-cristo-meditacion-leon-xiv-seminaristas-jubileo\/\" \/>\n<meta property=\"og:locale\" content=\"es_ES\" \/>\n<meta property=\"og:type\" content=\"article\" \/>\n<meta property=\"og:title\" content=\"Con el coraz\u00f3n de Cristo: Meditaci\u00f3n del Papa Le\u00f3n XIV a los seminaristas en su Jubileo &#8211; Exaudi\" \/>\n<meta property=\"og:description\" content=\"En la Bas\u00edlica de San Pedro, el Papa alienta a los futuros sacerdotes a cultivar una profunda vida interior, a discernir con valent\u00eda y a vivir la alegr\u00eda de la vocaci\u00f3n con un coraz\u00f3n manso y abierto\" \/>\n<meta property=\"og:url\" content=\"https:\/\/exaudi.org\/es\/con-el-corazon-de-cristo-meditacion-leon-xiv-seminaristas-jubileo\/\" \/>\n<meta property=\"og:site_name\" content=\"Exaudi\" \/>\n<meta property=\"article:publisher\" content=\"https:\/\/www.facebook.com\/ExaudiNews\" \/>\n<meta property=\"article:author\" content=\"https:\/\/www.facebook.com\/ExaudiNoticias\/\" \/>\n<meta property=\"article:published_time\" content=\"2025-06-24T11:11:38+00:00\" \/>\n<meta property=\"article:modified_time\" content=\"2025-06-24T11:29:43+00:00\" \/>\n<meta property=\"og:image\" content=\"https:\/\/exaudi.org\/wp-content\/uploads\/2025\/06\/aiease_1750763342704.jpg\" \/>\n\t<meta property=\"og:image:width\" content=\"800\" \/>\n\t<meta property=\"og:image:height\" content=\"533\" \/>\n\t<meta property=\"og:image:type\" content=\"image\/jpeg\" \/>\n<meta name=\"author\" content=\"Exaudi Redacci\u00f3n\" \/>\n<meta name=\"twitter:card\" content=\"summary_large_image\" \/>\n<meta name=\"twitter:creator\" content=\"@Exaudi_noticias\" \/>\n<meta name=\"twitter:site\" content=\"@Exaudi_News\" \/>\n<meta name=\"twitter:label1\" content=\"Escrito por\" \/>\n\t<meta name=\"twitter:data1\" content=\"Exaudi Redacci\u00f3n\" \/>\n\t<meta name=\"twitter:label2\" content=\"Tiempo de lectura\" \/>\n\t<meta name=\"twitter:data2\" content=\"12 minutos\" \/>\n<script type=\"application\/ld+json\" class=\"yoast-schema-graph\">{\"@context\":\"https:\\\/\\\/schema.org\",\"@graph\":[{\"@type\":\"Article\",\"@id\":\"https:\\\/\\\/exaudi.org\\\/es\\\/con-el-corazon-de-cristo-meditacion-leon-xiv-seminaristas-jubileo\\\/#article\",\"isPartOf\":{\"@id\":\"https:\\\/\\\/exaudi.org\\\/es\\\/con-el-corazon-de-cristo-meditacion-leon-xiv-seminaristas-jubileo\\\/\"},\"author\":{\"name\":\"Exaudi Redacci\u00f3n\",\"@id\":\"https:\\\/\\\/exaudi.org\\\/#\\\/schema\\\/person\\\/f5fc8f063065e38742da7afe15f25df7\"},\"headline\":\"Con el coraz\u00f3n de Cristo: Meditaci\u00f3n del Papa Le\u00f3n XIV a los seminaristas en su Jubileo\",\"datePublished\":\"2025-06-24T11:11:38+00:00\",\"dateModified\":\"2025-06-24T11:29:43+00:00\",\"mainEntityOfPage\":{\"@id\":\"https:\\\/\\\/exaudi.org\\\/es\\\/con-el-corazon-de-cristo-meditacion-leon-xiv-seminaristas-jubileo\\\/\"},\"wordCount\":2359,\"image\":{\"@id\":\"https:\\\/\\\/exaudi.org\\\/es\\\/con-el-corazon-de-cristo-meditacion-leon-xiv-seminaristas-jubileo\\\/#primaryimage\"},\"thumbnailUrl\":\"https:\\\/\\\/exaudi.org\\\/wp-content\\\/uploads\\\/2025\\\/06\\\/aiease_1750763342704.jpg\",\"keywords\":[\"Coraz\u00f3n de Cristo\",\"cristianos j\u00f3venes\",\"discernimiento vocacional\",\"entrega a Dios\",\"Esp\u00edritu Santo\",\"Featured\",\"Formaci\u00f3n sacerdotal\",\"formadores del seminario\",\"Iglesia cat\u00f3lica\",\"Iglesia en salida\",\"Jubileo 2025\",\"Le\u00f3n XIV\",\"llamado de Dios\",\"madurez afectiva\",\"meditaci\u00f3n del Papa\",\"Mensaje del Papa\",\"oraci\u00f3n y silencio\",\"Palabra de Dios\",\"papa le\u00f3n xiv\",\"Sacerdocio\",\"Seminario\",\"Seminaristas\",\"seminaristas cat\u00f3licos\",\"VIDA CONSAGRADA\",\"Vida espiritual\",\"Vida Interior\",\"vocaci\u00f3n religiosa\",\"Vocaci\u00f3n sacerdotal\"],\"articleSection\":[\"Discursos\",\"Le\u00f3n XIV\"],\"inLanguage\":\"es\"},{\"@type\":\"WebPage\",\"@id\":\"https:\\\/\\\/exaudi.org\\\/es\\\/con-el-corazon-de-cristo-meditacion-leon-xiv-seminaristas-jubileo\\\/\",\"url\":\"https:\\\/\\\/exaudi.org\\\/es\\\/con-el-corazon-de-cristo-meditacion-leon-xiv-seminaristas-jubileo\\\/\",\"name\":\"Con el coraz\u00f3n de Cristo: Meditaci\u00f3n del Papa Le\u00f3n XIV a los seminaristas en su Jubileo &#8211; Exaudi\",\"isPartOf\":{\"@id\":\"https:\\\/\\\/exaudi.org\\\/#website\"},\"primaryImageOfPage\":{\"@id\":\"https:\\\/\\\/exaudi.org\\\/es\\\/con-el-corazon-de-cristo-meditacion-leon-xiv-seminaristas-jubileo\\\/#primaryimage\"},\"image\":{\"@id\":\"https:\\\/\\\/exaudi.org\\\/es\\\/con-el-corazon-de-cristo-meditacion-leon-xiv-seminaristas-jubileo\\\/#primaryimage\"},\"thumbnailUrl\":\"https:\\\/\\\/exaudi.org\\\/wp-content\\\/uploads\\\/2025\\\/06\\\/aiease_1750763342704.jpg\",\"datePublished\":\"2025-06-24T11:11:38+00:00\",\"dateModified\":\"2025-06-24T11:29:43+00:00\",\"author\":{\"@id\":\"https:\\\/\\\/exaudi.org\\\/#\\\/schema\\\/person\\\/f5fc8f063065e38742da7afe15f25df7\"},\"breadcrumb\":{\"@id\":\"https:\\\/\\\/exaudi.org\\\/es\\\/con-el-corazon-de-cristo-meditacion-leon-xiv-seminaristas-jubileo\\\/#breadcrumb\"},\"inLanguage\":\"es\",\"potentialAction\":[{\"@type\":\"ReadAction\",\"target\":[\"https:\\\/\\\/exaudi.org\\\/es\\\/con-el-corazon-de-cristo-meditacion-leon-xiv-seminaristas-jubileo\\\/\"]}]},{\"@type\":\"ImageObject\",\"inLanguage\":\"es\",\"@id\":\"https:\\\/\\\/exaudi.org\\\/es\\\/con-el-corazon-de-cristo-meditacion-leon-xiv-seminaristas-jubileo\\\/#primaryimage\",\"url\":\"https:\\\/\\\/exaudi.org\\\/wp-content\\\/uploads\\\/2025\\\/06\\\/aiease_1750763342704.jpg\",\"contentUrl\":\"https:\\\/\\\/exaudi.org\\\/wp-content\\\/uploads\\\/2025\\\/06\\\/aiease_1750763342704.jpg\",\"width\":800,\"height\":533},{\"@type\":\"BreadcrumbList\",\"@id\":\"https:\\\/\\\/exaudi.org\\\/es\\\/con-el-corazon-de-cristo-meditacion-leon-xiv-seminaristas-jubileo\\\/#breadcrumb\",\"itemListElement\":[{\"@type\":\"ListItem\",\"position\":1,\"name\":\"Portada\",\"item\":\"https:\\\/\\\/exaudi.org\\\/es\\\/\"},{\"@type\":\"ListItem\",\"position\":2,\"name\":\"Con el coraz\u00f3n de Cristo: Meditaci\u00f3n del Papa Le\u00f3n XIV a los seminaristas en su Jubileo\"}]},{\"@type\":\"WebSite\",\"@id\":\"https:\\\/\\\/exaudi.org\\\/#website\",\"url\":\"https:\\\/\\\/exaudi.org\\\/\",\"name\":\"Exaudi\",\"description\":\"News\",\"potentialAction\":[{\"@type\":\"SearchAction\",\"target\":{\"@type\":\"EntryPoint\",\"urlTemplate\":\"https:\\\/\\\/exaudi.org\\\/?s={search_term_string}\"},\"query-input\":{\"@type\":\"PropertyValueSpecification\",\"valueRequired\":true,\"valueName\":\"search_term_string\"}}],\"inLanguage\":\"es\"},{\"@type\":\"Person\",\"@id\":\"https:\\\/\\\/exaudi.org\\\/#\\\/schema\\\/person\\\/f5fc8f063065e38742da7afe15f25df7\",\"name\":\"Exaudi Redacci\u00f3n\",\"image\":{\"@type\":\"ImageObject\",\"inLanguage\":\"es\",\"@id\":\"https:\\\/\\\/secure.gravatar.com\\\/avatar\\\/fe0f6a059fb68d9b3e11bc5850dd4899b1c7492091a3cb6dd9b01b56ad828be2?s=96&d=mm&r=g\",\"url\":\"https:\\\/\\\/secure.gravatar.com\\\/avatar\\\/fe0f6a059fb68d9b3e11bc5850dd4899b1c7492091a3cb6dd9b01b56ad828be2?s=96&d=mm&r=g\",\"contentUrl\":\"https:\\\/\\\/secure.gravatar.com\\\/avatar\\\/fe0f6a059fb68d9b3e11bc5850dd4899b1c7492091a3cb6dd9b01b56ad828be2?s=96&d=mm&r=g\",\"caption\":\"Exaudi Redacci\u00f3n\"},\"description\":\"\u00bfQu\u00e9 es Exaudi News? Exaudi News es un medio de comunicaci\u00f3n cat\u00f3lico internacional que informa, forma y transforma, diariamente en espa\u00f1ol, ingl\u00e9s e italiano. A trav\u00e9s de noticias, art\u00edculos de an\u00e1lisis y transmisiones en directo de los eventos del Papa, Exaudi busca fortalecer la unidad de los cristianos y contribuir a la evangelizaci\u00f3n del mundo, siempre guiados por la doctrina social de la Iglesia. Trabajamos para acercar la verdad y los valores cristianos a cada rinc\u00f3n del planeta. \u00a1Ay\u00fadanos a transformar el mundo con Exaudi! En Exaudi creemos que la evangelizaci\u00f3n y la informaci\u00f3n de calidad pueden cambiar vidas. Para continuar con nuestra misi\u00f3n y expandir nuestro alcance, necesitamos tu ayuda. Adem\u00e1s, buscamos personas comprometidas que deseen unirse a nuestro equipo. Con tu apoyo, lograremos llegar a m\u00e1s personas, difundir el mensaje de Cristo y reforzar la unidad de los cristianos. \u00bfTe unes a nuestra misi\u00f3n? Para m\u00e1s informaci\u00f3n sobre c\u00f3mo colaborar, visita Exaudi.org\\\/es o cont\u00e1ctanos directamente: info@exaudi.org Exaudi: Informa, forma y transforma.\",\"sameAs\":[\"https:\\\/\\\/www.facebook.com\\\/ExaudiNoticias\\\/\",\"https:\\\/\\\/www.instagram.com\\\/exaudi_noticias\\\/\",\"https:\\\/\\\/x.com\\\/Exaudi_noticias\",\"https:\\\/\\\/www.youtube.com\\\/@exaudicatholicnews\"],\"url\":\"https:\\\/\\\/exaudi.org\\\/es\\\/author\\\/redaccionexaudi\\\/\"}]}<\/script>\n<!-- \/ Yoast SEO plugin. -->","yoast_head_json":{"title":"Con el coraz\u00f3n de Cristo: Meditaci\u00f3n del Papa Le\u00f3n XIV a los seminaristas en su Jubileo &#8211; Exaudi","robots":{"index":"index","follow":"follow","max-snippet":"max-snippet:-1","max-image-preview":"max-image-preview:large","max-video-preview":"max-video-preview:-1"},"canonical":"https:\/\/exaudi.org\/es\/con-el-corazon-de-cristo-meditacion-leon-xiv-seminaristas-jubileo\/","og_locale":"es_ES","og_type":"article","og_title":"Con el coraz\u00f3n de Cristo: Meditaci\u00f3n del Papa Le\u00f3n XIV a los seminaristas en su Jubileo &#8211; Exaudi","og_description":"En la Bas\u00edlica de San Pedro, el Papa alienta a los futuros sacerdotes a cultivar una profunda vida interior, a discernir con valent\u00eda y a vivir la alegr\u00eda de la vocaci\u00f3n con un coraz\u00f3n manso y abierto","og_url":"https:\/\/exaudi.org\/es\/con-el-corazon-de-cristo-meditacion-leon-xiv-seminaristas-jubileo\/","og_site_name":"Exaudi","article_publisher":"https:\/\/www.facebook.com\/ExaudiNews","article_author":"https:\/\/www.facebook.com\/ExaudiNoticias\/","article_published_time":"2025-06-24T11:11:38+00:00","article_modified_time":"2025-06-24T11:29:43+00:00","og_image":[{"width":800,"height":533,"url":"https:\/\/exaudi.org\/wp-content\/uploads\/2025\/06\/aiease_1750763342704.jpg","type":"image\/jpeg"}],"author":"Exaudi Redacci\u00f3n","twitter_card":"summary_large_image","twitter_creator":"@Exaudi_noticias","twitter_site":"@Exaudi_News","twitter_misc":{"Escrito por":"Exaudi Redacci\u00f3n","Tiempo de lectura":"12 minutos"},"schema":{"@context":"https:\/\/schema.org","@graph":[{"@type":"Article","@id":"https:\/\/exaudi.org\/es\/con-el-corazon-de-cristo-meditacion-leon-xiv-seminaristas-jubileo\/#article","isPartOf":{"@id":"https:\/\/exaudi.org\/es\/con-el-corazon-de-cristo-meditacion-leon-xiv-seminaristas-jubileo\/"},"author":{"name":"Exaudi Redacci\u00f3n","@id":"https:\/\/exaudi.org\/#\/schema\/person\/f5fc8f063065e38742da7afe15f25df7"},"headline":"Con el coraz\u00f3n de Cristo: Meditaci\u00f3n del Papa Le\u00f3n XIV a los seminaristas en su Jubileo","datePublished":"2025-06-24T11:11:38+00:00","dateModified":"2025-06-24T11:29:43+00:00","mainEntityOfPage":{"@id":"https:\/\/exaudi.org\/es\/con-el-corazon-de-cristo-meditacion-leon-xiv-seminaristas-jubileo\/"},"wordCount":2359,"image":{"@id":"https:\/\/exaudi.org\/es\/con-el-corazon-de-cristo-meditacion-leon-xiv-seminaristas-jubileo\/#primaryimage"},"thumbnailUrl":"https:\/\/exaudi.org\/wp-content\/uploads\/2025\/06\/aiease_1750763342704.jpg","keywords":["Coraz\u00f3n de Cristo","cristianos j\u00f3venes","discernimiento vocacional","entrega a Dios","Esp\u00edritu Santo","Featured","Formaci\u00f3n sacerdotal","formadores del seminario","Iglesia cat\u00f3lica","Iglesia en salida","Jubileo 2025","Le\u00f3n XIV","llamado de Dios","madurez afectiva","meditaci\u00f3n del Papa","Mensaje del Papa","oraci\u00f3n y silencio","Palabra de Dios","papa le\u00f3n xiv","Sacerdocio","Seminario","Seminaristas","seminaristas cat\u00f3licos","VIDA CONSAGRADA","Vida espiritual","Vida Interior","vocaci\u00f3n religiosa","Vocaci\u00f3n sacerdotal"],"articleSection":["Discursos","Le\u00f3n XIV"],"inLanguage":"es"},{"@type":"WebPage","@id":"https:\/\/exaudi.org\/es\/con-el-corazon-de-cristo-meditacion-leon-xiv-seminaristas-jubileo\/","url":"https:\/\/exaudi.org\/es\/con-el-corazon-de-cristo-meditacion-leon-xiv-seminaristas-jubileo\/","name":"Con el coraz\u00f3n de Cristo: Meditaci\u00f3n del Papa Le\u00f3n XIV a los seminaristas en su Jubileo &#8211; Exaudi","isPartOf":{"@id":"https:\/\/exaudi.org\/#website"},"primaryImageOfPage":{"@id":"https:\/\/exaudi.org\/es\/con-el-corazon-de-cristo-meditacion-leon-xiv-seminaristas-jubileo\/#primaryimage"},"image":{"@id":"https:\/\/exaudi.org\/es\/con-el-corazon-de-cristo-meditacion-leon-xiv-seminaristas-jubileo\/#primaryimage"},"thumbnailUrl":"https:\/\/exaudi.org\/wp-content\/uploads\/2025\/06\/aiease_1750763342704.jpg","datePublished":"2025-06-24T11:11:38+00:00","dateModified":"2025-06-24T11:29:43+00:00","author":{"@id":"https:\/\/exaudi.org\/#\/schema\/person\/f5fc8f063065e38742da7afe15f25df7"},"breadcrumb":{"@id":"https:\/\/exaudi.org\/es\/con-el-corazon-de-cristo-meditacion-leon-xiv-seminaristas-jubileo\/#breadcrumb"},"inLanguage":"es","potentialAction":[{"@type":"ReadAction","target":["https:\/\/exaudi.org\/es\/con-el-corazon-de-cristo-meditacion-leon-xiv-seminaristas-jubileo\/"]}]},{"@type":"ImageObject","inLanguage":"es","@id":"https:\/\/exaudi.org\/es\/con-el-corazon-de-cristo-meditacion-leon-xiv-seminaristas-jubileo\/#primaryimage","url":"https:\/\/exaudi.org\/wp-content\/uploads\/2025\/06\/aiease_1750763342704.jpg","contentUrl":"https:\/\/exaudi.org\/wp-content\/uploads\/2025\/06\/aiease_1750763342704.jpg","width":800,"height":533},{"@type":"BreadcrumbList","@id":"https:\/\/exaudi.org\/es\/con-el-corazon-de-cristo-meditacion-leon-xiv-seminaristas-jubileo\/#breadcrumb","itemListElement":[{"@type":"ListItem","position":1,"name":"Portada","item":"https:\/\/exaudi.org\/es\/"},{"@type":"ListItem","position":2,"name":"Con el coraz\u00f3n de Cristo: Meditaci\u00f3n del Papa Le\u00f3n XIV a los seminaristas en su Jubileo"}]},{"@type":"WebSite","@id":"https:\/\/exaudi.org\/#website","url":"https:\/\/exaudi.org\/","name":"Exaudi","description":"News","potentialAction":[{"@type":"SearchAction","target":{"@type":"EntryPoint","urlTemplate":"https:\/\/exaudi.org\/?s={search_term_string}"},"query-input":{"@type":"PropertyValueSpecification","valueRequired":true,"valueName":"search_term_string"}}],"inLanguage":"es"},{"@type":"Person","@id":"https:\/\/exaudi.org\/#\/schema\/person\/f5fc8f063065e38742da7afe15f25df7","name":"Exaudi Redacci\u00f3n","image":{"@type":"ImageObject","inLanguage":"es","@id":"https:\/\/secure.gravatar.com\/avatar\/fe0f6a059fb68d9b3e11bc5850dd4899b1c7492091a3cb6dd9b01b56ad828be2?s=96&d=mm&r=g","url":"https:\/\/secure.gravatar.com\/avatar\/fe0f6a059fb68d9b3e11bc5850dd4899b1c7492091a3cb6dd9b01b56ad828be2?s=96&d=mm&r=g","contentUrl":"https:\/\/secure.gravatar.com\/avatar\/fe0f6a059fb68d9b3e11bc5850dd4899b1c7492091a3cb6dd9b01b56ad828be2?s=96&d=mm&r=g","caption":"Exaudi Redacci\u00f3n"},"description":"\u00bfQu\u00e9 es Exaudi News? Exaudi News es un medio de comunicaci\u00f3n cat\u00f3lico internacional que informa, forma y transforma, diariamente en espa\u00f1ol, ingl\u00e9s e italiano. A trav\u00e9s de noticias, art\u00edculos de an\u00e1lisis y transmisiones en directo de los eventos del Papa, Exaudi busca fortalecer la unidad de los cristianos y contribuir a la evangelizaci\u00f3n del mundo, siempre guiados por la doctrina social de la Iglesia. Trabajamos para acercar la verdad y los valores cristianos a cada rinc\u00f3n del planeta. \u00a1Ay\u00fadanos a transformar el mundo con Exaudi! En Exaudi creemos que la evangelizaci\u00f3n y la informaci\u00f3n de calidad pueden cambiar vidas. Para continuar con nuestra misi\u00f3n y expandir nuestro alcance, necesitamos tu ayuda. Adem\u00e1s, buscamos personas comprometidas que deseen unirse a nuestro equipo. Con tu apoyo, lograremos llegar a m\u00e1s personas, difundir el mensaje de Cristo y reforzar la unidad de los cristianos. \u00bfTe unes a nuestra misi\u00f3n? Para m\u00e1s informaci\u00f3n sobre c\u00f3mo colaborar, visita Exaudi.org\/es o cont\u00e1ctanos directamente: info@exaudi.org Exaudi: Informa, forma y transforma.","sameAs":["https:\/\/www.facebook.com\/ExaudiNoticias\/","https:\/\/www.instagram.com\/exaudi_noticias\/","https:\/\/x.com\/Exaudi_noticias","https:\/\/www.youtube.com\/@exaudicatholicnews"],"url":"https:\/\/exaudi.org\/es\/author\/redaccionexaudi\/"}]}},"jetpack_featured_media_url":"https:\/\/exaudi.org\/wp-content\/uploads\/2025\/06\/aiease_1750763342704.jpg","jetpack_shortlink":"https:\/\/wp.me\/pgKjF2-xuL","_links":{"self":[{"href":"https:\/\/exaudi.org\/es\/wp-json\/wp\/v2\/posts\/128759","targetHints":{"allow":["GET"]}}],"collection":[{"href":"https:\/\/exaudi.org\/es\/wp-json\/wp\/v2\/posts"}],"about":[{"href":"https:\/\/exaudi.org\/es\/wp-json\/wp\/v2\/types\/post"}],"author":[{"embeddable":true,"href":"https:\/\/exaudi.org\/es\/wp-json\/wp\/v2\/users\/15"}],"replies":[{"embeddable":true,"href":"https:\/\/exaudi.org\/es\/wp-json\/wp\/v2\/comments?post=128759"}],"version-history":[{"count":1,"href":"https:\/\/exaudi.org\/es\/wp-json\/wp\/v2\/posts\/128759\/revisions"}],"predecessor-version":[{"id":128766,"href":"https:\/\/exaudi.org\/es\/wp-json\/wp\/v2\/posts\/128759\/revisions\/128766"}],"wp:featuredmedia":[{"embeddable":true,"href":"https:\/\/exaudi.org\/es\/wp-json\/wp\/v2\/media\/128760"}],"wp:attachment":[{"href":"https:\/\/exaudi.org\/es\/wp-json\/wp\/v2\/media?parent=128759"}],"wp:term":[{"taxonomy":"category","embeddable":true,"href":"https:\/\/exaudi.org\/es\/wp-json\/wp\/v2\/categories?post=128759"},{"taxonomy":"post_tag","embeddable":true,"href":"https:\/\/exaudi.org\/es\/wp-json\/wp\/v2\/tags?post=128759"}],"curies":[{"name":"wp","href":"https:\/\/api.w.org\/{rel}","templated":true}]}}