{"id":128692,"date":"2025-06-23T13:46:11","date_gmt":"2025-06-23T11:46:11","guid":{"rendered":"https:\/\/exaudi.org\/?p=128692"},"modified":"2025-06-23T13:48:21","modified_gmt":"2025-06-23T11:48:21","slug":"leon-xiv-sacerdotes-felices","status":"publish","type":"post","link":"https:\/\/exaudi.org\/es\/leon-xiv-sacerdotes-felices\/","title":{"rendered":"Le\u00f3n XIV: \u00abSacerdotes felices\u00bb"},"content":{"rendered":"<p>Con ocasi\u00f3n del Jubileo de los Seminaristas y de los Sacerdotes, el Dicasterio para el Clero promueve un importante momento de encuentro, reflexi\u00f3n y compartir, con el t\u00edtulo \u201cSacerdotes felices \u2013 Los he llamado amigos\u201d (Jn 15,15), encuentro internacional con la presencia del Papa Le\u00f3n XIV, dirigido a todos aquellos que est\u00e1n comprometidos en la pastoral vocacional y en la formaci\u00f3n en los seminarios. El evento se celebrar\u00e1 el jueves 26 de junio de 2025, de las 15 a las 18 horas, en el Auditorium Conciliazione, en Via della Conciliazione 4. El t\u00edtulo elegido para el encuentro, tomado del Evangelio de Juan \u2013 \u201cLos he llamado amigos\u201d (Jn 15,15) \u2013 quiere evocar el coraz\u00f3n de la vocaci\u00f3n sacerdotal como amistad con Cristo Buen Pastor y servicio gozoso al Pueblo de Dios, en el descubrimiento y la realizaci\u00f3n del llamado del Maestro, que es ante todo un llamado a la felicidad.<\/p>\n<h3><strong>Oraci\u00f3n, compartir, testimonios<\/strong><\/h3>\n<p>El encuentro ser\u00e1 abierto con un momento de oraci\u00f3n y con el saludo del cardenal Lazzaro You Heung-sik, prefecto del Dicasterio para el Clero, quien introducir\u00e1 los trabajos subrayando el valor de este espacio en el A\u00f1o Jubilar de la esperanza. Seguir\u00e1 una primera sesi\u00f3n dedicada a cinco experiencias significativas de pastoral vocacional, que ofrecer\u00e1n una mirada global sobre las buenas pr\u00e1cticas en curso en los diferentes continentes. Don Jos\u00e9 Alberto Estrada Garc\u00eda, ya secretario para la Pastoral Vocacional de la Conferencia Episcopal de M\u00e9xico, presentar\u00e1 la experiencia del Centro Diocesano Vocacional de Monterrey como ejemplo concreto de acompa\u00f1amiento vocacional a nivel local.<\/p>\n<p>Por Italia intervendr\u00e1 don Michele Gianola, director de la Oficina Nacional para la Pastoral de las Vocaciones, con una presentaci\u00f3n de varias dimensiones de la pastoral vocacional en curso en el pa\u00eds. Desde Argentina, la doctora Mar\u00eda L\u00eda Zervino ilustrar\u00e1 una experiencia de pastoral juvenil misionera que genera llamadas al sacerdocio, a la vida consagrada y al matrimonio cristiano. Por Irlanda, la doctora Maura Murphy, directora general y cofundadora de\u00a0<i>Holy Family Mission<\/i>, llevar\u00e1 su testimonio sobre un sorprendente renacimiento vocacional nacido de los mismos j\u00f3venes: de un m\u00ednimo hist\u00f3rico de 12 seminaristas, hoy se registra un crecimiento significativo con m\u00e1s de 35 j\u00f3venes en camino. Por Espa\u00f1a, donde se ha puesto en marcha un nuevo proyecto de pastoral vocacional, estar\u00e1 don Florentino P\u00e9rez Vaquer, director del Secretariado de la Subcomisi\u00f3n Episcopal para los Seminarios de la Conferencia Episcopal Espa\u00f1ola.<\/p>\n<h3>La intervenci\u00f3n del Papa<\/h3>\n<p>El coraz\u00f3n del encuentro \u201cSacerdotes felices\u201d ser\u00e1 la intervenci\u00f3n del Papa Le\u00f3n XIV, un tiempo de escucha y reflexi\u00f3n sobre el sentido de la vocaci\u00f3n sacerdotal hoy, sobre su belleza y sobre el llamado a la santidad y a la comuni\u00f3n en la cotidianidad del ministerio. A continuaci\u00f3n, un probable espacio de di\u00e1logo, con preguntas, testimonios e intercambio de experiencias.<\/p>\n<p>Seguir\u00e1 la segunda parte del encuentro, dedicada a cinco ejemplos de buenas pr\u00e1cticas en la formaci\u00f3n inicial de los seminaristas. Desde \u00c1frica llegar\u00e1n testimonios sobre c\u00f3mo, en un contexto de abundancia vocacional, se est\u00e1 apostando por un serio discernimiento y una formaci\u00f3n s\u00f3lida, tambi\u00e9n a trav\u00e9s de la articulaci\u00f3n de los grandes seminarios en peque\u00f1as comunidades de vida y la inserci\u00f3n del trabajo manual como instrumento educativo, especialmente en contextos de pobreza. Las Filipinas ofrecer\u00e1n el ejemplo del Seminario Inmaculada Concepci\u00f3n de Malolos, que promueve una formaci\u00f3n integral, participativa y misionera, fuertemente vinculada a las peque\u00f1as comunidades eclesiales de base. Colombia presentar\u00e1 la experiencia del Seminario Conciliar San Carlos de la di\u00f3cesis de Socorro y San Gil, que se articula en cinco peque\u00f1as comunidades que viven en otras tantas casitas dispuestas alrededor de un edificio central con la capilla, como signo de la presencia viva de Jes\u00fas entre ellos. Desde Brasil, se hablar\u00e1 de los Consejos Misioneros de los Seminaristas, una red nacional que comprende m\u00e1s de 110 realidades locales, promotoras de experiencias misioneras, encuentros formativos y un congreso nacional trienal. Finalmente, desde Estados Unidos, se presentar\u00e1 la experiencia de la di\u00f3cesis de Wichita (Kansas), reconocida como modelo ejemplar por un enfoque en la formaci\u00f3n que atrae muchas vocaciones.<\/p>\n<h3><b>Vigilia en San Pedro<\/b><\/h3>\n<p>El evento se propone no solo como un momento formativo e informativo, sino tambi\u00e9n como una ocasi\u00f3n fraterna de encuentro entre sacerdotes, formadores, religiosos, religiosas y laicos comprometidos en la formaci\u00f3n inicial y en la pastoral vocacional. La conclusi\u00f3n de los trabajos est\u00e1 prevista para las 18 horas, para participar en la Vigilia vocacional prevista en la Bas\u00edlica de San Pedro.<\/p>\n<p>La participaci\u00f3n es gratuita, pero es necesario inscribirse a trav\u00e9s del sitio oficial del Dicasterio para el Clero\u00a0<a href=\"http:\/\/www.clerus.va\/\" target=\"_blank\" rel=\"external noopener\">www.clerus.va<\/a>, hasta agotar plazas.<\/p>\n","protected":false},"excerpt":{"rendered":"<p>Con ocasi\u00f3n del Jubileo de los Seminaristas y de los Sacerdotes, el pr\u00f3ximo 26 de junio, de las 15 a las 18 horas, en el Auditorium Conciliazione, tendr\u00e1 lugar el encuentro de reflexi\u00f3n y de compartir organizado por el Dicasterio para el Clero, con el tema tomado del Evangelio de Juan: \u201cLos he llamado amigos\u201d. El evento, con la presencia de Le\u00f3n XIV, est\u00e1 dirigido a todos aquellos que est\u00e1n comprometidos en la pastoral vocacional y en la formaci\u00f3n en los seminarios<\/p>\n","protected":false},"author":15,"featured_media":128693,"comment_status":"closed","ping_status":"closed","sticky":false,"template":"","format":"standard","meta":{"_acf_changed":false,"_crdt_document":"","inline_featured_image":false,"footnotes":""},"categories":[116,68],"tags":[45409,63993,7177,20803,1595,64009,2419,64010,21871,21871,21871,21871,21871,21871,21871,15373,449,18198,5856,64006,64005,64003,58067,64008,64007,43903,58111,21737,15364,2718,64004,51158,64011,2791,53856,272,9779,4663,2134,64012,44779],"class_list":{"0":"post-128692","1":"post","2":"type-post","3":"status-publish","4":"format-standard","5":"has-post-thumbnail","6":"hentry","7":"category-encuentros","8":"category-leon-xiv","9":"tag-ano-jubilar-de-la-esperanza","10":"tag-auditorium-conciliazione","11":"tag-dicasterio-para-el-clero","12":"tag-discernimiento-vocacional","13":"tag-encuentro","14":"tag-encuentro-sacerdotal","15":"tag-featured","16":"tag-formacion-en-seminarios","17":"tag-formacion-integral","24":"tag-formacion-sacerdotal","25":"tag-iglesia-catolica","26":"tag-iglesia-universal","27":"tag-jubileo-2025","28":"tag-jubileo-de-los-sacerdotes","29":"tag-jubileo-de-los-seminaristas","30":"tag-jubileo2025-jubileo","31":"tag-leon-xiv","32":"tag-leon-xiv-roma","33":"tag-los-he-llamado-amigos","34":"tag-mision-sacerdotal","35":"tag-papa-leon-xiv","36":"tag-pastoral-juvenil","37":"tag-pastoral-vocacional","38":"tag-sacerdotes","39":"tag-sacerdotes-felices","40":"tag-santidad-sacerdotal","41":"tag-seminarios-catolicos","42":"tag-seminaristas","43":"tag-testimonios-vocacionales","44":"tag-vaticano-es","45":"tag-vida-consagrada","46":"tag-vocacion-sacerdotal","47":"tag-vocaciones","48":"tag-vocaciones-jovenes","49":"tag-vocaciones-religiosas"},"acf":[],"yoast_head":"<!-- This site is optimized with the Yoast SEO plugin v27.5 - https:\/\/yoast.com\/product\/yoast-seo-wordpress\/ -->\n<title>Le\u00f3n XIV: &quot;Sacerdotes felices&quot; &#8211; Exaudi<\/title>\n<meta name=\"description\" content=\"Encuentro \u201cSacerdotes felices\u201d con el Papa Le\u00f3n XIV en el Jubileo 2025: reflexi\u00f3n, testimonios y formaci\u00f3n para seminaristas y pastores del mundo.\" \/>\n<meta name=\"robots\" content=\"index, follow, max-snippet:-1, max-image-preview:large, max-video-preview:-1\" \/>\n<link rel=\"canonical\" href=\"https:\/\/exaudi.org\/es\/leon-xiv-sacerdotes-felices\/\" \/>\n<meta property=\"og:locale\" content=\"es_ES\" \/>\n<meta property=\"og:type\" content=\"article\" \/>\n<meta property=\"og:title\" content=\"Le\u00f3n XIV: &quot;Sacerdotes felices&quot; &#8211; Exaudi\" \/>\n<meta property=\"og:description\" content=\"Encuentro \u201cSacerdotes felices\u201d con el Papa Le\u00f3n XIV en el Jubileo 2025: reflexi\u00f3n, testimonios y formaci\u00f3n para seminaristas y pastores del mundo.\" \/>\n<meta property=\"og:url\" content=\"https:\/\/exaudi.org\/es\/leon-xiv-sacerdotes-felices\/\" \/>\n<meta property=\"og:site_name\" content=\"Exaudi\" \/>\n<meta property=\"article:publisher\" content=\"https:\/\/www.facebook.com\/ExaudiNews\" \/>\n<meta property=\"article:author\" content=\"https:\/\/www.facebook.com\/ExaudiNoticias\/\" \/>\n<meta property=\"article:published_time\" content=\"2025-06-23T11:46:11+00:00\" \/>\n<meta property=\"article:modified_time\" content=\"2025-06-23T11:48:21+00:00\" \/>\n<meta property=\"og:image\" content=\"https:\/\/exaudi.org\/wp-content\/uploads\/2025\/06\/cq5dam.thumbnail.cropped.750.422-1-4.jpeg\" \/>\n\t<meta property=\"og:image:width\" content=\"750\" \/>\n\t<meta property=\"og:image:height\" content=\"422\" \/>\n\t<meta property=\"og:image:type\" content=\"image\/jpeg\" \/>\n<meta name=\"author\" content=\"Exaudi Redacci\u00f3n\" \/>\n<meta name=\"twitter:card\" content=\"summary_large_image\" \/>\n<meta name=\"twitter:creator\" content=\"@Exaudi_noticias\" \/>\n<meta name=\"twitter:site\" content=\"@Exaudi_News\" \/>\n<meta name=\"twitter:label1\" content=\"Escrito por\" \/>\n\t<meta name=\"twitter:data1\" content=\"Exaudi Redacci\u00f3n\" \/>\n\t<meta name=\"twitter:label2\" content=\"Tiempo de lectura\" \/>\n\t<meta name=\"twitter:data2\" content=\"4 minutos\" \/>\n<script type=\"application\/ld+json\" class=\"yoast-schema-graph\">{\"@context\":\"https:\\\/\\\/schema.org\",\"@graph\":[{\"@type\":\"Article\",\"@id\":\"https:\\\/\\\/exaudi.org\\\/es\\\/leon-xiv-sacerdotes-felices\\\/#article\",\"isPartOf\":{\"@id\":\"https:\\\/\\\/exaudi.org\\\/es\\\/leon-xiv-sacerdotes-felices\\\/\"},\"author\":{\"name\":\"Exaudi Redacci\u00f3n\",\"@id\":\"https:\\\/\\\/exaudi.org\\\/#\\\/schema\\\/person\\\/f5fc8f063065e38742da7afe15f25df7\"},\"headline\":\"Le\u00f3n XIV: \u00abSacerdotes felices\u00bb\",\"datePublished\":\"2025-06-23T11:46:11+00:00\",\"dateModified\":\"2025-06-23T11:48:21+00:00\",\"mainEntityOfPage\":{\"@id\":\"https:\\\/\\\/exaudi.org\\\/es\\\/leon-xiv-sacerdotes-felices\\\/\"},\"wordCount\":818,\"image\":{\"@id\":\"https:\\\/\\\/exaudi.org\\\/es\\\/leon-xiv-sacerdotes-felices\\\/#primaryimage\"},\"thumbnailUrl\":\"https:\\\/\\\/exaudi.org\\\/wp-content\\\/uploads\\\/2025\\\/06\\\/cq5dam.thumbnail.cropped.750.422-1-4.jpeg\",\"keywords\":[\"A\u00f1o Jubilar de la Esperanza\",\"Auditorium Conciliazione\",\"Dicasterio para el Clero\",\"discernimiento vocacional\",\"Encuentro\",\"encuentro sacerdotal\",\"Featured\",\"formaci\u00f3n en seminarios\",\"formaci\u00f3n integral\",\"formaci\u00f3n integral\",\"formaci\u00f3n integral\",\"formaci\u00f3n integral\",\"formaci\u00f3n integral\",\"formaci\u00f3n integral\",\"formaci\u00f3n integral\",\"Formaci\u00f3n sacerdotal\",\"Iglesia cat\u00f3lica\",\"Iglesia Universal\",\"Jubileo 2025\",\"Jubileo de los Sacerdotes\",\"Jubileo de los Seminaristas\",\"JUBILEO2025 jubileo\",\"Le\u00f3n XIV\",\"Le\u00f3n XIV Roma\",\"Los he llamado amigos\",\"misi\u00f3n sacerdotal\",\"papa le\u00f3n xiv\",\"Pastoral Juvenil\",\"pastoral vocacional\",\"Sacerdotes\",\"Sacerdotes felices\",\"santidad sacerdotal\",\"seminarios cat\u00f3licos\",\"Seminaristas\",\"testimonios vocacionales\",\"Vaticano\",\"VIDA CONSAGRADA\",\"Vocaci\u00f3n sacerdotal\",\"Vocaciones\",\"vocaciones j\u00f3venes\",\"vocaciones religiosas\"],\"articleSection\":[\"Encuentros\",\"Le\u00f3n XIV\"],\"inLanguage\":\"es\"},{\"@type\":\"WebPage\",\"@id\":\"https:\\\/\\\/exaudi.org\\\/es\\\/leon-xiv-sacerdotes-felices\\\/\",\"url\":\"https:\\\/\\\/exaudi.org\\\/es\\\/leon-xiv-sacerdotes-felices\\\/\",\"name\":\"Le\u00f3n XIV: \\\"Sacerdotes felices\\\" &#8211; Exaudi\",\"isPartOf\":{\"@id\":\"https:\\\/\\\/exaudi.org\\\/#website\"},\"primaryImageOfPage\":{\"@id\":\"https:\\\/\\\/exaudi.org\\\/es\\\/leon-xiv-sacerdotes-felices\\\/#primaryimage\"},\"image\":{\"@id\":\"https:\\\/\\\/exaudi.org\\\/es\\\/leon-xiv-sacerdotes-felices\\\/#primaryimage\"},\"thumbnailUrl\":\"https:\\\/\\\/exaudi.org\\\/wp-content\\\/uploads\\\/2025\\\/06\\\/cq5dam.thumbnail.cropped.750.422-1-4.jpeg\",\"datePublished\":\"2025-06-23T11:46:11+00:00\",\"dateModified\":\"2025-06-23T11:48:21+00:00\",\"author\":{\"@id\":\"https:\\\/\\\/exaudi.org\\\/#\\\/schema\\\/person\\\/f5fc8f063065e38742da7afe15f25df7\"},\"description\":\"Encuentro \u201cSacerdotes felices\u201d con el Papa Le\u00f3n XIV en el Jubileo 2025: reflexi\u00f3n, testimonios y formaci\u00f3n para seminaristas y pastores del mundo.\",\"breadcrumb\":{\"@id\":\"https:\\\/\\\/exaudi.org\\\/es\\\/leon-xiv-sacerdotes-felices\\\/#breadcrumb\"},\"inLanguage\":\"es\",\"potentialAction\":[{\"@type\":\"ReadAction\",\"target\":[\"https:\\\/\\\/exaudi.org\\\/es\\\/leon-xiv-sacerdotes-felices\\\/\"]}]},{\"@type\":\"ImageObject\",\"inLanguage\":\"es\",\"@id\":\"https:\\\/\\\/exaudi.org\\\/es\\\/leon-xiv-sacerdotes-felices\\\/#primaryimage\",\"url\":\"https:\\\/\\\/exaudi.org\\\/wp-content\\\/uploads\\\/2025\\\/06\\\/cq5dam.thumbnail.cropped.750.422-1-4.jpeg\",\"contentUrl\":\"https:\\\/\\\/exaudi.org\\\/wp-content\\\/uploads\\\/2025\\\/06\\\/cq5dam.thumbnail.cropped.750.422-1-4.jpeg\",\"width\":750,\"height\":422},{\"@type\":\"BreadcrumbList\",\"@id\":\"https:\\\/\\\/exaudi.org\\\/es\\\/leon-xiv-sacerdotes-felices\\\/#breadcrumb\",\"itemListElement\":[{\"@type\":\"ListItem\",\"position\":1,\"name\":\"Portada\",\"item\":\"https:\\\/\\\/exaudi.org\\\/es\\\/\"},{\"@type\":\"ListItem\",\"position\":2,\"name\":\"Le\u00f3n XIV: \u00abSacerdotes felices\u00bb\"}]},{\"@type\":\"WebSite\",\"@id\":\"https:\\\/\\\/exaudi.org\\\/#website\",\"url\":\"https:\\\/\\\/exaudi.org\\\/\",\"name\":\"Exaudi\",\"description\":\"News\",\"potentialAction\":[{\"@type\":\"SearchAction\",\"target\":{\"@type\":\"EntryPoint\",\"urlTemplate\":\"https:\\\/\\\/exaudi.org\\\/?s={search_term_string}\"},\"query-input\":{\"@type\":\"PropertyValueSpecification\",\"valueRequired\":true,\"valueName\":\"search_term_string\"}}],\"inLanguage\":\"es\"},{\"@type\":\"Person\",\"@id\":\"https:\\\/\\\/exaudi.org\\\/#\\\/schema\\\/person\\\/f5fc8f063065e38742da7afe15f25df7\",\"name\":\"Exaudi Redacci\u00f3n\",\"image\":{\"@type\":\"ImageObject\",\"inLanguage\":\"es\",\"@id\":\"https:\\\/\\\/secure.gravatar.com\\\/avatar\\\/fe0f6a059fb68d9b3e11bc5850dd4899b1c7492091a3cb6dd9b01b56ad828be2?s=96&d=mm&r=g\",\"url\":\"https:\\\/\\\/secure.gravatar.com\\\/avatar\\\/fe0f6a059fb68d9b3e11bc5850dd4899b1c7492091a3cb6dd9b01b56ad828be2?s=96&d=mm&r=g\",\"contentUrl\":\"https:\\\/\\\/secure.gravatar.com\\\/avatar\\\/fe0f6a059fb68d9b3e11bc5850dd4899b1c7492091a3cb6dd9b01b56ad828be2?s=96&d=mm&r=g\",\"caption\":\"Exaudi Redacci\u00f3n\"},\"description\":\"\u00bfQu\u00e9 es Exaudi News? Exaudi News es un medio de comunicaci\u00f3n cat\u00f3lico internacional que informa, forma y transforma, diariamente en espa\u00f1ol, ingl\u00e9s e italiano. A trav\u00e9s de noticias, art\u00edculos de an\u00e1lisis y transmisiones en directo de los eventos del Papa, Exaudi busca fortalecer la unidad de los cristianos y contribuir a la evangelizaci\u00f3n del mundo, siempre guiados por la doctrina social de la Iglesia. Trabajamos para acercar la verdad y los valores cristianos a cada rinc\u00f3n del planeta. \u00a1Ay\u00fadanos a transformar el mundo con Exaudi! En Exaudi creemos que la evangelizaci\u00f3n y la informaci\u00f3n de calidad pueden cambiar vidas. Para continuar con nuestra misi\u00f3n y expandir nuestro alcance, necesitamos tu ayuda. Adem\u00e1s, buscamos personas comprometidas que deseen unirse a nuestro equipo. Con tu apoyo, lograremos llegar a m\u00e1s personas, difundir el mensaje de Cristo y reforzar la unidad de los cristianos. \u00bfTe unes a nuestra misi\u00f3n? Para m\u00e1s informaci\u00f3n sobre c\u00f3mo colaborar, visita Exaudi.org\\\/es o cont\u00e1ctanos directamente: info@exaudi.org Exaudi: Informa, forma y transforma.\",\"sameAs\":[\"https:\\\/\\\/www.facebook.com\\\/ExaudiNoticias\\\/\",\"https:\\\/\\\/www.instagram.com\\\/exaudi_noticias\\\/\",\"https:\\\/\\\/x.com\\\/Exaudi_noticias\",\"https:\\\/\\\/www.youtube.com\\\/@exaudicatholicnews\"],\"url\":\"https:\\\/\\\/exaudi.org\\\/es\\\/author\\\/redaccionexaudi\\\/\"}]}<\/script>\n<!-- \/ Yoast SEO plugin. -->","yoast_head_json":{"title":"Le\u00f3n XIV: \"Sacerdotes felices\" &#8211; Exaudi","description":"Encuentro \u201cSacerdotes felices\u201d con el Papa Le\u00f3n XIV en el Jubileo 2025: reflexi\u00f3n, testimonios y formaci\u00f3n para seminaristas y pastores del mundo.","robots":{"index":"index","follow":"follow","max-snippet":"max-snippet:-1","max-image-preview":"max-image-preview:large","max-video-preview":"max-video-preview:-1"},"canonical":"https:\/\/exaudi.org\/es\/leon-xiv-sacerdotes-felices\/","og_locale":"es_ES","og_type":"article","og_title":"Le\u00f3n XIV: \"Sacerdotes felices\" &#8211; Exaudi","og_description":"Encuentro \u201cSacerdotes felices\u201d con el Papa Le\u00f3n XIV en el Jubileo 2025: reflexi\u00f3n, testimonios y formaci\u00f3n para seminaristas y pastores del mundo.","og_url":"https:\/\/exaudi.org\/es\/leon-xiv-sacerdotes-felices\/","og_site_name":"Exaudi","article_publisher":"https:\/\/www.facebook.com\/ExaudiNews","article_author":"https:\/\/www.facebook.com\/ExaudiNoticias\/","article_published_time":"2025-06-23T11:46:11+00:00","article_modified_time":"2025-06-23T11:48:21+00:00","og_image":[{"width":750,"height":422,"url":"https:\/\/exaudi.org\/wp-content\/uploads\/2025\/06\/cq5dam.thumbnail.cropped.750.422-1-4.jpeg","type":"image\/jpeg"}],"author":"Exaudi Redacci\u00f3n","twitter_card":"summary_large_image","twitter_creator":"@Exaudi_noticias","twitter_site":"@Exaudi_News","twitter_misc":{"Escrito por":"Exaudi Redacci\u00f3n","Tiempo de lectura":"4 minutos"},"schema":{"@context":"https:\/\/schema.org","@graph":[{"@type":"Article","@id":"https:\/\/exaudi.org\/es\/leon-xiv-sacerdotes-felices\/#article","isPartOf":{"@id":"https:\/\/exaudi.org\/es\/leon-xiv-sacerdotes-felices\/"},"author":{"name":"Exaudi Redacci\u00f3n","@id":"https:\/\/exaudi.org\/#\/schema\/person\/f5fc8f063065e38742da7afe15f25df7"},"headline":"Le\u00f3n XIV: \u00abSacerdotes felices\u00bb","datePublished":"2025-06-23T11:46:11+00:00","dateModified":"2025-06-23T11:48:21+00:00","mainEntityOfPage":{"@id":"https:\/\/exaudi.org\/es\/leon-xiv-sacerdotes-felices\/"},"wordCount":818,"image":{"@id":"https:\/\/exaudi.org\/es\/leon-xiv-sacerdotes-felices\/#primaryimage"},"thumbnailUrl":"https:\/\/exaudi.org\/wp-content\/uploads\/2025\/06\/cq5dam.thumbnail.cropped.750.422-1-4.jpeg","keywords":["A\u00f1o Jubilar de la Esperanza","Auditorium Conciliazione","Dicasterio para el Clero","discernimiento vocacional","Encuentro","encuentro sacerdotal","Featured","formaci\u00f3n en seminarios","formaci\u00f3n integral","formaci\u00f3n integral","formaci\u00f3n integral","formaci\u00f3n integral","formaci\u00f3n integral","formaci\u00f3n integral","formaci\u00f3n integral","Formaci\u00f3n sacerdotal","Iglesia cat\u00f3lica","Iglesia Universal","Jubileo 2025","Jubileo de los Sacerdotes","Jubileo de los Seminaristas","JUBILEO2025 jubileo","Le\u00f3n XIV","Le\u00f3n XIV Roma","Los he llamado amigos","misi\u00f3n sacerdotal","papa le\u00f3n xiv","Pastoral Juvenil","pastoral vocacional","Sacerdotes","Sacerdotes felices","santidad sacerdotal","seminarios cat\u00f3licos","Seminaristas","testimonios vocacionales","Vaticano","VIDA CONSAGRADA","Vocaci\u00f3n sacerdotal","Vocaciones","vocaciones j\u00f3venes","vocaciones religiosas"],"articleSection":["Encuentros","Le\u00f3n XIV"],"inLanguage":"es"},{"@type":"WebPage","@id":"https:\/\/exaudi.org\/es\/leon-xiv-sacerdotes-felices\/","url":"https:\/\/exaudi.org\/es\/leon-xiv-sacerdotes-felices\/","name":"Le\u00f3n XIV: \"Sacerdotes felices\" &#8211; Exaudi","isPartOf":{"@id":"https:\/\/exaudi.org\/#website"},"primaryImageOfPage":{"@id":"https:\/\/exaudi.org\/es\/leon-xiv-sacerdotes-felices\/#primaryimage"},"image":{"@id":"https:\/\/exaudi.org\/es\/leon-xiv-sacerdotes-felices\/#primaryimage"},"thumbnailUrl":"https:\/\/exaudi.org\/wp-content\/uploads\/2025\/06\/cq5dam.thumbnail.cropped.750.422-1-4.jpeg","datePublished":"2025-06-23T11:46:11+00:00","dateModified":"2025-06-23T11:48:21+00:00","author":{"@id":"https:\/\/exaudi.org\/#\/schema\/person\/f5fc8f063065e38742da7afe15f25df7"},"description":"Encuentro \u201cSacerdotes felices\u201d con el Papa Le\u00f3n XIV en el Jubileo 2025: reflexi\u00f3n, testimonios y formaci\u00f3n para seminaristas y pastores del mundo.","breadcrumb":{"@id":"https:\/\/exaudi.org\/es\/leon-xiv-sacerdotes-felices\/#breadcrumb"},"inLanguage":"es","potentialAction":[{"@type":"ReadAction","target":["https:\/\/exaudi.org\/es\/leon-xiv-sacerdotes-felices\/"]}]},{"@type":"ImageObject","inLanguage":"es","@id":"https:\/\/exaudi.org\/es\/leon-xiv-sacerdotes-felices\/#primaryimage","url":"https:\/\/exaudi.org\/wp-content\/uploads\/2025\/06\/cq5dam.thumbnail.cropped.750.422-1-4.jpeg","contentUrl":"https:\/\/exaudi.org\/wp-content\/uploads\/2025\/06\/cq5dam.thumbnail.cropped.750.422-1-4.jpeg","width":750,"height":422},{"@type":"BreadcrumbList","@id":"https:\/\/exaudi.org\/es\/leon-xiv-sacerdotes-felices\/#breadcrumb","itemListElement":[{"@type":"ListItem","position":1,"name":"Portada","item":"https:\/\/exaudi.org\/es\/"},{"@type":"ListItem","position":2,"name":"Le\u00f3n XIV: \u00abSacerdotes felices\u00bb"}]},{"@type":"WebSite","@id":"https:\/\/exaudi.org\/#website","url":"https:\/\/exaudi.org\/","name":"Exaudi","description":"News","potentialAction":[{"@type":"SearchAction","target":{"@type":"EntryPoint","urlTemplate":"https:\/\/exaudi.org\/?s={search_term_string}"},"query-input":{"@type":"PropertyValueSpecification","valueRequired":true,"valueName":"search_term_string"}}],"inLanguage":"es"},{"@type":"Person","@id":"https:\/\/exaudi.org\/#\/schema\/person\/f5fc8f063065e38742da7afe15f25df7","name":"Exaudi Redacci\u00f3n","image":{"@type":"ImageObject","inLanguage":"es","@id":"https:\/\/secure.gravatar.com\/avatar\/fe0f6a059fb68d9b3e11bc5850dd4899b1c7492091a3cb6dd9b01b56ad828be2?s=96&d=mm&r=g","url":"https:\/\/secure.gravatar.com\/avatar\/fe0f6a059fb68d9b3e11bc5850dd4899b1c7492091a3cb6dd9b01b56ad828be2?s=96&d=mm&r=g","contentUrl":"https:\/\/secure.gravatar.com\/avatar\/fe0f6a059fb68d9b3e11bc5850dd4899b1c7492091a3cb6dd9b01b56ad828be2?s=96&d=mm&r=g","caption":"Exaudi Redacci\u00f3n"},"description":"\u00bfQu\u00e9 es Exaudi News? Exaudi News es un medio de comunicaci\u00f3n cat\u00f3lico internacional que informa, forma y transforma, diariamente en espa\u00f1ol, ingl\u00e9s e italiano. A trav\u00e9s de noticias, art\u00edculos de an\u00e1lisis y transmisiones en directo de los eventos del Papa, Exaudi busca fortalecer la unidad de los cristianos y contribuir a la evangelizaci\u00f3n del mundo, siempre guiados por la doctrina social de la Iglesia. Trabajamos para acercar la verdad y los valores cristianos a cada rinc\u00f3n del planeta. \u00a1Ay\u00fadanos a transformar el mundo con Exaudi! En Exaudi creemos que la evangelizaci\u00f3n y la informaci\u00f3n de calidad pueden cambiar vidas. Para continuar con nuestra misi\u00f3n y expandir nuestro alcance, necesitamos tu ayuda. Adem\u00e1s, buscamos personas comprometidas que deseen unirse a nuestro equipo. Con tu apoyo, lograremos llegar a m\u00e1s personas, difundir el mensaje de Cristo y reforzar la unidad de los cristianos. \u00bfTe unes a nuestra misi\u00f3n? Para m\u00e1s informaci\u00f3n sobre c\u00f3mo colaborar, visita Exaudi.org\/es o cont\u00e1ctanos directamente: info@exaudi.org Exaudi: Informa, forma y transforma.","sameAs":["https:\/\/www.facebook.com\/ExaudiNoticias\/","https:\/\/www.instagram.com\/exaudi_noticias\/","https:\/\/x.com\/Exaudi_noticias","https:\/\/www.youtube.com\/@exaudicatholicnews"],"url":"https:\/\/exaudi.org\/es\/author\/redaccionexaudi\/"}]}},"jetpack_featured_media_url":"https:\/\/exaudi.org\/wp-content\/uploads\/2025\/06\/cq5dam.thumbnail.cropped.750.422-1-4.jpeg","jetpack_shortlink":"https:\/\/wp.me\/pgKjF2-xtG","_links":{"self":[{"href":"https:\/\/exaudi.org\/es\/wp-json\/wp\/v2\/posts\/128692","targetHints":{"allow":["GET"]}}],"collection":[{"href":"https:\/\/exaudi.org\/es\/wp-json\/wp\/v2\/posts"}],"about":[{"href":"https:\/\/exaudi.org\/es\/wp-json\/wp\/v2\/types\/post"}],"author":[{"embeddable":true,"href":"https:\/\/exaudi.org\/es\/wp-json\/wp\/v2\/users\/15"}],"replies":[{"embeddable":true,"href":"https:\/\/exaudi.org\/es\/wp-json\/wp\/v2\/comments?post=128692"}],"version-history":[{"count":0,"href":"https:\/\/exaudi.org\/es\/wp-json\/wp\/v2\/posts\/128692\/revisions"}],"wp:featuredmedia":[{"embeddable":true,"href":"https:\/\/exaudi.org\/es\/wp-json\/wp\/v2\/media\/128693"}],"wp:attachment":[{"href":"https:\/\/exaudi.org\/es\/wp-json\/wp\/v2\/media?parent=128692"}],"wp:term":[{"taxonomy":"category","embeddable":true,"href":"https:\/\/exaudi.org\/es\/wp-json\/wp\/v2\/categories?post=128692"},{"taxonomy":"post_tag","embeddable":true,"href":"https:\/\/exaudi.org\/es\/wp-json\/wp\/v2\/tags?post=128692"}],"curies":[{"name":"wp","href":"https:\/\/api.w.org\/{rel}","templated":true}]}}