{"id":12866,"date":"2021-04-22T12:40:16","date_gmt":"2021-04-22T10:40:16","guid":{"rendered":"https:\/\/exaudi.org\/?p=12866"},"modified":"2021-04-22T12:40:16","modified_gmt":"2021-04-22T10:40:16","slug":"bolivia-diocesis-el-alto-inaugura-comedor-acoge-120-ninos","status":"publish","type":"post","link":"https:\/\/exaudi.org\/es\/bolivia-diocesis-el-alto-inaugura-comedor-acoge-120-ninos\/","title":{"rendered":"Bolivia: Di\u00f3cesis de El Alto inaugura un comedor para 120 ni\u00f1os"},"content":{"rendered":"<p>La di\u00f3cesis de El Alto, Bolivia, inaugur\u00f3 el pasado lunes 19 de abril de 2021 el Comedor de Pacobamba con el fin de acoger a 120 ni\u00f1os y j\u00f3venes de la comunidad. Tal y como inform\u00f3 la <a href=\"https:\/\/www.iglesiaviva.net\/\" target=\"_blank\" rel=\"noopener noreferrer\">Conferencia Episcopal Boliviana<\/a> en una nota, la iniciativa est\u00e1 a cargo de la Asociaci\u00f3n\u00a0\u201cNayrar Sarapxa\u00f1ani\u201d (Vamos Adelante), perteneciente al distrito diocesano.<\/p>\n<h4><strong>Comedor Pacobamba<\/strong><\/h4>\n<p>La nota del Episcopado explica que este comedor se encuentra en el <a href=\"https:\/\/exaudi.org\/es\/bolibia-obispo-san-ignacio-valasco-expropiacion-territorios\/\" target=\"_blank\" rel=\"noopener noreferrer\">altiplano boliviano<\/a>. Las necesidades, seg\u00fan da a conocer la se\u00f1ora Flora, se han acrecentado con la pandemia por la carencia de trabajo y la propia salud. Partiendo de esta realidad, se llev\u00f3 a cabo este proyecto social, pensando en los estudiantes que recorren varios kil\u00f3metros desde distintas comunidades para poder recibir ense\u00f1anza.<\/p>\n<p>Pacobamba es el centro de las comunidades, por ello tres d\u00edas a la semana se da el almuerzo a 120 ni\u00f1os y j\u00f3venes estudiantes, a partir de este 19 de abril de 2021.\u00a0El comedor est\u00e1 financiado por la instituci\u00f3n \u201cAmigos en Marcha\u201d, que desde hace 16 a\u00f1os ya brindaban sus donaciones para material escolar.<\/p>\n<p>Asimismo, la nueva realidad de la pandemia ha motivado la construcci\u00f3n de dos carpas solares que dotar\u00e1n de verduras al comedor, el mismo que se levant\u00f3 con la cooperaci\u00f3n de la \u201cComisi\u00f3n de Hermandad de la CEB\u201d. Se busca que toda la comunidad participe, por ello los comunarios brindan varios alimentos para la preparaci\u00f3n de los almuerzos, adem\u00e1s es un servicio conjunto entre los estudiantes, los padres de familia, los docentes y la gente que impulsa el programa.<\/p>\n<h4><strong>Asociaci\u00f3n \u201cNayrar Sarapxa\u00f1ani\u201d<\/strong><\/h4>\n<p>La asociaci\u00f3n, creada en el a\u00f1o 2014, tiene como presidente al padre Diego Pl\u00e1 y est\u00e1 dividida en distintos programas de ayuda a la gente del municipio de Moco Moco.<\/p>\n<p>Cada programa brinda apoyo en \u00e1reas espec\u00edficas a grupos vulnerables: La evangelizaci\u00f3n, llevando la Palabra; La Educaci\u00f3n, dotando de materiales escolares a los ni\u00f1os y j\u00f3venes; Salud, dando asistencia m\u00e9dica y medicamentos; Nutrici\u00f3n con comedores que brindan almuerzos a ni\u00f1os de las comunidades m\u00e1s alejadas.<\/p>\n","protected":false},"excerpt":{"rendered":"<p>Asociaci\u00f3n\u00a0\u201cNayrar Sarapxa\u00f1ani\u201d<\/p>\n","protected":false},"author":6,"featured_media":12869,"comment_status":"closed","ping_status":"closed","sticky":false,"template":"","format":"standard","meta":{"_acf_changed":false,"_crdt_document":"","inline_featured_image":false,"footnotes":""},"categories":[86,298],"tags":[1871,942],"class_list":["post-12866","post","type-post","status-publish","format-standard","has-post-thumbnail","hentry","category-iglesia-local","category-ultimas-noticias","tag-comedor-social","tag-conferencia-episcopal-boliviana"],"acf":[],"yoast_head":"<!-- This site is optimized with the Yoast SEO plugin v27.5 - https:\/\/yoast.com\/product\/yoast-seo-wordpress\/ -->\n<title>Bolivia: Di\u00f3cesis de El Alto inaugura un comedor para 120 ni\u00f1os - Exaudi<\/title>\n<meta name=\"description\" content=\"La di\u00f3cesis de El Alto, Bolivia, inaugur\u00f3 el pasado lunes 19 de abril el Comedor de Pacobamba con el fin de acoger a 120 ni\u00f1os y j\u00f3venes.\" \/>\n<meta name=\"robots\" content=\"index, follow, max-snippet:-1, max-image-preview:large, max-video-preview:-1\" \/>\n<link rel=\"canonical\" href=\"https:\/\/exaudi.org\/es\/bolivia-diocesis-el-alto-inaugura-comedor-acoge-120-ninos\/\" \/>\n<meta property=\"og:locale\" content=\"es_ES\" \/>\n<meta property=\"og:type\" content=\"article\" \/>\n<meta property=\"og:title\" content=\"Bolivia: Di\u00f3cesis de El Alto inaugura un comedor para 120 ni\u00f1os - Exaudi\" \/>\n<meta property=\"og:description\" content=\"La di\u00f3cesis de El Alto, Bolivia, inaugur\u00f3 el pasado lunes 19 de abril el Comedor de Pacobamba con el fin de acoger a 120 ni\u00f1os y j\u00f3venes.\" \/>\n<meta property=\"og:url\" content=\"https:\/\/exaudi.org\/es\/bolivia-diocesis-el-alto-inaugura-comedor-acoge-120-ninos\/\" \/>\n<meta property=\"og:site_name\" content=\"Exaudi\" \/>\n<meta property=\"article:publisher\" content=\"https:\/\/www.facebook.com\/ExaudiNews\" \/>\n<meta property=\"article:published_time\" content=\"2021-04-22T10:40:16+00:00\" \/>\n<meta property=\"og:image\" content=\"https:\/\/exaudi.org\/wp-content\/uploads\/2021\/04\/20210421-Pacobamba.jpg\" \/>\n\t<meta property=\"og:image:width\" content=\"800\" \/>\n\t<meta property=\"og:image:height\" content=\"445\" \/>\n\t<meta property=\"og:image:type\" content=\"image\/jpeg\" \/>\n<meta name=\"author\" content=\"Gabriel Sales\" \/>\n<meta name=\"twitter:card\" content=\"summary_large_image\" \/>\n<meta name=\"twitter:creator\" content=\"@habemusman\" \/>\n<meta name=\"twitter:site\" content=\"@Exaudi_News\" \/>\n<meta name=\"twitter:label1\" content=\"Escrito por\" \/>\n\t<meta name=\"twitter:data1\" content=\"Gabriel Sales\" \/>\n\t<meta name=\"twitter:label2\" content=\"Tiempo de lectura\" \/>\n\t<meta name=\"twitter:data2\" content=\"2 minutos\" \/>\n<script type=\"application\/ld+json\" class=\"yoast-schema-graph\">{\"@context\":\"https:\\\/\\\/schema.org\",\"@graph\":[{\"@type\":\"Article\",\"@id\":\"https:\\\/\\\/exaudi.org\\\/es\\\/bolivia-diocesis-el-alto-inaugura-comedor-acoge-120-ninos\\\/#article\",\"isPartOf\":{\"@id\":\"https:\\\/\\\/exaudi.org\\\/es\\\/bolivia-diocesis-el-alto-inaugura-comedor-acoge-120-ninos\\\/\"},\"author\":{\"name\":\"Gabriel Sales\",\"@id\":\"https:\\\/\\\/exaudi.org\\\/#\\\/schema\\\/person\\\/d134b96438278131ce90c90c03fda6cd\"},\"headline\":\"Bolivia: Di\u00f3cesis de El Alto inaugura un comedor para 120 ni\u00f1os\",\"datePublished\":\"2021-04-22T10:40:16+00:00\",\"mainEntityOfPage\":{\"@id\":\"https:\\\/\\\/exaudi.org\\\/es\\\/bolivia-diocesis-el-alto-inaugura-comedor-acoge-120-ninos\\\/\"},\"wordCount\":373,\"image\":{\"@id\":\"https:\\\/\\\/exaudi.org\\\/es\\\/bolivia-diocesis-el-alto-inaugura-comedor-acoge-120-ninos\\\/#primaryimage\"},\"thumbnailUrl\":\"https:\\\/\\\/exaudi.org\\\/wp-content\\\/uploads\\\/2021\\\/04\\\/20210421-Pacobamba.jpg\",\"keywords\":[\"Comedor social\",\"Conferencia Episcopal Boliviana\"],\"articleSection\":[\"Iglesia Local\",\"\u00daltimas noticias\"],\"inLanguage\":\"es\"},{\"@type\":\"WebPage\",\"@id\":\"https:\\\/\\\/exaudi.org\\\/es\\\/bolivia-diocesis-el-alto-inaugura-comedor-acoge-120-ninos\\\/\",\"url\":\"https:\\\/\\\/exaudi.org\\\/es\\\/bolivia-diocesis-el-alto-inaugura-comedor-acoge-120-ninos\\\/\",\"name\":\"Bolivia: Di\u00f3cesis de El Alto inaugura un comedor para 120 ni\u00f1os - Exaudi\",\"isPartOf\":{\"@id\":\"https:\\\/\\\/exaudi.org\\\/#website\"},\"primaryImageOfPage\":{\"@id\":\"https:\\\/\\\/exaudi.org\\\/es\\\/bolivia-diocesis-el-alto-inaugura-comedor-acoge-120-ninos\\\/#primaryimage\"},\"image\":{\"@id\":\"https:\\\/\\\/exaudi.org\\\/es\\\/bolivia-diocesis-el-alto-inaugura-comedor-acoge-120-ninos\\\/#primaryimage\"},\"thumbnailUrl\":\"https:\\\/\\\/exaudi.org\\\/wp-content\\\/uploads\\\/2021\\\/04\\\/20210421-Pacobamba.jpg\",\"datePublished\":\"2021-04-22T10:40:16+00:00\",\"author\":{\"@id\":\"https:\\\/\\\/exaudi.org\\\/#\\\/schema\\\/person\\\/d134b96438278131ce90c90c03fda6cd\"},\"description\":\"La di\u00f3cesis de El Alto, Bolivia, inaugur\u00f3 el pasado lunes 19 de abril el Comedor de Pacobamba con el fin de acoger a 120 ni\u00f1os y j\u00f3venes.\",\"breadcrumb\":{\"@id\":\"https:\\\/\\\/exaudi.org\\\/es\\\/bolivia-diocesis-el-alto-inaugura-comedor-acoge-120-ninos\\\/#breadcrumb\"},\"inLanguage\":\"es\",\"potentialAction\":[{\"@type\":\"ReadAction\",\"target\":[\"https:\\\/\\\/exaudi.org\\\/es\\\/bolivia-diocesis-el-alto-inaugura-comedor-acoge-120-ninos\\\/\"]}]},{\"@type\":\"ImageObject\",\"inLanguage\":\"es\",\"@id\":\"https:\\\/\\\/exaudi.org\\\/es\\\/bolivia-diocesis-el-alto-inaugura-comedor-acoge-120-ninos\\\/#primaryimage\",\"url\":\"https:\\\/\\\/exaudi.org\\\/wp-content\\\/uploads\\\/2021\\\/04\\\/20210421-Pacobamba.jpg\",\"contentUrl\":\"https:\\\/\\\/exaudi.org\\\/wp-content\\\/uploads\\\/2021\\\/04\\\/20210421-Pacobamba.jpg\",\"width\":800,\"height\":445,\"caption\":\"Comedor Pacobamba \u00a9 Episcopado de Bolivia\"},{\"@type\":\"BreadcrumbList\",\"@id\":\"https:\\\/\\\/exaudi.org\\\/es\\\/bolivia-diocesis-el-alto-inaugura-comedor-acoge-120-ninos\\\/#breadcrumb\",\"itemListElement\":[{\"@type\":\"ListItem\",\"position\":1,\"name\":\"Portada\",\"item\":\"https:\\\/\\\/exaudi.org\\\/es\\\/\"},{\"@type\":\"ListItem\",\"position\":2,\"name\":\"Bolivia: Di\u00f3cesis de El Alto inaugura un comedor para 120 ni\u00f1os\"}]},{\"@type\":\"WebSite\",\"@id\":\"https:\\\/\\\/exaudi.org\\\/#website\",\"url\":\"https:\\\/\\\/exaudi.org\\\/\",\"name\":\"Exaudi\",\"description\":\"News\",\"potentialAction\":[{\"@type\":\"SearchAction\",\"target\":{\"@type\":\"EntryPoint\",\"urlTemplate\":\"https:\\\/\\\/exaudi.org\\\/?s={search_term_string}\"},\"query-input\":{\"@type\":\"PropertyValueSpecification\",\"valueRequired\":true,\"valueName\":\"search_term_string\"}}],\"inLanguage\":\"es\"},{\"@type\":\"Person\",\"@id\":\"https:\\\/\\\/exaudi.org\\\/#\\\/schema\\\/person\\\/d134b96438278131ce90c90c03fda6cd\",\"name\":\"Gabriel Sales\",\"image\":{\"@type\":\"ImageObject\",\"inLanguage\":\"es\",\"@id\":\"https:\\\/\\\/secure.gravatar.com\\\/avatar\\\/9b1269566f6a063ed26ffb3532b66a373cdde231ce5d0effb266167437fdaffd?s=96&d=mm&r=g\",\"url\":\"https:\\\/\\\/secure.gravatar.com\\\/avatar\\\/9b1269566f6a063ed26ffb3532b66a373cdde231ce5d0effb266167437fdaffd?s=96&d=mm&r=g\",\"contentUrl\":\"https:\\\/\\\/secure.gravatar.com\\\/avatar\\\/9b1269566f6a063ed26ffb3532b66a373cdde231ce5d0effb266167437fdaffd?s=96&d=mm&r=g\",\"caption\":\"Gabriel Sales\"},\"description\":\"Periodista y especialista en Comunicaci\u00f3n y Branding digital. Cin\u00e9filo y cr\u00edtico de cine y series de televisi\u00f3n.\",\"sameAs\":[\"https:\\\/\\\/www.instagram.com\\\/cine90segundos\\\/\",\"www.linkedin.com\\\/in\\\/habemusman\",\"https:\\\/\\\/x.com\\\/habemusman\",\"https:\\\/\\\/www.youtube.com\\\/channel\\\/UCVfCiOMkJ_C7T7OpyjuaLDg\"],\"url\":\"https:\\\/\\\/exaudi.org\\\/es\\\/author\\\/gsalesexaudi-org\\\/\"}]}<\/script>\n<!-- \/ Yoast SEO plugin. -->","yoast_head_json":{"title":"Bolivia: Di\u00f3cesis de El Alto inaugura un comedor para 120 ni\u00f1os - Exaudi","description":"La di\u00f3cesis de El Alto, Bolivia, inaugur\u00f3 el pasado lunes 19 de abril el Comedor de Pacobamba con el fin de acoger a 120 ni\u00f1os y j\u00f3venes.","robots":{"index":"index","follow":"follow","max-snippet":"max-snippet:-1","max-image-preview":"max-image-preview:large","max-video-preview":"max-video-preview:-1"},"canonical":"https:\/\/exaudi.org\/es\/bolivia-diocesis-el-alto-inaugura-comedor-acoge-120-ninos\/","og_locale":"es_ES","og_type":"article","og_title":"Bolivia: Di\u00f3cesis de El Alto inaugura un comedor para 120 ni\u00f1os - Exaudi","og_description":"La di\u00f3cesis de El Alto, Bolivia, inaugur\u00f3 el pasado lunes 19 de abril el Comedor de Pacobamba con el fin de acoger a 120 ni\u00f1os y j\u00f3venes.","og_url":"https:\/\/exaudi.org\/es\/bolivia-diocesis-el-alto-inaugura-comedor-acoge-120-ninos\/","og_site_name":"Exaudi","article_publisher":"https:\/\/www.facebook.com\/ExaudiNews","article_published_time":"2021-04-22T10:40:16+00:00","og_image":[{"width":800,"height":445,"url":"https:\/\/exaudi.org\/wp-content\/uploads\/2021\/04\/20210421-Pacobamba.jpg","type":"image\/jpeg"}],"author":"Gabriel Sales","twitter_card":"summary_large_image","twitter_creator":"@habemusman","twitter_site":"@Exaudi_News","twitter_misc":{"Escrito por":"Gabriel Sales","Tiempo de lectura":"2 minutos"},"schema":{"@context":"https:\/\/schema.org","@graph":[{"@type":"Article","@id":"https:\/\/exaudi.org\/es\/bolivia-diocesis-el-alto-inaugura-comedor-acoge-120-ninos\/#article","isPartOf":{"@id":"https:\/\/exaudi.org\/es\/bolivia-diocesis-el-alto-inaugura-comedor-acoge-120-ninos\/"},"author":{"name":"Gabriel Sales","@id":"https:\/\/exaudi.org\/#\/schema\/person\/d134b96438278131ce90c90c03fda6cd"},"headline":"Bolivia: Di\u00f3cesis de El Alto inaugura un comedor para 120 ni\u00f1os","datePublished":"2021-04-22T10:40:16+00:00","mainEntityOfPage":{"@id":"https:\/\/exaudi.org\/es\/bolivia-diocesis-el-alto-inaugura-comedor-acoge-120-ninos\/"},"wordCount":373,"image":{"@id":"https:\/\/exaudi.org\/es\/bolivia-diocesis-el-alto-inaugura-comedor-acoge-120-ninos\/#primaryimage"},"thumbnailUrl":"https:\/\/exaudi.org\/wp-content\/uploads\/2021\/04\/20210421-Pacobamba.jpg","keywords":["Comedor social","Conferencia Episcopal Boliviana"],"articleSection":["Iglesia Local","\u00daltimas noticias"],"inLanguage":"es"},{"@type":"WebPage","@id":"https:\/\/exaudi.org\/es\/bolivia-diocesis-el-alto-inaugura-comedor-acoge-120-ninos\/","url":"https:\/\/exaudi.org\/es\/bolivia-diocesis-el-alto-inaugura-comedor-acoge-120-ninos\/","name":"Bolivia: Di\u00f3cesis de El Alto inaugura un comedor para 120 ni\u00f1os - Exaudi","isPartOf":{"@id":"https:\/\/exaudi.org\/#website"},"primaryImageOfPage":{"@id":"https:\/\/exaudi.org\/es\/bolivia-diocesis-el-alto-inaugura-comedor-acoge-120-ninos\/#primaryimage"},"image":{"@id":"https:\/\/exaudi.org\/es\/bolivia-diocesis-el-alto-inaugura-comedor-acoge-120-ninos\/#primaryimage"},"thumbnailUrl":"https:\/\/exaudi.org\/wp-content\/uploads\/2021\/04\/20210421-Pacobamba.jpg","datePublished":"2021-04-22T10:40:16+00:00","author":{"@id":"https:\/\/exaudi.org\/#\/schema\/person\/d134b96438278131ce90c90c03fda6cd"},"description":"La di\u00f3cesis de El Alto, Bolivia, inaugur\u00f3 el pasado lunes 19 de abril el Comedor de Pacobamba con el fin de acoger a 120 ni\u00f1os y j\u00f3venes.","breadcrumb":{"@id":"https:\/\/exaudi.org\/es\/bolivia-diocesis-el-alto-inaugura-comedor-acoge-120-ninos\/#breadcrumb"},"inLanguage":"es","potentialAction":[{"@type":"ReadAction","target":["https:\/\/exaudi.org\/es\/bolivia-diocesis-el-alto-inaugura-comedor-acoge-120-ninos\/"]}]},{"@type":"ImageObject","inLanguage":"es","@id":"https:\/\/exaudi.org\/es\/bolivia-diocesis-el-alto-inaugura-comedor-acoge-120-ninos\/#primaryimage","url":"https:\/\/exaudi.org\/wp-content\/uploads\/2021\/04\/20210421-Pacobamba.jpg","contentUrl":"https:\/\/exaudi.org\/wp-content\/uploads\/2021\/04\/20210421-Pacobamba.jpg","width":800,"height":445,"caption":"Comedor Pacobamba \u00a9 Episcopado de Bolivia"},{"@type":"BreadcrumbList","@id":"https:\/\/exaudi.org\/es\/bolivia-diocesis-el-alto-inaugura-comedor-acoge-120-ninos\/#breadcrumb","itemListElement":[{"@type":"ListItem","position":1,"name":"Portada","item":"https:\/\/exaudi.org\/es\/"},{"@type":"ListItem","position":2,"name":"Bolivia: Di\u00f3cesis de El Alto inaugura un comedor para 120 ni\u00f1os"}]},{"@type":"WebSite","@id":"https:\/\/exaudi.org\/#website","url":"https:\/\/exaudi.org\/","name":"Exaudi","description":"News","potentialAction":[{"@type":"SearchAction","target":{"@type":"EntryPoint","urlTemplate":"https:\/\/exaudi.org\/?s={search_term_string}"},"query-input":{"@type":"PropertyValueSpecification","valueRequired":true,"valueName":"search_term_string"}}],"inLanguage":"es"},{"@type":"Person","@id":"https:\/\/exaudi.org\/#\/schema\/person\/d134b96438278131ce90c90c03fda6cd","name":"Gabriel Sales","image":{"@type":"ImageObject","inLanguage":"es","@id":"https:\/\/secure.gravatar.com\/avatar\/9b1269566f6a063ed26ffb3532b66a373cdde231ce5d0effb266167437fdaffd?s=96&d=mm&r=g","url":"https:\/\/secure.gravatar.com\/avatar\/9b1269566f6a063ed26ffb3532b66a373cdde231ce5d0effb266167437fdaffd?s=96&d=mm&r=g","contentUrl":"https:\/\/secure.gravatar.com\/avatar\/9b1269566f6a063ed26ffb3532b66a373cdde231ce5d0effb266167437fdaffd?s=96&d=mm&r=g","caption":"Gabriel Sales"},"description":"Periodista y especialista en Comunicaci\u00f3n y Branding digital. Cin\u00e9filo y cr\u00edtico de cine y series de televisi\u00f3n.","sameAs":["https:\/\/www.instagram.com\/cine90segundos\/","www.linkedin.com\/in\/habemusman","https:\/\/x.com\/habemusman","https:\/\/www.youtube.com\/channel\/UCVfCiOMkJ_C7T7OpyjuaLDg"],"url":"https:\/\/exaudi.org\/es\/author\/gsalesexaudi-org\/"}]}},"jetpack_featured_media_url":"https:\/\/exaudi.org\/wp-content\/uploads\/2021\/04\/20210421-Pacobamba.jpg","jetpack_shortlink":"https:\/\/wp.me\/pgKjF2-3lw","_links":{"self":[{"href":"https:\/\/exaudi.org\/es\/wp-json\/wp\/v2\/posts\/12866","targetHints":{"allow":["GET"]}}],"collection":[{"href":"https:\/\/exaudi.org\/es\/wp-json\/wp\/v2\/posts"}],"about":[{"href":"https:\/\/exaudi.org\/es\/wp-json\/wp\/v2\/types\/post"}],"author":[{"embeddable":true,"href":"https:\/\/exaudi.org\/es\/wp-json\/wp\/v2\/users\/6"}],"replies":[{"embeddable":true,"href":"https:\/\/exaudi.org\/es\/wp-json\/wp\/v2\/comments?post=12866"}],"version-history":[{"count":0,"href":"https:\/\/exaudi.org\/es\/wp-json\/wp\/v2\/posts\/12866\/revisions"}],"wp:featuredmedia":[{"embeddable":true,"href":"https:\/\/exaudi.org\/es\/wp-json\/wp\/v2\/media\/12869"}],"wp:attachment":[{"href":"https:\/\/exaudi.org\/es\/wp-json\/wp\/v2\/media?parent=12866"}],"wp:term":[{"taxonomy":"category","embeddable":true,"href":"https:\/\/exaudi.org\/es\/wp-json\/wp\/v2\/categories?post=12866"},{"taxonomy":"post_tag","embeddable":true,"href":"https:\/\/exaudi.org\/es\/wp-json\/wp\/v2\/tags?post=12866"}],"curies":[{"name":"wp","href":"https:\/\/api.w.org\/{rel}","templated":true}]}}