{"id":12859,"date":"2021-04-22T12:21:10","date_gmt":"2021-04-22T10:21:10","guid":{"rendered":"https:\/\/exaudi.org\/?p=12859"},"modified":"2021-04-22T15:48:33","modified_gmt":"2021-04-22T13:48:33","slug":"libano-papa-audiencia-primer-ministro-2021","status":"publish","type":"post","link":"https:\/\/exaudi.org\/es\/libano-papa-audiencia-primer-ministro-2021\/","title":{"rendered":"L\u00edbano: El Papa recibe al primer ministro Saad Hariri"},"content":{"rendered":"<p>En la ma\u00f1ana de hoy, jueves 22 de abril de 2021, el Papa Francisco ha recibido en audiencia privada al primer ministro designado de L\u00edbano, Saad Hariri. De esta manera lo ha comunicado el director de la <a href=\"http:\/\/www.vatican.va\/news_services\/press\/index_sp.htm\" target=\"_blank\" rel=\"noopener noreferrer\">Oficina de Prensa de la Santa Sede<\/a>, Matteo Bruni.<\/p>\n<h4><strong>Contenido de la reuni\u00f3n<\/strong><\/h4>\n<p>Tal y como apunta Bruni, \u201cen el curso de las conversaciones, que duraron unos treinta minutos, el Papa quiso reiterar su cercan\u00eda al pueblo liban\u00e9s, que vive un momento de gran dificultad e incertidumbre, y record\u00f3 la responsabilidad de todas las fuerzas pol\u00edticas de comprometerse urgentemente en beneficio de la naci\u00f3n\u201d.<\/p>\n<p>\u201cReafirmando su deseo de visitar el pa\u00eds tan pronto como se den las condiciones\u201d, prosigue, el Pont\u00edfice \u201cdese\u00f3 que el L\u00edbano, con la ayuda de la comunidad internacional, vuelva a encarnar &#8216;la fortaleza de los cedros, la diversidad que de la debilidad se convierte en fuerza en el gran pueblo reconciliado&#8217;, con su vocaci\u00f3n de ser una tierra de encuentro, convivencia y pluralismo\u201d.<\/p>\n<p><img loading=\"lazy\" decoding=\"async\" class=\"alignleft size-medium wp-image-12876\" src=\"https:\/\/exaudi.org\/wp-content\/uploads\/2021\/04\/SFO48401114-300x200.jpg\" alt=\"\" width=\"300\" height=\"200\" srcset=\"https:\/\/exaudi.org\/wp-content\/uploads\/2021\/04\/SFO48401114-300x200.jpg 300w, https:\/\/exaudi.org\/wp-content\/uploads\/2021\/04\/SFO48401114-1024x683.jpg 1024w, https:\/\/exaudi.org\/wp-content\/uploads\/2021\/04\/SFO48401114-768x512.jpg 768w, https:\/\/exaudi.org\/wp-content\/uploads\/2021\/04\/SFO48401114-1536x1024.jpg 1536w, https:\/\/exaudi.org\/wp-content\/uploads\/2021\/04\/SFO48401114-2048x1366.jpg 2048w, https:\/\/exaudi.org\/wp-content\/uploads\/2021\/04\/SFO48401114-150x100.jpg 150w, https:\/\/exaudi.org\/wp-content\/uploads\/2021\/04\/SFO48401114-696x464.jpg 696w, https:\/\/exaudi.org\/wp-content\/uploads\/2021\/04\/SFO48401114-1068x712.jpg 1068w, https:\/\/exaudi.org\/wp-content\/uploads\/2021\/04\/SFO48401114-1920x1280.jpg 1920w, https:\/\/exaudi.org\/wp-content\/uploads\/2021\/04\/SFO48401114-630x420.jpg 630w\" sizes=\"auto, (max-width: 300px) 100vw, 300px\" \/><\/p>\n<h4><strong>Viaje al L\u00edbano<\/strong><\/h4>\n<p>Durante la rueda de prensa a bordo del avi\u00f3n de vuelta del Viaje apost\u00f3lico a Irak, Francisco reafirm\u00f3 su <a href=\"https:\/\/exaudi.org\/es\/vuelta-de-irak-el-papa-apunta-libano-proximo-viaje\/\" target=\"_blank\" rel=\"noopener noreferrer\">intenci\u00f3n de visitar el L\u00edbano como pr\u00f3ximo viaje a Oriente Medio<\/a>: \u201cEl patriarca (el cardenal Rai) me pidi\u00f3 que hiciera una escala en Beirut en este viaje, pero a m\u00ed me pareci\u00f3 un poco\u2026un poco demasiado poco, una migaja\u2026.frente a un problema, un pa\u00eds que sufre como el L\u00edbano. Escrib\u00ed una carta y una promesa y promet\u00ed que ir\u00eda al L\u00edbano\u201d.<\/p>\n<p>Recordando que \u201cel L\u00edbano sufre\u201d, el Obispo de Roma subray\u00f3 que esta naci\u00f3n tiene \u201cla debilidad de las diversidades, algunas todav\u00eda no reconciliadas, pero tiene la fortaleza del gran pueblo reconciliado, como la fortaleza de los cedros\u201d. En este momento, el L\u00edbano, lament\u00f3, \u201cest\u00e1 en crisis, pero en crisis, no quiero ofender, en crisis de vida. El L\u00edbano es muy generoso a la hora de acoger a los refugiados\u201d.<\/p>\n","protected":false},"excerpt":{"rendered":"<p>En audiencia privada<\/p>\n","protected":false},"author":6,"featured_media":12861,"comment_status":"closed","ping_status":"closed","sticky":false,"template":"","format":"standard","meta":{"_acf_changed":false,"_crdt_document":"","inline_featured_image":false,"footnotes":""},"categories":[298],"tags":[168,408,158,1870],"class_list":["post-12859","post","type-post","status-publish","format-standard","has-post-thumbnail","hentry","category-ultimas-noticias","tag-audiencia","tag-libano","tag-papa-francisco","tag-primer-ministro"],"acf":[],"yoast_head":"<!-- This site is optimized with the Yoast SEO plugin v27.5 - https:\/\/yoast.com\/product\/yoast-seo-wordpress\/ -->\n<title>L\u00edbano: El Papa recibe al primer ministro Saad Hariri - Exaudi<\/title>\n<meta name=\"description\" content=\"En la ma\u00f1ana de hoy, jueves 22 de abril de 2021, el Papa ha recibido en audiencia privada al primer ministro de L\u00edbano, Saad Hariri.\" \/>\n<meta name=\"robots\" content=\"index, follow, max-snippet:-1, max-image-preview:large, max-video-preview:-1\" \/>\n<link rel=\"canonical\" href=\"https:\/\/exaudi.org\/es\/libano-papa-audiencia-primer-ministro-2021\/\" \/>\n<meta property=\"og:locale\" content=\"es_ES\" \/>\n<meta property=\"og:type\" content=\"article\" \/>\n<meta property=\"og:title\" content=\"L\u00edbano: El Papa recibe al primer ministro Saad Hariri - Exaudi\" \/>\n<meta property=\"og:description\" content=\"En la ma\u00f1ana de hoy, jueves 22 de abril de 2021, el Papa ha recibido en audiencia privada al primer ministro de L\u00edbano, Saad Hariri.\" \/>\n<meta property=\"og:url\" content=\"https:\/\/exaudi.org\/es\/libano-papa-audiencia-primer-ministro-2021\/\" \/>\n<meta property=\"og:site_name\" content=\"Exaudi\" \/>\n<meta property=\"article:publisher\" content=\"https:\/\/www.facebook.com\/ExaudiNews\" \/>\n<meta property=\"article:published_time\" content=\"2021-04-22T10:21:10+00:00\" \/>\n<meta property=\"article:modified_time\" content=\"2021-04-22T13:48:33+00:00\" \/>\n<meta property=\"og:image\" content=\"https:\/\/exaudi.org\/wp-content\/uploads\/2021\/04\/Foto.jpg\" \/>\n\t<meta property=\"og:image:width\" content=\"1771\" \/>\n\t<meta property=\"og:image:height\" content=\"1181\" \/>\n\t<meta property=\"og:image:type\" content=\"image\/jpeg\" \/>\n<meta name=\"author\" content=\"Gabriel Sales\" \/>\n<meta name=\"twitter:card\" content=\"summary_large_image\" \/>\n<meta name=\"twitter:creator\" content=\"@habemusman\" \/>\n<meta name=\"twitter:site\" content=\"@Exaudi_News\" \/>\n<meta name=\"twitter:label1\" content=\"Escrito por\" \/>\n\t<meta name=\"twitter:data1\" content=\"Gabriel Sales\" \/>\n\t<meta name=\"twitter:label2\" content=\"Tiempo de lectura\" \/>\n\t<meta name=\"twitter:data2\" content=\"2 minutos\" \/>\n<script type=\"application\/ld+json\" class=\"yoast-schema-graph\">{\"@context\":\"https:\\\/\\\/schema.org\",\"@graph\":[{\"@type\":\"Article\",\"@id\":\"https:\\\/\\\/exaudi.org\\\/es\\\/libano-papa-audiencia-primer-ministro-2021\\\/#article\",\"isPartOf\":{\"@id\":\"https:\\\/\\\/exaudi.org\\\/es\\\/libano-papa-audiencia-primer-ministro-2021\\\/\"},\"author\":{\"name\":\"Gabriel Sales\",\"@id\":\"https:\\\/\\\/exaudi.org\\\/#\\\/schema\\\/person\\\/d134b96438278131ce90c90c03fda6cd\"},\"headline\":\"L\u00edbano: El Papa recibe al primer ministro Saad Hariri\",\"datePublished\":\"2021-04-22T10:21:10+00:00\",\"dateModified\":\"2021-04-22T13:48:33+00:00\",\"mainEntityOfPage\":{\"@id\":\"https:\\\/\\\/exaudi.org\\\/es\\\/libano-papa-audiencia-primer-ministro-2021\\\/\"},\"wordCount\":352,\"image\":{\"@id\":\"https:\\\/\\\/exaudi.org\\\/es\\\/libano-papa-audiencia-primer-ministro-2021\\\/#primaryimage\"},\"thumbnailUrl\":\"https:\\\/\\\/exaudi.org\\\/wp-content\\\/uploads\\\/2021\\\/04\\\/Foto.jpg\",\"keywords\":[\"audiencia\",\"L\u00edbano\",\"papa francisco\",\"Primer ministro\"],\"articleSection\":[\"\u00daltimas noticias\"],\"inLanguage\":\"es\"},{\"@type\":\"WebPage\",\"@id\":\"https:\\\/\\\/exaudi.org\\\/es\\\/libano-papa-audiencia-primer-ministro-2021\\\/\",\"url\":\"https:\\\/\\\/exaudi.org\\\/es\\\/libano-papa-audiencia-primer-ministro-2021\\\/\",\"name\":\"L\u00edbano: El Papa recibe al primer ministro Saad Hariri - Exaudi\",\"isPartOf\":{\"@id\":\"https:\\\/\\\/exaudi.org\\\/#website\"},\"primaryImageOfPage\":{\"@id\":\"https:\\\/\\\/exaudi.org\\\/es\\\/libano-papa-audiencia-primer-ministro-2021\\\/#primaryimage\"},\"image\":{\"@id\":\"https:\\\/\\\/exaudi.org\\\/es\\\/libano-papa-audiencia-primer-ministro-2021\\\/#primaryimage\"},\"thumbnailUrl\":\"https:\\\/\\\/exaudi.org\\\/wp-content\\\/uploads\\\/2021\\\/04\\\/Foto.jpg\",\"datePublished\":\"2021-04-22T10:21:10+00:00\",\"dateModified\":\"2021-04-22T13:48:33+00:00\",\"author\":{\"@id\":\"https:\\\/\\\/exaudi.org\\\/#\\\/schema\\\/person\\\/d134b96438278131ce90c90c03fda6cd\"},\"description\":\"En la ma\u00f1ana de hoy, jueves 22 de abril de 2021, el Papa ha recibido en audiencia privada al primer ministro de L\u00edbano, Saad Hariri.\",\"breadcrumb\":{\"@id\":\"https:\\\/\\\/exaudi.org\\\/es\\\/libano-papa-audiencia-primer-ministro-2021\\\/#breadcrumb\"},\"inLanguage\":\"es\",\"potentialAction\":[{\"@type\":\"ReadAction\",\"target\":[\"https:\\\/\\\/exaudi.org\\\/es\\\/libano-papa-audiencia-primer-ministro-2021\\\/\"]}]},{\"@type\":\"ImageObject\",\"inLanguage\":\"es\",\"@id\":\"https:\\\/\\\/exaudi.org\\\/es\\\/libano-papa-audiencia-primer-ministro-2021\\\/#primaryimage\",\"url\":\"https:\\\/\\\/exaudi.org\\\/wp-content\\\/uploads\\\/2021\\\/04\\\/Foto.jpg\",\"contentUrl\":\"https:\\\/\\\/exaudi.org\\\/wp-content\\\/uploads\\\/2021\\\/04\\\/Foto.jpg\",\"width\":1771,\"height\":1181,\"caption\":\"El Papa junto al primer ministro de L\u00edbano \u00a9 Vatican Media\"},{\"@type\":\"BreadcrumbList\",\"@id\":\"https:\\\/\\\/exaudi.org\\\/es\\\/libano-papa-audiencia-primer-ministro-2021\\\/#breadcrumb\",\"itemListElement\":[{\"@type\":\"ListItem\",\"position\":1,\"name\":\"Portada\",\"item\":\"https:\\\/\\\/exaudi.org\\\/es\\\/\"},{\"@type\":\"ListItem\",\"position\":2,\"name\":\"L\u00edbano: El Papa recibe al primer ministro Saad Hariri\"}]},{\"@type\":\"WebSite\",\"@id\":\"https:\\\/\\\/exaudi.org\\\/#website\",\"url\":\"https:\\\/\\\/exaudi.org\\\/\",\"name\":\"Exaudi\",\"description\":\"News\",\"potentialAction\":[{\"@type\":\"SearchAction\",\"target\":{\"@type\":\"EntryPoint\",\"urlTemplate\":\"https:\\\/\\\/exaudi.org\\\/?s={search_term_string}\"},\"query-input\":{\"@type\":\"PropertyValueSpecification\",\"valueRequired\":true,\"valueName\":\"search_term_string\"}}],\"inLanguage\":\"es\"},{\"@type\":\"Person\",\"@id\":\"https:\\\/\\\/exaudi.org\\\/#\\\/schema\\\/person\\\/d134b96438278131ce90c90c03fda6cd\",\"name\":\"Gabriel Sales\",\"image\":{\"@type\":\"ImageObject\",\"inLanguage\":\"es\",\"@id\":\"https:\\\/\\\/secure.gravatar.com\\\/avatar\\\/9b1269566f6a063ed26ffb3532b66a373cdde231ce5d0effb266167437fdaffd?s=96&d=mm&r=g\",\"url\":\"https:\\\/\\\/secure.gravatar.com\\\/avatar\\\/9b1269566f6a063ed26ffb3532b66a373cdde231ce5d0effb266167437fdaffd?s=96&d=mm&r=g\",\"contentUrl\":\"https:\\\/\\\/secure.gravatar.com\\\/avatar\\\/9b1269566f6a063ed26ffb3532b66a373cdde231ce5d0effb266167437fdaffd?s=96&d=mm&r=g\",\"caption\":\"Gabriel Sales\"},\"description\":\"Periodista y especialista en Comunicaci\u00f3n y Branding digital. Cin\u00e9filo y cr\u00edtico de cine y series de televisi\u00f3n.\",\"sameAs\":[\"https:\\\/\\\/www.instagram.com\\\/cine90segundos\\\/\",\"www.linkedin.com\\\/in\\\/habemusman\",\"https:\\\/\\\/x.com\\\/habemusman\",\"https:\\\/\\\/www.youtube.com\\\/channel\\\/UCVfCiOMkJ_C7T7OpyjuaLDg\"],\"url\":\"https:\\\/\\\/exaudi.org\\\/es\\\/author\\\/gsalesexaudi-org\\\/\"}]}<\/script>\n<!-- \/ Yoast SEO plugin. -->","yoast_head_json":{"title":"L\u00edbano: El Papa recibe al primer ministro Saad Hariri - Exaudi","description":"En la ma\u00f1ana de hoy, jueves 22 de abril de 2021, el Papa ha recibido en audiencia privada al primer ministro de L\u00edbano, Saad Hariri.","robots":{"index":"index","follow":"follow","max-snippet":"max-snippet:-1","max-image-preview":"max-image-preview:large","max-video-preview":"max-video-preview:-1"},"canonical":"https:\/\/exaudi.org\/es\/libano-papa-audiencia-primer-ministro-2021\/","og_locale":"es_ES","og_type":"article","og_title":"L\u00edbano: El Papa recibe al primer ministro Saad Hariri - Exaudi","og_description":"En la ma\u00f1ana de hoy, jueves 22 de abril de 2021, el Papa ha recibido en audiencia privada al primer ministro de L\u00edbano, Saad Hariri.","og_url":"https:\/\/exaudi.org\/es\/libano-papa-audiencia-primer-ministro-2021\/","og_site_name":"Exaudi","article_publisher":"https:\/\/www.facebook.com\/ExaudiNews","article_published_time":"2021-04-22T10:21:10+00:00","article_modified_time":"2021-04-22T13:48:33+00:00","og_image":[{"width":1771,"height":1181,"url":"https:\/\/exaudi.org\/wp-content\/uploads\/2021\/04\/Foto.jpg","type":"image\/jpeg"}],"author":"Gabriel Sales","twitter_card":"summary_large_image","twitter_creator":"@habemusman","twitter_site":"@Exaudi_News","twitter_misc":{"Escrito por":"Gabriel Sales","Tiempo de lectura":"2 minutos"},"schema":{"@context":"https:\/\/schema.org","@graph":[{"@type":"Article","@id":"https:\/\/exaudi.org\/es\/libano-papa-audiencia-primer-ministro-2021\/#article","isPartOf":{"@id":"https:\/\/exaudi.org\/es\/libano-papa-audiencia-primer-ministro-2021\/"},"author":{"name":"Gabriel Sales","@id":"https:\/\/exaudi.org\/#\/schema\/person\/d134b96438278131ce90c90c03fda6cd"},"headline":"L\u00edbano: El Papa recibe al primer ministro Saad Hariri","datePublished":"2021-04-22T10:21:10+00:00","dateModified":"2021-04-22T13:48:33+00:00","mainEntityOfPage":{"@id":"https:\/\/exaudi.org\/es\/libano-papa-audiencia-primer-ministro-2021\/"},"wordCount":352,"image":{"@id":"https:\/\/exaudi.org\/es\/libano-papa-audiencia-primer-ministro-2021\/#primaryimage"},"thumbnailUrl":"https:\/\/exaudi.org\/wp-content\/uploads\/2021\/04\/Foto.jpg","keywords":["audiencia","L\u00edbano","papa francisco","Primer ministro"],"articleSection":["\u00daltimas noticias"],"inLanguage":"es"},{"@type":"WebPage","@id":"https:\/\/exaudi.org\/es\/libano-papa-audiencia-primer-ministro-2021\/","url":"https:\/\/exaudi.org\/es\/libano-papa-audiencia-primer-ministro-2021\/","name":"L\u00edbano: El Papa recibe al primer ministro Saad Hariri - Exaudi","isPartOf":{"@id":"https:\/\/exaudi.org\/#website"},"primaryImageOfPage":{"@id":"https:\/\/exaudi.org\/es\/libano-papa-audiencia-primer-ministro-2021\/#primaryimage"},"image":{"@id":"https:\/\/exaudi.org\/es\/libano-papa-audiencia-primer-ministro-2021\/#primaryimage"},"thumbnailUrl":"https:\/\/exaudi.org\/wp-content\/uploads\/2021\/04\/Foto.jpg","datePublished":"2021-04-22T10:21:10+00:00","dateModified":"2021-04-22T13:48:33+00:00","author":{"@id":"https:\/\/exaudi.org\/#\/schema\/person\/d134b96438278131ce90c90c03fda6cd"},"description":"En la ma\u00f1ana de hoy, jueves 22 de abril de 2021, el Papa ha recibido en audiencia privada al primer ministro de L\u00edbano, Saad Hariri.","breadcrumb":{"@id":"https:\/\/exaudi.org\/es\/libano-papa-audiencia-primer-ministro-2021\/#breadcrumb"},"inLanguage":"es","potentialAction":[{"@type":"ReadAction","target":["https:\/\/exaudi.org\/es\/libano-papa-audiencia-primer-ministro-2021\/"]}]},{"@type":"ImageObject","inLanguage":"es","@id":"https:\/\/exaudi.org\/es\/libano-papa-audiencia-primer-ministro-2021\/#primaryimage","url":"https:\/\/exaudi.org\/wp-content\/uploads\/2021\/04\/Foto.jpg","contentUrl":"https:\/\/exaudi.org\/wp-content\/uploads\/2021\/04\/Foto.jpg","width":1771,"height":1181,"caption":"El Papa junto al primer ministro de L\u00edbano \u00a9 Vatican Media"},{"@type":"BreadcrumbList","@id":"https:\/\/exaudi.org\/es\/libano-papa-audiencia-primer-ministro-2021\/#breadcrumb","itemListElement":[{"@type":"ListItem","position":1,"name":"Portada","item":"https:\/\/exaudi.org\/es\/"},{"@type":"ListItem","position":2,"name":"L\u00edbano: El Papa recibe al primer ministro Saad Hariri"}]},{"@type":"WebSite","@id":"https:\/\/exaudi.org\/#website","url":"https:\/\/exaudi.org\/","name":"Exaudi","description":"News","potentialAction":[{"@type":"SearchAction","target":{"@type":"EntryPoint","urlTemplate":"https:\/\/exaudi.org\/?s={search_term_string}"},"query-input":{"@type":"PropertyValueSpecification","valueRequired":true,"valueName":"search_term_string"}}],"inLanguage":"es"},{"@type":"Person","@id":"https:\/\/exaudi.org\/#\/schema\/person\/d134b96438278131ce90c90c03fda6cd","name":"Gabriel Sales","image":{"@type":"ImageObject","inLanguage":"es","@id":"https:\/\/secure.gravatar.com\/avatar\/9b1269566f6a063ed26ffb3532b66a373cdde231ce5d0effb266167437fdaffd?s=96&d=mm&r=g","url":"https:\/\/secure.gravatar.com\/avatar\/9b1269566f6a063ed26ffb3532b66a373cdde231ce5d0effb266167437fdaffd?s=96&d=mm&r=g","contentUrl":"https:\/\/secure.gravatar.com\/avatar\/9b1269566f6a063ed26ffb3532b66a373cdde231ce5d0effb266167437fdaffd?s=96&d=mm&r=g","caption":"Gabriel Sales"},"description":"Periodista y especialista en Comunicaci\u00f3n y Branding digital. Cin\u00e9filo y cr\u00edtico de cine y series de televisi\u00f3n.","sameAs":["https:\/\/www.instagram.com\/cine90segundos\/","www.linkedin.com\/in\/habemusman","https:\/\/x.com\/habemusman","https:\/\/www.youtube.com\/channel\/UCVfCiOMkJ_C7T7OpyjuaLDg"],"url":"https:\/\/exaudi.org\/es\/author\/gsalesexaudi-org\/"}]}},"jetpack_featured_media_url":"https:\/\/exaudi.org\/wp-content\/uploads\/2021\/04\/Foto.jpg","jetpack_shortlink":"https:\/\/wp.me\/pgKjF2-3lp","_links":{"self":[{"href":"https:\/\/exaudi.org\/es\/wp-json\/wp\/v2\/posts\/12859","targetHints":{"allow":["GET"]}}],"collection":[{"href":"https:\/\/exaudi.org\/es\/wp-json\/wp\/v2\/posts"}],"about":[{"href":"https:\/\/exaudi.org\/es\/wp-json\/wp\/v2\/types\/post"}],"author":[{"embeddable":true,"href":"https:\/\/exaudi.org\/es\/wp-json\/wp\/v2\/users\/6"}],"replies":[{"embeddable":true,"href":"https:\/\/exaudi.org\/es\/wp-json\/wp\/v2\/comments?post=12859"}],"version-history":[{"count":0,"href":"https:\/\/exaudi.org\/es\/wp-json\/wp\/v2\/posts\/12859\/revisions"}],"wp:featuredmedia":[{"embeddable":true,"href":"https:\/\/exaudi.org\/es\/wp-json\/wp\/v2\/media\/12861"}],"wp:attachment":[{"href":"https:\/\/exaudi.org\/es\/wp-json\/wp\/v2\/media?parent=12859"}],"wp:term":[{"taxonomy":"category","embeddable":true,"href":"https:\/\/exaudi.org\/es\/wp-json\/wp\/v2\/categories?post=12859"},{"taxonomy":"post_tag","embeddable":true,"href":"https:\/\/exaudi.org\/es\/wp-json\/wp\/v2\/tags?post=12859"}],"curies":[{"name":"wp","href":"https:\/\/api.w.org\/{rel}","templated":true}]}}