{"id":128569,"date":"2025-06-22T14:29:56","date_gmt":"2025-06-22T12:29:56","guid":{"rendered":"https:\/\/exaudi.org\/?p=128569"},"modified":"2025-06-23T08:51:57","modified_gmt":"2025-06-23T06:51:57","slug":"el-papa-leon-xiv-invita-a-redescubrir-la-eucaristia-como-vinculo-de-comunion-y-caridad","status":"publish","type":"post","link":"https:\/\/exaudi.org\/es\/el-papa-leon-xiv-invita-a-redescubrir-la-eucaristia-como-vinculo-de-comunion-y-caridad\/","title":{"rendered":"El Papa Le\u00f3n XIV invita a redescubrir la Eucarist\u00eda como v\u00ednculo de comuni\u00f3n y caridad"},"content":{"rendered":"<p data-start=\"356\" data-end=\"803\">A las 12:00 horas de este domingo, 22 de junio de 2025, solemnidad del <em>Corpus Domini<\/em>, el Santo Padre Le\u00f3n XIV se asom\u00f3 a la ventana de su estudio en el Palacio Apost\u00f3lico Vaticano para recitar la oraci\u00f3n del <em>\u00c1ngelus<\/em> con los fieles y peregrinos reunidos en la Plaza de San Pedro.<\/p>\n<p data-start=\"356\" data-end=\"803\">En una jornada marcada por la celebraci\u00f3n del <em>Corpus Christi<\/em>, el Papa Le\u00f3n XIV ha lanzado un fuerte mensaje al mundo: la fe no puede encerrarse en el culto, sino que debe traducirse en fraternidad concreta y en un clamor valiente por la paz.\u00a0 Posteriormente dirigi\u00f3 un nuevo llamamiento por el cese del conflicto en Oriente Medio.<\/p>\n<h3 data-start=\"805\" data-end=\"847\"><strong data-start=\"809\" data-end=\"847\">Una Iglesia que adora y se entrega<\/strong><\/h3>\n<p data-start=\"1279\" data-end=\"1619\">El Pont\u00edfice invit\u00f3 a los fieles a examinar su propia vida: \u201c\u00bfEstoy viviendo como pan partido por los otros? \u00bfComparto lo que soy y tengo? \u00bfSoy instrumento de comuni\u00f3n o de divisi\u00f3n?\u201d. Seg\u00fan Le\u00f3n XIV, la Eucarist\u00eda no puede quedarse en una devoci\u00f3n individual, sino que impulsa a construir comunidad y a tender puentes all\u00ed donde hay muros.<\/p>\n<h3 data-start=\"1621\" data-end=\"1663\"><strong data-start=\"1625\" data-end=\"1663\">La Eucarist\u00eda que derriba barreras<\/strong><\/h3>\n<p data-start=\"1665\" data-end=\"1930\">El Papa profundiz\u00f3 en esta dimensi\u00f3n comunitaria de la Eucarist\u00eda. \u201cJes\u00fas no solo se une a cada uno de nosotros: nos une entre nosotros. Nos hace Iglesia. Nos hace hermanos\u201d, afirm\u00f3 desde la ventana del Palacio Apost\u00f3lico.<\/p>\n<p data-start=\"1932\" data-end=\"2194\">Le\u00f3n XIV insisti\u00f3 en que la Eucarist\u00eda es \u201cel rostro verdadero de una Iglesia que adora, que sirve y que comparte\u201d. En un mundo marcado por fracturas, divisiones y conflictos, record\u00f3 que la comuni\u00f3n eucar\u00edstica es tambi\u00e9n una vocaci\u00f3n a ser artesanos de unidad.<\/p>\n<p data-start=\"1932\" data-end=\"2194\"><img loading=\"lazy\" decoding=\"async\" class=\"size-full wp-image-128573 alignnone\" src=\"https:\/\/exaudi.org\/wp-content\/uploads\/2025\/06\/A-pesar-del-cielo-gris-cientos-de-fieles-se-reunieron-este-domingo-por-la-manana-en-la-plaza-de-San-Pedro-en-esta-jornada-en-la-que-se-celebra-en-varios-paises-entre-ellos-Italia-la-solemnidad-del-3.jpg\" alt=\"\" width=\"1080\" height=\"720\" srcset=\"https:\/\/exaudi.org\/wp-content\/uploads\/2025\/06\/A-pesar-del-cielo-gris-cientos-de-fieles-se-reunieron-este-domingo-por-la-manana-en-la-plaza-de-San-Pedro-en-esta-jornada-en-la-que-se-celebra-en-varios-paises-entre-ellos-Italia-la-solemnidad-del-3.jpg 1080w, https:\/\/exaudi.org\/wp-content\/uploads\/2025\/06\/A-pesar-del-cielo-gris-cientos-de-fieles-se-reunieron-este-domingo-por-la-manana-en-la-plaza-de-San-Pedro-en-esta-jornada-en-la-que-se-celebra-en-varios-paises-entre-ellos-Italia-la-solemnidad-del-3-300x200.jpg 300w, https:\/\/exaudi.org\/wp-content\/uploads\/2025\/06\/A-pesar-del-cielo-gris-cientos-de-fieles-se-reunieron-este-domingo-por-la-manana-en-la-plaza-de-San-Pedro-en-esta-jornada-en-la-que-se-celebra-en-varios-paises-entre-ellos-Italia-la-solemnidad-del-3-1024x683.jpg 1024w, https:\/\/exaudi.org\/wp-content\/uploads\/2025\/06\/A-pesar-del-cielo-gris-cientos-de-fieles-se-reunieron-este-domingo-por-la-manana-en-la-plaza-de-San-Pedro-en-esta-jornada-en-la-que-se-celebra-en-varios-paises-entre-ellos-Italia-la-solemnidad-del-3-770x513.jpg 770w, https:\/\/exaudi.org\/wp-content\/uploads\/2025\/06\/A-pesar-del-cielo-gris-cientos-de-fieles-se-reunieron-este-domingo-por-la-manana-en-la-plaza-de-San-Pedro-en-esta-jornada-en-la-que-se-celebra-en-varios-paises-entre-ellos-Italia-la-solemnidad-del-3-360x240.jpg?crop=1 360w, https:\/\/exaudi.org\/wp-content\/uploads\/2025\/06\/A-pesar-del-cielo-gris-cientos-de-fieles-se-reunieron-este-domingo-por-la-manana-en-la-plaza-de-San-Pedro-en-esta-jornada-en-la-que-se-celebra-en-varios-paises-entre-ellos-Italia-la-solemnidad-del-3-500x333.jpg 500w\" sizes=\"auto, (max-width: 1080px) 100vw, 1080px\" \/><\/p>\n<h3 data-start=\"2196\" data-end=\"2236\"><strong data-start=\"2200\" data-end=\"2236\">Un grito de humanidad por la paz<\/strong><\/h3>\n<p data-start=\"2238\" data-end=\"2506\">Precisamente en esa misma l\u00ednea, el Papa quiso dedicar unas palabras urgentes a la tr\u00e1gica situaci\u00f3n que se vive en Tierra Santa. Con un tono apremiante, lanz\u00f3 un nuevo llamamiento al fin de la violencia en Gaza y a favor de una paz justa entre israel\u00edes y palestinos.<\/p>\n<p data-start=\"2508\" data-end=\"2703\">\u201cNo podemos permanecer indiferentes ante el dolor que golpea a tantos inocentes. \u00a1La paz es posible! Es un grito de humanidad que no puede ser silenciado\u201d, exclam\u00f3 el Papa, visiblemente afectado.<\/p>\n<p data-start=\"2705\" data-end=\"2991\">Pidi\u00f3 el alto el fuego inmediato, la liberaci\u00f3n de los rehenes y la apertura de v\u00edas de di\u00e1logo que pongan fin a a\u00f1os de sufrimiento. Asimismo, inst\u00f3 a la comunidad internacional a actuar con valent\u00eda, dejando de lado intereses ego\u00edstas y apostando por la fraternidad entre los pueblos.<\/p>\n<h3 data-start=\"2993\" data-end=\"3037\"><strong data-start=\"2997\" data-end=\"3037\">Una invitaci\u00f3n a la esperanza activa<\/strong><\/h3>\n<p data-start=\"3039\" data-end=\"3417\">La jornada de <em>Corpus Christi<\/em> de este a\u00f1o ha sido, as\u00ed, mucho m\u00e1s que una celebraci\u00f3n lit\u00fargica. Ha sido una invitaci\u00f3n a vivir la fe con profundidad y a encarnar su significado en las realidades m\u00e1s dolorosas de nuestro mundo. El Papa Le\u00f3n XIV nos recuerda que la Eucarist\u00eda no solo se celebra: se vive. Y vivirla implica amar, compartir y construir la paz con gestos concretos.<\/p>\n<p data-start=\"3039\" data-end=\"3417\">***<\/p>\n<h3 data-start=\"3039\" data-end=\"3417\"><strong>Texto completo<\/strong><\/h3>\n<div class=\"testo\">\n<div class=\"text parbase vaticanrichtext\">\n<p><i>Queridos hermanos y hermanas, \u00a1feliz domingo!<\/i><\/p>\n<p>Hoy, en muchos pa\u00edses, se celebra la Solemnidad del Cuerpo y la Sangre de Cristo, el\u00a0<i>Corpus Domini<\/i>, y el Evangelio narra el milagro de los panes y los peces (cf.\u00a0<i>Lc<\/i>\u00a09,11-17).<\/p>\n<p>Para dar de comer a las miles de personas que acudieron a escucharlo y a pedirle curaci\u00f3n, Jes\u00fas invita a los Ap\u00f3stoles a que le presenten lo poco que tienen, bendice los panes y los peces y les ordena que los distribuyan entre todos. El resultado es sorprendente, no s\u00f3lo cada uno recibe comida suficiente, sino que sobra en abundancia (cf.\u00a0<i>Lc<\/i>\u00a09,17).<\/p>\n<p>El milagro, m\u00e1s all\u00e1 del prodigio, es un \u201csigno\u201d y nos recuerda que los dones de Dios, incluso los m\u00e1s peque\u00f1os, crecen cuanto m\u00e1s se comparten.<\/p>\n<p>Sin embargo, al leer todo esto en el d\u00eda del\u00a0<i>Corpus Domini<\/i>, reflexionamos sobre una realidad a\u00fan m\u00e1s profunda. Sabemos, en efecto, que en la ra\u00edz de todo compartir humano hay uno m\u00e1s grande que lo precede: el de Dios hacia nosotros. \u00c9l, el Creador, que nos dio la vida, para salvarnos pidi\u00f3 a una de sus criaturas que fuera su Madre, para asumir un cuerpo fr\u00e1gil, limitado, mortal, como el nuestro, poni\u00e9ndose en sus manos como un ni\u00f1o. As\u00ed comparti\u00f3 hasta sus \u00faltimas consecuencias nuestra pobreza, eligiendo valerse, para redimirnos, precisamente de lo poco que pod\u00edamos ofrecerle (cf. Nicol\u00e1s Cab\u00e1silas,\u00a0<i>La vida en Cristo<\/i>, IV, 3).<\/p>\n<p>Pensemos en lo bonito que es, cuando hacemos un regalo \u2014quiz\u00e1s peque\u00f1o, acorde con nuestras posibilidades\u2014 ver que es apreciado por quien lo recibe; lo contentos que nos sentimos cuando comprobamos que, a pesar de su sencillez, ese regalo nos une a\u00fan m\u00e1s a quienes amamos. Pues bien, en la Eucarist\u00eda, entre nosotros y Dios, sucede precisamente esto, el Se\u00f1or acoge, santifica y bendice el pan y el vino que ponemos en el altar, junto con la ofrenda de nuestra vida, y los transforma en el Cuerpo y la Sangre de Cristo, sacrificio de amor para la salvaci\u00f3n del mundo. Dios se une a nosotros acogiendo con alegr\u00eda lo que le presentamos y nos invita a unirnos a \u00c9l recibiendo y compartiendo con igual alegr\u00eda su don de amor. De este modo \u2014dice san Agust\u00edn\u2014, como el \u201cconjunto de muchos granos se ha transformado en un solo pan, as\u00ed en la concordia de la caridad se forma un solo cuerpo de Cristo\u201d (cf. Serm\u00f3n 229\/A, 2).<\/p>\n<p>Queridos hermanos,\u00a0<a href=\"https:\/\/www.vatican.va\/content\/leo-xiv\/es\/events\/event.dir.html\/content\/vaticanevents\/es\/2025\/6\/22\/corpus-domini.html\">esta noche haremos la Procesi\u00f3n Eucar\u00edstica<\/a>. Celebraremos juntos la Santa Misa y luego nos pondremos en camino, llevando el Sant\u00edsimo Sacramento por las calles de nuestra ciudad. Cantaremos, rezaremos y, finalmente, nos reuniremos en la Bas\u00edlica de Santa Mar\u00eda la Mayor para implorar la bendici\u00f3n del Se\u00f1or sobre nuestros hogares, nuestras familias y toda la humanidad. Partiendo desde el altar y el sagrario, que esta celebraci\u00f3n sea un signo luminoso de nuestro compromiso de ser cada d\u00eda portadores de comuni\u00f3n y paz los unos para los otros, en el compartir y en la caridad.<\/p>\n<p>____________________<\/p>\n<p>&nbsp;<\/p>\n<p><b>Despu\u00e9s del \u00c1ngelus<\/b><\/p>\n<p>&nbsp;<\/p>\n<p><i>Queridos hermanos y hermanas:<\/i><\/p>\n<p>Contin\u00faan llegando noticias alarmantes desde Oriente Medio, sobre todo desde Ir\u00e1n. En este escenario dram\u00e1tico, que incluye a Israel y Palestina, corre el riesgo de caer en el olvido el sufrimiento diario de la poblaci\u00f3n, especialmente de Gaza y los dem\u00e1s territorios, donde la necesidad de una ayuda humanitaria adecuada es cada vez m\u00e1s urgente.<img loading=\"lazy\" decoding=\"async\" class=\"size-medium wp-image-128619 alignright\" src=\"https:\/\/exaudi.org\/wp-content\/uploads\/2025\/06\/cq5dam.web_.800.800-2025-06-22T235217.326-300x200.jpeg\" alt=\"\" width=\"300\" height=\"200\" srcset=\"https:\/\/exaudi.org\/wp-content\/uploads\/2025\/06\/cq5dam.web_.800.800-2025-06-22T235217.326-300x200.jpeg 300w, https:\/\/exaudi.org\/wp-content\/uploads\/2025\/06\/cq5dam.web_.800.800-2025-06-22T235217.326-770x513.jpeg 770w, https:\/\/exaudi.org\/wp-content\/uploads\/2025\/06\/cq5dam.web_.800.800-2025-06-22T235217.326-360x240.jpeg?crop=1 360w, https:\/\/exaudi.org\/wp-content\/uploads\/2025\/06\/cq5dam.web_.800.800-2025-06-22T235217.326-500x333.jpeg 500w, https:\/\/exaudi.org\/wp-content\/uploads\/2025\/06\/cq5dam.web_.800.800-2025-06-22T235217.326.jpeg 800w\" sizes=\"auto, (max-width: 300px) 100vw, 300px\" \/><\/p>\n<p>Hoy m\u00e1s que nunca, la humanidad clama y pide la paz. Es un grito que exige responsabilidad y raz\u00f3n, y no debe ser sofocado por el estruendo de las armas ni por las palabras ret\u00f3ricas que incitan al conflicto. Todo miembro de la comunidad internacional tiene la responsabilidad moral de detener la tragedia de la guerra, antes de que se convierta en una vor\u00e1gine irreparable. No existen conflictos \u201clejanos\u201d cuando est\u00e1 en juego la dignidad humana.<\/p>\n<p>La guerra no resuelve los problemas, sino que los amplifica y produce heridas profundas en la historia de los pueblos, que tardan generaciones en cicatrizar. Ninguna victoria armada podr\u00e1 compensar el dolor de las madres, el miedo de los ni\u00f1os, el futuro robado.<\/p>\n<p>\u00a1Que la diplomacia haga callar las armas! \u00a1Que las naciones tracen su futuro con obras de paz, no con la violencia ni conflictos sangrientos!<\/p>\n<p>Saludo a todos ustedes, romanos y peregrinos. Me complace saludar a los Parlamentarios y a los Alcaldes aqu\u00ed presentes con ocasi\u00f3n del\u00a0<a href=\"https:\/\/www.iubilaeum2025.va\/es\/pellegrinaggio\/calendario-giubileo\/GrandiEventi\/Giubileo-dei-Governanti.html\">Jubileo de los Gobernantes y de los Administradores<\/a>.<\/p>\n<p>Saludo particularmente a los fieles de Bogot\u00e1 y Samupu\u00e9s, Colombia; tambi\u00e9n a aquellos venidos de Polonia, en especial a los alumnos y profesores de un Instituto t\u00e9cnico de Cracovia; a la banda musical de Strengberg, Austria, a los fieles de Hannover, Alemania; a los j\u00f3venes de Confirmaci\u00f3n de Gioia Tauro y a los chicos de Tempio Pausania.<\/p>\n<p>A todos les deseo que pasen un feliz domingo. Y bendigo a aquellos que hoy participan activamente en la fiesta del\u00a0<i>Corpus Domini<\/i>, ya sea con el canto, la m\u00fasica, los homenajes floreales, las artesan\u00edas y, sobre todo, con la oraci\u00f3n y la procesi\u00f3n.<\/p>\n<p>Muchas gracias a todos y feliz domingo.<\/p>\n<div class=\"clearfix\"><\/div>\n<\/div>\n<div class=\"content parsys\"><\/div>\n<\/div>\n<hr \/>\n<p><iframe loading=\"lazy\" title=\"\u00c1ngelus - 22 de mayo de 2025\" width=\"500\" height=\"281\" src=\"https:\/\/www.youtube.com\/embed\/-juYUHercVk?feature=oembed\" frameborder=\"0\" allow=\"accelerometer; autoplay; clipboard-write; encrypted-media; gyroscope; picture-in-picture; web-share\" referrerpolicy=\"strict-origin-when-cross-origin\" allowfullscreen><\/iframe><\/p>\n","protected":false},"excerpt":{"rendered":"<p>\u00c1ngelus. Hoy celebraci\u00f3n del Corpus Christi, el Pont\u00edfice destac\u00f3 que Jes\u00fas se hace alimento para guiarnos hacia una fraternidad concreta<\/p>\n","protected":false},"author":15,"featured_media":128570,"comment_status":"closed","ping_status":"closed","sticky":false,"template":"","format":"standard","meta":{"_acf_changed":false,"_crdt_document":"","inline_featured_image":false,"footnotes":""},"categories":[70,68],"tags":[191,2002,58067,4953],"class_list":["post-128569","post","type-post","status-publish","format-standard","has-post-thumbnail","hentry","category-angelus-es","category-leon-xiv","tag-angelus","tag-eucaristia-es","tag-leon-xiv","tag-trending-es"],"acf":[],"yoast_head":"<!-- This site is optimized with the Yoast SEO plugin v27.4 - https:\/\/yoast.com\/product\/yoast-seo-wordpress\/ -->\n<title>El Papa Le\u00f3n XIV invita a redescubrir la Eucarist\u00eda como v\u00ednculo de comuni\u00f3n y caridad &#8211; Exaudi<\/title>\n<meta name=\"robots\" content=\"index, follow, max-snippet:-1, max-image-preview:large, max-video-preview:-1\" \/>\n<link rel=\"canonical\" href=\"https:\/\/exaudi.org\/es\/el-papa-leon-xiv-invita-a-redescubrir-la-eucaristia-como-vinculo-de-comunion-y-caridad\/\" \/>\n<meta property=\"og:locale\" content=\"es_ES\" \/>\n<meta property=\"og:type\" content=\"article\" \/>\n<meta property=\"og:title\" content=\"El Papa Le\u00f3n XIV invita a redescubrir la Eucarist\u00eda como v\u00ednculo de comuni\u00f3n y caridad &#8211; Exaudi\" \/>\n<meta property=\"og:description\" content=\"\u00c1ngelus. Hoy celebraci\u00f3n del Corpus Christi, el Pont\u00edfice destac\u00f3 que Jes\u00fas se hace alimento para guiarnos hacia una fraternidad concreta\" \/>\n<meta property=\"og:url\" content=\"https:\/\/exaudi.org\/es\/el-papa-leon-xiv-invita-a-redescubrir-la-eucaristia-como-vinculo-de-comunion-y-caridad\/\" \/>\n<meta property=\"og:site_name\" content=\"Exaudi\" \/>\n<meta property=\"article:publisher\" content=\"https:\/\/www.facebook.com\/ExaudiNews\" \/>\n<meta property=\"article:author\" content=\"https:\/\/www.facebook.com\/ExaudiNoticias\/\" \/>\n<meta property=\"article:published_time\" content=\"2025-06-22T12:29:56+00:00\" \/>\n<meta property=\"article:modified_time\" content=\"2025-06-23T06:51:57+00:00\" \/>\n<meta property=\"og:image\" content=\"https:\/\/exaudi.org\/wp-content\/uploads\/2025\/06\/A-pesar-del-cielo-gris-cientos-de-fieles-se-reunieron-este-domingo-por-la-manana-en-la-plaza-de-San-Pedro-en-esta-jornada-en-la-que-se-celebra-en-varios-paises-entre-ellos-Italia-la-solemnidad-del-Co.jpg\" \/>\n\t<meta property=\"og:image:width\" content=\"1080\" \/>\n\t<meta property=\"og:image:height\" content=\"720\" \/>\n\t<meta property=\"og:image:type\" content=\"image\/jpeg\" \/>\n<meta name=\"author\" content=\"Exaudi Redacci\u00f3n\" \/>\n<meta name=\"twitter:card\" content=\"summary_large_image\" \/>\n<meta name=\"twitter:creator\" content=\"@Exaudi_noticias\" \/>\n<meta name=\"twitter:site\" content=\"@Exaudi_News\" \/>\n<meta name=\"twitter:label1\" content=\"Escrito por\" \/>\n\t<meta name=\"twitter:data1\" content=\"Exaudi Redacci\u00f3n\" \/>\n\t<meta name=\"twitter:label2\" content=\"Tiempo de lectura\" \/>\n\t<meta name=\"twitter:data2\" content=\"7 minutos\" \/>\n<script type=\"application\/ld+json\" class=\"yoast-schema-graph\">{\"@context\":\"https:\\\/\\\/schema.org\",\"@graph\":[{\"@type\":\"Article\",\"@id\":\"https:\\\/\\\/exaudi.org\\\/es\\\/el-papa-leon-xiv-invita-a-redescubrir-la-eucaristia-como-vinculo-de-comunion-y-caridad\\\/#article\",\"isPartOf\":{\"@id\":\"https:\\\/\\\/exaudi.org\\\/es\\\/el-papa-leon-xiv-invita-a-redescubrir-la-eucaristia-como-vinculo-de-comunion-y-caridad\\\/\"},\"author\":{\"name\":\"Exaudi Redacci\u00f3n\",\"@id\":\"https:\\\/\\\/exaudi.org\\\/#\\\/schema\\\/person\\\/f5fc8f063065e38742da7afe15f25df7\"},\"headline\":\"El Papa Le\u00f3n XIV invita a redescubrir la Eucarist\u00eda como v\u00ednculo de comuni\u00f3n y caridad\",\"datePublished\":\"2025-06-22T12:29:56+00:00\",\"dateModified\":\"2025-06-23T06:51:57+00:00\",\"mainEntityOfPage\":{\"@id\":\"https:\\\/\\\/exaudi.org\\\/es\\\/el-papa-leon-xiv-invita-a-redescubrir-la-eucaristia-como-vinculo-de-comunion-y-caridad\\\/\"},\"wordCount\":1433,\"image\":{\"@id\":\"https:\\\/\\\/exaudi.org\\\/es\\\/el-papa-leon-xiv-invita-a-redescubrir-la-eucaristia-como-vinculo-de-comunion-y-caridad\\\/#primaryimage\"},\"thumbnailUrl\":\"https:\\\/\\\/exaudi.org\\\/wp-content\\\/uploads\\\/2025\\\/06\\\/A-pesar-del-cielo-gris-cientos-de-fieles-se-reunieron-este-domingo-por-la-manana-en-la-plaza-de-San-Pedro-en-esta-jornada-en-la-que-se-celebra-en-varios-paises-entre-ellos-Italia-la-solemnidad-del-Co.jpg\",\"keywords\":[\"\u00e1ngelus\",\"Eucaristia\",\"Le\u00f3n XIV\",\"Trending\"],\"articleSection\":[\"\u00c1ngelus\",\"Le\u00f3n XIV\"],\"inLanguage\":\"es\"},{\"@type\":\"WebPage\",\"@id\":\"https:\\\/\\\/exaudi.org\\\/es\\\/el-papa-leon-xiv-invita-a-redescubrir-la-eucaristia-como-vinculo-de-comunion-y-caridad\\\/\",\"url\":\"https:\\\/\\\/exaudi.org\\\/es\\\/el-papa-leon-xiv-invita-a-redescubrir-la-eucaristia-como-vinculo-de-comunion-y-caridad\\\/\",\"name\":\"El Papa Le\u00f3n XIV invita a redescubrir la Eucarist\u00eda como v\u00ednculo de comuni\u00f3n y caridad &#8211; Exaudi\",\"isPartOf\":{\"@id\":\"https:\\\/\\\/exaudi.org\\\/#website\"},\"primaryImageOfPage\":{\"@id\":\"https:\\\/\\\/exaudi.org\\\/es\\\/el-papa-leon-xiv-invita-a-redescubrir-la-eucaristia-como-vinculo-de-comunion-y-caridad\\\/#primaryimage\"},\"image\":{\"@id\":\"https:\\\/\\\/exaudi.org\\\/es\\\/el-papa-leon-xiv-invita-a-redescubrir-la-eucaristia-como-vinculo-de-comunion-y-caridad\\\/#primaryimage\"},\"thumbnailUrl\":\"https:\\\/\\\/exaudi.org\\\/wp-content\\\/uploads\\\/2025\\\/06\\\/A-pesar-del-cielo-gris-cientos-de-fieles-se-reunieron-este-domingo-por-la-manana-en-la-plaza-de-San-Pedro-en-esta-jornada-en-la-que-se-celebra-en-varios-paises-entre-ellos-Italia-la-solemnidad-del-Co.jpg\",\"datePublished\":\"2025-06-22T12:29:56+00:00\",\"dateModified\":\"2025-06-23T06:51:57+00:00\",\"author\":{\"@id\":\"https:\\\/\\\/exaudi.org\\\/#\\\/schema\\\/person\\\/f5fc8f063065e38742da7afe15f25df7\"},\"breadcrumb\":{\"@id\":\"https:\\\/\\\/exaudi.org\\\/es\\\/el-papa-leon-xiv-invita-a-redescubrir-la-eucaristia-como-vinculo-de-comunion-y-caridad\\\/#breadcrumb\"},\"inLanguage\":\"es\",\"potentialAction\":[{\"@type\":\"ReadAction\",\"target\":[\"https:\\\/\\\/exaudi.org\\\/es\\\/el-papa-leon-xiv-invita-a-redescubrir-la-eucaristia-como-vinculo-de-comunion-y-caridad\\\/\"]}]},{\"@type\":\"ImageObject\",\"inLanguage\":\"es\",\"@id\":\"https:\\\/\\\/exaudi.org\\\/es\\\/el-papa-leon-xiv-invita-a-redescubrir-la-eucaristia-como-vinculo-de-comunion-y-caridad\\\/#primaryimage\",\"url\":\"https:\\\/\\\/exaudi.org\\\/wp-content\\\/uploads\\\/2025\\\/06\\\/A-pesar-del-cielo-gris-cientos-de-fieles-se-reunieron-este-domingo-por-la-manana-en-la-plaza-de-San-Pedro-en-esta-jornada-en-la-que-se-celebra-en-varios-paises-entre-ellos-Italia-la-solemnidad-del-Co.jpg\",\"contentUrl\":\"https:\\\/\\\/exaudi.org\\\/wp-content\\\/uploads\\\/2025\\\/06\\\/A-pesar-del-cielo-gris-cientos-de-fieles-se-reunieron-este-domingo-por-la-manana-en-la-plaza-de-San-Pedro-en-esta-jornada-en-la-que-se-celebra-en-varios-paises-entre-ellos-Italia-la-solemnidad-del-Co.jpg\",\"width\":1080,\"height\":720},{\"@type\":\"BreadcrumbList\",\"@id\":\"https:\\\/\\\/exaudi.org\\\/es\\\/el-papa-leon-xiv-invita-a-redescubrir-la-eucaristia-como-vinculo-de-comunion-y-caridad\\\/#breadcrumb\",\"itemListElement\":[{\"@type\":\"ListItem\",\"position\":1,\"name\":\"Portada\",\"item\":\"https:\\\/\\\/exaudi.org\\\/es\\\/\"},{\"@type\":\"ListItem\",\"position\":2,\"name\":\"El Papa Le\u00f3n XIV invita a redescubrir la Eucarist\u00eda como v\u00ednculo de comuni\u00f3n y caridad\"}]},{\"@type\":\"WebSite\",\"@id\":\"https:\\\/\\\/exaudi.org\\\/#website\",\"url\":\"https:\\\/\\\/exaudi.org\\\/\",\"name\":\"Exaudi\",\"description\":\"News\",\"potentialAction\":[{\"@type\":\"SearchAction\",\"target\":{\"@type\":\"EntryPoint\",\"urlTemplate\":\"https:\\\/\\\/exaudi.org\\\/?s={search_term_string}\"},\"query-input\":{\"@type\":\"PropertyValueSpecification\",\"valueRequired\":true,\"valueName\":\"search_term_string\"}}],\"inLanguage\":\"es\"},{\"@type\":\"Person\",\"@id\":\"https:\\\/\\\/exaudi.org\\\/#\\\/schema\\\/person\\\/f5fc8f063065e38742da7afe15f25df7\",\"name\":\"Exaudi Redacci\u00f3n\",\"image\":{\"@type\":\"ImageObject\",\"inLanguage\":\"es\",\"@id\":\"https:\\\/\\\/secure.gravatar.com\\\/avatar\\\/fe0f6a059fb68d9b3e11bc5850dd4899b1c7492091a3cb6dd9b01b56ad828be2?s=96&d=mm&r=g\",\"url\":\"https:\\\/\\\/secure.gravatar.com\\\/avatar\\\/fe0f6a059fb68d9b3e11bc5850dd4899b1c7492091a3cb6dd9b01b56ad828be2?s=96&d=mm&r=g\",\"contentUrl\":\"https:\\\/\\\/secure.gravatar.com\\\/avatar\\\/fe0f6a059fb68d9b3e11bc5850dd4899b1c7492091a3cb6dd9b01b56ad828be2?s=96&d=mm&r=g\",\"caption\":\"Exaudi Redacci\u00f3n\"},\"description\":\"\u00bfQu\u00e9 es Exaudi News? Exaudi News es un medio de comunicaci\u00f3n cat\u00f3lico internacional que informa, forma y transforma, diariamente en espa\u00f1ol, ingl\u00e9s e italiano. A trav\u00e9s de noticias, art\u00edculos de an\u00e1lisis y transmisiones en directo de los eventos del Papa, Exaudi busca fortalecer la unidad de los cristianos y contribuir a la evangelizaci\u00f3n del mundo, siempre guiados por la doctrina social de la Iglesia. Trabajamos para acercar la verdad y los valores cristianos a cada rinc\u00f3n del planeta. \u00a1Ay\u00fadanos a transformar el mundo con Exaudi! En Exaudi creemos que la evangelizaci\u00f3n y la informaci\u00f3n de calidad pueden cambiar vidas. Para continuar con nuestra misi\u00f3n y expandir nuestro alcance, necesitamos tu ayuda. Adem\u00e1s, buscamos personas comprometidas que deseen unirse a nuestro equipo. Con tu apoyo, lograremos llegar a m\u00e1s personas, difundir el mensaje de Cristo y reforzar la unidad de los cristianos. \u00bfTe unes a nuestra misi\u00f3n? Para m\u00e1s informaci\u00f3n sobre c\u00f3mo colaborar, visita Exaudi.org\\\/es o cont\u00e1ctanos directamente: info@exaudi.org Exaudi: Informa, forma y transforma.\",\"sameAs\":[\"https:\\\/\\\/www.facebook.com\\\/ExaudiNoticias\\\/\",\"https:\\\/\\\/www.instagram.com\\\/exaudi_noticias\\\/\",\"https:\\\/\\\/x.com\\\/Exaudi_noticias\",\"https:\\\/\\\/www.youtube.com\\\/@exaudicatholicnews\"],\"url\":\"https:\\\/\\\/exaudi.org\\\/es\\\/author\\\/redaccionexaudi\\\/\"}]}<\/script>\n<!-- \/ Yoast SEO plugin. -->","yoast_head_json":{"title":"El Papa Le\u00f3n XIV invita a redescubrir la Eucarist\u00eda como v\u00ednculo de comuni\u00f3n y caridad &#8211; Exaudi","robots":{"index":"index","follow":"follow","max-snippet":"max-snippet:-1","max-image-preview":"max-image-preview:large","max-video-preview":"max-video-preview:-1"},"canonical":"https:\/\/exaudi.org\/es\/el-papa-leon-xiv-invita-a-redescubrir-la-eucaristia-como-vinculo-de-comunion-y-caridad\/","og_locale":"es_ES","og_type":"article","og_title":"El Papa Le\u00f3n XIV invita a redescubrir la Eucarist\u00eda como v\u00ednculo de comuni\u00f3n y caridad &#8211; Exaudi","og_description":"\u00c1ngelus. Hoy celebraci\u00f3n del Corpus Christi, el Pont\u00edfice destac\u00f3 que Jes\u00fas se hace alimento para guiarnos hacia una fraternidad concreta","og_url":"https:\/\/exaudi.org\/es\/el-papa-leon-xiv-invita-a-redescubrir-la-eucaristia-como-vinculo-de-comunion-y-caridad\/","og_site_name":"Exaudi","article_publisher":"https:\/\/www.facebook.com\/ExaudiNews","article_author":"https:\/\/www.facebook.com\/ExaudiNoticias\/","article_published_time":"2025-06-22T12:29:56+00:00","article_modified_time":"2025-06-23T06:51:57+00:00","og_image":[{"width":1080,"height":720,"url":"https:\/\/exaudi.org\/wp-content\/uploads\/2025\/06\/A-pesar-del-cielo-gris-cientos-de-fieles-se-reunieron-este-domingo-por-la-manana-en-la-plaza-de-San-Pedro-en-esta-jornada-en-la-que-se-celebra-en-varios-paises-entre-ellos-Italia-la-solemnidad-del-Co.jpg","type":"image\/jpeg"}],"author":"Exaudi Redacci\u00f3n","twitter_card":"summary_large_image","twitter_creator":"@Exaudi_noticias","twitter_site":"@Exaudi_News","twitter_misc":{"Escrito por":"Exaudi Redacci\u00f3n","Tiempo de lectura":"7 minutos"},"schema":{"@context":"https:\/\/schema.org","@graph":[{"@type":"Article","@id":"https:\/\/exaudi.org\/es\/el-papa-leon-xiv-invita-a-redescubrir-la-eucaristia-como-vinculo-de-comunion-y-caridad\/#article","isPartOf":{"@id":"https:\/\/exaudi.org\/es\/el-papa-leon-xiv-invita-a-redescubrir-la-eucaristia-como-vinculo-de-comunion-y-caridad\/"},"author":{"name":"Exaudi Redacci\u00f3n","@id":"https:\/\/exaudi.org\/#\/schema\/person\/f5fc8f063065e38742da7afe15f25df7"},"headline":"El Papa Le\u00f3n XIV invita a redescubrir la Eucarist\u00eda como v\u00ednculo de comuni\u00f3n y caridad","datePublished":"2025-06-22T12:29:56+00:00","dateModified":"2025-06-23T06:51:57+00:00","mainEntityOfPage":{"@id":"https:\/\/exaudi.org\/es\/el-papa-leon-xiv-invita-a-redescubrir-la-eucaristia-como-vinculo-de-comunion-y-caridad\/"},"wordCount":1433,"image":{"@id":"https:\/\/exaudi.org\/es\/el-papa-leon-xiv-invita-a-redescubrir-la-eucaristia-como-vinculo-de-comunion-y-caridad\/#primaryimage"},"thumbnailUrl":"https:\/\/exaudi.org\/wp-content\/uploads\/2025\/06\/A-pesar-del-cielo-gris-cientos-de-fieles-se-reunieron-este-domingo-por-la-manana-en-la-plaza-de-San-Pedro-en-esta-jornada-en-la-que-se-celebra-en-varios-paises-entre-ellos-Italia-la-solemnidad-del-Co.jpg","keywords":["\u00e1ngelus","Eucaristia","Le\u00f3n XIV","Trending"],"articleSection":["\u00c1ngelus","Le\u00f3n XIV"],"inLanguage":"es"},{"@type":"WebPage","@id":"https:\/\/exaudi.org\/es\/el-papa-leon-xiv-invita-a-redescubrir-la-eucaristia-como-vinculo-de-comunion-y-caridad\/","url":"https:\/\/exaudi.org\/es\/el-papa-leon-xiv-invita-a-redescubrir-la-eucaristia-como-vinculo-de-comunion-y-caridad\/","name":"El Papa Le\u00f3n XIV invita a redescubrir la Eucarist\u00eda como v\u00ednculo de comuni\u00f3n y caridad &#8211; Exaudi","isPartOf":{"@id":"https:\/\/exaudi.org\/#website"},"primaryImageOfPage":{"@id":"https:\/\/exaudi.org\/es\/el-papa-leon-xiv-invita-a-redescubrir-la-eucaristia-como-vinculo-de-comunion-y-caridad\/#primaryimage"},"image":{"@id":"https:\/\/exaudi.org\/es\/el-papa-leon-xiv-invita-a-redescubrir-la-eucaristia-como-vinculo-de-comunion-y-caridad\/#primaryimage"},"thumbnailUrl":"https:\/\/exaudi.org\/wp-content\/uploads\/2025\/06\/A-pesar-del-cielo-gris-cientos-de-fieles-se-reunieron-este-domingo-por-la-manana-en-la-plaza-de-San-Pedro-en-esta-jornada-en-la-que-se-celebra-en-varios-paises-entre-ellos-Italia-la-solemnidad-del-Co.jpg","datePublished":"2025-06-22T12:29:56+00:00","dateModified":"2025-06-23T06:51:57+00:00","author":{"@id":"https:\/\/exaudi.org\/#\/schema\/person\/f5fc8f063065e38742da7afe15f25df7"},"breadcrumb":{"@id":"https:\/\/exaudi.org\/es\/el-papa-leon-xiv-invita-a-redescubrir-la-eucaristia-como-vinculo-de-comunion-y-caridad\/#breadcrumb"},"inLanguage":"es","potentialAction":[{"@type":"ReadAction","target":["https:\/\/exaudi.org\/es\/el-papa-leon-xiv-invita-a-redescubrir-la-eucaristia-como-vinculo-de-comunion-y-caridad\/"]}]},{"@type":"ImageObject","inLanguage":"es","@id":"https:\/\/exaudi.org\/es\/el-papa-leon-xiv-invita-a-redescubrir-la-eucaristia-como-vinculo-de-comunion-y-caridad\/#primaryimage","url":"https:\/\/exaudi.org\/wp-content\/uploads\/2025\/06\/A-pesar-del-cielo-gris-cientos-de-fieles-se-reunieron-este-domingo-por-la-manana-en-la-plaza-de-San-Pedro-en-esta-jornada-en-la-que-se-celebra-en-varios-paises-entre-ellos-Italia-la-solemnidad-del-Co.jpg","contentUrl":"https:\/\/exaudi.org\/wp-content\/uploads\/2025\/06\/A-pesar-del-cielo-gris-cientos-de-fieles-se-reunieron-este-domingo-por-la-manana-en-la-plaza-de-San-Pedro-en-esta-jornada-en-la-que-se-celebra-en-varios-paises-entre-ellos-Italia-la-solemnidad-del-Co.jpg","width":1080,"height":720},{"@type":"BreadcrumbList","@id":"https:\/\/exaudi.org\/es\/el-papa-leon-xiv-invita-a-redescubrir-la-eucaristia-como-vinculo-de-comunion-y-caridad\/#breadcrumb","itemListElement":[{"@type":"ListItem","position":1,"name":"Portada","item":"https:\/\/exaudi.org\/es\/"},{"@type":"ListItem","position":2,"name":"El Papa Le\u00f3n XIV invita a redescubrir la Eucarist\u00eda como v\u00ednculo de comuni\u00f3n y caridad"}]},{"@type":"WebSite","@id":"https:\/\/exaudi.org\/#website","url":"https:\/\/exaudi.org\/","name":"Exaudi","description":"News","potentialAction":[{"@type":"SearchAction","target":{"@type":"EntryPoint","urlTemplate":"https:\/\/exaudi.org\/?s={search_term_string}"},"query-input":{"@type":"PropertyValueSpecification","valueRequired":true,"valueName":"search_term_string"}}],"inLanguage":"es"},{"@type":"Person","@id":"https:\/\/exaudi.org\/#\/schema\/person\/f5fc8f063065e38742da7afe15f25df7","name":"Exaudi Redacci\u00f3n","image":{"@type":"ImageObject","inLanguage":"es","@id":"https:\/\/secure.gravatar.com\/avatar\/fe0f6a059fb68d9b3e11bc5850dd4899b1c7492091a3cb6dd9b01b56ad828be2?s=96&d=mm&r=g","url":"https:\/\/secure.gravatar.com\/avatar\/fe0f6a059fb68d9b3e11bc5850dd4899b1c7492091a3cb6dd9b01b56ad828be2?s=96&d=mm&r=g","contentUrl":"https:\/\/secure.gravatar.com\/avatar\/fe0f6a059fb68d9b3e11bc5850dd4899b1c7492091a3cb6dd9b01b56ad828be2?s=96&d=mm&r=g","caption":"Exaudi Redacci\u00f3n"},"description":"\u00bfQu\u00e9 es Exaudi News? Exaudi News es un medio de comunicaci\u00f3n cat\u00f3lico internacional que informa, forma y transforma, diariamente en espa\u00f1ol, ingl\u00e9s e italiano. A trav\u00e9s de noticias, art\u00edculos de an\u00e1lisis y transmisiones en directo de los eventos del Papa, Exaudi busca fortalecer la unidad de los cristianos y contribuir a la evangelizaci\u00f3n del mundo, siempre guiados por la doctrina social de la Iglesia. Trabajamos para acercar la verdad y los valores cristianos a cada rinc\u00f3n del planeta. \u00a1Ay\u00fadanos a transformar el mundo con Exaudi! En Exaudi creemos que la evangelizaci\u00f3n y la informaci\u00f3n de calidad pueden cambiar vidas. Para continuar con nuestra misi\u00f3n y expandir nuestro alcance, necesitamos tu ayuda. Adem\u00e1s, buscamos personas comprometidas que deseen unirse a nuestro equipo. Con tu apoyo, lograremos llegar a m\u00e1s personas, difundir el mensaje de Cristo y reforzar la unidad de los cristianos. \u00bfTe unes a nuestra misi\u00f3n? Para m\u00e1s informaci\u00f3n sobre c\u00f3mo colaborar, visita Exaudi.org\/es o cont\u00e1ctanos directamente: info@exaudi.org Exaudi: Informa, forma y transforma.","sameAs":["https:\/\/www.facebook.com\/ExaudiNoticias\/","https:\/\/www.instagram.com\/exaudi_noticias\/","https:\/\/x.com\/Exaudi_noticias","https:\/\/www.youtube.com\/@exaudicatholicnews"],"url":"https:\/\/exaudi.org\/es\/author\/redaccionexaudi\/"}]}},"jetpack_featured_media_url":"https:\/\/exaudi.org\/wp-content\/uploads\/2025\/06\/A-pesar-del-cielo-gris-cientos-de-fieles-se-reunieron-este-domingo-por-la-manana-en-la-plaza-de-San-Pedro-en-esta-jornada-en-la-que-se-celebra-en-varios-paises-entre-ellos-Italia-la-solemnidad-del-Co.jpg","jetpack_shortlink":"https:\/\/wp.me\/pgKjF2-xrH","_links":{"self":[{"href":"https:\/\/exaudi.org\/es\/wp-json\/wp\/v2\/posts\/128569","targetHints":{"allow":["GET"]}}],"collection":[{"href":"https:\/\/exaudi.org\/es\/wp-json\/wp\/v2\/posts"}],"about":[{"href":"https:\/\/exaudi.org\/es\/wp-json\/wp\/v2\/types\/post"}],"author":[{"embeddable":true,"href":"https:\/\/exaudi.org\/es\/wp-json\/wp\/v2\/users\/15"}],"replies":[{"embeddable":true,"href":"https:\/\/exaudi.org\/es\/wp-json\/wp\/v2\/comments?post=128569"}],"version-history":[{"count":1,"href":"https:\/\/exaudi.org\/es\/wp-json\/wp\/v2\/posts\/128569\/revisions"}],"predecessor-version":[{"id":128618,"href":"https:\/\/exaudi.org\/es\/wp-json\/wp\/v2\/posts\/128569\/revisions\/128618"}],"wp:featuredmedia":[{"embeddable":true,"href":"https:\/\/exaudi.org\/es\/wp-json\/wp\/v2\/media\/128570"}],"wp:attachment":[{"href":"https:\/\/exaudi.org\/es\/wp-json\/wp\/v2\/media?parent=128569"}],"wp:term":[{"taxonomy":"category","embeddable":true,"href":"https:\/\/exaudi.org\/es\/wp-json\/wp\/v2\/categories?post=128569"},{"taxonomy":"post_tag","embeddable":true,"href":"https:\/\/exaudi.org\/es\/wp-json\/wp\/v2\/tags?post=128569"}],"curies":[{"name":"wp","href":"https:\/\/api.w.org\/{rel}","templated":true}]}}