{"id":127964,"date":"2025-06-13T08:33:14","date_gmt":"2025-06-13T06:33:14","guid":{"rendered":"https:\/\/exaudi.org\/?p=127964"},"modified":"2025-06-13T09:24:49","modified_gmt":"2025-06-13T07:24:49","slug":"como-pollo-sin-cabeza","status":"publish","type":"post","link":"https:\/\/exaudi.org\/es\/como-pollo-sin-cabeza\/","title":{"rendered":"Como pollo sin cabeza"},"content":{"rendered":"<p>\u00abEn este siglo acabaremos con las\u00a0<strong>enfermedades<\/strong>, pero nos matar\u00e1n las\u00a0<strong>prisas<\/strong><strong>\u00ab<\/strong>. Esta frase de Mara\u00f1\u00f3n me recuerda que estamos viviendo en una sociedad donde todos tenemos prisa. Vamos por la calle o en el autob\u00fas consultando el m\u00f3vil. no nos fijamos en muchos detalles que hacen la vida, m\u00e1s humana y amable. Corremos, no solo para tomar el autob\u00fas sino para todo. Si observamos a la gente con la que te cruces por la calle o en el autob\u00fas, comprobar\u00e1s que tienen cara de prisa, por lo que no sabemos disfrutar de la contemplaci\u00f3n serena de la belleza que nos rodea, unas flores, el cielo azul o simplemente la luz del d\u00eda o la oscuridad de la noche.<\/p>\n<p><iframe title=\"Spotify Embed: Como pollo sin cabeza\" style=\"border-radius: 12px\" width=\"100%\" height=\"152\" frameborder=\"0\" allowfullscreen allow=\"autoplay; clipboard-write; encrypted-media; fullscreen; picture-in-picture\" loading=\"lazy\" src=\"https:\/\/open.spotify.com\/embed\/episode\/5lHdLRfWA2jL6Jypad6iQj?si=e8954c7dbb214307&#038;utm_source=oembed\"><\/iframe><\/p>\n<p>\u00bfPor qu\u00e9 tantas prisas?: Parece que hay que hacer y hacer cosas, pensando que esa actividad fren\u00e9tica nos har\u00e1 sentirnos m\u00e1s felices o lograr m\u00e1s recursos econ\u00f3micos. El tiempo pasa muy r\u00e1pido. Se nos escapa de las manos. A muchos se les nota que corren, pero no saben a d\u00f3nde quieren llegar. No tienen objetivos claros en sus vidas. Les falta dar sentido a lo que hacen a su actividad profesional y a su vivir. As\u00ed no es posible lograr la felicidad.<\/p>\n<p>Seguramente esas prisas est\u00e1n favorecidas porque se piensa poco. Pensar es pararse a pensar, dice una amigo fil\u00f3sofo. Corriendo es muy dif\u00edcil pensar, reflexionar. Nuestros comportamientos tienen que ser dirigidos principalmente por la inteligencia y la voluntad y no solo por las emociones y sentimientos. Estamos en una sociedad emotivista.<\/p>\n<p>Los motivos principales que explican nuestro estilo de vida son emocionales y sentimentales, y esto se refleja muy bien en los comportamientos como consumidores: se compra por capricho, porque me atrae algo, por su color, por su envase, porque est\u00e1 de rebaja o simplemente porque nos apetece. Este estilo de vida consumista e individualista resulta con frecuencia poco racional ya que no se razona, no se reflexiona o no se piensa, ni se valoran las ventajas e inconvenientes de las diferentes opciones de compra.<\/p>\n<p>La importancia de las emociones en nuestro actuar, est\u00e1n siento aprovechadas por el Marketing y la Publicidad Emocional. Para motivar la compra, se insiste en las emociones, los sentimientos y lo que ellos conocen c\u00f3mo motivarnos, por lo que desaparecen los comportamientos racionales. As\u00ed nos convertimos en muy f\u00e1cilmente manipulables. Con prisa y no se piensa. Se puede decir que vamos como pollo sin cabeza. Al pollo se le corta la cabeza y sigue corriendo\u2026pero sin cabeza<\/p>\n<p>Como no tengo prisa, si me escribes a: <a href=\"mailto:jmiguel.ponce@gmail.com\">jmiguel.ponce@gmail.com<\/a> te enviar\u00e9 algunas cosas interesantes sobre la manipulaci\u00f3n.<\/p>\n<p><img loading=\"lazy\" decoding=\"async\" class=\"size-full wp-image-127972 alignnone\" src=\"https:\/\/exaudi.org\/wp-content\/uploads\/2025\/06\/Copia-de-voces-2.jpg\" alt=\"\" width=\"940\" height=\"788\" srcset=\"https:\/\/exaudi.org\/wp-content\/uploads\/2025\/06\/Copia-de-voces-2.jpg 940w, https:\/\/exaudi.org\/wp-content\/uploads\/2025\/06\/Copia-de-voces-2-300x251.jpg 300w, https:\/\/exaudi.org\/wp-content\/uploads\/2025\/06\/Copia-de-voces-2-770x645.jpg 770w, https:\/\/exaudi.org\/wp-content\/uploads\/2025\/06\/Copia-de-voces-2-500x419.jpg 500w\" sizes=\"auto, (max-width: 940px) 100vw, 940px\" \/><\/p>\n","protected":false},"excerpt":{"rendered":"<p>Vivimos deprisa, sin pensar, sin rumbo\u2026 en un mundo que corre pero no sabe ad\u00f3nde va<\/p>\n","protected":false},"author":157,"featured_media":127966,"comment_status":"closed","ping_status":"closed","sticky":false,"template":"","format":"standard","meta":{"_acf_changed":false,"_crdt_document":"","inline_featured_image":false,"footnotes":""},"categories":[72],"tags":[62524,2127,62528,62530,38510,62529,4580,4625,35311,50689,15302,62525,19575,22476,62526,51772,15848,18837,62531,41028,4953,62523,62527],"class_list":["post-127964","post","type-post","status-publish","format-standard","has-post-thumbnail","hentry","category-analisis","tag-consumo-irracional","tag-contemplacion","tag-correr-sin-rumbo","tag-decisiones-impulsivas","tag-emotivismo","tag-estilo-de-vida-actual","tag-estres","tag-felicidad","tag-inteligencia-emocional","tag-jose-miguel-ponce","tag-manipulacion","tag-marketing-emocional","tag-pensamiento-critico","tag-prisa","tag-publicidad-emocional","tag-reflexionar","tag-sentido-de-la-vida","tag-serenidad","tag-sociedad-consumista","tag-sociedad-moderna","tag-trending-es","tag-vida-acelerada","tag-vida-sin-sentido"],"acf":[],"yoast_head":"<!-- This site is optimized with the Yoast SEO plugin v27.5 - https:\/\/yoast.com\/product\/yoast-seo-wordpress\/ -->\n<title>Como pollo sin cabeza &#8211; Exaudi<\/title>\n<meta name=\"robots\" content=\"index, follow, max-snippet:-1, max-image-preview:large, max-video-preview:-1\" \/>\n<link rel=\"canonical\" href=\"https:\/\/exaudi.org\/es\/como-pollo-sin-cabeza\/\" \/>\n<meta property=\"og:locale\" content=\"es_ES\" \/>\n<meta property=\"og:type\" content=\"article\" \/>\n<meta property=\"og:title\" content=\"Como pollo sin cabeza &#8211; Exaudi\" \/>\n<meta property=\"og:description\" content=\"Vivimos deprisa, sin pensar, sin rumbo\u2026 en un mundo que corre pero no sabe ad\u00f3nde va\" \/>\n<meta property=\"og:url\" content=\"https:\/\/exaudi.org\/es\/como-pollo-sin-cabeza\/\" \/>\n<meta property=\"og:site_name\" content=\"Exaudi\" \/>\n<meta property=\"article:publisher\" content=\"https:\/\/www.facebook.com\/ExaudiNews\" \/>\n<meta property=\"article:author\" content=\"https:\/\/marketingyservicios.com\/\" \/>\n<meta property=\"article:published_time\" content=\"2025-06-13T06:33:14+00:00\" \/>\n<meta property=\"article:modified_time\" content=\"2025-06-13T07:24:49+00:00\" \/>\n<meta property=\"og:image\" content=\"https:\/\/exaudi.org\/wp-content\/uploads\/2025\/06\/pexels-pawel-l-435199-1309687-scaled.jpg\" \/>\n\t<meta property=\"og:image:width\" content=\"2560\" \/>\n\t<meta property=\"og:image:height\" content=\"1707\" \/>\n\t<meta property=\"og:image:type\" content=\"image\/jpeg\" \/>\n<meta name=\"author\" content=\"Marketing y Servicios\" \/>\n<meta name=\"twitter:card\" content=\"summary_large_image\" \/>\n<meta name=\"twitter:creator\" content=\"@mentoring_sev\" \/>\n<meta name=\"twitter:site\" content=\"@Exaudi_News\" \/>\n<meta name=\"twitter:label1\" content=\"Escrito por\" \/>\n\t<meta name=\"twitter:data1\" content=\"Marketing y Servicios\" \/>\n\t<meta name=\"twitter:label2\" content=\"Tiempo de lectura\" \/>\n\t<meta name=\"twitter:data2\" content=\"2 minutos\" \/>\n<script type=\"application\/ld+json\" class=\"yoast-schema-graph\">{\"@context\":\"https:\\\/\\\/schema.org\",\"@graph\":[{\"@type\":\"Article\",\"@id\":\"https:\\\/\\\/exaudi.org\\\/es\\\/como-pollo-sin-cabeza\\\/#article\",\"isPartOf\":{\"@id\":\"https:\\\/\\\/exaudi.org\\\/es\\\/como-pollo-sin-cabeza\\\/\"},\"author\":{\"name\":\"Marketing y Servicios\",\"@id\":\"https:\\\/\\\/exaudi.org\\\/#\\\/schema\\\/person\\\/0ec39b1037553be7468a8044044a7283\"},\"headline\":\"Como pollo sin cabeza\",\"datePublished\":\"2025-06-13T06:33:14+00:00\",\"dateModified\":\"2025-06-13T07:24:49+00:00\",\"mainEntityOfPage\":{\"@id\":\"https:\\\/\\\/exaudi.org\\\/es\\\/como-pollo-sin-cabeza\\\/\"},\"wordCount\":473,\"image\":{\"@id\":\"https:\\\/\\\/exaudi.org\\\/es\\\/como-pollo-sin-cabeza\\\/#primaryimage\"},\"thumbnailUrl\":\"https:\\\/\\\/exaudi.org\\\/wp-content\\\/uploads\\\/2025\\\/06\\\/pexels-pawel-l-435199-1309687-scaled.jpg\",\"keywords\":[\"consumo irracional\",\"Contemplaci\u00f3n\",\"correr sin rumbo\",\"decisiones impulsivas\",\"emotivismo\",\"estilo de vida actual\",\"Estr\u00e9s\",\"Felicidad\",\"inteligencia emocional\",\"Jos\u00e9 Miguel Ponce\",\"manipulaci\u00f3n\",\"marketing emocional\",\"pensamiento cr\u00edtico\",\"Prisa\",\"publicidad emocional\",\"reflexionar\",\"sentido de la vida\",\"serenidad\",\"sociedad consumista\",\"sociedad moderna\",\"Trending\",\"vida acelerada\",\"vida sin sentido\"],\"articleSection\":[\"An\u00e1lisis\"],\"inLanguage\":\"es\"},{\"@type\":\"WebPage\",\"@id\":\"https:\\\/\\\/exaudi.org\\\/es\\\/como-pollo-sin-cabeza\\\/\",\"url\":\"https:\\\/\\\/exaudi.org\\\/es\\\/como-pollo-sin-cabeza\\\/\",\"name\":\"Como pollo sin cabeza &#8211; Exaudi\",\"isPartOf\":{\"@id\":\"https:\\\/\\\/exaudi.org\\\/#website\"},\"primaryImageOfPage\":{\"@id\":\"https:\\\/\\\/exaudi.org\\\/es\\\/como-pollo-sin-cabeza\\\/#primaryimage\"},\"image\":{\"@id\":\"https:\\\/\\\/exaudi.org\\\/es\\\/como-pollo-sin-cabeza\\\/#primaryimage\"},\"thumbnailUrl\":\"https:\\\/\\\/exaudi.org\\\/wp-content\\\/uploads\\\/2025\\\/06\\\/pexels-pawel-l-435199-1309687-scaled.jpg\",\"datePublished\":\"2025-06-13T06:33:14+00:00\",\"dateModified\":\"2025-06-13T07:24:49+00:00\",\"author\":{\"@id\":\"https:\\\/\\\/exaudi.org\\\/#\\\/schema\\\/person\\\/0ec39b1037553be7468a8044044a7283\"},\"breadcrumb\":{\"@id\":\"https:\\\/\\\/exaudi.org\\\/es\\\/como-pollo-sin-cabeza\\\/#breadcrumb\"},\"inLanguage\":\"es\",\"potentialAction\":[{\"@type\":\"ReadAction\",\"target\":[\"https:\\\/\\\/exaudi.org\\\/es\\\/como-pollo-sin-cabeza\\\/\"]}]},{\"@type\":\"ImageObject\",\"inLanguage\":\"es\",\"@id\":\"https:\\\/\\\/exaudi.org\\\/es\\\/como-pollo-sin-cabeza\\\/#primaryimage\",\"url\":\"https:\\\/\\\/exaudi.org\\\/wp-content\\\/uploads\\\/2025\\\/06\\\/pexels-pawel-l-435199-1309687-scaled.jpg\",\"contentUrl\":\"https:\\\/\\\/exaudi.org\\\/wp-content\\\/uploads\\\/2025\\\/06\\\/pexels-pawel-l-435199-1309687-scaled.jpg\",\"width\":2560,\"height\":1707},{\"@type\":\"BreadcrumbList\",\"@id\":\"https:\\\/\\\/exaudi.org\\\/es\\\/como-pollo-sin-cabeza\\\/#breadcrumb\",\"itemListElement\":[{\"@type\":\"ListItem\",\"position\":1,\"name\":\"Portada\",\"item\":\"https:\\\/\\\/exaudi.org\\\/es\\\/\"},{\"@type\":\"ListItem\",\"position\":2,\"name\":\"Como pollo sin cabeza\"}]},{\"@type\":\"WebSite\",\"@id\":\"https:\\\/\\\/exaudi.org\\\/#website\",\"url\":\"https:\\\/\\\/exaudi.org\\\/\",\"name\":\"Exaudi\",\"description\":\"News\",\"potentialAction\":[{\"@type\":\"SearchAction\",\"target\":{\"@type\":\"EntryPoint\",\"urlTemplate\":\"https:\\\/\\\/exaudi.org\\\/?s={search_term_string}\"},\"query-input\":{\"@type\":\"PropertyValueSpecification\",\"valueRequired\":true,\"valueName\":\"search_term_string\"}}],\"inLanguage\":\"es\"},{\"@type\":\"Person\",\"@id\":\"https:\\\/\\\/exaudi.org\\\/#\\\/schema\\\/person\\\/0ec39b1037553be7468a8044044a7283\",\"name\":\"Marketing y Servicios\",\"image\":{\"@type\":\"ImageObject\",\"inLanguage\":\"es\",\"@id\":\"https:\\\/\\\/secure.gravatar.com\\\/avatar\\\/887d69b0afc81051391a1aa8022a59db22c5ad6f2eecb945ce1b0d0613c61b5f?s=96&d=mm&r=g\",\"url\":\"https:\\\/\\\/secure.gravatar.com\\\/avatar\\\/887d69b0afc81051391a1aa8022a59db22c5ad6f2eecb945ce1b0d0613c61b5f?s=96&d=mm&r=g\",\"contentUrl\":\"https:\\\/\\\/secure.gravatar.com\\\/avatar\\\/887d69b0afc81051391a1aa8022a59db22c5ad6f2eecb945ce1b0d0613c61b5f?s=96&d=mm&r=g\",\"caption\":\"Marketing y Servicios\"},\"description\":\"Ideas para mejorar el mundo . Director: Jos\u00e9 Miguel Ponce . Profesor universitario e investigador en Marketing y Gesti\u00f3n de Servicios, con experiencia en cinco universidades p\u00fablicas y privadas. Sevillano de origen, ha vivido en varias ciudades de Espa\u00f1a y actualmente reside en Sevilla. Apasionado por la educaci\u00f3n, la comunicaci\u00f3n y las relaciones humanas, considera la amistad y la empat\u00eda clave en su vida y ense\u00f1anza. Ha publicado investigaciones sobre Marketing, Calidad de Servicio y organizaciones sin \u00e1nimo de lucro. Humanista y optimista, promueve el agradecimiento y la coherencia como valores fundamentales.\",\"sameAs\":[\"https:\\\/\\\/marketingyservicios.com\\\/\",\"https:\\\/\\\/www.instagram.com\\\/mentoringsevilla\\\/\",\"https:\\\/\\\/www.linkedin.com\\\/company\\\/marketing-y-servicios\\\/\",\"https:\\\/\\\/x.com\\\/mentoring_sev\",\"https:\\\/\\\/www.youtube.com\\\/@marketingyservicios649\"],\"url\":\"https:\\\/\\\/exaudi.org\\\/es\\\/author\\\/jose-miguel-ponce\\\/\"}]}<\/script>\n<!-- \/ Yoast SEO plugin. -->","yoast_head_json":{"title":"Como pollo sin cabeza &#8211; Exaudi","robots":{"index":"index","follow":"follow","max-snippet":"max-snippet:-1","max-image-preview":"max-image-preview:large","max-video-preview":"max-video-preview:-1"},"canonical":"https:\/\/exaudi.org\/es\/como-pollo-sin-cabeza\/","og_locale":"es_ES","og_type":"article","og_title":"Como pollo sin cabeza &#8211; Exaudi","og_description":"Vivimos deprisa, sin pensar, sin rumbo\u2026 en un mundo que corre pero no sabe ad\u00f3nde va","og_url":"https:\/\/exaudi.org\/es\/como-pollo-sin-cabeza\/","og_site_name":"Exaudi","article_publisher":"https:\/\/www.facebook.com\/ExaudiNews","article_author":"https:\/\/marketingyservicios.com\/","article_published_time":"2025-06-13T06:33:14+00:00","article_modified_time":"2025-06-13T07:24:49+00:00","og_image":[{"width":2560,"height":1707,"url":"https:\/\/exaudi.org\/wp-content\/uploads\/2025\/06\/pexels-pawel-l-435199-1309687-scaled.jpg","type":"image\/jpeg"}],"author":"Marketing y Servicios","twitter_card":"summary_large_image","twitter_creator":"@mentoring_sev","twitter_site":"@Exaudi_News","twitter_misc":{"Escrito por":"Marketing y Servicios","Tiempo de lectura":"2 minutos"},"schema":{"@context":"https:\/\/schema.org","@graph":[{"@type":"Article","@id":"https:\/\/exaudi.org\/es\/como-pollo-sin-cabeza\/#article","isPartOf":{"@id":"https:\/\/exaudi.org\/es\/como-pollo-sin-cabeza\/"},"author":{"name":"Marketing y Servicios","@id":"https:\/\/exaudi.org\/#\/schema\/person\/0ec39b1037553be7468a8044044a7283"},"headline":"Como pollo sin cabeza","datePublished":"2025-06-13T06:33:14+00:00","dateModified":"2025-06-13T07:24:49+00:00","mainEntityOfPage":{"@id":"https:\/\/exaudi.org\/es\/como-pollo-sin-cabeza\/"},"wordCount":473,"image":{"@id":"https:\/\/exaudi.org\/es\/como-pollo-sin-cabeza\/#primaryimage"},"thumbnailUrl":"https:\/\/exaudi.org\/wp-content\/uploads\/2025\/06\/pexels-pawel-l-435199-1309687-scaled.jpg","keywords":["consumo irracional","Contemplaci\u00f3n","correr sin rumbo","decisiones impulsivas","emotivismo","estilo de vida actual","Estr\u00e9s","Felicidad","inteligencia emocional","Jos\u00e9 Miguel Ponce","manipulaci\u00f3n","marketing emocional","pensamiento cr\u00edtico","Prisa","publicidad emocional","reflexionar","sentido de la vida","serenidad","sociedad consumista","sociedad moderna","Trending","vida acelerada","vida sin sentido"],"articleSection":["An\u00e1lisis"],"inLanguage":"es"},{"@type":"WebPage","@id":"https:\/\/exaudi.org\/es\/como-pollo-sin-cabeza\/","url":"https:\/\/exaudi.org\/es\/como-pollo-sin-cabeza\/","name":"Como pollo sin cabeza &#8211; Exaudi","isPartOf":{"@id":"https:\/\/exaudi.org\/#website"},"primaryImageOfPage":{"@id":"https:\/\/exaudi.org\/es\/como-pollo-sin-cabeza\/#primaryimage"},"image":{"@id":"https:\/\/exaudi.org\/es\/como-pollo-sin-cabeza\/#primaryimage"},"thumbnailUrl":"https:\/\/exaudi.org\/wp-content\/uploads\/2025\/06\/pexels-pawel-l-435199-1309687-scaled.jpg","datePublished":"2025-06-13T06:33:14+00:00","dateModified":"2025-06-13T07:24:49+00:00","author":{"@id":"https:\/\/exaudi.org\/#\/schema\/person\/0ec39b1037553be7468a8044044a7283"},"breadcrumb":{"@id":"https:\/\/exaudi.org\/es\/como-pollo-sin-cabeza\/#breadcrumb"},"inLanguage":"es","potentialAction":[{"@type":"ReadAction","target":["https:\/\/exaudi.org\/es\/como-pollo-sin-cabeza\/"]}]},{"@type":"ImageObject","inLanguage":"es","@id":"https:\/\/exaudi.org\/es\/como-pollo-sin-cabeza\/#primaryimage","url":"https:\/\/exaudi.org\/wp-content\/uploads\/2025\/06\/pexels-pawel-l-435199-1309687-scaled.jpg","contentUrl":"https:\/\/exaudi.org\/wp-content\/uploads\/2025\/06\/pexels-pawel-l-435199-1309687-scaled.jpg","width":2560,"height":1707},{"@type":"BreadcrumbList","@id":"https:\/\/exaudi.org\/es\/como-pollo-sin-cabeza\/#breadcrumb","itemListElement":[{"@type":"ListItem","position":1,"name":"Portada","item":"https:\/\/exaudi.org\/es\/"},{"@type":"ListItem","position":2,"name":"Como pollo sin cabeza"}]},{"@type":"WebSite","@id":"https:\/\/exaudi.org\/#website","url":"https:\/\/exaudi.org\/","name":"Exaudi","description":"News","potentialAction":[{"@type":"SearchAction","target":{"@type":"EntryPoint","urlTemplate":"https:\/\/exaudi.org\/?s={search_term_string}"},"query-input":{"@type":"PropertyValueSpecification","valueRequired":true,"valueName":"search_term_string"}}],"inLanguage":"es"},{"@type":"Person","@id":"https:\/\/exaudi.org\/#\/schema\/person\/0ec39b1037553be7468a8044044a7283","name":"Marketing y Servicios","image":{"@type":"ImageObject","inLanguage":"es","@id":"https:\/\/secure.gravatar.com\/avatar\/887d69b0afc81051391a1aa8022a59db22c5ad6f2eecb945ce1b0d0613c61b5f?s=96&d=mm&r=g","url":"https:\/\/secure.gravatar.com\/avatar\/887d69b0afc81051391a1aa8022a59db22c5ad6f2eecb945ce1b0d0613c61b5f?s=96&d=mm&r=g","contentUrl":"https:\/\/secure.gravatar.com\/avatar\/887d69b0afc81051391a1aa8022a59db22c5ad6f2eecb945ce1b0d0613c61b5f?s=96&d=mm&r=g","caption":"Marketing y Servicios"},"description":"Ideas para mejorar el mundo . Director: Jos\u00e9 Miguel Ponce . Profesor universitario e investigador en Marketing y Gesti\u00f3n de Servicios, con experiencia en cinco universidades p\u00fablicas y privadas. Sevillano de origen, ha vivido en varias ciudades de Espa\u00f1a y actualmente reside en Sevilla. Apasionado por la educaci\u00f3n, la comunicaci\u00f3n y las relaciones humanas, considera la amistad y la empat\u00eda clave en su vida y ense\u00f1anza. Ha publicado investigaciones sobre Marketing, Calidad de Servicio y organizaciones sin \u00e1nimo de lucro. Humanista y optimista, promueve el agradecimiento y la coherencia como valores fundamentales.","sameAs":["https:\/\/marketingyservicios.com\/","https:\/\/www.instagram.com\/mentoringsevilla\/","https:\/\/www.linkedin.com\/company\/marketing-y-servicios\/","https:\/\/x.com\/mentoring_sev","https:\/\/www.youtube.com\/@marketingyservicios649"],"url":"https:\/\/exaudi.org\/es\/author\/jose-miguel-ponce\/"}]}},"jetpack_featured_media_url":"https:\/\/exaudi.org\/wp-content\/uploads\/2025\/06\/pexels-pawel-l-435199-1309687-scaled.jpg","jetpack_shortlink":"https:\/\/wp.me\/pgKjF2-xhW","_links":{"self":[{"href":"https:\/\/exaudi.org\/es\/wp-json\/wp\/v2\/posts\/127964","targetHints":{"allow":["GET"]}}],"collection":[{"href":"https:\/\/exaudi.org\/es\/wp-json\/wp\/v2\/posts"}],"about":[{"href":"https:\/\/exaudi.org\/es\/wp-json\/wp\/v2\/types\/post"}],"author":[{"embeddable":true,"href":"https:\/\/exaudi.org\/es\/wp-json\/wp\/v2\/users\/157"}],"replies":[{"embeddable":true,"href":"https:\/\/exaudi.org\/es\/wp-json\/wp\/v2\/comments?post=127964"}],"version-history":[{"count":0,"href":"https:\/\/exaudi.org\/es\/wp-json\/wp\/v2\/posts\/127964\/revisions"}],"wp:featuredmedia":[{"embeddable":true,"href":"https:\/\/exaudi.org\/es\/wp-json\/wp\/v2\/media\/127966"}],"wp:attachment":[{"href":"https:\/\/exaudi.org\/es\/wp-json\/wp\/v2\/media?parent=127964"}],"wp:term":[{"taxonomy":"category","embeddable":true,"href":"https:\/\/exaudi.org\/es\/wp-json\/wp\/v2\/categories?post=127964"},{"taxonomy":"post_tag","embeddable":true,"href":"https:\/\/exaudi.org\/es\/wp-json\/wp\/v2\/tags?post=127964"}],"curies":[{"name":"wp","href":"https:\/\/api.w.org\/{rel}","templated":true}]}}