{"id":127919,"date":"2025-06-12T09:05:28","date_gmt":"2025-06-12T07:05:28","guid":{"rendered":"https:\/\/exaudi.org\/?p=127919"},"modified":"2025-06-12T10:30:13","modified_gmt":"2025-06-12T08:30:13","slug":"la-prudencia-inteligencia-en-accion","status":"publish","type":"post","link":"https:\/\/exaudi.org\/es\/la-prudencia-inteligencia-en-accion\/","title":{"rendered":"La Prudencia: Inteligencia en Acci\u00f3n"},"content":{"rendered":"<p>En un entorno laboral marcado por la velocidad, las decisiones urgentes y la presi\u00f3n constante, la prudencia puede parecer una virtud lenta o anticuada. Pero lo cierto es que se trata de una de las m\u00e1s necesarias en el d\u00eda a d\u00eda profesional. La prudencia no paraliza, sino que ordena. Nos ayuda a pensar antes de actuar, a evaluar las opciones con criterio y a tomar decisiones que no solo sean eficaces, sino tambi\u00e9n justas, \u00e9ticas y sostenibles. Es, en el fondo, una forma de inteligencia pr\u00e1ctica que armoniza raz\u00f3n, voluntad y emoci\u00f3n.<\/p>\n<p><iframe title=\"Spotify Embed: La Prudencia: Inteligencia en Acci\u00f3n\" style=\"border-radius: 12px\" width=\"100%\" height=\"152\" frameborder=\"0\" allowfullscreen allow=\"autoplay; clipboard-write; encrypted-media; fullscreen; picture-in-picture\" loading=\"lazy\" src=\"https:\/\/open.spotify.com\/embed\/episode\/3BUFx4wrrkH0RKKbrija68?si=3b65ada162e34119&#038;utm_source=oembed\"><\/iframe><\/p>\n<p>Un trabajador prudente no es aquel que se queda inm\u00f3vil por temor a equivocarse, sino el que se toma el tiempo necesario para discernir lo mejor en cada situaci\u00f3n. Sabe cu\u00e1ndo hablar y cu\u00e1ndo callar, cu\u00e1ndo proponer una idea y cu\u00e1ndo esperar. No improvisa sin fundamento, ni se deja llevar por impulsos o modas pasajeras. Su juicio sereno aporta estabilidad al equipo y confianza en los momentos cr\u00edticos. La prudencia le permite reaccionar con equilibrio ante un conflicto, administrar los recursos con responsabilidad y anticiparse a los riesgos con lucidez.<\/p>\n<p>Pero esta virtud no solo se cultiva con experiencia o sentido com\u00fan, sino tambi\u00e9n con vida interior. El cristiano prudente es aquel que busca hacer la voluntad de Dios en cada decisi\u00f3n, grande o peque\u00f1a. Pide luz al Esp\u00edritu Santo antes de actuar, consulta con personas sabias y pone por delante el bien com\u00fan. No se deja llevar por el ego, la ambici\u00f3n o el miedo. Su gu\u00eda no es la improvisaci\u00f3n ni el c\u00e1lculo fr\u00edo, sino la verdad y la caridad. Por eso, la prudencia cristiana no es solo t\u00e1ctica, sino tambi\u00e9n \u00e9tica: busca el bien y lo realiza de la mejor manera posible.<\/p>\n<p>En la oficina, este tipo de prudencia marca una gran diferencia. Un profesional prudente se gana el respeto de sus colegas porque sus decisiones no est\u00e1n basadas en caprichos o intereses personales, sino en la verdad de los hechos y en el cuidado de las personas. Es el que no se deja arrastrar por chismes, el que sabe guardar una confidencia delicada, el que piensa en las consecuencias a largo plazo. Y cuando se equivoca \u2014porque todos lo hacemos\u2014, lo reconoce con humildad y aprende con sabidur\u00eda.<\/p>\n<p>As\u00ed que si quieres ser una presencia confiable y s\u00f3lida en tu entorno laboral, empieza por cultivar la prudencia. Preg\u00fantate antes de actuar: \u00bfes esto lo correcto? \u00bfEstoy siendo justo con todos? \u00bfEs el momento adecuado? \u00bfHe escuchado lo suficiente? Ser prudente no significa ser lento o t\u00edmido, sino valiente y sabio. Es tener la serenidad de actuar con verdad, con bien y con sentido. Y eso, en cualquier profesi\u00f3n, es un valor incalculable.<\/p>\n<p><img loading=\"lazy\" decoding=\"async\" class=\"size-full wp-image-127923 alignnone\" src=\"https:\/\/exaudi.org\/wp-content\/uploads\/2025\/06\/VIDEO-5.jpg\" alt=\"\" width=\"940\" height=\"788\" srcset=\"https:\/\/exaudi.org\/wp-content\/uploads\/2025\/06\/VIDEO-5.jpg 940w, https:\/\/exaudi.org\/wp-content\/uploads\/2025\/06\/VIDEO-5-300x251.jpg 300w, https:\/\/exaudi.org\/wp-content\/uploads\/2025\/06\/VIDEO-5-770x645.jpg 770w, https:\/\/exaudi.org\/wp-content\/uploads\/2025\/06\/VIDEO-5-500x419.jpg 500w\" sizes=\"auto, (max-width: 940px) 100vw, 940px\" \/><\/p>\n<h3><strong>Art\u00edculos de esta serie:<\/strong><\/h3>\n<p><a href=\"https:\/\/exaudi.org\/es\/trabajo-bien-hecho-oficina-como-camino-cielo-javier-ferrer-garcia\/\" target=\"_blank\" rel=\"noopener\">El Trabajo Bien Hecho: \u00a1Tu Oficina como Camino al Cielo!<\/a><\/p>\n<p><a href=\"https:\/\/exaudi.org\/es\/la-diligencia-eres-una-hormiguita-o-un-perezoso\/\" target=\"_blank\" rel=\"noopener\">La Diligencia: \u00bfEres una Hormiguita o un Perezoso?<\/a><\/p>\n<p><a href=\"https:\/\/exaudi.org\/es\/humildad-brilla-sin-opacar-nadie-ferrer-garcia\/\" target=\"_blank\" rel=\"noopener\">La Humildad: Brilla sin Opacar a Nadie (Ni a Ti Mismo)<\/a><\/p>\n<p><a href=\"https:\/\/exaudi.org\/es\/la-paciencia-la-virtud-del-buen-artesano-y-del-buen-empleado\/\" target=\"_blank\" rel=\"noopener\">La Paciencia: La Virtud del Buen Artesano (y del Buen Empleado)<\/a><\/p>\n<p><a href=\"https:\/\/exaudi.org\/es\/la-fortaleza-aguanta-el-tiron-y-conviertete-en-un-heroe-laboral\/\" target=\"_blank\" rel=\"noopener\">La Fortaleza: \u00a1Aguanta el Tir\u00f3n y Convi\u00e9rtete en un H\u00e9roe Laboral!<\/a><\/p>\n<p><a href=\"https:\/\/exaudi.org\/es\/generosidad-dar-sin-medir-trabajo-ferrer\/\" target=\"_blank\" rel=\"noopener\">La Generosidad: Dar Sin Medir, Tambi\u00e9n en el Trabajo<\/a><\/p>\n<p><a href=\"https:\/\/exaudi.org\/es\/la-prudencia-inteligencia-en-accion\/\" target=\"_blank\" rel=\"noopener\">La Prudencia: Inteligencia en Acci\u00f3n<\/a><\/p>\n","protected":false},"excerpt":{"rendered":"<p>Antes de hablar, decidir o actuar\u2026 \u00a1piensa! La prudencia es tu aliada m\u00e1s sabia<\/p>\n","protected":false},"author":149,"featured_media":127920,"comment_status":"closed","ping_status":"closed","sticky":false,"template":"","format":"standard","meta":{"_acf_changed":false,"_crdt_document":"","inline_featured_image":false,"footnotes":""},"categories":[72],"tags":[542,62392,62395,6905,52810,29477,448,55996,62391,25210,62393,62394,62396,11040,796,7253,18837,2008,4953,19540,11092,30713,3934,55980,9138],"class_list":["post-127919","post","type-post","status-publish","format-standard","has-post-thumbnail","hentry","category-analisis","tag-bien-comun","tag-decisiones-eticas","tag-decisiones-justas","tag-discernimiento","tag-entorno-laboral","tag-equilibrio-emocional","tag-espiritu-santo","tag-etica-profesional","tag-inteligencia-practica","tag-javier-ferrer-garcia","tag-juicio-sereno","tag-liderazgo-prudente","tag-profesional-confiable","tag-prudencia","tag-responsabilidad","tag-sabiduria","tag-serenidad","tag-trabajo","tag-trending-es","tag-valores-cristianos","tag-vida-interior","tag-virtud-cristiana","tag-virtudes","tag-virtudes-en-el-trabajo","tag-voluntad-de-dios"],"acf":[],"yoast_head":"<!-- This site is optimized with the Yoast SEO plugin v27.4 - https:\/\/yoast.com\/product\/yoast-seo-wordpress\/ -->\n<title>La Prudencia: Inteligencia en Acci\u00f3n &#8211; Exaudi<\/title>\n<meta name=\"robots\" content=\"index, follow, max-snippet:-1, max-image-preview:large, max-video-preview:-1\" \/>\n<link rel=\"canonical\" href=\"https:\/\/exaudi.org\/es\/la-prudencia-inteligencia-en-accion\/\" \/>\n<meta property=\"og:locale\" content=\"es_ES\" \/>\n<meta property=\"og:type\" content=\"article\" \/>\n<meta property=\"og:title\" content=\"La Prudencia: Inteligencia en Acci\u00f3n &#8211; Exaudi\" \/>\n<meta property=\"og:description\" content=\"Antes de hablar, decidir o actuar\u2026 \u00a1piensa! La prudencia es tu aliada m\u00e1s sabia\" \/>\n<meta property=\"og:url\" content=\"https:\/\/exaudi.org\/es\/la-prudencia-inteligencia-en-accion\/\" \/>\n<meta property=\"og:site_name\" content=\"Exaudi\" \/>\n<meta property=\"article:publisher\" content=\"https:\/\/www.facebook.com\/ExaudiNews\" \/>\n<meta property=\"article:published_time\" content=\"2025-06-12T07:05:28+00:00\" \/>\n<meta property=\"article:modified_time\" content=\"2025-06-12T08:30:13+00:00\" \/>\n<meta property=\"og:image\" content=\"https:\/\/exaudi.org\/wp-content\/uploads\/2025\/06\/ben-wicks-SMwejheJnAA-unsplash-scaled.jpg\" \/>\n\t<meta property=\"og:image:width\" content=\"2560\" \/>\n\t<meta property=\"og:image:height\" content=\"1702\" \/>\n\t<meta property=\"og:image:type\" content=\"image\/jpeg\" \/>\n<meta name=\"author\" content=\"Javier Ferrer Garc\u00eda\" \/>\n<meta name=\"twitter:card\" content=\"summary_large_image\" \/>\n<meta name=\"twitter:creator\" content=\"@Exaudi_News\" \/>\n<meta name=\"twitter:site\" content=\"@Exaudi_News\" \/>\n<meta name=\"twitter:label1\" content=\"Escrito por\" \/>\n\t<meta name=\"twitter:data1\" content=\"Javier Ferrer Garc\u00eda\" \/>\n\t<meta name=\"twitter:label2\" content=\"Tiempo de lectura\" \/>\n\t<meta name=\"twitter:data2\" content=\"3 minutos\" \/>\n<script type=\"application\/ld+json\" class=\"yoast-schema-graph\">{\"@context\":\"https:\\\/\\\/schema.org\",\"@graph\":[{\"@type\":\"Article\",\"@id\":\"https:\\\/\\\/exaudi.org\\\/es\\\/la-prudencia-inteligencia-en-accion\\\/#article\",\"isPartOf\":{\"@id\":\"https:\\\/\\\/exaudi.org\\\/es\\\/la-prudencia-inteligencia-en-accion\\\/\"},\"author\":{\"name\":\"Javier Ferrer Garc\u00eda\",\"@id\":\"https:\\\/\\\/exaudi.org\\\/#\\\/schema\\\/person\\\/0428626ea256fe1d193098fe0ee2b91d\"},\"headline\":\"La Prudencia: Inteligencia en Acci\u00f3n\",\"datePublished\":\"2025-06-12T07:05:28+00:00\",\"dateModified\":\"2025-06-12T08:30:13+00:00\",\"mainEntityOfPage\":{\"@id\":\"https:\\\/\\\/exaudi.org\\\/es\\\/la-prudencia-inteligencia-en-accion\\\/\"},\"wordCount\":576,\"image\":{\"@id\":\"https:\\\/\\\/exaudi.org\\\/es\\\/la-prudencia-inteligencia-en-accion\\\/#primaryimage\"},\"thumbnailUrl\":\"https:\\\/\\\/exaudi.org\\\/wp-content\\\/uploads\\\/2025\\\/06\\\/ben-wicks-SMwejheJnAA-unsplash-scaled.jpg\",\"keywords\":[\"Bien com\u00fan\",\"decisiones \u00e9ticas\",\"decisiones justas\",\"discernimiento\",\"entorno laboral\",\"equilibrio emocional\",\"Esp\u00edritu Santo\",\"\u00e9tica profesional\",\"inteligencia pr\u00e1ctica\",\"Javier Ferrer Garc\u00eda\",\"juicio sereno\",\"liderazgo prudente\",\"profesional confiable\",\"Prudencia\",\"responsabilidad\",\"Sabidur\u00eda\",\"serenidad\",\"Trabajo\",\"Trending\",\"valores cristianos\",\"Vida Interior\",\"virtud cristiana\",\"Virtudes\",\"virtudes en el trabajo\",\"Voluntad de Dios\"],\"articleSection\":[\"An\u00e1lisis\"],\"inLanguage\":\"es\"},{\"@type\":\"WebPage\",\"@id\":\"https:\\\/\\\/exaudi.org\\\/es\\\/la-prudencia-inteligencia-en-accion\\\/\",\"url\":\"https:\\\/\\\/exaudi.org\\\/es\\\/la-prudencia-inteligencia-en-accion\\\/\",\"name\":\"La Prudencia: Inteligencia en Acci\u00f3n &#8211; Exaudi\",\"isPartOf\":{\"@id\":\"https:\\\/\\\/exaudi.org\\\/#website\"},\"primaryImageOfPage\":{\"@id\":\"https:\\\/\\\/exaudi.org\\\/es\\\/la-prudencia-inteligencia-en-accion\\\/#primaryimage\"},\"image\":{\"@id\":\"https:\\\/\\\/exaudi.org\\\/es\\\/la-prudencia-inteligencia-en-accion\\\/#primaryimage\"},\"thumbnailUrl\":\"https:\\\/\\\/exaudi.org\\\/wp-content\\\/uploads\\\/2025\\\/06\\\/ben-wicks-SMwejheJnAA-unsplash-scaled.jpg\",\"datePublished\":\"2025-06-12T07:05:28+00:00\",\"dateModified\":\"2025-06-12T08:30:13+00:00\",\"author\":{\"@id\":\"https:\\\/\\\/exaudi.org\\\/#\\\/schema\\\/person\\\/0428626ea256fe1d193098fe0ee2b91d\"},\"breadcrumb\":{\"@id\":\"https:\\\/\\\/exaudi.org\\\/es\\\/la-prudencia-inteligencia-en-accion\\\/#breadcrumb\"},\"inLanguage\":\"es\",\"potentialAction\":[{\"@type\":\"ReadAction\",\"target\":[\"https:\\\/\\\/exaudi.org\\\/es\\\/la-prudencia-inteligencia-en-accion\\\/\"]}]},{\"@type\":\"ImageObject\",\"inLanguage\":\"es\",\"@id\":\"https:\\\/\\\/exaudi.org\\\/es\\\/la-prudencia-inteligencia-en-accion\\\/#primaryimage\",\"url\":\"https:\\\/\\\/exaudi.org\\\/wp-content\\\/uploads\\\/2025\\\/06\\\/ben-wicks-SMwejheJnAA-unsplash-scaled.jpg\",\"contentUrl\":\"https:\\\/\\\/exaudi.org\\\/wp-content\\\/uploads\\\/2025\\\/06\\\/ben-wicks-SMwejheJnAA-unsplash-scaled.jpg\",\"width\":2560,\"height\":1702,\"caption\":\"Ben Wicks . Unsplash\"},{\"@type\":\"BreadcrumbList\",\"@id\":\"https:\\\/\\\/exaudi.org\\\/es\\\/la-prudencia-inteligencia-en-accion\\\/#breadcrumb\",\"itemListElement\":[{\"@type\":\"ListItem\",\"position\":1,\"name\":\"Portada\",\"item\":\"https:\\\/\\\/exaudi.org\\\/es\\\/\"},{\"@type\":\"ListItem\",\"position\":2,\"name\":\"La Prudencia: Inteligencia en Acci\u00f3n\"}]},{\"@type\":\"WebSite\",\"@id\":\"https:\\\/\\\/exaudi.org\\\/#website\",\"url\":\"https:\\\/\\\/exaudi.org\\\/\",\"name\":\"Exaudi\",\"description\":\"News\",\"potentialAction\":[{\"@type\":\"SearchAction\",\"target\":{\"@type\":\"EntryPoint\",\"urlTemplate\":\"https:\\\/\\\/exaudi.org\\\/?s={search_term_string}\"},\"query-input\":{\"@type\":\"PropertyValueSpecification\",\"valueRequired\":true,\"valueName\":\"search_term_string\"}}],\"inLanguage\":\"es\"},{\"@type\":\"Person\",\"@id\":\"https:\\\/\\\/exaudi.org\\\/#\\\/schema\\\/person\\\/0428626ea256fe1d193098fe0ee2b91d\",\"name\":\"Javier Ferrer Garc\u00eda\",\"image\":{\"@type\":\"ImageObject\",\"inLanguage\":\"es\",\"@id\":\"https:\\\/\\\/secure.gravatar.com\\\/avatar\\\/c7bc1aef05f4433794cef4a55499c99ae6c0d617e2aa24ba4876a5432af93b2d?s=96&d=mm&r=g\",\"url\":\"https:\\\/\\\/secure.gravatar.com\\\/avatar\\\/c7bc1aef05f4433794cef4a55499c99ae6c0d617e2aa24ba4876a5432af93b2d?s=96&d=mm&r=g\",\"contentUrl\":\"https:\\\/\\\/secure.gravatar.com\\\/avatar\\\/c7bc1aef05f4433794cef4a55499c99ae6c0d617e2aa24ba4876a5432af93b2d?s=96&d=mm&r=g\",\"caption\":\"Javier Ferrer Garc\u00eda\"},\"description\":\"Soy un apasionado de la vida. Fil\u00f3sofo y economista. Mi carrera profesional se ha enriquecido con el constante deseo de aprender y crecer tanto en el \u00e1mbito acad\u00e9mico como en el personal. Me considero un ferviente lector y amante del cine, lo cual me permite tener una perspectiva amplia y diversa sobre el mundo que nos rodea. Como cat\u00f3lico comprometido, busco integrar mis valores en cada aspecto de mi vida, desde mi carrera profesional hasta mi rol como esposo y padre de familia\",\"url\":\"https:\\\/\\\/exaudi.org\\\/es\\\/author\\\/javier-ferrer-garcia\\\/\"}]}<\/script>\n<!-- \/ Yoast SEO plugin. -->","yoast_head_json":{"title":"La Prudencia: Inteligencia en Acci\u00f3n &#8211; Exaudi","robots":{"index":"index","follow":"follow","max-snippet":"max-snippet:-1","max-image-preview":"max-image-preview:large","max-video-preview":"max-video-preview:-1"},"canonical":"https:\/\/exaudi.org\/es\/la-prudencia-inteligencia-en-accion\/","og_locale":"es_ES","og_type":"article","og_title":"La Prudencia: Inteligencia en Acci\u00f3n &#8211; Exaudi","og_description":"Antes de hablar, decidir o actuar\u2026 \u00a1piensa! La prudencia es tu aliada m\u00e1s sabia","og_url":"https:\/\/exaudi.org\/es\/la-prudencia-inteligencia-en-accion\/","og_site_name":"Exaudi","article_publisher":"https:\/\/www.facebook.com\/ExaudiNews","article_published_time":"2025-06-12T07:05:28+00:00","article_modified_time":"2025-06-12T08:30:13+00:00","og_image":[{"width":2560,"height":1702,"url":"https:\/\/exaudi.org\/wp-content\/uploads\/2025\/06\/ben-wicks-SMwejheJnAA-unsplash-scaled.jpg","type":"image\/jpeg"}],"author":"Javier Ferrer Garc\u00eda","twitter_card":"summary_large_image","twitter_creator":"@Exaudi_News","twitter_site":"@Exaudi_News","twitter_misc":{"Escrito por":"Javier Ferrer Garc\u00eda","Tiempo de lectura":"3 minutos"},"schema":{"@context":"https:\/\/schema.org","@graph":[{"@type":"Article","@id":"https:\/\/exaudi.org\/es\/la-prudencia-inteligencia-en-accion\/#article","isPartOf":{"@id":"https:\/\/exaudi.org\/es\/la-prudencia-inteligencia-en-accion\/"},"author":{"name":"Javier Ferrer Garc\u00eda","@id":"https:\/\/exaudi.org\/#\/schema\/person\/0428626ea256fe1d193098fe0ee2b91d"},"headline":"La Prudencia: Inteligencia en Acci\u00f3n","datePublished":"2025-06-12T07:05:28+00:00","dateModified":"2025-06-12T08:30:13+00:00","mainEntityOfPage":{"@id":"https:\/\/exaudi.org\/es\/la-prudencia-inteligencia-en-accion\/"},"wordCount":576,"image":{"@id":"https:\/\/exaudi.org\/es\/la-prudencia-inteligencia-en-accion\/#primaryimage"},"thumbnailUrl":"https:\/\/exaudi.org\/wp-content\/uploads\/2025\/06\/ben-wicks-SMwejheJnAA-unsplash-scaled.jpg","keywords":["Bien com\u00fan","decisiones \u00e9ticas","decisiones justas","discernimiento","entorno laboral","equilibrio emocional","Esp\u00edritu Santo","\u00e9tica profesional","inteligencia pr\u00e1ctica","Javier Ferrer Garc\u00eda","juicio sereno","liderazgo prudente","profesional confiable","Prudencia","responsabilidad","Sabidur\u00eda","serenidad","Trabajo","Trending","valores cristianos","Vida Interior","virtud cristiana","Virtudes","virtudes en el trabajo","Voluntad de Dios"],"articleSection":["An\u00e1lisis"],"inLanguage":"es"},{"@type":"WebPage","@id":"https:\/\/exaudi.org\/es\/la-prudencia-inteligencia-en-accion\/","url":"https:\/\/exaudi.org\/es\/la-prudencia-inteligencia-en-accion\/","name":"La Prudencia: Inteligencia en Acci\u00f3n &#8211; Exaudi","isPartOf":{"@id":"https:\/\/exaudi.org\/#website"},"primaryImageOfPage":{"@id":"https:\/\/exaudi.org\/es\/la-prudencia-inteligencia-en-accion\/#primaryimage"},"image":{"@id":"https:\/\/exaudi.org\/es\/la-prudencia-inteligencia-en-accion\/#primaryimage"},"thumbnailUrl":"https:\/\/exaudi.org\/wp-content\/uploads\/2025\/06\/ben-wicks-SMwejheJnAA-unsplash-scaled.jpg","datePublished":"2025-06-12T07:05:28+00:00","dateModified":"2025-06-12T08:30:13+00:00","author":{"@id":"https:\/\/exaudi.org\/#\/schema\/person\/0428626ea256fe1d193098fe0ee2b91d"},"breadcrumb":{"@id":"https:\/\/exaudi.org\/es\/la-prudencia-inteligencia-en-accion\/#breadcrumb"},"inLanguage":"es","potentialAction":[{"@type":"ReadAction","target":["https:\/\/exaudi.org\/es\/la-prudencia-inteligencia-en-accion\/"]}]},{"@type":"ImageObject","inLanguage":"es","@id":"https:\/\/exaudi.org\/es\/la-prudencia-inteligencia-en-accion\/#primaryimage","url":"https:\/\/exaudi.org\/wp-content\/uploads\/2025\/06\/ben-wicks-SMwejheJnAA-unsplash-scaled.jpg","contentUrl":"https:\/\/exaudi.org\/wp-content\/uploads\/2025\/06\/ben-wicks-SMwejheJnAA-unsplash-scaled.jpg","width":2560,"height":1702,"caption":"Ben Wicks . Unsplash"},{"@type":"BreadcrumbList","@id":"https:\/\/exaudi.org\/es\/la-prudencia-inteligencia-en-accion\/#breadcrumb","itemListElement":[{"@type":"ListItem","position":1,"name":"Portada","item":"https:\/\/exaudi.org\/es\/"},{"@type":"ListItem","position":2,"name":"La Prudencia: Inteligencia en Acci\u00f3n"}]},{"@type":"WebSite","@id":"https:\/\/exaudi.org\/#website","url":"https:\/\/exaudi.org\/","name":"Exaudi","description":"News","potentialAction":[{"@type":"SearchAction","target":{"@type":"EntryPoint","urlTemplate":"https:\/\/exaudi.org\/?s={search_term_string}"},"query-input":{"@type":"PropertyValueSpecification","valueRequired":true,"valueName":"search_term_string"}}],"inLanguage":"es"},{"@type":"Person","@id":"https:\/\/exaudi.org\/#\/schema\/person\/0428626ea256fe1d193098fe0ee2b91d","name":"Javier Ferrer Garc\u00eda","image":{"@type":"ImageObject","inLanguage":"es","@id":"https:\/\/secure.gravatar.com\/avatar\/c7bc1aef05f4433794cef4a55499c99ae6c0d617e2aa24ba4876a5432af93b2d?s=96&d=mm&r=g","url":"https:\/\/secure.gravatar.com\/avatar\/c7bc1aef05f4433794cef4a55499c99ae6c0d617e2aa24ba4876a5432af93b2d?s=96&d=mm&r=g","contentUrl":"https:\/\/secure.gravatar.com\/avatar\/c7bc1aef05f4433794cef4a55499c99ae6c0d617e2aa24ba4876a5432af93b2d?s=96&d=mm&r=g","caption":"Javier Ferrer Garc\u00eda"},"description":"Soy un apasionado de la vida. Fil\u00f3sofo y economista. Mi carrera profesional se ha enriquecido con el constante deseo de aprender y crecer tanto en el \u00e1mbito acad\u00e9mico como en el personal. Me considero un ferviente lector y amante del cine, lo cual me permite tener una perspectiva amplia y diversa sobre el mundo que nos rodea. Como cat\u00f3lico comprometido, busco integrar mis valores en cada aspecto de mi vida, desde mi carrera profesional hasta mi rol como esposo y padre de familia","url":"https:\/\/exaudi.org\/es\/author\/javier-ferrer-garcia\/"}]}},"jetpack_featured_media_url":"https:\/\/exaudi.org\/wp-content\/uploads\/2025\/06\/ben-wicks-SMwejheJnAA-unsplash-scaled.jpg","jetpack_shortlink":"https:\/\/wp.me\/pgKjF2-xhd","_links":{"self":[{"href":"https:\/\/exaudi.org\/es\/wp-json\/wp\/v2\/posts\/127919","targetHints":{"allow":["GET"]}}],"collection":[{"href":"https:\/\/exaudi.org\/es\/wp-json\/wp\/v2\/posts"}],"about":[{"href":"https:\/\/exaudi.org\/es\/wp-json\/wp\/v2\/types\/post"}],"author":[{"embeddable":true,"href":"https:\/\/exaudi.org\/es\/wp-json\/wp\/v2\/users\/149"}],"replies":[{"embeddable":true,"href":"https:\/\/exaudi.org\/es\/wp-json\/wp\/v2\/comments?post=127919"}],"version-history":[{"count":0,"href":"https:\/\/exaudi.org\/es\/wp-json\/wp\/v2\/posts\/127919\/revisions"}],"wp:featuredmedia":[{"embeddable":true,"href":"https:\/\/exaudi.org\/es\/wp-json\/wp\/v2\/media\/127920"}],"wp:attachment":[{"href":"https:\/\/exaudi.org\/es\/wp-json\/wp\/v2\/media?parent=127919"}],"wp:term":[{"taxonomy":"category","embeddable":true,"href":"https:\/\/exaudi.org\/es\/wp-json\/wp\/v2\/categories?post=127919"},{"taxonomy":"post_tag","embeddable":true,"href":"https:\/\/exaudi.org\/es\/wp-json\/wp\/v2\/tags?post=127919"}],"curies":[{"name":"wp","href":"https:\/\/api.w.org\/{rel}","templated":true}]}}