{"id":12790,"date":"2021-04-21T17:28:31","date_gmt":"2021-04-21T15:28:31","guid":{"rendered":"https:\/\/exaudi.org\/?p=12790"},"modified":"2021-04-21T17:43:17","modified_gmt":"2021-04-21T15:43:17","slug":"papa-promueve-maraton-de-oracion-por-fin-de-pandemia-2021","status":"publish","type":"post","link":"https:\/\/exaudi.org\/es\/papa-promueve-maraton-de-oracion-por-fin-de-pandemia-2021\/","title":{"rendered":"El Papa promueve un marat\u00f3n de oraci\u00f3n por el fin de la pandemia"},"content":{"rendered":"<p>\u201cPor expreso deseo\u201d del Papa Francisco, el mes de mayo se dedicar\u00e1 a un marat\u00f3n de oraci\u00f3n bajo el tema \u201cLa iglesia hac\u00eda sin cesar oraci\u00f3n a Dios (Hechos 12,5)\u201d, una iniciativa que implicar\u00e1 de manera especial a todos los santuarios del mundo, para que promuevan entre los fieles, las familias y las comunidades el rezo del Rosario para invocar el fin de la pandemia.<\/p>\n<p>Seg\u00fan ha informado el <a href=\"https:\/\/www.vatican.va\/roman_curia\/pontifical_councils\/new-evangelization\/index_sp.htm\" target=\"_blank\" rel=\"noopener noreferrer\">Pontificio Consejo para la Promoci\u00f3n de la Nueva Evangelizaci\u00f3n<\/a> a trav\u00e9s de un comunicado, hoy mi\u00e9rcoles 21 de abril de 2021, 30 santuarios representativos, repartidos por todo el mundo, guiar\u00e1n la oraci\u00f3n mariana, que ser\u00e1 transmitida por canales oficiales de la Santa Sede a las 18 horas (hora local de Roma) de cada jornada. Ser\u00e1 el Santo Padre quien abra la gran oraci\u00f3n el 1 de mayo, y la concluir\u00e1 el d\u00eda 31.<\/p>\n<h4><strong>Otras iniciativas de oraci\u00f3n<\/strong><\/h4>\n<p>El Pont\u00edfice ya ha sido protagonista de importantes iniciativas de oraci\u00f3n en el pasado en su intenci\u00f3n de pedir por el fin de la pandemia por COVID. Concretamente, la Vigilia en la desierta plaza de San Pedro bajo la lluvia, el 27 de marzo de 2020, cuando rez\u00f3 ante el crucifijo de madera y la imagen de la\u00a0<em>Salus Populi Romani<\/em>. Dicha celebraci\u00f3n concluy\u00f3 con la adoraci\u00f3n y bendici\u00f3n eucar\u00edstica.<\/p>\n<p>La promoci\u00f3n de esta iniciativa de marat\u00f3n de oraci\u00f3n, en la que el Rosario es el centro, llega el mismo d\u00eda en el que el Papa ha dedicado su <a href=\"https:\/\/exaudi.org\/es\/audiencia-general-la-oracion-vocal-2021\/\" target=\"_blank\" rel=\"noopener noreferrer\">catequesis de la Audiencia general a la importancia de la oraci\u00f3n vocal.<\/a><\/p>\n","protected":false},"excerpt":{"rendered":"<p>Implicar\u00e1 especialmente a los santuarios del mundo<\/p>\n","protected":false},"author":6,"featured_media":12762,"comment_status":"closed","ping_status":"closed","sticky":false,"template":"","format":"standard","meta":{"_acf_changed":false,"_crdt_document":"","inline_featured_image":false,"footnotes":""},"categories":[298,132],"tags":[676,730],"class_list":["post-12790","post","type-post","status-publish","format-standard","has-post-thumbnail","hentry","category-ultimas-noticias","category-vaticano-es","tag-oracion","tag-pandemia-es"],"acf":[],"yoast_head":"<!-- This site is optimized with the Yoast SEO plugin v27.5 - https:\/\/yoast.com\/product\/yoast-seo-wordpress\/ -->\n<title>El Papa promueve un marat\u00f3n de oraci\u00f3n por el fin de la pandemia<\/title>\n<meta name=\"description\" content=\"El Papa Francisco ha promovido para el mes de mayo un marat\u00f3n de oraci\u00f3n con la intenci\u00f3n de rezar por el fin de la pandemia por COVID.\" \/>\n<meta name=\"robots\" content=\"index, follow, max-snippet:-1, max-image-preview:large, max-video-preview:-1\" \/>\n<link rel=\"canonical\" href=\"https:\/\/exaudi.org\/es\/papa-promueve-maraton-de-oracion-por-fin-de-pandemia-2021\/\" \/>\n<meta property=\"og:locale\" content=\"es_ES\" \/>\n<meta property=\"og:type\" content=\"article\" \/>\n<meta property=\"og:title\" content=\"El Papa promueve un marat\u00f3n de oraci\u00f3n por el fin de la pandemia\" \/>\n<meta property=\"og:description\" content=\"El Papa Francisco ha promovido para el mes de mayo un marat\u00f3n de oraci\u00f3n con la intenci\u00f3n de rezar por el fin de la pandemia por COVID.\" \/>\n<meta property=\"og:url\" content=\"https:\/\/exaudi.org\/es\/papa-promueve-maraton-de-oracion-por-fin-de-pandemia-2021\/\" \/>\n<meta property=\"og:site_name\" content=\"Exaudi\" \/>\n<meta property=\"article:publisher\" content=\"https:\/\/www.facebook.com\/ExaudiNews\" \/>\n<meta property=\"article:published_time\" content=\"2021-04-21T15:28:31+00:00\" \/>\n<meta property=\"article:modified_time\" content=\"2021-04-21T15:43:17+00:00\" \/>\n<meta property=\"og:image\" content=\"https:\/\/exaudi.org\/wp-content\/uploads\/2021\/04\/Rosario.jpeg\" \/>\n\t<meta property=\"og:image:width\" content=\"1280\" \/>\n\t<meta property=\"og:image:height\" content=\"844\" \/>\n\t<meta property=\"og:image:type\" content=\"image\/jpeg\" \/>\n<meta name=\"author\" content=\"Gabriel Sales\" \/>\n<meta name=\"twitter:card\" content=\"summary_large_image\" \/>\n<meta name=\"twitter:creator\" content=\"@habemusman\" \/>\n<meta name=\"twitter:site\" content=\"@Exaudi_News\" \/>\n<meta name=\"twitter:label1\" content=\"Escrito por\" \/>\n\t<meta name=\"twitter:data1\" content=\"Gabriel Sales\" \/>\n\t<meta name=\"twitter:label2\" content=\"Tiempo de lectura\" \/>\n\t<meta name=\"twitter:data2\" content=\"2 minutos\" \/>\n<script type=\"application\/ld+json\" class=\"yoast-schema-graph\">{\"@context\":\"https:\\\/\\\/schema.org\",\"@graph\":[{\"@type\":\"Article\",\"@id\":\"https:\\\/\\\/exaudi.org\\\/es\\\/papa-promueve-maraton-de-oracion-por-fin-de-pandemia-2021\\\/#article\",\"isPartOf\":{\"@id\":\"https:\\\/\\\/exaudi.org\\\/es\\\/papa-promueve-maraton-de-oracion-por-fin-de-pandemia-2021\\\/\"},\"author\":{\"name\":\"Gabriel Sales\",\"@id\":\"https:\\\/\\\/exaudi.org\\\/#\\\/schema\\\/person\\\/d134b96438278131ce90c90c03fda6cd\"},\"headline\":\"El Papa promueve un marat\u00f3n de oraci\u00f3n por el fin de la pandemia\",\"datePublished\":\"2021-04-21T15:28:31+00:00\",\"dateModified\":\"2021-04-21T15:43:17+00:00\",\"mainEntityOfPage\":{\"@id\":\"https:\\\/\\\/exaudi.org\\\/es\\\/papa-promueve-maraton-de-oracion-por-fin-de-pandemia-2021\\\/\"},\"wordCount\":289,\"image\":{\"@id\":\"https:\\\/\\\/exaudi.org\\\/es\\\/papa-promueve-maraton-de-oracion-por-fin-de-pandemia-2021\\\/#primaryimage\"},\"thumbnailUrl\":\"https:\\\/\\\/exaudi.org\\\/wp-content\\\/uploads\\\/2021\\\/04\\\/Rosario.jpeg\",\"keywords\":[\"Oraci\u00f3n\",\"pandemia\"],\"articleSection\":[\"\u00daltimas noticias\",\"Vaticano\"],\"inLanguage\":\"es\"},{\"@type\":\"WebPage\",\"@id\":\"https:\\\/\\\/exaudi.org\\\/es\\\/papa-promueve-maraton-de-oracion-por-fin-de-pandemia-2021\\\/\",\"url\":\"https:\\\/\\\/exaudi.org\\\/es\\\/papa-promueve-maraton-de-oracion-por-fin-de-pandemia-2021\\\/\",\"name\":\"El Papa promueve un marat\u00f3n de oraci\u00f3n por el fin de la pandemia\",\"isPartOf\":{\"@id\":\"https:\\\/\\\/exaudi.org\\\/#website\"},\"primaryImageOfPage\":{\"@id\":\"https:\\\/\\\/exaudi.org\\\/es\\\/papa-promueve-maraton-de-oracion-por-fin-de-pandemia-2021\\\/#primaryimage\"},\"image\":{\"@id\":\"https:\\\/\\\/exaudi.org\\\/es\\\/papa-promueve-maraton-de-oracion-por-fin-de-pandemia-2021\\\/#primaryimage\"},\"thumbnailUrl\":\"https:\\\/\\\/exaudi.org\\\/wp-content\\\/uploads\\\/2021\\\/04\\\/Rosario.jpeg\",\"datePublished\":\"2021-04-21T15:28:31+00:00\",\"dateModified\":\"2021-04-21T15:43:17+00:00\",\"author\":{\"@id\":\"https:\\\/\\\/exaudi.org\\\/#\\\/schema\\\/person\\\/d134b96438278131ce90c90c03fda6cd\"},\"description\":\"El Papa Francisco ha promovido para el mes de mayo un marat\u00f3n de oraci\u00f3n con la intenci\u00f3n de rezar por el fin de la pandemia por COVID.\",\"breadcrumb\":{\"@id\":\"https:\\\/\\\/exaudi.org\\\/es\\\/papa-promueve-maraton-de-oracion-por-fin-de-pandemia-2021\\\/#breadcrumb\"},\"inLanguage\":\"es\",\"potentialAction\":[{\"@type\":\"ReadAction\",\"target\":[\"https:\\\/\\\/exaudi.org\\\/es\\\/papa-promueve-maraton-de-oracion-por-fin-de-pandemia-2021\\\/\"]}]},{\"@type\":\"ImageObject\",\"inLanguage\":\"es\",\"@id\":\"https:\\\/\\\/exaudi.org\\\/es\\\/papa-promueve-maraton-de-oracion-por-fin-de-pandemia-2021\\\/#primaryimage\",\"url\":\"https:\\\/\\\/exaudi.org\\\/wp-content\\\/uploads\\\/2021\\\/04\\\/Rosario.jpeg\",\"contentUrl\":\"https:\\\/\\\/exaudi.org\\\/wp-content\\\/uploads\\\/2021\\\/04\\\/Rosario.jpeg\",\"width\":1280,\"height\":844,\"caption\":\"El Papa rezando el Rosario \u00a9 Vatican Media\"},{\"@type\":\"BreadcrumbList\",\"@id\":\"https:\\\/\\\/exaudi.org\\\/es\\\/papa-promueve-maraton-de-oracion-por-fin-de-pandemia-2021\\\/#breadcrumb\",\"itemListElement\":[{\"@type\":\"ListItem\",\"position\":1,\"name\":\"Portada\",\"item\":\"https:\\\/\\\/exaudi.org\\\/es\\\/\"},{\"@type\":\"ListItem\",\"position\":2,\"name\":\"El Papa promueve un marat\u00f3n de oraci\u00f3n por el fin de la pandemia\"}]},{\"@type\":\"WebSite\",\"@id\":\"https:\\\/\\\/exaudi.org\\\/#website\",\"url\":\"https:\\\/\\\/exaudi.org\\\/\",\"name\":\"Exaudi\",\"description\":\"News\",\"potentialAction\":[{\"@type\":\"SearchAction\",\"target\":{\"@type\":\"EntryPoint\",\"urlTemplate\":\"https:\\\/\\\/exaudi.org\\\/?s={search_term_string}\"},\"query-input\":{\"@type\":\"PropertyValueSpecification\",\"valueRequired\":true,\"valueName\":\"search_term_string\"}}],\"inLanguage\":\"es\"},{\"@type\":\"Person\",\"@id\":\"https:\\\/\\\/exaudi.org\\\/#\\\/schema\\\/person\\\/d134b96438278131ce90c90c03fda6cd\",\"name\":\"Gabriel Sales\",\"image\":{\"@type\":\"ImageObject\",\"inLanguage\":\"es\",\"@id\":\"https:\\\/\\\/secure.gravatar.com\\\/avatar\\\/9b1269566f6a063ed26ffb3532b66a373cdde231ce5d0effb266167437fdaffd?s=96&d=mm&r=g\",\"url\":\"https:\\\/\\\/secure.gravatar.com\\\/avatar\\\/9b1269566f6a063ed26ffb3532b66a373cdde231ce5d0effb266167437fdaffd?s=96&d=mm&r=g\",\"contentUrl\":\"https:\\\/\\\/secure.gravatar.com\\\/avatar\\\/9b1269566f6a063ed26ffb3532b66a373cdde231ce5d0effb266167437fdaffd?s=96&d=mm&r=g\",\"caption\":\"Gabriel Sales\"},\"description\":\"Periodista y especialista en Comunicaci\u00f3n y Branding digital. Cin\u00e9filo y cr\u00edtico de cine y series de televisi\u00f3n.\",\"sameAs\":[\"https:\\\/\\\/www.instagram.com\\\/cine90segundos\\\/\",\"www.linkedin.com\\\/in\\\/habemusman\",\"https:\\\/\\\/x.com\\\/habemusman\",\"https:\\\/\\\/www.youtube.com\\\/channel\\\/UCVfCiOMkJ_C7T7OpyjuaLDg\"],\"url\":\"https:\\\/\\\/exaudi.org\\\/es\\\/author\\\/gsalesexaudi-org\\\/\"}]}<\/script>\n<!-- \/ Yoast SEO plugin. -->","yoast_head_json":{"title":"El Papa promueve un marat\u00f3n de oraci\u00f3n por el fin de la pandemia","description":"El Papa Francisco ha promovido para el mes de mayo un marat\u00f3n de oraci\u00f3n con la intenci\u00f3n de rezar por el fin de la pandemia por COVID.","robots":{"index":"index","follow":"follow","max-snippet":"max-snippet:-1","max-image-preview":"max-image-preview:large","max-video-preview":"max-video-preview:-1"},"canonical":"https:\/\/exaudi.org\/es\/papa-promueve-maraton-de-oracion-por-fin-de-pandemia-2021\/","og_locale":"es_ES","og_type":"article","og_title":"El Papa promueve un marat\u00f3n de oraci\u00f3n por el fin de la pandemia","og_description":"El Papa Francisco ha promovido para el mes de mayo un marat\u00f3n de oraci\u00f3n con la intenci\u00f3n de rezar por el fin de la pandemia por COVID.","og_url":"https:\/\/exaudi.org\/es\/papa-promueve-maraton-de-oracion-por-fin-de-pandemia-2021\/","og_site_name":"Exaudi","article_publisher":"https:\/\/www.facebook.com\/ExaudiNews","article_published_time":"2021-04-21T15:28:31+00:00","article_modified_time":"2021-04-21T15:43:17+00:00","og_image":[{"width":1280,"height":844,"url":"https:\/\/exaudi.org\/wp-content\/uploads\/2021\/04\/Rosario.jpeg","type":"image\/jpeg"}],"author":"Gabriel Sales","twitter_card":"summary_large_image","twitter_creator":"@habemusman","twitter_site":"@Exaudi_News","twitter_misc":{"Escrito por":"Gabriel Sales","Tiempo de lectura":"2 minutos"},"schema":{"@context":"https:\/\/schema.org","@graph":[{"@type":"Article","@id":"https:\/\/exaudi.org\/es\/papa-promueve-maraton-de-oracion-por-fin-de-pandemia-2021\/#article","isPartOf":{"@id":"https:\/\/exaudi.org\/es\/papa-promueve-maraton-de-oracion-por-fin-de-pandemia-2021\/"},"author":{"name":"Gabriel Sales","@id":"https:\/\/exaudi.org\/#\/schema\/person\/d134b96438278131ce90c90c03fda6cd"},"headline":"El Papa promueve un marat\u00f3n de oraci\u00f3n por el fin de la pandemia","datePublished":"2021-04-21T15:28:31+00:00","dateModified":"2021-04-21T15:43:17+00:00","mainEntityOfPage":{"@id":"https:\/\/exaudi.org\/es\/papa-promueve-maraton-de-oracion-por-fin-de-pandemia-2021\/"},"wordCount":289,"image":{"@id":"https:\/\/exaudi.org\/es\/papa-promueve-maraton-de-oracion-por-fin-de-pandemia-2021\/#primaryimage"},"thumbnailUrl":"https:\/\/exaudi.org\/wp-content\/uploads\/2021\/04\/Rosario.jpeg","keywords":["Oraci\u00f3n","pandemia"],"articleSection":["\u00daltimas noticias","Vaticano"],"inLanguage":"es"},{"@type":"WebPage","@id":"https:\/\/exaudi.org\/es\/papa-promueve-maraton-de-oracion-por-fin-de-pandemia-2021\/","url":"https:\/\/exaudi.org\/es\/papa-promueve-maraton-de-oracion-por-fin-de-pandemia-2021\/","name":"El Papa promueve un marat\u00f3n de oraci\u00f3n por el fin de la pandemia","isPartOf":{"@id":"https:\/\/exaudi.org\/#website"},"primaryImageOfPage":{"@id":"https:\/\/exaudi.org\/es\/papa-promueve-maraton-de-oracion-por-fin-de-pandemia-2021\/#primaryimage"},"image":{"@id":"https:\/\/exaudi.org\/es\/papa-promueve-maraton-de-oracion-por-fin-de-pandemia-2021\/#primaryimage"},"thumbnailUrl":"https:\/\/exaudi.org\/wp-content\/uploads\/2021\/04\/Rosario.jpeg","datePublished":"2021-04-21T15:28:31+00:00","dateModified":"2021-04-21T15:43:17+00:00","author":{"@id":"https:\/\/exaudi.org\/#\/schema\/person\/d134b96438278131ce90c90c03fda6cd"},"description":"El Papa Francisco ha promovido para el mes de mayo un marat\u00f3n de oraci\u00f3n con la intenci\u00f3n de rezar por el fin de la pandemia por COVID.","breadcrumb":{"@id":"https:\/\/exaudi.org\/es\/papa-promueve-maraton-de-oracion-por-fin-de-pandemia-2021\/#breadcrumb"},"inLanguage":"es","potentialAction":[{"@type":"ReadAction","target":["https:\/\/exaudi.org\/es\/papa-promueve-maraton-de-oracion-por-fin-de-pandemia-2021\/"]}]},{"@type":"ImageObject","inLanguage":"es","@id":"https:\/\/exaudi.org\/es\/papa-promueve-maraton-de-oracion-por-fin-de-pandemia-2021\/#primaryimage","url":"https:\/\/exaudi.org\/wp-content\/uploads\/2021\/04\/Rosario.jpeg","contentUrl":"https:\/\/exaudi.org\/wp-content\/uploads\/2021\/04\/Rosario.jpeg","width":1280,"height":844,"caption":"El Papa rezando el Rosario \u00a9 Vatican Media"},{"@type":"BreadcrumbList","@id":"https:\/\/exaudi.org\/es\/papa-promueve-maraton-de-oracion-por-fin-de-pandemia-2021\/#breadcrumb","itemListElement":[{"@type":"ListItem","position":1,"name":"Portada","item":"https:\/\/exaudi.org\/es\/"},{"@type":"ListItem","position":2,"name":"El Papa promueve un marat\u00f3n de oraci\u00f3n por el fin de la pandemia"}]},{"@type":"WebSite","@id":"https:\/\/exaudi.org\/#website","url":"https:\/\/exaudi.org\/","name":"Exaudi","description":"News","potentialAction":[{"@type":"SearchAction","target":{"@type":"EntryPoint","urlTemplate":"https:\/\/exaudi.org\/?s={search_term_string}"},"query-input":{"@type":"PropertyValueSpecification","valueRequired":true,"valueName":"search_term_string"}}],"inLanguage":"es"},{"@type":"Person","@id":"https:\/\/exaudi.org\/#\/schema\/person\/d134b96438278131ce90c90c03fda6cd","name":"Gabriel Sales","image":{"@type":"ImageObject","inLanguage":"es","@id":"https:\/\/secure.gravatar.com\/avatar\/9b1269566f6a063ed26ffb3532b66a373cdde231ce5d0effb266167437fdaffd?s=96&d=mm&r=g","url":"https:\/\/secure.gravatar.com\/avatar\/9b1269566f6a063ed26ffb3532b66a373cdde231ce5d0effb266167437fdaffd?s=96&d=mm&r=g","contentUrl":"https:\/\/secure.gravatar.com\/avatar\/9b1269566f6a063ed26ffb3532b66a373cdde231ce5d0effb266167437fdaffd?s=96&d=mm&r=g","caption":"Gabriel Sales"},"description":"Periodista y especialista en Comunicaci\u00f3n y Branding digital. Cin\u00e9filo y cr\u00edtico de cine y series de televisi\u00f3n.","sameAs":["https:\/\/www.instagram.com\/cine90segundos\/","www.linkedin.com\/in\/habemusman","https:\/\/x.com\/habemusman","https:\/\/www.youtube.com\/channel\/UCVfCiOMkJ_C7T7OpyjuaLDg"],"url":"https:\/\/exaudi.org\/es\/author\/gsalesexaudi-org\/"}]}},"jetpack_featured_media_url":"https:\/\/exaudi.org\/wp-content\/uploads\/2021\/04\/Rosario.jpeg","jetpack_shortlink":"https:\/\/wp.me\/pgKjF2-3ki","_links":{"self":[{"href":"https:\/\/exaudi.org\/es\/wp-json\/wp\/v2\/posts\/12790","targetHints":{"allow":["GET"]}}],"collection":[{"href":"https:\/\/exaudi.org\/es\/wp-json\/wp\/v2\/posts"}],"about":[{"href":"https:\/\/exaudi.org\/es\/wp-json\/wp\/v2\/types\/post"}],"author":[{"embeddable":true,"href":"https:\/\/exaudi.org\/es\/wp-json\/wp\/v2\/users\/6"}],"replies":[{"embeddable":true,"href":"https:\/\/exaudi.org\/es\/wp-json\/wp\/v2\/comments?post=12790"}],"version-history":[{"count":0,"href":"https:\/\/exaudi.org\/es\/wp-json\/wp\/v2\/posts\/12790\/revisions"}],"wp:featuredmedia":[{"embeddable":true,"href":"https:\/\/exaudi.org\/es\/wp-json\/wp\/v2\/media\/12762"}],"wp:attachment":[{"href":"https:\/\/exaudi.org\/es\/wp-json\/wp\/v2\/media?parent=12790"}],"wp:term":[{"taxonomy":"category","embeddable":true,"href":"https:\/\/exaudi.org\/es\/wp-json\/wp\/v2\/categories?post=12790"},{"taxonomy":"post_tag","embeddable":true,"href":"https:\/\/exaudi.org\/es\/wp-json\/wp\/v2\/tags?post=12790"}],"curies":[{"name":"wp","href":"https:\/\/api.w.org\/{rel}","templated":true}]}}