{"id":127832,"date":"2025-06-11T09:21:03","date_gmt":"2025-06-11T07:21:03","guid":{"rendered":"https:\/\/exaudi.org\/?p=127832"},"modified":"2025-06-11T09:40:21","modified_gmt":"2025-06-11T07:40:21","slug":"cardenal-felipe-arizmendi-no-corromper-el-concepto-pueblo","status":"publish","type":"post","link":"https:\/\/exaudi.org\/es\/cardenal-felipe-arizmendi-no-corromper-el-concepto-pueblo\/","title":{"rendered":"Cardenal Felipe Arizmendi: No corromper el concepto \u201cPueblo\u201d"},"content":{"rendered":"<p>El\u00a0<a href=\"https:\/\/exaudi.org\/es\/author\/felipearizmendi\/\">cardenal Felipe Arizmendi<\/a>, obispo em\u00e9rito de San Crist\u00f3bal de Las Casas y responsable de la Doctrina de la Fe en la\u00a0<a href=\"https:\/\/www.cem.org.mx\/\">Conferencia del Episcopado Mexicano (CEM)<\/a>, ofrece a los lectores de Exaudi su art\u00edculo semanal.<\/p>\n<p><iframe title=\"Spotify Embed: Cardenal Felipe Arizmendi: No corromper el concepto \u201cPueblo\u201d\" style=\"border-radius: 12px\" width=\"100%\" height=\"152\" frameborder=\"0\" allowfullscreen allow=\"autoplay; clipboard-write; encrypted-media; fullscreen; picture-in-picture\" loading=\"lazy\" src=\"https:\/\/open.spotify.com\/embed\/episode\/2VchB8OAbAZhmxVuRAmxp2?si=6a4f9f6bd92641e2&#038;utm_source=oembed\"><\/iframe><\/p>\n<h3><strong>HECHOS<\/strong><\/h3>\n<p>A pesar de que el 87% de los electores en M\u00e9xico no participamos en las recientes elecciones del Poder Judicial, como una forma de expresar nuestra inconformidad con esa ocurrencia del sexenio anterior, se sigue proclamando que fue <em>el pueblo <\/em>quien eligi\u00f3 a los nuevos jueces y magistrados, y que <em>el pueblo <\/em>manda, y que <em>todo con el pueblo y nada sin el pueblo, <\/em>y que <em>el pueblo<\/em> <em>decide\u2026 <\/em>\u00bfY los que decidimos no votar, no somos pueblo? \u00bfNosotros no contamos? \u00bfNuestra abstenci\u00f3n no es expresi\u00f3n de la voluntad mayoritaria de un pueblo? \u00bfNuestro silencio a la hora de votar no es una voz a los cuatro vientos? En vez de descalificar a las instancias internacionales que han criticado esa forma de elegir al poder judicial, habr\u00eda que analizar, desapasionadamente, la expresi\u00f3n de un pueblo que decidi\u00f3 no votar, a pesar de tanta propaganda con que quisieron convencernos de hacerlo. Nuestra abstenci\u00f3n ha sido una expresi\u00f3n mayoritariamente popular.<\/p>\n<p>En mi pueblo, con 1,200 ciudadanos con derecho a votar, s\u00f3lo acudieron 60; el 5% solamente. Y los que votaron, la mayor\u00eda fueron adultos mayores, a quienes el r\u00e9gimen tiene atados con la amenaza de que, si no lo hacen, pierden sus apoyos de los programas sociales. Algunos fueron a la casilla a anular su voto, por la misma raz\u00f3n. \u00bfS\u00f3lo se escucha a los adultos mayores que aplauden lo que el gobierno pide? \u00bfEse es <em>el pueblo <\/em>del que tanto presumen? Y nosotros, los que no estamos atados por los programas sociales del gobierno, \u00bfno somos pueblo?<\/p>\n<p>Hay diferentes maneras de tomar en cuenta al pueblo. Hay una forma de democracia, que es el poder del pueblo, que es representativa, cuando se eligen, por ejemplo, gobernantes o legisladores, a quienes el voto popular legitima. Hay otras democracias m\u00e1s participativas, como cuando se hace un <em>referendum <\/em>o un plebiscito, legalmente autorizado. No es un voto a mano alzada en un mitin de los propios seguidores. En los pueblos originarios que conservan la riqueza de su cultura, nadie se hace campa\u00f1a, sino que el pueblo, en asamblea abierta, elige a quien considera m\u00e1s id\u00f3neo para los diversos cargos, aunque se resistan.<\/p>\n<p>En nuestra Iglesia, que no es democr\u00e1tica, hay una forma de que el pueblo participe, por ejemplo, en los consejos pastorales, que est\u00e1n prescritos por nuestra legislaci\u00f3n can\u00f3nica, y en tantas otras formas de participaci\u00f3n. La elecci\u00f3n de los obispos no se hace por voto popular; pero hay un sistema de consultas para escuchar a diversos miembros del Pueblo de Dios. Se hace en forma muy reservada, pero muy efectiva. No se decide por voto mayoritario en un mitin, que puede estar sujeto a m\u00faltiples manipulaciones. A\u00fan m\u00e1s, si alguien se hace campa\u00f1a para ser obispo, por ese mismo hecho queda ya descalificado. El reciente S\u00ednodo sobre la sinodalidad pide que se consulte m\u00e1s al pueblo para esta elecci\u00f3n, pero la decisi\u00f3n no depende de la mayor\u00eda de votos. El Papa, habiendo analizado en oraci\u00f3n las opiniones y propuestas que le llegan de todo el mundo, toma la decisi\u00f3n final. Jesucristo no nos estableci\u00f3 como democracia, pero s\u00ed como Pueblo de Dios con participaci\u00f3n y comuni\u00f3n. En la elecci\u00f3n del Papa todos participamos, no emitiendo un voto, sino orando al Esp\u00edritu Santo para que ilumine a los cardenales electores; y esta nuestra oraci\u00f3n fue escuchada; todos participamos en su elecci\u00f3n.<\/p>\n<h3><strong>ILUMINACION<\/strong><\/h3>\n<p>El Papa Francisco, en su enc\u00edclica <em>Fratelli tutti, <\/em>dice: <em>\u201cHay l\u00edderes populares capaces de interpretar el sentir de un pueblo, su din\u00e1mica cultural y las grandes tendencias de una sociedad. El servicio que prestan, aglutinando y conduciendo, puede ser la base para un proyecto duradero de transformaci\u00f3n y crecimiento, que implica tambi\u00e9n la capacidad de ceder lugar a otros en pos del bien com\u00fan. Pero deriva en insano populismo cuando se convierte en la habilidad de alguien para cautivar en orden a instrumentalizar pol\u00edticamente la cultura del pueblo, con cualquier signo ideol\u00f3gico, al servicio de su proyecto personal y de su perpetuaci\u00f3n en el poder. Otras veces busca sumar popularidad exacerbando las inclinaciones m\u00e1s bajas y ego\u00edstas de algunos sectores de la poblaci\u00f3n. Esto se agrava cuando se convierte, con formas groseras o sutiles, en un avasallamiento de las instituciones y de la legalidad.<\/em><\/p>\n<p><em>Los grupos populistas cerrados desfiguran la palabra \u201cpueblo\u201d, puesto que en realidad no hablan de un verdadero pueblo. En efecto, la categor\u00eda de \u201cpueblo\u201d es abierta. Un pueblo vivo, din\u00e1mico y con futuro es el que est\u00e1 abierto permanentemente a nuevas s\u00edntesis incorporando al diferente. No lo hace neg\u00e1ndose a s\u00ed mismo, pero s\u00ed con la disposici\u00f3n a ser movilizado, cuestionado, ampliado, enriquecido por otros, y de ese modo puede evolucionar.<\/em><\/p>\n<p><em>Otra expresi\u00f3n de la degradaci\u00f3n de un liderazgo popular es el inmediatismo. Se responde a exigencias populares en orden a garantizarse votos o aprobaci\u00f3n, pero sin avanzar en una tarea ardua y constante que genere a las personas los recursos para su propio desarrollo, para que puedan sostener su vida con su esfuerzo y su creatividad. En esta l\u00ednea dije claramente que estoy lejos de proponer un populismo irresponsable. Por una parte, la superaci\u00f3n de la inequidad supone el desarrollo econ\u00f3mico, aprovechando las posibilidades de cada regi\u00f3n y asegurando as\u00ed una equidad sustentable. Por otra parte, los planes asistenciales, que atienden ciertas urgencias, s\u00f3lo deber\u00edan pensarse como respuestas pasajeras\u201d <\/em>(Nos. 159-161).<\/p>\n<h3><strong>ACCIONES<\/strong><\/h3>\n<p>Todos nosotros somos pueblo, como sociedad y como Iglesia. No esperemos que todo lo haga y decida el gobierno civil o eclesi\u00e1stico. Aportemos nuestra palabra y nuestra acci\u00f3n, porque somos miembros vivos de un cuerpo vivo.<\/p>\n<p><iframe loading=\"lazy\" title=\"Cardenal Felipe Arizmendi: No corromper el concepto \u201cPueblo\u201d\" width=\"500\" height=\"281\" src=\"https:\/\/www.youtube.com\/embed\/gd88HryZdHk?feature=oembed\" frameborder=\"0\" allow=\"accelerometer; autoplay; clipboard-write; encrypted-media; gyroscope; picture-in-picture; web-share\" referrerpolicy=\"strict-origin-when-cross-origin\" allowfullscreen><\/iframe><\/p>\n<p><img loading=\"lazy\" decoding=\"async\" class=\"size-full wp-image-127837 alignnone\" src=\"https:\/\/exaudi.org\/wp-content\/uploads\/2025\/06\/Arizmendi-1.jpg\" alt=\"\" width=\"1080\" height=\"1080\" srcset=\"https:\/\/exaudi.org\/wp-content\/uploads\/2025\/06\/Arizmendi-1.jpg 1080w, https:\/\/exaudi.org\/wp-content\/uploads\/2025\/06\/Arizmendi-1-300x300.jpg 300w, https:\/\/exaudi.org\/wp-content\/uploads\/2025\/06\/Arizmendi-1-1024x1024.jpg 1024w, https:\/\/exaudi.org\/wp-content\/uploads\/2025\/06\/Arizmendi-1-100x100.jpg?crop=1 100w, https:\/\/exaudi.org\/wp-content\/uploads\/2025\/06\/Arizmendi-1-770x770.jpg 770w, https:\/\/exaudi.org\/wp-content\/uploads\/2025\/06\/Arizmendi-1-500x500.jpg 500w\" sizes=\"auto, (max-width: 1080px) 100vw, 1080px\" \/><\/p>\n","protected":false},"excerpt":{"rendered":"<p>El verdadero sentido de &#8216;pueblo&#8217;, denunciando el uso manipulador del t\u00e9rmino en el \u00e1mbito pol\u00edtico y social<\/p>\n","protected":false},"author":24,"featured_media":127834,"comment_status":"closed","ping_status":"closed","sticky":false,"template":"","format":"standard","meta":{"_acf_changed":false,"_crdt_document":"","inline_featured_image":false,"footnotes":""},"categories":[130],"tags":[62133,3727,413,62131,62130,62137,54394,62139,1606,17346,62132,24688,62138,62136,17265,62135,62134,8767,26482,4953],"class_list":["post-127832","post","type-post","status-publish","format-standard","has-post-thumbnail","hentry","category-voces","tag-abstencion-electoral-mexico","tag-cardenal-felipe-arizmendi","tag-cardenal-felipe-arizmendi-esquivel","tag-concepto-de-pueblo","tag-corromper","tag-democracia-y-fe","tag-doctrina-de-la-fe-cem","tag-elecciones-judiciales","tag-exaudi","tag-iglesia-catolica-mexico","tag-iglesia-y-democracia","tag-liderazgo-popular","tag-manipulacion-politica-del-pueblo","tag-papa-francisco-fratelli-tutti","tag-participacion-ciudadana","tag-poder-judicial-mexico","tag-populismo-mexico","tag-pueblo","tag-sinodo-sobre-la-sinodalidad","tag-trending-es"],"acf":[],"yoast_head":"<!-- This site is optimized with the Yoast SEO plugin v27.4 - https:\/\/yoast.com\/product\/yoast-seo-wordpress\/ -->\n<title>Cardenal Felipe Arizmendi: No corromper el concepto \u201cPueblo\u201d &#8211; Exaudi<\/title>\n<meta name=\"robots\" content=\"index, follow, max-snippet:-1, max-image-preview:large, max-video-preview:-1\" \/>\n<link rel=\"canonical\" href=\"https:\/\/exaudi.org\/es\/cardenal-felipe-arizmendi-no-corromper-el-concepto-pueblo\/\" \/>\n<meta property=\"og:locale\" content=\"es_ES\" \/>\n<meta property=\"og:type\" content=\"article\" \/>\n<meta property=\"og:title\" content=\"Cardenal Felipe Arizmendi: No corromper el concepto \u201cPueblo\u201d &#8211; Exaudi\" \/>\n<meta property=\"og:description\" content=\"El verdadero sentido de &#039;pueblo&#039;, denunciando el uso manipulador del t\u00e9rmino en el \u00e1mbito pol\u00edtico y social\" \/>\n<meta property=\"og:url\" content=\"https:\/\/exaudi.org\/es\/cardenal-felipe-arizmendi-no-corromper-el-concepto-pueblo\/\" \/>\n<meta property=\"og:site_name\" content=\"Exaudi\" \/>\n<meta property=\"article:publisher\" content=\"https:\/\/www.facebook.com\/ExaudiNews\" \/>\n<meta property=\"article:published_time\" content=\"2025-06-11T07:21:03+00:00\" \/>\n<meta property=\"article:modified_time\" content=\"2025-06-11T07:40:21+00:00\" \/>\n<meta property=\"og:image\" content=\"https:\/\/exaudi.org\/wp-content\/uploads\/2025\/06\/pexels-clickerhappy-691485-scaled.jpg\" \/>\n\t<meta property=\"og:image:width\" content=\"2560\" \/>\n\t<meta property=\"og:image:height\" content=\"1624\" \/>\n\t<meta property=\"og:image:type\" content=\"image\/jpeg\" \/>\n<meta name=\"author\" content=\"Cardenal Felipe Arizmendi\" \/>\n<meta name=\"twitter:card\" content=\"summary_large_image\" \/>\n<meta name=\"twitter:creator\" content=\"@Exaudi_News\" \/>\n<meta name=\"twitter:site\" content=\"@Exaudi_News\" \/>\n<meta name=\"twitter:label1\" content=\"Escrito por\" \/>\n\t<meta name=\"twitter:data1\" content=\"Cardenal Felipe Arizmendi\" \/>\n\t<meta name=\"twitter:label2\" content=\"Tiempo de lectura\" \/>\n\t<meta name=\"twitter:data2\" content=\"5 minutos\" \/>\n<script type=\"application\/ld+json\" class=\"yoast-schema-graph\">{\"@context\":\"https:\\\/\\\/schema.org\",\"@graph\":[{\"@type\":\"Article\",\"@id\":\"https:\\\/\\\/exaudi.org\\\/es\\\/cardenal-felipe-arizmendi-no-corromper-el-concepto-pueblo\\\/#article\",\"isPartOf\":{\"@id\":\"https:\\\/\\\/exaudi.org\\\/es\\\/cardenal-felipe-arizmendi-no-corromper-el-concepto-pueblo\\\/\"},\"author\":{\"name\":\"Cardenal Felipe Arizmendi\",\"@id\":\"https:\\\/\\\/exaudi.org\\\/#\\\/schema\\\/person\\\/c7d223f87e58f1105d044d8da1439102\"},\"headline\":\"Cardenal Felipe Arizmendi: No corromper el concepto \u201cPueblo\u201d\",\"datePublished\":\"2025-06-11T07:21:03+00:00\",\"dateModified\":\"2025-06-11T07:40:21+00:00\",\"mainEntityOfPage\":{\"@id\":\"https:\\\/\\\/exaudi.org\\\/es\\\/cardenal-felipe-arizmendi-no-corromper-el-concepto-pueblo\\\/\"},\"wordCount\":1054,\"image\":{\"@id\":\"https:\\\/\\\/exaudi.org\\\/es\\\/cardenal-felipe-arizmendi-no-corromper-el-concepto-pueblo\\\/#primaryimage\"},\"thumbnailUrl\":\"https:\\\/\\\/exaudi.org\\\/wp-content\\\/uploads\\\/2025\\\/06\\\/pexels-clickerhappy-691485-scaled.jpg\",\"keywords\":[\"abstenci\u00f3n electoral M\u00e9xico\",\"Cardenal Felipe Arizmendi\",\"Cardenal Felipe Arizmendi Esquivel\",\"concepto de pueblo\",\"corromper\",\"democracia y fe\",\"doctrina de la fe CEM\",\"elecciones judiciales\",\"Exaudi\",\"Iglesia cat\u00f3lica M\u00e9xico\",\"Iglesia y democracia\",\"liderazgo popular\",\"manipulaci\u00f3n pol\u00edtica del pueblo\",\"Papa Francisco Fratelli tutti\",\"participaci\u00f3n ciudadana\",\"poder judicial M\u00e9xico\",\"populismo M\u00e9xico\",\"Pueblo\",\"Sinodo sobre la sinodalidad\",\"Trending\"],\"articleSection\":[\"Voces\"],\"inLanguage\":\"es\"},{\"@type\":\"WebPage\",\"@id\":\"https:\\\/\\\/exaudi.org\\\/es\\\/cardenal-felipe-arizmendi-no-corromper-el-concepto-pueblo\\\/\",\"url\":\"https:\\\/\\\/exaudi.org\\\/es\\\/cardenal-felipe-arizmendi-no-corromper-el-concepto-pueblo\\\/\",\"name\":\"Cardenal Felipe Arizmendi: No corromper el concepto \u201cPueblo\u201d &#8211; Exaudi\",\"isPartOf\":{\"@id\":\"https:\\\/\\\/exaudi.org\\\/#website\"},\"primaryImageOfPage\":{\"@id\":\"https:\\\/\\\/exaudi.org\\\/es\\\/cardenal-felipe-arizmendi-no-corromper-el-concepto-pueblo\\\/#primaryimage\"},\"image\":{\"@id\":\"https:\\\/\\\/exaudi.org\\\/es\\\/cardenal-felipe-arizmendi-no-corromper-el-concepto-pueblo\\\/#primaryimage\"},\"thumbnailUrl\":\"https:\\\/\\\/exaudi.org\\\/wp-content\\\/uploads\\\/2025\\\/06\\\/pexels-clickerhappy-691485-scaled.jpg\",\"datePublished\":\"2025-06-11T07:21:03+00:00\",\"dateModified\":\"2025-06-11T07:40:21+00:00\",\"author\":{\"@id\":\"https:\\\/\\\/exaudi.org\\\/#\\\/schema\\\/person\\\/c7d223f87e58f1105d044d8da1439102\"},\"breadcrumb\":{\"@id\":\"https:\\\/\\\/exaudi.org\\\/es\\\/cardenal-felipe-arizmendi-no-corromper-el-concepto-pueblo\\\/#breadcrumb\"},\"inLanguage\":\"es\",\"potentialAction\":[{\"@type\":\"ReadAction\",\"target\":[\"https:\\\/\\\/exaudi.org\\\/es\\\/cardenal-felipe-arizmendi-no-corromper-el-concepto-pueblo\\\/\"]}]},{\"@type\":\"ImageObject\",\"inLanguage\":\"es\",\"@id\":\"https:\\\/\\\/exaudi.org\\\/es\\\/cardenal-felipe-arizmendi-no-corromper-el-concepto-pueblo\\\/#primaryimage\",\"url\":\"https:\\\/\\\/exaudi.org\\\/wp-content\\\/uploads\\\/2025\\\/06\\\/pexels-clickerhappy-691485-scaled.jpg\",\"contentUrl\":\"https:\\\/\\\/exaudi.org\\\/wp-content\\\/uploads\\\/2025\\\/06\\\/pexels-clickerhappy-691485-scaled.jpg\",\"width\":2560,\"height\":1624},{\"@type\":\"BreadcrumbList\",\"@id\":\"https:\\\/\\\/exaudi.org\\\/es\\\/cardenal-felipe-arizmendi-no-corromper-el-concepto-pueblo\\\/#breadcrumb\",\"itemListElement\":[{\"@type\":\"ListItem\",\"position\":1,\"name\":\"Portada\",\"item\":\"https:\\\/\\\/exaudi.org\\\/es\\\/\"},{\"@type\":\"ListItem\",\"position\":2,\"name\":\"Cardenal Felipe Arizmendi: No corromper el concepto \u201cPueblo\u201d\"}]},{\"@type\":\"WebSite\",\"@id\":\"https:\\\/\\\/exaudi.org\\\/#website\",\"url\":\"https:\\\/\\\/exaudi.org\\\/\",\"name\":\"Exaudi\",\"description\":\"News\",\"potentialAction\":[{\"@type\":\"SearchAction\",\"target\":{\"@type\":\"EntryPoint\",\"urlTemplate\":\"https:\\\/\\\/exaudi.org\\\/?s={search_term_string}\"},\"query-input\":{\"@type\":\"PropertyValueSpecification\",\"valueRequired\":true,\"valueName\":\"search_term_string\"}}],\"inLanguage\":\"es\"},{\"@type\":\"Person\",\"@id\":\"https:\\\/\\\/exaudi.org\\\/#\\\/schema\\\/person\\\/c7d223f87e58f1105d044d8da1439102\",\"name\":\"Cardenal Felipe Arizmendi\",\"image\":{\"@type\":\"ImageObject\",\"inLanguage\":\"es\",\"@id\":\"https:\\\/\\\/secure.gravatar.com\\\/avatar\\\/4ffc5520d896b86d39346168903de33a17ef0f23d16de0ff45062c1ff422ed2f?s=96&d=mm&r=g\",\"url\":\"https:\\\/\\\/secure.gravatar.com\\\/avatar\\\/4ffc5520d896b86d39346168903de33a17ef0f23d16de0ff45062c1ff422ed2f?s=96&d=mm&r=g\",\"contentUrl\":\"https:\\\/\\\/secure.gravatar.com\\\/avatar\\\/4ffc5520d896b86d39346168903de33a17ef0f23d16de0ff45062c1ff422ed2f?s=96&d=mm&r=g\",\"caption\":\"Cardenal Felipe Arizmendi\"},\"description\":\"Nacido en Chiltepec el 1 de mayo de 1940. Estudi\u00f3 Humanidades y Filosof\u00eda en el Seminario de Toluca, de 1952 a 1959. Curs\u00f3 la Teolog\u00eda en la Universidad Pontificia de Salamanca, Espa\u00f1a, de 1959 a 1963, obteniendo la licenciatura en Teolog\u00eda Dogm\u00e1tica. Por su cuenta, se especializ\u00f3 en Liturgia. Fue ordenado sacerdote el 25 de agosto de 1963 en Toluca. Sirvi\u00f3 como Vicario Parroquial en tres parroquias por tres a\u00f1os y medio y fue p\u00e1rroco de una comunidad ind\u00edgena otom\u00ed, de 1967 a 1970. Fue Director Espiritual del Seminario de Toluca por diez a\u00f1os, y Rector del mismo de 1981 a 1991. El 7 de marzo de 1991, fue ordenado obispo de la di\u00f3cesis de Tapachula, donde estuvo hasta el 30 de abril del a\u00f1o 2000. El 1 de mayo del 2000, inici\u00f3 su ministerio episcopal como XLVI obispo de la di\u00f3cesis de San Crist\u00f3bal de las Casas, Chiapas, una de las di\u00f3cesis m\u00e1s antiguas de M\u00e9xico, erigida en 1539; all\u00ed sirvi\u00f3 por casi 18 a\u00f1os. Ha ocupado diversos cargos en la Conferencia del Episcopado Mexicano y en el CELAM. El 3 de noviembre de 2017, el Papa Francisco le acept\u00f3, por edad, su renuncia al servicio episcopal en esta di\u00f3cesis, que entreg\u00f3 a su sucesor el 3 de enero de 2018. Desde entonces, reside en la ciudad de Toluca. Desde 1979, escribe art\u00edculos de actualidad en varios medios religiosos y civiles. Es autor de varias publicaciones.\",\"url\":\"https:\\\/\\\/exaudi.org\\\/es\\\/author\\\/felipearizmendi\\\/\"}]}<\/script>\n<!-- \/ Yoast SEO plugin. -->","yoast_head_json":{"title":"Cardenal Felipe Arizmendi: No corromper el concepto \u201cPueblo\u201d &#8211; Exaudi","robots":{"index":"index","follow":"follow","max-snippet":"max-snippet:-1","max-image-preview":"max-image-preview:large","max-video-preview":"max-video-preview:-1"},"canonical":"https:\/\/exaudi.org\/es\/cardenal-felipe-arizmendi-no-corromper-el-concepto-pueblo\/","og_locale":"es_ES","og_type":"article","og_title":"Cardenal Felipe Arizmendi: No corromper el concepto \u201cPueblo\u201d &#8211; Exaudi","og_description":"El verdadero sentido de 'pueblo', denunciando el uso manipulador del t\u00e9rmino en el \u00e1mbito pol\u00edtico y social","og_url":"https:\/\/exaudi.org\/es\/cardenal-felipe-arizmendi-no-corromper-el-concepto-pueblo\/","og_site_name":"Exaudi","article_publisher":"https:\/\/www.facebook.com\/ExaudiNews","article_published_time":"2025-06-11T07:21:03+00:00","article_modified_time":"2025-06-11T07:40:21+00:00","og_image":[{"width":2560,"height":1624,"url":"https:\/\/exaudi.org\/wp-content\/uploads\/2025\/06\/pexels-clickerhappy-691485-scaled.jpg","type":"image\/jpeg"}],"author":"Cardenal Felipe Arizmendi","twitter_card":"summary_large_image","twitter_creator":"@Exaudi_News","twitter_site":"@Exaudi_News","twitter_misc":{"Escrito por":"Cardenal Felipe Arizmendi","Tiempo de lectura":"5 minutos"},"schema":{"@context":"https:\/\/schema.org","@graph":[{"@type":"Article","@id":"https:\/\/exaudi.org\/es\/cardenal-felipe-arizmendi-no-corromper-el-concepto-pueblo\/#article","isPartOf":{"@id":"https:\/\/exaudi.org\/es\/cardenal-felipe-arizmendi-no-corromper-el-concepto-pueblo\/"},"author":{"name":"Cardenal Felipe Arizmendi","@id":"https:\/\/exaudi.org\/#\/schema\/person\/c7d223f87e58f1105d044d8da1439102"},"headline":"Cardenal Felipe Arizmendi: No corromper el concepto \u201cPueblo\u201d","datePublished":"2025-06-11T07:21:03+00:00","dateModified":"2025-06-11T07:40:21+00:00","mainEntityOfPage":{"@id":"https:\/\/exaudi.org\/es\/cardenal-felipe-arizmendi-no-corromper-el-concepto-pueblo\/"},"wordCount":1054,"image":{"@id":"https:\/\/exaudi.org\/es\/cardenal-felipe-arizmendi-no-corromper-el-concepto-pueblo\/#primaryimage"},"thumbnailUrl":"https:\/\/exaudi.org\/wp-content\/uploads\/2025\/06\/pexels-clickerhappy-691485-scaled.jpg","keywords":["abstenci\u00f3n electoral M\u00e9xico","Cardenal Felipe Arizmendi","Cardenal Felipe Arizmendi Esquivel","concepto de pueblo","corromper","democracia y fe","doctrina de la fe CEM","elecciones judiciales","Exaudi","Iglesia cat\u00f3lica M\u00e9xico","Iglesia y democracia","liderazgo popular","manipulaci\u00f3n pol\u00edtica del pueblo","Papa Francisco Fratelli tutti","participaci\u00f3n ciudadana","poder judicial M\u00e9xico","populismo M\u00e9xico","Pueblo","Sinodo sobre la sinodalidad","Trending"],"articleSection":["Voces"],"inLanguage":"es"},{"@type":"WebPage","@id":"https:\/\/exaudi.org\/es\/cardenal-felipe-arizmendi-no-corromper-el-concepto-pueblo\/","url":"https:\/\/exaudi.org\/es\/cardenal-felipe-arizmendi-no-corromper-el-concepto-pueblo\/","name":"Cardenal Felipe Arizmendi: No corromper el concepto \u201cPueblo\u201d &#8211; Exaudi","isPartOf":{"@id":"https:\/\/exaudi.org\/#website"},"primaryImageOfPage":{"@id":"https:\/\/exaudi.org\/es\/cardenal-felipe-arizmendi-no-corromper-el-concepto-pueblo\/#primaryimage"},"image":{"@id":"https:\/\/exaudi.org\/es\/cardenal-felipe-arizmendi-no-corromper-el-concepto-pueblo\/#primaryimage"},"thumbnailUrl":"https:\/\/exaudi.org\/wp-content\/uploads\/2025\/06\/pexels-clickerhappy-691485-scaled.jpg","datePublished":"2025-06-11T07:21:03+00:00","dateModified":"2025-06-11T07:40:21+00:00","author":{"@id":"https:\/\/exaudi.org\/#\/schema\/person\/c7d223f87e58f1105d044d8da1439102"},"breadcrumb":{"@id":"https:\/\/exaudi.org\/es\/cardenal-felipe-arizmendi-no-corromper-el-concepto-pueblo\/#breadcrumb"},"inLanguage":"es","potentialAction":[{"@type":"ReadAction","target":["https:\/\/exaudi.org\/es\/cardenal-felipe-arizmendi-no-corromper-el-concepto-pueblo\/"]}]},{"@type":"ImageObject","inLanguage":"es","@id":"https:\/\/exaudi.org\/es\/cardenal-felipe-arizmendi-no-corromper-el-concepto-pueblo\/#primaryimage","url":"https:\/\/exaudi.org\/wp-content\/uploads\/2025\/06\/pexels-clickerhappy-691485-scaled.jpg","contentUrl":"https:\/\/exaudi.org\/wp-content\/uploads\/2025\/06\/pexels-clickerhappy-691485-scaled.jpg","width":2560,"height":1624},{"@type":"BreadcrumbList","@id":"https:\/\/exaudi.org\/es\/cardenal-felipe-arizmendi-no-corromper-el-concepto-pueblo\/#breadcrumb","itemListElement":[{"@type":"ListItem","position":1,"name":"Portada","item":"https:\/\/exaudi.org\/es\/"},{"@type":"ListItem","position":2,"name":"Cardenal Felipe Arizmendi: No corromper el concepto \u201cPueblo\u201d"}]},{"@type":"WebSite","@id":"https:\/\/exaudi.org\/#website","url":"https:\/\/exaudi.org\/","name":"Exaudi","description":"News","potentialAction":[{"@type":"SearchAction","target":{"@type":"EntryPoint","urlTemplate":"https:\/\/exaudi.org\/?s={search_term_string}"},"query-input":{"@type":"PropertyValueSpecification","valueRequired":true,"valueName":"search_term_string"}}],"inLanguage":"es"},{"@type":"Person","@id":"https:\/\/exaudi.org\/#\/schema\/person\/c7d223f87e58f1105d044d8da1439102","name":"Cardenal Felipe Arizmendi","image":{"@type":"ImageObject","inLanguage":"es","@id":"https:\/\/secure.gravatar.com\/avatar\/4ffc5520d896b86d39346168903de33a17ef0f23d16de0ff45062c1ff422ed2f?s=96&d=mm&r=g","url":"https:\/\/secure.gravatar.com\/avatar\/4ffc5520d896b86d39346168903de33a17ef0f23d16de0ff45062c1ff422ed2f?s=96&d=mm&r=g","contentUrl":"https:\/\/secure.gravatar.com\/avatar\/4ffc5520d896b86d39346168903de33a17ef0f23d16de0ff45062c1ff422ed2f?s=96&d=mm&r=g","caption":"Cardenal Felipe Arizmendi"},"description":"Nacido en Chiltepec el 1 de mayo de 1940. Estudi\u00f3 Humanidades y Filosof\u00eda en el Seminario de Toluca, de 1952 a 1959. Curs\u00f3 la Teolog\u00eda en la Universidad Pontificia de Salamanca, Espa\u00f1a, de 1959 a 1963, obteniendo la licenciatura en Teolog\u00eda Dogm\u00e1tica. Por su cuenta, se especializ\u00f3 en Liturgia. Fue ordenado sacerdote el 25 de agosto de 1963 en Toluca. Sirvi\u00f3 como Vicario Parroquial en tres parroquias por tres a\u00f1os y medio y fue p\u00e1rroco de una comunidad ind\u00edgena otom\u00ed, de 1967 a 1970. Fue Director Espiritual del Seminario de Toluca por diez a\u00f1os, y Rector del mismo de 1981 a 1991. El 7 de marzo de 1991, fue ordenado obispo de la di\u00f3cesis de Tapachula, donde estuvo hasta el 30 de abril del a\u00f1o 2000. El 1 de mayo del 2000, inici\u00f3 su ministerio episcopal como XLVI obispo de la di\u00f3cesis de San Crist\u00f3bal de las Casas, Chiapas, una de las di\u00f3cesis m\u00e1s antiguas de M\u00e9xico, erigida en 1539; all\u00ed sirvi\u00f3 por casi 18 a\u00f1os. Ha ocupado diversos cargos en la Conferencia del Episcopado Mexicano y en el CELAM. El 3 de noviembre de 2017, el Papa Francisco le acept\u00f3, por edad, su renuncia al servicio episcopal en esta di\u00f3cesis, que entreg\u00f3 a su sucesor el 3 de enero de 2018. Desde entonces, reside en la ciudad de Toluca. Desde 1979, escribe art\u00edculos de actualidad en varios medios religiosos y civiles. Es autor de varias publicaciones.","url":"https:\/\/exaudi.org\/es\/author\/felipearizmendi\/"}]}},"jetpack_featured_media_url":"https:\/\/exaudi.org\/wp-content\/uploads\/2025\/06\/pexels-clickerhappy-691485-scaled.jpg","jetpack_shortlink":"https:\/\/wp.me\/pgKjF2-xfO","_links":{"self":[{"href":"https:\/\/exaudi.org\/es\/wp-json\/wp\/v2\/posts\/127832","targetHints":{"allow":["GET"]}}],"collection":[{"href":"https:\/\/exaudi.org\/es\/wp-json\/wp\/v2\/posts"}],"about":[{"href":"https:\/\/exaudi.org\/es\/wp-json\/wp\/v2\/types\/post"}],"author":[{"embeddable":true,"href":"https:\/\/exaudi.org\/es\/wp-json\/wp\/v2\/users\/24"}],"replies":[{"embeddable":true,"href":"https:\/\/exaudi.org\/es\/wp-json\/wp\/v2\/comments?post=127832"}],"version-history":[{"count":0,"href":"https:\/\/exaudi.org\/es\/wp-json\/wp\/v2\/posts\/127832\/revisions"}],"wp:featuredmedia":[{"embeddable":true,"href":"https:\/\/exaudi.org\/es\/wp-json\/wp\/v2\/media\/127834"}],"wp:attachment":[{"href":"https:\/\/exaudi.org\/es\/wp-json\/wp\/v2\/media?parent=127832"}],"wp:term":[{"taxonomy":"category","embeddable":true,"href":"https:\/\/exaudi.org\/es\/wp-json\/wp\/v2\/categories?post=127832"},{"taxonomy":"post_tag","embeddable":true,"href":"https:\/\/exaudi.org\/es\/wp-json\/wp\/v2\/tags?post=127832"}],"curies":[{"name":"wp","href":"https:\/\/api.w.org\/{rel}","templated":true}]}}