{"id":127492,"date":"2025-06-09T08:30:20","date_gmt":"2025-06-09T06:30:20","guid":{"rendered":"https:\/\/exaudi.org\/?p=127492"},"modified":"2025-06-09T09:57:29","modified_gmt":"2025-06-09T07:57:29","slug":"venid-a-mi-y-os-aliviare-testimonios-verdad","status":"publish","type":"post","link":"https:\/\/exaudi.org\/es\/venid-a-mi-y-os-aliviare-testimonios-verdad\/","title":{"rendered":"Venid a m\u00ed y yo os aliviar\u00e9"},"content":{"rendered":"<p><strong>\u00bfQu\u00e9 sentiste cuando te diagnosticaron esclerosis lateral amiotr\u00f3fica (ELA)?<\/strong><\/p>\n<p>La primera sensaci\u00f3n fue de aplastamiento, como si me hubiera pasado un cami\u00f3n por encima.\u00a0 Despu\u00e9s un primer pensamiento: mi tiempo se acaba, ya no podr\u00e9 abrazar a mis hijos. Pero en ese primer momento apareci\u00f3 tambi\u00e9n la esperanza, algo me dijo que ten\u00eda que afrontarlo y no dejar de disfrutar cada d\u00eda que me quedara.<\/p>\n<p><iframe title=\"Spotify Embed: Venid a m\u00ed y yo os aliviar\u00e9\" style=\"border-radius: 12px\" width=\"100%\" height=\"152\" frameborder=\"0\" allowfullscreen allow=\"autoplay; clipboard-write; encrypted-media; fullscreen; picture-in-picture\" loading=\"lazy\" src=\"https:\/\/open.spotify.com\/embed\/episode\/2adUDYzW4xFHSEaRypp1gZ?si=2702fb9b1e3c45d4&#038;utm_source=oembed\"><\/iframe><\/p>\n<figure id=\"attachment_127493\" aria-describedby=\"caption-attachment-127493\" style=\"width: 695px\" class=\"wp-caption alignnone\"><img loading=\"lazy\" decoding=\"async\" class=\"size-full wp-image-127493\" src=\"https:\/\/exaudi.org\/wp-content\/uploads\/2025\/06\/Foto-1.jpg\" alt=\"\" width=\"695\" height=\"1288\" srcset=\"https:\/\/exaudi.org\/wp-content\/uploads\/2025\/06\/Foto-1.jpg 695w, https:\/\/exaudi.org\/wp-content\/uploads\/2025\/06\/Foto-1-162x300.jpg 162w, https:\/\/exaudi.org\/wp-content\/uploads\/2025\/06\/Foto-1-553x1024.jpg 553w, https:\/\/exaudi.org\/wp-content\/uploads\/2025\/06\/Foto-1-500x927.jpg 500w\" sizes=\"auto, (max-width: 695px) 100vw, 695px\" \/><figcaption id=\"caption-attachment-127493\" class=\"wp-caption-text\">Conviviendo con la ELA (Foto: cedida por Rosa Jan\u00e9)<\/figcaption><\/figure>\n<p><strong>Hace unas semanas, un numeroso grupo de tus amigos participamos en una novena a la Hna. Clare Crockett, Sierva del Hogar de la Madre, pidiendo por tu sanaci\u00f3n. El lema de la recientemente declarada Sierva de Dios era: \u201cO todo o nada\u201d. \u00bfC\u00f3mo te sientes al saber que hay tanta gente rezando por ti y por tu familia?<\/strong><\/p>\n<p>Siento mucha gratitud y consuelo. A todas las personas que me cuidan y que rezan por m\u00ed las siento muy cerca, me hacen saber que no estoy sola. Me hacen sentir que estamos apoy\u00e1ndonos los unos con los otros, que la necesidad de uno es la de todos. Me ha hecho entender que el ser humano vive del amor, y me ha hecho ver el poder que tiene la oraci\u00f3n y la fuerza que da vivir unidos. Lo de la Hermana Clare fue precioso, ver c\u00f3mo se difund\u00eda la oraci\u00f3n por su intercesi\u00f3n, organizado por una buena amiga que empatiz\u00f3 con mi dolor y supo dar forma a este impulso de amor que ha llegado a tantas personas.<\/p>\n<figure id=\"attachment_127496\" aria-describedby=\"caption-attachment-127496\" style=\"width: 589px\" class=\"wp-caption alignnone\"><img loading=\"lazy\" decoding=\"async\" class=\"size-full wp-image-127496\" src=\"https:\/\/exaudi.org\/wp-content\/uploads\/2025\/06\/Foto-2a.jpg\" alt=\"\" width=\"589\" height=\"1024\" srcset=\"https:\/\/exaudi.org\/wp-content\/uploads\/2025\/06\/Foto-2a.jpg 589w, https:\/\/exaudi.org\/wp-content\/uploads\/2025\/06\/Foto-2a-173x300.jpg 173w, https:\/\/exaudi.org\/wp-content\/uploads\/2025\/06\/Foto-2a-500x869.jpg 500w\" sizes=\"auto, (max-width: 589px) 100vw, 589px\" \/><figcaption id=\"caption-attachment-127496\" class=\"wp-caption-text\">Estampa con la oraci\u00f3n a la Hna. Clare (Foto: Hogar de la Madre)<\/figcaption><\/figure>\n<p><img loading=\"lazy\" decoding=\"async\" class=\"size-full wp-image-127499 alignnone\" src=\"https:\/\/exaudi.org\/wp-content\/uploads\/2025\/06\/Foto-2b.jpg\" alt=\"\" width=\"589\" height=\"1024\" srcset=\"https:\/\/exaudi.org\/wp-content\/uploads\/2025\/06\/Foto-2b.jpg 589w, https:\/\/exaudi.org\/wp-content\/uploads\/2025\/06\/Foto-2b-173x300.jpg 173w, https:\/\/exaudi.org\/wp-content\/uploads\/2025\/06\/Foto-2b-500x869.jpg 500w\" sizes=\"auto, (max-width: 589px) 100vw, 589px\" \/><\/p>\n<p><strong>Durante varios a\u00f1os has sido profesora y tutora en el colegio La Vall de Bellaterra (Barcelona). Muchas de tus alumnas conocen tu enfermedad y ven con admiraci\u00f3n tu testimonio. \u00bfQu\u00e9 les dir\u00edas sobre la actitud que has adoptado ante la dif\u00edcil prueba que estas pasando en este momento de tu vida? <\/strong><\/p>\n<p>Les dir\u00eda que la vida hay que saborearla a cada minuto, que no se molesten por tonter\u00edas. Les dir\u00eda que creen puentes con las personas para disfrutar la vida juntos. Tambi\u00e9n les dir\u00eda que son las peque\u00f1as cosas las que nos hacen felices. Y sobre todo que hay que hacer amistades de verdad, cuidar a la familia y a los amigos y que aprovechar el tiempo significa querer a los dem\u00e1s. Mirad a la Virgen y dadle besos todos los d\u00edas.<\/p>\n<p><strong>Rosa, durante tu matrimonio tuviste que cuidar a tu marido a causa de su larga enfermedad. \u00bfC\u00f3mo lograsteis tirar delante de la familia?\u00a0\u00a0 <\/strong><\/p>\n<p>Realmente fue cosa de todos. Yo me volqu\u00e9 en cuidar a Jos\u00e9 Manuel y mis hijos demostraron una entereza que todav\u00eda me admira. Pero Jos\u00e9 Manuel sigui\u00f3 siendo el pilar de la familia. Pese a estar tan enfermo no dej\u00f3 de ser un padre un solo momento, no dej\u00f3 de acompa\u00f1ar, de re\u00edr, de rega\u00f1ar\u2026lo que hiciera falta. Me viene a la memoria su \u00faltima semana de vida, estando ya completamente desahuciado y con sus \u00faltimas fuerzas, organiz\u00f3 toda la fiesta de cumplea\u00f1os de mi hijo Lucas que cumpl\u00eda dieciocho a\u00f1os. Nosotros no ten\u00edamos ganas de celebraci\u00f3n y \u00e9l nos dio la clave: no hay que dejar de celebrar la vida en ning\u00fan momento. La vida es un regalo tan grande que no puede desperdiciarse ni un solo minuto.<\/p>\n<figure id=\"attachment_127502\" aria-describedby=\"caption-attachment-127502\" style=\"width: 1600px\" class=\"wp-caption alignnone\"><img loading=\"lazy\" decoding=\"async\" class=\"size-full wp-image-127502\" src=\"https:\/\/exaudi.org\/wp-content\/uploads\/2025\/06\/Foto-3.jpg\" alt=\"\" width=\"1600\" height=\"1200\" srcset=\"https:\/\/exaudi.org\/wp-content\/uploads\/2025\/06\/Foto-3.jpg 1600w, https:\/\/exaudi.org\/wp-content\/uploads\/2025\/06\/Foto-3-300x225.jpg 300w, https:\/\/exaudi.org\/wp-content\/uploads\/2025\/06\/Foto-3-1024x768.jpg 1024w, https:\/\/exaudi.org\/wp-content\/uploads\/2025\/06\/Foto-3-770x578.jpg 770w, https:\/\/exaudi.org\/wp-content\/uploads\/2025\/06\/Foto-3-1536x1152.jpg 1536w, https:\/\/exaudi.org\/wp-content\/uploads\/2025\/06\/Foto-3-500x375.jpg 500w\" sizes=\"auto, (max-width: 1600px) 100vw, 1600px\" \/><figcaption id=\"caption-attachment-127502\" class=\"wp-caption-text\">Celebraci\u00f3n de cumplea\u00f1os en familia (Foto: cedida por Rosa Jan\u00e9)<\/figcaption><\/figure>\n<p><strong>Recientemente has tenido que vivir la enfermedad y fallecimiento de tu madre a la que estabas muy unida. \u00bfC\u00f3mo crees que debemos cuidar a nuestros abuelos y ancianos en sus a\u00f1os de dependencia y fragilidad?<\/strong><\/p>\n<p>Acompa\u00f1ar a las personas que queremos hasta el final es como darles el \u00faltimo beso. Adem\u00e1s, cuando cuidamos a las personas m\u00e1s fr\u00e1giles nos hacemos nosotros mejores. Nos enriquecen porque sacan lo mejor de nosotros mismos. Es dif\u00edcil de entender, pero en el dolor est\u00e1 el amor y as\u00ed cu\u00e1nto m\u00e1s sacrificio haces m\u00e1s amas a una persona y el sentimiento de amor y de uni\u00f3n crece cuanto m\u00e1s te necesita el otro y depende completamente de ti. Esa uni\u00f3n crea la necesidad de estar juntos para quererlas. Lo noto tambi\u00e9n ahora en las personas que me cuidan a m\u00ed.<\/p>\n<p><strong>Cuando ves tantas pruebas que el Se\u00f1or te ha puesto a lo largo de tu vida \u00bfQu\u00e9 le dices en la intimidad de tu coraz\u00f3n? \u00bfC\u00f3mo das sentido y prop\u00f3sito a todo ese sufrimiento?<\/strong><\/p>\n<p>Le doy gracias porque me ha dado una vida muy plena, pero no dejo de sentir que todo ha pasado demasiado r\u00e1pido. Le pido que me deje saborear todo lo que me ha dado con tiempo y con pausa. Pero mi plan no es el de Dios. Doy sentido y prop\u00f3sito a mi sufrimiento pidi\u00e9ndole a Dios que de buenos frutos. Tambi\u00e9n le pido que proteja a mi casa, a mi familia, a los que est\u00e1n y a los que quedan por venir. Le pido que los tenga a todos protegidos y mimados. Tambi\u00e9n espero el cielo, aquel lugar que es mejor que todo aquello que podamos imaginar.<\/p>\n<figure id=\"attachment_127505\" aria-describedby=\"caption-attachment-127505\" style=\"width: 1600px\" class=\"wp-caption alignnone\"><img loading=\"lazy\" decoding=\"async\" class=\"size-full wp-image-127505\" src=\"https:\/\/exaudi.org\/wp-content\/uploads\/2025\/06\/Foto-4.jpg\" alt=\"\" width=\"1600\" height=\"1200\" srcset=\"https:\/\/exaudi.org\/wp-content\/uploads\/2025\/06\/Foto-4.jpg 1600w, https:\/\/exaudi.org\/wp-content\/uploads\/2025\/06\/Foto-4-300x225.jpg 300w, https:\/\/exaudi.org\/wp-content\/uploads\/2025\/06\/Foto-4-1024x768.jpg 1024w, https:\/\/exaudi.org\/wp-content\/uploads\/2025\/06\/Foto-4-770x578.jpg 770w, https:\/\/exaudi.org\/wp-content\/uploads\/2025\/06\/Foto-4-1536x1152.jpg 1536w, https:\/\/exaudi.org\/wp-content\/uploads\/2025\/06\/Foto-4-500x375.jpg 500w\" sizes=\"auto, (max-width: 1600px) 100vw, 1600px\" \/><figcaption id=\"caption-attachment-127505\" class=\"wp-caption-text\">Disfrutando de la compa\u00f1\u00eda de algunos de sus nietos (Foto: cedida por Rosa Jan\u00e9)<\/figcaption><\/figure>\n<p><strong>\u00bfC\u00f3mo te relacionas con cada una de las tres personas de la Sant\u00edsima Trinidad?<\/strong><\/p>\n<p>A Dios Padre le pido que me coja con sus manos fuertes y me d\u00e9 confianza. S\u00e9 que \u00c9l se llena de j\u00fabilo y est\u00e1 feliz por m\u00ed y que no deja de mirarme con su mirada amorosa. A Jes\u00fas, el Hijo de Dios, a trav\u00e9s de la Eucarist\u00eda y de la Palabra de los Evangelios, le pido que transforme mi vida, para que mis pasos no sean m\u00edos sino suyos. Al Esp\u00edritu Santo lo\u00a0 invoco constantemente para que llene todo mi ser. Le pido paz y luz y que me haga un instrumento de Dios en el aqu\u00ed y en el ahora.<\/p>\n<p><strong>Tu familia est\u00e1 muy unida a pesar de las distancias f\u00edsicas y geogr\u00e1ficas. Tienes unos hijos y unos nietos maravillosos. \u00bfCu\u00e1l es el modo de llenar de alegr\u00eda esta etapa de vuestra vida en com\u00fan?<\/strong><\/p>\n<p>Quienes estaban fuera vinieron en cuanto supieron la noticia. Dejaron de lado sus proyectos personales y sus trabajos para estar a mi lado. Fue el impulso del amor. En eso est\u00e1 la clave: estar unidos para lo que haga falta. Cuando me doy cuenta de lo incre\u00edble que es mi familia, tambi\u00e9n me doy cuenta de que Jos\u00e9 Manuel est\u00e1 en el cielo y que desde all\u00ed nos bendice continuamente, nos protege y nos une. A m\u00ed me da muchas se\u00f1ales y es maravilloso c\u00f3mo est\u00e1 creciendo la familia. Hay mucha gracia en mi casa, lo veo en el af\u00e1n de mis hijos por vivir, disfrutar y amar a todos, de unirse y de luchar por m\u00ed, es sobrenatural. Somos una familia muy mimada por el cielo.<\/p>\n<figure id=\"attachment_127508\" aria-describedby=\"caption-attachment-127508\" style=\"width: 1600px\" class=\"wp-caption alignnone\"><img loading=\"lazy\" decoding=\"async\" class=\"size-full wp-image-127508\" src=\"https:\/\/exaudi.org\/wp-content\/uploads\/2025\/06\/Foto-5.jpg\" alt=\"\" width=\"1600\" height=\"741\" srcset=\"https:\/\/exaudi.org\/wp-content\/uploads\/2025\/06\/Foto-5.jpg 1600w, https:\/\/exaudi.org\/wp-content\/uploads\/2025\/06\/Foto-5-300x139.jpg 300w, https:\/\/exaudi.org\/wp-content\/uploads\/2025\/06\/Foto-5-1024x474.jpg 1024w, https:\/\/exaudi.org\/wp-content\/uploads\/2025\/06\/Foto-5-770x357.jpg 770w, https:\/\/exaudi.org\/wp-content\/uploads\/2025\/06\/Foto-5-1536x711.jpg 1536w, https:\/\/exaudi.org\/wp-content\/uploads\/2025\/06\/Foto-5-500x232.jpg 500w\" sizes=\"auto, (max-width: 1600px) 100vw, 1600px\" \/><figcaption id=\"caption-attachment-127508\" class=\"wp-caption-text\">Encuentro familiar (Foto: cedida por Rosa Jan\u00e9)<\/figcaption><\/figure>\n<p><strong>Nos dicen los Evangelios que la Sant\u00edsima Virgen Mar\u00eda guardaba todas las cosas que viv\u00eda con Jes\u00fas en su coraz\u00f3n. \u00bfC\u00f3mo te ayuda nuestra Madre en el d\u00eda a d\u00eda?<\/strong><\/p>\n<p>La Virgen me acompa\u00f1a continuamente, siento su sonrisa presente todos los d\u00edas y en la intimidad, cuando no tengo a nadie m\u00e1s que a Ella, le ofrezco lo que me ocurre. Especialmente cuando sufro la siento junto a m\u00ed. Siento su manto, su paz, su sonrisa. Me dice: tranquila, lo est\u00e1s haciendo bien, no te preocupes, todo saldr\u00e1 bien.<\/p>\n<p><strong>Muchas veces te he visto ante el Sant\u00edsimo, orando y contemplando a Jes\u00fas Eucarist\u00eda. \u00bfC\u00f3mo crees que \u00c9l te mira?<\/strong><\/p>\n<p>Con ternura. Cuando miro el sagrario siento a Jos\u00e9 Manuel abrazando a Jes\u00fas y mir\u00e1ndome. Como la Virgen, el Sant\u00edsimo me dice que Jes\u00fas se ocupar\u00e1 de todo, que no me preocupe, que yo solo tengo que estar tranquila y hablar con \u00c9l, alabarle y quererle, y desear estar cada d\u00eda m\u00e1s unida a Cristo en la Eucarist\u00eda.<\/p>\n<p><strong>San Jos\u00e9 cuid\u00f3 de Jes\u00fas durante su infancia, adolescencia y primera juventud. Tambi\u00e9n cuid\u00f3 de Mar\u00eda, su esposa. \u00bfC\u00f3mo explicar\u00edas la ayuda que t\u00fa y tu familia recib\u00eds frecuentemente de ese gran santo?<\/strong><\/p>\n<p>San Jos\u00e9 ha hecho de padre de familia. Mi marido, que le ten\u00eda mucha devoci\u00f3n, se llev\u00f3 ese encargo al cielo y le pidi\u00f3 que me ayudara. Jos\u00e9 Manuel se fue con la misma preocupaci\u00f3n que yo, que pudi\u00e9ramos vender el piso en el que viv\u00edamos y mudarnos a una casa. Fue una odisea, pero las circunstancias en las que finalmente lo conseguimos mostraron la intercesi\u00f3n de San Jos\u00e9. La primera vez que vi la nueva casa conoc\u00ed al que ser\u00eda mi vecino. La nueva casa hab\u00eda estado ocupada y \u00e9l y su familia hab\u00edan sufrido mucho por ello. Me dijo que llevaba dos a\u00f1os rezando a San Jos\u00e9 para que enviara a la familia que hiciera de aquel lugar un lugar de bien.<\/p>\n<p><strong>Estamos en el A\u00f1o Jubilar de la Esperanza. \u00bfD\u00f3nde fundamentas tu esperanza en esta etapa de tu vida? \u00bfQu\u00e9 mensaje dar\u00edas a aquellos que est\u00e1n cansados y agobiados y no encuentran alivio en su existencia?<\/strong><\/p>\n<p>A los que est\u00e1n desesperados les dir\u00eda que miren la Cruz y miren a Cristo, all\u00ed est\u00e1 el camino. Solo en \u00c9l se encuentra la verdadera paz y la luz que revela el sentido de las cosas. Les dir\u00eda que eleven los ojos a Dios. Que no busquen la felicidad en las cosas materiales, que nunca por si solas dan la felicidad.<\/p>\n<p>A menudo, que alguien hable de Dios y de la Virgen a quien ha perdido la esperanza es el \u00fanico camino para que recuerden su parte espiritual y encuentren la salida y el consuelo.<\/p>\n<p>Para m\u00ed este a\u00f1o jubilar significa fuerza. La Iglesia nos ha bendecido con una fiesta, que a m\u00ed personalmente me ha ayudado a sobreponerme a las circunstancias de la enfermedad y a ser feliz. Esto es lo que hace la Iglesia, celebra en esta tierra continuamente aquello que tiene su anclaje en el cielo, as\u00ed une la tierra con el cielo, los dones naturales con los sobrenaturales para que vivamos aqu\u00ed, pero con la alegr\u00eda del Se\u00f1or. Para m\u00ed el Jubileo significa esa fiesta que la Iglesia nos propone para que el Esp\u00edritu Santo llene nuestro coraz\u00f3n de j\u00fabilo.<\/p>\n<p><strong>Rosa, muchas <\/strong><strong>gracias por abrirnos tu coraz\u00f3n y mostrarnos, con humildad, tu actitud llena de fe y confianza en el Se\u00f1or y en Nuestra Madre ante las actuales circunstancias personales que te han tocado vivir.\u00a0 <\/strong><\/p>\n<p><strong>Es durante las pruebas cuando resuenan con mayor sentido estas palabras de Jes\u00fas: <em>\u201cVenid a m\u00ed todos los que est\u00e1is cansados y agobiados, y yo os aliviar\u00e9. Tomad mi yugo sobre vosotros y aprended de m\u00ed, que soy manso y humilde de coraz\u00f3n, y encontrareis descanso para vuestras almas. Porque mi yugo es llevadero y mi carga ligera\u201d<\/em> (Mateo 11,28-30).<\/strong><\/p>\n<figure id=\"attachment_127511\" aria-describedby=\"caption-attachment-127511\" style=\"width: 840px\" class=\"wp-caption alignnone\"><img loading=\"lazy\" decoding=\"async\" class=\"size-full wp-image-127511\" src=\"https:\/\/exaudi.org\/wp-content\/uploads\/2025\/06\/Foto-6.jpg\" alt=\"\" width=\"840\" height=\"1600\" srcset=\"https:\/\/exaudi.org\/wp-content\/uploads\/2025\/06\/Foto-6.jpg 840w, https:\/\/exaudi.org\/wp-content\/uploads\/2025\/06\/Foto-6-158x300.jpg 158w, https:\/\/exaudi.org\/wp-content\/uploads\/2025\/06\/Foto-6-538x1024.jpg 538w, https:\/\/exaudi.org\/wp-content\/uploads\/2025\/06\/Foto-6-770x1467.jpg 770w, https:\/\/exaudi.org\/wp-content\/uploads\/2025\/06\/Foto-6-806x1536.jpg 806w, https:\/\/exaudi.org\/wp-content\/uploads\/2025\/06\/Foto-6-500x952.jpg 500w\" sizes=\"auto, (max-width: 840px) 100vw, 840px\" \/><figcaption id=\"caption-attachment-127511\" class=\"wp-caption-text\">Inmaculada Concepci\u00f3n. Monasterio de Sant Cugat del Vall\u00e8s (Foto: Albert Cortina).<\/figcaption><\/figure>\n<p><img loading=\"lazy\" decoding=\"async\" class=\"size-full wp-image-127671 alignnone\" src=\"https:\/\/exaudi.org\/wp-content\/uploads\/2025\/06\/voces-5.jpg\" alt=\"\" width=\"1080\" height=\"1080\" srcset=\"https:\/\/exaudi.org\/wp-content\/uploads\/2025\/06\/voces-5.jpg 1080w, https:\/\/exaudi.org\/wp-content\/uploads\/2025\/06\/voces-5-300x300.jpg 300w, https:\/\/exaudi.org\/wp-content\/uploads\/2025\/06\/voces-5-1024x1024.jpg 1024w, https:\/\/exaudi.org\/wp-content\/uploads\/2025\/06\/voces-5-100x100.jpg?crop=1 100w, https:\/\/exaudi.org\/wp-content\/uploads\/2025\/06\/voces-5-770x770.jpg 770w, https:\/\/exaudi.org\/wp-content\/uploads\/2025\/06\/voces-5-500x500.jpg 500w\" sizes=\"auto, (max-width: 1080px) 100vw, 1080px\" \/><\/p>\n","protected":false},"excerpt":{"rendered":"<p>Albert Cortina conversa con Rosa Jan\u00e9 i Pujol, madre de siete hijos y abuela de nueve nietos.  Licenciada en Ciencias de la Educaci\u00f3n. Profesora durante veintisiete a\u00f1os en el colegio La Vall de Bellaterra (Barcelona), trece de los cuales ha sido miembro de su Consejo de Direcci\u00f3n<\/p>\n","protected":false},"author":146,"featured_media":127514,"comment_status":"closed","ping_status":"closed","sticky":false,"template":"","format":"standard","meta":{"_acf_changed":false,"_crdt_document":"","inline_featured_image":false,"footnotes":""},"categories":[108],"tags":[8075,14131,61734,4250,61739,61735,61728,33291,61724,61736,61726,22338,61727,15467,61738,41190,61732,38078,61729,61737,61740,61725,61733,2513,53737,61730,850,38369,4953,20315,61723,14212,61731,1119],"class_list":["post-127492","post","type-post","status-publish","format-standard","has-post-thumbnail","hentry","category-entrevistas","tag-acompanamiento-espiritual","tag-albert-cortina","tag-amor-en-la-enfermedad","tag-barcelona","tag-cielo-y-familia","tag-colegio-la-vall","tag-cuidar-al-enfermo","tag-educacion-cristiana","tag-ela-testimonio-cristiano","tag-enfermedad-y-esperanza","tag-entrevista-fe-y-enfermedad","tag-esclerosis-lateral-amiotrofica","tag-esperanza-en-la-cruz","tag-familia-cristiana","tag-fuerza-del-espiritu-santo","tag-hermana-clare-crockett","tag-jesus-eucaristia","tag-jubileo-de-la-esperanza","tag-oracion-por-los-enfermos","tag-oracion-y-consuelo","tag-palabras-de-jesus","tag-rosa-jane","tag-san-jose-intercesion","tag-santisima-trinidad","tag-sufrimiento-redentor","tag-testimonio-catolico","tag-testimonio-de-fe","tag-testimonios-de-la-verdad","tag-trending-es","tag-unidad-familiar","tag-venid-a-mi-y-yo-os-aliviare","tag-vida-cristiana","tag-vida-plena-en-dios","tag-virgen-maria"],"acf":[],"yoast_head":"<!-- This site is optimized with the Yoast SEO plugin v27.5 - https:\/\/yoast.com\/product\/yoast-seo-wordpress\/ -->\n<title>Venid a m\u00ed y yo os aliviar\u00e9 &#8211; Exaudi<\/title>\n<meta name=\"robots\" content=\"index, follow, max-snippet:-1, max-image-preview:large, max-video-preview:-1\" \/>\n<link rel=\"canonical\" href=\"https:\/\/exaudi.org\/es\/venid-a-mi-y-os-aliviare-testimonios-verdad\/\" \/>\n<meta property=\"og:locale\" content=\"es_ES\" \/>\n<meta property=\"og:type\" content=\"article\" \/>\n<meta property=\"og:title\" content=\"Venid a m\u00ed y yo os aliviar\u00e9 &#8211; Exaudi\" \/>\n<meta property=\"og:description\" content=\"Albert Cortina conversa con Rosa Jan\u00e9 i Pujol, madre de siete hijos y abuela de nueve nietos. Licenciada en Ciencias de la Educaci\u00f3n. Profesora durante veintisiete a\u00f1os en el colegio La Vall de Bellaterra (Barcelona), trece de los cuales ha sido miembro de su Consejo de Direcci\u00f3n\" \/>\n<meta property=\"og:url\" content=\"https:\/\/exaudi.org\/es\/venid-a-mi-y-os-aliviare-testimonios-verdad\/\" \/>\n<meta property=\"og:site_name\" content=\"Exaudi\" \/>\n<meta property=\"article:publisher\" content=\"https:\/\/www.facebook.com\/ExaudiNews\" \/>\n<meta property=\"article:published_time\" content=\"2025-06-09T06:30:20+00:00\" \/>\n<meta property=\"article:modified_time\" content=\"2025-06-09T07:57:29+00:00\" \/>\n<meta property=\"og:image\" content=\"https:\/\/exaudi.org\/wp-content\/uploads\/2025\/06\/Foto-0-portada-scaled.jpg\" \/>\n\t<meta property=\"og:image:width\" content=\"2560\" \/>\n\t<meta property=\"og:image:height\" content=\"2053\" \/>\n\t<meta property=\"og:image:type\" content=\"image\/jpeg\" \/>\n<meta name=\"author\" content=\"Albert Cortina\" \/>\n<meta name=\"twitter:card\" content=\"summary_large_image\" \/>\n<meta name=\"twitter:creator\" content=\"@Exaudi_News\" \/>\n<meta name=\"twitter:site\" content=\"@Exaudi_News\" \/>\n<meta name=\"twitter:label1\" content=\"Escrito por\" \/>\n\t<meta name=\"twitter:data1\" content=\"Albert Cortina\" \/>\n\t<meta name=\"twitter:label2\" content=\"Tiempo de lectura\" \/>\n\t<meta name=\"twitter:data2\" content=\"10 minutos\" \/>\n<script type=\"application\/ld+json\" class=\"yoast-schema-graph\">{\"@context\":\"https:\\\/\\\/schema.org\",\"@graph\":[{\"@type\":\"Article\",\"@id\":\"https:\\\/\\\/exaudi.org\\\/es\\\/venid-a-mi-y-os-aliviare-testimonios-verdad\\\/#article\",\"isPartOf\":{\"@id\":\"https:\\\/\\\/exaudi.org\\\/es\\\/venid-a-mi-y-os-aliviare-testimonios-verdad\\\/\"},\"author\":{\"name\":\"Albert Cortina\",\"@id\":\"https:\\\/\\\/exaudi.org\\\/#\\\/schema\\\/person\\\/eb838cd3b0de54952c6e6999dff746e0\"},\"headline\":\"Venid a m\u00ed y yo os aliviar\u00e9\",\"datePublished\":\"2025-06-09T06:30:20+00:00\",\"dateModified\":\"2025-06-09T07:57:29+00:00\",\"mainEntityOfPage\":{\"@id\":\"https:\\\/\\\/exaudi.org\\\/es\\\/venid-a-mi-y-os-aliviare-testimonios-verdad\\\/\"},\"wordCount\":2001,\"image\":{\"@id\":\"https:\\\/\\\/exaudi.org\\\/es\\\/venid-a-mi-y-os-aliviare-testimonios-verdad\\\/#primaryimage\"},\"thumbnailUrl\":\"https:\\\/\\\/exaudi.org\\\/wp-content\\\/uploads\\\/2025\\\/06\\\/Foto-0-portada-scaled.jpg\",\"keywords\":[\"acompa\u00f1amiento espiritual\",\"Albert Cortina\",\"amor en la enfermedad\",\"Barcelona\",\"cielo y familia\",\"colegio La Vall\",\"cuidar al enfermo\",\"educaci\u00f3n cristiana\",\"ELA testimonio cristiano\",\"enfermedad y esperanza\",\"entrevista fe y enfermedad\",\"Esclerosis Lateral Amiotr\u00f3fica\",\"esperanza en la cruz\",\"Familia Cristiana\",\"fuerza del Esp\u00edritu Santo\",\"Hermana Clare Crockett\",\"Jes\u00fas eucarist\u00eda\",\"Jubileo de la Esperanza\",\"oraci\u00f3n por los enfermos\",\"oraci\u00f3n y consuelo\",\"palabras de Jes\u00fas\",\"Rosa Jan\u00e9\",\"San Jos\u00e9 intercesi\u00f3n\",\"Sant\u00edsima Trinidad\",\"sufrimiento redentor\",\"testimonio cat\u00f3lico\",\"Testimonio de fe\",\"Testimonios de la verdad\",\"Trending\",\"unidad familiar\",\"venid a m\u00ed y yo os aliviar\u00e9\",\"vida cristiana\",\"vida plena en Dios\",\"Virgen Mar\u00eda\"],\"articleSection\":[\"Entrevistas\"],\"inLanguage\":\"es\"},{\"@type\":\"WebPage\",\"@id\":\"https:\\\/\\\/exaudi.org\\\/es\\\/venid-a-mi-y-os-aliviare-testimonios-verdad\\\/\",\"url\":\"https:\\\/\\\/exaudi.org\\\/es\\\/venid-a-mi-y-os-aliviare-testimonios-verdad\\\/\",\"name\":\"Venid a m\u00ed y yo os aliviar\u00e9 &#8211; Exaudi\",\"isPartOf\":{\"@id\":\"https:\\\/\\\/exaudi.org\\\/#website\"},\"primaryImageOfPage\":{\"@id\":\"https:\\\/\\\/exaudi.org\\\/es\\\/venid-a-mi-y-os-aliviare-testimonios-verdad\\\/#primaryimage\"},\"image\":{\"@id\":\"https:\\\/\\\/exaudi.org\\\/es\\\/venid-a-mi-y-os-aliviare-testimonios-verdad\\\/#primaryimage\"},\"thumbnailUrl\":\"https:\\\/\\\/exaudi.org\\\/wp-content\\\/uploads\\\/2025\\\/06\\\/Foto-0-portada-scaled.jpg\",\"datePublished\":\"2025-06-09T06:30:20+00:00\",\"dateModified\":\"2025-06-09T07:57:29+00:00\",\"author\":{\"@id\":\"https:\\\/\\\/exaudi.org\\\/#\\\/schema\\\/person\\\/eb838cd3b0de54952c6e6999dff746e0\"},\"breadcrumb\":{\"@id\":\"https:\\\/\\\/exaudi.org\\\/es\\\/venid-a-mi-y-os-aliviare-testimonios-verdad\\\/#breadcrumb\"},\"inLanguage\":\"es\",\"potentialAction\":[{\"@type\":\"ReadAction\",\"target\":[\"https:\\\/\\\/exaudi.org\\\/es\\\/venid-a-mi-y-os-aliviare-testimonios-verdad\\\/\"]}]},{\"@type\":\"ImageObject\",\"inLanguage\":\"es\",\"@id\":\"https:\\\/\\\/exaudi.org\\\/es\\\/venid-a-mi-y-os-aliviare-testimonios-verdad\\\/#primaryimage\",\"url\":\"https:\\\/\\\/exaudi.org\\\/wp-content\\\/uploads\\\/2025\\\/06\\\/Foto-0-portada-scaled.jpg\",\"contentUrl\":\"https:\\\/\\\/exaudi.org\\\/wp-content\\\/uploads\\\/2025\\\/06\\\/Foto-0-portada-scaled.jpg\",\"width\":2560,\"height\":2053},{\"@type\":\"BreadcrumbList\",\"@id\":\"https:\\\/\\\/exaudi.org\\\/es\\\/venid-a-mi-y-os-aliviare-testimonios-verdad\\\/#breadcrumb\",\"itemListElement\":[{\"@type\":\"ListItem\",\"position\":1,\"name\":\"Portada\",\"item\":\"https:\\\/\\\/exaudi.org\\\/es\\\/\"},{\"@type\":\"ListItem\",\"position\":2,\"name\":\"Venid a m\u00ed y yo os aliviar\u00e9\"}]},{\"@type\":\"WebSite\",\"@id\":\"https:\\\/\\\/exaudi.org\\\/#website\",\"url\":\"https:\\\/\\\/exaudi.org\\\/\",\"name\":\"Exaudi\",\"description\":\"News\",\"potentialAction\":[{\"@type\":\"SearchAction\",\"target\":{\"@type\":\"EntryPoint\",\"urlTemplate\":\"https:\\\/\\\/exaudi.org\\\/?s={search_term_string}\"},\"query-input\":{\"@type\":\"PropertyValueSpecification\",\"valueRequired\":true,\"valueName\":\"search_term_string\"}}],\"inLanguage\":\"es\"},{\"@type\":\"Person\",\"@id\":\"https:\\\/\\\/exaudi.org\\\/#\\\/schema\\\/person\\\/eb838cd3b0de54952c6e6999dff746e0\",\"name\":\"Albert Cortina\",\"image\":{\"@type\":\"ImageObject\",\"inLanguage\":\"es\",\"@id\":\"https:\\\/\\\/secure.gravatar.com\\\/avatar\\\/a6ff6f8f9d2f6d3dfd6a704e7dfe85e4f91abe27f2654610849fd7578b1d572d?s=96&d=mm&r=g\",\"url\":\"https:\\\/\\\/secure.gravatar.com\\\/avatar\\\/a6ff6f8f9d2f6d3dfd6a704e7dfe85e4f91abe27f2654610849fd7578b1d572d?s=96&d=mm&r=g\",\"contentUrl\":\"https:\\\/\\\/secure.gravatar.com\\\/avatar\\\/a6ff6f8f9d2f6d3dfd6a704e7dfe85e4f91abe27f2654610849fd7578b1d572d?s=96&d=mm&r=g\",\"caption\":\"Albert Cortina\"},\"description\":\"Albert Cortina es abogado y urbanista. Director del Estudio DTUM, impulsa un humanismo avanzado para una sociedad donde las biotecnolog\u00edas exponenciales est\u00e9n al servicio de las personas y de la vida. Promueve la integraci\u00f3n entre ciencia, \u00e9tica y espiritualidad. Actualmente focaliza su atenci\u00f3n en la preservaci\u00f3n de la naturaleza y condici\u00f3n humana desde una antropolog\u00eda adecuada que priorice el desarrollo integral de la persona. Cree en unos principios basados en una \u00e9tica universal que tenga su fundamento en la ley natural y en la espiritualidad del coraz\u00f3n. Desde su vocaci\u00f3n profesional gestiona ideas, valores y proyectos a favor del bien com\u00fan.\",\"url\":\"https:\\\/\\\/exaudi.org\\\/es\\\/author\\\/albert-cortina\\\/\"}]}<\/script>\n<!-- \/ Yoast SEO plugin. -->","yoast_head_json":{"title":"Venid a m\u00ed y yo os aliviar\u00e9 &#8211; Exaudi","robots":{"index":"index","follow":"follow","max-snippet":"max-snippet:-1","max-image-preview":"max-image-preview:large","max-video-preview":"max-video-preview:-1"},"canonical":"https:\/\/exaudi.org\/es\/venid-a-mi-y-os-aliviare-testimonios-verdad\/","og_locale":"es_ES","og_type":"article","og_title":"Venid a m\u00ed y yo os aliviar\u00e9 &#8211; Exaudi","og_description":"Albert Cortina conversa con Rosa Jan\u00e9 i Pujol, madre de siete hijos y abuela de nueve nietos. Licenciada en Ciencias de la Educaci\u00f3n. Profesora durante veintisiete a\u00f1os en el colegio La Vall de Bellaterra (Barcelona), trece de los cuales ha sido miembro de su Consejo de Direcci\u00f3n","og_url":"https:\/\/exaudi.org\/es\/venid-a-mi-y-os-aliviare-testimonios-verdad\/","og_site_name":"Exaudi","article_publisher":"https:\/\/www.facebook.com\/ExaudiNews","article_published_time":"2025-06-09T06:30:20+00:00","article_modified_time":"2025-06-09T07:57:29+00:00","og_image":[{"width":2560,"height":2053,"url":"https:\/\/exaudi.org\/wp-content\/uploads\/2025\/06\/Foto-0-portada-scaled.jpg","type":"image\/jpeg"}],"author":"Albert Cortina","twitter_card":"summary_large_image","twitter_creator":"@Exaudi_News","twitter_site":"@Exaudi_News","twitter_misc":{"Escrito por":"Albert Cortina","Tiempo de lectura":"10 minutos"},"schema":{"@context":"https:\/\/schema.org","@graph":[{"@type":"Article","@id":"https:\/\/exaudi.org\/es\/venid-a-mi-y-os-aliviare-testimonios-verdad\/#article","isPartOf":{"@id":"https:\/\/exaudi.org\/es\/venid-a-mi-y-os-aliviare-testimonios-verdad\/"},"author":{"name":"Albert Cortina","@id":"https:\/\/exaudi.org\/#\/schema\/person\/eb838cd3b0de54952c6e6999dff746e0"},"headline":"Venid a m\u00ed y yo os aliviar\u00e9","datePublished":"2025-06-09T06:30:20+00:00","dateModified":"2025-06-09T07:57:29+00:00","mainEntityOfPage":{"@id":"https:\/\/exaudi.org\/es\/venid-a-mi-y-os-aliviare-testimonios-verdad\/"},"wordCount":2001,"image":{"@id":"https:\/\/exaudi.org\/es\/venid-a-mi-y-os-aliviare-testimonios-verdad\/#primaryimage"},"thumbnailUrl":"https:\/\/exaudi.org\/wp-content\/uploads\/2025\/06\/Foto-0-portada-scaled.jpg","keywords":["acompa\u00f1amiento espiritual","Albert Cortina","amor en la enfermedad","Barcelona","cielo y familia","colegio La Vall","cuidar al enfermo","educaci\u00f3n cristiana","ELA testimonio cristiano","enfermedad y esperanza","entrevista fe y enfermedad","Esclerosis Lateral Amiotr\u00f3fica","esperanza en la cruz","Familia Cristiana","fuerza del Esp\u00edritu Santo","Hermana Clare Crockett","Jes\u00fas eucarist\u00eda","Jubileo de la Esperanza","oraci\u00f3n por los enfermos","oraci\u00f3n y consuelo","palabras de Jes\u00fas","Rosa Jan\u00e9","San Jos\u00e9 intercesi\u00f3n","Sant\u00edsima Trinidad","sufrimiento redentor","testimonio cat\u00f3lico","Testimonio de fe","Testimonios de la verdad","Trending","unidad familiar","venid a m\u00ed y yo os aliviar\u00e9","vida cristiana","vida plena en Dios","Virgen Mar\u00eda"],"articleSection":["Entrevistas"],"inLanguage":"es"},{"@type":"WebPage","@id":"https:\/\/exaudi.org\/es\/venid-a-mi-y-os-aliviare-testimonios-verdad\/","url":"https:\/\/exaudi.org\/es\/venid-a-mi-y-os-aliviare-testimonios-verdad\/","name":"Venid a m\u00ed y yo os aliviar\u00e9 &#8211; Exaudi","isPartOf":{"@id":"https:\/\/exaudi.org\/#website"},"primaryImageOfPage":{"@id":"https:\/\/exaudi.org\/es\/venid-a-mi-y-os-aliviare-testimonios-verdad\/#primaryimage"},"image":{"@id":"https:\/\/exaudi.org\/es\/venid-a-mi-y-os-aliviare-testimonios-verdad\/#primaryimage"},"thumbnailUrl":"https:\/\/exaudi.org\/wp-content\/uploads\/2025\/06\/Foto-0-portada-scaled.jpg","datePublished":"2025-06-09T06:30:20+00:00","dateModified":"2025-06-09T07:57:29+00:00","author":{"@id":"https:\/\/exaudi.org\/#\/schema\/person\/eb838cd3b0de54952c6e6999dff746e0"},"breadcrumb":{"@id":"https:\/\/exaudi.org\/es\/venid-a-mi-y-os-aliviare-testimonios-verdad\/#breadcrumb"},"inLanguage":"es","potentialAction":[{"@type":"ReadAction","target":["https:\/\/exaudi.org\/es\/venid-a-mi-y-os-aliviare-testimonios-verdad\/"]}]},{"@type":"ImageObject","inLanguage":"es","@id":"https:\/\/exaudi.org\/es\/venid-a-mi-y-os-aliviare-testimonios-verdad\/#primaryimage","url":"https:\/\/exaudi.org\/wp-content\/uploads\/2025\/06\/Foto-0-portada-scaled.jpg","contentUrl":"https:\/\/exaudi.org\/wp-content\/uploads\/2025\/06\/Foto-0-portada-scaled.jpg","width":2560,"height":2053},{"@type":"BreadcrumbList","@id":"https:\/\/exaudi.org\/es\/venid-a-mi-y-os-aliviare-testimonios-verdad\/#breadcrumb","itemListElement":[{"@type":"ListItem","position":1,"name":"Portada","item":"https:\/\/exaudi.org\/es\/"},{"@type":"ListItem","position":2,"name":"Venid a m\u00ed y yo os aliviar\u00e9"}]},{"@type":"WebSite","@id":"https:\/\/exaudi.org\/#website","url":"https:\/\/exaudi.org\/","name":"Exaudi","description":"News","potentialAction":[{"@type":"SearchAction","target":{"@type":"EntryPoint","urlTemplate":"https:\/\/exaudi.org\/?s={search_term_string}"},"query-input":{"@type":"PropertyValueSpecification","valueRequired":true,"valueName":"search_term_string"}}],"inLanguage":"es"},{"@type":"Person","@id":"https:\/\/exaudi.org\/#\/schema\/person\/eb838cd3b0de54952c6e6999dff746e0","name":"Albert Cortina","image":{"@type":"ImageObject","inLanguage":"es","@id":"https:\/\/secure.gravatar.com\/avatar\/a6ff6f8f9d2f6d3dfd6a704e7dfe85e4f91abe27f2654610849fd7578b1d572d?s=96&d=mm&r=g","url":"https:\/\/secure.gravatar.com\/avatar\/a6ff6f8f9d2f6d3dfd6a704e7dfe85e4f91abe27f2654610849fd7578b1d572d?s=96&d=mm&r=g","contentUrl":"https:\/\/secure.gravatar.com\/avatar\/a6ff6f8f9d2f6d3dfd6a704e7dfe85e4f91abe27f2654610849fd7578b1d572d?s=96&d=mm&r=g","caption":"Albert Cortina"},"description":"Albert Cortina es abogado y urbanista. Director del Estudio DTUM, impulsa un humanismo avanzado para una sociedad donde las biotecnolog\u00edas exponenciales est\u00e9n al servicio de las personas y de la vida. Promueve la integraci\u00f3n entre ciencia, \u00e9tica y espiritualidad. Actualmente focaliza su atenci\u00f3n en la preservaci\u00f3n de la naturaleza y condici\u00f3n humana desde una antropolog\u00eda adecuada que priorice el desarrollo integral de la persona. Cree en unos principios basados en una \u00e9tica universal que tenga su fundamento en la ley natural y en la espiritualidad del coraz\u00f3n. Desde su vocaci\u00f3n profesional gestiona ideas, valores y proyectos a favor del bien com\u00fan.","url":"https:\/\/exaudi.org\/es\/author\/albert-cortina\/"}]}},"jetpack_featured_media_url":"https:\/\/exaudi.org\/wp-content\/uploads\/2025\/06\/Foto-0-portada-scaled.jpg","jetpack_shortlink":"https:\/\/wp.me\/pgKjF2-xak","_links":{"self":[{"href":"https:\/\/exaudi.org\/es\/wp-json\/wp\/v2\/posts\/127492","targetHints":{"allow":["GET"]}}],"collection":[{"href":"https:\/\/exaudi.org\/es\/wp-json\/wp\/v2\/posts"}],"about":[{"href":"https:\/\/exaudi.org\/es\/wp-json\/wp\/v2\/types\/post"}],"author":[{"embeddable":true,"href":"https:\/\/exaudi.org\/es\/wp-json\/wp\/v2\/users\/146"}],"replies":[{"embeddable":true,"href":"https:\/\/exaudi.org\/es\/wp-json\/wp\/v2\/comments?post=127492"}],"version-history":[{"count":0,"href":"https:\/\/exaudi.org\/es\/wp-json\/wp\/v2\/posts\/127492\/revisions"}],"wp:featuredmedia":[{"embeddable":true,"href":"https:\/\/exaudi.org\/es\/wp-json\/wp\/v2\/media\/127514"}],"wp:attachment":[{"href":"https:\/\/exaudi.org\/es\/wp-json\/wp\/v2\/media?parent=127492"}],"wp:term":[{"taxonomy":"category","embeddable":true,"href":"https:\/\/exaudi.org\/es\/wp-json\/wp\/v2\/categories?post=127492"},{"taxonomy":"post_tag","embeddable":true,"href":"https:\/\/exaudi.org\/es\/wp-json\/wp\/v2\/tags?post=127492"}],"curies":[{"name":"wp","href":"https:\/\/api.w.org\/{rel}","templated":true}]}}