{"id":127436,"date":"2025-06-05T08:56:22","date_gmt":"2025-06-05T06:56:22","guid":{"rendered":"https:\/\/exaudi.org\/?p=127436"},"modified":"2025-06-05T13:06:55","modified_gmt":"2025-06-05T11:06:55","slug":"leon-xiv-secretaria-estado-me-consuela-saber-que-no-estoy-solo","status":"publish","type":"post","link":"https:\/\/exaudi.org\/es\/leon-xiv-secretaria-estado-me-consuela-saber-que-no-estoy-solo\/","title":{"rendered":"El Papa Le\u00f3n XIV a la Secretar\u00eda de Estado: \u201cMe consuela saber que no estoy solo\u201d"},"content":{"rendered":"<p data-start=\"364\" data-end=\"757\">Una gran comunidad que refleja el rostro de la Iglesia. As\u00ed defini\u00f3 el Papa Le\u00f3n XIV a la Secretar\u00eda de Estado, al recibir a sus miembros en audiencia en la Sala Clementina del Vaticano. Esta instituci\u00f3n, que colabora estrechamente con el Romano Pont\u00edfice en el ejercicio de su misi\u00f3n suprema, fue reconocida por el Papa como un apoyo indispensable en sus primeros pasos como sucesor de Pedro.<\/p>\n<p data-start=\"759\" data-end=\"1288\">\u201cEstoy muy contento de encontrarme con ustedes, que ofrecen un precioso servicio a la vida de la Iglesia ayud\u00e1ndome a sacar adelante la misi\u00f3n que me ha sido confiada\u201d, expres\u00f3 el Pont\u00edfice a los cerca de 200 superiores y funcionarios presentes. Dejando de lado el texto preparado, a\u00f1adi\u00f3 con cercan\u00eda: \u201cMe consuela saber que no estoy solo [\u2026] es muy necesario poder contar con la colaboraci\u00f3n de tantos en la Santa Sede, pero de manera especial, con todos ustedes en la Secretar\u00eda de Estado. Y se los agradezco de todo coraz\u00f3n\u201d.<\/p>\n<p data-start=\"759\" data-end=\"1288\"><img loading=\"lazy\" decoding=\"async\" class=\"size-full wp-image-127440 alignnone\" src=\"https:\/\/exaudi.org\/wp-content\/uploads\/2025\/06\/04.jpeg\" alt=\"\" width=\"750\" height=\"422\" srcset=\"https:\/\/exaudi.org\/wp-content\/uploads\/2025\/06\/04.jpeg 750w, https:\/\/exaudi.org\/wp-content\/uploads\/2025\/06\/04-300x169.jpeg 300w, https:\/\/exaudi.org\/wp-content\/uploads\/2025\/06\/04-500x281.jpeg 500w\" sizes=\"auto, (max-width: 750px) 100vw, 750px\" \/><\/p>\n<p data-start=\"1290\" data-end=\"1691\">Al inicio de su discurso, agradeci\u00f3 al cardenal Pietro Parolin, Secretario de Estado, por su continua colaboraci\u00f3n. Luego, destac\u00f3 el rostro universal que ha asumido esta instituci\u00f3n a lo largo de su historia, que se remonta al siglo XV. Hoy, su estructura refleja una mayor inclusi\u00f3n: casi la mitad de sus miembros son laicos, y entre ellos hay m\u00e1s de cincuenta mujeres, tanto laicas como religiosas.<\/p>\n<p data-start=\"1693\" data-end=\"2029\">El Papa subray\u00f3 que esta diversidad es reflejo de una Iglesia que trabaja unida: \u201cJuntos compartimos las interrogantes, las dificultades, los desaf\u00edos y las esperanzas del Pueblo de Dios\u201d. A\u00f1adi\u00f3 que la labor de la Secretar\u00eda debe expresar siempre dos dimensiones esenciales: la encarnaci\u00f3n en el tiempo y la mirada cat\u00f3lica, universal.<\/p>\n<p data-start=\"2031\" data-end=\"2463\">\u201cLa Iglesia est\u00e1 llamada a seguir la senda del lenguaje humano, para que la alegr\u00eda del Evangelio alcance a todos\u201d, explic\u00f3 el Papa, recordando que estas dos dimensiones se han hecho a\u00fan m\u00e1s necesarias tras la reforma de la Curia impulsada por san Pablo VI. La Secretar\u00eda de Estado, afirm\u00f3, act\u00faa como v\u00ednculo de conjunci\u00f3n y s\u00edntesis entre las distintas realidades de la Curia, ayudando al Papa en su acci\u00f3n pastoral y diplom\u00e1tica.<\/p>\n<p data-start=\"2465\" data-end=\"2738\">Le\u00f3n XIV reconoci\u00f3 que las tareas encomendadas a esta instituci\u00f3n \u201cson muy exigentes y, algunas veces, pueden ser incomprendidas\u201d, por lo que quiso expresar su \u201cprofunda gratitud\u201d por el trabajo \u201ccasi siempre escondido\u201d y por el \u201cesp\u00edritu evang\u00e9lico\u201d con el que se realiza.<\/p>\n<p data-start=\"2740\" data-end=\"3059\" data-is-last-node=\"\" data-is-only-node=\"\">Finalmente, concluy\u00f3 su intervenci\u00f3n con una exhortaci\u00f3n inspirada en palabras de san Pablo VI: \u201cQue este lugar no sea contaminado por las ambiciones y antagonismos. Al contrario, sean una verdadera comunidad de fe y de caridad, de hermanos y de hijos del Papa, que se desviven generosamente por el bien de la Iglesia\u201d.<\/p>\n","protected":false},"excerpt":{"rendered":"<p>El Santo Padre recibi\u00f3 a los miembros de la Secretar\u00eda de Estado y reconoci\u00f3 su labor esencial en la misi\u00f3n de la Iglesia, alent\u00e1ndolos a ser una aut\u00e9ntica comunidad de fe, lejos de ambiciones y rivalidades<\/p>\n","protected":false},"author":15,"featured_media":127437,"comment_status":"closed","ping_status":"closed","sticky":false,"template":"","format":"standard","meta":{"_acf_changed":false,"_crdt_document":"","inline_featured_image":false,"footnotes":""},"categories":[68,132],"tags":[36143,26187,61596,26175,5598,6260,61598,449,61599,58111,3076,977,2186,2517,1891,3197,26996,61597,4953,35499,272],"class_list":["post-127436","post","type-post","status-publish","format-standard","has-post-thumbnail","hentry","category-leon-xiv","category-vaticano-es","tag-audiencia-papal","tag-catolicidad","tag-colaboracion-en-la-iglesia","tag-comunidad-de-fe","tag-curia-romana-es","tag-discurso-del-papa","tag-encarnacion-del-evangelio","tag-iglesia-catolica","tag-iglesia-y-diplomacia","tag-papa-leon-xiv","tag-pietro-parolin","tag-pontificado","tag-reforma-de-la-curia","tag-san-pablo-vi","tag-santa-sede","tag-secretaria-de-estado","tag-servicio-a-la-iglesia","tag-trabajo-en-el-vaticano","tag-trending-es","tag-universalidad-de-la-iglesia","tag-vaticano-es"],"acf":[],"yoast_head":"<!-- This site is optimized with the Yoast SEO plugin v27.5 - https:\/\/yoast.com\/product\/yoast-seo-wordpress\/ -->\n<title>El Papa Le\u00f3n XIV a la Secretar\u00eda de Estado: \u201cMe consuela saber que no estoy solo\u201d &#8211; Exaudi<\/title>\n<meta name=\"robots\" content=\"index, follow, max-snippet:-1, max-image-preview:large, max-video-preview:-1\" \/>\n<link rel=\"canonical\" href=\"https:\/\/exaudi.org\/es\/leon-xiv-secretaria-estado-me-consuela-saber-que-no-estoy-solo\/\" \/>\n<meta property=\"og:locale\" content=\"es_ES\" \/>\n<meta property=\"og:type\" content=\"article\" \/>\n<meta property=\"og:title\" content=\"El Papa Le\u00f3n XIV a la Secretar\u00eda de Estado: \u201cMe consuela saber que no estoy solo\u201d &#8211; Exaudi\" \/>\n<meta property=\"og:description\" content=\"El Santo Padre recibi\u00f3 a los miembros de la Secretar\u00eda de Estado y reconoci\u00f3 su labor esencial en la misi\u00f3n de la Iglesia, alent\u00e1ndolos a ser una aut\u00e9ntica comunidad de fe, lejos de ambiciones y rivalidades\" \/>\n<meta property=\"og:url\" content=\"https:\/\/exaudi.org\/es\/leon-xiv-secretaria-estado-me-consuela-saber-que-no-estoy-solo\/\" \/>\n<meta property=\"og:site_name\" content=\"Exaudi\" \/>\n<meta property=\"article:publisher\" content=\"https:\/\/www.facebook.com\/ExaudiNews\" \/>\n<meta property=\"article:author\" content=\"https:\/\/www.facebook.com\/ExaudiNoticias\/\" \/>\n<meta property=\"article:published_time\" content=\"2025-06-05T06:56:22+00:00\" \/>\n<meta property=\"article:modified_time\" content=\"2025-06-05T11:06:55+00:00\" \/>\n<meta property=\"og:image\" content=\"https:\/\/exaudi.org\/wp-content\/uploads\/2025\/06\/02.jpeg\" \/>\n\t<meta property=\"og:image:width\" content=\"1000\" \/>\n\t<meta property=\"og:image:height\" content=\"563\" \/>\n\t<meta property=\"og:image:type\" content=\"image\/jpeg\" \/>\n<meta name=\"author\" content=\"Exaudi Redacci\u00f3n\" \/>\n<meta name=\"twitter:card\" content=\"summary_large_image\" \/>\n<meta name=\"twitter:creator\" content=\"@Exaudi_noticias\" \/>\n<meta name=\"twitter:site\" content=\"@Exaudi_News\" \/>\n<meta name=\"twitter:label1\" content=\"Escrito por\" \/>\n\t<meta name=\"twitter:data1\" content=\"Exaudi Redacci\u00f3n\" \/>\n\t<meta name=\"twitter:label2\" content=\"Tiempo de lectura\" \/>\n\t<meta name=\"twitter:data2\" content=\"2 minutos\" \/>\n<script type=\"application\/ld+json\" class=\"yoast-schema-graph\">{\"@context\":\"https:\\\/\\\/schema.org\",\"@graph\":[{\"@type\":\"Article\",\"@id\":\"https:\\\/\\\/exaudi.org\\\/es\\\/leon-xiv-secretaria-estado-me-consuela-saber-que-no-estoy-solo\\\/#article\",\"isPartOf\":{\"@id\":\"https:\\\/\\\/exaudi.org\\\/es\\\/leon-xiv-secretaria-estado-me-consuela-saber-que-no-estoy-solo\\\/\"},\"author\":{\"name\":\"Exaudi Redacci\u00f3n\",\"@id\":\"https:\\\/\\\/exaudi.org\\\/#\\\/schema\\\/person\\\/f5fc8f063065e38742da7afe15f25df7\"},\"headline\":\"El Papa Le\u00f3n XIV a la Secretar\u00eda de Estado: \u201cMe consuela saber que no estoy solo\u201d\",\"datePublished\":\"2025-06-05T06:56:22+00:00\",\"dateModified\":\"2025-06-05T11:06:55+00:00\",\"mainEntityOfPage\":{\"@id\":\"https:\\\/\\\/exaudi.org\\\/es\\\/leon-xiv-secretaria-estado-me-consuela-saber-que-no-estoy-solo\\\/\"},\"wordCount\":499,\"image\":{\"@id\":\"https:\\\/\\\/exaudi.org\\\/es\\\/leon-xiv-secretaria-estado-me-consuela-saber-que-no-estoy-solo\\\/#primaryimage\"},\"thumbnailUrl\":\"https:\\\/\\\/exaudi.org\\\/wp-content\\\/uploads\\\/2025\\\/06\\\/02.jpeg\",\"keywords\":[\"audiencia papal\",\"Catolicidad\",\"colaboraci\u00f3n en la Iglesia\",\"comunidad de fe\",\"curia romana\",\"Discurso del Papa\",\"encarnaci\u00f3n del Evangelio\",\"Iglesia cat\u00f3lica\",\"Iglesia y diplomacia\",\"papa le\u00f3n xiv\",\"Pietro Parol\u00edn\",\"Pontificado\",\"Reforma de la Curia\",\"San Pablo VI\",\"Santa Sede\",\"Secretar\u00eda de Estado\",\"servicio a la Iglesia\",\"trabajo en el Vaticano\",\"Trending\",\"universalidad de la Iglesia\",\"Vaticano\"],\"articleSection\":[\"Le\u00f3n XIV\",\"Vaticano\"],\"inLanguage\":\"es\"},{\"@type\":\"WebPage\",\"@id\":\"https:\\\/\\\/exaudi.org\\\/es\\\/leon-xiv-secretaria-estado-me-consuela-saber-que-no-estoy-solo\\\/\",\"url\":\"https:\\\/\\\/exaudi.org\\\/es\\\/leon-xiv-secretaria-estado-me-consuela-saber-que-no-estoy-solo\\\/\",\"name\":\"El Papa Le\u00f3n XIV a la Secretar\u00eda de Estado: \u201cMe consuela saber que no estoy solo\u201d &#8211; Exaudi\",\"isPartOf\":{\"@id\":\"https:\\\/\\\/exaudi.org\\\/#website\"},\"primaryImageOfPage\":{\"@id\":\"https:\\\/\\\/exaudi.org\\\/es\\\/leon-xiv-secretaria-estado-me-consuela-saber-que-no-estoy-solo\\\/#primaryimage\"},\"image\":{\"@id\":\"https:\\\/\\\/exaudi.org\\\/es\\\/leon-xiv-secretaria-estado-me-consuela-saber-que-no-estoy-solo\\\/#primaryimage\"},\"thumbnailUrl\":\"https:\\\/\\\/exaudi.org\\\/wp-content\\\/uploads\\\/2025\\\/06\\\/02.jpeg\",\"datePublished\":\"2025-06-05T06:56:22+00:00\",\"dateModified\":\"2025-06-05T11:06:55+00:00\",\"author\":{\"@id\":\"https:\\\/\\\/exaudi.org\\\/#\\\/schema\\\/person\\\/f5fc8f063065e38742da7afe15f25df7\"},\"breadcrumb\":{\"@id\":\"https:\\\/\\\/exaudi.org\\\/es\\\/leon-xiv-secretaria-estado-me-consuela-saber-que-no-estoy-solo\\\/#breadcrumb\"},\"inLanguage\":\"es\",\"potentialAction\":[{\"@type\":\"ReadAction\",\"target\":[\"https:\\\/\\\/exaudi.org\\\/es\\\/leon-xiv-secretaria-estado-me-consuela-saber-que-no-estoy-solo\\\/\"]}]},{\"@type\":\"ImageObject\",\"inLanguage\":\"es\",\"@id\":\"https:\\\/\\\/exaudi.org\\\/es\\\/leon-xiv-secretaria-estado-me-consuela-saber-que-no-estoy-solo\\\/#primaryimage\",\"url\":\"https:\\\/\\\/exaudi.org\\\/wp-content\\\/uploads\\\/2025\\\/06\\\/02.jpeg\",\"contentUrl\":\"https:\\\/\\\/exaudi.org\\\/wp-content\\\/uploads\\\/2025\\\/06\\\/02.jpeg\",\"width\":1000,\"height\":563},{\"@type\":\"BreadcrumbList\",\"@id\":\"https:\\\/\\\/exaudi.org\\\/es\\\/leon-xiv-secretaria-estado-me-consuela-saber-que-no-estoy-solo\\\/#breadcrumb\",\"itemListElement\":[{\"@type\":\"ListItem\",\"position\":1,\"name\":\"Portada\",\"item\":\"https:\\\/\\\/exaudi.org\\\/es\\\/\"},{\"@type\":\"ListItem\",\"position\":2,\"name\":\"El Papa Le\u00f3n XIV a la Secretar\u00eda de Estado: \u201cMe consuela saber que no estoy solo\u201d\"}]},{\"@type\":\"WebSite\",\"@id\":\"https:\\\/\\\/exaudi.org\\\/#website\",\"url\":\"https:\\\/\\\/exaudi.org\\\/\",\"name\":\"Exaudi\",\"description\":\"News\",\"potentialAction\":[{\"@type\":\"SearchAction\",\"target\":{\"@type\":\"EntryPoint\",\"urlTemplate\":\"https:\\\/\\\/exaudi.org\\\/?s={search_term_string}\"},\"query-input\":{\"@type\":\"PropertyValueSpecification\",\"valueRequired\":true,\"valueName\":\"search_term_string\"}}],\"inLanguage\":\"es\"},{\"@type\":\"Person\",\"@id\":\"https:\\\/\\\/exaudi.org\\\/#\\\/schema\\\/person\\\/f5fc8f063065e38742da7afe15f25df7\",\"name\":\"Exaudi Redacci\u00f3n\",\"image\":{\"@type\":\"ImageObject\",\"inLanguage\":\"es\",\"@id\":\"https:\\\/\\\/secure.gravatar.com\\\/avatar\\\/fe0f6a059fb68d9b3e11bc5850dd4899b1c7492091a3cb6dd9b01b56ad828be2?s=96&d=mm&r=g\",\"url\":\"https:\\\/\\\/secure.gravatar.com\\\/avatar\\\/fe0f6a059fb68d9b3e11bc5850dd4899b1c7492091a3cb6dd9b01b56ad828be2?s=96&d=mm&r=g\",\"contentUrl\":\"https:\\\/\\\/secure.gravatar.com\\\/avatar\\\/fe0f6a059fb68d9b3e11bc5850dd4899b1c7492091a3cb6dd9b01b56ad828be2?s=96&d=mm&r=g\",\"caption\":\"Exaudi Redacci\u00f3n\"},\"description\":\"\u00bfQu\u00e9 es Exaudi News? Exaudi News es un medio de comunicaci\u00f3n cat\u00f3lico internacional que informa, forma y transforma, diariamente en espa\u00f1ol, ingl\u00e9s e italiano. A trav\u00e9s de noticias, art\u00edculos de an\u00e1lisis y transmisiones en directo de los eventos del Papa, Exaudi busca fortalecer la unidad de los cristianos y contribuir a la evangelizaci\u00f3n del mundo, siempre guiados por la doctrina social de la Iglesia. Trabajamos para acercar la verdad y los valores cristianos a cada rinc\u00f3n del planeta. \u00a1Ay\u00fadanos a transformar el mundo con Exaudi! En Exaudi creemos que la evangelizaci\u00f3n y la informaci\u00f3n de calidad pueden cambiar vidas. Para continuar con nuestra misi\u00f3n y expandir nuestro alcance, necesitamos tu ayuda. Adem\u00e1s, buscamos personas comprometidas que deseen unirse a nuestro equipo. Con tu apoyo, lograremos llegar a m\u00e1s personas, difundir el mensaje de Cristo y reforzar la unidad de los cristianos. \u00bfTe unes a nuestra misi\u00f3n? Para m\u00e1s informaci\u00f3n sobre c\u00f3mo colaborar, visita Exaudi.org\\\/es o cont\u00e1ctanos directamente: info@exaudi.org Exaudi: Informa, forma y transforma.\",\"sameAs\":[\"https:\\\/\\\/www.facebook.com\\\/ExaudiNoticias\\\/\",\"https:\\\/\\\/www.instagram.com\\\/exaudi_noticias\\\/\",\"https:\\\/\\\/x.com\\\/Exaudi_noticias\",\"https:\\\/\\\/www.youtube.com\\\/@exaudicatholicnews\"],\"url\":\"https:\\\/\\\/exaudi.org\\\/es\\\/author\\\/redaccionexaudi\\\/\"}]}<\/script>\n<!-- \/ Yoast SEO plugin. -->","yoast_head_json":{"title":"El Papa Le\u00f3n XIV a la Secretar\u00eda de Estado: \u201cMe consuela saber que no estoy solo\u201d &#8211; Exaudi","robots":{"index":"index","follow":"follow","max-snippet":"max-snippet:-1","max-image-preview":"max-image-preview:large","max-video-preview":"max-video-preview:-1"},"canonical":"https:\/\/exaudi.org\/es\/leon-xiv-secretaria-estado-me-consuela-saber-que-no-estoy-solo\/","og_locale":"es_ES","og_type":"article","og_title":"El Papa Le\u00f3n XIV a la Secretar\u00eda de Estado: \u201cMe consuela saber que no estoy solo\u201d &#8211; Exaudi","og_description":"El Santo Padre recibi\u00f3 a los miembros de la Secretar\u00eda de Estado y reconoci\u00f3 su labor esencial en la misi\u00f3n de la Iglesia, alent\u00e1ndolos a ser una aut\u00e9ntica comunidad de fe, lejos de ambiciones y rivalidades","og_url":"https:\/\/exaudi.org\/es\/leon-xiv-secretaria-estado-me-consuela-saber-que-no-estoy-solo\/","og_site_name":"Exaudi","article_publisher":"https:\/\/www.facebook.com\/ExaudiNews","article_author":"https:\/\/www.facebook.com\/ExaudiNoticias\/","article_published_time":"2025-06-05T06:56:22+00:00","article_modified_time":"2025-06-05T11:06:55+00:00","og_image":[{"width":1000,"height":563,"url":"https:\/\/exaudi.org\/wp-content\/uploads\/2025\/06\/02.jpeg","type":"image\/jpeg"}],"author":"Exaudi Redacci\u00f3n","twitter_card":"summary_large_image","twitter_creator":"@Exaudi_noticias","twitter_site":"@Exaudi_News","twitter_misc":{"Escrito por":"Exaudi Redacci\u00f3n","Tiempo de lectura":"2 minutos"},"schema":{"@context":"https:\/\/schema.org","@graph":[{"@type":"Article","@id":"https:\/\/exaudi.org\/es\/leon-xiv-secretaria-estado-me-consuela-saber-que-no-estoy-solo\/#article","isPartOf":{"@id":"https:\/\/exaudi.org\/es\/leon-xiv-secretaria-estado-me-consuela-saber-que-no-estoy-solo\/"},"author":{"name":"Exaudi Redacci\u00f3n","@id":"https:\/\/exaudi.org\/#\/schema\/person\/f5fc8f063065e38742da7afe15f25df7"},"headline":"El Papa Le\u00f3n XIV a la Secretar\u00eda de Estado: \u201cMe consuela saber que no estoy solo\u201d","datePublished":"2025-06-05T06:56:22+00:00","dateModified":"2025-06-05T11:06:55+00:00","mainEntityOfPage":{"@id":"https:\/\/exaudi.org\/es\/leon-xiv-secretaria-estado-me-consuela-saber-que-no-estoy-solo\/"},"wordCount":499,"image":{"@id":"https:\/\/exaudi.org\/es\/leon-xiv-secretaria-estado-me-consuela-saber-que-no-estoy-solo\/#primaryimage"},"thumbnailUrl":"https:\/\/exaudi.org\/wp-content\/uploads\/2025\/06\/02.jpeg","keywords":["audiencia papal","Catolicidad","colaboraci\u00f3n en la Iglesia","comunidad de fe","curia romana","Discurso del Papa","encarnaci\u00f3n del Evangelio","Iglesia cat\u00f3lica","Iglesia y diplomacia","papa le\u00f3n xiv","Pietro Parol\u00edn","Pontificado","Reforma de la Curia","San Pablo VI","Santa Sede","Secretar\u00eda de Estado","servicio a la Iglesia","trabajo en el Vaticano","Trending","universalidad de la Iglesia","Vaticano"],"articleSection":["Le\u00f3n XIV","Vaticano"],"inLanguage":"es"},{"@type":"WebPage","@id":"https:\/\/exaudi.org\/es\/leon-xiv-secretaria-estado-me-consuela-saber-que-no-estoy-solo\/","url":"https:\/\/exaudi.org\/es\/leon-xiv-secretaria-estado-me-consuela-saber-que-no-estoy-solo\/","name":"El Papa Le\u00f3n XIV a la Secretar\u00eda de Estado: \u201cMe consuela saber que no estoy solo\u201d &#8211; Exaudi","isPartOf":{"@id":"https:\/\/exaudi.org\/#website"},"primaryImageOfPage":{"@id":"https:\/\/exaudi.org\/es\/leon-xiv-secretaria-estado-me-consuela-saber-que-no-estoy-solo\/#primaryimage"},"image":{"@id":"https:\/\/exaudi.org\/es\/leon-xiv-secretaria-estado-me-consuela-saber-que-no-estoy-solo\/#primaryimage"},"thumbnailUrl":"https:\/\/exaudi.org\/wp-content\/uploads\/2025\/06\/02.jpeg","datePublished":"2025-06-05T06:56:22+00:00","dateModified":"2025-06-05T11:06:55+00:00","author":{"@id":"https:\/\/exaudi.org\/#\/schema\/person\/f5fc8f063065e38742da7afe15f25df7"},"breadcrumb":{"@id":"https:\/\/exaudi.org\/es\/leon-xiv-secretaria-estado-me-consuela-saber-que-no-estoy-solo\/#breadcrumb"},"inLanguage":"es","potentialAction":[{"@type":"ReadAction","target":["https:\/\/exaudi.org\/es\/leon-xiv-secretaria-estado-me-consuela-saber-que-no-estoy-solo\/"]}]},{"@type":"ImageObject","inLanguage":"es","@id":"https:\/\/exaudi.org\/es\/leon-xiv-secretaria-estado-me-consuela-saber-que-no-estoy-solo\/#primaryimage","url":"https:\/\/exaudi.org\/wp-content\/uploads\/2025\/06\/02.jpeg","contentUrl":"https:\/\/exaudi.org\/wp-content\/uploads\/2025\/06\/02.jpeg","width":1000,"height":563},{"@type":"BreadcrumbList","@id":"https:\/\/exaudi.org\/es\/leon-xiv-secretaria-estado-me-consuela-saber-que-no-estoy-solo\/#breadcrumb","itemListElement":[{"@type":"ListItem","position":1,"name":"Portada","item":"https:\/\/exaudi.org\/es\/"},{"@type":"ListItem","position":2,"name":"El Papa Le\u00f3n XIV a la Secretar\u00eda de Estado: \u201cMe consuela saber que no estoy solo\u201d"}]},{"@type":"WebSite","@id":"https:\/\/exaudi.org\/#website","url":"https:\/\/exaudi.org\/","name":"Exaudi","description":"News","potentialAction":[{"@type":"SearchAction","target":{"@type":"EntryPoint","urlTemplate":"https:\/\/exaudi.org\/?s={search_term_string}"},"query-input":{"@type":"PropertyValueSpecification","valueRequired":true,"valueName":"search_term_string"}}],"inLanguage":"es"},{"@type":"Person","@id":"https:\/\/exaudi.org\/#\/schema\/person\/f5fc8f063065e38742da7afe15f25df7","name":"Exaudi Redacci\u00f3n","image":{"@type":"ImageObject","inLanguage":"es","@id":"https:\/\/secure.gravatar.com\/avatar\/fe0f6a059fb68d9b3e11bc5850dd4899b1c7492091a3cb6dd9b01b56ad828be2?s=96&d=mm&r=g","url":"https:\/\/secure.gravatar.com\/avatar\/fe0f6a059fb68d9b3e11bc5850dd4899b1c7492091a3cb6dd9b01b56ad828be2?s=96&d=mm&r=g","contentUrl":"https:\/\/secure.gravatar.com\/avatar\/fe0f6a059fb68d9b3e11bc5850dd4899b1c7492091a3cb6dd9b01b56ad828be2?s=96&d=mm&r=g","caption":"Exaudi Redacci\u00f3n"},"description":"\u00bfQu\u00e9 es Exaudi News? Exaudi News es un medio de comunicaci\u00f3n cat\u00f3lico internacional que informa, forma y transforma, diariamente en espa\u00f1ol, ingl\u00e9s e italiano. A trav\u00e9s de noticias, art\u00edculos de an\u00e1lisis y transmisiones en directo de los eventos del Papa, Exaudi busca fortalecer la unidad de los cristianos y contribuir a la evangelizaci\u00f3n del mundo, siempre guiados por la doctrina social de la Iglesia. Trabajamos para acercar la verdad y los valores cristianos a cada rinc\u00f3n del planeta. \u00a1Ay\u00fadanos a transformar el mundo con Exaudi! En Exaudi creemos que la evangelizaci\u00f3n y la informaci\u00f3n de calidad pueden cambiar vidas. Para continuar con nuestra misi\u00f3n y expandir nuestro alcance, necesitamos tu ayuda. Adem\u00e1s, buscamos personas comprometidas que deseen unirse a nuestro equipo. Con tu apoyo, lograremos llegar a m\u00e1s personas, difundir el mensaje de Cristo y reforzar la unidad de los cristianos. \u00bfTe unes a nuestra misi\u00f3n? Para m\u00e1s informaci\u00f3n sobre c\u00f3mo colaborar, visita Exaudi.org\/es o cont\u00e1ctanos directamente: info@exaudi.org Exaudi: Informa, forma y transforma.","sameAs":["https:\/\/www.facebook.com\/ExaudiNoticias\/","https:\/\/www.instagram.com\/exaudi_noticias\/","https:\/\/x.com\/Exaudi_noticias","https:\/\/www.youtube.com\/@exaudicatholicnews"],"url":"https:\/\/exaudi.org\/es\/author\/redaccionexaudi\/"}]}},"jetpack_featured_media_url":"https:\/\/exaudi.org\/wp-content\/uploads\/2025\/06\/02.jpeg","jetpack_shortlink":"https:\/\/wp.me\/pgKjF2-x9q","_links":{"self":[{"href":"https:\/\/exaudi.org\/es\/wp-json\/wp\/v2\/posts\/127436","targetHints":{"allow":["GET"]}}],"collection":[{"href":"https:\/\/exaudi.org\/es\/wp-json\/wp\/v2\/posts"}],"about":[{"href":"https:\/\/exaudi.org\/es\/wp-json\/wp\/v2\/types\/post"}],"author":[{"embeddable":true,"href":"https:\/\/exaudi.org\/es\/wp-json\/wp\/v2\/users\/15"}],"replies":[{"embeddable":true,"href":"https:\/\/exaudi.org\/es\/wp-json\/wp\/v2\/comments?post=127436"}],"version-history":[{"count":0,"href":"https:\/\/exaudi.org\/es\/wp-json\/wp\/v2\/posts\/127436\/revisions"}],"wp:featuredmedia":[{"embeddable":true,"href":"https:\/\/exaudi.org\/es\/wp-json\/wp\/v2\/media\/127437"}],"wp:attachment":[{"href":"https:\/\/exaudi.org\/es\/wp-json\/wp\/v2\/media?parent=127436"}],"wp:term":[{"taxonomy":"category","embeddable":true,"href":"https:\/\/exaudi.org\/es\/wp-json\/wp\/v2\/categories?post=127436"},{"taxonomy":"post_tag","embeddable":true,"href":"https:\/\/exaudi.org\/es\/wp-json\/wp\/v2\/tags?post=127436"}],"curies":[{"name":"wp","href":"https:\/\/api.w.org\/{rel}","templated":true}]}}