{"id":127261,"date":"2025-06-04T08:00:36","date_gmt":"2025-06-04T06:00:36","guid":{"rendered":"https:\/\/exaudi.org\/?p=127261"},"modified":"2025-06-04T17:21:45","modified_gmt":"2025-06-04T15:21:45","slug":"rezar-medio-caos-encontrar-dios-vida-tareas-patricia-jimenez-ramirez","status":"publish","type":"post","link":"https:\/\/exaudi.org\/es\/rezar-medio-caos-encontrar-dios-vida-tareas-patricia-jimenez-ramirez\/","title":{"rendered":"Rezar en medio del caos: encontrar a Dios en una vida llena de tareas"},"content":{"rendered":"<p data-start=\"781\" data-end=\"1143\">Vivimos corriendo. Trabajo, estudios, hijos, tareas dom\u00e9sticas, el m\u00f3vil que no deja de sonar\u2026 En medio de tanto ruido, muchos cat\u00f3licos sienten que <strong data-start=\"930\" data-end=\"948\">no pueden orar<\/strong> o que <strong data-start=\"955\" data-end=\"974\">Dios est\u00e1 lejos<\/strong>. Pero no es as\u00ed. Los \u00faltimos Papas \u2014desde san Juan Pablo I hasta Francisco\u2014 han insistido: <strong data-start=\"1067\" data-end=\"1142\">la oraci\u00f3n no es un lujo para unos pocos, sino una necesidad para todos<\/strong>.<\/p>\n<p><iframe title=\"Spotify Embed: Rezar en medio del caos: encontrar a Dios en una vida llena de tareas\" style=\"border-radius: 12px\" width=\"100%\" height=\"152\" frameborder=\"0\" allowfullscreen allow=\"autoplay; clipboard-write; encrypted-media; fullscreen; picture-in-picture\" loading=\"lazy\" src=\"https:\/\/open.spotify.com\/embed\/episode\/7tHqMQurIWHIpYZBPneIm3?si=66a6abad7e364200&#038;utm_source=oembed\"><\/iframe><\/p>\n<h3 data-start=\"1150\" data-end=\"1219\"><strong data-start=\"1158\" data-end=\"1219\">1. La oraci\u00f3n no es una tarea m\u00e1s, es un respiro del alma<\/strong><\/h3>\n<p data-start=\"1221\" data-end=\"1247\">San Juan Pablo II dec\u00eda:<\/p>\n<p style=\"text-align: center;\" data-start=\"1250\" data-end=\"1404\"><em>\u201cNo teng\u00e1is miedo de dedicar tiempo a Cristo. El tiempo dedicado a \u00c9l no es tiempo perdido, sino ganado para la humanidad.\u201d<\/em><br data-start=\"1373\" data-end=\"1376\" \/>(<em data-start=\"1379\" data-end=\"1403\">Homil\u00eda en Par\u00eds, 1980<\/em>)<\/p>\n<p data-start=\"1406\" data-end=\"1582\">No se trata de a\u00f1adir m\u00e1s peso a la agenda, sino de darle sentido. Como ense\u00f1aba Benedicto XVI, <strong data-start=\"1502\" data-end=\"1542\">la oraci\u00f3n no compite con tus tareas<\/strong>, sino que las <strong data-start=\"1557\" data-end=\"1581\">ilumina desde dentro<\/strong>:<\/p>\n<p style=\"text-align: center;\" data-start=\"1586\" data-end=\"1769\"><em>\u201cEl tiempo dedicado a Dios en la oraci\u00f3n no solo no perjudica nuestras actividades, sino que es una ayuda interior para llevarlas a cabo.\u201d<\/em><br data-start=\"1724\" data-end=\"1727\" \/>(<em data-start=\"1730\" data-end=\"1768\">Audiencia general, 4 de mayo de 2011<\/em>)<\/p>\n<h3 data-start=\"1776\" data-end=\"1839\"><strong data-start=\"1785\" data-end=\"1839\">2. Claves concretas para orar en la vida cotidiana<\/strong><\/h3>\n<p data-start=\"1841\" data-end=\"1953\">Aqu\u00ed tienes algunas ideas pr\u00e1cticas para cultivar una vida de oraci\u00f3n cuando parece que no hay tiempo para nada:<\/p>\n<p data-start=\"1955\" data-end=\"2055\"><strong data-start=\"1955\" data-end=\"1991\">Oraci\u00f3n breve y constante:<\/strong><\/p>\n<p data-start=\"1955\" data-end=\"2055\">Jes\u00fas no necesita discursos. Como recuerda el Papa Francisco:<\/p>\n<p style=\"text-align: center;\" data-start=\"2059\" data-end=\"2207\"><em>\u201cNo hacen falta palabras complicadas, basta con decir: \u2018Se\u00f1or, ay\u00fadame\u2019, \u2018Se\u00f1or, ten piedad\u2019, \u2018Jes\u00fas, te amo\u2019.\u201d<\/em><br data-start=\"2170\" data-end=\"2173\" \/>(<em data-start=\"2176\" data-end=\"2206\">\u00c1ngelus, 16 de enero de 2022<\/em>)<\/p>\n<p data-start=\"2209\" data-end=\"2331\">Rezar en el coche, mientras haces la compra o antes de entrar a una reuni\u00f3n puede ser aut\u00e9ntica oraci\u00f3n si se hace con fe.<\/p>\n<p data-start=\"2333\" data-end=\"2413\"><strong data-start=\"2333\" data-end=\"2383\">Fija un momento fijo, aunque sea breve:<\/strong><\/p>\n<p data-start=\"2333\" data-end=\"2413\">Benedicto XVI aconsejaba:<\/p>\n<p style=\"text-align: center;\" data-start=\"2416\" data-end=\"2591\"><em>\u201cBuscar diariamente un tiempo para estar a solas con el Se\u00f1or es una ayuda indispensable para no quedarse en la superficie de las cosas.\u201d<\/em><br data-start=\"2553\" data-end=\"2556\" \/>(<em data-start=\"2559\" data-end=\"2590\">Discurso a seminaristas, 2010<\/em>)<\/p>\n<p data-start=\"2593\" data-end=\"2651\">\u00bfPuedes ofrecerle 5 minutos al despertarte o al acostarte?<\/p>\n<p data-start=\"2653\" data-end=\"2908\"><strong data-start=\"2653\" data-end=\"2712\">Ap\u00f3yate en lo sencillo: Rosario, Palabra, m\u00fasica:<\/strong><\/p>\n<p data-start=\"2653\" data-end=\"2908\">Un misterio del Rosario en familia, una lectura del Evangelio del d\u00eda mientras desayunas, o m\u00fasica cristiana en tus auriculares mientras caminas, te pueden conectar con Dios sin complicaciones.<\/p>\n<p data-start=\"2653\" data-end=\"2908\"><strong data-start=\"2910\" data-end=\"2976\">La familia tambi\u00e9n puede rezar con gestos simples:<\/strong><\/p>\n<p data-start=\"2653\" data-end=\"2908\">Rezar juntos antes de dormir, dar gracias en la comida o bendecir a los hijos al salir de casa. \u201cLa familia que reza unida permanece unida\u201d, repet\u00eda Juan Pablo II recordando a san Juan XXIII.<\/p>\n<h3 data-start=\"3177\" data-end=\"3249\"><strong data-start=\"3185\" data-end=\"3249\">3. No te desanimes: el caos no apaga la oraci\u00f3n, la purifica<\/strong><\/h3>\n<p data-start=\"3251\" data-end=\"3281\">El Papa Francisco nos alienta:<\/p>\n<p style=\"text-align: center;\" data-start=\"3285\" data-end=\"3428\"><em>\u201cDios no busca oraciones perfectas, sino corazones abiertos. En medio de tu agitaci\u00f3n, \u00c9l est\u00e1 all\u00ed.\u201d<\/em><br data-start=\"3386\" data-end=\"3389\" \/>(<em data-start=\"3392\" data-end=\"3427\">Catequesis sobre la oraci\u00f3n, 2020<\/em>)<\/p>\n<p data-start=\"3430\" data-end=\"3461\">Y Benedicto XVI lo resumi\u00f3 as\u00ed:<\/p>\n<p style=\"text-align: center;\" data-start=\"3465\" data-end=\"3580\"><em>\u201cLa oraci\u00f3n no es algo accesorio, sino una cuesti\u00f3n de vida o muerte.\u201d<\/em><br data-start=\"3535\" data-end=\"3538\" \/>(<em data-start=\"3541\" data-end=\"3579\">Audiencia general, 3 de mayo de 2012<\/em>)<\/p>\n<h3 data-start=\"259\" data-end=\"322\"><strong data-start=\"266\" data-end=\"322\">4. Ideas concretas para hacer oraci\u00f3n todos los d\u00edas<\/strong><\/h3>\n<p data-start=\"324\" data-end=\"519\">No se trata de hacer grandes cosas, sino de <strong data-start=\"368\" data-end=\"401\">acoger a Dios en las peque\u00f1as<\/strong>, como dec\u00eda santa Teresita. Aqu\u00ed tienes ideas sencillas y realistas para mantener el coraz\u00f3n en Dios, todos los d\u00edas:<\/p>\n<h4 data-start=\"526\" data-end=\"560\"><strong data-start=\"533\" data-end=\"558\">Rezar al despertar<\/strong><\/h4>\n<p data-start=\"561\" data-end=\"591\">Antes de mirar el m\u00f3vil, di:<\/p>\n<p style=\"text-align: center;\" data-start=\"594\" data-end=\"732\"><em>\u201cSe\u00f1or, gracias por este nuevo d\u00eda. Que todo lo que haga sea para tu gloria.\u201d<\/em><br data-start=\"671\" data-end=\"674\" \/>Puedes a\u00f1adir un Padrenuestro o invocar al Esp\u00edritu Santo.<\/p>\n<h4 data-start=\"739\" data-end=\"769\"><strong data-start=\"746\" data-end=\"767\">Ofrecer tu d\u00eda<\/strong><\/h4>\n<p data-start=\"770\" data-end=\"807\">Mientras te vistes o tomas el caf\u00e9:<\/p>\n<p style=\"text-align: center;\" data-start=\"810\" data-end=\"955\"><em>\u201cJes\u00fas, te ofrezco este d\u00eda: mis trabajos, mis cansancios, mis alegr\u00edas.\u201d<\/em><br data-start=\"883\" data-end=\"886\" \/>(San Josemar\u00eda Escriv\u00e1 recomendaba este acto de ofrecimiento diario).<\/p>\n<h4 data-start=\"962\" data-end=\"1011\"><strong data-start=\"970\" data-end=\"1009\">Rezar mientras conduces o caminas<\/strong><\/h4>\n<p data-start=\"1012\" data-end=\"1153\">Aprovecha traslados para rezar un misterio del Rosario, escuchar una meditaci\u00f3n, poner m\u00fasica cristiana o hablar con Jes\u00fas como con un amigo.<\/p>\n<h4 data-start=\"1160\" data-end=\"1213\"><strong data-start=\"1168\" data-end=\"1211\">Leer una frase del Evangelio del d\u00eda<\/strong><\/h4>\n<p data-start=\"1214\" data-end=\"1324\">Una l\u00ednea puede iluminar tu jornada.<\/p>\n<h4 data-start=\"1331\" data-end=\"1403\"><strong data-start=\"1339\" data-end=\"1401\">Rezar el \u00c1ngelus (o Regina Coeli en Pascua) a las 12:00<\/strong><\/h4>\n<p data-start=\"1404\" data-end=\"1539\">Una costumbre diaria que te une a la Iglesia universal. Solo toma 2-3 minutos y te ayuda a <strong data-start=\"1495\" data-end=\"1536\">poner a Cristo en el centro de tu d\u00eda<\/strong>.<\/p>\n<p style=\"text-align: center;\" data-start=\"1542\" data-end=\"1649\"><em>\u201cEl \u00e1ngel del Se\u00f1or anunci\u00f3 a Mar\u00eda\u2026\u201d<\/em><br data-start=\"1579\" data-end=\"1582\" \/>(Puedes rezarlo solo, en familia o con quien est\u00e9s en ese momento).<\/p>\n<h4 data-start=\"1656\" data-end=\"1690\"><strong data-start=\"1665\" data-end=\"1688\">Bendecir la mesa<\/strong><\/h4>\n<p data-start=\"1691\" data-end=\"1736\">Con tu familia o en silencio si est\u00e1s solo:<\/p>\n<p style=\"text-align: center;\" data-start=\"1739\" data-end=\"1793\"><em>\u201cBendice, Se\u00f1or, estos alimentos que vamos a recibir\u2026\u201d<\/em><\/p>\n<h4 data-start=\"1800\" data-end=\"1854\"><strong data-start=\"1808\" data-end=\"1852\">Rezar el Rosario (completo o parcial)<\/strong><\/h4>\n<p data-start=\"1855\" data-end=\"1989\">Un misterio mientras haces ejercicio, cocinas o antes de dormir.<\/p>\n<p data-start=\"1855\" data-end=\"1989\">Los Papas lo recomiendan especialmente en tiempos dif\u00edciles.<\/p>\n<h4 data-start=\"1996\" data-end=\"2056\"><strong data-start=\"2004\" data-end=\"2054\">Visitar al Sant\u00edsimo (aunque sea un minuto)<\/strong><\/h4>\n<p data-start=\"2057\" data-end=\"2101\">Si pasas cerca de una iglesia, entra y di:<\/p>\n<p style=\"text-align: center;\" data-start=\"2104\" data-end=\"2156\"><em>\u201cJes\u00fas, estoy aqu\u00ed. Ay\u00fadame a vivir unido a Ti hoy.\u201d<\/em><\/p>\n<h4 data-start=\"2163\" data-end=\"2210\"><strong data-start=\"2171\" data-end=\"2208\">Tres Avemar\u00edas antes de dormir<\/strong><\/h4>\n<p data-start=\"2211\" data-end=\"2332\">Una bell\u00edsima devoci\u00f3n tradicional para <strong data-start=\"2251\" data-end=\"2295\">consagrarte a la Virgen Mar\u00eda cada noche<\/strong> y pedirle pureza de alma y cuerpo.<\/p>\n<p style=\"text-align: center;\" data-start=\"2335\" data-end=\"2392\"><em>\u201cMar\u00eda, Madre m\u00eda, l\u00edbrame esta noche del pecado mortal.\u201d<\/em><\/p>\n<h4 data-start=\"2399\" data-end=\"2456\"><strong data-start=\"2408\" data-end=\"2454\">Revisi\u00f3n del d\u00eda y oraci\u00f3n de la noche<\/strong><\/h4>\n<p data-start=\"2457\" data-end=\"2527\">Antes de dormir, agradece, pide perd\u00f3n y entrega tu descanso a Dios.<\/p>\n<p style=\"text-align: center;\" data-start=\"2530\" data-end=\"2609\"><em>\u201cGracias por este d\u00eda. Perd\u00f3n por lo que fall\u00e9. En tus manos, Se\u00f1or, descanso.\u201d<\/em><\/p>\n<h4 data-start=\"2616\" data-end=\"2662\"><strong data-start=\"2624\" data-end=\"2660\">Extra: Pon recordatorios en casa<\/strong><\/h4>\n<p data-start=\"2663\" data-end=\"2807\">Una cruz visible, una imagen de la Virgen, una vela o una cita b\u00edblica en la nevera\u2026 peque\u00f1os signos que te recuerdan que <strong data-start=\"2785\" data-end=\"2806\">Dios est\u00e1 contigo<\/strong>.<\/p>\n<p data-start=\"2814\" data-end=\"2978\">Estas pr\u00e1cticas diarias, aunque peque\u00f1as, <strong data-start=\"2856\" data-end=\"2897\">mantienen encendida la llama de la fe<\/strong>. Porque en el caos diario, Dios no busca perfecci\u00f3n, sino un coraz\u00f3n disponible.<\/p>\n<p style=\"text-align: center;\" data-start=\"2982\" data-end=\"3039\"><em>\u201cEl alma que ora nunca est\u00e1 sola.\u201d<\/em><br data-start=\"3016\" data-end=\"3019\" \/>\u2014San Juan Pablo II<\/p>\n<h3 data-start=\"3587\" data-end=\"3658\"><strong data-start=\"3594\" data-end=\"3658\">La oraci\u00f3n es posible, incluso en medio del caos<\/strong><\/h3>\n<p data-start=\"3660\" data-end=\"3855\">No esperes a tener tiempo libre para orar. Haz de tu vida un lugar donde <strong data-start=\"3733\" data-end=\"3763\">Dios entre en lo cotidiano<\/strong>, en el ruido, en el cansancio, en tus peque\u00f1as fidelidades. Como dec\u00eda san Juan Pablo II:<\/p>\n<p style=\"text-align: center;\" data-start=\"3858\" data-end=\"3909\"><em>\u201cLa oraci\u00f3n transforma el coraz\u00f3n y la historia.\u201d<\/em><\/p>\n<p data-start=\"3911\" data-end=\"3976\">Y como dir\u00eda Juan Pablo I, con su estilo sencillo y entra\u00f1able:<\/p>\n<p style=\"text-align: center;\" data-start=\"3979\" data-end=\"4113\"><em>\u201cDios es padre, m\u00e1s a\u00fan, es madre. Y si t\u00fa no puedes hablarle con palabras bonitas, h\u00e1blale como un ni\u00f1o cansado que se deja abrazar.\u201d<\/em><\/p>\n<p data-start=\"3979\" data-end=\"4113\"><img loading=\"lazy\" decoding=\"async\" class=\"size-full wp-image-127270 alignnone\" src=\"https:\/\/exaudi.org\/wp-content\/uploads\/2025\/06\/voces-3.jpg\" alt=\"\" width=\"1080\" height=\"1080\" srcset=\"https:\/\/exaudi.org\/wp-content\/uploads\/2025\/06\/voces-3.jpg 1080w, https:\/\/exaudi.org\/wp-content\/uploads\/2025\/06\/voces-3-300x300.jpg 300w, https:\/\/exaudi.org\/wp-content\/uploads\/2025\/06\/voces-3-1024x1024.jpg 1024w, https:\/\/exaudi.org\/wp-content\/uploads\/2025\/06\/voces-3-100x100.jpg?crop=1 100w, https:\/\/exaudi.org\/wp-content\/uploads\/2025\/06\/voces-3-770x770.jpg 770w, https:\/\/exaudi.org\/wp-content\/uploads\/2025\/06\/voces-3-500x500.jpg 500w\" sizes=\"auto, (max-width: 1080px) 100vw, 1080px\" \/><\/p>\n","protected":false},"excerpt":{"rendered":"<p>Padres con ni\u00f1os, estudiantes agobiados, trabajadores sin tregua\u2026 Todos pueden tener vida de oraci\u00f3n. Te damos claves sencillas y luminosas para rezar incluso en los d\u00edas m\u00e1s ca\u00f3ticos, con la gu\u00eda de los \u00faltimos Papas<\/p>\n","protected":false},"author":151,"featured_media":127263,"comment_status":"closed","ping_status":"closed","sticky":false,"template":"","format":"standard","meta":{"_acf_changed":false,"_crdt_document":"","inline_featured_image":false,"footnotes":""},"categories":[],"tags":[191,61274,61273,61281,51794,12933,22344,61282,61288,61275,61277,61276,20811,20811,33805,61280,61287,61283,61272,61284,61279,61285,61286,46596,61278,7892,61289],"class_list":{"0":"post-127261","1":"post","2":"type-post","3":"status-publish","4":"format-standard","5":"has-post-thumbnail","6":"hentry","7":"tag-angelus","8":"tag-claves-para-orar","9":"tag-como-rezar-cada-dia","10":"tag-consejos-de-oracion","11":"tag-espiritualidad-cotidiana","12":"tag-evangelio-del-dia","13":"tag-oracion-catolica","14":"tag-oracion-catolica-diaria","15":"tag-oracion-catolica-tradicional","16":"tag-oracion-de-los-padres","17":"tag-oracion-del-estudiante","18":"tag-oracion-del-trabajador","19":"tag-oracion-diaria","21":"tag-oracion-en-familia","22":"tag-oracion-en-medio-del-trabajo","23":"tag-oracion-nocturna","24":"tag-oracion-sencilla","25":"tag-rezar-caos","26":"tag-rezar-con-los-hijos","27":"tag-rezar-en-el-caos","28":"tag-rezar-en-pareja","29":"tag-rezo-matutino","30":"tag-rosario-diario","31":"tag-tres-avemarias","32":"tag-vida-de-oracion","33":"tag-visitar-al-santisimo"},"acf":[],"yoast_head":"<!-- This site is optimized with the Yoast SEO plugin v27.4 - https:\/\/yoast.com\/product\/yoast-seo-wordpress\/ -->\n<title>Rezar en medio del caos: encontrar a Dios en una vida llena de tareas &#8211; Exaudi<\/title>\n<meta name=\"robots\" content=\"index, follow, max-snippet:-1, max-image-preview:large, max-video-preview:-1\" \/>\n<link rel=\"canonical\" href=\"https:\/\/exaudi.org\/es\/rezar-medio-caos-encontrar-dios-vida-tareas-patricia-jimenez-ramirez\/\" \/>\n<meta property=\"og:locale\" content=\"es_ES\" \/>\n<meta property=\"og:type\" content=\"article\" \/>\n<meta property=\"og:title\" content=\"Rezar en medio del caos: encontrar a Dios en una vida llena de tareas &#8211; Exaudi\" \/>\n<meta property=\"og:description\" content=\"Padres con ni\u00f1os, estudiantes agobiados, trabajadores sin tregua\u2026 Todos pueden tener vida de oraci\u00f3n. Te damos claves sencillas y luminosas para rezar incluso en los d\u00edas m\u00e1s ca\u00f3ticos, con la gu\u00eda de los \u00faltimos Papas\" \/>\n<meta property=\"og:url\" content=\"https:\/\/exaudi.org\/es\/rezar-medio-caos-encontrar-dios-vida-tareas-patricia-jimenez-ramirez\/\" \/>\n<meta property=\"og:site_name\" content=\"Exaudi\" \/>\n<meta property=\"article:publisher\" content=\"https:\/\/www.facebook.com\/ExaudiNews\" \/>\n<meta property=\"article:published_time\" content=\"2025-06-04T06:00:36+00:00\" \/>\n<meta property=\"article:modified_time\" content=\"2025-06-04T15:21:45+00:00\" \/>\n<meta property=\"og:image\" content=\"https:\/\/exaudi.org\/wp-content\/uploads\/2025\/06\/pexels-arina-krasnikova-5418297-scaled.jpg\" \/>\n\t<meta property=\"og:image:width\" content=\"2560\" \/>\n\t<meta property=\"og:image:height\" content=\"1709\" \/>\n\t<meta property=\"og:image:type\" content=\"image\/jpeg\" \/>\n<meta name=\"author\" content=\"Patricia Jim\u00e9nez Ram\u00edrez\" \/>\n<meta name=\"twitter:card\" content=\"summary_large_image\" \/>\n<meta name=\"twitter:creator\" content=\"@Exaudi_News\" \/>\n<meta name=\"twitter:site\" content=\"@Exaudi_News\" \/>\n<meta name=\"twitter:label1\" content=\"Escrito por\" \/>\n\t<meta name=\"twitter:data1\" content=\"Patricia Jim\u00e9nez Ram\u00edrez\" \/>\n\t<meta name=\"twitter:label2\" content=\"Tiempo de lectura\" \/>\n\t<meta name=\"twitter:data2\" content=\"5 minutos\" \/>\n<script type=\"application\/ld+json\" class=\"yoast-schema-graph\">{\"@context\":\"https:\\\/\\\/schema.org\",\"@graph\":[{\"@type\":\"Article\",\"@id\":\"https:\\\/\\\/exaudi.org\\\/es\\\/rezar-medio-caos-encontrar-dios-vida-tareas-patricia-jimenez-ramirez\\\/#article\",\"isPartOf\":{\"@id\":\"https:\\\/\\\/exaudi.org\\\/es\\\/rezar-medio-caos-encontrar-dios-vida-tareas-patricia-jimenez-ramirez\\\/\"},\"author\":{\"name\":\"Patricia Jim\u00e9nez Ram\u00edrez\",\"@id\":\"https:\\\/\\\/exaudi.org\\\/#\\\/schema\\\/person\\\/e7ff749045cafab5d7b926bb4edeaa51\"},\"headline\":\"Rezar en medio del caos: encontrar a Dios en una vida llena de tareas\",\"datePublished\":\"2025-06-04T06:00:36+00:00\",\"dateModified\":\"2025-06-04T15:21:45+00:00\",\"mainEntityOfPage\":{\"@id\":\"https:\\\/\\\/exaudi.org\\\/es\\\/rezar-medio-caos-encontrar-dios-vida-tareas-patricia-jimenez-ramirez\\\/\"},\"wordCount\":1050,\"image\":{\"@id\":\"https:\\\/\\\/exaudi.org\\\/es\\\/rezar-medio-caos-encontrar-dios-vida-tareas-patricia-jimenez-ramirez\\\/#primaryimage\"},\"thumbnailUrl\":\"https:\\\/\\\/exaudi.org\\\/wp-content\\\/uploads\\\/2025\\\/06\\\/pexels-arina-krasnikova-5418297-scaled.jpg\",\"keywords\":[\"\u00e1ngelus\",\"claves para orar\",\"c\u00f3mo rezar cada d\u00eda\",\"consejos de oraci\u00f3n\",\"espiritualidad cotidiana\",\"Evangelio del dia\",\"oraci\u00f3n cat\u00f3lica\",\"oraci\u00f3n cat\u00f3lica diaria\",\"oraci\u00f3n cat\u00f3lica tradicional\",\"oraci\u00f3n de los padres\",\"oraci\u00f3n del estudiante\",\"oraci\u00f3n del trabajador\",\"oraci\u00f3n diaria\",\"oraci\u00f3n diaria\",\"oraci\u00f3n en familia\",\"oraci\u00f3n en medio del trabajo\",\"oraci\u00f3n nocturna\",\"oraci\u00f3n sencilla\",\"Rezar Caos\",\"rezar con los hijos\",\"rezar en el caos\",\"rezar en pareja\",\"rezo matutino\",\"Rosario diario\",\"tres Avemar\u00edas\",\"Vida de oraci\u00f3n\",\"visitar al Sant\u00edsimo\"],\"inLanguage\":\"es\"},{\"@type\":\"WebPage\",\"@id\":\"https:\\\/\\\/exaudi.org\\\/es\\\/rezar-medio-caos-encontrar-dios-vida-tareas-patricia-jimenez-ramirez\\\/\",\"url\":\"https:\\\/\\\/exaudi.org\\\/es\\\/rezar-medio-caos-encontrar-dios-vida-tareas-patricia-jimenez-ramirez\\\/\",\"name\":\"Rezar en medio del caos: encontrar a Dios en una vida llena de tareas &#8211; Exaudi\",\"isPartOf\":{\"@id\":\"https:\\\/\\\/exaudi.org\\\/#website\"},\"primaryImageOfPage\":{\"@id\":\"https:\\\/\\\/exaudi.org\\\/es\\\/rezar-medio-caos-encontrar-dios-vida-tareas-patricia-jimenez-ramirez\\\/#primaryimage\"},\"image\":{\"@id\":\"https:\\\/\\\/exaudi.org\\\/es\\\/rezar-medio-caos-encontrar-dios-vida-tareas-patricia-jimenez-ramirez\\\/#primaryimage\"},\"thumbnailUrl\":\"https:\\\/\\\/exaudi.org\\\/wp-content\\\/uploads\\\/2025\\\/06\\\/pexels-arina-krasnikova-5418297-scaled.jpg\",\"datePublished\":\"2025-06-04T06:00:36+00:00\",\"dateModified\":\"2025-06-04T15:21:45+00:00\",\"author\":{\"@id\":\"https:\\\/\\\/exaudi.org\\\/#\\\/schema\\\/person\\\/e7ff749045cafab5d7b926bb4edeaa51\"},\"breadcrumb\":{\"@id\":\"https:\\\/\\\/exaudi.org\\\/es\\\/rezar-medio-caos-encontrar-dios-vida-tareas-patricia-jimenez-ramirez\\\/#breadcrumb\"},\"inLanguage\":\"es\",\"potentialAction\":[{\"@type\":\"ReadAction\",\"target\":[\"https:\\\/\\\/exaudi.org\\\/es\\\/rezar-medio-caos-encontrar-dios-vida-tareas-patricia-jimenez-ramirez\\\/\"]}]},{\"@type\":\"ImageObject\",\"inLanguage\":\"es\",\"@id\":\"https:\\\/\\\/exaudi.org\\\/es\\\/rezar-medio-caos-encontrar-dios-vida-tareas-patricia-jimenez-ramirez\\\/#primaryimage\",\"url\":\"https:\\\/\\\/exaudi.org\\\/wp-content\\\/uploads\\\/2025\\\/06\\\/pexels-arina-krasnikova-5418297-scaled.jpg\",\"contentUrl\":\"https:\\\/\\\/exaudi.org\\\/wp-content\\\/uploads\\\/2025\\\/06\\\/pexels-arina-krasnikova-5418297-scaled.jpg\",\"width\":2560,\"height\":1709},{\"@type\":\"BreadcrumbList\",\"@id\":\"https:\\\/\\\/exaudi.org\\\/es\\\/rezar-medio-caos-encontrar-dios-vida-tareas-patricia-jimenez-ramirez\\\/#breadcrumb\",\"itemListElement\":[{\"@type\":\"ListItem\",\"position\":1,\"name\":\"Portada\",\"item\":\"https:\\\/\\\/exaudi.org\\\/es\\\/\"},{\"@type\":\"ListItem\",\"position\":2,\"name\":\"Rezar en medio del caos: encontrar a Dios en una vida llena de tareas\"}]},{\"@type\":\"WebSite\",\"@id\":\"https:\\\/\\\/exaudi.org\\\/#website\",\"url\":\"https:\\\/\\\/exaudi.org\\\/\",\"name\":\"Exaudi\",\"description\":\"News\",\"potentialAction\":[{\"@type\":\"SearchAction\",\"target\":{\"@type\":\"EntryPoint\",\"urlTemplate\":\"https:\\\/\\\/exaudi.org\\\/?s={search_term_string}\"},\"query-input\":{\"@type\":\"PropertyValueSpecification\",\"valueRequired\":true,\"valueName\":\"search_term_string\"}}],\"inLanguage\":\"es\"},{\"@type\":\"Person\",\"@id\":\"https:\\\/\\\/exaudi.org\\\/#\\\/schema\\\/person\\\/e7ff749045cafab5d7b926bb4edeaa51\",\"name\":\"Patricia Jim\u00e9nez Ram\u00edrez\",\"image\":{\"@type\":\"ImageObject\",\"inLanguage\":\"es\",\"@id\":\"https:\\\/\\\/secure.gravatar.com\\\/avatar\\\/c1f016f3010698237250f552cc424d09fd3f545baa3b0e2f5008eae3181ed438?s=96&d=mm&r=g\",\"url\":\"https:\\\/\\\/secure.gravatar.com\\\/avatar\\\/c1f016f3010698237250f552cc424d09fd3f545baa3b0e2f5008eae3181ed438?s=96&d=mm&r=g\",\"contentUrl\":\"https:\\\/\\\/secure.gravatar.com\\\/avatar\\\/c1f016f3010698237250f552cc424d09fd3f545baa3b0e2f5008eae3181ed438?s=96&d=mm&r=g\",\"caption\":\"Patricia Jim\u00e9nez Ram\u00edrez\"},\"description\":\"Soy una mujer comprometida con mi familia, con una s\u00f3lida experiencia empresarial y una profunda dedicaci\u00f3n al hogar. Durante a\u00f1os trabaj\u00e9 en diversos entornos empresariales, liderando equipos y gestionando proyectos de impacto. Sin embargo, en los \u00faltimos a\u00f1os he tomado la decisi\u00f3n de centrarme en mi hogar y dedicar m\u00e1s tiempo a mi marido e hijos, quienes son mi mayor prioridad. Mi experiencia en el \u00e1mbito empresarial me ha brindado valiosas habilidades en gesti\u00f3n del tiempo, organizaci\u00f3n, liderazgo y resoluci\u00f3n de problemas, que ahora aplico en mi vida familiar para fomentar un ambiente armonioso y saludable para todos\",\"url\":\"https:\\\/\\\/exaudi.org\\\/es\\\/author\\\/patricia-jimenez-ramirez\\\/\"}]}<\/script>\n<!-- \/ Yoast SEO plugin. -->","yoast_head_json":{"title":"Rezar en medio del caos: encontrar a Dios en una vida llena de tareas &#8211; Exaudi","robots":{"index":"index","follow":"follow","max-snippet":"max-snippet:-1","max-image-preview":"max-image-preview:large","max-video-preview":"max-video-preview:-1"},"canonical":"https:\/\/exaudi.org\/es\/rezar-medio-caos-encontrar-dios-vida-tareas-patricia-jimenez-ramirez\/","og_locale":"es_ES","og_type":"article","og_title":"Rezar en medio del caos: encontrar a Dios en una vida llena de tareas &#8211; Exaudi","og_description":"Padres con ni\u00f1os, estudiantes agobiados, trabajadores sin tregua\u2026 Todos pueden tener vida de oraci\u00f3n. Te damos claves sencillas y luminosas para rezar incluso en los d\u00edas m\u00e1s ca\u00f3ticos, con la gu\u00eda de los \u00faltimos Papas","og_url":"https:\/\/exaudi.org\/es\/rezar-medio-caos-encontrar-dios-vida-tareas-patricia-jimenez-ramirez\/","og_site_name":"Exaudi","article_publisher":"https:\/\/www.facebook.com\/ExaudiNews","article_published_time":"2025-06-04T06:00:36+00:00","article_modified_time":"2025-06-04T15:21:45+00:00","og_image":[{"width":2560,"height":1709,"url":"https:\/\/exaudi.org\/wp-content\/uploads\/2025\/06\/pexels-arina-krasnikova-5418297-scaled.jpg","type":"image\/jpeg"}],"author":"Patricia Jim\u00e9nez Ram\u00edrez","twitter_card":"summary_large_image","twitter_creator":"@Exaudi_News","twitter_site":"@Exaudi_News","twitter_misc":{"Escrito por":"Patricia Jim\u00e9nez Ram\u00edrez","Tiempo de lectura":"5 minutos"},"schema":{"@context":"https:\/\/schema.org","@graph":[{"@type":"Article","@id":"https:\/\/exaudi.org\/es\/rezar-medio-caos-encontrar-dios-vida-tareas-patricia-jimenez-ramirez\/#article","isPartOf":{"@id":"https:\/\/exaudi.org\/es\/rezar-medio-caos-encontrar-dios-vida-tareas-patricia-jimenez-ramirez\/"},"author":{"name":"Patricia Jim\u00e9nez Ram\u00edrez","@id":"https:\/\/exaudi.org\/#\/schema\/person\/e7ff749045cafab5d7b926bb4edeaa51"},"headline":"Rezar en medio del caos: encontrar a Dios en una vida llena de tareas","datePublished":"2025-06-04T06:00:36+00:00","dateModified":"2025-06-04T15:21:45+00:00","mainEntityOfPage":{"@id":"https:\/\/exaudi.org\/es\/rezar-medio-caos-encontrar-dios-vida-tareas-patricia-jimenez-ramirez\/"},"wordCount":1050,"image":{"@id":"https:\/\/exaudi.org\/es\/rezar-medio-caos-encontrar-dios-vida-tareas-patricia-jimenez-ramirez\/#primaryimage"},"thumbnailUrl":"https:\/\/exaudi.org\/wp-content\/uploads\/2025\/06\/pexels-arina-krasnikova-5418297-scaled.jpg","keywords":["\u00e1ngelus","claves para orar","c\u00f3mo rezar cada d\u00eda","consejos de oraci\u00f3n","espiritualidad cotidiana","Evangelio del dia","oraci\u00f3n cat\u00f3lica","oraci\u00f3n cat\u00f3lica diaria","oraci\u00f3n cat\u00f3lica tradicional","oraci\u00f3n de los padres","oraci\u00f3n del estudiante","oraci\u00f3n del trabajador","oraci\u00f3n diaria","oraci\u00f3n diaria","oraci\u00f3n en familia","oraci\u00f3n en medio del trabajo","oraci\u00f3n nocturna","oraci\u00f3n sencilla","Rezar Caos","rezar con los hijos","rezar en el caos","rezar en pareja","rezo matutino","Rosario diario","tres Avemar\u00edas","Vida de oraci\u00f3n","visitar al Sant\u00edsimo"],"inLanguage":"es"},{"@type":"WebPage","@id":"https:\/\/exaudi.org\/es\/rezar-medio-caos-encontrar-dios-vida-tareas-patricia-jimenez-ramirez\/","url":"https:\/\/exaudi.org\/es\/rezar-medio-caos-encontrar-dios-vida-tareas-patricia-jimenez-ramirez\/","name":"Rezar en medio del caos: encontrar a Dios en una vida llena de tareas &#8211; Exaudi","isPartOf":{"@id":"https:\/\/exaudi.org\/#website"},"primaryImageOfPage":{"@id":"https:\/\/exaudi.org\/es\/rezar-medio-caos-encontrar-dios-vida-tareas-patricia-jimenez-ramirez\/#primaryimage"},"image":{"@id":"https:\/\/exaudi.org\/es\/rezar-medio-caos-encontrar-dios-vida-tareas-patricia-jimenez-ramirez\/#primaryimage"},"thumbnailUrl":"https:\/\/exaudi.org\/wp-content\/uploads\/2025\/06\/pexels-arina-krasnikova-5418297-scaled.jpg","datePublished":"2025-06-04T06:00:36+00:00","dateModified":"2025-06-04T15:21:45+00:00","author":{"@id":"https:\/\/exaudi.org\/#\/schema\/person\/e7ff749045cafab5d7b926bb4edeaa51"},"breadcrumb":{"@id":"https:\/\/exaudi.org\/es\/rezar-medio-caos-encontrar-dios-vida-tareas-patricia-jimenez-ramirez\/#breadcrumb"},"inLanguage":"es","potentialAction":[{"@type":"ReadAction","target":["https:\/\/exaudi.org\/es\/rezar-medio-caos-encontrar-dios-vida-tareas-patricia-jimenez-ramirez\/"]}]},{"@type":"ImageObject","inLanguage":"es","@id":"https:\/\/exaudi.org\/es\/rezar-medio-caos-encontrar-dios-vida-tareas-patricia-jimenez-ramirez\/#primaryimage","url":"https:\/\/exaudi.org\/wp-content\/uploads\/2025\/06\/pexels-arina-krasnikova-5418297-scaled.jpg","contentUrl":"https:\/\/exaudi.org\/wp-content\/uploads\/2025\/06\/pexels-arina-krasnikova-5418297-scaled.jpg","width":2560,"height":1709},{"@type":"BreadcrumbList","@id":"https:\/\/exaudi.org\/es\/rezar-medio-caos-encontrar-dios-vida-tareas-patricia-jimenez-ramirez\/#breadcrumb","itemListElement":[{"@type":"ListItem","position":1,"name":"Portada","item":"https:\/\/exaudi.org\/es\/"},{"@type":"ListItem","position":2,"name":"Rezar en medio del caos: encontrar a Dios en una vida llena de tareas"}]},{"@type":"WebSite","@id":"https:\/\/exaudi.org\/#website","url":"https:\/\/exaudi.org\/","name":"Exaudi","description":"News","potentialAction":[{"@type":"SearchAction","target":{"@type":"EntryPoint","urlTemplate":"https:\/\/exaudi.org\/?s={search_term_string}"},"query-input":{"@type":"PropertyValueSpecification","valueRequired":true,"valueName":"search_term_string"}}],"inLanguage":"es"},{"@type":"Person","@id":"https:\/\/exaudi.org\/#\/schema\/person\/e7ff749045cafab5d7b926bb4edeaa51","name":"Patricia Jim\u00e9nez Ram\u00edrez","image":{"@type":"ImageObject","inLanguage":"es","@id":"https:\/\/secure.gravatar.com\/avatar\/c1f016f3010698237250f552cc424d09fd3f545baa3b0e2f5008eae3181ed438?s=96&d=mm&r=g","url":"https:\/\/secure.gravatar.com\/avatar\/c1f016f3010698237250f552cc424d09fd3f545baa3b0e2f5008eae3181ed438?s=96&d=mm&r=g","contentUrl":"https:\/\/secure.gravatar.com\/avatar\/c1f016f3010698237250f552cc424d09fd3f545baa3b0e2f5008eae3181ed438?s=96&d=mm&r=g","caption":"Patricia Jim\u00e9nez Ram\u00edrez"},"description":"Soy una mujer comprometida con mi familia, con una s\u00f3lida experiencia empresarial y una profunda dedicaci\u00f3n al hogar. Durante a\u00f1os trabaj\u00e9 en diversos entornos empresariales, liderando equipos y gestionando proyectos de impacto. Sin embargo, en los \u00faltimos a\u00f1os he tomado la decisi\u00f3n de centrarme en mi hogar y dedicar m\u00e1s tiempo a mi marido e hijos, quienes son mi mayor prioridad. Mi experiencia en el \u00e1mbito empresarial me ha brindado valiosas habilidades en gesti\u00f3n del tiempo, organizaci\u00f3n, liderazgo y resoluci\u00f3n de problemas, que ahora aplico en mi vida familiar para fomentar un ambiente armonioso y saludable para todos","url":"https:\/\/exaudi.org\/es\/author\/patricia-jimenez-ramirez\/"}]}},"jetpack_featured_media_url":"https:\/\/exaudi.org\/wp-content\/uploads\/2025\/06\/pexels-arina-krasnikova-5418297-scaled.jpg","jetpack_shortlink":"https:\/\/wp.me\/pgKjF2-x6B","_links":{"self":[{"href":"https:\/\/exaudi.org\/es\/wp-json\/wp\/v2\/posts\/127261","targetHints":{"allow":["GET"]}}],"collection":[{"href":"https:\/\/exaudi.org\/es\/wp-json\/wp\/v2\/posts"}],"about":[{"href":"https:\/\/exaudi.org\/es\/wp-json\/wp\/v2\/types\/post"}],"author":[{"embeddable":true,"href":"https:\/\/exaudi.org\/es\/wp-json\/wp\/v2\/users\/151"}],"replies":[{"embeddable":true,"href":"https:\/\/exaudi.org\/es\/wp-json\/wp\/v2\/comments?post=127261"}],"version-history":[{"count":0,"href":"https:\/\/exaudi.org\/es\/wp-json\/wp\/v2\/posts\/127261\/revisions"}],"wp:featuredmedia":[{"embeddable":true,"href":"https:\/\/exaudi.org\/es\/wp-json\/wp\/v2\/media\/127263"}],"wp:attachment":[{"href":"https:\/\/exaudi.org\/es\/wp-json\/wp\/v2\/media?parent=127261"}],"wp:term":[{"taxonomy":"category","embeddable":true,"href":"https:\/\/exaudi.org\/es\/wp-json\/wp\/v2\/categories?post=127261"},{"taxonomy":"post_tag","embeddable":true,"href":"https:\/\/exaudi.org\/es\/wp-json\/wp\/v2\/tags?post=127261"}],"curies":[{"name":"wp","href":"https:\/\/api.w.org\/{rel}","templated":true}]}}