{"id":127256,"date":"2025-06-03T18:05:23","date_gmt":"2025-06-03T16:05:23","guid":{"rendered":"https:\/\/exaudi.org\/?p=127256"},"modified":"2025-06-03T18:11:25","modified_gmt":"2025-06-03T16:11:25","slug":"el-papa-leon-xiv-aprendamos-del-corazon-de-jesus-la-compasion-por-el-mundo","status":"publish","type":"post","link":"https:\/\/exaudi.org\/es\/el-papa-leon-xiv-aprendamos-del-corazon-de-jesus-la-compasion-por-el-mundo\/","title":{"rendered":"El Papa Le\u00f3n XIV: Aprendamos del coraz\u00f3n de Jes\u00fas la compasi\u00f3n por el mundo"},"content":{"rendered":"<p>Hoy se presenta el v\u00eddeo con la intenci\u00f3n de oraci\u00f3n del Papa Le\u00f3n XIV para junio de 2025: \u201cPara crecer en la compasi\u00f3n por el mundo\u201d. Esta es la\u00a0<b>primera vez que la voz de Le\u00f3n XIV aparece en<\/b>\u00a0<a href=\"https:\/\/thepopevideo.org\/?lang=es\" target=\"_blank\" rel=\"external nofollow noopener\"><b>El Video del Papa<\/b><\/a>\u00a0para pedir a los fieles que oren por sus intenciones. Este mes, solicita que recen \u201cpara que cada uno de nosotros encuentre consolaci\u00f3n en la relaci\u00f3n personal con Jes\u00fas, y aprenda de su coraz\u00f3n la compasi\u00f3n por el mundo\u201d.<\/p>\n<div>\n<div class=\"article__embed article__embed--border embed_style\">\n<p style=\"text-align: center;\">\u201cSe\u00f1or, hoy vengo a tu tierno Coraz\u00f3n, a Ti que tienes palabras que encienden el m\u00edo, a Ti que derramas compasi\u00f3n sobre los peque\u00f1os y los pobres, sobre los que sufren y sobre toda miseria humana. Deseo conocerte m\u00e1s, contemplarte en el Evangelio, estar contigo y aprender de Ti y del amor con que te dejaste tocar por todas las formas de pobreza. T\u00fa nos mostraste el amor del Padre am\u00e1ndonos sin medida con tu Coraz\u00f3n divino y humano. Concede a todos tus hijos la gracia del encuentro contigo. Cambia, moldea y transforma nuestros planes, para que s\u00f3lo te busquemos a Ti en cada circunstancia: en la oraci\u00f3n, en el trabajo, en los encuentros y en nuestra rutina diaria. Y desde este encuentro, env\u00edanos en misi\u00f3n; una misi\u00f3n de compasi\u00f3n por un mundo en el que eres la fuente de donde fluye toda consolaci\u00f3n. Am\u00e9n.\u201d<\/p>\n<\/div>\n<\/div>\n<p>El\u00a0<b>video presenta una oraci\u00f3n in\u00e9dita al Sagrado Coraz\u00f3n<\/b>\u00a0con la que se acude a Cristo para pedirle que nos ayude a conocerle mejor, a estar con \u00c9l, a aprender de su amor; que nos transforme de modo que sea nuestra meta en cada circunstancia de la vida cotidiana; y que nos env\u00ede en una misi\u00f3n de compasi\u00f3n que lleve su consuelo por el mundo. Las im\u00e1genes que acompa\u00f1an esta oraci\u00f3n han sido filmadas en la\u00a0<b>iglesia del Santo Nombre de Jes\u00fas en Roma<\/b>\u00a0-donde se encuentra la c\u00e9lebre pintura del Sagrado Coraz\u00f3n de Jes\u00fas obra de Pompeo Batoni, cuya restauraci\u00f3n finalizar\u00e1 este mes- y en el\u00a0<b>Santuario nacional del Sagrado Coraz\u00f3n de Makati<\/b>, en Filipinas, que representa una meta de devoci\u00f3n popular para toda la archidi\u00f3cesis de Manila.<\/p>\n<h3><strong>S\u00edmbolo del amor de Dios<\/strong><\/h3>\n<p>Tradicionalmente, la Iglesia dedica todo el mes de junio al Sagrado Coraz\u00f3n de Jes\u00fas, invitando a los creyentes a hacer suya la mirada de Cristo sobre la humanidad y a actuar con los sentimientos de su Coraz\u00f3n, sobre todo para aliviar el sufrimiento de los m\u00e1s d\u00e9biles.<\/p>\n<p>El Coraz\u00f3n de Cristo simboliza su centro personal, desde el que brota su amor por la humanidad:\u00a0<b>es el misterio del coraz\u00f3n de Dios<\/b>\u00a0que se conmueve y derrama su amor sobre todos los hombres y mujeres del mundo, de todos los tiempos.<\/p>\n<p>Aunque la devoci\u00f3n al Coraz\u00f3n de Cristo ha estado siempre presente en la espiritualidad cristiana, tom\u00f3 nuevo auge con las revelaciones a santa Margarita Mar\u00eda Alacoque y su interpretaci\u00f3n por parte de san Claudio de La Colombi\u00e8re SJ, en el s. XVII. El Papa P\u00edo IX proclam\u00f3 la fiesta del Sagrado Coraz\u00f3n en 1856; posteriormente, Le\u00f3n XIII reforz\u00f3 su importancia elev\u00e1ndola a solemnidad en 1889.<\/p>\n<p>Buena muestra de la\u00a0<b>relevancia del Sagrado Coraz\u00f3n en la vida de la Iglesia<\/b>\u00a0se encuentra tanto en la\u00a0<b>devoci\u00f3n popular<\/b>\u00a0como en el hecho de que\u00a0<b>cuatro Papas le han dedicado una enc\u00edclica<\/b>. Le\u00f3n XIII, de quien el actual Pont\u00edfice ha tomado el nombre, escribi\u00f3 la\u00a0<i>Annum sacrum<\/i>\u00a0en 1899; en ella, consagra toda la humanidad al Coraz\u00f3n de Jes\u00fas. En 1928, P\u00edo XI, en la\u00a0<i>Miserentissimum Redemptor,\u00a0<\/i>invita a reparar con gestos de amor las heridas causadas al Coraz\u00f3n de Cristo por nuestros pecados. Por su parte, P\u00edo XII, en 1956, publica la\u00a0<i>Haurietis aquas,\u00a0<\/i>en la que profundiza en la base teol\u00f3gica de la devoci\u00f3n al Sagrado Coraz\u00f3n. Finalmente, el Papa Francisco, en 2024, escribe\u00a0<i>Dilexit nos<\/i>\u00a0y propone la devoci\u00f3n al Coraz\u00f3n de Cristo como respuesta a la cultura del descarte y la indiferencia.<\/p>\n<h3><strong>Crecer en compasi\u00f3n<\/strong><\/h3>\n<p>El\u00a0<b>Director Internacional de la Red Mundial de Oraci\u00f3n del Papa<\/b>,\u00a0<b>P. Crist\u00f3bal Fones<\/b>,<b>\u00a0S.J.<\/b>, explica que la intenci\u00f3n de oraci\u00f3n del Papa Le\u00f3n XIV se centra en crecer en la compasi\u00f3n por el mundo a trav\u00e9s de\u00a0<b>una relaci\u00f3n personal con Jes\u00fas<\/b>:<b>\u00a0<\/b>\u201cCultivando esta relaci\u00f3n de verdadera cercan\u00eda, nuestro coraz\u00f3n se conforma m\u00e1s al suyo, crecemos en amor y misericordia, y aprendemos mejor qu\u00e9 es la compasi\u00f3n. Jes\u00fas mostr\u00f3 un amor incondicional hacia todos, especialmente hacia los pobres, los enfermos, los que sufren.\u00a0<b>El Papa nos anima a imitar este amor compasivo<\/b>\u00a0extendiendo la mano a quienes est\u00e1n en necesidad\u201d.<\/p>\n<p>\u201cLa compasi\u00f3n -continua el P. Fones- busca aliviar el sufrimiento y promover la dignidad humana. Por eso, se traduce en\u00a0<b>acciones concretas que aborden las ra\u00edces de la pobreza, la desigualdad y la exclusi\u00f3n<\/b>, para contribuir a la construcci\u00f3n de un mundo m\u00e1s justo y solidario\u201d.<\/p>\n<h3><b>El Camino del Coraz\u00f3n<\/b><\/h3>\n<p>El P. Crist\u00f3bal Fones explica tambi\u00e9n que la misi\u00f3n de la Red Mundial de Oraci\u00f3n del Papa se inscribe precisamente en la misi\u00f3n de compasi\u00f3n por el mundo<b>\u00a0<\/b>que parte del Coraz\u00f3n de Jes\u00fas<b>:\u00a0<\/b>\u201cNuestro itinerario de formaci\u00f3n &#8211;<a href=\"https:\/\/caminodelcorazon.church\/web\/\" target=\"_blank\" rel=\"external nofollow noopener\"><i>El Camino del Coraz\u00f3n<\/i><\/a>&#8211; ayuda a entrar en una misi\u00f3n de compasi\u00f3n por el mundo desde una relaci\u00f3n de amistad con Jes\u00fas, no desde nuestro propio voluntarismo. Es\u00a0<b>un camino espiritual para sintonizar con el Coraz\u00f3n de Jes\u00fas<\/b>, con el fin de tener un coraz\u00f3n m\u00e1s parecido al suyo y salir al encuentro de nuestros hermanos participando en su misi\u00f3n. La uni\u00f3n con Cristo hace que percibamos los desaf\u00edos del mundo con su mirada y nos movilicemos para afrontarlos mediante la oraci\u00f3n y el servicio. As\u00ed -concluye el P. Fones-, este itinerario nos transforma cada d\u00eda m\u00e1s en ap\u00f3stoles de la oraci\u00f3n, en disc\u00edpulos misioneros para una\u00a0<b>misi\u00f3n de compasi\u00f3n por el mundo<\/b>\u00a0a la que todos est\u00e1n invitados\u201d.<b><\/b><\/p>\n<p>Por \u00faltimo, en el contexto del\u00a0<b>A\u00f1o Santo de 2025<\/b>,\u00a0<i>El v\u00eddeo del Papa<\/i>\u00a0adquiere una especial relevancia, porque nos da a conocer las intenciones de oraci\u00f3n que el Santo Padre lleva en su coraz\u00f3n. Para recibir adecuadamente las gracias de la\u00a0<b>indulgencia jubilar<\/b>\u00a0es necesario, precisamente, orar por las intenciones del Papa.<\/p>\n<p><iframe loading=\"lazy\" title=\"Para crecer en la compasi\u00f3n por el mundo - El Video del Papa - Junio 2025\" width=\"500\" height=\"281\" src=\"https:\/\/www.youtube.com\/embed\/N_ZKlGWlPVQ?feature=oembed\" frameborder=\"0\" allow=\"accelerometer; autoplay; clipboard-write; encrypted-media; gyroscope; picture-in-picture; web-share\" referrerpolicy=\"strict-origin-when-cross-origin\" allowfullscreen><\/iframe><\/p>\n","protected":false},"excerpt":{"rendered":"<p>Este mes de junio, tradicionalmente dedicado a la devoci\u00f3n al Coraz\u00f3n de Jes\u00fas, el Pont\u00edfice invita a rezar \u201cpara que cada uno de nosotros encuentre consolaci\u00f3n en la relaci\u00f3n personal con Jes\u00fas, y aprenda de su coraz\u00f3n la compasi\u00f3n por el mundo\u201d<\/p>\n","protected":false},"author":15,"featured_media":127257,"comment_status":"closed","ping_status":"closed","sticky":false,"template":"","format":"standard","meta":{"_acf_changed":false,"_crdt_document":"","inline_featured_image":false,"footnotes":""},"categories":[72],"tags":[20350,61264,30739,61271,32366,61259,13078,16353,29024,15625,12167,28528,27756,9426,61263,18645,61270,2419,34058,61268,61260,16186,61266,32361,28506,61261,30124,61262,158,58111,61265,11051,9429,61269,5645,61267,236],"class_list":["post-127256","post","type-post","status-publish","format-standard","has-post-thumbnail","hentry","category-analisis","tag-amor-de-dios","tag-annum-sacrum","tag-ano-santo-2025","tag-camino-del-corazon","tag-compasion-cristiana","tag-compasion-por-el-mundo","tag-corazon-de-jesus","tag-cultura-del-descarte","tag-devocion-al-sagrado-corazon","tag-devocion-popular","tag-dignidad-humana","tag-dilexit-nos","tag-discipulos-misioneros","tag-el-video-del-papa","tag-enciclicas-sagrado-corazon","tag-espiritualidad-cristiana","tag-espiritualidad-del-corazon","tag-featured","tag-haurietis-aquas","tag-iglesia-santo-nombre-de-jesus-roma","tag-intencion-de-oracion-junio-2025","tag-leon-xiii","tag-miserentissimum-redemptor","tag-mision-de-compasion","tag-mision-evangelizadora","tag-oracion-al-corazon-de-jesus","tag-oracion-del-papa","tag-p-cristobal-fones","tag-papa-francisco","tag-papa-leon-xiv","tag-pio-xi-2","tag-pio-xii-2","tag-red-mundial-de-oracion-del-papa","tag-revelaciones-santa-margarita-maria","tag-san-claudio-de-la-colombiere","tag-santuario-sagrado-corazon-makati","tag-video-del-papa"],"acf":[],"yoast_head":"<!-- This site is optimized with the Yoast SEO plugin v27.4 - https:\/\/yoast.com\/product\/yoast-seo-wordpress\/ -->\n<title>El Papa Le\u00f3n XIV: Aprendamos del coraz\u00f3n de Jes\u00fas la compasi\u00f3n por el mundo &#8211; Exaudi<\/title>\n<meta name=\"robots\" content=\"index, follow, max-snippet:-1, max-image-preview:large, max-video-preview:-1\" \/>\n<link rel=\"canonical\" href=\"https:\/\/exaudi.org\/es\/el-papa-leon-xiv-aprendamos-del-corazon-de-jesus-la-compasion-por-el-mundo\/\" \/>\n<meta property=\"og:locale\" content=\"es_ES\" \/>\n<meta property=\"og:type\" content=\"article\" \/>\n<meta property=\"og:title\" content=\"El Papa Le\u00f3n XIV: Aprendamos del coraz\u00f3n de Jes\u00fas la compasi\u00f3n por el mundo &#8211; Exaudi\" \/>\n<meta property=\"og:description\" content=\"Este mes de junio, tradicionalmente dedicado a la devoci\u00f3n al Coraz\u00f3n de Jes\u00fas, el Pont\u00edfice invita a rezar \u201cpara que cada uno de nosotros encuentre consolaci\u00f3n en la relaci\u00f3n personal con Jes\u00fas, y aprenda de su coraz\u00f3n la compasi\u00f3n por el mundo\u201d\" \/>\n<meta property=\"og:url\" content=\"https:\/\/exaudi.org\/es\/el-papa-leon-xiv-aprendamos-del-corazon-de-jesus-la-compasion-por-el-mundo\/\" \/>\n<meta property=\"og:site_name\" content=\"Exaudi\" \/>\n<meta property=\"article:publisher\" content=\"https:\/\/www.facebook.com\/ExaudiNews\" \/>\n<meta property=\"article:author\" content=\"https:\/\/www.facebook.com\/ExaudiNoticias\/\" \/>\n<meta property=\"article:published_time\" content=\"2025-06-03T16:05:23+00:00\" \/>\n<meta property=\"article:modified_time\" content=\"2025-06-03T16:11:25+00:00\" \/>\n<meta property=\"og:image\" content=\"https:\/\/exaudi.org\/wp-content\/uploads\/2025\/06\/SP-Youtube-Thumbnail-TPV-6-2025-Para-crecer-en-la-compasion-por-el-mundo.jpg\" \/>\n\t<meta property=\"og:image:width\" content=\"1920\" \/>\n\t<meta property=\"og:image:height\" content=\"1080\" \/>\n\t<meta property=\"og:image:type\" content=\"image\/jpeg\" \/>\n<meta name=\"author\" content=\"Exaudi Redacci\u00f3n\" \/>\n<meta name=\"twitter:card\" content=\"summary_large_image\" \/>\n<meta name=\"twitter:creator\" content=\"@Exaudi_noticias\" \/>\n<meta name=\"twitter:site\" content=\"@Exaudi_News\" \/>\n<meta name=\"twitter:label1\" content=\"Escrito por\" \/>\n\t<meta name=\"twitter:data1\" content=\"Exaudi Redacci\u00f3n\" \/>\n\t<meta name=\"twitter:label2\" content=\"Tiempo de lectura\" \/>\n\t<meta name=\"twitter:data2\" content=\"6 minutos\" \/>\n<script type=\"application\/ld+json\" class=\"yoast-schema-graph\">{\"@context\":\"https:\\\/\\\/schema.org\",\"@graph\":[{\"@type\":\"Article\",\"@id\":\"https:\\\/\\\/exaudi.org\\\/es\\\/el-papa-leon-xiv-aprendamos-del-corazon-de-jesus-la-compasion-por-el-mundo\\\/#article\",\"isPartOf\":{\"@id\":\"https:\\\/\\\/exaudi.org\\\/es\\\/el-papa-leon-xiv-aprendamos-del-corazon-de-jesus-la-compasion-por-el-mundo\\\/\"},\"author\":{\"name\":\"Exaudi Redacci\u00f3n\",\"@id\":\"https:\\\/\\\/exaudi.org\\\/#\\\/schema\\\/person\\\/f5fc8f063065e38742da7afe15f25df7\"},\"headline\":\"El Papa Le\u00f3n XIV: Aprendamos del coraz\u00f3n de Jes\u00fas la compasi\u00f3n por el mundo\",\"datePublished\":\"2025-06-03T16:05:23+00:00\",\"dateModified\":\"2025-06-03T16:11:25+00:00\",\"mainEntityOfPage\":{\"@id\":\"https:\\\/\\\/exaudi.org\\\/es\\\/el-papa-leon-xiv-aprendamos-del-corazon-de-jesus-la-compasion-por-el-mundo\\\/\"},\"wordCount\":1172,\"image\":{\"@id\":\"https:\\\/\\\/exaudi.org\\\/es\\\/el-papa-leon-xiv-aprendamos-del-corazon-de-jesus-la-compasion-por-el-mundo\\\/#primaryimage\"},\"thumbnailUrl\":\"https:\\\/\\\/exaudi.org\\\/wp-content\\\/uploads\\\/2025\\\/06\\\/SP-Youtube-Thumbnail-TPV-6-2025-Para-crecer-en-la-compasion-por-el-mundo.jpg\",\"keywords\":[\"amor de Dios\",\"Annum sacrum\",\"A\u00f1o Santo 2025\",\"Camino del Coraz\u00f3n\",\"compasi\u00f3n cristiana\",\"compasi\u00f3n por el mundo\",\"Coraz\u00f3n de Jes\u00fas\",\"cultura del descarte\",\"devoci\u00f3n al Sagrado Coraz\u00f3n\",\"devoci\u00f3n popular\",\"Dignidad humana\",\"Dilexit nos\",\"disc\u00edpulos misioneros\",\"El video del Papa\",\"enc\u00edclicas Sagrado Coraz\u00f3n\",\"espiritualidad cristiana\",\"espiritualidad del Coraz\u00f3n\",\"Featured\",\"Haurietis Aquas\",\"Iglesia Santo Nombre de Jes\u00fas Roma\",\"intenci\u00f3n de oraci\u00f3n junio 2025\",\"Le\u00f3n XIII\",\"Miserentissimum Redemptor\",\"misi\u00f3n de compasi\u00f3n\",\"misi\u00f3n evangelizadora\",\"oraci\u00f3n al Coraz\u00f3n de Jes\u00fas\",\"oraci\u00f3n del Papa\",\"P. Crist\u00f3bal Fones\",\"papa francisco\",\"papa le\u00f3n xiv\",\"P\u00edo XI\",\"P\u00edo XII\",\"Red Mundial de Oraci\u00f3n del Papa\",\"revelaciones Santa Margarita Mar\u00eda\",\"San Claudio de la Colombi\u00e8re\",\"santuario Sagrado Coraz\u00f3n Makati\",\"v\u00eddeo del papa\"],\"articleSection\":[\"An\u00e1lisis\"],\"inLanguage\":\"es\"},{\"@type\":\"WebPage\",\"@id\":\"https:\\\/\\\/exaudi.org\\\/es\\\/el-papa-leon-xiv-aprendamos-del-corazon-de-jesus-la-compasion-por-el-mundo\\\/\",\"url\":\"https:\\\/\\\/exaudi.org\\\/es\\\/el-papa-leon-xiv-aprendamos-del-corazon-de-jesus-la-compasion-por-el-mundo\\\/\",\"name\":\"El Papa Le\u00f3n XIV: Aprendamos del coraz\u00f3n de Jes\u00fas la compasi\u00f3n por el mundo &#8211; Exaudi\",\"isPartOf\":{\"@id\":\"https:\\\/\\\/exaudi.org\\\/#website\"},\"primaryImageOfPage\":{\"@id\":\"https:\\\/\\\/exaudi.org\\\/es\\\/el-papa-leon-xiv-aprendamos-del-corazon-de-jesus-la-compasion-por-el-mundo\\\/#primaryimage\"},\"image\":{\"@id\":\"https:\\\/\\\/exaudi.org\\\/es\\\/el-papa-leon-xiv-aprendamos-del-corazon-de-jesus-la-compasion-por-el-mundo\\\/#primaryimage\"},\"thumbnailUrl\":\"https:\\\/\\\/exaudi.org\\\/wp-content\\\/uploads\\\/2025\\\/06\\\/SP-Youtube-Thumbnail-TPV-6-2025-Para-crecer-en-la-compasion-por-el-mundo.jpg\",\"datePublished\":\"2025-06-03T16:05:23+00:00\",\"dateModified\":\"2025-06-03T16:11:25+00:00\",\"author\":{\"@id\":\"https:\\\/\\\/exaudi.org\\\/#\\\/schema\\\/person\\\/f5fc8f063065e38742da7afe15f25df7\"},\"breadcrumb\":{\"@id\":\"https:\\\/\\\/exaudi.org\\\/es\\\/el-papa-leon-xiv-aprendamos-del-corazon-de-jesus-la-compasion-por-el-mundo\\\/#breadcrumb\"},\"inLanguage\":\"es\",\"potentialAction\":[{\"@type\":\"ReadAction\",\"target\":[\"https:\\\/\\\/exaudi.org\\\/es\\\/el-papa-leon-xiv-aprendamos-del-corazon-de-jesus-la-compasion-por-el-mundo\\\/\"]}]},{\"@type\":\"ImageObject\",\"inLanguage\":\"es\",\"@id\":\"https:\\\/\\\/exaudi.org\\\/es\\\/el-papa-leon-xiv-aprendamos-del-corazon-de-jesus-la-compasion-por-el-mundo\\\/#primaryimage\",\"url\":\"https:\\\/\\\/exaudi.org\\\/wp-content\\\/uploads\\\/2025\\\/06\\\/SP-Youtube-Thumbnail-TPV-6-2025-Para-crecer-en-la-compasion-por-el-mundo.jpg\",\"contentUrl\":\"https:\\\/\\\/exaudi.org\\\/wp-content\\\/uploads\\\/2025\\\/06\\\/SP-Youtube-Thumbnail-TPV-6-2025-Para-crecer-en-la-compasion-por-el-mundo.jpg\",\"width\":1920,\"height\":1080},{\"@type\":\"BreadcrumbList\",\"@id\":\"https:\\\/\\\/exaudi.org\\\/es\\\/el-papa-leon-xiv-aprendamos-del-corazon-de-jesus-la-compasion-por-el-mundo\\\/#breadcrumb\",\"itemListElement\":[{\"@type\":\"ListItem\",\"position\":1,\"name\":\"Portada\",\"item\":\"https:\\\/\\\/exaudi.org\\\/es\\\/\"},{\"@type\":\"ListItem\",\"position\":2,\"name\":\"El Papa Le\u00f3n XIV: Aprendamos del coraz\u00f3n de Jes\u00fas la compasi\u00f3n por el mundo\"}]},{\"@type\":\"WebSite\",\"@id\":\"https:\\\/\\\/exaudi.org\\\/#website\",\"url\":\"https:\\\/\\\/exaudi.org\\\/\",\"name\":\"Exaudi\",\"description\":\"News\",\"potentialAction\":[{\"@type\":\"SearchAction\",\"target\":{\"@type\":\"EntryPoint\",\"urlTemplate\":\"https:\\\/\\\/exaudi.org\\\/?s={search_term_string}\"},\"query-input\":{\"@type\":\"PropertyValueSpecification\",\"valueRequired\":true,\"valueName\":\"search_term_string\"}}],\"inLanguage\":\"es\"},{\"@type\":\"Person\",\"@id\":\"https:\\\/\\\/exaudi.org\\\/#\\\/schema\\\/person\\\/f5fc8f063065e38742da7afe15f25df7\",\"name\":\"Exaudi Redacci\u00f3n\",\"image\":{\"@type\":\"ImageObject\",\"inLanguage\":\"es\",\"@id\":\"https:\\\/\\\/secure.gravatar.com\\\/avatar\\\/fe0f6a059fb68d9b3e11bc5850dd4899b1c7492091a3cb6dd9b01b56ad828be2?s=96&d=mm&r=g\",\"url\":\"https:\\\/\\\/secure.gravatar.com\\\/avatar\\\/fe0f6a059fb68d9b3e11bc5850dd4899b1c7492091a3cb6dd9b01b56ad828be2?s=96&d=mm&r=g\",\"contentUrl\":\"https:\\\/\\\/secure.gravatar.com\\\/avatar\\\/fe0f6a059fb68d9b3e11bc5850dd4899b1c7492091a3cb6dd9b01b56ad828be2?s=96&d=mm&r=g\",\"caption\":\"Exaudi Redacci\u00f3n\"},\"description\":\"\u00bfQu\u00e9 es Exaudi News? Exaudi News es un medio de comunicaci\u00f3n cat\u00f3lico internacional que informa, forma y transforma, diariamente en espa\u00f1ol, ingl\u00e9s e italiano. A trav\u00e9s de noticias, art\u00edculos de an\u00e1lisis y transmisiones en directo de los eventos del Papa, Exaudi busca fortalecer la unidad de los cristianos y contribuir a la evangelizaci\u00f3n del mundo, siempre guiados por la doctrina social de la Iglesia. Trabajamos para acercar la verdad y los valores cristianos a cada rinc\u00f3n del planeta. \u00a1Ay\u00fadanos a transformar el mundo con Exaudi! En Exaudi creemos que la evangelizaci\u00f3n y la informaci\u00f3n de calidad pueden cambiar vidas. Para continuar con nuestra misi\u00f3n y expandir nuestro alcance, necesitamos tu ayuda. Adem\u00e1s, buscamos personas comprometidas que deseen unirse a nuestro equipo. Con tu apoyo, lograremos llegar a m\u00e1s personas, difundir el mensaje de Cristo y reforzar la unidad de los cristianos. \u00bfTe unes a nuestra misi\u00f3n? Para m\u00e1s informaci\u00f3n sobre c\u00f3mo colaborar, visita Exaudi.org\\\/es o cont\u00e1ctanos directamente: info@exaudi.org Exaudi: Informa, forma y transforma.\",\"sameAs\":[\"https:\\\/\\\/www.facebook.com\\\/ExaudiNoticias\\\/\",\"https:\\\/\\\/www.instagram.com\\\/exaudi_noticias\\\/\",\"https:\\\/\\\/x.com\\\/Exaudi_noticias\",\"https:\\\/\\\/www.youtube.com\\\/@exaudicatholicnews\"],\"url\":\"https:\\\/\\\/exaudi.org\\\/es\\\/author\\\/redaccionexaudi\\\/\"}]}<\/script>\n<!-- \/ Yoast SEO plugin. -->","yoast_head_json":{"title":"El Papa Le\u00f3n XIV: Aprendamos del coraz\u00f3n de Jes\u00fas la compasi\u00f3n por el mundo &#8211; Exaudi","robots":{"index":"index","follow":"follow","max-snippet":"max-snippet:-1","max-image-preview":"max-image-preview:large","max-video-preview":"max-video-preview:-1"},"canonical":"https:\/\/exaudi.org\/es\/el-papa-leon-xiv-aprendamos-del-corazon-de-jesus-la-compasion-por-el-mundo\/","og_locale":"es_ES","og_type":"article","og_title":"El Papa Le\u00f3n XIV: Aprendamos del coraz\u00f3n de Jes\u00fas la compasi\u00f3n por el mundo &#8211; Exaudi","og_description":"Este mes de junio, tradicionalmente dedicado a la devoci\u00f3n al Coraz\u00f3n de Jes\u00fas, el Pont\u00edfice invita a rezar \u201cpara que cada uno de nosotros encuentre consolaci\u00f3n en la relaci\u00f3n personal con Jes\u00fas, y aprenda de su coraz\u00f3n la compasi\u00f3n por el mundo\u201d","og_url":"https:\/\/exaudi.org\/es\/el-papa-leon-xiv-aprendamos-del-corazon-de-jesus-la-compasion-por-el-mundo\/","og_site_name":"Exaudi","article_publisher":"https:\/\/www.facebook.com\/ExaudiNews","article_author":"https:\/\/www.facebook.com\/ExaudiNoticias\/","article_published_time":"2025-06-03T16:05:23+00:00","article_modified_time":"2025-06-03T16:11:25+00:00","og_image":[{"width":1920,"height":1080,"url":"https:\/\/exaudi.org\/wp-content\/uploads\/2025\/06\/SP-Youtube-Thumbnail-TPV-6-2025-Para-crecer-en-la-compasion-por-el-mundo.jpg","type":"image\/jpeg"}],"author":"Exaudi Redacci\u00f3n","twitter_card":"summary_large_image","twitter_creator":"@Exaudi_noticias","twitter_site":"@Exaudi_News","twitter_misc":{"Escrito por":"Exaudi Redacci\u00f3n","Tiempo de lectura":"6 minutos"},"schema":{"@context":"https:\/\/schema.org","@graph":[{"@type":"Article","@id":"https:\/\/exaudi.org\/es\/el-papa-leon-xiv-aprendamos-del-corazon-de-jesus-la-compasion-por-el-mundo\/#article","isPartOf":{"@id":"https:\/\/exaudi.org\/es\/el-papa-leon-xiv-aprendamos-del-corazon-de-jesus-la-compasion-por-el-mundo\/"},"author":{"name":"Exaudi Redacci\u00f3n","@id":"https:\/\/exaudi.org\/#\/schema\/person\/f5fc8f063065e38742da7afe15f25df7"},"headline":"El Papa Le\u00f3n XIV: Aprendamos del coraz\u00f3n de Jes\u00fas la compasi\u00f3n por el mundo","datePublished":"2025-06-03T16:05:23+00:00","dateModified":"2025-06-03T16:11:25+00:00","mainEntityOfPage":{"@id":"https:\/\/exaudi.org\/es\/el-papa-leon-xiv-aprendamos-del-corazon-de-jesus-la-compasion-por-el-mundo\/"},"wordCount":1172,"image":{"@id":"https:\/\/exaudi.org\/es\/el-papa-leon-xiv-aprendamos-del-corazon-de-jesus-la-compasion-por-el-mundo\/#primaryimage"},"thumbnailUrl":"https:\/\/exaudi.org\/wp-content\/uploads\/2025\/06\/SP-Youtube-Thumbnail-TPV-6-2025-Para-crecer-en-la-compasion-por-el-mundo.jpg","keywords":["amor de Dios","Annum sacrum","A\u00f1o Santo 2025","Camino del Coraz\u00f3n","compasi\u00f3n cristiana","compasi\u00f3n por el mundo","Coraz\u00f3n de Jes\u00fas","cultura del descarte","devoci\u00f3n al Sagrado Coraz\u00f3n","devoci\u00f3n popular","Dignidad humana","Dilexit nos","disc\u00edpulos misioneros","El video del Papa","enc\u00edclicas Sagrado Coraz\u00f3n","espiritualidad cristiana","espiritualidad del Coraz\u00f3n","Featured","Haurietis Aquas","Iglesia Santo Nombre de Jes\u00fas Roma","intenci\u00f3n de oraci\u00f3n junio 2025","Le\u00f3n XIII","Miserentissimum Redemptor","misi\u00f3n de compasi\u00f3n","misi\u00f3n evangelizadora","oraci\u00f3n al Coraz\u00f3n de Jes\u00fas","oraci\u00f3n del Papa","P. Crist\u00f3bal Fones","papa francisco","papa le\u00f3n xiv","P\u00edo XI","P\u00edo XII","Red Mundial de Oraci\u00f3n del Papa","revelaciones Santa Margarita Mar\u00eda","San Claudio de la Colombi\u00e8re","santuario Sagrado Coraz\u00f3n Makati","v\u00eddeo del papa"],"articleSection":["An\u00e1lisis"],"inLanguage":"es"},{"@type":"WebPage","@id":"https:\/\/exaudi.org\/es\/el-papa-leon-xiv-aprendamos-del-corazon-de-jesus-la-compasion-por-el-mundo\/","url":"https:\/\/exaudi.org\/es\/el-papa-leon-xiv-aprendamos-del-corazon-de-jesus-la-compasion-por-el-mundo\/","name":"El Papa Le\u00f3n XIV: Aprendamos del coraz\u00f3n de Jes\u00fas la compasi\u00f3n por el mundo &#8211; Exaudi","isPartOf":{"@id":"https:\/\/exaudi.org\/#website"},"primaryImageOfPage":{"@id":"https:\/\/exaudi.org\/es\/el-papa-leon-xiv-aprendamos-del-corazon-de-jesus-la-compasion-por-el-mundo\/#primaryimage"},"image":{"@id":"https:\/\/exaudi.org\/es\/el-papa-leon-xiv-aprendamos-del-corazon-de-jesus-la-compasion-por-el-mundo\/#primaryimage"},"thumbnailUrl":"https:\/\/exaudi.org\/wp-content\/uploads\/2025\/06\/SP-Youtube-Thumbnail-TPV-6-2025-Para-crecer-en-la-compasion-por-el-mundo.jpg","datePublished":"2025-06-03T16:05:23+00:00","dateModified":"2025-06-03T16:11:25+00:00","author":{"@id":"https:\/\/exaudi.org\/#\/schema\/person\/f5fc8f063065e38742da7afe15f25df7"},"breadcrumb":{"@id":"https:\/\/exaudi.org\/es\/el-papa-leon-xiv-aprendamos-del-corazon-de-jesus-la-compasion-por-el-mundo\/#breadcrumb"},"inLanguage":"es","potentialAction":[{"@type":"ReadAction","target":["https:\/\/exaudi.org\/es\/el-papa-leon-xiv-aprendamos-del-corazon-de-jesus-la-compasion-por-el-mundo\/"]}]},{"@type":"ImageObject","inLanguage":"es","@id":"https:\/\/exaudi.org\/es\/el-papa-leon-xiv-aprendamos-del-corazon-de-jesus-la-compasion-por-el-mundo\/#primaryimage","url":"https:\/\/exaudi.org\/wp-content\/uploads\/2025\/06\/SP-Youtube-Thumbnail-TPV-6-2025-Para-crecer-en-la-compasion-por-el-mundo.jpg","contentUrl":"https:\/\/exaudi.org\/wp-content\/uploads\/2025\/06\/SP-Youtube-Thumbnail-TPV-6-2025-Para-crecer-en-la-compasion-por-el-mundo.jpg","width":1920,"height":1080},{"@type":"BreadcrumbList","@id":"https:\/\/exaudi.org\/es\/el-papa-leon-xiv-aprendamos-del-corazon-de-jesus-la-compasion-por-el-mundo\/#breadcrumb","itemListElement":[{"@type":"ListItem","position":1,"name":"Portada","item":"https:\/\/exaudi.org\/es\/"},{"@type":"ListItem","position":2,"name":"El Papa Le\u00f3n XIV: Aprendamos del coraz\u00f3n de Jes\u00fas la compasi\u00f3n por el mundo"}]},{"@type":"WebSite","@id":"https:\/\/exaudi.org\/#website","url":"https:\/\/exaudi.org\/","name":"Exaudi","description":"News","potentialAction":[{"@type":"SearchAction","target":{"@type":"EntryPoint","urlTemplate":"https:\/\/exaudi.org\/?s={search_term_string}"},"query-input":{"@type":"PropertyValueSpecification","valueRequired":true,"valueName":"search_term_string"}}],"inLanguage":"es"},{"@type":"Person","@id":"https:\/\/exaudi.org\/#\/schema\/person\/f5fc8f063065e38742da7afe15f25df7","name":"Exaudi Redacci\u00f3n","image":{"@type":"ImageObject","inLanguage":"es","@id":"https:\/\/secure.gravatar.com\/avatar\/fe0f6a059fb68d9b3e11bc5850dd4899b1c7492091a3cb6dd9b01b56ad828be2?s=96&d=mm&r=g","url":"https:\/\/secure.gravatar.com\/avatar\/fe0f6a059fb68d9b3e11bc5850dd4899b1c7492091a3cb6dd9b01b56ad828be2?s=96&d=mm&r=g","contentUrl":"https:\/\/secure.gravatar.com\/avatar\/fe0f6a059fb68d9b3e11bc5850dd4899b1c7492091a3cb6dd9b01b56ad828be2?s=96&d=mm&r=g","caption":"Exaudi Redacci\u00f3n"},"description":"\u00bfQu\u00e9 es Exaudi News? Exaudi News es un medio de comunicaci\u00f3n cat\u00f3lico internacional que informa, forma y transforma, diariamente en espa\u00f1ol, ingl\u00e9s e italiano. A trav\u00e9s de noticias, art\u00edculos de an\u00e1lisis y transmisiones en directo de los eventos del Papa, Exaudi busca fortalecer la unidad de los cristianos y contribuir a la evangelizaci\u00f3n del mundo, siempre guiados por la doctrina social de la Iglesia. Trabajamos para acercar la verdad y los valores cristianos a cada rinc\u00f3n del planeta. \u00a1Ay\u00fadanos a transformar el mundo con Exaudi! En Exaudi creemos que la evangelizaci\u00f3n y la informaci\u00f3n de calidad pueden cambiar vidas. Para continuar con nuestra misi\u00f3n y expandir nuestro alcance, necesitamos tu ayuda. Adem\u00e1s, buscamos personas comprometidas que deseen unirse a nuestro equipo. Con tu apoyo, lograremos llegar a m\u00e1s personas, difundir el mensaje de Cristo y reforzar la unidad de los cristianos. \u00bfTe unes a nuestra misi\u00f3n? Para m\u00e1s informaci\u00f3n sobre c\u00f3mo colaborar, visita Exaudi.org\/es o cont\u00e1ctanos directamente: info@exaudi.org Exaudi: Informa, forma y transforma.","sameAs":["https:\/\/www.facebook.com\/ExaudiNoticias\/","https:\/\/www.instagram.com\/exaudi_noticias\/","https:\/\/x.com\/Exaudi_noticias","https:\/\/www.youtube.com\/@exaudicatholicnews"],"url":"https:\/\/exaudi.org\/es\/author\/redaccionexaudi\/"}]}},"jetpack_featured_media_url":"https:\/\/exaudi.org\/wp-content\/uploads\/2025\/06\/SP-Youtube-Thumbnail-TPV-6-2025-Para-crecer-en-la-compasion-por-el-mundo.jpg","jetpack_shortlink":"https:\/\/wp.me\/pgKjF2-x6w","_links":{"self":[{"href":"https:\/\/exaudi.org\/es\/wp-json\/wp\/v2\/posts\/127256","targetHints":{"allow":["GET"]}}],"collection":[{"href":"https:\/\/exaudi.org\/es\/wp-json\/wp\/v2\/posts"}],"about":[{"href":"https:\/\/exaudi.org\/es\/wp-json\/wp\/v2\/types\/post"}],"author":[{"embeddable":true,"href":"https:\/\/exaudi.org\/es\/wp-json\/wp\/v2\/users\/15"}],"replies":[{"embeddable":true,"href":"https:\/\/exaudi.org\/es\/wp-json\/wp\/v2\/comments?post=127256"}],"version-history":[{"count":0,"href":"https:\/\/exaudi.org\/es\/wp-json\/wp\/v2\/posts\/127256\/revisions"}],"wp:featuredmedia":[{"embeddable":true,"href":"https:\/\/exaudi.org\/es\/wp-json\/wp\/v2\/media\/127257"}],"wp:attachment":[{"href":"https:\/\/exaudi.org\/es\/wp-json\/wp\/v2\/media?parent=127256"}],"wp:term":[{"taxonomy":"category","embeddable":true,"href":"https:\/\/exaudi.org\/es\/wp-json\/wp\/v2\/categories?post=127256"},{"taxonomy":"post_tag","embeddable":true,"href":"https:\/\/exaudi.org\/es\/wp-json\/wp\/v2\/tags?post=127256"}],"curies":[{"name":"wp","href":"https:\/\/api.w.org\/{rel}","templated":true}]}}