{"id":127019,"date":"2025-05-30T09:45:43","date_gmt":"2025-05-30T07:45:43","guid":{"rendered":"https:\/\/exaudi.org\/?p=127019"},"modified":"2025-05-30T09:56:26","modified_gmt":"2025-05-30T07:56:26","slug":"hablar-del-papa-en-familia-una-oportunidad-para-educar-en-amor-a-la-iglesia","status":"publish","type":"post","link":"https:\/\/exaudi.org\/es\/hablar-del-papa-en-familia-una-oportunidad-para-educar-en-amor-a-la-iglesia\/","title":{"rendered":"Hablar del Papa en familia: una oportunidad para educar en amor a la Iglesia"},"content":{"rendered":"<p>En toda familia cat\u00f3lica hay conversaciones que marcan: sobre la fe, la Iglesia, los sacramentos\u2026 y tambi\u00e9n sobre el Papa. Es natural que los hijos pregunten, que los mayores opinen, y que surjan comentarios sobre gestos, palabras o decisiones del Pont\u00edfice. Pero \u00bfc\u00f3mo hablar del Papa en casa? \u00bfQu\u00e9 tono, enfoque y actitud debemos cultivar?<\/p>\n<p><iframe title=\"Spotify Embed: Hablar del Papa en familia: una oportunidad para educar en amor a la Iglesia\" style=\"border-radius: 12px\" width=\"100%\" height=\"152\" frameborder=\"0\" allowfullscreen allow=\"autoplay; clipboard-write; encrypted-media; fullscreen; picture-in-picture\" loading=\"lazy\" src=\"https:\/\/open.spotify.com\/embed\/episode\/42ShsIDBTRnKL3HN7AXinh?si=a09e497d5238401c&#038;utm_source=oembed\"><\/iframe><\/p>\n<h3><strong>1. Una mirada de fe, no de partido<\/strong><\/h3>\n<p>El Papa no es un pol\u00edtico ni un personaje p\u00fablico cualquiera. Es el Sucesor de Pedro, piedra visible de la unidad de la Iglesia. Desde esta verdad fundamental, toda conversaci\u00f3n familiar sobre \u00e9l debe nacer de la fe, no de la ideolog\u00eda ni del impulso emocional. No se trata de que \u00abme guste m\u00e1s este que el anterior\u00bb, ni de comparar estilos como si fueran productos. Cada Papa es elegido por Dios para un momento concreto, con sus dones y l\u00edmites, y el Esp\u00edritu Santo act\u00faa tambi\u00e9n a trav\u00e9s de esa historia concreta.<\/p>\n<h3><strong>2. Evitar comparaciones que dividen<\/strong><\/h3>\n<p>A veces, en las sobremesas o charlas cotidianas, surgen comentarios como \u201cJuan Pablo II era m\u00e1s firme\u201d, \u201cBenedicto hablaba m\u00e1s claro\u201d o \u201cFrancisco es m\u00e1s cercano\u201d. Aunque estas observaciones pueden parecer inofensivas, si no se enmarcan bien, pueden sembrar confusi\u00f3n o divisi\u00f3n, sobre todo en los m\u00e1s j\u00f3venes. La clave est\u00e1 en reconocer lo bueno de cada pont\u00edfice, su misi\u00f3n particular, y evitar crear bandos o nostalgias que no ayudan a vivir la comuni\u00f3n.<\/p>\n<h3><strong>3. Formar el coraz\u00f3n en la comuni\u00f3n<\/strong><\/h3>\n<p>Hablar bien del Papa, incluso cuando no entendemos todo lo que dice o hace, es una forma concreta de vivir la comuni\u00f3n con la Iglesia. Eso no significa ignorar los matices o evitar el discernimiento, sino cultivar un respeto que nace del amor a la Iglesia. Si hay dudas, es mejor buscar fuentes oficiales, leer con calma sus textos y preguntar a personas de fe s\u00f3lida, antes que repetir juicios simplistas o noticias sesgadas.<\/p>\n<h3><strong>4. Educar con testimonio, no con cr\u00edticas<\/strong><\/h3>\n<p>Los hijos aprenden m\u00e1s de lo que ven que de lo que se les dice. Si ven en los padres una actitud cr\u00edtica, ir\u00f3nica o despectiva hacia el Papa o hacia la Iglesia, dif\u00edcilmente crecer\u00e1n con sentido de pertenencia y confianza. En cambio, si perciben amor, oraci\u00f3n y deseo de comprender, aprender\u00e1n a amar tambi\u00e9n ellos a la Iglesia, incluso con sus heridas.<\/p>\n<h3><strong>5. Rezar por el Papa: un gesto familiar de unidad<\/strong><\/h3>\n<p>Una costumbre sencilla, pero muy educativa, es rezar por el Papa en familia, ya sea en el Rosario, en la bendici\u00f3n de la mesa o en la oraci\u00f3n de la noche. Recordar su nombre, sus intenciones, su servicio a toda la Iglesia, ayuda a los hijos a vivir en comuni\u00f3n con la Iglesia universal y a valorar su figura.<\/p>\n<h3><strong>6. Un legado de unidad<\/strong><\/h3>\n<p>Cada Papa ha aportado luz a su tiempo: san Juan Pablo II con su fuerza evangelizadora, Benedicto XVI con su profundidad teol\u00f3gica, Francisco con su cercan\u00eda y su llamada a la misericordia. En vez de contraponerlos, podemos presentar a los hijos este rico legado como un testimonio de continuidad viva, no de ruptura.<\/p>\n<p>En definitiva, hablar del Papa en familia no es solo un tema de conversaci\u00f3n, sino una ocasi\u00f3n privilegiada para educar en la fe, en el respeto y en el amor a la Iglesia. Y eso, en los tiempos que corren, es uno de los mejores regalos que podemos dar a nuestros hijos.<\/p>\n<p>&nbsp;<\/p>\n<p><img loading=\"lazy\" decoding=\"async\" class=\"size-full wp-image-127047 alignnone\" src=\"https:\/\/exaudi.org\/wp-content\/uploads\/2025\/05\/Laetare-2.jpg\" alt=\"\" width=\"940\" height=\"788\" srcset=\"https:\/\/exaudi.org\/wp-content\/uploads\/2025\/05\/Laetare-2.jpg 940w, https:\/\/exaudi.org\/wp-content\/uploads\/2025\/05\/Laetare-2-300x251.jpg 300w, https:\/\/exaudi.org\/wp-content\/uploads\/2025\/05\/Laetare-2-770x645.jpg 770w, https:\/\/exaudi.org\/wp-content\/uploads\/2025\/05\/Laetare-2-500x419.jpg 500w\" sizes=\"auto, (max-width: 940px) 100vw, 940px\" \/><\/p>\n","protected":false},"excerpt":{"rendered":"<p>Evitar comparaciones, juicios apresurados o cr\u00edticas destructivas y aprender a acoger cada pontificado como un regalo del Esp\u00edritu Santo: una clave para formar corazones cat\u00f3licos, tambi\u00e9n en casa<\/p>\n","protected":false},"author":154,"featured_media":127024,"comment_status":"closed","ping_status":"closed","sticky":false,"template":"","format":"standard","meta":{"_acf_changed":false,"_crdt_document":"","inline_featured_image":false,"footnotes":""},"categories":[72],"tags":[60798,60803,60799,60802,60800,60806,60808,60801,60805,60810,2419,60804,60797,32946,46076,60809,60807,46804,26894],"class_list":["post-127019","post","type-post","status-publish","format-standard","has-post-thumbnail","hentry","category-analisis","tag-amor-a-la-iglesia","tag-amor-al-papa-en-familia","tag-claves-para-hablar-del-papa-en-familia","tag-como-hablar-del-papa-con-los-hijos","tag-educacion-catolica-en-casa","tag-educar-en-comunion-eclesial","tag-ensenar-comunion-con-la-iglesia","tag-ensenar-respeto-al-papa","tag-evitar-criticas-al-papa","tag-familia-y-doctrina-de-la-iglesia","tag-featured","tag-formar-en-la-fe-catolica","tag-hablar-del-papa","tag-laetare","tag-oracion-por-el-papa","tag-padres-catolicos-y-el-papa","tag-respeto-al-magisterio","tag-sucesor-de-pedro","tag-unidad-en-la-iglesia"],"acf":[],"yoast_head":"<!-- This site is optimized with the Yoast SEO plugin v27.4 - https:\/\/yoast.com\/product\/yoast-seo-wordpress\/ -->\n<title>Hablar del Papa en familia: una oportunidad para educar en amor a la Iglesia &#8211; Exaudi<\/title>\n<meta name=\"robots\" content=\"index, follow, max-snippet:-1, max-image-preview:large, max-video-preview:-1\" \/>\n<link rel=\"canonical\" href=\"https:\/\/exaudi.org\/es\/hablar-del-papa-en-familia-una-oportunidad-para-educar-en-amor-a-la-iglesia\/\" \/>\n<meta property=\"og:locale\" content=\"es_ES\" \/>\n<meta property=\"og:type\" content=\"article\" \/>\n<meta property=\"og:title\" content=\"Hablar del Papa en familia: una oportunidad para educar en amor a la Iglesia &#8211; Exaudi\" \/>\n<meta property=\"og:description\" content=\"Evitar comparaciones, juicios apresurados o cr\u00edticas destructivas y aprender a acoger cada pontificado como un regalo del Esp\u00edritu Santo: una clave para formar corazones cat\u00f3licos, tambi\u00e9n en casa\" \/>\n<meta property=\"og:url\" content=\"https:\/\/exaudi.org\/es\/hablar-del-papa-en-familia-una-oportunidad-para-educar-en-amor-a-la-iglesia\/\" \/>\n<meta property=\"og:site_name\" content=\"Exaudi\" \/>\n<meta property=\"article:publisher\" content=\"https:\/\/www.facebook.com\/ExaudiNews\" \/>\n<meta property=\"article:published_time\" content=\"2025-05-30T07:45:43+00:00\" \/>\n<meta property=\"article:modified_time\" content=\"2025-05-30T07:56:26+00:00\" \/>\n<meta property=\"og:image\" content=\"https:\/\/exaudi.org\/wp-content\/uploads\/2025\/05\/aiease_1748515049586.jpg\" \/>\n\t<meta property=\"og:image:width\" content=\"1536\" \/>\n\t<meta property=\"og:image:height\" content=\"1024\" \/>\n\t<meta property=\"og:image:type\" content=\"image\/jpeg\" \/>\n<meta name=\"author\" content=\"Laetare\" \/>\n<meta name=\"twitter:card\" content=\"summary_large_image\" \/>\n<meta name=\"twitter:creator\" content=\"@Exaudi_News\" \/>\n<meta name=\"twitter:site\" content=\"@Exaudi_News\" \/>\n<meta name=\"twitter:label1\" content=\"Escrito por\" \/>\n\t<meta name=\"twitter:data1\" content=\"Laetare\" \/>\n\t<meta name=\"twitter:label2\" content=\"Tiempo de lectura\" \/>\n\t<meta name=\"twitter:data2\" content=\"3 minutos\" \/>\n<script type=\"application\/ld+json\" class=\"yoast-schema-graph\">{\"@context\":\"https:\\\/\\\/schema.org\",\"@graph\":[{\"@type\":\"Article\",\"@id\":\"https:\\\/\\\/exaudi.org\\\/es\\\/hablar-del-papa-en-familia-una-oportunidad-para-educar-en-amor-a-la-iglesia\\\/#article\",\"isPartOf\":{\"@id\":\"https:\\\/\\\/exaudi.org\\\/es\\\/hablar-del-papa-en-familia-una-oportunidad-para-educar-en-amor-a-la-iglesia\\\/\"},\"author\":{\"name\":\"Laetare\",\"@id\":\"https:\\\/\\\/exaudi.org\\\/#\\\/schema\\\/person\\\/b4f60770b050db60868378f3d473b3d4\"},\"headline\":\"Hablar del Papa en familia: una oportunidad para educar en amor a la Iglesia\",\"datePublished\":\"2025-05-30T07:45:43+00:00\",\"dateModified\":\"2025-05-30T07:56:26+00:00\",\"mainEntityOfPage\":{\"@id\":\"https:\\\/\\\/exaudi.org\\\/es\\\/hablar-del-papa-en-familia-una-oportunidad-para-educar-en-amor-a-la-iglesia\\\/\"},\"wordCount\":631,\"image\":{\"@id\":\"https:\\\/\\\/exaudi.org\\\/es\\\/hablar-del-papa-en-familia-una-oportunidad-para-educar-en-amor-a-la-iglesia\\\/#primaryimage\"},\"thumbnailUrl\":\"https:\\\/\\\/exaudi.org\\\/wp-content\\\/uploads\\\/2025\\\/05\\\/aiease_1748515049586.jpg\",\"keywords\":[\"Amor a la Iglesia\",\"amor al Papa en familia\",\"claves para hablar del Papa en familia\",\"c\u00f3mo hablar del Papa con los hijos\",\"educaci\u00f3n cat\u00f3lica en casa\",\"educar en comuni\u00f3n eclesial\",\"ense\u00f1ar comuni\u00f3n con la Iglesia\",\"ense\u00f1ar respeto al Papa\",\"evitar cr\u00edticas al Papa\",\"familia y doctrina de la Iglesia\",\"Featured\",\"formar en la fe cat\u00f3lica\",\"Hablar del Papa\",\"Laetare\",\"oraci\u00f3n por el papa\",\"padres cat\u00f3licos y el Papa\",\"respeto al magisterio\",\"Sucesor de Pedro\",\"Unidad en la Iglesia\"],\"articleSection\":[\"An\u00e1lisis\"],\"inLanguage\":\"es\"},{\"@type\":\"WebPage\",\"@id\":\"https:\\\/\\\/exaudi.org\\\/es\\\/hablar-del-papa-en-familia-una-oportunidad-para-educar-en-amor-a-la-iglesia\\\/\",\"url\":\"https:\\\/\\\/exaudi.org\\\/es\\\/hablar-del-papa-en-familia-una-oportunidad-para-educar-en-amor-a-la-iglesia\\\/\",\"name\":\"Hablar del Papa en familia: una oportunidad para educar en amor a la Iglesia &#8211; Exaudi\",\"isPartOf\":{\"@id\":\"https:\\\/\\\/exaudi.org\\\/#website\"},\"primaryImageOfPage\":{\"@id\":\"https:\\\/\\\/exaudi.org\\\/es\\\/hablar-del-papa-en-familia-una-oportunidad-para-educar-en-amor-a-la-iglesia\\\/#primaryimage\"},\"image\":{\"@id\":\"https:\\\/\\\/exaudi.org\\\/es\\\/hablar-del-papa-en-familia-una-oportunidad-para-educar-en-amor-a-la-iglesia\\\/#primaryimage\"},\"thumbnailUrl\":\"https:\\\/\\\/exaudi.org\\\/wp-content\\\/uploads\\\/2025\\\/05\\\/aiease_1748515049586.jpg\",\"datePublished\":\"2025-05-30T07:45:43+00:00\",\"dateModified\":\"2025-05-30T07:56:26+00:00\",\"author\":{\"@id\":\"https:\\\/\\\/exaudi.org\\\/#\\\/schema\\\/person\\\/b4f60770b050db60868378f3d473b3d4\"},\"breadcrumb\":{\"@id\":\"https:\\\/\\\/exaudi.org\\\/es\\\/hablar-del-papa-en-familia-una-oportunidad-para-educar-en-amor-a-la-iglesia\\\/#breadcrumb\"},\"inLanguage\":\"es\",\"potentialAction\":[{\"@type\":\"ReadAction\",\"target\":[\"https:\\\/\\\/exaudi.org\\\/es\\\/hablar-del-papa-en-familia-una-oportunidad-para-educar-en-amor-a-la-iglesia\\\/\"]}]},{\"@type\":\"ImageObject\",\"inLanguage\":\"es\",\"@id\":\"https:\\\/\\\/exaudi.org\\\/es\\\/hablar-del-papa-en-familia-una-oportunidad-para-educar-en-amor-a-la-iglesia\\\/#primaryimage\",\"url\":\"https:\\\/\\\/exaudi.org\\\/wp-content\\\/uploads\\\/2025\\\/05\\\/aiease_1748515049586.jpg\",\"contentUrl\":\"https:\\\/\\\/exaudi.org\\\/wp-content\\\/uploads\\\/2025\\\/05\\\/aiease_1748515049586.jpg\",\"width\":1536,\"height\":1024},{\"@type\":\"BreadcrumbList\",\"@id\":\"https:\\\/\\\/exaudi.org\\\/es\\\/hablar-del-papa-en-familia-una-oportunidad-para-educar-en-amor-a-la-iglesia\\\/#breadcrumb\",\"itemListElement\":[{\"@type\":\"ListItem\",\"position\":1,\"name\":\"Portada\",\"item\":\"https:\\\/\\\/exaudi.org\\\/es\\\/\"},{\"@type\":\"ListItem\",\"position\":2,\"name\":\"Hablar del Papa en familia: una oportunidad para educar en amor a la Iglesia\"}]},{\"@type\":\"WebSite\",\"@id\":\"https:\\\/\\\/exaudi.org\\\/#website\",\"url\":\"https:\\\/\\\/exaudi.org\\\/\",\"name\":\"Exaudi\",\"description\":\"News\",\"potentialAction\":[{\"@type\":\"SearchAction\",\"target\":{\"@type\":\"EntryPoint\",\"urlTemplate\":\"https:\\\/\\\/exaudi.org\\\/?s={search_term_string}\"},\"query-input\":{\"@type\":\"PropertyValueSpecification\",\"valueRequired\":true,\"valueName\":\"search_term_string\"}}],\"inLanguage\":\"es\"},{\"@type\":\"Person\",\"@id\":\"https:\\\/\\\/exaudi.org\\\/#\\\/schema\\\/person\\\/b4f60770b050db60868378f3d473b3d4\",\"name\":\"Laetare\",\"image\":{\"@type\":\"ImageObject\",\"inLanguage\":\"es\",\"@id\":\"https:\\\/\\\/secure.gravatar.com\\\/avatar\\\/239ae5fc763d8bf7c26706d150679faa0bec9e2d51089775f40e9decb4806f15?s=96&d=mm&r=g\",\"url\":\"https:\\\/\\\/secure.gravatar.com\\\/avatar\\\/239ae5fc763d8bf7c26706d150679faa0bec9e2d51089775f40e9decb4806f15?s=96&d=mm&r=g\",\"contentUrl\":\"https:\\\/\\\/secure.gravatar.com\\\/avatar\\\/239ae5fc763d8bf7c26706d150679faa0bec9e2d51089775f40e9decb4806f15?s=96&d=mm&r=g\",\"caption\":\"Laetare\"},\"description\":\"Laetare es una asociaci\u00f3n fundada por Gabriel N\u00fa\u00f1ez, nacida en Sevilla con el prop\u00f3sito de defender y promover el desarrollo integral de la familia cristiana. Su actividad se organiza en cuatro ejes fundamentales: sensibilizar, orar, formar y servir. La asociaci\u00f3n trabaja en la preservaci\u00f3n de la familia como pilar de la sociedad, ofreciendo formaci\u00f3n especializada, retiros espirituales y apoyo integral a matrimonios en crisis, con un enfoque basado en la doctrina cat\u00f3lica y la acci\u00f3n comunitaria.\",\"url\":\"https:\\\/\\\/exaudi.org\\\/es\\\/author\\\/laetare\\\/\"}]}<\/script>\n<!-- \/ Yoast SEO plugin. -->","yoast_head_json":{"title":"Hablar del Papa en familia: una oportunidad para educar en amor a la Iglesia &#8211; Exaudi","robots":{"index":"index","follow":"follow","max-snippet":"max-snippet:-1","max-image-preview":"max-image-preview:large","max-video-preview":"max-video-preview:-1"},"canonical":"https:\/\/exaudi.org\/es\/hablar-del-papa-en-familia-una-oportunidad-para-educar-en-amor-a-la-iglesia\/","og_locale":"es_ES","og_type":"article","og_title":"Hablar del Papa en familia: una oportunidad para educar en amor a la Iglesia &#8211; Exaudi","og_description":"Evitar comparaciones, juicios apresurados o cr\u00edticas destructivas y aprender a acoger cada pontificado como un regalo del Esp\u00edritu Santo: una clave para formar corazones cat\u00f3licos, tambi\u00e9n en casa","og_url":"https:\/\/exaudi.org\/es\/hablar-del-papa-en-familia-una-oportunidad-para-educar-en-amor-a-la-iglesia\/","og_site_name":"Exaudi","article_publisher":"https:\/\/www.facebook.com\/ExaudiNews","article_published_time":"2025-05-30T07:45:43+00:00","article_modified_time":"2025-05-30T07:56:26+00:00","og_image":[{"width":1536,"height":1024,"url":"https:\/\/exaudi.org\/wp-content\/uploads\/2025\/05\/aiease_1748515049586.jpg","type":"image\/jpeg"}],"author":"Laetare","twitter_card":"summary_large_image","twitter_creator":"@Exaudi_News","twitter_site":"@Exaudi_News","twitter_misc":{"Escrito por":"Laetare","Tiempo de lectura":"3 minutos"},"schema":{"@context":"https:\/\/schema.org","@graph":[{"@type":"Article","@id":"https:\/\/exaudi.org\/es\/hablar-del-papa-en-familia-una-oportunidad-para-educar-en-amor-a-la-iglesia\/#article","isPartOf":{"@id":"https:\/\/exaudi.org\/es\/hablar-del-papa-en-familia-una-oportunidad-para-educar-en-amor-a-la-iglesia\/"},"author":{"name":"Laetare","@id":"https:\/\/exaudi.org\/#\/schema\/person\/b4f60770b050db60868378f3d473b3d4"},"headline":"Hablar del Papa en familia: una oportunidad para educar en amor a la Iglesia","datePublished":"2025-05-30T07:45:43+00:00","dateModified":"2025-05-30T07:56:26+00:00","mainEntityOfPage":{"@id":"https:\/\/exaudi.org\/es\/hablar-del-papa-en-familia-una-oportunidad-para-educar-en-amor-a-la-iglesia\/"},"wordCount":631,"image":{"@id":"https:\/\/exaudi.org\/es\/hablar-del-papa-en-familia-una-oportunidad-para-educar-en-amor-a-la-iglesia\/#primaryimage"},"thumbnailUrl":"https:\/\/exaudi.org\/wp-content\/uploads\/2025\/05\/aiease_1748515049586.jpg","keywords":["Amor a la Iglesia","amor al Papa en familia","claves para hablar del Papa en familia","c\u00f3mo hablar del Papa con los hijos","educaci\u00f3n cat\u00f3lica en casa","educar en comuni\u00f3n eclesial","ense\u00f1ar comuni\u00f3n con la Iglesia","ense\u00f1ar respeto al Papa","evitar cr\u00edticas al Papa","familia y doctrina de la Iglesia","Featured","formar en la fe cat\u00f3lica","Hablar del Papa","Laetare","oraci\u00f3n por el papa","padres cat\u00f3licos y el Papa","respeto al magisterio","Sucesor de Pedro","Unidad en la Iglesia"],"articleSection":["An\u00e1lisis"],"inLanguage":"es"},{"@type":"WebPage","@id":"https:\/\/exaudi.org\/es\/hablar-del-papa-en-familia-una-oportunidad-para-educar-en-amor-a-la-iglesia\/","url":"https:\/\/exaudi.org\/es\/hablar-del-papa-en-familia-una-oportunidad-para-educar-en-amor-a-la-iglesia\/","name":"Hablar del Papa en familia: una oportunidad para educar en amor a la Iglesia &#8211; Exaudi","isPartOf":{"@id":"https:\/\/exaudi.org\/#website"},"primaryImageOfPage":{"@id":"https:\/\/exaudi.org\/es\/hablar-del-papa-en-familia-una-oportunidad-para-educar-en-amor-a-la-iglesia\/#primaryimage"},"image":{"@id":"https:\/\/exaudi.org\/es\/hablar-del-papa-en-familia-una-oportunidad-para-educar-en-amor-a-la-iglesia\/#primaryimage"},"thumbnailUrl":"https:\/\/exaudi.org\/wp-content\/uploads\/2025\/05\/aiease_1748515049586.jpg","datePublished":"2025-05-30T07:45:43+00:00","dateModified":"2025-05-30T07:56:26+00:00","author":{"@id":"https:\/\/exaudi.org\/#\/schema\/person\/b4f60770b050db60868378f3d473b3d4"},"breadcrumb":{"@id":"https:\/\/exaudi.org\/es\/hablar-del-papa-en-familia-una-oportunidad-para-educar-en-amor-a-la-iglesia\/#breadcrumb"},"inLanguage":"es","potentialAction":[{"@type":"ReadAction","target":["https:\/\/exaudi.org\/es\/hablar-del-papa-en-familia-una-oportunidad-para-educar-en-amor-a-la-iglesia\/"]}]},{"@type":"ImageObject","inLanguage":"es","@id":"https:\/\/exaudi.org\/es\/hablar-del-papa-en-familia-una-oportunidad-para-educar-en-amor-a-la-iglesia\/#primaryimage","url":"https:\/\/exaudi.org\/wp-content\/uploads\/2025\/05\/aiease_1748515049586.jpg","contentUrl":"https:\/\/exaudi.org\/wp-content\/uploads\/2025\/05\/aiease_1748515049586.jpg","width":1536,"height":1024},{"@type":"BreadcrumbList","@id":"https:\/\/exaudi.org\/es\/hablar-del-papa-en-familia-una-oportunidad-para-educar-en-amor-a-la-iglesia\/#breadcrumb","itemListElement":[{"@type":"ListItem","position":1,"name":"Portada","item":"https:\/\/exaudi.org\/es\/"},{"@type":"ListItem","position":2,"name":"Hablar del Papa en familia: una oportunidad para educar en amor a la Iglesia"}]},{"@type":"WebSite","@id":"https:\/\/exaudi.org\/#website","url":"https:\/\/exaudi.org\/","name":"Exaudi","description":"News","potentialAction":[{"@type":"SearchAction","target":{"@type":"EntryPoint","urlTemplate":"https:\/\/exaudi.org\/?s={search_term_string}"},"query-input":{"@type":"PropertyValueSpecification","valueRequired":true,"valueName":"search_term_string"}}],"inLanguage":"es"},{"@type":"Person","@id":"https:\/\/exaudi.org\/#\/schema\/person\/b4f60770b050db60868378f3d473b3d4","name":"Laetare","image":{"@type":"ImageObject","inLanguage":"es","@id":"https:\/\/secure.gravatar.com\/avatar\/239ae5fc763d8bf7c26706d150679faa0bec9e2d51089775f40e9decb4806f15?s=96&d=mm&r=g","url":"https:\/\/secure.gravatar.com\/avatar\/239ae5fc763d8bf7c26706d150679faa0bec9e2d51089775f40e9decb4806f15?s=96&d=mm&r=g","contentUrl":"https:\/\/secure.gravatar.com\/avatar\/239ae5fc763d8bf7c26706d150679faa0bec9e2d51089775f40e9decb4806f15?s=96&d=mm&r=g","caption":"Laetare"},"description":"Laetare es una asociaci\u00f3n fundada por Gabriel N\u00fa\u00f1ez, nacida en Sevilla con el prop\u00f3sito de defender y promover el desarrollo integral de la familia cristiana. Su actividad se organiza en cuatro ejes fundamentales: sensibilizar, orar, formar y servir. La asociaci\u00f3n trabaja en la preservaci\u00f3n de la familia como pilar de la sociedad, ofreciendo formaci\u00f3n especializada, retiros espirituales y apoyo integral a matrimonios en crisis, con un enfoque basado en la doctrina cat\u00f3lica y la acci\u00f3n comunitaria.","url":"https:\/\/exaudi.org\/es\/author\/laetare\/"}]}},"jetpack_featured_media_url":"https:\/\/exaudi.org\/wp-content\/uploads\/2025\/05\/aiease_1748515049586.jpg","jetpack_shortlink":"https:\/\/wp.me\/pgKjF2-x2H","_links":{"self":[{"href":"https:\/\/exaudi.org\/es\/wp-json\/wp\/v2\/posts\/127019","targetHints":{"allow":["GET"]}}],"collection":[{"href":"https:\/\/exaudi.org\/es\/wp-json\/wp\/v2\/posts"}],"about":[{"href":"https:\/\/exaudi.org\/es\/wp-json\/wp\/v2\/types\/post"}],"author":[{"embeddable":true,"href":"https:\/\/exaudi.org\/es\/wp-json\/wp\/v2\/users\/154"}],"replies":[{"embeddable":true,"href":"https:\/\/exaudi.org\/es\/wp-json\/wp\/v2\/comments?post=127019"}],"version-history":[{"count":0,"href":"https:\/\/exaudi.org\/es\/wp-json\/wp\/v2\/posts\/127019\/revisions"}],"wp:featuredmedia":[{"embeddable":true,"href":"https:\/\/exaudi.org\/es\/wp-json\/wp\/v2\/media\/127024"}],"wp:attachment":[{"href":"https:\/\/exaudi.org\/es\/wp-json\/wp\/v2\/media?parent=127019"}],"wp:term":[{"taxonomy":"category","embeddable":true,"href":"https:\/\/exaudi.org\/es\/wp-json\/wp\/v2\/categories?post=127019"},{"taxonomy":"post_tag","embeddable":true,"href":"https:\/\/exaudi.org\/es\/wp-json\/wp\/v2\/tags?post=127019"}],"curies":[{"name":"wp","href":"https:\/\/api.w.org\/{rel}","templated":true}]}}