{"id":12700,"date":"2021-04-21T13:53:27","date_gmt":"2021-04-21T11:53:27","guid":{"rendered":"https:\/\/exaudi.org\/?p=12700"},"modified":"2021-04-21T15:30:16","modified_gmt":"2021-04-21T13:30:16","slug":"amazonia-repam-denuncia-a-onu-violacion-derechos-humanos","status":"publish","type":"post","link":"https:\/\/exaudi.org\/es\/amazonia-repam-denuncia-a-onu-violacion-derechos-humanos\/","title":{"rendered":"Amazon\u00eda: REPAM denuncia a la ONU la violaci\u00f3n de derechos humanos"},"content":{"rendered":"<p>Pueblos ind\u00edgenas, representados por la <a href=\"https:\/\/redamazonica.org\/\" target=\"_blank\" rel=\"noopener noreferrer\">Red Eclesial Panamaz\u00f3nica (REPAM)<\/a>, han denunciado en el \u00faltimo Foro Permanente de la ONU para las Cuestiones Ind\u00edgenas, la violaci\u00f3n de los derechos humanos en las comunidades de la Amazon\u00eda durante la pandemia por COVID-19.<\/p>\n<p>Tal y como inform\u00f3 la REPAM en una nota, ayer martes 20 de abril de 2021, el tema de la vig\u00e9sima sesi\u00f3n del Foro de Naciones Unidas sobre esta realidad es \u201cPaz, justicia e instituciones eficaces: el papel de los pueblos ind\u00edgenas en el cumplimiento del Objetivo de Desarrollo Sostenible 16\u201d.<\/p>\n<h4><strong>La voz de la Amazon\u00eda<\/strong><\/h4>\n<p>De este modo, la Red Eclesial Panamaz\u00f3nica ha sido la encargada de recoger las voces de los ind\u00edgenas que viven en este territorio y llevarlas a la sesi\u00f3n, \u201clo que puede ayudar a reflejar la cruda realidad amaz\u00f3nica en las futuras recomendaciones del Consejo y aumentar la toma de conciencia a la hora de promover pol\u00edticas p\u00fablicas m\u00e1s acordes a la realidad de las comunidades ind\u00edgenas\u201d.<\/p>\n<p>La reflexi\u00f3n de este martes, se\u00f1ala la nota informativa, ha sido \u201cDurante la COVID-19 se agrandan y profundizan las violaciones a los DDHH en la Amazon\u00eda\u201d. Presidido por monse\u00f1or Gabriele Caccia, observador permanente de la Santa Sede en la ONU, el evento, realizado a trav\u00e9s de Zoom, ha sido moderado por Joao Gutemberg Sampaio, secretario ejecutivo de la REPAM, y cont\u00f3 con la presencia de Francisco Cal\u00ed, Relator especial de Naciones Unidas sobre los Derechos de los Pueblos Ind\u00edgenas, Jerem\u00edas Mura, del Pueblo Mura-Brasil, Ver\u00f3nica Grefa, del Pueblo Kichwa-Ecuador y Alberto Ynuma, del Pueblo Amahuaca \u2013 Per\u00fa.<\/p>\n<h4><strong>Los derechos humanos<\/strong><\/h4>\n<p>Los representantes de los pueblos ind\u00edgenas han mostrado la situaci\u00f3n de los <a href=\"https:\/\/exaudi.org\/es\/peru-comunicado-iglesia-amazonica-asesinato-indigenas\/\" target=\"_blank\" rel=\"noopener noreferrer\">derechos humanos en la Amazon\u00eda<\/a>, en un evento que Henry Ram\u00edrez, uno de los organizadores, defin\u00eda como \u201cexpresi\u00f3n de la solidaridad que se globaliza\u201d, insistiendo en ver \u201clos derechos humanos como una tarea indiscutible desde nuestra fe\u201d.<\/p>\n<p>Mons. Caccia record\u00f3 la importancia de la visita del Papa Francisco a la Amazon\u00eda y su defensa de los pueblos amaz\u00f3nicos, que nunca hab\u00edan sido tan amenazados, algo que ha aumentado con la pandemia, lo que ha provocado la muerte de muchos ind\u00edgenas, como ya sucedi\u00f3 en otras pandemias, consecuencia de las grandes distancias y el aislamiento social de estos pueblos.<\/p>\n<p>El observador permanente denunci\u00f3 que los gobiernos quieren reimpulsar la econom\u00eda, permitiendo la invasi\u00f3n del territorio, dando libertad a las empresas mineras para explotar la regi\u00f3n, sin consentimiento previo de los pueblos ind\u00edgenas, convirtiendo los tratados en un tratado de muerte. Son los mineros los que, en algunos pa\u00edses como Brasil, han llevado la COVID a las comunidades ind\u00edgenas.<\/p>\n<h4><strong>Aumento de las violaciones de los DDHH<\/strong><\/h4>\n<p>Desde Brasil habl\u00f3 Jeremias Mura, denunciando los ataques sufridos durante la pandemia. Seg\u00fan el l\u00edder ind\u00edgena, \u201cel gobierno brasile\u00f1o no se ha preocupado con una pol\u00edtica diferenciada para los pueblos ind\u00edgenas durante la pandemia, lo que agrav\u00f3 mucho la situaci\u00f3n de la sanidad\u201d. En este tiempo de pandemia han aumentado las invasiones, sobre todo madereros y de la miner\u00eda. Seg\u00fan \u00e9l, los invasores no respetan el aislamiento social y los \u00f3rganos de fiscalizaci\u00f3n no se desplazan para controlar esas invasiones.<\/p>\n<p>En la Amazon\u00eda ecuatoriana, uno de los grandes obst\u00e1culos es el conjunto de empresas petroleras. Ver\u00f3nica Grefa, l\u00edder del pueblo kichwa, record\u00f3 el derrame de petr\u00f3leo de 2020 que contamin\u00f3 los r\u00edos Coca y Napo y dej\u00f3 sin alimentaci\u00f3n y sin agua a m\u00e1s de 105 comunidades ind\u00edgenas. Seg\u00fan ella, \u201ceso destruy\u00f3 nuestro hogar, ya no tenemos una vida digna\u201d, insistiendo en que \u201cestamos sufriendo las consecuencias desde hace m\u00e1s de un a\u00f1o, con graves perjuicios para su salud\u201d.<\/p>\n<p>Llorando dijo que \u201ces muy doloroso contar todo esto, es muy penoso ver a tantas personas que sufren y nadie nos viene a ayudar en esta necesidad, no nos ayudan a exigir justicia\u201d. Ver\u00f3nica Grefa insisti\u00f3 en que \u201cestamos en el territorio, cuidando de la Pachamama, de nuestra Amazon\u00eda\u201d.<\/p>\n<h4><strong>Escuchar a los ind\u00edgenas<\/strong><\/h4>\n<p>En sus palabras, Mons. Caccia referenci\u00f3 el <a href=\"http:\/\/www.synod.va\/content\/sinodoamazonico\/es.html\" target=\"_blank\" rel=\"noopener noreferrer\">S\u00ednodo para la Amazon\u00eda<\/a>, destacando la presencia de representantes de los pueblos originarios y de lo recogido en <a href=\"https:\/\/exaudi.org\/es\/primer-aniversario-querida-amazonia\/\" target=\"_blank\" rel=\"noopener noreferrer\">\u201cQuerida Amazon\u00eda\u201d<\/a> en defensa de los pueblos amaz\u00f3nicos y de los m\u00e1s pobres. Tambi\u00e9n insisti\u00f3 en que sus voces sean escuchadas, y sus culturas y la belleza natural preservadas.<\/p>\n<p>Al mismo tiempo, hizo caer en la cuenta de las injusticias y la violencia que sufren las comunidades ind\u00edgenas, por lo que deben ser protegidas y reconocidas como interlocutores principales, a quien debemos respetar y pedir permiso para cualquier acci\u00f3n. El prelado destac\u00f3 la importancia de la presencia de los l\u00edderes ind\u00edgenas en el Foro Permanente y la necesidad de escucharlos.<\/p>\n<p>Por su parte, Gutemberg Sampaio destac\u00f3 que la Amazon\u00eda es una regi\u00f3n con profundas desigualdades, grandes lagunas sociales, pobreza extrema, violencia generalizada por diversas razones, precariedad en el acceso al agua potable, falta de seguridad alimentaria, sistema de salud precario, lo que ha provocado un gran impacto de la pandemia, que demanda la necesidad de que los estados implementen medidas de protecci\u00f3n.<\/p>\n<h4><strong>Poblaci\u00f3n de riesgo<\/strong><\/h4>\n<p>El art\u00edculo de la REPAM recupera las palabras de Jos\u00e9 Francisco Cali Tzay, relator especial del Consejo de Derechos Humanos de la ONU sobre los Derechos de los Pueblos Ind\u00edgenas, para mostrar la necesidad de medidas especiales para la protecci\u00f3n de los mismos. En un momento en el que se produce un mayor riesgo de salud para los pueblos en muchos pa\u00edses, Tzay record\u00f3 diferentes pandemias propagadas por los colonizadores a lo largo de la historia, a veces intencionadamente.<\/p>\n<p>Otra situaci\u00f3n preocupante, seg\u00fan el diplom\u00e1tico guatemalteco, son los efectos sobre la salud consecuencia de la contaminaci\u00f3n del medio ambiente, con un aumento de las enfermedades cr\u00f3nicas, que en este tiempo de pandemia no est\u00e1n siendo tratadas como deber\u00edan. E inst\u00f3 a que los gobiernos promuevan medidas de protecci\u00f3n de la salud de los pueblos ind\u00edgenas, que tenga prioridad en la atenci\u00f3n a los efectos de COVID-19.<\/p>\n<h4><strong>Medio Ambiente<\/strong><\/h4>\n<p>Desde la Amazon\u00eda peruana, Alberto Ynuma denunci\u00f3 la situaci\u00f3n vivida en la regi\u00f3n de Madre de Dios, donde los puestos de salud en las comunidades ind\u00edgenas est\u00e1n sin personal y sin medicamentos. A esto se une la imposible del estudio virtual, pues se trata de comunidades donde ni siquiera hay energ\u00eda el\u00e9ctrica. El ind\u00edgena del Pueblo Amahuaca cont\u00f3 la tentativa del gobierno peruano de incentivar la preservaci\u00f3n de los bosques, pero con ayudas muy bajas, lo que dificultad que eso se haga realidad.<\/p>\n<p>Al hilo de sus palabras mostr\u00f3 el agua contaminada por el mercurio y los residuos mineros, que esas comunidades tienen que beber. Tambi\u00e9n relat\u00f3 el aumento de la violencia y de los asaltos. Junto con ello record\u00f3 la visita del Santo Padre a Puerto Maldonado en 2018, \u201cque vino a conversar con nosotros\u201d. Seg\u00fan Alberto Ynuma, en el bosque encontraban todo, hasta las medicinas, algo que ya no es posible como consecuencia de la contaminaci\u00f3n, a lo que se unen los problemas provocados por COVID-19, que ha afectado a la salud.<\/p>\n<header class=\"entry-header\"><\/header>\n","protected":false},"excerpt":{"rendered":"<p>Durante la pandemia<\/p>\n","protected":false},"author":6,"featured_media":12720,"comment_status":"closed","ping_status":"closed","sticky":false,"template":"","format":"standard","meta":{"_acf_changed":false,"_crdt_document":"","inline_featured_image":false,"footnotes":""},"categories":[86,94,298],"tags":[320,802,1857,1850],"class_list":["post-12700","post","type-post","status-publish","format-standard","has-post-thumbnail","hentry","category-iglesia-local","category-justicia-y-paz","category-ultimas-noticias","tag-amazonia","tag-derechos-humanos","tag-naciones-unidas","tag-red-eclesial-panamazonica-repam"],"acf":[],"yoast_head":"<!-- This site is optimized with the Yoast SEO plugin v27.5 - https:\/\/yoast.com\/product\/yoast-seo-wordpress\/ -->\n<title>Amazon\u00eda: REPAM denuncia a la ONU la violaci\u00f3n de derechos humanos<\/title>\n<meta name=\"description\" content=\"Pueblos ind\u00edgenas y REPAM denuncian en el Foro Permanente de la ONU la violaci\u00f3n de los derechos humanos en las comunidades de la Amazon\u00eda.\" \/>\n<meta name=\"robots\" content=\"index, follow, max-snippet:-1, max-image-preview:large, max-video-preview:-1\" \/>\n<link rel=\"canonical\" href=\"https:\/\/exaudi.org\/es\/amazonia-repam-denuncia-a-onu-violacion-derechos-humanos\/\" \/>\n<meta property=\"og:locale\" content=\"es_ES\" \/>\n<meta property=\"og:type\" content=\"article\" \/>\n<meta property=\"og:title\" content=\"Amazon\u00eda: REPAM denuncia a la ONU la violaci\u00f3n de derechos humanos\" \/>\n<meta property=\"og:description\" content=\"Pueblos ind\u00edgenas y REPAM denuncian en el Foro Permanente de la ONU la violaci\u00f3n de los derechos humanos en las comunidades de la Amazon\u00eda.\" \/>\n<meta property=\"og:url\" content=\"https:\/\/exaudi.org\/es\/amazonia-repam-denuncia-a-onu-violacion-derechos-humanos\/\" \/>\n<meta property=\"og:site_name\" content=\"Exaudi\" \/>\n<meta property=\"article:publisher\" content=\"https:\/\/www.facebook.com\/ExaudiNews\" \/>\n<meta property=\"article:published_time\" content=\"2021-04-21T11:53:27+00:00\" \/>\n<meta property=\"article:modified_time\" content=\"2021-04-21T13:30:16+00:00\" \/>\n<meta property=\"og:image\" content=\"https:\/\/exaudi.org\/wp-content\/uploads\/2021\/04\/nature-forest-boat-lake-river-canal-1175047-pxhere.com_-scaled.jpg\" \/>\n\t<meta property=\"og:image:width\" content=\"2560\" \/>\n\t<meta property=\"og:image:height\" content=\"1439\" \/>\n\t<meta property=\"og:image:type\" content=\"image\/jpeg\" \/>\n<meta name=\"author\" content=\"Gabriel Sales\" \/>\n<meta name=\"twitter:card\" content=\"summary_large_image\" \/>\n<meta name=\"twitter:creator\" content=\"@habemusman\" \/>\n<meta name=\"twitter:site\" content=\"@Exaudi_News\" \/>\n<meta name=\"twitter:label1\" content=\"Escrito por\" \/>\n\t<meta name=\"twitter:data1\" content=\"Gabriel Sales\" \/>\n\t<meta name=\"twitter:label2\" content=\"Tiempo de lectura\" \/>\n\t<meta name=\"twitter:data2\" content=\"6 minutos\" \/>\n<script type=\"application\/ld+json\" class=\"yoast-schema-graph\">{\"@context\":\"https:\\\/\\\/schema.org\",\"@graph\":[{\"@type\":\"Article\",\"@id\":\"https:\\\/\\\/exaudi.org\\\/es\\\/amazonia-repam-denuncia-a-onu-violacion-derechos-humanos\\\/#article\",\"isPartOf\":{\"@id\":\"https:\\\/\\\/exaudi.org\\\/es\\\/amazonia-repam-denuncia-a-onu-violacion-derechos-humanos\\\/\"},\"author\":{\"name\":\"Gabriel Sales\",\"@id\":\"https:\\\/\\\/exaudi.org\\\/#\\\/schema\\\/person\\\/d134b96438278131ce90c90c03fda6cd\"},\"headline\":\"Amazon\u00eda: REPAM denuncia a la ONU la violaci\u00f3n de derechos humanos\",\"datePublished\":\"2021-04-21T11:53:27+00:00\",\"dateModified\":\"2021-04-21T13:30:16+00:00\",\"mainEntityOfPage\":{\"@id\":\"https:\\\/\\\/exaudi.org\\\/es\\\/amazonia-repam-denuncia-a-onu-violacion-derechos-humanos\\\/\"},\"wordCount\":1264,\"image\":{\"@id\":\"https:\\\/\\\/exaudi.org\\\/es\\\/amazonia-repam-denuncia-a-onu-violacion-derechos-humanos\\\/#primaryimage\"},\"thumbnailUrl\":\"https:\\\/\\\/exaudi.org\\\/wp-content\\\/uploads\\\/2021\\\/04\\\/nature-forest-boat-lake-river-canal-1175047-pxhere.com_-scaled.jpg\",\"keywords\":[\"Amazon\u00eda\",\"Derechos Humanos\",\"Naciones Unidas\",\"Red Eclesial Panamaz\u00f3nica (REPAM)\"],\"articleSection\":[\"Iglesia Local\",\"Justicia y Paz\",\"\u00daltimas noticias\"],\"inLanguage\":\"es\"},{\"@type\":\"WebPage\",\"@id\":\"https:\\\/\\\/exaudi.org\\\/es\\\/amazonia-repam-denuncia-a-onu-violacion-derechos-humanos\\\/\",\"url\":\"https:\\\/\\\/exaudi.org\\\/es\\\/amazonia-repam-denuncia-a-onu-violacion-derechos-humanos\\\/\",\"name\":\"Amazon\u00eda: REPAM denuncia a la ONU la violaci\u00f3n de derechos humanos\",\"isPartOf\":{\"@id\":\"https:\\\/\\\/exaudi.org\\\/#website\"},\"primaryImageOfPage\":{\"@id\":\"https:\\\/\\\/exaudi.org\\\/es\\\/amazonia-repam-denuncia-a-onu-violacion-derechos-humanos\\\/#primaryimage\"},\"image\":{\"@id\":\"https:\\\/\\\/exaudi.org\\\/es\\\/amazonia-repam-denuncia-a-onu-violacion-derechos-humanos\\\/#primaryimage\"},\"thumbnailUrl\":\"https:\\\/\\\/exaudi.org\\\/wp-content\\\/uploads\\\/2021\\\/04\\\/nature-forest-boat-lake-river-canal-1175047-pxhere.com_-scaled.jpg\",\"datePublished\":\"2021-04-21T11:53:27+00:00\",\"dateModified\":\"2021-04-21T13:30:16+00:00\",\"author\":{\"@id\":\"https:\\\/\\\/exaudi.org\\\/#\\\/schema\\\/person\\\/d134b96438278131ce90c90c03fda6cd\"},\"description\":\"Pueblos ind\u00edgenas y REPAM denuncian en el Foro Permanente de la ONU la violaci\u00f3n de los derechos humanos en las comunidades de la Amazon\u00eda.\",\"breadcrumb\":{\"@id\":\"https:\\\/\\\/exaudi.org\\\/es\\\/amazonia-repam-denuncia-a-onu-violacion-derechos-humanos\\\/#breadcrumb\"},\"inLanguage\":\"es\",\"potentialAction\":[{\"@type\":\"ReadAction\",\"target\":[\"https:\\\/\\\/exaudi.org\\\/es\\\/amazonia-repam-denuncia-a-onu-violacion-derechos-humanos\\\/\"]}]},{\"@type\":\"ImageObject\",\"inLanguage\":\"es\",\"@id\":\"https:\\\/\\\/exaudi.org\\\/es\\\/amazonia-repam-denuncia-a-onu-violacion-derechos-humanos\\\/#primaryimage\",\"url\":\"https:\\\/\\\/exaudi.org\\\/wp-content\\\/uploads\\\/2021\\\/04\\\/nature-forest-boat-lake-river-canal-1175047-pxhere.com_-scaled.jpg\",\"contentUrl\":\"https:\\\/\\\/exaudi.org\\\/wp-content\\\/uploads\\\/2021\\\/04\\\/nature-forest-boat-lake-river-canal-1175047-pxhere.com_-scaled.jpg\",\"width\":2560,\"height\":1439,\"caption\":\"Barca en r\u00edo Amazonas \u00a9 Pxhere\"},{\"@type\":\"BreadcrumbList\",\"@id\":\"https:\\\/\\\/exaudi.org\\\/es\\\/amazonia-repam-denuncia-a-onu-violacion-derechos-humanos\\\/#breadcrumb\",\"itemListElement\":[{\"@type\":\"ListItem\",\"position\":1,\"name\":\"Portada\",\"item\":\"https:\\\/\\\/exaudi.org\\\/es\\\/\"},{\"@type\":\"ListItem\",\"position\":2,\"name\":\"Amazon\u00eda: REPAM denuncia a la ONU la violaci\u00f3n de derechos humanos\"}]},{\"@type\":\"WebSite\",\"@id\":\"https:\\\/\\\/exaudi.org\\\/#website\",\"url\":\"https:\\\/\\\/exaudi.org\\\/\",\"name\":\"Exaudi\",\"description\":\"News\",\"potentialAction\":[{\"@type\":\"SearchAction\",\"target\":{\"@type\":\"EntryPoint\",\"urlTemplate\":\"https:\\\/\\\/exaudi.org\\\/?s={search_term_string}\"},\"query-input\":{\"@type\":\"PropertyValueSpecification\",\"valueRequired\":true,\"valueName\":\"search_term_string\"}}],\"inLanguage\":\"es\"},{\"@type\":\"Person\",\"@id\":\"https:\\\/\\\/exaudi.org\\\/#\\\/schema\\\/person\\\/d134b96438278131ce90c90c03fda6cd\",\"name\":\"Gabriel Sales\",\"image\":{\"@type\":\"ImageObject\",\"inLanguage\":\"es\",\"@id\":\"https:\\\/\\\/secure.gravatar.com\\\/avatar\\\/9b1269566f6a063ed26ffb3532b66a373cdde231ce5d0effb266167437fdaffd?s=96&d=mm&r=g\",\"url\":\"https:\\\/\\\/secure.gravatar.com\\\/avatar\\\/9b1269566f6a063ed26ffb3532b66a373cdde231ce5d0effb266167437fdaffd?s=96&d=mm&r=g\",\"contentUrl\":\"https:\\\/\\\/secure.gravatar.com\\\/avatar\\\/9b1269566f6a063ed26ffb3532b66a373cdde231ce5d0effb266167437fdaffd?s=96&d=mm&r=g\",\"caption\":\"Gabriel Sales\"},\"description\":\"Periodista y especialista en Comunicaci\u00f3n y Branding digital. Cin\u00e9filo y cr\u00edtico de cine y series de televisi\u00f3n.\",\"sameAs\":[\"https:\\\/\\\/www.instagram.com\\\/cine90segundos\\\/\",\"www.linkedin.com\\\/in\\\/habemusman\",\"https:\\\/\\\/x.com\\\/habemusman\",\"https:\\\/\\\/www.youtube.com\\\/channel\\\/UCVfCiOMkJ_C7T7OpyjuaLDg\"],\"url\":\"https:\\\/\\\/exaudi.org\\\/es\\\/author\\\/gsalesexaudi-org\\\/\"}]}<\/script>\n<!-- \/ Yoast SEO plugin. -->","yoast_head_json":{"title":"Amazon\u00eda: REPAM denuncia a la ONU la violaci\u00f3n de derechos humanos","description":"Pueblos ind\u00edgenas y REPAM denuncian en el Foro Permanente de la ONU la violaci\u00f3n de los derechos humanos en las comunidades de la Amazon\u00eda.","robots":{"index":"index","follow":"follow","max-snippet":"max-snippet:-1","max-image-preview":"max-image-preview:large","max-video-preview":"max-video-preview:-1"},"canonical":"https:\/\/exaudi.org\/es\/amazonia-repam-denuncia-a-onu-violacion-derechos-humanos\/","og_locale":"es_ES","og_type":"article","og_title":"Amazon\u00eda: REPAM denuncia a la ONU la violaci\u00f3n de derechos humanos","og_description":"Pueblos ind\u00edgenas y REPAM denuncian en el Foro Permanente de la ONU la violaci\u00f3n de los derechos humanos en las comunidades de la Amazon\u00eda.","og_url":"https:\/\/exaudi.org\/es\/amazonia-repam-denuncia-a-onu-violacion-derechos-humanos\/","og_site_name":"Exaudi","article_publisher":"https:\/\/www.facebook.com\/ExaudiNews","article_published_time":"2021-04-21T11:53:27+00:00","article_modified_time":"2021-04-21T13:30:16+00:00","og_image":[{"width":2560,"height":1439,"url":"https:\/\/exaudi.org\/wp-content\/uploads\/2021\/04\/nature-forest-boat-lake-river-canal-1175047-pxhere.com_-scaled.jpg","type":"image\/jpeg"}],"author":"Gabriel Sales","twitter_card":"summary_large_image","twitter_creator":"@habemusman","twitter_site":"@Exaudi_News","twitter_misc":{"Escrito por":"Gabriel Sales","Tiempo de lectura":"6 minutos"},"schema":{"@context":"https:\/\/schema.org","@graph":[{"@type":"Article","@id":"https:\/\/exaudi.org\/es\/amazonia-repam-denuncia-a-onu-violacion-derechos-humanos\/#article","isPartOf":{"@id":"https:\/\/exaudi.org\/es\/amazonia-repam-denuncia-a-onu-violacion-derechos-humanos\/"},"author":{"name":"Gabriel Sales","@id":"https:\/\/exaudi.org\/#\/schema\/person\/d134b96438278131ce90c90c03fda6cd"},"headline":"Amazon\u00eda: REPAM denuncia a la ONU la violaci\u00f3n de derechos humanos","datePublished":"2021-04-21T11:53:27+00:00","dateModified":"2021-04-21T13:30:16+00:00","mainEntityOfPage":{"@id":"https:\/\/exaudi.org\/es\/amazonia-repam-denuncia-a-onu-violacion-derechos-humanos\/"},"wordCount":1264,"image":{"@id":"https:\/\/exaudi.org\/es\/amazonia-repam-denuncia-a-onu-violacion-derechos-humanos\/#primaryimage"},"thumbnailUrl":"https:\/\/exaudi.org\/wp-content\/uploads\/2021\/04\/nature-forest-boat-lake-river-canal-1175047-pxhere.com_-scaled.jpg","keywords":["Amazon\u00eda","Derechos Humanos","Naciones Unidas","Red Eclesial Panamaz\u00f3nica (REPAM)"],"articleSection":["Iglesia Local","Justicia y Paz","\u00daltimas noticias"],"inLanguage":"es"},{"@type":"WebPage","@id":"https:\/\/exaudi.org\/es\/amazonia-repam-denuncia-a-onu-violacion-derechos-humanos\/","url":"https:\/\/exaudi.org\/es\/amazonia-repam-denuncia-a-onu-violacion-derechos-humanos\/","name":"Amazon\u00eda: REPAM denuncia a la ONU la violaci\u00f3n de derechos humanos","isPartOf":{"@id":"https:\/\/exaudi.org\/#website"},"primaryImageOfPage":{"@id":"https:\/\/exaudi.org\/es\/amazonia-repam-denuncia-a-onu-violacion-derechos-humanos\/#primaryimage"},"image":{"@id":"https:\/\/exaudi.org\/es\/amazonia-repam-denuncia-a-onu-violacion-derechos-humanos\/#primaryimage"},"thumbnailUrl":"https:\/\/exaudi.org\/wp-content\/uploads\/2021\/04\/nature-forest-boat-lake-river-canal-1175047-pxhere.com_-scaled.jpg","datePublished":"2021-04-21T11:53:27+00:00","dateModified":"2021-04-21T13:30:16+00:00","author":{"@id":"https:\/\/exaudi.org\/#\/schema\/person\/d134b96438278131ce90c90c03fda6cd"},"description":"Pueblos ind\u00edgenas y REPAM denuncian en el Foro Permanente de la ONU la violaci\u00f3n de los derechos humanos en las comunidades de la Amazon\u00eda.","breadcrumb":{"@id":"https:\/\/exaudi.org\/es\/amazonia-repam-denuncia-a-onu-violacion-derechos-humanos\/#breadcrumb"},"inLanguage":"es","potentialAction":[{"@type":"ReadAction","target":["https:\/\/exaudi.org\/es\/amazonia-repam-denuncia-a-onu-violacion-derechos-humanos\/"]}]},{"@type":"ImageObject","inLanguage":"es","@id":"https:\/\/exaudi.org\/es\/amazonia-repam-denuncia-a-onu-violacion-derechos-humanos\/#primaryimage","url":"https:\/\/exaudi.org\/wp-content\/uploads\/2021\/04\/nature-forest-boat-lake-river-canal-1175047-pxhere.com_-scaled.jpg","contentUrl":"https:\/\/exaudi.org\/wp-content\/uploads\/2021\/04\/nature-forest-boat-lake-river-canal-1175047-pxhere.com_-scaled.jpg","width":2560,"height":1439,"caption":"Barca en r\u00edo Amazonas \u00a9 Pxhere"},{"@type":"BreadcrumbList","@id":"https:\/\/exaudi.org\/es\/amazonia-repam-denuncia-a-onu-violacion-derechos-humanos\/#breadcrumb","itemListElement":[{"@type":"ListItem","position":1,"name":"Portada","item":"https:\/\/exaudi.org\/es\/"},{"@type":"ListItem","position":2,"name":"Amazon\u00eda: REPAM denuncia a la ONU la violaci\u00f3n de derechos humanos"}]},{"@type":"WebSite","@id":"https:\/\/exaudi.org\/#website","url":"https:\/\/exaudi.org\/","name":"Exaudi","description":"News","potentialAction":[{"@type":"SearchAction","target":{"@type":"EntryPoint","urlTemplate":"https:\/\/exaudi.org\/?s={search_term_string}"},"query-input":{"@type":"PropertyValueSpecification","valueRequired":true,"valueName":"search_term_string"}}],"inLanguage":"es"},{"@type":"Person","@id":"https:\/\/exaudi.org\/#\/schema\/person\/d134b96438278131ce90c90c03fda6cd","name":"Gabriel Sales","image":{"@type":"ImageObject","inLanguage":"es","@id":"https:\/\/secure.gravatar.com\/avatar\/9b1269566f6a063ed26ffb3532b66a373cdde231ce5d0effb266167437fdaffd?s=96&d=mm&r=g","url":"https:\/\/secure.gravatar.com\/avatar\/9b1269566f6a063ed26ffb3532b66a373cdde231ce5d0effb266167437fdaffd?s=96&d=mm&r=g","contentUrl":"https:\/\/secure.gravatar.com\/avatar\/9b1269566f6a063ed26ffb3532b66a373cdde231ce5d0effb266167437fdaffd?s=96&d=mm&r=g","caption":"Gabriel Sales"},"description":"Periodista y especialista en Comunicaci\u00f3n y Branding digital. Cin\u00e9filo y cr\u00edtico de cine y series de televisi\u00f3n.","sameAs":["https:\/\/www.instagram.com\/cine90segundos\/","www.linkedin.com\/in\/habemusman","https:\/\/x.com\/habemusman","https:\/\/www.youtube.com\/channel\/UCVfCiOMkJ_C7T7OpyjuaLDg"],"url":"https:\/\/exaudi.org\/es\/author\/gsalesexaudi-org\/"}]}},"jetpack_featured_media_url":"https:\/\/exaudi.org\/wp-content\/uploads\/2021\/04\/nature-forest-boat-lake-river-canal-1175047-pxhere.com_-scaled.jpg","jetpack_shortlink":"https:\/\/wp.me\/pgKjF2-3iQ","_links":{"self":[{"href":"https:\/\/exaudi.org\/es\/wp-json\/wp\/v2\/posts\/12700","targetHints":{"allow":["GET"]}}],"collection":[{"href":"https:\/\/exaudi.org\/es\/wp-json\/wp\/v2\/posts"}],"about":[{"href":"https:\/\/exaudi.org\/es\/wp-json\/wp\/v2\/types\/post"}],"author":[{"embeddable":true,"href":"https:\/\/exaudi.org\/es\/wp-json\/wp\/v2\/users\/6"}],"replies":[{"embeddable":true,"href":"https:\/\/exaudi.org\/es\/wp-json\/wp\/v2\/comments?post=12700"}],"version-history":[{"count":0,"href":"https:\/\/exaudi.org\/es\/wp-json\/wp\/v2\/posts\/12700\/revisions"}],"wp:featuredmedia":[{"embeddable":true,"href":"https:\/\/exaudi.org\/es\/wp-json\/wp\/v2\/media\/12720"}],"wp:attachment":[{"href":"https:\/\/exaudi.org\/es\/wp-json\/wp\/v2\/media?parent=12700"}],"wp:term":[{"taxonomy":"category","embeddable":true,"href":"https:\/\/exaudi.org\/es\/wp-json\/wp\/v2\/categories?post=12700"},{"taxonomy":"post_tag","embeddable":true,"href":"https:\/\/exaudi.org\/es\/wp-json\/wp\/v2\/tags?post=12700"}],"curies":[{"name":"wp","href":"https:\/\/api.w.org\/{rel}","templated":true}]}}