{"id":126820,"date":"2025-05-25T20:46:32","date_gmt":"2025-05-25T18:46:32","guid":{"rendered":"https:\/\/exaudi.org\/?p=126820"},"modified":"2025-05-26T11:24:42","modified_gmt":"2025-05-26T09:24:42","slug":"el-papa-leon-xiv-les-ofrezco-todo-lo-poco-que-tengo-y-que-soy","status":"publish","type":"post","link":"https:\/\/exaudi.org\/es\/el-papa-leon-xiv-les-ofrezco-todo-lo-poco-que-tengo-y-que-soy\/","title":{"rendered":"El Papa Le\u00f3n XIV: \u00abLes ofrezco todo lo poco que tengo y que soy\u201d"},"content":{"rendered":"<p data-sourcepos=\"5:1-5:648\">El 25 de mayo de 2025 se grab\u00f3 como una fecha de profunda trascendencia en el calendario del pontificado del Papa Le\u00f3n XIV. <span class=\"citation-7 citation-end-7\">En un solo d\u00eda, el Santo Padre protagoniz\u00f3 una secuencia de eventos que cimentaron su v\u00ednculo con la fe y la metr\u00f3poli romana: recibi\u00f3 un caluroso homenaje de la ciudad, asumi\u00f3 su c\u00e1tedra episcopal en la imponente Bas\u00edlica de San Juan de Letr\u00e1n y realiz\u00f3 una emotiva peregrinaci\u00f3n de oraci\u00f3n a la Bas\u00edlica de Santa Mar\u00eda la Mayor.<\/span> Estos actos no solo son de gran significado lit\u00fargico, sino que tambi\u00e9n refuerzan la conexi\u00f3n personal y pastoral del Papa con los ciudadanos de Roma y la vasta tradici\u00f3n eclesial.<\/p>\n<h3 data-sourcepos=\"9:1-9:86\"><strong>Un Homenaje Ciudadano de Gran Simbolismo: \u00abPara Ustedes y con Ustedes, Soy Romano\u00bb<\/strong><\/h3>\n<p data-sourcepos=\"11:1-11:762\"><span class=\"citation-6\">La jornada dio inicio con un conmovedor <\/span><strong><span class=\"citation-6\">homenaje de la ciudad de Roma<\/span><\/strong><span class=\"citation-6 citation-end-6\"> al Papa Le\u00f3n XIV, un gesto que evoc\u00f3 ritos ancestrales y subray\u00f3 la bienvenida de la capital a su nuevo Obispo.<\/span> A los pies de la monumental escalinata del Campidoglio, en la hist\u00f3rica Plaza del Ara Coeli, el Pont\u00edfice fue recibido por el alcalde de Roma, Roberto Gualtieri. Este encuentro no fue meramente protocolario; en un discurso cargado de emoci\u00f3n, Le\u00f3n XIV pronunci\u00f3 palabras que resonaron profundamente en el coraz\u00f3n de los presentes: <strong>\u00abPara ustedes y con ustedes, soy romano\u00bb<\/strong>. Esta declaraci\u00f3n no solo es una expresi\u00f3n de cercan\u00eda, sino tambi\u00e9n una reafirmaci\u00f3n de su compromiso con la ciudad y sus habitantes, una simbiosis que se espera fortalezca bajo su gu\u00eda.<\/p>\n<p data-sourcepos=\"13:1-13:681\">El homenaje sirvi\u00f3 tambi\u00e9n como plataforma para destacar la crucial <strong>colaboraci\u00f3n entre la Iglesia y las autoridades civiles<\/strong>. Ante la inminente celebraci\u00f3n del Jubileo, un a\u00f1o santo que atraer\u00e1 a millones de peregrinos a Roma, se hizo un llamado expl\u00edcito a reforzar el esp\u00edritu de solidaridad y el cuidado de los m\u00e1s vulnerables. El Papa enfatiz\u00f3 la necesidad de tender la mano a aquellos que carecen de hogar, a los desfavorecidos y a los marginados, subrayando que la fe se manifiesta en el servicio y la caridad activa hacia los necesitados. La atm\u00f3sfera en el Campidoglio fue de alegr\u00eda y esperanza, con los romanos mostrando su afecto y expectativas hacia su nuevo Obispo.<\/p>\n<p data-sourcepos=\"13:1-13:681\"><img loading=\"lazy\" decoding=\"async\" class=\"size-full wp-image-126839 alignnone\" src=\"https:\/\/exaudi.org\/wp-content\/uploads\/2025\/05\/cq5dam.thumbnail.cropped.750.422-18.jpeg\" alt=\"\" width=\"750\" height=\"422\" srcset=\"https:\/\/exaudi.org\/wp-content\/uploads\/2025\/05\/cq5dam.thumbnail.cropped.750.422-18.jpeg 750w, https:\/\/exaudi.org\/wp-content\/uploads\/2025\/05\/cq5dam.thumbnail.cropped.750.422-18-300x169.jpeg 300w, https:\/\/exaudi.org\/wp-content\/uploads\/2025\/05\/cq5dam.thumbnail.cropped.750.422-18-500x281.jpeg 500w\" sizes=\"auto, (max-width: 750px) 100vw, 750px\" \/><\/p>\n<h3 data-sourcepos=\"17:1-17:89\"><strong>La Solemne Toma de Posesi\u00f3n en San Juan de Letr\u00e1n: Un Compromiso de Servicio Pastoral<\/strong><\/h3>\n<p data-sourcepos=\"19:1-19:588\"><span class=\"citation-5\">Tras el emotivo homenaje, el Papa Le\u00f3n XIV se dirigi\u00f3 a la <\/span><strong><span class=\"citation-5\">Bas\u00edlica de San Juan de Letr\u00e1n<\/span><\/strong><span class=\"citation-5 citation-end-5\">, un lugar de inmenso significado hist\u00f3rico y espiritual, venerada como la \u00abMadre y Cabeza de todas las iglesias\u00bb y la catedral de la di\u00f3cesis de Roma.<\/span> <span class=\"citation-4\">Fue aqu\u00ed donde se llev\u00f3 a cabo la <\/span><strong><span class=\"citation-4\">solemne celebraci\u00f3n eucar\u00edstica de toma de posesi\u00f3n<\/span><\/strong><span class=\"citation-4 citation-end-4\"> de su c\u00e1tedra como Obispo de Roma.<\/span> Este rito, que tiene sus ra\u00edces en siglos de tradici\u00f3n, simboliza el inicio oficial de su ministerio pastoral en la Ciudad Eterna, marcando un nuevo cap\u00edtulo para la Iglesia local y universal.<\/p>\n<p data-sourcepos=\"21:1-21:742\">Durante su inspiradora homil\u00eda, el Santo Padre profundiz\u00f3 en la esencia de su servicio. Recuperando la c\u00e9lebre divisa de San Agust\u00edn, el Papa Le\u00f3n XIV afirm\u00f3 ser <strong>\u00abcristiano con ustedes y obispo para ustedes\u00bb<\/strong>. Esta dualidad, en la que se presenta primero como un fiel m\u00e1s y luego como su pastor, resalta su humildad y su enfoque en el acompa\u00f1amiento. Enfatiz\u00f3 que la verdadera <strong>comuni\u00f3n eclesial se edifica \u00abde rodillas\u00bb<\/strong>, es decir, a trav\u00e9s de una vida de oraci\u00f3n constante y un compromiso inquebrantable de conversi\u00f3n personal y comunitaria. Ofreci\u00f3 a los fieles \u00abtodo lo poco que tiene y que es\u00bb, una manifestaci\u00f3n de su entrega total al servicio del pueblo de Dios, prometiendo una gu\u00eda basada en el Evangelio y la cercan\u00eda pastoral.<\/p>\n<p data-sourcepos=\"21:1-21:742\"><img loading=\"lazy\" decoding=\"async\" class=\"size-full wp-image-126830 alignnone\" src=\"https:\/\/exaudi.org\/wp-content\/uploads\/2025\/05\/cq5dam.thumbnail.cropped.750.422-3-5.jpeg\" alt=\"\" width=\"750\" height=\"422\" srcset=\"https:\/\/exaudi.org\/wp-content\/uploads\/2025\/05\/cq5dam.thumbnail.cropped.750.422-3-5.jpeg 750w, https:\/\/exaudi.org\/wp-content\/uploads\/2025\/05\/cq5dam.thumbnail.cropped.750.422-3-5-300x169.jpeg 300w, https:\/\/exaudi.org\/wp-content\/uploads\/2025\/05\/cq5dam.thumbnail.cropped.750.422-3-5-500x281.jpeg 500w\" sizes=\"auto, (max-width: 750px) 100vw, 750px\" \/><\/p>\n<h3 data-sourcepos=\"25:1-25:100\"><strong>Una Visita Devota y Plegaria en Santa Mar\u00eda la Mayor: Confiando el Ministerio a la Madre de Dios<\/strong><\/h3>\n<p data-sourcepos=\"27:1-27:563\"><span class=\"citation-3\">La intensa jornada del Papa Le\u00f3n XIV culmin\u00f3 con una <\/span><strong><span class=\"citation-3\">emotiva visita a la Bas\u00edlica de Santa Mar\u00eda la Mayor<\/span><\/strong><span class=\"citation-3 citation-end-3\">, uno de los principales santuarios marianos de Roma y el \u00faltimo de las cuatro bas\u00edlicas papales en ser visitado en su itinerario de toma de posesi\u00f3n.<\/span> <span class=\"citation-2\">En este sagrado lugar, el Pont\u00edfice se detuvo en profunda oraci\u00f3n ante el venerado \u00edcono de la <\/span><strong><span class=\"citation-2\">Salus Populi Romani<\/span><\/strong><span class=\"citation-2 citation-end-2\"> (Salud del Pueblo Romano), una imagen de la Virgen Mar\u00eda que ha sido objeto de devoci\u00f3n durante siglos y considerada protectora de la ciudad y sus habitantes.<\/span><\/p>\n<p data-sourcepos=\"29:1-29:863\"><img loading=\"lazy\" decoding=\"async\" class=\"size-full wp-image-126833 alignnone\" src=\"https:\/\/exaudi.org\/wp-content\/uploads\/2025\/05\/cq5dam.thumbnail.cropped.750.422-2-4.jpeg\" alt=\"\" width=\"750\" height=\"422\" srcset=\"https:\/\/exaudi.org\/wp-content\/uploads\/2025\/05\/cq5dam.thumbnail.cropped.750.422-2-4.jpeg 750w, https:\/\/exaudi.org\/wp-content\/uploads\/2025\/05\/cq5dam.thumbnail.cropped.750.422-2-4-300x169.jpeg 300w, https:\/\/exaudi.org\/wp-content\/uploads\/2025\/05\/cq5dam.thumbnail.cropped.750.422-2-4-500x281.jpeg 500w\" sizes=\"auto, (max-width: 750px) 100vw, 750px\" \/><\/p>\n<p data-sourcepos=\"29:1-29:863\">Tras el solemne canto del Magn\u00edficat, el Papa Le\u00f3n XIV dirigi\u00f3 una conmovedora plegaria a la Virgen Mar\u00eda, confi\u00e1ndole expl\u00edcitamente el inicio de su ministerio y pidiendo sus bendiciones para toda la Iglesia y el mundo. <span class=\"citation-1\">Un momento de particular intensidad y recogimiento fue su <\/span><strong><span class=\"citation-1\">visita silenciosa a la tumba de su predecesor, el Papa Francisco<\/span><\/strong><span class=\"citation-1 citation-end-1\">.<\/span> All\u00ed, en un gesto de filial devoci\u00f3n y continuidad, deposit\u00f3 un ramo de flores, rindiendo homenaje al legado del Pont\u00edfice em\u00e9rito. Finalmente, desde la logia de la Bas\u00edlica, el Papa Le\u00f3n XIV salud\u00f3 a la multitud de fieles congregados, extendiendo una invitaci\u00f3n a <strong>\u00abcaminar juntos como una \u00fanica familia de Dios\u00bb<\/strong>. <span class=\"citation-0 citation-end-0\">Este llamado a la sinodalidad y a la unidad resuena como un eje central de su pontificado, buscando fortalecer la fe y la esperanza en el peregrinar de la vida cristiana.<\/span><\/p>\n<p data-sourcepos=\"31:1-31:393\">En conjunto, esta memorable jornada no solo formaliza el inicio de las responsabilidades del Papa Le\u00f3n XIV como sucesor de Pedro y Obispo de Roma, sino que tambi\u00e9n traza el rumbo de un pontificado que se vislumbra centrado en la oraci\u00f3n, la construcci\u00f3n de la comuni\u00f3n y un servicio incansable, siempre con la mirada puesta en el acompa\u00f1amiento y el cuidado de la grey que le ha sido confiada.<\/p>\n<p><iframe loading=\"lazy\" title=\"Santa Misa - 25 de mayo de 2025\" width=\"500\" height=\"281\" src=\"https:\/\/www.youtube.com\/embed\/GmatRPO1PN8?feature=oembed\" frameborder=\"0\" allow=\"accelerometer; autoplay; clipboard-write; encrypted-media; gyroscope; picture-in-picture; web-share\" referrerpolicy=\"strict-origin-when-cross-origin\" allowfullscreen><\/iframe><\/p>\n","protected":false},"excerpt":{"rendered":"<p>Una Jornada Memorable de Homenaje, Toma de Posesi\u00f3n y Devoci\u00f3n Mariana en Roma<\/p>\n","protected":false},"author":15,"featured_media":126836,"comment_status":"closed","ping_status":"closed","sticky":false,"template":"","format":"standard","meta":{"_acf_changed":false,"_crdt_document":"","inline_featured_image":false,"footnotes":""},"categories":[116,114],"tags":[58228,27005,60514,8422,17713,9207,1780,1371,60513,3164,2645,440,4385,58067,32658,676,436,158,158,58111,2049,977,31759,30377,1533,60515,11331,17674,5113,33615,3007,47636,46804,2111,4953,56451,2783,272,272],"class_list":{"0":"post-126820","1":"post","2":"type-post","3":"status-publish","4":"format-standard","5":"has-post-thumbnail","6":"hentry","7":"category-encuentros","8":"category-homilias","9":"tag-basilica-de-san-juan-de-letran","10":"tag-basilica-de-santa-maria-la-mayor","11":"tag-campidoglio","12":"tag-catolicismo","13":"tag-ciudad-del-vaticano","14":"tag-compromiso","15":"tag-diocesis-de-roma","16":"tag-espiritualidad","17":"tag-eventos-papales","18":"tag-fe-es","19":"tag-homenaje","20":"tag-iglesia","21":"tag-jubileo","22":"tag-leon-xiv","23":"tag-obispo-de-roma","24":"tag-oracion","25":"tag-papa-es","26":"tag-papa-francisco","28":"tag-papa-leon-xiv","29":"tag-peregrinacion","30":"tag-pontificado","31":"tag-pontifice","32":"tag-roberto-gualtieri-2","33":"tag-roma-es","34":"tag-roma-ciudad","35":"tag-salus-populi-romani-2","36":"tag-san-juan-de-letran","37":"tag-santa-maria-la-mayor","38":"tag-servicio-pastoral","39":"tag-sinodalidad-es","40":"tag-sucesion-papal","41":"tag-sucesor-de-pedro","42":"tag-toma-de-posesion","43":"tag-trending-es","44":"tag-tumba-del-papa-francisco","45":"tag-unidad","46":"tag-vaticano-es"},"acf":[],"yoast_head":"<!-- This site is optimized with the Yoast SEO plugin v27.5 - https:\/\/yoast.com\/product\/yoast-seo-wordpress\/ -->\n<title>El Papa Le\u00f3n XIV: &quot;Les ofrezco todo lo poco que tengo y que soy\u201d &#8211; Exaudi<\/title>\n<meta name=\"robots\" content=\"index, follow, max-snippet:-1, max-image-preview:large, max-video-preview:-1\" \/>\n<link rel=\"canonical\" href=\"https:\/\/exaudi.org\/es\/el-papa-leon-xiv-les-ofrezco-todo-lo-poco-que-tengo-y-que-soy\/\" \/>\n<meta property=\"og:locale\" content=\"es_ES\" \/>\n<meta property=\"og:type\" content=\"article\" \/>\n<meta property=\"og:title\" content=\"El Papa Le\u00f3n XIV: &quot;Les ofrezco todo lo poco que tengo y que soy\u201d &#8211; Exaudi\" \/>\n<meta property=\"og:description\" content=\"Una Jornada Memorable de Homenaje, Toma de Posesi\u00f3n y Devoci\u00f3n Mariana en Roma\" \/>\n<meta property=\"og:url\" content=\"https:\/\/exaudi.org\/es\/el-papa-leon-xiv-les-ofrezco-todo-lo-poco-que-tengo-y-que-soy\/\" \/>\n<meta property=\"og:site_name\" content=\"Exaudi\" \/>\n<meta property=\"article:publisher\" content=\"https:\/\/www.facebook.com\/ExaudiNews\" \/>\n<meta property=\"article:author\" content=\"https:\/\/www.facebook.com\/ExaudiNoticias\/\" \/>\n<meta property=\"article:published_time\" content=\"2025-05-25T18:46:32+00:00\" \/>\n<meta property=\"article:modified_time\" content=\"2025-05-26T09:24:42+00:00\" \/>\n<meta property=\"og:image\" content=\"https:\/\/exaudi.org\/wp-content\/uploads\/2025\/05\/cq5dam.thumbnail.cropped.750.422-1-5.jpeg\" \/>\n\t<meta property=\"og:image:width\" content=\"750\" \/>\n\t<meta property=\"og:image:height\" content=\"422\" \/>\n\t<meta property=\"og:image:type\" content=\"image\/jpeg\" \/>\n<meta name=\"author\" content=\"Exaudi Redacci\u00f3n\" \/>\n<meta name=\"twitter:card\" content=\"summary_large_image\" \/>\n<meta name=\"twitter:creator\" content=\"@Exaudi_noticias\" \/>\n<meta name=\"twitter:site\" content=\"@Exaudi_News\" \/>\n<meta name=\"twitter:label1\" content=\"Escrito por\" \/>\n\t<meta name=\"twitter:data1\" content=\"Exaudi Redacci\u00f3n\" \/>\n\t<meta name=\"twitter:label2\" content=\"Tiempo de lectura\" \/>\n\t<meta name=\"twitter:data2\" content=\"5 minutos\" \/>\n<script type=\"application\/ld+json\" class=\"yoast-schema-graph\">{\"@context\":\"https:\\\/\\\/schema.org\",\"@graph\":[{\"@type\":\"Article\",\"@id\":\"https:\\\/\\\/exaudi.org\\\/es\\\/el-papa-leon-xiv-les-ofrezco-todo-lo-poco-que-tengo-y-que-soy\\\/#article\",\"isPartOf\":{\"@id\":\"https:\\\/\\\/exaudi.org\\\/es\\\/el-papa-leon-xiv-les-ofrezco-todo-lo-poco-que-tengo-y-que-soy\\\/\"},\"author\":{\"name\":\"Exaudi Redacci\u00f3n\",\"@id\":\"https:\\\/\\\/exaudi.org\\\/#\\\/schema\\\/person\\\/f5fc8f063065e38742da7afe15f25df7\"},\"headline\":\"El Papa Le\u00f3n XIV: \u00abLes ofrezco todo lo poco que tengo y que soy\u201d\",\"datePublished\":\"2025-05-25T18:46:32+00:00\",\"dateModified\":\"2025-05-26T09:24:42+00:00\",\"mainEntityOfPage\":{\"@id\":\"https:\\\/\\\/exaudi.org\\\/es\\\/el-papa-leon-xiv-les-ofrezco-todo-lo-poco-que-tengo-y-que-soy\\\/\"},\"wordCount\":1024,\"image\":{\"@id\":\"https:\\\/\\\/exaudi.org\\\/es\\\/el-papa-leon-xiv-les-ofrezco-todo-lo-poco-que-tengo-y-que-soy\\\/#primaryimage\"},\"thumbnailUrl\":\"https:\\\/\\\/exaudi.org\\\/wp-content\\\/uploads\\\/2025\\\/05\\\/cq5dam.thumbnail.cropped.750.422-1-5.jpeg\",\"keywords\":[\"Bas\u00edlica de San Juan de Letr\u00e1n\",\"Bas\u00edlica de Santa Mar\u00eda la Mayor\",\"Campidoglio\",\"Catolicismo\",\"Ciudad del Vaticano\",\"Compromiso\",\"Di\u00f3cesis de Roma\",\"Espiritualidad\",\"eventos papales\",\"fe\",\"Homenaje\",\"Iglesia\",\"Jubileo\",\"Le\u00f3n XIV\",\"Obispo de Roma\",\"Oraci\u00f3n\",\"Papa\",\"papa francisco\",\"papa francisco\",\"papa le\u00f3n xiv\",\"Peregrinaci\u00f3n\",\"Pontificado\",\"Pont\u00edfice\",\"Roberto Gualtieri\",\"Roma\",\"Roma ciudad.\",\"Salus Populi Romani\",\"San Juan de Letr\u00e1n\",\"Santa Mar\u00eda la Mayor\",\"servicio pastoral\",\"Sinodalidad\",\"sucesi\u00f3n papal\",\"Sucesor de Pedro\",\"Toma de posesi\u00f3n\",\"Trending\",\"tumba del Papa Francisco\",\"Unidad\",\"Vaticano\",\"Vaticano\"],\"articleSection\":[\"Encuentros\",\"Homilias\"],\"inLanguage\":\"es\"},{\"@type\":\"WebPage\",\"@id\":\"https:\\\/\\\/exaudi.org\\\/es\\\/el-papa-leon-xiv-les-ofrezco-todo-lo-poco-que-tengo-y-que-soy\\\/\",\"url\":\"https:\\\/\\\/exaudi.org\\\/es\\\/el-papa-leon-xiv-les-ofrezco-todo-lo-poco-que-tengo-y-que-soy\\\/\",\"name\":\"El Papa Le\u00f3n XIV: \\\"Les ofrezco todo lo poco que tengo y que soy\u201d &#8211; Exaudi\",\"isPartOf\":{\"@id\":\"https:\\\/\\\/exaudi.org\\\/#website\"},\"primaryImageOfPage\":{\"@id\":\"https:\\\/\\\/exaudi.org\\\/es\\\/el-papa-leon-xiv-les-ofrezco-todo-lo-poco-que-tengo-y-que-soy\\\/#primaryimage\"},\"image\":{\"@id\":\"https:\\\/\\\/exaudi.org\\\/es\\\/el-papa-leon-xiv-les-ofrezco-todo-lo-poco-que-tengo-y-que-soy\\\/#primaryimage\"},\"thumbnailUrl\":\"https:\\\/\\\/exaudi.org\\\/wp-content\\\/uploads\\\/2025\\\/05\\\/cq5dam.thumbnail.cropped.750.422-1-5.jpeg\",\"datePublished\":\"2025-05-25T18:46:32+00:00\",\"dateModified\":\"2025-05-26T09:24:42+00:00\",\"author\":{\"@id\":\"https:\\\/\\\/exaudi.org\\\/#\\\/schema\\\/person\\\/f5fc8f063065e38742da7afe15f25df7\"},\"breadcrumb\":{\"@id\":\"https:\\\/\\\/exaudi.org\\\/es\\\/el-papa-leon-xiv-les-ofrezco-todo-lo-poco-que-tengo-y-que-soy\\\/#breadcrumb\"},\"inLanguage\":\"es\",\"potentialAction\":[{\"@type\":\"ReadAction\",\"target\":[\"https:\\\/\\\/exaudi.org\\\/es\\\/el-papa-leon-xiv-les-ofrezco-todo-lo-poco-que-tengo-y-que-soy\\\/\"]}]},{\"@type\":\"ImageObject\",\"inLanguage\":\"es\",\"@id\":\"https:\\\/\\\/exaudi.org\\\/es\\\/el-papa-leon-xiv-les-ofrezco-todo-lo-poco-que-tengo-y-que-soy\\\/#primaryimage\",\"url\":\"https:\\\/\\\/exaudi.org\\\/wp-content\\\/uploads\\\/2025\\\/05\\\/cq5dam.thumbnail.cropped.750.422-1-5.jpeg\",\"contentUrl\":\"https:\\\/\\\/exaudi.org\\\/wp-content\\\/uploads\\\/2025\\\/05\\\/cq5dam.thumbnail.cropped.750.422-1-5.jpeg\",\"width\":750,\"height\":422},{\"@type\":\"BreadcrumbList\",\"@id\":\"https:\\\/\\\/exaudi.org\\\/es\\\/el-papa-leon-xiv-les-ofrezco-todo-lo-poco-que-tengo-y-que-soy\\\/#breadcrumb\",\"itemListElement\":[{\"@type\":\"ListItem\",\"position\":1,\"name\":\"Portada\",\"item\":\"https:\\\/\\\/exaudi.org\\\/es\\\/\"},{\"@type\":\"ListItem\",\"position\":2,\"name\":\"El Papa Le\u00f3n XIV: \u00abLes ofrezco todo lo poco que tengo y que soy\u201d\"}]},{\"@type\":\"WebSite\",\"@id\":\"https:\\\/\\\/exaudi.org\\\/#website\",\"url\":\"https:\\\/\\\/exaudi.org\\\/\",\"name\":\"Exaudi\",\"description\":\"News\",\"potentialAction\":[{\"@type\":\"SearchAction\",\"target\":{\"@type\":\"EntryPoint\",\"urlTemplate\":\"https:\\\/\\\/exaudi.org\\\/?s={search_term_string}\"},\"query-input\":{\"@type\":\"PropertyValueSpecification\",\"valueRequired\":true,\"valueName\":\"search_term_string\"}}],\"inLanguage\":\"es\"},{\"@type\":\"Person\",\"@id\":\"https:\\\/\\\/exaudi.org\\\/#\\\/schema\\\/person\\\/f5fc8f063065e38742da7afe15f25df7\",\"name\":\"Exaudi Redacci\u00f3n\",\"image\":{\"@type\":\"ImageObject\",\"inLanguage\":\"es\",\"@id\":\"https:\\\/\\\/secure.gravatar.com\\\/avatar\\\/fe0f6a059fb68d9b3e11bc5850dd4899b1c7492091a3cb6dd9b01b56ad828be2?s=96&d=mm&r=g\",\"url\":\"https:\\\/\\\/secure.gravatar.com\\\/avatar\\\/fe0f6a059fb68d9b3e11bc5850dd4899b1c7492091a3cb6dd9b01b56ad828be2?s=96&d=mm&r=g\",\"contentUrl\":\"https:\\\/\\\/secure.gravatar.com\\\/avatar\\\/fe0f6a059fb68d9b3e11bc5850dd4899b1c7492091a3cb6dd9b01b56ad828be2?s=96&d=mm&r=g\",\"caption\":\"Exaudi Redacci\u00f3n\"},\"description\":\"\u00bfQu\u00e9 es Exaudi News? Exaudi News es un medio de comunicaci\u00f3n cat\u00f3lico internacional que informa, forma y transforma, diariamente en espa\u00f1ol, ingl\u00e9s e italiano. A trav\u00e9s de noticias, art\u00edculos de an\u00e1lisis y transmisiones en directo de los eventos del Papa, Exaudi busca fortalecer la unidad de los cristianos y contribuir a la evangelizaci\u00f3n del mundo, siempre guiados por la doctrina social de la Iglesia. Trabajamos para acercar la verdad y los valores cristianos a cada rinc\u00f3n del planeta. \u00a1Ay\u00fadanos a transformar el mundo con Exaudi! En Exaudi creemos que la evangelizaci\u00f3n y la informaci\u00f3n de calidad pueden cambiar vidas. Para continuar con nuestra misi\u00f3n y expandir nuestro alcance, necesitamos tu ayuda. Adem\u00e1s, buscamos personas comprometidas que deseen unirse a nuestro equipo. Con tu apoyo, lograremos llegar a m\u00e1s personas, difundir el mensaje de Cristo y reforzar la unidad de los cristianos. \u00bfTe unes a nuestra misi\u00f3n? Para m\u00e1s informaci\u00f3n sobre c\u00f3mo colaborar, visita Exaudi.org\\\/es o cont\u00e1ctanos directamente: info@exaudi.org Exaudi: Informa, forma y transforma.\",\"sameAs\":[\"https:\\\/\\\/www.facebook.com\\\/ExaudiNoticias\\\/\",\"https:\\\/\\\/www.instagram.com\\\/exaudi_noticias\\\/\",\"https:\\\/\\\/x.com\\\/Exaudi_noticias\",\"https:\\\/\\\/www.youtube.com\\\/@exaudicatholicnews\"],\"url\":\"https:\\\/\\\/exaudi.org\\\/es\\\/author\\\/redaccionexaudi\\\/\"}]}<\/script>\n<!-- \/ Yoast SEO plugin. -->","yoast_head_json":{"title":"El Papa Le\u00f3n XIV: \"Les ofrezco todo lo poco que tengo y que soy\u201d &#8211; Exaudi","robots":{"index":"index","follow":"follow","max-snippet":"max-snippet:-1","max-image-preview":"max-image-preview:large","max-video-preview":"max-video-preview:-1"},"canonical":"https:\/\/exaudi.org\/es\/el-papa-leon-xiv-les-ofrezco-todo-lo-poco-que-tengo-y-que-soy\/","og_locale":"es_ES","og_type":"article","og_title":"El Papa Le\u00f3n XIV: \"Les ofrezco todo lo poco que tengo y que soy\u201d &#8211; Exaudi","og_description":"Una Jornada Memorable de Homenaje, Toma de Posesi\u00f3n y Devoci\u00f3n Mariana en Roma","og_url":"https:\/\/exaudi.org\/es\/el-papa-leon-xiv-les-ofrezco-todo-lo-poco-que-tengo-y-que-soy\/","og_site_name":"Exaudi","article_publisher":"https:\/\/www.facebook.com\/ExaudiNews","article_author":"https:\/\/www.facebook.com\/ExaudiNoticias\/","article_published_time":"2025-05-25T18:46:32+00:00","article_modified_time":"2025-05-26T09:24:42+00:00","og_image":[{"width":750,"height":422,"url":"https:\/\/exaudi.org\/wp-content\/uploads\/2025\/05\/cq5dam.thumbnail.cropped.750.422-1-5.jpeg","type":"image\/jpeg"}],"author":"Exaudi Redacci\u00f3n","twitter_card":"summary_large_image","twitter_creator":"@Exaudi_noticias","twitter_site":"@Exaudi_News","twitter_misc":{"Escrito por":"Exaudi Redacci\u00f3n","Tiempo de lectura":"5 minutos"},"schema":{"@context":"https:\/\/schema.org","@graph":[{"@type":"Article","@id":"https:\/\/exaudi.org\/es\/el-papa-leon-xiv-les-ofrezco-todo-lo-poco-que-tengo-y-que-soy\/#article","isPartOf":{"@id":"https:\/\/exaudi.org\/es\/el-papa-leon-xiv-les-ofrezco-todo-lo-poco-que-tengo-y-que-soy\/"},"author":{"name":"Exaudi Redacci\u00f3n","@id":"https:\/\/exaudi.org\/#\/schema\/person\/f5fc8f063065e38742da7afe15f25df7"},"headline":"El Papa Le\u00f3n XIV: \u00abLes ofrezco todo lo poco que tengo y que soy\u201d","datePublished":"2025-05-25T18:46:32+00:00","dateModified":"2025-05-26T09:24:42+00:00","mainEntityOfPage":{"@id":"https:\/\/exaudi.org\/es\/el-papa-leon-xiv-les-ofrezco-todo-lo-poco-que-tengo-y-que-soy\/"},"wordCount":1024,"image":{"@id":"https:\/\/exaudi.org\/es\/el-papa-leon-xiv-les-ofrezco-todo-lo-poco-que-tengo-y-que-soy\/#primaryimage"},"thumbnailUrl":"https:\/\/exaudi.org\/wp-content\/uploads\/2025\/05\/cq5dam.thumbnail.cropped.750.422-1-5.jpeg","keywords":["Bas\u00edlica de San Juan de Letr\u00e1n","Bas\u00edlica de Santa Mar\u00eda la Mayor","Campidoglio","Catolicismo","Ciudad del Vaticano","Compromiso","Di\u00f3cesis de Roma","Espiritualidad","eventos papales","fe","Homenaje","Iglesia","Jubileo","Le\u00f3n XIV","Obispo de Roma","Oraci\u00f3n","Papa","papa francisco","papa francisco","papa le\u00f3n xiv","Peregrinaci\u00f3n","Pontificado","Pont\u00edfice","Roberto Gualtieri","Roma","Roma ciudad.","Salus Populi Romani","San Juan de Letr\u00e1n","Santa Mar\u00eda la Mayor","servicio pastoral","Sinodalidad","sucesi\u00f3n papal","Sucesor de Pedro","Toma de posesi\u00f3n","Trending","tumba del Papa Francisco","Unidad","Vaticano","Vaticano"],"articleSection":["Encuentros","Homilias"],"inLanguage":"es"},{"@type":"WebPage","@id":"https:\/\/exaudi.org\/es\/el-papa-leon-xiv-les-ofrezco-todo-lo-poco-que-tengo-y-que-soy\/","url":"https:\/\/exaudi.org\/es\/el-papa-leon-xiv-les-ofrezco-todo-lo-poco-que-tengo-y-que-soy\/","name":"El Papa Le\u00f3n XIV: \"Les ofrezco todo lo poco que tengo y que soy\u201d &#8211; Exaudi","isPartOf":{"@id":"https:\/\/exaudi.org\/#website"},"primaryImageOfPage":{"@id":"https:\/\/exaudi.org\/es\/el-papa-leon-xiv-les-ofrezco-todo-lo-poco-que-tengo-y-que-soy\/#primaryimage"},"image":{"@id":"https:\/\/exaudi.org\/es\/el-papa-leon-xiv-les-ofrezco-todo-lo-poco-que-tengo-y-que-soy\/#primaryimage"},"thumbnailUrl":"https:\/\/exaudi.org\/wp-content\/uploads\/2025\/05\/cq5dam.thumbnail.cropped.750.422-1-5.jpeg","datePublished":"2025-05-25T18:46:32+00:00","dateModified":"2025-05-26T09:24:42+00:00","author":{"@id":"https:\/\/exaudi.org\/#\/schema\/person\/f5fc8f063065e38742da7afe15f25df7"},"breadcrumb":{"@id":"https:\/\/exaudi.org\/es\/el-papa-leon-xiv-les-ofrezco-todo-lo-poco-que-tengo-y-que-soy\/#breadcrumb"},"inLanguage":"es","potentialAction":[{"@type":"ReadAction","target":["https:\/\/exaudi.org\/es\/el-papa-leon-xiv-les-ofrezco-todo-lo-poco-que-tengo-y-que-soy\/"]}]},{"@type":"ImageObject","inLanguage":"es","@id":"https:\/\/exaudi.org\/es\/el-papa-leon-xiv-les-ofrezco-todo-lo-poco-que-tengo-y-que-soy\/#primaryimage","url":"https:\/\/exaudi.org\/wp-content\/uploads\/2025\/05\/cq5dam.thumbnail.cropped.750.422-1-5.jpeg","contentUrl":"https:\/\/exaudi.org\/wp-content\/uploads\/2025\/05\/cq5dam.thumbnail.cropped.750.422-1-5.jpeg","width":750,"height":422},{"@type":"BreadcrumbList","@id":"https:\/\/exaudi.org\/es\/el-papa-leon-xiv-les-ofrezco-todo-lo-poco-que-tengo-y-que-soy\/#breadcrumb","itemListElement":[{"@type":"ListItem","position":1,"name":"Portada","item":"https:\/\/exaudi.org\/es\/"},{"@type":"ListItem","position":2,"name":"El Papa Le\u00f3n XIV: \u00abLes ofrezco todo lo poco que tengo y que soy\u201d"}]},{"@type":"WebSite","@id":"https:\/\/exaudi.org\/#website","url":"https:\/\/exaudi.org\/","name":"Exaudi","description":"News","potentialAction":[{"@type":"SearchAction","target":{"@type":"EntryPoint","urlTemplate":"https:\/\/exaudi.org\/?s={search_term_string}"},"query-input":{"@type":"PropertyValueSpecification","valueRequired":true,"valueName":"search_term_string"}}],"inLanguage":"es"},{"@type":"Person","@id":"https:\/\/exaudi.org\/#\/schema\/person\/f5fc8f063065e38742da7afe15f25df7","name":"Exaudi Redacci\u00f3n","image":{"@type":"ImageObject","inLanguage":"es","@id":"https:\/\/secure.gravatar.com\/avatar\/fe0f6a059fb68d9b3e11bc5850dd4899b1c7492091a3cb6dd9b01b56ad828be2?s=96&d=mm&r=g","url":"https:\/\/secure.gravatar.com\/avatar\/fe0f6a059fb68d9b3e11bc5850dd4899b1c7492091a3cb6dd9b01b56ad828be2?s=96&d=mm&r=g","contentUrl":"https:\/\/secure.gravatar.com\/avatar\/fe0f6a059fb68d9b3e11bc5850dd4899b1c7492091a3cb6dd9b01b56ad828be2?s=96&d=mm&r=g","caption":"Exaudi Redacci\u00f3n"},"description":"\u00bfQu\u00e9 es Exaudi News? Exaudi News es un medio de comunicaci\u00f3n cat\u00f3lico internacional que informa, forma y transforma, diariamente en espa\u00f1ol, ingl\u00e9s e italiano. A trav\u00e9s de noticias, art\u00edculos de an\u00e1lisis y transmisiones en directo de los eventos del Papa, Exaudi busca fortalecer la unidad de los cristianos y contribuir a la evangelizaci\u00f3n del mundo, siempre guiados por la doctrina social de la Iglesia. Trabajamos para acercar la verdad y los valores cristianos a cada rinc\u00f3n del planeta. \u00a1Ay\u00fadanos a transformar el mundo con Exaudi! En Exaudi creemos que la evangelizaci\u00f3n y la informaci\u00f3n de calidad pueden cambiar vidas. Para continuar con nuestra misi\u00f3n y expandir nuestro alcance, necesitamos tu ayuda. Adem\u00e1s, buscamos personas comprometidas que deseen unirse a nuestro equipo. Con tu apoyo, lograremos llegar a m\u00e1s personas, difundir el mensaje de Cristo y reforzar la unidad de los cristianos. \u00bfTe unes a nuestra misi\u00f3n? Para m\u00e1s informaci\u00f3n sobre c\u00f3mo colaborar, visita Exaudi.org\/es o cont\u00e1ctanos directamente: info@exaudi.org Exaudi: Informa, forma y transforma.","sameAs":["https:\/\/www.facebook.com\/ExaudiNoticias\/","https:\/\/www.instagram.com\/exaudi_noticias\/","https:\/\/x.com\/Exaudi_noticias","https:\/\/www.youtube.com\/@exaudicatholicnews"],"url":"https:\/\/exaudi.org\/es\/author\/redaccionexaudi\/"}]}},"jetpack_featured_media_url":"https:\/\/exaudi.org\/wp-content\/uploads\/2025\/05\/cq5dam.thumbnail.cropped.750.422-1-5.jpeg","jetpack_shortlink":"https:\/\/wp.me\/pgKjF2-wZu","_links":{"self":[{"href":"https:\/\/exaudi.org\/es\/wp-json\/wp\/v2\/posts\/126820","targetHints":{"allow":["GET"]}}],"collection":[{"href":"https:\/\/exaudi.org\/es\/wp-json\/wp\/v2\/posts"}],"about":[{"href":"https:\/\/exaudi.org\/es\/wp-json\/wp\/v2\/types\/post"}],"author":[{"embeddable":true,"href":"https:\/\/exaudi.org\/es\/wp-json\/wp\/v2\/users\/15"}],"replies":[{"embeddable":true,"href":"https:\/\/exaudi.org\/es\/wp-json\/wp\/v2\/comments?post=126820"}],"version-history":[{"count":0,"href":"https:\/\/exaudi.org\/es\/wp-json\/wp\/v2\/posts\/126820\/revisions"}],"wp:featuredmedia":[{"embeddable":true,"href":"https:\/\/exaudi.org\/es\/wp-json\/wp\/v2\/media\/126836"}],"wp:attachment":[{"href":"https:\/\/exaudi.org\/es\/wp-json\/wp\/v2\/media?parent=126820"}],"wp:term":[{"taxonomy":"category","embeddable":true,"href":"https:\/\/exaudi.org\/es\/wp-json\/wp\/v2\/categories?post=126820"},{"taxonomy":"post_tag","embeddable":true,"href":"https:\/\/exaudi.org\/es\/wp-json\/wp\/v2\/tags?post=126820"}],"curies":[{"name":"wp","href":"https:\/\/api.w.org\/{rel}","templated":true}]}}