{"id":126708,"date":"2025-05-24T08:30:19","date_gmt":"2025-05-24T06:30:19","guid":{"rendered":"https:\/\/exaudi.org\/?p=126708"},"modified":"2025-05-22T13:08:35","modified_gmt":"2025-05-22T11:08:35","slug":"carf-papa-leon-xiv-rezar-vocacion-jovenes","status":"publish","type":"post","link":"https:\/\/exaudi.org\/es\/carf-papa-leon-xiv-rezar-vocacion-jovenes\/","title":{"rendered":"La Fundaci\u00f3n CARF se une al papa Le\u00f3n XIV para rezar por la vocaci\u00f3n de los j\u00f3venes"},"content":{"rendered":"<p>El Papa Le\u00f3n XIV dirigi\u00f3 su primer <em>Regina Coeli<\/em> el domingo del Buen Pastor, coincidiendo con la Jornada Mundial de Oraci\u00f3n por las Vocaciones. En su mensaje ofreci\u00f3 las cuatro claves para fomentar las vocaciones: \u00abEs importante que los j\u00f3venes encuentren en nuestras comunidades: acogida, escucha, est\u00edmulo en su camino vocacional, y que puedan contar con modelos cre\u00edbles de entrega generosa a Dios y a sus hermanos\u00bb.<\/p>\n<p>Unidos a la invitaci\u00f3n del Santo Padre, la Fundaci\u00f3n CARF lanza una nueva iniciativa para rezar por las vocaciones: la campa\u00f1a <em>Enciende una vela digital por los sacerdotes <\/em>para animar a rezar y ayudar \u2013de forma simb\u00f3lica con un euro por cada vela digital\u2013 a la formaci\u00f3n integral de seminaristas y sacerdotes diocesanos, religiosos y religiosas de todo el mundo. <a href=\"https:\/\/fundacioncarf.org\/es\/enciende-una-vela-digital-por-las-vocaciones\/\" target=\"_blank\" rel=\"noopener\"><strong>Enciende una vela digital y reza<\/strong><\/a><strong>, <\/strong>en esa web se pueden leer testimonios de sacerdotes y de religiosos y religiosas que iluminan con su vida entregada a otras personas.<\/p>\n<h3><strong>Sacerdotes diocesanos de Per\u00fa que conocieron a Le\u00f3n XIV <\/strong><\/h3>\n<p>Dos de estas vocaciones son Erick y Christian, sacerdotes diocesanos peruanos, que estudian en las Facultades Eclesi\u00e1sticas de la Universidad de Navarra.<\/p>\n<p>El padre <strong>Erick V\u00edlchez<\/strong> conoci\u00f3 al papa Le\u00f3n XIV, antes de ser ordenado obispo. Recuerda con especial alegr\u00eda el d\u00eda que particip\u00f3 como maestro de ceremonias en la ordenaci\u00f3n episcopal de Robert Francis Prevost; un 12 de diciembre de 2014, cuando Erick se formaba como seminarista en el Seminario de santo Toribio de Mogrovejo en Per\u00fa.<\/p>\n<p>El primer encuentro del padre Erick con el papa Le\u00f3n XIV dej\u00f3 este recuerdo: \u00abLa primera vez que convers\u00e9 con monse\u00f1or Prevost, cuando \u00e9l reci\u00e9n lleg\u00f3 a Chiclayo, yo me present\u00e9 y le dije \u201cmonse\u00f1or estamos a cargo de la liturgia, aqu\u00ed estamos para servir\u201d. Recuerdo que \u00e9l con su sencillez y con una sonrisa me dijo \u201cqu\u00e9 bueno, por si acaso, yo soy muy obediente. Entonces, preparemos de la mejor manera\u201d. Ah\u00ed, vi esa cercan\u00eda, su sencillez de aquel entonces monse\u00f1or Robert, ahora Santo Padre\u00bb, declar\u00f3 Erick.<\/p>\n<p>Del Papa resalta que es una \u00abpersona muy cercana, con mucha capacidad de di\u00e1logo, que sabe escuchar, sonriente y muy obediente. Tiene mucha fuerza. Pero sobre todo destacar\u00eda su profundo amor a la Iglesia\u00bb.<\/p>\n<p>Don Erick V\u00edlchez pertenece a la prelatura territorial de Chota, sufrag\u00e1nea de la archidi\u00f3cesis de Piura. Actualmente estudia Teolog\u00eda Dogm\u00e1tica en las Facultades Eclesi\u00e1sticas de la Universidad de Navarra. Se da la circunstancia de que el seminario de santo Toribio de Mogrovejo, de la di\u00f3cesis Chiclayo, tiene un convenio con la Facultad de Teolog\u00eda de la Universidad de Navarra para la afiliaci\u00f3n del Cuadrienio Teol\u00f3gico del Seminario.<\/p>\n<p>Por otra parte, don <strong>Christian Munayco Peves<\/strong>, sacerdote peruano natural de Ca\u00f1ete que acaba de concluir la Licenciatura en Derecho Can\u00f3nico en la Universidad de Navarra, destaca algunas impresiones de sus breves encuentros con el papa Le\u00f3n XIV cuando era obispo de la di\u00f3cesis de Chiclayo: \u00abpuedo decir que es una persona afable, amigable, de pocas palabras, pero sobre todo sumamente sencillo y cercano\u00bb.<\/p>\n<p>Para este sacerdote, que proviene de una familia profundamente cat\u00f3lica que le guiaron en el camino de su vocaci\u00f3n, la elecci\u00f3n de un Papa peruano va a remover la conciencia de los j\u00f3venes de Per\u00fa a plantearse su vocaci\u00f3n.<\/p>\n<p><a href=\"https:\/\/exaudi.org\/es\/leon-xiv-dos-sacerdotes-de-peru-hablan-de-el\/\" target=\"_blank\" rel=\"noopener\">Puede leer el art\u00edculo completo aqu\u00ed.<\/a><\/p>\n<p><strong><u>Acerca de<\/u><\/strong>: La Fundaci\u00f3n CARF naci\u00f3 el 14 de febrero de 1989 por inspiraci\u00f3n de san Juan Pablo II e impulso del beato \u00c1lvaro del Portillo con tres fines: rezar por las vocaciones sacerdotales; promover el buen nombre de los sacerdotes por todo el mundo; y ayudar a la formaci\u00f3n integral de seminaristas y sacerdotes diocesanos y religiosos y religiosas para servir mejor a la Iglesia en todo el mundo.<\/p>\n<p>Desde su origen hasta la actualidad, gracias al apoyo de sus benefactores y amigos, la Fundaci\u00f3n CARF ha financiado ayudas al estudio a m\u00e1s de 30.000 alumnos con escasos recursos econ\u00f3micos de 131 pa\u00edses para que mejoren su formaci\u00f3n intelectual, humana y espiritual en la Universidad Pontificia de la Santa Cruz, en Roma, y en las Facultades Eclesi\u00e1sticas de la Universidad de Navarra, en Pamplona. Entre ellos, hay 134 estudiantes que han sido ordenados obispos y cuatro de ellos creados cardenales.<\/p>\n","protected":false},"excerpt":{"rendered":"<p>El Papa aporta las claves para fomentar las vocaciones: acogida, escucha, est\u00edmulo en su camino vocacional y modelos cre\u00edbles de entrega generosa a Dios<\/p>\n","protected":false},"author":119,"featured_media":126709,"comment_status":"closed","ping_status":"closed","sticky":false,"template":"","format":"standard","meta":{"_acf_changed":false,"_crdt_document":"","inline_featured_image":false,"footnotes":""},"categories":[74],"tags":[51107,3265,60174,60361,60362,60173,2023,9879,440,50083,1855,676,18343,58111,945,2468,1533,2718,1222,2423,60360,4953,13537,11517,2134],"class_list":["post-126708","post","type-post","status-publish","format-standard","has-post-thumbnail","hentry","category-iglesia-y-mundo","tag-ayudas","tag-beato-alvaro-del-portillo","tag-christian-munayco-peves","tag-diocesis-chiclayo","tag-enciende-una-vela-digital-por-los-sacerdotes","tag-erick-vilchez","tag-formacion","tag-fundacion-carf","tag-iglesia","tag-jornada-mundial-de-oracion-por-las-vocaciones","tag-jovenes","tag-oracion","tag-pamplona","tag-papa-leon-xiv","tag-peru","tag-regina-coeli-es","tag-roma-es","tag-sacerdotes","tag-san-juan-pablo-ii","tag-seminario","tag-seminario-santo-toribio-de-mogrovejo","tag-trending-es","tag-universidad-de-navarra","tag-universidad-pontificia-de-la-santa-cruz","tag-vocaciones"],"acf":[],"yoast_head":"<!-- This site is optimized with the Yoast SEO plugin v27.4 - https:\/\/yoast.com\/product\/yoast-seo-wordpress\/ -->\n<title>La Fundaci\u00f3n CARF se une al papa Le\u00f3n XIV para rezar por la vocaci\u00f3n de los j\u00f3venes &#8211; Exaudi<\/title>\n<meta name=\"robots\" content=\"index, follow, max-snippet:-1, max-image-preview:large, max-video-preview:-1\" \/>\n<link rel=\"canonical\" href=\"https:\/\/exaudi.org\/es\/carf-papa-leon-xiv-rezar-vocacion-jovenes\/\" \/>\n<meta property=\"og:locale\" content=\"es_ES\" \/>\n<meta property=\"og:type\" content=\"article\" \/>\n<meta property=\"og:title\" content=\"La Fundaci\u00f3n CARF se une al papa Le\u00f3n XIV para rezar por la vocaci\u00f3n de los j\u00f3venes &#8211; Exaudi\" \/>\n<meta property=\"og:description\" content=\"El Papa aporta las claves para fomentar las vocaciones: acogida, escucha, est\u00edmulo en su camino vocacional y modelos cre\u00edbles de entrega generosa a Dios\" \/>\n<meta property=\"og:url\" content=\"https:\/\/exaudi.org\/es\/carf-papa-leon-xiv-rezar-vocacion-jovenes\/\" \/>\n<meta property=\"og:site_name\" content=\"Exaudi\" \/>\n<meta property=\"article:publisher\" content=\"https:\/\/www.facebook.com\/ExaudiNews\" \/>\n<meta property=\"article:author\" content=\"https:\/\/www.facebook.com\/fundacioncarf\/\" \/>\n<meta property=\"article:published_time\" content=\"2025-05-24T06:30:19+00:00\" \/>\n<meta property=\"og:image\" content=\"https:\/\/exaudi.org\/wp-content\/uploads\/2025\/05\/pexels-eye4dtail-330216-scaled.jpg\" \/>\n\t<meta property=\"og:image:width\" content=\"2560\" \/>\n\t<meta property=\"og:image:height\" content=\"1707\" \/>\n\t<meta property=\"og:image:type\" content=\"image\/jpeg\" \/>\n<meta name=\"author\" content=\"Fundaci\u00f3n CARF\" \/>\n<meta name=\"twitter:card\" content=\"summary_large_image\" \/>\n<meta name=\"twitter:creator\" content=\"@https:\/\/x.com\/fundacioncarf\" \/>\n<meta name=\"twitter:site\" content=\"@Exaudi_News\" \/>\n<meta name=\"twitter:label1\" content=\"Escrito por\" \/>\n\t<meta name=\"twitter:data1\" content=\"Fundaci\u00f3n CARF\" \/>\n\t<meta name=\"twitter:label2\" content=\"Tiempo de lectura\" \/>\n\t<meta name=\"twitter:data2\" content=\"4 minutos\" \/>\n<script type=\"application\/ld+json\" class=\"yoast-schema-graph\">{\"@context\":\"https:\\\/\\\/schema.org\",\"@graph\":[{\"@type\":\"Article\",\"@id\":\"https:\\\/\\\/exaudi.org\\\/es\\\/carf-papa-leon-xiv-rezar-vocacion-jovenes\\\/#article\",\"isPartOf\":{\"@id\":\"https:\\\/\\\/exaudi.org\\\/es\\\/carf-papa-leon-xiv-rezar-vocacion-jovenes\\\/\"},\"author\":{\"name\":\"Fundaci\u00f3n CARF\",\"@id\":\"https:\\\/\\\/exaudi.org\\\/#\\\/schema\\\/person\\\/fab8261a088ccf38cb54b3c50baa7baf\"},\"headline\":\"La Fundaci\u00f3n CARF se une al papa Le\u00f3n XIV para rezar por la vocaci\u00f3n de los j\u00f3venes\",\"datePublished\":\"2025-05-24T06:30:19+00:00\",\"mainEntityOfPage\":{\"@id\":\"https:\\\/\\\/exaudi.org\\\/es\\\/carf-papa-leon-xiv-rezar-vocacion-jovenes\\\/\"},\"wordCount\":760,\"image\":{\"@id\":\"https:\\\/\\\/exaudi.org\\\/es\\\/carf-papa-leon-xiv-rezar-vocacion-jovenes\\\/#primaryimage\"},\"thumbnailUrl\":\"https:\\\/\\\/exaudi.org\\\/wp-content\\\/uploads\\\/2025\\\/05\\\/pexels-eye4dtail-330216-scaled.jpg\",\"keywords\":[\"ayudas\",\"Beato \u00c1lvaro del Portillo\",\"Christian Munayco Peves\",\"diocesis chiclayo\",\"enciende una vela digital por los sacerdotes\",\"Erick V\u00edlchez\",\"Formaci\u00f3n\",\"Fundaci\u00f3n CARF\",\"Iglesia\",\"jornada mundial de oraci\u00f3n por las vocaciones\",\"J\u00f3venes\",\"Oraci\u00f3n\",\"Pamplona\",\"papa le\u00f3n xiv\",\"Per\u00fa\",\"regina coeli\",\"Roma\",\"Sacerdotes\",\"San Juan Pablo II\",\"Seminario\",\"seminario santo toribio de mogrovejo\",\"Trending\",\"Universidad de Navarra\",\"Universidad Pontificia de la Santa Cruz.\",\"Vocaciones\"],\"articleSection\":[\"Iglesia y Mundo\"],\"inLanguage\":\"es\"},{\"@type\":\"WebPage\",\"@id\":\"https:\\\/\\\/exaudi.org\\\/es\\\/carf-papa-leon-xiv-rezar-vocacion-jovenes\\\/\",\"url\":\"https:\\\/\\\/exaudi.org\\\/es\\\/carf-papa-leon-xiv-rezar-vocacion-jovenes\\\/\",\"name\":\"La Fundaci\u00f3n CARF se une al papa Le\u00f3n XIV para rezar por la vocaci\u00f3n de los j\u00f3venes &#8211; Exaudi\",\"isPartOf\":{\"@id\":\"https:\\\/\\\/exaudi.org\\\/#website\"},\"primaryImageOfPage\":{\"@id\":\"https:\\\/\\\/exaudi.org\\\/es\\\/carf-papa-leon-xiv-rezar-vocacion-jovenes\\\/#primaryimage\"},\"image\":{\"@id\":\"https:\\\/\\\/exaudi.org\\\/es\\\/carf-papa-leon-xiv-rezar-vocacion-jovenes\\\/#primaryimage\"},\"thumbnailUrl\":\"https:\\\/\\\/exaudi.org\\\/wp-content\\\/uploads\\\/2025\\\/05\\\/pexels-eye4dtail-330216-scaled.jpg\",\"datePublished\":\"2025-05-24T06:30:19+00:00\",\"author\":{\"@id\":\"https:\\\/\\\/exaudi.org\\\/#\\\/schema\\\/person\\\/fab8261a088ccf38cb54b3c50baa7baf\"},\"breadcrumb\":{\"@id\":\"https:\\\/\\\/exaudi.org\\\/es\\\/carf-papa-leon-xiv-rezar-vocacion-jovenes\\\/#breadcrumb\"},\"inLanguage\":\"es\",\"potentialAction\":[{\"@type\":\"ReadAction\",\"target\":[\"https:\\\/\\\/exaudi.org\\\/es\\\/carf-papa-leon-xiv-rezar-vocacion-jovenes\\\/\"]}]},{\"@type\":\"ImageObject\",\"inLanguage\":\"es\",\"@id\":\"https:\\\/\\\/exaudi.org\\\/es\\\/carf-papa-leon-xiv-rezar-vocacion-jovenes\\\/#primaryimage\",\"url\":\"https:\\\/\\\/exaudi.org\\\/wp-content\\\/uploads\\\/2025\\\/05\\\/pexels-eye4dtail-330216-scaled.jpg\",\"contentUrl\":\"https:\\\/\\\/exaudi.org\\\/wp-content\\\/uploads\\\/2025\\\/05\\\/pexels-eye4dtail-330216-scaled.jpg\",\"width\":2560,\"height\":1707},{\"@type\":\"BreadcrumbList\",\"@id\":\"https:\\\/\\\/exaudi.org\\\/es\\\/carf-papa-leon-xiv-rezar-vocacion-jovenes\\\/#breadcrumb\",\"itemListElement\":[{\"@type\":\"ListItem\",\"position\":1,\"name\":\"Portada\",\"item\":\"https:\\\/\\\/exaudi.org\\\/es\\\/\"},{\"@type\":\"ListItem\",\"position\":2,\"name\":\"La Fundaci\u00f3n CARF se une al papa Le\u00f3n XIV para rezar por la vocaci\u00f3n de los j\u00f3venes\"}]},{\"@type\":\"WebSite\",\"@id\":\"https:\\\/\\\/exaudi.org\\\/#website\",\"url\":\"https:\\\/\\\/exaudi.org\\\/\",\"name\":\"Exaudi\",\"description\":\"News\",\"potentialAction\":[{\"@type\":\"SearchAction\",\"target\":{\"@type\":\"EntryPoint\",\"urlTemplate\":\"https:\\\/\\\/exaudi.org\\\/?s={search_term_string}\"},\"query-input\":{\"@type\":\"PropertyValueSpecification\",\"valueRequired\":true,\"valueName\":\"search_term_string\"}}],\"inLanguage\":\"es\"},{\"@type\":\"Person\",\"@id\":\"https:\\\/\\\/exaudi.org\\\/#\\\/schema\\\/person\\\/fab8261a088ccf38cb54b3c50baa7baf\",\"name\":\"Fundaci\u00f3n CARF\",\"image\":{\"@type\":\"ImageObject\",\"inLanguage\":\"es\",\"@id\":\"https:\\\/\\\/secure.gravatar.com\\\/avatar\\\/ab292d3529973c0d1cf4cda9208c6a8a7ee52923f0a291c39104715fa46aae4b?s=96&d=mm&r=g\",\"url\":\"https:\\\/\\\/secure.gravatar.com\\\/avatar\\\/ab292d3529973c0d1cf4cda9208c6a8a7ee52923f0a291c39104715fa46aae4b?s=96&d=mm&r=g\",\"contentUrl\":\"https:\\\/\\\/secure.gravatar.com\\\/avatar\\\/ab292d3529973c0d1cf4cda9208c6a8a7ee52923f0a291c39104715fa46aae4b?s=96&d=mm&r=g\",\"caption\":\"Fundaci\u00f3n CARF\"},\"description\":\"Trabajamos para llevar la sonrisa de Dios a todos los rincones del mundo a trav\u00e9s de los sacerdotes y ayudando a su formaci\u00f3n. Gracias a nuestros benefactores, ayudamos a la formaci\u00f3n de los sacerdotes, difundimos su buen nombre y rezamos por su fidelidad y las vocaciones. Trabajamos para servir a la Iglesia y que ninguna vocaci\u00f3n se pierda y luego ellos puedan transmitir en su labor pastoral toda la luz, ciencia y doctrina recibida. Acad\u00e9mico Las licenciaturas, programas de especializacio\u0301n o doctorados, otorgan a cada candidato una formaci\u00f3n espec\u00edfica en Teologi\u0301a, Filosofi\u0301a, Derecho Cano\u0301nico o Comunicacio\u0301n Social Institucional. Espiritual Los seminaristas y sacerdotes complementan su formacio\u0301n acade\u0301mica y humana con la espiritual, ya que deben estar preparados para seguir su vocaci\u00f3n y prestar su cuerpo y su espi\u0301ritu al Sen\u0303or. Humano A trave\u0301s del ambiente de familia y de preparaci\u00f3n, se consigue el desarrollo de actitudes, capacidades y valores que impactan en el crecimiento personal y social de los sacerdotes.\",\"sameAs\":[\"https:\\\/\\\/fundacioncarf.org\\\/\",\"https:\\\/\\\/www.facebook.com\\\/fundacioncarf\\\/\",\"https:\\\/\\\/www.instagram.com\\\/fundacioncarf\\\/\",\"https:\\\/\\\/www.linkedin.com\\\/company\\\/fundacioncarf\\\/posts\\\/?feedView=all\",\"https:\\\/\\\/x.com\\\/https:\\\/\\\/x.com\\\/fundacioncarf\",\"https:\\\/\\\/www.youtube.com\\\/c\\\/fundacioncarf\"],\"url\":\"https:\\\/\\\/exaudi.org\\\/es\\\/author\\\/carf\\\/\"}]}<\/script>\n<!-- \/ Yoast SEO plugin. -->","yoast_head_json":{"title":"La Fundaci\u00f3n CARF se une al papa Le\u00f3n XIV para rezar por la vocaci\u00f3n de los j\u00f3venes &#8211; Exaudi","robots":{"index":"index","follow":"follow","max-snippet":"max-snippet:-1","max-image-preview":"max-image-preview:large","max-video-preview":"max-video-preview:-1"},"canonical":"https:\/\/exaudi.org\/es\/carf-papa-leon-xiv-rezar-vocacion-jovenes\/","og_locale":"es_ES","og_type":"article","og_title":"La Fundaci\u00f3n CARF se une al papa Le\u00f3n XIV para rezar por la vocaci\u00f3n de los j\u00f3venes &#8211; Exaudi","og_description":"El Papa aporta las claves para fomentar las vocaciones: acogida, escucha, est\u00edmulo en su camino vocacional y modelos cre\u00edbles de entrega generosa a Dios","og_url":"https:\/\/exaudi.org\/es\/carf-papa-leon-xiv-rezar-vocacion-jovenes\/","og_site_name":"Exaudi","article_publisher":"https:\/\/www.facebook.com\/ExaudiNews","article_author":"https:\/\/www.facebook.com\/fundacioncarf\/","article_published_time":"2025-05-24T06:30:19+00:00","og_image":[{"width":2560,"height":1707,"url":"https:\/\/exaudi.org\/wp-content\/uploads\/2025\/05\/pexels-eye4dtail-330216-scaled.jpg","type":"image\/jpeg"}],"author":"Fundaci\u00f3n CARF","twitter_card":"summary_large_image","twitter_creator":"@https:\/\/x.com\/fundacioncarf","twitter_site":"@Exaudi_News","twitter_misc":{"Escrito por":"Fundaci\u00f3n CARF","Tiempo de lectura":"4 minutos"},"schema":{"@context":"https:\/\/schema.org","@graph":[{"@type":"Article","@id":"https:\/\/exaudi.org\/es\/carf-papa-leon-xiv-rezar-vocacion-jovenes\/#article","isPartOf":{"@id":"https:\/\/exaudi.org\/es\/carf-papa-leon-xiv-rezar-vocacion-jovenes\/"},"author":{"name":"Fundaci\u00f3n CARF","@id":"https:\/\/exaudi.org\/#\/schema\/person\/fab8261a088ccf38cb54b3c50baa7baf"},"headline":"La Fundaci\u00f3n CARF se une al papa Le\u00f3n XIV para rezar por la vocaci\u00f3n de los j\u00f3venes","datePublished":"2025-05-24T06:30:19+00:00","mainEntityOfPage":{"@id":"https:\/\/exaudi.org\/es\/carf-papa-leon-xiv-rezar-vocacion-jovenes\/"},"wordCount":760,"image":{"@id":"https:\/\/exaudi.org\/es\/carf-papa-leon-xiv-rezar-vocacion-jovenes\/#primaryimage"},"thumbnailUrl":"https:\/\/exaudi.org\/wp-content\/uploads\/2025\/05\/pexels-eye4dtail-330216-scaled.jpg","keywords":["ayudas","Beato \u00c1lvaro del Portillo","Christian Munayco Peves","diocesis chiclayo","enciende una vela digital por los sacerdotes","Erick V\u00edlchez","Formaci\u00f3n","Fundaci\u00f3n CARF","Iglesia","jornada mundial de oraci\u00f3n por las vocaciones","J\u00f3venes","Oraci\u00f3n","Pamplona","papa le\u00f3n xiv","Per\u00fa","regina coeli","Roma","Sacerdotes","San Juan Pablo II","Seminario","seminario santo toribio de mogrovejo","Trending","Universidad de Navarra","Universidad Pontificia de la Santa Cruz.","Vocaciones"],"articleSection":["Iglesia y Mundo"],"inLanguage":"es"},{"@type":"WebPage","@id":"https:\/\/exaudi.org\/es\/carf-papa-leon-xiv-rezar-vocacion-jovenes\/","url":"https:\/\/exaudi.org\/es\/carf-papa-leon-xiv-rezar-vocacion-jovenes\/","name":"La Fundaci\u00f3n CARF se une al papa Le\u00f3n XIV para rezar por la vocaci\u00f3n de los j\u00f3venes &#8211; Exaudi","isPartOf":{"@id":"https:\/\/exaudi.org\/#website"},"primaryImageOfPage":{"@id":"https:\/\/exaudi.org\/es\/carf-papa-leon-xiv-rezar-vocacion-jovenes\/#primaryimage"},"image":{"@id":"https:\/\/exaudi.org\/es\/carf-papa-leon-xiv-rezar-vocacion-jovenes\/#primaryimage"},"thumbnailUrl":"https:\/\/exaudi.org\/wp-content\/uploads\/2025\/05\/pexels-eye4dtail-330216-scaled.jpg","datePublished":"2025-05-24T06:30:19+00:00","author":{"@id":"https:\/\/exaudi.org\/#\/schema\/person\/fab8261a088ccf38cb54b3c50baa7baf"},"breadcrumb":{"@id":"https:\/\/exaudi.org\/es\/carf-papa-leon-xiv-rezar-vocacion-jovenes\/#breadcrumb"},"inLanguage":"es","potentialAction":[{"@type":"ReadAction","target":["https:\/\/exaudi.org\/es\/carf-papa-leon-xiv-rezar-vocacion-jovenes\/"]}]},{"@type":"ImageObject","inLanguage":"es","@id":"https:\/\/exaudi.org\/es\/carf-papa-leon-xiv-rezar-vocacion-jovenes\/#primaryimage","url":"https:\/\/exaudi.org\/wp-content\/uploads\/2025\/05\/pexels-eye4dtail-330216-scaled.jpg","contentUrl":"https:\/\/exaudi.org\/wp-content\/uploads\/2025\/05\/pexels-eye4dtail-330216-scaled.jpg","width":2560,"height":1707},{"@type":"BreadcrumbList","@id":"https:\/\/exaudi.org\/es\/carf-papa-leon-xiv-rezar-vocacion-jovenes\/#breadcrumb","itemListElement":[{"@type":"ListItem","position":1,"name":"Portada","item":"https:\/\/exaudi.org\/es\/"},{"@type":"ListItem","position":2,"name":"La Fundaci\u00f3n CARF se une al papa Le\u00f3n XIV para rezar por la vocaci\u00f3n de los j\u00f3venes"}]},{"@type":"WebSite","@id":"https:\/\/exaudi.org\/#website","url":"https:\/\/exaudi.org\/","name":"Exaudi","description":"News","potentialAction":[{"@type":"SearchAction","target":{"@type":"EntryPoint","urlTemplate":"https:\/\/exaudi.org\/?s={search_term_string}"},"query-input":{"@type":"PropertyValueSpecification","valueRequired":true,"valueName":"search_term_string"}}],"inLanguage":"es"},{"@type":"Person","@id":"https:\/\/exaudi.org\/#\/schema\/person\/fab8261a088ccf38cb54b3c50baa7baf","name":"Fundaci\u00f3n CARF","image":{"@type":"ImageObject","inLanguage":"es","@id":"https:\/\/secure.gravatar.com\/avatar\/ab292d3529973c0d1cf4cda9208c6a8a7ee52923f0a291c39104715fa46aae4b?s=96&d=mm&r=g","url":"https:\/\/secure.gravatar.com\/avatar\/ab292d3529973c0d1cf4cda9208c6a8a7ee52923f0a291c39104715fa46aae4b?s=96&d=mm&r=g","contentUrl":"https:\/\/secure.gravatar.com\/avatar\/ab292d3529973c0d1cf4cda9208c6a8a7ee52923f0a291c39104715fa46aae4b?s=96&d=mm&r=g","caption":"Fundaci\u00f3n CARF"},"description":"Trabajamos para llevar la sonrisa de Dios a todos los rincones del mundo a trav\u00e9s de los sacerdotes y ayudando a su formaci\u00f3n. Gracias a nuestros benefactores, ayudamos a la formaci\u00f3n de los sacerdotes, difundimos su buen nombre y rezamos por su fidelidad y las vocaciones. Trabajamos para servir a la Iglesia y que ninguna vocaci\u00f3n se pierda y luego ellos puedan transmitir en su labor pastoral toda la luz, ciencia y doctrina recibida. Acad\u00e9mico Las licenciaturas, programas de especializacio\u0301n o doctorados, otorgan a cada candidato una formaci\u00f3n espec\u00edfica en Teologi\u0301a, Filosofi\u0301a, Derecho Cano\u0301nico o Comunicacio\u0301n Social Institucional. Espiritual Los seminaristas y sacerdotes complementan su formacio\u0301n acade\u0301mica y humana con la espiritual, ya que deben estar preparados para seguir su vocaci\u00f3n y prestar su cuerpo y su espi\u0301ritu al Sen\u0303or. Humano A trave\u0301s del ambiente de familia y de preparaci\u00f3n, se consigue el desarrollo de actitudes, capacidades y valores que impactan en el crecimiento personal y social de los sacerdotes.","sameAs":["https:\/\/fundacioncarf.org\/","https:\/\/www.facebook.com\/fundacioncarf\/","https:\/\/www.instagram.com\/fundacioncarf\/","https:\/\/www.linkedin.com\/company\/fundacioncarf\/posts\/?feedView=all","https:\/\/x.com\/https:\/\/x.com\/fundacioncarf","https:\/\/www.youtube.com\/c\/fundacioncarf"],"url":"https:\/\/exaudi.org\/es\/author\/carf\/"}]}},"jetpack_featured_media_url":"https:\/\/exaudi.org\/wp-content\/uploads\/2025\/05\/pexels-eye4dtail-330216-scaled.jpg","jetpack_shortlink":"https:\/\/wp.me\/pgKjF2-wXG","_links":{"self":[{"href":"https:\/\/exaudi.org\/es\/wp-json\/wp\/v2\/posts\/126708","targetHints":{"allow":["GET"]}}],"collection":[{"href":"https:\/\/exaudi.org\/es\/wp-json\/wp\/v2\/posts"}],"about":[{"href":"https:\/\/exaudi.org\/es\/wp-json\/wp\/v2\/types\/post"}],"author":[{"embeddable":true,"href":"https:\/\/exaudi.org\/es\/wp-json\/wp\/v2\/users\/119"}],"replies":[{"embeddable":true,"href":"https:\/\/exaudi.org\/es\/wp-json\/wp\/v2\/comments?post=126708"}],"version-history":[{"count":0,"href":"https:\/\/exaudi.org\/es\/wp-json\/wp\/v2\/posts\/126708\/revisions"}],"wp:featuredmedia":[{"embeddable":true,"href":"https:\/\/exaudi.org\/es\/wp-json\/wp\/v2\/media\/126709"}],"wp:attachment":[{"href":"https:\/\/exaudi.org\/es\/wp-json\/wp\/v2\/media?parent=126708"}],"wp:term":[{"taxonomy":"category","embeddable":true,"href":"https:\/\/exaudi.org\/es\/wp-json\/wp\/v2\/categories?post=126708"},{"taxonomy":"post_tag","embeddable":true,"href":"https:\/\/exaudi.org\/es\/wp-json\/wp\/v2\/tags?post=126708"}],"curies":[{"name":"wp","href":"https:\/\/api.w.org\/{rel}","templated":true}]}}