{"id":126448,"date":"2025-05-20T09:00:03","date_gmt":"2025-05-20T07:00:03","guid":{"rendered":"https:\/\/exaudi.org\/?p=126448"},"modified":"2025-05-20T09:30:41","modified_gmt":"2025-05-20T07:30:41","slug":"gestacion-subrogada-espana-endurece-registro-extranjero","status":"publish","type":"post","link":"https:\/\/exaudi.org\/es\/gestacion-subrogada-espana-endurece-registro-extranjero\/","title":{"rendered":"Gestaci\u00f3n subrogada: Espa\u00f1a endurece el registro de nacimientos realizados en el extranjero"},"content":{"rendered":"<p>La Instrucci\u00f3n de 28 de abril de 2025, publicada en el Bolet\u00edn Oficial del Estado, actualiza el r\u00e9gimen registral aplicable a los nacimientos por gestaci\u00f3n subrogada, tambi\u00e9n conocida como\u00a0<strong><a href=\"https:\/\/www.observatoriobioetica.org\/?s=gestacion+subrogada&amp;post_type%5B%5D=post&amp;post_type%5B%5D=page&amp;search_limit_to_post_titles=0&amp;add_woo_product_skus=0&amp;fs=1\" target=\"_blank\" rel=\"noopener\">gestaci\u00f3n por sustituci\u00f3n<\/a><\/strong>. Esta actualizaci\u00f3n responde a la evoluci\u00f3n jurisprudencial y normativa reciente en Espa\u00f1a, especialmente tras la\u00a0<strong><a href=\"https:\/\/vlex.es\/vid\/1061369751\" target=\"_blank\" rel=\"noopener\">sentencia del Tribunal Supremo 1626\/2024, de 4 de diciembre<\/a><\/strong>, que refuerza la posici\u00f3n restrictiva respecto al reconocimiento de la filiaci\u00f3n derivada de contratos de gestaci\u00f3n subrogada celebrados en el extranjero.<\/p>\n<p>La\u00a0<strong><a href=\"https:\/\/www.boe.es\/buscar\/act.php?id=BOE-A-2006-9292\" target=\"_blank\" rel=\"noopener\">Ley 14\/2006, sobre t\u00e9cnicas de reproducci\u00f3n humana asistida<\/a><\/strong>, establece la nulidad de pleno derecho de cualquier contrato de gestaci\u00f3n subrogada, con o sin precio, en el que la mujer gestante renuncie a la filiaci\u00f3n materna. La filiaci\u00f3n de los hijos nacidos por esta v\u00eda se determina por el parto, permitiendo \u00fanicamente la reclamaci\u00f3n de la paternidad biol\u00f3gica por los cauces ordinarios previstos en la ley espa\u00f1ola.<\/p>\n<p>Las\u00a0<strong>principales novedades\u00a0<\/strong>que nos presenta la Instrucci\u00f3n podemos enumerarlas de la siguiente manera:<\/p>\n<ol>\n<li>Se dejan sin efecto las anteriores instrucciones de 2010 y 2019, que permit\u00edan, bajo ciertos requisitos, la inscripci\u00f3n en el Registro Civil espa\u00f1ol de la filiaci\u00f3n derivada de sentencias o certificaciones extranjeras de gestaci\u00f3n subrogada.<\/li>\n<li>A partir de ahora, no se admitir\u00e1 como t\u00edtulo v\u00e1lido para la inscripci\u00f3n en el Registro Civil ninguna certificaci\u00f3n registral extranjera, declaraci\u00f3n acompa\u00f1ada de certificaci\u00f3n m\u00e9dica ni sentencia firme de autoridades judiciales extranjeras relativas a la filiaci\u00f3n por gestaci\u00f3n subrogada.<\/li>\n<li>Las solicitudes pendientes de inscripci\u00f3n a la fecha de la publicaci\u00f3n de la Instrucci\u00f3n no ser\u00e1n tramitadas.<\/li>\n<li>Se permite que los menores nacidos por gestaci\u00f3n subrogada en el extranjero puedan viajar a Espa\u00f1a con la documentaci\u00f3n local pertinente, pero la determinaci\u00f3n de la filiaci\u00f3n deber\u00e1 realizarse en Espa\u00f1a por los medios ordinarios: filiaci\u00f3n biol\u00f3gica (cuando exista) o filiaci\u00f3n adoptiva posterior, siempre que se acredite la existencia de un n\u00facleo familiar adecuado.<\/li>\n<\/ol>\n<p>La Instrucci\u00f3n se fundamenta, conforme a la Sentencia del Tribunal Supremo 1626\/2024, en la protecci\u00f3n del inter\u00e9s superior del menor y en la defensa de los derechos de la mujer gestante. El Tribunal Supremo ha reiterado en numerosas ocasiones que los contratos de gestaci\u00f3n subrogada son contrarios al orden p\u00fablico espa\u00f1ol, cosifican tanto a la mujer como al menor y vulneran principios fundamentales del ordenamiento jur\u00eddico. Adem\u00e1s, la legislaci\u00f3n espa\u00f1ola y europea considera la gestaci\u00f3n subrogada una forma de violencia contra las mujeres, rechazando que se reconozca autom\u00e1ticamente la filiaci\u00f3n derivada de estos contratos celebrados en pa\u00edses donde la pr\u00e1ctica es legal.<\/p>\n<p>La protecci\u00f3n del menor no puede basarse en la mera existencia del contrato de gestaci\u00f3n subrogada ni en la filiaci\u00f3n atribuida por la legislaci\u00f3n extranjera, sino que debe partir de la determinaci\u00f3n de la filiaci\u00f3n biol\u00f3gica, la adopci\u00f3n o el acogimiento familiar, siempre bajo el prisma del inter\u00e9s superior del menor y el respeto a los derechos fundamentales.<\/p>\n<p>Esta nueva regulaci\u00f3n tiene importantes implicaciones bio\u00e9ticas ya que refuerza la protecci\u00f3n de los derechos de los menores, garantizando su derecho a conocer su origen biol\u00f3gico y evitando situaciones de tr\u00e1fico internacional de menores. Adem\u00e1s, salvaguarda la dignidad y los derechos de las mujeres gestantes, evitando su instrumentalizaci\u00f3n y cosificaci\u00f3n y promueve un marco legal coherente con los valores y principios asumidos por la sociedad espa\u00f1ola y recogidos en los tratados internacionales sobre infancia y derechos humanos.<\/p>\n<p>Esta instrucci\u00f3n se enmarca en un debate social y jur\u00eddico muy amplio sobre la gestaci\u00f3n subrogada, donde se contraponen argumentos relativos a la autonom\u00eda reproductiva y la protecci\u00f3n frente a la instrumentalizaci\u00f3n del cuerpo humano. Las directrices actualizadas buscan proporcionar mayor seguridad jur\u00eddica en un \u00e1mbito particularmente complejo del derecho familiar y registral espa\u00f1ol.<\/p>\n<p><em><strong>M\u00aa Jos\u00e9 Salar Sotillos &#8211;\u00a0Profesora Facultad de Ciencias Jur\u00eddicas, Econ\u00f3micas y Sociales &#8211;\u00a0Profesora Master Universitario en Bio\u00e9tica &#8211;\u00a0Universidad Cat\u00f3lica de Valencia<\/strong><\/em><\/p>\n","protected":false},"excerpt":{"rendered":"<p>Informe sobre la Instrucci\u00f3n de 28 de abril de 2025 de la Direcci\u00f3n General de Seguridad Jur\u00eddica y Fe P\u00fablica sobre la filiaci\u00f3n registral de nacimientos por gestaci\u00f3n subrogada<\/p>\n","protected":false},"author":87,"featured_media":126449,"comment_status":"closed","ping_status":"closed","sticky":false,"template":"","format":"standard","meta":{"_acf_changed":false,"_crdt_document":"","inline_featured_image":false,"footnotes":""},"categories":[74],"tags":[59993,728,59987,59992,59985,59986,59981,10319,59982,59988,8855,59989,630,59994,59990,59983,4544,59991,3379,59984,59995],"class_list":["post-126448","post","type-post","status-publish","format-standard","has-post-thumbnail","hentry","category-iglesia-y-mundo","tag-adopcion-en-espana","tag-bioetica","tag-contratos-de-gestacion","tag-derecho-familiar","tag-derechos-del-menor","tag-filiacion-biologica","tag-filiacion-registral","tag-gestacion-subrogada","tag-instruccion-28-abril-2025","tag-legislacion-espanola","tag-maternidad-subrogada","tag-nulidad-contrato-gestacion-subrogada","tag-observatorio-de-bioetica-de-la-universidad-catolica-de-valencia","tag-orden-publico-juridico","tag-proteccion-mujer-gestante","tag-registro-civil-espana","tag-reproduccion-asistida","tag-sentencia-1626-2024","tag-trafico-de-menores","tag-tribunal-supremo-espana","tag-violencia-contra-la-mujer"],"acf":[],"yoast_head":"<!-- This site is optimized with the Yoast SEO plugin v27.5 - https:\/\/yoast.com\/product\/yoast-seo-wordpress\/ -->\n<title>Gestaci\u00f3n subrogada: Espa\u00f1a endurece el registro de nacimientos realizados en el extranjero &#8211; Exaudi<\/title>\n<meta name=\"robots\" content=\"index, follow, max-snippet:-1, max-image-preview:large, max-video-preview:-1\" \/>\n<link rel=\"canonical\" href=\"https:\/\/exaudi.org\/es\/gestacion-subrogada-espana-endurece-registro-extranjero\/\" \/>\n<meta property=\"og:locale\" content=\"es_ES\" \/>\n<meta property=\"og:type\" content=\"article\" \/>\n<meta property=\"og:title\" content=\"Gestaci\u00f3n subrogada: Espa\u00f1a endurece el registro de nacimientos realizados en el extranjero &#8211; Exaudi\" \/>\n<meta property=\"og:description\" content=\"Informe sobre la Instrucci\u00f3n de 28 de abril de 2025 de la Direcci\u00f3n General de Seguridad Jur\u00eddica y Fe P\u00fablica sobre la filiaci\u00f3n registral de nacimientos por gestaci\u00f3n subrogada\" \/>\n<meta property=\"og:url\" content=\"https:\/\/exaudi.org\/es\/gestacion-subrogada-espana-endurece-registro-extranjero\/\" \/>\n<meta property=\"og:site_name\" content=\"Exaudi\" \/>\n<meta property=\"article:publisher\" content=\"https:\/\/www.facebook.com\/ExaudiNews\" \/>\n<meta property=\"article:author\" content=\"https:\/\/www.facebook.com\/observatoriodebioetica\/\" \/>\n<meta property=\"article:published_time\" content=\"2025-05-20T07:00:03+00:00\" \/>\n<meta property=\"article:modified_time\" content=\"2025-05-20T07:30:41+00:00\" \/>\n<meta property=\"og:image\" content=\"https:\/\/exaudi.org\/wp-content\/uploads\/2025\/05\/lobo-1-scaled.jpg-scaled.jpg\" \/>\n\t<meta property=\"og:image:width\" content=\"2560\" \/>\n\t<meta property=\"og:image:height\" content=\"994\" \/>\n\t<meta property=\"og:image:type\" content=\"image\/jpeg\" \/>\n<meta name=\"author\" content=\"Observatorio de Bio\u00e9tica UCV\" \/>\n<meta name=\"twitter:card\" content=\"summary_large_image\" \/>\n<meta name=\"twitter:creator\" content=\"@obioetica\" \/>\n<meta name=\"twitter:site\" content=\"@Exaudi_News\" \/>\n<meta name=\"twitter:label1\" content=\"Escrito por\" \/>\n\t<meta name=\"twitter:data1\" content=\"Observatorio de Bio\u00e9tica UCV\" \/>\n\t<meta name=\"twitter:label2\" content=\"Tiempo de lectura\" \/>\n\t<meta name=\"twitter:data2\" content=\"4 minutos\" \/>\n<script type=\"application\/ld+json\" class=\"yoast-schema-graph\">{\"@context\":\"https:\\\/\\\/schema.org\",\"@graph\":[{\"@type\":\"Article\",\"@id\":\"https:\\\/\\\/exaudi.org\\\/es\\\/gestacion-subrogada-espana-endurece-registro-extranjero\\\/#article\",\"isPartOf\":{\"@id\":\"https:\\\/\\\/exaudi.org\\\/es\\\/gestacion-subrogada-espana-endurece-registro-extranjero\\\/\"},\"author\":{\"name\":\"Observatorio de Bio\u00e9tica UCV\",\"@id\":\"https:\\\/\\\/exaudi.org\\\/#\\\/schema\\\/person\\\/05d1c06e56ecb5490e9bff0d27026595\"},\"headline\":\"Gestaci\u00f3n subrogada: Espa\u00f1a endurece el registro de nacimientos realizados en el extranjero\",\"datePublished\":\"2025-05-20T07:00:03+00:00\",\"dateModified\":\"2025-05-20T07:30:41+00:00\",\"mainEntityOfPage\":{\"@id\":\"https:\\\/\\\/exaudi.org\\\/es\\\/gestacion-subrogada-espana-endurece-registro-extranjero\\\/\"},\"wordCount\":722,\"image\":{\"@id\":\"https:\\\/\\\/exaudi.org\\\/es\\\/gestacion-subrogada-espana-endurece-registro-extranjero\\\/#primaryimage\"},\"thumbnailUrl\":\"https:\\\/\\\/exaudi.org\\\/wp-content\\\/uploads\\\/2025\\\/05\\\/lobo-1-scaled.jpg-scaled.jpg\",\"keywords\":[\"adopci\u00f3n en Espa\u00f1a\",\"Bio\u00e9tica\",\"contratos de gestaci\u00f3n\",\"derecho familiar\",\"derechos del menor\",\"filiaci\u00f3n biol\u00f3gica\",\"filiaci\u00f3n registral\",\"gestaci\u00f3n subrogada\",\"Instrucci\u00f3n 28 abril 2025\",\"legislaci\u00f3n espa\u00f1ola\",\"maternidad subrogada\",\"nulidad contrato gestaci\u00f3n subrogada\",\"Observatorio de Bio\u00e9tica de la Universidad Cat\u00f3lica de Valencia\",\"orden p\u00fablico jur\u00eddico\",\"protecci\u00f3n mujer gestante\",\"Registro Civil Espa\u00f1a\",\"Reproducci\u00f3n asistida\",\"sentencia 1626\\\/2024\",\"Tr\u00e1fico de menores\",\"Tribunal Supremo Espa\u00f1a\",\"violencia contra la mujer\"],\"articleSection\":[\"Iglesia y Mundo\"],\"inLanguage\":\"es\"},{\"@type\":\"WebPage\",\"@id\":\"https:\\\/\\\/exaudi.org\\\/es\\\/gestacion-subrogada-espana-endurece-registro-extranjero\\\/\",\"url\":\"https:\\\/\\\/exaudi.org\\\/es\\\/gestacion-subrogada-espana-endurece-registro-extranjero\\\/\",\"name\":\"Gestaci\u00f3n subrogada: Espa\u00f1a endurece el registro de nacimientos realizados en el extranjero &#8211; Exaudi\",\"isPartOf\":{\"@id\":\"https:\\\/\\\/exaudi.org\\\/#website\"},\"primaryImageOfPage\":{\"@id\":\"https:\\\/\\\/exaudi.org\\\/es\\\/gestacion-subrogada-espana-endurece-registro-extranjero\\\/#primaryimage\"},\"image\":{\"@id\":\"https:\\\/\\\/exaudi.org\\\/es\\\/gestacion-subrogada-espana-endurece-registro-extranjero\\\/#primaryimage\"},\"thumbnailUrl\":\"https:\\\/\\\/exaudi.org\\\/wp-content\\\/uploads\\\/2025\\\/05\\\/lobo-1-scaled.jpg-scaled.jpg\",\"datePublished\":\"2025-05-20T07:00:03+00:00\",\"dateModified\":\"2025-05-20T07:30:41+00:00\",\"author\":{\"@id\":\"https:\\\/\\\/exaudi.org\\\/#\\\/schema\\\/person\\\/05d1c06e56ecb5490e9bff0d27026595\"},\"breadcrumb\":{\"@id\":\"https:\\\/\\\/exaudi.org\\\/es\\\/gestacion-subrogada-espana-endurece-registro-extranjero\\\/#breadcrumb\"},\"inLanguage\":\"es\",\"potentialAction\":[{\"@type\":\"ReadAction\",\"target\":[\"https:\\\/\\\/exaudi.org\\\/es\\\/gestacion-subrogada-espana-endurece-registro-extranjero\\\/\"]}]},{\"@type\":\"ImageObject\",\"inLanguage\":\"es\",\"@id\":\"https:\\\/\\\/exaudi.org\\\/es\\\/gestacion-subrogada-espana-endurece-registro-extranjero\\\/#primaryimage\",\"url\":\"https:\\\/\\\/exaudi.org\\\/wp-content\\\/uploads\\\/2025\\\/05\\\/lobo-1-scaled.jpg-scaled.jpg\",\"contentUrl\":\"https:\\\/\\\/exaudi.org\\\/wp-content\\\/uploads\\\/2025\\\/05\\\/lobo-1-scaled.jpg-scaled.jpg\",\"width\":2560,\"height\":994},{\"@type\":\"BreadcrumbList\",\"@id\":\"https:\\\/\\\/exaudi.org\\\/es\\\/gestacion-subrogada-espana-endurece-registro-extranjero\\\/#breadcrumb\",\"itemListElement\":[{\"@type\":\"ListItem\",\"position\":1,\"name\":\"Portada\",\"item\":\"https:\\\/\\\/exaudi.org\\\/es\\\/\"},{\"@type\":\"ListItem\",\"position\":2,\"name\":\"Gestaci\u00f3n subrogada: Espa\u00f1a endurece el registro de nacimientos realizados en el extranjero\"}]},{\"@type\":\"WebSite\",\"@id\":\"https:\\\/\\\/exaudi.org\\\/#website\",\"url\":\"https:\\\/\\\/exaudi.org\\\/\",\"name\":\"Exaudi\",\"description\":\"News\",\"potentialAction\":[{\"@type\":\"SearchAction\",\"target\":{\"@type\":\"EntryPoint\",\"urlTemplate\":\"https:\\\/\\\/exaudi.org\\\/?s={search_term_string}\"},\"query-input\":{\"@type\":\"PropertyValueSpecification\",\"valueRequired\":true,\"valueName\":\"search_term_string\"}}],\"inLanguage\":\"es\"},{\"@type\":\"Person\",\"@id\":\"https:\\\/\\\/exaudi.org\\\/#\\\/schema\\\/person\\\/05d1c06e56ecb5490e9bff0d27026595\",\"name\":\"Observatorio de Bio\u00e9tica UCV\",\"image\":{\"@type\":\"ImageObject\",\"inLanguage\":\"es\",\"@id\":\"https:\\\/\\\/secure.gravatar.com\\\/avatar\\\/086563f59595a89fb0851de25d712a03657b1cdfa8af3c9cd0a1ee122fc5d596?s=96&d=mm&r=g\",\"url\":\"https:\\\/\\\/secure.gravatar.com\\\/avatar\\\/086563f59595a89fb0851de25d712a03657b1cdfa8af3c9cd0a1ee122fc5d596?s=96&d=mm&r=g\",\"contentUrl\":\"https:\\\/\\\/secure.gravatar.com\\\/avatar\\\/086563f59595a89fb0851de25d712a03657b1cdfa8af3c9cd0a1ee122fc5d596?s=96&d=mm&r=g\",\"caption\":\"Observatorio de Bio\u00e9tica UCV\"},\"description\":\"El Observatorio de Bio\u00e9tica se encuentra dentro del Instituto Ciencias de la vida de la Universidad Cat\u00f3lica de Valencia \u201cSan Vicente M\u00e1rtir\u201d . En el trasfondo de sus publicaciones, se defiende la vida humana desde la fecundaci\u00f3n a la muerte natural y la dignidad de la persona, teniendo como objetivo aunar esfuerzos para difundir la cultura de la vida como la define la Evangelium Vitae.\",\"sameAs\":[\"https:\\\/\\\/www.observatoriobioetica.org\\\/\",\"https:\\\/\\\/www.facebook.com\\\/observatoriodebioetica\\\/\",\"https:\\\/\\\/x.com\\\/obioetica\",\"https:\\\/\\\/www.youtube.com\\\/channel\\\/UC_Tr4WS5-TXoNo5e1MdQc7w\"],\"url\":\"https:\\\/\\\/exaudi.org\\\/es\\\/author\\\/observatoriodebioeticaucv\\\/\"}]}<\/script>\n<!-- \/ Yoast SEO plugin. -->","yoast_head_json":{"title":"Gestaci\u00f3n subrogada: Espa\u00f1a endurece el registro de nacimientos realizados en el extranjero &#8211; Exaudi","robots":{"index":"index","follow":"follow","max-snippet":"max-snippet:-1","max-image-preview":"max-image-preview:large","max-video-preview":"max-video-preview:-1"},"canonical":"https:\/\/exaudi.org\/es\/gestacion-subrogada-espana-endurece-registro-extranjero\/","og_locale":"es_ES","og_type":"article","og_title":"Gestaci\u00f3n subrogada: Espa\u00f1a endurece el registro de nacimientos realizados en el extranjero &#8211; Exaudi","og_description":"Informe sobre la Instrucci\u00f3n de 28 de abril de 2025 de la Direcci\u00f3n General de Seguridad Jur\u00eddica y Fe P\u00fablica sobre la filiaci\u00f3n registral de nacimientos por gestaci\u00f3n subrogada","og_url":"https:\/\/exaudi.org\/es\/gestacion-subrogada-espana-endurece-registro-extranjero\/","og_site_name":"Exaudi","article_publisher":"https:\/\/www.facebook.com\/ExaudiNews","article_author":"https:\/\/www.facebook.com\/observatoriodebioetica\/","article_published_time":"2025-05-20T07:00:03+00:00","article_modified_time":"2025-05-20T07:30:41+00:00","og_image":[{"width":2560,"height":994,"url":"https:\/\/exaudi.org\/wp-content\/uploads\/2025\/05\/lobo-1-scaled.jpg-scaled.jpg","type":"image\/jpeg"}],"author":"Observatorio de Bio\u00e9tica UCV","twitter_card":"summary_large_image","twitter_creator":"@obioetica","twitter_site":"@Exaudi_News","twitter_misc":{"Escrito por":"Observatorio de Bio\u00e9tica UCV","Tiempo de lectura":"4 minutos"},"schema":{"@context":"https:\/\/schema.org","@graph":[{"@type":"Article","@id":"https:\/\/exaudi.org\/es\/gestacion-subrogada-espana-endurece-registro-extranjero\/#article","isPartOf":{"@id":"https:\/\/exaudi.org\/es\/gestacion-subrogada-espana-endurece-registro-extranjero\/"},"author":{"name":"Observatorio de Bio\u00e9tica UCV","@id":"https:\/\/exaudi.org\/#\/schema\/person\/05d1c06e56ecb5490e9bff0d27026595"},"headline":"Gestaci\u00f3n subrogada: Espa\u00f1a endurece el registro de nacimientos realizados en el extranjero","datePublished":"2025-05-20T07:00:03+00:00","dateModified":"2025-05-20T07:30:41+00:00","mainEntityOfPage":{"@id":"https:\/\/exaudi.org\/es\/gestacion-subrogada-espana-endurece-registro-extranjero\/"},"wordCount":722,"image":{"@id":"https:\/\/exaudi.org\/es\/gestacion-subrogada-espana-endurece-registro-extranjero\/#primaryimage"},"thumbnailUrl":"https:\/\/exaudi.org\/wp-content\/uploads\/2025\/05\/lobo-1-scaled.jpg-scaled.jpg","keywords":["adopci\u00f3n en Espa\u00f1a","Bio\u00e9tica","contratos de gestaci\u00f3n","derecho familiar","derechos del menor","filiaci\u00f3n biol\u00f3gica","filiaci\u00f3n registral","gestaci\u00f3n subrogada","Instrucci\u00f3n 28 abril 2025","legislaci\u00f3n espa\u00f1ola","maternidad subrogada","nulidad contrato gestaci\u00f3n subrogada","Observatorio de Bio\u00e9tica de la Universidad Cat\u00f3lica de Valencia","orden p\u00fablico jur\u00eddico","protecci\u00f3n mujer gestante","Registro Civil Espa\u00f1a","Reproducci\u00f3n asistida","sentencia 1626\/2024","Tr\u00e1fico de menores","Tribunal Supremo Espa\u00f1a","violencia contra la mujer"],"articleSection":["Iglesia y Mundo"],"inLanguage":"es"},{"@type":"WebPage","@id":"https:\/\/exaudi.org\/es\/gestacion-subrogada-espana-endurece-registro-extranjero\/","url":"https:\/\/exaudi.org\/es\/gestacion-subrogada-espana-endurece-registro-extranjero\/","name":"Gestaci\u00f3n subrogada: Espa\u00f1a endurece el registro de nacimientos realizados en el extranjero &#8211; Exaudi","isPartOf":{"@id":"https:\/\/exaudi.org\/#website"},"primaryImageOfPage":{"@id":"https:\/\/exaudi.org\/es\/gestacion-subrogada-espana-endurece-registro-extranjero\/#primaryimage"},"image":{"@id":"https:\/\/exaudi.org\/es\/gestacion-subrogada-espana-endurece-registro-extranjero\/#primaryimage"},"thumbnailUrl":"https:\/\/exaudi.org\/wp-content\/uploads\/2025\/05\/lobo-1-scaled.jpg-scaled.jpg","datePublished":"2025-05-20T07:00:03+00:00","dateModified":"2025-05-20T07:30:41+00:00","author":{"@id":"https:\/\/exaudi.org\/#\/schema\/person\/05d1c06e56ecb5490e9bff0d27026595"},"breadcrumb":{"@id":"https:\/\/exaudi.org\/es\/gestacion-subrogada-espana-endurece-registro-extranjero\/#breadcrumb"},"inLanguage":"es","potentialAction":[{"@type":"ReadAction","target":["https:\/\/exaudi.org\/es\/gestacion-subrogada-espana-endurece-registro-extranjero\/"]}]},{"@type":"ImageObject","inLanguage":"es","@id":"https:\/\/exaudi.org\/es\/gestacion-subrogada-espana-endurece-registro-extranjero\/#primaryimage","url":"https:\/\/exaudi.org\/wp-content\/uploads\/2025\/05\/lobo-1-scaled.jpg-scaled.jpg","contentUrl":"https:\/\/exaudi.org\/wp-content\/uploads\/2025\/05\/lobo-1-scaled.jpg-scaled.jpg","width":2560,"height":994},{"@type":"BreadcrumbList","@id":"https:\/\/exaudi.org\/es\/gestacion-subrogada-espana-endurece-registro-extranjero\/#breadcrumb","itemListElement":[{"@type":"ListItem","position":1,"name":"Portada","item":"https:\/\/exaudi.org\/es\/"},{"@type":"ListItem","position":2,"name":"Gestaci\u00f3n subrogada: Espa\u00f1a endurece el registro de nacimientos realizados en el extranjero"}]},{"@type":"WebSite","@id":"https:\/\/exaudi.org\/#website","url":"https:\/\/exaudi.org\/","name":"Exaudi","description":"News","potentialAction":[{"@type":"SearchAction","target":{"@type":"EntryPoint","urlTemplate":"https:\/\/exaudi.org\/?s={search_term_string}"},"query-input":{"@type":"PropertyValueSpecification","valueRequired":true,"valueName":"search_term_string"}}],"inLanguage":"es"},{"@type":"Person","@id":"https:\/\/exaudi.org\/#\/schema\/person\/05d1c06e56ecb5490e9bff0d27026595","name":"Observatorio de Bio\u00e9tica UCV","image":{"@type":"ImageObject","inLanguage":"es","@id":"https:\/\/secure.gravatar.com\/avatar\/086563f59595a89fb0851de25d712a03657b1cdfa8af3c9cd0a1ee122fc5d596?s=96&d=mm&r=g","url":"https:\/\/secure.gravatar.com\/avatar\/086563f59595a89fb0851de25d712a03657b1cdfa8af3c9cd0a1ee122fc5d596?s=96&d=mm&r=g","contentUrl":"https:\/\/secure.gravatar.com\/avatar\/086563f59595a89fb0851de25d712a03657b1cdfa8af3c9cd0a1ee122fc5d596?s=96&d=mm&r=g","caption":"Observatorio de Bio\u00e9tica UCV"},"description":"El Observatorio de Bio\u00e9tica se encuentra dentro del Instituto Ciencias de la vida de la Universidad Cat\u00f3lica de Valencia \u201cSan Vicente M\u00e1rtir\u201d . En el trasfondo de sus publicaciones, se defiende la vida humana desde la fecundaci\u00f3n a la muerte natural y la dignidad de la persona, teniendo como objetivo aunar esfuerzos para difundir la cultura de la vida como la define la Evangelium Vitae.","sameAs":["https:\/\/www.observatoriobioetica.org\/","https:\/\/www.facebook.com\/observatoriodebioetica\/","https:\/\/x.com\/obioetica","https:\/\/www.youtube.com\/channel\/UC_Tr4WS5-TXoNo5e1MdQc7w"],"url":"https:\/\/exaudi.org\/es\/author\/observatoriodebioeticaucv\/"}]}},"jetpack_featured_media_url":"https:\/\/exaudi.org\/wp-content\/uploads\/2025\/05\/lobo-1-scaled.jpg-scaled.jpg","jetpack_shortlink":"https:\/\/wp.me\/pgKjF2-wTu","_links":{"self":[{"href":"https:\/\/exaudi.org\/es\/wp-json\/wp\/v2\/posts\/126448","targetHints":{"allow":["GET"]}}],"collection":[{"href":"https:\/\/exaudi.org\/es\/wp-json\/wp\/v2\/posts"}],"about":[{"href":"https:\/\/exaudi.org\/es\/wp-json\/wp\/v2\/types\/post"}],"author":[{"embeddable":true,"href":"https:\/\/exaudi.org\/es\/wp-json\/wp\/v2\/users\/87"}],"replies":[{"embeddable":true,"href":"https:\/\/exaudi.org\/es\/wp-json\/wp\/v2\/comments?post=126448"}],"version-history":[{"count":0,"href":"https:\/\/exaudi.org\/es\/wp-json\/wp\/v2\/posts\/126448\/revisions"}],"wp:featuredmedia":[{"embeddable":true,"href":"https:\/\/exaudi.org\/es\/wp-json\/wp\/v2\/media\/126449"}],"wp:attachment":[{"href":"https:\/\/exaudi.org\/es\/wp-json\/wp\/v2\/media?parent=126448"}],"wp:term":[{"taxonomy":"category","embeddable":true,"href":"https:\/\/exaudi.org\/es\/wp-json\/wp\/v2\/categories?post=126448"},{"taxonomy":"post_tag","embeddable":true,"href":"https:\/\/exaudi.org\/es\/wp-json\/wp\/v2\/tags?post=126448"}],"curies":[{"name":"wp","href":"https:\/\/api.w.org\/{rel}","templated":true}]}}