{"id":126217,"date":"2025-05-16T09:46:57","date_gmt":"2025-05-16T07:46:57","guid":{"rendered":"https:\/\/exaudi.org\/?p=126217"},"modified":"2025-05-16T09:58:08","modified_gmt":"2025-05-16T07:58:08","slug":"familias-vertical-generacion-sandwich-laetare","status":"publish","type":"post","link":"https:\/\/exaudi.org\/es\/familias-vertical-generacion-sandwich-laetare\/","title":{"rendered":"Familias en Vertical: El Reto de la Generaci\u00f3n S\u00e1ndwich"},"content":{"rendered":"<h3 class=\"\" data-start=\"237\" data-end=\"287\"><strong>De la Familia Nuclear a la Familia Vertical<\/strong><\/h3>\n<p class=\"\" data-start=\"289\" data-end=\"528\"><span class=\"relative -mx-px my-[-0.2rem] rounded px-px py-[0.2rem] transition-colors duration-100 ease-in-out\">En las \u00faltimas d\u00e9cadas, las familias han cambiado su forma y estructura.<\/span> <span class=\"relative -mx-px my-[-0.2rem] rounded px-px py-[0.2rem] transition-colors duration-100 ease-in-out\">Antes predominaban las familias nucleares, compuestas por padres e hijos.<\/span> <span class=\"relative -mx-px my-[-0.2rem] rounded px-px py-[0.2rem] transition-colors duration-100 ease-in-out\">Hoy, muchas familias son m\u00e1s peque\u00f1as en n\u00famero de miembros, pero incluyen varias generaciones conviviendo juntas: abuelos, padres, hijos e incluso bisnietos.<\/span> <span class=\"relative -mx-px my-[-0.2rem] rounded px-px py-[0.2rem] transition-colors duration-100 ease-in-out\">Este fen\u00f3meno se conoce como \u00abfamilias verticales\u00bb o \u00abfamilias alargadas\u00bb<\/span> .<\/p>\n<p><iframe title=\"Spotify Embed: Familias en Vertical: El Reto de la Generaci\u00f3n S\u00e1ndwich\" style=\"border-radius: 12px\" width=\"100%\" height=\"152\" frameborder=\"0\" allowfullscreen allow=\"autoplay; clipboard-write; encrypted-media; fullscreen; picture-in-picture\" loading=\"lazy\" src=\"https:\/\/open.spotify.com\/embed\/episode\/0Um4aoKOalghabhU3oiQ03?si=f203ab2a3163408a&#038;utm_source=oembed\"><\/iframe><\/p>\n<p class=\"\" data-start=\"530\" data-end=\"608\"><span class=\"relative -mx-px my-[-0.2rem] rounded px-px py-[0.2rem] transition-colors duration-100 ease-in-out\">Este cambio se debe a varios factores:<\/span><\/p>\n<ul data-start=\"610\" data-end=\"895\">\n<li class=\"\" data-start=\"610\" data-end=\"690\">\n<p class=\"\" data-start=\"612\" data-end=\"690\"><span class=\"relative -mx-px my-[-0.2rem] rounded px-px py-[0.2rem] transition-colors duration-100 ease-in-out\"><strong data-start=\"0\" data-end=\"36\" data-is-only-node=\"\">Aumento de la esperanza de vida:<\/strong> Las personas viven m\u00e1s a\u00f1os, lo que permite que varias generaciones coexistan.<\/span><\/p>\n<\/li>\n<li class=\"\" data-start=\"692\" data-end=\"813\">\n<p class=\"\" data-start=\"694\" data-end=\"813\"><span class=\"relative -mx-px my-[-0.2rem] rounded px-px py-[0.2rem] transition-colors duration-100 ease-in-out\"><strong data-start=\"0\" data-end=\"29\" data-is-only-node=\"\">Retraso en la maternidad:<\/strong> Las mujeres tienen hijos a edades m\u00e1s avanzadas, lo que solapa las etapas de crianza con el cuidado de los padres mayores<\/span> .<\/p>\n<\/li>\n<li class=\"\" data-start=\"815\" data-end=\"895\">\n<p class=\"\" data-start=\"817\" data-end=\"895\"><span class=\"relative -mx-px my-[-0.2rem] rounded px-px py-[0.2rem] transition-colors duration-100 ease-in-out\"><strong data-start=\"0\" data-end=\"26\" data-is-only-node=\"\">Menor n\u00famero de hijos:<\/strong> Las familias tienen menos hijos, lo que reduce el n\u00famero de cuidadores potenciales.<\/span><\/p>\n<\/li>\n<\/ul>\n<p class=\"\" data-start=\"897\" data-end=\"975\"><span class=\"relative -mx-px my-[-0.2rem] rounded px-px py-[0.2rem] transition-colors duration-100 ease-in-out\">Estos cambios han dado lugar a nuevas din\u00e1micas familiares y desaf\u00edos, especialmente para quienes se encuentran en el centro de esta estructura: la llamada \u00abgeneraci\u00f3n s\u00e1ndwich\u00bb.<\/span><\/p>\n<h3 class=\"\" data-start=\"982\" data-end=\"1035\"><strong>La Generaci\u00f3n S\u00e1ndwich: Cuidadores en el Medio<\/strong><\/h3>\n<p class=\"\" data-start=\"1037\" data-end=\"1196\"><span class=\"relative -mx-px my-[-0.2rem] rounded px-px py-[0.2rem] transition-colors duration-100 ease-in-out\">El t\u00e9rmino \u00abgeneraci\u00f3n s\u00e1ndwich\u00bb describe a las personas que, al mismo tiempo, cuidan de sus hijos y de sus padres mayores.<\/span> <span class=\"relative -mx-px my-[-0.2rem] rounded px-px py-[0.2rem] transition-colors duration-100 ease-in-out\">Generalmente, se trata de adultos entre 35 y 55 a\u00f1os que se encuentran \u00abatrapados\u00bb entre dos generaciones que requieren atenci\u00f3n y cuidado<\/span> .<\/p>\n<p class=\"\" data-start=\"1198\" data-end=\"1276\"><span class=\"relative -mx-px my-[-0.2rem] rounded px-px py-[0.2rem] transition-colors duration-100 ease-in-out\">Esta situaci\u00f3n puede ser abrumadora:<\/span><\/p>\n<ul data-start=\"1278\" data-end=\"1563\">\n<li class=\"\" data-start=\"1278\" data-end=\"1358\">\n<p class=\"\" data-start=\"1280\" data-end=\"1358\"><span class=\"relative -mx-px my-[-0.2rem] rounded px-px py-[0.2rem] transition-colors duration-100 ease-in-out\"><strong data-start=\"0\" data-end=\"29\" data-is-only-node=\"\">Carga emocional y f\u00edsica:<\/strong> Atender las necesidades de dos generaciones puede generar estr\u00e9s, ansiedad y agotamiento.<\/span><\/p>\n<\/li>\n<li class=\"\" data-start=\"1360\" data-end=\"1481\">\n<p class=\"\" data-start=\"1362\" data-end=\"1481\"><span class=\"relative -mx-px my-[-0.2rem] rounded px-px py-[0.2rem] transition-colors duration-100 ease-in-out\"><strong data-start=\"0\" data-end=\"22\" data-is-only-node=\"\">Impacto econ\u00f3mico:<\/strong> Los gastos asociados al cuidado de hijos y padres pueden ser significativos, especialmente si se reduce la jornada laboral o se renuncia al empleo para atender estas responsabilidades<\/span>.<\/p>\n<\/li>\n<li class=\"\" data-start=\"1483\" data-end=\"1563\">\n<p class=\"\" data-start=\"1485\" data-end=\"1563\"><span class=\"relative -mx-px my-[-0.2rem] rounded px-px py-[0.2rem] transition-colors duration-100 ease-in-out\"><strong data-start=\"0\" data-end=\"29\" data-is-only-node=\"\">Falta de tiempo personal:<\/strong> Las demandas constantes pueden dejar poco espacio para el autocuidado y el descanso.<\/span><\/p>\n<\/li>\n<\/ul>\n<p class=\"\" data-start=\"1565\" data-end=\"1643\"><span class=\"relative -mx-px my-[-0.2rem] rounded px-px py-[0.2rem] transition-colors duration-100 ease-in-out\">A pesar de estos desaf\u00edos, muchas personas de la generaci\u00f3n s\u00e1ndwich encuentran sentido y prop\u00f3sito en su rol, viendo el cuidado como una expresi\u00f3n de amor y responsabilidad familiar.<\/span><\/p>\n<h3 class=\"\" data-start=\"1650\" data-end=\"1709\"><strong>Un Buen Enfoque: La Familia como Escuela de Amor<\/strong><\/h3>\n<p class=\"\" data-start=\"1711\" data-end=\"1829\"><span class=\"relative -mx-px my-[-0.2rem] rounded px-px py-[0.2rem] transition-colors duration-100 ease-in-out\">La familia es la \u00abiglesia dom\u00e9stica\u00bb, un lugar donde se vive y se transmite la fe, el amor y la solidaridad.<\/span> <span class=\"relative -mx-px my-[-0.2rem] rounded px-px py-[0.2rem] transition-colors duration-100 ease-in-out\">El cuidado de los miembros m\u00e1s vulnerables \u2014ni\u00f1os y ancianos\u2014 es una expresi\u00f3n concreta del mandamiento del amor.<\/span><\/p>\n<p class=\"\" data-start=\"1831\" data-end=\"1950\"><span class=\"relative -mx-px my-[-0.2rem] rounded px-px py-[0.2rem] transition-colors duration-100 ease-in-out\">El Papa Francisco ha enfatizado la importancia de cuidar a los ancianos, destacando que \u00abuna sociedad que no cuida a sus abuelos y no los trata bien es una sociedad sin futuro\u00bb<\/span> .<\/p>\n<p class=\"\" data-start=\"1952\" data-end=\"2030\"><span class=\"relative -mx-px my-[-0.2rem] rounded px-px py-[0.2rem] transition-colors duration-100 ease-in-out\">Asimismo, el Catecismo de la Iglesia Cat\u00f3lica se\u00f1ala que \u00abla familia es la comunidad en la que, desde la infancia, se pueden aprender los valores morales, comenzar a honrar a Dios y hacer buen uso de la libertad\u00bb (CIC 2207).<\/span><\/p>\n<p class=\"\" data-start=\"2032\" data-end=\"2110\"><span class=\"relative -mx-px my-[-0.2rem] rounded px-px py-[0.2rem] transition-colors duration-100 ease-in-out\">Por tanto, aunque los desaf\u00edos de la generaci\u00f3n s\u00e1ndwich son reales, tambi\u00e9n lo es la oportunidad de vivir el Evangelio en el d\u00eda a d\u00eda, sirviendo con amor y paciencia a los seres queridos.<\/span><\/p>\n<h3 class=\"\" data-start=\"2117\" data-end=\"2160\"><strong>Consejos para la Generaci\u00f3n S\u00e1ndwich<\/strong><\/h3>\n<ol data-start=\"2162\" data-end=\"2722\">\n<li class=\"\" data-start=\"2162\" data-end=\"2261\">\n<p class=\"\" data-start=\"2165\" data-end=\"2261\"><strong data-start=\"2165\" data-end=\"2182\">Buscar apoyo:<\/strong> <span class=\"relative -mx-px my-[-0.2rem] rounded px-px py-[0.2rem] transition-colors duration-100 ease-in-out\">No est\u00e1s solo. Comparte tus experiencias con otros en situaciones similares, ya sea en grupos parroquiales, comunidades de fe o redes de apoyo.<\/span><\/p>\n<\/li>\n<li class=\"\" data-start=\"2263\" data-end=\"2376\">\n<p class=\"\" data-start=\"2266\" data-end=\"2376\"><strong data-start=\"2266\" data-end=\"2295\">Practicar el autocuidado:<\/strong> <span class=\"relative -mx-px my-[-0.2rem] rounded px-px py-[0.2rem] transition-colors duration-100 ease-in-out\">Dedica tiempo a ti mismo para descansar, rezar y recargar energ\u00edas. Recuerda que para cuidar de otros, primero debes \u00abcuidar\u00bb de ti.<\/span><\/p>\n<\/li>\n<li class=\"\" data-start=\"2378\" data-end=\"2487\">\n<p class=\"\" data-start=\"2381\" data-end=\"2487\"><strong data-start=\"2381\" data-end=\"2404\">Establecer l\u00edmites:<\/strong> <span class=\"relative -mx-px my-[-0.2rem] rounded px-px py-[0.2rem] transition-colors duration-100 ease-in-out\">Es importante reconocer tus l\u00edmites y comunicar tus necesidades a los dem\u00e1s miembros de la familia.<\/span><\/p>\n<\/li>\n<li class=\"\" data-start=\"2489\" data-end=\"2610\">\n<p class=\"\" data-start=\"2492\" data-end=\"2610\"><strong data-start=\"2492\" data-end=\"2527\">Fomentar la corresponsabilidad:<\/strong> <span class=\"relative -mx-px my-[-0.2rem] rounded px-px py-[0.2rem] transition-colors duration-100 ease-in-out\">Involucra a otros miembros de la familia en las tareas de cuidado. La carga compartida es m\u00e1s llevadera.<\/span><\/p>\n<\/li>\n<li class=\"\" data-start=\"2612\" data-end=\"2722\">\n<p class=\"\" data-start=\"2615\" data-end=\"2722\"><strong data-start=\"2615\" data-end=\"2639\">Acudir a la oraci\u00f3n:<\/strong> <span class=\"relative -mx-px my-[-0.2rem] rounded px-px py-[0.2rem] transition-colors duration-100 ease-in-out\">La oraci\u00f3n puede ser una fuente de fortaleza y consuelo. Pide a Dios sabidur\u00eda y paciencia para afrontar cada d\u00eda.<\/span><\/p>\n<\/li>\n<\/ol>\n<h3 class=\"\" data-start=\"2729\" data-end=\"2787\"><strong>Una Familia Unida es una Familia Fuerte<\/strong><\/h3>\n<p class=\"\" data-start=\"2789\" data-end=\"2913\"><span class=\"relative -mx-px my-[-0.2rem] rounded px-px py-[0.2rem] transition-colors duration-100 ease-in-out\">Las familias est\u00e1n cambiando, y con ello, los roles y responsabilidades de sus miembros.<\/span> <span class=\"relative -mx-px my-[-0.2rem] rounded px-px py-[0.2rem] transition-colors duration-100 ease-in-out\">La generaci\u00f3n s\u00e1ndwich enfrenta desaf\u00edos \u00fanicos, pero tambi\u00e9n tiene la oportunidad de vivir el amor cristiano de manera profunda y tangible.<\/span><\/p>\n<p class=\"\" data-start=\"2915\" data-end=\"3039\"><span class=\"relative -mx-px my-[-0.2rem] rounded px-px py-[0.2rem] transition-colors duration-100 ease-in-out\">Recordemos que, como dice el Salmo 133:1, \u00ab\u00a1Qu\u00e9 bueno y agradable es que los hermanos vivan unidos!\u00bb<\/span> <span class=\"relative -mx-px my-[-0.2rem] rounded px-px py-[0.2rem] transition-colors duration-100 ease-in-out\">En la unidad familiar, encontramos la fuerza para superar las dificultades y la gracia para crecer en el amor.<\/span><\/p>\n<p class=\"\" data-start=\"3041\" data-end=\"3165\"><span class=\"relative -mx-px my-[-0.2rem] rounded px-px py-[0.2rem] transition-colors duration-100 ease-in-out\">As\u00ed que, si te encuentras en medio de este \u00abs\u00e1ndwich\u00bb generacional, no te desanimes.<\/span> <span class=\"relative -mx-px my-[-0.2rem] rounded px-px py-[0.2rem] transition-colors duration-100 ease-in-out\">Con fe, apoyo y amor, puedes convertir este desaf\u00edo en una bendici\u00f3n para ti y para tu familia.<\/span><\/p>\n<p data-start=\"3041\" data-end=\"3165\"><img loading=\"lazy\" decoding=\"async\" class=\"size-full wp-image-126221 alignnone\" src=\"https:\/\/exaudi.org\/wp-content\/uploads\/2025\/05\/Laetare.jpg\" alt=\"\" width=\"940\" height=\"788\" srcset=\"https:\/\/exaudi.org\/wp-content\/uploads\/2025\/05\/Laetare.jpg 940w, https:\/\/exaudi.org\/wp-content\/uploads\/2025\/05\/Laetare-300x251.jpg 300w, https:\/\/exaudi.org\/wp-content\/uploads\/2025\/05\/Laetare-770x645.jpg 770w, https:\/\/exaudi.org\/wp-content\/uploads\/2025\/05\/Laetare-500x419.jpg 500w\" sizes=\"auto, (max-width: 940px) 100vw, 940px\" \/><\/p>\n","protected":false},"excerpt":{"rendered":"<p>Cuando las familias se hacen m\u00e1s peque\u00f1as pero m\u00e1s largas, y cuidar se convierte en una vocaci\u00f3n compartida entre generaciones<\/p>\n","protected":false},"author":154,"featured_media":126218,"comment_status":"closed","ping_status":"closed","sticky":false,"template":"","format":"standard","meta":{"_acf_changed":false,"_crdt_document":"","inline_featured_image":false,"footnotes":""},"categories":[72],"tags":[59588,59594,59593,59592,59591,59590,59596,59597,41623,59587,59589,623,32946,59595,44066,4953,19018],"class_list":["post-126217","post","type-post","status-publish","format-standard","has-post-thumbnail","hentry","category-analisis","tag-alargadas","tag-apoyo-intergeneracional","tag-cambios-en-la-familia","tag-convivencia-generacional","tag-cuidado-de-hijos","tag-cuidado-de-mayores","tag-cuidados-familiares","tag-estructura-familiar-moderna","tag-familia-catolica","tag-familias-pequenas","tag-generacion-sandwich","tag-iglesia-domestica","tag-laetare","tag-relacion-abuelos-padres-hijos","tag-solidaridad-familiar","tag-trending-es","tag-valores-familiares"],"acf":[],"yoast_head":"<!-- This site is optimized with the Yoast SEO plugin v27.4 - https:\/\/yoast.com\/product\/yoast-seo-wordpress\/ -->\n<title>Familias en Vertical: El Reto de la Generaci\u00f3n S\u00e1ndwich &#8211; Exaudi<\/title>\n<meta name=\"robots\" content=\"index, follow, max-snippet:-1, max-image-preview:large, max-video-preview:-1\" \/>\n<link rel=\"canonical\" href=\"https:\/\/exaudi.org\/es\/familias-vertical-generacion-sandwich-laetare\/\" \/>\n<meta property=\"og:locale\" content=\"es_ES\" \/>\n<meta property=\"og:type\" content=\"article\" \/>\n<meta property=\"og:title\" content=\"Familias en Vertical: El Reto de la Generaci\u00f3n S\u00e1ndwich &#8211; Exaudi\" \/>\n<meta property=\"og:description\" content=\"Cuando las familias se hacen m\u00e1s peque\u00f1as pero m\u00e1s largas, y cuidar se convierte en una vocaci\u00f3n compartida entre generaciones\" \/>\n<meta property=\"og:url\" content=\"https:\/\/exaudi.org\/es\/familias-vertical-generacion-sandwich-laetare\/\" \/>\n<meta property=\"og:site_name\" content=\"Exaudi\" \/>\n<meta property=\"article:publisher\" content=\"https:\/\/www.facebook.com\/ExaudiNews\" \/>\n<meta property=\"article:published_time\" content=\"2025-05-16T07:46:57+00:00\" \/>\n<meta property=\"article:modified_time\" content=\"2025-05-16T07:58:08+00:00\" \/>\n<meta property=\"og:image\" content=\"https:\/\/exaudi.org\/wp-content\/uploads\/2025\/05\/zhuojun-yu-V6eu9ymNwBI-unsplash-scaled.jpg\" \/>\n\t<meta property=\"og:image:width\" content=\"2560\" \/>\n\t<meta property=\"og:image:height\" content=\"1706\" \/>\n\t<meta property=\"og:image:type\" content=\"image\/jpeg\" \/>\n<meta name=\"author\" content=\"Laetare\" \/>\n<meta name=\"twitter:card\" content=\"summary_large_image\" \/>\n<meta name=\"twitter:creator\" content=\"@Exaudi_News\" \/>\n<meta name=\"twitter:site\" content=\"@Exaudi_News\" \/>\n<meta name=\"twitter:label1\" content=\"Escrito por\" \/>\n\t<meta name=\"twitter:data1\" content=\"Laetare\" \/>\n\t<meta name=\"twitter:label2\" content=\"Tiempo de lectura\" \/>\n\t<meta name=\"twitter:data2\" content=\"4 minutos\" \/>\n<script type=\"application\/ld+json\" class=\"yoast-schema-graph\">{\"@context\":\"https:\\\/\\\/schema.org\",\"@graph\":[{\"@type\":\"Article\",\"@id\":\"https:\\\/\\\/exaudi.org\\\/es\\\/familias-vertical-generacion-sandwich-laetare\\\/#article\",\"isPartOf\":{\"@id\":\"https:\\\/\\\/exaudi.org\\\/es\\\/familias-vertical-generacion-sandwich-laetare\\\/\"},\"author\":{\"name\":\"Laetare\",\"@id\":\"https:\\\/\\\/exaudi.org\\\/#\\\/schema\\\/person\\\/b4f60770b050db60868378f3d473b3d4\"},\"headline\":\"Familias en Vertical: El Reto de la Generaci\u00f3n S\u00e1ndwich\",\"datePublished\":\"2025-05-16T07:46:57+00:00\",\"dateModified\":\"2025-05-16T07:58:08+00:00\",\"mainEntityOfPage\":{\"@id\":\"https:\\\/\\\/exaudi.org\\\/es\\\/familias-vertical-generacion-sandwich-laetare\\\/\"},\"wordCount\":767,\"image\":{\"@id\":\"https:\\\/\\\/exaudi.org\\\/es\\\/familias-vertical-generacion-sandwich-laetare\\\/#primaryimage\"},\"thumbnailUrl\":\"https:\\\/\\\/exaudi.org\\\/wp-content\\\/uploads\\\/2025\\\/05\\\/zhuojun-yu-V6eu9ymNwBI-unsplash-scaled.jpg\",\"keywords\":[\"alargadas\",\"apoyo intergeneracional\",\"cambios en la familia\",\"convivencia generacional\",\"cuidado de hijos\",\"cuidado de mayores\",\"cuidados familiares\",\"estructura familiar moderna\",\"familia cat\u00f3lica\",\"familias peque\u00f1as\",\"generaci\u00f3n s\u00e1ndwich\",\"Iglesia dom\u00e9stica\",\"Laetare\",\"relaci\u00f3n abuelos padres hijos\",\"solidaridad familiar\",\"Trending\",\"valores familiares\"],\"articleSection\":[\"An\u00e1lisis\"],\"inLanguage\":\"es\"},{\"@type\":\"WebPage\",\"@id\":\"https:\\\/\\\/exaudi.org\\\/es\\\/familias-vertical-generacion-sandwich-laetare\\\/\",\"url\":\"https:\\\/\\\/exaudi.org\\\/es\\\/familias-vertical-generacion-sandwich-laetare\\\/\",\"name\":\"Familias en Vertical: El Reto de la Generaci\u00f3n S\u00e1ndwich &#8211; Exaudi\",\"isPartOf\":{\"@id\":\"https:\\\/\\\/exaudi.org\\\/#website\"},\"primaryImageOfPage\":{\"@id\":\"https:\\\/\\\/exaudi.org\\\/es\\\/familias-vertical-generacion-sandwich-laetare\\\/#primaryimage\"},\"image\":{\"@id\":\"https:\\\/\\\/exaudi.org\\\/es\\\/familias-vertical-generacion-sandwich-laetare\\\/#primaryimage\"},\"thumbnailUrl\":\"https:\\\/\\\/exaudi.org\\\/wp-content\\\/uploads\\\/2025\\\/05\\\/zhuojun-yu-V6eu9ymNwBI-unsplash-scaled.jpg\",\"datePublished\":\"2025-05-16T07:46:57+00:00\",\"dateModified\":\"2025-05-16T07:58:08+00:00\",\"author\":{\"@id\":\"https:\\\/\\\/exaudi.org\\\/#\\\/schema\\\/person\\\/b4f60770b050db60868378f3d473b3d4\"},\"breadcrumb\":{\"@id\":\"https:\\\/\\\/exaudi.org\\\/es\\\/familias-vertical-generacion-sandwich-laetare\\\/#breadcrumb\"},\"inLanguage\":\"es\",\"potentialAction\":[{\"@type\":\"ReadAction\",\"target\":[\"https:\\\/\\\/exaudi.org\\\/es\\\/familias-vertical-generacion-sandwich-laetare\\\/\"]}]},{\"@type\":\"ImageObject\",\"inLanguage\":\"es\",\"@id\":\"https:\\\/\\\/exaudi.org\\\/es\\\/familias-vertical-generacion-sandwich-laetare\\\/#primaryimage\",\"url\":\"https:\\\/\\\/exaudi.org\\\/wp-content\\\/uploads\\\/2025\\\/05\\\/zhuojun-yu-V6eu9ymNwBI-unsplash-scaled.jpg\",\"contentUrl\":\"https:\\\/\\\/exaudi.org\\\/wp-content\\\/uploads\\\/2025\\\/05\\\/zhuojun-yu-V6eu9ymNwBI-unsplash-scaled.jpg\",\"width\":2560,\"height\":1706,\"caption\":\"Zhuojun Yu . Unsplash\"},{\"@type\":\"BreadcrumbList\",\"@id\":\"https:\\\/\\\/exaudi.org\\\/es\\\/familias-vertical-generacion-sandwich-laetare\\\/#breadcrumb\",\"itemListElement\":[{\"@type\":\"ListItem\",\"position\":1,\"name\":\"Portada\",\"item\":\"https:\\\/\\\/exaudi.org\\\/es\\\/\"},{\"@type\":\"ListItem\",\"position\":2,\"name\":\"Familias en Vertical: El Reto de la Generaci\u00f3n S\u00e1ndwich\"}]},{\"@type\":\"WebSite\",\"@id\":\"https:\\\/\\\/exaudi.org\\\/#website\",\"url\":\"https:\\\/\\\/exaudi.org\\\/\",\"name\":\"Exaudi\",\"description\":\"News\",\"potentialAction\":[{\"@type\":\"SearchAction\",\"target\":{\"@type\":\"EntryPoint\",\"urlTemplate\":\"https:\\\/\\\/exaudi.org\\\/?s={search_term_string}\"},\"query-input\":{\"@type\":\"PropertyValueSpecification\",\"valueRequired\":true,\"valueName\":\"search_term_string\"}}],\"inLanguage\":\"es\"},{\"@type\":\"Person\",\"@id\":\"https:\\\/\\\/exaudi.org\\\/#\\\/schema\\\/person\\\/b4f60770b050db60868378f3d473b3d4\",\"name\":\"Laetare\",\"image\":{\"@type\":\"ImageObject\",\"inLanguage\":\"es\",\"@id\":\"https:\\\/\\\/secure.gravatar.com\\\/avatar\\\/239ae5fc763d8bf7c26706d150679faa0bec9e2d51089775f40e9decb4806f15?s=96&d=mm&r=g\",\"url\":\"https:\\\/\\\/secure.gravatar.com\\\/avatar\\\/239ae5fc763d8bf7c26706d150679faa0bec9e2d51089775f40e9decb4806f15?s=96&d=mm&r=g\",\"contentUrl\":\"https:\\\/\\\/secure.gravatar.com\\\/avatar\\\/239ae5fc763d8bf7c26706d150679faa0bec9e2d51089775f40e9decb4806f15?s=96&d=mm&r=g\",\"caption\":\"Laetare\"},\"description\":\"Laetare es una asociaci\u00f3n fundada por Gabriel N\u00fa\u00f1ez, nacida en Sevilla con el prop\u00f3sito de defender y promover el desarrollo integral de la familia cristiana. Su actividad se organiza en cuatro ejes fundamentales: sensibilizar, orar, formar y servir. La asociaci\u00f3n trabaja en la preservaci\u00f3n de la familia como pilar de la sociedad, ofreciendo formaci\u00f3n especializada, retiros espirituales y apoyo integral a matrimonios en crisis, con un enfoque basado en la doctrina cat\u00f3lica y la acci\u00f3n comunitaria.\",\"url\":\"https:\\\/\\\/exaudi.org\\\/es\\\/author\\\/laetare\\\/\"}]}<\/script>\n<!-- \/ Yoast SEO plugin. -->","yoast_head_json":{"title":"Familias en Vertical: El Reto de la Generaci\u00f3n S\u00e1ndwich &#8211; Exaudi","robots":{"index":"index","follow":"follow","max-snippet":"max-snippet:-1","max-image-preview":"max-image-preview:large","max-video-preview":"max-video-preview:-1"},"canonical":"https:\/\/exaudi.org\/es\/familias-vertical-generacion-sandwich-laetare\/","og_locale":"es_ES","og_type":"article","og_title":"Familias en Vertical: El Reto de la Generaci\u00f3n S\u00e1ndwich &#8211; Exaudi","og_description":"Cuando las familias se hacen m\u00e1s peque\u00f1as pero m\u00e1s largas, y cuidar se convierte en una vocaci\u00f3n compartida entre generaciones","og_url":"https:\/\/exaudi.org\/es\/familias-vertical-generacion-sandwich-laetare\/","og_site_name":"Exaudi","article_publisher":"https:\/\/www.facebook.com\/ExaudiNews","article_published_time":"2025-05-16T07:46:57+00:00","article_modified_time":"2025-05-16T07:58:08+00:00","og_image":[{"width":2560,"height":1706,"url":"https:\/\/exaudi.org\/wp-content\/uploads\/2025\/05\/zhuojun-yu-V6eu9ymNwBI-unsplash-scaled.jpg","type":"image\/jpeg"}],"author":"Laetare","twitter_card":"summary_large_image","twitter_creator":"@Exaudi_News","twitter_site":"@Exaudi_News","twitter_misc":{"Escrito por":"Laetare","Tiempo de lectura":"4 minutos"},"schema":{"@context":"https:\/\/schema.org","@graph":[{"@type":"Article","@id":"https:\/\/exaudi.org\/es\/familias-vertical-generacion-sandwich-laetare\/#article","isPartOf":{"@id":"https:\/\/exaudi.org\/es\/familias-vertical-generacion-sandwich-laetare\/"},"author":{"name":"Laetare","@id":"https:\/\/exaudi.org\/#\/schema\/person\/b4f60770b050db60868378f3d473b3d4"},"headline":"Familias en Vertical: El Reto de la Generaci\u00f3n S\u00e1ndwich","datePublished":"2025-05-16T07:46:57+00:00","dateModified":"2025-05-16T07:58:08+00:00","mainEntityOfPage":{"@id":"https:\/\/exaudi.org\/es\/familias-vertical-generacion-sandwich-laetare\/"},"wordCount":767,"image":{"@id":"https:\/\/exaudi.org\/es\/familias-vertical-generacion-sandwich-laetare\/#primaryimage"},"thumbnailUrl":"https:\/\/exaudi.org\/wp-content\/uploads\/2025\/05\/zhuojun-yu-V6eu9ymNwBI-unsplash-scaled.jpg","keywords":["alargadas","apoyo intergeneracional","cambios en la familia","convivencia generacional","cuidado de hijos","cuidado de mayores","cuidados familiares","estructura familiar moderna","familia cat\u00f3lica","familias peque\u00f1as","generaci\u00f3n s\u00e1ndwich","Iglesia dom\u00e9stica","Laetare","relaci\u00f3n abuelos padres hijos","solidaridad familiar","Trending","valores familiares"],"articleSection":["An\u00e1lisis"],"inLanguage":"es"},{"@type":"WebPage","@id":"https:\/\/exaudi.org\/es\/familias-vertical-generacion-sandwich-laetare\/","url":"https:\/\/exaudi.org\/es\/familias-vertical-generacion-sandwich-laetare\/","name":"Familias en Vertical: El Reto de la Generaci\u00f3n S\u00e1ndwich &#8211; Exaudi","isPartOf":{"@id":"https:\/\/exaudi.org\/#website"},"primaryImageOfPage":{"@id":"https:\/\/exaudi.org\/es\/familias-vertical-generacion-sandwich-laetare\/#primaryimage"},"image":{"@id":"https:\/\/exaudi.org\/es\/familias-vertical-generacion-sandwich-laetare\/#primaryimage"},"thumbnailUrl":"https:\/\/exaudi.org\/wp-content\/uploads\/2025\/05\/zhuojun-yu-V6eu9ymNwBI-unsplash-scaled.jpg","datePublished":"2025-05-16T07:46:57+00:00","dateModified":"2025-05-16T07:58:08+00:00","author":{"@id":"https:\/\/exaudi.org\/#\/schema\/person\/b4f60770b050db60868378f3d473b3d4"},"breadcrumb":{"@id":"https:\/\/exaudi.org\/es\/familias-vertical-generacion-sandwich-laetare\/#breadcrumb"},"inLanguage":"es","potentialAction":[{"@type":"ReadAction","target":["https:\/\/exaudi.org\/es\/familias-vertical-generacion-sandwich-laetare\/"]}]},{"@type":"ImageObject","inLanguage":"es","@id":"https:\/\/exaudi.org\/es\/familias-vertical-generacion-sandwich-laetare\/#primaryimage","url":"https:\/\/exaudi.org\/wp-content\/uploads\/2025\/05\/zhuojun-yu-V6eu9ymNwBI-unsplash-scaled.jpg","contentUrl":"https:\/\/exaudi.org\/wp-content\/uploads\/2025\/05\/zhuojun-yu-V6eu9ymNwBI-unsplash-scaled.jpg","width":2560,"height":1706,"caption":"Zhuojun Yu . Unsplash"},{"@type":"BreadcrumbList","@id":"https:\/\/exaudi.org\/es\/familias-vertical-generacion-sandwich-laetare\/#breadcrumb","itemListElement":[{"@type":"ListItem","position":1,"name":"Portada","item":"https:\/\/exaudi.org\/es\/"},{"@type":"ListItem","position":2,"name":"Familias en Vertical: El Reto de la Generaci\u00f3n S\u00e1ndwich"}]},{"@type":"WebSite","@id":"https:\/\/exaudi.org\/#website","url":"https:\/\/exaudi.org\/","name":"Exaudi","description":"News","potentialAction":[{"@type":"SearchAction","target":{"@type":"EntryPoint","urlTemplate":"https:\/\/exaudi.org\/?s={search_term_string}"},"query-input":{"@type":"PropertyValueSpecification","valueRequired":true,"valueName":"search_term_string"}}],"inLanguage":"es"},{"@type":"Person","@id":"https:\/\/exaudi.org\/#\/schema\/person\/b4f60770b050db60868378f3d473b3d4","name":"Laetare","image":{"@type":"ImageObject","inLanguage":"es","@id":"https:\/\/secure.gravatar.com\/avatar\/239ae5fc763d8bf7c26706d150679faa0bec9e2d51089775f40e9decb4806f15?s=96&d=mm&r=g","url":"https:\/\/secure.gravatar.com\/avatar\/239ae5fc763d8bf7c26706d150679faa0bec9e2d51089775f40e9decb4806f15?s=96&d=mm&r=g","contentUrl":"https:\/\/secure.gravatar.com\/avatar\/239ae5fc763d8bf7c26706d150679faa0bec9e2d51089775f40e9decb4806f15?s=96&d=mm&r=g","caption":"Laetare"},"description":"Laetare es una asociaci\u00f3n fundada por Gabriel N\u00fa\u00f1ez, nacida en Sevilla con el prop\u00f3sito de defender y promover el desarrollo integral de la familia cristiana. Su actividad se organiza en cuatro ejes fundamentales: sensibilizar, orar, formar y servir. La asociaci\u00f3n trabaja en la preservaci\u00f3n de la familia como pilar de la sociedad, ofreciendo formaci\u00f3n especializada, retiros espirituales y apoyo integral a matrimonios en crisis, con un enfoque basado en la doctrina cat\u00f3lica y la acci\u00f3n comunitaria.","url":"https:\/\/exaudi.org\/es\/author\/laetare\/"}]}},"jetpack_featured_media_url":"https:\/\/exaudi.org\/wp-content\/uploads\/2025\/05\/zhuojun-yu-V6eu9ymNwBI-unsplash-scaled.jpg","jetpack_shortlink":"https:\/\/wp.me\/pgKjF2-wPL","_links":{"self":[{"href":"https:\/\/exaudi.org\/es\/wp-json\/wp\/v2\/posts\/126217","targetHints":{"allow":["GET"]}}],"collection":[{"href":"https:\/\/exaudi.org\/es\/wp-json\/wp\/v2\/posts"}],"about":[{"href":"https:\/\/exaudi.org\/es\/wp-json\/wp\/v2\/types\/post"}],"author":[{"embeddable":true,"href":"https:\/\/exaudi.org\/es\/wp-json\/wp\/v2\/users\/154"}],"replies":[{"embeddable":true,"href":"https:\/\/exaudi.org\/es\/wp-json\/wp\/v2\/comments?post=126217"}],"version-history":[{"count":0,"href":"https:\/\/exaudi.org\/es\/wp-json\/wp\/v2\/posts\/126217\/revisions"}],"wp:featuredmedia":[{"embeddable":true,"href":"https:\/\/exaudi.org\/es\/wp-json\/wp\/v2\/media\/126218"}],"wp:attachment":[{"href":"https:\/\/exaudi.org\/es\/wp-json\/wp\/v2\/media?parent=126217"}],"wp:term":[{"taxonomy":"category","embeddable":true,"href":"https:\/\/exaudi.org\/es\/wp-json\/wp\/v2\/categories?post=126217"},{"taxonomy":"post_tag","embeddable":true,"href":"https:\/\/exaudi.org\/es\/wp-json\/wp\/v2\/tags?post=126217"}],"curies":[{"name":"wp","href":"https:\/\/api.w.org\/{rel}","templated":true}]}}