{"id":126134,"date":"2025-05-16T10:00:05","date_gmt":"2025-05-16T08:00:05","guid":{"rendered":"https:\/\/exaudi.org\/?p=126134"},"modified":"2025-05-16T11:57:48","modified_gmt":"2025-05-16T09:57:48","slug":"papas-papables-religiosos","status":"publish","type":"post","link":"https:\/\/exaudi.org\/es\/papas-papables-religiosos\/","title":{"rendered":"Los papas y papables religiosos"},"content":{"rendered":"<p>Este documento se mueve entre el testimonio y la entrevista. Con Exaudi acordamos unas preguntas para realizar una entrevista. Se las pas\u00e9 a Crist\u00f3bal, pero como eran demasiado personales y trabajosas a Crist\u00f3bal se le hac\u00edan cuesta arriba, como decimos por aqu\u00ed. No le gusta para nada que se hable de \u00e9l. En el WhatsApp de primos todo el que quiere publica poes\u00edas y escritos propios, menos \u00e9l que siempre est\u00e1 enviando cosas de humor y risa, nunca un escrito suyo.<\/p>\n<p><iframe title=\"Spotify Embed: Los papas y papables religiosos\" style=\"border-radius: 12px\" width=\"100%\" height=\"152\" frameborder=\"0\" allowfullscreen allow=\"autoplay; clipboard-write; encrypted-media; fullscreen; picture-in-picture\" loading=\"lazy\" src=\"https:\/\/open.spotify.com\/embed\/episode\/1wOWzrwCJfT4oP82pWeg7T?si=3cafa015a3084e2a&#038;utm_source=oembed\"><\/iframe><\/p>\n<p>Creo que este escrito adem\u00e1s de la proximidad con un simp\u00e1tico cardenal, nos sit\u00faa en la proximidad de la fraternidad, comunidad, algo que Crist\u00f3bal comparte con otros cardenales religiosos, y con Francisco y Le\u00f3n. La aportaci\u00f3n de la vida religiosa al papado se nota y es todo un signo para nuestros d\u00edas. Esperemos que la sinodalidad practicada por los religiosos y religiosas, se extienda a toda la iglesia.<\/p>\n<p>Sirva este documento para acercarnos desde la normalidad a la vida fraterna que vive y predica mi primo el cardenal.<\/p>\n<p>Empecemos por la posibilidad de ser papa. Cuando ante la salud fr\u00e1gil de Francisco le dije que preparara las maletas. Me contest\u00f3 que yo tambi\u00e9n ten\u00eda posibilidades. Ante tal disparate le respond\u00ed que s\u00ed, que ten\u00eda las mismas que \u00e9l. No sal\u00ed con aquello de la abuela que respond\u00eda cu\u00e1ndo le preguntaban por la posibilidad de ser \u00e9l elegido. Arg\u00fc\u00eda que ten\u00eda m\u00e1s posibilidades que ella, que era mujer, no sacerdote y estaba difunta.<\/p>\n<p>Para la familia, y para los que le conocieron en los lugares en que el cardenal Crist\u00f3bal L\u00f3pez Romero, SDB, ha residido, se ha vivido el c\u00f3nclave con emoci\u00f3n m\u00e1xima. Ayudaba a ello sus declaraciones, dando titulares period\u00edsticos como el de la fuga a Sicilia si le eleg\u00edan papa, y sobre todo, su don de comunicar que hered\u00f3 de su mam\u00e1 y perfeccion\u00f3 estudiando periodismo en una universidad catalana. De su pap\u00e1 hered\u00f3 el saber escuchar. Era un hombre que casi no hablaba, pero cuando lo hac\u00eda, sus palabras eran certeras y concluyentes.<\/p>\n<p>Para la mayor\u00eda de sus fans ha sido como perder la Champions. Para una minor\u00eda, ha sido un descanso el ver, como dec\u00eda \u00e9l mismo, que la carga sobrehumana, no ha reca\u00eddo sobre sus hombros. Yo personalmente pas\u00e9 de la histeria a la serenidad cuando sali\u00f3 al balc\u00f3n el papa Le\u00f3n XIV, del cual escribimos uno de los primer\u00edsimos art\u00edculos en Exaudi, gracias a la informaci\u00f3n que nos dio Crist\u00f3bal de esa primera cena con el nuevo papa.<\/p>\n<p>Siempre nos quedar\u00e1 la duda, de si el prodigarse en declaraciones antes del c\u00f3nclave, era como para librarse de la elecci\u00f3n. Se dice que los que entran papa a la capilla Sixtina salen cardenal. Me inclino a que realmente ten\u00eda la tranquilidad de que no iba a salir. Vamos a creer en sus palabras.<\/p>\n<p>\u00c9l mismo alaba, como no pod\u00eda ser de otra manera, al papa Le\u00f3n, con quien tuvo la dicha de compartir, como hemos dicho, no la \u00faltima, sino la primera cena. Crist\u00f3bal sabe reconocer las virtudes en los dem\u00e1s. Siempre te hace sentir bien y en particular, con el papa se prodiga en elogios.<\/p>\n<p>Cada papa deja su impronta, son diferentes dentro de una continuidad, dijo en unas declaraciones recientes.<\/p>\n<p><img loading=\"lazy\" decoding=\"async\" class=\"size-full wp-image-126234 alignnone\" src=\"https:\/\/exaudi.org\/wp-content\/uploads\/2021\/05\/IMG_1297-1-compressed-scaled.jpg\" alt=\"\" width=\"2560\" height=\"1707\" srcset=\"https:\/\/exaudi.org\/wp-content\/uploads\/2021\/05\/IMG_1297-1-compressed-scaled.jpg 2560w, https:\/\/exaudi.org\/wp-content\/uploads\/2021\/05\/IMG_1297-1-compressed-300x200.jpg 300w, https:\/\/exaudi.org\/wp-content\/uploads\/2021\/05\/IMG_1297-1-compressed-1024x683.jpg 1024w, https:\/\/exaudi.org\/wp-content\/uploads\/2021\/05\/IMG_1297-1-compressed-770x513.jpg 770w, https:\/\/exaudi.org\/wp-content\/uploads\/2021\/05\/IMG_1297-1-compressed-1536x1024.jpg 1536w, https:\/\/exaudi.org\/wp-content\/uploads\/2021\/05\/IMG_1297-1-compressed-2048x1365.jpg 2048w, https:\/\/exaudi.org\/wp-content\/uploads\/2021\/05\/IMG_1297-1-compressed-360x240.jpg?crop=1 360w, https:\/\/exaudi.org\/wp-content\/uploads\/2021\/05\/IMG_1297-1-compressed-500x333.jpg 500w\" sizes=\"auto, (max-width: 2560px) 100vw, 2560px\" \/><\/p>\n<p>Crist\u00f3bal comparte con el actual papa y con el papa Francisco, el ser de congregaciones religiosas: agustinos, jesuitas, salesianos. En el caso del papa Le\u00f3n, la cruz pectoral de reliquias de santos de la orden, y la salida a la curia de los agustinos, son indicativos de su conexi\u00f3n con la familia religiosa. Crist\u00f3bal lo mismo. Las devociones salesianas llegaron a toda la familia. Conoc\u00edamos a \u201cmam\u00e1 Margarita\u201d a trav\u00e9s de mi t\u00eda Reyes. Nos extra\u00f1aba que tratase con esa familiaridad a la mam\u00e1 de don Bosco. Y por supuesto, Mar\u00eda Auxiliadora que llegaba a desbancar a la devoci\u00f3n de la Pur\u00edsima de V\u00e9lez Rubio (Almer\u00eda), pueblo en el que nacimos, del que ambos emigramos con nuestros padres que nos trajeron. Dicho sea de paso, la imagen de la Inmaculada Concepci\u00f3n, de la escuela de Salcillo, despierta en las familias del entorno tal devoci\u00f3n que, en la actualidad, somos cinco los sacerdotes nacidos a trescientos metros a la redonda del convento que la alberga.<\/p>\n<p>La sinodalidad, fruto del \u00faltimo s\u00ednodo, no se entiende sin la vida religiosa. El caminar juntos el trabajar juntos, la inclusi\u00f3n de los dem\u00e1s en el proyecto, se entienden mejor desde las congregaciones religiosas. El papa Le\u00f3n insiste en la fraternidad, que viene a ser hermana de la sinodalidad.<\/p>\n<p>Para m\u00ed, Crist\u00f3bal siempre fue un referente y un reto, al que imitar de lejos. Cuando sent\u00ed la vocaci\u00f3n a la vida religiosa, el orgullo humano de no poder igualar la excelencia de Crist\u00f3bal, me hizo descartar, entrar en los salesianos. Pero siempre ha sido un referente. D\u00e9 \u00e9l aprend\u00ed esa hermandad natural con los \u00faltimos de la sociedad.<\/p>\n<p>El gesto de los pobres en el entierro del papa Francisco, fue casi insignificante, comparado la cantidad de ni\u00f1os, j\u00f3venes y adultos del barrio marginal donde Crist\u00f3bal trabajaba que asistieron a su ordenaci\u00f3n.<\/p>\n<p>\u00c9l no quiere que le cambien la manera de tratarlo, puesto que no ha variado su forma de ser.<\/p>\n<p>El d\u00eda de la investidura de cardenal, el de la entrega del birrete, nos congregamos, antes de empezar la ceremonia en un lado de la plaza de san Pedro, del vaticano. Ya llevaba los zapatos nuevos que su hermana Rosa le hab\u00eda tra\u00eddo de Sabadell. Le hab\u00edan dicho que con los que llevaba viejos, no serv\u00edan para la ceremonia. Se subi\u00f3 como pudo en una especie de escalinata y empez\u00f3 a vocear los nombres de la lista, para dar-nos las entradas para la bas\u00edlica y los eventos posteriores. Uno de los familiares le quiso quitar el trabajo de vocero repartidos de entradas, a lo que Crist\u00f3bal respondi\u00f3 que la naturaleza le hab\u00eda dotado de un potente micr\u00f3fono y no necesitaba ayudantes.<\/p>\n<p>Yo le recuerdo de ni\u00f1o, cuando en los permisos escolares del seminario menor y mayor visitaba la familia, bendiciendo solemnemente la mesa y todos rezando en actitud de recogimiento.<\/p>\n<p>Aunque sin perder nunca la espiritualidad, enseguida se situ\u00f3 en la pastoral de las periferias. El ir como maestro de primaria a una escuela p\u00fablica marginal, en vez de seguir en las propias de la congregaci\u00f3n salesiana inici\u00f3 el estilo de vida itinerante, de camisetas, sandalias, ponchos, bocadillos, encuentros, viajes largos\u2026<\/p>\n<p>Se puede decir que casi le he conocido siendo \u00e9l salesiano, o cura maestro como dec\u00eda su mam\u00e1 Reyes, hermana de mi madre Trini. Quiz\u00e1s nos vimos m\u00e1s cuando ven\u00eda de vacaciones al pueblo que nacimos V\u00e9lez Rubio (Almer\u00eda). Su familia emigr\u00f3 a Badalona cuando \u00e9l ten\u00eda nueve meses. Ven\u00edan casi cada a\u00f1o. De los pocos recuerdos que tengo es del descubrimiento que hizo, como ni\u00f1o de la ciudad de las olivas de la cabra.<\/p>\n<p>Crist\u00f3bal siempre fue, ejemplar. Tiene una memoria que supera los ordenadores. Es el \u00e1lbum familiar de las familias de varios apellidos. El patriarca de los primos Romero, al acabar el c\u00f3nclave se puso a chatear en el WhatsApp de primos, acogiendo a una nueva prima, que vive en Costa Rica y que el parentesco le viene por la rama de mi padre, de lo Gea. Pero \u00e9l buscando afinidades, contando chistes, como aquel que viene de cualquier sitio menos de un c\u00f3nclave. Siempre nos quedar\u00e1 la duda si lo hizo para que no le pregunt\u00e1ramos o porque es su estilo.<\/p>\n<p><img loading=\"lazy\" decoding=\"async\" class=\"size-full wp-image-126249 alignnone\" src=\"https:\/\/exaudi.org\/wp-content\/uploads\/2025\/05\/20191230_123851-compressed-scaled.jpg\" alt=\"\" width=\"2560\" height=\"1440\" srcset=\"https:\/\/exaudi.org\/wp-content\/uploads\/2025\/05\/20191230_123851-compressed-scaled.jpg 2560w, https:\/\/exaudi.org\/wp-content\/uploads\/2025\/05\/20191230_123851-compressed-300x169.jpg 300w, https:\/\/exaudi.org\/wp-content\/uploads\/2025\/05\/20191230_123851-compressed-1024x576.jpg 1024w, https:\/\/exaudi.org\/wp-content\/uploads\/2025\/05\/20191230_123851-compressed-770x433.jpg 770w, https:\/\/exaudi.org\/wp-content\/uploads\/2025\/05\/20191230_123851-compressed-1536x864.jpg 1536w, https:\/\/exaudi.org\/wp-content\/uploads\/2025\/05\/20191230_123851-compressed-2048x1152.jpg 2048w, https:\/\/exaudi.org\/wp-content\/uploads\/2025\/05\/20191230_123851-compressed-500x281.jpg 500w\" sizes=\"auto, (max-width: 2560px) 100vw, 2560px\" \/><\/p>\n<p>Recuerdo que antes de ser obispo, le pregunt\u00e9 sobre su jubilaci\u00f3n. D\u00f3nde pensaba retirarse despu\u00e9s de recorrer tanto mundo. Sin \u00e9l saberlo, que a los pocos a\u00f1os iba a ser obispo de Rabat, me dijo que le gustar\u00eda volver a Marruecos. \u00c9l hab\u00eda ido voluntario a la comunidad que los salesianos tienen en Kenitra. \u00c9l siempre ve e imagina proyectos, all\u00ed donde los dem\u00e1s ven dificultades. Ahora, en las declaraciones que hace, tambi\u00e9n habla de proyectos para cuando se jubile. Eso s\u00ed, dentro de la congregaci\u00f3n salesiana.<\/p>\n<p>La iglesia ha sido primera p\u00e1gina, durante varios d\u00edas, en todo el mundo. Crist\u00f3bal, que renunci\u00f3 a ser obispo en Paraguay. \u00c9l dice que no se renuncia a ser obispo. Que s\u00ed escribi\u00f3 una carta. S\u00ed que me confes\u00f3 que le quer\u00edan hacer obispo pero que vio mejor que fuera un nativo. Aunque \u00e9l se enorgullece de su nacionalidad paraguaya. S\u00ed que fue portavoz de la conferencia episcopal. Da mucha importancia a los medios de comunicaci\u00f3n. Durante un tiempo tambi\u00e9n dirigi\u00f3 la editorial salesiana. Es periodista vocacional. Y en este sentido me comentaba que la iglesia informaba tarde y mal. Con el papado de Francisco hemos tenido un cambio en transparencia. La facilidad con la que Crist\u00f3bal conced\u00eda entrevistas, viene dada por esa \u00b4filosof\u00eda de informar con claridad y evitar malos entendidos. Aun as\u00ed, un periodista, le tom\u00f3 al pie de la letra lo de su fuga a Sicilia.<\/p>\n<p>No tiene ni miedo ni verg\u00fcenza de dirigirse a los no creyentes, ni mucho menos acomplejarse ante las dificultades o rechazos del hecho religioso. Afirmaba estos d\u00edas: \u201c<em>Algo hay en el interior de cada persona. Hay seis mil periodistas acreditados para participar en el encuentro con el papa. Algo hay que al mundo le toca. A pesar de los pesares, de los problemas y errores de la iglesia, la dificultad que tenemos para entendernos. Por algo Jes\u00fas le dijo a Pedro que la Iglesia prevalecer\u00e1 a lo largo de los siglos. Los poderes del mal no prevalecer\u00e1n sobre ella. La iglesia sigue adelante desde hace veinte siglos.\u201d<\/em><\/p>\n<p>Su visi\u00f3n de la iglesia siempre es m\u00e1s que optimista, alegre. C\u00f3mo dijo estos d\u00edas, \u00e9l no es profeta, pero no entiende el miedo al futuro. Afirmaba recientemente:\u00a0<em>\u201cla iglesia tiene que abrirse al mundo, no puede vivir en una burbuja, que se asfixia por falta de ox\u00edgeno. El papa Francisco dec\u00eda que prefer\u00eda una iglesia accidentada por tener rozaduras y choques que no una iglesia enferma por carraz\u00f3n. Dios se ha abierto al mundo. Es necesario acercarse a la gente, correr riesgos\u201d.<\/em><\/p>\n<p>Es pobre porque s\u00ed. Su despacho actual en Rabat carece de lujos, y la sencillez de su vestimenta sigue la de un joven de los a\u00f1os ochenta, anti modas, con una preferencia casi obsesiva por los ponchos y las camisetas. Su anillo y su cruz pectoral delatan su preferencia por los pobres. En lo que supera la media de cualquiera es en los kil\u00f3metros de recorrido, en todos los medios de transporte, preferentemente el avi\u00f3n, aunque conserva una marca dental del accidente que de joven tuvo, yendo de misi\u00f3n.<\/p>\n<p>En el despacho tiene las fotograf\u00edas de su familia. Fue casi lo primero que puso. Se march\u00f3 siendo adolescente de su casa, pero es de los primos el que conserva la uni\u00f3n con cada uno de nosotros y entre nosotros. Antes de ser obispo o cardenal, \u00e9l era el nexo de uni\u00f3n familiar.<\/p>\n<p>Es envidiable la fortaleza f\u00edsica y espiritual. \u00bfCu\u00e1l ser\u00e1 su secreto? Sus progenitores, especialmente de la parte de los L\u00f3pez eran longevos, pero si el mal humor y los problemas envejecen, Crist\u00f3bal, tiene la f\u00f3rmula: re\u00edr y hacer re\u00edr. La gente que asiste a sus conferencias se acuerda de sus chistes. Dice que es crucial cambiar los chistes ante auditorios que repiten la asistencia. Preguntado por una periodista, por el tema de los chistes, que \u00e9l tuvo el privilegio de explicar al papa Le\u00f3n, en aquella primera cena, respond\u00eda a la periodista:\u00a0<em>Dec\u00eda Charles Chaplin que un d\u00eda sin re\u00edr era un d\u00eda perdido. En Rabat, somos pocos y vivimos la fe con alegr\u00eda y entusiasmo. En Europa viven la \u201cdepresi\u00f3n religiosa\u201d. Se hacen diagn\u00f3sticos, en Europa de que se est\u00e1 acabando la fe\u2026 Que vengan a Marruecos y vean. Somos pocos, pero alegres.<\/em><\/p>\n<p>Con esa invitaci\u00f3n nos quedamos. En mi parroquia organizamos un viaje, justo cuando empez\u00f3 la pandemia. Se tuvo que suspender. \u00c9l ya nos ha prometido visitar la parroquia de St. Vicen\u00e7 de Jonqueres.<\/p>\n<p>Acabo pidi\u00e9ndole perd\u00f3n, por este escrito. Es contrario a que se hable de \u00e9l como personaje. Es un protagonista que hace protagonistas a los otros. No sabes c\u00f3mo, pero en los encuentros consigue que los primos nos escuchemos y hablemos. Pero hoy le hemos contrariado. Cando algo es bueno hay que compartirlo.<\/p>\n<p>Le mostr\u00e9 este escrito antes de publicarlo, y entre sorprendido y avergonzado se anim\u00f3 a responder a las preguntas que le hab\u00eda formulado. Creo que la familia y la iglesia en general lo agradecer\u00e1. Ne dice en la nota de env\u00edo: Alfonso, esto m\u00e1s que una entrevista es una sesi\u00f3n de psicoan\u00e1lisis !! Casi hacemos un libro.<\/p>\n<p><img loading=\"lazy\" decoding=\"async\" class=\"size-full wp-image-126237 alignnone\" src=\"https:\/\/exaudi.org\/wp-content\/uploads\/2021\/05\/AG.jpg\" alt=\"\" width=\"1600\" height=\"900\" srcset=\"https:\/\/exaudi.org\/wp-content\/uploads\/2021\/05\/AG.jpg 1600w, https:\/\/exaudi.org\/wp-content\/uploads\/2021\/05\/AG-300x169.jpg 300w, https:\/\/exaudi.org\/wp-content\/uploads\/2021\/05\/AG-1024x576.jpg 1024w, https:\/\/exaudi.org\/wp-content\/uploads\/2021\/05\/AG-770x433.jpg 770w, https:\/\/exaudi.org\/wp-content\/uploads\/2021\/05\/AG-1536x864.jpg 1536w, https:\/\/exaudi.org\/wp-content\/uploads\/2021\/05\/AG-500x281.jpg 500w\" sizes=\"auto, (max-width: 1600px) 100vw, 1600px\" \/><\/p>\n<p><strong>\u00bfC\u00f3mo has sentido la presencia de aquellos que ya no est\u00e1n entre nosotros durante este C\u00f3nclave?<\/strong><\/p>\n<p>Supongo que te refieres a mis padres, t\u00edos y familiares que nos han precedido y que, por cierto, nos han dejado a ti y a mi en primera l\u00ednea para encarar ese paso, necesario y \u00faltimo en esta tierra, que es la muerte.<\/p>\n<p>T\u00fa sabes tanto como yo con qu\u00e9 alegr\u00eda y sano orgullo nuestras madres segu\u00edan y divulgaban nuestras andanzas. Por eso no he podido dejar de pensar en m\u00e1s de una ocasi\u00f3n c\u00f3mo habr\u00eda vivido mi madre este acontecimiento del c\u00f3nclave con su hijo dentro. Mi padre, t\u00fa lo sabes, era muy discreto y comedido en la expresi\u00f3n de sus sentimientos. Pero me sorprendi\u00f3 cuando, el d\u00eda que le comuniqu\u00e9 que me hab\u00edan nombrado obispo. Yo cre\u00ed que no se iba a alegrar, porque supon\u00eda dejar Espa\u00f1a, y nuestros encuentros relativamente frecuentes, para trasladarme a Marruecos. Sin embargo, de una forma muy espont\u00e1nea me abraz\u00f3 y me estamp\u00f3 un beso, cosa infrecuente en \u00e9l.<\/p>\n<p><strong>\u00bfC\u00f3mo viviste el ambiente espiritual y humano dentro del C\u00f3nclave?<\/strong><\/p>\n<p>Los d\u00edas anteriores y el mismo c\u00f3nclave han sido como unos ejercicios espirituales abiertos: conocimiento de la Iglesia universal a trav\u00e9s de las conversaciones con los diferentes cardenales; celebraciones lit\u00fargicas imponentes, como el funeral de Papa Francisco, pero tambi\u00e9n los d\u00edas de duelo y la misa \u201cPro eligendo pontifice\u201d; mi visita a \u201cmi parroquia\u201d de Roma, que, curiosamente, es la de San Le\u00f3n I Magno; largas sesiones de escucha de las intervenciones en el aula; densos momentos de oraci\u00f3n personal ya en el c\u00f3nclave mientras se votaba y se contaban los votos; una hermosa fraternidad y b\u00fasqueda del bien de la Iglesia y del mundo de parte de todos\u2026 y una intensa labor de catequesis a trav\u00e9s de los medios de comunicaci\u00f3n que me asaltaron desde el primer momento. Estos son los elementos que yo destacar\u00eda de mi experiencia personal.<\/p>\n<p><img loading=\"lazy\" decoding=\"async\" class=\"size-full wp-image-126240 alignnone\" src=\"https:\/\/exaudi.org\/wp-content\/uploads\/2021\/05\/20191230_103945-compressed-scaled.jpg\" alt=\"\" width=\"2560\" height=\"1440\" srcset=\"https:\/\/exaudi.org\/wp-content\/uploads\/2021\/05\/20191230_103945-compressed-scaled.jpg 2560w, https:\/\/exaudi.org\/wp-content\/uploads\/2021\/05\/20191230_103945-compressed-300x169.jpg 300w, https:\/\/exaudi.org\/wp-content\/uploads\/2021\/05\/20191230_103945-compressed-1024x576.jpg 1024w, https:\/\/exaudi.org\/wp-content\/uploads\/2021\/05\/20191230_103945-compressed-770x433.jpg 770w, https:\/\/exaudi.org\/wp-content\/uploads\/2021\/05\/20191230_103945-compressed-1536x864.jpg 1536w, https:\/\/exaudi.org\/wp-content\/uploads\/2021\/05\/20191230_103945-compressed-2048x1152.jpg 2048w, https:\/\/exaudi.org\/wp-content\/uploads\/2021\/05\/20191230_103945-compressed-500x281.jpg 500w\" sizes=\"auto, (max-width: 2560px) 100vw, 2560px\" \/><\/p>\n<p><strong>\u00bfQu\u00e9 es lo que m\u00e1s te ha sorprendido de esta experiencia en comparaci\u00f3n con tus expectativas iniciales?<\/strong><\/p>\n<p>La rapidez y facilidad como se lleg\u00f3 a la elecci\u00f3n, sabiendo que somos tan diversos en origen (de 73 pa\u00edses parece ser), en formaci\u00f3n y en trayectoria personal. Todo ello s\u00f3lo se puede explicar por el desprendimiento que cada cardenal elector ha hecho de sus intereses personales o grupales, para buscar s\u00f3lo y \u00fanicamente el bien de la Iglesia y del mundo. Y esto es fruto del Esp\u00edritu Santo.<\/p>\n<p>Cuando se dice que es el Esp\u00edritu Santo quien elige, no hay que entenderlo como si dicho Esp\u00edritu viniese a los electores en forma de visi\u00f3n, inspiraci\u00f3n o revelaci\u00f3n a indicarnos a qui\u00e9n tenemos que votar. El Esp\u00edritu trabaja desde el interior de cada persona y en silencio y discreci\u00f3n\u2026 pero es eficaz. Yo, al menos, no me explico el resultado sin su acci\u00f3n. Humanamente no es posible llegar a consensos m\u00e1s all\u00e1 de los 2\/3 sin actitudes de apertura y desprendimiento de parte de todos los cardenales; y eso es gracias al Esp\u00edritu.<\/p>\n<p><strong>\u00bfQu\u00e9 lectura haces del \u00e9xito medi\u00e1tico de la Iglesia en contraste con la baja adscripci\u00f3n en algunos pa\u00edses?<\/strong><\/p>\n<p>Hay que reconocer que el Papa Francisco ha puesto muy alto el list\u00f3n del inter\u00e9s medi\u00e1tico por la Iglesia. Y tambi\u00e9n que la elecci\u00f3n de un Papa llega, en este caso, despu\u00e9s de 12 a\u00f1os y que se hace por un sistema \u00fanico en el mundo. Contribuye tambi\u00e9n el descr\u00e9dito de los l\u00edderes pol\u00edticos en el mundo, que ha dejado a la figura del Papa como \u00fanico referente moral a nivel mundial. A todo esto debemos a\u00f1adir el extraordinario desarrollo de las nuevas tecnolog\u00edas de la comunicaci\u00f3n, que han puesto la informaci\u00f3n al alcance de todos, instant\u00e1neamente y casi gratuitamente, facilitando as\u00ed la difusi\u00f3n en directo de todo lo que sucede. Son cuatro factores los que he citado como explicativos del \u00e9xito medi\u00e1tico de este acontecimiento eclesial.<\/p>\n<p><img loading=\"lazy\" decoding=\"async\" class=\"size-full wp-image-126243 alignnone\" src=\"https:\/\/exaudi.org\/wp-content\/uploads\/2021\/05\/20191230_121523-compressed-scaled.jpg\" alt=\"\" width=\"2560\" height=\"1440\" srcset=\"https:\/\/exaudi.org\/wp-content\/uploads\/2021\/05\/20191230_121523-compressed-scaled.jpg 2560w, https:\/\/exaudi.org\/wp-content\/uploads\/2021\/05\/20191230_121523-compressed-300x169.jpg 300w, https:\/\/exaudi.org\/wp-content\/uploads\/2021\/05\/20191230_121523-compressed-1024x576.jpg 1024w, https:\/\/exaudi.org\/wp-content\/uploads\/2021\/05\/20191230_121523-compressed-770x433.jpg 770w, https:\/\/exaudi.org\/wp-content\/uploads\/2021\/05\/20191230_121523-compressed-1536x864.jpg 1536w, https:\/\/exaudi.org\/wp-content\/uploads\/2021\/05\/20191230_121523-compressed-2048x1152.jpg 2048w, https:\/\/exaudi.org\/wp-content\/uploads\/2021\/05\/20191230_121523-compressed-500x281.jpg 500w\" sizes=\"auto, (max-width: 2560px) 100vw, 2560px\" \/><\/p>\n<p><strong>\u00bfC\u00f3mo imaginas y sue\u00f1as la Iglesia del futuro?<\/strong><\/p>\n<p>Una Iglesia consciente de ser servidora del Reino de Dios. Como Mar\u00eda se declara la servidora del Se\u00f1or, as\u00ed tambi\u00e9n la Iglesia debe sentirse servidora del Se\u00f1or y de su Reino. La Iglesia no tiene que ser autorreferencial; su referente, su punto de mira, est\u00e1 fuera de ella: en el Reino. Y trabajar por el Reino significa y se concreta en trabajar por la paz, la justicia, la libertad, la vida, la verdad y el amor. \u201cBuscad primero el Reino de Dios\u2026\u201d<\/p>\n<p>Una Iglesia que, no siendo del mundo, est\u00e1 en el mundo. Una Iglesia que sigue el ejemplo de Dios, el cual, para salvar al mundo, se hizo ser humano: \u201cY la Palabra se hizo carne y habit\u00f3 entre nosotros\u201d. Una Iglesia, pues, encarnada en los diferentes contextos, tiempos, culturas y civilizaciones.<\/p>\n<p>Una Iglesia-comuni\u00f3n, que sea ejemplo y sacramento de fraternidad. \u201cEn esto conocer\u00e1n que sois mis disc\u00edpulos: en que os am\u00e9is los unos a los otros\u201d. Una gran e inmensa familia-comunidad hecha de millones de peque\u00f1as comunidades fraternas.<\/p>\n<p>Una Iglesia misionera, en salida, en di\u00e1logo; una Iglesia que, fuerte de su identidad, tiene el coraje de abrirse al otro (alteridad) con la sincera intenci\u00f3n de compartir y de testimoniar su fe, escuchando y enriqueci\u00e9ndose con la experiencia religiosa de los otros.<\/p>\n<p>Una Iglesia samaritana que, a ejemplo del Buen Samaritano, se inclina para acoger y curar al herido, sin preguntar qui\u00e9n es ni por qu\u00e9 est\u00e1 en ese estado. \u201cLo que a uno de estos peque\u00f1os hicisteis, a m\u00ed me lo hicisteis\u201d<\/p>\n<p><strong>\u00bfCu\u00e1les crees que son los principales desaf\u00edos que debe afrontar la Iglesia para acercarse a las nuevas generaciones?<\/strong><\/p>\n<ul>\n<li>Que cada cristiano viva aut\u00e9nticamente el Evangelio y sea un testimonio coherente del mensaje de Jes\u00fas. Menos sermones y m\u00e1s ejemplo. \u201cLos j\u00f3venes no quieren maestros, sino testigos; y si aceptan a un maestro, es porque da testimonio de lo que ense\u00f1a\u201d (Pablo VI)<\/li>\n<li>Que nos encarnemos en la realidad que nos toca vivir y seamos capaces de aprender los\u201d idiomas\u201d que hablan los j\u00f3venes digitales.<\/li>\n<li>Que amemos a las personas como Dios nos ama a nosotros.<\/li>\n<li>Que sepamos crecer en unidad sin ahogar la diversidad, sino a partir de ella.<\/li>\n<li>Que Cristo sea el centro de la vida de cada cristiano y que nuestro alimento sea Cristo-Palabra y Cristo-Eucarist\u00eda.<\/li>\n<\/ul>\n<p><img loading=\"lazy\" decoding=\"async\" class=\"alignleft wp-image-126246\" src=\"https:\/\/exaudi.org\/wp-content\/uploads\/2025\/05\/WhatsApp-Image-2025-05-16-at-10.29.08-1.jpeg\" alt=\"\" width=\"243\" height=\"324\" srcset=\"https:\/\/exaudi.org\/wp-content\/uploads\/2025\/05\/WhatsApp-Image-2025-05-16-at-10.29.08-1.jpeg 1368w, https:\/\/exaudi.org\/wp-content\/uploads\/2025\/05\/WhatsApp-Image-2025-05-16-at-10.29.08-1-225x300.jpeg 225w, https:\/\/exaudi.org\/wp-content\/uploads\/2025\/05\/WhatsApp-Image-2025-05-16-at-10.29.08-1-768x1024.jpeg 768w, https:\/\/exaudi.org\/wp-content\/uploads\/2025\/05\/WhatsApp-Image-2025-05-16-at-10.29.08-1-770x1027.jpeg 770w, https:\/\/exaudi.org\/wp-content\/uploads\/2025\/05\/WhatsApp-Image-2025-05-16-at-10.29.08-1-1152x1536.jpeg 1152w, https:\/\/exaudi.org\/wp-content\/uploads\/2025\/05\/WhatsApp-Image-2025-05-16-at-10.29.08-1-500x667.jpeg 500w\" sizes=\"auto, (max-width: 243px) 100vw, 243px\" \/><\/p>\n<p><strong>\u00bfConsideras que la tecnolog\u00eda y los medios digitales juegan un papel crucial en la evangelizaci\u00f3n actual?<\/strong><\/p>\n<p>No s\u00e9 si crucial, pero que tienen importancia y que no podemos dejarlos de lado, s\u00ed. Pero es mucho m\u00e1s crucial e importante el encuentro personal y la relaci\u00f3n interpersonal directa.<\/p>\n<p><strong>\u00bfCu\u00e1l es el secreto de tu fortaleza f\u00edsica y espiritual para llevar adelante tu misi\u00f3n?<\/strong><\/p>\n<p>Creo que no tengo demasiada fortaleza; quisiera tener mucha m\u00e1s. Y eso pasa a trav\u00e9s de:<\/p>\n<ul>\n<li>una vida espiritual m\u00e1s profunda,<\/li>\n<li>el apoyo en la vida de comunidad y el trabajo en equipo<\/li>\n<li>una convicci\u00f3n inalterable de que es el Se\u00f1or quien me llama y me env\u00eda a trabajar en su Reino, y que me acompa\u00f1a y me sostiene.<\/li>\n<\/ul>\n<p><strong>\u00bfC\u00f3mo influye tu familia en tu vocaci\u00f3n y en tu camino espiritual?<\/strong><\/p>\n<p>\u201cMi casa es el mundo y mi familia, la humanidad\u201d. Me siento en familia siempre y en todas partes, pero sobre todo cuando estoy con mi familia de origen y tambi\u00e9n en la familia salesiana, que ha sido mi ambiente natural desde los ocho a\u00f1os.<\/p>\n<p>Es en la familia salesiana donde yo he crecido y madurado en la fe, al punto de poder decir que, para m\u00ed, vida cristiana y vida salesiana son las dos caras de una misma moneda. No concibo lo uno sin lo otro.<\/p>\n<p><strong>\u00bfQu\u00e9 papel han jugado tus padres y tus seres queridos en la formaci\u00f3n de tu fe?<\/strong><\/p>\n<p>En mis padres hubo siempre una fe que no se manifestaba en mucha pr\u00e1ctica religiosa. La emigraci\u00f3n y el trabajo intens\u00edsimo en horas y esfuerzo hicieron que la vida de fe quedase entre par\u00e9ntesis. Pero lo m\u00e1s importante es que, gracias a ellos y a otros familiares, crec\u00ed en un ambiente de fuertes valores cristianos: el amor, la fidelidad, la laboriosidad, la responsabilidad, la ayuda mutua, la honestidad\u2026<\/p>\n<p><strong>\u00bfC\u00f3mo mantienes el equilibrio entre tu vida pastoral y tu vida personal?<\/strong><\/p>\n<p>Bastante mal. Creo que si fuese capaz de cuidar un poco m\u00e1s mi vida personal a todos los niveles (f\u00edsico, intelectual, afectivo, espiritual), la pastoral saldr\u00eda muy beneficiada.<\/p>\n<p><strong>\u00bfC\u00f3mo ves tu jubilaci\u00f3n? \u00bfTe gustar\u00eda dedicarte a una misi\u00f3n espec\u00edfica en ese momento?<\/strong><\/p>\n<p>\u201cD\u00e9jate llevar\u201d, le\u00ed en la publicidad de una compa\u00f1\u00eda a\u00e9rea que me llevaba a mi nueva misi\u00f3n en Bolivia en 2011\u2026 Y me gust\u00f3 el lema, porque eso es lo que he hecho a lo largo de mi vida, y me ha ido bien: dejarme llevar por lo que el Se\u00f1or me ha pedido a trav\u00e9s de la Congregaci\u00f3n, de las circunstancias de la vida y de la Iglesia.<\/p>\n<p>As\u00ed que, en cuanto el Papa acepte mi renuncia (a m\u00ed me gustar\u00eda que fuese el mismo d\u00eda de mi 75 aniversario, dentro de dos a\u00f1os), me pondr\u00e9 a disposici\u00f3n del Superior de la Congregaci\u00f3n Salesiana, por si puedo ser \u00fatil en alguna parte; puede ser en Paraguay, en Bolivia, en Marruecos, en Espa\u00f1a\u2026 \u00a1o en Sicilia!, ja ja ja.<\/p>\n<p>Me gustar\u00eda poder poner por escrito muchas experiencias por las que he pasado en la vida. A lo mejor podr\u00eda servir para otros.<\/p>\n<p><strong>\u00bfQu\u00e9 legado te gustar\u00eda dejar a las pr\u00f3ximas generaciones dentro de la Iglesia?<\/strong><\/p>\n<p>El testimonio de una vida plena y feliz, porque entregada a los dem\u00e1s en el seguimiento de Cristo y en el trabajo por su Reino.<\/p>\n<p><strong>Si tuvieras la oportunidad de cambiar algo en la Iglesia actual, \u00bfQu\u00e9 ser\u00eda?<\/strong><\/p>\n<ul>\n<li>El clericalismo que impide o dificulta a los laicos ser protagonistas responsables en la Iglesia y en el servicio al Reino.<\/li>\n<li>La falta de transparencia en las cuestiones econ\u00f3micas.<\/li>\n<li>Los abusos de todo tipo.<\/li>\n<li>La desuni\u00f3n y falta de comuni\u00f3n.<\/li>\n<li>El aburguesamiento, la indiferencia y la falta de compromiso en favor de los m\u00e1s pobres y necesitados.<\/li>\n<\/ul>\n<p><img loading=\"lazy\" decoding=\"async\" class=\"size-full wp-image-126138 alignnone\" src=\"https:\/\/exaudi.org\/wp-content\/uploads\/2025\/05\/Analisis-3.jpg\" alt=\"\" width=\"1080\" height=\"1080\" srcset=\"https:\/\/exaudi.org\/wp-content\/uploads\/2025\/05\/Analisis-3.jpg 1080w, https:\/\/exaudi.org\/wp-content\/uploads\/2025\/05\/Analisis-3-300x300.jpg 300w, https:\/\/exaudi.org\/wp-content\/uploads\/2025\/05\/Analisis-3-1024x1024.jpg 1024w, https:\/\/exaudi.org\/wp-content\/uploads\/2025\/05\/Analisis-3-100x100.jpg?crop=1 100w, https:\/\/exaudi.org\/wp-content\/uploads\/2025\/05\/Analisis-3-770x770.jpg 770w, https:\/\/exaudi.org\/wp-content\/uploads\/2025\/05\/Analisis-3-500x500.jpg 500w\" sizes=\"auto, (max-width: 1080px) 100vw, 1080px\" \/><\/p>\n","protected":false},"excerpt":{"rendered":"<p>Mi primo el cardenal Crist\u00f3bal L\u00f3pez Romero<\/p>\n","protected":false},"author":77,"featured_media":126135,"comment_status":"closed","ping_status":"closed","sticky":false,"template":"","format":"standard","meta":{"_acf_changed":false,"_crdt_document":"","inline_featured_image":false,"footnotes":""},"categories":[108,98],"tags":[59420,56620,57471,35501,59421,59424,1371,1019,59429,25524,59430,42960,59427,23486,59419,35919,47284,436,59422,56614,59423,59425,59426,794,4877,59428,17429,3332,21500],"class_list":["post-126134","post","type-post","status-publish","format-standard","has-post-thumbnail","hentry","category-entrevistas","category-testimonios","tag-cardenal-cristobal-lopez-romero","tag-cardenales-espanoles","tag-comunicacion-religiosa","tag-conclave-2","tag-congregaciones-religiosas","tag-devociones-salesianas","tag-espiritualidad","tag-evangelizacion","tag-evangelizacion-en-periferias","tag-fe-y-esperanza","tag-figuras-religiosas-contemporaneas","tag-humor-y-fe","tag-iglesia-en-marruecos","tag-iglesia-y-mundo","tag-los-papas","tag-mision-salesiana","tag-noticias-iglesia","tag-papa-es","tag-papa-leon","tag-papables","tag-pastoral-de-periferias","tag-periodistas-catolicos","tag-relato-familiar-religioso","tag-religiosos","tag-salesianos","tag-sencillez-y-humildad","tag-tradicion-catolica","tag-vida-religiosa","tag-vida-sacerdotal"],"acf":[],"yoast_head":"<!-- This site is optimized with the Yoast SEO plugin v27.4 - https:\/\/yoast.com\/product\/yoast-seo-wordpress\/ -->\n<title>Los papas y papables religiosos &#8211; Exaudi<\/title>\n<meta name=\"robots\" content=\"index, follow, max-snippet:-1, max-image-preview:large, max-video-preview:-1\" \/>\n<link rel=\"canonical\" href=\"https:\/\/exaudi.org\/es\/papas-papables-religiosos\/\" \/>\n<meta property=\"og:locale\" content=\"es_ES\" \/>\n<meta property=\"og:type\" content=\"article\" \/>\n<meta property=\"og:title\" content=\"Los papas y papables religiosos &#8211; Exaudi\" \/>\n<meta property=\"og:description\" content=\"Mi primo el cardenal Crist\u00f3bal L\u00f3pez Romero\" \/>\n<meta property=\"og:url\" content=\"https:\/\/exaudi.org\/es\/papas-papables-religiosos\/\" \/>\n<meta property=\"og:site_name\" content=\"Exaudi\" \/>\n<meta property=\"article:publisher\" content=\"https:\/\/www.facebook.com\/ExaudiNews\" \/>\n<meta property=\"article:published_time\" content=\"2025-05-16T08:00:05+00:00\" \/>\n<meta property=\"article:modified_time\" content=\"2025-05-16T09:57:48+00:00\" \/>\n<meta property=\"og:image\" content=\"https:\/\/exaudi.org\/wp-content\/uploads\/2025\/05\/vatican-media-live-espanol-14-1-22-screenshot-1-scaled-e1746631962328-1440x808-1.png\" \/>\n\t<meta property=\"og:image:width\" content=\"1440\" \/>\n\t<meta property=\"og:image:height\" content=\"808\" \/>\n\t<meta property=\"og:image:type\" content=\"image\/png\" \/>\n<meta name=\"author\" content=\"Alfons Gea\" \/>\n<meta name=\"twitter:card\" content=\"summary_large_image\" \/>\n<meta name=\"twitter:creator\" content=\"@Exaudi_News\" \/>\n<meta name=\"twitter:site\" content=\"@Exaudi_News\" \/>\n<meta name=\"twitter:label1\" content=\"Escrito por\" \/>\n\t<meta name=\"twitter:data1\" content=\"Alfons Gea\" \/>\n\t<meta name=\"twitter:label2\" content=\"Tiempo de lectura\" \/>\n\t<meta name=\"twitter:data2\" content=\"20 minutos\" \/>\n<script type=\"application\/ld+json\" class=\"yoast-schema-graph\">{\"@context\":\"https:\\\/\\\/schema.org\",\"@graph\":[{\"@type\":\"Article\",\"@id\":\"https:\\\/\\\/exaudi.org\\\/es\\\/papas-papables-religiosos\\\/#article\",\"isPartOf\":{\"@id\":\"https:\\\/\\\/exaudi.org\\\/es\\\/papas-papables-religiosos\\\/\"},\"author\":{\"name\":\"Alfons Gea\",\"@id\":\"https:\\\/\\\/exaudi.org\\\/#\\\/schema\\\/person\\\/ac92bf102c0b53544ebdec5b9d0aed18\"},\"headline\":\"Los papas y papables religiosos\",\"datePublished\":\"2025-05-16T08:00:05+00:00\",\"dateModified\":\"2025-05-16T09:57:48+00:00\",\"mainEntityOfPage\":{\"@id\":\"https:\\\/\\\/exaudi.org\\\/es\\\/papas-papables-religiosos\\\/\"},\"wordCount\":4072,\"image\":{\"@id\":\"https:\\\/\\\/exaudi.org\\\/es\\\/papas-papables-religiosos\\\/#primaryimage\"},\"thumbnailUrl\":\"https:\\\/\\\/exaudi.org\\\/wp-content\\\/uploads\\\/2025\\\/05\\\/vatican-media-live-espanol-14-1-22-screenshot-1-scaled-e1746631962328-1440x808-1.png\",\"keywords\":[\"cardenal Crist\u00f3bal L\u00f3pez Romero\",\"cardenales espa\u00f1oles\",\"comunicaci\u00f3n religiosa\",\"C\u00f3nclave\",\"congregaciones religiosas\",\"devociones salesianas\",\"Espiritualidad\",\"Evangelizaci\u00f3n\",\"evangelizaci\u00f3n en periferias\",\"fe y esperanza\",\"figuras religiosas contempor\u00e1neas\",\"humor y fe\",\"iglesia en Marruecos\",\"Iglesia y Mundo\",\"Los papas\",\"misi\u00f3n salesiana\",\"noticias iglesia\",\"Papa\",\"papa Le\u00f3n\",\"papables\",\"pastoral de periferias\",\"periodistas cat\u00f3licos\",\"relato familiar religioso\",\"Religiosos\",\"Salesianos\",\"sencillez y humildad\",\"tradici\u00f3n cat\u00f3lica\",\"Vida Religiosa\",\"vida sacerdotal\"],\"articleSection\":[\"Entrevistas\",\"Testimonios\"],\"inLanguage\":\"es\"},{\"@type\":\"WebPage\",\"@id\":\"https:\\\/\\\/exaudi.org\\\/es\\\/papas-papables-religiosos\\\/\",\"url\":\"https:\\\/\\\/exaudi.org\\\/es\\\/papas-papables-religiosos\\\/\",\"name\":\"Los papas y papables religiosos &#8211; Exaudi\",\"isPartOf\":{\"@id\":\"https:\\\/\\\/exaudi.org\\\/#website\"},\"primaryImageOfPage\":{\"@id\":\"https:\\\/\\\/exaudi.org\\\/es\\\/papas-papables-religiosos\\\/#primaryimage\"},\"image\":{\"@id\":\"https:\\\/\\\/exaudi.org\\\/es\\\/papas-papables-religiosos\\\/#primaryimage\"},\"thumbnailUrl\":\"https:\\\/\\\/exaudi.org\\\/wp-content\\\/uploads\\\/2025\\\/05\\\/vatican-media-live-espanol-14-1-22-screenshot-1-scaled-e1746631962328-1440x808-1.png\",\"datePublished\":\"2025-05-16T08:00:05+00:00\",\"dateModified\":\"2025-05-16T09:57:48+00:00\",\"author\":{\"@id\":\"https:\\\/\\\/exaudi.org\\\/#\\\/schema\\\/person\\\/ac92bf102c0b53544ebdec5b9d0aed18\"},\"breadcrumb\":{\"@id\":\"https:\\\/\\\/exaudi.org\\\/es\\\/papas-papables-religiosos\\\/#breadcrumb\"},\"inLanguage\":\"es\",\"potentialAction\":[{\"@type\":\"ReadAction\",\"target\":[\"https:\\\/\\\/exaudi.org\\\/es\\\/papas-papables-religiosos\\\/\"]}]},{\"@type\":\"ImageObject\",\"inLanguage\":\"es\",\"@id\":\"https:\\\/\\\/exaudi.org\\\/es\\\/papas-papables-religiosos\\\/#primaryimage\",\"url\":\"https:\\\/\\\/exaudi.org\\\/wp-content\\\/uploads\\\/2025\\\/05\\\/vatican-media-live-espanol-14-1-22-screenshot-1-scaled-e1746631962328-1440x808-1.png\",\"contentUrl\":\"https:\\\/\\\/exaudi.org\\\/wp-content\\\/uploads\\\/2025\\\/05\\\/vatican-media-live-espanol-14-1-22-screenshot-1-scaled-e1746631962328-1440x808-1.png\",\"width\":1440,\"height\":808},{\"@type\":\"BreadcrumbList\",\"@id\":\"https:\\\/\\\/exaudi.org\\\/es\\\/papas-papables-religiosos\\\/#breadcrumb\",\"itemListElement\":[{\"@type\":\"ListItem\",\"position\":1,\"name\":\"Portada\",\"item\":\"https:\\\/\\\/exaudi.org\\\/es\\\/\"},{\"@type\":\"ListItem\",\"position\":2,\"name\":\"Los papas y papables religiosos\"}]},{\"@type\":\"WebSite\",\"@id\":\"https:\\\/\\\/exaudi.org\\\/#website\",\"url\":\"https:\\\/\\\/exaudi.org\\\/\",\"name\":\"Exaudi\",\"description\":\"News\",\"potentialAction\":[{\"@type\":\"SearchAction\",\"target\":{\"@type\":\"EntryPoint\",\"urlTemplate\":\"https:\\\/\\\/exaudi.org\\\/?s={search_term_string}\"},\"query-input\":{\"@type\":\"PropertyValueSpecification\",\"valueRequired\":true,\"valueName\":\"search_term_string\"}}],\"inLanguage\":\"es\"},{\"@type\":\"Person\",\"@id\":\"https:\\\/\\\/exaudi.org\\\/#\\\/schema\\\/person\\\/ac92bf102c0b53544ebdec5b9d0aed18\",\"name\":\"Alfons Gea\",\"image\":{\"@type\":\"ImageObject\",\"inLanguage\":\"es\",\"@id\":\"https:\\\/\\\/secure.gravatar.com\\\/avatar\\\/24ebf96806e8303525f3910faa8289fe6c8726339b6a79ad483356d520db03c6?s=96&d=mm&r=g\",\"url\":\"https:\\\/\\\/secure.gravatar.com\\\/avatar\\\/24ebf96806e8303525f3910faa8289fe6c8726339b6a79ad483356d520db03c6?s=96&d=mm&r=g\",\"contentUrl\":\"https:\\\/\\\/secure.gravatar.com\\\/avatar\\\/24ebf96806e8303525f3910faa8289fe6c8726339b6a79ad483356d520db03c6?s=96&d=mm&r=g\",\"caption\":\"Alfons Gea\"},\"description\":\"Licenciado en Teolog\u00eda en Facultad de Teolog\u00eda de Barcelona (1988). Diplomado en Magisterio \u2013 profesor EGB. Universidad de Barcelona (1990). Licenciado en Psicopedagogia. Universidad Ram\u00f3n Llull, (1994). Responsable del Servicio de Atenci\u00f3n al Duelo de Funeraria Municipal de Terrassa (2001-2022). Terapeuta en Gabinete Gedi - Psicolog\u00eda aplicada (2022). P\u00e1rroco de St. Viucente de Jonquereas, de Sabadell (2012). Articulista en revistas especializadas y prensa comarcal. Formador en atenci\u00f3n al duelo de profesionales sanitarios y sociosanitarios: Trabajadoras sociales, psic\u00f3logas\\\/os, m\u00e9dicas, enfermer\u00eda, maestras (1995). Ha participado en varios programas de opini\u00f3n y debate de televisiones y radios nacionales. Anteriormente ejerci\u00f3 como asistente espiritual de los hospitales en Terrassa: San L\u00e1zaro, Mutua, y Hospital de Terrassa (1997-2018. Fue p\u00e1rroco de la parroquia Virgen de Montserrat de Terrassa (1997-2013) y responsable de Formaci\u00f3n de la Delegaci\u00f3n de Pastoral de la Salud de la di\u00f3cesis de Barcelona (1995-2005). Delegado episcopal de Pastoral de la salud de la di\u00f3cesis de Terrassa (2005-2012). Coordinador de la Pastoral de la Salud de la Conferencia episcopal catalana. Maestro de EGB, Coordinador de secundaria, subdirector de escuela, jefe de gabinete psicopedag\u00f3gico, fundador y director del Centro Sara \u2013 casa de acogida para enfermos de SIDA, educador en situaciones de riesgo social, Fundador del Taller Solidario \u2013 centro de inserci\u00f3n laboral.\",\"url\":\"https:\\\/\\\/exaudi.org\\\/es\\\/author\\\/alfonsogea\\\/\"}]}<\/script>\n<!-- \/ Yoast SEO plugin. -->","yoast_head_json":{"title":"Los papas y papables religiosos &#8211; Exaudi","robots":{"index":"index","follow":"follow","max-snippet":"max-snippet:-1","max-image-preview":"max-image-preview:large","max-video-preview":"max-video-preview:-1"},"canonical":"https:\/\/exaudi.org\/es\/papas-papables-religiosos\/","og_locale":"es_ES","og_type":"article","og_title":"Los papas y papables religiosos &#8211; Exaudi","og_description":"Mi primo el cardenal Crist\u00f3bal L\u00f3pez Romero","og_url":"https:\/\/exaudi.org\/es\/papas-papables-religiosos\/","og_site_name":"Exaudi","article_publisher":"https:\/\/www.facebook.com\/ExaudiNews","article_published_time":"2025-05-16T08:00:05+00:00","article_modified_time":"2025-05-16T09:57:48+00:00","og_image":[{"width":1440,"height":808,"url":"https:\/\/exaudi.org\/wp-content\/uploads\/2025\/05\/vatican-media-live-espanol-14-1-22-screenshot-1-scaled-e1746631962328-1440x808-1.png","type":"image\/png"}],"author":"Alfons Gea","twitter_card":"summary_large_image","twitter_creator":"@Exaudi_News","twitter_site":"@Exaudi_News","twitter_misc":{"Escrito por":"Alfons Gea","Tiempo de lectura":"20 minutos"},"schema":{"@context":"https:\/\/schema.org","@graph":[{"@type":"Article","@id":"https:\/\/exaudi.org\/es\/papas-papables-religiosos\/#article","isPartOf":{"@id":"https:\/\/exaudi.org\/es\/papas-papables-religiosos\/"},"author":{"name":"Alfons Gea","@id":"https:\/\/exaudi.org\/#\/schema\/person\/ac92bf102c0b53544ebdec5b9d0aed18"},"headline":"Los papas y papables religiosos","datePublished":"2025-05-16T08:00:05+00:00","dateModified":"2025-05-16T09:57:48+00:00","mainEntityOfPage":{"@id":"https:\/\/exaudi.org\/es\/papas-papables-religiosos\/"},"wordCount":4072,"image":{"@id":"https:\/\/exaudi.org\/es\/papas-papables-religiosos\/#primaryimage"},"thumbnailUrl":"https:\/\/exaudi.org\/wp-content\/uploads\/2025\/05\/vatican-media-live-espanol-14-1-22-screenshot-1-scaled-e1746631962328-1440x808-1.png","keywords":["cardenal Crist\u00f3bal L\u00f3pez Romero","cardenales espa\u00f1oles","comunicaci\u00f3n religiosa","C\u00f3nclave","congregaciones religiosas","devociones salesianas","Espiritualidad","Evangelizaci\u00f3n","evangelizaci\u00f3n en periferias","fe y esperanza","figuras religiosas contempor\u00e1neas","humor y fe","iglesia en Marruecos","Iglesia y Mundo","Los papas","misi\u00f3n salesiana","noticias iglesia","Papa","papa Le\u00f3n","papables","pastoral de periferias","periodistas cat\u00f3licos","relato familiar religioso","Religiosos","Salesianos","sencillez y humildad","tradici\u00f3n cat\u00f3lica","Vida Religiosa","vida sacerdotal"],"articleSection":["Entrevistas","Testimonios"],"inLanguage":"es"},{"@type":"WebPage","@id":"https:\/\/exaudi.org\/es\/papas-papables-religiosos\/","url":"https:\/\/exaudi.org\/es\/papas-papables-religiosos\/","name":"Los papas y papables religiosos &#8211; Exaudi","isPartOf":{"@id":"https:\/\/exaudi.org\/#website"},"primaryImageOfPage":{"@id":"https:\/\/exaudi.org\/es\/papas-papables-religiosos\/#primaryimage"},"image":{"@id":"https:\/\/exaudi.org\/es\/papas-papables-religiosos\/#primaryimage"},"thumbnailUrl":"https:\/\/exaudi.org\/wp-content\/uploads\/2025\/05\/vatican-media-live-espanol-14-1-22-screenshot-1-scaled-e1746631962328-1440x808-1.png","datePublished":"2025-05-16T08:00:05+00:00","dateModified":"2025-05-16T09:57:48+00:00","author":{"@id":"https:\/\/exaudi.org\/#\/schema\/person\/ac92bf102c0b53544ebdec5b9d0aed18"},"breadcrumb":{"@id":"https:\/\/exaudi.org\/es\/papas-papables-religiosos\/#breadcrumb"},"inLanguage":"es","potentialAction":[{"@type":"ReadAction","target":["https:\/\/exaudi.org\/es\/papas-papables-religiosos\/"]}]},{"@type":"ImageObject","inLanguage":"es","@id":"https:\/\/exaudi.org\/es\/papas-papables-religiosos\/#primaryimage","url":"https:\/\/exaudi.org\/wp-content\/uploads\/2025\/05\/vatican-media-live-espanol-14-1-22-screenshot-1-scaled-e1746631962328-1440x808-1.png","contentUrl":"https:\/\/exaudi.org\/wp-content\/uploads\/2025\/05\/vatican-media-live-espanol-14-1-22-screenshot-1-scaled-e1746631962328-1440x808-1.png","width":1440,"height":808},{"@type":"BreadcrumbList","@id":"https:\/\/exaudi.org\/es\/papas-papables-religiosos\/#breadcrumb","itemListElement":[{"@type":"ListItem","position":1,"name":"Portada","item":"https:\/\/exaudi.org\/es\/"},{"@type":"ListItem","position":2,"name":"Los papas y papables religiosos"}]},{"@type":"WebSite","@id":"https:\/\/exaudi.org\/#website","url":"https:\/\/exaudi.org\/","name":"Exaudi","description":"News","potentialAction":[{"@type":"SearchAction","target":{"@type":"EntryPoint","urlTemplate":"https:\/\/exaudi.org\/?s={search_term_string}"},"query-input":{"@type":"PropertyValueSpecification","valueRequired":true,"valueName":"search_term_string"}}],"inLanguage":"es"},{"@type":"Person","@id":"https:\/\/exaudi.org\/#\/schema\/person\/ac92bf102c0b53544ebdec5b9d0aed18","name":"Alfons Gea","image":{"@type":"ImageObject","inLanguage":"es","@id":"https:\/\/secure.gravatar.com\/avatar\/24ebf96806e8303525f3910faa8289fe6c8726339b6a79ad483356d520db03c6?s=96&d=mm&r=g","url":"https:\/\/secure.gravatar.com\/avatar\/24ebf96806e8303525f3910faa8289fe6c8726339b6a79ad483356d520db03c6?s=96&d=mm&r=g","contentUrl":"https:\/\/secure.gravatar.com\/avatar\/24ebf96806e8303525f3910faa8289fe6c8726339b6a79ad483356d520db03c6?s=96&d=mm&r=g","caption":"Alfons Gea"},"description":"Licenciado en Teolog\u00eda en Facultad de Teolog\u00eda de Barcelona (1988). Diplomado en Magisterio \u2013 profesor EGB. Universidad de Barcelona (1990). Licenciado en Psicopedagogia. Universidad Ram\u00f3n Llull, (1994). Responsable del Servicio de Atenci\u00f3n al Duelo de Funeraria Municipal de Terrassa (2001-2022). Terapeuta en Gabinete Gedi - Psicolog\u00eda aplicada (2022). P\u00e1rroco de St. Viucente de Jonquereas, de Sabadell (2012). Articulista en revistas especializadas y prensa comarcal. Formador en atenci\u00f3n al duelo de profesionales sanitarios y sociosanitarios: Trabajadoras sociales, psic\u00f3logas\/os, m\u00e9dicas, enfermer\u00eda, maestras (1995). Ha participado en varios programas de opini\u00f3n y debate de televisiones y radios nacionales. Anteriormente ejerci\u00f3 como asistente espiritual de los hospitales en Terrassa: San L\u00e1zaro, Mutua, y Hospital de Terrassa (1997-2018. Fue p\u00e1rroco de la parroquia Virgen de Montserrat de Terrassa (1997-2013) y responsable de Formaci\u00f3n de la Delegaci\u00f3n de Pastoral de la Salud de la di\u00f3cesis de Barcelona (1995-2005). Delegado episcopal de Pastoral de la salud de la di\u00f3cesis de Terrassa (2005-2012). Coordinador de la Pastoral de la Salud de la Conferencia episcopal catalana. Maestro de EGB, Coordinador de secundaria, subdirector de escuela, jefe de gabinete psicopedag\u00f3gico, fundador y director del Centro Sara \u2013 casa de acogida para enfermos de SIDA, educador en situaciones de riesgo social, Fundador del Taller Solidario \u2013 centro de inserci\u00f3n laboral.","url":"https:\/\/exaudi.org\/es\/author\/alfonsogea\/"}]}},"jetpack_featured_media_url":"https:\/\/exaudi.org\/wp-content\/uploads\/2025\/05\/vatican-media-live-espanol-14-1-22-screenshot-1-scaled-e1746631962328-1440x808-1.png","jetpack_shortlink":"https:\/\/wp.me\/pgKjF2-wOq","_links":{"self":[{"href":"https:\/\/exaudi.org\/es\/wp-json\/wp\/v2\/posts\/126134","targetHints":{"allow":["GET"]}}],"collection":[{"href":"https:\/\/exaudi.org\/es\/wp-json\/wp\/v2\/posts"}],"about":[{"href":"https:\/\/exaudi.org\/es\/wp-json\/wp\/v2\/types\/post"}],"author":[{"embeddable":true,"href":"https:\/\/exaudi.org\/es\/wp-json\/wp\/v2\/users\/77"}],"replies":[{"embeddable":true,"href":"https:\/\/exaudi.org\/es\/wp-json\/wp\/v2\/comments?post=126134"}],"version-history":[{"count":0,"href":"https:\/\/exaudi.org\/es\/wp-json\/wp\/v2\/posts\/126134\/revisions"}],"wp:featuredmedia":[{"embeddable":true,"href":"https:\/\/exaudi.org\/es\/wp-json\/wp\/v2\/media\/126135"}],"wp:attachment":[{"href":"https:\/\/exaudi.org\/es\/wp-json\/wp\/v2\/media?parent=126134"}],"wp:term":[{"taxonomy":"category","embeddable":true,"href":"https:\/\/exaudi.org\/es\/wp-json\/wp\/v2\/categories?post=126134"},{"taxonomy":"post_tag","embeddable":true,"href":"https:\/\/exaudi.org\/es\/wp-json\/wp\/v2\/tags?post=126134"}],"curies":[{"name":"wp","href":"https:\/\/api.w.org\/{rel}","templated":true}]}}