{"id":126123,"date":"2025-05-16T08:30:48","date_gmt":"2025-05-16T06:30:48","guid":{"rendered":"https:\/\/exaudi.org\/?p=126123"},"modified":"2025-05-16T09:14:19","modified_gmt":"2025-05-16T07:14:19","slug":"quien-es-nuevo-papa-enrique-cases","status":"publish","type":"post","link":"https:\/\/exaudi.org\/es\/quien-es-nuevo-papa-enrique-cases\/","title":{"rendered":"\u00bfQui\u00e9n es el nuevo Papa?"},"content":{"rendered":"<p class=\"\" data-start=\"198\" data-end=\"530\">La expectaci\u00f3n ante el c\u00f3nclave para elegir al Papa sucesor de Francisco ha sido enorme, no solo en los medios de comunicaci\u00f3n, entre pol\u00edticos y pensadores, sino tambi\u00e9n en la televisi\u00f3n, diarios y redes sociales. Tanto creyentes como no creyentes han seguido este acontecimiento con respeto, sin burlas ni cr\u00edticas anticlericales.<\/p>\n<p><iframe title=\"Spotify Embed: \u00bfQui\u00e9n es el nuevo Papa?\" style=\"border-radius: 12px\" width=\"100%\" height=\"152\" frameborder=\"0\" allowfullscreen allow=\"autoplay; clipboard-write; encrypted-media; fullscreen; picture-in-picture\" loading=\"lazy\" src=\"https:\/\/open.spotify.com\/embed\/episode\/5xyqtULAb4urKQHgT3yMDK?si=b9e045ab72494b51&#038;utm_source=oembed\"><\/iframe><\/p>\n<p class=\"\" data-start=\"532\" data-end=\"895\">Seg\u00fan el Padre Enrique Cases, esta actitud general refleja la percepci\u00f3n de que el mundo atraviesa una crisis grave. Hace d\u00e9cadas, algunos intelectuales ya hab\u00edan advertido un cambio de \u00e9poca, una crisis epocal. En este contexto, la gente busca autoridades morales e intelectuales que puedan ofrecer soluciones, y el papado mantiene una autoridad moral indudable.<\/p>\n<p class=\"\" data-start=\"897\" data-end=\"1334\">Esta crisis se manifiesta en la multiplicidad de guerras y conflictos armados, as\u00ed como en una crisis moral profunda, especialmente en Occidente. Ante esta realidad, el Papa se convierte en una figura fundamental. El Papa Le\u00f3n XIV es un ejemplo importante, y el nuevo Papa, cuya trayectoria combina formaci\u00f3n intelectual y experiencia pastoral en Am\u00e9rica y en la Curia romana, suscita simpat\u00eda por su car\u00e1cter reflexivo y su preparaci\u00f3n.<\/p>\n<p class=\"\" data-start=\"1336\" data-end=\"1634\">El Papa act\u00faa con libertad, pero su misi\u00f3n principal, encomendada por Jesucristo, es confirmar en la fe a sus hermanos. A lo largo de la historia, los 267 Papas han protegido la fe sin error teol\u00f3gico o moral, lo que el Padre Cases considera un milagro, fruto de la ayuda divina a hombres falibles.<\/p>\n<p class=\"\" data-start=\"1636\" data-end=\"1858\">Cada Papa tiene su estilo y forma de actuar: Francisco, extrovertido y cercano; Benedicto XVI, reservado e intelectual; Juan Pablo II, un fil\u00f3sofo m\u00edstico. Esta diversidad enriquece la Iglesia y atrae a distintas personas.<\/p>\n<p class=\"\" data-start=\"1860\" data-end=\"2086\">La elecci\u00f3n del Papa es tambi\u00e9n obra del Esp\u00edritu Santo, aunque los cardenales eligen libremente. Los cat\u00f3licos deben apoyar al Papa con obediencia y oraci\u00f3n, confiando en que estas oraciones tienen efectos reales y concretos.<\/p>\n<p class=\"\" data-start=\"2088\" data-end=\"2484\">Un ejemplo reciente es la canonizaci\u00f3n pendiente de Carlo Acutis, un joven italiano cuya tumba en As\u00eds ha atra\u00eddo a un mill\u00f3n de personas y ha sido testigo de numerosos milagros atribuidos a su intercesi\u00f3n. Esto confirma, seg\u00fan el Padre Cases, que el mundo necesita cambios profundos y que la fe y la oraci\u00f3n son herramientas esenciales para superar las divisiones que tanto da\u00f1an a la humanidad.<\/p>\n<p class=\"\" data-start=\"2486\" data-end=\"2716\">Finalmente, el Padre Enrique Cases nos invita a unirnos con fe y esperanza en esta nueva etapa de la Iglesia, con la frase en lat\u00edn que resume su mensaje:<br data-start=\"2640\" data-end=\"2643\" \/><strong data-start=\"2643\" data-end=\"2677\">Omnis cum Petro, et per Mariam<\/strong> \u2014 Todos con Pedro y a Jes\u00fas por Mar\u00eda.<\/p>\n<p><iframe loading=\"lazy\" title=\"\u00bfQui\u00e9n es el nuevo Papa?\" width=\"500\" height=\"281\" src=\"https:\/\/www.youtube.com\/embed\/oA5efa06aK8?feature=oembed\" frameborder=\"0\" allow=\"accelerometer; autoplay; clipboard-write; encrypted-media; gyroscope; picture-in-picture; web-share\" referrerpolicy=\"strict-origin-when-cross-origin\" allowfullscreen><\/iframe><\/p>\n<p><img loading=\"lazy\" decoding=\"async\" class=\"size-full wp-image-126131 alignnone\" src=\"https:\/\/exaudi.org\/wp-content\/uploads\/2025\/05\/Voces-1-3.jpg\" alt=\"\" width=\"940\" height=\"788\" srcset=\"https:\/\/exaudi.org\/wp-content\/uploads\/2025\/05\/Voces-1-3.jpg 940w, https:\/\/exaudi.org\/wp-content\/uploads\/2025\/05\/Voces-1-3-300x251.jpg 300w, https:\/\/exaudi.org\/wp-content\/uploads\/2025\/05\/Voces-1-3-770x645.jpg 770w, https:\/\/exaudi.org\/wp-content\/uploads\/2025\/05\/Voces-1-3-500x419.jpg 500w\" sizes=\"auto, (max-width: 940px) 100vw, 940px\" \/><\/p>\n<p>&nbsp;<\/p>\n","protected":false},"excerpt":{"rendered":"<p>La esperanza y el significado de la elecci\u00f3n del nuevo Papa<\/p>\n","protected":false},"author":15,"featured_media":126124,"comment_status":"closed","ping_status":"closed","sticky":false,"template":"","format":"standard","meta":{"_acf_changed":false,"_crdt_document":"","inline_featured_image":false,"footnotes":""},"categories":[130],"tags":[59418,20076,49008,16413,1940,59415,13732,59414,17568,46365,59416,448,15371,25524,55101,19213,449,51889,8310,48964,47284,22344,59413,8038,158,13222,58111,55104,18190,56623,46804,4953,59417,19540],"class_list":["post-126123","post","type-post","status-publish","format-standard","has-post-thumbnail","hentry","category-voces","tag-actualidad-catolica","tag-autoridad-moral","tag-cambios-en-la-iglesia","tag-canonizacion-carlo-acutis","tag-cardenales","tag-conclave-papal","tag-crisis-moral","tag-crisis-mundial","tag-devocion-mariana","tag-eleccion-del-papa","tag-esperanza-religiosa","tag-espiritu-santo","tag-fe-catolica","tag-fe-y-esperanza","tag-habemus-papam","tag-historia-de-la-iglesia","tag-iglesia-catolica","tag-liderazgo-espiritual","tag-milagros","tag-mision-del-papa","tag-noticias-iglesia","tag-oracion-catolica","tag-padre-enrique-cases","tag-papa-benedicto-xvi","tag-papa-francisco","tag-papa-juan-pablo-ii","tag-papa-leon-xiv","tag-papa-nuevo","tag-papado","tag-reforma-iglesia","tag-sucesor-de-pedro","tag-trending-es","tag-unidad-catolica","tag-valores-cristianos"],"acf":[],"yoast_head":"<!-- This site is optimized with the Yoast SEO plugin v27.5 - https:\/\/yoast.com\/product\/yoast-seo-wordpress\/ -->\n<title>\u00bfQui\u00e9n es el nuevo Papa? &#8211; Exaudi<\/title>\n<meta name=\"robots\" content=\"index, follow, max-snippet:-1, max-image-preview:large, max-video-preview:-1\" \/>\n<link rel=\"canonical\" href=\"https:\/\/exaudi.org\/es\/quien-es-nuevo-papa-enrique-cases\/\" \/>\n<meta property=\"og:locale\" content=\"es_ES\" \/>\n<meta property=\"og:type\" content=\"article\" \/>\n<meta property=\"og:title\" content=\"\u00bfQui\u00e9n es el nuevo Papa? &#8211; Exaudi\" \/>\n<meta property=\"og:description\" content=\"La esperanza y el significado de la elecci\u00f3n del nuevo Papa\" \/>\n<meta property=\"og:url\" content=\"https:\/\/exaudi.org\/es\/quien-es-nuevo-papa-enrique-cases\/\" \/>\n<meta property=\"og:site_name\" content=\"Exaudi\" \/>\n<meta property=\"article:publisher\" content=\"https:\/\/www.facebook.com\/ExaudiNews\" \/>\n<meta property=\"article:author\" content=\"https:\/\/www.facebook.com\/ExaudiNoticias\/\" \/>\n<meta property=\"article:published_time\" content=\"2025-05-16T06:30:48+00:00\" \/>\n<meta property=\"article:modified_time\" content=\"2025-05-16T07:14:19+00:00\" \/>\n<meta property=\"og:image\" content=\"https:\/\/exaudi.org\/wp-content\/uploads\/2025\/05\/497274592_17846551581473586_7344026589547326651_n-e1747309737892.jpg\" \/>\n\t<meta property=\"og:image:width\" content=\"853\" \/>\n\t<meta property=\"og:image:height\" content=\"492\" \/>\n\t<meta property=\"og:image:type\" content=\"image\/jpeg\" \/>\n<meta name=\"author\" content=\"Exaudi Redacci\u00f3n\" \/>\n<meta name=\"twitter:card\" content=\"summary_large_image\" \/>\n<meta name=\"twitter:creator\" content=\"@Exaudi_noticias\" \/>\n<meta name=\"twitter:site\" content=\"@Exaudi_News\" \/>\n<meta name=\"twitter:label1\" content=\"Escrito por\" \/>\n\t<meta name=\"twitter:data1\" content=\"Exaudi Redacci\u00f3n\" \/>\n\t<meta name=\"twitter:label2\" content=\"Tiempo de lectura\" \/>\n\t<meta name=\"twitter:data2\" content=\"2 minutos\" \/>\n<script type=\"application\/ld+json\" class=\"yoast-schema-graph\">{\"@context\":\"https:\\\/\\\/schema.org\",\"@graph\":[{\"@type\":\"Article\",\"@id\":\"https:\\\/\\\/exaudi.org\\\/es\\\/quien-es-nuevo-papa-enrique-cases\\\/#article\",\"isPartOf\":{\"@id\":\"https:\\\/\\\/exaudi.org\\\/es\\\/quien-es-nuevo-papa-enrique-cases\\\/\"},\"author\":{\"name\":\"Exaudi Redacci\u00f3n\",\"@id\":\"https:\\\/\\\/exaudi.org\\\/#\\\/schema\\\/person\\\/f5fc8f063065e38742da7afe15f25df7\"},\"headline\":\"\u00bfQui\u00e9n es el nuevo Papa?\",\"datePublished\":\"2025-05-16T06:30:48+00:00\",\"dateModified\":\"2025-05-16T07:14:19+00:00\",\"mainEntityOfPage\":{\"@id\":\"https:\\\/\\\/exaudi.org\\\/es\\\/quien-es-nuevo-papa-enrique-cases\\\/\"},\"wordCount\":474,\"image\":{\"@id\":\"https:\\\/\\\/exaudi.org\\\/es\\\/quien-es-nuevo-papa-enrique-cases\\\/#primaryimage\"},\"thumbnailUrl\":\"https:\\\/\\\/exaudi.org\\\/wp-content\\\/uploads\\\/2025\\\/05\\\/497274592_17846551581473586_7344026589547326651_n-e1747309737892.jpg\",\"keywords\":[\"actualidad cat\u00f3lica\",\"autoridad moral\",\"cambios en la Iglesia\",\"canonizaci\u00f3n Carlo Acutis\",\"Cardenales\",\"c\u00f3nclave papal\",\"Crisis moral\",\"crisis mundial\",\"Devoci\u00f3n mariana\",\"elecci\u00f3n del Papa\",\"esperanza religiosa\",\"Esp\u00edritu Santo\",\"Fe cat\u00f3lica\",\"fe y esperanza\",\"habemus papam\",\"historia de la Iglesia\",\"Iglesia cat\u00f3lica\",\"liderazgo espiritual\",\"Milagros\",\"misi\u00f3n del Papa\",\"noticias iglesia\",\"oraci\u00f3n cat\u00f3lica\",\"Padre Enrique Cases\",\"Papa Benedicto XVI\",\"papa francisco\",\"PAPA JUAN PABLO II\",\"papa le\u00f3n xiv\",\"papa nuevo\",\"Papado\",\"reforma Iglesia\",\"Sucesor de Pedro\",\"Trending\",\"unidad cat\u00f3lica\",\"valores cristianos\"],\"articleSection\":[\"Voces\"],\"inLanguage\":\"es\"},{\"@type\":\"WebPage\",\"@id\":\"https:\\\/\\\/exaudi.org\\\/es\\\/quien-es-nuevo-papa-enrique-cases\\\/\",\"url\":\"https:\\\/\\\/exaudi.org\\\/es\\\/quien-es-nuevo-papa-enrique-cases\\\/\",\"name\":\"\u00bfQui\u00e9n es el nuevo Papa? &#8211; Exaudi\",\"isPartOf\":{\"@id\":\"https:\\\/\\\/exaudi.org\\\/#website\"},\"primaryImageOfPage\":{\"@id\":\"https:\\\/\\\/exaudi.org\\\/es\\\/quien-es-nuevo-papa-enrique-cases\\\/#primaryimage\"},\"image\":{\"@id\":\"https:\\\/\\\/exaudi.org\\\/es\\\/quien-es-nuevo-papa-enrique-cases\\\/#primaryimage\"},\"thumbnailUrl\":\"https:\\\/\\\/exaudi.org\\\/wp-content\\\/uploads\\\/2025\\\/05\\\/497274592_17846551581473586_7344026589547326651_n-e1747309737892.jpg\",\"datePublished\":\"2025-05-16T06:30:48+00:00\",\"dateModified\":\"2025-05-16T07:14:19+00:00\",\"author\":{\"@id\":\"https:\\\/\\\/exaudi.org\\\/#\\\/schema\\\/person\\\/f5fc8f063065e38742da7afe15f25df7\"},\"breadcrumb\":{\"@id\":\"https:\\\/\\\/exaudi.org\\\/es\\\/quien-es-nuevo-papa-enrique-cases\\\/#breadcrumb\"},\"inLanguage\":\"es\",\"potentialAction\":[{\"@type\":\"ReadAction\",\"target\":[\"https:\\\/\\\/exaudi.org\\\/es\\\/quien-es-nuevo-papa-enrique-cases\\\/\"]}]},{\"@type\":\"ImageObject\",\"inLanguage\":\"es\",\"@id\":\"https:\\\/\\\/exaudi.org\\\/es\\\/quien-es-nuevo-papa-enrique-cases\\\/#primaryimage\",\"url\":\"https:\\\/\\\/exaudi.org\\\/wp-content\\\/uploads\\\/2025\\\/05\\\/497274592_17846551581473586_7344026589547326651_n-e1747309737892.jpg\",\"contentUrl\":\"https:\\\/\\\/exaudi.org\\\/wp-content\\\/uploads\\\/2025\\\/05\\\/497274592_17846551581473586_7344026589547326651_n-e1747309737892.jpg\",\"width\":853,\"height\":492},{\"@type\":\"BreadcrumbList\",\"@id\":\"https:\\\/\\\/exaudi.org\\\/es\\\/quien-es-nuevo-papa-enrique-cases\\\/#breadcrumb\",\"itemListElement\":[{\"@type\":\"ListItem\",\"position\":1,\"name\":\"Portada\",\"item\":\"https:\\\/\\\/exaudi.org\\\/es\\\/\"},{\"@type\":\"ListItem\",\"position\":2,\"name\":\"\u00bfQui\u00e9n es el nuevo Papa?\"}]},{\"@type\":\"WebSite\",\"@id\":\"https:\\\/\\\/exaudi.org\\\/#website\",\"url\":\"https:\\\/\\\/exaudi.org\\\/\",\"name\":\"Exaudi\",\"description\":\"News\",\"potentialAction\":[{\"@type\":\"SearchAction\",\"target\":{\"@type\":\"EntryPoint\",\"urlTemplate\":\"https:\\\/\\\/exaudi.org\\\/?s={search_term_string}\"},\"query-input\":{\"@type\":\"PropertyValueSpecification\",\"valueRequired\":true,\"valueName\":\"search_term_string\"}}],\"inLanguage\":\"es\"},{\"@type\":\"Person\",\"@id\":\"https:\\\/\\\/exaudi.org\\\/#\\\/schema\\\/person\\\/f5fc8f063065e38742da7afe15f25df7\",\"name\":\"Exaudi Redacci\u00f3n\",\"image\":{\"@type\":\"ImageObject\",\"inLanguage\":\"es\",\"@id\":\"https:\\\/\\\/secure.gravatar.com\\\/avatar\\\/fe0f6a059fb68d9b3e11bc5850dd4899b1c7492091a3cb6dd9b01b56ad828be2?s=96&d=mm&r=g\",\"url\":\"https:\\\/\\\/secure.gravatar.com\\\/avatar\\\/fe0f6a059fb68d9b3e11bc5850dd4899b1c7492091a3cb6dd9b01b56ad828be2?s=96&d=mm&r=g\",\"contentUrl\":\"https:\\\/\\\/secure.gravatar.com\\\/avatar\\\/fe0f6a059fb68d9b3e11bc5850dd4899b1c7492091a3cb6dd9b01b56ad828be2?s=96&d=mm&r=g\",\"caption\":\"Exaudi Redacci\u00f3n\"},\"description\":\"\u00bfQu\u00e9 es Exaudi News? Exaudi News es un medio de comunicaci\u00f3n cat\u00f3lico internacional que informa, forma y transforma, diariamente en espa\u00f1ol, ingl\u00e9s e italiano. A trav\u00e9s de noticias, art\u00edculos de an\u00e1lisis y transmisiones en directo de los eventos del Papa, Exaudi busca fortalecer la unidad de los cristianos y contribuir a la evangelizaci\u00f3n del mundo, siempre guiados por la doctrina social de la Iglesia. Trabajamos para acercar la verdad y los valores cristianos a cada rinc\u00f3n del planeta. \u00a1Ay\u00fadanos a transformar el mundo con Exaudi! En Exaudi creemos que la evangelizaci\u00f3n y la informaci\u00f3n de calidad pueden cambiar vidas. Para continuar con nuestra misi\u00f3n y expandir nuestro alcance, necesitamos tu ayuda. Adem\u00e1s, buscamos personas comprometidas que deseen unirse a nuestro equipo. Con tu apoyo, lograremos llegar a m\u00e1s personas, difundir el mensaje de Cristo y reforzar la unidad de los cristianos. \u00bfTe unes a nuestra misi\u00f3n? Para m\u00e1s informaci\u00f3n sobre c\u00f3mo colaborar, visita Exaudi.org\\\/es o cont\u00e1ctanos directamente: info@exaudi.org Exaudi: Informa, forma y transforma.\",\"sameAs\":[\"https:\\\/\\\/www.facebook.com\\\/ExaudiNoticias\\\/\",\"https:\\\/\\\/www.instagram.com\\\/exaudi_noticias\\\/\",\"https:\\\/\\\/x.com\\\/Exaudi_noticias\",\"https:\\\/\\\/www.youtube.com\\\/@exaudicatholicnews\"],\"url\":\"https:\\\/\\\/exaudi.org\\\/es\\\/author\\\/redaccionexaudi\\\/\"}]}<\/script>\n<!-- \/ Yoast SEO plugin. -->","yoast_head_json":{"title":"\u00bfQui\u00e9n es el nuevo Papa? &#8211; Exaudi","robots":{"index":"index","follow":"follow","max-snippet":"max-snippet:-1","max-image-preview":"max-image-preview:large","max-video-preview":"max-video-preview:-1"},"canonical":"https:\/\/exaudi.org\/es\/quien-es-nuevo-papa-enrique-cases\/","og_locale":"es_ES","og_type":"article","og_title":"\u00bfQui\u00e9n es el nuevo Papa? &#8211; Exaudi","og_description":"La esperanza y el significado de la elecci\u00f3n del nuevo Papa","og_url":"https:\/\/exaudi.org\/es\/quien-es-nuevo-papa-enrique-cases\/","og_site_name":"Exaudi","article_publisher":"https:\/\/www.facebook.com\/ExaudiNews","article_author":"https:\/\/www.facebook.com\/ExaudiNoticias\/","article_published_time":"2025-05-16T06:30:48+00:00","article_modified_time":"2025-05-16T07:14:19+00:00","og_image":[{"width":853,"height":492,"url":"https:\/\/exaudi.org\/wp-content\/uploads\/2025\/05\/497274592_17846551581473586_7344026589547326651_n-e1747309737892.jpg","type":"image\/jpeg"}],"author":"Exaudi Redacci\u00f3n","twitter_card":"summary_large_image","twitter_creator":"@Exaudi_noticias","twitter_site":"@Exaudi_News","twitter_misc":{"Escrito por":"Exaudi Redacci\u00f3n","Tiempo de lectura":"2 minutos"},"schema":{"@context":"https:\/\/schema.org","@graph":[{"@type":"Article","@id":"https:\/\/exaudi.org\/es\/quien-es-nuevo-papa-enrique-cases\/#article","isPartOf":{"@id":"https:\/\/exaudi.org\/es\/quien-es-nuevo-papa-enrique-cases\/"},"author":{"name":"Exaudi Redacci\u00f3n","@id":"https:\/\/exaudi.org\/#\/schema\/person\/f5fc8f063065e38742da7afe15f25df7"},"headline":"\u00bfQui\u00e9n es el nuevo Papa?","datePublished":"2025-05-16T06:30:48+00:00","dateModified":"2025-05-16T07:14:19+00:00","mainEntityOfPage":{"@id":"https:\/\/exaudi.org\/es\/quien-es-nuevo-papa-enrique-cases\/"},"wordCount":474,"image":{"@id":"https:\/\/exaudi.org\/es\/quien-es-nuevo-papa-enrique-cases\/#primaryimage"},"thumbnailUrl":"https:\/\/exaudi.org\/wp-content\/uploads\/2025\/05\/497274592_17846551581473586_7344026589547326651_n-e1747309737892.jpg","keywords":["actualidad cat\u00f3lica","autoridad moral","cambios en la Iglesia","canonizaci\u00f3n Carlo Acutis","Cardenales","c\u00f3nclave papal","Crisis moral","crisis mundial","Devoci\u00f3n mariana","elecci\u00f3n del Papa","esperanza religiosa","Esp\u00edritu Santo","Fe cat\u00f3lica","fe y esperanza","habemus papam","historia de la Iglesia","Iglesia cat\u00f3lica","liderazgo espiritual","Milagros","misi\u00f3n del Papa","noticias iglesia","oraci\u00f3n cat\u00f3lica","Padre Enrique Cases","Papa Benedicto XVI","papa francisco","PAPA JUAN PABLO II","papa le\u00f3n xiv","papa nuevo","Papado","reforma Iglesia","Sucesor de Pedro","Trending","unidad cat\u00f3lica","valores cristianos"],"articleSection":["Voces"],"inLanguage":"es"},{"@type":"WebPage","@id":"https:\/\/exaudi.org\/es\/quien-es-nuevo-papa-enrique-cases\/","url":"https:\/\/exaudi.org\/es\/quien-es-nuevo-papa-enrique-cases\/","name":"\u00bfQui\u00e9n es el nuevo Papa? &#8211; Exaudi","isPartOf":{"@id":"https:\/\/exaudi.org\/#website"},"primaryImageOfPage":{"@id":"https:\/\/exaudi.org\/es\/quien-es-nuevo-papa-enrique-cases\/#primaryimage"},"image":{"@id":"https:\/\/exaudi.org\/es\/quien-es-nuevo-papa-enrique-cases\/#primaryimage"},"thumbnailUrl":"https:\/\/exaudi.org\/wp-content\/uploads\/2025\/05\/497274592_17846551581473586_7344026589547326651_n-e1747309737892.jpg","datePublished":"2025-05-16T06:30:48+00:00","dateModified":"2025-05-16T07:14:19+00:00","author":{"@id":"https:\/\/exaudi.org\/#\/schema\/person\/f5fc8f063065e38742da7afe15f25df7"},"breadcrumb":{"@id":"https:\/\/exaudi.org\/es\/quien-es-nuevo-papa-enrique-cases\/#breadcrumb"},"inLanguage":"es","potentialAction":[{"@type":"ReadAction","target":["https:\/\/exaudi.org\/es\/quien-es-nuevo-papa-enrique-cases\/"]}]},{"@type":"ImageObject","inLanguage":"es","@id":"https:\/\/exaudi.org\/es\/quien-es-nuevo-papa-enrique-cases\/#primaryimage","url":"https:\/\/exaudi.org\/wp-content\/uploads\/2025\/05\/497274592_17846551581473586_7344026589547326651_n-e1747309737892.jpg","contentUrl":"https:\/\/exaudi.org\/wp-content\/uploads\/2025\/05\/497274592_17846551581473586_7344026589547326651_n-e1747309737892.jpg","width":853,"height":492},{"@type":"BreadcrumbList","@id":"https:\/\/exaudi.org\/es\/quien-es-nuevo-papa-enrique-cases\/#breadcrumb","itemListElement":[{"@type":"ListItem","position":1,"name":"Portada","item":"https:\/\/exaudi.org\/es\/"},{"@type":"ListItem","position":2,"name":"\u00bfQui\u00e9n es el nuevo Papa?"}]},{"@type":"WebSite","@id":"https:\/\/exaudi.org\/#website","url":"https:\/\/exaudi.org\/","name":"Exaudi","description":"News","potentialAction":[{"@type":"SearchAction","target":{"@type":"EntryPoint","urlTemplate":"https:\/\/exaudi.org\/?s={search_term_string}"},"query-input":{"@type":"PropertyValueSpecification","valueRequired":true,"valueName":"search_term_string"}}],"inLanguage":"es"},{"@type":"Person","@id":"https:\/\/exaudi.org\/#\/schema\/person\/f5fc8f063065e38742da7afe15f25df7","name":"Exaudi Redacci\u00f3n","image":{"@type":"ImageObject","inLanguage":"es","@id":"https:\/\/secure.gravatar.com\/avatar\/fe0f6a059fb68d9b3e11bc5850dd4899b1c7492091a3cb6dd9b01b56ad828be2?s=96&d=mm&r=g","url":"https:\/\/secure.gravatar.com\/avatar\/fe0f6a059fb68d9b3e11bc5850dd4899b1c7492091a3cb6dd9b01b56ad828be2?s=96&d=mm&r=g","contentUrl":"https:\/\/secure.gravatar.com\/avatar\/fe0f6a059fb68d9b3e11bc5850dd4899b1c7492091a3cb6dd9b01b56ad828be2?s=96&d=mm&r=g","caption":"Exaudi Redacci\u00f3n"},"description":"\u00bfQu\u00e9 es Exaudi News? Exaudi News es un medio de comunicaci\u00f3n cat\u00f3lico internacional que informa, forma y transforma, diariamente en espa\u00f1ol, ingl\u00e9s e italiano. A trav\u00e9s de noticias, art\u00edculos de an\u00e1lisis y transmisiones en directo de los eventos del Papa, Exaudi busca fortalecer la unidad de los cristianos y contribuir a la evangelizaci\u00f3n del mundo, siempre guiados por la doctrina social de la Iglesia. Trabajamos para acercar la verdad y los valores cristianos a cada rinc\u00f3n del planeta. \u00a1Ay\u00fadanos a transformar el mundo con Exaudi! En Exaudi creemos que la evangelizaci\u00f3n y la informaci\u00f3n de calidad pueden cambiar vidas. Para continuar con nuestra misi\u00f3n y expandir nuestro alcance, necesitamos tu ayuda. Adem\u00e1s, buscamos personas comprometidas que deseen unirse a nuestro equipo. Con tu apoyo, lograremos llegar a m\u00e1s personas, difundir el mensaje de Cristo y reforzar la unidad de los cristianos. \u00bfTe unes a nuestra misi\u00f3n? Para m\u00e1s informaci\u00f3n sobre c\u00f3mo colaborar, visita Exaudi.org\/es o cont\u00e1ctanos directamente: info@exaudi.org Exaudi: Informa, forma y transforma.","sameAs":["https:\/\/www.facebook.com\/ExaudiNoticias\/","https:\/\/www.instagram.com\/exaudi_noticias\/","https:\/\/x.com\/Exaudi_noticias","https:\/\/www.youtube.com\/@exaudicatholicnews"],"url":"https:\/\/exaudi.org\/es\/author\/redaccionexaudi\/"}]}},"jetpack_featured_media_url":"https:\/\/exaudi.org\/wp-content\/uploads\/2025\/05\/497274592_17846551581473586_7344026589547326651_n-e1747309737892.jpg","jetpack_shortlink":"https:\/\/wp.me\/pgKjF2-wOf","_links":{"self":[{"href":"https:\/\/exaudi.org\/es\/wp-json\/wp\/v2\/posts\/126123","targetHints":{"allow":["GET"]}}],"collection":[{"href":"https:\/\/exaudi.org\/es\/wp-json\/wp\/v2\/posts"}],"about":[{"href":"https:\/\/exaudi.org\/es\/wp-json\/wp\/v2\/types\/post"}],"author":[{"embeddable":true,"href":"https:\/\/exaudi.org\/es\/wp-json\/wp\/v2\/users\/15"}],"replies":[{"embeddable":true,"href":"https:\/\/exaudi.org\/es\/wp-json\/wp\/v2\/comments?post=126123"}],"version-history":[{"count":0,"href":"https:\/\/exaudi.org\/es\/wp-json\/wp\/v2\/posts\/126123\/revisions"}],"wp:featuredmedia":[{"embeddable":true,"href":"https:\/\/exaudi.org\/es\/wp-json\/wp\/v2\/media\/126124"}],"wp:attachment":[{"href":"https:\/\/exaudi.org\/es\/wp-json\/wp\/v2\/media?parent=126123"}],"wp:term":[{"taxonomy":"category","embeddable":true,"href":"https:\/\/exaudi.org\/es\/wp-json\/wp\/v2\/categories?post=126123"},{"taxonomy":"post_tag","embeddable":true,"href":"https:\/\/exaudi.org\/es\/wp-json\/wp\/v2\/tags?post=126123"}],"curies":[{"name":"wp","href":"https:\/\/api.w.org\/{rel}","templated":true}]}}